{"id":65681,"date":"2025-07-09T12:20:10","date_gmt":"2025-07-09T10:20:10","guid":{"rendered":"https:\/\/www.revistarambla.com\/?p=65681"},"modified":"2025-07-09T12:20:10","modified_gmt":"2025-07-09T10:20:10","slug":"100-dies-en-vaga-de-lloguers-per-lhabitatge-public-davant-les-amenaces-de-la-caixa-les-68-llars-segueixen-fermes","status":"publish","type":"post","link":"https:\/\/www.revistarambla.com\/en\/100-dies-en-vaga-de-lloguers-per-lhabitatge-public-davant-les-amenaces-de-la-caixa-les-68-llars-segueixen-fermes\/","title":{"rendered":"100 dies en vaga de lloguers per l\u2019habitatge p\u00fablic: davant les amenaces de La Caixa, les 68 llars segueixen fermes"},"content":{"rendered":"<p>Avui\u00a0 es compleixen <b>100 dies de vaga de lloguer<\/b>s per part de 68 fam\u00edlies de Sitges, Banyoles, Sentmenat i Palau-solit\u00e0 i Plegamans. Les vaguistes, organitzades amb el Sindicat de Llogateres, han decidit plantar-se davant les expulsions de La Caixa i lluiten perqu\u00e8 <b>tots els habitatges protegits d\u2019aquest gran tenidor es mantinguin com a parc p\u00fablic per sempre<\/b>.<\/p>\n<p dir=\"ltr\">Els pisos que habiten formen part de les <b>38 promocions d\u2019habitatge protegit que La Caixa va construir amb ajudes p\u00fabliques i sovint en s\u00f2l p\u00fablic<\/b> a trav\u00e9s de l\u2019Obra Social. Durant anys, aquestes fam\u00edlies han denunciat <b>preus inflats, cl\u00e0usules abusives, manca de manteniment i assetjament<\/b> immobiliari. Ara, La Caixa, a trav\u00e9s de la seva immobili\u00e0ria <b>InmoCriteria, els vol fer fora <\/b>per vendre\u2019s els pisos al millor postor.<\/p>\n<p dir=\"ltr\">Des del mes d\u2019abril, les fam\u00edlies han deixat de pagar a La Caixa i dipositen les rendes en un compte com\u00fa. A dia d\u2019avui, ja <b>han retingut m\u00e9s de 120.000 \u20ac<\/b>, una xifra que no pensen entregar fins que l\u2019entitat no s\u2019assegui a negociar. La Caixa no respon amb di\u00e0leg, sin\u00f3 amb <b>assetjament sistem\u00e0tic a les vaguistes<\/b>: desenes de correus i cartes amena\u00e7adores, trucades a totes hores, fins i tot de matinada.<\/p>\n<h3>Exig\u00e8ncies clares: ni una expulsi\u00f3 m\u00e9s i habitatge protegit per sempre<\/h3>\n<p dir=\"ltr\">Les vaguistes tenen tres demandes clares: <b>aturar totes les expulsions i els processos judicials contra els llogaters<\/b>, obrir una<b> taula de negociaci\u00f3 amb La Caixa <\/b>i que la <b>Generalitat adquireixi els pisos a trav\u00e9s de l\u2019Incas\u00f2l<\/b> i els incorpori al parc p\u00fablic.<\/p>\n<p dir=\"ltr\">Denuncien que, mentre el <b>Govern promet 50.000 habitatges<\/b> protegits nous, <b>en 10 anys se n\u2019hauran perdut 40.000<\/b>. Per aix\u00f2 volen que tot l\u2019habitatge protegit propietat de La Caixa<b> passi a ser p\u00fablic per sempre<\/b>. Gr\u00e0cies a la seva lluita, l\u2019agost de l\u2019any passat es va anunciar l\u2019adquisici\u00f3 de 8 de les 38 promocions per part de l\u2019Incas\u00f2l, despr\u00e9s de 3 anys de mobilitzacions i accions coordinades entre les llogateres de diverses promocions. Les llogateres, per\u00f2, estan disposades a lluitar fins que el 100% dels habitatges passin a titularitat p\u00fablica.<\/p>\n<h3>La vaga continua creixent i rep suports arreu<\/h3>\n<p dir=\"ltr\">Durant aquests quatre mesos, la vaga ha continuat sumant llars i ha rebut un ampli suport social i institucional. A finals de juny, m\u00e9s de<b> 3.600 entitats <\/b>socials, ve\u00efnals, sindicals i juvenils van fer p\u00fablic un manifest sota el t\u00edtol \u201cEn defensa de l\u2019habitatge protegit\u201d, en qu\u00e8 exigien al Govern que actu\u00ef per evitar la seva privatitzaci\u00f3. Tamb\u00e9 m\u00e9s d\u2019<b>una desena d\u2019ajuntaments<\/b>, entre ells el de Barcelona, han aprovat mocions de suport a les vaguistes i han reclamat al Govern que compri els pisos per incorporar-los al parc p\u00fablic. A m\u00e9s, l\u2019enorme solidaritat queda reflexada a la caixa de resist\u00e8ncia creada gr\u00e0cies a un conveni de col\u00b7laboraci\u00f3 amb la Fundaci\u00f3 Coop57 i que ja reuneix m\u00e9s de 35.000\u20ac en donacions que es destinaran a cobrir despeses legals i portar a La Caixa a judici. A m\u00e9s, durant els \u00faltims mesos s&#8217;han fet una quinzena d&#8217;actes de suport arreu el territori, l&#8217;\u00faltim amb col\u00b7laboraci\u00f3 amb el Consell de Joventut de Barcelona i la participaci\u00f3 d&#8217;artistes de renom del panorama musical catal\u00e0.<\/p>\n<h3>La vaga tamb\u00e9 es guanyar\u00e0 als tribunals<\/h3>\n<p>Davant la inacci\u00f3 i les pr\u00e0ctiques abusives de La Caixa, les vaguistes i el Sindicat de Llogateres han interposat diverses accions legals. L\u2019ultima, una demanda col\u00b7lectiva presentada al jutjat de Barcelona reclama la devoluci\u00f3 de l\u2019IBI cobrat indegudament i l\u2019anul\u00b7laci\u00f3 d\u2019aquesta cl\u00e0usula abusiva. La demanda, que ja compta amb 68 llars adherides, podria arribar fins a 1850 fam\u00edlies i 10 milions d\u2019euros reclamats.<\/p>\n<h3>100 dies de vaga i m\u00e9s fortes que mai<\/h3>\n<p>La Caixa pot enviar totes les amenaces que vulgui: les vaguistes no tenen por. S\u00f3n 100 dies de lluita per defensar un principi fonamental: l\u2019habitatge protegit ha de ser p\u00fablic i protegit per sempre.<\/p>","protected":false},"excerpt":{"rendered":"<p>Avui\u00a0 es compleixen 100 dies de vaga de lloguers per part de 68 fam\u00edlies de Sitges, Banyoles, Sentmenat i Palau-solit\u00e0 i Plegamans. Les vaguistes, organitzades amb el Sindicat de Llogateres, han decidit plantar-se davant les expulsions de La Caixa i lluiten perqu\u00e8 tots els habitatges protegits d\u2019aquest gran tenidor es [&hellip;]<\/p>\n","protected":false},"author":328,"featured_media":6669,"comment_status":"closed","ping_status":"closed","sticky":false,"template":"","format":"standard","meta":{"footnotes":""},"categories":[4079],"tags":[],"class_list":["post-65681","post","type-post","status-publish","format-standard","has-post-thumbnail","hentry","category-tribuna-libre"],"yoast_head":"<!-- This site is optimized with the Yoast SEO plugin v27.5 - https:\/\/yoast.com\/product\/yoast-seo-wordpress\/ -->\n<title>100 dies en vaga de lloguers per l\u2019habitatge p\u00fablic: davant les amenaces de La Caixa, les 68 llars segueixen fermes - Revista Rambla<\/title>\n<meta name=\"robots\" content=\"index, follow, max-snippet:-1, max-image-preview:large, max-video-preview:-1\" \/>\n<link rel=\"canonical\" href=\"https:\/\/www.revistarambla.com\/en\/100-dies-en-vaga-de-lloguers-per-lhabitatge-public-davant-les-amenaces-de-la-caixa-les-68-llars-segueixen-fermes\/\" \/>\n<meta property=\"og:locale\" content=\"en_GB\" \/>\n<meta property=\"og:type\" content=\"article\" \/>\n<meta property=\"og:title\" content=\"100 dies en vaga de lloguers per l\u2019habitatge p\u00fablic: davant les amenaces de La Caixa, les 68 llars segueixen fermes - Revista Rambla\" \/>\n<meta property=\"og:description\" content=\"Avui\u00a0 es compleixen 100 dies de vaga de lloguers per part de 68 fam\u00edlies de Sitges, Banyoles, Sentmenat i Palau-solit\u00e0 i Plegamans. Les vaguistes, organitzades amb el Sindicat de Llogateres, han decidit plantar-se davant les expulsions de La Caixa i lluiten perqu\u00e8 tots els habitatges protegits d\u2019aquest gran tenidor es [&hellip;]\" \/>\n<meta property=\"og:url\" content=\"https:\/\/www.revistarambla.com\/en\/100-dies-en-vaga-de-lloguers-per-lhabitatge-public-davant-les-amenaces-de-la-caixa-les-68-llars-segueixen-fermes\/\" \/>\n<meta property=\"og:site_name\" content=\"Revista Rambla\" \/>\n<meta property=\"article:publisher\" content=\"https:\/\/www.facebook.com\/revistarambla\/\" \/>\n<meta property=\"article:author\" content=\"https:\/\/www.facebook.com\/SindicatLloguer\/\" \/>\n<meta property=\"article:published_time\" content=\"2025-07-09T10:20:10+00:00\" \/>\n<meta property=\"og:image\" content=\"https:\/\/www.revistarambla.com\/wp-content\/uploads\/2015\/01\/Caixa_revrambla03.jpg\" \/>\n\t<meta property=\"og:image:width\" content=\"700\" \/>\n\t<meta property=\"og:image:height\" content=\"450\" \/>\n\t<meta property=\"og:image:type\" content=\"image\/jpeg\" \/>\n<meta name=\"author\" content=\"Sindicat de Llogateres\" \/>\n<meta name=\"twitter:card\" content=\"summary_large_image\" \/>\n<meta name=\"twitter:creator\" content=\"@sindicatlloguer\" \/>\n<meta name=\"twitter:site\" content=\"@revistarambla\" \/>\n<meta name=\"twitter:label1\" content=\"Written by\" \/>\n\t<meta name=\"twitter:data1\" content=\"Sindicat de Llogateres\" \/>\n\t<meta name=\"twitter:label2\" content=\"Estimated reading time\" \/>\n\t<meta name=\"twitter:data2\" content=\"4 minutes\" \/>\n<script type=\"application\/ld+json\" class=\"yoast-schema-graph\">{\"@context\":\"https:\\\/\\\/schema.org\",\"@graph\":[{\"@type\":\"Article\",\"@id\":\"https:\\\/\\\/www.revistarambla.com\\\/100-dies-en-vaga-de-lloguers-per-lhabitatge-public-davant-les-amenaces-de-la-caixa-les-68-llars-segueixen-fermes\\\/#article\",\"isPartOf\":{\"@id\":\"https:\\\/\\\/www.revistarambla.com\\\/100-dies-en-vaga-de-lloguers-per-lhabitatge-public-davant-les-amenaces-de-la-caixa-les-68-llars-segueixen-fermes\\\/\"},\"author\":{\"name\":\"Sindicat de Llogateres\",\"@id\":\"https:\\\/\\\/www.revistarambla.com\\\/#\\\/schema\\\/person\\\/cdb47f1b20cae4529e0d80b9b620ee26\"},\"headline\":\"100 dies en vaga de lloguers per l\u2019habitatge p\u00fablic: davant les amenaces de La Caixa, les 68 llars segueixen fermes\",\"datePublished\":\"2025-07-09T10:20:10+00:00\",\"mainEntityOfPage\":{\"@id\":\"https:\\\/\\\/www.revistarambla.com\\\/100-dies-en-vaga-de-lloguers-per-lhabitatge-public-davant-les-amenaces-de-la-caixa-les-68-llars-segueixen-fermes\\\/\"},\"wordCount\":705,\"publisher\":{\"@id\":\"https:\\\/\\\/www.revistarambla.com\\\/#organization\"},\"image\":{\"@id\":\"https:\\\/\\\/www.revistarambla.com\\\/100-dies-en-vaga-de-lloguers-per-lhabitatge-public-davant-les-amenaces-de-la-caixa-les-68-llars-segueixen-fermes\\\/#primaryimage\"},\"thumbnailUrl\":\"https:\\\/\\\/www.revistarambla.com\\\/wp-content\\\/uploads\\\/2015\\\/01\\\/Caixa_revrambla03.jpg\",\"articleSection\":[\"Tribuna Libre\"],\"inLanguage\":\"en-GB\"},{\"@type\":\"WebPage\",\"@id\":\"https:\\\/\\\/www.revistarambla.com\\\/100-dies-en-vaga-de-lloguers-per-lhabitatge-public-davant-les-amenaces-de-la-caixa-les-68-llars-segueixen-fermes\\\/\",\"url\":\"https:\\\/\\\/www.revistarambla.com\\\/100-dies-en-vaga-de-lloguers-per-lhabitatge-public-davant-les-amenaces-de-la-caixa-les-68-llars-segueixen-fermes\\\/\",\"name\":\"100 dies en vaga de lloguers per l\u2019habitatge p\u00fablic: davant les amenaces de La Caixa, les 68 llars segueixen fermes - Revista Rambla\",\"isPartOf\":{\"@id\":\"https:\\\/\\\/www.revistarambla.com\\\/#website\"},\"primaryImageOfPage\":{\"@id\":\"https:\\\/\\\/www.revistarambla.com\\\/100-dies-en-vaga-de-lloguers-per-lhabitatge-public-davant-les-amenaces-de-la-caixa-les-68-llars-segueixen-fermes\\\/#primaryimage\"},\"image\":{\"@id\":\"https:\\\/\\\/www.revistarambla.com\\\/100-dies-en-vaga-de-lloguers-per-lhabitatge-public-davant-les-amenaces-de-la-caixa-les-68-llars-segueixen-fermes\\\/#primaryimage\"},\"thumbnailUrl\":\"https:\\\/\\\/www.revistarambla.com\\\/wp-content\\\/uploads\\\/2015\\\/01\\\/Caixa_revrambla03.jpg\",\"datePublished\":\"2025-07-09T10:20:10+00:00\",\"breadcrumb\":{\"@id\":\"https:\\\/\\\/www.revistarambla.com\\\/100-dies-en-vaga-de-lloguers-per-lhabitatge-public-davant-les-amenaces-de-la-caixa-les-68-llars-segueixen-fermes\\\/#breadcrumb\"},\"inLanguage\":\"en-GB\",\"potentialAction\":[{\"@type\":\"ReadAction\",\"target\":[\"https:\\\/\\\/www.revistarambla.com\\\/100-dies-en-vaga-de-lloguers-per-lhabitatge-public-davant-les-amenaces-de-la-caixa-les-68-llars-segueixen-fermes\\\/\"]}]},{\"@type\":\"ImageObject\",\"inLanguage\":\"en-GB\",\"@id\":\"https:\\\/\\\/www.revistarambla.com\\\/100-dies-en-vaga-de-lloguers-per-lhabitatge-public-davant-les-amenaces-de-la-caixa-les-68-llars-segueixen-fermes\\\/#primaryimage\",\"url\":\"https:\\\/\\\/www.revistarambla.com\\\/wp-content\\\/uploads\\\/2015\\\/01\\\/Caixa_revrambla03.jpg\",\"contentUrl\":\"https:\\\/\\\/www.revistarambla.com\\\/wp-content\\\/uploads\\\/2015\\\/01\\\/Caixa_revrambla03.jpg\",\"width\":700,\"height\":450,\"caption\":\"Criteria Caixa vaga de lloguers per l\u2019habitatge p\u00fablic\"},{\"@type\":\"BreadcrumbList\",\"@id\":\"https:\\\/\\\/www.revistarambla.com\\\/100-dies-en-vaga-de-lloguers-per-lhabitatge-public-davant-les-amenaces-de-la-caixa-les-68-llars-segueixen-fermes\\\/#breadcrumb\",\"itemListElement\":[{\"@type\":\"ListItem\",\"position\":1,\"name\":\"Portada\",\"item\":\"https:\\\/\\\/www.revistarambla.com\\\/\"},{\"@type\":\"ListItem\",\"position\":2,\"name\":\"100 dies en vaga de lloguers per l\u2019habitatge p\u00fablic: davant les amenaces de La Caixa, les 68 llars segueixen fermes\"}]},{\"@type\":\"WebSite\",\"@id\":\"https:\\\/\\\/www.revistarambla.com\\\/#website\",\"url\":\"https:\\\/\\\/www.revistarambla.com\\\/\",\"name\":\"Revista Rambla Barcelona\",\"description\":\"Periodismo independiente\",\"publisher\":{\"@id\":\"https:\\\/\\\/www.revistarambla.com\\\/#organization\"},\"potentialAction\":[{\"@type\":\"SearchAction\",\"target\":{\"@type\":\"EntryPoint\",\"urlTemplate\":\"https:\\\/\\\/www.revistarambla.com\\\/?s={search_term_string}\"},\"query-input\":{\"@type\":\"PropertyValueSpecification\",\"valueRequired\":true,\"valueName\":\"search_term_string\"}}],\"inLanguage\":\"en-GB\"},{\"@type\":\"Organization\",\"@id\":\"https:\\\/\\\/www.revistarambla.com\\\/#organization\",\"name\":\"Revista Rambla\",\"url\":\"https:\\\/\\\/www.revistarambla.com\\\/\",\"logo\":{\"@type\":\"ImageObject\",\"inLanguage\":\"en-GB\",\"@id\":\"https:\\\/\\\/www.revistarambla.com\\\/#\\\/schema\\\/logo\\\/image\\\/\",\"url\":\"https:\\\/\\\/www.revistarambla.com\\\/wp-content\\\/uploads\\\/2020\\\/09\\\/banner_rambla_1900x600_BB.png\",\"contentUrl\":\"https:\\\/\\\/www.revistarambla.com\\\/wp-content\\\/uploads\\\/2020\\\/09\\\/banner_rambla_1900x600_BB.png\",\"width\":1900,\"height\":600,\"caption\":\"Revista Rambla\"},\"image\":{\"@id\":\"https:\\\/\\\/www.revistarambla.com\\\/#\\\/schema\\\/logo\\\/image\\\/\"},\"sameAs\":[\"https:\\\/\\\/www.facebook.com\\\/revistarambla\\\/\",\"https:\\\/\\\/x.com\\\/revistarambla\",\"https:\\\/\\\/www.instagram.com\\\/revista_rambla\",\"https:\\\/\\\/es.linkedin.com\\\/company\\\/revista-rambla\"]},{\"@type\":\"Person\",\"@id\":\"https:\\\/\\\/www.revistarambla.com\\\/#\\\/schema\\\/person\\\/cdb47f1b20cae4529e0d80b9b620ee26\",\"name\":\"Sindicat de Llogateres\",\"description\":\"Protegim el dret a l'habitatge. Millorem la vida de la gent. Ajuda'ns a seguir canviant les coses i suma-t'hi.\",\"sameAs\":[\"http:\\\/\\\/sindicatdellogateres.org\\\/\",\"https:\\\/\\\/www.facebook.com\\\/SindicatLloguer\\\/\",\"https:\\\/\\\/x.com\\\/sindicatlloguer\"]}]}<\/script>\n<!-- \/ Yoast SEO plugin. -->","yoast_head_json":{"title":"100 dies en vaga de lloguers per l\u2019habitatge p\u00fablic: davant les amenaces de La Caixa, les 68 llars segueixen fermes - Revista Rambla","robots":{"index":"index","follow":"follow","max-snippet":"max-snippet:-1","max-image-preview":"max-image-preview:large","max-video-preview":"max-video-preview:-1"},"canonical":"https:\/\/www.revistarambla.com\/en\/100-dies-en-vaga-de-lloguers-per-lhabitatge-public-davant-les-amenaces-de-la-caixa-les-68-llars-segueixen-fermes\/","og_locale":"en_GB","og_type":"article","og_title":"100 dies en vaga de lloguers per l\u2019habitatge p\u00fablic: davant les amenaces de La Caixa, les 68 llars segueixen fermes - Revista Rambla","og_description":"Avui\u00a0 es compleixen 100 dies de vaga de lloguers per part de 68 fam\u00edlies de Sitges, Banyoles, Sentmenat i Palau-solit\u00e0 i Plegamans. Les vaguistes, organitzades amb el Sindicat de Llogateres, han decidit plantar-se davant les expulsions de La Caixa i lluiten perqu\u00e8 tots els habitatges protegits d\u2019aquest gran tenidor es [&hellip;]","og_url":"https:\/\/www.revistarambla.com\/en\/100-dies-en-vaga-de-lloguers-per-lhabitatge-public-davant-les-amenaces-de-la-caixa-les-68-llars-segueixen-fermes\/","og_site_name":"Revista Rambla","article_publisher":"https:\/\/www.facebook.com\/revistarambla\/","article_author":"https:\/\/www.facebook.com\/SindicatLloguer\/","article_published_time":"2025-07-09T10:20:10+00:00","og_image":[{"width":700,"height":450,"url":"https:\/\/www.revistarambla.com\/wp-content\/uploads\/2015\/01\/Caixa_revrambla03.jpg","type":"image\/jpeg"}],"author":"Sindicat de Llogateres","twitter_card":"summary_large_image","twitter_creator":"@sindicatlloguer","twitter_site":"@revistarambla","twitter_misc":{"Written by":"Sindicat de Llogateres","Estimated reading time":"4 minutes"},"schema":{"@context":"https:\/\/schema.org","@graph":[{"@type":"Article","@id":"https:\/\/www.revistarambla.com\/100-dies-en-vaga-de-lloguers-per-lhabitatge-public-davant-les-amenaces-de-la-caixa-les-68-llars-segueixen-fermes\/#article","isPartOf":{"@id":"https:\/\/www.revistarambla.com\/100-dies-en-vaga-de-lloguers-per-lhabitatge-public-davant-les-amenaces-de-la-caixa-les-68-llars-segueixen-fermes\/"},"author":{"name":"Sindicat de Llogateres","@id":"https:\/\/www.revistarambla.com\/#\/schema\/person\/cdb47f1b20cae4529e0d80b9b620ee26"},"headline":"100 dies en vaga de lloguers per l\u2019habitatge p\u00fablic: davant les amenaces de La Caixa, les 68 llars segueixen fermes","datePublished":"2025-07-09T10:20:10+00:00","mainEntityOfPage":{"@id":"https:\/\/www.revistarambla.com\/100-dies-en-vaga-de-lloguers-per-lhabitatge-public-davant-les-amenaces-de-la-caixa-les-68-llars-segueixen-fermes\/"},"wordCount":705,"publisher":{"@id":"https:\/\/www.revistarambla.com\/#organization"},"image":{"@id":"https:\/\/www.revistarambla.com\/100-dies-en-vaga-de-lloguers-per-lhabitatge-public-davant-les-amenaces-de-la-caixa-les-68-llars-segueixen-fermes\/#primaryimage"},"thumbnailUrl":"https:\/\/www.revistarambla.com\/wp-content\/uploads\/2015\/01\/Caixa_revrambla03.jpg","articleSection":["Tribuna Libre"],"inLanguage":"en-GB"},{"@type":"WebPage","@id":"https:\/\/www.revistarambla.com\/100-dies-en-vaga-de-lloguers-per-lhabitatge-public-davant-les-amenaces-de-la-caixa-les-68-llars-segueixen-fermes\/","url":"https:\/\/www.revistarambla.com\/100-dies-en-vaga-de-lloguers-per-lhabitatge-public-davant-les-amenaces-de-la-caixa-les-68-llars-segueixen-fermes\/","name":"100 dies en vaga de lloguers per l\u2019habitatge p\u00fablic: davant les amenaces de La Caixa, les 68 llars segueixen fermes - Revista Rambla","isPartOf":{"@id":"https:\/\/www.revistarambla.com\/#website"},"primaryImageOfPage":{"@id":"https:\/\/www.revistarambla.com\/100-dies-en-vaga-de-lloguers-per-lhabitatge-public-davant-les-amenaces-de-la-caixa-les-68-llars-segueixen-fermes\/#primaryimage"},"image":{"@id":"https:\/\/www.revistarambla.com\/100-dies-en-vaga-de-lloguers-per-lhabitatge-public-davant-les-amenaces-de-la-caixa-les-68-llars-segueixen-fermes\/#primaryimage"},"thumbnailUrl":"https:\/\/www.revistarambla.com\/wp-content\/uploads\/2015\/01\/Caixa_revrambla03.jpg","datePublished":"2025-07-09T10:20:10+00:00","breadcrumb":{"@id":"https:\/\/www.revistarambla.com\/100-dies-en-vaga-de-lloguers-per-lhabitatge-public-davant-les-amenaces-de-la-caixa-les-68-llars-segueixen-fermes\/#breadcrumb"},"inLanguage":"en-GB","potentialAction":[{"@type":"ReadAction","target":["https:\/\/www.revistarambla.com\/100-dies-en-vaga-de-lloguers-per-lhabitatge-public-davant-les-amenaces-de-la-caixa-les-68-llars-segueixen-fermes\/"]}]},{"@type":"ImageObject","inLanguage":"en-GB","@id":"https:\/\/www.revistarambla.com\/100-dies-en-vaga-de-lloguers-per-lhabitatge-public-davant-les-amenaces-de-la-caixa-les-68-llars-segueixen-fermes\/#primaryimage","url":"https:\/\/www.revistarambla.com\/wp-content\/uploads\/2015\/01\/Caixa_revrambla03.jpg","contentUrl":"https:\/\/www.revistarambla.com\/wp-content\/uploads\/2015\/01\/Caixa_revrambla03.jpg","width":700,"height":450,"caption":"Criteria Caixa vaga de lloguers per l\u2019habitatge p\u00fablic"},{"@type":"BreadcrumbList","@id":"https:\/\/www.revistarambla.com\/100-dies-en-vaga-de-lloguers-per-lhabitatge-public-davant-les-amenaces-de-la-caixa-les-68-llars-segueixen-fermes\/#breadcrumb","itemListElement":[{"@type":"ListItem","position":1,"name":"Portada","item":"https:\/\/www.revistarambla.com\/"},{"@type":"ListItem","position":2,"name":"100 dies en vaga de lloguers per l\u2019habitatge p\u00fablic: davant les amenaces de La Caixa, les 68 llars segueixen fermes"}]},{"@type":"WebSite","@id":"https:\/\/www.revistarambla.com\/#website","url":"https:\/\/www.revistarambla.com\/","name":"Revista Rambla Barcelona","description":"Periodismo independiente","publisher":{"@id":"https:\/\/www.revistarambla.com\/#organization"},"potentialAction":[{"@type":"SearchAction","target":{"@type":"EntryPoint","urlTemplate":"https:\/\/www.revistarambla.com\/?s={search_term_string}"},"query-input":{"@type":"PropertyValueSpecification","valueRequired":true,"valueName":"search_term_string"}}],"inLanguage":"en-GB"},{"@type":"Organization","@id":"https:\/\/www.revistarambla.com\/#organization","name":"Revista Rambla","url":"https:\/\/www.revistarambla.com\/","logo":{"@type":"ImageObject","inLanguage":"en-GB","@id":"https:\/\/www.revistarambla.com\/#\/schema\/logo\/image\/","url":"https:\/\/www.revistarambla.com\/wp-content\/uploads\/2020\/09\/banner_rambla_1900x600_BB.png","contentUrl":"https:\/\/www.revistarambla.com\/wp-content\/uploads\/2020\/09\/banner_rambla_1900x600_BB.png","width":1900,"height":600,"caption":"Revista Rambla"},"image":{"@id":"https:\/\/www.revistarambla.com\/#\/schema\/logo\/image\/"},"sameAs":["https:\/\/www.facebook.com\/revistarambla\/","https:\/\/x.com\/revistarambla","https:\/\/www.instagram.com\/revista_rambla","https:\/\/es.linkedin.com\/company\/revista-rambla"]},{"@type":"Person","@id":"https:\/\/www.revistarambla.com\/#\/schema\/person\/cdb47f1b20cae4529e0d80b9b620ee26","name":"Sindicat de Llogateres","description":"Protegim el dret a l'habitatge. Millorem la vida de la gent. Ajuda'ns a seguir canviant les coses i suma-t'hi.","sameAs":["http:\/\/sindicatdellogateres.org\/","https:\/\/www.facebook.com\/SindicatLloguer\/","https:\/\/x.com\/sindicatlloguer"]}]}},"_links":{"self":[{"href":"https:\/\/www.revistarambla.com\/en\/wp-json\/wp\/v2\/posts\/65681","targetHints":{"allow":["GET"]}}],"collection":[{"href":"https:\/\/www.revistarambla.com\/en\/wp-json\/wp\/v2\/posts"}],"about":[{"href":"https:\/\/www.revistarambla.com\/en\/wp-json\/wp\/v2\/types\/post"}],"author":[{"embeddable":true,"href":"https:\/\/www.revistarambla.com\/en\/wp-json\/wp\/v2\/users\/328"}],"replies":[{"embeddable":true,"href":"https:\/\/www.revistarambla.com\/en\/wp-json\/wp\/v2\/comments?post=65681"}],"version-history":[{"count":1,"href":"https:\/\/www.revistarambla.com\/en\/wp-json\/wp\/v2\/posts\/65681\/revisions"}],"predecessor-version":[{"id":65682,"href":"https:\/\/www.revistarambla.com\/en\/wp-json\/wp\/v2\/posts\/65681\/revisions\/65682"}],"wp:featuredmedia":[{"embeddable":true,"href":"https:\/\/www.revistarambla.com\/en\/wp-json\/wp\/v2\/media\/6669"}],"wp:attachment":[{"href":"https:\/\/www.revistarambla.com\/en\/wp-json\/wp\/v2\/media?parent=65681"}],"wp:term":[{"taxonomy":"category","embeddable":true,"href":"https:\/\/www.revistarambla.com\/en\/wp-json\/wp\/v2\/categories?post=65681"},{"taxonomy":"post_tag","embeddable":true,"href":"https:\/\/www.revistarambla.com\/en\/wp-json\/wp\/v2\/tags?post=65681"}],"curies":[{"name":"wp","href":"https:\/\/api.w.org\/{rel}","templated":true}]}}