{"id":65676,"date":"2025-07-07T13:31:39","date_gmt":"2025-07-07T11:31:39","guid":{"rendered":"https:\/\/www.revistarambla.com\/?p=65676"},"modified":"2025-07-07T13:31:39","modified_gmt":"2025-07-07T11:31:39","slug":"merce-march-la-chispa-del-underground-barcelones","status":"publish","type":"post","link":"https:\/\/www.revistarambla.com\/en\/merce-march-la-chispa-del-underground-barcelones\/","title":{"rendered":"Merc\u00e8 March: La chispa del underground barcelon\u00e9s"},"content":{"rendered":"<p>La escena cultural de Barcelona est\u00e1 de luto tras la muerte de Merc\u00e8 March, conocida como Memi, el pasado 6 de julio de 2025, a causa de un ictus. Memi, figura clave del movimiento underground catal\u00e1n, fue una de las fundadoras del m\u00edtico espacio cultural Heliog\u00e0bal en el barrio de Gr\u00e0cia y compa\u00f1era inseparable del m\u00fasico y poeta Pau Riba durante casi tres d\u00e9cadas. Su partida deja un vac\u00edo en la comunidad art\u00edstica, pero su legado como impulsora de la cultura alternativa y su esp\u00edritu indomable perdurar\u00e1n en la memoria de quienes la conocieron y en los espacios que ayud\u00f3 a construir.<\/p>\n<h2>Una vida dedicada al arte y la contracultura<\/h2>\n<p>Merc\u00e8 March, nacida en Barcelona, fue mucho m\u00e1s que una figura en la sombra del panorama art\u00edstico catal\u00e1n. Aunque su nombre no siempre ocup\u00f3 los titulares, su influencia fue fundamental en la configuraci\u00f3n de una escena cultural que desafi\u00f3 las convenciones comerciales y abraz\u00f3 la experimentaci\u00f3n, la libertad y la autenticidad. Memi era una artista polifac\u00e9tica, una visionaria que viv\u00eda el arte como un acto de resistencia y comunidad. Su trabajo, tanto en la creaci\u00f3n como en la promoci\u00f3n de artistas emergentes, reson\u00f3 en los c\u00edrculos underground de Barcelona durante d\u00e9cadas.<\/p>\n<p>March se destac\u00f3 por su capacidad para conectar personas, ideas y proyectos. En los a\u00f1os 90, junto a un grupo de c\u00f3mplices culturales, fund\u00f3 el Heliog\u00e0bal, un espacio en el coraz\u00f3n de Gr\u00e0cia que se convirti\u00f3 en un refugio para m\u00fasicos, poetas, artistas visuales y performers que buscaban un lugar donde expresar su creatividad sin las restricciones del circuito comercial. Este local, descrito por muchos como un \u201ctemplo de la contracultura\u201d, fue el escenario de innumerables noches de poes\u00eda, conciertos improvisados y exposiciones que desafiaban las normas establecidas.<\/p>\n<p>El Heliog\u00e0bal no solo fue un espacio f\u00edsico, sino tambi\u00e9n un s\u00edmbolo de la resistencia cultural en una ciudad que, en los \u00faltimos a\u00f1os, ha enfrentado cr\u00edticas por la gentrificaci\u00f3n y el turismo masivo. Como se\u00f1ala un art\u00edculo reciente sobre el esp\u00edritu de Barcelona, la ciudad \u201csusurra secretos centenarios a quienes recorren sus calles laber\u00ednticas\u201d, y Memi fue una de las guardianas de esos secretos, manteniendo viva la esencia de una Barcelona creativa y rebelde.<\/p>\n<h2>El Heliog\u00e0bal: Un faro de la cultura alternativa<\/h2>\n<p>La sala Heliog\u00e0bal, ubicada en el barrio de Gr\u00e0cia, es quiz\u00e1s el legado m\u00e1s tangible de Merc\u00e8 March. Fundada en 1995, esta sala se convirti\u00f3 r\u00e1pidamente en un epicentro de la escena underground barcelonesa. Con un aforo modesto pero una energ\u00eda desbordante, el espacio acogi\u00f3 a artistas que, de otra manera, habr\u00edan quedado al margen de los grandes escenarios. Desde m\u00fasicos experimentales hasta poetas subversivos, Heliog\u00e0bal ofrec\u00eda un escenario donde la creatividad no ten\u00eda l\u00edmites.<\/p>\n<p>Memi no solo fue una de las fundadoras, sino tambi\u00e9n el alma del proyecto. Su visi\u00f3n era clara: crear un lugar donde los artistas pudieran sentirse libres para experimentar, fallar y volver a intentarlo. En un contexto en el que los espacios culturales independientes han luchado por sobrevivir frente a la presi\u00f3n econ\u00f3mica y la burocracia, Heliog\u00e0bal se mantuvo como un basti\u00f3n de resistencia. Seg\u00fan posts recientes en X, la sala es considerada \u201cuno de los espacios m\u00e1s emblem\u00e1ticos fuera del circuito comercial\u201d.<\/p>\n<p>El impacto de Heliog\u00e0bal trasciende las fronteras de Barcelona. Artistas de toda Catalu\u00f1a y m\u00e1s all\u00e1 encontraron en este espacio una plataforma para dar a conocer su trabajo. La programaci\u00f3n de la sala, ecl\u00e9ctica y arriesgada, abarcaba desde conciertos de rock alternativo hasta recitales de poes\u00eda y performances interdisciplinarias. Para muchos, asistir a un evento en Heliog\u00e0bal era como entrar en un mundo paralelo, donde las reglas del mainstream no aplicaban y la creatividad reinaba sin restricciones.<\/p>\n<h2>La relaci\u00f3n con Pau Riba: Una colaboraci\u00f3n de vida y arte<\/h2>\n<p>Merc\u00e8 March comparti\u00f3 casi 30 a\u00f1os de su vida con Pau Riba, una de las figuras m\u00e1s ic\u00f3nicas de la m\u00fasica y la poes\u00eda catalana. Juntos formaron una dupla inseparable, no solo en lo personal sino tambi\u00e9n en lo creativo. Riba, conocido por su estilo psicod\u00e9lico y su compromiso con la contracultura, encontr\u00f3 en Memi una compa\u00f1era que compart\u00eda su visi\u00f3n de un arte libre y sin concesiones. Su relaci\u00f3n fue descrita por amigos y colegas como una uni\u00f3n de almas rebeldes, unidas por el amor y la pasi\u00f3n por transformar el mundo a trav\u00e9s del arte.<\/p>\n<p>Aunque Memi prefer\u00eda mantenerse en un segundo plano, su influencia en el trabajo de Riba fue innegable. Ella no solo fue su musa, sino tambi\u00e9n una colaboradora activa en muchos de sus proyectos. Juntos organizaron eventos, performances y happenings que desafiaban las convenciones de la \u00e9poca. Su hogar en Gr\u00e0cia era un punto de encuentro para artistas, m\u00fasicos y escritores, un lugar donde las ideas flu\u00edan libremente y donde nacieron muchas de las iniciativas que dieron forma al underground barcelon\u00e9s.<\/p>\n<p>Tras la muerte de Pau Riba en 2022, Memi continu\u00f3 su labor en Heliog\u00e0bal y en la promoci\u00f3n de la cultura alternativa. A pesar del dolor de la p\u00e9rdida, su compromiso con la comunidad art\u00edstica nunca flaque\u00f3. \u201cMemi era el coraz\u00f3n de todo lo que hac\u00edamos\u201d, coment\u00f3 un colaborador cercano en una publicaci\u00f3n reciente en X. Su capacidad para mantener viva la llama de la contracultura, incluso en tiempos dif\u00edciles, la convirti\u00f3 en una figura admirada y respetada.<\/p>\n<h2>El impacto de su p\u00e9rdida en la comunidad art\u00edstica<\/h2>\n<p>La noticia de la muerte de Merc\u00e8 March, a causa de un ictus el 6 de julio de 2025, conmocion\u00f3 a la comunidad cultural de Barcelona. Las redes sociales se llenaron de mensajes de condolencia y homenajes, con publicaciones que destacaban su papel como \u201cmotor del underground barcelon\u00ed\u201d. Artistas, m\u00fasicos y amigos compartieron an\u00e9cdotas sobre su generosidad, su energ\u00eda contagiosa y su compromiso inquebrantable con la cultura alternativa.<\/p>\n<p>En un momento en que Barcelona enfrenta desaf\u00edos como la gentrificaci\u00f3n y las protestas contra el turismo masivo, la p\u00e9rdida de Memi se siente a\u00fan m\u00e1s profunda. Ella representaba una conexi\u00f3n con una \u00e9poca en la que la ciudad era un hervidero de creatividad y resistencia, un lugar donde los artistas pod\u00edan encontrar un espacio para expresarse sin temor a ser absorbidos por el mercado. Su muerte plantea preguntas sobre el futuro de los espacios culturales independientes y el papel de la contracultura en una ciudad cada vez m\u00e1s globalizada.<\/p>\n<p>Sin embargo, el legado de Memi no se desvanecer\u00e1 f\u00e1cilmente. Heliog\u00e0bal sigue siendo un espacio vivo, un testimonio de su visi\u00f3n y su dedicaci\u00f3n. Los artistas que pasaron por sus puertas, los proyectos que nacieron en sus mesas y las noches de m\u00fasica y poes\u00eda que resonaron en sus paredes son un recordatorio de lo que es posible cuando el arte se vive con pasi\u00f3n y autenticidad.<\/p>\n<h2>Un legado que trasciende el tiempo<\/h2>\n<p>Merc\u00e8 March no solo fue una artista, sino tambi\u00e9n una catalizadora de sue\u00f1os. Su trabajo en Heliog\u00e0bal y su vida dedicada a la contracultura dejaron una huella imborrable en Barcelona. En un mundo donde los espacios culturales independientes luchan por sobrevivir, su ejemplo sirve como inspiraci\u00f3n para las nuevas generaciones de artistas que buscan crear sin restricciones.<\/p>\n<p>Como dijo una vez Pau Riba, \u201cel arte es un acto de resistencia, pero tambi\u00e9n de amor\u201d. Memi encarn\u00f3 esas palabras en cada aspecto de su vida. Su capacidad para unir a las personas, para dar voz a los marginados y para transformar un peque\u00f1o local en Gr\u00e0cia en un faro de creatividad es un legado que seguir\u00e1 iluminando el camino de quienes creen en el poder del arte.<\/p>\n<p>Mientras Barcelona contin\u00faa navegando los desaf\u00edos del siglo XXI, la memoria de Merc\u00e8 March nos recuerda que la verdadera revoluci\u00f3n comienza en los m\u00e1rgenes, en los peque\u00f1os espacios donde las ideas audaces encuentran un hogar. Heliog\u00e0bal seguir\u00e1 siendo un testimonio de su esp\u00edritu, un lugar donde el underground barcelon\u00e9s continuar\u00e1 latiendo con fuerza.<\/p>\n<p><strong>Homenajes y eventos conmemorativos<\/strong><\/p>\n<p>En los d\u00edas siguientes a su muerte, se han anunciado varios eventos para rendir homenaje a Memi. La sala Heliog\u00e0bal planea una serie de recitales y exposiciones en su honor, mientras que artistas de toda Catalu\u00f1a han comenzado a organizar iniciativas para mantener viva su memoria. La comunidad art\u00edstica de Barcelona, unida en el duelo, promete asegurarse de que el legado de Merc\u00e8 March no se desvanezca.<\/p>\n<p>En palabras de un asistente habitual de Heliog\u00e0bal, \u201cMemi no solo cre\u00f3 un espacio, cre\u00f3 una familia\u201d. Esa familia, formada por artistas, so\u00f1adores y rebeldes, seguir\u00e1 adelante, llevando consigo el esp\u00edritu indomable de una mujer que hizo de Barcelona un lugar m\u00e1s libre, m\u00e1s creativo y m\u00e1s humano.<\/p>","protected":false},"excerpt":{"rendered":"<p>La escena cultural de Barcelona est\u00e1 de luto tras la muerte de Merc\u00e8 March, conocida como Memi, el pasado 6 de julio de 2025, a causa de un ictus. Memi, figura clave del movimiento underground catal\u00e1n, fue una de las fundadoras del m\u00edtico espacio cultural Heliog\u00e0bal en el barrio de [&hellip;]<\/p>\n","protected":false},"author":3,"featured_media":65677,"comment_status":"closed","ping_status":"closed","sticky":false,"template":"","format":"standard","meta":{"footnotes":""},"categories":[76],"tags":[],"class_list":["post-65676","post","type-post","status-publish","format-standard","has-post-thumbnail","hentry","category-barcelona"],"yoast_head":"<!-- This site is optimized with the Yoast SEO plugin v27.5 - https:\/\/yoast.com\/product\/yoast-seo-wordpress\/ -->\n<title>Merc\u00e8 March: La chispa del underground barcelon\u00e9s - Revista Rambla<\/title>\n<meta name=\"robots\" content=\"index, follow, max-snippet:-1, max-image-preview:large, max-video-preview:-1\" \/>\n<link rel=\"canonical\" href=\"https:\/\/www.revistarambla.com\/en\/merce-march-la-chispa-del-underground-barcelones\/\" \/>\n<meta property=\"og:locale\" content=\"en_GB\" \/>\n<meta property=\"og:type\" content=\"article\" \/>\n<meta property=\"og:title\" content=\"Merc\u00e8 March: La chispa del underground barcelon\u00e9s - Revista Rambla\" \/>\n<meta property=\"og:description\" content=\"La escena cultural de Barcelona est\u00e1 de luto tras la muerte de Merc\u00e8 March, conocida como Memi, el pasado 6 de julio de 2025, a causa de un ictus. Memi, figura clave del movimiento underground catal\u00e1n, fue una de las fundadoras del m\u00edtico espacio cultural Heliog\u00e0bal en el barrio de [&hellip;]\" \/>\n<meta property=\"og:url\" content=\"https:\/\/www.revistarambla.com\/en\/merce-march-la-chispa-del-underground-barcelones\/\" \/>\n<meta property=\"og:site_name\" content=\"Revista Rambla\" \/>\n<meta property=\"article:publisher\" content=\"https:\/\/www.facebook.com\/revistarambla\/\" \/>\n<meta property=\"article:author\" content=\"https:\/\/www.facebook.com\/revistarambla\" \/>\n<meta property=\"article:published_time\" content=\"2025-07-07T11:31:39+00:00\" \/>\n<meta property=\"og:image\" content=\"https:\/\/www.revistarambla.com\/wp-content\/uploads\/2025\/07\/1000395999.jpeg\" \/>\n\t<meta property=\"og:image:width\" content=\"921\" \/>\n\t<meta property=\"og:image:height\" content=\"781\" \/>\n\t<meta property=\"og:image:type\" content=\"image\/jpeg\" \/>\n<meta name=\"author\" content=\"R@mbla\" \/>\n<meta name=\"twitter:card\" content=\"summary_large_image\" \/>\n<meta name=\"twitter:creator\" content=\"@revistarambla\" \/>\n<meta name=\"twitter:site\" content=\"@revistarambla\" \/>\n<meta name=\"twitter:label1\" content=\"Written by\" \/>\n\t<meta name=\"twitter:data1\" content=\"R@mbla\" \/>\n\t<meta name=\"twitter:label2\" content=\"Estimated reading time\" \/>\n\t<meta name=\"twitter:data2\" content=\"7 minutes\" \/>\n<script type=\"application\/ld+json\" class=\"yoast-schema-graph\">{\"@context\":\"https:\\\/\\\/schema.org\",\"@graph\":[{\"@type\":\"Article\",\"@id\":\"https:\\\/\\\/www.revistarambla.com\\\/merce-march-la-chispa-del-underground-barcelones\\\/#article\",\"isPartOf\":{\"@id\":\"https:\\\/\\\/www.revistarambla.com\\\/merce-march-la-chispa-del-underground-barcelones\\\/\"},\"author\":{\"name\":\"R@mbla\",\"@id\":\"https:\\\/\\\/www.revistarambla.com\\\/#\\\/schema\\\/person\\\/a146a5a2550b94981a75131180e1bd9c\"},\"headline\":\"Merc\u00e8 March: La chispa del underground barcelon\u00e9s\",\"datePublished\":\"2025-07-07T11:31:39+00:00\",\"mainEntityOfPage\":{\"@id\":\"https:\\\/\\\/www.revistarambla.com\\\/merce-march-la-chispa-del-underground-barcelones\\\/\"},\"wordCount\":1555,\"publisher\":{\"@id\":\"https:\\\/\\\/www.revistarambla.com\\\/#organization\"},\"image\":{\"@id\":\"https:\\\/\\\/www.revistarambla.com\\\/merce-march-la-chispa-del-underground-barcelones\\\/#primaryimage\"},\"thumbnailUrl\":\"https:\\\/\\\/www.revistarambla.com\\\/wp-content\\\/uploads\\\/2025\\\/07\\\/1000395999.jpeg\",\"articleSection\":[\"Barcelona\"],\"inLanguage\":\"en-GB\"},{\"@type\":\"WebPage\",\"@id\":\"https:\\\/\\\/www.revistarambla.com\\\/merce-march-la-chispa-del-underground-barcelones\\\/\",\"url\":\"https:\\\/\\\/www.revistarambla.com\\\/merce-march-la-chispa-del-underground-barcelones\\\/\",\"name\":\"Merc\u00e8 March: La chispa del underground barcelon\u00e9s - Revista Rambla\",\"isPartOf\":{\"@id\":\"https:\\\/\\\/www.revistarambla.com\\\/#website\"},\"primaryImageOfPage\":{\"@id\":\"https:\\\/\\\/www.revistarambla.com\\\/merce-march-la-chispa-del-underground-barcelones\\\/#primaryimage\"},\"image\":{\"@id\":\"https:\\\/\\\/www.revistarambla.com\\\/merce-march-la-chispa-del-underground-barcelones\\\/#primaryimage\"},\"thumbnailUrl\":\"https:\\\/\\\/www.revistarambla.com\\\/wp-content\\\/uploads\\\/2025\\\/07\\\/1000395999.jpeg\",\"datePublished\":\"2025-07-07T11:31:39+00:00\",\"breadcrumb\":{\"@id\":\"https:\\\/\\\/www.revistarambla.com\\\/merce-march-la-chispa-del-underground-barcelones\\\/#breadcrumb\"},\"inLanguage\":\"en-GB\",\"potentialAction\":[{\"@type\":\"ReadAction\",\"target\":[\"https:\\\/\\\/www.revistarambla.com\\\/merce-march-la-chispa-del-underground-barcelones\\\/\"]}]},{\"@type\":\"ImageObject\",\"inLanguage\":\"en-GB\",\"@id\":\"https:\\\/\\\/www.revistarambla.com\\\/merce-march-la-chispa-del-underground-barcelones\\\/#primaryimage\",\"url\":\"https:\\\/\\\/www.revistarambla.com\\\/wp-content\\\/uploads\\\/2025\\\/07\\\/1000395999.jpeg\",\"contentUrl\":\"https:\\\/\\\/www.revistarambla.com\\\/wp-content\\\/uploads\\\/2025\\\/07\\\/1000395999.jpeg\",\"width\":921,\"height\":781,\"caption\":\"Heliog\u00e0bal\"},{\"@type\":\"BreadcrumbList\",\"@id\":\"https:\\\/\\\/www.revistarambla.com\\\/merce-march-la-chispa-del-underground-barcelones\\\/#breadcrumb\",\"itemListElement\":[{\"@type\":\"ListItem\",\"position\":1,\"name\":\"Portada\",\"item\":\"https:\\\/\\\/www.revistarambla.com\\\/\"},{\"@type\":\"ListItem\",\"position\":2,\"name\":\"Merc\u00e8 March: La chispa del underground barcelon\u00e9s\"}]},{\"@type\":\"WebSite\",\"@id\":\"https:\\\/\\\/www.revistarambla.com\\\/#website\",\"url\":\"https:\\\/\\\/www.revistarambla.com\\\/\",\"name\":\"Revista Rambla Barcelona\",\"description\":\"Periodismo independiente\",\"publisher\":{\"@id\":\"https:\\\/\\\/www.revistarambla.com\\\/#organization\"},\"potentialAction\":[{\"@type\":\"SearchAction\",\"target\":{\"@type\":\"EntryPoint\",\"urlTemplate\":\"https:\\\/\\\/www.revistarambla.com\\\/?s={search_term_string}\"},\"query-input\":{\"@type\":\"PropertyValueSpecification\",\"valueRequired\":true,\"valueName\":\"search_term_string\"}}],\"inLanguage\":\"en-GB\"},{\"@type\":\"Organization\",\"@id\":\"https:\\\/\\\/www.revistarambla.com\\\/#organization\",\"name\":\"Revista Rambla\",\"url\":\"https:\\\/\\\/www.revistarambla.com\\\/\",\"logo\":{\"@type\":\"ImageObject\",\"inLanguage\":\"en-GB\",\"@id\":\"https:\\\/\\\/www.revistarambla.com\\\/#\\\/schema\\\/logo\\\/image\\\/\",\"url\":\"https:\\\/\\\/www.revistarambla.com\\\/wp-content\\\/uploads\\\/2020\\\/09\\\/banner_rambla_1900x600_BB.png\",\"contentUrl\":\"https:\\\/\\\/www.revistarambla.com\\\/wp-content\\\/uploads\\\/2020\\\/09\\\/banner_rambla_1900x600_BB.png\",\"width\":1900,\"height\":600,\"caption\":\"Revista Rambla\"},\"image\":{\"@id\":\"https:\\\/\\\/www.revistarambla.com\\\/#\\\/schema\\\/logo\\\/image\\\/\"},\"sameAs\":[\"https:\\\/\\\/www.facebook.com\\\/revistarambla\\\/\",\"https:\\\/\\\/x.com\\\/revistarambla\",\"https:\\\/\\\/www.instagram.com\\\/revista_rambla\",\"https:\\\/\\\/es.linkedin.com\\\/company\\\/revista-rambla\"]},{\"@type\":\"Person\",\"@id\":\"https:\\\/\\\/www.revistarambla.com\\\/#\\\/schema\\\/person\\\/a146a5a2550b94981a75131180e1bd9c\",\"name\":\"R@mbla\",\"description\":\"Este art\u00edculo ha sido redactado y\\\/o validado por el equipo de redacci\u00f3n de Revista Rambla.\",\"sameAs\":[\"https:\\\/\\\/www.revistarambla.com\\\/\",\"https:\\\/\\\/www.facebook.com\\\/revistarambla\",\"https:\\\/\\\/x.com\\\/revistarambla\"]}]}<\/script>\n<!-- \/ Yoast SEO plugin. -->","yoast_head_json":{"title":"Merc\u00e8 March: La chispa del underground barcelon\u00e9s - Revista Rambla","robots":{"index":"index","follow":"follow","max-snippet":"max-snippet:-1","max-image-preview":"max-image-preview:large","max-video-preview":"max-video-preview:-1"},"canonical":"https:\/\/www.revistarambla.com\/en\/merce-march-la-chispa-del-underground-barcelones\/","og_locale":"en_GB","og_type":"article","og_title":"Merc\u00e8 March: La chispa del underground barcelon\u00e9s - Revista Rambla","og_description":"La escena cultural de Barcelona est\u00e1 de luto tras la muerte de Merc\u00e8 March, conocida como Memi, el pasado 6 de julio de 2025, a causa de un ictus. Memi, figura clave del movimiento underground catal\u00e1n, fue una de las fundadoras del m\u00edtico espacio cultural Heliog\u00e0bal en el barrio de [&hellip;]","og_url":"https:\/\/www.revistarambla.com\/en\/merce-march-la-chispa-del-underground-barcelones\/","og_site_name":"Revista Rambla","article_publisher":"https:\/\/www.facebook.com\/revistarambla\/","article_author":"https:\/\/www.facebook.com\/revistarambla","article_published_time":"2025-07-07T11:31:39+00:00","og_image":[{"width":921,"height":781,"url":"https:\/\/www.revistarambla.com\/wp-content\/uploads\/2025\/07\/1000395999.jpeg","type":"image\/jpeg"}],"author":"R@mbla","twitter_card":"summary_large_image","twitter_creator":"@revistarambla","twitter_site":"@revistarambla","twitter_misc":{"Written by":"R@mbla","Estimated reading time":"7 minutes"},"schema":{"@context":"https:\/\/schema.org","@graph":[{"@type":"Article","@id":"https:\/\/www.revistarambla.com\/merce-march-la-chispa-del-underground-barcelones\/#article","isPartOf":{"@id":"https:\/\/www.revistarambla.com\/merce-march-la-chispa-del-underground-barcelones\/"},"author":{"name":"R@mbla","@id":"https:\/\/www.revistarambla.com\/#\/schema\/person\/a146a5a2550b94981a75131180e1bd9c"},"headline":"Merc\u00e8 March: La chispa del underground barcelon\u00e9s","datePublished":"2025-07-07T11:31:39+00:00","mainEntityOfPage":{"@id":"https:\/\/www.revistarambla.com\/merce-march-la-chispa-del-underground-barcelones\/"},"wordCount":1555,"publisher":{"@id":"https:\/\/www.revistarambla.com\/#organization"},"image":{"@id":"https:\/\/www.revistarambla.com\/merce-march-la-chispa-del-underground-barcelones\/#primaryimage"},"thumbnailUrl":"https:\/\/www.revistarambla.com\/wp-content\/uploads\/2025\/07\/1000395999.jpeg","articleSection":["Barcelona"],"inLanguage":"en-GB"},{"@type":"WebPage","@id":"https:\/\/www.revistarambla.com\/merce-march-la-chispa-del-underground-barcelones\/","url":"https:\/\/www.revistarambla.com\/merce-march-la-chispa-del-underground-barcelones\/","name":"Merc\u00e8 March: La chispa del underground barcelon\u00e9s - Revista Rambla","isPartOf":{"@id":"https:\/\/www.revistarambla.com\/#website"},"primaryImageOfPage":{"@id":"https:\/\/www.revistarambla.com\/merce-march-la-chispa-del-underground-barcelones\/#primaryimage"},"image":{"@id":"https:\/\/www.revistarambla.com\/merce-march-la-chispa-del-underground-barcelones\/#primaryimage"},"thumbnailUrl":"https:\/\/www.revistarambla.com\/wp-content\/uploads\/2025\/07\/1000395999.jpeg","datePublished":"2025-07-07T11:31:39+00:00","breadcrumb":{"@id":"https:\/\/www.revistarambla.com\/merce-march-la-chispa-del-underground-barcelones\/#breadcrumb"},"inLanguage":"en-GB","potentialAction":[{"@type":"ReadAction","target":["https:\/\/www.revistarambla.com\/merce-march-la-chispa-del-underground-barcelones\/"]}]},{"@type":"ImageObject","inLanguage":"en-GB","@id":"https:\/\/www.revistarambla.com\/merce-march-la-chispa-del-underground-barcelones\/#primaryimage","url":"https:\/\/www.revistarambla.com\/wp-content\/uploads\/2025\/07\/1000395999.jpeg","contentUrl":"https:\/\/www.revistarambla.com\/wp-content\/uploads\/2025\/07\/1000395999.jpeg","width":921,"height":781,"caption":"Heliog\u00e0bal"},{"@type":"BreadcrumbList","@id":"https:\/\/www.revistarambla.com\/merce-march-la-chispa-del-underground-barcelones\/#breadcrumb","itemListElement":[{"@type":"ListItem","position":1,"name":"Portada","item":"https:\/\/www.revistarambla.com\/"},{"@type":"ListItem","position":2,"name":"Merc\u00e8 March: La chispa del underground barcelon\u00e9s"}]},{"@type":"WebSite","@id":"https:\/\/www.revistarambla.com\/#website","url":"https:\/\/www.revistarambla.com\/","name":"Revista Rambla Barcelona","description":"Periodismo independiente","publisher":{"@id":"https:\/\/www.revistarambla.com\/#organization"},"potentialAction":[{"@type":"SearchAction","target":{"@type":"EntryPoint","urlTemplate":"https:\/\/www.revistarambla.com\/?s={search_term_string}"},"query-input":{"@type":"PropertyValueSpecification","valueRequired":true,"valueName":"search_term_string"}}],"inLanguage":"en-GB"},{"@type":"Organization","@id":"https:\/\/www.revistarambla.com\/#organization","name":"Revista Rambla","url":"https:\/\/www.revistarambla.com\/","logo":{"@type":"ImageObject","inLanguage":"en-GB","@id":"https:\/\/www.revistarambla.com\/#\/schema\/logo\/image\/","url":"https:\/\/www.revistarambla.com\/wp-content\/uploads\/2020\/09\/banner_rambla_1900x600_BB.png","contentUrl":"https:\/\/www.revistarambla.com\/wp-content\/uploads\/2020\/09\/banner_rambla_1900x600_BB.png","width":1900,"height":600,"caption":"Revista Rambla"},"image":{"@id":"https:\/\/www.revistarambla.com\/#\/schema\/logo\/image\/"},"sameAs":["https:\/\/www.facebook.com\/revistarambla\/","https:\/\/x.com\/revistarambla","https:\/\/www.instagram.com\/revista_rambla","https:\/\/es.linkedin.com\/company\/revista-rambla"]},{"@type":"Person","@id":"https:\/\/www.revistarambla.com\/#\/schema\/person\/a146a5a2550b94981a75131180e1bd9c","name":"R@mbla","description":"Este art\u00edculo ha sido redactado y\/o validado por el equipo de redacci\u00f3n de Revista Rambla.","sameAs":["https:\/\/www.revistarambla.com\/","https:\/\/www.facebook.com\/revistarambla","https:\/\/x.com\/revistarambla"]}]}},"_links":{"self":[{"href":"https:\/\/www.revistarambla.com\/en\/wp-json\/wp\/v2\/posts\/65676","targetHints":{"allow":["GET"]}}],"collection":[{"href":"https:\/\/www.revistarambla.com\/en\/wp-json\/wp\/v2\/posts"}],"about":[{"href":"https:\/\/www.revistarambla.com\/en\/wp-json\/wp\/v2\/types\/post"}],"author":[{"embeddable":true,"href":"https:\/\/www.revistarambla.com\/en\/wp-json\/wp\/v2\/users\/3"}],"replies":[{"embeddable":true,"href":"https:\/\/www.revistarambla.com\/en\/wp-json\/wp\/v2\/comments?post=65676"}],"version-history":[{"count":1,"href":"https:\/\/www.revistarambla.com\/en\/wp-json\/wp\/v2\/posts\/65676\/revisions"}],"predecessor-version":[{"id":65678,"href":"https:\/\/www.revistarambla.com\/en\/wp-json\/wp\/v2\/posts\/65676\/revisions\/65678"}],"wp:featuredmedia":[{"embeddable":true,"href":"https:\/\/www.revistarambla.com\/en\/wp-json\/wp\/v2\/media\/65677"}],"wp:attachment":[{"href":"https:\/\/www.revistarambla.com\/en\/wp-json\/wp\/v2\/media?parent=65676"}],"wp:term":[{"taxonomy":"category","embeddable":true,"href":"https:\/\/www.revistarambla.com\/en\/wp-json\/wp\/v2\/categories?post=65676"},{"taxonomy":"post_tag","embeddable":true,"href":"https:\/\/www.revistarambla.com\/en\/wp-json\/wp\/v2\/tags?post=65676"}],"curies":[{"name":"wp","href":"https:\/\/api.w.org\/{rel}","templated":true}]}}