{"id":65673,"date":"2025-07-07T13:19:47","date_gmt":"2025-07-07T11:19:47","guid":{"rendered":"https:\/\/www.revistarambla.com\/?p=65673"},"modified":"2025-07-10T20:19:15","modified_gmt":"2025-07-10T18:19:15","slug":"pesticidas-letales-victimas-infantiles","status":"publish","type":"post","link":"https:\/\/www.revistarambla.com\/en\/pesticidas-letales-victimas-infantiles\/","title":{"rendered":"Pesticidas letales, v\u00edctimas infantiles"},"content":{"rendered":"<p><b><span lang=\"ES\">El impacto nocivo de los pesticidas no perdona Norte ni Sur geogr\u00e1ficos; tampoco adultos y sobre todo ni\u00f1os. Venenos legales, muchas veces letales, los pesticidas constituyen la punta de lanza del agro moderno.<\/span><\/b><\/p>\n<p><span lang=\"ES\">Doscientos seis ni\u00f1os y ni\u00f1as de 6 a 13 a\u00f1os de edad en tres comunas agr\u00edcolas del sure\u00f1o Cant\u00f3n (provincia o estado) de Valais, Suiza, estuvieron altamente expuestos a pesticidas. As\u00ed lo certifica un estudio del Instituto Suizo de Medicina Tropical y Salud P\u00fablica\u00a0(Swiss TPH) que las autoridades cantonales acaban de publicar.<\/span><\/p>\n<p><span lang=\"ES\">Los resultados fueron significativos por el impacto potencial en la salud infantil: de los 81 pesticidas analizados, 36 quedaron registrados en las pulseras de silicona de los ni\u00f1os que participaron en el estudio en<\/span> <span lang=\"ES\">Chamoson, Salgesch y Saxon, tres municipios en la extensa cuenca del r\u00edo R\u00f3dano.<\/span><\/p>\n<p>El nivel de su exposici\u00f3n a los t\u00f3xicos se midi\u00f3 durante cuatro per\u00edodos: en enero y febrero (el invierno europeo), es decir fuera de la temporada de fumigaci\u00f3n de pesticidas; as\u00ed como en abril, mayo y junio, durante el pico de fumigaci\u00f3n. Adem\u00e1s del registro en los brazaletes se utiliz\u00f3 el resultado de muestras de orina.<\/p>\n<p><span lang=\"ES\">De los 36 pesticidas identificados, la mitad se detect\u00f3 con poca frecuencia (menos del 5% de los ni\u00f1os). Sin embargo, seis de los agrot\u00f3xicos se encontraron en m\u00e1s del 40% de los participantes del estudio. Todos los ni\u00f1os estuvieron expuestos, como m\u00ednimo, a un pesticida durante al menos uno de los periodos de an\u00e1lisis. El promedio de contacto por ni\u00f1o lleg\u00f3 a 14 agentes t\u00f3xicos, aunque algunos estuvieron expuestos a 32. Estos diferentes niveles de exposici\u00f3n, seg\u00fan Swiss TPH, dependieron de diversos factores: el momento del a\u00f1o y la distancia de separaci\u00f3n entre los hogares de esos ni\u00f1os y las actividades agr\u00edcolas, as\u00ed como las dimensiones de las zonas de cultivo.<\/span><\/p>\n<p><span lang=\"ES\">El estudio tambi\u00e9n investig\u00f3 posibles v\u00ednculos entre la exposici\u00f3n a los seis pesticidas m\u00e1s detectados y s\u00edntomas respiratorios de los participantes. Aunque no se encontr\u00f3 asociaci\u00f3n a corto plazo con s\u00edntomas como tos o dificultad para respirar, las pruebas de espirometr\u00eda, que miden el volumen pulmonar y el flujo de aire, mostraron una ligera reducci\u00f3n de la funci\u00f3n pulmonar asociada, espec\u00edficamente, producto de los pesticidas propiconazol y metalaxil.<\/span><\/p>\n<p><b><span lang=\"ES\">Estudio revelador<\/span><\/b><\/p>\n<p><span lang=\"ES\">Este estudio es el primero de esta naturaleza en Suiza. Nicole Probst-Hensch, jefa del Departamento de Epidemiolog\u00eda y Salud P\u00fablica de Swiss TPH, asegur\u00f3 que, debido a que los pesticidas constituyen un tema controvertido, es fundamental contar con datos que orienten el debate y la acci\u00f3n. Y alent\u00f3 a que se realicen otras investigaciones de esta naturaleza con una cobertura m\u00e1s amplia, a nivel nacional, para comprender mejor los efectos a largo plazo de los agroqu\u00edmicos sobre la salud <\/span><span lang=\"ES\">(<\/span><i><a href=\"https:\/\/www.swisstph.ch\/fr\/news\/news-detail-1\/news\/childrens-exposure-to-pesticides-in-vineyard-and-orchard-regions\" target=\"_blank\" rel=\"nofollow noopener\" data-saferedirecturl=\"https:\/\/www.google.com\/url?q=https:\/\/www.swisstph.ch\/fr\/news\/news-detail-1\/news\/childrens-exposure-to-pesticides-in-vineyard-and-orchard-regions&amp;source=gmail&amp;ust=1751972920294000&amp;usg=AOvVaw1ebogw825Z1SFQS8Y98-xL\"><span lang=\"ES\">https:\/\/www.swisstph.ch\/fr\/<wbr \/>news\/news-detail-1\/news\/<wbr \/>childrens-exposure-to-<wbr \/>pesticides-in-vineyard-and-<wbr \/>orchard-regions<\/span><\/a><\/i><span lang=\"ES\">).<\/span><\/p>\n<p><span lang=\"ES\">El m\u00e9dico pediatra Bernard Borel, especialista en temas de salud y comentarista para el cotidiano helv\u00e9tico <i>Le Courrier<\/i>, est\u00e1 muy familiarizado con esa regi\u00f3n, ya que vive en Aigle, en el mismo Cant\u00f3n de Valais. Seg\u00fan \u00e9l, los resultados esenciales del estudio exigir\u00edan profundizar las conclusiones y expandir los controles futuros. Borel afirma a este corresponsal que \u201clo m\u00e1s preocupante es que algunos plaguicidas prohibidos en Suiza desde hace varios a\u00f1os debido a sus posibles efectos sobre la salud, se encontraron en las pulseras\u201d. <\/span><\/p>\n<p><span lang=\"ES\">Adem\u00e1s, que se detectaron biomarcadores urinarios de pesticidas de todos los ni\u00f1os en al menos un periodo de la evaluaci\u00f3n, indicador de algo m\u00e1s que una simple \u201cexposici\u00f3n a t\u00f3xicos\u201d. Aunque los ni\u00f1os que participaron en el estudio afortunadamente no presentaron s\u00edntomas respiratorios graves, el n\u00famero de ellos con alg\u00fan tipo de s\u00edntomas, como observa Borel, aument\u00f3 del 10% durante el per\u00edodo invernal (parad\u00f3jicamente, cuando los ni\u00f1os suelen desarrollar infecciones respiratorias m\u00e1s comunes) al 20% durante el per\u00edodo de fumigaci\u00f3n intensiva, la estaci\u00f3n del a\u00f1o cuando los infantes tienen, te\u00f3ricamente, menos problemas respiratorios. <\/span><\/p>\n<p><span lang=\"ES\">Por otra parte, acota Borel, en Suiza se venden unos 200 pesticidas para uso agr\u00edcola. Aunque menos que hace unos a\u00f1os, y quiz\u00e1s debido a una mayor toma de conciencia entre los sectores afectados, de todos modos \u201csiguen apareciendo nuevos agrot\u00f3xicos en el mercado. Su uso es muy frecuente y se observa que la voluntad pol\u00edtica de encontrar alternativas a los agrot\u00f3xicos se debilita ante la \u2018necesidad\u2019 de producir m\u00e1s\u201d. En este pa\u00eds, los vi\u00f1edos y las granjas son los mayores consumidores de pesticidas, con un promedio anual de 25 kilogramos por hect\u00e1rea.<\/span><\/p>\n<p><span lang=\"ES\">Borel critica tambi\u00e9n la cobertura que algunos medios de informaci\u00f3n helv\u00e9ticos hicieron del estudio, los cuales subrayaron sus \u201cconclusiones tranquilizadoras\u201d. Seg\u00fan este pediatra, \u201csaber que nuestros hijos est\u00e1n expuestos a pesticidas &#8211;porque no hay ninguna raz\u00f3n para que sea muy diferente en mi municipio de Aigle&#8211; deber\u00eda alarmarnos e incitarnos a buscar y aplicar, cuanto antes, m\u00e9todos de producci\u00f3n agr\u00edcola alternativos\u201d. En coincidencia con el Instituto de Medicina Tropical, Borel argumenta que es necesario proseguir y profundizar el estudio del cant\u00f3n de Valais a nivel suizo y europeo porque el impacto nocivo de los pesticidas ya es una preocupaci\u00f3n cotidiana pr\u00e1cticamente en todo el mundo.<\/span><\/p>\n<p><b><span lang=\"ES\">Plaguicidas sin fronteras<\/span><\/b><\/p>\n<p><span lang=\"ES\">Seg\u00fan datos actualizados de la Organizaci\u00f3n de las Naciones Unidas para la Agricultura y la Alimentaci\u00f3n (FAO), e<\/span><span lang=\"ES\">n 2022 el uso total de plaguicidas en la agricultura mundial fue de m\u00e1s de 3 millones de toneladas de ingredientes activos, un 4% m\u00e1s que en 2021. Esto representa un aumento del 13% en una d\u00e9cada, y el doble de los agrot\u00f3xicos empleados en 1990<\/span><span lang=\"ES\"> (<\/span><i><span lang=\"ES\"><a href=\"https:\/\/www.fao.org\/statistics\/highlights-archive\/highlights-detail\/pesticides-use-and-trade-1990-2022\/en\" target=\"_blank\" rel=\"nofollow noopener\" data-saferedirecturl=\"https:\/\/www.google.com\/url?q=https:\/\/www.fao.org\/statistics\/highlights-archive\/highlights-detail\/pesticides-use-and-trade-1990-2022\/en&amp;source=gmail&amp;ust=1751972920294000&amp;usg=AOvVaw1djqV0w2RweltJ7Xeb-rE8\">https:\/\/www.fao.org\/<wbr \/>statistics\/highlights-archive\/<wbr \/>highlights-detail\/pesticides-<wbr \/>use-and-trade-1990-2022\/en<\/a><\/span><\/i><span lang=\"ES\">).<\/span><\/p>\n<p><span lang=\"ES\">Suiza es una potencia mundial en el sector de los agroqu\u00edmicos y sus principales multinacionales son muy activas en la exportaci\u00f3n, promoci\u00f3n y venta de dichos productos en casi todo el planeta.<\/span><\/p>\n<p>En 2020, y debido a presiones de varias Organizaciones No Gubernamentales (ONGs) helv\u00e9ticas enfocadas en la protecci\u00f3n del medioambiente y la cooperaci\u00f3n con el desarrollo, el gobierno suizo reforz\u00f3 normas de control para la exportaci\u00f3n de 100 plaguicidas ya prohibidos en el pa\u00eds y vet\u00f3 la exportaci\u00f3n de cinco\u00a0sustancias especialmente peligrosas. De esta manera, trat\u00f3 de dar respuesta a ONGs como Public Eye (Mirada Ciudadana), que hab\u00edan denunciado las exportaciones descontroladas de agrot\u00f3xicos con consecuencias dram\u00e1ticas para el Sur Global. Varios plaguicidas del gigante agroqu\u00edmico Syngenta estuvieron implicados en graves\u00a0<a href=\"https:\/\/exportationstoxiques.publiceye.ch\/\" target=\"_blank\" rel=\"nofollow noopener\" data-saferedirecturl=\"https:\/\/www.google.com\/url?q=https:\/\/exportationstoxiques.publiceye.ch\/&amp;source=gmail&amp;ust=1751972920294000&amp;usg=AOvVaw14U6ICarIRhPwc83pqJCek\">intoxicaciones entre agricultores de algod\u00f3n en India<\/a>\u00a0y por lo menos en un caso de\u00a0<a href=\"https:\/\/stories.publiceye.ch\/fr\/costa-rica\/\" target=\"_blank\" rel=\"nofollow noopener\" data-saferedirecturl=\"https:\/\/www.google.com\/url?q=https:\/\/stories.publiceye.ch\/fr\/costa-rica\/&amp;source=gmail&amp;ust=1751972920294000&amp;usg=AOvVaw3OS9Mk0-nWbT_ES68nA0iq\">contaminaci\u00f3n de agua potable en Brasil<\/a>.<\/p>\n<p>Seg\u00fan un estudio de Public Eye de fines de 2024, todo indica que las nuevas regulaciones no han tenido el impacto deseado debido a deficiencias significativas. As\u00ed, por ejemplo 80 de los t\u00f3xicos vetados en suelo suizo durante los \u00faltimos cinco a\u00f1os no se han visto afectados por las restricciones a la exportaci\u00f3n. Entre ellos se encuentran el tiametoxam, un neonicotinoide extremadamente agresivo para los polinizadores, y el clortalonil, un fungicida probablemente cancer\u00edgeno cuyos residuos de degradaci\u00f3n se acumulan en el agua potable.<\/p>\n<p><span lang=\"ES\">La raz\u00f3n de esta cuestionable excepcionalidad, seg\u00fan Public Eye, es sencilla: \u201cLa lista suiza de plaguicidas sujetos a restricciones de exportaci\u00f3n no se ha actualizado desde 2019, a diferencia de la Uni\u00f3n Europea, cuya lista se revisa anualmente y a la que se han a\u00f1adido alrededor de 100 plaguicidas prohibidos en el \u00faltimo lustro\u201d.<\/span> <span lang=\"ES\">Como resultado, la exportaci\u00f3n desde Suiza escapa al control de las autoridades, y las multinacionales que fabrican esos agrot\u00f3xicos no est\u00e1n obligadas a informar a los pa\u00edses importadores sobre la peligrosidad de esas sustancias ni a obtener su consentimiento previo para la exportaci\u00f3n.<\/span><\/p>\n<p><span lang=\"ES\">Public Eye posee nueva informaci\u00f3n que indica que Suiza contin\u00faa exportando a varios pa\u00edses de la Uni\u00f3n Europea pesticidas muy peligrosos y prohibidos localmente: 380 toneladas en 2022. De las cuales,<\/span><span lang=\"ES\"> 223 toneladas son de propiconazol y 8 de tiametoxam (ambos producidos por Syngenta), as\u00ed como 153 del herbicida etoxisulfur\u00f3n (comercializado por el fabricante alem\u00e1n Bayer). Como estas sustancias est\u00e1n prohibidas en la Uni\u00f3n Europea, puede afirmarse con certeza que esos pa\u00edses act\u00faan como intermediarios, reexport\u00e1ndolas a terceros pa\u00edses fuera de esa regi\u00f3n y en medio de una din\u00e1mica ascendente de consumo mundial de agrot\u00f3xicos (<\/span><i><a href=\"https:\/\/www.publiceye.ch\/fr\/news\/detail\/pesticides-interdits-les-exportations-suisses-echappent-a-tout-controle\" target=\"_blank\" rel=\"nofollow noopener\" data-saferedirecturl=\"https:\/\/www.google.com\/url?q=https:\/\/www.publiceye.ch\/fr\/news\/detail\/pesticides-interdits-les-exportations-suisses-echappent-a-tout-controle&amp;source=gmail&amp;ust=1751972920294000&amp;usg=AOvVaw1zzJruSESw5csWVglT5VZi\"><span lang=\"ES\">https:\/\/www.publiceye.ch\/fr\/<wbr \/>news\/detail\/pesticides-<wbr \/>interdits-les-exportations-<wbr \/>suisses-echappent-a-tout-<wbr \/>controle<\/span><\/a><\/i><span lang=\"ES\">)<\/span><\/p>\n<p><b><span lang=\"ES\">De las comarcas vitivin\u00edcolas vecinas al R\u00f3dano suizo, a Brasil &#8211;principal usuario de pesticidas peligrosos a nivel mundial&#8211; y pasando por pr\u00e1cticamente toda la superficie planetaria, el reinado de los agrot\u00f3xicos impera, impone y evade con sutilezas los candados protectores. Con un costo elevado para la poblaci\u00f3n mundial, fundamentalmente sus sectores m\u00e1s vulnerables: los propios trabajadores agr\u00edcolas, las comunidades aleda\u00f1as a los cultivos y, lo m\u00e1s preocupante, la propia ni\u00f1ez.<\/span><\/b><\/p>","protected":false},"excerpt":{"rendered":"<p>El impacto nocivo de los pesticidas no perdona Norte ni Sur geogr\u00e1ficos; tampoco adultos y sobre todo ni\u00f1os. Venenos legales, muchas veces letales, los pesticidas constituyen la punta de lanza del agro moderno. Doscientos seis ni\u00f1os y ni\u00f1as de 6 a 13 a\u00f1os de edad en tres comunas agr\u00edcolas del [&hellip;]<\/p>\n","protected":false},"author":24,"featured_media":65674,"comment_status":"closed","ping_status":"closed","sticky":false,"template":"","format":"standard","meta":{"footnotes":""},"categories":[4108],"tags":[],"class_list":["post-65673","post","type-post","status-publish","format-standard","has-post-thumbnail","hentry","category-el-apunte-de-sergio-ferrari"],"yoast_head":"<!-- This site is optimized with the Yoast SEO plugin v27.5 - https:\/\/yoast.com\/product\/yoast-seo-wordpress\/ -->\n<title>Pesticidas letales, v\u00edctimas infantiles - Revista Rambla<\/title>\n<meta name=\"robots\" content=\"index, follow, max-snippet:-1, max-image-preview:large, max-video-preview:-1\" \/>\n<link rel=\"canonical\" href=\"https:\/\/www.revistarambla.com\/en\/pesticidas-letales-victimas-infantiles\/\" \/>\n<meta property=\"og:locale\" content=\"en_GB\" \/>\n<meta property=\"og:type\" content=\"article\" \/>\n<meta property=\"og:title\" content=\"Pesticidas letales, v\u00edctimas infantiles - Revista Rambla\" \/>\n<meta property=\"og:description\" content=\"El impacto nocivo de los pesticidas no perdona Norte ni Sur geogr\u00e1ficos; tampoco adultos y sobre todo ni\u00f1os. Venenos legales, muchas veces letales, los pesticidas constituyen la punta de lanza del agro moderno. Doscientos seis ni\u00f1os y ni\u00f1as de 6 a 13 a\u00f1os de edad en tres comunas agr\u00edcolas del [&hellip;]\" \/>\n<meta property=\"og:url\" content=\"https:\/\/www.revistarambla.com\/en\/pesticidas-letales-victimas-infantiles\/\" \/>\n<meta property=\"og:site_name\" content=\"Revista Rambla\" \/>\n<meta property=\"article:publisher\" content=\"https:\/\/www.facebook.com\/revistarambla\/\" \/>\n<meta property=\"article:author\" content=\"https:\/\/www.facebook.com\/sergio.ferrari.9655\" \/>\n<meta property=\"article:published_time\" content=\"2025-07-07T11:19:47+00:00\" \/>\n<meta property=\"article:modified_time\" content=\"2025-07-10T18:19:15+00:00\" \/>\n<meta property=\"og:image\" content=\"https:\/\/www.revistarambla.com\/wp-content\/uploads\/2025\/07\/Fumigacion-en-una-granja-en-Perola-Estado-de-Parana-Brasil.-Foto-Marcelo-Curia-_Public-Eye.jpg\" \/>\n\t<meta property=\"og:image:width\" content=\"1640\" \/>\n\t<meta property=\"og:image:height\" content=\"1094\" \/>\n\t<meta property=\"og:image:type\" content=\"image\/jpeg\" \/>\n<meta name=\"author\" content=\"Sergio Ferrari\" \/>\n<meta name=\"twitter:card\" content=\"summary_large_image\" \/>\n<meta name=\"twitter:creator\" content=\"@SergiooFerrari\" \/>\n<meta name=\"twitter:site\" content=\"@revistarambla\" \/>\n<meta name=\"twitter:label1\" content=\"Written by\" \/>\n\t<meta name=\"twitter:data1\" content=\"Sergio Ferrari\" \/>\n\t<meta name=\"twitter:label2\" content=\"Estimated reading time\" \/>\n\t<meta name=\"twitter:data2\" content=\"7 minutes\" \/>\n<script type=\"application\/ld+json\" class=\"yoast-schema-graph\">{\"@context\":\"https:\\\/\\\/schema.org\",\"@graph\":[{\"@type\":\"Article\",\"@id\":\"https:\\\/\\\/www.revistarambla.com\\\/pesticidas-letales-victimas-infantiles\\\/#article\",\"isPartOf\":{\"@id\":\"https:\\\/\\\/www.revistarambla.com\\\/pesticidas-letales-victimas-infantiles\\\/\"},\"author\":{\"name\":\"Sergio Ferrari\",\"@id\":\"https:\\\/\\\/www.revistarambla.com\\\/#\\\/schema\\\/person\\\/339e2410a25811f9912d8a8551fa5d96\"},\"headline\":\"Pesticidas letales, v\u00edctimas infantiles\",\"datePublished\":\"2025-07-07T11:19:47+00:00\",\"dateModified\":\"2025-07-10T18:19:15+00:00\",\"mainEntityOfPage\":{\"@id\":\"https:\\\/\\\/www.revistarambla.com\\\/pesticidas-letales-victimas-infantiles\\\/\"},\"wordCount\":1544,\"publisher\":{\"@id\":\"https:\\\/\\\/www.revistarambla.com\\\/#organization\"},\"image\":{\"@id\":\"https:\\\/\\\/www.revistarambla.com\\\/pesticidas-letales-victimas-infantiles\\\/#primaryimage\"},\"thumbnailUrl\":\"https:\\\/\\\/www.revistarambla.com\\\/wp-content\\\/uploads\\\/2025\\\/07\\\/Fumigacion-en-una-granja-en-Perola-Estado-de-Parana-Brasil.-Foto-Marcelo-Curia-_Public-Eye.jpg\",\"articleSection\":[\"El Apunte\"],\"inLanguage\":\"en-GB\"},{\"@type\":\"WebPage\",\"@id\":\"https:\\\/\\\/www.revistarambla.com\\\/pesticidas-letales-victimas-infantiles\\\/\",\"url\":\"https:\\\/\\\/www.revistarambla.com\\\/pesticidas-letales-victimas-infantiles\\\/\",\"name\":\"Pesticidas letales, v\u00edctimas infantiles - Revista Rambla\",\"isPartOf\":{\"@id\":\"https:\\\/\\\/www.revistarambla.com\\\/#website\"},\"primaryImageOfPage\":{\"@id\":\"https:\\\/\\\/www.revistarambla.com\\\/pesticidas-letales-victimas-infantiles\\\/#primaryimage\"},\"image\":{\"@id\":\"https:\\\/\\\/www.revistarambla.com\\\/pesticidas-letales-victimas-infantiles\\\/#primaryimage\"},\"thumbnailUrl\":\"https:\\\/\\\/www.revistarambla.com\\\/wp-content\\\/uploads\\\/2025\\\/07\\\/Fumigacion-en-una-granja-en-Perola-Estado-de-Parana-Brasil.-Foto-Marcelo-Curia-_Public-Eye.jpg\",\"datePublished\":\"2025-07-07T11:19:47+00:00\",\"dateModified\":\"2025-07-10T18:19:15+00:00\",\"breadcrumb\":{\"@id\":\"https:\\\/\\\/www.revistarambla.com\\\/pesticidas-letales-victimas-infantiles\\\/#breadcrumb\"},\"inLanguage\":\"en-GB\",\"potentialAction\":[{\"@type\":\"ReadAction\",\"target\":[\"https:\\\/\\\/www.revistarambla.com\\\/pesticidas-letales-victimas-infantiles\\\/\"]}]},{\"@type\":\"ImageObject\",\"inLanguage\":\"en-GB\",\"@id\":\"https:\\\/\\\/www.revistarambla.com\\\/pesticidas-letales-victimas-infantiles\\\/#primaryimage\",\"url\":\"https:\\\/\\\/www.revistarambla.com\\\/wp-content\\\/uploads\\\/2025\\\/07\\\/Fumigacion-en-una-granja-en-Perola-Estado-de-Parana-Brasil.-Foto-Marcelo-Curia-_Public-Eye.jpg\",\"contentUrl\":\"https:\\\/\\\/www.revistarambla.com\\\/wp-content\\\/uploads\\\/2025\\\/07\\\/Fumigacion-en-una-granja-en-Perola-Estado-de-Parana-Brasil.-Foto-Marcelo-Curia-_Public-Eye.jpg\",\"width\":1640,\"height\":1094,\"caption\":\"Farm contaminated by herbicide in P\u00e9rola d'Oeste, Paran\u00e1, Brazil.\"},{\"@type\":\"BreadcrumbList\",\"@id\":\"https:\\\/\\\/www.revistarambla.com\\\/pesticidas-letales-victimas-infantiles\\\/#breadcrumb\",\"itemListElement\":[{\"@type\":\"ListItem\",\"position\":1,\"name\":\"Portada\",\"item\":\"https:\\\/\\\/www.revistarambla.com\\\/\"},{\"@type\":\"ListItem\",\"position\":2,\"name\":\"Pesticidas letales, v\u00edctimas infantiles\"}]},{\"@type\":\"WebSite\",\"@id\":\"https:\\\/\\\/www.revistarambla.com\\\/#website\",\"url\":\"https:\\\/\\\/www.revistarambla.com\\\/\",\"name\":\"Revista Rambla Barcelona\",\"description\":\"Periodismo independiente\",\"publisher\":{\"@id\":\"https:\\\/\\\/www.revistarambla.com\\\/#organization\"},\"potentialAction\":[{\"@type\":\"SearchAction\",\"target\":{\"@type\":\"EntryPoint\",\"urlTemplate\":\"https:\\\/\\\/www.revistarambla.com\\\/?s={search_term_string}\"},\"query-input\":{\"@type\":\"PropertyValueSpecification\",\"valueRequired\":true,\"valueName\":\"search_term_string\"}}],\"inLanguage\":\"en-GB\"},{\"@type\":\"Organization\",\"@id\":\"https:\\\/\\\/www.revistarambla.com\\\/#organization\",\"name\":\"Revista Rambla\",\"url\":\"https:\\\/\\\/www.revistarambla.com\\\/\",\"logo\":{\"@type\":\"ImageObject\",\"inLanguage\":\"en-GB\",\"@id\":\"https:\\\/\\\/www.revistarambla.com\\\/#\\\/schema\\\/logo\\\/image\\\/\",\"url\":\"https:\\\/\\\/www.revistarambla.com\\\/wp-content\\\/uploads\\\/2020\\\/09\\\/banner_rambla_1900x600_BB.png\",\"contentUrl\":\"https:\\\/\\\/www.revistarambla.com\\\/wp-content\\\/uploads\\\/2020\\\/09\\\/banner_rambla_1900x600_BB.png\",\"width\":1900,\"height\":600,\"caption\":\"Revista Rambla\"},\"image\":{\"@id\":\"https:\\\/\\\/www.revistarambla.com\\\/#\\\/schema\\\/logo\\\/image\\\/\"},\"sameAs\":[\"https:\\\/\\\/www.facebook.com\\\/revistarambla\\\/\",\"https:\\\/\\\/x.com\\\/revistarambla\",\"https:\\\/\\\/www.instagram.com\\\/revista_rambla\",\"https:\\\/\\\/es.linkedin.com\\\/company\\\/revista-rambla\"]},{\"@type\":\"Person\",\"@id\":\"https:\\\/\\\/www.revistarambla.com\\\/#\\\/schema\\\/person\\\/339e2410a25811f9912d8a8551fa5d96\",\"name\":\"Sergio Ferrari\",\"description\":\"Periodista argentino radicado en Berna, Suiza. Acreditado ante el Gobierno suizo. Colaborador regular de numerosos medios latinoamericanos y europeos.\",\"sameAs\":[\"https:\\\/\\\/www.voltairenet.org\\\/auteur120173.html?lang=es\",\"https:\\\/\\\/www.facebook.com\\\/sergio.ferrari.9655\",\"https:\\\/\\\/x.com\\\/SergiooFerrari\"]}]}<\/script>\n<!-- \/ Yoast SEO plugin. -->","yoast_head_json":{"title":"Pesticidas letales, v\u00edctimas infantiles - Revista Rambla","robots":{"index":"index","follow":"follow","max-snippet":"max-snippet:-1","max-image-preview":"max-image-preview:large","max-video-preview":"max-video-preview:-1"},"canonical":"https:\/\/www.revistarambla.com\/en\/pesticidas-letales-victimas-infantiles\/","og_locale":"en_GB","og_type":"article","og_title":"Pesticidas letales, v\u00edctimas infantiles - Revista Rambla","og_description":"El impacto nocivo de los pesticidas no perdona Norte ni Sur geogr\u00e1ficos; tampoco adultos y sobre todo ni\u00f1os. Venenos legales, muchas veces letales, los pesticidas constituyen la punta de lanza del agro moderno. Doscientos seis ni\u00f1os y ni\u00f1as de 6 a 13 a\u00f1os de edad en tres comunas agr\u00edcolas del [&hellip;]","og_url":"https:\/\/www.revistarambla.com\/en\/pesticidas-letales-victimas-infantiles\/","og_site_name":"Revista Rambla","article_publisher":"https:\/\/www.facebook.com\/revistarambla\/","article_author":"https:\/\/www.facebook.com\/sergio.ferrari.9655","article_published_time":"2025-07-07T11:19:47+00:00","article_modified_time":"2025-07-10T18:19:15+00:00","og_image":[{"width":1640,"height":1094,"url":"https:\/\/www.revistarambla.com\/wp-content\/uploads\/2025\/07\/Fumigacion-en-una-granja-en-Perola-Estado-de-Parana-Brasil.-Foto-Marcelo-Curia-_Public-Eye.jpg","type":"image\/jpeg"}],"author":"Sergio Ferrari","twitter_card":"summary_large_image","twitter_creator":"@SergiooFerrari","twitter_site":"@revistarambla","twitter_misc":{"Written by":"Sergio Ferrari","Estimated reading time":"7 minutes"},"schema":{"@context":"https:\/\/schema.org","@graph":[{"@type":"Article","@id":"https:\/\/www.revistarambla.com\/pesticidas-letales-victimas-infantiles\/#article","isPartOf":{"@id":"https:\/\/www.revistarambla.com\/pesticidas-letales-victimas-infantiles\/"},"author":{"name":"Sergio Ferrari","@id":"https:\/\/www.revistarambla.com\/#\/schema\/person\/339e2410a25811f9912d8a8551fa5d96"},"headline":"Pesticidas letales, v\u00edctimas infantiles","datePublished":"2025-07-07T11:19:47+00:00","dateModified":"2025-07-10T18:19:15+00:00","mainEntityOfPage":{"@id":"https:\/\/www.revistarambla.com\/pesticidas-letales-victimas-infantiles\/"},"wordCount":1544,"publisher":{"@id":"https:\/\/www.revistarambla.com\/#organization"},"image":{"@id":"https:\/\/www.revistarambla.com\/pesticidas-letales-victimas-infantiles\/#primaryimage"},"thumbnailUrl":"https:\/\/www.revistarambla.com\/wp-content\/uploads\/2025\/07\/Fumigacion-en-una-granja-en-Perola-Estado-de-Parana-Brasil.-Foto-Marcelo-Curia-_Public-Eye.jpg","articleSection":["El Apunte"],"inLanguage":"en-GB"},{"@type":"WebPage","@id":"https:\/\/www.revistarambla.com\/pesticidas-letales-victimas-infantiles\/","url":"https:\/\/www.revistarambla.com\/pesticidas-letales-victimas-infantiles\/","name":"Pesticidas letales, v\u00edctimas infantiles - Revista Rambla","isPartOf":{"@id":"https:\/\/www.revistarambla.com\/#website"},"primaryImageOfPage":{"@id":"https:\/\/www.revistarambla.com\/pesticidas-letales-victimas-infantiles\/#primaryimage"},"image":{"@id":"https:\/\/www.revistarambla.com\/pesticidas-letales-victimas-infantiles\/#primaryimage"},"thumbnailUrl":"https:\/\/www.revistarambla.com\/wp-content\/uploads\/2025\/07\/Fumigacion-en-una-granja-en-Perola-Estado-de-Parana-Brasil.-Foto-Marcelo-Curia-_Public-Eye.jpg","datePublished":"2025-07-07T11:19:47+00:00","dateModified":"2025-07-10T18:19:15+00:00","breadcrumb":{"@id":"https:\/\/www.revistarambla.com\/pesticidas-letales-victimas-infantiles\/#breadcrumb"},"inLanguage":"en-GB","potentialAction":[{"@type":"ReadAction","target":["https:\/\/www.revistarambla.com\/pesticidas-letales-victimas-infantiles\/"]}]},{"@type":"ImageObject","inLanguage":"en-GB","@id":"https:\/\/www.revistarambla.com\/pesticidas-letales-victimas-infantiles\/#primaryimage","url":"https:\/\/www.revistarambla.com\/wp-content\/uploads\/2025\/07\/Fumigacion-en-una-granja-en-Perola-Estado-de-Parana-Brasil.-Foto-Marcelo-Curia-_Public-Eye.jpg","contentUrl":"https:\/\/www.revistarambla.com\/wp-content\/uploads\/2025\/07\/Fumigacion-en-una-granja-en-Perola-Estado-de-Parana-Brasil.-Foto-Marcelo-Curia-_Public-Eye.jpg","width":1640,"height":1094,"caption":"Farm contaminated by herbicide in P\u00e9rola d'Oeste, Paran\u00e1, Brazil."},{"@type":"BreadcrumbList","@id":"https:\/\/www.revistarambla.com\/pesticidas-letales-victimas-infantiles\/#breadcrumb","itemListElement":[{"@type":"ListItem","position":1,"name":"Portada","item":"https:\/\/www.revistarambla.com\/"},{"@type":"ListItem","position":2,"name":"Pesticidas letales, v\u00edctimas infantiles"}]},{"@type":"WebSite","@id":"https:\/\/www.revistarambla.com\/#website","url":"https:\/\/www.revistarambla.com\/","name":"Revista Rambla Barcelona","description":"Periodismo independiente","publisher":{"@id":"https:\/\/www.revistarambla.com\/#organization"},"potentialAction":[{"@type":"SearchAction","target":{"@type":"EntryPoint","urlTemplate":"https:\/\/www.revistarambla.com\/?s={search_term_string}"},"query-input":{"@type":"PropertyValueSpecification","valueRequired":true,"valueName":"search_term_string"}}],"inLanguage":"en-GB"},{"@type":"Organization","@id":"https:\/\/www.revistarambla.com\/#organization","name":"Revista Rambla","url":"https:\/\/www.revistarambla.com\/","logo":{"@type":"ImageObject","inLanguage":"en-GB","@id":"https:\/\/www.revistarambla.com\/#\/schema\/logo\/image\/","url":"https:\/\/www.revistarambla.com\/wp-content\/uploads\/2020\/09\/banner_rambla_1900x600_BB.png","contentUrl":"https:\/\/www.revistarambla.com\/wp-content\/uploads\/2020\/09\/banner_rambla_1900x600_BB.png","width":1900,"height":600,"caption":"Revista Rambla"},"image":{"@id":"https:\/\/www.revistarambla.com\/#\/schema\/logo\/image\/"},"sameAs":["https:\/\/www.facebook.com\/revistarambla\/","https:\/\/x.com\/revistarambla","https:\/\/www.instagram.com\/revista_rambla","https:\/\/es.linkedin.com\/company\/revista-rambla"]},{"@type":"Person","@id":"https:\/\/www.revistarambla.com\/#\/schema\/person\/339e2410a25811f9912d8a8551fa5d96","name":"Sergio Ferrari","description":"Periodista argentino radicado en Berna, Suiza. Acreditado ante el Gobierno suizo. Colaborador regular de numerosos medios latinoamericanos y europeos.","sameAs":["https:\/\/www.voltairenet.org\/auteur120173.html?lang=es","https:\/\/www.facebook.com\/sergio.ferrari.9655","https:\/\/x.com\/SergiooFerrari"]}]}},"_links":{"self":[{"href":"https:\/\/www.revistarambla.com\/en\/wp-json\/wp\/v2\/posts\/65673","targetHints":{"allow":["GET"]}}],"collection":[{"href":"https:\/\/www.revistarambla.com\/en\/wp-json\/wp\/v2\/posts"}],"about":[{"href":"https:\/\/www.revistarambla.com\/en\/wp-json\/wp\/v2\/types\/post"}],"author":[{"embeddable":true,"href":"https:\/\/www.revistarambla.com\/en\/wp-json\/wp\/v2\/users\/24"}],"replies":[{"embeddable":true,"href":"https:\/\/www.revistarambla.com\/en\/wp-json\/wp\/v2\/comments?post=65673"}],"version-history":[{"count":2,"href":"https:\/\/www.revistarambla.com\/en\/wp-json\/wp\/v2\/posts\/65673\/revisions"}],"predecessor-version":[{"id":65702,"href":"https:\/\/www.revistarambla.com\/en\/wp-json\/wp\/v2\/posts\/65673\/revisions\/65702"}],"wp:featuredmedia":[{"embeddable":true,"href":"https:\/\/www.revistarambla.com\/en\/wp-json\/wp\/v2\/media\/65674"}],"wp:attachment":[{"href":"https:\/\/www.revistarambla.com\/en\/wp-json\/wp\/v2\/media?parent=65673"}],"wp:term":[{"taxonomy":"category","embeddable":true,"href":"https:\/\/www.revistarambla.com\/en\/wp-json\/wp\/v2\/categories?post=65673"},{"taxonomy":"post_tag","embeddable":true,"href":"https:\/\/www.revistarambla.com\/en\/wp-json\/wp\/v2\/tags?post=65673"}],"curies":[{"name":"wp","href":"https:\/\/api.w.org\/{rel}","templated":true}]}}