{"id":65670,"date":"2025-07-07T13:16:20","date_gmt":"2025-07-07T11:16:20","guid":{"rendered":"https:\/\/www.revistarambla.com\/?p=65670"},"modified":"2025-07-07T13:16:20","modified_gmt":"2025-07-07T11:16:20","slug":"la-familia-que-olvido-poner-en-su-puerta-la-senal-contra-el-angel-exterminador","status":"publish","type":"post","link":"https:\/\/www.revistarambla.com\/en\/la-familia-que-olvido-poner-en-su-puerta-la-senal-contra-el-angel-exterminador\/","title":{"rendered":"La familia que olvid\u00f3 poner en su puerta la se\u00f1al contra el \u00e1ngel exterminador"},"content":{"rendered":"<p>En el id\u00edlico y resplandeciente pa\u00eds de X \u2014donde los desayunos se sirven con tres tipos de aguacate y la polic\u00eda fiscal viste de Prada\u2014 viv\u00eda la familia Del Prado del Montequinto y Algo M\u00e1s. Eran el ep\u00edtome de la perfecci\u00f3n social: mansi\u00f3n con columnas d\u00f3ricas, coches tan grandes que ten\u00edan matr\u00edcula propia para el cap\u00f3, y un \u00e1rbol geneal\u00f3gico tan pulido que lo regaban con champagne rosado.<br \/>\nDon Patricio y Do\u00f1a Marisa, ya ancianos, pero vigorosos como yogures con probi\u00f3ticos, hab\u00edan convocado a su descendencia para una cena familiar. Sus dos hijos, Ignacio y Mariana, llegaron puntuales con sus respectivas familias, ni\u00f1os hiperactivos, ni\u00f1eras discretas y regalos caros. Todo era sonrisas, post\u00edn y conversaciones sobre fondos indexados, hasta que, sin invitaci\u00f3n y con olor a gasolina, apareci\u00f3 Tito Eustaquio.<\/p>\n<p>Nadie recordaba muy bien c\u00f3mo se emparentaban con Tito, pero alguien dijo \u00abprimo segundo por parte de t\u00eda Leandra la de los conejos\u00bb y eso fue suficiente para dejarlo pasar&#8230; por ahora.<\/p>\n<p>Tito ten\u00eda la textura de un zapato viejo, una camiseta de AC\/DC versi\u00f3n fosilizada y un aliento que pod\u00eda matar helechos. Le ofrecieron una cerveza sin gluten esperando que se fuera despu\u00e9s del primer eructo. No funcion\u00f3.<\/p>\n<p>Justo entonces, la televisi\u00f3n \u2014ese or\u00e1culo moderno que nunca miente\u2014 anunci\u00f3 con voz dram\u00e1tica:<\/p>\n<p>\u201c\u00a1Alerta! Una plaga de caimanes ha emergido de las alcantarillas. No salgan de sus casas. Repetimos: no salgan de sus casas.\u201d<\/p>\n<p>La mansi\u00f3n se atrincher\u00f3. Las puertas se cerraron, las ventanas se sellaron con cinta americana de dise\u00f1ador y, sin saberlo, olvidaron poner el s\u00edmbolo de protecci\u00f3n contra el \u00e1ngel exterminador en el marco de la puerta. Un peque\u00f1o detalle, como olvidar poner sal en una sopa&#8230; de \u00e1cido clorh\u00eddrico.<\/p>\n<p>El fin de semana promet\u00eda ser largo. Y fue entonces cuando surgieron las verdaderas amenazas: el resentimiento social y las finanzas.<\/p>\n<p>Durante una partida de Risk que degener\u00f3 en debate burs\u00e1til, se supo que todos en la familia hab\u00edan perdido fortunas en la bolsa. Todos&#8230; menos Tito.<\/p>\n<p>\u2014Yo guardo mis billetes debajo del colch\u00f3n, al lado del serrucho y de una lata de melocotones del &#8217;97 \u2014dijo con media sonrisa y olor a whisky barato.<\/p>\n<p>Descubrieron que Tito viv\u00eda de alquiler con contrato antiguo y trabajaba de camionero nocturno. Mariana, horrorizada, coment\u00f3 que eso era casi medieval.<\/p>\n<p>\u2014\u00bfY sin diversificar activos? \u2014gimi\u00f3 Ignacio, agarrando su copa de vino como un crucifijo.<\/p>\n<p>Esa misma noche, algo entr\u00f3 en la casa. No fue Tito (\u00e9l ya estaba dentro comiendo galletas sin permiso). Fue el \u00e1ngel exterminador.<\/p>\n<p>Nadie lo vio, pero se sinti\u00f3: ansiedad difusa, suspiros largos, miradas evitadas. Las habitaciones, una a una, comenzaron a tragarse a los ocupantes. Cada miembro de la familia se encerr\u00f3 en su cuarto, alegando \u00abcansancio\u00bb, \u00abmeditaci\u00f3n\u00bb, o \u00abya basta de escuchar a Tito hablar del poder del vinagre para desinfectar el alma\u00bb.<\/p>\n<p>La fiebre atac\u00f3 primero a los primog\u00e9nitos. Un ni\u00f1o de cada pareja. Ten\u00edan los ojos vidriosos, la frente ardiendo y un vago olor a pl\u00e1stico derretido. Los padres, atrapados en su mundo de protocolos y miedo al caim\u00e1n, decidieron esperar. \u201cYa ma\u00f1ana llamamos al m\u00e9dico. Total, \u00bfqu\u00e9 puede pasar en una noche?\u201d<\/p>\n<p>Pas\u00f3 que la fiebre subi\u00f3. Y con ella, la desesperaci\u00f3n.<\/p>\n<p>Llamaron finalmente al m\u00e9dico, que recet\u00f3 antibi\u00f3ticos comunes que ya ten\u00edan en casa. Pero no funcionaron.<\/p>\n<p>\u201cLa bacteria ha desarrollado resistencia. Es com\u00fan por el abuso de antibi\u00f3ticos en casos leves \u2014explic\u00f3 el doctor por videollamada, mientras jugaba con un cubo Rubik\u2014. Su sistema inmune no responde. Han vivido tan protegidos que ahora no saben qu\u00e9 hacer ante lo real.\u201d<\/p>\n<p>Todos asintieron en silencio.<\/p>\n<p>S\u00ed: estaban desarmados ante el \u00e1ngel exterminador, y no por falta de medios, sino por una vida entera de sobreprotecci\u00f3n emocional y aislamiento del sufrimiento. Siempre hab\u00edan tenido algo que los cuidaba: asistentes, seguros, coaches de vida, el algoritmo. Pero nada los prepar\u00f3 para el miedo sin manual.<\/p>\n<p>Fue entonces cuando Tito se levant\u00f3 del sof\u00e1, eruct\u00f3 con solemnidad y sali\u00f3 al patio. Tom\u00f3 un bote de pintura roja olvidado junto al cortac\u00e9sped. Se acerc\u00f3 al marco de la puerta principal y, sin decir nada, dibuj\u00f3 un s\u00edmbolo antiguo que hab\u00eda visto una vez en un cami\u00f3n estacionado frente a una iglesia evang\u00e9lica.<\/p>\n<p>Despu\u00e9s, se acerc\u00f3 a los ni\u00f1os.<\/p>\n<p>\u2014Yo he tenido infecciones peores. Una vez por un tatuaje mal hecho de Bob Marley \u2014dijo mientras rebuscaba en su mochila.<\/p>\n<p>Sac\u00f3 otro antibi\u00f3tico, de una familia distinta, que usaba cuando ten\u00eda infecciones de garganta cada invierno. Lo administr\u00f3 con naturalidad de quien nunca tuvo seguro m\u00e9dico.<\/p>\n<p>Milagrosamente, funcion\u00f3.<\/p>\n<p>El \u00e1ngel exterminador, al ver el s\u00edmbolo rojo y notar la disoluci\u00f3n del conflicto, sali\u00f3 de la casa en silencio. La ansiedad se esfum\u00f3 como un perfume caro en una boda de pueblo.<\/p>\n<p>De repente, nadie estaba enfadado. Mariana abraz\u00f3 a Tito. Ignacio le ofreci\u00f3 una ducha y un caf\u00e9. Los ni\u00f1os se sentaron en el sal\u00f3n a ver dibujos. Don Patricio y Do\u00f1a Marisa respiraron en paz.<\/p>\n<p>Tito sali\u00f3 por la puerta y vio la calle despejada.<\/p>\n<p>No hab\u00eda caimanes.<\/p>\n<p>No hab\u00eda peligro.<\/p>\n<p>Solo silencio. Y, quiz\u00e1, un leve olor a pintura fresca y reconciliaci\u00f3n.<\/p>\n<p>\u2014Voy a comprar otra cerveza \u2014murmur\u00f3 Tito, con su andar torcido pero digno.<\/p>\n<p>Y esta vez, nadie intent\u00f3 impedirlo.<\/p>","protected":false},"excerpt":{"rendered":"<p>En el id\u00edlico y resplandeciente pa\u00eds de X \u2014donde los desayunos se sirven con tres tipos de aguacate y la polic\u00eda fiscal viste de Prada\u2014 viv\u00eda la familia Del Prado del Montequinto y Algo M\u00e1s. Eran el ep\u00edtome de la perfecci\u00f3n social: mansi\u00f3n con columnas d\u00f3ricas, coches tan grandes que [&hellip;]<\/p>\n","protected":false},"author":294,"featured_media":65671,"comment_status":"closed","ping_status":"closed","sticky":false,"template":"","format":"standard","meta":{"footnotes":""},"categories":[3908],"tags":[],"class_list":["post-65670","post","type-post","status-publish","format-standard","has-post-thumbnail","hentry","category-la-bodeguita-de-hemingway"],"yoast_head":"<!-- This site is optimized with the Yoast SEO plugin v27.5 - https:\/\/yoast.com\/product\/yoast-seo-wordpress\/ -->\n<title>La familia que olvid\u00f3 poner en su puerta la se\u00f1al contra el \u00e1ngel exterminador - Revista Rambla<\/title>\n<meta name=\"robots\" content=\"index, follow, max-snippet:-1, max-image-preview:large, max-video-preview:-1\" \/>\n<link rel=\"canonical\" href=\"https:\/\/www.revistarambla.com\/en\/la-familia-que-olvido-poner-en-su-puerta-la-senal-contra-el-angel-exterminador\/\" \/>\n<meta property=\"og:locale\" content=\"en_GB\" \/>\n<meta property=\"og:type\" content=\"article\" \/>\n<meta property=\"og:title\" content=\"La familia que olvid\u00f3 poner en su puerta la se\u00f1al contra el \u00e1ngel exterminador - Revista Rambla\" \/>\n<meta property=\"og:description\" content=\"En el id\u00edlico y resplandeciente pa\u00eds de X \u2014donde los desayunos se sirven con tres tipos de aguacate y la polic\u00eda fiscal viste de Prada\u2014 viv\u00eda la familia Del Prado del Montequinto y Algo M\u00e1s. Eran el ep\u00edtome de la perfecci\u00f3n social: mansi\u00f3n con columnas d\u00f3ricas, coches tan grandes que [&hellip;]\" \/>\n<meta property=\"og:url\" content=\"https:\/\/www.revistarambla.com\/en\/la-familia-que-olvido-poner-en-su-puerta-la-senal-contra-el-angel-exterminador\/\" \/>\n<meta property=\"og:site_name\" content=\"Revista Rambla\" \/>\n<meta property=\"article:publisher\" content=\"https:\/\/www.facebook.com\/revistarambla\/\" \/>\n<meta property=\"article:published_time\" content=\"2025-07-07T11:16:20+00:00\" \/>\n<meta property=\"og:image\" content=\"https:\/\/www.revistarambla.com\/wp-content\/uploads\/2025\/07\/image.jpg\" \/>\n\t<meta property=\"og:image:width\" content=\"720\" \/>\n\t<meta property=\"og:image:height\" content=\"576\" \/>\n\t<meta property=\"og:image:type\" content=\"image\/jpeg\" \/>\n<meta name=\"author\" content=\"Jos\u00e9 Antonio Gamero Romero\" \/>\n<meta name=\"twitter:card\" content=\"summary_large_image\" \/>\n<meta name=\"twitter:creator\" content=\"@revistarambla\" \/>\n<meta name=\"twitter:site\" content=\"@revistarambla\" \/>\n<meta name=\"twitter:label1\" content=\"Written by\" \/>\n\t<meta name=\"twitter:data1\" content=\"Jos\u00e9 Antonio Gamero Romero\" \/>\n\t<meta name=\"twitter:label2\" content=\"Estimated reading time\" \/>\n\t<meta name=\"twitter:data2\" content=\"5 minutes\" \/>\n<script type=\"application\/ld+json\" class=\"yoast-schema-graph\">{\"@context\":\"https:\\\/\\\/schema.org\",\"@graph\":[{\"@type\":\"Article\",\"@id\":\"https:\\\/\\\/www.revistarambla.com\\\/la-familia-que-olvido-poner-en-su-puerta-la-senal-contra-el-angel-exterminador\\\/#article\",\"isPartOf\":{\"@id\":\"https:\\\/\\\/www.revistarambla.com\\\/la-familia-que-olvido-poner-en-su-puerta-la-senal-contra-el-angel-exterminador\\\/\"},\"author\":{\"name\":\"Jos\u00e9 Antonio Gamero Romero\",\"@id\":\"https:\\\/\\\/www.revistarambla.com\\\/#\\\/schema\\\/person\\\/94294f57cf4910853e3280fda7339bfc\"},\"headline\":\"La familia que olvid\u00f3 poner en su puerta la se\u00f1al contra el \u00e1ngel exterminador\",\"datePublished\":\"2025-07-07T11:16:20+00:00\",\"mainEntityOfPage\":{\"@id\":\"https:\\\/\\\/www.revistarambla.com\\\/la-familia-que-olvido-poner-en-su-puerta-la-senal-contra-el-angel-exterminador\\\/\"},\"wordCount\":956,\"publisher\":{\"@id\":\"https:\\\/\\\/www.revistarambla.com\\\/#organization\"},\"image\":{\"@id\":\"https:\\\/\\\/www.revistarambla.com\\\/la-familia-que-olvido-poner-en-su-puerta-la-senal-contra-el-angel-exterminador\\\/#primaryimage\"},\"thumbnailUrl\":\"https:\\\/\\\/www.revistarambla.com\\\/wp-content\\\/uploads\\\/2025\\\/07\\\/image.jpg\",\"articleSection\":[\"La bodeguita de Hemingway\"],\"inLanguage\":\"en-GB\"},{\"@type\":\"WebPage\",\"@id\":\"https:\\\/\\\/www.revistarambla.com\\\/la-familia-que-olvido-poner-en-su-puerta-la-senal-contra-el-angel-exterminador\\\/\",\"url\":\"https:\\\/\\\/www.revistarambla.com\\\/la-familia-que-olvido-poner-en-su-puerta-la-senal-contra-el-angel-exterminador\\\/\",\"name\":\"La familia que olvid\u00f3 poner en su puerta la se\u00f1al contra el \u00e1ngel exterminador - Revista Rambla\",\"isPartOf\":{\"@id\":\"https:\\\/\\\/www.revistarambla.com\\\/#website\"},\"primaryImageOfPage\":{\"@id\":\"https:\\\/\\\/www.revistarambla.com\\\/la-familia-que-olvido-poner-en-su-puerta-la-senal-contra-el-angel-exterminador\\\/#primaryimage\"},\"image\":{\"@id\":\"https:\\\/\\\/www.revistarambla.com\\\/la-familia-que-olvido-poner-en-su-puerta-la-senal-contra-el-angel-exterminador\\\/#primaryimage\"},\"thumbnailUrl\":\"https:\\\/\\\/www.revistarambla.com\\\/wp-content\\\/uploads\\\/2025\\\/07\\\/image.jpg\",\"datePublished\":\"2025-07-07T11:16:20+00:00\",\"breadcrumb\":{\"@id\":\"https:\\\/\\\/www.revistarambla.com\\\/la-familia-que-olvido-poner-en-su-puerta-la-senal-contra-el-angel-exterminador\\\/#breadcrumb\"},\"inLanguage\":\"en-GB\",\"potentialAction\":[{\"@type\":\"ReadAction\",\"target\":[\"https:\\\/\\\/www.revistarambla.com\\\/la-familia-que-olvido-poner-en-su-puerta-la-senal-contra-el-angel-exterminador\\\/\"]}]},{\"@type\":\"ImageObject\",\"inLanguage\":\"en-GB\",\"@id\":\"https:\\\/\\\/www.revistarambla.com\\\/la-familia-que-olvido-poner-en-su-puerta-la-senal-contra-el-angel-exterminador\\\/#primaryimage\",\"url\":\"https:\\\/\\\/www.revistarambla.com\\\/wp-content\\\/uploads\\\/2025\\\/07\\\/image.jpg\",\"contentUrl\":\"https:\\\/\\\/www.revistarambla.com\\\/wp-content\\\/uploads\\\/2025\\\/07\\\/image.jpg\",\"width\":720,\"height\":576,\"caption\":\"\u00e1ngel exterminador\"},{\"@type\":\"BreadcrumbList\",\"@id\":\"https:\\\/\\\/www.revistarambla.com\\\/la-familia-que-olvido-poner-en-su-puerta-la-senal-contra-el-angel-exterminador\\\/#breadcrumb\",\"itemListElement\":[{\"@type\":\"ListItem\",\"position\":1,\"name\":\"Portada\",\"item\":\"https:\\\/\\\/www.revistarambla.com\\\/\"},{\"@type\":\"ListItem\",\"position\":2,\"name\":\"La familia que olvid\u00f3 poner en su puerta la se\u00f1al contra el \u00e1ngel exterminador\"}]},{\"@type\":\"WebSite\",\"@id\":\"https:\\\/\\\/www.revistarambla.com\\\/#website\",\"url\":\"https:\\\/\\\/www.revistarambla.com\\\/\",\"name\":\"Revista Rambla Barcelona\",\"description\":\"Periodismo independiente\",\"publisher\":{\"@id\":\"https:\\\/\\\/www.revistarambla.com\\\/#organization\"},\"potentialAction\":[{\"@type\":\"SearchAction\",\"target\":{\"@type\":\"EntryPoint\",\"urlTemplate\":\"https:\\\/\\\/www.revistarambla.com\\\/?s={search_term_string}\"},\"query-input\":{\"@type\":\"PropertyValueSpecification\",\"valueRequired\":true,\"valueName\":\"search_term_string\"}}],\"inLanguage\":\"en-GB\"},{\"@type\":\"Organization\",\"@id\":\"https:\\\/\\\/www.revistarambla.com\\\/#organization\",\"name\":\"Revista Rambla\",\"url\":\"https:\\\/\\\/www.revistarambla.com\\\/\",\"logo\":{\"@type\":\"ImageObject\",\"inLanguage\":\"en-GB\",\"@id\":\"https:\\\/\\\/www.revistarambla.com\\\/#\\\/schema\\\/logo\\\/image\\\/\",\"url\":\"https:\\\/\\\/www.revistarambla.com\\\/wp-content\\\/uploads\\\/2020\\\/09\\\/banner_rambla_1900x600_BB.png\",\"contentUrl\":\"https:\\\/\\\/www.revistarambla.com\\\/wp-content\\\/uploads\\\/2020\\\/09\\\/banner_rambla_1900x600_BB.png\",\"width\":1900,\"height\":600,\"caption\":\"Revista Rambla\"},\"image\":{\"@id\":\"https:\\\/\\\/www.revistarambla.com\\\/#\\\/schema\\\/logo\\\/image\\\/\"},\"sameAs\":[\"https:\\\/\\\/www.facebook.com\\\/revistarambla\\\/\",\"https:\\\/\\\/x.com\\\/revistarambla\",\"https:\\\/\\\/www.instagram.com\\\/revista_rambla\",\"https:\\\/\\\/es.linkedin.com\\\/company\\\/revista-rambla\"]},{\"@type\":\"Person\",\"@id\":\"https:\\\/\\\/www.revistarambla.com\\\/#\\\/schema\\\/person\\\/94294f57cf4910853e3280fda7339bfc\",\"name\":\"Jos\u00e9 Antonio Gamero Romero\",\"description\":\"Escritor sevillano finalista del premio Azor\u00edn 2014. Ha publicado en diferentes revistas como Culturamas, E\u00f1e, Visor, etc. Sus libros son: 'La invenci\u00f3n de los gigantes' (Buc\u00e9falo 2016); 'Literatura tridimensional' (Adarve 2018); 'S\u00f3crates no vino a Espa\u00f1a' (Samarcanda 2018); 'La rep\u00fablica del fin del mundo' (Tandaia 2018) y 'La bodeguita de Hemingway'.\"}]}<\/script>\n<!-- \/ Yoast SEO plugin. -->","yoast_head_json":{"title":"La familia que olvid\u00f3 poner en su puerta la se\u00f1al contra el \u00e1ngel exterminador - Revista Rambla","robots":{"index":"index","follow":"follow","max-snippet":"max-snippet:-1","max-image-preview":"max-image-preview:large","max-video-preview":"max-video-preview:-1"},"canonical":"https:\/\/www.revistarambla.com\/en\/la-familia-que-olvido-poner-en-su-puerta-la-senal-contra-el-angel-exterminador\/","og_locale":"en_GB","og_type":"article","og_title":"La familia que olvid\u00f3 poner en su puerta la se\u00f1al contra el \u00e1ngel exterminador - Revista Rambla","og_description":"En el id\u00edlico y resplandeciente pa\u00eds de X \u2014donde los desayunos se sirven con tres tipos de aguacate y la polic\u00eda fiscal viste de Prada\u2014 viv\u00eda la familia Del Prado del Montequinto y Algo M\u00e1s. Eran el ep\u00edtome de la perfecci\u00f3n social: mansi\u00f3n con columnas d\u00f3ricas, coches tan grandes que [&hellip;]","og_url":"https:\/\/www.revistarambla.com\/en\/la-familia-que-olvido-poner-en-su-puerta-la-senal-contra-el-angel-exterminador\/","og_site_name":"Revista Rambla","article_publisher":"https:\/\/www.facebook.com\/revistarambla\/","article_published_time":"2025-07-07T11:16:20+00:00","og_image":[{"width":720,"height":576,"url":"https:\/\/www.revistarambla.com\/wp-content\/uploads\/2025\/07\/image.jpg","type":"image\/jpeg"}],"author":"Jos\u00e9 Antonio Gamero Romero","twitter_card":"summary_large_image","twitter_creator":"@revistarambla","twitter_site":"@revistarambla","twitter_misc":{"Written by":"Jos\u00e9 Antonio Gamero Romero","Estimated reading time":"5 minutes"},"schema":{"@context":"https:\/\/schema.org","@graph":[{"@type":"Article","@id":"https:\/\/www.revistarambla.com\/la-familia-que-olvido-poner-en-su-puerta-la-senal-contra-el-angel-exterminador\/#article","isPartOf":{"@id":"https:\/\/www.revistarambla.com\/la-familia-que-olvido-poner-en-su-puerta-la-senal-contra-el-angel-exterminador\/"},"author":{"name":"Jos\u00e9 Antonio Gamero Romero","@id":"https:\/\/www.revistarambla.com\/#\/schema\/person\/94294f57cf4910853e3280fda7339bfc"},"headline":"La familia que olvid\u00f3 poner en su puerta la se\u00f1al contra el \u00e1ngel exterminador","datePublished":"2025-07-07T11:16:20+00:00","mainEntityOfPage":{"@id":"https:\/\/www.revistarambla.com\/la-familia-que-olvido-poner-en-su-puerta-la-senal-contra-el-angel-exterminador\/"},"wordCount":956,"publisher":{"@id":"https:\/\/www.revistarambla.com\/#organization"},"image":{"@id":"https:\/\/www.revistarambla.com\/la-familia-que-olvido-poner-en-su-puerta-la-senal-contra-el-angel-exterminador\/#primaryimage"},"thumbnailUrl":"https:\/\/www.revistarambla.com\/wp-content\/uploads\/2025\/07\/image.jpg","articleSection":["La bodeguita de Hemingway"],"inLanguage":"en-GB"},{"@type":"WebPage","@id":"https:\/\/www.revistarambla.com\/la-familia-que-olvido-poner-en-su-puerta-la-senal-contra-el-angel-exterminador\/","url":"https:\/\/www.revistarambla.com\/la-familia-que-olvido-poner-en-su-puerta-la-senal-contra-el-angel-exterminador\/","name":"La familia que olvid\u00f3 poner en su puerta la se\u00f1al contra el \u00e1ngel exterminador - Revista Rambla","isPartOf":{"@id":"https:\/\/www.revistarambla.com\/#website"},"primaryImageOfPage":{"@id":"https:\/\/www.revistarambla.com\/la-familia-que-olvido-poner-en-su-puerta-la-senal-contra-el-angel-exterminador\/#primaryimage"},"image":{"@id":"https:\/\/www.revistarambla.com\/la-familia-que-olvido-poner-en-su-puerta-la-senal-contra-el-angel-exterminador\/#primaryimage"},"thumbnailUrl":"https:\/\/www.revistarambla.com\/wp-content\/uploads\/2025\/07\/image.jpg","datePublished":"2025-07-07T11:16:20+00:00","breadcrumb":{"@id":"https:\/\/www.revistarambla.com\/la-familia-que-olvido-poner-en-su-puerta-la-senal-contra-el-angel-exterminador\/#breadcrumb"},"inLanguage":"en-GB","potentialAction":[{"@type":"ReadAction","target":["https:\/\/www.revistarambla.com\/la-familia-que-olvido-poner-en-su-puerta-la-senal-contra-el-angel-exterminador\/"]}]},{"@type":"ImageObject","inLanguage":"en-GB","@id":"https:\/\/www.revistarambla.com\/la-familia-que-olvido-poner-en-su-puerta-la-senal-contra-el-angel-exterminador\/#primaryimage","url":"https:\/\/www.revistarambla.com\/wp-content\/uploads\/2025\/07\/image.jpg","contentUrl":"https:\/\/www.revistarambla.com\/wp-content\/uploads\/2025\/07\/image.jpg","width":720,"height":576,"caption":"\u00e1ngel exterminador"},{"@type":"BreadcrumbList","@id":"https:\/\/www.revistarambla.com\/la-familia-que-olvido-poner-en-su-puerta-la-senal-contra-el-angel-exterminador\/#breadcrumb","itemListElement":[{"@type":"ListItem","position":1,"name":"Portada","item":"https:\/\/www.revistarambla.com\/"},{"@type":"ListItem","position":2,"name":"La familia que olvid\u00f3 poner en su puerta la se\u00f1al contra el \u00e1ngel exterminador"}]},{"@type":"WebSite","@id":"https:\/\/www.revistarambla.com\/#website","url":"https:\/\/www.revistarambla.com\/","name":"Revista Rambla Barcelona","description":"Periodismo independiente","publisher":{"@id":"https:\/\/www.revistarambla.com\/#organization"},"potentialAction":[{"@type":"SearchAction","target":{"@type":"EntryPoint","urlTemplate":"https:\/\/www.revistarambla.com\/?s={search_term_string}"},"query-input":{"@type":"PropertyValueSpecification","valueRequired":true,"valueName":"search_term_string"}}],"inLanguage":"en-GB"},{"@type":"Organization","@id":"https:\/\/www.revistarambla.com\/#organization","name":"Revista Rambla","url":"https:\/\/www.revistarambla.com\/","logo":{"@type":"ImageObject","inLanguage":"en-GB","@id":"https:\/\/www.revistarambla.com\/#\/schema\/logo\/image\/","url":"https:\/\/www.revistarambla.com\/wp-content\/uploads\/2020\/09\/banner_rambla_1900x600_BB.png","contentUrl":"https:\/\/www.revistarambla.com\/wp-content\/uploads\/2020\/09\/banner_rambla_1900x600_BB.png","width":1900,"height":600,"caption":"Revista Rambla"},"image":{"@id":"https:\/\/www.revistarambla.com\/#\/schema\/logo\/image\/"},"sameAs":["https:\/\/www.facebook.com\/revistarambla\/","https:\/\/x.com\/revistarambla","https:\/\/www.instagram.com\/revista_rambla","https:\/\/es.linkedin.com\/company\/revista-rambla"]},{"@type":"Person","@id":"https:\/\/www.revistarambla.com\/#\/schema\/person\/94294f57cf4910853e3280fda7339bfc","name":"Jos\u00e9 Antonio Gamero Romero","description":"Escritor sevillano finalista del premio Azor\u00edn 2014. Ha publicado en diferentes revistas como Culturamas, E\u00f1e, Visor, etc. Sus libros son: 'La invenci\u00f3n de los gigantes' (Buc\u00e9falo 2016); 'Literatura tridimensional' (Adarve 2018); 'S\u00f3crates no vino a Espa\u00f1a' (Samarcanda 2018); 'La rep\u00fablica del fin del mundo' (Tandaia 2018) y 'La bodeguita de Hemingway'."}]}},"_links":{"self":[{"href":"https:\/\/www.revistarambla.com\/en\/wp-json\/wp\/v2\/posts\/65670","targetHints":{"allow":["GET"]}}],"collection":[{"href":"https:\/\/www.revistarambla.com\/en\/wp-json\/wp\/v2\/posts"}],"about":[{"href":"https:\/\/www.revistarambla.com\/en\/wp-json\/wp\/v2\/types\/post"}],"author":[{"embeddable":true,"href":"https:\/\/www.revistarambla.com\/en\/wp-json\/wp\/v2\/users\/294"}],"replies":[{"embeddable":true,"href":"https:\/\/www.revistarambla.com\/en\/wp-json\/wp\/v2\/comments?post=65670"}],"version-history":[{"count":1,"href":"https:\/\/www.revistarambla.com\/en\/wp-json\/wp\/v2\/posts\/65670\/revisions"}],"predecessor-version":[{"id":65672,"href":"https:\/\/www.revistarambla.com\/en\/wp-json\/wp\/v2\/posts\/65670\/revisions\/65672"}],"wp:featuredmedia":[{"embeddable":true,"href":"https:\/\/www.revistarambla.com\/en\/wp-json\/wp\/v2\/media\/65671"}],"wp:attachment":[{"href":"https:\/\/www.revistarambla.com\/en\/wp-json\/wp\/v2\/media?parent=65670"}],"wp:term":[{"taxonomy":"category","embeddable":true,"href":"https:\/\/www.revistarambla.com\/en\/wp-json\/wp\/v2\/categories?post=65670"},{"taxonomy":"post_tag","embeddable":true,"href":"https:\/\/www.revistarambla.com\/en\/wp-json\/wp\/v2\/tags?post=65670"}],"curies":[{"name":"wp","href":"https:\/\/api.w.org\/{rel}","templated":true}]}}