{"id":65648,"date":"2025-07-03T12:39:16","date_gmt":"2025-07-03T10:39:16","guid":{"rendered":"https:\/\/www.revistarambla.com\/?p=65648"},"modified":"2025-07-03T12:39:16","modified_gmt":"2025-07-03T10:39:16","slug":"milers-de-persones-aturen-el-macrodesnonament-de-vallcarca-i-denuncien-el-psc-per-voler-destruir-habitatge-public","status":"publish","type":"post","link":"https:\/\/www.revistarambla.com\/en\/milers-de-persones-aturen-el-macrodesnonament-de-vallcarca-i-denuncien-el-psc-per-voler-destruir-habitatge-public\/","title":{"rendered":"Milers de persones aturen el macrodesnonament de Vallcarca i denuncien el PSC per voler destruir habitatge p\u00fablic"},"content":{"rendered":"<p dir=\"ltr\">Fa nom\u00e9s dos dies es va publicar que la principal preocupaci\u00f3 de la ciutadania de Barcelona \u00e9s l\u2019habitatge. Avui, a Vallcarca, s\u2019ha demostrat que la gent no nom\u00e9s pateix per aquesta situaci\u00f3, sin\u00f3 que est\u00e0 disposada a organitzar-se lluitar perqu\u00e8 l\u2019habitatge sigui un dret efectiu. Avui, un miler de persones s\u2019han mobilitzat disposades a aturar el desnonament de 40 ve\u00efnes de Vallcarca, 13 d\u2019elles menors, que viuen en habitatges de titularitat p\u00fablica. Concretament, els tres blocs de pisos ubicats a l&#8217;avinguda Vallcarca, 83 i 87bis i al carrer Farigola 3.<\/p>\n<h3>Ampli suport social davant una comitiva judicial sense eines<\/h3>\n<p dir=\"ltr\">Des de les 7 del mat\u00ed s&#8217;han concentrat centenars de persones solid\u00e0ries a l&#8217;avinguda. Els col\u00b7lectius convocants del barri han organitzat una jornada de lluita que ha acollit diferents parlaments amb organitzacions del moviment per l\u2019habitatge com la COSHAC o Sindicat de Llogateres; organitzacions del m\u00f3n de l\u2019educaci\u00f3 com Docents 080 i el SEPC; o d\u2019altres plataformes de treballadors p\u00fablics com la Cap\u00e7alera, en l\u2019\u00e0mbit de la salut, Bombers contra els Desnonaments o A Cobert, una nova plataforma que aglutina treballadors de l\u2019Ajuntament de Barcelona que lluiten contra els desnonaments. A la jornada hi han participat artistes musicals i personalitats del m\u00f3n de la cultura.<\/p>\n<p dir=\"ltr\">A\u00a0 les set del mat\u00ed tamb\u00e9 han aparegut la comitiva judicial acompanyada d&#8217;una patrulla de la Gu\u00e0rdia urbana, qui ha intentat accedir als dos blocs de l\u2019Avinguda Vallcarca amb una ordre administrativa sense \u00e8xit. Els funcionaris judicials s\u2019hi han retirat i han advertit que tornarien amb una ordre judicial que els permet\u00e9s accedir-hi amb suport judicial. Quant al tercer bloc amb ordre de desnonament, del carrer Farigola 3, ahir a \u00faltima hora el jutjat va suspendre el desnonament com a mesura cautelar. A tres quarts de deu del mat\u00ed s&#8217;ha confirmat la suspensi\u00f3 dels desnonaments i s\u2019ha anunciat i celebrat amb totes les persones presents.<\/p>\n<h3>Arguments t\u00e8cnics inconsistents per abordar un problema pol\u00edtic<\/h3>\n<p dir=\"ltr\">Malgrat les reiterades propostes que el teixit associatiu de Vallcarca ha fet al govern de Collboni per evitar els desnonaments, la destrucci\u00f3 dels habitatges p\u00fablics i la implementaci\u00f3 d\u2019un pla urban\u00edstic contrari a la voluntat dels ve\u00efns, el PSC sempre s\u2019ha negat a escoltar les ve\u00efnes. L\u2019Ajuntament, per la seva banda, ha justificat en un comunicat de premsa que el motiu dels desnonaments \u00e9s que les finques no es troben en bon estat t\u00e8cnic i que no pot garantir la seguretat als \u201cinfrahabitatges\u201d, per\u00f2 les ve\u00efnes ho han desmentit a trav\u00e9s d\u2019informes t\u00e8cnics independents i c\u00e8dules d\u2019habitabilitat.<\/p>\n<p dir=\"ltr\">\u201cDavant l\u2019intent del govern de Jaume Collboni de reduir el conflicte de l\u2019habitatge a una q\u00fcesti\u00f3 t\u00e8cnica, les ve\u00efnes i ve\u00efns de Vallcarca volem deixar clar que aquest \u00e9s un conflicte profundament pol\u00edtic i social\u201d, ha sentenciat l\u2019Iru Moner, afectat per un dels desallotjaments previstos i portaveu de l\u2019Associaci\u00f3 Som Vallcarca.<\/p>\n<p dir=\"ltr\">\u201cEl que l\u2019Ajuntament i els especuladors anomenen \u201cinfrahabitatge\u201d \u00e9s, en realitat, la conseq\u00fc\u00e8ncia de deixar-se fins al 80% del sou en el lloguer o haver de patir part dels m\u00e9s de mig mili\u00f3 de desnonaments que s\u2019han produ\u00eft a Catalunya en els darrers anys. Les nostres cases no s\u00f3n infrahabitatges: s\u00f3n llars\u201d.<\/p>\n<h3>S\u2019omplen la boca amb el pla 50.000, per\u00f2 destrueixen habitatge p\u00fablic i protegit per la porta del darrere<\/h3>\n<p dir=\"ltr\">Mentre el PSC promet la construcci\u00f3 de 50.000 habitatges p\u00fablics, la realitat a Vallcarca \u00e9s ben diferent: aqu\u00ed s\u2019est\u00e0 destruint habitatge p\u00fablic, i a tot Catalunya s\u2019est\u00e0 desqualificant habitatge protegit, convertint-lo en negoci per a uns pocs. \u00c9s per aix\u00f2 que les ve\u00efnes de Vallcarca exigeixen l\u2019aturada immediata dels desnonaments i l\u2019obertura d\u2019un proc\u00e9s de di\u00e0leg real que permeti als ve\u00efns i ve\u00efnes de Vallcarca decidir quin barri volem.<\/p>\n<p dir=\"ltr\">En un moment en qu\u00e8 surten a la llum presumptes casos de corrupci\u00f3 pol\u00edtica que afecten membres del Partit Socialista, relacionats amb comissions il\u00b7legals i favors a grans constructores, \u00e9s m\u00e9s necessari que mai extremar la vigil\u00e0ncia en la implementaci\u00f3 de plans urban\u00edstics pactats fa 23 anys.\u00a0 Aquestes trames, que apunten a un model de conniv\u00e8ncia entre poder pol\u00edtic i grans operadors econ\u00f2mics, obliguen a extremar la vigil\u00e0ncia sobre qualsevol canvi normatiu o pol\u00edtica urban\u00edstica que afavoreixi els interessos empresarials de constructores com Nu\u00f1ez i Navarro.<\/p>","protected":false},"excerpt":{"rendered":"<p>Fa nom\u00e9s dos dies es va publicar que la principal preocupaci\u00f3 de la ciutadania de Barcelona \u00e9s l\u2019habitatge. Avui, a Vallcarca, s\u2019ha demostrat que la gent no nom\u00e9s pateix per aquesta situaci\u00f3, sin\u00f3 que est\u00e0 disposada a organitzar-se lluitar perqu\u00e8 l\u2019habitatge sigui un dret efectiu. Avui, un miler de persones [&hellip;]<\/p>\n","protected":false},"author":328,"featured_media":65649,"comment_status":"closed","ping_status":"closed","sticky":false,"template":"","format":"standard","meta":{"footnotes":""},"categories":[4079],"tags":[],"class_list":["post-65648","post","type-post","status-publish","format-standard","has-post-thumbnail","hentry","category-tribuna-libre"],"yoast_head":"<!-- This site is optimized with the Yoast SEO plugin v27.5 - https:\/\/yoast.com\/product\/yoast-seo-wordpress\/ -->\n<title>Milers de persones aturen el macrodesnonament de Vallcarca i denuncien el PSC per voler destruir habitatge p\u00fablic - Revista Rambla<\/title>\n<meta name=\"robots\" content=\"index, follow, max-snippet:-1, max-image-preview:large, max-video-preview:-1\" \/>\n<link rel=\"canonical\" href=\"https:\/\/www.revistarambla.com\/en\/milers-de-persones-aturen-el-macrodesnonament-de-vallcarca-i-denuncien-el-psc-per-voler-destruir-habitatge-public\/\" \/>\n<meta property=\"og:locale\" content=\"en_GB\" \/>\n<meta property=\"og:type\" content=\"article\" \/>\n<meta property=\"og:title\" content=\"Milers de persones aturen el macrodesnonament de Vallcarca i denuncien el PSC per voler destruir habitatge p\u00fablic - Revista Rambla\" \/>\n<meta property=\"og:description\" content=\"Fa nom\u00e9s dos dies es va publicar que la principal preocupaci\u00f3 de la ciutadania de Barcelona \u00e9s l\u2019habitatge. Avui, a Vallcarca, s\u2019ha demostrat que la gent no nom\u00e9s pateix per aquesta situaci\u00f3, sin\u00f3 que est\u00e0 disposada a organitzar-se lluitar perqu\u00e8 l\u2019habitatge sigui un dret efectiu. Avui, un miler de persones [&hellip;]\" \/>\n<meta property=\"og:url\" content=\"https:\/\/www.revistarambla.com\/en\/milers-de-persones-aturen-el-macrodesnonament-de-vallcarca-i-denuncien-el-psc-per-voler-destruir-habitatge-public\/\" \/>\n<meta property=\"og:site_name\" content=\"Revista Rambla\" \/>\n<meta property=\"article:publisher\" content=\"https:\/\/www.facebook.com\/revistarambla\/\" \/>\n<meta property=\"article:author\" content=\"https:\/\/www.facebook.com\/SindicatLloguer\/\" \/>\n<meta property=\"article:published_time\" content=\"2025-07-03T10:39:16+00:00\" \/>\n<meta property=\"og:image\" content=\"https:\/\/www.revistarambla.com\/wp-content\/uploads\/2025\/07\/macrodesnonament-de-Vallcarca.jpg\" \/>\n\t<meta property=\"og:image:width\" content=\"1200\" \/>\n\t<meta property=\"og:image:height\" content=\"900\" \/>\n\t<meta property=\"og:image:type\" content=\"image\/jpeg\" \/>\n<meta name=\"author\" content=\"Sindicat de Llogateres\" \/>\n<meta name=\"twitter:card\" content=\"summary_large_image\" \/>\n<meta name=\"twitter:creator\" content=\"@sindicatlloguer\" \/>\n<meta name=\"twitter:site\" content=\"@revistarambla\" \/>\n<meta name=\"twitter:label1\" content=\"Written by\" \/>\n\t<meta name=\"twitter:data1\" content=\"Sindicat de Llogateres\" \/>\n\t<meta name=\"twitter:label2\" content=\"Estimated reading time\" \/>\n\t<meta name=\"twitter:data2\" content=\"4 minutes\" \/>\n<script type=\"application\/ld+json\" class=\"yoast-schema-graph\">{\"@context\":\"https:\\\/\\\/schema.org\",\"@graph\":[{\"@type\":\"Article\",\"@id\":\"https:\\\/\\\/www.revistarambla.com\\\/milers-de-persones-aturen-el-macrodesnonament-de-vallcarca-i-denuncien-el-psc-per-voler-destruir-habitatge-public\\\/#article\",\"isPartOf\":{\"@id\":\"https:\\\/\\\/www.revistarambla.com\\\/milers-de-persones-aturen-el-macrodesnonament-de-vallcarca-i-denuncien-el-psc-per-voler-destruir-habitatge-public\\\/\"},\"author\":{\"name\":\"Sindicat de Llogateres\",\"@id\":\"https:\\\/\\\/www.revistarambla.com\\\/#\\\/schema\\\/person\\\/cdb47f1b20cae4529e0d80b9b620ee26\"},\"headline\":\"Milers de persones aturen el macrodesnonament de Vallcarca i denuncien el PSC per voler destruir habitatge p\u00fablic\",\"datePublished\":\"2025-07-03T10:39:16+00:00\",\"mainEntityOfPage\":{\"@id\":\"https:\\\/\\\/www.revistarambla.com\\\/milers-de-persones-aturen-el-macrodesnonament-de-vallcarca-i-denuncien-el-psc-per-voler-destruir-habitatge-public\\\/\"},\"wordCount\":785,\"publisher\":{\"@id\":\"https:\\\/\\\/www.revistarambla.com\\\/#organization\"},\"image\":{\"@id\":\"https:\\\/\\\/www.revistarambla.com\\\/milers-de-persones-aturen-el-macrodesnonament-de-vallcarca-i-denuncien-el-psc-per-voler-destruir-habitatge-public\\\/#primaryimage\"},\"thumbnailUrl\":\"https:\\\/\\\/www.revistarambla.com\\\/wp-content\\\/uploads\\\/2025\\\/07\\\/macrodesnonament-de-Vallcarca.jpg\",\"articleSection\":[\"Tribuna Libre\"],\"inLanguage\":\"en-GB\"},{\"@type\":\"WebPage\",\"@id\":\"https:\\\/\\\/www.revistarambla.com\\\/milers-de-persones-aturen-el-macrodesnonament-de-vallcarca-i-denuncien-el-psc-per-voler-destruir-habitatge-public\\\/\",\"url\":\"https:\\\/\\\/www.revistarambla.com\\\/milers-de-persones-aturen-el-macrodesnonament-de-vallcarca-i-denuncien-el-psc-per-voler-destruir-habitatge-public\\\/\",\"name\":\"Milers de persones aturen el macrodesnonament de Vallcarca i denuncien el PSC per voler destruir habitatge p\u00fablic - Revista Rambla\",\"isPartOf\":{\"@id\":\"https:\\\/\\\/www.revistarambla.com\\\/#website\"},\"primaryImageOfPage\":{\"@id\":\"https:\\\/\\\/www.revistarambla.com\\\/milers-de-persones-aturen-el-macrodesnonament-de-vallcarca-i-denuncien-el-psc-per-voler-destruir-habitatge-public\\\/#primaryimage\"},\"image\":{\"@id\":\"https:\\\/\\\/www.revistarambla.com\\\/milers-de-persones-aturen-el-macrodesnonament-de-vallcarca-i-denuncien-el-psc-per-voler-destruir-habitatge-public\\\/#primaryimage\"},\"thumbnailUrl\":\"https:\\\/\\\/www.revistarambla.com\\\/wp-content\\\/uploads\\\/2025\\\/07\\\/macrodesnonament-de-Vallcarca.jpg\",\"datePublished\":\"2025-07-03T10:39:16+00:00\",\"breadcrumb\":{\"@id\":\"https:\\\/\\\/www.revistarambla.com\\\/milers-de-persones-aturen-el-macrodesnonament-de-vallcarca-i-denuncien-el-psc-per-voler-destruir-habitatge-public\\\/#breadcrumb\"},\"inLanguage\":\"en-GB\",\"potentialAction\":[{\"@type\":\"ReadAction\",\"target\":[\"https:\\\/\\\/www.revistarambla.com\\\/milers-de-persones-aturen-el-macrodesnonament-de-vallcarca-i-denuncien-el-psc-per-voler-destruir-habitatge-public\\\/\"]}]},{\"@type\":\"ImageObject\",\"inLanguage\":\"en-GB\",\"@id\":\"https:\\\/\\\/www.revistarambla.com\\\/milers-de-persones-aturen-el-macrodesnonament-de-vallcarca-i-denuncien-el-psc-per-voler-destruir-habitatge-public\\\/#primaryimage\",\"url\":\"https:\\\/\\\/www.revistarambla.com\\\/wp-content\\\/uploads\\\/2025\\\/07\\\/macrodesnonament-de-Vallcarca.jpg\",\"contentUrl\":\"https:\\\/\\\/www.revistarambla.com\\\/wp-content\\\/uploads\\\/2025\\\/07\\\/macrodesnonament-de-Vallcarca.jpg\",\"width\":1200,\"height\":900,\"caption\":\"desnonament de Vallcarca\"},{\"@type\":\"BreadcrumbList\",\"@id\":\"https:\\\/\\\/www.revistarambla.com\\\/milers-de-persones-aturen-el-macrodesnonament-de-vallcarca-i-denuncien-el-psc-per-voler-destruir-habitatge-public\\\/#breadcrumb\",\"itemListElement\":[{\"@type\":\"ListItem\",\"position\":1,\"name\":\"Portada\",\"item\":\"https:\\\/\\\/www.revistarambla.com\\\/\"},{\"@type\":\"ListItem\",\"position\":2,\"name\":\"Milers de persones aturen el macrodesnonament de Vallcarca i denuncien el PSC per voler destruir habitatge p\u00fablic\"}]},{\"@type\":\"WebSite\",\"@id\":\"https:\\\/\\\/www.revistarambla.com\\\/#website\",\"url\":\"https:\\\/\\\/www.revistarambla.com\\\/\",\"name\":\"Revista Rambla Barcelona\",\"description\":\"Periodismo independiente\",\"publisher\":{\"@id\":\"https:\\\/\\\/www.revistarambla.com\\\/#organization\"},\"potentialAction\":[{\"@type\":\"SearchAction\",\"target\":{\"@type\":\"EntryPoint\",\"urlTemplate\":\"https:\\\/\\\/www.revistarambla.com\\\/?s={search_term_string}\"},\"query-input\":{\"@type\":\"PropertyValueSpecification\",\"valueRequired\":true,\"valueName\":\"search_term_string\"}}],\"inLanguage\":\"en-GB\"},{\"@type\":\"Organization\",\"@id\":\"https:\\\/\\\/www.revistarambla.com\\\/#organization\",\"name\":\"Revista Rambla\",\"url\":\"https:\\\/\\\/www.revistarambla.com\\\/\",\"logo\":{\"@type\":\"ImageObject\",\"inLanguage\":\"en-GB\",\"@id\":\"https:\\\/\\\/www.revistarambla.com\\\/#\\\/schema\\\/logo\\\/image\\\/\",\"url\":\"https:\\\/\\\/www.revistarambla.com\\\/wp-content\\\/uploads\\\/2020\\\/09\\\/banner_rambla_1900x600_BB.png\",\"contentUrl\":\"https:\\\/\\\/www.revistarambla.com\\\/wp-content\\\/uploads\\\/2020\\\/09\\\/banner_rambla_1900x600_BB.png\",\"width\":1900,\"height\":600,\"caption\":\"Revista Rambla\"},\"image\":{\"@id\":\"https:\\\/\\\/www.revistarambla.com\\\/#\\\/schema\\\/logo\\\/image\\\/\"},\"sameAs\":[\"https:\\\/\\\/www.facebook.com\\\/revistarambla\\\/\",\"https:\\\/\\\/x.com\\\/revistarambla\",\"https:\\\/\\\/www.instagram.com\\\/revista_rambla\",\"https:\\\/\\\/es.linkedin.com\\\/company\\\/revista-rambla\"]},{\"@type\":\"Person\",\"@id\":\"https:\\\/\\\/www.revistarambla.com\\\/#\\\/schema\\\/person\\\/cdb47f1b20cae4529e0d80b9b620ee26\",\"name\":\"Sindicat de Llogateres\",\"description\":\"Protegim el dret a l'habitatge. Millorem la vida de la gent. Ajuda'ns a seguir canviant les coses i suma-t'hi.\",\"sameAs\":[\"http:\\\/\\\/sindicatdellogateres.org\\\/\",\"https:\\\/\\\/www.facebook.com\\\/SindicatLloguer\\\/\",\"https:\\\/\\\/x.com\\\/sindicatlloguer\"]}]}<\/script>\n<!-- \/ Yoast SEO plugin. -->","yoast_head_json":{"title":"Milers de persones aturen el macrodesnonament de Vallcarca i denuncien el PSC per voler destruir habitatge p\u00fablic - Revista Rambla","robots":{"index":"index","follow":"follow","max-snippet":"max-snippet:-1","max-image-preview":"max-image-preview:large","max-video-preview":"max-video-preview:-1"},"canonical":"https:\/\/www.revistarambla.com\/en\/milers-de-persones-aturen-el-macrodesnonament-de-vallcarca-i-denuncien-el-psc-per-voler-destruir-habitatge-public\/","og_locale":"en_GB","og_type":"article","og_title":"Milers de persones aturen el macrodesnonament de Vallcarca i denuncien el PSC per voler destruir habitatge p\u00fablic - Revista Rambla","og_description":"Fa nom\u00e9s dos dies es va publicar que la principal preocupaci\u00f3 de la ciutadania de Barcelona \u00e9s l\u2019habitatge. Avui, a Vallcarca, s\u2019ha demostrat que la gent no nom\u00e9s pateix per aquesta situaci\u00f3, sin\u00f3 que est\u00e0 disposada a organitzar-se lluitar perqu\u00e8 l\u2019habitatge sigui un dret efectiu. Avui, un miler de persones [&hellip;]","og_url":"https:\/\/www.revistarambla.com\/en\/milers-de-persones-aturen-el-macrodesnonament-de-vallcarca-i-denuncien-el-psc-per-voler-destruir-habitatge-public\/","og_site_name":"Revista Rambla","article_publisher":"https:\/\/www.facebook.com\/revistarambla\/","article_author":"https:\/\/www.facebook.com\/SindicatLloguer\/","article_published_time":"2025-07-03T10:39:16+00:00","og_image":[{"width":1200,"height":900,"url":"https:\/\/www.revistarambla.com\/wp-content\/uploads\/2025\/07\/macrodesnonament-de-Vallcarca.jpg","type":"image\/jpeg"}],"author":"Sindicat de Llogateres","twitter_card":"summary_large_image","twitter_creator":"@sindicatlloguer","twitter_site":"@revistarambla","twitter_misc":{"Written by":"Sindicat de Llogateres","Estimated reading time":"4 minutes"},"schema":{"@context":"https:\/\/schema.org","@graph":[{"@type":"Article","@id":"https:\/\/www.revistarambla.com\/milers-de-persones-aturen-el-macrodesnonament-de-vallcarca-i-denuncien-el-psc-per-voler-destruir-habitatge-public\/#article","isPartOf":{"@id":"https:\/\/www.revistarambla.com\/milers-de-persones-aturen-el-macrodesnonament-de-vallcarca-i-denuncien-el-psc-per-voler-destruir-habitatge-public\/"},"author":{"name":"Sindicat de Llogateres","@id":"https:\/\/www.revistarambla.com\/#\/schema\/person\/cdb47f1b20cae4529e0d80b9b620ee26"},"headline":"Milers de persones aturen el macrodesnonament de Vallcarca i denuncien el PSC per voler destruir habitatge p\u00fablic","datePublished":"2025-07-03T10:39:16+00:00","mainEntityOfPage":{"@id":"https:\/\/www.revistarambla.com\/milers-de-persones-aturen-el-macrodesnonament-de-vallcarca-i-denuncien-el-psc-per-voler-destruir-habitatge-public\/"},"wordCount":785,"publisher":{"@id":"https:\/\/www.revistarambla.com\/#organization"},"image":{"@id":"https:\/\/www.revistarambla.com\/milers-de-persones-aturen-el-macrodesnonament-de-vallcarca-i-denuncien-el-psc-per-voler-destruir-habitatge-public\/#primaryimage"},"thumbnailUrl":"https:\/\/www.revistarambla.com\/wp-content\/uploads\/2025\/07\/macrodesnonament-de-Vallcarca.jpg","articleSection":["Tribuna Libre"],"inLanguage":"en-GB"},{"@type":"WebPage","@id":"https:\/\/www.revistarambla.com\/milers-de-persones-aturen-el-macrodesnonament-de-vallcarca-i-denuncien-el-psc-per-voler-destruir-habitatge-public\/","url":"https:\/\/www.revistarambla.com\/milers-de-persones-aturen-el-macrodesnonament-de-vallcarca-i-denuncien-el-psc-per-voler-destruir-habitatge-public\/","name":"Milers de persones aturen el macrodesnonament de Vallcarca i denuncien el PSC per voler destruir habitatge p\u00fablic - Revista Rambla","isPartOf":{"@id":"https:\/\/www.revistarambla.com\/#website"},"primaryImageOfPage":{"@id":"https:\/\/www.revistarambla.com\/milers-de-persones-aturen-el-macrodesnonament-de-vallcarca-i-denuncien-el-psc-per-voler-destruir-habitatge-public\/#primaryimage"},"image":{"@id":"https:\/\/www.revistarambla.com\/milers-de-persones-aturen-el-macrodesnonament-de-vallcarca-i-denuncien-el-psc-per-voler-destruir-habitatge-public\/#primaryimage"},"thumbnailUrl":"https:\/\/www.revistarambla.com\/wp-content\/uploads\/2025\/07\/macrodesnonament-de-Vallcarca.jpg","datePublished":"2025-07-03T10:39:16+00:00","breadcrumb":{"@id":"https:\/\/www.revistarambla.com\/milers-de-persones-aturen-el-macrodesnonament-de-vallcarca-i-denuncien-el-psc-per-voler-destruir-habitatge-public\/#breadcrumb"},"inLanguage":"en-GB","potentialAction":[{"@type":"ReadAction","target":["https:\/\/www.revistarambla.com\/milers-de-persones-aturen-el-macrodesnonament-de-vallcarca-i-denuncien-el-psc-per-voler-destruir-habitatge-public\/"]}]},{"@type":"ImageObject","inLanguage":"en-GB","@id":"https:\/\/www.revistarambla.com\/milers-de-persones-aturen-el-macrodesnonament-de-vallcarca-i-denuncien-el-psc-per-voler-destruir-habitatge-public\/#primaryimage","url":"https:\/\/www.revistarambla.com\/wp-content\/uploads\/2025\/07\/macrodesnonament-de-Vallcarca.jpg","contentUrl":"https:\/\/www.revistarambla.com\/wp-content\/uploads\/2025\/07\/macrodesnonament-de-Vallcarca.jpg","width":1200,"height":900,"caption":"desnonament de Vallcarca"},{"@type":"BreadcrumbList","@id":"https:\/\/www.revistarambla.com\/milers-de-persones-aturen-el-macrodesnonament-de-vallcarca-i-denuncien-el-psc-per-voler-destruir-habitatge-public\/#breadcrumb","itemListElement":[{"@type":"ListItem","position":1,"name":"Portada","item":"https:\/\/www.revistarambla.com\/"},{"@type":"ListItem","position":2,"name":"Milers de persones aturen el macrodesnonament de Vallcarca i denuncien el PSC per voler destruir habitatge p\u00fablic"}]},{"@type":"WebSite","@id":"https:\/\/www.revistarambla.com\/#website","url":"https:\/\/www.revistarambla.com\/","name":"Revista Rambla Barcelona","description":"Periodismo independiente","publisher":{"@id":"https:\/\/www.revistarambla.com\/#organization"},"potentialAction":[{"@type":"SearchAction","target":{"@type":"EntryPoint","urlTemplate":"https:\/\/www.revistarambla.com\/?s={search_term_string}"},"query-input":{"@type":"PropertyValueSpecification","valueRequired":true,"valueName":"search_term_string"}}],"inLanguage":"en-GB"},{"@type":"Organization","@id":"https:\/\/www.revistarambla.com\/#organization","name":"Revista Rambla","url":"https:\/\/www.revistarambla.com\/","logo":{"@type":"ImageObject","inLanguage":"en-GB","@id":"https:\/\/www.revistarambla.com\/#\/schema\/logo\/image\/","url":"https:\/\/www.revistarambla.com\/wp-content\/uploads\/2020\/09\/banner_rambla_1900x600_BB.png","contentUrl":"https:\/\/www.revistarambla.com\/wp-content\/uploads\/2020\/09\/banner_rambla_1900x600_BB.png","width":1900,"height":600,"caption":"Revista Rambla"},"image":{"@id":"https:\/\/www.revistarambla.com\/#\/schema\/logo\/image\/"},"sameAs":["https:\/\/www.facebook.com\/revistarambla\/","https:\/\/x.com\/revistarambla","https:\/\/www.instagram.com\/revista_rambla","https:\/\/es.linkedin.com\/company\/revista-rambla"]},{"@type":"Person","@id":"https:\/\/www.revistarambla.com\/#\/schema\/person\/cdb47f1b20cae4529e0d80b9b620ee26","name":"Sindicat de Llogateres","description":"Protegim el dret a l'habitatge. Millorem la vida de la gent. Ajuda'ns a seguir canviant les coses i suma-t'hi.","sameAs":["http:\/\/sindicatdellogateres.org\/","https:\/\/www.facebook.com\/SindicatLloguer\/","https:\/\/x.com\/sindicatlloguer"]}]}},"_links":{"self":[{"href":"https:\/\/www.revistarambla.com\/en\/wp-json\/wp\/v2\/posts\/65648","targetHints":{"allow":["GET"]}}],"collection":[{"href":"https:\/\/www.revistarambla.com\/en\/wp-json\/wp\/v2\/posts"}],"about":[{"href":"https:\/\/www.revistarambla.com\/en\/wp-json\/wp\/v2\/types\/post"}],"author":[{"embeddable":true,"href":"https:\/\/www.revistarambla.com\/en\/wp-json\/wp\/v2\/users\/328"}],"replies":[{"embeddable":true,"href":"https:\/\/www.revistarambla.com\/en\/wp-json\/wp\/v2\/comments?post=65648"}],"version-history":[{"count":1,"href":"https:\/\/www.revistarambla.com\/en\/wp-json\/wp\/v2\/posts\/65648\/revisions"}],"predecessor-version":[{"id":65650,"href":"https:\/\/www.revistarambla.com\/en\/wp-json\/wp\/v2\/posts\/65648\/revisions\/65650"}],"wp:featuredmedia":[{"embeddable":true,"href":"https:\/\/www.revistarambla.com\/en\/wp-json\/wp\/v2\/media\/65649"}],"wp:attachment":[{"href":"https:\/\/www.revistarambla.com\/en\/wp-json\/wp\/v2\/media?parent=65648"}],"wp:term":[{"taxonomy":"category","embeddable":true,"href":"https:\/\/www.revistarambla.com\/en\/wp-json\/wp\/v2\/categories?post=65648"},{"taxonomy":"post_tag","embeddable":true,"href":"https:\/\/www.revistarambla.com\/en\/wp-json\/wp\/v2\/tags?post=65648"}],"curies":[{"name":"wp","href":"https:\/\/api.w.org\/{rel}","templated":true}]}}