{"id":65644,"date":"2025-07-03T12:26:25","date_gmt":"2025-07-03T10:26:25","guid":{"rendered":"https:\/\/www.revistarambla.com\/?p=65644"},"modified":"2025-07-03T12:26:25","modified_gmt":"2025-07-03T10:26:25","slug":"el-costo-humano-de-las-guerras-victimas-de-hoy-y-de-manana","status":"publish","type":"post","link":"https:\/\/www.revistarambla.com\/en\/el-costo-humano-de-las-guerras-victimas-de-hoy-y-de-manana\/","title":{"rendered":"El costo humano de las guerras: v\u00edctimas de hoy y de ma\u00f1ana"},"content":{"rendered":"<p><b><span lang=\"ES\">En un clima mundial de conflictos armados que se multiplican sin cesar, las v\u00edctimas civiles tienen nombre de mujer, de ni\u00f1os y ni\u00f1as, as\u00ed como de militantes de derechos humanos y periodistas.<\/span><\/b><\/p>\n<p><span lang=\"ES\">En 2024 en todo el mundo, cada 12 minutos muri\u00f3 un civil en un conflicto armado, lo que represent\u00f3 un aumento del 40% de casos con respecto al a\u00f1o precedente. Los registros de la Oficina de las Naciones Unidas para la Coordinaci\u00f3n de Asuntos Humanitarios (OCHA, por sus siglas en ingl\u00e9s) contabilizan m\u00e1s de 48 mil asesinatos de civiles en el marco de conflictos b\u00e9licos. De los cuales 21.480 fueron mujeres y 16.690, ni\u00f1as y ni\u00f1os (80% y 70% respectivamente, en Gaza) (<\/span><a href=\"https:\/\/news.un.org\/es\/story\/2025\/06\/1539581\" target=\"_blank\" rel=\"nofollow noopener\" data-saferedirecturl=\"https:\/\/www.google.com\/url?q=https:\/\/news.un.org\/es\/story\/2025\/06\/1539581&amp;source=gmail&amp;ust=1751624623884000&amp;usg=AOvVaw14XKWqPSEpYw2aaxvUV2Y6\"><i><span lang=\"ES\">https:\/\/news.un.org\/es\/story\/<wbr \/>2025\/06\/153958<\/span><\/i><i><span lang=\"ES\">1<\/span><\/i><\/a><span lang=\"ES\">).<\/span><i><span lang=\"ES\">\u00a0<\/span><\/i><\/p>\n<p><b><span lang=\"ES\">Prensa mutilada <\/span><\/b><\/p>\n<p><span lang=\"ES\">Seg\u00fan OCHA, estas cantidades macabras &#8211;con cifras \u201cconservadoras\u201d con respecto a otras fuentes&#8211; revelan, adem\u00e1s, la \u201cpersistencia de ataques mortales contra defensores de derechos humanos\u201d. En efecto, m\u00e1s de 500 hombres y mujeres fueron asesinados como parte de la respuesta represiva contra su actividad humanitaria y Am\u00e9rica Latina y el Caribe fue la regi\u00f3n donde ocurri\u00f3 la mayor cantidad de estos asesinatos. En ese mismo periodo, otros 123 activistas desaparecieron por la misma raz\u00f3n. <\/span><\/p>\n<p><span lang=\"ES\">En 2024, cada 14 horas se registr\u00f3 el asesinato o la desaparici\u00f3n de un periodista, sindicalista o activista humanitario. El a\u00f1o pasado, OCHA contabiliz\u00f3 82 muertes de comunicadores. M\u00e1s del 60% de estos homicidios se produjeron en zonas de conflicto, la\u00a0proporci\u00f3n m\u00e1s alta en m\u00e1s de una d\u00e9cada.<\/span><\/p>\n<p><span lang=\"ES\">Cifra, sin embargo, que se encuentra bastante por debajo de la que reconocen otras organizaciones fiables. La Federaci\u00f3n Internacional de Periodistas (FIP), por ejemplo, registr\u00f3 122 homicidios entre sus colegas \u2013m\u00e1s de la mitad en relaci\u00f3n al conflicto en Palestina&#8211; y calific\u00f3 el a\u00f1o 2024 como uno de los \u201cm\u00e1s mort\u00edferos\u201d de las \u00faltimas d\u00e9cadas (<\/span><a href=\"https:\/\/www.ifj.org\/es\/sala-de-prensa\/noticias\/detalle\/article\/122-periodistas-trabajadorxs-medios-asesinadxs-2024-segun-fip\" target=\"_blank\" rel=\"nofollow noopener\" data-saferedirecturl=\"https:\/\/www.google.com\/url?q=https:\/\/www.ifj.org\/es\/sala-de-prensa\/noticias\/detalle\/article\/122-periodistas-trabajadorxs-medios-asesinadxs-2024-segun-fip&amp;source=gmail&amp;ust=1751624623884000&amp;usg=AOvVaw1arl-TkTHwBhkLwn7GU4t1\"><i><span lang=\"ES\">https:\/\/www.ifj.org\/es\/sala-<wbr \/>de-prensa\/noticias\/detalle\/<wbr \/>article\/122-periodistas-<wbr \/>trabajadorxs-medios-<wbr \/>asesinadxs-2024-segun-fip<\/span><\/i><\/a><span lang=\"ES\">).<\/span><\/p>\n<p><b><span lang=\"ES\">Conflictos b\u00e9licos al por mayor<\/span><\/b><b><span lang=\"ES\">\u00a0<\/span><\/b><\/p>\n<p><span lang=\"ES\">En los \u00faltimos a\u00f1os han estallado nuevos conflictos armados que \u201chan hecho descarrilar los esfuerzos mundiales hacia el desarrollo sostenible, el cual no puede prosperar sin paz y seguridad y sin la protecci\u00f3n de los derechos humanos\u201d, como se\u00f1ala el informe publicado por este organismo de las Naciones Unidas. Si bien entre 2015 y 2022 la tendencia fue decreciente, a partir del 2022 se revirti\u00f3 debido a un aumento significativo de confrontaciones armadas en diversas regiones del planeta. Entre 2015 y 2024, OCHA document\u00f3 muertes de civiles relacionadas con conflictos b\u00e9licos en 16 pa\u00edses: Afganist\u00e1n, Etiop\u00eda, Filipinas, Iraq, L\u00edbano, Libia, Mal\u00ed, Myanmar, Palestina, Rep\u00fablica \u00c1rabe Siria, Rep\u00fablica Centroafricana, Rep\u00fablica Democr\u00e1tica del Congo, Somalia, Sud\u00e1n del Sur, Ucrania y Yemen.<\/span><\/p>\n<p><span lang=\"ES\">Las conclusiones de un reciente estudio del Instituto de Investigaci\u00f3n para la Paz (PRIO), de Oslo, son todav\u00eda m\u00e1s preocupantes: <\/span><span lang=\"ES\">en 2024 el mundo experiment\u00f3 el mayor n\u00famero de conflictos armados desde 1946, superando a 2023, de por s\u00ed un a\u00f1o r\u00e9cord. Nada menos que 61 conflictos en 36 pa\u00edses, algunos de los cuales se vieron afectados por m\u00faltiples confrontaciones simult\u00e1neas. Realidad que llev\u00f3 a Siri Aas Rustad, autora principal de este estudio de an\u00e1lisis de tendencias desde 1946 a 2024, a afirmar que no se trata de un aumento repentino, sino de un cambio estructural. Su conclusi\u00f3n: \u201cEl mundo actual es mucho m\u00e1s violento y est\u00e1 mucho m\u00e1s fragmentado que hace una d\u00e9cada\u201d. <\/span><\/p>\n<p><span lang=\"ES\">El estudio de PRIO adem\u00e1s documenta que \u00c1frica sigue siendo el continente m\u00e1s afectado, con 28 conflictos nacionales, seguida de Asia (17), Oriente Medio (10), Europa (3) y Am\u00e9rica (2). Y que m\u00e1s de la mitad de los Estados afectados han padecido o padecen dos o m\u00e1s conflictos cada uno. Tan solo el a\u00f1o pasado se confirmaron unas 129 mil muertes ligadas a confrontaciones armadas, mayormente entre Rusia y Ucrania, en la Franja de Gaza y en la regi\u00f3n et\u00edope de Tigray (<\/span><a href=\"https:\/\/cdn.cloud.prio.org\/files\/31b69202-0728-4852-94e9-a08bdf662fe9\/Rustad%20-%20Conflict%20Trends%201946-2024%20-%20PRIO%20Paper.pdf?inline=true\" target=\"_blank\" rel=\"nofollow noopener\" data-saferedirecturl=\"https:\/\/www.google.com\/url?q=https:\/\/cdn.cloud.prio.org\/files\/31b69202-0728-4852-94e9-a08bdf662fe9\/Rustad%2520-%2520Conflict%2520Trends%25201946-2024%2520-%2520PRIO%2520Paper.pdf?inline%3Dtrue&amp;source=gmail&amp;ust=1751624623884000&amp;usg=AOvVaw2Q81NfSBQ3nFqnoQOTyLpg\"><i><span lang=\"ES\">https:\/\/cdn.cloud.prio.org\/<wbr \/>files\/31b69202-0728-4852-94e9-<wbr \/>a08bdf662fe9\/Rustad%20-%<wbr \/>20Conflict%20Trends%201946-<wbr \/>2024%20-%20PRIO%20Paper.pdf?<wbr \/>inline=true<\/span><\/i><\/a><span lang=\"ES\">).<\/span><\/p>\n<p><img decoding=\"async\" class=\"aligncenter wp-image-65646 size-full\" src=\"https:\/\/www.revistarambla.com\/wp-content\/uploads\/2025\/07\/Inventario-nuclear-mundial.-Grafico-SIPRI.jpg\" alt=\"costo humano de las guerras\" width=\"750\" height=\"383\" srcset=\"https:\/\/www.revistarambla.com\/wp-content\/uploads\/2025\/07\/Inventario-nuclear-mundial.-Grafico-SIPRI.jpg 750w, https:\/\/www.revistarambla.com\/wp-content\/uploads\/2025\/07\/Inventario-nuclear-mundial.-Grafico-SIPRI-660x337.jpg 660w, https:\/\/www.revistarambla.com\/wp-content\/uploads\/2025\/07\/Inventario-nuclear-mundial.-Grafico-SIPRI-18x9.jpg 18w\" sizes=\"(max-width: 750px) 100vw, 750px\" \/><\/p>\n<p><b><span lang=\"ES\">Sobre un tonel de dinamita\u2026 nuclear<\/span><\/b><\/p>\n<p><span lang=\"ES\">Los ataques de Israel y Estados Unidos contra Ir\u00e1n la segunda quincena de junio, con el pretexto de neutralizar una supuesta amenaza nuclear iran\u00ed, no hacen m\u00e1s que esconder la cara oculta del \u201cjuego\u201d geopol\u00edtico en torno al verdadero poder\u00edo b\u00e9lico en el mundo. Que se juega esencialmente en t\u00e9rminos del poder nuclear es decir la capacidad m\u00e1xima de destrucci\u00f3n de la fuerza enemiga. <\/span><\/p>\n<p><span lang=\"ES\">Seg\u00fan el reciente informe Anual 2025 del Instituto de Estudios para la Paz (SIPRI), de Estocolmo, un inventario de enero de este a\u00f1o estim\u00f3 en 12.241 el n\u00famero de ojivas nucleares en existencia, todas ellas propiedad de nueve naciones (entre las que no se encuentra Ir\u00e1n):<\/span><span lang=\"ES\"> Francia, Estados Unidos, Rusia, Reino Unido, China, India, Pakist\u00e1n, Rep\u00fablica Popular Democr\u00e1tica de Corea (Corea del Norte) e Israel. Notablemente, el 90% de esta cantidad pertenece a Rusia y a Estados Unidos, potencias embarcadas en extensos programas de modernizaci\u00f3n de sus respectivos arsenales nucleares con el prop\u00f3sito de incrementar el tama\u00f1o y la diversidad de los mismos. Seg\u00fan el SIPRI, <\/span><span lang=\"ES\">los \u201carsenales nucleares mundiales se ampl\u00edan y modernizan \u2026 y est\u00e1 <\/span><span lang=\"ES\">emergiendo una nueva y peligrosa carrera armamentista nuclear en un momento en que los reg\u00edmenes de control de armas se encuentran gravemente debilitados\u201d.<\/p>\n<p>De este total de ojivas nucleares, 3.912 ya est\u00e1n desplegadas en misiles o en bases con fuerzas operativas listas para el uso y 5.702 almacenadas en reserva, lo que exigir\u00eda una cierta preparaci\u00f3n, por ejemplo, instalaci\u00f3n de componentes, transporte y carga en lanzadores antes de su despliegue. El resto, 2627 ojivas han sido retiradas de la reserva militar pero a\u00fan no han sido desmanteladas.<\/span><\/p>\n<p><span lang=\"ES\">Como subraya el SIPRI, en caso de no lograrse un nuevo acuerdo para limitar estos arsenales, es probable que aumente el n\u00famero de ojivas desplegadas en misiles estrat\u00e9gicos tras la expiraci\u00f3n en febrero de 2026 del Tratado bilateral de 2010 sobre Medidas para la Nueva Reducci\u00f3n y Limitaci\u00f3n de Armas Estrat\u00e9gicas Ofensivas (New START). Las tendencias armamentistas siguen consolid\u00e1ndose y por el momento no existen se\u00f1ales de negociaciones para renovar los fr\u00e1giles acuerdos o bien para reemplazarlos (<\/span><a href=\"https:\/\/www.sipri.org\/sites\/default\/files\/WNF%202025%20PR%20ESP.pdf\" target=\"_blank\" rel=\"nofollow noopener\" data-saferedirecturl=\"https:\/\/www.google.com\/url?q=https:\/\/www.sipri.org\/sites\/default\/files\/WNF%25202025%2520PR%2520ESP.pdf&amp;source=gmail&amp;ust=1751624623884000&amp;usg=AOvVaw0meIwKBqtB5gxS8xX8qXb3\"><i><span lang=\"ES\">https:\/\/www.sipri.org\/sites\/<wbr \/>default\/files\/WNF%202025%20PR%<wbr \/>20ESP.pdf<\/span><\/i><\/a><span lang=\"ES\">)<i>.<\/i><\/span><\/p>\n<p><b><span lang=\"ES\">Tendencia preocupante e imprevisible<\/p>\n<p><\/span><\/b><span lang=\"ES\">Como enfatiza el SIPRI en su Informe 2025, \u201ctodo apunta a que se est\u00e1 gestando una nueva carrera armamentista que conlleva mucho m\u00e1s riesgo e incertidumbre que la anterior\u201d. En la misma influye \u201cel desarrollo acelerado y aplicaci\u00f3n de una amplia gama de tecnolog\u00edas &#8211;por ejemplo, en los campos de la inteligencia artificial (IA), las capacidades cibern\u00e9ticas, los activos espaciales, la defensa antimisiles y la tecnolog\u00eda cu\u00e1ntica&#8211; que est\u00e1 redefiniendo radicalmente las capacidades nucleares\u201d y genera nuevos factores de inestabilidad. Por otra parte, en la medida que la IA y otras tecnolog\u00edas aceleran la toma de decisiones en contextos de crisis, \u201caumenta el riesgo de que un conflicto nuclear se desate como resultado de una mala comunicaci\u00f3n, un malentendido o un accidente t\u00e9cnico\u201d. <b><\/b><\/span><\/p>\n<p><b><span lang=\"ES\">Los conflictos b\u00e9licos se multiplican cotidianamente, y los que han estallado apenas las \u00faltimas semanas est\u00e1n generando un ambiente apocal\u00edptico que algunos analistas equiparan con el inicio de la Tercera Guerra Mundial. Aun si esta lectura puede ser extrema, c\u00f3mo negar que los hechos son elocuentes y que todas las cifras certifican una escalada violenta en muchas regiones del planeta. Planeta que ya duerme, cada noche, sobre un inmenso arsenal nuclear suficiente como para destruir buena parte de la civilizaci\u00f3n, incluso la civilizaci\u00f3n entera. Mientras tanto, cada doce minutos muere una persona no combatiente a causa de las estrategias y los conflictos b\u00e9licos. Civiles con apellidos propios, fundamentalmente, con nombres femeninos y de ni\u00f1os y ni\u00f1as.<\/span><\/b><\/p>","protected":false},"excerpt":{"rendered":"<p>En un clima mundial de conflictos armados que se multiplican sin cesar, las v\u00edctimas civiles tienen nombre de mujer, de ni\u00f1os y ni\u00f1as, as\u00ed como de militantes de derechos humanos y periodistas. En 2024 en todo el mundo, cada 12 minutos muri\u00f3 un civil en un conflicto armado, lo que [&hellip;]<\/p>\n","protected":false},"author":24,"featured_media":65645,"comment_status":"closed","ping_status":"closed","sticky":false,"template":"","format":"standard","meta":{"footnotes":""},"categories":[4108],"tags":[],"class_list":["post-65644","post","type-post","status-publish","format-standard","has-post-thumbnail","hentry","category-el-apunte-de-sergio-ferrari"],"yoast_head":"<!-- This site is optimized with the Yoast SEO plugin v27.5 - https:\/\/yoast.com\/product\/yoast-seo-wordpress\/ -->\n<title>El costo humano de las guerras: v\u00edctimas de hoy y de ma\u00f1ana - Revista Rambla<\/title>\n<meta name=\"robots\" content=\"index, follow, max-snippet:-1, max-image-preview:large, max-video-preview:-1\" \/>\n<link rel=\"canonical\" href=\"https:\/\/www.revistarambla.com\/en\/el-costo-humano-de-las-guerras-victimas-de-hoy-y-de-manana\/\" \/>\n<meta property=\"og:locale\" content=\"en_GB\" \/>\n<meta property=\"og:type\" content=\"article\" \/>\n<meta property=\"og:title\" content=\"El costo humano de las guerras: v\u00edctimas de hoy y de ma\u00f1ana - Revista Rambla\" \/>\n<meta property=\"og:description\" content=\"En un clima mundial de conflictos armados que se multiplican sin cesar, las v\u00edctimas civiles tienen nombre de mujer, de ni\u00f1os y ni\u00f1as, as\u00ed como de militantes de derechos humanos y periodistas. En 2024 en todo el mundo, cada 12 minutos muri\u00f3 un civil en un conflicto armado, lo que [&hellip;]\" \/>\n<meta property=\"og:url\" content=\"https:\/\/www.revistarambla.com\/en\/el-costo-humano-de-las-guerras-victimas-de-hoy-y-de-manana\/\" \/>\n<meta property=\"og:site_name\" content=\"Revista Rambla\" \/>\n<meta property=\"article:publisher\" content=\"https:\/\/www.facebook.com\/revistarambla\/\" \/>\n<meta property=\"article:author\" content=\"https:\/\/www.facebook.com\/sergio.ferrari.9655\" \/>\n<meta property=\"article:published_time\" content=\"2025-07-03T10:26:25+00:00\" \/>\n<meta property=\"og:image\" content=\"https:\/\/www.revistarambla.com\/wp-content\/uploads\/2025\/07\/Mujeres-victimas-de-la-guerra-en-Dafur-Africa.-Foto-ACNUR.jpg\" \/>\n\t<meta property=\"og:image:width\" content=\"1180\" \/>\n\t<meta property=\"og:image:height\" content=\"765\" \/>\n\t<meta property=\"og:image:type\" content=\"image\/jpeg\" \/>\n<meta name=\"author\" content=\"Sergio Ferrari\" \/>\n<meta name=\"twitter:card\" content=\"summary_large_image\" \/>\n<meta name=\"twitter:creator\" content=\"@SergiooFerrari\" \/>\n<meta name=\"twitter:site\" content=\"@revistarambla\" \/>\n<meta name=\"twitter:label1\" content=\"Written by\" \/>\n\t<meta name=\"twitter:data1\" content=\"Sergio Ferrari\" \/>\n\t<meta name=\"twitter:label2\" content=\"Estimated reading time\" \/>\n\t<meta name=\"twitter:data2\" content=\"7 minutes\" \/>\n<script type=\"application\/ld+json\" class=\"yoast-schema-graph\">{\"@context\":\"https:\\\/\\\/schema.org\",\"@graph\":[{\"@type\":\"Article\",\"@id\":\"https:\\\/\\\/www.revistarambla.com\\\/el-costo-humano-de-las-guerras-victimas-de-hoy-y-de-manana\\\/#article\",\"isPartOf\":{\"@id\":\"https:\\\/\\\/www.revistarambla.com\\\/el-costo-humano-de-las-guerras-victimas-de-hoy-y-de-manana\\\/\"},\"author\":{\"name\":\"Sergio Ferrari\",\"@id\":\"https:\\\/\\\/www.revistarambla.com\\\/#\\\/schema\\\/person\\\/339e2410a25811f9912d8a8551fa5d96\"},\"headline\":\"El costo humano de las guerras: v\u00edctimas de hoy y de ma\u00f1ana\",\"datePublished\":\"2025-07-03T10:26:25+00:00\",\"mainEntityOfPage\":{\"@id\":\"https:\\\/\\\/www.revistarambla.com\\\/el-costo-humano-de-las-guerras-victimas-de-hoy-y-de-manana\\\/\"},\"wordCount\":1349,\"publisher\":{\"@id\":\"https:\\\/\\\/www.revistarambla.com\\\/#organization\"},\"image\":{\"@id\":\"https:\\\/\\\/www.revistarambla.com\\\/el-costo-humano-de-las-guerras-victimas-de-hoy-y-de-manana\\\/#primaryimage\"},\"thumbnailUrl\":\"https:\\\/\\\/www.revistarambla.com\\\/wp-content\\\/uploads\\\/2025\\\/07\\\/Mujeres-victimas-de-la-guerra-en-Dafur-Africa.-Foto-ACNUR.jpg\",\"articleSection\":[\"El Apunte\"],\"inLanguage\":\"en-GB\"},{\"@type\":\"WebPage\",\"@id\":\"https:\\\/\\\/www.revistarambla.com\\\/el-costo-humano-de-las-guerras-victimas-de-hoy-y-de-manana\\\/\",\"url\":\"https:\\\/\\\/www.revistarambla.com\\\/el-costo-humano-de-las-guerras-victimas-de-hoy-y-de-manana\\\/\",\"name\":\"El costo humano de las guerras: v\u00edctimas de hoy y de ma\u00f1ana - Revista Rambla\",\"isPartOf\":{\"@id\":\"https:\\\/\\\/www.revistarambla.com\\\/#website\"},\"primaryImageOfPage\":{\"@id\":\"https:\\\/\\\/www.revistarambla.com\\\/el-costo-humano-de-las-guerras-victimas-de-hoy-y-de-manana\\\/#primaryimage\"},\"image\":{\"@id\":\"https:\\\/\\\/www.revistarambla.com\\\/el-costo-humano-de-las-guerras-victimas-de-hoy-y-de-manana\\\/#primaryimage\"},\"thumbnailUrl\":\"https:\\\/\\\/www.revistarambla.com\\\/wp-content\\\/uploads\\\/2025\\\/07\\\/Mujeres-victimas-de-la-guerra-en-Dafur-Africa.-Foto-ACNUR.jpg\",\"datePublished\":\"2025-07-03T10:26:25+00:00\",\"breadcrumb\":{\"@id\":\"https:\\\/\\\/www.revistarambla.com\\\/el-costo-humano-de-las-guerras-victimas-de-hoy-y-de-manana\\\/#breadcrumb\"},\"inLanguage\":\"en-GB\",\"potentialAction\":[{\"@type\":\"ReadAction\",\"target\":[\"https:\\\/\\\/www.revistarambla.com\\\/el-costo-humano-de-las-guerras-victimas-de-hoy-y-de-manana\\\/\"]}]},{\"@type\":\"ImageObject\",\"inLanguage\":\"en-GB\",\"@id\":\"https:\\\/\\\/www.revistarambla.com\\\/el-costo-humano-de-las-guerras-victimas-de-hoy-y-de-manana\\\/#primaryimage\",\"url\":\"https:\\\/\\\/www.revistarambla.com\\\/wp-content\\\/uploads\\\/2025\\\/07\\\/Mujeres-victimas-de-la-guerra-en-Dafur-Africa.-Foto-ACNUR.jpg\",\"contentUrl\":\"https:\\\/\\\/www.revistarambla.com\\\/wp-content\\\/uploads\\\/2025\\\/07\\\/Mujeres-victimas-de-la-guerra-en-Dafur-Africa.-Foto-ACNUR.jpg\",\"width\":1180,\"height\":765,\"caption\":\"costo humano de las guerras\"},{\"@type\":\"BreadcrumbList\",\"@id\":\"https:\\\/\\\/www.revistarambla.com\\\/el-costo-humano-de-las-guerras-victimas-de-hoy-y-de-manana\\\/#breadcrumb\",\"itemListElement\":[{\"@type\":\"ListItem\",\"position\":1,\"name\":\"Portada\",\"item\":\"https:\\\/\\\/www.revistarambla.com\\\/\"},{\"@type\":\"ListItem\",\"position\":2,\"name\":\"El costo humano de las guerras: v\u00edctimas de hoy y de ma\u00f1ana\"}]},{\"@type\":\"WebSite\",\"@id\":\"https:\\\/\\\/www.revistarambla.com\\\/#website\",\"url\":\"https:\\\/\\\/www.revistarambla.com\\\/\",\"name\":\"Revista Rambla Barcelona\",\"description\":\"Periodismo independiente\",\"publisher\":{\"@id\":\"https:\\\/\\\/www.revistarambla.com\\\/#organization\"},\"potentialAction\":[{\"@type\":\"SearchAction\",\"target\":{\"@type\":\"EntryPoint\",\"urlTemplate\":\"https:\\\/\\\/www.revistarambla.com\\\/?s={search_term_string}\"},\"query-input\":{\"@type\":\"PropertyValueSpecification\",\"valueRequired\":true,\"valueName\":\"search_term_string\"}}],\"inLanguage\":\"en-GB\"},{\"@type\":\"Organization\",\"@id\":\"https:\\\/\\\/www.revistarambla.com\\\/#organization\",\"name\":\"Revista Rambla\",\"url\":\"https:\\\/\\\/www.revistarambla.com\\\/\",\"logo\":{\"@type\":\"ImageObject\",\"inLanguage\":\"en-GB\",\"@id\":\"https:\\\/\\\/www.revistarambla.com\\\/#\\\/schema\\\/logo\\\/image\\\/\",\"url\":\"https:\\\/\\\/www.revistarambla.com\\\/wp-content\\\/uploads\\\/2020\\\/09\\\/banner_rambla_1900x600_BB.png\",\"contentUrl\":\"https:\\\/\\\/www.revistarambla.com\\\/wp-content\\\/uploads\\\/2020\\\/09\\\/banner_rambla_1900x600_BB.png\",\"width\":1900,\"height\":600,\"caption\":\"Revista Rambla\"},\"image\":{\"@id\":\"https:\\\/\\\/www.revistarambla.com\\\/#\\\/schema\\\/logo\\\/image\\\/\"},\"sameAs\":[\"https:\\\/\\\/www.facebook.com\\\/revistarambla\\\/\",\"https:\\\/\\\/x.com\\\/revistarambla\",\"https:\\\/\\\/www.instagram.com\\\/revista_rambla\",\"https:\\\/\\\/es.linkedin.com\\\/company\\\/revista-rambla\"]},{\"@type\":\"Person\",\"@id\":\"https:\\\/\\\/www.revistarambla.com\\\/#\\\/schema\\\/person\\\/339e2410a25811f9912d8a8551fa5d96\",\"name\":\"Sergio Ferrari\",\"description\":\"Periodista argentino radicado en Berna, Suiza. Acreditado ante el Gobierno suizo. Colaborador regular de numerosos medios latinoamericanos y europeos.\",\"sameAs\":[\"https:\\\/\\\/www.voltairenet.org\\\/auteur120173.html?lang=es\",\"https:\\\/\\\/www.facebook.com\\\/sergio.ferrari.9655\",\"https:\\\/\\\/x.com\\\/SergiooFerrari\"]}]}<\/script>\n<!-- \/ Yoast SEO plugin. -->","yoast_head_json":{"title":"El costo humano de las guerras: v\u00edctimas de hoy y de ma\u00f1ana - Revista Rambla","robots":{"index":"index","follow":"follow","max-snippet":"max-snippet:-1","max-image-preview":"max-image-preview:large","max-video-preview":"max-video-preview:-1"},"canonical":"https:\/\/www.revistarambla.com\/en\/el-costo-humano-de-las-guerras-victimas-de-hoy-y-de-manana\/","og_locale":"en_GB","og_type":"article","og_title":"El costo humano de las guerras: v\u00edctimas de hoy y de ma\u00f1ana - Revista Rambla","og_description":"En un clima mundial de conflictos armados que se multiplican sin cesar, las v\u00edctimas civiles tienen nombre de mujer, de ni\u00f1os y ni\u00f1as, as\u00ed como de militantes de derechos humanos y periodistas. En 2024 en todo el mundo, cada 12 minutos muri\u00f3 un civil en un conflicto armado, lo que [&hellip;]","og_url":"https:\/\/www.revistarambla.com\/en\/el-costo-humano-de-las-guerras-victimas-de-hoy-y-de-manana\/","og_site_name":"Revista Rambla","article_publisher":"https:\/\/www.facebook.com\/revistarambla\/","article_author":"https:\/\/www.facebook.com\/sergio.ferrari.9655","article_published_time":"2025-07-03T10:26:25+00:00","og_image":[{"width":1180,"height":765,"url":"https:\/\/www.revistarambla.com\/wp-content\/uploads\/2025\/07\/Mujeres-victimas-de-la-guerra-en-Dafur-Africa.-Foto-ACNUR.jpg","type":"image\/jpeg"}],"author":"Sergio Ferrari","twitter_card":"summary_large_image","twitter_creator":"@SergiooFerrari","twitter_site":"@revistarambla","twitter_misc":{"Written by":"Sergio Ferrari","Estimated reading time":"7 minutes"},"schema":{"@context":"https:\/\/schema.org","@graph":[{"@type":"Article","@id":"https:\/\/www.revistarambla.com\/el-costo-humano-de-las-guerras-victimas-de-hoy-y-de-manana\/#article","isPartOf":{"@id":"https:\/\/www.revistarambla.com\/el-costo-humano-de-las-guerras-victimas-de-hoy-y-de-manana\/"},"author":{"name":"Sergio Ferrari","@id":"https:\/\/www.revistarambla.com\/#\/schema\/person\/339e2410a25811f9912d8a8551fa5d96"},"headline":"El costo humano de las guerras: v\u00edctimas de hoy y de ma\u00f1ana","datePublished":"2025-07-03T10:26:25+00:00","mainEntityOfPage":{"@id":"https:\/\/www.revistarambla.com\/el-costo-humano-de-las-guerras-victimas-de-hoy-y-de-manana\/"},"wordCount":1349,"publisher":{"@id":"https:\/\/www.revistarambla.com\/#organization"},"image":{"@id":"https:\/\/www.revistarambla.com\/el-costo-humano-de-las-guerras-victimas-de-hoy-y-de-manana\/#primaryimage"},"thumbnailUrl":"https:\/\/www.revistarambla.com\/wp-content\/uploads\/2025\/07\/Mujeres-victimas-de-la-guerra-en-Dafur-Africa.-Foto-ACNUR.jpg","articleSection":["El Apunte"],"inLanguage":"en-GB"},{"@type":"WebPage","@id":"https:\/\/www.revistarambla.com\/el-costo-humano-de-las-guerras-victimas-de-hoy-y-de-manana\/","url":"https:\/\/www.revistarambla.com\/el-costo-humano-de-las-guerras-victimas-de-hoy-y-de-manana\/","name":"El costo humano de las guerras: v\u00edctimas de hoy y de ma\u00f1ana - Revista Rambla","isPartOf":{"@id":"https:\/\/www.revistarambla.com\/#website"},"primaryImageOfPage":{"@id":"https:\/\/www.revistarambla.com\/el-costo-humano-de-las-guerras-victimas-de-hoy-y-de-manana\/#primaryimage"},"image":{"@id":"https:\/\/www.revistarambla.com\/el-costo-humano-de-las-guerras-victimas-de-hoy-y-de-manana\/#primaryimage"},"thumbnailUrl":"https:\/\/www.revistarambla.com\/wp-content\/uploads\/2025\/07\/Mujeres-victimas-de-la-guerra-en-Dafur-Africa.-Foto-ACNUR.jpg","datePublished":"2025-07-03T10:26:25+00:00","breadcrumb":{"@id":"https:\/\/www.revistarambla.com\/el-costo-humano-de-las-guerras-victimas-de-hoy-y-de-manana\/#breadcrumb"},"inLanguage":"en-GB","potentialAction":[{"@type":"ReadAction","target":["https:\/\/www.revistarambla.com\/el-costo-humano-de-las-guerras-victimas-de-hoy-y-de-manana\/"]}]},{"@type":"ImageObject","inLanguage":"en-GB","@id":"https:\/\/www.revistarambla.com\/el-costo-humano-de-las-guerras-victimas-de-hoy-y-de-manana\/#primaryimage","url":"https:\/\/www.revistarambla.com\/wp-content\/uploads\/2025\/07\/Mujeres-victimas-de-la-guerra-en-Dafur-Africa.-Foto-ACNUR.jpg","contentUrl":"https:\/\/www.revistarambla.com\/wp-content\/uploads\/2025\/07\/Mujeres-victimas-de-la-guerra-en-Dafur-Africa.-Foto-ACNUR.jpg","width":1180,"height":765,"caption":"costo humano de las guerras"},{"@type":"BreadcrumbList","@id":"https:\/\/www.revistarambla.com\/el-costo-humano-de-las-guerras-victimas-de-hoy-y-de-manana\/#breadcrumb","itemListElement":[{"@type":"ListItem","position":1,"name":"Portada","item":"https:\/\/www.revistarambla.com\/"},{"@type":"ListItem","position":2,"name":"El costo humano de las guerras: v\u00edctimas de hoy y de ma\u00f1ana"}]},{"@type":"WebSite","@id":"https:\/\/www.revistarambla.com\/#website","url":"https:\/\/www.revistarambla.com\/","name":"Revista Rambla Barcelona","description":"Periodismo independiente","publisher":{"@id":"https:\/\/www.revistarambla.com\/#organization"},"potentialAction":[{"@type":"SearchAction","target":{"@type":"EntryPoint","urlTemplate":"https:\/\/www.revistarambla.com\/?s={search_term_string}"},"query-input":{"@type":"PropertyValueSpecification","valueRequired":true,"valueName":"search_term_string"}}],"inLanguage":"en-GB"},{"@type":"Organization","@id":"https:\/\/www.revistarambla.com\/#organization","name":"Revista Rambla","url":"https:\/\/www.revistarambla.com\/","logo":{"@type":"ImageObject","inLanguage":"en-GB","@id":"https:\/\/www.revistarambla.com\/#\/schema\/logo\/image\/","url":"https:\/\/www.revistarambla.com\/wp-content\/uploads\/2020\/09\/banner_rambla_1900x600_BB.png","contentUrl":"https:\/\/www.revistarambla.com\/wp-content\/uploads\/2020\/09\/banner_rambla_1900x600_BB.png","width":1900,"height":600,"caption":"Revista Rambla"},"image":{"@id":"https:\/\/www.revistarambla.com\/#\/schema\/logo\/image\/"},"sameAs":["https:\/\/www.facebook.com\/revistarambla\/","https:\/\/x.com\/revistarambla","https:\/\/www.instagram.com\/revista_rambla","https:\/\/es.linkedin.com\/company\/revista-rambla"]},{"@type":"Person","@id":"https:\/\/www.revistarambla.com\/#\/schema\/person\/339e2410a25811f9912d8a8551fa5d96","name":"Sergio Ferrari","description":"Periodista argentino radicado en Berna, Suiza. Acreditado ante el Gobierno suizo. Colaborador regular de numerosos medios latinoamericanos y europeos.","sameAs":["https:\/\/www.voltairenet.org\/auteur120173.html?lang=es","https:\/\/www.facebook.com\/sergio.ferrari.9655","https:\/\/x.com\/SergiooFerrari"]}]}},"_links":{"self":[{"href":"https:\/\/www.revistarambla.com\/en\/wp-json\/wp\/v2\/posts\/65644","targetHints":{"allow":["GET"]}}],"collection":[{"href":"https:\/\/www.revistarambla.com\/en\/wp-json\/wp\/v2\/posts"}],"about":[{"href":"https:\/\/www.revistarambla.com\/en\/wp-json\/wp\/v2\/types\/post"}],"author":[{"embeddable":true,"href":"https:\/\/www.revistarambla.com\/en\/wp-json\/wp\/v2\/users\/24"}],"replies":[{"embeddable":true,"href":"https:\/\/www.revistarambla.com\/en\/wp-json\/wp\/v2\/comments?post=65644"}],"version-history":[{"count":1,"href":"https:\/\/www.revistarambla.com\/en\/wp-json\/wp\/v2\/posts\/65644\/revisions"}],"predecessor-version":[{"id":65647,"href":"https:\/\/www.revistarambla.com\/en\/wp-json\/wp\/v2\/posts\/65644\/revisions\/65647"}],"wp:featuredmedia":[{"embeddable":true,"href":"https:\/\/www.revistarambla.com\/en\/wp-json\/wp\/v2\/media\/65645"}],"wp:attachment":[{"href":"https:\/\/www.revistarambla.com\/en\/wp-json\/wp\/v2\/media?parent=65644"}],"wp:term":[{"taxonomy":"category","embeddable":true,"href":"https:\/\/www.revistarambla.com\/en\/wp-json\/wp\/v2\/categories?post=65644"},{"taxonomy":"post_tag","embeddable":true,"href":"https:\/\/www.revistarambla.com\/en\/wp-json\/wp\/v2\/tags?post=65644"}],"curies":[{"name":"wp","href":"https:\/\/api.w.org\/{rel}","templated":true}]}}