{"id":65620,"date":"2025-07-02T20:12:51","date_gmt":"2025-07-02T18:12:51","guid":{"rendered":"https:\/\/www.revistarambla.com\/?p=65620"},"modified":"2025-07-07T13:20:27","modified_gmt":"2025-07-07T11:20:27","slug":"incendio-de-sexta-generacion-en-la-segarra-un-desastre-sin-precedentes","status":"publish","type":"post","link":"https:\/\/www.revistarambla.com\/en\/incendio-de-sexta-generacion-en-la-segarra-un-desastre-sin-precedentes\/","title":{"rendered":"Incendio de sexta generaci\u00f3n en la Segarra: un desastre sin precedentes"},"content":{"rendered":"<p>El 1 de julio de 2025, la comarca de la Segarra, en Lleida, se convirti\u00f3 en el epicentro de una tragedia que marc\u00f3 el inicio del verano con un incendio forestal y agr\u00edcola de proporciones devastadoras. Catalogado como un incendio de sexta generaci\u00f3n, este evento no solo dej\u00f3 un saldo de dos v\u00edctimas mortales, sino que tambi\u00e9n puso de manifiesto los desaf\u00edos que enfrentan los servicios de emergencia ante los nuevos patrones de incendios impulsados por el cambio clim\u00e1tico.<\/p>\n<h2>Contexto del incendio: un verano de alto riesgo<\/h2>\n<p>El incendio se desat\u00f3 en la tarde del 1 de julio en el municipio de Torrefeta i Florejacs, en la comarca de la Segarra, una regi\u00f3n caracterizada por sus extensos campos agr\u00edcolas y \u00e1reas de matorral. Las condiciones meteorol\u00f3gicas extremas, con temperaturas que superaban los 35 \u00b0C y una humedad relativa muy baja, crearon un escenario propicio para la r\u00e1pida propagaci\u00f3n del fuego. Adem\u00e1s, la campa\u00f1a de siega de cereales hab\u00eda dejado abundante material vegetal seco, un combustible ideal para las llamas. Seg\u00fan los Bomberos de la Generalitat, el fuego pudo haberse originado de forma accidental por el roce de las cuchillas de una segadora con piedras, generando chispas que prendieron la vegetaci\u00f3n seca.<\/p>\n<p>El incendio se desarroll\u00f3 en dos frentes principales: uno en Torrefeta i Florejacs, que arras\u00f3 unas 6.500 hect\u00e1reas, y otro menor en Sana\u00fcja, con unas 40 hect\u00e1reas afectadas. La simultaneidad de ambos focos, combinada con las condiciones atmosf\u00e9ricas adversas, complic\u00f3 enormemente las tareas de extinci\u00f3n, que en varios momentos superaron la capacidad de los equipos de emergencia.<\/p>\n<h2>Caracter\u00edsticas t\u00e9cnicas: un incendio de sexta generaci\u00f3n<\/h2>\n<p>Los incendios de sexta generaci\u00f3n representan una nueva categor\u00eda de fuegos forestales que se distinguen por su extrema virulencia, comportamiento err\u00e1tico y capacidad para alterar las condiciones meteorol\u00f3gicas locales. El incendio de la Segarra fue clasificado como tal por los Bomberos de la Generalitat debido a sus caracter\u00edsticas \u00fanicas, que lo diferencian de los incendios tradicionales.<\/p>\n<h3>Velocidad de propagaci\u00f3n: un avance sin precedentes<\/h3>\n<p>Uno de los aspectos m\u00e1s alarmantes del incendio fue su velocidad de propagaci\u00f3n, que alcanz\u00f3 picos de 28 a 30 kil\u00f3metros por hora, una de las m\u00e1s altas registradas en Europa. Esta rapidez se debi\u00f3 a una combinaci\u00f3n de factores: el fuerte viento, con rachas que llegaron a los 125 km\/h, y la abundancia de combustible fino, como los restos de cereal seco. Los vientos, generados en parte por el propio incendio, crearon un efecto de retroalimentaci\u00f3n que aceler\u00f3 la propagaci\u00f3n de las llamas, haciendo que el fuego avanzara de manera impredecible y superara los esfuerzos iniciales de contenci\u00f3n.<\/p>\n<p>Esta velocidad de propagaci\u00f3n convirti\u00f3 al incendio en un desaf\u00edo log\u00edstico para los Bomberos, quienes se vieron obligados a replegarse en varios momentos debido al riesgo para su seguridad. La r\u00e1pida expansi\u00f3n del fuego tambi\u00e9n afect\u00f3 \u00e1reas agr\u00edcolas y estructuras, incluyendo granjas, pajares y una mas\u00eda deshabitada, lo que increment\u00f3 la complejidad de las operaciones.<\/p>\n<h3>Piroc\u00famulo: un fen\u00f3meno meteorol\u00f3gico extremo<\/h3>\n<p>Uno de los fen\u00f3menos m\u00e1s destacados del incendio fue la formaci\u00f3n de un piroc\u00famulo, una nube de convecci\u00f3n generada por el calor extremo del fuego. Este piroc\u00famulo alcanz\u00f3 alturas de entre 14.000 y 17.000 metros, un r\u00e9cord en Catalu\u00f1a y uno de los m\u00e1s altos registrados en la regi\u00f3n. El t\u00e9rmino \u00abpiroc\u00famulo\u00bb proviene de la combinaci\u00f3n de \u00abpiro\u00bb (fuego) y \u00abc\u00famulo\u00bb (nube), y describe un fen\u00f3meno en el que el calor del incendio calienta el aire circundante, generando corrientes ascendentes que elevan el humo y el vapor de agua a grandes alturas.<\/p>\n<p>Cuando el aire caliente asciende, se enfr\u00eda y condensa, formando nubes que pueden desencadenar tormentas locales. En el caso de la Segarra, el piroc\u00famulo no solo cre\u00f3 un espect\u00e1culo visual con un cielo anaranjado y densas columnas de humo visibles a decenas de kil\u00f3metros, sino que tambi\u00e9n complic\u00f3 las labores de extinci\u00f3n. El desplome de la columna de humo gener\u00f3 vientos err\u00e1ticos que dispersaron las llamas en todas direcciones, consumiendo miles de hect\u00e1reas en cuesti\u00f3n de horas. Este fen\u00f3meno, descrito por los expertos como \u201cun incendio que crea su propia chimenea\u201d, es caracter\u00edstico de los incendios de sexta generaci\u00f3n y representa un peligro significativo para los equipos de emergencia.<\/p>\n<h3>Incendio de sexta generaci\u00f3n: un nuevo paradigma<\/h3>\n<p>El concepto de incendio de sexta generaci\u00f3n se refiere a fuegos de magnitud extrema que superan los patrones tradicionales de comportamiento. Seg\u00fan National Geographic Espa\u00f1a, estos incendios generan fen\u00f3menos meteorol\u00f3gicos propios, como piroc\u00famulos, y presentan una intensidad tan elevada que dificultan cualquier predicci\u00f3n o control. En el caso de la Segarra, el incendio mostr\u00f3 todas las caracter\u00edsticas de esta categor\u00eda: una velocidad de propagaci\u00f3n r\u00e9cord, la generaci\u00f3n de vientos locales de hasta 125 km\/h y la formaci\u00f3n de un piroc\u00famulo de dimensiones hist\u00f3ricas.<\/p>\n<p>Estos incendios son cada vez m\u00e1s frecuentes debido al cambio clim\u00e1tico, que incrementa las temperaturas, prolonga las sequ\u00edas y aumenta la cantidad de combustible disponible en los bosques y campos. En Espa\u00f1a, los primeros incendios de sexta generaci\u00f3n se registraron en M\u00e1laga en 2021 y en Tenerife en 2023, ambos impulsados por condiciones clim\u00e1ticas extremas. La Segarra se suma ahora a esta lista, destacando la vulnerabilidad de regiones agr\u00edcolas y forestales a estos nuevos megaincendios.<\/p>\n<h2>Impacto humano y material<\/h2>\n<p>El incendio de la Segarra dej\u00f3 un saldo tr\u00e1gico de dos v\u00edctimas mortales: el propietario de una granja de cerdos, de 32 a\u00f1os, y un trabajador de la explotaci\u00f3n, de 45 a\u00f1os, ambos residentes de la localidad de Renan. Seg\u00fan las autoridades, el trabajador se vio afectado por el humo y llam\u00f3 al propietario, quien intent\u00f3 rescatarlo en un veh\u00edculo todo-terreno. Sin embargo, ambos abandonaron el veh\u00edculo en un camino de Cosc\u00f3, en el municipio de Oliola, y no pudieron escapar de las llamas. Este incidente marc\u00f3 la primera vez en m\u00e1s de una d\u00e9cada que un incendio no urbano se cobra vidas en Catalu\u00f1a, desde los tr\u00e1gicos sucesos de Horta de Sant Joan en 2009.<\/p>\n<p>Adem\u00e1s de las p\u00e9rdidas humanas, el fuego afect\u00f3 gravemente el Espacio Natural Protegido Valls del Si\u00f3-Llobreg\u00f3s, un enclave de alto valor ecol\u00f3gico y paisaj\u00edstico. Unas 6.500 hect\u00e1reas, principalmente de cultivos agr\u00edcolas y matorral, fueron arrasadas, junto con varias estructuras, incluyendo granjas, pajares y una mas\u00eda deshabitada. El confinamiento de aproximadamente 20.000 personas en nueve municipios, como Agramunt, Guissona y Artesa de Segre, reflej\u00f3 la magnitud de la emergencia, que tambi\u00e9n oblig\u00f3 a cortar carreteras locales y activar alertas Es-Alert para garantizar la seguridad de la poblaci\u00f3n.<\/p>\n<h2>Respuesta de emergencia y estabilizaci\u00f3n<\/h2>\n<p>Los Bomberos de la Generalitat desplegaron un operativo masivo, con hasta 50 dotaciones terrestres, 12 medios a\u00e9reos y 150 efectivos trabajando en condiciones extremas. La virulencia del fuego y los vientos err\u00e1ticos complicaron las labores de extinci\u00f3n, que en varios momentos superaron la capacidad de los equipos. Sin embargo, la llegada de lluvias asociadas a tormentas locales en la noche del 1 de julio ayud\u00f3 a estabilizar el incendio a las 22:37 horas, permitiendo levantar las \u00f3rdenes de confinamiento poco despu\u00e9s.<\/p>\n<p>Durante la noche, los esfuerzos se centraron en perimetrar el fuego y enfriar el terreno para evitar reactivaciones, con la colaboraci\u00f3n de agricultores locales que utilizaron maquinaria para labrar campos y crear cortafuegos. Aunque el incendio fue declarado estabilizado, los Bomberos continuaron trabajando el 2 de julio para controlarlo completamente, ante la previsi\u00f3n de altas temperaturas y un verano que la Generalitat calific\u00f3 como \u201ccomplicado\u201d para los incendios forestales.<\/p>\n<h2>Implicaciones para el futuro<\/h2>\n<p>El incendio de la Segarra pone de manifiesto la creciente amenaza de los incendios de sexta generaci\u00f3n en un contexto de cambio clim\u00e1tico. El presidente de la Generalitat, Salvador Illa, advirti\u00f3 que \u201clos fuegos no son como antes\u201d y pidi\u00f3 m\u00e1xima prudencia, destacando la necesidad de estrategias preventivas como el fomento de paisajes mosaico agr\u00edcolas y forestales. La consellera de Interior, N\u00faria Parlon, anunci\u00f3 una estrategia conjunta entre los departamentos de Interior, Agricultura y Urbanismo para preparar el territorio frente a fen\u00f3menos extremos.<\/p>\n<p>Los expertos, como la ambient\u00f3loga Andrea Duane, se\u00f1alan que la combinaci\u00f3n de calor extremo, sequ\u00edas y acumulaci\u00f3n de material vegetal seco crea un \u201cc\u00f3ctel perfecto\u201d para los megaincendios. Mejorar la gesti\u00f3n forestal, reducir la carga de combustible y aumentar la resiliencia de los paisajes agr\u00edcolas ser\u00e1 crucial para mitigar estos riesgos en el futuro.<\/p>\n<p>El incendio de la Segarra es un recordatorio sombr\u00edo de los desaf\u00edos que plantea el cambio clim\u00e1tico en la gesti\u00f3n de incendios forestales. Su velocidad de propagaci\u00f3n, la formaci\u00f3n de un piroc\u00famulo y su clasificaci\u00f3n como incendio de sexta generaci\u00f3n lo convierten en un caso de estudio para los servicios de emergencia y los responsables pol\u00edticos. Mientras las comunidades locales lloran la p\u00e9rdida de dos vidas, la tragedia subraya la urgencia de adoptar medidas preventivas y adaptativas para enfrentar un futuro donde los megaincendios podr\u00edan convertirse en la norma.<\/p>","protected":false},"excerpt":{"rendered":"<p>Los incendios de sexta generaci\u00f3n representan una nueva categor\u00eda de fuegos forestales que se distinguen por su extrema virulencia, comportamiento err\u00e1tico y capacidad para alterar las condiciones meteorol\u00f3gicas locales. En la imagen, el piroc\u00famulo de 14 quil\u00f3metros de altura que se form\u00f3 con el fuego. Foto: Bombers<\/p>","protected":false},"author":3,"featured_media":65621,"comment_status":"closed","ping_status":"closed","sticky":false,"template":"","format":"standard","meta":{"footnotes":""},"categories":[59],"tags":[],"class_list":["post-65620","post","type-post","status-publish","format-standard","has-post-thumbnail","hentry","category-catalunya"],"yoast_head":"<!-- This site is optimized with the Yoast SEO plugin v27.5 - https:\/\/yoast.com\/product\/yoast-seo-wordpress\/ -->\n<title>Incendio de sexta generaci\u00f3n en la Segarra: un desastre sin precedentes - Revista Rambla<\/title>\n<meta name=\"robots\" content=\"index, follow, max-snippet:-1, max-image-preview:large, max-video-preview:-1\" \/>\n<link rel=\"canonical\" href=\"https:\/\/www.revistarambla.com\/en\/incendio-de-sexta-generacion-en-la-segarra-un-desastre-sin-precedentes\/\" \/>\n<meta property=\"og:locale\" content=\"en_GB\" \/>\n<meta property=\"og:type\" content=\"article\" \/>\n<meta property=\"og:title\" content=\"Incendio de sexta generaci\u00f3n en la Segarra: un desastre sin precedentes - Revista Rambla\" \/>\n<meta property=\"og:description\" content=\"Los incendios de sexta generaci\u00f3n representan una nueva categor\u00eda de fuegos forestales que se distinguen por su extrema virulencia, comportamiento err\u00e1tico y capacidad para alterar las condiciones meteorol\u00f3gicas locales. En la imagen, el piroc\u00famulo de 14 quil\u00f3metros de altura que se form\u00f3 con el fuego. Foto: Bombers\" \/>\n<meta property=\"og:url\" content=\"https:\/\/www.revistarambla.com\/en\/incendio-de-sexta-generacion-en-la-segarra-un-desastre-sin-precedentes\/\" \/>\n<meta property=\"og:site_name\" content=\"Revista Rambla\" \/>\n<meta property=\"article:publisher\" content=\"https:\/\/www.facebook.com\/revistarambla\/\" \/>\n<meta property=\"article:author\" content=\"https:\/\/www.facebook.com\/revistarambla\" \/>\n<meta property=\"article:published_time\" content=\"2025-07-02T18:12:51+00:00\" \/>\n<meta property=\"article:modified_time\" content=\"2025-07-07T11:20:27+00:00\" \/>\n<meta property=\"og:image\" content=\"https:\/\/www.revistarambla.com\/wp-content\/uploads\/2025\/07\/INCENDIO-SEGARRA.jpg\" \/>\n\t<meta property=\"og:image:width\" content=\"1600\" \/>\n\t<meta property=\"og:image:height\" content=\"900\" \/>\n\t<meta property=\"og:image:type\" content=\"image\/jpeg\" \/>\n<meta name=\"author\" content=\"R@mbla\" \/>\n<meta name=\"twitter:card\" content=\"summary_large_image\" \/>\n<meta name=\"twitter:creator\" content=\"@revistarambla\" \/>\n<meta name=\"twitter:site\" content=\"@revistarambla\" \/>\n<meta name=\"twitter:label1\" content=\"Written by\" \/>\n\t<meta name=\"twitter:data1\" content=\"R@mbla\" \/>\n\t<meta name=\"twitter:label2\" content=\"Estimated reading time\" \/>\n\t<meta name=\"twitter:data2\" content=\"7 minutes\" \/>\n<script type=\"application\/ld+json\" class=\"yoast-schema-graph\">{\"@context\":\"https:\\\/\\\/schema.org\",\"@graph\":[{\"@type\":\"Article\",\"@id\":\"https:\\\/\\\/www.revistarambla.com\\\/incendio-de-sexta-generacion-en-la-segarra-un-desastre-sin-precedentes\\\/#article\",\"isPartOf\":{\"@id\":\"https:\\\/\\\/www.revistarambla.com\\\/incendio-de-sexta-generacion-en-la-segarra-un-desastre-sin-precedentes\\\/\"},\"author\":{\"name\":\"R@mbla\",\"@id\":\"https:\\\/\\\/www.revistarambla.com\\\/#\\\/schema\\\/person\\\/a146a5a2550b94981a75131180e1bd9c\"},\"headline\":\"Incendio de sexta generaci\u00f3n en la Segarra: un desastre sin precedentes\",\"datePublished\":\"2025-07-02T18:12:51+00:00\",\"dateModified\":\"2025-07-07T11:20:27+00:00\",\"mainEntityOfPage\":{\"@id\":\"https:\\\/\\\/www.revistarambla.com\\\/incendio-de-sexta-generacion-en-la-segarra-un-desastre-sin-precedentes\\\/\"},\"wordCount\":1589,\"publisher\":{\"@id\":\"https:\\\/\\\/www.revistarambla.com\\\/#organization\"},\"image\":{\"@id\":\"https:\\\/\\\/www.revistarambla.com\\\/incendio-de-sexta-generacion-en-la-segarra-un-desastre-sin-precedentes\\\/#primaryimage\"},\"thumbnailUrl\":\"https:\\\/\\\/www.revistarambla.com\\\/wp-content\\\/uploads\\\/2025\\\/07\\\/INCENDIO-SEGARRA.jpg\",\"articleSection\":[\"Catalunya\"],\"inLanguage\":\"en-GB\"},{\"@type\":\"WebPage\",\"@id\":\"https:\\\/\\\/www.revistarambla.com\\\/incendio-de-sexta-generacion-en-la-segarra-un-desastre-sin-precedentes\\\/\",\"url\":\"https:\\\/\\\/www.revistarambla.com\\\/incendio-de-sexta-generacion-en-la-segarra-un-desastre-sin-precedentes\\\/\",\"name\":\"Incendio de sexta generaci\u00f3n en la Segarra: un desastre sin precedentes - Revista Rambla\",\"isPartOf\":{\"@id\":\"https:\\\/\\\/www.revistarambla.com\\\/#website\"},\"primaryImageOfPage\":{\"@id\":\"https:\\\/\\\/www.revistarambla.com\\\/incendio-de-sexta-generacion-en-la-segarra-un-desastre-sin-precedentes\\\/#primaryimage\"},\"image\":{\"@id\":\"https:\\\/\\\/www.revistarambla.com\\\/incendio-de-sexta-generacion-en-la-segarra-un-desastre-sin-precedentes\\\/#primaryimage\"},\"thumbnailUrl\":\"https:\\\/\\\/www.revistarambla.com\\\/wp-content\\\/uploads\\\/2025\\\/07\\\/INCENDIO-SEGARRA.jpg\",\"datePublished\":\"2025-07-02T18:12:51+00:00\",\"dateModified\":\"2025-07-07T11:20:27+00:00\",\"breadcrumb\":{\"@id\":\"https:\\\/\\\/www.revistarambla.com\\\/incendio-de-sexta-generacion-en-la-segarra-un-desastre-sin-precedentes\\\/#breadcrumb\"},\"inLanguage\":\"en-GB\",\"potentialAction\":[{\"@type\":\"ReadAction\",\"target\":[\"https:\\\/\\\/www.revistarambla.com\\\/incendio-de-sexta-generacion-en-la-segarra-un-desastre-sin-precedentes\\\/\"]}]},{\"@type\":\"ImageObject\",\"inLanguage\":\"en-GB\",\"@id\":\"https:\\\/\\\/www.revistarambla.com\\\/incendio-de-sexta-generacion-en-la-segarra-un-desastre-sin-precedentes\\\/#primaryimage\",\"url\":\"https:\\\/\\\/www.revistarambla.com\\\/wp-content\\\/uploads\\\/2025\\\/07\\\/INCENDIO-SEGARRA.jpg\",\"contentUrl\":\"https:\\\/\\\/www.revistarambla.com\\\/wp-content\\\/uploads\\\/2025\\\/07\\\/INCENDIO-SEGARRA.jpg\",\"width\":1600,\"height\":900,\"caption\":\"Incendio de sexta generaci\u00f3n\"},{\"@type\":\"BreadcrumbList\",\"@id\":\"https:\\\/\\\/www.revistarambla.com\\\/incendio-de-sexta-generacion-en-la-segarra-un-desastre-sin-precedentes\\\/#breadcrumb\",\"itemListElement\":[{\"@type\":\"ListItem\",\"position\":1,\"name\":\"Portada\",\"item\":\"https:\\\/\\\/www.revistarambla.com\\\/\"},{\"@type\":\"ListItem\",\"position\":2,\"name\":\"Incendio de sexta generaci\u00f3n en la Segarra: un desastre sin precedentes\"}]},{\"@type\":\"WebSite\",\"@id\":\"https:\\\/\\\/www.revistarambla.com\\\/#website\",\"url\":\"https:\\\/\\\/www.revistarambla.com\\\/\",\"name\":\"Revista Rambla Barcelona\",\"description\":\"Periodismo independiente\",\"publisher\":{\"@id\":\"https:\\\/\\\/www.revistarambla.com\\\/#organization\"},\"potentialAction\":[{\"@type\":\"SearchAction\",\"target\":{\"@type\":\"EntryPoint\",\"urlTemplate\":\"https:\\\/\\\/www.revistarambla.com\\\/?s={search_term_string}\"},\"query-input\":{\"@type\":\"PropertyValueSpecification\",\"valueRequired\":true,\"valueName\":\"search_term_string\"}}],\"inLanguage\":\"en-GB\"},{\"@type\":\"Organization\",\"@id\":\"https:\\\/\\\/www.revistarambla.com\\\/#organization\",\"name\":\"Revista Rambla\",\"url\":\"https:\\\/\\\/www.revistarambla.com\\\/\",\"logo\":{\"@type\":\"ImageObject\",\"inLanguage\":\"en-GB\",\"@id\":\"https:\\\/\\\/www.revistarambla.com\\\/#\\\/schema\\\/logo\\\/image\\\/\",\"url\":\"https:\\\/\\\/www.revistarambla.com\\\/wp-content\\\/uploads\\\/2020\\\/09\\\/banner_rambla_1900x600_BB.png\",\"contentUrl\":\"https:\\\/\\\/www.revistarambla.com\\\/wp-content\\\/uploads\\\/2020\\\/09\\\/banner_rambla_1900x600_BB.png\",\"width\":1900,\"height\":600,\"caption\":\"Revista Rambla\"},\"image\":{\"@id\":\"https:\\\/\\\/www.revistarambla.com\\\/#\\\/schema\\\/logo\\\/image\\\/\"},\"sameAs\":[\"https:\\\/\\\/www.facebook.com\\\/revistarambla\\\/\",\"https:\\\/\\\/x.com\\\/revistarambla\",\"https:\\\/\\\/www.instagram.com\\\/revista_rambla\",\"https:\\\/\\\/es.linkedin.com\\\/company\\\/revista-rambla\"]},{\"@type\":\"Person\",\"@id\":\"https:\\\/\\\/www.revistarambla.com\\\/#\\\/schema\\\/person\\\/a146a5a2550b94981a75131180e1bd9c\",\"name\":\"R@mbla\",\"description\":\"Este art\u00edculo ha sido redactado y\\\/o validado por el equipo de redacci\u00f3n de Revista Rambla.\",\"sameAs\":[\"https:\\\/\\\/www.revistarambla.com\\\/\",\"https:\\\/\\\/www.facebook.com\\\/revistarambla\",\"https:\\\/\\\/x.com\\\/revistarambla\"]}]}<\/script>\n<!-- \/ Yoast SEO plugin. -->","yoast_head_json":{"title":"Incendio de sexta generaci\u00f3n en la Segarra: un desastre sin precedentes - Revista Rambla","robots":{"index":"index","follow":"follow","max-snippet":"max-snippet:-1","max-image-preview":"max-image-preview:large","max-video-preview":"max-video-preview:-1"},"canonical":"https:\/\/www.revistarambla.com\/en\/incendio-de-sexta-generacion-en-la-segarra-un-desastre-sin-precedentes\/","og_locale":"en_GB","og_type":"article","og_title":"Incendio de sexta generaci\u00f3n en la Segarra: un desastre sin precedentes - Revista Rambla","og_description":"Los incendios de sexta generaci\u00f3n representan una nueva categor\u00eda de fuegos forestales que se distinguen por su extrema virulencia, comportamiento err\u00e1tico y capacidad para alterar las condiciones meteorol\u00f3gicas locales. En la imagen, el piroc\u00famulo de 14 quil\u00f3metros de altura que se form\u00f3 con el fuego. Foto: Bombers","og_url":"https:\/\/www.revistarambla.com\/en\/incendio-de-sexta-generacion-en-la-segarra-un-desastre-sin-precedentes\/","og_site_name":"Revista Rambla","article_publisher":"https:\/\/www.facebook.com\/revistarambla\/","article_author":"https:\/\/www.facebook.com\/revistarambla","article_published_time":"2025-07-02T18:12:51+00:00","article_modified_time":"2025-07-07T11:20:27+00:00","og_image":[{"width":1600,"height":900,"url":"https:\/\/www.revistarambla.com\/wp-content\/uploads\/2025\/07\/INCENDIO-SEGARRA.jpg","type":"image\/jpeg"}],"author":"R@mbla","twitter_card":"summary_large_image","twitter_creator":"@revistarambla","twitter_site":"@revistarambla","twitter_misc":{"Written by":"R@mbla","Estimated reading time":"7 minutes"},"schema":{"@context":"https:\/\/schema.org","@graph":[{"@type":"Article","@id":"https:\/\/www.revistarambla.com\/incendio-de-sexta-generacion-en-la-segarra-un-desastre-sin-precedentes\/#article","isPartOf":{"@id":"https:\/\/www.revistarambla.com\/incendio-de-sexta-generacion-en-la-segarra-un-desastre-sin-precedentes\/"},"author":{"name":"R@mbla","@id":"https:\/\/www.revistarambla.com\/#\/schema\/person\/a146a5a2550b94981a75131180e1bd9c"},"headline":"Incendio de sexta generaci\u00f3n en la Segarra: un desastre sin precedentes","datePublished":"2025-07-02T18:12:51+00:00","dateModified":"2025-07-07T11:20:27+00:00","mainEntityOfPage":{"@id":"https:\/\/www.revistarambla.com\/incendio-de-sexta-generacion-en-la-segarra-un-desastre-sin-precedentes\/"},"wordCount":1589,"publisher":{"@id":"https:\/\/www.revistarambla.com\/#organization"},"image":{"@id":"https:\/\/www.revistarambla.com\/incendio-de-sexta-generacion-en-la-segarra-un-desastre-sin-precedentes\/#primaryimage"},"thumbnailUrl":"https:\/\/www.revistarambla.com\/wp-content\/uploads\/2025\/07\/INCENDIO-SEGARRA.jpg","articleSection":["Catalunya"],"inLanguage":"en-GB"},{"@type":"WebPage","@id":"https:\/\/www.revistarambla.com\/incendio-de-sexta-generacion-en-la-segarra-un-desastre-sin-precedentes\/","url":"https:\/\/www.revistarambla.com\/incendio-de-sexta-generacion-en-la-segarra-un-desastre-sin-precedentes\/","name":"Incendio de sexta generaci\u00f3n en la Segarra: un desastre sin precedentes - Revista Rambla","isPartOf":{"@id":"https:\/\/www.revistarambla.com\/#website"},"primaryImageOfPage":{"@id":"https:\/\/www.revistarambla.com\/incendio-de-sexta-generacion-en-la-segarra-un-desastre-sin-precedentes\/#primaryimage"},"image":{"@id":"https:\/\/www.revistarambla.com\/incendio-de-sexta-generacion-en-la-segarra-un-desastre-sin-precedentes\/#primaryimage"},"thumbnailUrl":"https:\/\/www.revistarambla.com\/wp-content\/uploads\/2025\/07\/INCENDIO-SEGARRA.jpg","datePublished":"2025-07-02T18:12:51+00:00","dateModified":"2025-07-07T11:20:27+00:00","breadcrumb":{"@id":"https:\/\/www.revistarambla.com\/incendio-de-sexta-generacion-en-la-segarra-un-desastre-sin-precedentes\/#breadcrumb"},"inLanguage":"en-GB","potentialAction":[{"@type":"ReadAction","target":["https:\/\/www.revistarambla.com\/incendio-de-sexta-generacion-en-la-segarra-un-desastre-sin-precedentes\/"]}]},{"@type":"ImageObject","inLanguage":"en-GB","@id":"https:\/\/www.revistarambla.com\/incendio-de-sexta-generacion-en-la-segarra-un-desastre-sin-precedentes\/#primaryimage","url":"https:\/\/www.revistarambla.com\/wp-content\/uploads\/2025\/07\/INCENDIO-SEGARRA.jpg","contentUrl":"https:\/\/www.revistarambla.com\/wp-content\/uploads\/2025\/07\/INCENDIO-SEGARRA.jpg","width":1600,"height":900,"caption":"Incendio de sexta generaci\u00f3n"},{"@type":"BreadcrumbList","@id":"https:\/\/www.revistarambla.com\/incendio-de-sexta-generacion-en-la-segarra-un-desastre-sin-precedentes\/#breadcrumb","itemListElement":[{"@type":"ListItem","position":1,"name":"Portada","item":"https:\/\/www.revistarambla.com\/"},{"@type":"ListItem","position":2,"name":"Incendio de sexta generaci\u00f3n en la Segarra: un desastre sin precedentes"}]},{"@type":"WebSite","@id":"https:\/\/www.revistarambla.com\/#website","url":"https:\/\/www.revistarambla.com\/","name":"Revista Rambla Barcelona","description":"Periodismo independiente","publisher":{"@id":"https:\/\/www.revistarambla.com\/#organization"},"potentialAction":[{"@type":"SearchAction","target":{"@type":"EntryPoint","urlTemplate":"https:\/\/www.revistarambla.com\/?s={search_term_string}"},"query-input":{"@type":"PropertyValueSpecification","valueRequired":true,"valueName":"search_term_string"}}],"inLanguage":"en-GB"},{"@type":"Organization","@id":"https:\/\/www.revistarambla.com\/#organization","name":"Revista Rambla","url":"https:\/\/www.revistarambla.com\/","logo":{"@type":"ImageObject","inLanguage":"en-GB","@id":"https:\/\/www.revistarambla.com\/#\/schema\/logo\/image\/","url":"https:\/\/www.revistarambla.com\/wp-content\/uploads\/2020\/09\/banner_rambla_1900x600_BB.png","contentUrl":"https:\/\/www.revistarambla.com\/wp-content\/uploads\/2020\/09\/banner_rambla_1900x600_BB.png","width":1900,"height":600,"caption":"Revista Rambla"},"image":{"@id":"https:\/\/www.revistarambla.com\/#\/schema\/logo\/image\/"},"sameAs":["https:\/\/www.facebook.com\/revistarambla\/","https:\/\/x.com\/revistarambla","https:\/\/www.instagram.com\/revista_rambla","https:\/\/es.linkedin.com\/company\/revista-rambla"]},{"@type":"Person","@id":"https:\/\/www.revistarambla.com\/#\/schema\/person\/a146a5a2550b94981a75131180e1bd9c","name":"R@mbla","description":"Este art\u00edculo ha sido redactado y\/o validado por el equipo de redacci\u00f3n de Revista Rambla.","sameAs":["https:\/\/www.revistarambla.com\/","https:\/\/www.facebook.com\/revistarambla","https:\/\/x.com\/revistarambla"]}]}},"_links":{"self":[{"href":"https:\/\/www.revistarambla.com\/en\/wp-json\/wp\/v2\/posts\/65620","targetHints":{"allow":["GET"]}}],"collection":[{"href":"https:\/\/www.revistarambla.com\/en\/wp-json\/wp\/v2\/posts"}],"about":[{"href":"https:\/\/www.revistarambla.com\/en\/wp-json\/wp\/v2\/types\/post"}],"author":[{"embeddable":true,"href":"https:\/\/www.revistarambla.com\/en\/wp-json\/wp\/v2\/users\/3"}],"replies":[{"embeddable":true,"href":"https:\/\/www.revistarambla.com\/en\/wp-json\/wp\/v2\/comments?post=65620"}],"version-history":[{"count":3,"href":"https:\/\/www.revistarambla.com\/en\/wp-json\/wp\/v2\/posts\/65620\/revisions"}],"predecessor-version":[{"id":65624,"href":"https:\/\/www.revistarambla.com\/en\/wp-json\/wp\/v2\/posts\/65620\/revisions\/65624"}],"wp:featuredmedia":[{"embeddable":true,"href":"https:\/\/www.revistarambla.com\/en\/wp-json\/wp\/v2\/media\/65621"}],"wp:attachment":[{"href":"https:\/\/www.revistarambla.com\/en\/wp-json\/wp\/v2\/media?parent=65620"}],"wp:term":[{"taxonomy":"category","embeddable":true,"href":"https:\/\/www.revistarambla.com\/en\/wp-json\/wp\/v2\/categories?post=65620"},{"taxonomy":"post_tag","embeddable":true,"href":"https:\/\/www.revistarambla.com\/en\/wp-json\/wp\/v2\/tags?post=65620"}],"curies":[{"name":"wp","href":"https:\/\/api.w.org\/{rel}","templated":true}]}}