{"id":65617,"date":"2025-06-29T12:21:52","date_gmt":"2025-06-29T10:21:52","guid":{"rendered":"https:\/\/www.revistarambla.com\/?p=65617"},"modified":"2025-06-29T12:21:52","modified_gmt":"2025-06-29T10:21:52","slug":"el-lenguaje-de-la-generacion-z-y-alfa-en-espana-una-radiografia-de-la-jerga-juvenil","status":"publish","type":"post","link":"https:\/\/www.revistarambla.com\/en\/el-lenguaje-de-la-generacion-z-y-alfa-en-espana-una-radiografia-de-la-jerga-juvenil\/","title":{"rendered":"El lenguaje de la Generaci\u00f3n Z y Alfa en Espa\u00f1a: una radiograf\u00eda de la jerga juvenil"},"content":{"rendered":"<p>En la Espa\u00f1a de 2025, el lenguaje de los j\u00f3venes y adolescentes de las generaciones Z (nacidos entre 1994 y 2010) y Alfa (nacidos entre 2010 y 2025) se ha convertido en un fen\u00f3meno cultural que refleja su identidad, valores y forma de interactuar con el mundo. Estas generaciones, profundamente moldeadas por la tecnolog\u00eda y las redes sociales, han desarrollado un vocabulario \u00fanico que combina anglicismos, abreviaturas, emojis, memes y t\u00e9rminos propios de la cultura digital. <em>Revista Rambla<\/em> explora c\u00f3mo y por qu\u00e9 el lenguaje de estas generaciones ha evolucionado, las influencias que lo han configurado y su impacto en la comunicaci\u00f3n cotidiana. Adem\u00e1s, inclu\u00edmos un glosario con las expresiones m\u00e1s representativas utilizadas por los j\u00f3venes en Espa\u00f1a, acompa\u00f1ado de sus significados y contextos de uso.<\/p>\n<h2>La Evoluci\u00f3n del Lenguaje Juvenil: Causas y Contexto<\/h2>\n<p>El lenguaje de la Generaci\u00f3n Z y Alfa no es simplemente una moda pasajera, sino una respuesta a un entorno sociocultural y tecnol\u00f3gico en constante cambio. A continuaci\u00f3n, se analizan las principales causas de la transformaci\u00f3n de los usos ling\u00fc\u00edsticos entre los j\u00f3venes y adolescentes en Espa\u00f1a:<\/p>\n<h3>1. <strong>La Influencia de las Redes Sociales y la Cultura Digital<\/strong><\/h3>\n<p>Las plataformas como TikTok, Instagram, Twitch y Discord han revolucionado la forma en que los j\u00f3venes se comunican. Estas redes sociales fomentan la brevedad, la inmediatez y la creatividad, lo que ha llevado a la creaci\u00f3n de un lenguaje basado en abreviaturas, acr\u00f3nimos y s\u00edmbolos visuales como emojis y stickers. Seg\u00fan un estudio de Preply, las menciones de t\u00e9rminos de la Generaci\u00f3n Z en redes sociales est\u00e1n estrechamente ligadas a eventos culturales, como conciertos o programas de televisi\u00f3n, lo que demuestra que las plataformas digitales son un caldo de cultivo para la jerga juvenil. Por ejemplo, la viralidad de un t\u00e9rmino en TikTok puede convertirlo en parte del l\u00e9xico cotidiano en cuesti\u00f3n de d\u00edas.<\/p>\n<p>La Generaci\u00f3n Alfa, en particular, crece en un entorno 100% digital, donde la tecnolog\u00eda es una extensi\u00f3n de su vida diaria. Esto ha resultado en una adopci\u00f3n temprana de t\u00e9rminos relacionados con videojuegos, inteligencia artificial y tendencias virales. Un informe de Samy Alliance se\u00f1ala que el 73% de los adolescentes Alfa en Espa\u00f1a se sienten seguros navegando por internet y manejando contenido digital, lo que refuerza su capacidad para adoptar y difundir nuevos t\u00e9rminos.<\/p>\n<h3>2. <strong>La B\u00fasqueda de Identidad y Pertenencia<\/strong><\/h3>\n<p>El lenguaje es una herramienta clave para que los j\u00f3venes construyan su identidad y se diferencien de generaciones anteriores. La Generaci\u00f3n Z utiliza t\u00e9rminos como \u201ccringe\u201d o \u201cslay\u201d para marcar su autenticidad y su rechazo a lo que consideran anticuado o forzado. Seg\u00fan un art\u00edculo de la Fundaci\u00f3n Fad Juventud, los j\u00f3venes crean c\u00f3digos ling\u00fc\u00edsticos propios para generar un sentimiento de pertenencia a su grupo y distinguirse de los adultos. Este fen\u00f3meno es a\u00fan m\u00e1s pronunciado en la Generaci\u00f3n Alfa, que, al ser criada por padres millennials, combina elementos de la cultura juvenil con rituales adultos, como el uso de productos de belleza o la adopci\u00f3n de est\u00e9ticas sofisticadas.<\/p>\n<h3>3. <strong>La Globalizaci\u00f3n y los Anglicismos<\/strong><\/h3>\n<p>La exposici\u00f3n constante a contenido internacional, especialmente en ingl\u00e9s, ha llevado a la incorporaci\u00f3n masiva de anglicismos en el lenguaje juvenil espa\u00f1ol. T\u00e9rminos como \u201crandom\u201d, \u201chype\u201d o \u201clit\u201d son ejemplos de c\u00f3mo la cultura angloamericana, amplificada por series, pel\u00edculas y m\u00fasica en plataformas como Netflix o Spotify, influye en los j\u00f3venes. Un art\u00edculo de Cambridge se\u00f1ala que expresiones como \u201cHundo P\u201d (100% de acuerdo) son comunes entre la Generaci\u00f3n Z debido a su contacto con el ingl\u00e9s a trav\u00e9s de redes sociales. Adem\u00e1s, muchos t\u00e9rminos provienen del ingl\u00e9s afroestadounidense vern\u00e1culo (AAVE), como \u201cslay\u201d o \u201cyasss\u201d, lo que plantea debates \u00e9ticos sobre la apropiaci\u00f3n cultural cuando son utilizados por personas no negras.<\/p>\n<h3>4. <strong>La Creatividad y el Humor como Motores Ling\u00fc\u00edsticos<\/strong><\/h3>\n<p>El humor y la iron\u00eda son pilares del lenguaje juvenil. La Generaci\u00f3n Z y Alfa utilizan memes, referencias a la cultura pop y expresiones sarc\u00e1sticas para comunicarse de manera ingeniosa. Por ejemplo, el t\u00e9rmino \u201caura\u201d se ha popularizado para describir el carisma o la \u201cvibra\u201d de una persona, a menudo acompa\u00f1ado de memes que bromean sobre \u201cganar o perder puntos de aura\u201d por acciones cotidianas. Esta creatividad tambi\u00e9n se manifiesta en la adaptaci\u00f3n de palabras existentes, como a\u00f1adir la terminaci\u00f3n \u201c-ch\u201d a t\u00e9rminos comunes (por ejemplo, \u201camorch\u201d en lugar de \u201camor\u201d), una pr\u00e1ctica popularizada por creadoras de contenido como las Verdunch en Playz.<\/p>\n<h3>5. <strong>La Respuesta a la Censura en Redes Sociales<\/strong><\/h3>\n<p>Un aspecto preocupante del lenguaje juvenil es el uso de eufemismos para evadir la moderaci\u00f3n de contenido en redes sociales. Los j\u00f3venes han desarrollado formas codificadas de expresar ideas despectivas o discriminatorias, utilizando t\u00e9rminos que parecen inofensivos pero perpet\u00faan estereotipos. Por ejemplo, en lugar de usar palabras directamente ofensivas, recurren a referencias sutiles que dificultan la detecci\u00f3n por parte de los algoritmos. Este fen\u00f3meno resalta la necesidad de que padres y educadores comprendan el lenguaje juvenil para identificar posibles problemas.<\/p>\n<h3>6. <strong>La Pandemia como Catalizador<\/strong><\/h3>\n<p>La pandemia de 2020 marc\u00f3 un punto de inflexi\u00f3n en los h\u00e1bitos de los j\u00f3venes. Seg\u00fan un art\u00edculo de EL PA\u00cdS, el confinamiento llev\u00f3 a un aumento del 5,5% en la lectura entre los j\u00f3venes, pero tambi\u00e9n intensific\u00f3 su dependencia de las pantallas, lo que influy\u00f3 en su lenguaje. T\u00e9rminos como \u201cJOMO\u201d (Joy of Missing Out) surgieron como respuesta al agotamiento de las redes sociales, reflejando un cambio hacia la valoraci\u00f3n de la desconexi\u00f3n.<\/p>\n<h2>El Lenguaje en Acci\u00f3n: Contextos y Plataformas<\/h2>\n<p>El lenguaje de la Generaci\u00f3n Z y Alfa se manifiesta de manera diferente seg\u00fan el contexto. En redes sociales como TikTok e Instagram, los j\u00f3venes utilizan un lenguaje visual que combina texto, emojis y v\u00eddeos cortos. En plataformas de mensajer\u00eda como WhatsApp, predominan las abreviaturas y los memes. En los videojuegos, t\u00e9rminos como \u201ccampear\u201d o \u201cNPC\u201d reflejan la influencia de la cultura gamer. En la vida offline, estas expresiones se trasladan a las conversaciones diarias, especialmente entre amigos, reforzando la cohesi\u00f3n grupal.<\/p>\n<p>Un ejemplo claro es el fen\u00f3meno de \u201cOperaci\u00f3n Triunfo\u201d o eventos como la gira de Aitana, que generan picos de uso de t\u00e9rminos como \u201cmadre\u201d (para referirse a \u00eddolos admirados) en redes sociales. Asimismo, la Generaci\u00f3n Alfa, al estar m\u00e1s expuesta a la inteligencia artificial y los entornos digitales, adopta t\u00e9rminos como \u201cskibidi\u201d o \u201crizz\u201d, populares en comunidades de streaming.<\/p>\n<h2>Glosario de T\u00e9rminos de la Generaci\u00f3n Z y Alfa en Espa\u00f1a (2025)<\/h2>\n<p>A continuaci\u00f3n, se presenta un glosario con 15 t\u00e9rminos y expresiones representativas del lenguaje de la Generaci\u00f3n Z y Alfa en Espa\u00f1a, con su significado, origen y ejemplos de uso:<\/p>\n<ol>\n<li><strong>Aesthetic<\/strong> (adj.): Describe algo est\u00e9ticamente agradable, especialmente en moda o decoraci\u00f3n.\n<ul>\n<li><strong>Origen<\/strong>: Anglicismo popularizado en Instagram y TikTok.<\/li>\n<li><strong>Ejemplo<\/strong>: \u201cTu outfit es s\u00faper aesthetic, parece de Pinterest.\u201d<\/li>\n<\/ul>\n<\/li>\n<li><strong>Aura<\/strong> (sust.): Carisma o \u201cvibra\u201d que desprende una persona, puede ser positiva o negativa.\n<ul>\n<li><strong>Origen<\/strong>: Popularizado por memes en TikTok, relacionado con la \u201ccoolness\u201d.<\/li>\n<li><strong>Ejemplo<\/strong>: \u201cAprob\u00f3 el examen sin estudiar, +100 puntos de aura.\u201d<\/li>\n<\/ul>\n<\/li>\n<li><strong>BAE<\/strong> (acr\u00f3nimo): \u201cBefore Anyone Else\u201d (antes que nadie), usado para referirse a alguien muy querido.\n<ul>\n<li><strong>Origen<\/strong>: Ingl\u00e9s, popular en redes sociales.<\/li>\n<li><strong>Ejemplo<\/strong>: \u201cMi perro es mi BAE, siempre est\u00e1 ah\u00ed.\u201d<\/li>\n<\/ul>\n<\/li>\n<li><strong>Bro<\/strong> (sust.): Abreviatura de \u201cbrother\u201d (hermano), usado para amigos cercanos.\n<ul>\n<li><strong>Origen<\/strong>: Anglicismo, com\u00fan en Espa\u00f1a como \u201ct\u00edo\u201d o \u201ccolega\u201d.<\/li>\n<li><strong>Ejemplo<\/strong>: \u201c\u00bfQu\u00e9 pasa, bro? Vamos al cine.\u201d<\/li>\n<\/ul>\n<\/li>\n<li><strong>Campear<\/strong> (v.): Esperar estrat\u00e9gicamente en un lugar, originalmente en videojuegos, ahora usado para describir actitudes pasivas.\n<ul>\n<li><strong>Origen<\/strong>: Cultura gamer, popular en TikTok.<\/li>\n<li><strong>Ejemplo<\/strong>: \u201cEst\u00e1 campeando en la reuni\u00f3n, no dice nada.\u201d<\/li>\n<\/ul>\n<\/li>\n<li><strong>Chisme<\/strong> (sust.): Rumores o cotilleos, usados con tono de curiosidad.\n<ul>\n<li><strong>Origen<\/strong>: Espa\u00f1ol, revitalizado por la Generaci\u00f3n Z en redes.<\/li>\n<li><strong>Ejemplo<\/strong>: \u201cCu\u00e9ntame el chisme de la fiesta de ayer.\u201d<\/li>\n<\/ul>\n<\/li>\n<li><strong>Clean<\/strong> (adj.): Bonito o est\u00e9ticamente agradable, m\u00e1s all\u00e1 de su significado literal (\u201climpio\u201d).\n<ul>\n<li><strong>Origen<\/strong>: Anglicismo, usado en moda y dise\u00f1o.<\/li>\n<li><strong>Ejemplo<\/strong>: \u201cEse look clean es perfecto para la uni.\u201d<\/li>\n<\/ul>\n<\/li>\n<li><strong>Coquette<\/strong> (adj.): Estilo de moda hiperfemenino con colores pastel, lazos y encajes.\n<ul>\n<li><strong>Origen<\/strong>: Inspirado en series como <em>Bridgerton<\/em>, viral en TikTok.<\/li>\n<li><strong>Ejemplo<\/strong>: \u201cSu vestido coquette es puro vibes de \u00e9poca.\u201d<\/li>\n<\/ul>\n<\/li>\n<li><strong>Cringe<\/strong> (adj.): Algo que provoca verg\u00fcenza ajena o incomodidad.\n<ul>\n<li><strong>Origen<\/strong>: Anglicismo, com\u00fan en redes sociales.<\/li>\n<li><strong>Ejemplo<\/strong>: \u201cVer a mi profe bailando en TikTok es tan cringe.\u201d<\/li>\n<\/ul>\n<\/li>\n<li><strong>FOMO<\/strong> (acr\u00f3nimo): \u201cFear of Missing Out\u201d (miedo a perderse algo), usado para ansiedad social.\n<ul>\n<li><strong>Origen<\/strong>: Anglicismo, popular en la pospandemia.<\/li>\n<li><strong>Ejemplo<\/strong>: \u201cTengo FOMO por no ir al concierto de Bad Bunny.\u201d<\/li>\n<\/ul>\n<\/li>\n<li><strong>JOMO<\/strong> (acr\u00f3nimo): \u201cJoy of Missing Out\u201d (alegr\u00eda de perderse algo), opuesto a FOMO.\n<ul>\n<li><strong>Origen<\/strong>: Anglicismo, refleja el valor de la desconexi\u00f3n.<\/li>\n<li><strong>Ejemplo<\/strong>: \u201cPrefiero quedarme en casa viendo Netflix, puro JOMO.\u201d<\/li>\n<\/ul>\n<\/li>\n<li><strong>Lache<\/strong> (sust.): Sin\u00f3nimo de \u201ccringe\u201d, usado en el espa\u00f1ol de Chile y adoptado en Espa\u00f1a.\n<ul>\n<li><strong>Origen<\/strong>: Espa\u00f1ol latinoamericano, popular en redes.<\/li>\n<li><strong>Ejemplo<\/strong>: \u201cSu discurso fue puro lache, qu\u00e9 verg\u00fcenza.\u201d<\/li>\n<\/ul>\n<\/li>\n<li><strong>Madre<\/strong> (sust.): T\u00e9rmino para halagar a \u00eddolos o figuras admiradas, especialmente en la m\u00fasica.\n<ul>\n<li><strong>Origen<\/strong>: Popularizado en redes por eventos como Eurovisi\u00f3n.<\/li>\n<li><strong>Ejemplo<\/strong>: \u201cAitana es la madre de todas las divas.\u201d<\/li>\n<\/ul>\n<\/li>\n<li><strong>Random<\/strong> (adj.): Algo aleatorio, inesperado o sin criterio.\n<ul>\n<li><strong>Origen<\/strong>: Anglicismo, palabra comod\u00edn en la jerga juvenil.<\/li>\n<li><strong>Ejemplo<\/strong>: \u201cSe trajo un paraguas random a la playa.\u201d<\/li>\n<\/ul>\n<\/li>\n<li><strong>Slay<\/strong> (v.): Hacer algo con estilo, confianza o excelencia.\n<ul>\n<li><strong>Origen<\/strong>: Ingl\u00e9s afroestadounidense, popularizado por TikTok.<\/li>\n<li><strong>Ejemplo<\/strong>: \u201cEsa coreo en TikTok fue puro slay.\u201d<\/li>\n<\/ul>\n<\/li>\n<\/ol>\n<h2>Impacto Cultural y Desaf\u00edos<\/h2>\n<p>El lenguaje de la Generaci\u00f3n Z y Alfa no solo refleja su creatividad, sino tambi\u00e9n los desaf\u00edos de la comunicaci\u00f3n intergeneracional. Para los padres y educadores, entender esta jerga es clave para conectar con los j\u00f3venes y detectar posibles problemas, como el uso de eufemismos para contenido discriminatorio. Adem\u00e1s, las marcas que buscan llegar a estas generaciones deben adoptar un enfoque aut\u00e9ntico, ya que el 90% de los j\u00f3venes valoran la sinceridad en la comunicaci\u00f3n comercial.<\/p>\n<p>Por otro lado, la r\u00e1pida evoluci\u00f3n del lenguaje plantea retos para la educaci\u00f3n y la preservaci\u00f3n del idioma est\u00e1ndar. Mientras que la Real Academia Espa\u00f1ola (RAE) regula el uso del espa\u00f1ol, expertos como Abad argumentan que el lenguaje es una construcci\u00f3n colectiva que no deber\u00eda limitarse, siempre que amplifique la comunicaci\u00f3n. La incorporaci\u00f3n de emojis y memes, por ejemplo, no debe verse como una amenaza, sino como una evoluci\u00f3n natural del idioma en la era digital.<\/p>\n<h2>Conclusi\u00f3n<\/h2>\n<p>El lenguaje de la Generaci\u00f3n Z y Alfa en Espa\u00f1a en 2025 es un reflejo de su entorno: digital, globalizado, creativo y en constante cambio. Estas generaciones han creado un l\u00e9xico que no solo les permite comunicarse de manera efectiva, sino tambi\u00e9n expresar su identidad, humor y valores. Desde anglicismos como \u201cslay\u201d hasta t\u00e9rminos aut\u00f3ctonos como \u201cchisme\u201d, su jerga es un testimonio de su capacidad para adaptarse a un mundo hiperconectado. Sin embargo, este fen\u00f3meno tambi\u00e9n plantea desaf\u00edos \u00e9ticos y sociales, como la apropiaci\u00f3n cultural y el uso de lenguaje codificado en redes sociales. Comprender este lenguaje no es solo una cuesti\u00f3n de mantenerse actualizado, sino una forma de acercarse a la mentalidad y las experiencias de los j\u00f3venes que est\u00e1n redefiniendo la cultura contempor\u00e1nea.<\/p>","protected":false},"excerpt":{"rendered":"<p>En la Espa\u00f1a de 2025, el lenguaje de los j\u00f3venes y adolescentes de las generaciones Z (nacidos entre 1994 y 2010) y Alfa (nacidos entre 2010 y 2025) se ha convertido en un fen\u00f3meno cultural que refleja su identidad, valores y forma de interactuar con el mundo. Estas generaciones, profundamente [&hellip;]<\/p>\n","protected":false},"author":3,"featured_media":65618,"comment_status":"closed","ping_status":"closed","sticky":false,"template":"","format":"standard","meta":{"footnotes":""},"categories":[4099],"tags":[],"class_list":["post-65617","post","type-post","status-publish","format-standard","has-post-thumbnail","hentry","category-otras-miradas"],"yoast_head":"<!-- This site is optimized with the Yoast SEO plugin v27.5 - https:\/\/yoast.com\/product\/yoast-seo-wordpress\/ -->\n<title>El lenguaje de la Generaci\u00f3n Z y Alfa en Espa\u00f1a: una radiograf\u00eda de la jerga juvenil - Revista Rambla<\/title>\n<meta name=\"robots\" content=\"index, follow, max-snippet:-1, max-image-preview:large, max-video-preview:-1\" \/>\n<link rel=\"canonical\" href=\"https:\/\/www.revistarambla.com\/en\/el-lenguaje-de-la-generacion-z-y-alfa-en-espana-una-radiografia-de-la-jerga-juvenil\/\" \/>\n<meta property=\"og:locale\" content=\"en_GB\" \/>\n<meta property=\"og:type\" content=\"article\" \/>\n<meta property=\"og:title\" content=\"El lenguaje de la Generaci\u00f3n Z y Alfa en Espa\u00f1a: una radiograf\u00eda de la jerga juvenil - Revista Rambla\" \/>\n<meta property=\"og:description\" content=\"En la Espa\u00f1a de 2025, el lenguaje de los j\u00f3venes y adolescentes de las generaciones Z (nacidos entre 1994 y 2010) y Alfa (nacidos entre 2010 y 2025) se ha convertido en un fen\u00f3meno cultural que refleja su identidad, valores y forma de interactuar con el mundo. Estas generaciones, profundamente [&hellip;]\" \/>\n<meta property=\"og:url\" content=\"https:\/\/www.revistarambla.com\/en\/el-lenguaje-de-la-generacion-z-y-alfa-en-espana-una-radiografia-de-la-jerga-juvenil\/\" \/>\n<meta property=\"og:site_name\" content=\"Revista Rambla\" \/>\n<meta property=\"article:publisher\" content=\"https:\/\/www.facebook.com\/revistarambla\/\" \/>\n<meta property=\"article:author\" content=\"https:\/\/www.facebook.com\/revistarambla\" \/>\n<meta property=\"article:published_time\" content=\"2025-06-29T10:21:52+00:00\" \/>\n<meta property=\"og:image\" content=\"https:\/\/www.revistarambla.com\/wp-content\/uploads\/2025\/06\/2149070078.jpg\" \/>\n\t<meta property=\"og:image:width\" content=\"1500\" \/>\n\t<meta property=\"og:image:height\" content=\"998\" \/>\n\t<meta property=\"og:image:type\" content=\"image\/jpeg\" \/>\n<meta name=\"author\" content=\"R@mbla\" \/>\n<meta name=\"twitter:card\" content=\"summary_large_image\" \/>\n<meta name=\"twitter:creator\" content=\"@revistarambla\" \/>\n<meta name=\"twitter:site\" content=\"@revistarambla\" \/>\n<meta name=\"twitter:label1\" content=\"Written by\" \/>\n\t<meta name=\"twitter:data1\" content=\"R@mbla\" \/>\n\t<meta name=\"twitter:label2\" content=\"Estimated reading time\" \/>\n\t<meta name=\"twitter:data2\" content=\"9 minutes\" \/>\n<script type=\"application\/ld+json\" class=\"yoast-schema-graph\">{\"@context\":\"https:\\\/\\\/schema.org\",\"@graph\":[{\"@type\":\"Article\",\"@id\":\"https:\\\/\\\/www.revistarambla.com\\\/el-lenguaje-de-la-generacion-z-y-alfa-en-espana-una-radiografia-de-la-jerga-juvenil\\\/#article\",\"isPartOf\":{\"@id\":\"https:\\\/\\\/www.revistarambla.com\\\/el-lenguaje-de-la-generacion-z-y-alfa-en-espana-una-radiografia-de-la-jerga-juvenil\\\/\"},\"author\":{\"name\":\"R@mbla\",\"@id\":\"https:\\\/\\\/www.revistarambla.com\\\/#\\\/schema\\\/person\\\/a146a5a2550b94981a75131180e1bd9c\"},\"headline\":\"El lenguaje de la Generaci\u00f3n Z y Alfa en Espa\u00f1a: una radiograf\u00eda de la jerga juvenil\",\"datePublished\":\"2025-06-29T10:21:52+00:00\",\"mainEntityOfPage\":{\"@id\":\"https:\\\/\\\/www.revistarambla.com\\\/el-lenguaje-de-la-generacion-z-y-alfa-en-espana-una-radiografia-de-la-jerga-juvenil\\\/\"},\"wordCount\":1991,\"publisher\":{\"@id\":\"https:\\\/\\\/www.revistarambla.com\\\/#organization\"},\"image\":{\"@id\":\"https:\\\/\\\/www.revistarambla.com\\\/el-lenguaje-de-la-generacion-z-y-alfa-en-espana-una-radiografia-de-la-jerga-juvenil\\\/#primaryimage\"},\"thumbnailUrl\":\"https:\\\/\\\/www.revistarambla.com\\\/wp-content\\\/uploads\\\/2025\\\/06\\\/2149070078.jpg\",\"articleSection\":[\"Otras Miradas\"],\"inLanguage\":\"en-GB\"},{\"@type\":\"WebPage\",\"@id\":\"https:\\\/\\\/www.revistarambla.com\\\/el-lenguaje-de-la-generacion-z-y-alfa-en-espana-una-radiografia-de-la-jerga-juvenil\\\/\",\"url\":\"https:\\\/\\\/www.revistarambla.com\\\/el-lenguaje-de-la-generacion-z-y-alfa-en-espana-una-radiografia-de-la-jerga-juvenil\\\/\",\"name\":\"El lenguaje de la Generaci\u00f3n Z y Alfa en Espa\u00f1a: una radiograf\u00eda de la jerga juvenil - Revista Rambla\",\"isPartOf\":{\"@id\":\"https:\\\/\\\/www.revistarambla.com\\\/#website\"},\"primaryImageOfPage\":{\"@id\":\"https:\\\/\\\/www.revistarambla.com\\\/el-lenguaje-de-la-generacion-z-y-alfa-en-espana-una-radiografia-de-la-jerga-juvenil\\\/#primaryimage\"},\"image\":{\"@id\":\"https:\\\/\\\/www.revistarambla.com\\\/el-lenguaje-de-la-generacion-z-y-alfa-en-espana-una-radiografia-de-la-jerga-juvenil\\\/#primaryimage\"},\"thumbnailUrl\":\"https:\\\/\\\/www.revistarambla.com\\\/wp-content\\\/uploads\\\/2025\\\/06\\\/2149070078.jpg\",\"datePublished\":\"2025-06-29T10:21:52+00:00\",\"breadcrumb\":{\"@id\":\"https:\\\/\\\/www.revistarambla.com\\\/el-lenguaje-de-la-generacion-z-y-alfa-en-espana-una-radiografia-de-la-jerga-juvenil\\\/#breadcrumb\"},\"inLanguage\":\"en-GB\",\"potentialAction\":[{\"@type\":\"ReadAction\",\"target\":[\"https:\\\/\\\/www.revistarambla.com\\\/el-lenguaje-de-la-generacion-z-y-alfa-en-espana-una-radiografia-de-la-jerga-juvenil\\\/\"]}]},{\"@type\":\"ImageObject\",\"inLanguage\":\"en-GB\",\"@id\":\"https:\\\/\\\/www.revistarambla.com\\\/el-lenguaje-de-la-generacion-z-y-alfa-en-espana-una-radiografia-de-la-jerga-juvenil\\\/#primaryimage\",\"url\":\"https:\\\/\\\/www.revistarambla.com\\\/wp-content\\\/uploads\\\/2025\\\/06\\\/2149070078.jpg\",\"contentUrl\":\"https:\\\/\\\/www.revistarambla.com\\\/wp-content\\\/uploads\\\/2025\\\/06\\\/2149070078.jpg\",\"width\":1500,\"height\":998,\"caption\":\"lenguaje j\u00f3venes\"},{\"@type\":\"BreadcrumbList\",\"@id\":\"https:\\\/\\\/www.revistarambla.com\\\/el-lenguaje-de-la-generacion-z-y-alfa-en-espana-una-radiografia-de-la-jerga-juvenil\\\/#breadcrumb\",\"itemListElement\":[{\"@type\":\"ListItem\",\"position\":1,\"name\":\"Portada\",\"item\":\"https:\\\/\\\/www.revistarambla.com\\\/\"},{\"@type\":\"ListItem\",\"position\":2,\"name\":\"El lenguaje de la Generaci\u00f3n Z y Alfa en Espa\u00f1a: una radiograf\u00eda de la jerga juvenil\"}]},{\"@type\":\"WebSite\",\"@id\":\"https:\\\/\\\/www.revistarambla.com\\\/#website\",\"url\":\"https:\\\/\\\/www.revistarambla.com\\\/\",\"name\":\"Revista Rambla Barcelona\",\"description\":\"Periodismo independiente\",\"publisher\":{\"@id\":\"https:\\\/\\\/www.revistarambla.com\\\/#organization\"},\"potentialAction\":[{\"@type\":\"SearchAction\",\"target\":{\"@type\":\"EntryPoint\",\"urlTemplate\":\"https:\\\/\\\/www.revistarambla.com\\\/?s={search_term_string}\"},\"query-input\":{\"@type\":\"PropertyValueSpecification\",\"valueRequired\":true,\"valueName\":\"search_term_string\"}}],\"inLanguage\":\"en-GB\"},{\"@type\":\"Organization\",\"@id\":\"https:\\\/\\\/www.revistarambla.com\\\/#organization\",\"name\":\"Revista Rambla\",\"url\":\"https:\\\/\\\/www.revistarambla.com\\\/\",\"logo\":{\"@type\":\"ImageObject\",\"inLanguage\":\"en-GB\",\"@id\":\"https:\\\/\\\/www.revistarambla.com\\\/#\\\/schema\\\/logo\\\/image\\\/\",\"url\":\"https:\\\/\\\/www.revistarambla.com\\\/wp-content\\\/uploads\\\/2020\\\/09\\\/banner_rambla_1900x600_BB.png\",\"contentUrl\":\"https:\\\/\\\/www.revistarambla.com\\\/wp-content\\\/uploads\\\/2020\\\/09\\\/banner_rambla_1900x600_BB.png\",\"width\":1900,\"height\":600,\"caption\":\"Revista Rambla\"},\"image\":{\"@id\":\"https:\\\/\\\/www.revistarambla.com\\\/#\\\/schema\\\/logo\\\/image\\\/\"},\"sameAs\":[\"https:\\\/\\\/www.facebook.com\\\/revistarambla\\\/\",\"https:\\\/\\\/x.com\\\/revistarambla\",\"https:\\\/\\\/www.instagram.com\\\/revista_rambla\",\"https:\\\/\\\/es.linkedin.com\\\/company\\\/revista-rambla\"]},{\"@type\":\"Person\",\"@id\":\"https:\\\/\\\/www.revistarambla.com\\\/#\\\/schema\\\/person\\\/a146a5a2550b94981a75131180e1bd9c\",\"name\":\"R@mbla\",\"description\":\"Este art\u00edculo ha sido redactado y\\\/o validado por el equipo de redacci\u00f3n de Revista Rambla.\",\"sameAs\":[\"https:\\\/\\\/www.revistarambla.com\\\/\",\"https:\\\/\\\/www.facebook.com\\\/revistarambla\",\"https:\\\/\\\/x.com\\\/revistarambla\"]}]}<\/script>\n<!-- \/ Yoast SEO plugin. -->","yoast_head_json":{"title":"El lenguaje de la Generaci\u00f3n Z y Alfa en Espa\u00f1a: una radiograf\u00eda de la jerga juvenil - Revista Rambla","robots":{"index":"index","follow":"follow","max-snippet":"max-snippet:-1","max-image-preview":"max-image-preview:large","max-video-preview":"max-video-preview:-1"},"canonical":"https:\/\/www.revistarambla.com\/en\/el-lenguaje-de-la-generacion-z-y-alfa-en-espana-una-radiografia-de-la-jerga-juvenil\/","og_locale":"en_GB","og_type":"article","og_title":"El lenguaje de la Generaci\u00f3n Z y Alfa en Espa\u00f1a: una radiograf\u00eda de la jerga juvenil - Revista Rambla","og_description":"En la Espa\u00f1a de 2025, el lenguaje de los j\u00f3venes y adolescentes de las generaciones Z (nacidos entre 1994 y 2010) y Alfa (nacidos entre 2010 y 2025) se ha convertido en un fen\u00f3meno cultural que refleja su identidad, valores y forma de interactuar con el mundo. Estas generaciones, profundamente [&hellip;]","og_url":"https:\/\/www.revistarambla.com\/en\/el-lenguaje-de-la-generacion-z-y-alfa-en-espana-una-radiografia-de-la-jerga-juvenil\/","og_site_name":"Revista Rambla","article_publisher":"https:\/\/www.facebook.com\/revistarambla\/","article_author":"https:\/\/www.facebook.com\/revistarambla","article_published_time":"2025-06-29T10:21:52+00:00","og_image":[{"width":1500,"height":998,"url":"https:\/\/www.revistarambla.com\/wp-content\/uploads\/2025\/06\/2149070078.jpg","type":"image\/jpeg"}],"author":"R@mbla","twitter_card":"summary_large_image","twitter_creator":"@revistarambla","twitter_site":"@revistarambla","twitter_misc":{"Written by":"R@mbla","Estimated reading time":"9 minutes"},"schema":{"@context":"https:\/\/schema.org","@graph":[{"@type":"Article","@id":"https:\/\/www.revistarambla.com\/el-lenguaje-de-la-generacion-z-y-alfa-en-espana-una-radiografia-de-la-jerga-juvenil\/#article","isPartOf":{"@id":"https:\/\/www.revistarambla.com\/el-lenguaje-de-la-generacion-z-y-alfa-en-espana-una-radiografia-de-la-jerga-juvenil\/"},"author":{"name":"R@mbla","@id":"https:\/\/www.revistarambla.com\/#\/schema\/person\/a146a5a2550b94981a75131180e1bd9c"},"headline":"El lenguaje de la Generaci\u00f3n Z y Alfa en Espa\u00f1a: una radiograf\u00eda de la jerga juvenil","datePublished":"2025-06-29T10:21:52+00:00","mainEntityOfPage":{"@id":"https:\/\/www.revistarambla.com\/el-lenguaje-de-la-generacion-z-y-alfa-en-espana-una-radiografia-de-la-jerga-juvenil\/"},"wordCount":1991,"publisher":{"@id":"https:\/\/www.revistarambla.com\/#organization"},"image":{"@id":"https:\/\/www.revistarambla.com\/el-lenguaje-de-la-generacion-z-y-alfa-en-espana-una-radiografia-de-la-jerga-juvenil\/#primaryimage"},"thumbnailUrl":"https:\/\/www.revistarambla.com\/wp-content\/uploads\/2025\/06\/2149070078.jpg","articleSection":["Otras Miradas"],"inLanguage":"en-GB"},{"@type":"WebPage","@id":"https:\/\/www.revistarambla.com\/el-lenguaje-de-la-generacion-z-y-alfa-en-espana-una-radiografia-de-la-jerga-juvenil\/","url":"https:\/\/www.revistarambla.com\/el-lenguaje-de-la-generacion-z-y-alfa-en-espana-una-radiografia-de-la-jerga-juvenil\/","name":"El lenguaje de la Generaci\u00f3n Z y Alfa en Espa\u00f1a: una radiograf\u00eda de la jerga juvenil - Revista Rambla","isPartOf":{"@id":"https:\/\/www.revistarambla.com\/#website"},"primaryImageOfPage":{"@id":"https:\/\/www.revistarambla.com\/el-lenguaje-de-la-generacion-z-y-alfa-en-espana-una-radiografia-de-la-jerga-juvenil\/#primaryimage"},"image":{"@id":"https:\/\/www.revistarambla.com\/el-lenguaje-de-la-generacion-z-y-alfa-en-espana-una-radiografia-de-la-jerga-juvenil\/#primaryimage"},"thumbnailUrl":"https:\/\/www.revistarambla.com\/wp-content\/uploads\/2025\/06\/2149070078.jpg","datePublished":"2025-06-29T10:21:52+00:00","breadcrumb":{"@id":"https:\/\/www.revistarambla.com\/el-lenguaje-de-la-generacion-z-y-alfa-en-espana-una-radiografia-de-la-jerga-juvenil\/#breadcrumb"},"inLanguage":"en-GB","potentialAction":[{"@type":"ReadAction","target":["https:\/\/www.revistarambla.com\/el-lenguaje-de-la-generacion-z-y-alfa-en-espana-una-radiografia-de-la-jerga-juvenil\/"]}]},{"@type":"ImageObject","inLanguage":"en-GB","@id":"https:\/\/www.revistarambla.com\/el-lenguaje-de-la-generacion-z-y-alfa-en-espana-una-radiografia-de-la-jerga-juvenil\/#primaryimage","url":"https:\/\/www.revistarambla.com\/wp-content\/uploads\/2025\/06\/2149070078.jpg","contentUrl":"https:\/\/www.revistarambla.com\/wp-content\/uploads\/2025\/06\/2149070078.jpg","width":1500,"height":998,"caption":"lenguaje j\u00f3venes"},{"@type":"BreadcrumbList","@id":"https:\/\/www.revistarambla.com\/el-lenguaje-de-la-generacion-z-y-alfa-en-espana-una-radiografia-de-la-jerga-juvenil\/#breadcrumb","itemListElement":[{"@type":"ListItem","position":1,"name":"Portada","item":"https:\/\/www.revistarambla.com\/"},{"@type":"ListItem","position":2,"name":"El lenguaje de la Generaci\u00f3n Z y Alfa en Espa\u00f1a: una radiograf\u00eda de la jerga juvenil"}]},{"@type":"WebSite","@id":"https:\/\/www.revistarambla.com\/#website","url":"https:\/\/www.revistarambla.com\/","name":"Revista Rambla Barcelona","description":"Periodismo independiente","publisher":{"@id":"https:\/\/www.revistarambla.com\/#organization"},"potentialAction":[{"@type":"SearchAction","target":{"@type":"EntryPoint","urlTemplate":"https:\/\/www.revistarambla.com\/?s={search_term_string}"},"query-input":{"@type":"PropertyValueSpecification","valueRequired":true,"valueName":"search_term_string"}}],"inLanguage":"en-GB"},{"@type":"Organization","@id":"https:\/\/www.revistarambla.com\/#organization","name":"Revista Rambla","url":"https:\/\/www.revistarambla.com\/","logo":{"@type":"ImageObject","inLanguage":"en-GB","@id":"https:\/\/www.revistarambla.com\/#\/schema\/logo\/image\/","url":"https:\/\/www.revistarambla.com\/wp-content\/uploads\/2020\/09\/banner_rambla_1900x600_BB.png","contentUrl":"https:\/\/www.revistarambla.com\/wp-content\/uploads\/2020\/09\/banner_rambla_1900x600_BB.png","width":1900,"height":600,"caption":"Revista Rambla"},"image":{"@id":"https:\/\/www.revistarambla.com\/#\/schema\/logo\/image\/"},"sameAs":["https:\/\/www.facebook.com\/revistarambla\/","https:\/\/x.com\/revistarambla","https:\/\/www.instagram.com\/revista_rambla","https:\/\/es.linkedin.com\/company\/revista-rambla"]},{"@type":"Person","@id":"https:\/\/www.revistarambla.com\/#\/schema\/person\/a146a5a2550b94981a75131180e1bd9c","name":"R@mbla","description":"Este art\u00edculo ha sido redactado y\/o validado por el equipo de redacci\u00f3n de Revista Rambla.","sameAs":["https:\/\/www.revistarambla.com\/","https:\/\/www.facebook.com\/revistarambla","https:\/\/x.com\/revistarambla"]}]}},"_links":{"self":[{"href":"https:\/\/www.revistarambla.com\/en\/wp-json\/wp\/v2\/posts\/65617","targetHints":{"allow":["GET"]}}],"collection":[{"href":"https:\/\/www.revistarambla.com\/en\/wp-json\/wp\/v2\/posts"}],"about":[{"href":"https:\/\/www.revistarambla.com\/en\/wp-json\/wp\/v2\/types\/post"}],"author":[{"embeddable":true,"href":"https:\/\/www.revistarambla.com\/en\/wp-json\/wp\/v2\/users\/3"}],"replies":[{"embeddable":true,"href":"https:\/\/www.revistarambla.com\/en\/wp-json\/wp\/v2\/comments?post=65617"}],"version-history":[{"count":1,"href":"https:\/\/www.revistarambla.com\/en\/wp-json\/wp\/v2\/posts\/65617\/revisions"}],"predecessor-version":[{"id":65619,"href":"https:\/\/www.revistarambla.com\/en\/wp-json\/wp\/v2\/posts\/65617\/revisions\/65619"}],"wp:featuredmedia":[{"embeddable":true,"href":"https:\/\/www.revistarambla.com\/en\/wp-json\/wp\/v2\/media\/65618"}],"wp:attachment":[{"href":"https:\/\/www.revistarambla.com\/en\/wp-json\/wp\/v2\/media?parent=65617"}],"wp:term":[{"taxonomy":"category","embeddable":true,"href":"https:\/\/www.revistarambla.com\/en\/wp-json\/wp\/v2\/categories?post=65617"},{"taxonomy":"post_tag","embeddable":true,"href":"https:\/\/www.revistarambla.com\/en\/wp-json\/wp\/v2\/tags?post=65617"}],"curies":[{"name":"wp","href":"https:\/\/api.w.org\/{rel}","templated":true}]}}