{"id":65614,"date":"2025-06-29T12:10:23","date_gmt":"2025-06-29T10:10:23","guid":{"rendered":"https:\/\/www.revistarambla.com\/?p=65614"},"modified":"2025-06-29T12:10:23","modified_gmt":"2025-06-29T10:10:23","slug":"el-mediterraneo-en-ebullicion","status":"publish","type":"post","link":"https:\/\/www.revistarambla.com\/en\/el-mediterraneo-en-ebullicion\/","title":{"rendered":"El Mediterr\u00e1neo en ebullici\u00f3n"},"content":{"rendered":"<p>El mar Mediterr\u00e1neo, conocido hist\u00f3ricamente como <em>Mare Nostrum<\/em>, est\u00e1 experimentando un calentamiento sin precedentes que est\u00e1 transformando sus ecosistemas y generando alarma entre cient\u00edficos, meteor\u00f3logos y ecologistas. En los \u00faltimos a\u00f1os, las temperaturas superficiales del Mediterr\u00e1neo han batido r\u00e9cords hist\u00f3ricos, alcanzando picos de hasta 31,87 \u00b0C en puntos como la boya de Sa Dragonera, en Baleares, el 12 de agosto de 2024. Este fen\u00f3meno, que va m\u00e1s all\u00e1 de las fluctuaciones estacionales normales, est\u00e1 impulsado por el cambio clim\u00e1tico global y tiene profundas implicaciones para la biodiversidad, el clima regional y las comunidades costeras.<\/p>\n<h2>Un mar en calentamiento acelerado<\/h2>\n<p>El Mediterr\u00e1neo se est\u00e1 calentando a un ritmo significativamente m\u00e1s r\u00e1pido que la media global. Seg\u00fan el Instituto Espa\u00f1ol de Oceanograf\u00eda (IEO), la temperatura media de la superficie del mar Mediterr\u00e1neo ha aumentado aproximadamente 0,4 \u00b0C por d\u00e9cada entre 1982 y 2018, tres veces m\u00e1s r\u00e1pido que el promedio mundial de los oc\u00e9anos. En 2024, el Servicio Europeo de Cambio Clim\u00e1tico Copernicus (C3S) registr\u00f3 una temperatura media r\u00e9cord de 28,84 \u00b0C en julio, superando los valores hist\u00f3ricos desde 1982. En regiones espec\u00edficas, como el mar Balear, el incremento ha sido a\u00fan m\u00e1s pronunciado, con un aumento de 1,6 \u00b0C en los \u00faltimos 40 a\u00f1os.<\/p>\n<p>Josep Pascual, un observador que lleva medio siglo tomando registros manuales en l\u2019Estartit (Catalu\u00f1a), ha documentado un aumento medio de 1,5 \u00b0C en la temperatura del agua en los \u00faltimos 50 a\u00f1os, con un pico de 27,65 \u00b0C en agosto de 2024, superando el r\u00e9cord anterior de 2022. \u201cEste valor es especialmente preocupante porque es el m\u00e1s elevado en medio siglo de observaciones fiables\u201d, afirm\u00f3 Pascual en una entrevista reciente. Estas cifras reflejan una tendencia clara: el Mediterr\u00e1neo no solo se calienta, sino que lo hace a un ritmo que supera las proyecciones m\u00e1s pesimistas.<\/p>\n<h2>Causas del calentamiento: un c\u00f3ctel clim\u00e1tico<\/h2>\n<p>El aumento de la temperatura del Mediterr\u00e1neo es el resultado de una combinaci\u00f3n de factores antropog\u00e9nicos y naturales, con el cambio clim\u00e1tico como principal impulsor. Los expertos coinciden en que las emisiones de gases de efecto invernadero (GEI) son la causa primaria. \u201cEl oc\u00e9ano absorbe alrededor del 90 % del calor generado por las emisiones de GEI, lo que lo convierte en el mayor sumidero de carbono del planeta\u201d, explica S\u00e9rgio Henrique Faria, f\u00edsico y profesor del BC3 Basque Centre for Climate Change. Este exceso de calor se acumula en las aguas superficiales, que tienen una alta capacidad para retener energ\u00eda, lo que dificulta su enfriamiento.<\/p>\n<p>Adem\u00e1s, la morfolog\u00eda del Mediterr\u00e1neo, una cuenca semicerrada con un intercambio limitado de agua con el Atl\u00e1ntico a trav\u00e9s del Estrecho de Gibraltar, lo hace especialmente vulnerable. \u201cEl Mediterr\u00e1neo no tiene la capacidad de los oc\u00e9anos abiertos para disipar el calor mediante corrientes profundas o amplios sistemas de circulaci\u00f3n\u201d, se\u00f1ala Mar G\u00f3mez, meteor\u00f3loga. \u201cLa alta radiaci\u00f3n solar en verano y la falta de vientos que mezclen las aguas superficiales con las m\u00e1s fr\u00edas del fondo contribuyen a que las temperaturas se mantengan elevadas\u201d.<\/p>\n<p>Otro factor es el cambio en los patrones atmosf\u00e9ricos. Jordi Sol\u00e9, investigador del Institut de Ci\u00e8ncies del Mar (ICM-CSIC), destaca que el desplazamiento hacia el norte de la corriente en chorro subtropical, causado por el cambio clim\u00e1tico, ha debilitado los vientos del norte, como el mistral, que tradicionalmente facilitan el afloramiento de aguas profundas y fr\u00edas. \u201cEste cambio reduce la mezcla de aguas y mantiene las temperaturas superficiales m\u00e1s altas, afectando tambi\u00e9n la producci\u00f3n primaria marina, que ha disminuido un 40 % en el Mediterr\u00e1neo noroccidental en las \u00faltimas dos d\u00e9cadas\u201d.<\/p>\n<p>Eventos clim\u00e1ticos como El Ni\u00f1o y fen\u00f3menos locales como las olas de calor terrestres tambi\u00e9n contribuyen al calentamiento. \u201cEn 2024, hemos visto una combinaci\u00f3n de condiciones anticicl\u00f3nicas prolongadas y olas de calor que han impedido la mezcla de aguas, manteniendo el calor en la superficie\u201d, explica Jos\u00e9 Luis Camacho, portavoz de la Agencia Estatal de Meteorolog\u00eda (Aemet).<\/p>\n<h2>Consecuencias devastadoras para los ecosistemas<\/h2>\n<p>El calentamiento del Mediterr\u00e1neo est\u00e1 teniendo un impacto directo en la biodiversidad marina. Joaquim Garrabou, investigador del ICM-CSIC, advierte que las olas de calor marinas, definidas como per\u00edodos prolongados de temperaturas extremadamente altas, se han vuelto m\u00e1s frecuentes e intensas. \u201cEn 2023, estas olas afectaron a unas 50 especies, incluyendo corales, esponjas, algas y posidonia. Si no cambian las tendencias, podr\u00edamos ver fen\u00f3menos de mortalidad masiva\u201d. La posidonia, una planta marina clave para los ecosistemas mediterr\u00e1neos, est\u00e1 particularmente amenazada, lo que podr\u00eda desencadenar un colapso en las cadenas tr\u00f3ficas.<\/p>\n<p>El aumento de la temperatura tambi\u00e9n favorece la proliferaci\u00f3n de especies invasoras. Josep Maria Gili, experto en medusas del ICM-CSIC, se\u00f1ala que \u201cel calentamiento reduce las barreras naturales que antes manten\u00edan a las medusas alejadas de las costas. Ahora, las aguas c\u00e1lidas permiten su proliferaci\u00f3n, lo que afecta a las especies aut\u00f3ctonas\u201d. Especies como el pez conejo, que ha llegado al Mediterr\u00e1neo oriental a trav\u00e9s del canal de Suez, est\u00e1n causando estragos en pa\u00edses como Grecia e Italia.<\/p>\n<p>Otro problema es la acidificaci\u00f3n del agua, resultado de la absorci\u00f3n de di\u00f3xido de carbono. \u201cEl Mediterr\u00e1neo captura CO\u2082 con mayor facilidad, lo que lo hace m\u00e1s \u00e1cido que la media global\u201d, explica Faria. \u201cEsto pone en estr\u00e9s a los organismos con esqueletos calc\u00e1reos, como corales y moluscos, y puede llevar a extinciones locales\u201d. Adem\u00e1s, el calentamiento reduce los niveles de ox\u00edgeno, lo que provoca eutrofizaci\u00f3n y floraciones de algas nocivas, seg\u00fan Alejo Muruaga, director de Consultor\u00eda Medioambiental de Global Omnium.<\/p>\n<h2>Impactos clim\u00e1ticos y sociales<\/h2>\n<p>El calentamiento del Mediterr\u00e1neo no solo afecta a los ecosistemas marinos, sino que tambi\u00e9n intensifica los fen\u00f3menos meteorol\u00f3gicos extremos. \u201cUn mar m\u00e1s caliente es como una olla hirviendo: proporciona m\u00e1s energ\u00eda y vapor de agua, lo que alimenta tormentas m\u00e1s violentas\u201d, explica Faria. Esto se ha evidenciado en eventos recientes, como las lluvias torrenciales en Baleares y Catalu\u00f1a en agosto de 2024, asociadas a una DANA potenciada por temperaturas marinas r\u00e9cord. Camacho a\u00f1ade: \u201cA mayor calentamiento del mar, mayor es la fuerza de los fen\u00f3menos atmosf\u00e9ricos, como las DANA, que pueden causar inundaciones devastadoras\u201d.<\/p>\n<p>El aumento del nivel del mar, consecuencia de la dilataci\u00f3n t\u00e9rmica del agua y el deshielo polar, es otra preocupaci\u00f3n. Seg\u00fan un informe de la red Mediterranean Experts on Climate and Environmental Change (MedECC), el nivel del mar en el Mediterr\u00e1neo podr\u00eda aumentar hasta 3,8 \u00b0C para 2100, con un incremento de 23 cm desde 1880, la mitad de los cuales ocurri\u00f3 en los \u00faltimos 25 a\u00f1os. En Espa\u00f1a, el ritmo de subida se ha duplicado en las \u00faltimas dos d\u00e9cadas, amenazando con la p\u00e9rdida de hasta 70 playas en Baleares.<\/p>\n<p>Las comunidades costeras tambi\u00e9n sufren las consecuencias. Jorge Olcina, catedr\u00e1tico de la Universidad de Alicante, destaca que \u201clas noches tropicales, con temperaturas m\u00ednimas superiores a 20 \u00b0C, son cada vez m\u00e1s frecuentes, afectando la calidad de vida y aumentando el estr\u00e9s t\u00e9rmico en poblaciones vulnerables\u201d. En Valencia, por ejemplo, se registraron 18 noches t\u00f3rridas en julio de 2024, un aumento dr\u00e1stico respecto a la d\u00e9cada de 1990.<\/p>\n<h2>Perspectivas y soluciones<\/h2>\n<p>Los expertos son claros: la \u00fanica forma de frenar este calentamiento es reducir dr\u00e1sticamente las emisiones de GEI. \u201cAunque detuvi\u00e9ramos las emisiones hoy, la inercia t\u00e9rmica del planeta har\u00eda que las temperaturas sigan subiendo durante d\u00e9cadas\u201d, advierte Camacho. Sin embargo, Faria a\u00f1ade un mensaje de esperanza: \u201cCada medio grado que logremos ralentizar reduce significativamente el impacto de los fen\u00f3menos extremos\u201d.<\/p>\n<p>Pilar Marcos, bi\u00f3loga marina de Greenpeace Espa\u00f1a, aboga por medidas concretas, como la creaci\u00f3n de santuarios marinos protegidos y la aprobaci\u00f3n de un Tratado Internacional de los Oc\u00e9anos ambicioso. \u201cProteger al menos el 30 % de la superficie marina es crucial para preservar la biodiversidad y mitigar los efectos del calentamiento\u201d. Adem\u00e1s, los expertos instan a mejorar la gesti\u00f3n de las aguas residuales y reducir la contaminaci\u00f3n por pl\u00e1sticos, que agravan el estr\u00e9s de los ecosistemas marinos.<\/p>\n<p>Adam Gauci, del Grupo de Investigaci\u00f3n Marina Oceanogr\u00e1fica de la Universidad de Malta, subraya la importancia de la monitorizaci\u00f3n continua: \u201cNecesitamos datos precisos para entender c\u00f3mo evolucionan los h\u00e1bitats marinos y dise\u00f1ar estrategias de adaptaci\u00f3n\u201d. Programas como RADMED del IEO, que monitorea las aguas mediterr\u00e1neas desde 1992, son esenciales para esta tarea.<\/p>\n<h2>Un futuro incierto<\/h2>\n<p>El Mediterr\u00e1neo est\u00e1 en un punto de inflexi\u00f3n. Su calentamiento acelerado, impulsado por el cambio clim\u00e1tico y agravado por su morfolog\u00eda \u00fanica, amenaza con transformar irreversiblemente sus ecosistemas y el clima regional. Las declaraciones de los expertos reflejan una mezcla de preocupaci\u00f3n y urgencia, pero tambi\u00e9n la convicci\u00f3n de que a\u00fan hay tiempo para actuar. Reducir las emisiones, proteger los ecosistemas marinos y fomentar la investigaci\u00f3n son pasos cruciales para mitigar los impactos y preservar el <em>Mare Nostrum<\/em> para las generaciones futuras. Como se\u00f1ala Josep Maria Gili, \u201clas medusas que vemos en nuestras costas son un mensaje del mar. Deber\u00edamos escucharlo\u201d.<\/p>","protected":false},"excerpt":{"rendered":"<p>El mar Mediterr\u00e1neo, conocido hist\u00f3ricamente como Mare Nostrum, est\u00e1 experimentando un calentamiento sin precedentes que est\u00e1 transformando sus ecosistemas y generando alarma entre cient\u00edficos, meteor\u00f3logos y ecologistas. En los \u00faltimos a\u00f1os, las temperaturas superficiales del Mediterr\u00e1neo han batido r\u00e9cords hist\u00f3ricos, alcanzando picos de hasta 31,87 \u00b0C en puntos como la [&hellip;]<\/p>\n","protected":false},"author":3,"featured_media":65615,"comment_status":"closed","ping_status":"closed","sticky":false,"template":"","format":"standard","meta":{"footnotes":""},"categories":[4099],"tags":[],"class_list":["post-65614","post","type-post","status-publish","format-standard","has-post-thumbnail","hentry","category-otras-miradas"],"yoast_head":"<!-- This site is optimized with the Yoast SEO plugin v27.5 - https:\/\/yoast.com\/product\/yoast-seo-wordpress\/ -->\n<title>El Mediterr\u00e1neo en ebullici\u00f3n - Revista Rambla<\/title>\n<meta name=\"robots\" content=\"index, follow, max-snippet:-1, max-image-preview:large, max-video-preview:-1\" \/>\n<link rel=\"canonical\" href=\"https:\/\/www.revistarambla.com\/en\/el-mediterraneo-en-ebullicion\/\" \/>\n<meta property=\"og:locale\" content=\"en_GB\" \/>\n<meta property=\"og:type\" content=\"article\" \/>\n<meta property=\"og:title\" content=\"El Mediterr\u00e1neo en ebullici\u00f3n - Revista Rambla\" \/>\n<meta property=\"og:description\" content=\"El mar Mediterr\u00e1neo, conocido hist\u00f3ricamente como Mare Nostrum, est\u00e1 experimentando un calentamiento sin precedentes que est\u00e1 transformando sus ecosistemas y generando alarma entre cient\u00edficos, meteor\u00f3logos y ecologistas. En los \u00faltimos a\u00f1os, las temperaturas superficiales del Mediterr\u00e1neo han batido r\u00e9cords hist\u00f3ricos, alcanzando picos de hasta 31,87 \u00b0C en puntos como la [&hellip;]\" \/>\n<meta property=\"og:url\" content=\"https:\/\/www.revistarambla.com\/en\/el-mediterraneo-en-ebullicion\/\" \/>\n<meta property=\"og:site_name\" content=\"Revista Rambla\" \/>\n<meta property=\"article:publisher\" content=\"https:\/\/www.facebook.com\/revistarambla\/\" \/>\n<meta property=\"article:author\" content=\"https:\/\/www.facebook.com\/revistarambla\" \/>\n<meta property=\"article:published_time\" content=\"2025-06-29T10:10:23+00:00\" \/>\n<meta property=\"og:image\" content=\"https:\/\/www.revistarambla.com\/wp-content\/uploads\/2025\/06\/temperatura-del-Mediterraneo.jpg\" \/>\n\t<meta property=\"og:image:width\" content=\"800\" \/>\n\t<meta property=\"og:image:height\" content=\"600\" \/>\n\t<meta property=\"og:image:type\" content=\"image\/jpeg\" \/>\n<meta name=\"author\" content=\"R@mbla\" \/>\n<meta name=\"twitter:card\" content=\"summary_large_image\" \/>\n<meta name=\"twitter:creator\" content=\"@revistarambla\" \/>\n<meta name=\"twitter:site\" content=\"@revistarambla\" \/>\n<meta name=\"twitter:label1\" content=\"Written by\" \/>\n\t<meta name=\"twitter:data1\" content=\"R@mbla\" \/>\n\t<meta name=\"twitter:label2\" content=\"Estimated reading time\" \/>\n\t<meta name=\"twitter:data2\" content=\"7 minutes\" \/>\n<script type=\"application\/ld+json\" class=\"yoast-schema-graph\">{\"@context\":\"https:\\\/\\\/schema.org\",\"@graph\":[{\"@type\":\"Article\",\"@id\":\"https:\\\/\\\/www.revistarambla.com\\\/el-mediterraneo-en-ebullicion\\\/#article\",\"isPartOf\":{\"@id\":\"https:\\\/\\\/www.revistarambla.com\\\/el-mediterraneo-en-ebullicion\\\/\"},\"author\":{\"name\":\"R@mbla\",\"@id\":\"https:\\\/\\\/www.revistarambla.com\\\/#\\\/schema\\\/person\\\/a146a5a2550b94981a75131180e1bd9c\"},\"headline\":\"El Mediterr\u00e1neo en ebullici\u00f3n\",\"datePublished\":\"2025-06-29T10:10:23+00:00\",\"mainEntityOfPage\":{\"@id\":\"https:\\\/\\\/www.revistarambla.com\\\/el-mediterraneo-en-ebullicion\\\/\"},\"wordCount\":1592,\"publisher\":{\"@id\":\"https:\\\/\\\/www.revistarambla.com\\\/#organization\"},\"image\":{\"@id\":\"https:\\\/\\\/www.revistarambla.com\\\/el-mediterraneo-en-ebullicion\\\/#primaryimage\"},\"thumbnailUrl\":\"https:\\\/\\\/www.revistarambla.com\\\/wp-content\\\/uploads\\\/2025\\\/06\\\/temperatura-del-Mediterraneo.jpg\",\"articleSection\":[\"Otras Miradas\"],\"inLanguage\":\"en-GB\"},{\"@type\":\"WebPage\",\"@id\":\"https:\\\/\\\/www.revistarambla.com\\\/el-mediterraneo-en-ebullicion\\\/\",\"url\":\"https:\\\/\\\/www.revistarambla.com\\\/el-mediterraneo-en-ebullicion\\\/\",\"name\":\"El Mediterr\u00e1neo en ebullici\u00f3n - Revista Rambla\",\"isPartOf\":{\"@id\":\"https:\\\/\\\/www.revistarambla.com\\\/#website\"},\"primaryImageOfPage\":{\"@id\":\"https:\\\/\\\/www.revistarambla.com\\\/el-mediterraneo-en-ebullicion\\\/#primaryimage\"},\"image\":{\"@id\":\"https:\\\/\\\/www.revistarambla.com\\\/el-mediterraneo-en-ebullicion\\\/#primaryimage\"},\"thumbnailUrl\":\"https:\\\/\\\/www.revistarambla.com\\\/wp-content\\\/uploads\\\/2025\\\/06\\\/temperatura-del-Mediterraneo.jpg\",\"datePublished\":\"2025-06-29T10:10:23+00:00\",\"breadcrumb\":{\"@id\":\"https:\\\/\\\/www.revistarambla.com\\\/el-mediterraneo-en-ebullicion\\\/#breadcrumb\"},\"inLanguage\":\"en-GB\",\"potentialAction\":[{\"@type\":\"ReadAction\",\"target\":[\"https:\\\/\\\/www.revistarambla.com\\\/el-mediterraneo-en-ebullicion\\\/\"]}]},{\"@type\":\"ImageObject\",\"inLanguage\":\"en-GB\",\"@id\":\"https:\\\/\\\/www.revistarambla.com\\\/el-mediterraneo-en-ebullicion\\\/#primaryimage\",\"url\":\"https:\\\/\\\/www.revistarambla.com\\\/wp-content\\\/uploads\\\/2025\\\/06\\\/temperatura-del-Mediterraneo.jpg\",\"contentUrl\":\"https:\\\/\\\/www.revistarambla.com\\\/wp-content\\\/uploads\\\/2025\\\/06\\\/temperatura-del-Mediterraneo.jpg\",\"width\":800,\"height\":600,\"caption\":\"temperatura del Mediterr\u00e1neo\"},{\"@type\":\"BreadcrumbList\",\"@id\":\"https:\\\/\\\/www.revistarambla.com\\\/el-mediterraneo-en-ebullicion\\\/#breadcrumb\",\"itemListElement\":[{\"@type\":\"ListItem\",\"position\":1,\"name\":\"Portada\",\"item\":\"https:\\\/\\\/www.revistarambla.com\\\/\"},{\"@type\":\"ListItem\",\"position\":2,\"name\":\"El Mediterr\u00e1neo en ebullici\u00f3n\"}]},{\"@type\":\"WebSite\",\"@id\":\"https:\\\/\\\/www.revistarambla.com\\\/#website\",\"url\":\"https:\\\/\\\/www.revistarambla.com\\\/\",\"name\":\"Revista Rambla Barcelona\",\"description\":\"Periodismo independiente\",\"publisher\":{\"@id\":\"https:\\\/\\\/www.revistarambla.com\\\/#organization\"},\"potentialAction\":[{\"@type\":\"SearchAction\",\"target\":{\"@type\":\"EntryPoint\",\"urlTemplate\":\"https:\\\/\\\/www.revistarambla.com\\\/?s={search_term_string}\"},\"query-input\":{\"@type\":\"PropertyValueSpecification\",\"valueRequired\":true,\"valueName\":\"search_term_string\"}}],\"inLanguage\":\"en-GB\"},{\"@type\":\"Organization\",\"@id\":\"https:\\\/\\\/www.revistarambla.com\\\/#organization\",\"name\":\"Revista Rambla\",\"url\":\"https:\\\/\\\/www.revistarambla.com\\\/\",\"logo\":{\"@type\":\"ImageObject\",\"inLanguage\":\"en-GB\",\"@id\":\"https:\\\/\\\/www.revistarambla.com\\\/#\\\/schema\\\/logo\\\/image\\\/\",\"url\":\"https:\\\/\\\/www.revistarambla.com\\\/wp-content\\\/uploads\\\/2020\\\/09\\\/banner_rambla_1900x600_BB.png\",\"contentUrl\":\"https:\\\/\\\/www.revistarambla.com\\\/wp-content\\\/uploads\\\/2020\\\/09\\\/banner_rambla_1900x600_BB.png\",\"width\":1900,\"height\":600,\"caption\":\"Revista Rambla\"},\"image\":{\"@id\":\"https:\\\/\\\/www.revistarambla.com\\\/#\\\/schema\\\/logo\\\/image\\\/\"},\"sameAs\":[\"https:\\\/\\\/www.facebook.com\\\/revistarambla\\\/\",\"https:\\\/\\\/x.com\\\/revistarambla\",\"https:\\\/\\\/www.instagram.com\\\/revista_rambla\",\"https:\\\/\\\/es.linkedin.com\\\/company\\\/revista-rambla\"]},{\"@type\":\"Person\",\"@id\":\"https:\\\/\\\/www.revistarambla.com\\\/#\\\/schema\\\/person\\\/a146a5a2550b94981a75131180e1bd9c\",\"name\":\"R@mbla\",\"description\":\"Este art\u00edculo ha sido redactado y\\\/o validado por el equipo de redacci\u00f3n de Revista Rambla.\",\"sameAs\":[\"https:\\\/\\\/www.revistarambla.com\\\/\",\"https:\\\/\\\/www.facebook.com\\\/revistarambla\",\"https:\\\/\\\/x.com\\\/revistarambla\"]}]}<\/script>\n<!-- \/ Yoast SEO plugin. -->","yoast_head_json":{"title":"El Mediterr\u00e1neo en ebullici\u00f3n - Revista Rambla","robots":{"index":"index","follow":"follow","max-snippet":"max-snippet:-1","max-image-preview":"max-image-preview:large","max-video-preview":"max-video-preview:-1"},"canonical":"https:\/\/www.revistarambla.com\/en\/el-mediterraneo-en-ebullicion\/","og_locale":"en_GB","og_type":"article","og_title":"El Mediterr\u00e1neo en ebullici\u00f3n - Revista Rambla","og_description":"El mar Mediterr\u00e1neo, conocido hist\u00f3ricamente como Mare Nostrum, est\u00e1 experimentando un calentamiento sin precedentes que est\u00e1 transformando sus ecosistemas y generando alarma entre cient\u00edficos, meteor\u00f3logos y ecologistas. En los \u00faltimos a\u00f1os, las temperaturas superficiales del Mediterr\u00e1neo han batido r\u00e9cords hist\u00f3ricos, alcanzando picos de hasta 31,87 \u00b0C en puntos como la [&hellip;]","og_url":"https:\/\/www.revistarambla.com\/en\/el-mediterraneo-en-ebullicion\/","og_site_name":"Revista Rambla","article_publisher":"https:\/\/www.facebook.com\/revistarambla\/","article_author":"https:\/\/www.facebook.com\/revistarambla","article_published_time":"2025-06-29T10:10:23+00:00","og_image":[{"width":800,"height":600,"url":"https:\/\/www.revistarambla.com\/wp-content\/uploads\/2025\/06\/temperatura-del-Mediterraneo.jpg","type":"image\/jpeg"}],"author":"R@mbla","twitter_card":"summary_large_image","twitter_creator":"@revistarambla","twitter_site":"@revistarambla","twitter_misc":{"Written by":"R@mbla","Estimated reading time":"7 minutes"},"schema":{"@context":"https:\/\/schema.org","@graph":[{"@type":"Article","@id":"https:\/\/www.revistarambla.com\/el-mediterraneo-en-ebullicion\/#article","isPartOf":{"@id":"https:\/\/www.revistarambla.com\/el-mediterraneo-en-ebullicion\/"},"author":{"name":"R@mbla","@id":"https:\/\/www.revistarambla.com\/#\/schema\/person\/a146a5a2550b94981a75131180e1bd9c"},"headline":"El Mediterr\u00e1neo en ebullici\u00f3n","datePublished":"2025-06-29T10:10:23+00:00","mainEntityOfPage":{"@id":"https:\/\/www.revistarambla.com\/el-mediterraneo-en-ebullicion\/"},"wordCount":1592,"publisher":{"@id":"https:\/\/www.revistarambla.com\/#organization"},"image":{"@id":"https:\/\/www.revistarambla.com\/el-mediterraneo-en-ebullicion\/#primaryimage"},"thumbnailUrl":"https:\/\/www.revistarambla.com\/wp-content\/uploads\/2025\/06\/temperatura-del-Mediterraneo.jpg","articleSection":["Otras Miradas"],"inLanguage":"en-GB"},{"@type":"WebPage","@id":"https:\/\/www.revistarambla.com\/el-mediterraneo-en-ebullicion\/","url":"https:\/\/www.revistarambla.com\/el-mediterraneo-en-ebullicion\/","name":"El Mediterr\u00e1neo en ebullici\u00f3n - Revista Rambla","isPartOf":{"@id":"https:\/\/www.revistarambla.com\/#website"},"primaryImageOfPage":{"@id":"https:\/\/www.revistarambla.com\/el-mediterraneo-en-ebullicion\/#primaryimage"},"image":{"@id":"https:\/\/www.revistarambla.com\/el-mediterraneo-en-ebullicion\/#primaryimage"},"thumbnailUrl":"https:\/\/www.revistarambla.com\/wp-content\/uploads\/2025\/06\/temperatura-del-Mediterraneo.jpg","datePublished":"2025-06-29T10:10:23+00:00","breadcrumb":{"@id":"https:\/\/www.revistarambla.com\/el-mediterraneo-en-ebullicion\/#breadcrumb"},"inLanguage":"en-GB","potentialAction":[{"@type":"ReadAction","target":["https:\/\/www.revistarambla.com\/el-mediterraneo-en-ebullicion\/"]}]},{"@type":"ImageObject","inLanguage":"en-GB","@id":"https:\/\/www.revistarambla.com\/el-mediterraneo-en-ebullicion\/#primaryimage","url":"https:\/\/www.revistarambla.com\/wp-content\/uploads\/2025\/06\/temperatura-del-Mediterraneo.jpg","contentUrl":"https:\/\/www.revistarambla.com\/wp-content\/uploads\/2025\/06\/temperatura-del-Mediterraneo.jpg","width":800,"height":600,"caption":"temperatura del Mediterr\u00e1neo"},{"@type":"BreadcrumbList","@id":"https:\/\/www.revistarambla.com\/el-mediterraneo-en-ebullicion\/#breadcrumb","itemListElement":[{"@type":"ListItem","position":1,"name":"Portada","item":"https:\/\/www.revistarambla.com\/"},{"@type":"ListItem","position":2,"name":"El Mediterr\u00e1neo en ebullici\u00f3n"}]},{"@type":"WebSite","@id":"https:\/\/www.revistarambla.com\/#website","url":"https:\/\/www.revistarambla.com\/","name":"Revista Rambla Barcelona","description":"Periodismo independiente","publisher":{"@id":"https:\/\/www.revistarambla.com\/#organization"},"potentialAction":[{"@type":"SearchAction","target":{"@type":"EntryPoint","urlTemplate":"https:\/\/www.revistarambla.com\/?s={search_term_string}"},"query-input":{"@type":"PropertyValueSpecification","valueRequired":true,"valueName":"search_term_string"}}],"inLanguage":"en-GB"},{"@type":"Organization","@id":"https:\/\/www.revistarambla.com\/#organization","name":"Revista Rambla","url":"https:\/\/www.revistarambla.com\/","logo":{"@type":"ImageObject","inLanguage":"en-GB","@id":"https:\/\/www.revistarambla.com\/#\/schema\/logo\/image\/","url":"https:\/\/www.revistarambla.com\/wp-content\/uploads\/2020\/09\/banner_rambla_1900x600_BB.png","contentUrl":"https:\/\/www.revistarambla.com\/wp-content\/uploads\/2020\/09\/banner_rambla_1900x600_BB.png","width":1900,"height":600,"caption":"Revista Rambla"},"image":{"@id":"https:\/\/www.revistarambla.com\/#\/schema\/logo\/image\/"},"sameAs":["https:\/\/www.facebook.com\/revistarambla\/","https:\/\/x.com\/revistarambla","https:\/\/www.instagram.com\/revista_rambla","https:\/\/es.linkedin.com\/company\/revista-rambla"]},{"@type":"Person","@id":"https:\/\/www.revistarambla.com\/#\/schema\/person\/a146a5a2550b94981a75131180e1bd9c","name":"R@mbla","description":"Este art\u00edculo ha sido redactado y\/o validado por el equipo de redacci\u00f3n de Revista Rambla.","sameAs":["https:\/\/www.revistarambla.com\/","https:\/\/www.facebook.com\/revistarambla","https:\/\/x.com\/revistarambla"]}]}},"_links":{"self":[{"href":"https:\/\/www.revistarambla.com\/en\/wp-json\/wp\/v2\/posts\/65614","targetHints":{"allow":["GET"]}}],"collection":[{"href":"https:\/\/www.revistarambla.com\/en\/wp-json\/wp\/v2\/posts"}],"about":[{"href":"https:\/\/www.revistarambla.com\/en\/wp-json\/wp\/v2\/types\/post"}],"author":[{"embeddable":true,"href":"https:\/\/www.revistarambla.com\/en\/wp-json\/wp\/v2\/users\/3"}],"replies":[{"embeddable":true,"href":"https:\/\/www.revistarambla.com\/en\/wp-json\/wp\/v2\/comments?post=65614"}],"version-history":[{"count":1,"href":"https:\/\/www.revistarambla.com\/en\/wp-json\/wp\/v2\/posts\/65614\/revisions"}],"predecessor-version":[{"id":65616,"href":"https:\/\/www.revistarambla.com\/en\/wp-json\/wp\/v2\/posts\/65614\/revisions\/65616"}],"wp:featuredmedia":[{"embeddable":true,"href":"https:\/\/www.revistarambla.com\/en\/wp-json\/wp\/v2\/media\/65615"}],"wp:attachment":[{"href":"https:\/\/www.revistarambla.com\/en\/wp-json\/wp\/v2\/media?parent=65614"}],"wp:term":[{"taxonomy":"category","embeddable":true,"href":"https:\/\/www.revistarambla.com\/en\/wp-json\/wp\/v2\/categories?post=65614"},{"taxonomy":"post_tag","embeddable":true,"href":"https:\/\/www.revistarambla.com\/en\/wp-json\/wp\/v2\/tags?post=65614"}],"curies":[{"name":"wp","href":"https:\/\/api.w.org\/{rel}","templated":true}]}}