{"id":6561,"date":"2014-12-23T07:31:19","date_gmt":"2014-12-23T07:31:19","guid":{"rendered":"https:\/\/www.revistarambla.com\/un-pais-para-todos-sus-ciudadanos\/"},"modified":"2014-12-23T07:31:19","modified_gmt":"2014-12-23T07:31:19","slug":"un-pais-para-todos-sus-ciudadanos","status":"publish","type":"post","link":"https:\/\/www.revistarambla.com\/en\/un-pais-para-todos-sus-ciudadanos\/","title":{"rendered":"Un pa\u00eds para todos sus ciudadanos"},"content":{"rendered":"<p> \t<img decoding=\"async\" class=\" alignleft size-full wp-image-6559\" alt=\"alt\" src=\"https:\/\/www.revistarambla.com\/wp-content\/uploads\/2014\/12\/CarlosBraverman_revistarambla_01.jpg\" style=\"width: 682px; height: 429px; margin-left: 9px; margin-right: 9px; float: left;\" width=\"682\" height=\"429\" srcset=\"https:\/\/www.revistarambla.com\/wp-content\/uploads\/2014\/12\/CarlosBraverman_revistarambla_01.jpg 682w, https:\/\/www.revistarambla.com\/wp-content\/uploads\/2014\/12\/CarlosBraverman_revistarambla_01-300x189.jpg 300w, https:\/\/www.revistarambla.com\/wp-content\/uploads\/2014\/12\/CarlosBraverman_revistarambla_01-500x315.jpg 500w\" sizes=\"(max-width: 682px) 100vw, 682px\" \/>El <span data-scayt_word=\"movimiento\" data-scaytid=\"1\">movimiento<\/span> <span data-scayt_word=\"pacifista\" data-scaytid=\"2\">pacifista<\/span> <span data-scayt_word=\"israel\u00ed\" data-scaytid=\"3\">israel\u00ed<\/span> se <span data-scayt_word=\"opone\" data-scaytid=\"4\">opone<\/span> a la <span data-scayt_word=\"primac\u00eda\" data-scaytid=\"5\">primac\u00eda<\/span> de los <span data-scayt_word=\"derechos\" data-scaytid=\"6\">derechos<\/span> <span data-scayt_word=\"colectivos\" data-scaytid=\"7\">colectivos<\/span> de los <span data-scayt_word=\"ciudadanos\" data-scaytid=\"8\">ciudadanos<\/span> <span data-scayt_word=\"jud\u00edos\" data-scaytid=\"9\">jud\u00edos<\/span><\/p>\n<p> \t\u00a0<\/p>\n<p>  <!--more-->  <\/p>\n<p> \t<strong>El <span data-scayt_word=\"proceso\" data-scaytid=\"24\">proceso<\/span> de <span data-scayt_word=\"paz\" data-scaytid=\"25\">paz<\/span> <span data-scayt_word=\"entre\" data-scaytid=\"26\">entre<\/span> <span data-scayt_word=\"israel\u00edes\" data-scaytid=\"27\">israel\u00edes<\/span> y <span data-scayt_word=\"palestinos\" data-scaytid=\"29\">palestinos<\/span> <span data-scayt_word=\"sigue\" data-scaytid=\"31\">sigue<\/span> <span data-scayt_word=\"estancado\" data-scaytid=\"32\">estancado<\/span> <span data-scayt_word=\"cuando\" data-scaytid=\"33\">cuando<\/span> <span data-scayt_word=\"todav\u00eda\" data-scaytid=\"34\">todav\u00eda<\/span> <span data-scayt_word=\"queda\" data-scaytid=\"35\">queda<\/span> <span data-scayt_word=\"pr\u00f3ximo\" data-scaytid=\"36\">pr\u00f3ximo<\/span> el <span data-scayt_word=\"recuerdo\" data-scaytid=\"37\">recuerdo<\/span> del <span data-scayt_word=\"\u00faltimo\" data-scaytid=\"38\">\u00faltimo<\/span> <span data-scayt_word=\"conflicto\" data-scaytid=\"39\">conflicto<\/span> <span data-scayt_word=\"armado\" data-scaytid=\"40\">armado<\/span> en Gaza, la <span data-scayt_word=\"Operaci\u00f3n\" data-scaytid=\"41\">Operaci\u00f3n<\/span> <span data-scayt_word=\"Margen\" data-scaytid=\"42\">Margen<\/span> Protector (<span data-scayt_word=\"julio-agosto\" data-scaytid=\"43\">julio-agosto<\/span> de 2014), <span data-scayt_word=\"saldada\" data-scaytid=\"44\">saldada<\/span> con la <span data-scayt_word=\"muerte\" data-scaytid=\"45\">muerte<\/span> de 71 <span data-scayt_word=\"israel\u00edes\" data-scaytid=\"28\">israel\u00edes<\/span> (<span data-scayt_word=\"cinco\" data-scaytid=\"46\">cinco<\/span> de <span data-scayt_word=\"ellos\" data-scaytid=\"47\">ellos<\/span> <span data-scayt_word=\"civiles\" data-scaytid=\"48\">civiles<\/span>, el <span data-scayt_word=\"resto\" data-scaytid=\"49\">resto<\/span> <span data-scayt_word=\"militares\" data-scaytid=\"50\">militares<\/span>) y 2.188 <span data-scayt_word=\"palestinos\" data-scaytid=\"30\">palestinos<\/span>, sin <span data-scayt_word=\"contar\" data-scaytid=\"51\">contar<\/span> el <span data-scayt_word=\"n\u00famero\" data-scaytid=\"52\">n\u00famero<\/span> de <span data-scayt_word=\"heridos\" data-scaytid=\"53\">heridos<\/span> <span data-scayt_word=\"ni\" data-scaytid=\"54\">ni<\/span> los <span data-scayt_word=\"inmensos\" data-scaytid=\"55\">inmensos<\/span> <span data-scayt_word=\"da\u00f1os\" data-scaytid=\"56\">da\u00f1os<\/span> <span data-scayt_word=\"materiales\" data-scaytid=\"57\">materiales<\/span>. En <span data-scayt_word=\"fecha\" data-scaytid=\"58\">fecha<\/span> <span data-scayt_word=\"reciente\" data-scaytid=\"59\">reciente<\/span>, el <span data-scayt_word=\"mismo\" data-scaytid=\"60\">mismo<\/span> <span data-scayt_word=\"gobierno\" data-scaytid=\"61\">gobierno<\/span> <span data-scayt_word=\"israel\u00ed\" data-scaytid=\"10\">israel\u00ed<\/span> <span data-scayt_word=\"que\" data-scaytid=\"64\">que<\/span> <span data-scayt_word=\"impuls\u00f3\" data-scaytid=\"67\">impuls\u00f3<\/span> <span data-scayt_word=\"aquella\" data-scaytid=\"68\">aquella<\/span> <span data-scayt_word=\"acci\u00f3n\" data-scaytid=\"69\">acci\u00f3n<\/span> armada, <span data-scayt_word=\"liderado\" data-scaytid=\"70\">liderado<\/span> <span data-scayt_word=\"por\" data-scaytid=\"71\">por<\/span> <span data-scayt_word=\"Benyamim\" data-scaytid=\"72\">Benyamim<\/span> Netanyahu, <span data-scayt_word=\"aprob\u00f3\" data-scaytid=\"73\">aprob\u00f3<\/span> <span data-scayt_word=\"una\" data-scaytid=\"74\">una<\/span> <span data-scayt_word=\"Ley\" data-scaytid=\"75\">Ley<\/span> de <span data-scayt_word=\"nacionalidad\" data-scaytid=\"77\">nacionalidad<\/span> (<span data-scayt_word=\"Ley\" data-scaytid=\"76\">Ley<\/span> <span data-scayt_word=\"B\u00e1sica\" data-scaytid=\"78\">B\u00e1sica<\/span>: Israel <span data-scayt_word=\"Estado-Naci\u00f3n\" data-scaytid=\"79\">Estado-Naci\u00f3n<\/span> del Pueblo <span data-scayt_word=\"Jud\u00edo\" data-scaytid=\"80\">Jud\u00edo<\/span>) <span data-scayt_word=\"que\" data-scaytid=\"65\">que<\/span> los <span data-scayt_word=\"ciudadanos\" data-scaytid=\"12\">ciudadanos<\/span> <span data-scayt_word=\"\u00e1rabes\" data-scaytid=\"83\">\u00e1rabes<\/span> y un <span data-scayt_word=\"amplio\" data-scaytid=\"84\">amplio<\/span> <span data-scayt_word=\"espectro\" data-scaytid=\"85\">espectro<\/span> <span data-scayt_word=\"jud\u00edo\" data-scaytid=\"86\">jud\u00edo<\/span> de Israel <span data-scayt_word=\"consideraron\" data-scaytid=\"87\">consideraron<\/span> <span data-scayt_word=\"como\" data-scaytid=\"88\">como<\/span> un <span data-scayt_word=\"ataque\" data-scaytid=\"89\">ataque<\/span> <span data-scayt_word=\"directo\" data-scaytid=\"90\">directo<\/span> contra <span data-scayt_word=\"sus\" data-scaytid=\"91\">sus<\/span> <span data-scayt_word=\"derechos\" data-scaytid=\"14\">derechos<\/span> <span data-scayt_word=\"ciudadanos\" data-scaytid=\"13\">ciudadanos<\/span>. Contra <span data-scayt_word=\"ambas\" data-scaytid=\"94\">ambas<\/span> <span data-scayt_word=\"iniciativas\" data-scaytid=\"95\">iniciativas<\/span> <span data-scayt_word=\"alz\u00f3\" data-scaytid=\"96\">alz\u00f3<\/span> <span data-scayt_word=\"su\" data-scaytid=\"97\">su<\/span> <span data-scayt_word=\"voz\" data-scaytid=\"98\">voz<\/span> el <span data-scayt_word=\"pacifismo\" data-scaytid=\"99\">pacifismo<\/span> <span data-scayt_word=\"israel\u00ed\" data-scaytid=\"11\">israel\u00ed<\/span>, un <span data-scayt_word=\"movimiento\" data-scaytid=\"15\">movimiento<\/span> civil <span data-scayt_word=\"que\" data-scaytid=\"66\">que<\/span> no <span data-scayt_word=\"siempre\" data-scaytid=\"101\">siempre<\/span> ha <span data-scayt_word=\"disfrutado\" data-scaytid=\"102\">disfrutado<\/span> de la <span data-scayt_word=\"comprensi\u00f3n\" data-scaytid=\"103\">comprensi\u00f3n<\/span> y el <span data-scayt_word=\"pleno\" data-scaytid=\"104\">pleno<\/span> <span data-scayt_word=\"apoyo\" data-scaytid=\"105\">apoyo<\/span> de <span data-scayt_word=\"sus\" data-scaytid=\"92\">sus<\/span> <span data-scayt_word=\"hom\u00f3logos\" data-scaytid=\"106\">hom\u00f3logos<\/span> <span data-scayt_word=\"europeos\" data-scaytid=\"107\">europeos<\/span>. <\/strong><\/p>\n<p> \t\u00a0<\/p>\n<p> \t\u00a0<\/p>\n<p> \t<img decoding=\"async\" class=\" size-full wp-image-6560\" alt=\"alt\" data-temp=\"true\" src=\"https:\/\/www.revistarambla.com\/wp-content\/uploads\/2014\/12\/CarlosBraverman_revistarambla_02.jpg\" style=\"width: 700px; height: 424px;\" width=\"700\" height=\"424\" srcset=\"https:\/\/www.revistarambla.com\/wp-content\/uploads\/2014\/12\/CarlosBraverman_revistarambla_02.jpg 700w, https:\/\/www.revistarambla.com\/wp-content\/uploads\/2014\/12\/CarlosBraverman_revistarambla_02-300x182.jpg 300w, https:\/\/www.revistarambla.com\/wp-content\/uploads\/2014\/12\/CarlosBraverman_revistarambla_02-500x303.jpg 500w\" sizes=\"(max-width: 700px) 100vw, 700px\" \/><\/p>\n<p> \t\u00a0<\/p>\n<p> \t<span data-scayt_word=\"Una\" data-scaytid=\"284\">Una<\/span> de <span data-scayt_word=\"las\" data-scaytid=\"285\">las<\/span> <span data-scayt_word=\"voces\" data-scaytid=\"286\">voces<\/span> <span data-scayt_word=\"m\u00e1s\" data-scaytid=\"287\">m\u00e1s<\/span> <span data-scayt_word=\"veteranas\" data-scaytid=\"288\">veteranas<\/span> y <span data-scayt_word=\"autorizadas\" data-scaytid=\"289\">autorizadas<\/span> del <span data-scayt_word=\"pacifismo\" data-scaytid=\"192\">pacifismo<\/span> <span data-scayt_word=\"israel\u00ed\" data-scaytid=\"22\">israel\u00ed<\/span> <span data-scayt_word=\"es\" data-scaytid=\"292\">es<\/span> <strong>Carlos <span data-scayt_word=\"Braverman\" data-scaytid=\"294\">Braverman<\/span> <\/strong>(Buenos Aires, 1955). <span data-scayt_word=\"Polit\u00f3logo\" data-scaytid=\"295\">Polit\u00f3logo<\/span> y <span data-scayt_word=\"psic\u00f3logo\" data-scaytid=\"296\">psic\u00f3logo<\/span> de <span data-scayt_word=\"formaci\u00f3n\" data-scaytid=\"297\">formaci\u00f3n<\/span>,<span data-scayt_word=\"militaen\" data-scaytid=\"298\">militaen<\/span> <span data-scayt_word=\"Meretz\" data-scaytid=\"299\">Meretz<\/span> &ndash;&ldquo;un <span data-scayt_word=\"partido\" data-scaytid=\"300\">partido<\/span> <span data-scayt_word=\"socialista\" data-scaytid=\"301\">socialista<\/span> de <span data-scayt_word=\"izquierdas\u201d\" data-scaytid=\"302\">izquierdas&rdquo;<\/span>, <span data-scayt_word=\"seg\u00fan\" data-scaytid=\"303\">seg\u00fan<\/span> <span data-scayt_word=\"sus\" data-scaytid=\"194\">sus<\/span> <span data-scayt_word=\"propias\" data-scaytid=\"305\">propias<\/span> <span data-scayt_word=\"palabras\u2013\" data-scaytid=\"306\">palabras&ndash;<\/span> y <span data-scayt_word=\"es\" data-scaytid=\"293\">es<\/span> <span data-scayt_word=\"presidente\" data-scaytid=\"307\">presidente<\/span> del <span data-scayt_word=\"Instituto\" data-scaytid=\"308\">Instituto<\/span> Campos <span data-scayt_word=\"Abiertos\" data-scaytid=\"309\">Abiertos<\/span>, un <span data-scayt_word=\"centro\" data-scaytid=\"310\">centro<\/span> de <span data-scayt_word=\"investigaci\u00f3n\" data-scaytid=\"311\">investigaci\u00f3n<\/span> y <span data-scayt_word=\"divulgaci\u00f3n\" data-scaytid=\"312\">divulgaci\u00f3n<\/span> <span data-scayt_word=\"que\" data-scaytid=\"195\">que<\/span> <span data-scayt_word=\"trabaja\" data-scaytid=\"314\">trabaja<\/span> <span data-scayt_word=\"por\" data-scaytid=\"196\">por<\/span> el <span data-scayt_word=\"respeto\" data-scaytid=\"316\">respeto<\/span> a los <span data-scayt_word=\"derechos\" data-scaytid=\"23\">derechos<\/span> <span data-scayt_word=\"civiles\" data-scaytid=\"198\">civiles<\/span> y la <span data-scayt_word=\"convivencia\" data-scaytid=\"319\">convivencia<\/span> (a <span data-scayt_word=\"trav\u00e9s\" data-scaytid=\"320\">trav\u00e9s<\/span> de i-ca.net, <span data-scayt_word=\"su\" data-scaytid=\"199\">su<\/span> <span data-scayt_word=\"plataforma\" data-scaytid=\"322\">plataforma<\/span> <em>online<\/em>, el <span data-scayt_word=\"instituto\" data-scaytid=\"569\">instituto<\/span> <span data-scayt_word=\"imparte\" data-scaytid=\"570\">imparte<\/span> <span data-scayt_word=\"tem\u00e1ticas\" data-scaytid=\"571\">tem\u00e1ticas<\/span> <span data-scayt_word=\"afines\" data-scaytid=\"572\">afines<\/span> y <span data-scayt_word=\"variadas\" data-scaytid=\"573\">variadas<\/span>). <span data-scayt_word=\"Tambi\u00e9n\" data-scaytid=\"574\">Tambi\u00e9n<\/span> forma <span data-scayt_word=\"parte\" data-scaytid=\"575\">parte<\/span> de <span data-scayt_word=\"las\" data-scaytid=\"576\">las<\/span> <span data-scayt_word=\"organizaciones\" data-scaytid=\"577\">organizaciones<\/span> no <span data-scayt_word=\"gubernamentales\" data-scaytid=\"578\">gubernamentales<\/span> <em>Shalom <span data-scayt_word=\"Ajshav\" data-scaytid=\"579\">Ajshav<\/span><\/em> (Paz Ahora), <em>Ani israeli<\/em> (Soy <span data-scayt_word=\"israel\u00ed\" data-scaytid=\"669\">israel\u00ed<\/span>, instituci\u00f3n <span data-scayt_word=\"que\" data-scaytid=\"670\">que<\/span> busca <span data-scayt_word=\"una\" data-scaytid=\"671\">una<\/span> <span data-scayt_word=\"nacionalidad\" data-scaytid=\"672\">nacionalidad<\/span> c\u00edvica y no \u00e9tnica com\u00fan <span data-scayt_word=\"entre\" data-scaytid=\"673\">entre<\/span> <span data-scayt_word=\"jud\u00edos\" data-scaytid=\"674\">jud\u00edos<\/span> y otros <span data-scayt_word=\"colectivos\" data-scaytid=\"675\">colectivos<\/span> tambi\u00e9n <span data-scayt_word=\"ciudadanos\" data-scaytid=\"676\">ciudadanos<\/span> de Israel) y la Asociaci\u00f3n de Derechos Civiles en Israel.<\/p>\n<p> \t\u00a0<\/p>\n<p> \tBraverman es un hombre de izquierda y rechaza para s\u00ed el calificativo de socialdem\u00f3crata, puesto que &ldquo;nosotros pretendemos gestionar frente a la globalizaci\u00f3n neoliberal el m\u00e1ximo beneficio para las mayor\u00edas populares, es decir, una pol\u00edtica de igualdad de oportunidades, algo que no hacen los partidos socialdem\u00f3cratas propiamente dichos. Sigo siendo socialista porque entiendo que una planificaci\u00f3n bien hecha puede ser beneficiosa&hellip; Aunque es cierto que frente a eso tenemos la planificaci\u00f3n corrupta&rdquo;. De cualquier modo, reconoce que &ldquo;el tiempo de las etiquetas termin\u00f3 hace mucho&rdquo;. Declara adem\u00e1s su condici\u00f3n de &ldquo;creyente y practicante liberal&rdquo; de la religi\u00f3n hebrea, en la que no aprecia contradicci\u00f3n con los valores de la izquierda democr\u00e1tica.<\/p>\n<p> \t\u00a0<\/p>\n<p> \t<strong>Sionismo y postsionismo <\/strong><\/p>\n<p> \t\u00a0<\/p>\n<p> \tNuestro interlocutor se define como postsionista, una calificaci\u00f3n que procede de mediados de la d\u00e9cada de 1980, &ldquo;cuando un grupo de historiadores de la Universidad de Beersheva se propone hacer una revisi\u00f3n de la historia del movimiento sionista, para profundizar desde una mirada cr\u00edtica en las fracturas del discurso oficial sobre la creaci\u00f3n del Estado de Israel. Por otro lado, y desde un punto de vista pr\u00e1ctico, mi visi\u00f3n postsionista parte de la necesidad de llevar el postsionismo a la arena pol\u00edtica actual. Los pol\u00edticos israel\u00edes no debemos ocuparnos de los jud\u00edos de todo el mundo, sino centrarnos en nuestro ciudadanos y sus problemas.&rdquo;<\/p>\n<p> \t\u00a0<\/p>\n<p> \tSostiene que &ldquo;el sionismo ya cumpli\u00f3 su objetivo, que fue la creaci\u00f3n del Estado de Israel&rdquo; tras los terribles a\u00f1os de la guerra mundial y el Holocausto&hellip; Aunque tambi\u00e9n a costa de muerte y sufrimiento, como no tiene reparo en admitir: &ldquo;Todos los pa\u00edses se hicieron a sangre y fuego; es una evidencia hasta para un pacifista. Israel se constituy\u00f3 por la declaraci\u00f3n 181 de las Naciones Unidas, que estableci\u00f3 un Estado jud\u00edo y otro \u00e1rabe en Palestina. Los estados \u00e1rabes invadieron Israel y fueron repelidos. El armisticio de 1949 otorg\u00f3 a Israel un 22 % m\u00e1s de territorio, correspondiente al antiguo mandato brit\u00e1nico sobre Palestina. Nadie niega que hubo entre 700.000 y 750.000 palestinos desplazados y m\u00e1s de 400 poblaciones \u00e1rabes desaparecidas durante la guerra de Independencia de Israel. Pero hay que evitar las consideraciones en blanco y negro, las de buenos y malos; hubo agentes pol\u00edticos en ambos bandos que impidieron que pudiera cumplirse el mandato de la ONU.&rdquo;<\/p>\n<p> \t\u00a0<\/p>\n<p> \tMe surge entonces una duda que comparto: si el Estado de Israel se cre\u00f3 con la idea del retorno de la di\u00e1spora jud\u00eda a la tierra madre, \u00bfno est\u00e1 renunciando el postsionismo a ese ideal fundacional? Despu\u00e9s de indicar que esa suele ser una cr\u00edtica procedente de la derecha m\u00e1s reaccionaria, Braverman a\u00f1ade: &ldquo;Con frecuencia se nos dice: ustedes se beneficiaron del sionismo, que les dio una patria, y ahora lo quieren destruir todo.&rdquo; Y aclara: &ldquo;Yo no soy antisionista&rdquo;, aunque el t\u00e9rmino sionismo, en Europa, &ldquo;ha sido equiparado falsamente a imperialismo&rdquo;. Simplemente se niega a seguir el camino de &ldquo;judaizaci\u00f3n extrema, porque puede llevar a la destrucci\u00f3n del Estado. Un Estado moderno solo puede basarse en premisas c\u00edvicas no \u00e9tnicas; en un pacto inclusivo constitucional&rdquo;, posici\u00f3n que respalda acudiendo al patriotismo constitucional preconizado por J\u00fcrgen Habermas: &ldquo;Los postsionistas no somos nacionalistas hebreos, sino patriotas de izquierda. Frente a la judaizaci\u00f3n mesi\u00e1nica y ultra buscamos la israelizaci\u00f3n, un pa\u00eds para todos sus ciudadanos.&rdquo;<\/p>\n<p> \t\u00a0<\/p>\n<p> \t<strong>Una pol\u00e9mica Ley de nacionalidad<\/strong><\/p>\n<p> \t\u00a0<\/p>\n<p> \tEn vista de los anteriores planteamientos, la realidad pol\u00edtica y jur\u00eddica israel\u00ed va por derroteros ajenos a los deseados por Braverman. El pasado 23 de noviembre, el ejecutivo liderado por el primer ministro Benyamim Netanyahu present\u00f3 al gabinete la llamada Ley B\u00e1sica: Israel Estado-Naci\u00f3n del Pueblo Jud\u00edo, cuyo texto especifica que &ldquo;en el pa\u00eds hay igualdad individual para todos los ciudadanos, pero el derecho nacional est\u00e1 reservado solo para el pueblo jud\u00edo&rdquo;. Esta medida se suma a leyes anteriores muy protestadas por la minor\u00eda \u00e1rabe de Israel y los sectores jud\u00edos democr\u00e1ticos y progresistas (la minor\u00eda \u00e1rabe representa en torno al 20 % de la poblaci\u00f3n, y aparte hay un cinco por ciento m\u00e1s no jud\u00edo). El proyecto no lleg\u00f3 al parlamento.<\/p>\n<p> \t\u00a0<\/p>\n<p> \tNuestro interlocutor es por completo contrario al nuevo ordenamiento. De hecho, a trav\u00e9s de <em>Ani israeli<\/em> participa de una iniciativa con doce a\u00f1os de historia: la solicitud de la nacionalidad israel\u00ed c\u00edvica para todos los colectivos del pa\u00eds. La ONG interpuso una demanda en tal sentido, primero en un Tribunal de Distrito, luego ante el Tribunal Superior de Justicia y por \u00faltimo en la Corte Suprema de Israel; ha sido un proceso de m\u00e1s de una d\u00e9cada con fallos negativos de los altos tribunales, y por tanto muy anterior en el tiempo al proyecto del primer ministro.<\/p>\n<p> \t\u00a0<\/p>\n<p> \tAlgunos medios internacionales han comparado esta ley de nacionalidad impulsada por Netanyahu con el tristemente c\u00e9lebre y por fortuna derogado <em>apartheid<\/em> sudafricano. Sin embargo, Braverman niega que exista en su pa\u00eds un r\u00e9gimen de <em>apartheid<\/em>, porque &ldquo;esa segregaci\u00f3n no est\u00e1 en nuestras leyes. Se trata de una situaci\u00f3n de involuci\u00f3n jur\u00eddica con medidas de inspiraci\u00f3n racista, pero tenemos mecanismos jur\u00eddicos y democr\u00e1ticos para revocarla, mediante la denuncia al Tribunal Superior de Justicia. A falta de Constituci\u00f3n, la Corte Suprema de Justicia decide sobre el car\u00e1cter democr\u00e1tico de las leyes, y los derechos fundamentales de los ciudadanos est\u00e1n regulados por la Ley de derechos civiles y humanos.&rdquo; Este procedimiento se llama &ldquo;activismo judicial&rdquo;.<\/p>\n<p> \t\u00a0<\/p>\n<p> \tEl nuevo texto legal tambi\u00e9n declara a Israel &ldquo;hogar del pueblo jud\u00edo&rdquo;, ante lo cual opone el entrevistado: &ldquo;Somos una naci\u00f3n aparte, la israel\u00ed. Me interesan la cultura y las tradiciones jud\u00edas de otros lugares del mundo, pero no puedo pensar en tales como asunto propio de mi naci\u00f3n.&rdquo;<\/p>\n<p> \t\u00a0<\/p>\n<p> \t<strong>\u00bfEs posible una democracia \u00e9tnica?<\/strong><\/p>\n<p> \t\u00a0<\/p>\n<p> \tSin duda alguna, Israel posee instituciones democr\u00e1ticas, pero, \u00bfes compatible con un Estado democr\u00e1tico real el hecho de que se declare como Estado &ldquo;jud\u00edo&rdquo;, lo que implica una definici\u00f3n \u00e9tnica? Una vez m\u00e1s, la respuesta de Braverman discurre por cauces acad\u00e9micos: &ldquo;Sammy Samuja, profesor de la Universidad de Haifa, considera que Israel es una democracia \u00e9tnica, situaci\u00f3n hom\u00f3loga a la de pa\u00edses como Estonia, Letonia, Eslovenia y Malasia. Hay un n\u00facleo \u00e9tnico fuerte que controla el Estado y est\u00e1 comprometido con los valores democr\u00e1ticos, por lo que asegura los derechos pol\u00edticos y culturales de las minor\u00edas \u00e9tnicas. Samuja a\u00f1ade que la democracia \u00e9tnica es un per\u00edodo transitorio, pues se adopta mientras la mayor\u00eda considera peligrosa a la minor\u00eda; con el tiempo debe evolucionar hacia una democracia liberal convencional. Si no se da esa transici\u00f3n, la democracia \u00e9tnica se transforma en una etnocracia. Mientras las instituciones israel\u00edes funcionen no habr\u00e1 una etnocracia, pero siempre estaremos en peligro de avanzar en sentido contrario a los valores democr\u00e1ticos.&rdquo;<\/p>\n<p> \t\u00a0<\/p>\n<p> \tEste aspecto, la necesaria evoluci\u00f3n del Estado hebreo, enlaza plenamente con las propuestas postsionistas: &ldquo;Vivimos con otra gente que no es jud\u00eda y tenemos que integrarla, porque de otro modo no tendremos nunca una democracia verdadera. Nuestra propuesta es un Estado c\u00edvico frente a un Estado \u00e9tnico. En Israel, todos los ciudadanos tienen derechos individuales, pero los derechos colectivos est\u00e1n reservados a nosotros, los jud\u00edos, y en caso de conflicto, esos derechos individuales se subordinan a los derechos colectivos hebreos.&rdquo;<\/p>\n<p> \t\u00a0<\/p>\n<p> \tHoy en d\u00eda el t\u00e9rmino &ldquo;israel\u00ed&rdquo; es un gentilicio, pero no una nacionalidad. En el ordenamiento jur\u00eddico del pa\u00eds est\u00e1 desdoblada la condici\u00f3n de ciudadan\u00eda y nacionalidad. &ldquo;El derecho internacional p\u00fablico establece que la nacionalidad liga a los ciudadanos al Estado. Si Israel fuera un pa\u00eds normal, yo ser\u00eda de nacionalidad israel\u00ed y de ciudadan\u00eda israel\u00ed. En estos momentos &ndash;apostilla&ndash; Israel vive en un atraso jur\u00eddico muy importante. Y la labor del postsionismo es conducirlo hacia una situaci\u00f3n normal. \u00bfEn qu\u00e9 consiste esa normalidad? En tener una democracia liberal, una Constituci\u00f3n &ndash;Israel carece de ella y se rige por leyes b\u00e1sicas&ndash; y una nacionalidad com\u00fan.&rdquo;<\/p>\n<p> \t\u00a0<\/p>\n<p> \tY prosigue: &ldquo;Pertenezco a la ONG <em>Ani israeli<\/em> (Soy israel\u00ed). No queremos ser catalogados como jud\u00edos; queremos ser reconocidos en el Registro de Poblaci\u00f3n y en nuestro documento de identidad como israel\u00edes, tanto de ciudadan\u00eda como de nacionalidad. En Israel existe el llamado Registro de Nacionalidades, a una de las cuales &ndash;hay 138 reconocidas&ndash; debe acogerse todo ciudadano. Desde 1997 promovemos la nacionalidad 139, la israel\u00ed.&rdquo;<\/p>\n<p> \t\u00a0<\/p>\n<p> \t<strong>Limitaciones a la libertad de conciencia y expresi\u00f3n<\/strong><\/p>\n<p> \t\u00a0<\/p>\n<p> \tHay en Israel medio centenar de leyes sospechosas de motivaci\u00f3n racista, &ldquo;incluso fascistoide&rdquo;. En Israel, esas leyes deben pasar tres lecturas obligatorias antes de su aprobaci\u00f3n definitiva en el parlamento, pero este requisito garantista no impide que alguna de ellas pueda llegar a promulgarse. Por ejemplo, la Ley <em>Nakba<\/em>: ning\u00fan israel\u00ed puede participar en actos que rememoren la <em>Nakba<\/em> <em>[en \u00e1rabe, cat\u00e1strofe o desastre: as\u00ed llaman los palestinos a la represi\u00f3n sufrida durante la guerra de Independencia israel\u00ed]<\/em>. O la Ley Boicot, por la cual no se puede hablar ni participar en ning\u00fan grupo que preconice el boicot econ\u00f3mico contra Israel.<\/p>\n<p> \t\u00a0<\/p>\n<p> \t&ldquo;Aunque no lo quieran reconocer, algunos l\u00edderes israel\u00edes tienen una inspiraci\u00f3n racista que puede considerarse propia de los nazis.&rdquo; Y Braverman ya ha sufrido sobre s\u00ed el peso de la ley por manifestarse en estos t\u00e9rminos contra terceros, por suerte sin mayores consecuencias. &ldquo;En una democracia madura, de la que creo que hoy carecemos, debe aceptarse que hay gente que lamentablemente perjudica al sistema democr\u00e1tico y la historia no puede servir para que esos individuos condicionen el presente. Tal como ha explicado el profesor portugu\u00e9s Boaventura de Sousa Santos, el moderno fen\u00f3meno del fascismo social consiste en que muchas personas defienden valores fascistas sin tener conciencia de ello, y ocurre tambi\u00e9n con pol\u00edticos que militan en partidos democr\u00e1ticos.&rdquo;<\/p>\n<p> \t\u00a0<\/p>\n<p> \tA nivel popular, estas actitudes profascistas suelen ser provocadas por la manipulaci\u00f3n y el miedo. Lo cual sugiere una pregunta sobre el estado de opini\u00f3n mayoritario en la sociedad israel\u00ed. De las elecciones de 2013 surgi\u00f3 un parlamento muy disgregado, pero con tendencia mayoritaria hacia posiciones de derecha y reaccionarias ante el proceso de paz. \u00bfCree nuestro interlocutor que ese resultado obedeci\u00f3 a la verdadera orientaci\u00f3n pol\u00edtica de la ciudadan\u00eda israel\u00ed o fue el voto del miedo a la guerra y a Hamas?: &ldquo;En principio, existe una manipulaci\u00f3n basada en hechos reales como la amenaza de Hamas&rdquo;, aunque es cierto que los ataques de la organizaci\u00f3n islamista &ldquo;a veces se deben a la voluntad de Hamas y otras veces son buscados por el gobierno israel\u00ed&rdquo;. Tambi\u00e9n hay un notorio descenso en la calidad de las condiciones de vida &ldquo;que favorece la aparici\u00f3n de figuras populistas, como Netanyahu, con un discurso de derecha nacionalista. Pero yo quiero mirar la otra cara de la moneda: en 2013, Netanyahu y Lieberman formaron alianza electoral y sacaron menos votos juntos que en las anteriores elecciones por separado, y la derecha se fragment\u00f3 con el avance de Casa Jud\u00eda (el partido de los colonos) y del falso partido liberal de Yair Lapid. Mi conclusi\u00f3n es que el bloque de derecha nacionalista y expansionista se ha fragmentado. La gente est\u00e1 cansada de sus pol\u00edticas y empieza a pensar que hay otras posibilidades, no solo soluciones militares. No se puede mantener un estado de beligerancia cuando el gobierno no se ocupa de los problemas cotidianos de sus ciudadanos, m\u00e1s preocupados por el bienestar de su familia&rdquo;.<\/p>\n<p> \t\u00a0<\/p>\n<p> \t<strong>Se ahondan los problemas internos de Israel<\/strong><\/p>\n<p> \t\u00a0<\/p>\n<p> \tSostiene Braverman que el estancamiento de Israel es m\u00faltiple: &ldquo;econ\u00f3mico, de la acci\u00f3n, de la motivaci\u00f3n ideol\u00f3gica&hellip;&rdquo; La vida pol\u00edtica israel\u00ed est\u00e1 dominada por la ocupaci\u00f3n de los territorios palestinos y cuestiones \u00edntimamente imbricadas a la misma, como puedan ser la pol\u00edtica de defensa &ndash;el muro, que &ldquo;ha costado entre 3.000 y 5.000 millones de euros&rdquo;; el bloqueo de Gaza, el presupuesto armament\u00edstico&ndash; y los asentamientos de colonos en suelo \u00e1rabe.<\/p>\n<p> \t\u00a0<\/p>\n<p> \t&ldquo;La transferencia de dinero para los asentamientos ha sido en 2014 de unos 250 millones de d\u00f3lares, m\u00e1s algunos gastos accesorios, mientras que en el resto de Israel se dan muchas carencias sociales.&rdquo;<\/p>\n<p> \t\u00a0<\/p>\n<p> \tEs importante se\u00f1alar, destaca el entrevistado, que desde el principio de la ocupaci\u00f3n, Israel lleva invertidos en la misma unos 17 billones de d\u00f3lares, cifra proporcionada por el diario brit\u00e1nico <em>The Guardian<\/em> y no desmentida oficialmente, as\u00ed como la que atribuye un plus en defensa para la misma, de 9,15 billones de d\u00f3lares en los dos \u00faltimos a\u00f1os.<\/p>\n<p> \t\u00a0<\/p>\n<p> \t&ldquo;Hasta mediados de la d\u00e9cada de 1970, el pa\u00eds ten\u00eda un estado del bienestar consolidado, creado por Ben Gurion, que satisfac\u00eda las necesidades fundamentales de los ciudadanos, tanto por lo que respecta a los servicios p\u00fablicos como en lo referente a la subvenci\u00f3n de precios a los alimentos b\u00e1sicos. Todo eso se fue perdiendo con ocasi\u00f3n de la liberalizaci\u00f3n econ\u00f3mica, en la d\u00e9cada de 1980. La diferencia m\u00e1xima de retribuci\u00f3n entre los trabajadores asalariados era entonces de cinco a uno; en la actualidad, esta diferencia es de catorce a uno. El pa\u00eds se est\u00e1 desintegrando socialmente; hemos entrado en la globalizaci\u00f3n del peor modo, tomando lo peor de ella, con alta concentraci\u00f3n de capitales y crecientes desigualdades: dieciocho familias controlan el 60 % del valor en bolsa y las 500 empresas mayores del mercado, cuyas ganancias equivalen al 77 % del PIB. Adem\u00e1s, se ha dado tambi\u00e9n el fen\u00f3meno de la deslocalizaci\u00f3n de industrias, desplazadas en busca de salarios m\u00e1s bajo a pa\u00edses como Turqu\u00eda, e incluso a los territorios ocupados.&rdquo;<\/p>\n<p> \t\u00a0<\/p>\n<p> \tAparte de lo anterior, &ldquo;seg\u00fan la organizaci\u00f3n Transparencia Internacional, Israel ha involucionado en temas de corrupci\u00f3n: en 2010 figuraba en el puesto 30 de la n\u00f3mina de 175 pa\u00edses que figuran en el \u00cdndice de Percepci\u00f3n de la Corrupci\u00f3n, pero en 2013 baj\u00f3 al puesto 36&rdquo;.<\/p>\n<p> \t\u00a0<\/p>\n<p> \tProblemas pol\u00edticos, econ\u00f3micos y sociales que no han hecho sino agravarse durante el mandato de Netanyahu.<\/p>\n<p> \t\u00a0<\/p>\n<p> \t<strong>Netanyahu, un peligro p\u00fablico<\/strong><\/p>\n<p> \t\u00a0<\/p>\n<p> \tNetanyahu representa hoy en d\u00eda lo peor de Israel, a juicio de nuestro interlocutor: &ldquo;Tiene que salir del gobierno. Es un pol\u00edtico urticante, que molesta a todo el mundo. Un hombre que ni siquiera est\u00e1 comprometido con sus propios valores; solo se siente obligado consigo mismo y es capaz de sacrificarlo todo por volver a ser primer ministro.&rdquo;<\/p>\n<p> \t\u00a0<\/p>\n<p> \tBraverman se muestra optimista y considera que el primer ministro &ldquo;ha terminado su etapa; puedo equivocarme, pero creo que no&rdquo;, y en apoyo de su convicci\u00f3n acude a &ldquo;las encuestas m\u00e1s serias, que muestran un 35 % de respaldo popular a Netanyahu, para que siga al frente del ejecutivo, frente a un 48 % de rechazo&rdquo;.<\/p>\n<p> \t\u00a0<\/p>\n<p> \tDe cualquier modo, se echa de menos en la campa\u00f1a electoral oficiosamente abierta el debate sobre temas tan importantes como el presupuesto militar (armamento para la guerra) y de defensa (equipos estrat\u00e9gicos), as\u00ed como las transferencias econ\u00f3micas a los asentamientos en los territorios ocupados. Porque la ocupaci\u00f3n &ldquo;es un gasto que el pa\u00eds no puede soportar&rdquo;.<\/p>\n<p> \t\u00a0<\/p>\n<p> \t<strong>\u00bfHay soluci\u00f3n para los asentamientos?<\/strong><\/p>\n<p> \t\u00a0<\/p>\n<p> \tCuando se pregunta al veterano pacifista si la gran mayor\u00eda de la clase pol\u00edtica israel\u00ed &ndash;no solo el partido conservador Likud&ndash; est\u00e1 comprometida con la ocupaci\u00f3n, responde que s\u00ed: &ldquo;Por ejemplo, en la campa\u00f1a de 2013, los laboristas no hablaron del asunto para no perder votos entre ciertos sectores sociales. La ocupaci\u00f3n divide mucho al electorado. Pero insisto: si no se termina con ella, este pa\u00eds no se recuperar\u00e1 nunca. No solamente en el campo econ\u00f3mico, tambi\u00e9n en el aspecto moral; la sociedad israel\u00ed est\u00e1 enfermando por causa de la violencia que se practica en los territorios ocupados. La gente se acostumbre a los h\u00e1bitos violentos y los incorpora a su modo de vida.&rdquo;<\/p>\n<p> \t\u00a0<\/p>\n<p> \tAunque sea una obra fara\u00f3nica, el muro que cierra los territorios ocupados puede demolerse, pero, \u00bfqu\u00e9 se puede hacer con los miles de colonos que habitan los asentamientos en territorio \u00e1rabe?La cuesti\u00f3n parece compleja, pero hay una respuesta tan sencilla como tajante: &ldquo;Por m\u00ed, los asentamientos pueden quedar del otro lado&rdquo;, es decir, en territorio de un hipot\u00e9tico Estado \u00e1rabe palestino. Ello implica el rechazo a iniciativas como la del actual ministro de Exteriores hebreo, Avigdor Lieberman (personaje conocido por su fobia a los \u00e1rabes), quien propuso intercambiar los asentamientos por la Alta Galilea, una regi\u00f3n poblada mayoritariamente por \u00e1rabes israel\u00edes, &ldquo;gentes que son ciudadanos de Israel y quieren vivir en su tierra, no tener que desplazar su hogar a otros lugares.&rdquo;<\/p>\n<p> \t\u00a0<\/p>\n<p> \tOtra cosa es la previsible reacci\u00f3n violenta de los colonos hebreos, por completo reacios a convertirse en ciudadanos de un Estado \u00e1rabe&hellip; &ldquo;Los palestinos tampoco los quieren a ellos, pero es una realidad que las dos partes tienen que afrontar.&rdquo;<\/p>\n<p> \t\u00a0<\/p>\n<p> \t<strong>\u00bfQu\u00e9 debe hacerse con Gaza?<\/strong><\/p>\n<p> \t\u00a0<\/p>\n<p> \tNuestro interlocutor apuesta por dos estados, uno hebreo y otro palestino, con Jerusal\u00e9n como capital de ambos. En cuanto a la adhesi\u00f3n de Gaza a este proyecto de futuro, le parece una tarea cicl\u00f3pea, pero ser\u00eda lamentable que el mapa regional terminase con tres estados en vez de dos.<\/p>\n<p> \t\u00a0<\/p>\n<p> \tBraverman considera que el partido islamista Hamas &ldquo;es un peligro real para Israel. Yo quiero que se levante el bloqueo a que qued\u00f3 sometida la Franja, pero estoy a favor de que la frontera com\u00fan permanezca cerrada mientras exista la beligerancia. Que se restituya el tr\u00e1nsito de gente y mercader\u00edas, pero no por nuestras fronteras. No por ser pacifista hay que ser poco precavido; Gaza es una amenaza militar hasta que no haya prueba cabal de que existe una voluntad de paz. Creo que pasar\u00e1n generaciones hasta que su poblaci\u00f3n alcance el progreso socioecon\u00f3mico necesario para ello&rdquo;.<\/p>\n<p> \t\u00a0<\/p>\n<p> \tSin embargo, \u00bfel levantamiento del bloqueo no debilitar\u00eda a Hamas, inclin\u00e1ndolo hacia la negociaci\u00f3n? Especulo con que el partido islamista seguir\u00eda gobernando en Gaza, aunque sin los argumentos belicosos de que ahora dispone. Braverman permanece firme en sus dudas:<strong>&ldquo;<\/strong>Hamas ejerce una dictadura f\u00e9rrea, pero s\u00ed, ser\u00eda l\u00f3gico que el levantamiento del bloqueo favoreciera un cambio de rumbo en su pol\u00edtica&hellip; Aunque eso no est\u00e1 garantizado.&rdquo;<\/p>\n<p> \t\u00a0<\/p>\n<p> \tAl otro lado de los territorios palestinos, en Cisjordania se observa tambi\u00e9n una decepci\u00f3n generalizada no solo con el estancamiento del proceso de paz iniciado hace veinti\u00fan a\u00f1os, sino tambi\u00e9n con la clase pol\u00edtica que hasta ahora ha dirigido la Autoridad Nacional Palestina (ANP). En las \u00faltimas elecciones cisjordanas triunfaron las listas de candidatos independientes presentadas al margen de Al Fatah, la principal fuerza hist\u00f3rica de la Organizaci\u00f3n para la Liberaci\u00f3n de Palestina (OLP). Como en Israel, los pol\u00edticos &ldquo;hablan de la gran causa del Estado palestino, pero, mientas tanto, las personas tienen grandes problemas para cubrir sus necesidades diarias&rdquo;.<\/p>\n<p> \t\u00a0<\/p>\n<p> \t<strong>La paz como resultado de un proceso de maduraci\u00f3n social<\/strong><\/p>\n<p> \t\u00a0<\/p>\n<p> \tNuestro interlocutor tiene una visi\u00f3n negativa acerca de la campa\u00f1a internacional que promueve un boicot econ\u00f3mico contra Israel mientras dure la ocupaci\u00f3n. La experiencia, piensa, ha mostrado que este tipo de medidas no funciona. &ldquo;Si alguien piensa que el r\u00e9gimen sudafricano cay\u00f3 por el boicot internacional, est\u00e1 totalmente equivocado. Pretoria tuvo toda la asistencia necesaria en armas, suministros, intercambios comerciales, etc. La evoluci\u00f3n del pa\u00eds se debi\u00f3 a una alianza entre la minor\u00eda blanca liberal y de izquierdas y la mayor\u00eda negra, pero tambi\u00e9n a la presi\u00f3n interna de la poblaci\u00f3n negra (huelgas, protestas, etc.), que cre\u00f3 una situaci\u00f3n insoportable para los gobernantes del <em>apartheid<\/em>.&rdquo;<\/p>\n<p> \t\u00a0<\/p>\n<p> \t&ldquo;En el caso de Israel &ndash;prosigue&ndash;, yo tambi\u00e9n creo en el desarrollo de nuestras fuerzas internas, que van creciendo y alcanzando un nivel de maduraci\u00f3n que nos lleva a planteamientos m\u00e1s categ\u00f3ricos con respecto al final de la ocupaci\u00f3n. Y es el momento de poner en marcha un debate constitucional que movilice a la sociedad. Hay que responder a la pregunta de qui\u00e9n es el sujeto jur\u00eddico del Estado de Israel.&rdquo;<\/p>\n<p> \t\u00a0<\/p>\n<p> \t<strong>La soledad del pacifismo israel\u00ed<\/strong><\/p>\n<p> \t\u00a0<\/p>\n<p> \tEl pacifismo y la izquierda europeos, y en concreto espa\u00f1oles, no entienden a sus hom\u00f3logos israel\u00edes, quiz\u00e1 porque les consideran tibios y piensen que deber\u00edan renunciar a la defensa de la existencia del Estado de Israel. En esta posici\u00f3n de rechazo, &ldquo;que ha llegado a extremos hirientes&rdquo;, Braverman detecta &ldquo;algunos elementos antisemitas&rdquo; y denuncia la tendencia &ldquo;a decir consignas est\u00fapidas y torpes, que comparten planteamientos maximalistas de grupos radicales como Hamas&rdquo;.<\/p>\n<p> \t\u00a0<\/p>\n<p> \t&ldquo;Cuando me preguntan: \u00bfqu\u00e9 hace usted para parar esto?, yo respondo que gestiono el tema parlamentariamente. Yo no vivo tranquilo cuando otros mueren, pero no soy miembro del gobierno. He llegado a la conclusi\u00f3n de que en el momento en que tienes que actuar est\u00e1s solo. Se vive en la soledad m\u00e1s absoluta. Puedes recibir algunos apoyos concretos, pero muy escasos.&rdquo;<\/p>\n<p> \t\u00a0<\/p>\n<p> \tCon independencia de que no hay acci\u00f3n ni actitud exenta de la posibilidad de cr\u00edtica, piensa el autor de estas l\u00edneas que el descr\u00e9dito de los pacifistas israel\u00edes en determinados medios internacionales es otra consecuencia de la ocupaci\u00f3n. De un modo particular, ellos tambi\u00e9n son v\u00edctimas, y este veterano luchador por la paz israel\u00ed est\u00e1 de acuerdo conmigo en el hecho de que tan triste coyuntura &ldquo;nos roba credibilidad ante el resto del mundo, lo cual es muy\u00a0doloroso\u00bb.<\/p>\n","protected":false},"excerpt":{"rendered":"<p>El movimiento pacifista israel\u00ed se opone a la primac\u00eda de los derechos colectivos de los ciudadanos jud\u00edos \u00a0<\/p>","protected":false},"author":1,"featured_media":0,"comment_status":"open","ping_status":"open","sticky":false,"template":"","format":"standard","meta":{"footnotes":""},"categories":[58],"tags":[],"class_list":["post-6561","post","type-post","status-publish","format-standard","hentry","category-estado-espanol"],"yoast_head":"<!-- This site is optimized with the Yoast SEO plugin v27.5 - https:\/\/yoast.com\/product\/yoast-seo-wordpress\/ -->\n<title>Un pa\u00eds para todos sus ciudadanos - Revista Rambla<\/title>\n<meta name=\"robots\" content=\"index, follow, max-snippet:-1, max-image-preview:large, max-video-preview:-1\" \/>\n<link rel=\"canonical\" href=\"https:\/\/www.revistarambla.com\/en\/un-pais-para-todos-sus-ciudadanos\/\" \/>\n<meta property=\"og:locale\" content=\"en_GB\" \/>\n<meta property=\"og:type\" content=\"article\" \/>\n<meta property=\"og:title\" content=\"Un pa\u00eds para todos sus ciudadanos - Revista Rambla\" \/>\n<meta property=\"og:description\" content=\"El movimiento pacifista israel\u00ed se opone a la primac\u00eda de los derechos colectivos de los ciudadanos jud\u00edos \u00a0\" \/>\n<meta property=\"og:url\" content=\"https:\/\/www.revistarambla.com\/en\/un-pais-para-todos-sus-ciudadanos\/\" \/>\n<meta property=\"og:site_name\" content=\"Revista Rambla\" \/>\n<meta property=\"article:publisher\" content=\"https:\/\/www.facebook.com\/revistarambla\/\" \/>\n<meta property=\"article:published_time\" content=\"2014-12-23T07:31:19+00:00\" \/>\n<meta property=\"og:image\" content=\"https:\/\/i0.wp.com\/www.revistarambla.com\/wp-content\/uploads\/2014\/12\/CarlosBraverman_revistarambla_01.jpg?fit=682%2C429&ssl=1\" \/>\n\t<meta property=\"og:image:width\" content=\"682\" \/>\n\t<meta property=\"og:image:height\" content=\"429\" \/>\n\t<meta property=\"og:image:type\" content=\"image\/jpeg\" \/>\n<meta name=\"author\" content=\"admin\" \/>\n<meta name=\"twitter:card\" content=\"summary_large_image\" \/>\n<meta name=\"twitter:creator\" content=\"@revistarambla\" \/>\n<meta name=\"twitter:site\" content=\"@revistarambla\" \/>\n<meta name=\"twitter:label1\" content=\"Written by\" \/>\n\t<meta name=\"twitter:data1\" content=\"admin\" \/>\n\t<meta name=\"twitter:label2\" content=\"Estimated reading time\" \/>\n\t<meta name=\"twitter:data2\" content=\"21 minutes\" \/>\n<script type=\"application\/ld+json\" class=\"yoast-schema-graph\">{\"@context\":\"https:\\\/\\\/schema.org\",\"@graph\":[{\"@type\":\"Article\",\"@id\":\"https:\\\/\\\/www.revistarambla.com\\\/un-pais-para-todos-sus-ciudadanos\\\/#article\",\"isPartOf\":{\"@id\":\"https:\\\/\\\/www.revistarambla.com\\\/un-pais-para-todos-sus-ciudadanos\\\/\"},\"author\":{\"name\":\"admin\",\"@id\":\"https:\\\/\\\/www.revistarambla.com\\\/#\\\/schema\\\/person\\\/4a5652fc8c82df1f8593002d038cd79e\"},\"headline\":\"Un pa\u00eds para todos sus ciudadanos\",\"datePublished\":\"2014-12-23T07:31:19+00:00\",\"mainEntityOfPage\":{\"@id\":\"https:\\\/\\\/www.revistarambla.com\\\/un-pais-para-todos-sus-ciudadanos\\\/\"},\"wordCount\":4111,\"commentCount\":0,\"publisher\":{\"@id\":\"https:\\\/\\\/www.revistarambla.com\\\/#organization\"},\"image\":{\"@id\":\"https:\\\/\\\/www.revistarambla.com\\\/un-pais-para-todos-sus-ciudadanos\\\/#primaryimage\"},\"thumbnailUrl\":\"https:\\\/\\\/www.revistarambla.com\\\/wp-content\\\/uploads\\\/2014\\\/12\\\/CarlosBraverman_revistarambla_01.jpg\",\"articleSection\":[\"Estado Espa\u00f1ol\"],\"inLanguage\":\"en-GB\",\"potentialAction\":[{\"@type\":\"CommentAction\",\"name\":\"Comment\",\"target\":[\"https:\\\/\\\/www.revistarambla.com\\\/un-pais-para-todos-sus-ciudadanos\\\/#respond\"]}]},{\"@type\":\"WebPage\",\"@id\":\"https:\\\/\\\/www.revistarambla.com\\\/un-pais-para-todos-sus-ciudadanos\\\/\",\"url\":\"https:\\\/\\\/www.revistarambla.com\\\/un-pais-para-todos-sus-ciudadanos\\\/\",\"name\":\"Un pa\u00eds para todos sus ciudadanos - Revista Rambla\",\"isPartOf\":{\"@id\":\"https:\\\/\\\/www.revistarambla.com\\\/#website\"},\"primaryImageOfPage\":{\"@id\":\"https:\\\/\\\/www.revistarambla.com\\\/un-pais-para-todos-sus-ciudadanos\\\/#primaryimage\"},\"image\":{\"@id\":\"https:\\\/\\\/www.revistarambla.com\\\/un-pais-para-todos-sus-ciudadanos\\\/#primaryimage\"},\"thumbnailUrl\":\"https:\\\/\\\/www.revistarambla.com\\\/wp-content\\\/uploads\\\/2014\\\/12\\\/CarlosBraverman_revistarambla_01.jpg\",\"datePublished\":\"2014-12-23T07:31:19+00:00\",\"breadcrumb\":{\"@id\":\"https:\\\/\\\/www.revistarambla.com\\\/un-pais-para-todos-sus-ciudadanos\\\/#breadcrumb\"},\"inLanguage\":\"en-GB\",\"potentialAction\":[{\"@type\":\"ReadAction\",\"target\":[\"https:\\\/\\\/www.revistarambla.com\\\/un-pais-para-todos-sus-ciudadanos\\\/\"]}]},{\"@type\":\"ImageObject\",\"inLanguage\":\"en-GB\",\"@id\":\"https:\\\/\\\/www.revistarambla.com\\\/un-pais-para-todos-sus-ciudadanos\\\/#primaryimage\",\"url\":\"https:\\\/\\\/www.revistarambla.com\\\/wp-content\\\/uploads\\\/2014\\\/12\\\/CarlosBraverman_revistarambla_01.jpg\",\"contentUrl\":\"https:\\\/\\\/www.revistarambla.com\\\/wp-content\\\/uploads\\\/2014\\\/12\\\/CarlosBraverman_revistarambla_01.jpg\"},{\"@type\":\"BreadcrumbList\",\"@id\":\"https:\\\/\\\/www.revistarambla.com\\\/un-pais-para-todos-sus-ciudadanos\\\/#breadcrumb\",\"itemListElement\":[{\"@type\":\"ListItem\",\"position\":1,\"name\":\"Portada\",\"item\":\"https:\\\/\\\/www.revistarambla.com\\\/\"},{\"@type\":\"ListItem\",\"position\":2,\"name\":\"Un pa\u00eds para todos sus ciudadanos\"}]},{\"@type\":\"WebSite\",\"@id\":\"https:\\\/\\\/www.revistarambla.com\\\/#website\",\"url\":\"https:\\\/\\\/www.revistarambla.com\\\/\",\"name\":\"Revista Rambla Barcelona\",\"description\":\"Periodismo independiente\",\"publisher\":{\"@id\":\"https:\\\/\\\/www.revistarambla.com\\\/#organization\"},\"potentialAction\":[{\"@type\":\"SearchAction\",\"target\":{\"@type\":\"EntryPoint\",\"urlTemplate\":\"https:\\\/\\\/www.revistarambla.com\\\/?s={search_term_string}\"},\"query-input\":{\"@type\":\"PropertyValueSpecification\",\"valueRequired\":true,\"valueName\":\"search_term_string\"}}],\"inLanguage\":\"en-GB\"},{\"@type\":\"Organization\",\"@id\":\"https:\\\/\\\/www.revistarambla.com\\\/#organization\",\"name\":\"Revista Rambla\",\"url\":\"https:\\\/\\\/www.revistarambla.com\\\/\",\"logo\":{\"@type\":\"ImageObject\",\"inLanguage\":\"en-GB\",\"@id\":\"https:\\\/\\\/www.revistarambla.com\\\/#\\\/schema\\\/logo\\\/image\\\/\",\"url\":\"https:\\\/\\\/www.revistarambla.com\\\/wp-content\\\/uploads\\\/2020\\\/09\\\/banner_rambla_1900x600_BB.png\",\"contentUrl\":\"https:\\\/\\\/www.revistarambla.com\\\/wp-content\\\/uploads\\\/2020\\\/09\\\/banner_rambla_1900x600_BB.png\",\"width\":1900,\"height\":600,\"caption\":\"Revista Rambla\"},\"image\":{\"@id\":\"https:\\\/\\\/www.revistarambla.com\\\/#\\\/schema\\\/logo\\\/image\\\/\"},\"sameAs\":[\"https:\\\/\\\/www.facebook.com\\\/revistarambla\\\/\",\"https:\\\/\\\/x.com\\\/revistarambla\",\"https:\\\/\\\/www.instagram.com\\\/revista_rambla\",\"https:\\\/\\\/es.linkedin.com\\\/company\\\/revista-rambla\"]},{\"@type\":\"Person\",\"@id\":\"https:\\\/\\\/www.revistarambla.com\\\/#\\\/schema\\\/person\\\/4a5652fc8c82df1f8593002d038cd79e\",\"name\":\"admin\"}]}<\/script>\n<!-- \/ Yoast SEO plugin. -->","yoast_head_json":{"title":"Un pa\u00eds para todos sus ciudadanos - Revista Rambla","robots":{"index":"index","follow":"follow","max-snippet":"max-snippet:-1","max-image-preview":"max-image-preview:large","max-video-preview":"max-video-preview:-1"},"canonical":"https:\/\/www.revistarambla.com\/en\/un-pais-para-todos-sus-ciudadanos\/","og_locale":"en_GB","og_type":"article","og_title":"Un pa\u00eds para todos sus ciudadanos - Revista Rambla","og_description":"El movimiento pacifista israel\u00ed se opone a la primac\u00eda de los derechos colectivos de los ciudadanos jud\u00edos \u00a0","og_url":"https:\/\/www.revistarambla.com\/en\/un-pais-para-todos-sus-ciudadanos\/","og_site_name":"Revista Rambla","article_publisher":"https:\/\/www.facebook.com\/revistarambla\/","article_published_time":"2014-12-23T07:31:19+00:00","og_image":[{"width":682,"height":429,"url":"https:\/\/i0.wp.com\/www.revistarambla.com\/wp-content\/uploads\/2014\/12\/CarlosBraverman_revistarambla_01.jpg?fit=682%2C429&ssl=1","type":"image\/jpeg"}],"author":"admin","twitter_card":"summary_large_image","twitter_creator":"@revistarambla","twitter_site":"@revistarambla","twitter_misc":{"Written by":"admin","Estimated reading time":"21 minutes"},"schema":{"@context":"https:\/\/schema.org","@graph":[{"@type":"Article","@id":"https:\/\/www.revistarambla.com\/un-pais-para-todos-sus-ciudadanos\/#article","isPartOf":{"@id":"https:\/\/www.revistarambla.com\/un-pais-para-todos-sus-ciudadanos\/"},"author":{"name":"admin","@id":"https:\/\/www.revistarambla.com\/#\/schema\/person\/4a5652fc8c82df1f8593002d038cd79e"},"headline":"Un pa\u00eds para todos sus ciudadanos","datePublished":"2014-12-23T07:31:19+00:00","mainEntityOfPage":{"@id":"https:\/\/www.revistarambla.com\/un-pais-para-todos-sus-ciudadanos\/"},"wordCount":4111,"commentCount":0,"publisher":{"@id":"https:\/\/www.revistarambla.com\/#organization"},"image":{"@id":"https:\/\/www.revistarambla.com\/un-pais-para-todos-sus-ciudadanos\/#primaryimage"},"thumbnailUrl":"https:\/\/www.revistarambla.com\/wp-content\/uploads\/2014\/12\/CarlosBraverman_revistarambla_01.jpg","articleSection":["Estado Espa\u00f1ol"],"inLanguage":"en-GB","potentialAction":[{"@type":"CommentAction","name":"Comment","target":["https:\/\/www.revistarambla.com\/un-pais-para-todos-sus-ciudadanos\/#respond"]}]},{"@type":"WebPage","@id":"https:\/\/www.revistarambla.com\/un-pais-para-todos-sus-ciudadanos\/","url":"https:\/\/www.revistarambla.com\/un-pais-para-todos-sus-ciudadanos\/","name":"Un pa\u00eds para todos sus ciudadanos - Revista Rambla","isPartOf":{"@id":"https:\/\/www.revistarambla.com\/#website"},"primaryImageOfPage":{"@id":"https:\/\/www.revistarambla.com\/un-pais-para-todos-sus-ciudadanos\/#primaryimage"},"image":{"@id":"https:\/\/www.revistarambla.com\/un-pais-para-todos-sus-ciudadanos\/#primaryimage"},"thumbnailUrl":"https:\/\/www.revistarambla.com\/wp-content\/uploads\/2014\/12\/CarlosBraverman_revistarambla_01.jpg","datePublished":"2014-12-23T07:31:19+00:00","breadcrumb":{"@id":"https:\/\/www.revistarambla.com\/un-pais-para-todos-sus-ciudadanos\/#breadcrumb"},"inLanguage":"en-GB","potentialAction":[{"@type":"ReadAction","target":["https:\/\/www.revistarambla.com\/un-pais-para-todos-sus-ciudadanos\/"]}]},{"@type":"ImageObject","inLanguage":"en-GB","@id":"https:\/\/www.revistarambla.com\/un-pais-para-todos-sus-ciudadanos\/#primaryimage","url":"https:\/\/www.revistarambla.com\/wp-content\/uploads\/2014\/12\/CarlosBraverman_revistarambla_01.jpg","contentUrl":"https:\/\/www.revistarambla.com\/wp-content\/uploads\/2014\/12\/CarlosBraverman_revistarambla_01.jpg"},{"@type":"BreadcrumbList","@id":"https:\/\/www.revistarambla.com\/un-pais-para-todos-sus-ciudadanos\/#breadcrumb","itemListElement":[{"@type":"ListItem","position":1,"name":"Portada","item":"https:\/\/www.revistarambla.com\/"},{"@type":"ListItem","position":2,"name":"Un pa\u00eds para todos sus ciudadanos"}]},{"@type":"WebSite","@id":"https:\/\/www.revistarambla.com\/#website","url":"https:\/\/www.revistarambla.com\/","name":"Revista Rambla Barcelona","description":"Periodismo independiente","publisher":{"@id":"https:\/\/www.revistarambla.com\/#organization"},"potentialAction":[{"@type":"SearchAction","target":{"@type":"EntryPoint","urlTemplate":"https:\/\/www.revistarambla.com\/?s={search_term_string}"},"query-input":{"@type":"PropertyValueSpecification","valueRequired":true,"valueName":"search_term_string"}}],"inLanguage":"en-GB"},{"@type":"Organization","@id":"https:\/\/www.revistarambla.com\/#organization","name":"Revista Rambla","url":"https:\/\/www.revistarambla.com\/","logo":{"@type":"ImageObject","inLanguage":"en-GB","@id":"https:\/\/www.revistarambla.com\/#\/schema\/logo\/image\/","url":"https:\/\/www.revistarambla.com\/wp-content\/uploads\/2020\/09\/banner_rambla_1900x600_BB.png","contentUrl":"https:\/\/www.revistarambla.com\/wp-content\/uploads\/2020\/09\/banner_rambla_1900x600_BB.png","width":1900,"height":600,"caption":"Revista Rambla"},"image":{"@id":"https:\/\/www.revistarambla.com\/#\/schema\/logo\/image\/"},"sameAs":["https:\/\/www.facebook.com\/revistarambla\/","https:\/\/x.com\/revistarambla","https:\/\/www.instagram.com\/revista_rambla","https:\/\/es.linkedin.com\/company\/revista-rambla"]},{"@type":"Person","@id":"https:\/\/www.revistarambla.com\/#\/schema\/person\/4a5652fc8c82df1f8593002d038cd79e","name":"admin"}]}},"_links":{"self":[{"href":"https:\/\/www.revistarambla.com\/en\/wp-json\/wp\/v2\/posts\/6561","targetHints":{"allow":["GET"]}}],"collection":[{"href":"https:\/\/www.revistarambla.com\/en\/wp-json\/wp\/v2\/posts"}],"about":[{"href":"https:\/\/www.revistarambla.com\/en\/wp-json\/wp\/v2\/types\/post"}],"author":[{"embeddable":true,"href":"https:\/\/www.revistarambla.com\/en\/wp-json\/wp\/v2\/users\/1"}],"replies":[{"embeddable":true,"href":"https:\/\/www.revistarambla.com\/en\/wp-json\/wp\/v2\/comments?post=6561"}],"version-history":[{"count":0,"href":"https:\/\/www.revistarambla.com\/en\/wp-json\/wp\/v2\/posts\/6561\/revisions"}],"wp:attachment":[{"href":"https:\/\/www.revistarambla.com\/en\/wp-json\/wp\/v2\/media?parent=6561"}],"wp:term":[{"taxonomy":"category","embeddable":true,"href":"https:\/\/www.revistarambla.com\/en\/wp-json\/wp\/v2\/categories?post=6561"},{"taxonomy":"post_tag","embeddable":true,"href":"https:\/\/www.revistarambla.com\/en\/wp-json\/wp\/v2\/tags?post=6561"}],"curies":[{"name":"wp","href":"https:\/\/api.w.org\/{rel}","templated":true}]}}