{"id":65608,"date":"2025-06-29T11:36:04","date_gmt":"2025-06-29T09:36:04","guid":{"rendered":"https:\/\/www.revistarambla.com\/?p=65608"},"modified":"2025-06-29T11:36:04","modified_gmt":"2025-06-29T09:36:04","slug":"polemica-por-la-presunta-vinculacion-de-josep-lluis-ortega-monasterio-con-un-caso-de-explotacion-sexual","status":"publish","type":"post","link":"https:\/\/www.revistarambla.com\/en\/polemica-por-la-presunta-vinculacion-de-josep-lluis-ortega-monasterio-con-un-caso-de-explotacion-sexual\/","title":{"rendered":"Pol\u00e9mica por la presunta vinculaci\u00f3n de Josep Llu\u00eds Ortega Monasterio con un caso de explotaci\u00f3n sexual"},"content":{"rendered":"<p>Josep Llu\u00eds Ortega Monasterio (1918-2004), conocido como el \u00abpare de les havaneres en catal\u00e0\u00bb y autor de la emblem\u00e1tica habanera <em>El meu avi<\/em>, ha sido una figura central en la cultura musical catalana. Su legado, que incluye m\u00e1s de un centenar de composiciones, muchas de ellas en catal\u00e1n, ha sido durante d\u00e9cadas un s\u00edmbolo de identidad y tradici\u00f3n en Catalu\u00f1a. Sin embargo, en noviembre de 2024, la emisi\u00f3n del documental <em>Murs de silenci. Gran Escala 2000<\/em> por la plataforma 3Cat ha desatado una controversia que ha sacudido tanto su imagen como el lugar que ocupa su obra en el imaginario colectivo. Este documental, basado en una investigaci\u00f3n period\u00edstica de dos a\u00f1os, vincula a Ortega Monasterio con una red de explotaci\u00f3n sexual de menores que oper\u00f3 en las d\u00e9cadas de 1970 y 1990 en el noreste de Espa\u00f1a. La pol\u00e9mica ha generado un intenso debate sobre la separaci\u00f3n entre el arte y el artista, la presunci\u00f3n de inocencia y el impacto de estas acusaciones en el patrimonio cultural catal\u00e1n.<\/p>\n<h2>El documental <em>Murs de silenci<\/em><\/h2>\n<p>El documental, dirigido por los periodistas Anna Teixidor y Marc Faro, se centra en el prost\u00edbulo Gran Escala 2000, ubicado en Ventall\u00f3, Alt Empord\u00e0, un establecimiento que, seg\u00fan la investigaci\u00f3n, funcionaba como un lugar de explotaci\u00f3n sexual de menores frecuentado por las \u00e9lites catalanas en los a\u00f1os 90. La investigaci\u00f3n, que incluye m\u00e1s de 200 entrevistas y la revisi\u00f3n de documentos hist\u00f3ricos, se\u00f1ala a Ortega Monasterio como socio del proxeneta Antol\u00edn Fern\u00e1ndez, quien dirig\u00eda el club hasta su muerte, momento en que el negocio pas\u00f3 a manos de su hermana, Rol\u00edndez, quien fue condenada por los hechos. Adem\u00e1s, el documental sugiere que Ortega Monasterio era propietario de una red de clubes, incluido el local Txoko en Osca (Huesca), que tambi\u00e9n fue denunciado por explotaci\u00f3n de menores. Seg\u00fan los testimonios y documentos policiales citados, el Txoko estaba registrado a nombre de Pura Gast\u00f3n, esposa de Ortega Monasterio, y se utilizaba una agencia en Barcelona, tambi\u00e9n vinculada a Gast\u00f3n, para reclutar mujeres bajo falsas promesas de empleo en tareas como cocina o limpieza, muchas de las cuales terminaban en prost\u00edbulos.<\/p>\n<p>El impacto de estas revelaciones fue inmediato. La figura de Ortega Monasterio, hasta entonces celebrada por su contribuci\u00f3n a la m\u00fasica catalana, qued\u00f3 bajo un escrutinio sin precedentes. La investigaci\u00f3n period\u00edstica no solo puso en cuesti\u00f3n su integridad personal, sino que tambi\u00e9n gener\u00f3 reacciones en el \u00e1mbito cultural y pol\u00edtico, incluyendo propuestas para retirar reconocimientos como la Creu de Sant Jordi, otorgada en 1999, y la exclusi\u00f3n de <em>El meu avi<\/em> de eventos tradicionales como la Cantada d\u2019Havaneres de Calella de Palafrugell.<\/p>\n<h2>La respuesta de la familia y la batalla legal<\/h2>\n<p>La familia de Ortega Monasterio ha reaccionado con firmeza ante las acusaciones. En un comunicado, han calificado el documental de \u201cinfamia\u201d y han denunciado que contiene \u201cmentiras y falsedades\u201d que atentan contra el honor del compositor. Seg\u00fan Leopoldo Ortega-Monasterio, hijo del m\u00fasico, y Koldo Ortega-Monasterio, su nieto, las acusaciones no son nuevas y ya fueron desmentidas en vida de Josep Llu\u00eds. Alegan que en las d\u00e9cadas de 1970 y 1980, Ortega Monasterio fue v\u00edctima de una campa\u00f1a de desprestigio orquestada por sectores reaccionarios del ej\u00e9rcito franquista debido a su afiliaci\u00f3n con la Uni\u00f3n Militar Democr\u00e1tica (UMD), un grupo de militares progresistas que abogaban por la democratizaci\u00f3n durante los \u00faltimos a\u00f1os del franquismo. En 1976, Ortega Monasterio fue condenado a cinco meses de prisi\u00f3n por distribuir propaganda de la UMD, y posteriormente fue expulsado del ej\u00e9rcito por un Tribunal de Honor en 1979. Sin embargo, en 1984 y 1985, sentencias de la Audiencia Nacional y el Tribunal Supremo declararon su inocencia respecto a las acusaciones de vinculaci\u00f3n con redes de prostituci\u00f3n, revocando incluso el fallo del Tribunal de Honor.<\/p>\n<p>La familia ha presentado una demanda civil contra la Corporaci\u00f3 Catalana de Mitjans Audiovisuals (CCMA) y la periodista Anna Teixidor, admitida a tr\u00e1mite por el Juzgado de Primera Instancia n\u00famero 52 de Barcelona el 2 de abril de 2025. En su querella, exigen la retirada del documental de todas las plataformas de la CCMA, una rectificaci\u00f3n p\u00fablica y una indemnizaci\u00f3n de un mill\u00f3n de euros, que aseguran destinar\u00e1n al fomento de la cultura y la canci\u00f3n catalanas, especialmente las habaneras. Seg\u00fan Koldo Ortega-Monasterio, las pruebas presentadas en el documental, como informes policiales y testimonios, est\u00e1n descontextualizadas o manipuladas, y destacan que ni Ortega Monasterio ni su esposa fueron nunca imputados en los procesos judiciales contra el Txoko o Gran Escala 2000. Adem\u00e1s, afirman que la Agencia Gracia, propiedad de Pura Gast\u00f3n, ces\u00f3 sus actividades a principios de los a\u00f1os 80, lo que desmiente cualquier conexi\u00f3n con los hechos denunciados en los 90.<\/p>\n<h2>Impacto en la Cantada d\u2019Havaneres de Calella de Palafrugell<\/h2>\n<p>Uno de los efectos m\u00e1s visibles de la controversia ha sido la decisi\u00f3n del Ayuntamiento de Palafrugell, liderado por la alcaldesa Laura Mill\u00e1n, de excluir <em>El meu avi<\/em> del cierre de la Cantada d\u2019Havaneres de Calella de Palafrugell en su 58.\u00aa edici\u00f3n, programada para el 5 de julio de 2025. Por primera vez en casi medio siglo, esta emblem\u00e1tica habanera, que tradicionalmente clausuraba el evento con todos los grupos cant\u00e1ndola al un\u00edsono, ser\u00e1 reemplazada por tres piezas cl\u00e1sicas: <em>Mariner de terra endins<\/em>, <em>La bella Lola<\/em> y <em>La gavina<\/em>, en homenaje a compositores locales. La decisi\u00f3n, seg\u00fan el consistorio, responde a una reflexi\u00f3n sobre la necesidad de renovar el repertorio y destacar otras figuras del municipio, aunque est\u00e1 claramente influenciada por la pol\u00e9mica desatada por el documental.<\/p>\n<p>Esta medida ha generado cr\u00edticas tanto de la familia de Ortega Monasterio como de sectores de la sociedad catalana. La familia ha acusado al ayuntamiento de \u201ccensura\u201d y de vulnerar la presunci\u00f3n de inocencia, especialmente considerando que el caso est\u00e1 judicializado. Argumentan que <em>El meu avi<\/em> trasciende a su autor y se ha convertido en un himno colectivo que pertenece al patrimonio cultural catal\u00e1n, especialmente por su carga simb\u00f3lica durante la dictadura franquista, cuando la letra que incluye \u201cVisca Catalunya, visca el catal\u00e0\u201d desafi\u00f3 la censura del r\u00e9gimen. Por su parte, el partido Vox, en un movimiento inesperado, ha defendido la habanera en el Parlament, proponiendo declararla patrimonio cultural de Catalu\u00f1a, argumentando que su exclusi\u00f3n responde a motivaciones ideol\u00f3gicas y a un intento de borrar la identidad catalana.<\/p>\n<h2>El debate cultural: \u00bfseparar el arte del artista?<\/h2>\n<p>La controversia ha reavivado un debate cl\u00e1sico: \u00bfes posible separar la obra de arte de las acciones de su creador? En el caso de <em>El meu avi<\/em>, la habanera no solo es una pieza musical, sino un s\u00edmbolo de la identidad catalana, interpretada en innumerables eventos y profundamente arraigada en la tradici\u00f3n popular. Artistas como Neus Mar, una de las pocas voces femeninas solistas en el g\u00e9nero, han anunciado que no volver\u00e1n a interpretar composiciones de Ortega Monasterio, optando por otras piezas como <em>La bella Lola<\/em> o <em>Mariner de terra endins<\/em>. Otros, como el grupo Arjau, han expresado su intenci\u00f3n de debatir internamente si deben mantener su repertorio, mientras que el grupo Port-bo, uno de los impulsores hist\u00f3ricos de la Cantada, ha mostrado sorpresa y tristeza ante las revelaciones.<\/p>\n<p>Por otro lado, la Fundaci\u00f3 Ernest Morat\u00f3, que conserva el fondo musical de Ortega Monasterio, est\u00e1 evaluando qu\u00e9 medidas tomar, mientras que ayuntamientos como el de Puigcerd\u00e0 y Platja d\u2019Aro, donde existen estatuas y placas en homenaje al compositor, est\u00e1n considerando retirar estos reconocimientos. La Generalitat de Catalunya, que otorg\u00f3 la Creu de Sant Jordi a Ortega Monasterio, a\u00fan no se ha pronunciado oficialmente, pero hay voces que piden su revocaci\u00f3n.<\/p>\n<h2>Reflexiones sobre la presunci\u00f3n de inocencia y el revisionismo hist\u00f3rico<\/h2>\n<p>La pol\u00e9mica tambi\u00e9n plantea cuestiones sobre la presunci\u00f3n de inocencia y el manejo de acusaciones p\u00f3stumas. La familia de Ortega Monasterio insiste en que las sentencias de 1984 y 1985 exoneraron al compositor y que el documental omite esta informaci\u00f3n crucial. Adem\u00e1s, critican que los realizadores no contactaran con ellos durante los dos a\u00f1os de investigaci\u00f3n para contrastar los hechos, lo que consideran una falta de rigor period\u00edstico. Por su parte, los autores del documental defienden su trabajo, que ha sido galardonado con el Premi Rahola 2024, y destacan que las acusaciones se basan en documentos policiales y testimonios de v\u00edctimas, aunque reconocen que no hay pruebas concluyentes de la implicaci\u00f3n directa de Ortega Monasterio en Gran Escala 2000.<\/p>\n<p>Este caso tambi\u00e9n refleja un momento de revisionismo hist\u00f3rico en el que figuras p\u00fablicas son reexaminadas bajo los valores contempor\u00e1neos. La decisi\u00f3n de excluir <em>El meu avi<\/em> de la Cantada de Calella ha sido interpretada por algunos como un acto de correcci\u00f3n pol\u00edtica, mientras que otros lo ven como un paso necesario para no glorificar a una figura potencialmente comprometida. La alcaldesa Laura Mill\u00e1n ha evitado pronunciarse directamente sobre las acusaciones, insistiendo en que la decisi\u00f3n busca renovar el repertorio, pero esta ambig\u00fcedad no ha calmado las cr\u00edticas.<\/p>\n<h2>Conclusi\u00f3n<\/h2>\n<p>La pol\u00e9mica en torno a Josep Llu\u00eds Ortega Monasterio y su presunta vinculaci\u00f3n con una red de explotaci\u00f3n sexual ha abierto heridas en el \u00e1mbito cultural catal\u00e1n. Por un lado, est\u00e1 el legado de <em>El meu avi<\/em>, una obra que ha trascendido generaciones y se ha convertido en un s\u00edmbolo de resistencia y orgullo catal\u00e1n. Por otro, las graves acusaciones presentadas por <em>Murs de silenci<\/em> han puesto en cuesti\u00f3n la imagen de un hombre que fue homenajeado como un icono cultural. Mientras la justicia dirime la demanda de la familia contra la CCMA, la sociedad catalana enfrenta un dilema: c\u00f3mo reconciliar el valor de una obra con las posibles sombras de su creador. La exclusi\u00f3n de <em>El meu avi<\/em> de la Cantada de Calella marca un punto de inflexi\u00f3n, pero tambi\u00e9n abre la puerta a una reflexi\u00f3n m\u00e1s amplia sobre la memoria, la justicia y el papel del arte en la construcci\u00f3n de la identidad colectiva.<\/p>","protected":false},"excerpt":{"rendered":"<p>Josep Llu\u00eds Ortega Monasterio (1918-2004), conocido como el \u00abpare de les havaneres en catal\u00e0\u00bb y autor de la emblem\u00e1tica habanera El meu avi, ha sido una figura central en la cultura musical catalana. Su legado, que incluye m\u00e1s de un centenar de composiciones, muchas de ellas en catal\u00e1n, ha sido [&hellip;]<\/p>\n","protected":false},"author":3,"featured_media":65609,"comment_status":"closed","ping_status":"closed","sticky":false,"template":"","format":"standard","meta":{"footnotes":""},"categories":[59],"tags":[],"class_list":["post-65608","post","type-post","status-publish","format-standard","has-post-thumbnail","hentry","category-catalunya"],"yoast_head":"<!-- This site is optimized with the Yoast SEO plugin v27.5 - https:\/\/yoast.com\/product\/yoast-seo-wordpress\/ -->\n<title>Pol\u00e9mica por la presunta vinculaci\u00f3n de Josep Llu\u00eds Ortega Monasterio con un caso de explotaci\u00f3n sexual - Revista Rambla<\/title>\n<meta name=\"robots\" content=\"index, follow, max-snippet:-1, max-image-preview:large, max-video-preview:-1\" \/>\n<link rel=\"canonical\" href=\"https:\/\/www.revistarambla.com\/en\/polemica-por-la-presunta-vinculacion-de-josep-lluis-ortega-monasterio-con-un-caso-de-explotacion-sexual\/\" \/>\n<meta property=\"og:locale\" content=\"en_GB\" \/>\n<meta property=\"og:type\" content=\"article\" \/>\n<meta property=\"og:title\" content=\"Pol\u00e9mica por la presunta vinculaci\u00f3n de Josep Llu\u00eds Ortega Monasterio con un caso de explotaci\u00f3n sexual - Revista Rambla\" \/>\n<meta property=\"og:description\" content=\"Josep Llu\u00eds Ortega Monasterio (1918-2004), conocido como el \u00abpare de les havaneres en catal\u00e0\u00bb y autor de la emblem\u00e1tica habanera El meu avi, ha sido una figura central en la cultura musical catalana. Su legado, que incluye m\u00e1s de un centenar de composiciones, muchas de ellas en catal\u00e1n, ha sido [&hellip;]\" \/>\n<meta property=\"og:url\" content=\"https:\/\/www.revistarambla.com\/en\/polemica-por-la-presunta-vinculacion-de-josep-lluis-ortega-monasterio-con-un-caso-de-explotacion-sexual\/\" \/>\n<meta property=\"og:site_name\" content=\"Revista Rambla\" \/>\n<meta property=\"article:publisher\" content=\"https:\/\/www.facebook.com\/revistarambla\/\" \/>\n<meta property=\"article:author\" content=\"https:\/\/www.facebook.com\/revistarambla\" \/>\n<meta property=\"article:published_time\" content=\"2025-06-29T09:36:04+00:00\" \/>\n<meta property=\"og:image\" content=\"https:\/\/www.revistarambla.com\/wp-content\/uploads\/2025\/06\/Calella_de_Palafrugell_-_Havaneres.jpg\" \/>\n\t<meta property=\"og:image:width\" content=\"1024\" \/>\n\t<meta property=\"og:image:height\" content=\"682\" \/>\n\t<meta property=\"og:image:type\" content=\"image\/jpeg\" \/>\n<meta name=\"author\" content=\"R@mbla\" \/>\n<meta name=\"twitter:card\" content=\"summary_large_image\" \/>\n<meta name=\"twitter:creator\" content=\"@revistarambla\" \/>\n<meta name=\"twitter:site\" content=\"@revistarambla\" \/>\n<meta name=\"twitter:label1\" content=\"Written by\" \/>\n\t<meta name=\"twitter:data1\" content=\"R@mbla\" \/>\n\t<meta name=\"twitter:label2\" content=\"Estimated reading time\" \/>\n\t<meta name=\"twitter:data2\" content=\"8 minutes\" \/>\n<script type=\"application\/ld+json\" class=\"yoast-schema-graph\">{\"@context\":\"https:\\\/\\\/schema.org\",\"@graph\":[{\"@type\":\"Article\",\"@id\":\"https:\\\/\\\/www.revistarambla.com\\\/polemica-por-la-presunta-vinculacion-de-josep-lluis-ortega-monasterio-con-un-caso-de-explotacion-sexual\\\/#article\",\"isPartOf\":{\"@id\":\"https:\\\/\\\/www.revistarambla.com\\\/polemica-por-la-presunta-vinculacion-de-josep-lluis-ortega-monasterio-con-un-caso-de-explotacion-sexual\\\/\"},\"author\":{\"name\":\"R@mbla\",\"@id\":\"https:\\\/\\\/www.revistarambla.com\\\/#\\\/schema\\\/person\\\/a146a5a2550b94981a75131180e1bd9c\"},\"headline\":\"Pol\u00e9mica por la presunta vinculaci\u00f3n de Josep Llu\u00eds Ortega Monasterio con un caso de explotaci\u00f3n sexual\",\"datePublished\":\"2025-06-29T09:36:04+00:00\",\"mainEntityOfPage\":{\"@id\":\"https:\\\/\\\/www.revistarambla.com\\\/polemica-por-la-presunta-vinculacion-de-josep-lluis-ortega-monasterio-con-un-caso-de-explotacion-sexual\\\/\"},\"wordCount\":1763,\"publisher\":{\"@id\":\"https:\\\/\\\/www.revistarambla.com\\\/#organization\"},\"image\":{\"@id\":\"https:\\\/\\\/www.revistarambla.com\\\/polemica-por-la-presunta-vinculacion-de-josep-lluis-ortega-monasterio-con-un-caso-de-explotacion-sexual\\\/#primaryimage\"},\"thumbnailUrl\":\"https:\\\/\\\/www.revistarambla.com\\\/wp-content\\\/uploads\\\/2025\\\/06\\\/Calella_de_Palafrugell_-_Havaneres.jpg\",\"articleSection\":[\"Catalunya\"],\"inLanguage\":\"en-GB\"},{\"@type\":\"WebPage\",\"@id\":\"https:\\\/\\\/www.revistarambla.com\\\/polemica-por-la-presunta-vinculacion-de-josep-lluis-ortega-monasterio-con-un-caso-de-explotacion-sexual\\\/\",\"url\":\"https:\\\/\\\/www.revistarambla.com\\\/polemica-por-la-presunta-vinculacion-de-josep-lluis-ortega-monasterio-con-un-caso-de-explotacion-sexual\\\/\",\"name\":\"Pol\u00e9mica por la presunta vinculaci\u00f3n de Josep Llu\u00eds Ortega Monasterio con un caso de explotaci\u00f3n sexual - Revista Rambla\",\"isPartOf\":{\"@id\":\"https:\\\/\\\/www.revistarambla.com\\\/#website\"},\"primaryImageOfPage\":{\"@id\":\"https:\\\/\\\/www.revistarambla.com\\\/polemica-por-la-presunta-vinculacion-de-josep-lluis-ortega-monasterio-con-un-caso-de-explotacion-sexual\\\/#primaryimage\"},\"image\":{\"@id\":\"https:\\\/\\\/www.revistarambla.com\\\/polemica-por-la-presunta-vinculacion-de-josep-lluis-ortega-monasterio-con-un-caso-de-explotacion-sexual\\\/#primaryimage\"},\"thumbnailUrl\":\"https:\\\/\\\/www.revistarambla.com\\\/wp-content\\\/uploads\\\/2025\\\/06\\\/Calella_de_Palafrugell_-_Havaneres.jpg\",\"datePublished\":\"2025-06-29T09:36:04+00:00\",\"breadcrumb\":{\"@id\":\"https:\\\/\\\/www.revistarambla.com\\\/polemica-por-la-presunta-vinculacion-de-josep-lluis-ortega-monasterio-con-un-caso-de-explotacion-sexual\\\/#breadcrumb\"},\"inLanguage\":\"en-GB\",\"potentialAction\":[{\"@type\":\"ReadAction\",\"target\":[\"https:\\\/\\\/www.revistarambla.com\\\/polemica-por-la-presunta-vinculacion-de-josep-lluis-ortega-monasterio-con-un-caso-de-explotacion-sexual\\\/\"]}]},{\"@type\":\"ImageObject\",\"inLanguage\":\"en-GB\",\"@id\":\"https:\\\/\\\/www.revistarambla.com\\\/polemica-por-la-presunta-vinculacion-de-josep-lluis-ortega-monasterio-con-un-caso-de-explotacion-sexual\\\/#primaryimage\",\"url\":\"https:\\\/\\\/www.revistarambla.com\\\/wp-content\\\/uploads\\\/2025\\\/06\\\/Calella_de_Palafrugell_-_Havaneres.jpg\",\"contentUrl\":\"https:\\\/\\\/www.revistarambla.com\\\/wp-content\\\/uploads\\\/2025\\\/06\\\/Calella_de_Palafrugell_-_Havaneres.jpg\",\"width\":1024,\"height\":682,\"caption\":\"Josep Llu\u00eds Ortega Monasterio\"},{\"@type\":\"BreadcrumbList\",\"@id\":\"https:\\\/\\\/www.revistarambla.com\\\/polemica-por-la-presunta-vinculacion-de-josep-lluis-ortega-monasterio-con-un-caso-de-explotacion-sexual\\\/#breadcrumb\",\"itemListElement\":[{\"@type\":\"ListItem\",\"position\":1,\"name\":\"Portada\",\"item\":\"https:\\\/\\\/www.revistarambla.com\\\/\"},{\"@type\":\"ListItem\",\"position\":2,\"name\":\"Pol\u00e9mica por la presunta vinculaci\u00f3n de Josep Llu\u00eds Ortega Monasterio con un caso de explotaci\u00f3n sexual\"}]},{\"@type\":\"WebSite\",\"@id\":\"https:\\\/\\\/www.revistarambla.com\\\/#website\",\"url\":\"https:\\\/\\\/www.revistarambla.com\\\/\",\"name\":\"Revista Rambla Barcelona\",\"description\":\"Periodismo independiente\",\"publisher\":{\"@id\":\"https:\\\/\\\/www.revistarambla.com\\\/#organization\"},\"potentialAction\":[{\"@type\":\"SearchAction\",\"target\":{\"@type\":\"EntryPoint\",\"urlTemplate\":\"https:\\\/\\\/www.revistarambla.com\\\/?s={search_term_string}\"},\"query-input\":{\"@type\":\"PropertyValueSpecification\",\"valueRequired\":true,\"valueName\":\"search_term_string\"}}],\"inLanguage\":\"en-GB\"},{\"@type\":\"Organization\",\"@id\":\"https:\\\/\\\/www.revistarambla.com\\\/#organization\",\"name\":\"Revista Rambla\",\"url\":\"https:\\\/\\\/www.revistarambla.com\\\/\",\"logo\":{\"@type\":\"ImageObject\",\"inLanguage\":\"en-GB\",\"@id\":\"https:\\\/\\\/www.revistarambla.com\\\/#\\\/schema\\\/logo\\\/image\\\/\",\"url\":\"https:\\\/\\\/www.revistarambla.com\\\/wp-content\\\/uploads\\\/2020\\\/09\\\/banner_rambla_1900x600_BB.png\",\"contentUrl\":\"https:\\\/\\\/www.revistarambla.com\\\/wp-content\\\/uploads\\\/2020\\\/09\\\/banner_rambla_1900x600_BB.png\",\"width\":1900,\"height\":600,\"caption\":\"Revista Rambla\"},\"image\":{\"@id\":\"https:\\\/\\\/www.revistarambla.com\\\/#\\\/schema\\\/logo\\\/image\\\/\"},\"sameAs\":[\"https:\\\/\\\/www.facebook.com\\\/revistarambla\\\/\",\"https:\\\/\\\/x.com\\\/revistarambla\",\"https:\\\/\\\/www.instagram.com\\\/revista_rambla\",\"https:\\\/\\\/es.linkedin.com\\\/company\\\/revista-rambla\"]},{\"@type\":\"Person\",\"@id\":\"https:\\\/\\\/www.revistarambla.com\\\/#\\\/schema\\\/person\\\/a146a5a2550b94981a75131180e1bd9c\",\"name\":\"R@mbla\",\"description\":\"Este art\u00edculo ha sido redactado y\\\/o validado por el equipo de redacci\u00f3n de Revista Rambla.\",\"sameAs\":[\"https:\\\/\\\/www.revistarambla.com\\\/\",\"https:\\\/\\\/www.facebook.com\\\/revistarambla\",\"https:\\\/\\\/x.com\\\/revistarambla\"]}]}<\/script>\n<!-- \/ Yoast SEO plugin. -->","yoast_head_json":{"title":"Pol\u00e9mica por la presunta vinculaci\u00f3n de Josep Llu\u00eds Ortega Monasterio con un caso de explotaci\u00f3n sexual - Revista Rambla","robots":{"index":"index","follow":"follow","max-snippet":"max-snippet:-1","max-image-preview":"max-image-preview:large","max-video-preview":"max-video-preview:-1"},"canonical":"https:\/\/www.revistarambla.com\/en\/polemica-por-la-presunta-vinculacion-de-josep-lluis-ortega-monasterio-con-un-caso-de-explotacion-sexual\/","og_locale":"en_GB","og_type":"article","og_title":"Pol\u00e9mica por la presunta vinculaci\u00f3n de Josep Llu\u00eds Ortega Monasterio con un caso de explotaci\u00f3n sexual - Revista Rambla","og_description":"Josep Llu\u00eds Ortega Monasterio (1918-2004), conocido como el \u00abpare de les havaneres en catal\u00e0\u00bb y autor de la emblem\u00e1tica habanera El meu avi, ha sido una figura central en la cultura musical catalana. Su legado, que incluye m\u00e1s de un centenar de composiciones, muchas de ellas en catal\u00e1n, ha sido [&hellip;]","og_url":"https:\/\/www.revistarambla.com\/en\/polemica-por-la-presunta-vinculacion-de-josep-lluis-ortega-monasterio-con-un-caso-de-explotacion-sexual\/","og_site_name":"Revista Rambla","article_publisher":"https:\/\/www.facebook.com\/revistarambla\/","article_author":"https:\/\/www.facebook.com\/revistarambla","article_published_time":"2025-06-29T09:36:04+00:00","og_image":[{"width":1024,"height":682,"url":"https:\/\/www.revistarambla.com\/wp-content\/uploads\/2025\/06\/Calella_de_Palafrugell_-_Havaneres.jpg","type":"image\/jpeg"}],"author":"R@mbla","twitter_card":"summary_large_image","twitter_creator":"@revistarambla","twitter_site":"@revistarambla","twitter_misc":{"Written by":"R@mbla","Estimated reading time":"8 minutes"},"schema":{"@context":"https:\/\/schema.org","@graph":[{"@type":"Article","@id":"https:\/\/www.revistarambla.com\/polemica-por-la-presunta-vinculacion-de-josep-lluis-ortega-monasterio-con-un-caso-de-explotacion-sexual\/#article","isPartOf":{"@id":"https:\/\/www.revistarambla.com\/polemica-por-la-presunta-vinculacion-de-josep-lluis-ortega-monasterio-con-un-caso-de-explotacion-sexual\/"},"author":{"name":"R@mbla","@id":"https:\/\/www.revistarambla.com\/#\/schema\/person\/a146a5a2550b94981a75131180e1bd9c"},"headline":"Pol\u00e9mica por la presunta vinculaci\u00f3n de Josep Llu\u00eds Ortega Monasterio con un caso de explotaci\u00f3n sexual","datePublished":"2025-06-29T09:36:04+00:00","mainEntityOfPage":{"@id":"https:\/\/www.revistarambla.com\/polemica-por-la-presunta-vinculacion-de-josep-lluis-ortega-monasterio-con-un-caso-de-explotacion-sexual\/"},"wordCount":1763,"publisher":{"@id":"https:\/\/www.revistarambla.com\/#organization"},"image":{"@id":"https:\/\/www.revistarambla.com\/polemica-por-la-presunta-vinculacion-de-josep-lluis-ortega-monasterio-con-un-caso-de-explotacion-sexual\/#primaryimage"},"thumbnailUrl":"https:\/\/www.revistarambla.com\/wp-content\/uploads\/2025\/06\/Calella_de_Palafrugell_-_Havaneres.jpg","articleSection":["Catalunya"],"inLanguage":"en-GB"},{"@type":"WebPage","@id":"https:\/\/www.revistarambla.com\/polemica-por-la-presunta-vinculacion-de-josep-lluis-ortega-monasterio-con-un-caso-de-explotacion-sexual\/","url":"https:\/\/www.revistarambla.com\/polemica-por-la-presunta-vinculacion-de-josep-lluis-ortega-monasterio-con-un-caso-de-explotacion-sexual\/","name":"Pol\u00e9mica por la presunta vinculaci\u00f3n de Josep Llu\u00eds Ortega Monasterio con un caso de explotaci\u00f3n sexual - Revista Rambla","isPartOf":{"@id":"https:\/\/www.revistarambla.com\/#website"},"primaryImageOfPage":{"@id":"https:\/\/www.revistarambla.com\/polemica-por-la-presunta-vinculacion-de-josep-lluis-ortega-monasterio-con-un-caso-de-explotacion-sexual\/#primaryimage"},"image":{"@id":"https:\/\/www.revistarambla.com\/polemica-por-la-presunta-vinculacion-de-josep-lluis-ortega-monasterio-con-un-caso-de-explotacion-sexual\/#primaryimage"},"thumbnailUrl":"https:\/\/www.revistarambla.com\/wp-content\/uploads\/2025\/06\/Calella_de_Palafrugell_-_Havaneres.jpg","datePublished":"2025-06-29T09:36:04+00:00","breadcrumb":{"@id":"https:\/\/www.revistarambla.com\/polemica-por-la-presunta-vinculacion-de-josep-lluis-ortega-monasterio-con-un-caso-de-explotacion-sexual\/#breadcrumb"},"inLanguage":"en-GB","potentialAction":[{"@type":"ReadAction","target":["https:\/\/www.revistarambla.com\/polemica-por-la-presunta-vinculacion-de-josep-lluis-ortega-monasterio-con-un-caso-de-explotacion-sexual\/"]}]},{"@type":"ImageObject","inLanguage":"en-GB","@id":"https:\/\/www.revistarambla.com\/polemica-por-la-presunta-vinculacion-de-josep-lluis-ortega-monasterio-con-un-caso-de-explotacion-sexual\/#primaryimage","url":"https:\/\/www.revistarambla.com\/wp-content\/uploads\/2025\/06\/Calella_de_Palafrugell_-_Havaneres.jpg","contentUrl":"https:\/\/www.revistarambla.com\/wp-content\/uploads\/2025\/06\/Calella_de_Palafrugell_-_Havaneres.jpg","width":1024,"height":682,"caption":"Josep Llu\u00eds Ortega Monasterio"},{"@type":"BreadcrumbList","@id":"https:\/\/www.revistarambla.com\/polemica-por-la-presunta-vinculacion-de-josep-lluis-ortega-monasterio-con-un-caso-de-explotacion-sexual\/#breadcrumb","itemListElement":[{"@type":"ListItem","position":1,"name":"Portada","item":"https:\/\/www.revistarambla.com\/"},{"@type":"ListItem","position":2,"name":"Pol\u00e9mica por la presunta vinculaci\u00f3n de Josep Llu\u00eds Ortega Monasterio con un caso de explotaci\u00f3n sexual"}]},{"@type":"WebSite","@id":"https:\/\/www.revistarambla.com\/#website","url":"https:\/\/www.revistarambla.com\/","name":"Revista Rambla Barcelona","description":"Periodismo independiente","publisher":{"@id":"https:\/\/www.revistarambla.com\/#organization"},"potentialAction":[{"@type":"SearchAction","target":{"@type":"EntryPoint","urlTemplate":"https:\/\/www.revistarambla.com\/?s={search_term_string}"},"query-input":{"@type":"PropertyValueSpecification","valueRequired":true,"valueName":"search_term_string"}}],"inLanguage":"en-GB"},{"@type":"Organization","@id":"https:\/\/www.revistarambla.com\/#organization","name":"Revista Rambla","url":"https:\/\/www.revistarambla.com\/","logo":{"@type":"ImageObject","inLanguage":"en-GB","@id":"https:\/\/www.revistarambla.com\/#\/schema\/logo\/image\/","url":"https:\/\/www.revistarambla.com\/wp-content\/uploads\/2020\/09\/banner_rambla_1900x600_BB.png","contentUrl":"https:\/\/www.revistarambla.com\/wp-content\/uploads\/2020\/09\/banner_rambla_1900x600_BB.png","width":1900,"height":600,"caption":"Revista Rambla"},"image":{"@id":"https:\/\/www.revistarambla.com\/#\/schema\/logo\/image\/"},"sameAs":["https:\/\/www.facebook.com\/revistarambla\/","https:\/\/x.com\/revistarambla","https:\/\/www.instagram.com\/revista_rambla","https:\/\/es.linkedin.com\/company\/revista-rambla"]},{"@type":"Person","@id":"https:\/\/www.revistarambla.com\/#\/schema\/person\/a146a5a2550b94981a75131180e1bd9c","name":"R@mbla","description":"Este art\u00edculo ha sido redactado y\/o validado por el equipo de redacci\u00f3n de Revista Rambla.","sameAs":["https:\/\/www.revistarambla.com\/","https:\/\/www.facebook.com\/revistarambla","https:\/\/x.com\/revistarambla"]}]}},"_links":{"self":[{"href":"https:\/\/www.revistarambla.com\/en\/wp-json\/wp\/v2\/posts\/65608","targetHints":{"allow":["GET"]}}],"collection":[{"href":"https:\/\/www.revistarambla.com\/en\/wp-json\/wp\/v2\/posts"}],"about":[{"href":"https:\/\/www.revistarambla.com\/en\/wp-json\/wp\/v2\/types\/post"}],"author":[{"embeddable":true,"href":"https:\/\/www.revistarambla.com\/en\/wp-json\/wp\/v2\/users\/3"}],"replies":[{"embeddable":true,"href":"https:\/\/www.revistarambla.com\/en\/wp-json\/wp\/v2\/comments?post=65608"}],"version-history":[{"count":1,"href":"https:\/\/www.revistarambla.com\/en\/wp-json\/wp\/v2\/posts\/65608\/revisions"}],"predecessor-version":[{"id":65610,"href":"https:\/\/www.revistarambla.com\/en\/wp-json\/wp\/v2\/posts\/65608\/revisions\/65610"}],"wp:featuredmedia":[{"embeddable":true,"href":"https:\/\/www.revistarambla.com\/en\/wp-json\/wp\/v2\/media\/65609"}],"wp:attachment":[{"href":"https:\/\/www.revistarambla.com\/en\/wp-json\/wp\/v2\/media?parent=65608"}],"wp:term":[{"taxonomy":"category","embeddable":true,"href":"https:\/\/www.revistarambla.com\/en\/wp-json\/wp\/v2\/categories?post=65608"},{"taxonomy":"post_tag","embeddable":true,"href":"https:\/\/www.revistarambla.com\/en\/wp-json\/wp\/v2\/tags?post=65608"}],"curies":[{"name":"wp","href":"https:\/\/api.w.org\/{rel}","templated":true}]}}