{"id":65605,"date":"2025-06-29T11:29:16","date_gmt":"2025-06-29T09:29:16","guid":{"rendered":"https:\/\/www.revistarambla.com\/?p=65605"},"modified":"2025-06-29T11:29:16","modified_gmt":"2025-06-29T09:29:16","slug":"budapest-desafia-a-orban-con-una-historica-marcha-del-orgullo-lgtbiq","status":"publish","type":"post","link":"https:\/\/www.revistarambla.com\/en\/budapest-desafia-a-orban-con-una-historica-marcha-del-orgullo-lgtbiq\/","title":{"rendered":"Budapest desaf\u00eda a Orb\u00e1n con una hist\u00f3rica marcha del Orgullo LGTBIQ+"},"content":{"rendered":"<p>Ayer, s\u00e1bado 28 de junio, las calles de Budapest se ti\u00f1eron de arco\u00edris en una manifestaci\u00f3n del Orgullo LGTBIQ+ que marc\u00f3 un hito en la historia de Hungr\u00eda. A pesar de la prohibici\u00f3n oficial del gobierno ultranacionalista de Viktor Orb\u00e1n y las amenazas de sanciones legales, decenas de miles de personas \u2013con estimaciones que oscilan entre 70.000 y 200.000 asistentes seg\u00fan medios como <em>Hvg.hu<\/em> y los organizadores\u2013 desafiaron las restricciones para celebrar la 30\u00aa edici\u00f3n del Budapest Pride. Bajo el lema \u201cLa libertad y el amor no pueden ser prohibidos\u201d, la marcha no solo fue un acto de visibilidad y resistencia, sino tambi\u00e9n un s\u00edmbolo de solidaridad internacional frente a las pol\u00edticas represivas del gobierno h\u00fangaro.<\/p>\n<h2>Un acto de resistencia frente a la represi\u00f3n<\/h2>\n<p>La jornada comenz\u00f3 al mediod\u00eda en la plaza De\u00e1k, en el coraz\u00f3n de la capital h\u00fangara, donde miles de personas se congregaron en un ambiente festivo pero cargado de tensi\u00f3n. La marcha, organizada como un evento municipal por el alcalde de Budapest, Gergely Kar\u00e1csony, sorte\u00f3 la prohibici\u00f3n gubernamental al ser registrada como una actividad oficial del ayuntamiento, una maniobra que permiti\u00f3 eludir la necesidad de autorizaci\u00f3n policial. Desde las 15:00, el desfile recorri\u00f3 las principales arterias de la ciudad, incluyendo la avenida K\u00e1roly k\u00f6r\u00fat, la plaza K\u00e1lvin y el puente Erzs\u00e9bet, que sustituy\u00f3 al puente de la Libertad en el itinerario original debido a la presencia de contramanifestaciones ultraderechistas.<\/p>\n<p>La prohibici\u00f3n del Orgullo se fundamenta en una ley aprobada en marzo de 2025 por el Parlamento h\u00fangaro, dominado por el partido Fidesz de Orb\u00e1n, que restringe las reuniones p\u00fablicas que \u201cpromuevan la homosexualidad\u201d bajo el pretexto de \u201cproteger a la infancia\u201d. Esta normativa, una extensi\u00f3n de la controvertida \u201cLey de Propaganda\u201d de 2021, establece multas de hasta 500 euros para los participantes y posibles penas de prisi\u00f3n para los organizadores. Adem\u00e1s, el gobierno autoriz\u00f3 el uso de tecnolog\u00eda de reconocimiento facial para identificar a los asistentes, lo que gener\u00f3 temores de represalias. Sin embargo, la presencia policial fue m\u00ednima y, seg\u00fan reportes de <em>El Pa\u00eds<\/em> y <em>EFE<\/em>, se centr\u00f3 m\u00e1s en contener a peque\u00f1os grupos de extrema derecha que en reprimir la marcha.<\/p>\n<p>A pesar de las amenazas, el ambiente fue predominantemente festivo. Pancartas con mensajes como \u201cFreedom or Ban\u201d (un juego de palabras con el apellido de Orb\u00e1n) y banderas arco\u00edris llenaron las calles, acompa\u00f1adas por m\u00fasica y disfraces que reflejaban la diversidad de la comunidad LGTBIQ+. \u201cNo tenemos miedo de las multas, esto es un evento del ayuntamiento\u201d, afirm\u00f3 Andrea, una manifestante de 50 a\u00f1os, a <em>EFE<\/em>. Una joven universitaria, citada por el mismo medio, expres\u00f3 su deseo de que Hungr\u00eda no siga el camino de Rusia: \u201cQueremos ser libres, no una regi\u00f3n de Putin\u201d.<\/p>\n<h2>Solidaridad internacional: un respaldo sin precedentes<\/h2>\n<p>La marcha de 2025 destac\u00f3 por su dimensi\u00f3n internacional. M\u00e1s de 70 eurodiputados de grupos como Socialistas y Dem\u00f3cratas, Los Verdes, Renew Europe y La Izquierda, junto a representantes de una treintena de pa\u00edses, acudieron a Budapest para mostrar su apoyo. Entre ellos, figuras como la vicepresidenta segunda del gobierno espa\u00f1ol, Yolanda D\u00edaz, el ministro de Cultura, Ernest Urtasun, y el alcalde de Barcelona, Jaume Collboni, se unieron a la protesta. La delegaci\u00f3n espa\u00f1ola tambi\u00e9n incluy\u00f3 a la exalcaldesa de Barcelona, Ada Colau, la eurodiputada Irene Montero y una representaci\u00f3n del Parlament de Catalunya con miembros de PSC, ERC, Junts y Comuns. Desde la Comisi\u00f3n Europea, la comisaria de Igualdad, Hadja Lahbib, y la presidenta Ursula von der Leyen expresaron su respaldo, calificando la libertad de manifestaci\u00f3n como un pilar fundamental de la Uni\u00f3n Europea.<\/p>\n<p>\u201cEstamos luchando por el alma de Europa\u201d, declar\u00f3 Yolanda D\u00edaz, seg\u00fan <em>El Pa\u00eds<\/em>, destacando la necesidad de una \u201cinternacional de la esperanza\u201d frente a la \u201cinternacional del odio\u201d representada por Orb\u00e1n. Collboni, por su parte, alert\u00f3 sobre el riesgo de que prohibiciones como la de Budapest se repliquen en otras ciudades europeas, subrayando que \u201clas ciudades son los bastiones de resistencia contra la ola reaccionaria\u201d. La presencia de activistas como Greta Thunberg y representantes de Amnist\u00eda Internacional, la Sociedad H\u00e1tt\u00e9r y el Comit\u00e9 de Helsinki H\u00fangaro reforz\u00f3 el car\u00e1cter global de la movilizaci\u00f3n.<\/p>\n<h2>Contramanifestaciones ultras: una amenaza contenida<\/h2>\n<p>El temor a enfrentamientos con grupos de extrema derecha era palpable. El partido Mi Haz\u00e1nk y el Movimiento Juvenil de los 64 Condados (HVIM), conocidos por su ret\u00f3rica hom\u00f3foba, convocaron contramanifestaciones autorizadas por la polic\u00eda en puntos clave del recorrido, como el puente de la Libertad. Un peque\u00f1o grupo ultracristiano tambi\u00e9n se present\u00f3 al inicio de la marcha con proclamas hom\u00f3fobas, pero la r\u00e1pida intervenci\u00f3n policial evit\u00f3 incidentes mayores. Seg\u00fan <em>El Mundo<\/em>, los contramanifestantes fueron mantenidos a raya, y la marcha transcurri\u00f3 sin altercados significativos, aunque un manifestante ultra intent\u00f3 acercarse a la cabecera del desfile, siendo r\u00e1pidamente contenido.<\/p>\n<p>El diputado de Mi Haz\u00e1nk, El\u0151d Nov\u00e1k, calific\u00f3 el Orgullo como un \u201cmovimiento pol\u00edtico agresivo\u201d, pero la escasa participaci\u00f3n en las contramanifestaciones \u2013apenas unas decenas de personas, seg\u00fan <em>El Confidencial<\/em>\u2013 contrast\u00f3 con la masiva afluencia al Pride. La organizaci\u00f3n del evento, liderada por figuras como Vikt\u00f3ria Radv\u00e1nyi, directora del Budapest Pride, destac\u00f3 que la marcha no solo defend\u00eda los derechos LGTBIQ+, sino tambi\u00e9n la libertad de expresi\u00f3n y los valores democr\u00e1ticos en un contexto de creciente autoritarismo.<\/p>\n<h2>Un contexto de retroceso en derechos<\/h2>\n<p>La prohibici\u00f3n del Orgullo se inscribe en un proceso de regresi\u00f3n de derechos LGTBIQ+ en Hungr\u00eda. Desde 2020, el gobierno de Orb\u00e1n ha implementado medidas como la prohibici\u00f3n de adopciones por parejas del mismo sexo, la imposibilidad de cambiar el sexo legal para personas trans y la \u201cLey de Propaganda\u201d de 2021, que limita la representaci\u00f3n LGTBIQ+ en medios y espacios p\u00fablicos. Estas pol\u00edticas, inspiradas en la legislaci\u00f3n rusa, han sido criticadas por la Comisi\u00f3n Europea, que ha iniciado un procedimiento sancionador contra Hungr\u00eda, con un fallo pendiente en el Tribunal de Justicia de la UE.<\/p>\n<p>La marcha de 2025, descrita por los organizadores como la m\u00e1s multitudinaria en tres d\u00e9cadas, fue un acto de desaf\u00edo colectivo. M\u00e1t\u00e9 Heged\u00fcs, portavoz del Budapest Pride, la calific\u00f3 como \u201cuno de los hitos m\u00e1s importantes para la comunidad LGTBIQ+\u201d en el pa\u00eds. La masiva participaci\u00f3n, estimada en hasta 200.000 personas por los organizadores, super\u00f3 todas las expectativas y reflej\u00f3 el rechazo de la ciudadan\u00eda a las pol\u00edticas de Orb\u00e1n. Una encuesta de <em>Publicus<\/em> citada por <em>Sport.es<\/em> revel\u00f3 que el 78% de los habitantes de Budapest se opon\u00eda a la prohibici\u00f3n de la marcha.<\/p>\n<h2>Un s\u00edmbolo de esperanza y resistencia<\/h2>\n<p>La marcha culmin\u00f3 en el muelle Megyetem rakpart con discursos y actuaciones musicales que reforzaron el mensaje de resistencia. \u201cEste s\u00e1bado o todos somos libres o nadie lo ser\u00e1\u201d, afirm\u00f3 el alcalde Kar\u00e1csony, quien encabez\u00f3 el desfile junto a l\u00edderes internacionales. La imagen de miles de personas cruzando el puente Erzs\u00e9bet, abarrotado de banderas arco\u00edris, se convirti\u00f3 en un s\u00edmbolo ic\u00f3nico de la jornada, ampliamente compartido en redes sociales y medios como <em>Reuters<\/em> y <em>EFE<\/em>.<\/p>\n<p>La presencia de figuras internacionales no solo dio visibilidad al evento, sino que tambi\u00e9n puso en entredicho las restricciones de Orb\u00e1n. \u201cSi el gobierno h\u00fangaro puede prohibir a las personas LGTBIQ+ marchar por sus derechos, puede suceder en otras partes de la UE\u201d, advirti\u00f3 Vikt\u00f3ria Radv\u00e1nyi, se\u00f1alando casos similares en Bulgaria y Eslovaquia. La cobertura medi\u00e1tica, tanto en Europa como en Espa\u00f1a, destac\u00f3 la dimensi\u00f3n hist\u00f3rica de la protesta, que trascendi\u00f3 las reivindicaciones LGTBIQ+ para convertirse en una defensa de los derechos humanos y la democracia.<\/p>\n<h2>Un mensaje para el futuro<\/h2>\n<p>La marcha del Orgullo de Budapest 2025 no solo fue una celebraci\u00f3n de la diversidad, sino tambi\u00e9n un recordatorio de que los derechos no est\u00e1n garantizados. En un contexto de creciente polarizaci\u00f3n en Europa, el evento se erigi\u00f3 como un faro de resistencia frente a los retrocesos democr\u00e1ticos. Como se\u00f1al\u00f3 la eurodiputada finlandesa Li Andersson, \u201cesto no es solo sobre el Orgullo, sino sobre los derechos fundamentales de todos\u201d. La solidaridad internacional, la valent\u00eda de los manifestantes y el respaldo del alcalde Kar\u00e1csony demostraron que, incluso bajo amenazas, la lucha por la igualdad no se detendr\u00e1.<\/p>","protected":false},"excerpt":{"rendered":"<p>Un nou bloc organitzat amb el Sindicat d\u2019Habitatge Socialista de l\u2019Eixample exigeix la renovaci\u00f3 de tots els contractes de lloguer<\/p>","protected":false},"author":3,"featured_media":65606,"comment_status":"closed","ping_status":"closed","sticky":false,"template":"","format":"standard","meta":{"footnotes":""},"categories":[57],"tags":[],"class_list":["post-65605","post","type-post","status-publish","format-standard","has-post-thumbnail","hentry","category-global"],"yoast_head":"<!-- This site is optimized with the Yoast SEO plugin v27.5 - https:\/\/yoast.com\/product\/yoast-seo-wordpress\/ -->\n<title>Budapest desaf\u00eda a Orb\u00e1n con una hist\u00f3rica marcha del Orgullo LGTBIQ+ - Revista Rambla<\/title>\n<meta name=\"robots\" content=\"index, follow, max-snippet:-1, max-image-preview:large, max-video-preview:-1\" \/>\n<link rel=\"canonical\" href=\"https:\/\/www.revistarambla.com\/en\/budapest-desafia-a-orban-con-una-historica-marcha-del-orgullo-lgtbiq\/\" \/>\n<meta property=\"og:locale\" content=\"en_GB\" \/>\n<meta property=\"og:type\" content=\"article\" \/>\n<meta property=\"og:title\" content=\"Budapest desaf\u00eda a Orb\u00e1n con una hist\u00f3rica marcha del Orgullo LGTBIQ+ - Revista Rambla\" \/>\n<meta property=\"og:description\" content=\"Un nou bloc organitzat amb el Sindicat d\u2019Habitatge Socialista de l\u2019Eixample exigeix la renovaci\u00f3 de tots els contractes de lloguer\" \/>\n<meta property=\"og:url\" content=\"https:\/\/www.revistarambla.com\/en\/budapest-desafia-a-orban-con-una-historica-marcha-del-orgullo-lgtbiq\/\" \/>\n<meta property=\"og:site_name\" content=\"Revista Rambla\" \/>\n<meta property=\"article:publisher\" content=\"https:\/\/www.facebook.com\/revistarambla\/\" \/>\n<meta property=\"article:author\" content=\"https:\/\/www.facebook.com\/revistarambla\" \/>\n<meta property=\"article:published_time\" content=\"2025-06-29T09:29:16+00:00\" \/>\n<meta property=\"og:image\" content=\"https:\/\/www.revistarambla.com\/wp-content\/uploads\/2025\/06\/16644590.jpg\" \/>\n\t<meta property=\"og:image:width\" content=\"1600\" \/>\n\t<meta property=\"og:image:height\" content=\"900\" \/>\n\t<meta property=\"og:image:type\" content=\"image\/jpeg\" \/>\n<meta name=\"author\" content=\"R@mbla\" \/>\n<meta name=\"twitter:card\" content=\"summary_large_image\" \/>\n<meta name=\"twitter:creator\" content=\"@revistarambla\" \/>\n<meta name=\"twitter:site\" content=\"@revistarambla\" \/>\n<meta name=\"twitter:label1\" content=\"Written by\" \/>\n\t<meta name=\"twitter:data1\" content=\"R@mbla\" \/>\n\t<meta name=\"twitter:label2\" content=\"Estimated reading time\" \/>\n\t<meta name=\"twitter:data2\" content=\"7 minutes\" \/>\n<script type=\"application\/ld+json\" class=\"yoast-schema-graph\">{\"@context\":\"https:\\\/\\\/schema.org\",\"@graph\":[{\"@type\":\"Article\",\"@id\":\"https:\\\/\\\/www.revistarambla.com\\\/budapest-desafia-a-orban-con-una-historica-marcha-del-orgullo-lgtbiq\\\/#article\",\"isPartOf\":{\"@id\":\"https:\\\/\\\/www.revistarambla.com\\\/budapest-desafia-a-orban-con-una-historica-marcha-del-orgullo-lgtbiq\\\/\"},\"author\":{\"name\":\"R@mbla\",\"@id\":\"https:\\\/\\\/www.revistarambla.com\\\/#\\\/schema\\\/person\\\/a146a5a2550b94981a75131180e1bd9c\"},\"headline\":\"Budapest desaf\u00eda a Orb\u00e1n con una hist\u00f3rica marcha del Orgullo LGTBIQ+\",\"datePublished\":\"2025-06-29T09:29:16+00:00\",\"mainEntityOfPage\":{\"@id\":\"https:\\\/\\\/www.revistarambla.com\\\/budapest-desafia-a-orban-con-una-historica-marcha-del-orgullo-lgtbiq\\\/\"},\"wordCount\":1472,\"publisher\":{\"@id\":\"https:\\\/\\\/www.revistarambla.com\\\/#organization\"},\"image\":{\"@id\":\"https:\\\/\\\/www.revistarambla.com\\\/budapest-desafia-a-orban-con-una-historica-marcha-del-orgullo-lgtbiq\\\/#primaryimage\"},\"thumbnailUrl\":\"https:\\\/\\\/www.revistarambla.com\\\/wp-content\\\/uploads\\\/2025\\\/06\\\/16644590.jpg\",\"articleSection\":[\"Global\"],\"inLanguage\":\"en-GB\"},{\"@type\":\"WebPage\",\"@id\":\"https:\\\/\\\/www.revistarambla.com\\\/budapest-desafia-a-orban-con-una-historica-marcha-del-orgullo-lgtbiq\\\/\",\"url\":\"https:\\\/\\\/www.revistarambla.com\\\/budapest-desafia-a-orban-con-una-historica-marcha-del-orgullo-lgtbiq\\\/\",\"name\":\"Budapest desaf\u00eda a Orb\u00e1n con una hist\u00f3rica marcha del Orgullo LGTBIQ+ - Revista Rambla\",\"isPartOf\":{\"@id\":\"https:\\\/\\\/www.revistarambla.com\\\/#website\"},\"primaryImageOfPage\":{\"@id\":\"https:\\\/\\\/www.revistarambla.com\\\/budapest-desafia-a-orban-con-una-historica-marcha-del-orgullo-lgtbiq\\\/#primaryimage\"},\"image\":{\"@id\":\"https:\\\/\\\/www.revistarambla.com\\\/budapest-desafia-a-orban-con-una-historica-marcha-del-orgullo-lgtbiq\\\/#primaryimage\"},\"thumbnailUrl\":\"https:\\\/\\\/www.revistarambla.com\\\/wp-content\\\/uploads\\\/2025\\\/06\\\/16644590.jpg\",\"datePublished\":\"2025-06-29T09:29:16+00:00\",\"breadcrumb\":{\"@id\":\"https:\\\/\\\/www.revistarambla.com\\\/budapest-desafia-a-orban-con-una-historica-marcha-del-orgullo-lgtbiq\\\/#breadcrumb\"},\"inLanguage\":\"en-GB\",\"potentialAction\":[{\"@type\":\"ReadAction\",\"target\":[\"https:\\\/\\\/www.revistarambla.com\\\/budapest-desafia-a-orban-con-una-historica-marcha-del-orgullo-lgtbiq\\\/\"]}]},{\"@type\":\"ImageObject\",\"inLanguage\":\"en-GB\",\"@id\":\"https:\\\/\\\/www.revistarambla.com\\\/budapest-desafia-a-orban-con-una-historica-marcha-del-orgullo-lgtbiq\\\/#primaryimage\",\"url\":\"https:\\\/\\\/www.revistarambla.com\\\/wp-content\\\/uploads\\\/2025\\\/06\\\/16644590.jpg\",\"contentUrl\":\"https:\\\/\\\/www.revistarambla.com\\\/wp-content\\\/uploads\\\/2025\\\/06\\\/16644590.jpg\",\"width\":1600,\"height\":900,\"caption\":\"orgullo budapest\"},{\"@type\":\"BreadcrumbList\",\"@id\":\"https:\\\/\\\/www.revistarambla.com\\\/budapest-desafia-a-orban-con-una-historica-marcha-del-orgullo-lgtbiq\\\/#breadcrumb\",\"itemListElement\":[{\"@type\":\"ListItem\",\"position\":1,\"name\":\"Portada\",\"item\":\"https:\\\/\\\/www.revistarambla.com\\\/\"},{\"@type\":\"ListItem\",\"position\":2,\"name\":\"Budapest desaf\u00eda a Orb\u00e1n con una hist\u00f3rica marcha del Orgullo LGTBIQ+\"}]},{\"@type\":\"WebSite\",\"@id\":\"https:\\\/\\\/www.revistarambla.com\\\/#website\",\"url\":\"https:\\\/\\\/www.revistarambla.com\\\/\",\"name\":\"Revista Rambla Barcelona\",\"description\":\"Periodismo independiente\",\"publisher\":{\"@id\":\"https:\\\/\\\/www.revistarambla.com\\\/#organization\"},\"potentialAction\":[{\"@type\":\"SearchAction\",\"target\":{\"@type\":\"EntryPoint\",\"urlTemplate\":\"https:\\\/\\\/www.revistarambla.com\\\/?s={search_term_string}\"},\"query-input\":{\"@type\":\"PropertyValueSpecification\",\"valueRequired\":true,\"valueName\":\"search_term_string\"}}],\"inLanguage\":\"en-GB\"},{\"@type\":\"Organization\",\"@id\":\"https:\\\/\\\/www.revistarambla.com\\\/#organization\",\"name\":\"Revista Rambla\",\"url\":\"https:\\\/\\\/www.revistarambla.com\\\/\",\"logo\":{\"@type\":\"ImageObject\",\"inLanguage\":\"en-GB\",\"@id\":\"https:\\\/\\\/www.revistarambla.com\\\/#\\\/schema\\\/logo\\\/image\\\/\",\"url\":\"https:\\\/\\\/www.revistarambla.com\\\/wp-content\\\/uploads\\\/2020\\\/09\\\/banner_rambla_1900x600_BB.png\",\"contentUrl\":\"https:\\\/\\\/www.revistarambla.com\\\/wp-content\\\/uploads\\\/2020\\\/09\\\/banner_rambla_1900x600_BB.png\",\"width\":1900,\"height\":600,\"caption\":\"Revista Rambla\"},\"image\":{\"@id\":\"https:\\\/\\\/www.revistarambla.com\\\/#\\\/schema\\\/logo\\\/image\\\/\"},\"sameAs\":[\"https:\\\/\\\/www.facebook.com\\\/revistarambla\\\/\",\"https:\\\/\\\/x.com\\\/revistarambla\",\"https:\\\/\\\/www.instagram.com\\\/revista_rambla\",\"https:\\\/\\\/es.linkedin.com\\\/company\\\/revista-rambla\"]},{\"@type\":\"Person\",\"@id\":\"https:\\\/\\\/www.revistarambla.com\\\/#\\\/schema\\\/person\\\/a146a5a2550b94981a75131180e1bd9c\",\"name\":\"R@mbla\",\"description\":\"Este art\u00edculo ha sido redactado y\\\/o validado por el equipo de redacci\u00f3n de Revista Rambla.\",\"sameAs\":[\"https:\\\/\\\/www.revistarambla.com\\\/\",\"https:\\\/\\\/www.facebook.com\\\/revistarambla\",\"https:\\\/\\\/x.com\\\/revistarambla\"]}]}<\/script>\n<!-- \/ Yoast SEO plugin. -->","yoast_head_json":{"title":"Budapest desaf\u00eda a Orb\u00e1n con una hist\u00f3rica marcha del Orgullo LGTBIQ+ - Revista Rambla","robots":{"index":"index","follow":"follow","max-snippet":"max-snippet:-1","max-image-preview":"max-image-preview:large","max-video-preview":"max-video-preview:-1"},"canonical":"https:\/\/www.revistarambla.com\/en\/budapest-desafia-a-orban-con-una-historica-marcha-del-orgullo-lgtbiq\/","og_locale":"en_GB","og_type":"article","og_title":"Budapest desaf\u00eda a Orb\u00e1n con una hist\u00f3rica marcha del Orgullo LGTBIQ+ - Revista Rambla","og_description":"Un nou bloc organitzat amb el Sindicat d\u2019Habitatge Socialista de l\u2019Eixample exigeix la renovaci\u00f3 de tots els contractes de lloguer","og_url":"https:\/\/www.revistarambla.com\/en\/budapest-desafia-a-orban-con-una-historica-marcha-del-orgullo-lgtbiq\/","og_site_name":"Revista Rambla","article_publisher":"https:\/\/www.facebook.com\/revistarambla\/","article_author":"https:\/\/www.facebook.com\/revistarambla","article_published_time":"2025-06-29T09:29:16+00:00","og_image":[{"width":1600,"height":900,"url":"https:\/\/www.revistarambla.com\/wp-content\/uploads\/2025\/06\/16644590.jpg","type":"image\/jpeg"}],"author":"R@mbla","twitter_card":"summary_large_image","twitter_creator":"@revistarambla","twitter_site":"@revistarambla","twitter_misc":{"Written by":"R@mbla","Estimated reading time":"7 minutes"},"schema":{"@context":"https:\/\/schema.org","@graph":[{"@type":"Article","@id":"https:\/\/www.revistarambla.com\/budapest-desafia-a-orban-con-una-historica-marcha-del-orgullo-lgtbiq\/#article","isPartOf":{"@id":"https:\/\/www.revistarambla.com\/budapest-desafia-a-orban-con-una-historica-marcha-del-orgullo-lgtbiq\/"},"author":{"name":"R@mbla","@id":"https:\/\/www.revistarambla.com\/#\/schema\/person\/a146a5a2550b94981a75131180e1bd9c"},"headline":"Budapest desaf\u00eda a Orb\u00e1n con una hist\u00f3rica marcha del Orgullo LGTBIQ+","datePublished":"2025-06-29T09:29:16+00:00","mainEntityOfPage":{"@id":"https:\/\/www.revistarambla.com\/budapest-desafia-a-orban-con-una-historica-marcha-del-orgullo-lgtbiq\/"},"wordCount":1472,"publisher":{"@id":"https:\/\/www.revistarambla.com\/#organization"},"image":{"@id":"https:\/\/www.revistarambla.com\/budapest-desafia-a-orban-con-una-historica-marcha-del-orgullo-lgtbiq\/#primaryimage"},"thumbnailUrl":"https:\/\/www.revistarambla.com\/wp-content\/uploads\/2025\/06\/16644590.jpg","articleSection":["Global"],"inLanguage":"en-GB"},{"@type":"WebPage","@id":"https:\/\/www.revistarambla.com\/budapest-desafia-a-orban-con-una-historica-marcha-del-orgullo-lgtbiq\/","url":"https:\/\/www.revistarambla.com\/budapest-desafia-a-orban-con-una-historica-marcha-del-orgullo-lgtbiq\/","name":"Budapest desaf\u00eda a Orb\u00e1n con una hist\u00f3rica marcha del Orgullo LGTBIQ+ - Revista Rambla","isPartOf":{"@id":"https:\/\/www.revistarambla.com\/#website"},"primaryImageOfPage":{"@id":"https:\/\/www.revistarambla.com\/budapest-desafia-a-orban-con-una-historica-marcha-del-orgullo-lgtbiq\/#primaryimage"},"image":{"@id":"https:\/\/www.revistarambla.com\/budapest-desafia-a-orban-con-una-historica-marcha-del-orgullo-lgtbiq\/#primaryimage"},"thumbnailUrl":"https:\/\/www.revistarambla.com\/wp-content\/uploads\/2025\/06\/16644590.jpg","datePublished":"2025-06-29T09:29:16+00:00","breadcrumb":{"@id":"https:\/\/www.revistarambla.com\/budapest-desafia-a-orban-con-una-historica-marcha-del-orgullo-lgtbiq\/#breadcrumb"},"inLanguage":"en-GB","potentialAction":[{"@type":"ReadAction","target":["https:\/\/www.revistarambla.com\/budapest-desafia-a-orban-con-una-historica-marcha-del-orgullo-lgtbiq\/"]}]},{"@type":"ImageObject","inLanguage":"en-GB","@id":"https:\/\/www.revistarambla.com\/budapest-desafia-a-orban-con-una-historica-marcha-del-orgullo-lgtbiq\/#primaryimage","url":"https:\/\/www.revistarambla.com\/wp-content\/uploads\/2025\/06\/16644590.jpg","contentUrl":"https:\/\/www.revistarambla.com\/wp-content\/uploads\/2025\/06\/16644590.jpg","width":1600,"height":900,"caption":"orgullo budapest"},{"@type":"BreadcrumbList","@id":"https:\/\/www.revistarambla.com\/budapest-desafia-a-orban-con-una-historica-marcha-del-orgullo-lgtbiq\/#breadcrumb","itemListElement":[{"@type":"ListItem","position":1,"name":"Portada","item":"https:\/\/www.revistarambla.com\/"},{"@type":"ListItem","position":2,"name":"Budapest desaf\u00eda a Orb\u00e1n con una hist\u00f3rica marcha del Orgullo LGTBIQ+"}]},{"@type":"WebSite","@id":"https:\/\/www.revistarambla.com\/#website","url":"https:\/\/www.revistarambla.com\/","name":"Revista Rambla Barcelona","description":"Periodismo independiente","publisher":{"@id":"https:\/\/www.revistarambla.com\/#organization"},"potentialAction":[{"@type":"SearchAction","target":{"@type":"EntryPoint","urlTemplate":"https:\/\/www.revistarambla.com\/?s={search_term_string}"},"query-input":{"@type":"PropertyValueSpecification","valueRequired":true,"valueName":"search_term_string"}}],"inLanguage":"en-GB"},{"@type":"Organization","@id":"https:\/\/www.revistarambla.com\/#organization","name":"Revista Rambla","url":"https:\/\/www.revistarambla.com\/","logo":{"@type":"ImageObject","inLanguage":"en-GB","@id":"https:\/\/www.revistarambla.com\/#\/schema\/logo\/image\/","url":"https:\/\/www.revistarambla.com\/wp-content\/uploads\/2020\/09\/banner_rambla_1900x600_BB.png","contentUrl":"https:\/\/www.revistarambla.com\/wp-content\/uploads\/2020\/09\/banner_rambla_1900x600_BB.png","width":1900,"height":600,"caption":"Revista Rambla"},"image":{"@id":"https:\/\/www.revistarambla.com\/#\/schema\/logo\/image\/"},"sameAs":["https:\/\/www.facebook.com\/revistarambla\/","https:\/\/x.com\/revistarambla","https:\/\/www.instagram.com\/revista_rambla","https:\/\/es.linkedin.com\/company\/revista-rambla"]},{"@type":"Person","@id":"https:\/\/www.revistarambla.com\/#\/schema\/person\/a146a5a2550b94981a75131180e1bd9c","name":"R@mbla","description":"Este art\u00edculo ha sido redactado y\/o validado por el equipo de redacci\u00f3n de Revista Rambla.","sameAs":["https:\/\/www.revistarambla.com\/","https:\/\/www.facebook.com\/revistarambla","https:\/\/x.com\/revistarambla"]}]}},"_links":{"self":[{"href":"https:\/\/www.revistarambla.com\/en\/wp-json\/wp\/v2\/posts\/65605","targetHints":{"allow":["GET"]}}],"collection":[{"href":"https:\/\/www.revistarambla.com\/en\/wp-json\/wp\/v2\/posts"}],"about":[{"href":"https:\/\/www.revistarambla.com\/en\/wp-json\/wp\/v2\/types\/post"}],"author":[{"embeddable":true,"href":"https:\/\/www.revistarambla.com\/en\/wp-json\/wp\/v2\/users\/3"}],"replies":[{"embeddable":true,"href":"https:\/\/www.revistarambla.com\/en\/wp-json\/wp\/v2\/comments?post=65605"}],"version-history":[{"count":1,"href":"https:\/\/www.revistarambla.com\/en\/wp-json\/wp\/v2\/posts\/65605\/revisions"}],"predecessor-version":[{"id":65607,"href":"https:\/\/www.revistarambla.com\/en\/wp-json\/wp\/v2\/posts\/65605\/revisions\/65607"}],"wp:featuredmedia":[{"embeddable":true,"href":"https:\/\/www.revistarambla.com\/en\/wp-json\/wp\/v2\/media\/65606"}],"wp:attachment":[{"href":"https:\/\/www.revistarambla.com\/en\/wp-json\/wp\/v2\/media?parent=65605"}],"wp:term":[{"taxonomy":"category","embeddable":true,"href":"https:\/\/www.revistarambla.com\/en\/wp-json\/wp\/v2\/categories?post=65605"},{"taxonomy":"post_tag","embeddable":true,"href":"https:\/\/www.revistarambla.com\/en\/wp-json\/wp\/v2\/tags?post=65605"}],"curies":[{"name":"wp","href":"https:\/\/api.w.org\/{rel}","templated":true}]}}