{"id":65599,"date":"2025-06-28T10:53:54","date_gmt":"2025-06-28T08:53:54","guid":{"rendered":"https:\/\/www.revistarambla.com\/?p=65599"},"modified":"2025-06-28T10:53:54","modified_gmt":"2025-06-28T08:53:54","slug":"el-lado-oscuro-de-la-voluntad-el-antimesias-la-mentira-gloriosa-y-la-redencion-silenciosa","status":"publish","type":"post","link":"https:\/\/www.revistarambla.com\/en\/el-lado-oscuro-de-la-voluntad-el-antimesias-la-mentira-gloriosa-y-la-redencion-silenciosa\/","title":{"rendered":"El lado oscuro de la voluntad: el Antimes\u00edas, la mentira gloriosa y la redenci\u00f3n silenciosa"},"content":{"rendered":"<p>Cuando despert\u00f3 la boa que se hab\u00eda comido al elefante segu\u00eda all\u00ed. Algunas fotograf\u00edas en blanco y negro de la exposici\u00f3n sorteaban la silueta y pod\u00edan verse, y las otras hicieron que el Principito tuviera que poner las ideas claras sobre el gobierno de su asteroide.<\/p>\n<h1><b>El espejismo de la voluntad<\/b><\/h1>\n<p>La voluntad ha sido celebrada como una virtud. \u201cQuerer es poder\u201d, dicen, y lo repiten tantos que parece verdad. Pero \u00bfqu\u00e9 ocurre cuando la voluntad se convierte en m\u00e1scara? Cuando el deseo de lograr se convierte en necesidad de aparentar. Ah\u00ed, justo en ese abismo, nace el lado oscuro de la voluntad.<\/p>\n<p>El autoenga\u00f1o es su combustible. Nos contamos que somos disciplinados cuando en realidad obedecemos a la imagen que queremos proyectar. Creemos que hemos ganado batallas internas cuando simplemente nos hemos distra\u00eddo con conquistas externas.<\/p>\n<p>En este terreno ambiguo, la obediencia a uno mismo \u2014no a los caprichos, sino a una autocr\u00edtica l\u00facida\u2014 se vuelve una frontera \u00e9tica. No se trata de negarse a actuar, sino de aprender a detenerse antes de creerse omnipotente. All\u00ed empieza la verdadera libertad: cuando uno se reconoce falible.<\/p>\n<h1><b>Las redes: los pescadores de las marismas<\/b><\/h1>\n<p>En una imagen de Atin Aya, un pescador de las marismas extiende con paciencia sus redes, bajo un cielo plomizo que refleja la quietud ominosa de un p\u00e1ramo. No busca aplausos ni grandes conquistas; simplemente cumple su labor ancestral, en armon\u00eda con un ciclo que no necesita ser interrumpido por falsas victorias.<\/p>\n<p>Estos hombres y mujeres trabajan la tierra y el agua con humildad, sin af\u00e1n de protagonismo. No hay espect\u00e1culos en sus d\u00edas, ni necesidad de simular poder. La voluntad de estos pescadores es silenciosa y aut\u00e9ntica, un recordatorio de que la verdadera fuerza reside en la constancia y el respeto por el entorno.<\/p>\n<h1><b>Origen del Mes\u00edas: un anhelo de liberaci\u00f3n y la limitaci\u00f3n del poder terrenal<\/b><\/h1>\n<p>La palabra \u201cmes\u00edas\u201d proviene del hebreo mash\u00edaj, que significa \u201cungido\u201d. En la tradici\u00f3n antigua, el mes\u00edas era un rey o sacerdote ungido para un prop\u00f3sito divino. El anhelo de un nuevo rey David surgi\u00f3 en un tiempo en que el pueblo elegido no pod\u00eda recuperar su independencia, pues estaba bajo el dominio de una potencia extranjera. El mes\u00edas era la esperanza de liberaci\u00f3n y justicia, un l\u00edder leg\u00edtimo que devolver\u00eda la autonom\u00eda y restaurar\u00eda el orden.<\/p>\n<p>Sin embargo, este mes\u00edas idealizado no siempre lleg\u00f3 o no pudo cumplir ese rol pol\u00edtico, ya que las circunstancias externas imped\u00edan la soberan\u00eda real. As\u00ed, la figura del mes\u00edas se convirti\u00f3 en un s\u00edmbolo m\u00e1s profundo: no solo un l\u00edder temporal, sino un signo de esperanza y redenci\u00f3n.<\/p>\n<h1><b>El Antimes\u00edas: el emperador de la ilusi\u00f3n<\/b><\/h1>\n<p>En un futuro impensablemente cercano, el Imperio Romano ha sido restaurado. Es un r\u00e9gimen hipermedi\u00e1tico, donde la guerra es espect\u00e1culo y el enemigo, un actor pactado. En el centro de todo, reina el Antimes\u00edas: el hombre m\u00e1s poderoso del mundo.<\/p>\n<p>No es solo emperador, es performer absoluto. Como una mezcla grotesca entre Cal\u00edgula y Ner\u00f3n, el Antimes\u00edas organiza guerras televisadas, cuidadosamente acordadas con sus enemigos. Cada batalla es un show. Cada victoria, una mentira cuidadosamente editada. La sangre es ketchup, los h\u00e9roes son figurantes. Pero el pueblo, sediento de gloria, aplaude.<\/p>\n<p>Este personaje no necesita vencer: necesita que todos crean que lo hizo. Su voluntad no construye, sino que finge. Vive preso de su protagonismo, adicto al reflector, incapaz de tolerar el silencio o la verdad. Ha creado un imperio donde lo real ya no importa. Solo cuenta la percepci\u00f3n.<\/p>\n<h1><b>La cosecha: campesinos en las marismas<\/b><\/h1>\n<p>Atin Aya retrata a un grupo de campesinos recolectando frutos de la tierra oscura y salina de las marismas. Sus rostros no buscan brillar en p\u00fablico ni sus historias desean ser contadas en grandes escenarios. Su autenticidad radica en la conexi\u00f3n con la tierra, en la honestidad de sus manos callosas y en la aceptaci\u00f3n humilde de sus l\u00edmites.<\/p>\n<p>Mientras el Antimes\u00edas se consume en la b\u00fasqueda de un protagonismo vac\u00edo, estos campesinos representan la voluntad verdadera: un hacer silencioso y concreto, sin necesidad de aplausos ni falsas conquistas. La fuerza est\u00e1 en la comunidad, en la solidaridad, no en la ilusi\u00f3n individual de poder.<\/p>\n<h1><b>La peque\u00f1a oligarqu\u00eda detr\u00e1s del trono<\/b><\/h1>\n<p>Pero la gran farsa tiene sus verdaderos titiriteros. Una peque\u00f1a oligarqu\u00eda de poderosos, invisibles a las c\u00e1maras y a los discursos, es la que realmente gobierna. Son ellos quienes manipulan los hilos del Imperio, usando al Antimes\u00edas como una marioneta para mantener el control social y econ\u00f3mico.<\/p>\n<p>Parad\u00f3jicamente, ese emperador que parece due\u00f1o del mundo, no manda ni en su propia casa. Est\u00e1 encerrado en su burbuja de fama y falsas victorias, ignorante del juego real que se despliega tras bambalinas. La voluntad individual, por muy intensa que sea, queda reducida a un espect\u00e1culo para entretener a las masas y distraerlas de la verdad.<\/p>\n<h1><b>El taller: los obreros del imperio<\/b><\/h1>\n<p>Otra fotograf\u00eda de Atin Aya muestra a un obrero suspendido en la estructura de una f\u00e1brica en ruinas, con un rostro que no necesita discursos ni poses para expresar dignidad y esfuerzo. En medio del p\u00e1ramo industrial, lejos de los reflectores, estos hombres y mujeres trabajan no para el espect\u00e1culo sino para la supervivencia y la continuidad.<\/p>\n<p>Son ellos quienes sostienen en realidad el imperio, con una voluntad aut\u00e9ntica, aunque an\u00f3nima. Mientras la \u00e9lite manipula la imagen, los obreros son el fundamento, el pulso oculto que resiste bajo la m\u00e1scara del poder.<\/p>\n<h1><b>La adicci\u00f3n al poder y al protagonismo<\/b><\/h1>\n<p>El Antimes\u00edas no es solo un hombre. Es un s\u00edntoma. Una advertencia.<\/p>\n<p>El poder, como una droga, genera tolerancia: siempre se necesita m\u00e1s para sentir lo mismo. El protagonismo, por su parte, exige constantemente m\u00e1s audiencia, m\u00e1s drama, m\u00e1s invenci\u00f3n. As\u00ed, quienes lo detentan se vuelven esclavos de su imagen, y ya no act\u00faan para transformar la realidad, sino para sostener la narrativa de que ya lo hicieron.<\/p>\n<p>En este ciclo, el poder deja de ser una herramienta de cambio y se convierte en un teatro vac\u00edo. El precio: la verdad, la justicia, el alma.<\/p>\n<h1><b>El arte invisible y la restauraci\u00f3n de la verdad<\/b><\/h1>\n<p>Pero no todo est\u00e1 perdido. En las periferias del imperio, lejos de las pantallas y las plazas decoradas con hologramas, existe un hombre que nunca ha dicho una palabra en p\u00fablico. Es un fot\u00f3grafo. Sin firma ni nombre, viaja por aldeas, ruinas, campamentos y ciudades olvidadas retratando los rostros verdaderos del imperio: los ancianos, los ni\u00f1os, los mendigos, los obreros, las miradas sinceras, los cuerpos cansados.<\/p>\n<p>Cuando su obra comienza a circular an\u00f3nimamente, algo extra\u00f1o ocurre: la gente empieza a recordar. Las m\u00e1scaras se resquebrajan. Las im\u00e1genes conmueven, porque no quieren vender nada. Solo muestran.<\/p>\n<p>Y as\u00ed, como una grieta que se expande, el pueblo despierta. Cansados de ficciones grandilocuentes, regresan a lo humano, a lo tangible. Exigen participar, votar, pensar. El espect\u00e1culo cae, y la democracia \u2014no como sistema perfecto, sino como l\u00edmite saludable al ego\u2014 es reinstaurada.<\/p>\n<h1><b>Conclusi\u00f3n: el verdadero Mes\u00edas y el poder responsable<\/b><\/h1>\n<p>El verdadero Mes\u00edas no es exclusivo de un pueblo elegido ni s\u00edmbolo de dominaci\u00f3n pol\u00edtica. No es un conquistador ni un soberano terrenal. M\u00e1s bien, es un signo universal de esperanza, un llamado a la justicia y a la reconciliaci\u00f3n entre todos los pueblos.<\/p>\n<p>No desea gobernar, porque el poder que anhela es el poder de liberar, no de dominar. El Mes\u00edas aut\u00e9ntico encarna la representaci\u00f3n de la voluntad general, no la voluntad de unos pocos. Surge cuando el poder se somete a la cr\u00edtica y al bien com\u00fan, convirti\u00e9ndose en servicio y no en espect\u00e1culo.<\/p>\n<p>As\u00ed, el poder responsable nace de la obediencia a uno mismo, de la autocr\u00edtica, y del respeto a los l\u00edmites, con humildad para escuchar a los dem\u00e1s y cuidar la verdad.<\/p>\n<p>Recuperar el poder personal no es dominar el mundo, sino dejar de mentirse a uno mismo y abrirse al servicio de todos.<\/p>","protected":false},"excerpt":{"rendered":"<p>Cuando despert\u00f3 la boa que se hab\u00eda comido al elefante segu\u00eda all\u00ed. Algunas fotograf\u00edas en blanco y negro de la exposici\u00f3n sorteaban la silueta y pod\u00edan verse, y las otras hicieron que el Principito tuviera que poner las ideas claras sobre el gobierno de su asteroide. El espejismo de la [&hellip;]<\/p>\n","protected":false},"author":294,"featured_media":65600,"comment_status":"closed","ping_status":"closed","sticky":false,"template":"","format":"standard","meta":{"footnotes":""},"categories":[3908],"tags":[],"class_list":["post-65599","post","type-post","status-publish","format-standard","has-post-thumbnail","hentry","category-la-bodeguita-de-hemingway"],"yoast_head":"<!-- This site is optimized with the Yoast SEO plugin v27.5 - https:\/\/yoast.com\/product\/yoast-seo-wordpress\/ -->\n<title>El lado oscuro de la voluntad: el Antimes\u00edas, la mentira gloriosa y la redenci\u00f3n silenciosa - Revista Rambla<\/title>\n<meta name=\"robots\" content=\"index, follow, max-snippet:-1, max-image-preview:large, max-video-preview:-1\" \/>\n<link rel=\"canonical\" href=\"https:\/\/www.revistarambla.com\/en\/el-lado-oscuro-de-la-voluntad-el-antimesias-la-mentira-gloriosa-y-la-redencion-silenciosa\/\" \/>\n<meta property=\"og:locale\" content=\"en_GB\" \/>\n<meta property=\"og:type\" content=\"article\" \/>\n<meta property=\"og:title\" content=\"El lado oscuro de la voluntad: el Antimes\u00edas, la mentira gloriosa y la redenci\u00f3n silenciosa - Revista Rambla\" \/>\n<meta property=\"og:description\" content=\"Cuando despert\u00f3 la boa que se hab\u00eda comido al elefante segu\u00eda all\u00ed. Algunas fotograf\u00edas en blanco y negro de la exposici\u00f3n sorteaban la silueta y pod\u00edan verse, y las otras hicieron que el Principito tuviera que poner las ideas claras sobre el gobierno de su asteroide. El espejismo de la [&hellip;]\" \/>\n<meta property=\"og:url\" content=\"https:\/\/www.revistarambla.com\/en\/el-lado-oscuro-de-la-voluntad-el-antimesias-la-mentira-gloriosa-y-la-redencion-silenciosa\/\" \/>\n<meta property=\"og:site_name\" content=\"Revista Rambla\" \/>\n<meta property=\"article:publisher\" content=\"https:\/\/www.facebook.com\/revistarambla\/\" \/>\n<meta property=\"article:published_time\" content=\"2025-06-28T08:53:54+00:00\" \/>\n<meta property=\"og:image\" content=\"https:\/\/www.revistarambla.com\/wp-content\/uploads\/2025\/06\/el-principito-2-1024x693-1.jpg\" \/>\n\t<meta property=\"og:image:width\" content=\"1024\" \/>\n\t<meta property=\"og:image:height\" content=\"693\" \/>\n\t<meta property=\"og:image:type\" content=\"image\/jpeg\" \/>\n<meta name=\"author\" content=\"Jos\u00e9 Antonio Gamero Romero\" \/>\n<meta name=\"twitter:card\" content=\"summary_large_image\" \/>\n<meta name=\"twitter:creator\" content=\"@revistarambla\" \/>\n<meta name=\"twitter:site\" content=\"@revistarambla\" \/>\n<meta name=\"twitter:label1\" content=\"Written by\" \/>\n\t<meta name=\"twitter:data1\" content=\"Jos\u00e9 Antonio Gamero Romero\" \/>\n\t<meta name=\"twitter:label2\" content=\"Estimated reading time\" \/>\n\t<meta name=\"twitter:data2\" content=\"7 minutes\" \/>\n<script type=\"application\/ld+json\" class=\"yoast-schema-graph\">{\"@context\":\"https:\\\/\\\/schema.org\",\"@graph\":[{\"@type\":\"Article\",\"@id\":\"https:\\\/\\\/www.revistarambla.com\\\/el-lado-oscuro-de-la-voluntad-el-antimesias-la-mentira-gloriosa-y-la-redencion-silenciosa\\\/#article\",\"isPartOf\":{\"@id\":\"https:\\\/\\\/www.revistarambla.com\\\/el-lado-oscuro-de-la-voluntad-el-antimesias-la-mentira-gloriosa-y-la-redencion-silenciosa\\\/\"},\"author\":{\"name\":\"Jos\u00e9 Antonio Gamero Romero\",\"@id\":\"https:\\\/\\\/www.revistarambla.com\\\/#\\\/schema\\\/person\\\/94294f57cf4910853e3280fda7339bfc\"},\"headline\":\"El lado oscuro de la voluntad: el Antimes\u00edas, la mentira gloriosa y la redenci\u00f3n silenciosa\",\"datePublished\":\"2025-06-28T08:53:54+00:00\",\"mainEntityOfPage\":{\"@id\":\"https:\\\/\\\/www.revistarambla.com\\\/el-lado-oscuro-de-la-voluntad-el-antimesias-la-mentira-gloriosa-y-la-redencion-silenciosa\\\/\"},\"wordCount\":1442,\"publisher\":{\"@id\":\"https:\\\/\\\/www.revistarambla.com\\\/#organization\"},\"image\":{\"@id\":\"https:\\\/\\\/www.revistarambla.com\\\/el-lado-oscuro-de-la-voluntad-el-antimesias-la-mentira-gloriosa-y-la-redencion-silenciosa\\\/#primaryimage\"},\"thumbnailUrl\":\"https:\\\/\\\/www.revistarambla.com\\\/wp-content\\\/uploads\\\/2025\\\/06\\\/el-principito-2-1024x693-1.jpg\",\"articleSection\":[\"La bodeguita de Hemingway\"],\"inLanguage\":\"en-GB\"},{\"@type\":\"WebPage\",\"@id\":\"https:\\\/\\\/www.revistarambla.com\\\/el-lado-oscuro-de-la-voluntad-el-antimesias-la-mentira-gloriosa-y-la-redencion-silenciosa\\\/\",\"url\":\"https:\\\/\\\/www.revistarambla.com\\\/el-lado-oscuro-de-la-voluntad-el-antimesias-la-mentira-gloriosa-y-la-redencion-silenciosa\\\/\",\"name\":\"El lado oscuro de la voluntad: el Antimes\u00edas, la mentira gloriosa y la redenci\u00f3n silenciosa - Revista Rambla\",\"isPartOf\":{\"@id\":\"https:\\\/\\\/www.revistarambla.com\\\/#website\"},\"primaryImageOfPage\":{\"@id\":\"https:\\\/\\\/www.revistarambla.com\\\/el-lado-oscuro-de-la-voluntad-el-antimesias-la-mentira-gloriosa-y-la-redencion-silenciosa\\\/#primaryimage\"},\"image\":{\"@id\":\"https:\\\/\\\/www.revistarambla.com\\\/el-lado-oscuro-de-la-voluntad-el-antimesias-la-mentira-gloriosa-y-la-redencion-silenciosa\\\/#primaryimage\"},\"thumbnailUrl\":\"https:\\\/\\\/www.revistarambla.com\\\/wp-content\\\/uploads\\\/2025\\\/06\\\/el-principito-2-1024x693-1.jpg\",\"datePublished\":\"2025-06-28T08:53:54+00:00\",\"breadcrumb\":{\"@id\":\"https:\\\/\\\/www.revistarambla.com\\\/el-lado-oscuro-de-la-voluntad-el-antimesias-la-mentira-gloriosa-y-la-redencion-silenciosa\\\/#breadcrumb\"},\"inLanguage\":\"en-GB\",\"potentialAction\":[{\"@type\":\"ReadAction\",\"target\":[\"https:\\\/\\\/www.revistarambla.com\\\/el-lado-oscuro-de-la-voluntad-el-antimesias-la-mentira-gloriosa-y-la-redencion-silenciosa\\\/\"]}]},{\"@type\":\"ImageObject\",\"inLanguage\":\"en-GB\",\"@id\":\"https:\\\/\\\/www.revistarambla.com\\\/el-lado-oscuro-de-la-voluntad-el-antimesias-la-mentira-gloriosa-y-la-redencion-silenciosa\\\/#primaryimage\",\"url\":\"https:\\\/\\\/www.revistarambla.com\\\/wp-content\\\/uploads\\\/2025\\\/06\\\/el-principito-2-1024x693-1.jpg\",\"contentUrl\":\"https:\\\/\\\/www.revistarambla.com\\\/wp-content\\\/uploads\\\/2025\\\/06\\\/el-principito-2-1024x693-1.jpg\",\"width\":1024,\"height\":693,\"caption\":\"Antimes\u00edas principito\"},{\"@type\":\"BreadcrumbList\",\"@id\":\"https:\\\/\\\/www.revistarambla.com\\\/el-lado-oscuro-de-la-voluntad-el-antimesias-la-mentira-gloriosa-y-la-redencion-silenciosa\\\/#breadcrumb\",\"itemListElement\":[{\"@type\":\"ListItem\",\"position\":1,\"name\":\"Portada\",\"item\":\"https:\\\/\\\/www.revistarambla.com\\\/\"},{\"@type\":\"ListItem\",\"position\":2,\"name\":\"El lado oscuro de la voluntad: el Antimes\u00edas, la mentira gloriosa y la redenci\u00f3n silenciosa\"}]},{\"@type\":\"WebSite\",\"@id\":\"https:\\\/\\\/www.revistarambla.com\\\/#website\",\"url\":\"https:\\\/\\\/www.revistarambla.com\\\/\",\"name\":\"Revista Rambla Barcelona\",\"description\":\"Periodismo independiente\",\"publisher\":{\"@id\":\"https:\\\/\\\/www.revistarambla.com\\\/#organization\"},\"potentialAction\":[{\"@type\":\"SearchAction\",\"target\":{\"@type\":\"EntryPoint\",\"urlTemplate\":\"https:\\\/\\\/www.revistarambla.com\\\/?s={search_term_string}\"},\"query-input\":{\"@type\":\"PropertyValueSpecification\",\"valueRequired\":true,\"valueName\":\"search_term_string\"}}],\"inLanguage\":\"en-GB\"},{\"@type\":\"Organization\",\"@id\":\"https:\\\/\\\/www.revistarambla.com\\\/#organization\",\"name\":\"Revista Rambla\",\"url\":\"https:\\\/\\\/www.revistarambla.com\\\/\",\"logo\":{\"@type\":\"ImageObject\",\"inLanguage\":\"en-GB\",\"@id\":\"https:\\\/\\\/www.revistarambla.com\\\/#\\\/schema\\\/logo\\\/image\\\/\",\"url\":\"https:\\\/\\\/www.revistarambla.com\\\/wp-content\\\/uploads\\\/2020\\\/09\\\/banner_rambla_1900x600_BB.png\",\"contentUrl\":\"https:\\\/\\\/www.revistarambla.com\\\/wp-content\\\/uploads\\\/2020\\\/09\\\/banner_rambla_1900x600_BB.png\",\"width\":1900,\"height\":600,\"caption\":\"Revista Rambla\"},\"image\":{\"@id\":\"https:\\\/\\\/www.revistarambla.com\\\/#\\\/schema\\\/logo\\\/image\\\/\"},\"sameAs\":[\"https:\\\/\\\/www.facebook.com\\\/revistarambla\\\/\",\"https:\\\/\\\/x.com\\\/revistarambla\",\"https:\\\/\\\/www.instagram.com\\\/revista_rambla\",\"https:\\\/\\\/es.linkedin.com\\\/company\\\/revista-rambla\"]},{\"@type\":\"Person\",\"@id\":\"https:\\\/\\\/www.revistarambla.com\\\/#\\\/schema\\\/person\\\/94294f57cf4910853e3280fda7339bfc\",\"name\":\"Jos\u00e9 Antonio Gamero Romero\",\"description\":\"Escritor sevillano finalista del premio Azor\u00edn 2014. Ha publicado en diferentes revistas como Culturamas, E\u00f1e, Visor, etc. Sus libros son: 'La invenci\u00f3n de los gigantes' (Buc\u00e9falo 2016); 'Literatura tridimensional' (Adarve 2018); 'S\u00f3crates no vino a Espa\u00f1a' (Samarcanda 2018); 'La rep\u00fablica del fin del mundo' (Tandaia 2018) y 'La bodeguita de Hemingway'.\"}]}<\/script>\n<!-- \/ Yoast SEO plugin. -->","yoast_head_json":{"title":"El lado oscuro de la voluntad: el Antimes\u00edas, la mentira gloriosa y la redenci\u00f3n silenciosa - Revista Rambla","robots":{"index":"index","follow":"follow","max-snippet":"max-snippet:-1","max-image-preview":"max-image-preview:large","max-video-preview":"max-video-preview:-1"},"canonical":"https:\/\/www.revistarambla.com\/en\/el-lado-oscuro-de-la-voluntad-el-antimesias-la-mentira-gloriosa-y-la-redencion-silenciosa\/","og_locale":"en_GB","og_type":"article","og_title":"El lado oscuro de la voluntad: el Antimes\u00edas, la mentira gloriosa y la redenci\u00f3n silenciosa - Revista Rambla","og_description":"Cuando despert\u00f3 la boa que se hab\u00eda comido al elefante segu\u00eda all\u00ed. Algunas fotograf\u00edas en blanco y negro de la exposici\u00f3n sorteaban la silueta y pod\u00edan verse, y las otras hicieron que el Principito tuviera que poner las ideas claras sobre el gobierno de su asteroide. El espejismo de la [&hellip;]","og_url":"https:\/\/www.revistarambla.com\/en\/el-lado-oscuro-de-la-voluntad-el-antimesias-la-mentira-gloriosa-y-la-redencion-silenciosa\/","og_site_name":"Revista Rambla","article_publisher":"https:\/\/www.facebook.com\/revistarambla\/","article_published_time":"2025-06-28T08:53:54+00:00","og_image":[{"width":1024,"height":693,"url":"https:\/\/www.revistarambla.com\/wp-content\/uploads\/2025\/06\/el-principito-2-1024x693-1.jpg","type":"image\/jpeg"}],"author":"Jos\u00e9 Antonio Gamero Romero","twitter_card":"summary_large_image","twitter_creator":"@revistarambla","twitter_site":"@revistarambla","twitter_misc":{"Written by":"Jos\u00e9 Antonio Gamero Romero","Estimated reading time":"7 minutes"},"schema":{"@context":"https:\/\/schema.org","@graph":[{"@type":"Article","@id":"https:\/\/www.revistarambla.com\/el-lado-oscuro-de-la-voluntad-el-antimesias-la-mentira-gloriosa-y-la-redencion-silenciosa\/#article","isPartOf":{"@id":"https:\/\/www.revistarambla.com\/el-lado-oscuro-de-la-voluntad-el-antimesias-la-mentira-gloriosa-y-la-redencion-silenciosa\/"},"author":{"name":"Jos\u00e9 Antonio Gamero Romero","@id":"https:\/\/www.revistarambla.com\/#\/schema\/person\/94294f57cf4910853e3280fda7339bfc"},"headline":"El lado oscuro de la voluntad: el Antimes\u00edas, la mentira gloriosa y la redenci\u00f3n silenciosa","datePublished":"2025-06-28T08:53:54+00:00","mainEntityOfPage":{"@id":"https:\/\/www.revistarambla.com\/el-lado-oscuro-de-la-voluntad-el-antimesias-la-mentira-gloriosa-y-la-redencion-silenciosa\/"},"wordCount":1442,"publisher":{"@id":"https:\/\/www.revistarambla.com\/#organization"},"image":{"@id":"https:\/\/www.revistarambla.com\/el-lado-oscuro-de-la-voluntad-el-antimesias-la-mentira-gloriosa-y-la-redencion-silenciosa\/#primaryimage"},"thumbnailUrl":"https:\/\/www.revistarambla.com\/wp-content\/uploads\/2025\/06\/el-principito-2-1024x693-1.jpg","articleSection":["La bodeguita de Hemingway"],"inLanguage":"en-GB"},{"@type":"WebPage","@id":"https:\/\/www.revistarambla.com\/el-lado-oscuro-de-la-voluntad-el-antimesias-la-mentira-gloriosa-y-la-redencion-silenciosa\/","url":"https:\/\/www.revistarambla.com\/el-lado-oscuro-de-la-voluntad-el-antimesias-la-mentira-gloriosa-y-la-redencion-silenciosa\/","name":"El lado oscuro de la voluntad: el Antimes\u00edas, la mentira gloriosa y la redenci\u00f3n silenciosa - Revista Rambla","isPartOf":{"@id":"https:\/\/www.revistarambla.com\/#website"},"primaryImageOfPage":{"@id":"https:\/\/www.revistarambla.com\/el-lado-oscuro-de-la-voluntad-el-antimesias-la-mentira-gloriosa-y-la-redencion-silenciosa\/#primaryimage"},"image":{"@id":"https:\/\/www.revistarambla.com\/el-lado-oscuro-de-la-voluntad-el-antimesias-la-mentira-gloriosa-y-la-redencion-silenciosa\/#primaryimage"},"thumbnailUrl":"https:\/\/www.revistarambla.com\/wp-content\/uploads\/2025\/06\/el-principito-2-1024x693-1.jpg","datePublished":"2025-06-28T08:53:54+00:00","breadcrumb":{"@id":"https:\/\/www.revistarambla.com\/el-lado-oscuro-de-la-voluntad-el-antimesias-la-mentira-gloriosa-y-la-redencion-silenciosa\/#breadcrumb"},"inLanguage":"en-GB","potentialAction":[{"@type":"ReadAction","target":["https:\/\/www.revistarambla.com\/el-lado-oscuro-de-la-voluntad-el-antimesias-la-mentira-gloriosa-y-la-redencion-silenciosa\/"]}]},{"@type":"ImageObject","inLanguage":"en-GB","@id":"https:\/\/www.revistarambla.com\/el-lado-oscuro-de-la-voluntad-el-antimesias-la-mentira-gloriosa-y-la-redencion-silenciosa\/#primaryimage","url":"https:\/\/www.revistarambla.com\/wp-content\/uploads\/2025\/06\/el-principito-2-1024x693-1.jpg","contentUrl":"https:\/\/www.revistarambla.com\/wp-content\/uploads\/2025\/06\/el-principito-2-1024x693-1.jpg","width":1024,"height":693,"caption":"Antimes\u00edas principito"},{"@type":"BreadcrumbList","@id":"https:\/\/www.revistarambla.com\/el-lado-oscuro-de-la-voluntad-el-antimesias-la-mentira-gloriosa-y-la-redencion-silenciosa\/#breadcrumb","itemListElement":[{"@type":"ListItem","position":1,"name":"Portada","item":"https:\/\/www.revistarambla.com\/"},{"@type":"ListItem","position":2,"name":"El lado oscuro de la voluntad: el Antimes\u00edas, la mentira gloriosa y la redenci\u00f3n silenciosa"}]},{"@type":"WebSite","@id":"https:\/\/www.revistarambla.com\/#website","url":"https:\/\/www.revistarambla.com\/","name":"Revista Rambla Barcelona","description":"Periodismo independiente","publisher":{"@id":"https:\/\/www.revistarambla.com\/#organization"},"potentialAction":[{"@type":"SearchAction","target":{"@type":"EntryPoint","urlTemplate":"https:\/\/www.revistarambla.com\/?s={search_term_string}"},"query-input":{"@type":"PropertyValueSpecification","valueRequired":true,"valueName":"search_term_string"}}],"inLanguage":"en-GB"},{"@type":"Organization","@id":"https:\/\/www.revistarambla.com\/#organization","name":"Revista Rambla","url":"https:\/\/www.revistarambla.com\/","logo":{"@type":"ImageObject","inLanguage":"en-GB","@id":"https:\/\/www.revistarambla.com\/#\/schema\/logo\/image\/","url":"https:\/\/www.revistarambla.com\/wp-content\/uploads\/2020\/09\/banner_rambla_1900x600_BB.png","contentUrl":"https:\/\/www.revistarambla.com\/wp-content\/uploads\/2020\/09\/banner_rambla_1900x600_BB.png","width":1900,"height":600,"caption":"Revista Rambla"},"image":{"@id":"https:\/\/www.revistarambla.com\/#\/schema\/logo\/image\/"},"sameAs":["https:\/\/www.facebook.com\/revistarambla\/","https:\/\/x.com\/revistarambla","https:\/\/www.instagram.com\/revista_rambla","https:\/\/es.linkedin.com\/company\/revista-rambla"]},{"@type":"Person","@id":"https:\/\/www.revistarambla.com\/#\/schema\/person\/94294f57cf4910853e3280fda7339bfc","name":"Jos\u00e9 Antonio Gamero Romero","description":"Escritor sevillano finalista del premio Azor\u00edn 2014. Ha publicado en diferentes revistas como Culturamas, E\u00f1e, Visor, etc. Sus libros son: 'La invenci\u00f3n de los gigantes' (Buc\u00e9falo 2016); 'Literatura tridimensional' (Adarve 2018); 'S\u00f3crates no vino a Espa\u00f1a' (Samarcanda 2018); 'La rep\u00fablica del fin del mundo' (Tandaia 2018) y 'La bodeguita de Hemingway'."}]}},"_links":{"self":[{"href":"https:\/\/www.revistarambla.com\/en\/wp-json\/wp\/v2\/posts\/65599","targetHints":{"allow":["GET"]}}],"collection":[{"href":"https:\/\/www.revistarambla.com\/en\/wp-json\/wp\/v2\/posts"}],"about":[{"href":"https:\/\/www.revistarambla.com\/en\/wp-json\/wp\/v2\/types\/post"}],"author":[{"embeddable":true,"href":"https:\/\/www.revistarambla.com\/en\/wp-json\/wp\/v2\/users\/294"}],"replies":[{"embeddable":true,"href":"https:\/\/www.revistarambla.com\/en\/wp-json\/wp\/v2\/comments?post=65599"}],"version-history":[{"count":1,"href":"https:\/\/www.revistarambla.com\/en\/wp-json\/wp\/v2\/posts\/65599\/revisions"}],"predecessor-version":[{"id":65601,"href":"https:\/\/www.revistarambla.com\/en\/wp-json\/wp\/v2\/posts\/65599\/revisions\/65601"}],"wp:featuredmedia":[{"embeddable":true,"href":"https:\/\/www.revistarambla.com\/en\/wp-json\/wp\/v2\/media\/65600"}],"wp:attachment":[{"href":"https:\/\/www.revistarambla.com\/en\/wp-json\/wp\/v2\/media?parent=65599"}],"wp:term":[{"taxonomy":"category","embeddable":true,"href":"https:\/\/www.revistarambla.com\/en\/wp-json\/wp\/v2\/categories?post=65599"},{"taxonomy":"post_tag","embeddable":true,"href":"https:\/\/www.revistarambla.com\/en\/wp-json\/wp\/v2\/tags?post=65599"}],"curies":[{"name":"wp","href":"https:\/\/api.w.org\/{rel}","templated":true}]}}