{"id":65574,"date":"2025-06-27T12:48:57","date_gmt":"2025-06-27T10:48:57","guid":{"rendered":"https:\/\/www.revistarambla.com\/?p=65574"},"modified":"2025-06-27T12:48:57","modified_gmt":"2025-06-27T10:48:57","slug":"del-quimico-al-botanico-el-cambio-de-paradigma-capilar-que-conquista-madrid","status":"publish","type":"post","link":"https:\/\/www.revistarambla.com\/en\/del-quimico-al-botanico-el-cambio-de-paradigma-capilar-que-conquista-madrid\/","title":{"rendered":"Del qu\u00edmico al bot\u00e1nico: el cambio de paradigma capilar que conquista Madrid"},"content":{"rendered":"<p><b>\u00bfQu\u00e9 impulsa a cientos de madrile\u00f1os a abandonar los tintes tradicionales y cruzar la puerta de una <\/b><a href=\"https:\/\/botanicartsalon.es\/\"><b>peluquer\u00eda org\u00e1nica en Madrid<\/b><\/a><b>?<\/b> La respuesta va m\u00e1s all\u00e1 de la moda: se trata de salud, sostenibilidad y placer sensorial en una ciudad que vive a contrarreloj.<\/p>\n<h4><b>El cuero cabelludo, un term\u00f3metro de tu bienestar<\/b><\/h4>\n<p>Cada fol\u00edculo piloso es un peque\u00f1o ecosistema que reacciona a lo que comemos, al estr\u00e9s y, por supuesto, a los productos que aplicamos. <b>Cuando las siliconas y los sulfatos se acumulan, el cabello pierde brillo real y gana dependencia a mascarillas cada vez m\u00e1s pesadas<\/b>. Las f\u00f3rmulas bot\u00e1nicas \u2014libres de derivados del petr\u00f3leo y fragancias sint\u00e9ticas\u2014 permiten que la fibra respire y que el cuero cabelludo recupere su pH natural, reduciendo la descamaci\u00f3n y la irritaci\u00f3n en pocas semanas.<\/p>\n<h4><b>Ingredientes que marcan la diferencia<\/b><\/h4>\n<p>Los salones verdes trabajan con barros, aceites esenciales y extractos fermentados que <b>pigmentan sin abrir la cut\u00edcula<\/b>. Un tinte de henna enriquecido con \u00edndigo o manzanilla aporta reflejos profundos, mientras el aceite de arg\u00e1n encapsula la mol\u00e9cula de color para evitar el deslavado. \u00bfResultado? Un tono vibrante que aguanta la oxidaci\u00f3n madrile\u00f1a sin comprometer la resistencia del cabello.<\/p>\n<p>No todo es color. <b>Las mantecas de karit\u00e9 sin refinar sellan puntas abiertas<\/b>, y los hidrolatos de lavanda calman el cuero cabelludo tras horas bajo el sol del asfalto. As\u00ed se construye, paso a paso, un ritual donde cada ingrediente tiene una funci\u00f3n clara y comprobable.<\/p>\n<h4><b>M\u00e1s que un corte: una experiencia sensorial<\/b><\/h4>\n<p>Entrar en un sal\u00f3n bot\u00e1nico es sumergirse en una burbuja de calma. <b>La infusi\u00f3n de bienvenida, los aromas de eucalipto que flotan entre los lavacabezas y la luz c\u00e1lida ayudan a bajar pulsaciones<\/b> en un Madrid que grita a 100 dB. Ese descenso de cortisol no es un lujo est\u00e9tico: el estr\u00e9s cr\u00f3nico acelera la fase tel\u00f3gena y fomenta la ca\u00edda. Cuando el ambiente acompa\u00f1a, el propio cuerpo activa su capacidad regeneradora y el cabello crece m\u00e1s fuerte.<\/p>\n<h4><b>Tecnolog\u00eda verde al servicio del estilismo<\/b><\/h4>\n<p>Elegir una <a href=\"https:\/\/botanicartsalon.es\/\"><i>peluquer\u00eda en Madrid<\/i><\/a> comprometida con lo org\u00e1nico no implica renunciar a la innovaci\u00f3n. Difusores de vapor i\u00f3nico, planchas de cer\u00e1mica ultrablanda y microencapsulados de prote\u00ednas vegetales permiten <b>obtener acabados de pasarela sin exponer la hebra a 230 \u00b0C<\/b>. Incluso las lacas han evolucionado: las resinas de ma\u00edz y ca\u00f1a de az\u00facar proporcionan fijaci\u00f3n flexible, cero residuos pegajosos y un aroma natural que no dispara las alergias.<\/p>\n<h4><b>Barrio de Salamanca: el epicentro de la belleza consciente<\/b><\/h4>\n<p>El distrito m\u00e1s cosmopolita de la capital concentra algunos de los templos verdes de referencia. Acudir a una <a href=\"https:\/\/botanicartsalon.es\/\">peluquer\u00eda en Barrio de Salamanca<\/a> supone algo m\u00e1s que comodidad geogr\u00e1fica: significa acceder a coloristas formados en Par\u00eds y \u00c1msterdam, capaces de dominar el balayage bot\u00e1nico con la misma precisi\u00f3n que un tinte cl\u00e1sico. Adem\u00e1s, la proximidad a boutiques de cosm\u00e9tica nicho facilita <b>llevarte a casa la rutina completa sin cruzar media ciudad<\/b>.<\/p>\n<h4><b>Econom\u00eda circular sin salir del espejo<\/b><\/h4>\n<p>Un sal\u00f3n org\u00e1nico cuida cada detalle: desde el uso de iluminaci\u00f3n LED hasta programas de recogida de mechones para fabricar filtros que absorben vertidos de hidrocarburos. <b>Muchos envases se rellenan in situ, reduciendo pl\u00e1stico y abaratando futuros tratamientos<\/b>. Los restos de barros tint\u00f3reos, ricos en minerales, se env\u00edan a huertos urbanos como fertilizante natural. As\u00ed, el impacto positivo trasciende el servicio y se convierte en un gesto de ciudadan\u00eda activa.<\/p>\n<h4><b>Salud dermatol\u00f3gica: la ciencia respalda el cambio<\/b><\/h4>\n<p>Numerosos estudios dermatol\u00f3gicos confirman que <b>el contacto prolongado con PPD, resorcinol y etanolamina incrementa el riesgo de dermatitis irritativa<\/b>. Sustituirlos por pigmentos de \u00edndigo o nuez negra minimiza la inflamaci\u00f3n y acelera la renovaci\u00f3n celular. Quien sufre de sensibilidad qu\u00edmica m\u00faltiple o psoriasis encuentra en los barros un aliado insustituible: color cobre, casta\u00f1o o negro sin desencadenar brotes.<\/p>\n<h4><b>Inversi\u00f3n inteligente: n\u00fameros que cuadran<\/b><\/h4>\n<p>Un tratamiento bot\u00e1nico puede costar un 10 % m\u00e1s que un tinte tradicional; sin embargo, el brillo y la elasticidad duran m\u00e1s, y <b>se eliminan las citas \u201cde rescate\u201d para reparar da\u00f1o<\/b>. Menos sesiones, menos productos de styling y una melena que aguanta cuatro o cinco d\u00edas limpia se traducen en ahorro real a medio plazo. A\u00f1ade que muchos salones agrupan servicios en membres\u00edas trimestrales \u2014color, corte y detox capilar\u2014 con descuentos progresivos, y la ecuaci\u00f3n se resuelve sola.<\/p>\n<h4><b>Reconocimiento: la b\u00fasqueda de la excelencia<\/b><\/h4>\n<p>Para muchos clientes, sentarse en la silla de la <a href=\"https:\/\/botanicartsalon.es\/\">mejor peluquer\u00eda de Madrid<\/a> es cuesti\u00f3n de confianza: saber que el equipo estudia tricolog\u00eda, que las f\u00f3rmulas cuentan con certificaciones ECOCERT y que cada procedimiento se adapta a la morfolog\u00eda del rostro. <b>La reputaci\u00f3n se construye con rese\u00f1as verificadas, premios de prensa especializada y resultados palpables<\/b> que caminan por la Gran V\u00eda cada d\u00eda.<\/p>\n<h4><b>Un gesto personal con impacto colectivo<\/b><\/h4>\n<p>Cambiar de sal\u00f3n puede parecer trivial, pero <b>optar por un espacio org\u00e1nico transforma tu cabello y tu huella ecol\u00f3gica<\/b>. El brillo que ver\u00e1s en el espejo ser\u00e1 tan real como la reducci\u00f3n de t\u00f3xicos que evitas verter por el desag\u00fce. Madrid seguir\u00e1 corriendo, pero t\u00fa decidir\u00e1s hacerlo con una melena que respira libertad vegetal y un planeta un poco m\u00e1s limpio gracias a tu elecci\u00f3n consciente.<\/p>","protected":false},"excerpt":{"rendered":"<p>\u00bfQu\u00e9 impulsa a cientos de madrile\u00f1os a abandonar los tintes tradicionales y cruzar la puerta de una peluquer\u00eda org\u00e1nica en Madrid? La respuesta va m\u00e1s all\u00e1 de la moda: se trata de salud, sostenibilidad y placer sensorial en una ciudad que vive a contrarreloj. El cuero cabelludo, un term\u00f3metro de [&hellip;]<\/p>\n","protected":false},"author":3,"featured_media":65575,"comment_status":"closed","ping_status":"closed","sticky":false,"template":"","format":"standard","meta":{"footnotes":""},"categories":[3790],"tags":[],"class_list":["post-65574","post","type-post","status-publish","format-standard","has-post-thumbnail","hentry","category-otras-noticias"],"yoast_head":"<!-- This site is optimized with the Yoast SEO plugin v27.5 - https:\/\/yoast.com\/product\/yoast-seo-wordpress\/ -->\n<title>Del qu\u00edmico al bot\u00e1nico: el cambio de paradigma capilar que conquista Madrid - Revista Rambla<\/title>\n<meta name=\"robots\" content=\"index, follow, max-snippet:-1, max-image-preview:large, max-video-preview:-1\" \/>\n<link rel=\"canonical\" href=\"https:\/\/www.revistarambla.com\/en\/del-quimico-al-botanico-el-cambio-de-paradigma-capilar-que-conquista-madrid\/\" \/>\n<meta property=\"og:locale\" content=\"en_GB\" \/>\n<meta property=\"og:type\" content=\"article\" \/>\n<meta property=\"og:title\" content=\"Del qu\u00edmico al bot\u00e1nico: el cambio de paradigma capilar que conquista Madrid - Revista Rambla\" \/>\n<meta property=\"og:description\" content=\"\u00bfQu\u00e9 impulsa a cientos de madrile\u00f1os a abandonar los tintes tradicionales y cruzar la puerta de una peluquer\u00eda org\u00e1nica en Madrid? La respuesta va m\u00e1s all\u00e1 de la moda: se trata de salud, sostenibilidad y placer sensorial en una ciudad que vive a contrarreloj. El cuero cabelludo, un term\u00f3metro de [&hellip;]\" \/>\n<meta property=\"og:url\" content=\"https:\/\/www.revistarambla.com\/en\/del-quimico-al-botanico-el-cambio-de-paradigma-capilar-que-conquista-madrid\/\" \/>\n<meta property=\"og:site_name\" content=\"Revista Rambla\" \/>\n<meta property=\"article:publisher\" content=\"https:\/\/www.facebook.com\/revistarambla\/\" \/>\n<meta property=\"article:author\" content=\"https:\/\/www.facebook.com\/revistarambla\" \/>\n<meta property=\"article:published_time\" content=\"2025-06-27T10:48:57+00:00\" \/>\n<meta property=\"og:image\" content=\"https:\/\/www.revistarambla.com\/wp-content\/uploads\/2025\/06\/phpfoAKla685bddce48cab.jpg\" \/>\n\t<meta property=\"og:image:width\" content=\"720\" \/>\n\t<meta property=\"og:image:height\" content=\"480\" \/>\n\t<meta property=\"og:image:type\" content=\"image\/jpeg\" \/>\n<meta name=\"author\" content=\"R@mbla\" \/>\n<meta name=\"twitter:card\" content=\"summary_large_image\" \/>\n<meta name=\"twitter:creator\" content=\"@revistarambla\" \/>\n<meta name=\"twitter:site\" content=\"@revistarambla\" \/>\n<meta name=\"twitter:label1\" content=\"Written by\" \/>\n\t<meta name=\"twitter:data1\" content=\"R@mbla\" \/>\n\t<meta name=\"twitter:label2\" content=\"Estimated reading time\" \/>\n\t<meta name=\"twitter:data2\" content=\"5 minutes\" \/>\n<script type=\"application\/ld+json\" class=\"yoast-schema-graph\">{\"@context\":\"https:\\\/\\\/schema.org\",\"@graph\":[{\"@type\":\"Article\",\"@id\":\"https:\\\/\\\/www.revistarambla.com\\\/del-quimico-al-botanico-el-cambio-de-paradigma-capilar-que-conquista-madrid\\\/#article\",\"isPartOf\":{\"@id\":\"https:\\\/\\\/www.revistarambla.com\\\/del-quimico-al-botanico-el-cambio-de-paradigma-capilar-que-conquista-madrid\\\/\"},\"author\":{\"name\":\"R@mbla\",\"@id\":\"https:\\\/\\\/www.revistarambla.com\\\/#\\\/schema\\\/person\\\/a146a5a2550b94981a75131180e1bd9c\"},\"headline\":\"Del qu\u00edmico al bot\u00e1nico: el cambio de paradigma capilar que conquista Madrid\",\"datePublished\":\"2025-06-27T10:48:57+00:00\",\"mainEntityOfPage\":{\"@id\":\"https:\\\/\\\/www.revistarambla.com\\\/del-quimico-al-botanico-el-cambio-de-paradigma-capilar-que-conquista-madrid\\\/\"},\"wordCount\":954,\"publisher\":{\"@id\":\"https:\\\/\\\/www.revistarambla.com\\\/#organization\"},\"image\":{\"@id\":\"https:\\\/\\\/www.revistarambla.com\\\/del-quimico-al-botanico-el-cambio-de-paradigma-capilar-que-conquista-madrid\\\/#primaryimage\"},\"thumbnailUrl\":\"https:\\\/\\\/www.revistarambla.com\\\/wp-content\\\/uploads\\\/2025\\\/06\\\/phpfoAKla685bddce48cab.jpg\",\"articleSection\":[\"Otras Noticias\"],\"inLanguage\":\"en-GB\"},{\"@type\":\"WebPage\",\"@id\":\"https:\\\/\\\/www.revistarambla.com\\\/del-quimico-al-botanico-el-cambio-de-paradigma-capilar-que-conquista-madrid\\\/\",\"url\":\"https:\\\/\\\/www.revistarambla.com\\\/del-quimico-al-botanico-el-cambio-de-paradigma-capilar-que-conquista-madrid\\\/\",\"name\":\"Del qu\u00edmico al bot\u00e1nico: el cambio de paradigma capilar que conquista Madrid - Revista Rambla\",\"isPartOf\":{\"@id\":\"https:\\\/\\\/www.revistarambla.com\\\/#website\"},\"primaryImageOfPage\":{\"@id\":\"https:\\\/\\\/www.revistarambla.com\\\/del-quimico-al-botanico-el-cambio-de-paradigma-capilar-que-conquista-madrid\\\/#primaryimage\"},\"image\":{\"@id\":\"https:\\\/\\\/www.revistarambla.com\\\/del-quimico-al-botanico-el-cambio-de-paradigma-capilar-que-conquista-madrid\\\/#primaryimage\"},\"thumbnailUrl\":\"https:\\\/\\\/www.revistarambla.com\\\/wp-content\\\/uploads\\\/2025\\\/06\\\/phpfoAKla685bddce48cab.jpg\",\"datePublished\":\"2025-06-27T10:48:57+00:00\",\"breadcrumb\":{\"@id\":\"https:\\\/\\\/www.revistarambla.com\\\/del-quimico-al-botanico-el-cambio-de-paradigma-capilar-que-conquista-madrid\\\/#breadcrumb\"},\"inLanguage\":\"en-GB\",\"potentialAction\":[{\"@type\":\"ReadAction\",\"target\":[\"https:\\\/\\\/www.revistarambla.com\\\/del-quimico-al-botanico-el-cambio-de-paradigma-capilar-que-conquista-madrid\\\/\"]}]},{\"@type\":\"ImageObject\",\"inLanguage\":\"en-GB\",\"@id\":\"https:\\\/\\\/www.revistarambla.com\\\/del-quimico-al-botanico-el-cambio-de-paradigma-capilar-que-conquista-madrid\\\/#primaryimage\",\"url\":\"https:\\\/\\\/www.revistarambla.com\\\/wp-content\\\/uploads\\\/2025\\\/06\\\/phpfoAKla685bddce48cab.jpg\",\"contentUrl\":\"https:\\\/\\\/www.revistarambla.com\\\/wp-content\\\/uploads\\\/2025\\\/06\\\/phpfoAKla685bddce48cab.jpg\",\"width\":720,\"height\":480,\"caption\":\"mejor peluquer\u00eda de Madrid\"},{\"@type\":\"BreadcrumbList\",\"@id\":\"https:\\\/\\\/www.revistarambla.com\\\/del-quimico-al-botanico-el-cambio-de-paradigma-capilar-que-conquista-madrid\\\/#breadcrumb\",\"itemListElement\":[{\"@type\":\"ListItem\",\"position\":1,\"name\":\"Portada\",\"item\":\"https:\\\/\\\/www.revistarambla.com\\\/\"},{\"@type\":\"ListItem\",\"position\":2,\"name\":\"Del qu\u00edmico al bot\u00e1nico: el cambio de paradigma capilar que conquista Madrid\"}]},{\"@type\":\"WebSite\",\"@id\":\"https:\\\/\\\/www.revistarambla.com\\\/#website\",\"url\":\"https:\\\/\\\/www.revistarambla.com\\\/\",\"name\":\"Revista Rambla Barcelona\",\"description\":\"Periodismo independiente\",\"publisher\":{\"@id\":\"https:\\\/\\\/www.revistarambla.com\\\/#organization\"},\"potentialAction\":[{\"@type\":\"SearchAction\",\"target\":{\"@type\":\"EntryPoint\",\"urlTemplate\":\"https:\\\/\\\/www.revistarambla.com\\\/?s={search_term_string}\"},\"query-input\":{\"@type\":\"PropertyValueSpecification\",\"valueRequired\":true,\"valueName\":\"search_term_string\"}}],\"inLanguage\":\"en-GB\"},{\"@type\":\"Organization\",\"@id\":\"https:\\\/\\\/www.revistarambla.com\\\/#organization\",\"name\":\"Revista Rambla\",\"url\":\"https:\\\/\\\/www.revistarambla.com\\\/\",\"logo\":{\"@type\":\"ImageObject\",\"inLanguage\":\"en-GB\",\"@id\":\"https:\\\/\\\/www.revistarambla.com\\\/#\\\/schema\\\/logo\\\/image\\\/\",\"url\":\"https:\\\/\\\/www.revistarambla.com\\\/wp-content\\\/uploads\\\/2020\\\/09\\\/banner_rambla_1900x600_BB.png\",\"contentUrl\":\"https:\\\/\\\/www.revistarambla.com\\\/wp-content\\\/uploads\\\/2020\\\/09\\\/banner_rambla_1900x600_BB.png\",\"width\":1900,\"height\":600,\"caption\":\"Revista Rambla\"},\"image\":{\"@id\":\"https:\\\/\\\/www.revistarambla.com\\\/#\\\/schema\\\/logo\\\/image\\\/\"},\"sameAs\":[\"https:\\\/\\\/www.facebook.com\\\/revistarambla\\\/\",\"https:\\\/\\\/x.com\\\/revistarambla\",\"https:\\\/\\\/www.instagram.com\\\/revista_rambla\",\"https:\\\/\\\/es.linkedin.com\\\/company\\\/revista-rambla\"]},{\"@type\":\"Person\",\"@id\":\"https:\\\/\\\/www.revistarambla.com\\\/#\\\/schema\\\/person\\\/a146a5a2550b94981a75131180e1bd9c\",\"name\":\"R@mbla\",\"description\":\"Este art\u00edculo ha sido redactado y\\\/o validado por el equipo de redacci\u00f3n de Revista Rambla.\",\"sameAs\":[\"https:\\\/\\\/www.revistarambla.com\\\/\",\"https:\\\/\\\/www.facebook.com\\\/revistarambla\",\"https:\\\/\\\/x.com\\\/revistarambla\"]}]}<\/script>\n<!-- \/ Yoast SEO plugin. -->","yoast_head_json":{"title":"Del qu\u00edmico al bot\u00e1nico: el cambio de paradigma capilar que conquista Madrid - Revista Rambla","robots":{"index":"index","follow":"follow","max-snippet":"max-snippet:-1","max-image-preview":"max-image-preview:large","max-video-preview":"max-video-preview:-1"},"canonical":"https:\/\/www.revistarambla.com\/en\/del-quimico-al-botanico-el-cambio-de-paradigma-capilar-que-conquista-madrid\/","og_locale":"en_GB","og_type":"article","og_title":"Del qu\u00edmico al bot\u00e1nico: el cambio de paradigma capilar que conquista Madrid - Revista Rambla","og_description":"\u00bfQu\u00e9 impulsa a cientos de madrile\u00f1os a abandonar los tintes tradicionales y cruzar la puerta de una peluquer\u00eda org\u00e1nica en Madrid? La respuesta va m\u00e1s all\u00e1 de la moda: se trata de salud, sostenibilidad y placer sensorial en una ciudad que vive a contrarreloj. El cuero cabelludo, un term\u00f3metro de [&hellip;]","og_url":"https:\/\/www.revistarambla.com\/en\/del-quimico-al-botanico-el-cambio-de-paradigma-capilar-que-conquista-madrid\/","og_site_name":"Revista Rambla","article_publisher":"https:\/\/www.facebook.com\/revistarambla\/","article_author":"https:\/\/www.facebook.com\/revistarambla","article_published_time":"2025-06-27T10:48:57+00:00","og_image":[{"width":720,"height":480,"url":"https:\/\/www.revistarambla.com\/wp-content\/uploads\/2025\/06\/phpfoAKla685bddce48cab.jpg","type":"image\/jpeg"}],"author":"R@mbla","twitter_card":"summary_large_image","twitter_creator":"@revistarambla","twitter_site":"@revistarambla","twitter_misc":{"Written by":"R@mbla","Estimated reading time":"5 minutes"},"schema":{"@context":"https:\/\/schema.org","@graph":[{"@type":"Article","@id":"https:\/\/www.revistarambla.com\/del-quimico-al-botanico-el-cambio-de-paradigma-capilar-que-conquista-madrid\/#article","isPartOf":{"@id":"https:\/\/www.revistarambla.com\/del-quimico-al-botanico-el-cambio-de-paradigma-capilar-que-conquista-madrid\/"},"author":{"name":"R@mbla","@id":"https:\/\/www.revistarambla.com\/#\/schema\/person\/a146a5a2550b94981a75131180e1bd9c"},"headline":"Del qu\u00edmico al bot\u00e1nico: el cambio de paradigma capilar que conquista Madrid","datePublished":"2025-06-27T10:48:57+00:00","mainEntityOfPage":{"@id":"https:\/\/www.revistarambla.com\/del-quimico-al-botanico-el-cambio-de-paradigma-capilar-que-conquista-madrid\/"},"wordCount":954,"publisher":{"@id":"https:\/\/www.revistarambla.com\/#organization"},"image":{"@id":"https:\/\/www.revistarambla.com\/del-quimico-al-botanico-el-cambio-de-paradigma-capilar-que-conquista-madrid\/#primaryimage"},"thumbnailUrl":"https:\/\/www.revistarambla.com\/wp-content\/uploads\/2025\/06\/phpfoAKla685bddce48cab.jpg","articleSection":["Otras Noticias"],"inLanguage":"en-GB"},{"@type":"WebPage","@id":"https:\/\/www.revistarambla.com\/del-quimico-al-botanico-el-cambio-de-paradigma-capilar-que-conquista-madrid\/","url":"https:\/\/www.revistarambla.com\/del-quimico-al-botanico-el-cambio-de-paradigma-capilar-que-conquista-madrid\/","name":"Del qu\u00edmico al bot\u00e1nico: el cambio de paradigma capilar que conquista Madrid - Revista Rambla","isPartOf":{"@id":"https:\/\/www.revistarambla.com\/#website"},"primaryImageOfPage":{"@id":"https:\/\/www.revistarambla.com\/del-quimico-al-botanico-el-cambio-de-paradigma-capilar-que-conquista-madrid\/#primaryimage"},"image":{"@id":"https:\/\/www.revistarambla.com\/del-quimico-al-botanico-el-cambio-de-paradigma-capilar-que-conquista-madrid\/#primaryimage"},"thumbnailUrl":"https:\/\/www.revistarambla.com\/wp-content\/uploads\/2025\/06\/phpfoAKla685bddce48cab.jpg","datePublished":"2025-06-27T10:48:57+00:00","breadcrumb":{"@id":"https:\/\/www.revistarambla.com\/del-quimico-al-botanico-el-cambio-de-paradigma-capilar-que-conquista-madrid\/#breadcrumb"},"inLanguage":"en-GB","potentialAction":[{"@type":"ReadAction","target":["https:\/\/www.revistarambla.com\/del-quimico-al-botanico-el-cambio-de-paradigma-capilar-que-conquista-madrid\/"]}]},{"@type":"ImageObject","inLanguage":"en-GB","@id":"https:\/\/www.revistarambla.com\/del-quimico-al-botanico-el-cambio-de-paradigma-capilar-que-conquista-madrid\/#primaryimage","url":"https:\/\/www.revistarambla.com\/wp-content\/uploads\/2025\/06\/phpfoAKla685bddce48cab.jpg","contentUrl":"https:\/\/www.revistarambla.com\/wp-content\/uploads\/2025\/06\/phpfoAKla685bddce48cab.jpg","width":720,"height":480,"caption":"mejor peluquer\u00eda de Madrid"},{"@type":"BreadcrumbList","@id":"https:\/\/www.revistarambla.com\/del-quimico-al-botanico-el-cambio-de-paradigma-capilar-que-conquista-madrid\/#breadcrumb","itemListElement":[{"@type":"ListItem","position":1,"name":"Portada","item":"https:\/\/www.revistarambla.com\/"},{"@type":"ListItem","position":2,"name":"Del qu\u00edmico al bot\u00e1nico: el cambio de paradigma capilar que conquista Madrid"}]},{"@type":"WebSite","@id":"https:\/\/www.revistarambla.com\/#website","url":"https:\/\/www.revistarambla.com\/","name":"Revista Rambla Barcelona","description":"Periodismo independiente","publisher":{"@id":"https:\/\/www.revistarambla.com\/#organization"},"potentialAction":[{"@type":"SearchAction","target":{"@type":"EntryPoint","urlTemplate":"https:\/\/www.revistarambla.com\/?s={search_term_string}"},"query-input":{"@type":"PropertyValueSpecification","valueRequired":true,"valueName":"search_term_string"}}],"inLanguage":"en-GB"},{"@type":"Organization","@id":"https:\/\/www.revistarambla.com\/#organization","name":"Revista Rambla","url":"https:\/\/www.revistarambla.com\/","logo":{"@type":"ImageObject","inLanguage":"en-GB","@id":"https:\/\/www.revistarambla.com\/#\/schema\/logo\/image\/","url":"https:\/\/www.revistarambla.com\/wp-content\/uploads\/2020\/09\/banner_rambla_1900x600_BB.png","contentUrl":"https:\/\/www.revistarambla.com\/wp-content\/uploads\/2020\/09\/banner_rambla_1900x600_BB.png","width":1900,"height":600,"caption":"Revista Rambla"},"image":{"@id":"https:\/\/www.revistarambla.com\/#\/schema\/logo\/image\/"},"sameAs":["https:\/\/www.facebook.com\/revistarambla\/","https:\/\/x.com\/revistarambla","https:\/\/www.instagram.com\/revista_rambla","https:\/\/es.linkedin.com\/company\/revista-rambla"]},{"@type":"Person","@id":"https:\/\/www.revistarambla.com\/#\/schema\/person\/a146a5a2550b94981a75131180e1bd9c","name":"R@mbla","description":"Este art\u00edculo ha sido redactado y\/o validado por el equipo de redacci\u00f3n de Revista Rambla.","sameAs":["https:\/\/www.revistarambla.com\/","https:\/\/www.facebook.com\/revistarambla","https:\/\/x.com\/revistarambla"]}]}},"_links":{"self":[{"href":"https:\/\/www.revistarambla.com\/en\/wp-json\/wp\/v2\/posts\/65574","targetHints":{"allow":["GET"]}}],"collection":[{"href":"https:\/\/www.revistarambla.com\/en\/wp-json\/wp\/v2\/posts"}],"about":[{"href":"https:\/\/www.revistarambla.com\/en\/wp-json\/wp\/v2\/types\/post"}],"author":[{"embeddable":true,"href":"https:\/\/www.revistarambla.com\/en\/wp-json\/wp\/v2\/users\/3"}],"replies":[{"embeddable":true,"href":"https:\/\/www.revistarambla.com\/en\/wp-json\/wp\/v2\/comments?post=65574"}],"version-history":[{"count":1,"href":"https:\/\/www.revistarambla.com\/en\/wp-json\/wp\/v2\/posts\/65574\/revisions"}],"predecessor-version":[{"id":65576,"href":"https:\/\/www.revistarambla.com\/en\/wp-json\/wp\/v2\/posts\/65574\/revisions\/65576"}],"wp:featuredmedia":[{"embeddable":true,"href":"https:\/\/www.revistarambla.com\/en\/wp-json\/wp\/v2\/media\/65575"}],"wp:attachment":[{"href":"https:\/\/www.revistarambla.com\/en\/wp-json\/wp\/v2\/media?parent=65574"}],"wp:term":[{"taxonomy":"category","embeddable":true,"href":"https:\/\/www.revistarambla.com\/en\/wp-json\/wp\/v2\/categories?post=65574"},{"taxonomy":"post_tag","embeddable":true,"href":"https:\/\/www.revistarambla.com\/en\/wp-json\/wp\/v2\/tags?post=65574"}],"curies":[{"name":"wp","href":"https:\/\/api.w.org\/{rel}","templated":true}]}}