{"id":65565,"date":"2025-06-27T12:42:22","date_gmt":"2025-06-27T10:42:22","guid":{"rendered":"https:\/\/www.revistarambla.com\/?p=65565"},"modified":"2025-06-27T12:42:22","modified_gmt":"2025-06-27T10:42:22","slug":"un-viaje-alternativo-por-la-francia-que-huele-a-mar-montana-y-vinedo","status":"publish","type":"post","link":"https:\/\/www.revistarambla.com\/en\/un-viaje-alternativo-por-la-francia-que-huele-a-mar-montana-y-vinedo\/","title":{"rendered":"Un viaje alternativo por la Francia que huele a mar, monta\u00f1a y vi\u00f1edo"},"content":{"rendered":"<p>Atravesar Francia sin pisar los focos habituales de Par\u00eds, la Costa Azul o el Valle del Loira es descubrir un mosaico de paisajes, sabores y acentos que cautiva incluso al viajero reincidente. Hoy proponemos un itinerario que abraza cuatro territorios con car\u00e1cter propio \u2014La Rochelle, los Altos de Francia, el Jura y el Alto Rin\u2014 para demostrar que la \u201cotra\u201d Francia tambi\u00e9n merece el primer puesto en tu lista de escapadas.<\/p>\n<h3><b>La Rochelle: la llamada del Atl\u00e1ntico<\/b><\/h3>\n<p>Pocas ciudades portuarias conservan tan vivo el pulso marinero como <a href=\"https:\/\/deviajepor.com\/que-ver-en-la-rochelle\/\"><b>La Rochelle<\/b><\/a>. Fundada por los templarios y convertida despu\u00e9s en emporio hugonote, la capital de Charente-Maritime despliega un casco antiguo de piedra caliza blanqu\u00edsima que parece reflejar la luz del oc\u00e9ano. M\u00e1s all\u00e1 de sus ic\u00f3nicas torres \u2014Saint-Nicolas, la Cha\u00eene y la Lanterne\u2014, la ciudad es un laboratorio de sostenibilidad urbana: tranv\u00edas el\u00e9ctricos, carriles bici que serpentean hacia \u00cele de R\u00e9 y un mercado cubierto donde los pescadores venden todav\u00eda su captura de madrugada.<\/p>\n<p><b>Qu\u00e9 no perderse<\/b><\/p>\n<ul>\n<li aria-level=\"1\"><b>Paseo al atardecer<\/b> por el Vieux Port; con marea llena, los reflejos anaranjados sobre el agua regalan una de las postales m\u00e1s fotog\u00e9nicas del Atl\u00e1ntico franc\u00e9s.<\/li>\n<li aria-level=\"1\"><b>Museo Mar\u00edtimo<\/b>: anclado junto a la d\u00e1rsena, re\u00fane veleros hist\u00f3ricos y un antiguo barco meteorol\u00f3gico reconvertido en espacio expositivo.<\/li>\n<li aria-level=\"1\"><b>Cocina del mar<\/b>: las ostras de Marennes-Ol\u00e9ron y el famoso \u201cpineau\u201d \u2014licor local a base de mosto y cognac\u2014 son el maridaje perfecto para una cena frente a los pantalanes.<\/li>\n<\/ul>\n<p><b>Idea clave:<\/b> La Rochelle demuestra que se puede saborear la esencia atl\u00e1ntica sin renunciar a iniciativas <i>eco friendly<\/i> que inspiran a otras ciudades costeras.<\/p>\n<h3><b>Altos de Francia: patrimonio industrial y dunas infinitas<\/b><\/h3>\n<p>A dos horas y media al norte de Par\u00eds, la <a href=\"https:\/\/deviajepor.com\/que-ver-en-altos-de-francia\/\"><b>Regi\u00f3n Altos de Francia<\/b><\/a> teje un relato que va de las minas de carb\u00f3n a los acantilados de Opal. Lille, su capital, mezcla arquitectura flamenca con universidades tan din\u00e1micas que han convertido antiguos almacenes en incubadoras de \u201cstart-ups\u201d culturales. Pero el gran descubrimiento se llama Costa de \u00d3palo: 120 kil\u00f3metros de playa salvaje donde practicar deportes de viento o contemplar, en los d\u00edas despejados, los acantilados blancos de Dover al otro lado del canal.<\/p>\n<p><b>Qu\u00e9 no perderse<\/b><\/p>\n<ul>\n<li aria-level=\"1\"><b>Vieux-Lille<\/b>: un laberinto barroco con fachadas de ladrillo y piedra donde las librer\u00edas cohabitan con cervecer\u00edas artesanas.<\/li>\n<li aria-level=\"1\"><b>Centro Hist\u00f3rico Minero de Lewarde<\/b>: visita imprescindible para entender c\u00f3mo el carb\u00f3n forj\u00f3 la identidad obrera de la regi\u00f3n.<\/li>\n<li aria-level=\"1\"><b>Grand Site des Deux-Caps<\/b>: la ruta de senderismo entre los cabos Gris-Nez y Blanc-Nez regala vistas de v\u00e9rtigo sobre el canal.<\/li>\n<\/ul>\n<p><b>Idea clave:<\/b> Altos de Francia reinventa su pasado industrial con un turismo cultural que apuesta por la memoria obrera y la naturaleza intacta.<\/p>\n<h3><b>Jura: la Francia verde que madura en silencio<\/b><\/h3>\n<p>Entre Borgo\u00f1a y Suiza se esconde la <a href=\"https:\/\/deviajepor.com\/la-region-del-jura\/\"><b>regi\u00f3n del Jura<\/b><\/a>, una sinfon\u00eda de monta\u00f1as calc\u00e1reas, cascadas y vi\u00f1edos que producen vinos tan peculiares como el \u201cvin jaune\u201d. Aqu\u00ed el viajero cambia el rugido del tr\u00e1fico por el murmullo de los r\u00edos y el tintinear de las hojas de haya. En invierno, las llanuras altas acogen discretas estaciones de esqu\u00ed n\u00f3rdico; en verano, los lagos glaciares se transforman en piscinas naturales de agua verde esmeralda.<\/p>\n<p><b>Qu\u00e9 no perderse<\/b><\/p>\n<ul>\n<li aria-level=\"1\"><b>Arbois y Ch\u00e2teau-Chalon<\/b>, cuna del en\u00f3logo Louis Pasteur y capital espiritual del \u201cvin jaune\u201d; las bodegas abren sus barricas de savagnin maduradas bajo velo de levaduras durante seis a\u00f1os y tres meses.<\/li>\n<li aria-level=\"1\"><b>Sendero de las Cascadas del H\u00e9risson<\/b>, donde siete saltos de agua escalonan el valle entre brumas y helechos gigantes.<\/li>\n<li aria-level=\"1\"><b>La Ruta del Queso Comt\u00e9<\/b>, que enlaza cooperativas rurales con vistas a prados punteados de vacas montb\u00e9liardes.<\/li>\n<\/ul>\n<p><b>Idea clave:<\/b> El Jura reivindica un turismo lento, donde la armon\u00eda entre agricultura, artesan\u00eda y entorno natural se palpa en cada sorbo y en cada sendero.<\/p>\n<h3><b>Alto Rin: la Alsacia menos obvia<\/b><\/h3>\n<p>Cuando se habla de Alsacia, Colmar y Estrasburgo copan portadas. Sin embargo, el <a href=\"https:\/\/deviajepor.com\/que-ver-en-el-alto-rin\/\"><b>Alto Rin<\/b><\/a> \u2014departamento fronterizo con Alemania y Suiza\u2014 guarda tesoros como la ruta del vino m\u00e1s antigua de Francia o castillos en ruinas que vigilan los Vosgos. Mulhouse, su capital industrial, ha pasado de fabricar locomotoras a exhibir colecciones de coches de \u00e9poca en la Cit\u00e9 de l\u2019Automobile. Y en los pueblos que cosen la ladera, las casas entramadas florecen en geranios hasta bien entrado el oto\u00f1o.<\/p>\n<p><b>Qu\u00e9 no perderse<\/b><\/p>\n<ul>\n<li aria-level=\"1\"><b>Eguisheim<\/b>, clasificado entre los \u201cPueblos m\u00e1s bonitos de Francia\u201d, perfecto para pedalear entre vi\u00f1as de riesling y gew\u00fcrztraminer.<\/li>\n<li aria-level=\"1\"><b>Castillo de Haut-Koenigsbourg<\/b>, fortaleza del siglo XII restaurada por Guillermo II y colgada sobre un espol\u00f3n rocoso.<\/li>\n<li aria-level=\"1\"><b>Mercadillos de Adviento<\/b>, donde los bredele (galletas de especias) y el vino caliente de canela justifican viajar en temporada baja.<\/li>\n<\/ul>\n<p><b>Idea clave:<\/b> El Alto Rin combina el encanto de las postales navide\u00f1as con un patrimonio industrial que reinterpreta la historia europea de la mecanizaci\u00f3n.<\/p>\n<h3><b>Consejos para hilar la ruta<\/b><\/h3>\n<ol>\n<li aria-level=\"1\"><b>M\u00edmate con el tren<\/b>. Francia posee una red ferroviaria que enlaza La Rochelle, Lille, Besan\u00e7on (puerta del Jura) y Mulhouse sin necesidad de coche. Menos emisiones y m\u00e1s paisajes desde la ventanilla.<\/li>\n<li aria-level=\"1\"><b>Planifica seg\u00fan estaciones<\/b>. El Atl\u00e1ntico luce en primavera; el norte, con sus festivales de luz, seduce en oto\u00f1o; el Jura brilla en invierno; la Alsacia arom\u00e1tica explota en diciembre.<\/li>\n<li aria-level=\"1\"><b>Integra experiencias locales<\/b>. Una clase de cocina en La Rochelle, una cata de cerveza en Lille, una marcha n\u00f3rdica en el Jura o un taller de pan de especias en Eguisheim aportan capas de autenticidad.<\/li>\n<\/ol>\n<h3><b>Una conclusi\u00f3n en movimiento<\/b><\/h3>\n<p>Recorrer estos cuatro territorios es <b>entender Francia en 360 grados<\/b>: el rugido salado de La Rochelle, la \u00e9pica obrera de los Altos de Francia, el susurro forestal del Jura y el perfume vin\u00edcola del Alto Rin. Cada parada aporta un matiz \u2014marinero, industrial, monta\u00f1\u00e9s, alsaciano\u2014 que invita a trazar rutas circulares, a repetir viaje con nuevos ojos y a escapar del clich\u00e9 tur\u00edstico. Porque, al final, lo fascinante de Francia no es solo su variedad geogr\u00e1fica, sino la capacidad que tiene cada regi\u00f3n de reinventarse sin traicionar su esencia. Con un billete de tren en la mano y la curiosidad encendida, el resto lo pone el camino.<\/p>","protected":false},"excerpt":{"rendered":"<p>Atravesar Francia sin pisar los focos habituales de Par\u00eds, la Costa Azul o el Valle del Loira es descubrir un mosaico de paisajes, sabores y acentos que cautiva incluso al viajero reincidente. Hoy proponemos un itinerario que abraza cuatro territorios con car\u00e1cter propio \u2014La Rochelle, los Altos de Francia, el [&hellip;]<\/p>\n","protected":false},"author":3,"featured_media":65566,"comment_status":"closed","ping_status":"closed","sticky":false,"template":"","format":"standard","meta":{"footnotes":""},"categories":[3790],"tags":[],"class_list":["post-65565","post","type-post","status-publish","format-standard","has-post-thumbnail","hentry","category-otras-noticias"],"yoast_head":"<!-- This site is optimized with the Yoast SEO plugin v27.5 - https:\/\/yoast.com\/product\/yoast-seo-wordpress\/ -->\n<title>Un viaje alternativo por la Francia que huele a mar, monta\u00f1a y vi\u00f1edo - Revista Rambla<\/title>\n<meta name=\"robots\" content=\"index, follow, max-snippet:-1, max-image-preview:large, max-video-preview:-1\" \/>\n<link rel=\"canonical\" href=\"https:\/\/www.revistarambla.com\/en\/un-viaje-alternativo-por-la-francia-que-huele-a-mar-montana-y-vinedo\/\" \/>\n<meta property=\"og:locale\" content=\"en_GB\" \/>\n<meta property=\"og:type\" content=\"article\" \/>\n<meta property=\"og:title\" content=\"Un viaje alternativo por la Francia que huele a mar, monta\u00f1a y vi\u00f1edo - Revista Rambla\" \/>\n<meta property=\"og:description\" content=\"Atravesar Francia sin pisar los focos habituales de Par\u00eds, la Costa Azul o el Valle del Loira es descubrir un mosaico de paisajes, sabores y acentos que cautiva incluso al viajero reincidente. Hoy proponemos un itinerario que abraza cuatro territorios con car\u00e1cter propio \u2014La Rochelle, los Altos de Francia, el [&hellip;]\" \/>\n<meta property=\"og:url\" content=\"https:\/\/www.revistarambla.com\/en\/un-viaje-alternativo-por-la-francia-que-huele-a-mar-montana-y-vinedo\/\" \/>\n<meta property=\"og:site_name\" content=\"Revista Rambla\" \/>\n<meta property=\"article:publisher\" content=\"https:\/\/www.facebook.com\/revistarambla\/\" \/>\n<meta property=\"article:author\" content=\"https:\/\/www.facebook.com\/revistarambla\" \/>\n<meta property=\"article:published_time\" content=\"2025-06-27T10:42:22+00:00\" \/>\n<meta property=\"og:image\" content=\"https:\/\/www.revistarambla.com\/wp-content\/uploads\/2025\/06\/phpmoKKgI685a657d6ef6e.jpg\" \/>\n\t<meta property=\"og:image:width\" content=\"1280\" \/>\n\t<meta property=\"og:image:height\" content=\"852\" \/>\n\t<meta property=\"og:image:type\" content=\"image\/jpeg\" \/>\n<meta name=\"author\" content=\"R@mbla\" \/>\n<meta name=\"twitter:card\" content=\"summary_large_image\" \/>\n<meta name=\"twitter:creator\" content=\"@revistarambla\" \/>\n<meta name=\"twitter:site\" content=\"@revistarambla\" \/>\n<meta name=\"twitter:label1\" content=\"Written by\" \/>\n\t<meta name=\"twitter:data1\" content=\"R@mbla\" \/>\n\t<meta name=\"twitter:label2\" content=\"Estimated reading time\" \/>\n\t<meta name=\"twitter:data2\" content=\"5 minutes\" \/>\n<script type=\"application\/ld+json\" class=\"yoast-schema-graph\">{\"@context\":\"https:\\\/\\\/schema.org\",\"@graph\":[{\"@type\":\"Article\",\"@id\":\"https:\\\/\\\/www.revistarambla.com\\\/un-viaje-alternativo-por-la-francia-que-huele-a-mar-montana-y-vinedo\\\/#article\",\"isPartOf\":{\"@id\":\"https:\\\/\\\/www.revistarambla.com\\\/un-viaje-alternativo-por-la-francia-que-huele-a-mar-montana-y-vinedo\\\/\"},\"author\":{\"name\":\"R@mbla\",\"@id\":\"https:\\\/\\\/www.revistarambla.com\\\/#\\\/schema\\\/person\\\/a146a5a2550b94981a75131180e1bd9c\"},\"headline\":\"Un viaje alternativo por la Francia que huele a mar, monta\u00f1a y vi\u00f1edo\",\"datePublished\":\"2025-06-27T10:42:22+00:00\",\"mainEntityOfPage\":{\"@id\":\"https:\\\/\\\/www.revistarambla.com\\\/un-viaje-alternativo-por-la-francia-que-huele-a-mar-montana-y-vinedo\\\/\"},\"wordCount\":1086,\"publisher\":{\"@id\":\"https:\\\/\\\/www.revistarambla.com\\\/#organization\"},\"image\":{\"@id\":\"https:\\\/\\\/www.revistarambla.com\\\/un-viaje-alternativo-por-la-francia-que-huele-a-mar-montana-y-vinedo\\\/#primaryimage\"},\"thumbnailUrl\":\"https:\\\/\\\/www.revistarambla.com\\\/wp-content\\\/uploads\\\/2025\\\/06\\\/phpmoKKgI685a657d6ef6e.jpg\",\"articleSection\":[\"Otras Noticias\"],\"inLanguage\":\"en-GB\"},{\"@type\":\"WebPage\",\"@id\":\"https:\\\/\\\/www.revistarambla.com\\\/un-viaje-alternativo-por-la-francia-que-huele-a-mar-montana-y-vinedo\\\/\",\"url\":\"https:\\\/\\\/www.revistarambla.com\\\/un-viaje-alternativo-por-la-francia-que-huele-a-mar-montana-y-vinedo\\\/\",\"name\":\"Un viaje alternativo por la Francia que huele a mar, monta\u00f1a y vi\u00f1edo - Revista Rambla\",\"isPartOf\":{\"@id\":\"https:\\\/\\\/www.revistarambla.com\\\/#website\"},\"primaryImageOfPage\":{\"@id\":\"https:\\\/\\\/www.revistarambla.com\\\/un-viaje-alternativo-por-la-francia-que-huele-a-mar-montana-y-vinedo\\\/#primaryimage\"},\"image\":{\"@id\":\"https:\\\/\\\/www.revistarambla.com\\\/un-viaje-alternativo-por-la-francia-que-huele-a-mar-montana-y-vinedo\\\/#primaryimage\"},\"thumbnailUrl\":\"https:\\\/\\\/www.revistarambla.com\\\/wp-content\\\/uploads\\\/2025\\\/06\\\/phpmoKKgI685a657d6ef6e.jpg\",\"datePublished\":\"2025-06-27T10:42:22+00:00\",\"breadcrumb\":{\"@id\":\"https:\\\/\\\/www.revistarambla.com\\\/un-viaje-alternativo-por-la-francia-que-huele-a-mar-montana-y-vinedo\\\/#breadcrumb\"},\"inLanguage\":\"en-GB\",\"potentialAction\":[{\"@type\":\"ReadAction\",\"target\":[\"https:\\\/\\\/www.revistarambla.com\\\/un-viaje-alternativo-por-la-francia-que-huele-a-mar-montana-y-vinedo\\\/\"]}]},{\"@type\":\"ImageObject\",\"inLanguage\":\"en-GB\",\"@id\":\"https:\\\/\\\/www.revistarambla.com\\\/un-viaje-alternativo-por-la-francia-que-huele-a-mar-montana-y-vinedo\\\/#primaryimage\",\"url\":\"https:\\\/\\\/www.revistarambla.com\\\/wp-content\\\/uploads\\\/2025\\\/06\\\/phpmoKKgI685a657d6ef6e.jpg\",\"contentUrl\":\"https:\\\/\\\/www.revistarambla.com\\\/wp-content\\\/uploads\\\/2025\\\/06\\\/phpmoKKgI685a657d6ef6e.jpg\",\"width\":1280,\"height\":852,\"caption\":\"viaje alternativo por la Francia\"},{\"@type\":\"BreadcrumbList\",\"@id\":\"https:\\\/\\\/www.revistarambla.com\\\/un-viaje-alternativo-por-la-francia-que-huele-a-mar-montana-y-vinedo\\\/#breadcrumb\",\"itemListElement\":[{\"@type\":\"ListItem\",\"position\":1,\"name\":\"Portada\",\"item\":\"https:\\\/\\\/www.revistarambla.com\\\/\"},{\"@type\":\"ListItem\",\"position\":2,\"name\":\"Un viaje alternativo por la Francia que huele a mar, monta\u00f1a y vi\u00f1edo\"}]},{\"@type\":\"WebSite\",\"@id\":\"https:\\\/\\\/www.revistarambla.com\\\/#website\",\"url\":\"https:\\\/\\\/www.revistarambla.com\\\/\",\"name\":\"Revista Rambla Barcelona\",\"description\":\"Periodismo independiente\",\"publisher\":{\"@id\":\"https:\\\/\\\/www.revistarambla.com\\\/#organization\"},\"potentialAction\":[{\"@type\":\"SearchAction\",\"target\":{\"@type\":\"EntryPoint\",\"urlTemplate\":\"https:\\\/\\\/www.revistarambla.com\\\/?s={search_term_string}\"},\"query-input\":{\"@type\":\"PropertyValueSpecification\",\"valueRequired\":true,\"valueName\":\"search_term_string\"}}],\"inLanguage\":\"en-GB\"},{\"@type\":\"Organization\",\"@id\":\"https:\\\/\\\/www.revistarambla.com\\\/#organization\",\"name\":\"Revista Rambla\",\"url\":\"https:\\\/\\\/www.revistarambla.com\\\/\",\"logo\":{\"@type\":\"ImageObject\",\"inLanguage\":\"en-GB\",\"@id\":\"https:\\\/\\\/www.revistarambla.com\\\/#\\\/schema\\\/logo\\\/image\\\/\",\"url\":\"https:\\\/\\\/www.revistarambla.com\\\/wp-content\\\/uploads\\\/2020\\\/09\\\/banner_rambla_1900x600_BB.png\",\"contentUrl\":\"https:\\\/\\\/www.revistarambla.com\\\/wp-content\\\/uploads\\\/2020\\\/09\\\/banner_rambla_1900x600_BB.png\",\"width\":1900,\"height\":600,\"caption\":\"Revista Rambla\"},\"image\":{\"@id\":\"https:\\\/\\\/www.revistarambla.com\\\/#\\\/schema\\\/logo\\\/image\\\/\"},\"sameAs\":[\"https:\\\/\\\/www.facebook.com\\\/revistarambla\\\/\",\"https:\\\/\\\/x.com\\\/revistarambla\",\"https:\\\/\\\/www.instagram.com\\\/revista_rambla\",\"https:\\\/\\\/es.linkedin.com\\\/company\\\/revista-rambla\"]},{\"@type\":\"Person\",\"@id\":\"https:\\\/\\\/www.revistarambla.com\\\/#\\\/schema\\\/person\\\/a146a5a2550b94981a75131180e1bd9c\",\"name\":\"R@mbla\",\"description\":\"Este art\u00edculo ha sido redactado y\\\/o validado por el equipo de redacci\u00f3n de Revista Rambla.\",\"sameAs\":[\"https:\\\/\\\/www.revistarambla.com\\\/\",\"https:\\\/\\\/www.facebook.com\\\/revistarambla\",\"https:\\\/\\\/x.com\\\/revistarambla\"]}]}<\/script>\n<!-- \/ Yoast SEO plugin. -->","yoast_head_json":{"title":"Un viaje alternativo por la Francia que huele a mar, monta\u00f1a y vi\u00f1edo - Revista Rambla","robots":{"index":"index","follow":"follow","max-snippet":"max-snippet:-1","max-image-preview":"max-image-preview:large","max-video-preview":"max-video-preview:-1"},"canonical":"https:\/\/www.revistarambla.com\/en\/un-viaje-alternativo-por-la-francia-que-huele-a-mar-montana-y-vinedo\/","og_locale":"en_GB","og_type":"article","og_title":"Un viaje alternativo por la Francia que huele a mar, monta\u00f1a y vi\u00f1edo - Revista Rambla","og_description":"Atravesar Francia sin pisar los focos habituales de Par\u00eds, la Costa Azul o el Valle del Loira es descubrir un mosaico de paisajes, sabores y acentos que cautiva incluso al viajero reincidente. Hoy proponemos un itinerario que abraza cuatro territorios con car\u00e1cter propio \u2014La Rochelle, los Altos de Francia, el [&hellip;]","og_url":"https:\/\/www.revistarambla.com\/en\/un-viaje-alternativo-por-la-francia-que-huele-a-mar-montana-y-vinedo\/","og_site_name":"Revista Rambla","article_publisher":"https:\/\/www.facebook.com\/revistarambla\/","article_author":"https:\/\/www.facebook.com\/revistarambla","article_published_time":"2025-06-27T10:42:22+00:00","og_image":[{"width":1280,"height":852,"url":"https:\/\/www.revistarambla.com\/wp-content\/uploads\/2025\/06\/phpmoKKgI685a657d6ef6e.jpg","type":"image\/jpeg"}],"author":"R@mbla","twitter_card":"summary_large_image","twitter_creator":"@revistarambla","twitter_site":"@revistarambla","twitter_misc":{"Written by":"R@mbla","Estimated reading time":"5 minutes"},"schema":{"@context":"https:\/\/schema.org","@graph":[{"@type":"Article","@id":"https:\/\/www.revistarambla.com\/un-viaje-alternativo-por-la-francia-que-huele-a-mar-montana-y-vinedo\/#article","isPartOf":{"@id":"https:\/\/www.revistarambla.com\/un-viaje-alternativo-por-la-francia-que-huele-a-mar-montana-y-vinedo\/"},"author":{"name":"R@mbla","@id":"https:\/\/www.revistarambla.com\/#\/schema\/person\/a146a5a2550b94981a75131180e1bd9c"},"headline":"Un viaje alternativo por la Francia que huele a mar, monta\u00f1a y vi\u00f1edo","datePublished":"2025-06-27T10:42:22+00:00","mainEntityOfPage":{"@id":"https:\/\/www.revistarambla.com\/un-viaje-alternativo-por-la-francia-que-huele-a-mar-montana-y-vinedo\/"},"wordCount":1086,"publisher":{"@id":"https:\/\/www.revistarambla.com\/#organization"},"image":{"@id":"https:\/\/www.revistarambla.com\/un-viaje-alternativo-por-la-francia-que-huele-a-mar-montana-y-vinedo\/#primaryimage"},"thumbnailUrl":"https:\/\/www.revistarambla.com\/wp-content\/uploads\/2025\/06\/phpmoKKgI685a657d6ef6e.jpg","articleSection":["Otras Noticias"],"inLanguage":"en-GB"},{"@type":"WebPage","@id":"https:\/\/www.revistarambla.com\/un-viaje-alternativo-por-la-francia-que-huele-a-mar-montana-y-vinedo\/","url":"https:\/\/www.revistarambla.com\/un-viaje-alternativo-por-la-francia-que-huele-a-mar-montana-y-vinedo\/","name":"Un viaje alternativo por la Francia que huele a mar, monta\u00f1a y vi\u00f1edo - Revista Rambla","isPartOf":{"@id":"https:\/\/www.revistarambla.com\/#website"},"primaryImageOfPage":{"@id":"https:\/\/www.revistarambla.com\/un-viaje-alternativo-por-la-francia-que-huele-a-mar-montana-y-vinedo\/#primaryimage"},"image":{"@id":"https:\/\/www.revistarambla.com\/un-viaje-alternativo-por-la-francia-que-huele-a-mar-montana-y-vinedo\/#primaryimage"},"thumbnailUrl":"https:\/\/www.revistarambla.com\/wp-content\/uploads\/2025\/06\/phpmoKKgI685a657d6ef6e.jpg","datePublished":"2025-06-27T10:42:22+00:00","breadcrumb":{"@id":"https:\/\/www.revistarambla.com\/un-viaje-alternativo-por-la-francia-que-huele-a-mar-montana-y-vinedo\/#breadcrumb"},"inLanguage":"en-GB","potentialAction":[{"@type":"ReadAction","target":["https:\/\/www.revistarambla.com\/un-viaje-alternativo-por-la-francia-que-huele-a-mar-montana-y-vinedo\/"]}]},{"@type":"ImageObject","inLanguage":"en-GB","@id":"https:\/\/www.revistarambla.com\/un-viaje-alternativo-por-la-francia-que-huele-a-mar-montana-y-vinedo\/#primaryimage","url":"https:\/\/www.revistarambla.com\/wp-content\/uploads\/2025\/06\/phpmoKKgI685a657d6ef6e.jpg","contentUrl":"https:\/\/www.revistarambla.com\/wp-content\/uploads\/2025\/06\/phpmoKKgI685a657d6ef6e.jpg","width":1280,"height":852,"caption":"viaje alternativo por la Francia"},{"@type":"BreadcrumbList","@id":"https:\/\/www.revistarambla.com\/un-viaje-alternativo-por-la-francia-que-huele-a-mar-montana-y-vinedo\/#breadcrumb","itemListElement":[{"@type":"ListItem","position":1,"name":"Portada","item":"https:\/\/www.revistarambla.com\/"},{"@type":"ListItem","position":2,"name":"Un viaje alternativo por la Francia que huele a mar, monta\u00f1a y vi\u00f1edo"}]},{"@type":"WebSite","@id":"https:\/\/www.revistarambla.com\/#website","url":"https:\/\/www.revistarambla.com\/","name":"Revista Rambla Barcelona","description":"Periodismo independiente","publisher":{"@id":"https:\/\/www.revistarambla.com\/#organization"},"potentialAction":[{"@type":"SearchAction","target":{"@type":"EntryPoint","urlTemplate":"https:\/\/www.revistarambla.com\/?s={search_term_string}"},"query-input":{"@type":"PropertyValueSpecification","valueRequired":true,"valueName":"search_term_string"}}],"inLanguage":"en-GB"},{"@type":"Organization","@id":"https:\/\/www.revistarambla.com\/#organization","name":"Revista Rambla","url":"https:\/\/www.revistarambla.com\/","logo":{"@type":"ImageObject","inLanguage":"en-GB","@id":"https:\/\/www.revistarambla.com\/#\/schema\/logo\/image\/","url":"https:\/\/www.revistarambla.com\/wp-content\/uploads\/2020\/09\/banner_rambla_1900x600_BB.png","contentUrl":"https:\/\/www.revistarambla.com\/wp-content\/uploads\/2020\/09\/banner_rambla_1900x600_BB.png","width":1900,"height":600,"caption":"Revista Rambla"},"image":{"@id":"https:\/\/www.revistarambla.com\/#\/schema\/logo\/image\/"},"sameAs":["https:\/\/www.facebook.com\/revistarambla\/","https:\/\/x.com\/revistarambla","https:\/\/www.instagram.com\/revista_rambla","https:\/\/es.linkedin.com\/company\/revista-rambla"]},{"@type":"Person","@id":"https:\/\/www.revistarambla.com\/#\/schema\/person\/a146a5a2550b94981a75131180e1bd9c","name":"R@mbla","description":"Este art\u00edculo ha sido redactado y\/o validado por el equipo de redacci\u00f3n de Revista Rambla.","sameAs":["https:\/\/www.revistarambla.com\/","https:\/\/www.facebook.com\/revistarambla","https:\/\/x.com\/revistarambla"]}]}},"_links":{"self":[{"href":"https:\/\/www.revistarambla.com\/en\/wp-json\/wp\/v2\/posts\/65565","targetHints":{"allow":["GET"]}}],"collection":[{"href":"https:\/\/www.revistarambla.com\/en\/wp-json\/wp\/v2\/posts"}],"about":[{"href":"https:\/\/www.revistarambla.com\/en\/wp-json\/wp\/v2\/types\/post"}],"author":[{"embeddable":true,"href":"https:\/\/www.revistarambla.com\/en\/wp-json\/wp\/v2\/users\/3"}],"replies":[{"embeddable":true,"href":"https:\/\/www.revistarambla.com\/en\/wp-json\/wp\/v2\/comments?post=65565"}],"version-history":[{"count":1,"href":"https:\/\/www.revistarambla.com\/en\/wp-json\/wp\/v2\/posts\/65565\/revisions"}],"predecessor-version":[{"id":65567,"href":"https:\/\/www.revistarambla.com\/en\/wp-json\/wp\/v2\/posts\/65565\/revisions\/65567"}],"wp:featuredmedia":[{"embeddable":true,"href":"https:\/\/www.revistarambla.com\/en\/wp-json\/wp\/v2\/media\/65566"}],"wp:attachment":[{"href":"https:\/\/www.revistarambla.com\/en\/wp-json\/wp\/v2\/media?parent=65565"}],"wp:term":[{"taxonomy":"category","embeddable":true,"href":"https:\/\/www.revistarambla.com\/en\/wp-json\/wp\/v2\/categories?post=65565"},{"taxonomy":"post_tag","embeddable":true,"href":"https:\/\/www.revistarambla.com\/en\/wp-json\/wp\/v2\/tags?post=65565"}],"curies":[{"name":"wp","href":"https:\/\/api.w.org\/{rel}","templated":true}]}}