{"id":65561,"date":"2025-06-27T12:39:36","date_gmt":"2025-06-27T10:39:36","guid":{"rendered":"https:\/\/www.revistarambla.com\/?p=65561"},"modified":"2025-09-03T15:08:44","modified_gmt":"2025-09-03T13:08:44","slug":"por-que-cegid-visualtime-es-la-solucion-integral-para-la-gestion-del-tiempo-y-recursos-humanos","status":"publish","type":"post","link":"https:\/\/www.revistarambla.com\/en\/por-que-cegid-visualtime-es-la-solucion-integral-para-la-gestion-del-tiempo-y-recursos-humanos\/","title":{"rendered":"\u00bfPor qu\u00e9 Cegid Visualtime es la soluci\u00f3n integral para la gesti\u00f3n del tiempo y recursos humanos?"},"content":{"rendered":"<p><b>Cegid Visualtime funciona como un software especializado en la gesti\u00f3n del tiempo de trabajo<\/b>. Este sistema se ha dise\u00f1ado para su uso en pymes (peque\u00f1as y medianas empresas) y grandes corporaciones. La herramienta trabaja desde una plataforma \u00fanica que registra las jornadas laborales, adem\u00e1s de administrar vacaciones, ausencias y bajas del personal.<\/p>\n<p><b>El software est\u00e1 capacitado para implementarse en cualquier entorno laboral; puede ser usado de manera presencial, remota, desde la oficina o h\u00edbrida<\/b>. Las funciones que se destacan son la planificaci\u00f3n de horarios, la automatizaci\u00f3n de los procesos administrativos, <a href=\"https:\/\/www.cegid.com\/ib\/es\/productos\/software-gestion-tiempo-visualtime\/control-horario-trabajadores\/\">control de presencias<\/a> y la optimizaci\u00f3n del \u00e1rea de recursos humanos. Adem\u00e1s, la arquitectura del sistema est\u00e1 dise\u00f1ada para su f\u00e1cil uso, enfocando la organizaci\u00f3n de las tareas.<\/p>\n<h2><b>\u00bfPor qu\u00e9 considerar a Cegid Visualtime?<\/b><\/h2>\n<p><b>El software Cegid Visualtime facilita la gesti\u00f3n del tiempo de las empresas<\/b>. Este sistema funciona como una soluci\u00f3n integral que ayuda a automatizar tareas del personal encargado de RR. HH, cubriendo el control horario b\u00e1sico y el an\u00e1lisis avanzado de datos. Este\u00a0<a href=\"https:\/\/www.cegid.com\/ib\/es\/productos\/software-gestion-tiempo-visualtime\/gestor-vacaciones-empleados\/\">software de vacaciones<\/a> tambi\u00e9n ofrece la flexibilidad al personal que requiere incentivos o demandas.<\/p>\n<p>La interacci\u00f3n con Cegid Visualtime hace que el trabajo sea efectivo, creando modelos flexibles y preservando la productividad al realizar registros precisos en los turnos de trabajo.<\/p>\n<p><b>Esta soluci\u00f3n resulta id\u00f3nea para empresas que priorizan tres elementos: control operativo, adaptabilidad e informaci\u00f3n confiable<\/b>. Por ello, permite planificar turnos, automatizar procesos administrativos y optimizar recursos al instante, sin importar la ubicaci\u00f3n de los colaboradores.<\/p>\n<h2><b>\u00bfDe qu\u00e9 manera opera Cegid Visualtime y por qu\u00e9 resulta ventajoso?<\/b><\/h2>\n<p>A continuaci\u00f3n, estas son las funciones m\u00e1s importantes de Cegid Visualtime para RR. HH. y la gesti\u00f3n del tiempo:<\/p>\n<h3><b>Gesti\u00f3n de recursos humanos<\/b><\/h3>\n<p><b>Cegid Visualtime funciona centralizando todos los procesos del personal de RR. HH. en una \u00fanica plataforma<\/b>. El sistema opera realizando expedientes digitales que se personalizan para proteger los datos bajo la modalidad RGPD, donde los managers pueden validar los documentos faltantes como: justificantes m\u00e9dicos enviando fotos por el proletariado.<\/p>\n<p><b>Esta herramienta elimina los tr\u00e1mites dif\u00edciles, pues automatiza y gestiona documentos, facilita las encuestas internas e incorpora los terminales biom\u00e9tricos como el reconocimiento facial con mascarilla, palma o huella<\/b>. La mejor ventaja es la unificaci\u00f3n de la informaci\u00f3n para futuras decisiones r\u00e1pidas, esto es, para adaptar el f\u00e1cil uso en entornos presenciales (la oficina), remotos (desde casa) o h\u00edbridos.<\/p>\n<h3><b>Gesti\u00f3n de vacaciones<\/b><\/h3>\n<p><b>El sistema Cegid Visualtime permite al personal administrativo solicitar, aprobar o cancelar las vacaciones solicitadas por el proletariado de manera remota sin importar la ubicaci\u00f3n, momento o dispositivo<\/b>. Esto se hace por medio de un calendario integrado al cual puede acceder el usuario, en este calendario se muestra la disponibilidad del personal, y as\u00ed puede evitar la detecci\u00f3n de duplicaciones de pedidos a trav\u00e9s de alertas.<\/p>\n<p><b>Cegid Visualtime puede establecer los flujos para la aprobaci\u00f3n de manera personalizada mediante notificaciones a tiempo real<\/b>. Adem\u00e1s, mantiene el historial que se puede auditar y a su vez genera informes. Por otro lado, facilita el trabajo al automatizar completamente los procesos manuales, consultando los d\u00edas libres para asegurar que se cumplan los acuerdos de las vacaciones individuales.<\/p>\n<p>La configuraci\u00f3n admite la creaci\u00f3n de grupos vacacionales diferenciados para actualizar la informaci\u00f3n de cada persona de forma centralizada. Esta funci\u00f3n ayuda a optimizar la gesti\u00f3n de ausencias para generar transparencia.<\/p>\n<h3><b>Control de horas trabajadas<\/b><\/h3>\n<p>Cegid Visualtime ofrece una nueva manera de medir la eficiencia del personal en la productividad de las horas trabajadas. Tambi\u00e9n ofrece datos en tiempo real con respecto a los costes generados, el rendimiento productivo, el absentismo e incluso el tiempo que se invierte en tareas o proyectos.<\/p>\n<p><b>El sistema Business de Intelligence de Cegid Visualtime centraliza todos estos datos para que est\u00e9n disponibles en una plataforma de f\u00e1cil acceso<\/b>.<\/p>\n<p>Con People Analytics se puede obtener perspectivas panor\u00e1micas y as\u00ed crear an\u00e1lisis personalizados, tambi\u00e9n permite usar instant\u00e1neas predefinidas para aprovechar los indicadores y los planes de igualdad. Por otro lado, el control de las ausencias se automatiza documentando altas, bajas y ausencias mientras se generan los informes comparativos que se pueden exportar.<\/p>\n<p>Igualmente, <b>delega en supervisores la validaci\u00f3n de permisos mediante su app m\u00f3vil, donde reciben justificantes con seguridad<\/b>. Esta integraci\u00f3n mejora la transparencia en tendencias mediante informes especializados que optimizan la toma de decisiones estrat\u00e9gicas.<\/p>\n<h3><b>Control horario de los empleados<\/b><\/h3>\n<p><b>Con Cegid Visualtime se puede fijar un n\u00famero infinito de horarios con supervisi\u00f3n total y hacerlos compatibles para distintos acuerdos o modalidades de trabajo<\/b>. Todas las tareas se centralizan desde un solo lugar para remover los errores humanos, tales como los conflictos con turnos repetidos, faltas o vacaciones ya confirmadas.<\/p>\n<p><b>El software organiza los turnos de manera autom\u00e1tica por medio de plantillas (fijos o rotativos)<\/b>. Adem\u00e1s, se pueden crear configuraciones que duren un tiempo o que sean definitivas, tambi\u00e9n es posible planificar honorarios semanales, mensuales o a largo plazo, as\u00ed como fijar turnos individuales o grupales en segundos.<\/p>\n<p><b>Cegid Visualtime monitoriza horas trabajadas, notifica cambios al instante y agiliza consultas mediante su app m\u00f3vi<\/b>l. Los empleados pueden ver sus turnos y controlar las horas, los gerentes pueden recibir alertas de conflictos y usar la vista calendario al acceder a esta informaci\u00f3n desde cualquier parte para garantizar precisi\u00f3n operativa.<\/p>\n<h3><b>Planificaci\u00f3n de turnos<\/b><\/h3>\n<p><b>Cegid Visualtime transforma la gesti\u00f3n de horarios mediante asignaci\u00f3n masiva adaptable a convenios laborales diversos<\/b>. Tambi\u00e9n centraliza toda la planificaci\u00f3n en una plataforma \u00fanica, eliminando errores humanos como solapamientos de turnos, ausencias imprevistas o conflictos con vacaciones aprobadas.<\/p>\n<p><b>El sistema opera con plantillas automatizadas para turnos fijos o rotativos, permitiendo configuraciones temporales o permanentes<\/b>. Asimismo, planifica coberturas semanales, mensuales o plurianuales, asignando horarios individuales o grupales en segundos. Adem\u00e1s, monitorea horas trabajadas en tiempo real y notifica cambios inmediatamente mediante su app m\u00f3vil.<\/p>\n<p>Gracias a esta integraci\u00f3n, los empleados visualizan sus turnos instant\u00e1neamente, mientras los supervisores reciben alertas de conflictos y acceden a vistas de calendario unificadas. <b>Cegid Visualtime garantiza precisi\u00f3n operativa en modelos presenciales, remotos o h\u00edbridos<\/b>.<\/p>\n<h3><b>Portal del empleado<\/b><\/h3>\n<p><b>Cegid Visualtime ofrece visibilidad completa sobre la gesti\u00f3n horaria, pues esta herramienta trabaja mediante una aplicaci\u00f3n f\u00e1cil de usar que funciona con o sin geolocalizaci\u00f3n<\/b>.<\/p>\n<p>Espec\u00edficamente, el portal de Cegid Visualtime centraliza todas las operaciones de recursos humanos, tales como la gesti\u00f3n de vacaciones, control de horas trabajadas, control horario de los empleados, gesti\u00f3n del tiempo trabajado y la planificaci\u00f3n de turnos.<\/p>\n<p>Adem\u00e1s, <b>el sistema elimina duplicaci\u00f3n de informaci\u00f3n cometida por errores humanos mediante canales de denuncia que son obligatorios y vienen integrado al software<\/b>. Por esta raz\u00f3n, al usar Cegid Visualtime se optimizan tareas importantes como el cambio de horarios o la aprobaci\u00f3n de documentos.<\/p>\n<p>Cegid Visualtime revoluciona la planificaci\u00f3n de turnos mediante la automatizaci\u00f3n inteligente, garantizando precisi\u00f3n operativa y adaptabilidad en cualquier modelo laboral. Su enfoque centralizado elimina conflictos de horarios y maximiza la productividad de los equipos.<\/p>","protected":false},"excerpt":{"rendered":"<p>Cegid Visualtime funciona como un software especializado en la gesti\u00f3n del tiempo de trabajo. Este sistema se ha dise\u00f1ado para su uso en pymes (peque\u00f1as y medianas empresas) y grandes corporaciones. La herramienta trabaja desde una plataforma \u00fanica que registra las jornadas laborales, adem\u00e1s de administrar vacaciones, ausencias y bajas [&hellip;]<\/p>\n","protected":false},"author":15,"featured_media":65562,"comment_status":"closed","ping_status":"closed","sticky":false,"template":"","format":"standard","meta":{"footnotes":""},"categories":[350],"tags":[],"class_list":["post-65561","post","type-post","status-publish","format-standard","has-post-thumbnail","hentry","category-miscelanea"],"yoast_head":"<!-- This site is optimized with the Yoast SEO plugin v27.5 - https:\/\/yoast.com\/product\/yoast-seo-wordpress\/ -->\n<title>\u00bfPor qu\u00e9 Cegid Visualtime es la soluci\u00f3n integral para la gesti\u00f3n del tiempo y recursos humanos? - Revista Rambla<\/title>\n<meta name=\"robots\" content=\"index, follow, max-snippet:-1, max-image-preview:large, max-video-preview:-1\" \/>\n<link rel=\"canonical\" href=\"https:\/\/www.revistarambla.com\/en\/por-que-cegid-visualtime-es-la-solucion-integral-para-la-gestion-del-tiempo-y-recursos-humanos\/\" \/>\n<meta property=\"og:locale\" content=\"en_GB\" \/>\n<meta property=\"og:type\" content=\"article\" \/>\n<meta property=\"og:title\" content=\"\u00bfPor qu\u00e9 Cegid Visualtime es la soluci\u00f3n integral para la gesti\u00f3n del tiempo y recursos humanos? - Revista Rambla\" \/>\n<meta property=\"og:description\" content=\"Cegid Visualtime funciona como un software especializado en la gesti\u00f3n del tiempo de trabajo. Este sistema se ha dise\u00f1ado para su uso en pymes (peque\u00f1as y medianas empresas) y grandes corporaciones. La herramienta trabaja desde una plataforma \u00fanica que registra las jornadas laborales, adem\u00e1s de administrar vacaciones, ausencias y bajas [&hellip;]\" \/>\n<meta property=\"og:url\" content=\"https:\/\/www.revistarambla.com\/en\/por-que-cegid-visualtime-es-la-solucion-integral-para-la-gestion-del-tiempo-y-recursos-humanos\/\" \/>\n<meta property=\"og:site_name\" content=\"Revista Rambla\" \/>\n<meta property=\"article:publisher\" content=\"https:\/\/www.facebook.com\/revistarambla\/\" \/>\n<meta property=\"article:published_time\" content=\"2025-06-27T10:39:36+00:00\" \/>\n<meta property=\"article:modified_time\" content=\"2025-09-03T13:08:44+00:00\" \/>\n<meta property=\"og:image\" content=\"https:\/\/www.revistarambla.com\/wp-content\/uploads\/2025\/06\/11991.jpg\" \/>\n\t<meta property=\"og:image:width\" content=\"1500\" \/>\n\t<meta property=\"og:image:height\" content=\"1001\" \/>\n\t<meta property=\"og:image:type\" content=\"image\/jpeg\" \/>\n<meta name=\"author\" content=\"Asler Cede\u00f1o\" \/>\n<meta name=\"twitter:card\" content=\"summary_large_image\" \/>\n<meta name=\"twitter:creator\" content=\"@revistarambla\" \/>\n<meta name=\"twitter:site\" content=\"@revistarambla\" \/>\n<meta name=\"twitter:label1\" content=\"Written by\" \/>\n\t<meta name=\"twitter:data1\" content=\"Asler Cede\u00f1o\" \/>\n\t<meta name=\"twitter:label2\" content=\"Estimated reading time\" \/>\n\t<meta name=\"twitter:data2\" content=\"6 minutes\" \/>\n<script type=\"application\/ld+json\" class=\"yoast-schema-graph\">{\"@context\":\"https:\\\/\\\/schema.org\",\"@graph\":[{\"@type\":\"Article\",\"@id\":\"https:\\\/\\\/www.revistarambla.com\\\/por-que-cegid-visualtime-es-la-solucion-integral-para-la-gestion-del-tiempo-y-recursos-humanos\\\/#article\",\"isPartOf\":{\"@id\":\"https:\\\/\\\/www.revistarambla.com\\\/por-que-cegid-visualtime-es-la-solucion-integral-para-la-gestion-del-tiempo-y-recursos-humanos\\\/\"},\"author\":{\"name\":\"Asler Cede\u00f1o\",\"@id\":\"https:\\\/\\\/www.revistarambla.com\\\/#\\\/schema\\\/person\\\/2b19179a8ace334b829ad72cc6e6ce97\"},\"headline\":\"\u00bfPor qu\u00e9 Cegid Visualtime es la soluci\u00f3n integral para la gesti\u00f3n del tiempo y recursos humanos?\",\"datePublished\":\"2025-06-27T10:39:36+00:00\",\"dateModified\":\"2025-09-03T13:08:44+00:00\",\"mainEntityOfPage\":{\"@id\":\"https:\\\/\\\/www.revistarambla.com\\\/por-que-cegid-visualtime-es-la-solucion-integral-para-la-gestion-del-tiempo-y-recursos-humanos\\\/\"},\"wordCount\":1230,\"publisher\":{\"@id\":\"https:\\\/\\\/www.revistarambla.com\\\/#organization\"},\"image\":{\"@id\":\"https:\\\/\\\/www.revistarambla.com\\\/por-que-cegid-visualtime-es-la-solucion-integral-para-la-gestion-del-tiempo-y-recursos-humanos\\\/#primaryimage\"},\"thumbnailUrl\":\"https:\\\/\\\/www.revistarambla.com\\\/wp-content\\\/uploads\\\/2025\\\/06\\\/11991.jpg\",\"articleSection\":[\"Noticias de la vida\"],\"inLanguage\":\"en-GB\"},{\"@type\":\"WebPage\",\"@id\":\"https:\\\/\\\/www.revistarambla.com\\\/por-que-cegid-visualtime-es-la-solucion-integral-para-la-gestion-del-tiempo-y-recursos-humanos\\\/\",\"url\":\"https:\\\/\\\/www.revistarambla.com\\\/por-que-cegid-visualtime-es-la-solucion-integral-para-la-gestion-del-tiempo-y-recursos-humanos\\\/\",\"name\":\"\u00bfPor qu\u00e9 Cegid Visualtime es la soluci\u00f3n integral para la gesti\u00f3n del tiempo y recursos humanos? - Revista Rambla\",\"isPartOf\":{\"@id\":\"https:\\\/\\\/www.revistarambla.com\\\/#website\"},\"primaryImageOfPage\":{\"@id\":\"https:\\\/\\\/www.revistarambla.com\\\/por-que-cegid-visualtime-es-la-solucion-integral-para-la-gestion-del-tiempo-y-recursos-humanos\\\/#primaryimage\"},\"image\":{\"@id\":\"https:\\\/\\\/www.revistarambla.com\\\/por-que-cegid-visualtime-es-la-solucion-integral-para-la-gestion-del-tiempo-y-recursos-humanos\\\/#primaryimage\"},\"thumbnailUrl\":\"https:\\\/\\\/www.revistarambla.com\\\/wp-content\\\/uploads\\\/2025\\\/06\\\/11991.jpg\",\"datePublished\":\"2025-06-27T10:39:36+00:00\",\"dateModified\":\"2025-09-03T13:08:44+00:00\",\"breadcrumb\":{\"@id\":\"https:\\\/\\\/www.revistarambla.com\\\/por-que-cegid-visualtime-es-la-solucion-integral-para-la-gestion-del-tiempo-y-recursos-humanos\\\/#breadcrumb\"},\"inLanguage\":\"en-GB\",\"potentialAction\":[{\"@type\":\"ReadAction\",\"target\":[\"https:\\\/\\\/www.revistarambla.com\\\/por-que-cegid-visualtime-es-la-solucion-integral-para-la-gestion-del-tiempo-y-recursos-humanos\\\/\"]}]},{\"@type\":\"ImageObject\",\"inLanguage\":\"en-GB\",\"@id\":\"https:\\\/\\\/www.revistarambla.com\\\/por-que-cegid-visualtime-es-la-solucion-integral-para-la-gestion-del-tiempo-y-recursos-humanos\\\/#primaryimage\",\"url\":\"https:\\\/\\\/www.revistarambla.com\\\/wp-content\\\/uploads\\\/2025\\\/06\\\/11991.jpg\",\"contentUrl\":\"https:\\\/\\\/www.revistarambla.com\\\/wp-content\\\/uploads\\\/2025\\\/06\\\/11991.jpg\",\"width\":1500,\"height\":1001,\"caption\":\"recursos humanos\"},{\"@type\":\"BreadcrumbList\",\"@id\":\"https:\\\/\\\/www.revistarambla.com\\\/por-que-cegid-visualtime-es-la-solucion-integral-para-la-gestion-del-tiempo-y-recursos-humanos\\\/#breadcrumb\",\"itemListElement\":[{\"@type\":\"ListItem\",\"position\":1,\"name\":\"Portada\",\"item\":\"https:\\\/\\\/www.revistarambla.com\\\/\"},{\"@type\":\"ListItem\",\"position\":2,\"name\":\"\u00bfPor qu\u00e9 Cegid Visualtime es la soluci\u00f3n integral para la gesti\u00f3n del tiempo y recursos humanos?\"}]},{\"@type\":\"WebSite\",\"@id\":\"https:\\\/\\\/www.revistarambla.com\\\/#website\",\"url\":\"https:\\\/\\\/www.revistarambla.com\\\/\",\"name\":\"Revista Rambla Barcelona\",\"description\":\"Periodismo independiente\",\"publisher\":{\"@id\":\"https:\\\/\\\/www.revistarambla.com\\\/#organization\"},\"potentialAction\":[{\"@type\":\"SearchAction\",\"target\":{\"@type\":\"EntryPoint\",\"urlTemplate\":\"https:\\\/\\\/www.revistarambla.com\\\/?s={search_term_string}\"},\"query-input\":{\"@type\":\"PropertyValueSpecification\",\"valueRequired\":true,\"valueName\":\"search_term_string\"}}],\"inLanguage\":\"en-GB\"},{\"@type\":\"Organization\",\"@id\":\"https:\\\/\\\/www.revistarambla.com\\\/#organization\",\"name\":\"Revista Rambla\",\"url\":\"https:\\\/\\\/www.revistarambla.com\\\/\",\"logo\":{\"@type\":\"ImageObject\",\"inLanguage\":\"en-GB\",\"@id\":\"https:\\\/\\\/www.revistarambla.com\\\/#\\\/schema\\\/logo\\\/image\\\/\",\"url\":\"https:\\\/\\\/www.revistarambla.com\\\/wp-content\\\/uploads\\\/2020\\\/09\\\/banner_rambla_1900x600_BB.png\",\"contentUrl\":\"https:\\\/\\\/www.revistarambla.com\\\/wp-content\\\/uploads\\\/2020\\\/09\\\/banner_rambla_1900x600_BB.png\",\"width\":1900,\"height\":600,\"caption\":\"Revista Rambla\"},\"image\":{\"@id\":\"https:\\\/\\\/www.revistarambla.com\\\/#\\\/schema\\\/logo\\\/image\\\/\"},\"sameAs\":[\"https:\\\/\\\/www.facebook.com\\\/revistarambla\\\/\",\"https:\\\/\\\/x.com\\\/revistarambla\",\"https:\\\/\\\/www.instagram.com\\\/revista_rambla\",\"https:\\\/\\\/es.linkedin.com\\\/company\\\/revista-rambla\"]},{\"@type\":\"Person\",\"@id\":\"https:\\\/\\\/www.revistarambla.com\\\/#\\\/schema\\\/person\\\/2b19179a8ace334b829ad72cc6e6ce97\",\"name\":\"Asler Cede\u00f1o\"}]}<\/script>\n<!-- \/ Yoast SEO plugin. -->","yoast_head_json":{"title":"\u00bfPor qu\u00e9 Cegid Visualtime es la soluci\u00f3n integral para la gesti\u00f3n del tiempo y recursos humanos? - Revista Rambla","robots":{"index":"index","follow":"follow","max-snippet":"max-snippet:-1","max-image-preview":"max-image-preview:large","max-video-preview":"max-video-preview:-1"},"canonical":"https:\/\/www.revistarambla.com\/en\/por-que-cegid-visualtime-es-la-solucion-integral-para-la-gestion-del-tiempo-y-recursos-humanos\/","og_locale":"en_GB","og_type":"article","og_title":"\u00bfPor qu\u00e9 Cegid Visualtime es la soluci\u00f3n integral para la gesti\u00f3n del tiempo y recursos humanos? - Revista Rambla","og_description":"Cegid Visualtime funciona como un software especializado en la gesti\u00f3n del tiempo de trabajo. Este sistema se ha dise\u00f1ado para su uso en pymes (peque\u00f1as y medianas empresas) y grandes corporaciones. La herramienta trabaja desde una plataforma \u00fanica que registra las jornadas laborales, adem\u00e1s de administrar vacaciones, ausencias y bajas [&hellip;]","og_url":"https:\/\/www.revistarambla.com\/en\/por-que-cegid-visualtime-es-la-solucion-integral-para-la-gestion-del-tiempo-y-recursos-humanos\/","og_site_name":"Revista Rambla","article_publisher":"https:\/\/www.facebook.com\/revistarambla\/","article_published_time":"2025-06-27T10:39:36+00:00","article_modified_time":"2025-09-03T13:08:44+00:00","og_image":[{"width":1500,"height":1001,"url":"https:\/\/www.revistarambla.com\/wp-content\/uploads\/2025\/06\/11991.jpg","type":"image\/jpeg"}],"author":"Asler Cede\u00f1o","twitter_card":"summary_large_image","twitter_creator":"@revistarambla","twitter_site":"@revistarambla","twitter_misc":{"Written by":"Asler Cede\u00f1o","Estimated reading time":"6 minutes"},"schema":{"@context":"https:\/\/schema.org","@graph":[{"@type":"Article","@id":"https:\/\/www.revistarambla.com\/por-que-cegid-visualtime-es-la-solucion-integral-para-la-gestion-del-tiempo-y-recursos-humanos\/#article","isPartOf":{"@id":"https:\/\/www.revistarambla.com\/por-que-cegid-visualtime-es-la-solucion-integral-para-la-gestion-del-tiempo-y-recursos-humanos\/"},"author":{"name":"Asler Cede\u00f1o","@id":"https:\/\/www.revistarambla.com\/#\/schema\/person\/2b19179a8ace334b829ad72cc6e6ce97"},"headline":"\u00bfPor qu\u00e9 Cegid Visualtime es la soluci\u00f3n integral para la gesti\u00f3n del tiempo y recursos humanos?","datePublished":"2025-06-27T10:39:36+00:00","dateModified":"2025-09-03T13:08:44+00:00","mainEntityOfPage":{"@id":"https:\/\/www.revistarambla.com\/por-que-cegid-visualtime-es-la-solucion-integral-para-la-gestion-del-tiempo-y-recursos-humanos\/"},"wordCount":1230,"publisher":{"@id":"https:\/\/www.revistarambla.com\/#organization"},"image":{"@id":"https:\/\/www.revistarambla.com\/por-que-cegid-visualtime-es-la-solucion-integral-para-la-gestion-del-tiempo-y-recursos-humanos\/#primaryimage"},"thumbnailUrl":"https:\/\/www.revistarambla.com\/wp-content\/uploads\/2025\/06\/11991.jpg","articleSection":["Noticias de la vida"],"inLanguage":"en-GB"},{"@type":"WebPage","@id":"https:\/\/www.revistarambla.com\/por-que-cegid-visualtime-es-la-solucion-integral-para-la-gestion-del-tiempo-y-recursos-humanos\/","url":"https:\/\/www.revistarambla.com\/por-que-cegid-visualtime-es-la-solucion-integral-para-la-gestion-del-tiempo-y-recursos-humanos\/","name":"\u00bfPor qu\u00e9 Cegid Visualtime es la soluci\u00f3n integral para la gesti\u00f3n del tiempo y recursos humanos? - Revista Rambla","isPartOf":{"@id":"https:\/\/www.revistarambla.com\/#website"},"primaryImageOfPage":{"@id":"https:\/\/www.revistarambla.com\/por-que-cegid-visualtime-es-la-solucion-integral-para-la-gestion-del-tiempo-y-recursos-humanos\/#primaryimage"},"image":{"@id":"https:\/\/www.revistarambla.com\/por-que-cegid-visualtime-es-la-solucion-integral-para-la-gestion-del-tiempo-y-recursos-humanos\/#primaryimage"},"thumbnailUrl":"https:\/\/www.revistarambla.com\/wp-content\/uploads\/2025\/06\/11991.jpg","datePublished":"2025-06-27T10:39:36+00:00","dateModified":"2025-09-03T13:08:44+00:00","breadcrumb":{"@id":"https:\/\/www.revistarambla.com\/por-que-cegid-visualtime-es-la-solucion-integral-para-la-gestion-del-tiempo-y-recursos-humanos\/#breadcrumb"},"inLanguage":"en-GB","potentialAction":[{"@type":"ReadAction","target":["https:\/\/www.revistarambla.com\/por-que-cegid-visualtime-es-la-solucion-integral-para-la-gestion-del-tiempo-y-recursos-humanos\/"]}]},{"@type":"ImageObject","inLanguage":"en-GB","@id":"https:\/\/www.revistarambla.com\/por-que-cegid-visualtime-es-la-solucion-integral-para-la-gestion-del-tiempo-y-recursos-humanos\/#primaryimage","url":"https:\/\/www.revistarambla.com\/wp-content\/uploads\/2025\/06\/11991.jpg","contentUrl":"https:\/\/www.revistarambla.com\/wp-content\/uploads\/2025\/06\/11991.jpg","width":1500,"height":1001,"caption":"recursos humanos"},{"@type":"BreadcrumbList","@id":"https:\/\/www.revistarambla.com\/por-que-cegid-visualtime-es-la-solucion-integral-para-la-gestion-del-tiempo-y-recursos-humanos\/#breadcrumb","itemListElement":[{"@type":"ListItem","position":1,"name":"Portada","item":"https:\/\/www.revistarambla.com\/"},{"@type":"ListItem","position":2,"name":"\u00bfPor qu\u00e9 Cegid Visualtime es la soluci\u00f3n integral para la gesti\u00f3n del tiempo y recursos humanos?"}]},{"@type":"WebSite","@id":"https:\/\/www.revistarambla.com\/#website","url":"https:\/\/www.revistarambla.com\/","name":"Revista Rambla Barcelona","description":"Periodismo independiente","publisher":{"@id":"https:\/\/www.revistarambla.com\/#organization"},"potentialAction":[{"@type":"SearchAction","target":{"@type":"EntryPoint","urlTemplate":"https:\/\/www.revistarambla.com\/?s={search_term_string}"},"query-input":{"@type":"PropertyValueSpecification","valueRequired":true,"valueName":"search_term_string"}}],"inLanguage":"en-GB"},{"@type":"Organization","@id":"https:\/\/www.revistarambla.com\/#organization","name":"Revista Rambla","url":"https:\/\/www.revistarambla.com\/","logo":{"@type":"ImageObject","inLanguage":"en-GB","@id":"https:\/\/www.revistarambla.com\/#\/schema\/logo\/image\/","url":"https:\/\/www.revistarambla.com\/wp-content\/uploads\/2020\/09\/banner_rambla_1900x600_BB.png","contentUrl":"https:\/\/www.revistarambla.com\/wp-content\/uploads\/2020\/09\/banner_rambla_1900x600_BB.png","width":1900,"height":600,"caption":"Revista Rambla"},"image":{"@id":"https:\/\/www.revistarambla.com\/#\/schema\/logo\/image\/"},"sameAs":["https:\/\/www.facebook.com\/revistarambla\/","https:\/\/x.com\/revistarambla","https:\/\/www.instagram.com\/revista_rambla","https:\/\/es.linkedin.com\/company\/revista-rambla"]},{"@type":"Person","@id":"https:\/\/www.revistarambla.com\/#\/schema\/person\/2b19179a8ace334b829ad72cc6e6ce97","name":"Asler Cede\u00f1o"}]}},"_links":{"self":[{"href":"https:\/\/www.revistarambla.com\/en\/wp-json\/wp\/v2\/posts\/65561","targetHints":{"allow":["GET"]}}],"collection":[{"href":"https:\/\/www.revistarambla.com\/en\/wp-json\/wp\/v2\/posts"}],"about":[{"href":"https:\/\/www.revistarambla.com\/en\/wp-json\/wp\/v2\/types\/post"}],"author":[{"embeddable":true,"href":"https:\/\/www.revistarambla.com\/en\/wp-json\/wp\/v2\/users\/15"}],"replies":[{"embeddable":true,"href":"https:\/\/www.revistarambla.com\/en\/wp-json\/wp\/v2\/comments?post=65561"}],"version-history":[{"count":1,"href":"https:\/\/www.revistarambla.com\/en\/wp-json\/wp\/v2\/posts\/65561\/revisions"}],"predecessor-version":[{"id":65564,"href":"https:\/\/www.revistarambla.com\/en\/wp-json\/wp\/v2\/posts\/65561\/revisions\/65564"}],"wp:featuredmedia":[{"embeddable":true,"href":"https:\/\/www.revistarambla.com\/en\/wp-json\/wp\/v2\/media\/65562"}],"wp:attachment":[{"href":"https:\/\/www.revistarambla.com\/en\/wp-json\/wp\/v2\/media?parent=65561"}],"wp:term":[{"taxonomy":"category","embeddable":true,"href":"https:\/\/www.revistarambla.com\/en\/wp-json\/wp\/v2\/categories?post=65561"},{"taxonomy":"post_tag","embeddable":true,"href":"https:\/\/www.revistarambla.com\/en\/wp-json\/wp\/v2\/tags?post=65561"}],"curies":[{"name":"wp","href":"https:\/\/api.w.org\/{rel}","templated":true}]}}