{"id":65544,"date":"2025-06-23T13:53:04","date_gmt":"2025-06-23T11:53:04","guid":{"rendered":"https:\/\/www.revistarambla.com\/?p=65544"},"modified":"2025-06-23T13:53:04","modified_gmt":"2025-06-23T11:53:04","slug":"la-gallina-de-los-huevos-de-oro-el-coche","status":"publish","type":"post","link":"https:\/\/www.revistarambla.com\/en\/la-gallina-de-los-huevos-de-oro-el-coche\/","title":{"rendered":"La gallina de los huevos de oro: el coche"},"content":{"rendered":"<p>Seg\u00fan la f\u00e1bula de Esopo, \u201cLa gallina de los huevos de oro\u201d, de la que La Fontaine y Samaniego hicieron sedas versiones, una pareja de granjeros constataron que una de sus gallinas pon\u00eda huevos de oro. Avariciosos, no quisieron esperar a la puesta diaria y, por eso, la sacrificaron para descubrir la mina de oro y conseguir, de una vez y \u201cs\u00f9bito\u201d, todo el oro que llevaba dentro. As\u00ed acabaron con la fuente que les produc\u00eda abundancia, riqueza y felicidad. Y, como dice la sabidur\u00eda popular, la avaricia rompi\u00f3 el saco.<\/p>\n<p>Esta f\u00e1bula y la moraleja subsiguiente permite ilustrar la pol\u00edtica fiscal extorsionadora y extractiva del Ministerio de Hacienda, regentado por Mari \u201cChus\u201d Montero. Esta pol\u00edtica usurpadora ha conducido ya a que m\u00e1s del 50% de nuestros ingresos sean expoliados por Hacienda con los numeros\u00edsimos impuestos. Y esto puede conducir, si no ha conducido ya, a una rebeli\u00f3n tributaria, no de los que estamos esclavizados a una n\u00f3mina, aunque tambi\u00e9n, sino de los empresarios, que deslocalizan sus empresas o que se zambullen en la econom\u00eda sumergida.<\/p>\n<p>Veamos algunos datos generales de esta fiscalidad desvalijadora (cf. infra, el \u201cpopulismo fiscal\u201d). Y, por otro lado, analicemos minuciosamente, en particular, la fiscalidad relacionada con ese bien, que crece continuamente y que los consumidores renuevan peri\u00f3dicamente: el autom\u00f3vil, aut\u00e9ntica gallina de los huevos de oro para el Ministerio de Hacienda.<\/p>\n<h2>El \u201cpopulismo fiscal\u201d<\/h2>\n<p>Seg\u00fan un informe del Instituto Juan de Mariana (IJM), de noviembre de 2024, entre 2019 y 2023, el gobierno de Pedro S\u00e1nchez ha subido 81 veces los impuestos y\/o las cotizaciones a trabajadores y\/o empresarios. A pesar del bulo de que el Gobierno de P. S\u00e1nchez \u201cha llevado a cabo la mayor rebaja de impuestos de la historia\u201d, Mari \u201cChus\u201d Montero \u201cdixit\u201d, la subida implacable de impuestos\/cotizaciones ha dado como resultado un saldo neto acumulado y positivo para Hacienda que ronda los 42.000 millones de euros anuales.<\/p>\n<p>Por otro lado, las rebajas fiscales (del IVA y del impuesto de hidrocarburos) han sido puntuales, en el contexto de la crisis inflacionaria del Covid 19, mientras que la subida de impuestos o los nuevos impuestos son permanentes, algo que es perjudicial y lesivo para el contribuyente y el consumidor. Por eso, Espa\u00f1a es el tercer pa\u00eds, despu\u00e9s de Eslovaquia y Chipre, donde m\u00e1s ha aumentado la presi\u00f3n fiscal. En efecto, mientras que, en Espa\u00f1a, lo recaudado con el PIB ha crecido un 2,9, en el resto de la eurozona ha ca\u00eddo un 0,7 del PIB. Esto nos permite afirmar y afirmamos que, en Espa\u00f1a, se est\u00e1 produciendo una salvaje recaudaci\u00f3n fiscal. En los 9 primeros meses de 2024, lo recaudado super\u00f3 lo recaudado en todo el 2018. Y, por eso, podemos aseverar que Mari \u201cChus\u201d Montero construye bulos y miente como una bellaca sobre la pretendida rebaja de impuestos.<\/p>\n<h2>La fiscalidad del choche, la gallina de los huevos de oro<\/h2>\n<p>En una entrevista, realizada por Eurico Campano en Periodista Digital TV, el pasado 30 de marzo de 2025, C\u00e9sar Sinde \u2014especialista en econom\u00eda, motor y seguridad vial\u2014 desgrana y cuantifica los muy numerosos impuestos que gravan la compra, el uso o el no uso del coche.<\/p>\n<p>A partir de los datos oficiales de la ANFAC\/AEAT del Ministerio de Industria, entre estos impuestos automovil\u00edsticos, abonados por los automovilistas en 2023, C\u00e9sar Sinde enumera y cuantifica 15 figuras tributarias diferentes (IVA por compra de veh\u00edculo, impuesto de matriculaci\u00f3n de veh\u00edculo nuevo, IVA del combustible, impuesto especial de hidrocarburos, impuesto de circulaci\u00f3n municipal, impuesto de transmisiones patrimoniales de veh\u00edculos usados, IVA veh\u00edculos usados, impuesto de matriculaci\u00f3n de veh\u00edculos usados, tasa de matriculaci\u00f3n, permiso de circulaci\u00f3n, tasa de cambio de titularidad de veh\u00edculos usados, impuestos por los seguros de los veh\u00edculos, IVA en talleres y recambios, y multas). A estas tasas se van a\u00f1adiendo otros tributos: es el caso del impuesto por contaminaci\u00f3n por CO2, vigente en Catalu\u00f1a; las tasas por aparcamiento en zonas azules y verdes, por contaminaci\u00f3n atmosf\u00e9rica y ac\u00fastica. Y suma y sigue.<\/p>\n<p>Por cada uno de estos 15 conceptos (cf. entrevista en el enlace), Hacienda ingresa cientos o miles de millones de euros, por un monto total, en 2023, de unos 40.000 millones. En esta cifra no est\u00e1n incluidas las multas de los 8.124 ayuntamientos que hay en Espa\u00f1a, as\u00ed como las multas de tres CC.AA. (Catalu\u00f1a, Pa\u00eds Vasco y Navarra), que tienen transferidas las competencias de tr\u00e1fico. En 2024, s\u00f3lo la ciudad de Barcelona ingres\u00f3, por multas, nada menos que 100 millones de euros.<\/p>\n<p>La \u00faltima propuesta de la creatividad fiscal del Gobierno de Pedro S\u00e1nchez es el impuesto\/peaje por el uso de autopistas, autov\u00edas y carreteras (cf. Real Decreto 205\/2025, de 18 de marzo). Con este nuevo impuesto Hacienda va a ingresar, a ojo de buen cubero, otros 49.000 millones de euros (si la media de una conductor es recorrer 35.000 km. anuales, multiplicados por 0,5 cm. por km., da 1.750\u20ac por veh\u00edculo y a\u00f1o). Si multiplicamos este cociente (1.750\u20ac) por unos 28 millones de coches, obtenemos, tirando a la baja, esos 49.000 millones de euros de nuevos ingresos para Hacienda.<\/p>\n<p>Ahora bien, con la recaudaci\u00f3n de m\u00e1s de 40.000 millones de euros en 2023, que gravan ya el coche, no hay ninguna justificaci\u00f3n para imponer peajes, por un monto de 49.000 millones de euros anuales para mantener las carreteras, abandonadas durante muchos a\u00f1os y cuyo estado actual deja mucho que desear en cuatro aspectos fundamentales (asfalto, se\u00f1ales verticales, pintura y barreras de contenci\u00f3n), ni para construir nuevas carreteras.<\/p>\n<p>En 2023, el Gobierno de Pedro S\u00e1nchez vendi\u00f3 a los conductores que no habr\u00eda peajes y, menos a\u00fan, una subida de los existentes. Ahora bien, como es costumbre en Pedro S\u00e1nchez, donde dije digo, digo Diego. En efecto, a principios de este a\u00f1o, aprob\u00f3 el Real Decreto 205\/2025, de 18 de marzo, para imponer peajes en todas las v\u00eda de comunicaci\u00f3n y as\u00ed poder obtener de Bruselas un condicionado nuevo tramo de los fondos \u201cnext generation\u201d (24.000 millones de euros). Y, ahora, que la UE exige el cumplimiento de la promesa del precitado Real Decreto, el Gobierno de Pedro S\u00e1nchez propala, \u201curbi et orbi\u201d, el bulo de que lo exige la UE. Esto es trilerismo puro y duro, producto de la f\u00e1brica del fango sanchista.<\/p>\n<h2>Moraleja<\/h2>\n<p>S\u00e1nchez y su ministra Mari \u201cChus\u201d Montero mienten como bellacos cuando hablan de bajada de impuestos o de imposici\u00f3n de peajes por imperativo europeo. Son veletas que giran en funci\u00f3n del viento (sus intereses). Para S\u00e1nchez y los suyos, cuando se necesitan recursos para equilibrar las cuentas o para hacer frente a gastos perentorios (por ejemplo, pasar del 1,28% del PIB actual al 2% o al 3% o al 5% para contribuir al rearme de la OTAN), la soluci\u00f3n es simple y expedita: se inventan e imponen nuevos impuestos y\/o se incrementan los que existen. Y problema resuelto, aunque esta decisi\u00f3n incremente el d\u00e9ficit y la deuda p\u00fablicos, dejando un envenenado \u201cregalito\u201d a las futuras generaciones.<\/p>\n<p>El Gobierno sanchista es un Gobierno derrochador y clept\u00f3mano, y, por eso, se ve obligado a ser un Gobierno depredador y extractivo. Actuando as\u00ed, va a acabar con la gallina de los huevos de oro: la paciencia de los contribuyentes (trabajadores y empresarios), avoc\u00e1ndolos a la insumisi\u00f3n fiscal. Como son poco le\u00eddos e instruidos, no se han enterado, como creo que asever\u00f3 el emperador romano Valerio, que \u201ca las ovejas (los contribuyentes) se les puede quitar la lana (la \u201cpasta\u201d, nunca mejor dicho), pero nunca la piel\u201d. Como le sucedi\u00f3 a la gallina de los huevos de oro, el Gobierno de Espa\u00f1a puede acabar con ellas.<\/p>","protected":false},"excerpt":{"rendered":"<p>Seg\u00fan la f\u00e1bula de Esopo, \u201cLa gallina de los huevos de oro\u201d, de la que La Fontaine y Samaniego hicieron sedas versiones, una pareja de granjeros constataron que una de sus gallinas pon\u00eda huevos de oro. Avariciosos, no quisieron esperar a la puesta diaria y, por eso, la sacrificaron para [&hellip;]<\/p>\n","protected":false},"author":17,"featured_media":65545,"comment_status":"closed","ping_status":"closed","sticky":false,"template":"","format":"standard","meta":{"footnotes":""},"categories":[4114],"tags":[],"class_list":["post-65544","post","type-post","status-publish","format-standard","has-post-thumbnail","hentry","category-cantando-las-verdades"],"yoast_head":"<!-- This site is optimized with the Yoast SEO plugin v27.5 - https:\/\/yoast.com\/product\/yoast-seo-wordpress\/ -->\n<title>La gallina de los huevos de oro: el coche - Revista Rambla<\/title>\n<meta name=\"robots\" content=\"index, follow, max-snippet:-1, max-image-preview:large, max-video-preview:-1\" \/>\n<link rel=\"canonical\" href=\"https:\/\/www.revistarambla.com\/en\/la-gallina-de-los-huevos-de-oro-el-coche\/\" \/>\n<meta property=\"og:locale\" content=\"en_GB\" \/>\n<meta property=\"og:type\" content=\"article\" \/>\n<meta property=\"og:title\" content=\"La gallina de los huevos de oro: el coche - Revista Rambla\" \/>\n<meta property=\"og:description\" content=\"Seg\u00fan la f\u00e1bula de Esopo, \u201cLa gallina de los huevos de oro\u201d, de la que La Fontaine y Samaniego hicieron sedas versiones, una pareja de granjeros constataron que una de sus gallinas pon\u00eda huevos de oro. Avariciosos, no quisieron esperar a la puesta diaria y, por eso, la sacrificaron para [&hellip;]\" \/>\n<meta property=\"og:url\" content=\"https:\/\/www.revistarambla.com\/en\/la-gallina-de-los-huevos-de-oro-el-coche\/\" \/>\n<meta property=\"og:site_name\" content=\"Revista Rambla\" \/>\n<meta property=\"article:publisher\" content=\"https:\/\/www.facebook.com\/revistarambla\/\" \/>\n<meta property=\"article:author\" content=\"https:\/\/www.facebook.com\/manuelignacio.cabezasgonzalez\" \/>\n<meta property=\"article:published_time\" content=\"2025-06-23T11:53:04+00:00\" \/>\n<meta property=\"og:image\" content=\"https:\/\/www.revistarambla.com\/wp-content\/uploads\/2025\/06\/maria-jesus-montero-populismo-fiscal.jpg\" \/>\n\t<meta property=\"og:image:width\" content=\"1600\" \/>\n\t<meta property=\"og:image:height\" content=\"900\" \/>\n\t<meta property=\"og:image:type\" content=\"image\/jpeg\" \/>\n<meta name=\"author\" content=\"Manuel Ignacio Cabezas Gonz\u00e1lez\" \/>\n<meta name=\"twitter:card\" content=\"summary_large_image\" \/>\n<meta name=\"twitter:creator\" content=\"@ManuelICabezas\" \/>\n<meta name=\"twitter:site\" content=\"@revistarambla\" \/>\n<meta name=\"twitter:label1\" content=\"Written by\" \/>\n\t<meta name=\"twitter:data1\" content=\"Manuel Ignacio Cabezas Gonz\u00e1lez\" \/>\n\t<meta name=\"twitter:label2\" content=\"Estimated reading time\" \/>\n\t<meta name=\"twitter:data2\" content=\"6 minutes\" \/>\n<script type=\"application\/ld+json\" class=\"yoast-schema-graph\">{\"@context\":\"https:\\\/\\\/schema.org\",\"@graph\":[{\"@type\":\"Article\",\"@id\":\"https:\\\/\\\/www.revistarambla.com\\\/la-gallina-de-los-huevos-de-oro-el-coche\\\/#article\",\"isPartOf\":{\"@id\":\"https:\\\/\\\/www.revistarambla.com\\\/la-gallina-de-los-huevos-de-oro-el-coche\\\/\"},\"author\":{\"name\":\"Manuel Ignacio Cabezas Gonz\u00e1lez\",\"@id\":\"https:\\\/\\\/www.revistarambla.com\\\/#\\\/schema\\\/person\\\/3d71c575842522757de7f4f9c9b40215\"},\"headline\":\"La gallina de los huevos de oro: el coche\",\"datePublished\":\"2025-06-23T11:53:04+00:00\",\"mainEntityOfPage\":{\"@id\":\"https:\\\/\\\/www.revistarambla.com\\\/la-gallina-de-los-huevos-de-oro-el-coche\\\/\"},\"wordCount\":1320,\"publisher\":{\"@id\":\"https:\\\/\\\/www.revistarambla.com\\\/#organization\"},\"image\":{\"@id\":\"https:\\\/\\\/www.revistarambla.com\\\/la-gallina-de-los-huevos-de-oro-el-coche\\\/#primaryimage\"},\"thumbnailUrl\":\"https:\\\/\\\/www.revistarambla.com\\\/wp-content\\\/uploads\\\/2025\\\/06\\\/maria-jesus-montero-populismo-fiscal.jpg\",\"articleSection\":[\"Cantando las verdades\"],\"inLanguage\":\"en-GB\"},{\"@type\":\"WebPage\",\"@id\":\"https:\\\/\\\/www.revistarambla.com\\\/la-gallina-de-los-huevos-de-oro-el-coche\\\/\",\"url\":\"https:\\\/\\\/www.revistarambla.com\\\/la-gallina-de-los-huevos-de-oro-el-coche\\\/\",\"name\":\"La gallina de los huevos de oro: el coche - Revista Rambla\",\"isPartOf\":{\"@id\":\"https:\\\/\\\/www.revistarambla.com\\\/#website\"},\"primaryImageOfPage\":{\"@id\":\"https:\\\/\\\/www.revistarambla.com\\\/la-gallina-de-los-huevos-de-oro-el-coche\\\/#primaryimage\"},\"image\":{\"@id\":\"https:\\\/\\\/www.revistarambla.com\\\/la-gallina-de-los-huevos-de-oro-el-coche\\\/#primaryimage\"},\"thumbnailUrl\":\"https:\\\/\\\/www.revistarambla.com\\\/wp-content\\\/uploads\\\/2025\\\/06\\\/maria-jesus-montero-populismo-fiscal.jpg\",\"datePublished\":\"2025-06-23T11:53:04+00:00\",\"breadcrumb\":{\"@id\":\"https:\\\/\\\/www.revistarambla.com\\\/la-gallina-de-los-huevos-de-oro-el-coche\\\/#breadcrumb\"},\"inLanguage\":\"en-GB\",\"potentialAction\":[{\"@type\":\"ReadAction\",\"target\":[\"https:\\\/\\\/www.revistarambla.com\\\/la-gallina-de-los-huevos-de-oro-el-coche\\\/\"]}]},{\"@type\":\"ImageObject\",\"inLanguage\":\"en-GB\",\"@id\":\"https:\\\/\\\/www.revistarambla.com\\\/la-gallina-de-los-huevos-de-oro-el-coche\\\/#primaryimage\",\"url\":\"https:\\\/\\\/www.revistarambla.com\\\/wp-content\\\/uploads\\\/2025\\\/06\\\/maria-jesus-montero-populismo-fiscal.jpg\",\"contentUrl\":\"https:\\\/\\\/www.revistarambla.com\\\/wp-content\\\/uploads\\\/2025\\\/06\\\/maria-jesus-montero-populismo-fiscal.jpg\",\"width\":1600,\"height\":900,\"caption\":\"maria jesus montero populismo fiscal hacienda pensiones bajas\"},{\"@type\":\"BreadcrumbList\",\"@id\":\"https:\\\/\\\/www.revistarambla.com\\\/la-gallina-de-los-huevos-de-oro-el-coche\\\/#breadcrumb\",\"itemListElement\":[{\"@type\":\"ListItem\",\"position\":1,\"name\":\"Portada\",\"item\":\"https:\\\/\\\/www.revistarambla.com\\\/\"},{\"@type\":\"ListItem\",\"position\":2,\"name\":\"La gallina de los huevos de oro: el coche\"}]},{\"@type\":\"WebSite\",\"@id\":\"https:\\\/\\\/www.revistarambla.com\\\/#website\",\"url\":\"https:\\\/\\\/www.revistarambla.com\\\/\",\"name\":\"Revista Rambla Barcelona\",\"description\":\"Periodismo independiente\",\"publisher\":{\"@id\":\"https:\\\/\\\/www.revistarambla.com\\\/#organization\"},\"potentialAction\":[{\"@type\":\"SearchAction\",\"target\":{\"@type\":\"EntryPoint\",\"urlTemplate\":\"https:\\\/\\\/www.revistarambla.com\\\/?s={search_term_string}\"},\"query-input\":{\"@type\":\"PropertyValueSpecification\",\"valueRequired\":true,\"valueName\":\"search_term_string\"}}],\"inLanguage\":\"en-GB\"},{\"@type\":\"Organization\",\"@id\":\"https:\\\/\\\/www.revistarambla.com\\\/#organization\",\"name\":\"Revista Rambla\",\"url\":\"https:\\\/\\\/www.revistarambla.com\\\/\",\"logo\":{\"@type\":\"ImageObject\",\"inLanguage\":\"en-GB\",\"@id\":\"https:\\\/\\\/www.revistarambla.com\\\/#\\\/schema\\\/logo\\\/image\\\/\",\"url\":\"https:\\\/\\\/www.revistarambla.com\\\/wp-content\\\/uploads\\\/2020\\\/09\\\/banner_rambla_1900x600_BB.png\",\"contentUrl\":\"https:\\\/\\\/www.revistarambla.com\\\/wp-content\\\/uploads\\\/2020\\\/09\\\/banner_rambla_1900x600_BB.png\",\"width\":1900,\"height\":600,\"caption\":\"Revista Rambla\"},\"image\":{\"@id\":\"https:\\\/\\\/www.revistarambla.com\\\/#\\\/schema\\\/logo\\\/image\\\/\"},\"sameAs\":[\"https:\\\/\\\/www.facebook.com\\\/revistarambla\\\/\",\"https:\\\/\\\/x.com\\\/revistarambla\",\"https:\\\/\\\/www.instagram.com\\\/revista_rambla\",\"https:\\\/\\\/es.linkedin.com\\\/company\\\/revista-rambla\"]},{\"@type\":\"Person\",\"@id\":\"https:\\\/\\\/www.revistarambla.com\\\/#\\\/schema\\\/person\\\/3d71c575842522757de7f4f9c9b40215\",\"name\":\"Manuel Ignacio Cabezas Gonz\u00e1lez\",\"description\":\"Doctor en Didactolog\u00eda de las Lenguas y de las Culturas. Profesor Titular de Ling\u00fc\u00edstica y de Ling\u00fc\u00edstica Aplicada. Departamento de Filolog\u00eda Francesa y Rom\u00e1nica (UAB).\",\"sameAs\":[\"http:\\\/\\\/honrad.blogspot.com\\\/\",\"https:\\\/\\\/www.facebook.com\\\/manuelignacio.cabezasgonzalez\",\"https:\\\/\\\/x.com\\\/ManuelICabezas\"]}]}<\/script>\n<!-- \/ Yoast SEO plugin. -->","yoast_head_json":{"title":"La gallina de los huevos de oro: el coche - Revista Rambla","robots":{"index":"index","follow":"follow","max-snippet":"max-snippet:-1","max-image-preview":"max-image-preview:large","max-video-preview":"max-video-preview:-1"},"canonical":"https:\/\/www.revistarambla.com\/en\/la-gallina-de-los-huevos-de-oro-el-coche\/","og_locale":"en_GB","og_type":"article","og_title":"La gallina de los huevos de oro: el coche - Revista Rambla","og_description":"Seg\u00fan la f\u00e1bula de Esopo, \u201cLa gallina de los huevos de oro\u201d, de la que La Fontaine y Samaniego hicieron sedas versiones, una pareja de granjeros constataron que una de sus gallinas pon\u00eda huevos de oro. Avariciosos, no quisieron esperar a la puesta diaria y, por eso, la sacrificaron para [&hellip;]","og_url":"https:\/\/www.revistarambla.com\/en\/la-gallina-de-los-huevos-de-oro-el-coche\/","og_site_name":"Revista Rambla","article_publisher":"https:\/\/www.facebook.com\/revistarambla\/","article_author":"https:\/\/www.facebook.com\/manuelignacio.cabezasgonzalez","article_published_time":"2025-06-23T11:53:04+00:00","og_image":[{"width":1600,"height":900,"url":"https:\/\/www.revistarambla.com\/wp-content\/uploads\/2025\/06\/maria-jesus-montero-populismo-fiscal.jpg","type":"image\/jpeg"}],"author":"Manuel Ignacio Cabezas Gonz\u00e1lez","twitter_card":"summary_large_image","twitter_creator":"@ManuelICabezas","twitter_site":"@revistarambla","twitter_misc":{"Written by":"Manuel Ignacio Cabezas Gonz\u00e1lez","Estimated reading time":"6 minutes"},"schema":{"@context":"https:\/\/schema.org","@graph":[{"@type":"Article","@id":"https:\/\/www.revistarambla.com\/la-gallina-de-los-huevos-de-oro-el-coche\/#article","isPartOf":{"@id":"https:\/\/www.revistarambla.com\/la-gallina-de-los-huevos-de-oro-el-coche\/"},"author":{"name":"Manuel Ignacio Cabezas Gonz\u00e1lez","@id":"https:\/\/www.revistarambla.com\/#\/schema\/person\/3d71c575842522757de7f4f9c9b40215"},"headline":"La gallina de los huevos de oro: el coche","datePublished":"2025-06-23T11:53:04+00:00","mainEntityOfPage":{"@id":"https:\/\/www.revistarambla.com\/la-gallina-de-los-huevos-de-oro-el-coche\/"},"wordCount":1320,"publisher":{"@id":"https:\/\/www.revistarambla.com\/#organization"},"image":{"@id":"https:\/\/www.revistarambla.com\/la-gallina-de-los-huevos-de-oro-el-coche\/#primaryimage"},"thumbnailUrl":"https:\/\/www.revistarambla.com\/wp-content\/uploads\/2025\/06\/maria-jesus-montero-populismo-fiscal.jpg","articleSection":["Cantando las verdades"],"inLanguage":"en-GB"},{"@type":"WebPage","@id":"https:\/\/www.revistarambla.com\/la-gallina-de-los-huevos-de-oro-el-coche\/","url":"https:\/\/www.revistarambla.com\/la-gallina-de-los-huevos-de-oro-el-coche\/","name":"La gallina de los huevos de oro: el coche - Revista Rambla","isPartOf":{"@id":"https:\/\/www.revistarambla.com\/#website"},"primaryImageOfPage":{"@id":"https:\/\/www.revistarambla.com\/la-gallina-de-los-huevos-de-oro-el-coche\/#primaryimage"},"image":{"@id":"https:\/\/www.revistarambla.com\/la-gallina-de-los-huevos-de-oro-el-coche\/#primaryimage"},"thumbnailUrl":"https:\/\/www.revistarambla.com\/wp-content\/uploads\/2025\/06\/maria-jesus-montero-populismo-fiscal.jpg","datePublished":"2025-06-23T11:53:04+00:00","breadcrumb":{"@id":"https:\/\/www.revistarambla.com\/la-gallina-de-los-huevos-de-oro-el-coche\/#breadcrumb"},"inLanguage":"en-GB","potentialAction":[{"@type":"ReadAction","target":["https:\/\/www.revistarambla.com\/la-gallina-de-los-huevos-de-oro-el-coche\/"]}]},{"@type":"ImageObject","inLanguage":"en-GB","@id":"https:\/\/www.revistarambla.com\/la-gallina-de-los-huevos-de-oro-el-coche\/#primaryimage","url":"https:\/\/www.revistarambla.com\/wp-content\/uploads\/2025\/06\/maria-jesus-montero-populismo-fiscal.jpg","contentUrl":"https:\/\/www.revistarambla.com\/wp-content\/uploads\/2025\/06\/maria-jesus-montero-populismo-fiscal.jpg","width":1600,"height":900,"caption":"maria jesus montero populismo fiscal hacienda pensiones bajas"},{"@type":"BreadcrumbList","@id":"https:\/\/www.revistarambla.com\/la-gallina-de-los-huevos-de-oro-el-coche\/#breadcrumb","itemListElement":[{"@type":"ListItem","position":1,"name":"Portada","item":"https:\/\/www.revistarambla.com\/"},{"@type":"ListItem","position":2,"name":"La gallina de los huevos de oro: el coche"}]},{"@type":"WebSite","@id":"https:\/\/www.revistarambla.com\/#website","url":"https:\/\/www.revistarambla.com\/","name":"Revista Rambla Barcelona","description":"Periodismo independiente","publisher":{"@id":"https:\/\/www.revistarambla.com\/#organization"},"potentialAction":[{"@type":"SearchAction","target":{"@type":"EntryPoint","urlTemplate":"https:\/\/www.revistarambla.com\/?s={search_term_string}"},"query-input":{"@type":"PropertyValueSpecification","valueRequired":true,"valueName":"search_term_string"}}],"inLanguage":"en-GB"},{"@type":"Organization","@id":"https:\/\/www.revistarambla.com\/#organization","name":"Revista Rambla","url":"https:\/\/www.revistarambla.com\/","logo":{"@type":"ImageObject","inLanguage":"en-GB","@id":"https:\/\/www.revistarambla.com\/#\/schema\/logo\/image\/","url":"https:\/\/www.revistarambla.com\/wp-content\/uploads\/2020\/09\/banner_rambla_1900x600_BB.png","contentUrl":"https:\/\/www.revistarambla.com\/wp-content\/uploads\/2020\/09\/banner_rambla_1900x600_BB.png","width":1900,"height":600,"caption":"Revista Rambla"},"image":{"@id":"https:\/\/www.revistarambla.com\/#\/schema\/logo\/image\/"},"sameAs":["https:\/\/www.facebook.com\/revistarambla\/","https:\/\/x.com\/revistarambla","https:\/\/www.instagram.com\/revista_rambla","https:\/\/es.linkedin.com\/company\/revista-rambla"]},{"@type":"Person","@id":"https:\/\/www.revistarambla.com\/#\/schema\/person\/3d71c575842522757de7f4f9c9b40215","name":"Manuel Ignacio Cabezas Gonz\u00e1lez","description":"Doctor en Didactolog\u00eda de las Lenguas y de las Culturas. Profesor Titular de Ling\u00fc\u00edstica y de Ling\u00fc\u00edstica Aplicada. Departamento de Filolog\u00eda Francesa y Rom\u00e1nica (UAB).","sameAs":["http:\/\/honrad.blogspot.com\/","https:\/\/www.facebook.com\/manuelignacio.cabezasgonzalez","https:\/\/x.com\/ManuelICabezas"]}]}},"_links":{"self":[{"href":"https:\/\/www.revistarambla.com\/en\/wp-json\/wp\/v2\/posts\/65544","targetHints":{"allow":["GET"]}}],"collection":[{"href":"https:\/\/www.revistarambla.com\/en\/wp-json\/wp\/v2\/posts"}],"about":[{"href":"https:\/\/www.revistarambla.com\/en\/wp-json\/wp\/v2\/types\/post"}],"author":[{"embeddable":true,"href":"https:\/\/www.revistarambla.com\/en\/wp-json\/wp\/v2\/users\/17"}],"replies":[{"embeddable":true,"href":"https:\/\/www.revistarambla.com\/en\/wp-json\/wp\/v2\/comments?post=65544"}],"version-history":[{"count":1,"href":"https:\/\/www.revistarambla.com\/en\/wp-json\/wp\/v2\/posts\/65544\/revisions"}],"predecessor-version":[{"id":65546,"href":"https:\/\/www.revistarambla.com\/en\/wp-json\/wp\/v2\/posts\/65544\/revisions\/65546"}],"wp:featuredmedia":[{"embeddable":true,"href":"https:\/\/www.revistarambla.com\/en\/wp-json\/wp\/v2\/media\/65545"}],"wp:attachment":[{"href":"https:\/\/www.revistarambla.com\/en\/wp-json\/wp\/v2\/media?parent=65544"}],"wp:term":[{"taxonomy":"category","embeddable":true,"href":"https:\/\/www.revistarambla.com\/en\/wp-json\/wp\/v2\/categories?post=65544"},{"taxonomy":"post_tag","embeddable":true,"href":"https:\/\/www.revistarambla.com\/en\/wp-json\/wp\/v2\/tags?post=65544"}],"curies":[{"name":"wp","href":"https:\/\/api.w.org\/{rel}","templated":true}]}}