{"id":65530,"date":"2025-06-21T13:21:36","date_gmt":"2025-06-21T11:21:36","guid":{"rendered":"https:\/\/www.revistarambla.com\/?p=65530"},"modified":"2025-06-24T10:59:54","modified_gmt":"2025-06-24T08:59:54","slug":"un-relato-barrio-por-barrio-de-la-semana-tragica-en-barcelona","status":"publish","type":"post","link":"https:\/\/www.revistarambla.com\/en\/un-relato-barrio-por-barrio-de-la-semana-tragica-en-barcelona\/","title":{"rendered":"Un relato barrio por barrio de la Semana Tr\u00e1gica en Barcelona"},"content":{"rendered":"<p>En el verano de 1909, Barcelona era una ciudad al borde del abismo. La decisi\u00f3n del gobierno espa\u00f1ol de enviar reservistas \u2014muchos de ellos padres de familia de clase trabajadora\u2014 a combatir en la brutal guerra colonial en Marruecos desat\u00f3 una ola de indignaci\u00f3n que culminar\u00eda en una de las semanas m\u00e1s violentas y ca\u00f3ticas de su historia: la Semana Tr\u00e1gica. Del 26 de julio al 2 de agosto de 1909, las calles de Barcelona se convirtieron en campos de batalla, las iglesias ardieron en llamas y las barricadas surgieron por toda la ciudad. Lo que comenz\u00f3 como una protesta contra una guerra injusta se transform\u00f3 en una insurrecci\u00f3n a gran escala, marcada por la violencia anticlerical y una feroz represi\u00f3n militar.<\/p>\n<h2>El Detonante: Los Or\u00edgenes de la Semana Tr\u00e1gica<\/h2>\n<p>Para comprender los eventos de la Semana Tr\u00e1gica, es esencial conocer el contexto social y pol\u00edtico de la Barcelona de principios del siglo XX. La ciudad era un centro industrial vibrante, hogar de una clase trabajadora en expansi\u00f3n que viv\u00eda en condiciones de hacinamiento y pobreza. Barrios como El Raval y Poble Sec estaban cargados de descontento, con obreros enfrent\u00e1ndose a jornadas extenuantes, salarios miserables y una representaci\u00f3n pol\u00edtica casi inexistente. Los movimientos anarquistas y socialistas hab\u00edan echado ra\u00edces en estas zonas, ofreciendo una voz a los marginados. Al mismo tiempo, la Iglesia Cat\u00f3lica, percibida como aliada del estado opresor y las \u00e9lites adineradas, se hab\u00eda convertido en blanco de un resentimiento creciente.<\/p>\n<p>El detonante inmediato fue la orden del gobierno de movilizar reservistas para la guerra en Marruecos. A diferencia de los soldados regulares, estos reservistas eran a menudo hombres mayores con familias, y la carga reca\u00eda desproporcionadamente sobre los pobres, ya que los m\u00e1s ricos pod\u00edan pagar para evitar el servicio. El 18 de julio de 1909, mientras los reservistas embarcaban en el puerto de Barcelona, estallaron protestas. Mujeres de barrios obreros se arrojaron a los muelles, implorando a los soldados que no partieran. La tensi\u00f3n creci\u00f3 hasta el 26 de julio, cuando se convoc\u00f3 una huelga general que paraliz\u00f3 la ciudad. Lo que sigui\u00f3 fue una semana de caos, cuando la huelga deriv\u00f3 en una rebeli\u00f3n violenta que se extendi\u00f3 por las calles de Barcelona.<\/p>\n<h2>El Raval: El Coraz\u00f3n de la Insurrecci\u00f3n<\/h2>\n<p>El Raval, un barrio obrero densamente poblado, fue uno de los epicentros de la Semana Tr\u00e1gica. Conocido por sus calles estrechas y mercados bulliciosos, tambi\u00e9n era un hervidero de pol\u00edtica radical. El 26 de julio, cuando comenz\u00f3 la huelga general, los trabajadores de las f\u00e1bricas y talleres de El Raval salieron a las calles, levantando barricadas para impedir el paso de tropas y polic\u00eda. La cercan\u00eda del barrio al puerto, donde los reservistas hab\u00edan embarcado d\u00edas antes, aviv\u00f3 la furia de sus habitantes.<\/p>\n<p>Para el 27 de julio, El Raval estaba en plena revuelta. Grupos armados de insurgentes, muchos vinculados a organizaciones anarquistas y socialistas, se enfrentaron a soldados enviados a restaurar el orden. Los combates fueron intensos, con disparos resonando en los callejones laber\u00ednticos. Las iglesias y conventos, s\u00edmbolos de la riqueza e influencia de la Iglesia, se convirtieron en objetivos principales. La iglesia de Sant Pau del Camp, una de las m\u00e1s antiguas de Barcelona, fue incendiada, sus muros ennegrecidos por las llamas. Testigos describieron escenas de caos mientras los alborotadores exhumaban los cuerpos de monjas de conventos cercanos, exhibi\u00e9ndolos por las calles en una macabra muestra de furia anticlerical.<\/p>\n<p>Sin embargo, no todos los actos fueron de odio ciego. En algunos casos, los insurgentes protegieron a miembros del clero del da\u00f1o, sugiriendo que la ira estaba dirigida m\u00e1s hacia la instituci\u00f3n que hacia las personas. Aun as\u00ed, el da\u00f1o estaba hecho: las calles de El Raval quedaron cubiertas de escombros, y el tejido social del barrio se vio profundamente desgarrado por los eventos de la semana.<\/p>\n<h2>Poble Sec: Un Barrio Dividido<\/h2>\n<p>Al sur de El Raval, el barrio de Poble Sec vivi\u00f3 su propia dosis de agitaci\u00f3n durante la Semana Tr\u00e1gica. Ubicado al pie de la colina de Montju\u00efc, Poble Sec albergaba una mezcla de familias trabajadoras y peque\u00f1os negocios. Sus calles empinadas y casas modestas se convirtieron en un campo de batalla cuando insurgentes y soldados chocaron.<\/p>\n<p>El 28 de julio, aparecieron barricadas en las principales arterias, cortando el acceso al centro de la ciudad. Los trabajadores locales, muchos con lazos al movimiento anarquista, tomaron las armas, utilizando pistolas, rifles e incluso armas improvisadas para defender sus posiciones. La iglesia de Santa Madrona, un querido s\u00edmbolo local, no se salv\u00f3: fue saqueada e incendiada, su altar reducido a cenizas.<\/p>\n<p>No obstante, Poble Sec tambi\u00e9n estaba dividido. Mientras muchos residentes apoyaban la revuelta, otros tem\u00edan las consecuencias de la violencia. Algunos comerciantes y familias de clase media se atrincheraron en sus hogares, esperando que pasara la tormenta. La llegada de refuerzos desde Valencia y Zaragoza el 29 de julio cambi\u00f3 el rumbo, cuando los soldados comenzaron a desmantelar las barricadas y recuperar el control de las calles. Para el final de la semana, Poble Sec hab\u00eda sido sometido, pero las cicatrices del conflicto perduraron.<\/p>\n<h2>Gr\u00e0cia: Un Basti\u00f3n de Resistencia<\/h2>\n<p>M\u00e1s al norte, el barrio de Gr\u00e0cia \u2014entonces un pueblo semi-independiente en las afueras de Barcelona\u2014 se convirti\u00f3 en un basti\u00f3n de resistencia durante la Semana Tr\u00e1gica. Gr\u00e0cia ten\u00eda una larga tradici\u00f3n de radicalismo pol\u00edtico, y sus habitantes se unieron r\u00e1pidamente a la huelga general. El 26 de julio, las f\u00e1bricas del barrio cerraron, y al d\u00eda siguiente, las barricadas ya se alzaban en cada calle principal.<\/p>\n<p>Las calles estrechas y sinuosas de Gr\u00e0cia dificultaban la navegaci\u00f3n de las tropas, otorgando una ventaja t\u00e1ctica a los insurgentes. Durante varios d\u00edas, el barrio resisti\u00f3 al ej\u00e9rcito, con intensos combates reportados alrededor de la Pla\u00e7a de la Vila de Gr\u00e0cia. La iglesia local, Esgl\u00e9sia de Sant Joan, fue atacada, aunque los da\u00f1os fueron menos severos que en otras zonas. Los rebeldes de Gr\u00e0cia estaban decididos a mantener su posici\u00f3n, pero el 30 de julio, la llegada de m\u00e1s tropas los oblig\u00f3 a retroceder. Sin embargo, el esp\u00edritu de desaf\u00edo del barrio perdurar\u00eda, moldeando su identidad por d\u00e9cadas.<\/p>\n<h2>Sants: Disturbios Industriales y Rebeli\u00f3n<\/h2>\n<p>Sants, un barrio industrial en el extremo oeste de Barcelona, fue otro punto clave de la revuelta. Hogar de numerosas f\u00e1bricas y patios ferroviarios, Sants era un centro de actividad obrera. Cuando se convoc\u00f3 la huelga general, los trabajadores del barrio fueron de los primeros en responder, paralizando la producci\u00f3n y tomando las calles.<\/p>\n<p>El 27 de julio, los insurgentes en Sants atacaron la infraestructura local, dinamitando l\u00edneas de ferrocarril para impedir el movimiento de tropas y suministros. Las iglesias del barrio, incluida la Parroquia de Santa Maria de Sants, no escaparon; varias fueron saqueadas y quemadas. La violencia en Sants fue especialmente intensa, ya que la importancia estrat\u00e9gica del barrio lo convirti\u00f3 en un objetivo clave tanto para los rebeldes como para el ej\u00e9rcito. El 31 de julio, tras d\u00edas de combates encarnizados, el ej\u00e9rcito retom\u00f3 el control, pero no sin antes causar da\u00f1os significativos a los edificios y al \u00e1nimo del barrio.<\/p>\n<h2>La Barceloneta: El Puerto y la Gente<\/h2>\n<p>M\u00e1s cerca del mar, el barrio de Barceloneta \u2014hogar de pescadores, estibadores y sus familias\u2014 vivi\u00f3 una faceta distinta de la Semana Tr\u00e1gica. Aunque no tan industrializado como otras zonas, la proximidad de Barceloneta al puerto lo convirti\u00f3 en un lugar cr\u00edtico durante las protestas iniciales contra la partida de los reservistas.<\/p>\n<p>El 26 de julio, cuando comenz\u00f3 la huelga general, los estibadores de Barceloneta se negaron a cargar los barcos rumbo a Marruecos, paralizando las operaciones del puerto. Pronto aparecieron barricadas a lo largo de las calles estrechas del barrio, y se produjeron enfrentamientos con la polic\u00eda. Sin embargo, la violencia aqu\u00ed fue menos pronunciada que en otros barrios, con menos reportes de incendios de iglesias o batallas a gran escala. En cambio, el papel de Barceloneta fue m\u00e1s simb\u00f3lico, como el lugar donde el conflicto hab\u00eda estallado inicialmente. Para el final de la semana, el barrio hab\u00eda sido pacificado, pero sus residentes quedaron profundamente marcados por los eventos.<\/p>\n<h2>Horta y Sant Andreu: Los \u00daltimos Bastiones<\/h2>\n<p>A medida que la semana avanzaba, la revuelta comenz\u00f3 a decaer en el centro de la ciudad, pero persistieron focos de resistencia en los barrios perif\u00e9ricos de Horta y Sant Andreu. Estas zonas, m\u00e1s rurales y menos pobladas, se convirtieron en los \u00faltimos reductos de la insurrecci\u00f3n.<\/p>\n<p>En Horta, los insurgentes aprovecharon el terreno monta\u00f1oso para tender emboscadas a las tropas que avanzaban. La antigua iglesia de Horta, un hito local, fue uno de los \u00faltimos edificios en ser incendiados durante la Semana Tr\u00e1gica, sus llamas iluminando el cielo nocturno del 31 de julio. De manera similar, en Sant Andreu, las barricadas resistieron hasta el 1 de agosto, cuando el ej\u00e9rcito finalmente las derrib\u00f3. La ca\u00edda de estos barrios marc\u00f3 el fin de la revuelta, apagando las \u00faltimas brasas de la rebeli\u00f3n.<\/p>\n<h2>Las Consecuencias: Represi\u00f3n y Reflexi\u00f3n<\/h2>\n<p>Para el 2 de agosto de 1909, la Semana Tr\u00e1gica hab\u00eda terminado, pero su impacto en Barcelona fue profundo. La ciudad qued\u00f3 en ruinas, con m\u00e1s de 100 muertos, cientos de heridos y 112 edificios \u201480 de ellos religiosos\u2014 destruidos o da\u00f1ados. La brutal represi\u00f3n militar, ordenada por el gobierno de Antonio Maura, dej\u00f3 una marca indeleble en la psique de la ciudad. Miles fueron arrestados, y cinco hombres, incluido el educador anarquista Francisco Ferrer Guardia, fueron ejecutados, desatando una indignaci\u00f3n internacional.<\/p>\n<p>En los barrios, la vida volvi\u00f3 lentamente a la normalidad, pero el recuerdo de la Semana Tr\u00e1gica perdur\u00f3. El Raval, Poble Sec, Gr\u00e0cia, Sants, Barceloneta, Horta y Sant Andreu \u2014cada uno hab\u00eda desempe\u00f1ado un papel \u00fanico en la revuelta, moldeado por sus contextos social, econ\u00f3mico y pol\u00edtico. Los eventos de 1909 dejaron un legado duradero, influyendo en la identidad de Barcelona como una ciudad de resistencia y rebeli\u00f3n por generaciones.<\/p>\n<p>La Semana Tr\u00e1gica fue m\u00e1s que una semana de violencia; fue un reflejo de las frustraciones arraigadas de la clase trabajadora de Barcelona, el poder de la acci\u00f3n colectiva y las consecuencias de la represi\u00f3n estatal. Hoy, al recorrer los barrios de la ciudad, a\u00fan podemos ver ecos de aquel tiempo turbulento \u2014ya sea en las iglesias reconstruidas, las calles llenas de historia o el esp\u00edritu de desaf\u00edo que sigue definiendo a Barcelona.<\/p>","protected":false},"excerpt":{"rendered":"<p>En el verano de 1909, Barcelona era una ciudad al borde del abismo. La decisi\u00f3n del gobierno espa\u00f1ol de enviar reservistas \u2014muchos de ellos padres de familia de clase trabajadora\u2014 a combatir en la brutal guerra colonial en Marruecos desat\u00f3 una ola de indignaci\u00f3n que culminar\u00eda en una de las [&hellip;]<\/p>\n","protected":false},"author":3,"featured_media":65531,"comment_status":"closed","ping_status":"closed","sticky":false,"template":"","format":"standard","meta":{"footnotes":""},"categories":[562],"tags":[],"class_list":["post-65530","post","type-post","status-publish","format-standard","has-post-thumbnail","hentry","category-historia"],"yoast_head":"<!-- This site is optimized with the Yoast SEO plugin v27.5 - https:\/\/yoast.com\/product\/yoast-seo-wordpress\/ -->\n<title>Un relato barrio por barrio de la Semana Tr\u00e1gica en Barcelona - Revista Rambla<\/title>\n<meta name=\"robots\" content=\"index, follow, max-snippet:-1, max-image-preview:large, max-video-preview:-1\" \/>\n<link rel=\"canonical\" href=\"https:\/\/www.revistarambla.com\/en\/un-relato-barrio-por-barrio-de-la-semana-tragica-en-barcelona\/\" \/>\n<meta property=\"og:locale\" content=\"en_GB\" \/>\n<meta property=\"og:type\" content=\"article\" \/>\n<meta property=\"og:title\" content=\"Un relato barrio por barrio de la Semana Tr\u00e1gica en Barcelona - Revista Rambla\" \/>\n<meta property=\"og:description\" content=\"En el verano de 1909, Barcelona era una ciudad al borde del abismo. La decisi\u00f3n del gobierno espa\u00f1ol de enviar reservistas \u2014muchos de ellos padres de familia de clase trabajadora\u2014 a combatir en la brutal guerra colonial en Marruecos desat\u00f3 una ola de indignaci\u00f3n que culminar\u00eda en una de las [&hellip;]\" \/>\n<meta property=\"og:url\" content=\"https:\/\/www.revistarambla.com\/en\/un-relato-barrio-por-barrio-de-la-semana-tragica-en-barcelona\/\" \/>\n<meta property=\"og:site_name\" content=\"Revista Rambla\" \/>\n<meta property=\"article:publisher\" content=\"https:\/\/www.facebook.com\/revistarambla\/\" \/>\n<meta property=\"article:author\" content=\"https:\/\/www.facebook.com\/revistarambla\" \/>\n<meta property=\"article:published_time\" content=\"2025-06-21T11:21:36+00:00\" \/>\n<meta property=\"article:modified_time\" content=\"2025-06-24T08:59:54+00:00\" \/>\n<meta property=\"og:image\" content=\"https:\/\/www.revistarambla.com\/wp-content\/uploads\/2025\/06\/semana-tragica-barcelona.jpg\" \/>\n\t<meta property=\"og:image:width\" content=\"1920\" \/>\n\t<meta property=\"og:image:height\" content=\"1080\" \/>\n\t<meta property=\"og:image:type\" content=\"image\/jpeg\" \/>\n<meta name=\"author\" content=\"R@mbla\" \/>\n<meta name=\"twitter:card\" content=\"summary_large_image\" \/>\n<meta name=\"twitter:creator\" content=\"@revistarambla\" \/>\n<meta name=\"twitter:site\" content=\"@revistarambla\" \/>\n<meta name=\"twitter:label1\" content=\"Written by\" \/>\n\t<meta name=\"twitter:data1\" content=\"R@mbla\" \/>\n\t<meta name=\"twitter:label2\" content=\"Estimated reading time\" \/>\n\t<meta name=\"twitter:data2\" content=\"9 minutes\" \/>\n<script type=\"application\/ld+json\" class=\"yoast-schema-graph\">{\"@context\":\"https:\\\/\\\/schema.org\",\"@graph\":[{\"@type\":\"Article\",\"@id\":\"https:\\\/\\\/www.revistarambla.com\\\/un-relato-barrio-por-barrio-de-la-semana-tragica-en-barcelona\\\/#article\",\"isPartOf\":{\"@id\":\"https:\\\/\\\/www.revistarambla.com\\\/un-relato-barrio-por-barrio-de-la-semana-tragica-en-barcelona\\\/\"},\"author\":{\"name\":\"R@mbla\",\"@id\":\"https:\\\/\\\/www.revistarambla.com\\\/#\\\/schema\\\/person\\\/a146a5a2550b94981a75131180e1bd9c\"},\"headline\":\"Un relato barrio por barrio de la Semana Tr\u00e1gica en Barcelona\",\"datePublished\":\"2025-06-21T11:21:36+00:00\",\"dateModified\":\"2025-06-24T08:59:54+00:00\",\"mainEntityOfPage\":{\"@id\":\"https:\\\/\\\/www.revistarambla.com\\\/un-relato-barrio-por-barrio-de-la-semana-tragica-en-barcelona\\\/\"},\"wordCount\":1824,\"publisher\":{\"@id\":\"https:\\\/\\\/www.revistarambla.com\\\/#organization\"},\"image\":{\"@id\":\"https:\\\/\\\/www.revistarambla.com\\\/un-relato-barrio-por-barrio-de-la-semana-tragica-en-barcelona\\\/#primaryimage\"},\"thumbnailUrl\":\"https:\\\/\\\/www.revistarambla.com\\\/wp-content\\\/uploads\\\/2025\\\/06\\\/semana-tragica-barcelona.jpg\",\"articleSection\":[\"Historia\"],\"inLanguage\":\"en-GB\"},{\"@type\":\"WebPage\",\"@id\":\"https:\\\/\\\/www.revistarambla.com\\\/un-relato-barrio-por-barrio-de-la-semana-tragica-en-barcelona\\\/\",\"url\":\"https:\\\/\\\/www.revistarambla.com\\\/un-relato-barrio-por-barrio-de-la-semana-tragica-en-barcelona\\\/\",\"name\":\"Un relato barrio por barrio de la Semana Tr\u00e1gica en Barcelona - Revista Rambla\",\"isPartOf\":{\"@id\":\"https:\\\/\\\/www.revistarambla.com\\\/#website\"},\"primaryImageOfPage\":{\"@id\":\"https:\\\/\\\/www.revistarambla.com\\\/un-relato-barrio-por-barrio-de-la-semana-tragica-en-barcelona\\\/#primaryimage\"},\"image\":{\"@id\":\"https:\\\/\\\/www.revistarambla.com\\\/un-relato-barrio-por-barrio-de-la-semana-tragica-en-barcelona\\\/#primaryimage\"},\"thumbnailUrl\":\"https:\\\/\\\/www.revistarambla.com\\\/wp-content\\\/uploads\\\/2025\\\/06\\\/semana-tragica-barcelona.jpg\",\"datePublished\":\"2025-06-21T11:21:36+00:00\",\"dateModified\":\"2025-06-24T08:59:54+00:00\",\"breadcrumb\":{\"@id\":\"https:\\\/\\\/www.revistarambla.com\\\/un-relato-barrio-por-barrio-de-la-semana-tragica-en-barcelona\\\/#breadcrumb\"},\"inLanguage\":\"en-GB\",\"potentialAction\":[{\"@type\":\"ReadAction\",\"target\":[\"https:\\\/\\\/www.revistarambla.com\\\/un-relato-barrio-por-barrio-de-la-semana-tragica-en-barcelona\\\/\"]}]},{\"@type\":\"ImageObject\",\"inLanguage\":\"en-GB\",\"@id\":\"https:\\\/\\\/www.revistarambla.com\\\/un-relato-barrio-por-barrio-de-la-semana-tragica-en-barcelona\\\/#primaryimage\",\"url\":\"https:\\\/\\\/www.revistarambla.com\\\/wp-content\\\/uploads\\\/2025\\\/06\\\/semana-tragica-barcelona.jpg\",\"contentUrl\":\"https:\\\/\\\/www.revistarambla.com\\\/wp-content\\\/uploads\\\/2025\\\/06\\\/semana-tragica-barcelona.jpg\",\"width\":1920,\"height\":1080,\"caption\":\"semana tr\u00e1gica barcelona\"},{\"@type\":\"BreadcrumbList\",\"@id\":\"https:\\\/\\\/www.revistarambla.com\\\/un-relato-barrio-por-barrio-de-la-semana-tragica-en-barcelona\\\/#breadcrumb\",\"itemListElement\":[{\"@type\":\"ListItem\",\"position\":1,\"name\":\"Portada\",\"item\":\"https:\\\/\\\/www.revistarambla.com\\\/\"},{\"@type\":\"ListItem\",\"position\":2,\"name\":\"Un relato barrio por barrio de la Semana Tr\u00e1gica en Barcelona\"}]},{\"@type\":\"WebSite\",\"@id\":\"https:\\\/\\\/www.revistarambla.com\\\/#website\",\"url\":\"https:\\\/\\\/www.revistarambla.com\\\/\",\"name\":\"Revista Rambla Barcelona\",\"description\":\"Periodismo independiente\",\"publisher\":{\"@id\":\"https:\\\/\\\/www.revistarambla.com\\\/#organization\"},\"potentialAction\":[{\"@type\":\"SearchAction\",\"target\":{\"@type\":\"EntryPoint\",\"urlTemplate\":\"https:\\\/\\\/www.revistarambla.com\\\/?s={search_term_string}\"},\"query-input\":{\"@type\":\"PropertyValueSpecification\",\"valueRequired\":true,\"valueName\":\"search_term_string\"}}],\"inLanguage\":\"en-GB\"},{\"@type\":\"Organization\",\"@id\":\"https:\\\/\\\/www.revistarambla.com\\\/#organization\",\"name\":\"Revista Rambla\",\"url\":\"https:\\\/\\\/www.revistarambla.com\\\/\",\"logo\":{\"@type\":\"ImageObject\",\"inLanguage\":\"en-GB\",\"@id\":\"https:\\\/\\\/www.revistarambla.com\\\/#\\\/schema\\\/logo\\\/image\\\/\",\"url\":\"https:\\\/\\\/www.revistarambla.com\\\/wp-content\\\/uploads\\\/2020\\\/09\\\/banner_rambla_1900x600_BB.png\",\"contentUrl\":\"https:\\\/\\\/www.revistarambla.com\\\/wp-content\\\/uploads\\\/2020\\\/09\\\/banner_rambla_1900x600_BB.png\",\"width\":1900,\"height\":600,\"caption\":\"Revista Rambla\"},\"image\":{\"@id\":\"https:\\\/\\\/www.revistarambla.com\\\/#\\\/schema\\\/logo\\\/image\\\/\"},\"sameAs\":[\"https:\\\/\\\/www.facebook.com\\\/revistarambla\\\/\",\"https:\\\/\\\/x.com\\\/revistarambla\",\"https:\\\/\\\/www.instagram.com\\\/revista_rambla\",\"https:\\\/\\\/es.linkedin.com\\\/company\\\/revista-rambla\"]},{\"@type\":\"Person\",\"@id\":\"https:\\\/\\\/www.revistarambla.com\\\/#\\\/schema\\\/person\\\/a146a5a2550b94981a75131180e1bd9c\",\"name\":\"R@mbla\",\"description\":\"Este art\u00edculo ha sido redactado y\\\/o validado por el equipo de redacci\u00f3n de Revista Rambla.\",\"sameAs\":[\"https:\\\/\\\/www.revistarambla.com\\\/\",\"https:\\\/\\\/www.facebook.com\\\/revistarambla\",\"https:\\\/\\\/x.com\\\/revistarambla\"]}]}<\/script>\n<!-- \/ Yoast SEO plugin. -->","yoast_head_json":{"title":"Un relato barrio por barrio de la Semana Tr\u00e1gica en Barcelona - Revista Rambla","robots":{"index":"index","follow":"follow","max-snippet":"max-snippet:-1","max-image-preview":"max-image-preview:large","max-video-preview":"max-video-preview:-1"},"canonical":"https:\/\/www.revistarambla.com\/en\/un-relato-barrio-por-barrio-de-la-semana-tragica-en-barcelona\/","og_locale":"en_GB","og_type":"article","og_title":"Un relato barrio por barrio de la Semana Tr\u00e1gica en Barcelona - Revista Rambla","og_description":"En el verano de 1909, Barcelona era una ciudad al borde del abismo. La decisi\u00f3n del gobierno espa\u00f1ol de enviar reservistas \u2014muchos de ellos padres de familia de clase trabajadora\u2014 a combatir en la brutal guerra colonial en Marruecos desat\u00f3 una ola de indignaci\u00f3n que culminar\u00eda en una de las [&hellip;]","og_url":"https:\/\/www.revistarambla.com\/en\/un-relato-barrio-por-barrio-de-la-semana-tragica-en-barcelona\/","og_site_name":"Revista Rambla","article_publisher":"https:\/\/www.facebook.com\/revistarambla\/","article_author":"https:\/\/www.facebook.com\/revistarambla","article_published_time":"2025-06-21T11:21:36+00:00","article_modified_time":"2025-06-24T08:59:54+00:00","og_image":[{"width":1920,"height":1080,"url":"https:\/\/www.revistarambla.com\/wp-content\/uploads\/2025\/06\/semana-tragica-barcelona.jpg","type":"image\/jpeg"}],"author":"R@mbla","twitter_card":"summary_large_image","twitter_creator":"@revistarambla","twitter_site":"@revistarambla","twitter_misc":{"Written by":"R@mbla","Estimated reading time":"9 minutes"},"schema":{"@context":"https:\/\/schema.org","@graph":[{"@type":"Article","@id":"https:\/\/www.revistarambla.com\/un-relato-barrio-por-barrio-de-la-semana-tragica-en-barcelona\/#article","isPartOf":{"@id":"https:\/\/www.revistarambla.com\/un-relato-barrio-por-barrio-de-la-semana-tragica-en-barcelona\/"},"author":{"name":"R@mbla","@id":"https:\/\/www.revistarambla.com\/#\/schema\/person\/a146a5a2550b94981a75131180e1bd9c"},"headline":"Un relato barrio por barrio de la Semana Tr\u00e1gica en Barcelona","datePublished":"2025-06-21T11:21:36+00:00","dateModified":"2025-06-24T08:59:54+00:00","mainEntityOfPage":{"@id":"https:\/\/www.revistarambla.com\/un-relato-barrio-por-barrio-de-la-semana-tragica-en-barcelona\/"},"wordCount":1824,"publisher":{"@id":"https:\/\/www.revistarambla.com\/#organization"},"image":{"@id":"https:\/\/www.revistarambla.com\/un-relato-barrio-por-barrio-de-la-semana-tragica-en-barcelona\/#primaryimage"},"thumbnailUrl":"https:\/\/www.revistarambla.com\/wp-content\/uploads\/2025\/06\/semana-tragica-barcelona.jpg","articleSection":["Historia"],"inLanguage":"en-GB"},{"@type":"WebPage","@id":"https:\/\/www.revistarambla.com\/un-relato-barrio-por-barrio-de-la-semana-tragica-en-barcelona\/","url":"https:\/\/www.revistarambla.com\/un-relato-barrio-por-barrio-de-la-semana-tragica-en-barcelona\/","name":"Un relato barrio por barrio de la Semana Tr\u00e1gica en Barcelona - Revista Rambla","isPartOf":{"@id":"https:\/\/www.revistarambla.com\/#website"},"primaryImageOfPage":{"@id":"https:\/\/www.revistarambla.com\/un-relato-barrio-por-barrio-de-la-semana-tragica-en-barcelona\/#primaryimage"},"image":{"@id":"https:\/\/www.revistarambla.com\/un-relato-barrio-por-barrio-de-la-semana-tragica-en-barcelona\/#primaryimage"},"thumbnailUrl":"https:\/\/www.revistarambla.com\/wp-content\/uploads\/2025\/06\/semana-tragica-barcelona.jpg","datePublished":"2025-06-21T11:21:36+00:00","dateModified":"2025-06-24T08:59:54+00:00","breadcrumb":{"@id":"https:\/\/www.revistarambla.com\/un-relato-barrio-por-barrio-de-la-semana-tragica-en-barcelona\/#breadcrumb"},"inLanguage":"en-GB","potentialAction":[{"@type":"ReadAction","target":["https:\/\/www.revistarambla.com\/un-relato-barrio-por-barrio-de-la-semana-tragica-en-barcelona\/"]}]},{"@type":"ImageObject","inLanguage":"en-GB","@id":"https:\/\/www.revistarambla.com\/un-relato-barrio-por-barrio-de-la-semana-tragica-en-barcelona\/#primaryimage","url":"https:\/\/www.revistarambla.com\/wp-content\/uploads\/2025\/06\/semana-tragica-barcelona.jpg","contentUrl":"https:\/\/www.revistarambla.com\/wp-content\/uploads\/2025\/06\/semana-tragica-barcelona.jpg","width":1920,"height":1080,"caption":"semana tr\u00e1gica barcelona"},{"@type":"BreadcrumbList","@id":"https:\/\/www.revistarambla.com\/un-relato-barrio-por-barrio-de-la-semana-tragica-en-barcelona\/#breadcrumb","itemListElement":[{"@type":"ListItem","position":1,"name":"Portada","item":"https:\/\/www.revistarambla.com\/"},{"@type":"ListItem","position":2,"name":"Un relato barrio por barrio de la Semana Tr\u00e1gica en Barcelona"}]},{"@type":"WebSite","@id":"https:\/\/www.revistarambla.com\/#website","url":"https:\/\/www.revistarambla.com\/","name":"Revista Rambla Barcelona","description":"Periodismo independiente","publisher":{"@id":"https:\/\/www.revistarambla.com\/#organization"},"potentialAction":[{"@type":"SearchAction","target":{"@type":"EntryPoint","urlTemplate":"https:\/\/www.revistarambla.com\/?s={search_term_string}"},"query-input":{"@type":"PropertyValueSpecification","valueRequired":true,"valueName":"search_term_string"}}],"inLanguage":"en-GB"},{"@type":"Organization","@id":"https:\/\/www.revistarambla.com\/#organization","name":"Revista Rambla","url":"https:\/\/www.revistarambla.com\/","logo":{"@type":"ImageObject","inLanguage":"en-GB","@id":"https:\/\/www.revistarambla.com\/#\/schema\/logo\/image\/","url":"https:\/\/www.revistarambla.com\/wp-content\/uploads\/2020\/09\/banner_rambla_1900x600_BB.png","contentUrl":"https:\/\/www.revistarambla.com\/wp-content\/uploads\/2020\/09\/banner_rambla_1900x600_BB.png","width":1900,"height":600,"caption":"Revista Rambla"},"image":{"@id":"https:\/\/www.revistarambla.com\/#\/schema\/logo\/image\/"},"sameAs":["https:\/\/www.facebook.com\/revistarambla\/","https:\/\/x.com\/revistarambla","https:\/\/www.instagram.com\/revista_rambla","https:\/\/es.linkedin.com\/company\/revista-rambla"]},{"@type":"Person","@id":"https:\/\/www.revistarambla.com\/#\/schema\/person\/a146a5a2550b94981a75131180e1bd9c","name":"R@mbla","description":"Este art\u00edculo ha sido redactado y\/o validado por el equipo de redacci\u00f3n de Revista Rambla.","sameAs":["https:\/\/www.revistarambla.com\/","https:\/\/www.facebook.com\/revistarambla","https:\/\/x.com\/revistarambla"]}]}},"_links":{"self":[{"href":"https:\/\/www.revistarambla.com\/en\/wp-json\/wp\/v2\/posts\/65530","targetHints":{"allow":["GET"]}}],"collection":[{"href":"https:\/\/www.revistarambla.com\/en\/wp-json\/wp\/v2\/posts"}],"about":[{"href":"https:\/\/www.revistarambla.com\/en\/wp-json\/wp\/v2\/types\/post"}],"author":[{"embeddable":true,"href":"https:\/\/www.revistarambla.com\/en\/wp-json\/wp\/v2\/users\/3"}],"replies":[{"embeddable":true,"href":"https:\/\/www.revistarambla.com\/en\/wp-json\/wp\/v2\/comments?post=65530"}],"version-history":[{"count":1,"href":"https:\/\/www.revistarambla.com\/en\/wp-json\/wp\/v2\/posts\/65530\/revisions"}],"predecessor-version":[{"id":65532,"href":"https:\/\/www.revistarambla.com\/en\/wp-json\/wp\/v2\/posts\/65530\/revisions\/65532"}],"wp:featuredmedia":[{"embeddable":true,"href":"https:\/\/www.revistarambla.com\/en\/wp-json\/wp\/v2\/media\/65531"}],"wp:attachment":[{"href":"https:\/\/www.revistarambla.com\/en\/wp-json\/wp\/v2\/media?parent=65530"}],"wp:term":[{"taxonomy":"category","embeddable":true,"href":"https:\/\/www.revistarambla.com\/en\/wp-json\/wp\/v2\/categories?post=65530"},{"taxonomy":"post_tag","embeddable":true,"href":"https:\/\/www.revistarambla.com\/en\/wp-json\/wp\/v2\/tags?post=65530"}],"curies":[{"name":"wp","href":"https:\/\/api.w.org\/{rel}","templated":true}]}}