{"id":65514,"date":"2025-06-18T20:15:27","date_gmt":"2025-06-18T18:15:27","guid":{"rendered":"https:\/\/www.revistarambla.com\/?p=65514"},"modified":"2025-06-19T20:24:35","modified_gmt":"2025-06-19T18:24:35","slug":"la-huelga-del-metal-en-cadiz-una-lucha-que-vuelve-a-encender-las-calles","status":"publish","type":"post","link":"https:\/\/www.revistarambla.com\/en\/la-huelga-del-metal-en-cadiz-una-lucha-que-vuelve-a-encender-las-calles\/","title":{"rendered":"La huelga del metal en C\u00e1diz: una lucha que vuelve a encender las calles"},"content":{"rendered":"<p>El sol apenas despuntaba en el horizonte cuando C\u00e1diz despert\u00f3 con el olor acre del pl\u00e1stico quemado y el eco de consignas obreras resonando en sus calles. La primera jornada de la nueva huelga del sector del metal, convocada por los sindicatos UGT y CCOO, junto a la Coordinadora de Trabajadores del Metal (CTM), marc\u00f3 un regreso a las movilizaciones que, hace cuatro a\u00f1os, en noviembre de 2021, dejaron im\u00e1genes imborrables en la memoria colectiva de la Bah\u00eda. Con barricadas en llamas, cortes de tr\u00e1fico y enfrentamientos con la Polic\u00eda Nacional, los trabajadores del metal volvieron a tomar las calles para exigir un convenio colectivo justo, en un contexto de alta carga laboral para las empresas tractoras como Navantia, Airbus y Dragados Offshore.<\/p>\n<h2>Un amanecer de barricadas y tensi\u00f3n<\/h2>\n<p>Desde las primeras horas de la madrugada, los piquetes informativos se desplegaron en puntos estrat\u00e9gicos de la provincia. A las seis de la ma\u00f1ana, las carreteras CA-35 y CA-36, que conectan C\u00e1diz con Puerto Real a trav\u00e9s de los puentes Jos\u00e9 Le\u00f3n de Carranza y de la Constituci\u00f3n de 1812, quedaron bloqueadas por barricadas de neum\u00e1ticos, ramas y maderas en llamas. Seg\u00fan inform\u00f3 la Direcci\u00f3n General de Tr\u00e1fico (DGT), el corte fue total en ambos sentidos, generando importantes retenciones y obligando a desviar el tr\u00e1fico hacia San Fernando. Los accesos a la capital gaditana, vitales para la movilidad de la Bah\u00eda, se convirtieron en el primer campo de batalla de la jornada.<\/p>\n<p>En la avenida de Astilleros, una de las arterias principales de la ciudad, los manifestantes levantaron barricadas con contenedores incendiados, mientras los c\u00e1nticos de \u201c\u00a1Ni un paso atr\u00e1s en la lucha del metal!\u201d, resonaban entre el humo. La escena evocaba los disturbios de 2021, cuando la Bah\u00eda de C\u00e1diz se convirti\u00f3 en escenario de enfrentamientos con antidisturbios y la presencia de una \u201ctanqueta\u201d policial que se convirti\u00f3 en s\u00edmbolo de aquella movilizaci\u00f3n.<\/p>\n<p>La tensi\u00f3n escal\u00f3 r\u00e1pidamente. Sobre las 9:45, seg\u00fan un comunicado de la Polic\u00eda Nacional, los manifestantes comenzaron a lanzar botellas, piedras y otros objetos contra los agentes desplegados en la avenida Marconi. En respuesta, se produjeron las primeras cargas policiales, que se extendieron hasta la avenida Ana de Viya. Un incidente especialmente grave ocurri\u00f3 cuando una piedra lanzada por los manifestantes impact\u00f3 en la cabeza de un viandante, caus\u00e1ndole una herida profunda. Hasta el mediod\u00eda, se reportaron seis detenciones, incluyendo a un menor de edad, por des\u00f3rdenes p\u00fablicos y da\u00f1os.<\/p>\n<p>El caos no se limit\u00f3 a las carreteras. La circulaci\u00f3n de trenes de Cercan\u00edas con origen y destino en C\u00e1diz, as\u00ed como los que conectan con Sevilla, qued\u00f3 interrumpida durante varias horas debido a un incendio pr\u00f3ximo a las v\u00edas, seg\u00fan inform\u00f3 Adif. Los trabajadores del metal, conscientes del impacto de estas acciones, buscaban visibilizar su lucha en un momento clave para la industria de la provincia.<\/p>\n<h2>Los motivos de la huelga: un convenio estancado<\/h2>\n<p>La huelga, que afecta a cerca de 26.000 trabajadores y m\u00e1s de 3.000 empresas del sector del metal en la provincia, tiene su origen en la falta de acuerdo para renovar el convenio colectivo, que lleva 18 meses de negociaciones sin avances significativos. Los sindicatos exigen una revalorizaci\u00f3n salarial acorde con el IPC desde el 1 de enero de 2024, la recuperaci\u00f3n del plus de toxicidad y penosidad para todos los trabajadores, la regulaci\u00f3n del contrato fijo-discontinuo y la eliminaci\u00f3n de la doble escala salarial que afecta a los empleados contratados despu\u00e9s de 2013.<\/p>\n<p>La Federaci\u00f3n de Empresarios del Metal de la Provincia de C\u00e1diz (Femca) ha propuesto una subida salarial del 3% para 2024, con car\u00e1cter retroactivo, y un 2,8% para 2025, junto con mejoras en dietas, anticipos, bolsas de estudios y equipamiento de trabajo. Sin embargo, los sindicatos consideran esta oferta insuficiente, especialmente porque no aborda de manera efectiva demandas hist\u00f3ricas como el plus de toxicidad, eliminado en 2013, y la precariedad de los contratos fijos-discontinuos.<\/p>\n<p>Manuel Balber, de la Coordinadora de Trabajadores del Metal, expres\u00f3 a los medios la frustraci\u00f3n del sector: \u201cQueremos un convenio justo y que se cumpla. En 2021 firmamos un acuerdo que al d\u00eda siguiente se incumpli\u00f3. Es papel mojado\u201d. Esta desconfianza hacia la patronal y las empresas tractoras, como Navantia, que dependen en gran medida de la industria auxiliar, es uno de los motores de la movilizaci\u00f3n. Balber a\u00f1adi\u00f3: \u201cUna empresa p\u00fablica debe ser un modelo a seguir, no incitar a la precariedad laboral\u201d.<\/p>\n<p>Por su parte, Femca insiste en que ha hecho un esfuerzo significativo al ofrecer incrementos por encima del IPC y mejoras en varios art\u00edculos del convenio. Jos\u00e9 Mu\u00f1oz, secretario general de la patronal, lament\u00f3 la convocatoria de la huelga, argumentando que \u201cno hay raz\u00f3n objetiva\u201d para el paro, dado el riesgo de perder contratos estrat\u00e9gicos en un momento de alta carga de trabajo para el sector naval y aeroespacial.<\/p>\n<h2>Un sector en auge, pero con demandas pendientes<\/h2>\n<p>La huelga llega en un contexto parad\u00f3jico: las empresas tractoras de la provincia, como Navantia, Dragados Offshore y Airbus, atraviesan un momento de gran actividad. En el astillero de C\u00e1diz, se trabaja en la reparaci\u00f3n de la fragata <em>Numancia<\/em> y el crucero <em>Carnival Liberty<\/em>. En Puerto Real, Navantia avanza en la construcci\u00f3n de un BAM-IS y una <em>jacket<\/em> para Ocean Winds, mientras que en San Fernando se construyen tres corbetas para Arabia Saud\u00ed y un patrullero para Marruecos. Dragados Offshore, por su parte, est\u00e1 a pleno rendimiento con las plataformas e\u00f3licas Borwin 4 y Dolwin 4.<\/p>\n<p>Este auge econ\u00f3mico contrasta con las demandas de los trabajadores, que denuncian condiciones laborales precarias, salarios que no compensan la inflaci\u00f3n y una doble escala salarial que genera desigualdades. Antonio Montoro, de UGT, se\u00f1al\u00f3: \u201cLa patronal est\u00e1 echando a perder a este pueblo. Esta movilizaci\u00f3n podr\u00eda evitarse si cumplieran con lo que pedimos, que es justo\u201d. Pedro Lloret, de CCOO, a\u00f1adi\u00f3 que la huelga no es un capricho, sino una respuesta a la \u201cinflexibilidad\u201d de Femca.<\/p>\n<p>La memoria de la huelga de 2021, que dur\u00f3 nueve d\u00edas y dej\u00f3 im\u00e1genes de enfrentamientos y barricadas, est\u00e1 muy presente. Aquella movilizaci\u00f3n, tambi\u00e9n por la renovaci\u00f3n del convenio, culmin\u00f3 con un preacuerdo ratificado el 24 de noviembre, pero los trabajadores sienten que los avances logrados entonces no se han consolidado. La amenaza de una huelga indefinida a partir del 23 de junio refleja la determinaci\u00f3n del sector de no ceder en sus demandas.<\/p>\n<h2>La respuesta de las autoridades y la sociedad<\/h2>\n<p>La Subdelegaci\u00f3n del Gobierno en C\u00e1diz activ\u00f3 un fuerte dispositivo policial para garantizar la seguridad y la movilidad, con unidades de intervenci\u00f3n policial (UIP) y de prevenci\u00f3n y reacci\u00f3n (UPR) desplegadas en la Bah\u00eda y el Campo de Gibraltar. La presencia policial, sin embargo, no evit\u00f3 los enfrentamientos, especialmente en zonas como la barriada de Loreto, el entorno del estadio Nuevo Mirandilla y R\u00edo San Pedro en Puerto Real.<\/p>\n<p>La sociedad gaditana, acostumbrada a las movilizaciones del sector, mostr\u00f3 una mezcla de apoyo y preocupaci\u00f3n. En redes sociales, mensajes como el de @Accountable2019, que expres\u00f3 \u201ctodo el apoyo a los m\u00e1s de 25.000 obreros del metal en C\u00e1diz en huelga\u201d, conviv\u00edan con cr\u00edticas a la represi\u00f3n policial. @FonsiLoaiza denunci\u00f3 la \u201cviolencia policial\u201d contra los trabajadores, mientras que medios como @telediario_tve y @el_pais destacaron la intensidad de las protestas y su impacto en la ciudad.<\/p>\n<p>El alcalde de C\u00e1diz, Jos\u00e9 Mar\u00eda Gonz\u00e1lez \u201cKichi\u201d, quien en 2021 pidi\u00f3 la dimisi\u00f3n del subdelegado del Gobierno por la respuesta policial, no se ha pronunciado a\u00fan sobre esta jornada, pero la memoria de su cr\u00edtica a las \u201ccargas desproporcionadas\u201d sigue resonando. La provincia, con una tasa de paro que supera el 23% en algunos municipios, vive estas protestas como un reflejo de un malestar socioecon\u00f3mico m\u00e1s amplio.<\/p>\n<h2>Un futuro incierto<\/h2>\n<p>A medida que la tarde avanzaba, la normalidad regres\u00f3 parcialmente a C\u00e1diz. Los puentes recuperaron la circulaci\u00f3n, y el tr\u00e1fico en la avenida principal flu\u00eda con tranquilidad, aunque los cristales rotos en el asfalto y el olor a quemado recordaban los momentos de mayor tensi\u00f3n.<\/p>\n<p>La segunda jornada de huelga, prevista para el jueves 19 de junio, promete mantener la presi\u00f3n sobre la patronal. Si no se alcanza un acuerdo en los pr\u00f3ximos d\u00edas, la amenaza de una huelga indefinida a partir del 23 de junio podr\u00eda paralizar a\u00fan m\u00e1s la actividad en un sector clave para la econom\u00eda gaditana. Los trabajadores, agotados pero decididos, advierten: \u201cNo tenemos miedo, estamos cansados de esta situaci\u00f3n\u201d.<\/p>\n<p>En un contexto de alta carga de trabajo y crecimiento en el sector naval y aeroespacial, la huelga del metal en C\u00e1diz pone de manifiesto las tensiones entre el desarrollo econ\u00f3mico y las condiciones laborales. Mientras las barricadas arden y las consignas resuenan, la Bah\u00eda de C\u00e1diz vuelve a ser el epicentro de una lucha que trasciende lo laboral y se convierte en un grito por la dignidad. El desenlace de este conflicto depender\u00e1 de la capacidad de di\u00e1logo entre sindicatos y patronal, pero, por ahora, las calles de C\u00e1diz siguen siendo el escenario de una batalla que no da tregua.<\/p>","protected":false},"excerpt":{"rendered":"<p>El sol apenas despuntaba en el horizonte cuando C\u00e1diz despert\u00f3 con el olor acre del pl\u00e1stico quemado y el eco de consignas obreras resonando en sus calles. La primera jornada de la nueva huelga del sector del metal, convocada por los sindicatos UGT y CCOO, junto a la Coordinadora de [&hellip;]<\/p>\n","protected":false},"author":3,"featured_media":65515,"comment_status":"closed","ping_status":"closed","sticky":false,"template":"","format":"standard","meta":{"footnotes":""},"categories":[58],"tags":[],"class_list":["post-65514","post","type-post","status-publish","format-standard","has-post-thumbnail","hentry","category-estado-espanol"],"yoast_head":"<!-- This site is optimized with the Yoast SEO plugin v27.5 - https:\/\/yoast.com\/product\/yoast-seo-wordpress\/ -->\n<title>La huelga del metal en C\u00e1diz: una lucha que vuelve a encender las calles - Revista Rambla<\/title>\n<meta name=\"robots\" content=\"index, follow, max-snippet:-1, max-image-preview:large, max-video-preview:-1\" \/>\n<link rel=\"canonical\" href=\"https:\/\/www.revistarambla.com\/en\/la-huelga-del-metal-en-cadiz-una-lucha-que-vuelve-a-encender-las-calles\/\" \/>\n<meta property=\"og:locale\" content=\"en_GB\" \/>\n<meta property=\"og:type\" content=\"article\" \/>\n<meta property=\"og:title\" content=\"La huelga del metal en C\u00e1diz: una lucha que vuelve a encender las calles - Revista Rambla\" \/>\n<meta property=\"og:description\" content=\"El sol apenas despuntaba en el horizonte cuando C\u00e1diz despert\u00f3 con el olor acre del pl\u00e1stico quemado y el eco de consignas obreras resonando en sus calles. La primera jornada de la nueva huelga del sector del metal, convocada por los sindicatos UGT y CCOO, junto a la Coordinadora de [&hellip;]\" \/>\n<meta property=\"og:url\" content=\"https:\/\/www.revistarambla.com\/en\/la-huelga-del-metal-en-cadiz-una-lucha-que-vuelve-a-encender-las-calles\/\" \/>\n<meta property=\"og:site_name\" content=\"Revista Rambla\" \/>\n<meta property=\"article:publisher\" content=\"https:\/\/www.facebook.com\/revistarambla\/\" \/>\n<meta property=\"article:author\" content=\"https:\/\/www.facebook.com\/revistarambla\" \/>\n<meta property=\"article:published_time\" content=\"2025-06-18T18:15:27+00:00\" \/>\n<meta property=\"article:modified_time\" content=\"2025-06-19T18:24:35+00:00\" \/>\n<meta property=\"og:image\" content=\"https:\/\/www.revistarambla.com\/wp-content\/uploads\/2025\/06\/protestas-de-la-nueva-huelga-del-metal-en-Cadiz.jpg\" \/>\n\t<meta property=\"og:image:width\" content=\"1600\" \/>\n\t<meta property=\"og:image:height\" content=\"900\" \/>\n\t<meta property=\"og:image:type\" content=\"image\/jpeg\" \/>\n<meta name=\"author\" content=\"R@mbla\" \/>\n<meta name=\"twitter:card\" content=\"summary_large_image\" \/>\n<meta name=\"twitter:creator\" content=\"@revistarambla\" \/>\n<meta name=\"twitter:site\" content=\"@revistarambla\" \/>\n<meta name=\"twitter:label1\" content=\"Written by\" \/>\n\t<meta name=\"twitter:data1\" content=\"R@mbla\" \/>\n\t<meta name=\"twitter:label2\" content=\"Estimated reading time\" \/>\n\t<meta name=\"twitter:data2\" content=\"8 minutes\" \/>\n<script type=\"application\/ld+json\" class=\"yoast-schema-graph\">{\"@context\":\"https:\\\/\\\/schema.org\",\"@graph\":[{\"@type\":\"Article\",\"@id\":\"https:\\\/\\\/www.revistarambla.com\\\/la-huelga-del-metal-en-cadiz-una-lucha-que-vuelve-a-encender-las-calles\\\/#article\",\"isPartOf\":{\"@id\":\"https:\\\/\\\/www.revistarambla.com\\\/la-huelga-del-metal-en-cadiz-una-lucha-que-vuelve-a-encender-las-calles\\\/\"},\"author\":{\"name\":\"R@mbla\",\"@id\":\"https:\\\/\\\/www.revistarambla.com\\\/#\\\/schema\\\/person\\\/a146a5a2550b94981a75131180e1bd9c\"},\"headline\":\"La huelga del metal en C\u00e1diz: una lucha que vuelve a encender las calles\",\"datePublished\":\"2025-06-18T18:15:27+00:00\",\"dateModified\":\"2025-06-19T18:24:35+00:00\",\"mainEntityOfPage\":{\"@id\":\"https:\\\/\\\/www.revistarambla.com\\\/la-huelga-del-metal-en-cadiz-una-lucha-que-vuelve-a-encender-las-calles\\\/\"},\"wordCount\":1599,\"publisher\":{\"@id\":\"https:\\\/\\\/www.revistarambla.com\\\/#organization\"},\"image\":{\"@id\":\"https:\\\/\\\/www.revistarambla.com\\\/la-huelga-del-metal-en-cadiz-una-lucha-que-vuelve-a-encender-las-calles\\\/#primaryimage\"},\"thumbnailUrl\":\"https:\\\/\\\/www.revistarambla.com\\\/wp-content\\\/uploads\\\/2025\\\/06\\\/protestas-de-la-nueva-huelga-del-metal-en-Cadiz.jpg\",\"articleSection\":[\"Estado Espa\u00f1ol\"],\"inLanguage\":\"en-GB\"},{\"@type\":\"WebPage\",\"@id\":\"https:\\\/\\\/www.revistarambla.com\\\/la-huelga-del-metal-en-cadiz-una-lucha-que-vuelve-a-encender-las-calles\\\/\",\"url\":\"https:\\\/\\\/www.revistarambla.com\\\/la-huelga-del-metal-en-cadiz-una-lucha-que-vuelve-a-encender-las-calles\\\/\",\"name\":\"La huelga del metal en C\u00e1diz: una lucha que vuelve a encender las calles - Revista Rambla\",\"isPartOf\":{\"@id\":\"https:\\\/\\\/www.revistarambla.com\\\/#website\"},\"primaryImageOfPage\":{\"@id\":\"https:\\\/\\\/www.revistarambla.com\\\/la-huelga-del-metal-en-cadiz-una-lucha-que-vuelve-a-encender-las-calles\\\/#primaryimage\"},\"image\":{\"@id\":\"https:\\\/\\\/www.revistarambla.com\\\/la-huelga-del-metal-en-cadiz-una-lucha-que-vuelve-a-encender-las-calles\\\/#primaryimage\"},\"thumbnailUrl\":\"https:\\\/\\\/www.revistarambla.com\\\/wp-content\\\/uploads\\\/2025\\\/06\\\/protestas-de-la-nueva-huelga-del-metal-en-Cadiz.jpg\",\"datePublished\":\"2025-06-18T18:15:27+00:00\",\"dateModified\":\"2025-06-19T18:24:35+00:00\",\"breadcrumb\":{\"@id\":\"https:\\\/\\\/www.revistarambla.com\\\/la-huelga-del-metal-en-cadiz-una-lucha-que-vuelve-a-encender-las-calles\\\/#breadcrumb\"},\"inLanguage\":\"en-GB\",\"potentialAction\":[{\"@type\":\"ReadAction\",\"target\":[\"https:\\\/\\\/www.revistarambla.com\\\/la-huelga-del-metal-en-cadiz-una-lucha-que-vuelve-a-encender-las-calles\\\/\"]}]},{\"@type\":\"ImageObject\",\"inLanguage\":\"en-GB\",\"@id\":\"https:\\\/\\\/www.revistarambla.com\\\/la-huelga-del-metal-en-cadiz-una-lucha-que-vuelve-a-encender-las-calles\\\/#primaryimage\",\"url\":\"https:\\\/\\\/www.revistarambla.com\\\/wp-content\\\/uploads\\\/2025\\\/06\\\/protestas-de-la-nueva-huelga-del-metal-en-Cadiz.jpg\",\"contentUrl\":\"https:\\\/\\\/www.revistarambla.com\\\/wp-content\\\/uploads\\\/2025\\\/06\\\/protestas-de-la-nueva-huelga-del-metal-en-Cadiz.jpg\",\"width\":1600,\"height\":900,\"caption\":\"huelga metal c\u00e1diz\"},{\"@type\":\"BreadcrumbList\",\"@id\":\"https:\\\/\\\/www.revistarambla.com\\\/la-huelga-del-metal-en-cadiz-una-lucha-que-vuelve-a-encender-las-calles\\\/#breadcrumb\",\"itemListElement\":[{\"@type\":\"ListItem\",\"position\":1,\"name\":\"Portada\",\"item\":\"https:\\\/\\\/www.revistarambla.com\\\/\"},{\"@type\":\"ListItem\",\"position\":2,\"name\":\"La huelga del metal en C\u00e1diz: una lucha que vuelve a encender las calles\"}]},{\"@type\":\"WebSite\",\"@id\":\"https:\\\/\\\/www.revistarambla.com\\\/#website\",\"url\":\"https:\\\/\\\/www.revistarambla.com\\\/\",\"name\":\"Revista Rambla Barcelona\",\"description\":\"Periodismo independiente\",\"publisher\":{\"@id\":\"https:\\\/\\\/www.revistarambla.com\\\/#organization\"},\"potentialAction\":[{\"@type\":\"SearchAction\",\"target\":{\"@type\":\"EntryPoint\",\"urlTemplate\":\"https:\\\/\\\/www.revistarambla.com\\\/?s={search_term_string}\"},\"query-input\":{\"@type\":\"PropertyValueSpecification\",\"valueRequired\":true,\"valueName\":\"search_term_string\"}}],\"inLanguage\":\"en-GB\"},{\"@type\":\"Organization\",\"@id\":\"https:\\\/\\\/www.revistarambla.com\\\/#organization\",\"name\":\"Revista Rambla\",\"url\":\"https:\\\/\\\/www.revistarambla.com\\\/\",\"logo\":{\"@type\":\"ImageObject\",\"inLanguage\":\"en-GB\",\"@id\":\"https:\\\/\\\/www.revistarambla.com\\\/#\\\/schema\\\/logo\\\/image\\\/\",\"url\":\"https:\\\/\\\/www.revistarambla.com\\\/wp-content\\\/uploads\\\/2020\\\/09\\\/banner_rambla_1900x600_BB.png\",\"contentUrl\":\"https:\\\/\\\/www.revistarambla.com\\\/wp-content\\\/uploads\\\/2020\\\/09\\\/banner_rambla_1900x600_BB.png\",\"width\":1900,\"height\":600,\"caption\":\"Revista Rambla\"},\"image\":{\"@id\":\"https:\\\/\\\/www.revistarambla.com\\\/#\\\/schema\\\/logo\\\/image\\\/\"},\"sameAs\":[\"https:\\\/\\\/www.facebook.com\\\/revistarambla\\\/\",\"https:\\\/\\\/x.com\\\/revistarambla\",\"https:\\\/\\\/www.instagram.com\\\/revista_rambla\",\"https:\\\/\\\/es.linkedin.com\\\/company\\\/revista-rambla\"]},{\"@type\":\"Person\",\"@id\":\"https:\\\/\\\/www.revistarambla.com\\\/#\\\/schema\\\/person\\\/a146a5a2550b94981a75131180e1bd9c\",\"name\":\"R@mbla\",\"description\":\"Este art\u00edculo ha sido redactado y\\\/o validado por el equipo de redacci\u00f3n de Revista Rambla.\",\"sameAs\":[\"https:\\\/\\\/www.revistarambla.com\\\/\",\"https:\\\/\\\/www.facebook.com\\\/revistarambla\",\"https:\\\/\\\/x.com\\\/revistarambla\"]}]}<\/script>\n<!-- \/ Yoast SEO plugin. -->","yoast_head_json":{"title":"La huelga del metal en C\u00e1diz: una lucha que vuelve a encender las calles - Revista Rambla","robots":{"index":"index","follow":"follow","max-snippet":"max-snippet:-1","max-image-preview":"max-image-preview:large","max-video-preview":"max-video-preview:-1"},"canonical":"https:\/\/www.revistarambla.com\/en\/la-huelga-del-metal-en-cadiz-una-lucha-que-vuelve-a-encender-las-calles\/","og_locale":"en_GB","og_type":"article","og_title":"La huelga del metal en C\u00e1diz: una lucha que vuelve a encender las calles - Revista Rambla","og_description":"El sol apenas despuntaba en el horizonte cuando C\u00e1diz despert\u00f3 con el olor acre del pl\u00e1stico quemado y el eco de consignas obreras resonando en sus calles. La primera jornada de la nueva huelga del sector del metal, convocada por los sindicatos UGT y CCOO, junto a la Coordinadora de [&hellip;]","og_url":"https:\/\/www.revistarambla.com\/en\/la-huelga-del-metal-en-cadiz-una-lucha-que-vuelve-a-encender-las-calles\/","og_site_name":"Revista Rambla","article_publisher":"https:\/\/www.facebook.com\/revistarambla\/","article_author":"https:\/\/www.facebook.com\/revistarambla","article_published_time":"2025-06-18T18:15:27+00:00","article_modified_time":"2025-06-19T18:24:35+00:00","og_image":[{"width":1600,"height":900,"url":"https:\/\/www.revistarambla.com\/wp-content\/uploads\/2025\/06\/protestas-de-la-nueva-huelga-del-metal-en-Cadiz.jpg","type":"image\/jpeg"}],"author":"R@mbla","twitter_card":"summary_large_image","twitter_creator":"@revistarambla","twitter_site":"@revistarambla","twitter_misc":{"Written by":"R@mbla","Estimated reading time":"8 minutes"},"schema":{"@context":"https:\/\/schema.org","@graph":[{"@type":"Article","@id":"https:\/\/www.revistarambla.com\/la-huelga-del-metal-en-cadiz-una-lucha-que-vuelve-a-encender-las-calles\/#article","isPartOf":{"@id":"https:\/\/www.revistarambla.com\/la-huelga-del-metal-en-cadiz-una-lucha-que-vuelve-a-encender-las-calles\/"},"author":{"name":"R@mbla","@id":"https:\/\/www.revistarambla.com\/#\/schema\/person\/a146a5a2550b94981a75131180e1bd9c"},"headline":"La huelga del metal en C\u00e1diz: una lucha que vuelve a encender las calles","datePublished":"2025-06-18T18:15:27+00:00","dateModified":"2025-06-19T18:24:35+00:00","mainEntityOfPage":{"@id":"https:\/\/www.revistarambla.com\/la-huelga-del-metal-en-cadiz-una-lucha-que-vuelve-a-encender-las-calles\/"},"wordCount":1599,"publisher":{"@id":"https:\/\/www.revistarambla.com\/#organization"},"image":{"@id":"https:\/\/www.revistarambla.com\/la-huelga-del-metal-en-cadiz-una-lucha-que-vuelve-a-encender-las-calles\/#primaryimage"},"thumbnailUrl":"https:\/\/www.revistarambla.com\/wp-content\/uploads\/2025\/06\/protestas-de-la-nueva-huelga-del-metal-en-Cadiz.jpg","articleSection":["Estado Espa\u00f1ol"],"inLanguage":"en-GB"},{"@type":"WebPage","@id":"https:\/\/www.revistarambla.com\/la-huelga-del-metal-en-cadiz-una-lucha-que-vuelve-a-encender-las-calles\/","url":"https:\/\/www.revistarambla.com\/la-huelga-del-metal-en-cadiz-una-lucha-que-vuelve-a-encender-las-calles\/","name":"La huelga del metal en C\u00e1diz: una lucha que vuelve a encender las calles - Revista Rambla","isPartOf":{"@id":"https:\/\/www.revistarambla.com\/#website"},"primaryImageOfPage":{"@id":"https:\/\/www.revistarambla.com\/la-huelga-del-metal-en-cadiz-una-lucha-que-vuelve-a-encender-las-calles\/#primaryimage"},"image":{"@id":"https:\/\/www.revistarambla.com\/la-huelga-del-metal-en-cadiz-una-lucha-que-vuelve-a-encender-las-calles\/#primaryimage"},"thumbnailUrl":"https:\/\/www.revistarambla.com\/wp-content\/uploads\/2025\/06\/protestas-de-la-nueva-huelga-del-metal-en-Cadiz.jpg","datePublished":"2025-06-18T18:15:27+00:00","dateModified":"2025-06-19T18:24:35+00:00","breadcrumb":{"@id":"https:\/\/www.revistarambla.com\/la-huelga-del-metal-en-cadiz-una-lucha-que-vuelve-a-encender-las-calles\/#breadcrumb"},"inLanguage":"en-GB","potentialAction":[{"@type":"ReadAction","target":["https:\/\/www.revistarambla.com\/la-huelga-del-metal-en-cadiz-una-lucha-que-vuelve-a-encender-las-calles\/"]}]},{"@type":"ImageObject","inLanguage":"en-GB","@id":"https:\/\/www.revistarambla.com\/la-huelga-del-metal-en-cadiz-una-lucha-que-vuelve-a-encender-las-calles\/#primaryimage","url":"https:\/\/www.revistarambla.com\/wp-content\/uploads\/2025\/06\/protestas-de-la-nueva-huelga-del-metal-en-Cadiz.jpg","contentUrl":"https:\/\/www.revistarambla.com\/wp-content\/uploads\/2025\/06\/protestas-de-la-nueva-huelga-del-metal-en-Cadiz.jpg","width":1600,"height":900,"caption":"huelga metal c\u00e1diz"},{"@type":"BreadcrumbList","@id":"https:\/\/www.revistarambla.com\/la-huelga-del-metal-en-cadiz-una-lucha-que-vuelve-a-encender-las-calles\/#breadcrumb","itemListElement":[{"@type":"ListItem","position":1,"name":"Portada","item":"https:\/\/www.revistarambla.com\/"},{"@type":"ListItem","position":2,"name":"La huelga del metal en C\u00e1diz: una lucha que vuelve a encender las calles"}]},{"@type":"WebSite","@id":"https:\/\/www.revistarambla.com\/#website","url":"https:\/\/www.revistarambla.com\/","name":"Revista Rambla Barcelona","description":"Periodismo independiente","publisher":{"@id":"https:\/\/www.revistarambla.com\/#organization"},"potentialAction":[{"@type":"SearchAction","target":{"@type":"EntryPoint","urlTemplate":"https:\/\/www.revistarambla.com\/?s={search_term_string}"},"query-input":{"@type":"PropertyValueSpecification","valueRequired":true,"valueName":"search_term_string"}}],"inLanguage":"en-GB"},{"@type":"Organization","@id":"https:\/\/www.revistarambla.com\/#organization","name":"Revista Rambla","url":"https:\/\/www.revistarambla.com\/","logo":{"@type":"ImageObject","inLanguage":"en-GB","@id":"https:\/\/www.revistarambla.com\/#\/schema\/logo\/image\/","url":"https:\/\/www.revistarambla.com\/wp-content\/uploads\/2020\/09\/banner_rambla_1900x600_BB.png","contentUrl":"https:\/\/www.revistarambla.com\/wp-content\/uploads\/2020\/09\/banner_rambla_1900x600_BB.png","width":1900,"height":600,"caption":"Revista Rambla"},"image":{"@id":"https:\/\/www.revistarambla.com\/#\/schema\/logo\/image\/"},"sameAs":["https:\/\/www.facebook.com\/revistarambla\/","https:\/\/x.com\/revistarambla","https:\/\/www.instagram.com\/revista_rambla","https:\/\/es.linkedin.com\/company\/revista-rambla"]},{"@type":"Person","@id":"https:\/\/www.revistarambla.com\/#\/schema\/person\/a146a5a2550b94981a75131180e1bd9c","name":"R@mbla","description":"Este art\u00edculo ha sido redactado y\/o validado por el equipo de redacci\u00f3n de Revista Rambla.","sameAs":["https:\/\/www.revistarambla.com\/","https:\/\/www.facebook.com\/revistarambla","https:\/\/x.com\/revistarambla"]}]}},"_links":{"self":[{"href":"https:\/\/www.revistarambla.com\/en\/wp-json\/wp\/v2\/posts\/65514","targetHints":{"allow":["GET"]}}],"collection":[{"href":"https:\/\/www.revistarambla.com\/en\/wp-json\/wp\/v2\/posts"}],"about":[{"href":"https:\/\/www.revistarambla.com\/en\/wp-json\/wp\/v2\/types\/post"}],"author":[{"embeddable":true,"href":"https:\/\/www.revistarambla.com\/en\/wp-json\/wp\/v2\/users\/3"}],"replies":[{"embeddable":true,"href":"https:\/\/www.revistarambla.com\/en\/wp-json\/wp\/v2\/comments?post=65514"}],"version-history":[{"count":1,"href":"https:\/\/www.revistarambla.com\/en\/wp-json\/wp\/v2\/posts\/65514\/revisions"}],"predecessor-version":[{"id":65516,"href":"https:\/\/www.revistarambla.com\/en\/wp-json\/wp\/v2\/posts\/65514\/revisions\/65516"}],"wp:featuredmedia":[{"embeddable":true,"href":"https:\/\/www.revistarambla.com\/en\/wp-json\/wp\/v2\/media\/65515"}],"wp:attachment":[{"href":"https:\/\/www.revistarambla.com\/en\/wp-json\/wp\/v2\/media?parent=65514"}],"wp:term":[{"taxonomy":"category","embeddable":true,"href":"https:\/\/www.revistarambla.com\/en\/wp-json\/wp\/v2\/categories?post=65514"},{"taxonomy":"post_tag","embeddable":true,"href":"https:\/\/www.revistarambla.com\/en\/wp-json\/wp\/v2\/tags?post=65514"}],"curies":[{"name":"wp","href":"https:\/\/api.w.org\/{rel}","templated":true}]}}