{"id":65506,"date":"2025-06-18T12:11:44","date_gmt":"2025-06-18T10:11:44","guid":{"rendered":"https:\/\/www.revistarambla.com\/?p=65506"},"modified":"2025-06-18T12:11:44","modified_gmt":"2025-06-18T10:11:44","slug":"el-chancellor-un-viaje-al-inusual-pesimismo-de-julio-verne","status":"publish","type":"post","link":"https:\/\/www.revistarambla.com\/en\/el-chancellor-un-viaje-al-inusual-pesimismo-de-julio-verne\/","title":{"rendered":"&#8216;El Chancellor&#8217;: un viaje al inusual pesimismo de Julio Verne"},"content":{"rendered":"<p><em>El Chancellor<\/em> (1875), una de las novelas menos conocidas de Julio Verne, forma parte de su c\u00e9lebre serie <em>Viajes extraordinarios<\/em>. Publicada originalmente en forma serial en el <em>Magasin d\u2019\u00c9ducation et de R\u00e9cr\u00e9ation<\/em>, esta obra se desmarca de los rasgos m\u00e1s caracter\u00edsticos del autor, conocido por sus narrativas de aventura impregnadas de optimismo cient\u00edfico y exploraci\u00f3n. En <em>El Chancellor<\/em>, Verne adopta un tono m\u00e1s sombr\u00edo y realista, explorando los l\u00edmites de la resistencia humana frente a la adversidad y el caos.<\/p>\n<p>Escrita en un per\u00edodo de madurez creativa para Verne, <em>El Chancellor<\/em> refleja las tensiones de una Europa inmersa en cambios sociales y pol\u00edticos, as\u00ed como el creciente inter\u00e9s por las narrativas de supervivencia, influenciadas por eventos hist\u00f3ricos como naufragios y desastres mar\u00edtimos. La novela se presenta como el diario del pasajero J.R. Kazallon, quien relata los acontecimientos a bordo del buque Chancellor, que zarpa de Charleston, Carolina del Sur, hacia Liverpool. Lo que comienza como un viaje rutinario se transforma en una tragedia cuando el barco sufre un incendio y, posteriormente, un naufragio. Los sobrevivientes, atrapados en una balsa, enfrentan hambre, desesperaci\u00f3n y dilemas morales que los llevan a los extremos de la condici\u00f3n humana.<\/p>\n<p>A diferencia de otras obras de Verne, donde la ciencia y el ingenio suelen salvar a los personajes, <em>El Chancellor<\/em> se sumerge en un pesimismo inusual, mostrando la fragilidad de la civilizaci\u00f3n frente a la naturaleza y los instintos primarios. Este enfoque la convierte en una pieza at\u00edpica dentro de la obra del autor, m\u00e1s cercana a las narrativas de Edgar Allan Poe o a las cr\u00f3nicas de desastres mar\u00edtimos que al optimismo tecnol\u00f3gico de <em>Veinte mil leguas de viaje submarino<\/em>.<\/p>\n<p>La estructura de <em>El Chancellor<\/em> es uno de sus puntos m\u00e1s fuertes. Escrita en forma de diario, la novela adopta la voz de Kazallon, un pasajero culto y reflexivo que act\u00faa como observador y cronista. Esta elecci\u00f3n narrativa permite a Verne mantener un tono \u00edntimo y veros\u00edmil, ya que el lector experimenta los eventos a trav\u00e9s de los ojos de un testigo que no siempre comprende las motivaciones de los dem\u00e1s personajes. El diario, con sus entradas fechadas, crea una sensaci\u00f3n de urgencia y progresi\u00f3n temporal, intensificando la tensi\u00f3n a medida que las condiciones en el barco y la balsa empeoran.<\/p>\n<p>El ritmo narrativo es desigual, lo que refleja tanto las virtudes como los defectos de la obra. En la primera mitad, Verne dedica tiempo a establecer el escenario y los personajes, con descripciones detalladas del Chancellor y su tripulaci\u00f3n. Aunque estas secciones son ricas en detalles t\u00e9cnicos \u2014una marca distintiva de Verne, que siempre se deleita en la precisi\u00f3n n\u00e1utica\u2014, pueden resultar densas para el lector moderno. Sin embargo, una vez que el desastre se desata, la narrativa adquiere un impulso vertiginoso, con episodios de alta tensi\u00f3n que capturan la desesperaci\u00f3n de los sobrevivientes.<\/p>\n<p>El punto de vista en primera persona, aunque efectivo, tiene limitaciones. Kazallon, como narrador, no siempre tiene acceso a las motivaciones internas de otros personajes, lo que puede dejar al lector con una visi\u00f3n parcial de figuras clave como el capit\u00e1n Huntly o el contramaestre Robert Curtis. Esto, sin embargo, refuerza la sensaci\u00f3n de aislamiento y desconexi\u00f3n entre los personajes, un tema central de la novela.<\/p>\n<p><em>El Chancellor<\/em> se distingue por su exploraci\u00f3n de temas oscuros y universales, como la lucha por la supervivencia, la fragilidad de la civilizaci\u00f3n y la moralidad en situaciones extremas. A diferencia de otras obras de Verne, donde el progreso cient\u00edfico y la cooperaci\u00f3n suelen triunfar, aqu\u00ed la naturaleza se presenta como una fuerza implacable que desaf\u00eda cualquier intento de control. El mar, descrito con una mezcla de reverencia y terror, act\u00faa como un s\u00edmbolo de lo sublime, recordando al lector la insignificancia humana frente a las fuerzas naturales.<\/p>\n<p>Uno de los aspectos m\u00e1s inquietantes de la novela es su tratamiento de la degradaci\u00f3n moral. A medida que los sobrevivientes enfrentan el hambre y la desesperaci\u00f3n, emergen comportamientos extremos, incluyendo el canibalismo. Este tema, tratado con una sutileza sorprendente para la \u00e9poca, refleja la influencia de obras como *Las aventuras de Arthur Gordon Pym* de Poe. Verne no se regodea en lo macabro, pero tampoco reh\u00faye las implicaciones \u00e9ticas de estas acciones, lo que a\u00f1ade una capa de complejidad a la narrativa.<\/p>\n<p>Otro tema recurrente es la jerarqu\u00eda social y su colapso. A bordo del Chancellor, las distinciones de clase y rango inicialmente definen las interacciones entre pasajeros y tripulaci\u00f3n. Sin embargo, en la balsa, estas estructuras se desmoronan, y la supervivencia depende m\u00e1s de la astucia y la resistencia que del estatus social. Verne, conocido por su fe en el orden y la civilizaci\u00f3n, parece cuestionar aqu\u00ed hasta qu\u00e9 punto estas estructuras son sostenibles en ausencia de recursos y estabilidad.<\/p>\n<h2>Personajes<\/h2>\n<p>Los personajes de <em>El Chancellor<\/em> no son tan memorables como los de otras novelas de Verne, como el capit\u00e1n Nemo o Phileas Fogg, pero cumplen su prop\u00f3sito dentro de la narrativa. J.R. Kazallon, como narrador, es un observador pasivo, pero confiable, cuya perspectiva racional contrasta con el caos que lo rodea. Su papel es funcional, pero carece de la profundidad psicol\u00f3gica que podr\u00eda haber enriquecido la novela.<\/p>\n<p>El contramaestre Robert Curtis es quiz\u00e1s el personaje m\u00e1s heroico, representando el ideal verniano de competencia y liderazgo. Sin embargo, incluso \u00e9l se ve superado por las circunstancias, lo que refuerza el tono pesimista de la obra. Otros personajes, como el capit\u00e1n Huntly, cuya ineptitud desencadena la tragedia, o los pasajeros m\u00e1s ego\u00edstas, sirven como arquetipos que ilustran diferentes respuestas humanas al desastre.<\/p>\n<p>Un aspecto criticable es la falta de desarrollo de los personajes femeninos, como la se\u00f1ora Kear, que aparecen m\u00e1s como figuras secundarias. Esto refleja las limitaciones de g\u00e9nero en la literatura del siglo XIX, pero tambi\u00e9n una oportunidad perdida para explorar perspectivas diversas en una situaci\u00f3n tan extrema.<\/p>\n<h2>Estilo y lenguaje<\/h2>\n<p>El estilo de Verne en <em>El Chancellor<\/em> combina su habitual precisi\u00f3n t\u00e9cnica con un tono m\u00e1s introspectivo y sombr\u00edo. Las descripciones del barco, el incendio y las condiciones en la balsa son meticulosas, mostrando el dominio de Verne sobre los detalles n\u00e1uticos y su capacidad para transmitir el horror de la situaci\u00f3n sin caer en el sensacionalismo. Su prosa, aunque a veces cargada de tecnicismos, es efectiva para crear una atm\u00f3sfera opresiva.<\/p>\n<p>El uso del diario permite a Verne experimentar con un lenguaje m\u00e1s personal y fragmentado, que refleja el deterioro f\u00edsico y mental de los personajes. Sin embargo, la traducci\u00f3n al espa\u00f1ol, dependiendo de la edici\u00f3n, puede perder parte de la intensidad emocional del original franc\u00e9s, especialmente en las secciones m\u00e1s introspectivas.<\/p>\n<h2>Relevancia y legado<\/h2>\n<p><em>El Chancellor<\/em> no es una de las obras m\u00e1s c\u00e9lebres de Verne, y su tono sombr\u00edo puede haber contribuido a su relativa oscuridad en comparaci\u00f3n con <em>Viaje al centro de la Tierra<\/em> o <em>La vuelta al mundo en ochenta d\u00edas<\/em>. Sin embargo, su exploraci\u00f3n de temas como la supervivencia, la moralidad y el colapso social la hace sorprendentemente moderna. En un mundo actual marcado por crisis clim\u00e1ticas y sociales, la novela resuena como una advertencia sobre la fragilidad de la civilizaci\u00f3n.<\/p>\n<p>En el contexto del siglo XIX, <em>El Chancellor<\/em> se alinea con el creciente inter\u00e9s por las narrativas de desastres y el impacto psicol\u00f3gico de la adversidad. Aunque carece del optimismo tecnol\u00f3gico que define gran parte de la obra de Verne, anticipa las exploraciones m\u00e1s oscuras de autores posteriores, como Joseph Conrad o Jack London, que tambi\u00e9n examinaron la lucha del hombre contra la naturaleza y sus propios instintos.<\/p>\n<p><em>El Chancellor<\/em> es una obra fascinante y subestimada en el canon de Julio Verne. Su tono sombr\u00edo, su estructura diar\u00edstica y su exploraci\u00f3n de temas universales la convierten en una pieza \u00fanica dentro de los <em>Viajes extraordinarios<\/em>. Aunque no est\u00e1 exenta de defectos \u2014un ritmo inicial lento, personajes algo planos y un enfoque limitado en ciertos aspectos\u2014, la novela destaca por su valent\u00eda al abordar cuestiones morales complejas y su capacidad para capturar el horror de la supervivencia en circunstancias extremas. Para los lectores modernos, ofrece una reflexi\u00f3n atemporal sobre la resiliencia humana y los l\u00edmites de la civilizaci\u00f3n, consolidando a Verne no solo como un narrador de aventuras, sino como un observador agudo de la condici\u00f3n humana.<\/p>","protected":false},"excerpt":{"rendered":"<p>El Chancellor (1875), una de las novelas menos conocidas de Julio Verne, forma parte de su c\u00e9lebre serie Viajes extraordinarios. Publicada originalmente en forma serial en el Magasin d\u2019\u00c9ducation et de R\u00e9cr\u00e9ation, esta obra se desmarca de los rasgos m\u00e1s caracter\u00edsticos del autor, conocido por sus narrativas de aventura impregnadas [&hellip;]<\/p>\n","protected":false},"author":3,"featured_media":65507,"comment_status":"closed","ping_status":"closed","sticky":false,"template":"","format":"standard","meta":{"footnotes":""},"categories":[60],"tags":[],"class_list":["post-65506","post","type-post","status-publish","format-standard","has-post-thumbnail","hentry","category-libros"],"yoast_head":"<!-- This site is optimized with the Yoast SEO plugin v27.5 - https:\/\/yoast.com\/product\/yoast-seo-wordpress\/ -->\n<title>&#039;El Chancellor&#039;: un viaje al inusual pesimismo de Julio Verne - Revista Rambla<\/title>\n<meta name=\"robots\" content=\"index, follow, max-snippet:-1, max-image-preview:large, max-video-preview:-1\" \/>\n<link rel=\"canonical\" href=\"https:\/\/www.revistarambla.com\/en\/el-chancellor-un-viaje-al-inusual-pesimismo-de-julio-verne\/\" \/>\n<meta property=\"og:locale\" content=\"en_GB\" \/>\n<meta property=\"og:type\" content=\"article\" \/>\n<meta property=\"og:title\" content=\"&#039;El Chancellor&#039;: un viaje al inusual pesimismo de Julio Verne - Revista Rambla\" \/>\n<meta property=\"og:description\" content=\"El Chancellor (1875), una de las novelas menos conocidas de Julio Verne, forma parte de su c\u00e9lebre serie Viajes extraordinarios. Publicada originalmente en forma serial en el Magasin d\u2019\u00c9ducation et de R\u00e9cr\u00e9ation, esta obra se desmarca de los rasgos m\u00e1s caracter\u00edsticos del autor, conocido por sus narrativas de aventura impregnadas [&hellip;]\" \/>\n<meta property=\"og:url\" content=\"https:\/\/www.revistarambla.com\/en\/el-chancellor-un-viaje-al-inusual-pesimismo-de-julio-verne\/\" \/>\n<meta property=\"og:site_name\" content=\"Revista Rambla\" \/>\n<meta property=\"article:publisher\" content=\"https:\/\/www.facebook.com\/revistarambla\/\" \/>\n<meta property=\"article:author\" content=\"https:\/\/www.facebook.com\/revistarambla\" \/>\n<meta property=\"article:published_time\" content=\"2025-06-18T10:11:44+00:00\" \/>\n<meta property=\"og:image\" content=\"https:\/\/www.revistarambla.com\/wp-content\/uploads\/2025\/06\/3819.jpg\" \/>\n\t<meta property=\"og:image:width\" content=\"960\" \/>\n\t<meta property=\"og:image:height\" content=\"960\" \/>\n\t<meta property=\"og:image:type\" content=\"image\/jpeg\" \/>\n<meta name=\"author\" content=\"R@mbla\" \/>\n<meta name=\"twitter:card\" content=\"summary_large_image\" \/>\n<meta name=\"twitter:creator\" content=\"@revistarambla\" \/>\n<meta name=\"twitter:site\" content=\"@revistarambla\" \/>\n<meta name=\"twitter:label1\" content=\"Written by\" \/>\n\t<meta name=\"twitter:data1\" content=\"R@mbla\" \/>\n\t<meta name=\"twitter:label2\" content=\"Estimated reading time\" \/>\n\t<meta name=\"twitter:data2\" content=\"7 minutes\" \/>\n<script type=\"application\/ld+json\" class=\"yoast-schema-graph\">{\"@context\":\"https:\\\/\\\/schema.org\",\"@graph\":[{\"@type\":\"Article\",\"@id\":\"https:\\\/\\\/www.revistarambla.com\\\/el-chancellor-un-viaje-al-inusual-pesimismo-de-julio-verne\\\/#article\",\"isPartOf\":{\"@id\":\"https:\\\/\\\/www.revistarambla.com\\\/el-chancellor-un-viaje-al-inusual-pesimismo-de-julio-verne\\\/\"},\"author\":{\"name\":\"R@mbla\",\"@id\":\"https:\\\/\\\/www.revistarambla.com\\\/#\\\/schema\\\/person\\\/a146a5a2550b94981a75131180e1bd9c\"},\"headline\":\"&#8216;El Chancellor&#8217;: un viaje al inusual pesimismo de Julio Verne\",\"datePublished\":\"2025-06-18T10:11:44+00:00\",\"mainEntityOfPage\":{\"@id\":\"https:\\\/\\\/www.revistarambla.com\\\/el-chancellor-un-viaje-al-inusual-pesimismo-de-julio-verne\\\/\"},\"wordCount\":1481,\"publisher\":{\"@id\":\"https:\\\/\\\/www.revistarambla.com\\\/#organization\"},\"image\":{\"@id\":\"https:\\\/\\\/www.revistarambla.com\\\/el-chancellor-un-viaje-al-inusual-pesimismo-de-julio-verne\\\/#primaryimage\"},\"thumbnailUrl\":\"https:\\\/\\\/www.revistarambla.com\\\/wp-content\\\/uploads\\\/2025\\\/06\\\/3819.jpg\",\"articleSection\":[\"Libros\"],\"inLanguage\":\"en-GB\"},{\"@type\":\"WebPage\",\"@id\":\"https:\\\/\\\/www.revistarambla.com\\\/el-chancellor-un-viaje-al-inusual-pesimismo-de-julio-verne\\\/\",\"url\":\"https:\\\/\\\/www.revistarambla.com\\\/el-chancellor-un-viaje-al-inusual-pesimismo-de-julio-verne\\\/\",\"name\":\"'El Chancellor': un viaje al inusual pesimismo de Julio Verne - Revista Rambla\",\"isPartOf\":{\"@id\":\"https:\\\/\\\/www.revistarambla.com\\\/#website\"},\"primaryImageOfPage\":{\"@id\":\"https:\\\/\\\/www.revistarambla.com\\\/el-chancellor-un-viaje-al-inusual-pesimismo-de-julio-verne\\\/#primaryimage\"},\"image\":{\"@id\":\"https:\\\/\\\/www.revistarambla.com\\\/el-chancellor-un-viaje-al-inusual-pesimismo-de-julio-verne\\\/#primaryimage\"},\"thumbnailUrl\":\"https:\\\/\\\/www.revistarambla.com\\\/wp-content\\\/uploads\\\/2025\\\/06\\\/3819.jpg\",\"datePublished\":\"2025-06-18T10:11:44+00:00\",\"breadcrumb\":{\"@id\":\"https:\\\/\\\/www.revistarambla.com\\\/el-chancellor-un-viaje-al-inusual-pesimismo-de-julio-verne\\\/#breadcrumb\"},\"inLanguage\":\"en-GB\",\"potentialAction\":[{\"@type\":\"ReadAction\",\"target\":[\"https:\\\/\\\/www.revistarambla.com\\\/el-chancellor-un-viaje-al-inusual-pesimismo-de-julio-verne\\\/\"]}]},{\"@type\":\"ImageObject\",\"inLanguage\":\"en-GB\",\"@id\":\"https:\\\/\\\/www.revistarambla.com\\\/el-chancellor-un-viaje-al-inusual-pesimismo-de-julio-verne\\\/#primaryimage\",\"url\":\"https:\\\/\\\/www.revistarambla.com\\\/wp-content\\\/uploads\\\/2025\\\/06\\\/3819.jpg\",\"contentUrl\":\"https:\\\/\\\/www.revistarambla.com\\\/wp-content\\\/uploads\\\/2025\\\/06\\\/3819.jpg\",\"width\":960,\"height\":960,\"caption\":\"El Chancellor (1875), una de las novelas menos conocidas de Julio Verne\"},{\"@type\":\"BreadcrumbList\",\"@id\":\"https:\\\/\\\/www.revistarambla.com\\\/el-chancellor-un-viaje-al-inusual-pesimismo-de-julio-verne\\\/#breadcrumb\",\"itemListElement\":[{\"@type\":\"ListItem\",\"position\":1,\"name\":\"Portada\",\"item\":\"https:\\\/\\\/www.revistarambla.com\\\/\"},{\"@type\":\"ListItem\",\"position\":2,\"name\":\"&#8216;El Chancellor&#8217;: un viaje al inusual pesimismo de Julio Verne\"}]},{\"@type\":\"WebSite\",\"@id\":\"https:\\\/\\\/www.revistarambla.com\\\/#website\",\"url\":\"https:\\\/\\\/www.revistarambla.com\\\/\",\"name\":\"Revista Rambla Barcelona\",\"description\":\"Periodismo independiente\",\"publisher\":{\"@id\":\"https:\\\/\\\/www.revistarambla.com\\\/#organization\"},\"potentialAction\":[{\"@type\":\"SearchAction\",\"target\":{\"@type\":\"EntryPoint\",\"urlTemplate\":\"https:\\\/\\\/www.revistarambla.com\\\/?s={search_term_string}\"},\"query-input\":{\"@type\":\"PropertyValueSpecification\",\"valueRequired\":true,\"valueName\":\"search_term_string\"}}],\"inLanguage\":\"en-GB\"},{\"@type\":\"Organization\",\"@id\":\"https:\\\/\\\/www.revistarambla.com\\\/#organization\",\"name\":\"Revista Rambla\",\"url\":\"https:\\\/\\\/www.revistarambla.com\\\/\",\"logo\":{\"@type\":\"ImageObject\",\"inLanguage\":\"en-GB\",\"@id\":\"https:\\\/\\\/www.revistarambla.com\\\/#\\\/schema\\\/logo\\\/image\\\/\",\"url\":\"https:\\\/\\\/www.revistarambla.com\\\/wp-content\\\/uploads\\\/2020\\\/09\\\/banner_rambla_1900x600_BB.png\",\"contentUrl\":\"https:\\\/\\\/www.revistarambla.com\\\/wp-content\\\/uploads\\\/2020\\\/09\\\/banner_rambla_1900x600_BB.png\",\"width\":1900,\"height\":600,\"caption\":\"Revista Rambla\"},\"image\":{\"@id\":\"https:\\\/\\\/www.revistarambla.com\\\/#\\\/schema\\\/logo\\\/image\\\/\"},\"sameAs\":[\"https:\\\/\\\/www.facebook.com\\\/revistarambla\\\/\",\"https:\\\/\\\/x.com\\\/revistarambla\",\"https:\\\/\\\/www.instagram.com\\\/revista_rambla\",\"https:\\\/\\\/es.linkedin.com\\\/company\\\/revista-rambla\"]},{\"@type\":\"Person\",\"@id\":\"https:\\\/\\\/www.revistarambla.com\\\/#\\\/schema\\\/person\\\/a146a5a2550b94981a75131180e1bd9c\",\"name\":\"R@mbla\",\"description\":\"Este art\u00edculo ha sido redactado y\\\/o validado por el equipo de redacci\u00f3n de Revista Rambla.\",\"sameAs\":[\"https:\\\/\\\/www.revistarambla.com\\\/\",\"https:\\\/\\\/www.facebook.com\\\/revistarambla\",\"https:\\\/\\\/x.com\\\/revistarambla\"]}]}<\/script>\n<!-- \/ Yoast SEO plugin. -->","yoast_head_json":{"title":"'El Chancellor': un viaje al inusual pesimismo de Julio Verne - Revista Rambla","robots":{"index":"index","follow":"follow","max-snippet":"max-snippet:-1","max-image-preview":"max-image-preview:large","max-video-preview":"max-video-preview:-1"},"canonical":"https:\/\/www.revistarambla.com\/en\/el-chancellor-un-viaje-al-inusual-pesimismo-de-julio-verne\/","og_locale":"en_GB","og_type":"article","og_title":"'El Chancellor': un viaje al inusual pesimismo de Julio Verne - Revista Rambla","og_description":"El Chancellor (1875), una de las novelas menos conocidas de Julio Verne, forma parte de su c\u00e9lebre serie Viajes extraordinarios. Publicada originalmente en forma serial en el Magasin d\u2019\u00c9ducation et de R\u00e9cr\u00e9ation, esta obra se desmarca de los rasgos m\u00e1s caracter\u00edsticos del autor, conocido por sus narrativas de aventura impregnadas [&hellip;]","og_url":"https:\/\/www.revistarambla.com\/en\/el-chancellor-un-viaje-al-inusual-pesimismo-de-julio-verne\/","og_site_name":"Revista Rambla","article_publisher":"https:\/\/www.facebook.com\/revistarambla\/","article_author":"https:\/\/www.facebook.com\/revistarambla","article_published_time":"2025-06-18T10:11:44+00:00","og_image":[{"width":960,"height":960,"url":"https:\/\/www.revistarambla.com\/wp-content\/uploads\/2025\/06\/3819.jpg","type":"image\/jpeg"}],"author":"R@mbla","twitter_card":"summary_large_image","twitter_creator":"@revistarambla","twitter_site":"@revistarambla","twitter_misc":{"Written by":"R@mbla","Estimated reading time":"7 minutes"},"schema":{"@context":"https:\/\/schema.org","@graph":[{"@type":"Article","@id":"https:\/\/www.revistarambla.com\/el-chancellor-un-viaje-al-inusual-pesimismo-de-julio-verne\/#article","isPartOf":{"@id":"https:\/\/www.revistarambla.com\/el-chancellor-un-viaje-al-inusual-pesimismo-de-julio-verne\/"},"author":{"name":"R@mbla","@id":"https:\/\/www.revistarambla.com\/#\/schema\/person\/a146a5a2550b94981a75131180e1bd9c"},"headline":"&#8216;El Chancellor&#8217;: un viaje al inusual pesimismo de Julio Verne","datePublished":"2025-06-18T10:11:44+00:00","mainEntityOfPage":{"@id":"https:\/\/www.revistarambla.com\/el-chancellor-un-viaje-al-inusual-pesimismo-de-julio-verne\/"},"wordCount":1481,"publisher":{"@id":"https:\/\/www.revistarambla.com\/#organization"},"image":{"@id":"https:\/\/www.revistarambla.com\/el-chancellor-un-viaje-al-inusual-pesimismo-de-julio-verne\/#primaryimage"},"thumbnailUrl":"https:\/\/www.revistarambla.com\/wp-content\/uploads\/2025\/06\/3819.jpg","articleSection":["Libros"],"inLanguage":"en-GB"},{"@type":"WebPage","@id":"https:\/\/www.revistarambla.com\/el-chancellor-un-viaje-al-inusual-pesimismo-de-julio-verne\/","url":"https:\/\/www.revistarambla.com\/el-chancellor-un-viaje-al-inusual-pesimismo-de-julio-verne\/","name":"'El Chancellor': un viaje al inusual pesimismo de Julio Verne - Revista Rambla","isPartOf":{"@id":"https:\/\/www.revistarambla.com\/#website"},"primaryImageOfPage":{"@id":"https:\/\/www.revistarambla.com\/el-chancellor-un-viaje-al-inusual-pesimismo-de-julio-verne\/#primaryimage"},"image":{"@id":"https:\/\/www.revistarambla.com\/el-chancellor-un-viaje-al-inusual-pesimismo-de-julio-verne\/#primaryimage"},"thumbnailUrl":"https:\/\/www.revistarambla.com\/wp-content\/uploads\/2025\/06\/3819.jpg","datePublished":"2025-06-18T10:11:44+00:00","breadcrumb":{"@id":"https:\/\/www.revistarambla.com\/el-chancellor-un-viaje-al-inusual-pesimismo-de-julio-verne\/#breadcrumb"},"inLanguage":"en-GB","potentialAction":[{"@type":"ReadAction","target":["https:\/\/www.revistarambla.com\/el-chancellor-un-viaje-al-inusual-pesimismo-de-julio-verne\/"]}]},{"@type":"ImageObject","inLanguage":"en-GB","@id":"https:\/\/www.revistarambla.com\/el-chancellor-un-viaje-al-inusual-pesimismo-de-julio-verne\/#primaryimage","url":"https:\/\/www.revistarambla.com\/wp-content\/uploads\/2025\/06\/3819.jpg","contentUrl":"https:\/\/www.revistarambla.com\/wp-content\/uploads\/2025\/06\/3819.jpg","width":960,"height":960,"caption":"El Chancellor (1875), una de las novelas menos conocidas de Julio Verne"},{"@type":"BreadcrumbList","@id":"https:\/\/www.revistarambla.com\/el-chancellor-un-viaje-al-inusual-pesimismo-de-julio-verne\/#breadcrumb","itemListElement":[{"@type":"ListItem","position":1,"name":"Portada","item":"https:\/\/www.revistarambla.com\/"},{"@type":"ListItem","position":2,"name":"&#8216;El Chancellor&#8217;: un viaje al inusual pesimismo de Julio Verne"}]},{"@type":"WebSite","@id":"https:\/\/www.revistarambla.com\/#website","url":"https:\/\/www.revistarambla.com\/","name":"Revista Rambla Barcelona","description":"Periodismo independiente","publisher":{"@id":"https:\/\/www.revistarambla.com\/#organization"},"potentialAction":[{"@type":"SearchAction","target":{"@type":"EntryPoint","urlTemplate":"https:\/\/www.revistarambla.com\/?s={search_term_string}"},"query-input":{"@type":"PropertyValueSpecification","valueRequired":true,"valueName":"search_term_string"}}],"inLanguage":"en-GB"},{"@type":"Organization","@id":"https:\/\/www.revistarambla.com\/#organization","name":"Revista Rambla","url":"https:\/\/www.revistarambla.com\/","logo":{"@type":"ImageObject","inLanguage":"en-GB","@id":"https:\/\/www.revistarambla.com\/#\/schema\/logo\/image\/","url":"https:\/\/www.revistarambla.com\/wp-content\/uploads\/2020\/09\/banner_rambla_1900x600_BB.png","contentUrl":"https:\/\/www.revistarambla.com\/wp-content\/uploads\/2020\/09\/banner_rambla_1900x600_BB.png","width":1900,"height":600,"caption":"Revista Rambla"},"image":{"@id":"https:\/\/www.revistarambla.com\/#\/schema\/logo\/image\/"},"sameAs":["https:\/\/www.facebook.com\/revistarambla\/","https:\/\/x.com\/revistarambla","https:\/\/www.instagram.com\/revista_rambla","https:\/\/es.linkedin.com\/company\/revista-rambla"]},{"@type":"Person","@id":"https:\/\/www.revistarambla.com\/#\/schema\/person\/a146a5a2550b94981a75131180e1bd9c","name":"R@mbla","description":"Este art\u00edculo ha sido redactado y\/o validado por el equipo de redacci\u00f3n de Revista Rambla.","sameAs":["https:\/\/www.revistarambla.com\/","https:\/\/www.facebook.com\/revistarambla","https:\/\/x.com\/revistarambla"]}]}},"_links":{"self":[{"href":"https:\/\/www.revistarambla.com\/en\/wp-json\/wp\/v2\/posts\/65506","targetHints":{"allow":["GET"]}}],"collection":[{"href":"https:\/\/www.revistarambla.com\/en\/wp-json\/wp\/v2\/posts"}],"about":[{"href":"https:\/\/www.revistarambla.com\/en\/wp-json\/wp\/v2\/types\/post"}],"author":[{"embeddable":true,"href":"https:\/\/www.revistarambla.com\/en\/wp-json\/wp\/v2\/users\/3"}],"replies":[{"embeddable":true,"href":"https:\/\/www.revistarambla.com\/en\/wp-json\/wp\/v2\/comments?post=65506"}],"version-history":[{"count":1,"href":"https:\/\/www.revistarambla.com\/en\/wp-json\/wp\/v2\/posts\/65506\/revisions"}],"predecessor-version":[{"id":65508,"href":"https:\/\/www.revistarambla.com\/en\/wp-json\/wp\/v2\/posts\/65506\/revisions\/65508"}],"wp:featuredmedia":[{"embeddable":true,"href":"https:\/\/www.revistarambla.com\/en\/wp-json\/wp\/v2\/media\/65507"}],"wp:attachment":[{"href":"https:\/\/www.revistarambla.com\/en\/wp-json\/wp\/v2\/media?parent=65506"}],"wp:term":[{"taxonomy":"category","embeddable":true,"href":"https:\/\/www.revistarambla.com\/en\/wp-json\/wp\/v2\/categories?post=65506"},{"taxonomy":"post_tag","embeddable":true,"href":"https:\/\/www.revistarambla.com\/en\/wp-json\/wp\/v2\/tags?post=65506"}],"curies":[{"name":"wp","href":"https:\/\/api.w.org\/{rel}","templated":true}]}}