{"id":65503,"date":"2025-06-16T17:43:19","date_gmt":"2025-06-16T15:43:19","guid":{"rendered":"https:\/\/www.revistarambla.com\/?p=65503"},"modified":"2025-06-16T17:43:19","modified_gmt":"2025-06-16T15:43:19","slug":"semillas-de-rencor-1995-un-retrato-ambicioso-pero-imperfecto-de-las-tensiones-sociales","status":"publish","type":"post","link":"https:\/\/www.revistarambla.com\/en\/semillas-de-rencor-1995-un-retrato-ambicioso-pero-imperfecto-de-las-tensiones-sociales\/","title":{"rendered":"&#8216;Semillas de Rencor&#8217; (1995): Un retrato ambicioso pero imperfecto de las tensiones sociales"},"content":{"rendered":"<p dir=\"ltr\" data-pm-slice=\"1 1 []\"><em>Semillas de Rencor<\/em> (<em>Higher Learning<\/em>), dirigida por John Singleton, es un drama coral que intenta capturar las complejidades de las tensiones raciales, sexuales y sociales en el microcosmos de la ficticia Universidad de Columbus. Estrenada en 1995, la pel\u00edcula se presenta como un ambicioso mosaico generacional que aborda temas candentes como el racismo, la homofobia, la violencia y la identidad sexual, pero su ejecuci\u00f3n, aunque poderosa en momentos, no siempre logra el equilibrio necesario para trascender los clich\u00e9s y el didactismo.<\/p>\n<h2 dir=\"ltr\">Un campus como reflejo de la sociedad<\/h2>\n<p dir=\"ltr\">La premisa de la pel\u00edcula es clara desde su eslogan: \u00ab16.000 estudiantes, 33 nacionalidades, 6 razas, 2 sexos, 1 campus\u00bb. Singleton utiliza este escenario universitario para explorar las din\u00e1micas de poder y conflicto entre un grupo diverso de personajes. La narrativa se centra en tres estudiantes principales: Malik (Omar Epps), un joven atleta afroamericano que lucha contra las expectativas acad\u00e9micas y sociales; Kristen (Kristy Swanson), una estudiante blanca que enfrenta el sexismo y explora su identidad; y Remy (Michael Rapaport), un joven vulnerable que cae bajo la influencia de un grupo neonazi. A trav\u00e9s de sus historias entrelazadas, Singleton teje un tapiz de fricciones sociales, desde el racismo institucional hasta la violencia callejera y los tiroteos escolares.<\/p>\n<p dir=\"ltr\">El guion, escrito por el propio Singleton, destaca por su ambici\u00f3n al intentar abarcar m\u00faltiples problem\u00e1ticas sociales en un solo lienzo narrativo. La primera hora de la pel\u00edcula es particularmente s\u00f3lida, con una construcci\u00f3n org\u00e1nica de las tensiones entre los personajes y un ritmo que mantiene al espectador involucrado. Las interpretaciones, especialmente las de los actores secundarios como Ice Cube (en el papel de Fudge, un estudiante activista) y Jennifer Connelly (como Taryn, una joven que explora su sexualidad), aportan profundidad y matices a un reparto coral que incluye tambi\u00e9n a Laurence Fishburne en un rol m\u00e1s bien simb\u00f3lico como profesor universitario.<\/p>\n<h2 dir=\"ltr\">Fortalezas y momentos memorables<\/h2>\n<p dir=\"ltr\"><em>Semillas de Rencor<\/em> brilla cuando se enfoca en los detalles humanos de sus personajes. La relaci\u00f3n entre Malik y su entorno, por ejemplo, refleja las presiones que enfrentan los j\u00f3venes afroamericanos en espacios predominantemente blancos, mientras que la exploraci\u00f3n de Kristen sobre su identidad sexual a\u00f1ade una capa de vulnerabilidad a su arco narrativo. La banda sonora, con momentos destacados como la escena \u00edntima entre Kristen y Taryn al ritmo de \u201cButterfly\u201d de Tori Amos, es un ejemplo de c\u00f3mo Singleton utiliza la m\u00fasica para amplificar las emociones.<\/p>\n<p dir=\"ltr\">El filme tambi\u00e9n merece reconocimiento por su valent\u00eda al abordar temas tab\u00fa para la \u00e9poca, como el neonazismo en los campus y la violencia sexual. En este sentido, <em>Semillas de Rencor<\/em> se siente como una c\u00e1psula del tiempo de los a\u00f1os 90, un per\u00edodo en el que el cine afroamericano, impulsado por directores como Singleton y Spike Lee, buscaba confrontar directamente las desigualdades sociales.<\/p>\n<h2 dir=\"ltr\">Limitaciones y tropiezos<\/h2>\n<p dir=\"ltr\">Sin embargo, la ambici\u00f3n de Singleton es tambi\u00e9n su tal\u00f3n de Aquiles. La pel\u00edcula, con una duraci\u00f3n de 127 minutos, se siente sobrecargada por la cantidad de temas que intenta abordar. El guion cae en ocasiones en un tono sensacionalista, especialmente en la segunda mitad, donde el director abandona la sutileza en favor de un enfoque m\u00e1s melodram\u00e1tico. Escenas como el cl\u00edmax violento o ciertos di\u00e1logos did\u00e1cticos parecen dise\u00f1adas m\u00e1s para impactar que para profundizar en los conflictos presentados.<\/p>\n<p dir=\"ltr\">Adem\u00e1s, algunos personajes, como el neonazi Remy, se sienten m\u00e1s como caricaturas que como figuras complejas. Su transformaci\u00f3n de estudiante inseguro a extremista violento es abrupta y carece de matices, lo que resta credibilidad a su arco. Asimismo, el tratamiento de ciertos temas, como la homofobia y el feminismo, puede parecer superficial o estereotipado, especialmente cuando se compara con obras m\u00e1s logradas como <em>Haz lo que debas<\/em> de Spike Lee.<\/p>\n<h2 dir=\"ltr\">Un mensaje que resuena, pero no trasciende<\/h2>\n<p dir=\"ltr\"><em>Semillas de Rencor<\/em> es, en esencia, una pel\u00edcula con intenciones nobles pero resultados desiguales. Su mensaje sobre la necesidad de cuestionar el odio y fomentar la empat\u00eda sigue siendo relevante, pero su ejecuci\u00f3n a veces cae en los clich\u00e9s del cine \u00abde mensaje\u00bb. Aunque no alcanza la maestr\u00eda de <em>Los chicos del barrio<\/em>, el debut de Singleton, la pel\u00edcula se mantiene como un esfuerzo valioso dentro del cine pol\u00edtico de los 90, especialmente por su capacidad para generar debate.<\/p>\n<ul>\n<li dir=\"ltr\"><strong>A favor<\/strong>: Las actuaciones de Ice Cube y Jennifer Connelly, la primera hora de narrativa org\u00e1nica y la valent\u00eda para abordar temas complejos.<\/li>\n<li dir=\"ltr\"><strong>En contra<\/strong>: Una duraci\u00f3n excesiva, un tono sensacionalista en momentos clave y personajes que caen en estereotipos.<\/li>\n<li dir=\"ltr\"><strong>Veredicto<\/strong>: Un drama coral que, aunque no siempre cumple sus ambiciosas promesas, ofrece momentos de reflexi\u00f3n y un retrato crudo de las tensiones sociales en un campus universitario. Ideal para quienes buscan un cine comprometido, pero con reservas por su falta de sutileza.<\/li>\n<\/ul>","protected":false},"excerpt":{"rendered":"<p>Semillas de Rencor (Higher Learning), dirigida por John Singleton, es un drama coral que intenta capturar las complejidades de las tensiones raciales, sexuales y sociales en el microcosmos de la ficticia Universidad de Columbus. Estrenada en 1995, la pel\u00edcula se presenta como un ambicioso mosaico generacional que aborda temas candentes [&hellip;]<\/p>\n","protected":false},"author":3,"featured_media":65504,"comment_status":"closed","ping_status":"closed","sticky":false,"template":"","format":"standard","meta":{"footnotes":""},"categories":[61],"tags":[],"class_list":["post-65503","post","type-post","status-publish","format-standard","has-post-thumbnail","hentry","category-cine"],"yoast_head":"<!-- This site is optimized with the Yoast SEO plugin v27.5 - https:\/\/yoast.com\/product\/yoast-seo-wordpress\/ -->\n<title>&#039;Semillas de Rencor&#039; (1995): Un retrato ambicioso pero imperfecto de las tensiones sociales - Revista Rambla<\/title>\n<meta name=\"robots\" content=\"index, follow, max-snippet:-1, max-image-preview:large, max-video-preview:-1\" \/>\n<link rel=\"canonical\" href=\"https:\/\/www.revistarambla.com\/en\/semillas-de-rencor-1995-un-retrato-ambicioso-pero-imperfecto-de-las-tensiones-sociales\/\" \/>\n<meta property=\"og:locale\" content=\"en_GB\" \/>\n<meta property=\"og:type\" content=\"article\" \/>\n<meta property=\"og:title\" content=\"&#039;Semillas de Rencor&#039; (1995): Un retrato ambicioso pero imperfecto de las tensiones sociales - Revista Rambla\" \/>\n<meta property=\"og:description\" content=\"Semillas de Rencor (Higher Learning), dirigida por John Singleton, es un drama coral que intenta capturar las complejidades de las tensiones raciales, sexuales y sociales en el microcosmos de la ficticia Universidad de Columbus. Estrenada en 1995, la pel\u00edcula se presenta como un ambicioso mosaico generacional que aborda temas candentes [&hellip;]\" \/>\n<meta property=\"og:url\" content=\"https:\/\/www.revistarambla.com\/en\/semillas-de-rencor-1995-un-retrato-ambicioso-pero-imperfecto-de-las-tensiones-sociales\/\" \/>\n<meta property=\"og:site_name\" content=\"Revista Rambla\" \/>\n<meta property=\"article:publisher\" content=\"https:\/\/www.facebook.com\/revistarambla\/\" \/>\n<meta property=\"article:author\" content=\"https:\/\/www.facebook.com\/revistarambla\" \/>\n<meta property=\"article:published_time\" content=\"2025-06-16T15:43:19+00:00\" \/>\n<meta property=\"og:image\" content=\"https:\/\/www.revistarambla.com\/wp-content\/uploads\/2025\/06\/Semillas-de-Rencor-Higher-Learning.webp\" \/>\n\t<meta property=\"og:image:width\" content=\"800\" \/>\n\t<meta property=\"og:image:height\" content=\"450\" \/>\n\t<meta property=\"og:image:type\" content=\"image\/webp\" \/>\n<meta name=\"author\" content=\"R@mbla\" \/>\n<meta name=\"twitter:card\" content=\"summary_large_image\" \/>\n<meta name=\"twitter:creator\" content=\"@revistarambla\" \/>\n<meta name=\"twitter:site\" content=\"@revistarambla\" \/>\n<meta name=\"twitter:label1\" content=\"Written by\" \/>\n\t<meta name=\"twitter:data1\" content=\"R@mbla\" \/>\n\t<meta name=\"twitter:label2\" content=\"Estimated reading time\" \/>\n\t<meta name=\"twitter:data2\" content=\"4 minutes\" \/>\n<script type=\"application\/ld+json\" class=\"yoast-schema-graph\">{\"@context\":\"https:\\\/\\\/schema.org\",\"@graph\":[{\"@type\":\"Article\",\"@id\":\"https:\\\/\\\/www.revistarambla.com\\\/semillas-de-rencor-1995-un-retrato-ambicioso-pero-imperfecto-de-las-tensiones-sociales\\\/#article\",\"isPartOf\":{\"@id\":\"https:\\\/\\\/www.revistarambla.com\\\/semillas-de-rencor-1995-un-retrato-ambicioso-pero-imperfecto-de-las-tensiones-sociales\\\/\"},\"author\":{\"name\":\"R@mbla\",\"@id\":\"https:\\\/\\\/www.revistarambla.com\\\/#\\\/schema\\\/person\\\/a146a5a2550b94981a75131180e1bd9c\"},\"headline\":\"&#8216;Semillas de Rencor&#8217; (1995): Un retrato ambicioso pero imperfecto de las tensiones sociales\",\"datePublished\":\"2025-06-16T15:43:19+00:00\",\"mainEntityOfPage\":{\"@id\":\"https:\\\/\\\/www.revistarambla.com\\\/semillas-de-rencor-1995-un-retrato-ambicioso-pero-imperfecto-de-las-tensiones-sociales\\\/\"},\"wordCount\":842,\"publisher\":{\"@id\":\"https:\\\/\\\/www.revistarambla.com\\\/#organization\"},\"image\":{\"@id\":\"https:\\\/\\\/www.revistarambla.com\\\/semillas-de-rencor-1995-un-retrato-ambicioso-pero-imperfecto-de-las-tensiones-sociales\\\/#primaryimage\"},\"thumbnailUrl\":\"https:\\\/\\\/www.revistarambla.com\\\/wp-content\\\/uploads\\\/2025\\\/06\\\/Semillas-de-Rencor-Higher-Learning.webp\",\"articleSection\":[\"Cine &amp; Series\"],\"inLanguage\":\"en-GB\"},{\"@type\":\"WebPage\",\"@id\":\"https:\\\/\\\/www.revistarambla.com\\\/semillas-de-rencor-1995-un-retrato-ambicioso-pero-imperfecto-de-las-tensiones-sociales\\\/\",\"url\":\"https:\\\/\\\/www.revistarambla.com\\\/semillas-de-rencor-1995-un-retrato-ambicioso-pero-imperfecto-de-las-tensiones-sociales\\\/\",\"name\":\"'Semillas de Rencor' (1995): Un retrato ambicioso pero imperfecto de las tensiones sociales - Revista Rambla\",\"isPartOf\":{\"@id\":\"https:\\\/\\\/www.revistarambla.com\\\/#website\"},\"primaryImageOfPage\":{\"@id\":\"https:\\\/\\\/www.revistarambla.com\\\/semillas-de-rencor-1995-un-retrato-ambicioso-pero-imperfecto-de-las-tensiones-sociales\\\/#primaryimage\"},\"image\":{\"@id\":\"https:\\\/\\\/www.revistarambla.com\\\/semillas-de-rencor-1995-un-retrato-ambicioso-pero-imperfecto-de-las-tensiones-sociales\\\/#primaryimage\"},\"thumbnailUrl\":\"https:\\\/\\\/www.revistarambla.com\\\/wp-content\\\/uploads\\\/2025\\\/06\\\/Semillas-de-Rencor-Higher-Learning.webp\",\"datePublished\":\"2025-06-16T15:43:19+00:00\",\"breadcrumb\":{\"@id\":\"https:\\\/\\\/www.revistarambla.com\\\/semillas-de-rencor-1995-un-retrato-ambicioso-pero-imperfecto-de-las-tensiones-sociales\\\/#breadcrumb\"},\"inLanguage\":\"en-GB\",\"potentialAction\":[{\"@type\":\"ReadAction\",\"target\":[\"https:\\\/\\\/www.revistarambla.com\\\/semillas-de-rencor-1995-un-retrato-ambicioso-pero-imperfecto-de-las-tensiones-sociales\\\/\"]}]},{\"@type\":\"ImageObject\",\"inLanguage\":\"en-GB\",\"@id\":\"https:\\\/\\\/www.revistarambla.com\\\/semillas-de-rencor-1995-un-retrato-ambicioso-pero-imperfecto-de-las-tensiones-sociales\\\/#primaryimage\",\"url\":\"https:\\\/\\\/www.revistarambla.com\\\/wp-content\\\/uploads\\\/2025\\\/06\\\/Semillas-de-Rencor-Higher-Learning.webp\",\"contentUrl\":\"https:\\\/\\\/www.revistarambla.com\\\/wp-content\\\/uploads\\\/2025\\\/06\\\/Semillas-de-Rencor-Higher-Learning.webp\",\"width\":800,\"height\":450,\"caption\":\"Semillas de Rencor (Higher Learning)\"},{\"@type\":\"BreadcrumbList\",\"@id\":\"https:\\\/\\\/www.revistarambla.com\\\/semillas-de-rencor-1995-un-retrato-ambicioso-pero-imperfecto-de-las-tensiones-sociales\\\/#breadcrumb\",\"itemListElement\":[{\"@type\":\"ListItem\",\"position\":1,\"name\":\"Portada\",\"item\":\"https:\\\/\\\/www.revistarambla.com\\\/\"},{\"@type\":\"ListItem\",\"position\":2,\"name\":\"&#8216;Semillas de Rencor&#8217; (1995): Un retrato ambicioso pero imperfecto de las tensiones sociales\"}]},{\"@type\":\"WebSite\",\"@id\":\"https:\\\/\\\/www.revistarambla.com\\\/#website\",\"url\":\"https:\\\/\\\/www.revistarambla.com\\\/\",\"name\":\"Revista Rambla Barcelona\",\"description\":\"Periodismo independiente\",\"publisher\":{\"@id\":\"https:\\\/\\\/www.revistarambla.com\\\/#organization\"},\"potentialAction\":[{\"@type\":\"SearchAction\",\"target\":{\"@type\":\"EntryPoint\",\"urlTemplate\":\"https:\\\/\\\/www.revistarambla.com\\\/?s={search_term_string}\"},\"query-input\":{\"@type\":\"PropertyValueSpecification\",\"valueRequired\":true,\"valueName\":\"search_term_string\"}}],\"inLanguage\":\"en-GB\"},{\"@type\":\"Organization\",\"@id\":\"https:\\\/\\\/www.revistarambla.com\\\/#organization\",\"name\":\"Revista Rambla\",\"url\":\"https:\\\/\\\/www.revistarambla.com\\\/\",\"logo\":{\"@type\":\"ImageObject\",\"inLanguage\":\"en-GB\",\"@id\":\"https:\\\/\\\/www.revistarambla.com\\\/#\\\/schema\\\/logo\\\/image\\\/\",\"url\":\"https:\\\/\\\/www.revistarambla.com\\\/wp-content\\\/uploads\\\/2020\\\/09\\\/banner_rambla_1900x600_BB.png\",\"contentUrl\":\"https:\\\/\\\/www.revistarambla.com\\\/wp-content\\\/uploads\\\/2020\\\/09\\\/banner_rambla_1900x600_BB.png\",\"width\":1900,\"height\":600,\"caption\":\"Revista Rambla\"},\"image\":{\"@id\":\"https:\\\/\\\/www.revistarambla.com\\\/#\\\/schema\\\/logo\\\/image\\\/\"},\"sameAs\":[\"https:\\\/\\\/www.facebook.com\\\/revistarambla\\\/\",\"https:\\\/\\\/x.com\\\/revistarambla\",\"https:\\\/\\\/www.instagram.com\\\/revista_rambla\",\"https:\\\/\\\/es.linkedin.com\\\/company\\\/revista-rambla\"]},{\"@type\":\"Person\",\"@id\":\"https:\\\/\\\/www.revistarambla.com\\\/#\\\/schema\\\/person\\\/a146a5a2550b94981a75131180e1bd9c\",\"name\":\"R@mbla\",\"description\":\"Este art\u00edculo ha sido redactado y\\\/o validado por el equipo de redacci\u00f3n de Revista Rambla.\",\"sameAs\":[\"https:\\\/\\\/www.revistarambla.com\\\/\",\"https:\\\/\\\/www.facebook.com\\\/revistarambla\",\"https:\\\/\\\/x.com\\\/revistarambla\"]}]}<\/script>\n<!-- \/ Yoast SEO plugin. -->","yoast_head_json":{"title":"'Semillas de Rencor' (1995): Un retrato ambicioso pero imperfecto de las tensiones sociales - Revista Rambla","robots":{"index":"index","follow":"follow","max-snippet":"max-snippet:-1","max-image-preview":"max-image-preview:large","max-video-preview":"max-video-preview:-1"},"canonical":"https:\/\/www.revistarambla.com\/en\/semillas-de-rencor-1995-un-retrato-ambicioso-pero-imperfecto-de-las-tensiones-sociales\/","og_locale":"en_GB","og_type":"article","og_title":"'Semillas de Rencor' (1995): Un retrato ambicioso pero imperfecto de las tensiones sociales - Revista Rambla","og_description":"Semillas de Rencor (Higher Learning), dirigida por John Singleton, es un drama coral que intenta capturar las complejidades de las tensiones raciales, sexuales y sociales en el microcosmos de la ficticia Universidad de Columbus. Estrenada en 1995, la pel\u00edcula se presenta como un ambicioso mosaico generacional que aborda temas candentes [&hellip;]","og_url":"https:\/\/www.revistarambla.com\/en\/semillas-de-rencor-1995-un-retrato-ambicioso-pero-imperfecto-de-las-tensiones-sociales\/","og_site_name":"Revista Rambla","article_publisher":"https:\/\/www.facebook.com\/revistarambla\/","article_author":"https:\/\/www.facebook.com\/revistarambla","article_published_time":"2025-06-16T15:43:19+00:00","og_image":[{"width":800,"height":450,"url":"https:\/\/www.revistarambla.com\/wp-content\/uploads\/2025\/06\/Semillas-de-Rencor-Higher-Learning.webp","type":"image\/webp"}],"author":"R@mbla","twitter_card":"summary_large_image","twitter_creator":"@revistarambla","twitter_site":"@revistarambla","twitter_misc":{"Written by":"R@mbla","Estimated reading time":"4 minutes"},"schema":{"@context":"https:\/\/schema.org","@graph":[{"@type":"Article","@id":"https:\/\/www.revistarambla.com\/semillas-de-rencor-1995-un-retrato-ambicioso-pero-imperfecto-de-las-tensiones-sociales\/#article","isPartOf":{"@id":"https:\/\/www.revistarambla.com\/semillas-de-rencor-1995-un-retrato-ambicioso-pero-imperfecto-de-las-tensiones-sociales\/"},"author":{"name":"R@mbla","@id":"https:\/\/www.revistarambla.com\/#\/schema\/person\/a146a5a2550b94981a75131180e1bd9c"},"headline":"&#8216;Semillas de Rencor&#8217; (1995): Un retrato ambicioso pero imperfecto de las tensiones sociales","datePublished":"2025-06-16T15:43:19+00:00","mainEntityOfPage":{"@id":"https:\/\/www.revistarambla.com\/semillas-de-rencor-1995-un-retrato-ambicioso-pero-imperfecto-de-las-tensiones-sociales\/"},"wordCount":842,"publisher":{"@id":"https:\/\/www.revistarambla.com\/#organization"},"image":{"@id":"https:\/\/www.revistarambla.com\/semillas-de-rencor-1995-un-retrato-ambicioso-pero-imperfecto-de-las-tensiones-sociales\/#primaryimage"},"thumbnailUrl":"https:\/\/www.revistarambla.com\/wp-content\/uploads\/2025\/06\/Semillas-de-Rencor-Higher-Learning.webp","articleSection":["Cine &amp; Series"],"inLanguage":"en-GB"},{"@type":"WebPage","@id":"https:\/\/www.revistarambla.com\/semillas-de-rencor-1995-un-retrato-ambicioso-pero-imperfecto-de-las-tensiones-sociales\/","url":"https:\/\/www.revistarambla.com\/semillas-de-rencor-1995-un-retrato-ambicioso-pero-imperfecto-de-las-tensiones-sociales\/","name":"'Semillas de Rencor' (1995): Un retrato ambicioso pero imperfecto de las tensiones sociales - Revista Rambla","isPartOf":{"@id":"https:\/\/www.revistarambla.com\/#website"},"primaryImageOfPage":{"@id":"https:\/\/www.revistarambla.com\/semillas-de-rencor-1995-un-retrato-ambicioso-pero-imperfecto-de-las-tensiones-sociales\/#primaryimage"},"image":{"@id":"https:\/\/www.revistarambla.com\/semillas-de-rencor-1995-un-retrato-ambicioso-pero-imperfecto-de-las-tensiones-sociales\/#primaryimage"},"thumbnailUrl":"https:\/\/www.revistarambla.com\/wp-content\/uploads\/2025\/06\/Semillas-de-Rencor-Higher-Learning.webp","datePublished":"2025-06-16T15:43:19+00:00","breadcrumb":{"@id":"https:\/\/www.revistarambla.com\/semillas-de-rencor-1995-un-retrato-ambicioso-pero-imperfecto-de-las-tensiones-sociales\/#breadcrumb"},"inLanguage":"en-GB","potentialAction":[{"@type":"ReadAction","target":["https:\/\/www.revistarambla.com\/semillas-de-rencor-1995-un-retrato-ambicioso-pero-imperfecto-de-las-tensiones-sociales\/"]}]},{"@type":"ImageObject","inLanguage":"en-GB","@id":"https:\/\/www.revistarambla.com\/semillas-de-rencor-1995-un-retrato-ambicioso-pero-imperfecto-de-las-tensiones-sociales\/#primaryimage","url":"https:\/\/www.revistarambla.com\/wp-content\/uploads\/2025\/06\/Semillas-de-Rencor-Higher-Learning.webp","contentUrl":"https:\/\/www.revistarambla.com\/wp-content\/uploads\/2025\/06\/Semillas-de-Rencor-Higher-Learning.webp","width":800,"height":450,"caption":"Semillas de Rencor (Higher Learning)"},{"@type":"BreadcrumbList","@id":"https:\/\/www.revistarambla.com\/semillas-de-rencor-1995-un-retrato-ambicioso-pero-imperfecto-de-las-tensiones-sociales\/#breadcrumb","itemListElement":[{"@type":"ListItem","position":1,"name":"Portada","item":"https:\/\/www.revistarambla.com\/"},{"@type":"ListItem","position":2,"name":"&#8216;Semillas de Rencor&#8217; (1995): Un retrato ambicioso pero imperfecto de las tensiones sociales"}]},{"@type":"WebSite","@id":"https:\/\/www.revistarambla.com\/#website","url":"https:\/\/www.revistarambla.com\/","name":"Revista Rambla Barcelona","description":"Periodismo independiente","publisher":{"@id":"https:\/\/www.revistarambla.com\/#organization"},"potentialAction":[{"@type":"SearchAction","target":{"@type":"EntryPoint","urlTemplate":"https:\/\/www.revistarambla.com\/?s={search_term_string}"},"query-input":{"@type":"PropertyValueSpecification","valueRequired":true,"valueName":"search_term_string"}}],"inLanguage":"en-GB"},{"@type":"Organization","@id":"https:\/\/www.revistarambla.com\/#organization","name":"Revista Rambla","url":"https:\/\/www.revistarambla.com\/","logo":{"@type":"ImageObject","inLanguage":"en-GB","@id":"https:\/\/www.revistarambla.com\/#\/schema\/logo\/image\/","url":"https:\/\/www.revistarambla.com\/wp-content\/uploads\/2020\/09\/banner_rambla_1900x600_BB.png","contentUrl":"https:\/\/www.revistarambla.com\/wp-content\/uploads\/2020\/09\/banner_rambla_1900x600_BB.png","width":1900,"height":600,"caption":"Revista Rambla"},"image":{"@id":"https:\/\/www.revistarambla.com\/#\/schema\/logo\/image\/"},"sameAs":["https:\/\/www.facebook.com\/revistarambla\/","https:\/\/x.com\/revistarambla","https:\/\/www.instagram.com\/revista_rambla","https:\/\/es.linkedin.com\/company\/revista-rambla"]},{"@type":"Person","@id":"https:\/\/www.revistarambla.com\/#\/schema\/person\/a146a5a2550b94981a75131180e1bd9c","name":"R@mbla","description":"Este art\u00edculo ha sido redactado y\/o validado por el equipo de redacci\u00f3n de Revista Rambla.","sameAs":["https:\/\/www.revistarambla.com\/","https:\/\/www.facebook.com\/revistarambla","https:\/\/x.com\/revistarambla"]}]}},"_links":{"self":[{"href":"https:\/\/www.revistarambla.com\/en\/wp-json\/wp\/v2\/posts\/65503","targetHints":{"allow":["GET"]}}],"collection":[{"href":"https:\/\/www.revistarambla.com\/en\/wp-json\/wp\/v2\/posts"}],"about":[{"href":"https:\/\/www.revistarambla.com\/en\/wp-json\/wp\/v2\/types\/post"}],"author":[{"embeddable":true,"href":"https:\/\/www.revistarambla.com\/en\/wp-json\/wp\/v2\/users\/3"}],"replies":[{"embeddable":true,"href":"https:\/\/www.revistarambla.com\/en\/wp-json\/wp\/v2\/comments?post=65503"}],"version-history":[{"count":1,"href":"https:\/\/www.revistarambla.com\/en\/wp-json\/wp\/v2\/posts\/65503\/revisions"}],"predecessor-version":[{"id":65505,"href":"https:\/\/www.revistarambla.com\/en\/wp-json\/wp\/v2\/posts\/65503\/revisions\/65505"}],"wp:featuredmedia":[{"embeddable":true,"href":"https:\/\/www.revistarambla.com\/en\/wp-json\/wp\/v2\/media\/65504"}],"wp:attachment":[{"href":"https:\/\/www.revistarambla.com\/en\/wp-json\/wp\/v2\/media?parent=65503"}],"wp:term":[{"taxonomy":"category","embeddable":true,"href":"https:\/\/www.revistarambla.com\/en\/wp-json\/wp\/v2\/categories?post=65503"},{"taxonomy":"post_tag","embeddable":true,"href":"https:\/\/www.revistarambla.com\/en\/wp-json\/wp\/v2\/tags?post=65503"}],"curies":[{"name":"wp","href":"https:\/\/api.w.org\/{rel}","templated":true}]}}