{"id":65496,"date":"2025-06-15T21:45:34","date_gmt":"2025-06-15T19:45:34","guid":{"rendered":"https:\/\/www.revistarambla.com\/?p=65496"},"modified":"2025-06-15T21:45:34","modified_gmt":"2025-06-15T19:45:34","slug":"prolongar-las-centrales-nucleares-en-espana-un-debate-complejo-entre-seguridad-sostenibilidad-y-economia","status":"publish","type":"post","link":"https:\/\/www.revistarambla.com\/en\/prolongar-las-centrales-nucleares-en-espana-un-debate-complejo-entre-seguridad-sostenibilidad-y-economia\/","title":{"rendered":"Prolongar las centrales nucleares en Espa\u00f1a: un debate complejo entre seguridad, sostenibilidad y econom\u00eda"},"content":{"rendered":"<p>La energ\u00eda nuclear en Espa\u00f1a ha sido un pilar fundamental del suministro el\u00e9ctrico durante d\u00e9cadas, aportando en la actualidad cerca del 20% de la electricidad consumida en el pa\u00eds a trav\u00e9s de siete reactores operativos en cinco centrales: Almaraz I y II (C\u00e1ceres), Asc\u00f3 I y II (Tarragona), Vandell\u00f3s II (Tarragona), Cofrentes (Valencia) y Trillo (Guadalajara). Sin embargo, el calendario de cierre escalonado acordado en 2019 entre el Gobierno y las principales empresas el\u00e9ctricas (Iberdrola, Endesa y Naturgy) establece que estas centrales cesar\u00e1n su actividad entre 2027 y 2035, comenzando por Almaraz I en 2027. Este plan, enmarcado en el Plan Nacional Integrado de Energ\u00eda y Clima (PNIEC), busca una transici\u00f3n hacia un modelo energ\u00e9tico basado en fuentes renovables. No obstante, el contexto geopol\u00edtico, la crisis energ\u00e9tica y los objetivos de descarbonizaci\u00f3n han reabierto el debate sobre si es recomendable prolongar la vida \u00fatil de estas instalaciones.<\/p>\n<h2>Argumentos a favor de prolongar la vida de las centrales nucleares<\/h2>\n<h3>Estabilidad energ\u00e9tica y descarbonizaci\u00f3n<\/h3>\n<p>La energ\u00eda nuclear es una fuente de generaci\u00f3n constante y libre de emisiones directas de CO\u2082, lo que la convierte en una herramienta clave para la descarbonizaci\u00f3n, especialmente en un contexto donde la Uni\u00f3n Europea (UE) ha establecido ambiciosos objetivos de neutralidad clim\u00e1tica para 2050. Seg\u00fan un informe de Oikos y Afry, cerrar las centrales nucleares entre 2027 y 2035 podr\u00eda a\u00f1adir 28 millones de toneladas de CO\u2082 a las emisiones de Espa\u00f1a, equivalentes a casi tres a\u00f1os de gases de efecto invernadero, al depender m\u00e1s de los ciclos combinados de gas natural, una fuente m\u00e1s cara y contaminante.<\/p>\n<p>Francisco Calvi\u00f1o, catedr\u00e1tico en Ingenier\u00eda Nuclear de la Universidad Polit\u00e9cnica de Catalu\u00f1a, argumenta que \u00abEspa\u00f1a deber\u00eda replantearse el cierre nuclear\u00bb, ya que las renovables, aunque esenciales, son intermitentes y las tecnolog\u00edas de almacenamiento, como las bater\u00edas de larga duraci\u00f3n, no est\u00e1n suficientemente desarrolladas para garantizar el suministro en picos de demanda o en condiciones de baja producci\u00f3n renovable. Ignacio Araluce, presidente del Foro Nuclear, subraya que la energ\u00eda nuclear es una \u00abfuente estrat\u00e9gica a largo plazo\u00bb que complementa las renovables, asegurando estabilidad en el sistema el\u00e9ctrico.<\/p>\n<h3>Beneficios econ\u00f3micos y laborales<\/h3>\n<p>El cierre de las centrales nucleares tiene un impacto econ\u00f3mico significativo, especialmente en las regiones donde est\u00e1n ubicadas. Por ejemplo, la central de Almaraz genera aproximadamente 3.000 empleos directos e indirectos y aporta el 7% de la energ\u00eda el\u00e9ctrica del pa\u00eds. Seg\u00fan Fernando S\u00e1nchez, presidente de la plataforma \u00abS\u00ed a Almaraz, s\u00ed al futuro\u00bb, mantener estas instalaciones operativas es crucial para los planes de reindustrializaci\u00f3n y para evitar la despoblaci\u00f3n en comarcas rurales.<\/p>\n<p>Adem\u00e1s, prolongar la vida \u00fatil de las centrales podr\u00eda aliviar la presi\u00f3n financiera sobre las empresas el\u00e9ctricas. Seg\u00fan Diego Rodr\u00edguez, investigador de Fedea, extender el periodo operativo redistribuir\u00eda la tasa Enresa (destinada a gestionar residuos radiactivos y el desmantelamiento) a lo largo de m\u00e1s a\u00f1os, reduciendo el coste por unidad de energ\u00eda generada, \u00abcomo una hipoteca\u00bb. Un informe de PricewaterhouseCoopers estima que alargar la vida de las centrales ahorrar\u00eda 7.000 millones de euros en inversiones y reducir\u00eda la factura el\u00e9ctrica en m\u00e1s de 2.000 millones anuales, al evitar el recurso a fuentes m\u00e1s caras como el gas.<\/p>\n<h3>Seguridad y viabilidad t\u00e9cnica<\/h3>\n<p>Los defensores de la energ\u00eda nuclear destacan que las centrales espa\u00f1olas cumplen con estrictos est\u00e1ndares de seguridad supervisados por el Consejo de Seguridad Nuclear (CSN). Marcelo Fern\u00e1ndez-Bola\u00f1os, coordinador t\u00e9cnico del CSN, se\u00f1ala que prolongar la vida \u00fatil m\u00e1s all\u00e1 de los 40 a\u00f1os es compatible con la legislaci\u00f3n espa\u00f1ola si se justifican \u00abconsideraciones de inter\u00e9s general\u00bb. Pa\u00edses como Estados Unidos, Suiza y Francia han extendido la operaci\u00f3n de sus reactores hasta los 60 a\u00f1os o m\u00e1s, tras rigurosas inspecciones, lo que sugiere que las centrales espa\u00f1olas, consideradas eficientes y seguras, podr\u00edan seguir operando con las inversiones adecuadas.<\/p>\n<p>Fran Ram\u00edrez, ingeniero nuclear, asegura que las inversiones necesarias para garantizar la operaci\u00f3n segura a largo plazo no son \u00abexageradamente superiores\u00bb a las habituales y deben ser asumidas por las empresas, no por los ciudadanos. Adem\u00e1s, la nuclear tiene un coste operativo competitivo: generar un megavatio hora nuclear cuesta unos 45-60 euros, frente a los 70 euros del gas o los 107 del carb\u00f3n, aunque este c\u00e1lculo no incluye la gesti\u00f3n de residuos.<\/p>\n<h2>Argumentos en contra de prolongar la vida de las centrales<\/h2>\n<h3>Riesgos de seguridad y envejecimiento<\/h3>\n<p>Los grupos ecologistas, como Ecologistas en Acci\u00f3n y Greenpeace, sostienen que prolongar la vida de las centrales nucleares incrementa los riesgos de seguridad debido al envejecimiento de los reactores. Luis Rico, coordinador de Ecologistas en Acci\u00f3n, advierte que alargar su operaci\u00f3n \u00abpodr\u00eda ser catastr\u00f3fico\u00bb, citando incidentes como la fuga de part\u00edculas en Asc\u00f3 en 2007, atribuida a la subcontrataci\u00f3n de personal poco experimentado y al deterioro de infraestructuras. Cristina Rois, portavoz del Movimiento Ib\u00e9rico Antinuclear, subraya que los sistemas envejecidos son m\u00e1s propensos a fallos, y la sombra de accidentes como Chern\u00f3bil o Fukushima sigue siendo una preocupaci\u00f3n.<\/p>\n<p>Adem\u00e1s, las centrales nucleares espa\u00f1olas, dise\u00f1adas originalmente para operar entre 25 y 40 a\u00f1os, ya han superado o est\u00e1n cerca de superar ese l\u00edmite. Por ejemplo, Almaraz I tendr\u00e1 46 a\u00f1os en 2027, lo que aumenta la necesidad de costosas reformas para cumplir con los est\u00e1ndares de seguridad. Ecologistas en Acci\u00f3n tambi\u00e9n se\u00f1ala problemas estructurales, como la ubicaci\u00f3n de algunas centrales en terrenos s\u00edsmicos o inundables, lo que eleva los riesgos.<\/p>\n<h3>Gesti\u00f3n de residuos radiactivos<\/h3>\n<p>Uno de los mayores argumentos en contra es la gesti\u00f3n de los residuos radiactivos, que permanecen peligrosos durante miles de a\u00f1os. Javier Andaluz Prieto, de Ecologistas en Acci\u00f3n, destaca que \u00abno desaparecen jam\u00e1s, por muchos almacenamientos o planes que hagamos\u00bb. El Plan General de Residuos Radiactivos estima un coste de m\u00e1s de 20.000 millones de euros entre 2024 y 2100 para gestionar estos desechos, un 30% m\u00e1s tras descartarse un Almac\u00e9n Temporal Centralizado (ATC) en Villar de Ca\u00f1as debido a la oposici\u00f3n de comunidades aut\u00f3nomas y grupos ecologistas. Actualmente, los residuos de alta actividad se almacenan en dep\u00f3sitos temporales en las propias centrales, lo que genera preocupaci\u00f3n entre colectivos ciudadanos.<\/p>\n<p>Rois enfatiza que no existe una soluci\u00f3n \u00abverdaderamente viable y segura\u00bb para estos materiales, cuya radiactividad puede durar m\u00e1s de 10.000 a\u00f1os, lo que plantea dilemas \u00e9ticos y ambientales para las generaciones futuras. Adem\u00e1s, la miner\u00eda de uranio, necesaria para el combustible nuclear, genera emisiones significativas en otros pa\u00edses y deja \u00abheridas radiactivas\u00bb en el territorio.<\/p>\n<h3>Competitividad y transici\u00f3n renovable<\/h3>\n<p>Eloy Sanz, profesor de Ingenier\u00eda Energ\u00e9tica en la Universidad Rey Juan Carlos, sostiene que la energ\u00eda nuclear \u00abse puede sustituir perfectamente con renovables\u00bb, que en 2024 representaron m\u00e1s del 50% de la generaci\u00f3n el\u00e9ctrica en Espa\u00f1a, gracias a la e\u00f3lica y la solar. Las renovables son cada vez m\u00e1s baratas: generar un megavatio hora solar cuesta unos 30 euros, frente a los 60 euros de la nuclear, y no requieren combustible ni generan residuos. Jos\u00e9 Luis Navarro Ribera, expresidente de Enresa, destaca que Espa\u00f1a es un referente internacional en renovables, con una hoja de ruta clara que ha atra\u00eddo inversiones significativas.<\/p>\n<p>Ecologistas en Acci\u00f3n argumenta que las nucleares frenan el desarrollo renovable al ocupar espacio en el mix energ\u00e9tico y desviar recursos que podr\u00edan destinarse a tecnolog\u00edas m\u00e1s limpias y seguras. Su propuesta para 2020 demostraba que un sistema el\u00e9ctrico basado en un 72% de renovables, apoyado por gas natural en menor medida, es viable sin comprometer el suministro. Sin embargo, Sanz reconoce que el almacenamiento sigue siendo un desaf\u00edo, aunque espera que las inversiones en bater\u00edas crezcan en los pr\u00f3ximos a\u00f1os.<\/p>\n<h2>Opiniones divergentes: ecologistas pronucleares<\/h2>\n<p>Un fen\u00f3meno reciente es la aparici\u00f3n de movimientos ecologistas favorables a la nuclear, como Econuclear, fundado por Marc Alt\u00e9s y Guillem Sanch\u00eds. Esta organizaci\u00f3n defiende que la nuclear es esencial para la transici\u00f3n energ\u00e9tica, ya que evita depender del gas y reduce emisiones. Alt\u00e9s aboga por peque\u00f1os reactores modulares (SMR), m\u00e1s compactos y seguros, como una soluci\u00f3n a medio plazo, aunque reconoce que la fusi\u00f3n nuclear a\u00fan es incipiente. Por otro lado, Greenpeace y Ecologistas en Acci\u00f3n rechazan esta postura, argumentando que etiquetar la nuclear como \u00abverde\u00bb es una \u00abirresponsabilidad medioambiental, financiera y social\u00bb.<\/p>\n<h2>Alternativas al alargamiento de las centrales nucleares<\/h2>\n<h3>Acelerar el despliegue de renovables<\/h3>\n<p>Espa\u00f1a tiene un potencial renovable excepcional, con abundancia de sol y viento. El PNIEC prev\u00e9 aumentar la capacidad de almacenamiento de 3,3 GW a m\u00e1s de 22 GW para 2030, lo que abaratar\u00eda la factura el\u00e9ctrica y reducir\u00eda la dependencia de fuentes f\u00f3siles. Invertir en energ\u00eda solar fotovoltaica, que podr\u00eda multiplicarse por diez para 2030, y en e\u00f3lica, con un aumento proyectado del 35%, es una prioridad. Adem\u00e1s, fomentar el autoconsumo y la generaci\u00f3n distribuida eliminar\u00eda trabas burocr\u00e1ticas y potenciar\u00eda la eficiencia energ\u00e9tica.<\/p>\n<h3>Desarrollo de almacenamiento energ\u00e9tico<\/h3>\n<p>El principal obst\u00e1culo de las renovables es su intermitencia, pero las tecnolog\u00edas de almacenamiento, como bater\u00edas de larga duraci\u00f3n, est\u00e1n avanzando. Luis Quiroga, de Oikos, subraya que el almacenamiento de larga duraci\u00f3n es clave para eliminar la necesidad de gas como respaldo. Espa\u00f1a debe acelerar las inversiones en estas tecnolog\u00edas para cumplir los objetivos del PNIEC y garantizar la estabilidad del sistema el\u00e9ctrico sin nucleares ni f\u00f3siles.<\/p>\n<h3>Hidr\u00f3geno verde y eficiencia energ\u00e9tica<\/h3>\n<p>El hidr\u00f3geno verde, producido con energ\u00edas renovables, es otra alternativa prometedora para sectores dif\u00edciles de electrificar, como la industria pesada o el transporte. Adem\u00e1s, implementar medidas de eficiencia energ\u00e9tica, como la rehabilitaci\u00f3n de edificios o la optimizaci\u00f3n de procesos industriales, podr\u00eda reducir la demanda el\u00e9ctrica, facilitando la transici\u00f3n sin necesidad de prolongar las nucleares.<\/p>\n<h3>Peque\u00f1os reactores modulares (SMR)<\/h3>\n<p>Aunque a\u00fan en desarrollo, los SMR podr\u00edan ser una alternativa a medio plazo. Estos reactores, m\u00e1s peque\u00f1os y f\u00e1ciles de construir, generan hasta 300 MW y son considerados m\u00e1s seguros. Sin embargo, su viabilidad comercial a gran escala no est\u00e1 garantizada antes de 2035, lo que limita su impacto inmediato.<\/p>\n<h2>Un debate complejo<\/h2>\n<p>El debate sobre prolongar la vida de las centrales nucleares en Espa\u00f1a es complejo y polarizado. Por un lado, la nuclear ofrece estabilidad, bajas emisiones y beneficios econ\u00f3micos, pero implica riesgos de seguridad, costes elevados de gesti\u00f3n de residuos y una dependencia de una tecnolog\u00eda que muchos consideran obsoleta frente al auge de las renovables. Por otro lado, las renovables son m\u00e1s baratas y seguras a largo plazo, pero requieren avances en almacenamiento y una planificaci\u00f3n rigurosa para garantizar el suministro.<\/p>\n<p>Expertos como Francisco Calvi\u00f1o y el Foro Nuclear abogan por mantener las centrales como un puente hacia la descarbonizaci\u00f3n, mientras que ecologistas como Luis Rico y Cristina Rois insisten en que los riesgos y costes superan los beneficios. Alternativas como acelerar las renovables, invertir en almacenamiento y explorar el hidr\u00f3geno verde ofrecen un camino viable para una transici\u00f3n energ\u00e9tica justa y sostenible.<\/p>\n<p>En \u00faltima instancia, la decisi\u00f3n depender\u00e1 de un equilibrio entre seguridad, econom\u00eda y sostenibilidad, as\u00ed como de la capacidad de Espa\u00f1a para mantener su liderazgo en renovables sin comprometer el suministro el\u00e9ctrico. El debate est\u00e1 lejos de cerrarse, pero requiere un enfoque basado en datos cient\u00edficos, consenso pol\u00edtico y una visi\u00f3n a largo plazo que priorice el bienestar de la sociedad y el medio ambiente.<\/p>","protected":false},"excerpt":{"rendered":"<p>La energ\u00eda nuclear en Espa\u00f1a ha sido un pilar fundamental del suministro el\u00e9ctrico durante d\u00e9cadas, aportando en la actualidad cerca del 20% de la electricidad consumida en el pa\u00eds a trav\u00e9s de siete reactores operativos en cinco centrales: Almaraz I y II (C\u00e1ceres), Asc\u00f3 I y II (Tarragona), Vandell\u00f3s II [&hellip;]<\/p>\n","protected":false},"author":3,"featured_media":46765,"comment_status":"closed","ping_status":"closed","sticky":false,"template":"","format":"standard","meta":{"footnotes":""},"categories":[4099],"tags":[],"class_list":["post-65496","post","type-post","status-publish","format-standard","has-post-thumbnail","hentry","category-otras-miradas"],"yoast_head":"<!-- This site is optimized with the Yoast SEO plugin v27.5 - https:\/\/yoast.com\/product\/yoast-seo-wordpress\/ -->\n<title>Prolongar las centrales nucleares en Espa\u00f1a: un debate complejo entre seguridad, sostenibilidad y econom\u00eda - Revista Rambla<\/title>\n<meta name=\"robots\" content=\"index, follow, max-snippet:-1, max-image-preview:large, max-video-preview:-1\" \/>\n<link rel=\"canonical\" href=\"https:\/\/www.revistarambla.com\/en\/prolongar-las-centrales-nucleares-en-espana-un-debate-complejo-entre-seguridad-sostenibilidad-y-economia\/\" \/>\n<meta property=\"og:locale\" content=\"en_GB\" \/>\n<meta property=\"og:type\" content=\"article\" \/>\n<meta property=\"og:title\" content=\"Prolongar las centrales nucleares en Espa\u00f1a: un debate complejo entre seguridad, sostenibilidad y econom\u00eda - Revista Rambla\" \/>\n<meta property=\"og:description\" content=\"La energ\u00eda nuclear en Espa\u00f1a ha sido un pilar fundamental del suministro el\u00e9ctrico durante d\u00e9cadas, aportando en la actualidad cerca del 20% de la electricidad consumida en el pa\u00eds a trav\u00e9s de siete reactores operativos en cinco centrales: Almaraz I y II (C\u00e1ceres), Asc\u00f3 I y II (Tarragona), Vandell\u00f3s II [&hellip;]\" \/>\n<meta property=\"og:url\" content=\"https:\/\/www.revistarambla.com\/en\/prolongar-las-centrales-nucleares-en-espana-un-debate-complejo-entre-seguridad-sostenibilidad-y-economia\/\" \/>\n<meta property=\"og:site_name\" content=\"Revista Rambla\" \/>\n<meta property=\"article:publisher\" content=\"https:\/\/www.facebook.com\/revistarambla\/\" \/>\n<meta property=\"article:author\" content=\"https:\/\/www.facebook.com\/revistarambla\" \/>\n<meta property=\"article:published_time\" content=\"2025-06-15T19:45:34+00:00\" \/>\n<meta property=\"og:image\" content=\"https:\/\/www.revistarambla.com\/wp-content\/uploads\/2022\/09\/1024px-Central_Nuclear_dAsco_Tarragona_Catalunya.jpg\" \/>\n\t<meta property=\"og:image:width\" content=\"1024\" \/>\n\t<meta property=\"og:image:height\" content=\"681\" \/>\n\t<meta property=\"og:image:type\" content=\"image\/jpeg\" \/>\n<meta name=\"author\" content=\"R@mbla\" \/>\n<meta name=\"twitter:card\" content=\"summary_large_image\" \/>\n<meta name=\"twitter:creator\" content=\"@revistarambla\" \/>\n<meta name=\"twitter:site\" content=\"@revistarambla\" \/>\n<meta name=\"twitter:label1\" content=\"Written by\" \/>\n\t<meta name=\"twitter:data1\" content=\"R@mbla\" \/>\n\t<meta name=\"twitter:label2\" content=\"Estimated reading time\" \/>\n\t<meta name=\"twitter:data2\" content=\"9 minutes\" \/>\n<script type=\"application\/ld+json\" class=\"yoast-schema-graph\">{\"@context\":\"https:\\\/\\\/schema.org\",\"@graph\":[{\"@type\":\"Article\",\"@id\":\"https:\\\/\\\/www.revistarambla.com\\\/prolongar-las-centrales-nucleares-en-espana-un-debate-complejo-entre-seguridad-sostenibilidad-y-economia\\\/#article\",\"isPartOf\":{\"@id\":\"https:\\\/\\\/www.revistarambla.com\\\/prolongar-las-centrales-nucleares-en-espana-un-debate-complejo-entre-seguridad-sostenibilidad-y-economia\\\/\"},\"author\":{\"name\":\"R@mbla\",\"@id\":\"https:\\\/\\\/www.revistarambla.com\\\/#\\\/schema\\\/person\\\/a146a5a2550b94981a75131180e1bd9c\"},\"headline\":\"Prolongar las centrales nucleares en Espa\u00f1a: un debate complejo entre seguridad, sostenibilidad y econom\u00eda\",\"datePublished\":\"2025-06-15T19:45:34+00:00\",\"mainEntityOfPage\":{\"@id\":\"https:\\\/\\\/www.revistarambla.com\\\/prolongar-las-centrales-nucleares-en-espana-un-debate-complejo-entre-seguridad-sostenibilidad-y-economia\\\/\"},\"wordCount\":2036,\"publisher\":{\"@id\":\"https:\\\/\\\/www.revistarambla.com\\\/#organization\"},\"image\":{\"@id\":\"https:\\\/\\\/www.revistarambla.com\\\/prolongar-las-centrales-nucleares-en-espana-un-debate-complejo-entre-seguridad-sostenibilidad-y-economia\\\/#primaryimage\"},\"thumbnailUrl\":\"https:\\\/\\\/www.revistarambla.com\\\/wp-content\\\/uploads\\\/2022\\\/09\\\/1024px-Central_Nuclear_dAsco_Tarragona_Catalunya.jpg\",\"articleSection\":[\"Otras Miradas\"],\"inLanguage\":\"en-GB\"},{\"@type\":\"WebPage\",\"@id\":\"https:\\\/\\\/www.revistarambla.com\\\/prolongar-las-centrales-nucleares-en-espana-un-debate-complejo-entre-seguridad-sostenibilidad-y-economia\\\/\",\"url\":\"https:\\\/\\\/www.revistarambla.com\\\/prolongar-las-centrales-nucleares-en-espana-un-debate-complejo-entre-seguridad-sostenibilidad-y-economia\\\/\",\"name\":\"Prolongar las centrales nucleares en Espa\u00f1a: un debate complejo entre seguridad, sostenibilidad y econom\u00eda - Revista Rambla\",\"isPartOf\":{\"@id\":\"https:\\\/\\\/www.revistarambla.com\\\/#website\"},\"primaryImageOfPage\":{\"@id\":\"https:\\\/\\\/www.revistarambla.com\\\/prolongar-las-centrales-nucleares-en-espana-un-debate-complejo-entre-seguridad-sostenibilidad-y-economia\\\/#primaryimage\"},\"image\":{\"@id\":\"https:\\\/\\\/www.revistarambla.com\\\/prolongar-las-centrales-nucleares-en-espana-un-debate-complejo-entre-seguridad-sostenibilidad-y-economia\\\/#primaryimage\"},\"thumbnailUrl\":\"https:\\\/\\\/www.revistarambla.com\\\/wp-content\\\/uploads\\\/2022\\\/09\\\/1024px-Central_Nuclear_dAsco_Tarragona_Catalunya.jpg\",\"datePublished\":\"2025-06-15T19:45:34+00:00\",\"breadcrumb\":{\"@id\":\"https:\\\/\\\/www.revistarambla.com\\\/prolongar-las-centrales-nucleares-en-espana-un-debate-complejo-entre-seguridad-sostenibilidad-y-economia\\\/#breadcrumb\"},\"inLanguage\":\"en-GB\",\"potentialAction\":[{\"@type\":\"ReadAction\",\"target\":[\"https:\\\/\\\/www.revistarambla.com\\\/prolongar-las-centrales-nucleares-en-espana-un-debate-complejo-entre-seguridad-sostenibilidad-y-economia\\\/\"]}]},{\"@type\":\"ImageObject\",\"inLanguage\":\"en-GB\",\"@id\":\"https:\\\/\\\/www.revistarambla.com\\\/prolongar-las-centrales-nucleares-en-espana-un-debate-complejo-entre-seguridad-sostenibilidad-y-economia\\\/#primaryimage\",\"url\":\"https:\\\/\\\/www.revistarambla.com\\\/wp-content\\\/uploads\\\/2022\\\/09\\\/1024px-Central_Nuclear_dAsco_Tarragona_Catalunya.jpg\",\"contentUrl\":\"https:\\\/\\\/www.revistarambla.com\\\/wp-content\\\/uploads\\\/2022\\\/09\\\/1024px-Central_Nuclear_dAsco_Tarragona_Catalunya.jpg\",\"width\":1024,\"height\":681,\"caption\":\"centrales nucleares energ\u00eda nuclear\"},{\"@type\":\"BreadcrumbList\",\"@id\":\"https:\\\/\\\/www.revistarambla.com\\\/prolongar-las-centrales-nucleares-en-espana-un-debate-complejo-entre-seguridad-sostenibilidad-y-economia\\\/#breadcrumb\",\"itemListElement\":[{\"@type\":\"ListItem\",\"position\":1,\"name\":\"Portada\",\"item\":\"https:\\\/\\\/www.revistarambla.com\\\/\"},{\"@type\":\"ListItem\",\"position\":2,\"name\":\"Prolongar las centrales nucleares en Espa\u00f1a: un debate complejo entre seguridad, sostenibilidad y econom\u00eda\"}]},{\"@type\":\"WebSite\",\"@id\":\"https:\\\/\\\/www.revistarambla.com\\\/#website\",\"url\":\"https:\\\/\\\/www.revistarambla.com\\\/\",\"name\":\"Revista Rambla Barcelona\",\"description\":\"Periodismo independiente\",\"publisher\":{\"@id\":\"https:\\\/\\\/www.revistarambla.com\\\/#organization\"},\"potentialAction\":[{\"@type\":\"SearchAction\",\"target\":{\"@type\":\"EntryPoint\",\"urlTemplate\":\"https:\\\/\\\/www.revistarambla.com\\\/?s={search_term_string}\"},\"query-input\":{\"@type\":\"PropertyValueSpecification\",\"valueRequired\":true,\"valueName\":\"search_term_string\"}}],\"inLanguage\":\"en-GB\"},{\"@type\":\"Organization\",\"@id\":\"https:\\\/\\\/www.revistarambla.com\\\/#organization\",\"name\":\"Revista Rambla\",\"url\":\"https:\\\/\\\/www.revistarambla.com\\\/\",\"logo\":{\"@type\":\"ImageObject\",\"inLanguage\":\"en-GB\",\"@id\":\"https:\\\/\\\/www.revistarambla.com\\\/#\\\/schema\\\/logo\\\/image\\\/\",\"url\":\"https:\\\/\\\/www.revistarambla.com\\\/wp-content\\\/uploads\\\/2020\\\/09\\\/banner_rambla_1900x600_BB.png\",\"contentUrl\":\"https:\\\/\\\/www.revistarambla.com\\\/wp-content\\\/uploads\\\/2020\\\/09\\\/banner_rambla_1900x600_BB.png\",\"width\":1900,\"height\":600,\"caption\":\"Revista Rambla\"},\"image\":{\"@id\":\"https:\\\/\\\/www.revistarambla.com\\\/#\\\/schema\\\/logo\\\/image\\\/\"},\"sameAs\":[\"https:\\\/\\\/www.facebook.com\\\/revistarambla\\\/\",\"https:\\\/\\\/x.com\\\/revistarambla\",\"https:\\\/\\\/www.instagram.com\\\/revista_rambla\",\"https:\\\/\\\/es.linkedin.com\\\/company\\\/revista-rambla\"]},{\"@type\":\"Person\",\"@id\":\"https:\\\/\\\/www.revistarambla.com\\\/#\\\/schema\\\/person\\\/a146a5a2550b94981a75131180e1bd9c\",\"name\":\"R@mbla\",\"description\":\"Este art\u00edculo ha sido redactado y\\\/o validado por el equipo de redacci\u00f3n de Revista Rambla.\",\"sameAs\":[\"https:\\\/\\\/www.revistarambla.com\\\/\",\"https:\\\/\\\/www.facebook.com\\\/revistarambla\",\"https:\\\/\\\/x.com\\\/revistarambla\"]}]}<\/script>\n<!-- \/ Yoast SEO plugin. -->","yoast_head_json":{"title":"Prolongar las centrales nucleares en Espa\u00f1a: un debate complejo entre seguridad, sostenibilidad y econom\u00eda - Revista Rambla","robots":{"index":"index","follow":"follow","max-snippet":"max-snippet:-1","max-image-preview":"max-image-preview:large","max-video-preview":"max-video-preview:-1"},"canonical":"https:\/\/www.revistarambla.com\/en\/prolongar-las-centrales-nucleares-en-espana-un-debate-complejo-entre-seguridad-sostenibilidad-y-economia\/","og_locale":"en_GB","og_type":"article","og_title":"Prolongar las centrales nucleares en Espa\u00f1a: un debate complejo entre seguridad, sostenibilidad y econom\u00eda - Revista Rambla","og_description":"La energ\u00eda nuclear en Espa\u00f1a ha sido un pilar fundamental del suministro el\u00e9ctrico durante d\u00e9cadas, aportando en la actualidad cerca del 20% de la electricidad consumida en el pa\u00eds a trav\u00e9s de siete reactores operativos en cinco centrales: Almaraz I y II (C\u00e1ceres), Asc\u00f3 I y II (Tarragona), Vandell\u00f3s II [&hellip;]","og_url":"https:\/\/www.revistarambla.com\/en\/prolongar-las-centrales-nucleares-en-espana-un-debate-complejo-entre-seguridad-sostenibilidad-y-economia\/","og_site_name":"Revista Rambla","article_publisher":"https:\/\/www.facebook.com\/revistarambla\/","article_author":"https:\/\/www.facebook.com\/revistarambla","article_published_time":"2025-06-15T19:45:34+00:00","og_image":[{"width":1024,"height":681,"url":"https:\/\/www.revistarambla.com\/wp-content\/uploads\/2022\/09\/1024px-Central_Nuclear_dAsco_Tarragona_Catalunya.jpg","type":"image\/jpeg"}],"author":"R@mbla","twitter_card":"summary_large_image","twitter_creator":"@revistarambla","twitter_site":"@revistarambla","twitter_misc":{"Written by":"R@mbla","Estimated reading time":"9 minutes"},"schema":{"@context":"https:\/\/schema.org","@graph":[{"@type":"Article","@id":"https:\/\/www.revistarambla.com\/prolongar-las-centrales-nucleares-en-espana-un-debate-complejo-entre-seguridad-sostenibilidad-y-economia\/#article","isPartOf":{"@id":"https:\/\/www.revistarambla.com\/prolongar-las-centrales-nucleares-en-espana-un-debate-complejo-entre-seguridad-sostenibilidad-y-economia\/"},"author":{"name":"R@mbla","@id":"https:\/\/www.revistarambla.com\/#\/schema\/person\/a146a5a2550b94981a75131180e1bd9c"},"headline":"Prolongar las centrales nucleares en Espa\u00f1a: un debate complejo entre seguridad, sostenibilidad y econom\u00eda","datePublished":"2025-06-15T19:45:34+00:00","mainEntityOfPage":{"@id":"https:\/\/www.revistarambla.com\/prolongar-las-centrales-nucleares-en-espana-un-debate-complejo-entre-seguridad-sostenibilidad-y-economia\/"},"wordCount":2036,"publisher":{"@id":"https:\/\/www.revistarambla.com\/#organization"},"image":{"@id":"https:\/\/www.revistarambla.com\/prolongar-las-centrales-nucleares-en-espana-un-debate-complejo-entre-seguridad-sostenibilidad-y-economia\/#primaryimage"},"thumbnailUrl":"https:\/\/www.revistarambla.com\/wp-content\/uploads\/2022\/09\/1024px-Central_Nuclear_dAsco_Tarragona_Catalunya.jpg","articleSection":["Otras Miradas"],"inLanguage":"en-GB"},{"@type":"WebPage","@id":"https:\/\/www.revistarambla.com\/prolongar-las-centrales-nucleares-en-espana-un-debate-complejo-entre-seguridad-sostenibilidad-y-economia\/","url":"https:\/\/www.revistarambla.com\/prolongar-las-centrales-nucleares-en-espana-un-debate-complejo-entre-seguridad-sostenibilidad-y-economia\/","name":"Prolongar las centrales nucleares en Espa\u00f1a: un debate complejo entre seguridad, sostenibilidad y econom\u00eda - Revista Rambla","isPartOf":{"@id":"https:\/\/www.revistarambla.com\/#website"},"primaryImageOfPage":{"@id":"https:\/\/www.revistarambla.com\/prolongar-las-centrales-nucleares-en-espana-un-debate-complejo-entre-seguridad-sostenibilidad-y-economia\/#primaryimage"},"image":{"@id":"https:\/\/www.revistarambla.com\/prolongar-las-centrales-nucleares-en-espana-un-debate-complejo-entre-seguridad-sostenibilidad-y-economia\/#primaryimage"},"thumbnailUrl":"https:\/\/www.revistarambla.com\/wp-content\/uploads\/2022\/09\/1024px-Central_Nuclear_dAsco_Tarragona_Catalunya.jpg","datePublished":"2025-06-15T19:45:34+00:00","breadcrumb":{"@id":"https:\/\/www.revistarambla.com\/prolongar-las-centrales-nucleares-en-espana-un-debate-complejo-entre-seguridad-sostenibilidad-y-economia\/#breadcrumb"},"inLanguage":"en-GB","potentialAction":[{"@type":"ReadAction","target":["https:\/\/www.revistarambla.com\/prolongar-las-centrales-nucleares-en-espana-un-debate-complejo-entre-seguridad-sostenibilidad-y-economia\/"]}]},{"@type":"ImageObject","inLanguage":"en-GB","@id":"https:\/\/www.revistarambla.com\/prolongar-las-centrales-nucleares-en-espana-un-debate-complejo-entre-seguridad-sostenibilidad-y-economia\/#primaryimage","url":"https:\/\/www.revistarambla.com\/wp-content\/uploads\/2022\/09\/1024px-Central_Nuclear_dAsco_Tarragona_Catalunya.jpg","contentUrl":"https:\/\/www.revistarambla.com\/wp-content\/uploads\/2022\/09\/1024px-Central_Nuclear_dAsco_Tarragona_Catalunya.jpg","width":1024,"height":681,"caption":"centrales nucleares energ\u00eda nuclear"},{"@type":"BreadcrumbList","@id":"https:\/\/www.revistarambla.com\/prolongar-las-centrales-nucleares-en-espana-un-debate-complejo-entre-seguridad-sostenibilidad-y-economia\/#breadcrumb","itemListElement":[{"@type":"ListItem","position":1,"name":"Portada","item":"https:\/\/www.revistarambla.com\/"},{"@type":"ListItem","position":2,"name":"Prolongar las centrales nucleares en Espa\u00f1a: un debate complejo entre seguridad, sostenibilidad y econom\u00eda"}]},{"@type":"WebSite","@id":"https:\/\/www.revistarambla.com\/#website","url":"https:\/\/www.revistarambla.com\/","name":"Revista Rambla Barcelona","description":"Periodismo independiente","publisher":{"@id":"https:\/\/www.revistarambla.com\/#organization"},"potentialAction":[{"@type":"SearchAction","target":{"@type":"EntryPoint","urlTemplate":"https:\/\/www.revistarambla.com\/?s={search_term_string}"},"query-input":{"@type":"PropertyValueSpecification","valueRequired":true,"valueName":"search_term_string"}}],"inLanguage":"en-GB"},{"@type":"Organization","@id":"https:\/\/www.revistarambla.com\/#organization","name":"Revista Rambla","url":"https:\/\/www.revistarambla.com\/","logo":{"@type":"ImageObject","inLanguage":"en-GB","@id":"https:\/\/www.revistarambla.com\/#\/schema\/logo\/image\/","url":"https:\/\/www.revistarambla.com\/wp-content\/uploads\/2020\/09\/banner_rambla_1900x600_BB.png","contentUrl":"https:\/\/www.revistarambla.com\/wp-content\/uploads\/2020\/09\/banner_rambla_1900x600_BB.png","width":1900,"height":600,"caption":"Revista Rambla"},"image":{"@id":"https:\/\/www.revistarambla.com\/#\/schema\/logo\/image\/"},"sameAs":["https:\/\/www.facebook.com\/revistarambla\/","https:\/\/x.com\/revistarambla","https:\/\/www.instagram.com\/revista_rambla","https:\/\/es.linkedin.com\/company\/revista-rambla"]},{"@type":"Person","@id":"https:\/\/www.revistarambla.com\/#\/schema\/person\/a146a5a2550b94981a75131180e1bd9c","name":"R@mbla","description":"Este art\u00edculo ha sido redactado y\/o validado por el equipo de redacci\u00f3n de Revista Rambla.","sameAs":["https:\/\/www.revistarambla.com\/","https:\/\/www.facebook.com\/revistarambla","https:\/\/x.com\/revistarambla"]}]}},"_links":{"self":[{"href":"https:\/\/www.revistarambla.com\/en\/wp-json\/wp\/v2\/posts\/65496","targetHints":{"allow":["GET"]}}],"collection":[{"href":"https:\/\/www.revistarambla.com\/en\/wp-json\/wp\/v2\/posts"}],"about":[{"href":"https:\/\/www.revistarambla.com\/en\/wp-json\/wp\/v2\/types\/post"}],"author":[{"embeddable":true,"href":"https:\/\/www.revistarambla.com\/en\/wp-json\/wp\/v2\/users\/3"}],"replies":[{"embeddable":true,"href":"https:\/\/www.revistarambla.com\/en\/wp-json\/wp\/v2\/comments?post=65496"}],"version-history":[{"count":1,"href":"https:\/\/www.revistarambla.com\/en\/wp-json\/wp\/v2\/posts\/65496\/revisions"}],"predecessor-version":[{"id":65497,"href":"https:\/\/www.revistarambla.com\/en\/wp-json\/wp\/v2\/posts\/65496\/revisions\/65497"}],"wp:featuredmedia":[{"embeddable":true,"href":"https:\/\/www.revistarambla.com\/en\/wp-json\/wp\/v2\/media\/46765"}],"wp:attachment":[{"href":"https:\/\/www.revistarambla.com\/en\/wp-json\/wp\/v2\/media?parent=65496"}],"wp:term":[{"taxonomy":"category","embeddable":true,"href":"https:\/\/www.revistarambla.com\/en\/wp-json\/wp\/v2\/categories?post=65496"},{"taxonomy":"post_tag","embeddable":true,"href":"https:\/\/www.revistarambla.com\/en\/wp-json\/wp\/v2\/tags?post=65496"}],"curies":[{"name":"wp","href":"https:\/\/api.w.org\/{rel}","templated":true}]}}