{"id":65494,"date":"2025-06-15T21:39:25","date_gmt":"2025-06-15T19:39:25","guid":{"rendered":"https:\/\/www.revistarambla.com\/?p=65494"},"modified":"2025-06-15T21:39:25","modified_gmt":"2025-06-15T19:39:25","slug":"otan-a-puro-fusil-y-garrote","status":"publish","type":"post","link":"https:\/\/www.revistarambla.com\/en\/otan-a-puro-fusil-y-garrote\/","title":{"rendered":"OTAN, a puro fusil y garrote"},"content":{"rendered":"<p class=\"x_1470513794ydp78d82f46yiv7279007475ydp93fa6fd9yiv6918613616ydpf6e4947cMsoNormal\"><span lang=\"ES\">Soplan vientos militaristas de un tsunami unipolar que puede reducir el planeta a puros escombros. En muy pocos d\u00edas en La Haya desenfundar\u00e1n garrotes y afilar\u00e1n cuchillos. La cita es el 24 y el 25 de junio, en el local del Foro Mundial de La Haya, Pa\u00edses Bajos, en una ciudad militarizada (todo un s\u00edmbolo) y controlada por al menos 27 mil efectivos de distintas fuerzas y para la cual el gobierno destina 95 millones de euros. Los actores, los representantes de los 32 pa\u00edses que integran la Organizaci\u00f3n de la Alianza del Tratado del Norte (OTAN), as\u00ed como una decena de sus \u201csocios globales\u201d. El objetivo, multiplicar los presupuestos militares de todos sus Estados miembros en una escalada b\u00e9lica que la Alianza justifica mirando de frente a Rusia y de reojo a China.<\/span><\/p>\n<p class=\"x_1470513794ydp78d82f46yiv7279007475ydp93fa6fd9yiv6918613616ydpf6e4947cMsoNormal\"><span lang=\"ES\">Aunque para nada novedosa, ya que lo viene repitiendo desde hace meses, la ponencia m\u00e1s reciente de <\/span><span lang=\"ES\">Mark Rutte, secretario general de la OTAN, el 9 de junio en el Chatham House de Londres, actualiza las perspectivas de esta organizaci\u00f3n y anticipa los objetivos de dicha Cumbre. Esencialmente, aprobar lo que Rutte define como el plan para transformar la Alianza y \u201cconstruir una OTAN mejor\u2026 <\/span><span lang=\"ES\">m\u00e1s fuerte, m\u00e1s justa y m\u00e1s letal. Para que podamos seguir manteniendo a nuestra gente a salvo y a nuestros adversarios a raya\u201d (<\/span><i><span lang=\"ES\"><a href=\"https:\/\/www.nato.int\/cps\/en\/natohq\/opinions_235867.htm\" target=\"_blank\" rel=\"nofollow noopener\">https:\/\/www.nato.int\/cps\/en\/natohq\/opinions_235867.htm<\/a><\/span><\/i><span lang=\"ES\">).<\/span><\/p>\n<p class=\"x_1470513794ydp78d82f46yiv7279007475ydp93fa6fd9yiv6918613616ydpf6e4947cMsoNormal\"><span lang=\"ES\">Rutte, l\u00edder del derechista Partido Popular por la Libertad y la Democracia de su pa\u00eds entre 2006 y 2023 y primer ministro durante catorce a\u00f1os (2010-2024), analiza de forma tan simplista como lineal la geopol\u00edtica mundial: \u201cDebido a Rusia, la guerra ha regresado a Europa. Tambi\u00e9n nos enfrentamos con la amenaza del terrorismo y una feroz competencia global\u201d. Y acota que Rusia se ha aliado con China, Corea del Norte e Ir\u00e1n, y que todos ellos \u201cest\u00e1n expandiendo sus fuerzas armadas y sus capacidades\u201d. En t\u00e9rminos de municiones, afirma, Rusia produce en tres meses lo que la OTAN produce en un a\u00f1o y se calcula que su base industrial para la defensa fabrique 1.500 tanques, 3.000 veh\u00edculos blindados y 200 misiles Iskander s\u00f3lo en 2025. Seg\u00fan Rutte, \u201cRusia podr\u00eda estar lista para usar la fuerza militar contra la OTAN dentro de cinco a\u00f1os\u201d.<\/span><\/p>\n<p class=\"x_1470513794ydp78d82f46yiv7279007475ydp93fa6fd9yiv6918613616ydpf6e4947cMsoNormal\"><span lang=\"ES\">Hoy reconvertido en secretario de la Alianza, Mark Rutte argumenta que China tambi\u00e9n est\u00e1 modernizando y ampliando su ej\u00e9rcito a un ritmo vertiginoso: \u201cYa cuenta con la armada m\u00e1s grande del mundo. Y se espera que su fuerza de combate aumente a 435 buques para 2030. Est\u00e1 reforzando su arsenal nuclear. Su objetivo es contar con m\u00e1s de 1.000 ojivas nucleares operativas hacia 2030\u201d. Y advierte que \u201cquienes se oponen a la libertad y la democracia se atrincheran. Se preparan para una confrontaci\u00f3n a largo plazo. Y tratan de dominarnos y dividirnos\u201d. La conclusi\u00f3n de Rutte es contundente: \u201cYa no hay Este ni Oeste: s\u00f3lo existe la OTAN\u201d.<\/span><\/p>\n<p class=\"x_1470513794ydp78d82f46yiv7279007475ydp93fa6fd9yiv6918613616ydpf6e4947cMsoNormal\"><b><span lang=\"ES\">Plan apocal\u00edptico<\/span><\/b><\/p>\n<p class=\"x_1470513794ydp78d82f46yiv7279007475ydp93fa6fd9yiv6918613616ydpf6e4947cMsoNormal\"><span lang=\"ES\">Para el secretario general de la OTAN no hay duda de que \u201cuna OTAN m\u00e1s fuerte significa gastar mucho m\u00e1s en nuestra defensa\u201d. Y asegura que hacia fines de 2025 todos los pa\u00edses miembros de su organizaci\u00f3n alcanzar\u00e1n su objetivo inicial de destinar el 2% de su Producto Interno Bruto (PIB) para la defensa &#8211;objetivo que se ajusta a la promesa ya consensuada en 2014 durante la Cumbre de la Alianza en Newport, Gales. Aunque en esa ocasi\u00f3n dicho consenso no fue vinculante, es decir, de car\u00e1cter obligatorio. <\/span><\/p>\n<p class=\"x_1470513794ydp78d82f46yiv7279007475ydp93fa6fd9yiv6918613616ydpf6e4947cMsoNormal\"><span lang=\"ES\">\u201cAhora tenemos un plan concreto para el futuro\u201d, afirma Rutte, y agrega que \u201csabemos qu\u00e9 necesitamos y sabemos qu\u00e9 hacer\u201d. Amplificando las nuevas exigencias del Gobierno Trump, Rutte espera que en la Cumbre de La Haya los l\u00edderes aliados acuerden destinar a mediano plazo el 5% del PIB de sus respectivos presupuestos nacionales a la defensa. \u201cSer\u00e1 un compromiso de toda la OTAN y un momento decisivo para la Alianza\u201d, anticipa Rutte. <\/span><\/p>\n<p class=\"x_1470513794ydp78d82f46yiv7279007475ydp93fa6fd9yiv6918613616ydpf6e4947cMsoNormal\"><span lang=\"ES\">Su plan consta de dos partes: un 3,5 % de esos aportes se destinar\u00e1 a lo que \u00e9l considera necesidades militares b\u00e1sicas. El resto, a inversiones relacionadas con la defensa y la seguridad, incluyendo infraestructura y el desarrollo de la capacidad industrial. Este programa, con propuestas que Rutte considera ya como \u201cdecisiones\u201d, se basa en los planes de batalla y los objetivos de capacidad de la Alianza, es decir, el volumen de fuerzas y capacidades que se espera de sus aliados. Rutte es contundente: \u201cLos detalles exactos son confidenciales, pero necesitamos un aumento del 400% en la defensa a\u00e9rea y antimisiles\u2026 Nuestros ej\u00e9rcitos tambi\u00e9n necesitan miles de veh\u00edculos blindados y tanques adicionales. Millones de proyectiles de artiller\u00eda adicionales. Y debemos duplicar nuestras capacidades de apoyo, como la log\u00edstica, el suministro, el transporte y el apoyo m\u00e9dico. Los aliados invertir\u00e1n en m\u00e1s buques de guerra y aeronaves. Por ejemplo, adquirir\u00e1n al menos 700 aviones de combate F-35 [de la multinacional de origen estadounidense Lockheed Martin]. Tambi\u00e9n invertiremos en m\u00e1s drones y sistemas de misiles de largo alcance. Y aumentaremos nuestra inversi\u00f3n en capacidades espaciales y cibern\u00e9ticas\u201d.<\/span><b><span lang=\"ES\">\u00a0<\/span><\/b><\/p>\n<p class=\"x_1470513794ydp78d82f46yiv7279007475ydp93fa6fd9yiv6918613616ydpf6e4947cMsoNormal\"><b><span lang=\"ES\">La otra mirada<\/span><\/b><\/p>\n<p class=\"x_1470513794ydp78d82f46yiv7279007475ydp93fa6fd9yiv6918613616ydpf6e4947cMsoNormal\"><span lang=\"ES\">El movimiento pacifista mundial desde hace tiempo se opone muy cr\u00edticamente a la OTAN, a la que define como una alianza militar que fundamenta su raz\u00f3n de ser en el uso (o la amenaza) de la violencia. Varios de sus principales organizaciones asociadas que conforman la <\/span><span lang=\"ES\">Coalici\u00f3n de la Contracumbre por la Paz y la Justicia<\/span><span lang=\"ES\"> convocan en La Haya, el 21 y 22 de junio, a<\/span><span lang=\"ES\"> una iniciativa mixta de reflexi\u00f3n y movilizaci\u00f3n.\u00a0Esta coalici\u00f3n, compuesta por organizaciones y activistas que se oponen a la militarizaci\u00f3n de Europa y del mundo, afirma que mientras \u201clos l\u00edderes de la OTAN planean un mayor gasto en defensa, se escucha un contundente contramensaje: los miles de millones gastados en armas agravan la inseguridad, socavan la justicia social y aceleran la crisis clim\u00e1tica\u201d. <\/span><\/p>\n<p class=\"x_1470513794ydp78d82f46yiv7279007475ydp93fa6fd9yiv6918613616ydpf6e4947cMsoNormal\"><span lang=\"ES\">Como lo se\u00f1ala el Transnational Institute (TNI), con sede en Amsterdan, Holanda, uno de los promotores de esta iniciativa, \u201c<\/span><span lang=\"ES\">los d\u00edas previos a la cumbre de la OTAN la coalici\u00f3n busca amplificar una voz cr\u00edtica y alternativa\u201d. Mediante mesas redondas, talleres y conferencias, este evento contestatario \u201cexplorar\u00e1 los riesgos del enfoque militarizado de la OTAN y promover\u00e1 v\u00edas hacia una paz sostenible y justa\u201d. El evento culminar\u00e1 con una manifestaci\u00f3n en las calles contra la cumbre de la Alianza (<\/span><i><span lang=\"ES\"><a href=\"https:\/\/www.tni.org\/en\/article\/nato-summit-2025-counter-summit-21-22-june-the-hague\" target=\"_blank\" rel=\"nofollow noopener\">https:\/\/www.tni.org\/en\/article\/nato-summit-2025-counter-summit-21-22-june-the-hague<\/a><\/span><\/i><span lang=\"ES\">).<\/span><\/p>\n<p class=\"x_1470513794ydp78d82f46yiv7279007475ydp93fa6fd9yiv6918613616ydpf6e4947cMsoNormal\"><span lang=\"ES\">El propio TNI acaba de publicar el documento <i>STOP a la Cumbre de la Guerra de la OTAN, <\/i>elaborado por tres organizaciones especializadas. El mismo analiza, entre otros temas, las diversas \u201cformas como la OTAN contribuye concretamente a aumentar la inseguridad, obstaculizar una paz sostenible y mantener la injusticia\u201d.<\/span><\/p>\n<p class=\"x_1470513794ydp78d82f46yiv7279007475ydp93fa6fd9yiv6918613616ydpf6e4947cMsoNormal\"><span lang=\"ES\">Entre sus argumentos, el TNI se\u00f1ala que la opci\u00f3n de la alianza militar por la violencia deja en un segundo plano \u201cotros \u00e1ngulos y v\u00edas, como la diplomacia, la prevenci\u00f3n de conflictos y el di\u00e1logo\u201d. Recuerda que la OTAN se centra en los intereses de sus Estados miembros, lo que \u201cva m\u00e1s all\u00e1 de la defensa colectiva del territorio com\u00fan\u201d. Y sostiene que busca mantener y ampliar la (poderosa) posici\u00f3n de los pa\u00edses de la OTAN a nivel mundial y la competencia con sus competidores geopol\u00edticos (China y Rusia), as\u00ed como garantizar el acceso a las materias primas (f\u00f3siles). En este sentido, se\u00f1ala el documento del TNI, la OTAN constituye \u201cprincipalmente, el brazo militar del capitalismo occidental\u201d.<\/span><\/p>\n<p class=\"x_1470513794ydp78d82f46yiv7279007475ydp93fa6fd9yiv6918613616ydpf6e4947cMsoNormal\"><span lang=\"ES\">El documento del TNI<i> <\/i>recuerda que las guerras y otras operaciones militares en las que participa la OTAN \u201ccausan muchas muertes, heridas, traumas, destrucci\u00f3n y da\u00f1os medioambientales\u201d y que \u201cpa\u00edses como Afganist\u00e1n, Irak y Libia quedan en ruinas y son un coto de caza para las empresas occidentales en \u00e1mbitos como la reconstrucci\u00f3n, la explotaci\u00f3n de materias primas y la seguridad\u201d. Por otra parte, sostiene que la expansi\u00f3n y el escudo antimisiles aumentan las tensiones. Tras el final de la Guerra Fr\u00eda, cuando muchos pa\u00edses del antiguo Pacto de Varsovia se unieron a la OTAN, Rusia percibi\u00f3 esa expansi\u00f3n hacia el oeste como una amenaza. La retirada de Estados Unidos del Tratado de Misiles Antibal\u00edsticos con Rusia y la construcci\u00f3n de un escudo antimisiles aumentaron las tensiones. La aceptaci\u00f3n de Ucrania como candidato potencial a la OTAN es se\u00f1alada como una de las causas de la invasi\u00f3n rusa.<\/span><\/p>\n<p class=\"x_1470513794ydp78d82f46yiv7279007475ydp93fa6fd9yiv6918613616ydpf6e4947cMsoNormal\"><span lang=\"ES\">El TNI sostiene que, en lugar de presionar por el desarme nuclear, \u201cla posibilidad de desplegar armas nucleares constituye una parte central de la estrategia militar de la OTAN\u201d, a sabiendas de que \u201clas armas nucleares son las m\u00e1s destructivas del mundo\u201d. A nivel clim\u00e1tico, argumenta el documento publicado por el TNI, los efectos nocivos de dicha estrategia militarista son notables debido a que \u201cel complejo militar-industrial contribuye significativamente a las emisiones de gases de efecto invernadero, con un 5,5% del total mundial\u201d. Por otra parte, dicho complejo \u201cest\u00e1 al margen de todos los acuerdos clim\u00e1ticos\u201d. Con respecto a la expansi\u00f3n territorial de la OTAN, el TNI habla de \u201cla militarizaci\u00f3n de las fronteras exteriores de Europa, en los mares Mediterr\u00e1neo y Egeo\u201d y alega que \u201cesta vigilancia fronteriza contribuye a la violencia y a las violaciones de los derechos humanos contra los refugiados y les obliga a utilizar rutas m\u00e1s peligrosas y los servicios de los contrabandistas de personas\u201d.<\/p>\n<p>Por \u00faltimo, el TNI responsabiliza a la OTAN de despilfarrar dineros al sostener la industria armament\u00edstica, estimular el desarrollo de nuevas armas y tecnolog\u00edas militares y promover la expansi\u00f3n de las capacidades de producci\u00f3n de armas. Y denuncia el apoyo de la OTAN a reg\u00edmenes autoritarios, ya que, con el fin de promover sus intereses, coopera frecuentemente con otros pa\u00edses socios, pero sin prestarle demasiada atenci\u00f3n a la naturaleza de algunos de esos gobiernos, tal es el caso de Egipto, Kazajst\u00e1n, Pakist\u00e1n, Tayikist\u00e1n y los Emiratos \u00c1rabes Unidos, as\u00ed como de Israel, un aliado importante, a pesar de a\u00f1os de violencia, ocupaci\u00f3n y opresi\u00f3n israel\u00ed contra el pueblo palestino.<\/span><\/p>\n<p class=\"x_1470513794ydp78d82f46yiv7279007475ydp93fa6fd9yiv6918613616ydpf6e4947cMsoNormal\"><b><span lang=\"ES\">Voces antimilitaristas<br \/>\n<\/span><\/b><\/p>\n<p class=\"x_1470513794ydp78d82f46yiv7279007475ydp93fa6fd9yiv6918613616ydpf6e4947cMsoNormal\"><span lang=\"ES\">Las cr\u00edticas y las iniciativas disidentes contra la pol\u00edtica oficial de Europa y la OTAN se multiplican. Por ejemplo, el <\/span><i><span lang=\"ES\">Llamamiento unitario contra el rearme europeo y la continuidad de la OTAN<\/span><\/i><span lang=\"ES\">, promovido por organizaciones ecologistas, de derechos humanos, pacifistas y de desarrollo, principalmente de Espa\u00f1a, aunque no solo de ese pa\u00eds (<\/span><i><span lang=\"ES\"><a href=\"https:\/\/mundoobrero.es\/2025\/05\/10\/llamamiento-unitario-contra-el-rearme-europeo-y-la-continuidad-de-la-otan\/\" target=\"_blank\" rel=\"nofollow noopener\">https:\/\/mundoobrero.es\/2025\/05\/10\/llamamiento-unitario-contra-el-rearme-europeo-y-la-continuidad-de-la-otan\/<\/a><\/span><\/i><span lang=\"ES\">).<\/span><\/p>\n<p class=\"x_1470513794ydp78d82f46yiv7279007475ydp93fa6fd9yiv6918613616ydpf6e4947cMsoNormal\"><span lang=\"ES\">Esta iniciativa <\/span><span lang=\"ES\">considera que la Alianza Atl\u00e1ntica forma parte de un sistema de seguridad \u201cque ha contravenido de forma reiterada la Carta de las Naciones Unidas, generando m\u00e1s inseguridad en diversas zonas geogr\u00e1ficas del mundo\u201d. Se opone al \u201cactual despliegue militar estadounidense de 750 bases en m\u00e1s de 80 pa\u00edses\u201d. Expresa su preocupaci\u00f3n por \u201cla existencia de un arsenal de armas de destrucci\u00f3n masiva, especialmente nucleares, que pone en riesgo la existencia de la humanidad y de la vida en el planeta\u201d. Se rebela contra las \u201cguerras comerciales impuestas por las \u00e9lites econ\u00f3micas en beneficio propio y en contra de los intereses de las mayor\u00edas sociales a escala global\u201d. Y se pronuncia a favor de un sistema de seguridad basado en el fomento de la confianza y la cooperaci\u00f3n entre pa\u00edses e interesado en dar respuesta a amenazas globales como el hambre, la desnutrici\u00f3n, la pobreza, la desigualdad, la enfermedad, el desempleo, la emergencia clim\u00e1tica, las armas de destrucci\u00f3n masiva, el irrespeto por los derechos humanos y el incumplimiento sistem\u00e1tico del derecho internacional.<\/span><\/p>\n<p class=\"x_1470513794ydp78d82f46yiv7279007475ydp93fa6fd9yiv6918613616ydpf6e4947cMsoNormal\"><span lang=\"ES\">Otra iniciativa, , la Campa\u00f1a <i>Stop al rearme. Bienestar social en lugar de guerra<\/i>, busca convertirse en un movimiento continental. Como lo afirman sus promotores, \u201cnos oponemos a los planes de la Uni\u00f3n Europea de gastar 800.000 millones de euros adicionales en armas\u201d. Y agrega: \u201cSer\u00e1n 800.000 millones de euros robados. Robados de los servicios sociales, la sanidad, la educaci\u00f3n, el trabajo, la consolidaci\u00f3n de la paz, la cooperaci\u00f3n internacional, una transici\u00f3n justa y la justicia clim\u00e1tica [y que] solo beneficiar\u00e1 a los fabricantes de armas de Europa, Estados Unidos y otros pa\u00edses\u201d.<\/span><\/p>\n<p class=\"x_1470513794ydp78d82f46yiv7279007475ydp93fa6fd9yiv6918613616ydpf6e4947cMsoNormal\"><span lang=\"ES\">Concepto que ratifica Jordi Calvo, coordinador del Centro Del\u00e0s de Estudios por la Paz que tiene su sede central en Barcelona y presencia en otras ciudades del Estado Espa\u00f1ol y que es signatario del <i>Llamamiento unitario<\/i> y miembro de <i>Stop al rearme<\/i>. \u201cEl pretendido incremento que propone la OTAN al 5% busca aumentar el dinero disponible para la industria militar\u201d, se\u00f1ala Calvo. E insiste en que \u201clas armas que se comprar\u00e1n con los aumentos propuestos ser\u00e1n sobre todo de EEUU, el principal impulsor y beneficiario\u201d. Jordi Calvo define como prioridad del movimiento por la paz, desarrollar \u201cuna visi\u00f3n cr\u00edtica de las propuestas militaristas de la OTAN que pueden haber sido determinantes para que la guerra volviera a Europa\u201d. <\/span><\/p>\n<p class=\"x_1470513794ydp78d82f46yiv7279007475ydp93fa6fd9yiv6918613616ydpf6e4947cMsoNormal\">Guerra o paz. <span lang=\"ES\">OTAN o el freno a la militarizaci\u00f3n. Una Europa en ebullici\u00f3n (con decenas de actividades cuestionadoras como otra contracumbre a realizarse en Bruselas y una Conferencia por la Paz en Madrid) propone un debate de fondo de sociedad. El poder (Gobiernos, la misma OTAN) buscan avanzar linealmente, sin consulta alguna, amurallando al Viejo Mundo y lanz\u00e1ndolo a la aventura b\u00e9lica. Importantes sectores sociales levantan el tono, cuestionan, apuestan a otra construcci\u00f3n de la seguridad continental y, sobre todo, recuerdan los estragos y el alto precio que la Europa contempor\u00e1nea ha tenido que pagar por sus propias guerras durante las \u00faltimas once d\u00e9cadas y a partir de un muy nefasto 28 de julio de 1914.<\/span><\/p>\n","protected":false},"excerpt":{"rendered":"<p>A las puertas de la Cumbre en La Haya<\/p>","protected":false},"author":24,"featured_media":41680,"comment_status":"closed","ping_status":"closed","sticky":false,"template":"","format":"standard","meta":{"footnotes":""},"categories":[4108],"tags":[],"class_list":["post-65494","post","type-post","status-publish","format-standard","has-post-thumbnail","hentry","category-el-apunte-de-sergio-ferrari"],"yoast_head":"<!-- This site is optimized with the Yoast SEO plugin v27.5 - https:\/\/yoast.com\/product\/yoast-seo-wordpress\/ -->\n<title>OTAN, a puro fusil y garrote - Revista Rambla<\/title>\n<meta name=\"robots\" content=\"index, follow, max-snippet:-1, max-image-preview:large, max-video-preview:-1\" \/>\n<link rel=\"canonical\" href=\"https:\/\/www.revistarambla.com\/en\/otan-a-puro-fusil-y-garrote\/\" \/>\n<meta property=\"og:locale\" content=\"en_GB\" \/>\n<meta property=\"og:type\" content=\"article\" \/>\n<meta property=\"og:title\" content=\"OTAN, a puro fusil y garrote - Revista Rambla\" \/>\n<meta property=\"og:description\" content=\"A las puertas de la Cumbre en La Haya\" \/>\n<meta property=\"og:url\" content=\"https:\/\/www.revistarambla.com\/en\/otan-a-puro-fusil-y-garrote\/\" \/>\n<meta property=\"og:site_name\" content=\"Revista Rambla\" \/>\n<meta property=\"article:publisher\" content=\"https:\/\/www.facebook.com\/revistarambla\/\" \/>\n<meta property=\"article:author\" content=\"https:\/\/www.facebook.com\/sergio.ferrari.9655\" \/>\n<meta property=\"article:published_time\" content=\"2025-06-15T19:39:25+00:00\" \/>\n<meta property=\"og:image\" content=\"https:\/\/www.revistarambla.com\/wp-content\/uploads\/2022\/04\/AOTAN-BANDERAS-CUMBRE-MADRID.jpg\" \/>\n\t<meta property=\"og:image:width\" content=\"1860\" \/>\n\t<meta property=\"og:image:height\" content=\"1125\" \/>\n\t<meta property=\"og:image:type\" content=\"image\/jpeg\" \/>\n<meta name=\"author\" content=\"Sergio Ferrari\" \/>\n<meta name=\"twitter:card\" content=\"summary_large_image\" \/>\n<meta name=\"twitter:creator\" content=\"@SergiooFerrari\" \/>\n<meta name=\"twitter:site\" content=\"@revistarambla\" \/>\n<meta name=\"twitter:label1\" content=\"Written by\" \/>\n\t<meta name=\"twitter:data1\" content=\"Sergio Ferrari\" \/>\n\t<meta name=\"twitter:label2\" content=\"Estimated reading time\" \/>\n\t<meta name=\"twitter:data2\" content=\"11 minutes\" \/>\n<script type=\"application\/ld+json\" class=\"yoast-schema-graph\">{\"@context\":\"https:\\\/\\\/schema.org\",\"@graph\":[{\"@type\":\"Article\",\"@id\":\"https:\\\/\\\/www.revistarambla.com\\\/otan-a-puro-fusil-y-garrote\\\/#article\",\"isPartOf\":{\"@id\":\"https:\\\/\\\/www.revistarambla.com\\\/otan-a-puro-fusil-y-garrote\\\/\"},\"author\":{\"name\":\"Sergio Ferrari\",\"@id\":\"https:\\\/\\\/www.revistarambla.com\\\/#\\\/schema\\\/person\\\/339e2410a25811f9912d8a8551fa5d96\"},\"headline\":\"OTAN, a puro fusil y garrote\",\"datePublished\":\"2025-06-15T19:39:25+00:00\",\"mainEntityOfPage\":{\"@id\":\"https:\\\/\\\/www.revistarambla.com\\\/otan-a-puro-fusil-y-garrote\\\/\"},\"wordCount\":2326,\"publisher\":{\"@id\":\"https:\\\/\\\/www.revistarambla.com\\\/#organization\"},\"image\":{\"@id\":\"https:\\\/\\\/www.revistarambla.com\\\/otan-a-puro-fusil-y-garrote\\\/#primaryimage\"},\"thumbnailUrl\":\"https:\\\/\\\/www.revistarambla.com\\\/wp-content\\\/uploads\\\/2022\\\/04\\\/AOTAN-BANDERAS-CUMBRE-MADRID.jpg\",\"articleSection\":[\"El Apunte\"],\"inLanguage\":\"en-GB\"},{\"@type\":\"WebPage\",\"@id\":\"https:\\\/\\\/www.revistarambla.com\\\/otan-a-puro-fusil-y-garrote\\\/\",\"url\":\"https:\\\/\\\/www.revistarambla.com\\\/otan-a-puro-fusil-y-garrote\\\/\",\"name\":\"OTAN, a puro fusil y garrote - Revista Rambla\",\"isPartOf\":{\"@id\":\"https:\\\/\\\/www.revistarambla.com\\\/#website\"},\"primaryImageOfPage\":{\"@id\":\"https:\\\/\\\/www.revistarambla.com\\\/otan-a-puro-fusil-y-garrote\\\/#primaryimage\"},\"image\":{\"@id\":\"https:\\\/\\\/www.revistarambla.com\\\/otan-a-puro-fusil-y-garrote\\\/#primaryimage\"},\"thumbnailUrl\":\"https:\\\/\\\/www.revistarambla.com\\\/wp-content\\\/uploads\\\/2022\\\/04\\\/AOTAN-BANDERAS-CUMBRE-MADRID.jpg\",\"datePublished\":\"2025-06-15T19:39:25+00:00\",\"breadcrumb\":{\"@id\":\"https:\\\/\\\/www.revistarambla.com\\\/otan-a-puro-fusil-y-garrote\\\/#breadcrumb\"},\"inLanguage\":\"en-GB\",\"potentialAction\":[{\"@type\":\"ReadAction\",\"target\":[\"https:\\\/\\\/www.revistarambla.com\\\/otan-a-puro-fusil-y-garrote\\\/\"]}]},{\"@type\":\"ImageObject\",\"inLanguage\":\"en-GB\",\"@id\":\"https:\\\/\\\/www.revistarambla.com\\\/otan-a-puro-fusil-y-garrote\\\/#primaryimage\",\"url\":\"https:\\\/\\\/www.revistarambla.com\\\/wp-content\\\/uploads\\\/2022\\\/04\\\/AOTAN-BANDERAS-CUMBRE-MADRID.jpg\",\"contentUrl\":\"https:\\\/\\\/www.revistarambla.com\\\/wp-content\\\/uploads\\\/2022\\\/04\\\/AOTAN-BANDERAS-CUMBRE-MADRID.jpg\",\"width\":1860,\"height\":1125,\"caption\":\"bandera otan occidente\"},{\"@type\":\"BreadcrumbList\",\"@id\":\"https:\\\/\\\/www.revistarambla.com\\\/otan-a-puro-fusil-y-garrote\\\/#breadcrumb\",\"itemListElement\":[{\"@type\":\"ListItem\",\"position\":1,\"name\":\"Portada\",\"item\":\"https:\\\/\\\/www.revistarambla.com\\\/\"},{\"@type\":\"ListItem\",\"position\":2,\"name\":\"OTAN, a puro fusil y garrote\"}]},{\"@type\":\"WebSite\",\"@id\":\"https:\\\/\\\/www.revistarambla.com\\\/#website\",\"url\":\"https:\\\/\\\/www.revistarambla.com\\\/\",\"name\":\"Revista Rambla Barcelona\",\"description\":\"Periodismo independiente\",\"publisher\":{\"@id\":\"https:\\\/\\\/www.revistarambla.com\\\/#organization\"},\"potentialAction\":[{\"@type\":\"SearchAction\",\"target\":{\"@type\":\"EntryPoint\",\"urlTemplate\":\"https:\\\/\\\/www.revistarambla.com\\\/?s={search_term_string}\"},\"query-input\":{\"@type\":\"PropertyValueSpecification\",\"valueRequired\":true,\"valueName\":\"search_term_string\"}}],\"inLanguage\":\"en-GB\"},{\"@type\":\"Organization\",\"@id\":\"https:\\\/\\\/www.revistarambla.com\\\/#organization\",\"name\":\"Revista Rambla\",\"url\":\"https:\\\/\\\/www.revistarambla.com\\\/\",\"logo\":{\"@type\":\"ImageObject\",\"inLanguage\":\"en-GB\",\"@id\":\"https:\\\/\\\/www.revistarambla.com\\\/#\\\/schema\\\/logo\\\/image\\\/\",\"url\":\"https:\\\/\\\/www.revistarambla.com\\\/wp-content\\\/uploads\\\/2020\\\/09\\\/banner_rambla_1900x600_BB.png\",\"contentUrl\":\"https:\\\/\\\/www.revistarambla.com\\\/wp-content\\\/uploads\\\/2020\\\/09\\\/banner_rambla_1900x600_BB.png\",\"width\":1900,\"height\":600,\"caption\":\"Revista Rambla\"},\"image\":{\"@id\":\"https:\\\/\\\/www.revistarambla.com\\\/#\\\/schema\\\/logo\\\/image\\\/\"},\"sameAs\":[\"https:\\\/\\\/www.facebook.com\\\/revistarambla\\\/\",\"https:\\\/\\\/x.com\\\/revistarambla\",\"https:\\\/\\\/www.instagram.com\\\/revista_rambla\",\"https:\\\/\\\/es.linkedin.com\\\/company\\\/revista-rambla\"]},{\"@type\":\"Person\",\"@id\":\"https:\\\/\\\/www.revistarambla.com\\\/#\\\/schema\\\/person\\\/339e2410a25811f9912d8a8551fa5d96\",\"name\":\"Sergio Ferrari\",\"description\":\"Periodista argentino radicado en Berna, Suiza. Acreditado ante el Gobierno suizo. Colaborador regular de numerosos medios latinoamericanos y europeos.\",\"sameAs\":[\"https:\\\/\\\/www.voltairenet.org\\\/auteur120173.html?lang=es\",\"https:\\\/\\\/www.facebook.com\\\/sergio.ferrari.9655\",\"https:\\\/\\\/x.com\\\/SergiooFerrari\"]}]}<\/script>\n<!-- \/ Yoast SEO plugin. -->","yoast_head_json":{"title":"OTAN, a puro fusil y garrote - Revista Rambla","robots":{"index":"index","follow":"follow","max-snippet":"max-snippet:-1","max-image-preview":"max-image-preview:large","max-video-preview":"max-video-preview:-1"},"canonical":"https:\/\/www.revistarambla.com\/en\/otan-a-puro-fusil-y-garrote\/","og_locale":"en_GB","og_type":"article","og_title":"OTAN, a puro fusil y garrote - Revista Rambla","og_description":"A las puertas de la Cumbre en La Haya","og_url":"https:\/\/www.revistarambla.com\/en\/otan-a-puro-fusil-y-garrote\/","og_site_name":"Revista Rambla","article_publisher":"https:\/\/www.facebook.com\/revistarambla\/","article_author":"https:\/\/www.facebook.com\/sergio.ferrari.9655","article_published_time":"2025-06-15T19:39:25+00:00","og_image":[{"width":1860,"height":1125,"url":"https:\/\/www.revistarambla.com\/wp-content\/uploads\/2022\/04\/AOTAN-BANDERAS-CUMBRE-MADRID.jpg","type":"image\/jpeg"}],"author":"Sergio Ferrari","twitter_card":"summary_large_image","twitter_creator":"@SergiooFerrari","twitter_site":"@revistarambla","twitter_misc":{"Written by":"Sergio Ferrari","Estimated reading time":"11 minutes"},"schema":{"@context":"https:\/\/schema.org","@graph":[{"@type":"Article","@id":"https:\/\/www.revistarambla.com\/otan-a-puro-fusil-y-garrote\/#article","isPartOf":{"@id":"https:\/\/www.revistarambla.com\/otan-a-puro-fusil-y-garrote\/"},"author":{"name":"Sergio Ferrari","@id":"https:\/\/www.revistarambla.com\/#\/schema\/person\/339e2410a25811f9912d8a8551fa5d96"},"headline":"OTAN, a puro fusil y garrote","datePublished":"2025-06-15T19:39:25+00:00","mainEntityOfPage":{"@id":"https:\/\/www.revistarambla.com\/otan-a-puro-fusil-y-garrote\/"},"wordCount":2326,"publisher":{"@id":"https:\/\/www.revistarambla.com\/#organization"},"image":{"@id":"https:\/\/www.revistarambla.com\/otan-a-puro-fusil-y-garrote\/#primaryimage"},"thumbnailUrl":"https:\/\/www.revistarambla.com\/wp-content\/uploads\/2022\/04\/AOTAN-BANDERAS-CUMBRE-MADRID.jpg","articleSection":["El Apunte"],"inLanguage":"en-GB"},{"@type":"WebPage","@id":"https:\/\/www.revistarambla.com\/otan-a-puro-fusil-y-garrote\/","url":"https:\/\/www.revistarambla.com\/otan-a-puro-fusil-y-garrote\/","name":"OTAN, a puro fusil y garrote - Revista Rambla","isPartOf":{"@id":"https:\/\/www.revistarambla.com\/#website"},"primaryImageOfPage":{"@id":"https:\/\/www.revistarambla.com\/otan-a-puro-fusil-y-garrote\/#primaryimage"},"image":{"@id":"https:\/\/www.revistarambla.com\/otan-a-puro-fusil-y-garrote\/#primaryimage"},"thumbnailUrl":"https:\/\/www.revistarambla.com\/wp-content\/uploads\/2022\/04\/AOTAN-BANDERAS-CUMBRE-MADRID.jpg","datePublished":"2025-06-15T19:39:25+00:00","breadcrumb":{"@id":"https:\/\/www.revistarambla.com\/otan-a-puro-fusil-y-garrote\/#breadcrumb"},"inLanguage":"en-GB","potentialAction":[{"@type":"ReadAction","target":["https:\/\/www.revistarambla.com\/otan-a-puro-fusil-y-garrote\/"]}]},{"@type":"ImageObject","inLanguage":"en-GB","@id":"https:\/\/www.revistarambla.com\/otan-a-puro-fusil-y-garrote\/#primaryimage","url":"https:\/\/www.revistarambla.com\/wp-content\/uploads\/2022\/04\/AOTAN-BANDERAS-CUMBRE-MADRID.jpg","contentUrl":"https:\/\/www.revistarambla.com\/wp-content\/uploads\/2022\/04\/AOTAN-BANDERAS-CUMBRE-MADRID.jpg","width":1860,"height":1125,"caption":"bandera otan occidente"},{"@type":"BreadcrumbList","@id":"https:\/\/www.revistarambla.com\/otan-a-puro-fusil-y-garrote\/#breadcrumb","itemListElement":[{"@type":"ListItem","position":1,"name":"Portada","item":"https:\/\/www.revistarambla.com\/"},{"@type":"ListItem","position":2,"name":"OTAN, a puro fusil y garrote"}]},{"@type":"WebSite","@id":"https:\/\/www.revistarambla.com\/#website","url":"https:\/\/www.revistarambla.com\/","name":"Revista Rambla Barcelona","description":"Periodismo independiente","publisher":{"@id":"https:\/\/www.revistarambla.com\/#organization"},"potentialAction":[{"@type":"SearchAction","target":{"@type":"EntryPoint","urlTemplate":"https:\/\/www.revistarambla.com\/?s={search_term_string}"},"query-input":{"@type":"PropertyValueSpecification","valueRequired":true,"valueName":"search_term_string"}}],"inLanguage":"en-GB"},{"@type":"Organization","@id":"https:\/\/www.revistarambla.com\/#organization","name":"Revista Rambla","url":"https:\/\/www.revistarambla.com\/","logo":{"@type":"ImageObject","inLanguage":"en-GB","@id":"https:\/\/www.revistarambla.com\/#\/schema\/logo\/image\/","url":"https:\/\/www.revistarambla.com\/wp-content\/uploads\/2020\/09\/banner_rambla_1900x600_BB.png","contentUrl":"https:\/\/www.revistarambla.com\/wp-content\/uploads\/2020\/09\/banner_rambla_1900x600_BB.png","width":1900,"height":600,"caption":"Revista Rambla"},"image":{"@id":"https:\/\/www.revistarambla.com\/#\/schema\/logo\/image\/"},"sameAs":["https:\/\/www.facebook.com\/revistarambla\/","https:\/\/x.com\/revistarambla","https:\/\/www.instagram.com\/revista_rambla","https:\/\/es.linkedin.com\/company\/revista-rambla"]},{"@type":"Person","@id":"https:\/\/www.revistarambla.com\/#\/schema\/person\/339e2410a25811f9912d8a8551fa5d96","name":"Sergio Ferrari","description":"Periodista argentino radicado en Berna, Suiza. Acreditado ante el Gobierno suizo. Colaborador regular de numerosos medios latinoamericanos y europeos.","sameAs":["https:\/\/www.voltairenet.org\/auteur120173.html?lang=es","https:\/\/www.facebook.com\/sergio.ferrari.9655","https:\/\/x.com\/SergiooFerrari"]}]}},"_links":{"self":[{"href":"https:\/\/www.revistarambla.com\/en\/wp-json\/wp\/v2\/posts\/65494","targetHints":{"allow":["GET"]}}],"collection":[{"href":"https:\/\/www.revistarambla.com\/en\/wp-json\/wp\/v2\/posts"}],"about":[{"href":"https:\/\/www.revistarambla.com\/en\/wp-json\/wp\/v2\/types\/post"}],"author":[{"embeddable":true,"href":"https:\/\/www.revistarambla.com\/en\/wp-json\/wp\/v2\/users\/24"}],"replies":[{"embeddable":true,"href":"https:\/\/www.revistarambla.com\/en\/wp-json\/wp\/v2\/comments?post=65494"}],"version-history":[{"count":1,"href":"https:\/\/www.revistarambla.com\/en\/wp-json\/wp\/v2\/posts\/65494\/revisions"}],"predecessor-version":[{"id":65495,"href":"https:\/\/www.revistarambla.com\/en\/wp-json\/wp\/v2\/posts\/65494\/revisions\/65495"}],"wp:featuredmedia":[{"embeddable":true,"href":"https:\/\/www.revistarambla.com\/en\/wp-json\/wp\/v2\/media\/41680"}],"wp:attachment":[{"href":"https:\/\/www.revistarambla.com\/en\/wp-json\/wp\/v2\/media?parent=65494"}],"wp:term":[{"taxonomy":"category","embeddable":true,"href":"https:\/\/www.revistarambla.com\/en\/wp-json\/wp\/v2\/categories?post=65494"},{"taxonomy":"post_tag","embeddable":true,"href":"https:\/\/www.revistarambla.com\/en\/wp-json\/wp\/v2\/tags?post=65494"}],"curies":[{"name":"wp","href":"https:\/\/api.w.org\/{rel}","templated":true}]}}