{"id":65491,"date":"2025-06-15T21:35:06","date_gmt":"2025-06-15T19:35:06","guid":{"rendered":"https:\/\/www.revistarambla.com\/?p=65491"},"modified":"2025-06-15T21:35:06","modified_gmt":"2025-06-15T19:35:06","slug":"tormentas-solares-un-desafio-cosmico-para-la-tierra","status":"publish","type":"post","link":"https:\/\/www.revistarambla.com\/en\/tormentas-solares-un-desafio-cosmico-para-la-tierra\/","title":{"rendered":"Tormentas Solares: Un Desaf\u00edo C\u00f3smico para la Tierra"},"content":{"rendered":"<p>En los \u00faltimos a\u00f1os, el Sol, esa estrella que ha sido el motor de la vida en la Tierra durante milenios, ha mostrado un comportamiento cada vez m\u00e1s inquietante. Las tormentas solares, fen\u00f3menos que involucran explosiones masivas de energ\u00eda y part\u00edculas cargadas, est\u00e1n aumentando en frecuencia e intensidad conforme el Sol avanza en su ciclo de actividad de 11 a\u00f1os. Este incremento ha captado la atenci\u00f3n de cient\u00edficos, ingenieros y gobiernos, quienes advierten sobre las posibles repercusiones para nuestra sociedad tecnol\u00f3gica. En este reportaje, exploraremos en profundidad qu\u00e9 son las tormentas solares, por qu\u00e9 est\u00e1n aumentando, cu\u00e1les son sus impactos en la Tierra y los posibles escenarios futuros si esta tendencia contin\u00faa.<\/p>\n<h2>\u00bfQu\u00e9 son las tormentas solares?<\/h2>\n<p>Las tormentas solares son manifestaciones de la actividad del Sol, una estrella de tipo G2V que, aunque parece estable desde nuestra perspectiva terrestre, es un hervidero de procesos f\u00edsicos extremos. Estas tormentas incluyen fen\u00f3menos como las eyecciones de masa coronal (CME, por sus siglas en ingl\u00e9s), las erupciones solares y los vientos solares de alta velocidad.<\/p>\n<ul>\n<li><strong>Erupciones solares<\/strong>: Son explosiones repentinas de radiaci\u00f3n electromagn\u00e9tica en la atm\u00f3sfera solar, causadas por la liberaci\u00f3n de energ\u00eda magn\u00e9tica almacenada en las manchas solares. Estas erupciones pueden liberar rayos X y rayos gamma que alcanzan la Tierra en minutos.<\/li>\n<li><strong>Eyecciones de masa coronal<\/strong>: Son enormes nubes de plasma y part\u00edculas cargadas que el Sol expulsa al espacio. Si est\u00e1n dirigidas hacia la Tierra, pueden tardar entre uno y tres d\u00edas en llegar.<\/li>\n<li><strong>Vientos solares<\/strong>: Flujos constantes de part\u00edculas cargadas que emanan del Sol, pero que se intensifican durante eventos de tormentas solares.<\/li>\n<\/ul>\n<p>El Sol opera en ciclos de aproximadamente 11 a\u00f1os, alternando entre per\u00edodos de alta actividad (m\u00e1ximo solar) y baja actividad (m\u00ednimo solar). Actualmente, en 2025, nos encontramos en el 25\u00ba ciclo solar, que est\u00e1 alcanzando su m\u00e1ximo, previsto para mediados de este a\u00f1o. Sin embargo, los datos recientes muestran que este ciclo es m\u00e1s activo de lo esperado, con un n\u00famero de manchas solares y eventos extremos superior a las proyecciones iniciales de la NASA y la NOAA (Administraci\u00f3n Nacional Oce\u00e1nica y Atmosf\u00e9rica).<\/p>\n<h2>El aumento de las tormentas solares<\/h2>\n<p>El ciclo solar actual ha sorprendido a los cient\u00edficos por su intensidad. Seg\u00fan el Centro de Predicci\u00f3n del Clima Espacial de la NOAA, en 2024 se registraron m\u00e1s de 200 erupciones solares de clase X (las m\u00e1s potentes) y varias CME significativas, un aumento notable respecto a ciclos anteriores. En mayo de 2024, una serie de tormentas geomagn\u00e9ticas de nivel G5 (el m\u00e1s alto en la escala) golpe\u00f3 la Tierra, desencadenando auroras visibles en latitudes tan bajas como M\u00e9xico y Espa\u00f1a, un fen\u00f3meno inusual que refleja la magnitud de estos eventos.<\/p>\n<p>Este aumento puede atribuirse a varios factores. Primero, el campo magn\u00e9tico del Sol est\u00e1 experimentando una reconfiguraci\u00f3n m\u00e1s compleja de lo habitual, lo que genera manchas solares m\u00e1s grandes y activas. Segundo, algunos investigadores sugieren que la actividad solar podr\u00eda estar entrando en una fase de mayor variabilidad debido a cambios a largo plazo en los procesos internos del Sol, aunque esta hip\u00f3tesis requiere m\u00e1s estudio. Finalmente, nuestra capacidad para detectar y clasificar estos eventos ha mejorado significativamente gracias a misiones como el Observatorio de Din\u00e1mica Solar (SDO) de la NASA y la sonda Solar Orbiter de la ESA, lo que podr\u00eda estar amplificando la percepci\u00f3n de un aumento.<\/p>\n<h2>Impactos en la Tierra<\/h2>\n<p>Las tormentas solares no son solo un espect\u00e1culo celeste; tienen consecuencias tangibles para nuestra infraestructura tecnol\u00f3gica y nuestra forma de vida. Cuando una CME o una erupci\u00f3n solar alcanza la Tierra, interact\u00faa con el campo magn\u00e9tico terrestre, desencadenando tormentas geomagn\u00e9ticas. Estos eventos pueden provocar una serie de problemas:<\/p>\n<ol>\n<li><strong>Interrupciones en las redes el\u00e9ctricas<\/strong>: Las corrientes geomagn\u00e9ticas inducidas (GIC) pueden sobrecargar transformadores y l\u00edneas de transmisi\u00f3n, causando apagones masivos. El evento de Carrington de 1859, la tormenta solar m\u00e1s poderosa registrada, provoc\u00f3 fallos en los sistemas telegr\u00e1ficos de la \u00e9poca. Un evento similar hoy podr\u00eda colapsar redes el\u00e9ctricas modernas, con costos estimados en billones de d\u00f3lares.<\/li>\n<li><strong>Da\u00f1os a sat\u00e9lites y sistemas de comunicaci\u00f3n<\/strong>: Las part\u00edculas cargadas pueden da\u00f1ar los componentes electr\u00f3nicos de los sat\u00e9lites, interrumpiendo servicios de GPS, telecomunicaciones y observaci\u00f3n terrestre. En 2022, SpaceX perdi\u00f3 40 sat\u00e9lites Starlink debido a una tormenta geomagn\u00e9tica moderada.<\/li>\n<li><strong>Riesgos para la aviaci\u00f3n y los astronautas<\/strong>: Las erupciones solares emiten radiaci\u00f3n que puede afectar a los pasajeros y tripulaciones de vuelos en rutas polares, as\u00ed como a los astronautas en \u00f3rbita. La Estaci\u00f3n Espacial Internacional (EEI) ha tenido que ajustar sus operaciones durante eventos solares extremos.<\/li>\n<li><strong>Impactos econ\u00f3micos y sociales<\/strong>: Un evento solar masivo podr\u00eda interrumpir cadenas de suministro, sistemas financieros y servicios de emergencia. Seg\u00fan un estudio de 2017 de la Fundaci\u00f3n Nacional de Ciencias de EE. UU., un apag\u00f3n prolongado en el noreste de Estados Unidos debido a una tormenta solar podr\u00eda costar hasta 41.500 millones de d\u00f3lares diarios.<\/li>\n<\/ol>\n<p>Adem\u00e1s, las tormentas solares pueden tener efectos indirectos, como la alteraci\u00f3n del clima espacial, que afecta a los sistemas de navegaci\u00f3n y predicci\u00f3n meteorol\u00f3gica. Aunque no hay evidencia de que las tormentas solares influyan directamente en el clima terrestre, su impacto en la tecnolog\u00eda puede complicar la respuesta a desastres naturales.<\/p>\n<h2>Escenarios futuros: \u00bfQu\u00e9 pasar\u00eda si las tormentas solares siguen aumentando?<\/h2>\n<p>Si la actividad solar contin\u00faa intensific\u00e1ndose, los riesgos para la Tierra se multiplicar\u00e1n. A continuaci\u00f3n, exploramos tres escenarios posibles, basados en proyecciones cient\u00edficas y modelos de impacto:<\/p>\n<h3>Escenario 1: Aumento moderado y manejable<\/h3>\n<p>En este escenario, las tormentas solares siguen siendo m\u00e1s frecuentes e intensas, pero los eventos extremos (como los de nivel G5) ocurren solo cada pocos a\u00f1os. Los gobiernos y las empresas invierten en medidas de mitigaci\u00f3n, como el refuerzo de las redes el\u00e9ctricas, la protecci\u00f3n de sat\u00e9lites y el desarrollo de sistemas de alerta temprana. Las interrupciones son molestas pero no catastr\u00f3ficas, con apagones regionales y p\u00e9rdidas econ\u00f3micas limitadas.<\/p>\n<p>Las auroras se convierten en un fen\u00f3meno m\u00e1s com\u00fan, impulsando el turismo en regiones de latitudes medias. Sin embargo, la dependencia de la tecnolog\u00eda satelital obliga a las empresas a redise\u00f1ar sus sistemas, aumentando los costos operativos. La comunidad cient\u00edfica intensifica la vigilancia solar, con nuevas misiones espaciales destinadas a comprender mejor el comportamiento del Sol.<\/p>\n<h3>Escenario 2: Un evento de magnitud Carrington en el siglo XXI<\/h3>\n<p>En este escenario, una tormenta solar comparable al evento de Carrington ocurre en las pr\u00f3ximas d\u00e9cadas. Una CME masiva golpea la Tierra, desencadenando tormentas geomagn\u00e9ticas que colapsan redes el\u00e9ctricas en m\u00faltiples continentes. Los transformadores, que tardan meses en reemplazarse, dejan a millones sin electricidad durante semanas o incluso meses. Los sistemas de comunicaci\u00f3n y navegaci\u00f3n se ven gravemente afectados, paralizando el comercio global y las operaciones log\u00edsticas.<\/p>\n<p>El impacto econ\u00f3mico es devastador, con p\u00e9rdidas estimadas en 2-10 billones de d\u00f3lares a nivel mundial. Los pa\u00edses con infraestructuras m\u00e1s antiguas, como Estados Unidos y partes de Europa, sufren los peores efectos, mientras que regiones con redes m\u00e1s modernas, como China, se recuperan m\u00e1s r\u00e1pido. La falta de preparaci\u00f3n exacerba la crisis, llevando a disturbios sociales y tensiones geopol\u00edticas por el acceso a recursos.<\/p>\n<p>Sin embargo, este evento act\u00faa como un catalizador para la acci\u00f3n global. Los gobiernos crean un marco internacional para la resiliencia al clima espacial, similar a los acuerdos clim\u00e1ticos, e invierten en tecnolog\u00edas de protecci\u00f3n. La humanidad emerge m\u00e1s preparada, pero a un costo enorme.<\/p>\n<h3>Escenario 3: Un \u00absuper m\u00e1ximo solar\u00bb prolongado<\/h3>\n<p>En el peor de los casos, el Sol entra en una fase de actividad extrema que persiste durante d\u00e9cadas, con ciclos solares consecutivos m\u00e1s intensos. Las tormentas solares se vuelven tan frecuentes que las infraestructuras tecnol\u00f3gicas sufren da\u00f1os continuos, erosionando la confianza en los sistemas digitales. Los costos de reparaci\u00f3n y adaptaci\u00f3n se disparan, afectando especialmente a los pa\u00edses en desarrollo, que carecen de recursos para modernizar sus redes.<\/p>\n<p>La exploraci\u00f3n espacial se complica, ya que las misiones tripuladas a la Luna o Marte enfrentan riesgos crecientes por la radiaci\u00f3n solar. Los sistemas de alerta temprana se ven desbordados, y la humanidad debe replantear su dependencia de la tecnolog\u00eda satelital. En este escenario, la desigualdad tecnol\u00f3gica se agrava, con algunas naciones adapt\u00e1ndose mejor que otras.<\/p>\n<p>Aunque este escenario es menos probable, no es imposible. Estudios paleoclim\u00e1ticos han identificado per\u00edodos de actividad solar extrema en el pasado, como el evento Miyake de 774 d.C., que dej\u00f3 huellas de carbono-14 en los anillos de los \u00e1rboles. Un evento similar hoy tendr\u00eda consecuencias inimaginables.<\/p>\n<h2>\u00bfQu\u00e9 podemos hacer?<\/h2>\n<p>A pesar de los riesgos, la humanidad no est\u00e1 indefensa. Los cient\u00edficos y los responsables pol\u00edticos est\u00e1n trabajando en estrategias para mitigar los impactos de las tormentas solares:<\/p>\n<ol>\n<li><strong>Sistemas de alerta temprana<\/strong>: Sat\u00e9lites como el SDO y la sonda Parker Solar Probe proporcionan datos en tiempo real sobre la actividad solar, permitiendo predicciones m\u00e1s precisas. La NOAA y la ESA est\u00e1n desarrollando modelos para anticipar las CME con mayor antelaci\u00f3n.<\/li>\n<li><strong>Resiliencia de la infraestructura<\/strong>: Los operadores de redes el\u00e9ctricas pueden instalar dispositivos de protecci\u00f3n contra GIC y dise\u00f1ar transformadores m\u00e1s resistentes. Los sat\u00e9lites pueden equiparse con blindajes contra la radiaci\u00f3n.<\/li>\n<li><strong>Cooperaci\u00f3n internacional<\/strong>: El clima espacial es un desaf\u00edo global que requiere colaboraci\u00f3n. Organismos como la ONU y la Organizaci\u00f3n Meteorol\u00f3gica Mundial est\u00e1n promoviendo acuerdos para compartir datos y recursos.<\/li>\n<li><strong>Concienciaci\u00f3n p\u00fablica<\/strong>: Educar a la sociedad sobre los riesgos del clima espacial puede fomentar la preparaci\u00f3n y reducir el p\u00e1nico durante eventos extremos.<\/li>\n<\/ol>\n<p>El aumento de las tormentas solares es un recordatorio de que, a pesar de nuestros avances tecnol\u00f3gicos, seguimos siendo vulnerables a las fuerzas del cosmos. El Sol, que nos da vida, tambi\u00e9n puede desafiarnos de maneras que apenas comenzamos a comprender. Mientras navegamos por el m\u00e1ximo del 25\u00ba ciclo solar, es crucial que actuemos con previsi\u00f3n, invirtiendo en ciencia, infraestructura y cooperaci\u00f3n global.<\/p>\n<p>Los escenarios futuros depender\u00e1n de nuestra capacidad para adaptarnos. Si aprendemos a convivir con un Sol m\u00e1s activo, podremos minimizar los riesgos y aprovechar las oportunidades, como el estudio de fen\u00f3menos celestes \u00fanicos. Pero si ignoramos las advertencias, podr\u00edamos enfrentarnos a una crisis sin precedentes. En \u00faltima instancia, el aumento de las tormentas solares no es solo un desaf\u00edo cient\u00edfico, sino una prueba de nuestra resiliencia como especie.<\/p>","protected":false},"excerpt":{"rendered":"<p>En los \u00faltimos a\u00f1os, el Sol, esa estrella que ha sido el motor de la vida en la Tierra durante milenios, ha mostrado un comportamiento cada vez m\u00e1s inquietante. Las tormentas solares, fen\u00f3menos que involucran explosiones masivas de energ\u00eda y part\u00edculas cargadas, est\u00e1n aumentando en frecuencia e intensidad conforme el [&hellip;]<\/p>\n","protected":false},"author":3,"featured_media":65492,"comment_status":"closed","ping_status":"closed","sticky":false,"template":"","format":"standard","meta":{"footnotes":""},"categories":[4099],"tags":[],"class_list":["post-65491","post","type-post","status-publish","format-standard","has-post-thumbnail","hentry","category-otras-miradas"],"yoast_head":"<!-- This site is optimized with the Yoast SEO plugin v27.5 - https:\/\/yoast.com\/product\/yoast-seo-wordpress\/ -->\n<title>Tormentas Solares: Un Desaf\u00edo C\u00f3smico para la Tierra - Revista Rambla<\/title>\n<meta name=\"robots\" content=\"index, follow, max-snippet:-1, max-image-preview:large, max-video-preview:-1\" \/>\n<link rel=\"canonical\" href=\"https:\/\/www.revistarambla.com\/en\/tormentas-solares-un-desafio-cosmico-para-la-tierra\/\" \/>\n<meta property=\"og:locale\" content=\"en_GB\" \/>\n<meta property=\"og:type\" content=\"article\" \/>\n<meta property=\"og:title\" content=\"Tormentas Solares: Un Desaf\u00edo C\u00f3smico para la Tierra - Revista Rambla\" \/>\n<meta property=\"og:description\" content=\"En los \u00faltimos a\u00f1os, el Sol, esa estrella que ha sido el motor de la vida en la Tierra durante milenios, ha mostrado un comportamiento cada vez m\u00e1s inquietante. Las tormentas solares, fen\u00f3menos que involucran explosiones masivas de energ\u00eda y part\u00edculas cargadas, est\u00e1n aumentando en frecuencia e intensidad conforme el [&hellip;]\" \/>\n<meta property=\"og:url\" content=\"https:\/\/www.revistarambla.com\/en\/tormentas-solares-un-desafio-cosmico-para-la-tierra\/\" \/>\n<meta property=\"og:site_name\" content=\"Revista Rambla\" \/>\n<meta property=\"article:publisher\" content=\"https:\/\/www.facebook.com\/revistarambla\/\" \/>\n<meta property=\"article:author\" content=\"https:\/\/www.facebook.com\/revistarambla\" \/>\n<meta property=\"article:published_time\" content=\"2025-06-15T19:35:06+00:00\" \/>\n<meta property=\"og:image\" content=\"https:\/\/www.revistarambla.com\/wp-content\/uploads\/2025\/06\/Tormentas-Solares.jpg\" \/>\n\t<meta property=\"og:image:width\" content=\"1920\" \/>\n\t<meta property=\"og:image:height\" content=\"1080\" \/>\n\t<meta property=\"og:image:type\" content=\"image\/jpeg\" \/>\n<meta name=\"author\" content=\"R@mbla\" \/>\n<meta name=\"twitter:card\" content=\"summary_large_image\" \/>\n<meta name=\"twitter:creator\" content=\"@revistarambla\" \/>\n<meta name=\"twitter:site\" content=\"@revistarambla\" \/>\n<meta name=\"twitter:label1\" content=\"Written by\" \/>\n\t<meta name=\"twitter:data1\" content=\"R@mbla\" \/>\n\t<meta name=\"twitter:label2\" content=\"Estimated reading time\" \/>\n\t<meta name=\"twitter:data2\" content=\"8 minutes\" \/>\n<script type=\"application\/ld+json\" class=\"yoast-schema-graph\">{\"@context\":\"https:\\\/\\\/schema.org\",\"@graph\":[{\"@type\":\"Article\",\"@id\":\"https:\\\/\\\/www.revistarambla.com\\\/tormentas-solares-un-desafio-cosmico-para-la-tierra\\\/#article\",\"isPartOf\":{\"@id\":\"https:\\\/\\\/www.revistarambla.com\\\/tormentas-solares-un-desafio-cosmico-para-la-tierra\\\/\"},\"author\":{\"name\":\"R@mbla\",\"@id\":\"https:\\\/\\\/www.revistarambla.com\\\/#\\\/schema\\\/person\\\/a146a5a2550b94981a75131180e1bd9c\"},\"headline\":\"Tormentas Solares: Un Desaf\u00edo C\u00f3smico para la Tierra\",\"datePublished\":\"2025-06-15T19:35:06+00:00\",\"mainEntityOfPage\":{\"@id\":\"https:\\\/\\\/www.revistarambla.com\\\/tormentas-solares-un-desafio-cosmico-para-la-tierra\\\/\"},\"wordCount\":1863,\"publisher\":{\"@id\":\"https:\\\/\\\/www.revistarambla.com\\\/#organization\"},\"image\":{\"@id\":\"https:\\\/\\\/www.revistarambla.com\\\/tormentas-solares-un-desafio-cosmico-para-la-tierra\\\/#primaryimage\"},\"thumbnailUrl\":\"https:\\\/\\\/www.revistarambla.com\\\/wp-content\\\/uploads\\\/2025\\\/06\\\/Tormentas-Solares.jpg\",\"articleSection\":[\"Otras Miradas\"],\"inLanguage\":\"en-GB\"},{\"@type\":\"WebPage\",\"@id\":\"https:\\\/\\\/www.revistarambla.com\\\/tormentas-solares-un-desafio-cosmico-para-la-tierra\\\/\",\"url\":\"https:\\\/\\\/www.revistarambla.com\\\/tormentas-solares-un-desafio-cosmico-para-la-tierra\\\/\",\"name\":\"Tormentas Solares: Un Desaf\u00edo C\u00f3smico para la Tierra - Revista Rambla\",\"isPartOf\":{\"@id\":\"https:\\\/\\\/www.revistarambla.com\\\/#website\"},\"primaryImageOfPage\":{\"@id\":\"https:\\\/\\\/www.revistarambla.com\\\/tormentas-solares-un-desafio-cosmico-para-la-tierra\\\/#primaryimage\"},\"image\":{\"@id\":\"https:\\\/\\\/www.revistarambla.com\\\/tormentas-solares-un-desafio-cosmico-para-la-tierra\\\/#primaryimage\"},\"thumbnailUrl\":\"https:\\\/\\\/www.revistarambla.com\\\/wp-content\\\/uploads\\\/2025\\\/06\\\/Tormentas-Solares.jpg\",\"datePublished\":\"2025-06-15T19:35:06+00:00\",\"breadcrumb\":{\"@id\":\"https:\\\/\\\/www.revistarambla.com\\\/tormentas-solares-un-desafio-cosmico-para-la-tierra\\\/#breadcrumb\"},\"inLanguage\":\"en-GB\",\"potentialAction\":[{\"@type\":\"ReadAction\",\"target\":[\"https:\\\/\\\/www.revistarambla.com\\\/tormentas-solares-un-desafio-cosmico-para-la-tierra\\\/\"]}]},{\"@type\":\"ImageObject\",\"inLanguage\":\"en-GB\",\"@id\":\"https:\\\/\\\/www.revistarambla.com\\\/tormentas-solares-un-desafio-cosmico-para-la-tierra\\\/#primaryimage\",\"url\":\"https:\\\/\\\/www.revistarambla.com\\\/wp-content\\\/uploads\\\/2025\\\/06\\\/Tormentas-Solares.jpg\",\"contentUrl\":\"https:\\\/\\\/www.revistarambla.com\\\/wp-content\\\/uploads\\\/2025\\\/06\\\/Tormentas-Solares.jpg\",\"width\":1920,\"height\":1080,\"caption\":\"Tormentas Solares\"},{\"@type\":\"BreadcrumbList\",\"@id\":\"https:\\\/\\\/www.revistarambla.com\\\/tormentas-solares-un-desafio-cosmico-para-la-tierra\\\/#breadcrumb\",\"itemListElement\":[{\"@type\":\"ListItem\",\"position\":1,\"name\":\"Portada\",\"item\":\"https:\\\/\\\/www.revistarambla.com\\\/\"},{\"@type\":\"ListItem\",\"position\":2,\"name\":\"Tormentas Solares: Un Desaf\u00edo C\u00f3smico para la Tierra\"}]},{\"@type\":\"WebSite\",\"@id\":\"https:\\\/\\\/www.revistarambla.com\\\/#website\",\"url\":\"https:\\\/\\\/www.revistarambla.com\\\/\",\"name\":\"Revista Rambla Barcelona\",\"description\":\"Periodismo independiente\",\"publisher\":{\"@id\":\"https:\\\/\\\/www.revistarambla.com\\\/#organization\"},\"potentialAction\":[{\"@type\":\"SearchAction\",\"target\":{\"@type\":\"EntryPoint\",\"urlTemplate\":\"https:\\\/\\\/www.revistarambla.com\\\/?s={search_term_string}\"},\"query-input\":{\"@type\":\"PropertyValueSpecification\",\"valueRequired\":true,\"valueName\":\"search_term_string\"}}],\"inLanguage\":\"en-GB\"},{\"@type\":\"Organization\",\"@id\":\"https:\\\/\\\/www.revistarambla.com\\\/#organization\",\"name\":\"Revista Rambla\",\"url\":\"https:\\\/\\\/www.revistarambla.com\\\/\",\"logo\":{\"@type\":\"ImageObject\",\"inLanguage\":\"en-GB\",\"@id\":\"https:\\\/\\\/www.revistarambla.com\\\/#\\\/schema\\\/logo\\\/image\\\/\",\"url\":\"https:\\\/\\\/www.revistarambla.com\\\/wp-content\\\/uploads\\\/2020\\\/09\\\/banner_rambla_1900x600_BB.png\",\"contentUrl\":\"https:\\\/\\\/www.revistarambla.com\\\/wp-content\\\/uploads\\\/2020\\\/09\\\/banner_rambla_1900x600_BB.png\",\"width\":1900,\"height\":600,\"caption\":\"Revista Rambla\"},\"image\":{\"@id\":\"https:\\\/\\\/www.revistarambla.com\\\/#\\\/schema\\\/logo\\\/image\\\/\"},\"sameAs\":[\"https:\\\/\\\/www.facebook.com\\\/revistarambla\\\/\",\"https:\\\/\\\/x.com\\\/revistarambla\",\"https:\\\/\\\/www.instagram.com\\\/revista_rambla\",\"https:\\\/\\\/es.linkedin.com\\\/company\\\/revista-rambla\"]},{\"@type\":\"Person\",\"@id\":\"https:\\\/\\\/www.revistarambla.com\\\/#\\\/schema\\\/person\\\/a146a5a2550b94981a75131180e1bd9c\",\"name\":\"R@mbla\",\"description\":\"Este art\u00edculo ha sido redactado y\\\/o validado por el equipo de redacci\u00f3n de Revista Rambla.\",\"sameAs\":[\"https:\\\/\\\/www.revistarambla.com\\\/\",\"https:\\\/\\\/www.facebook.com\\\/revistarambla\",\"https:\\\/\\\/x.com\\\/revistarambla\"]}]}<\/script>\n<!-- \/ Yoast SEO plugin. -->","yoast_head_json":{"title":"Tormentas Solares: Un Desaf\u00edo C\u00f3smico para la Tierra - Revista Rambla","robots":{"index":"index","follow":"follow","max-snippet":"max-snippet:-1","max-image-preview":"max-image-preview:large","max-video-preview":"max-video-preview:-1"},"canonical":"https:\/\/www.revistarambla.com\/en\/tormentas-solares-un-desafio-cosmico-para-la-tierra\/","og_locale":"en_GB","og_type":"article","og_title":"Tormentas Solares: Un Desaf\u00edo C\u00f3smico para la Tierra - Revista Rambla","og_description":"En los \u00faltimos a\u00f1os, el Sol, esa estrella que ha sido el motor de la vida en la Tierra durante milenios, ha mostrado un comportamiento cada vez m\u00e1s inquietante. Las tormentas solares, fen\u00f3menos que involucran explosiones masivas de energ\u00eda y part\u00edculas cargadas, est\u00e1n aumentando en frecuencia e intensidad conforme el [&hellip;]","og_url":"https:\/\/www.revistarambla.com\/en\/tormentas-solares-un-desafio-cosmico-para-la-tierra\/","og_site_name":"Revista Rambla","article_publisher":"https:\/\/www.facebook.com\/revistarambla\/","article_author":"https:\/\/www.facebook.com\/revistarambla","article_published_time":"2025-06-15T19:35:06+00:00","og_image":[{"width":1920,"height":1080,"url":"https:\/\/www.revistarambla.com\/wp-content\/uploads\/2025\/06\/Tormentas-Solares.jpg","type":"image\/jpeg"}],"author":"R@mbla","twitter_card":"summary_large_image","twitter_creator":"@revistarambla","twitter_site":"@revistarambla","twitter_misc":{"Written by":"R@mbla","Estimated reading time":"8 minutes"},"schema":{"@context":"https:\/\/schema.org","@graph":[{"@type":"Article","@id":"https:\/\/www.revistarambla.com\/tormentas-solares-un-desafio-cosmico-para-la-tierra\/#article","isPartOf":{"@id":"https:\/\/www.revistarambla.com\/tormentas-solares-un-desafio-cosmico-para-la-tierra\/"},"author":{"name":"R@mbla","@id":"https:\/\/www.revistarambla.com\/#\/schema\/person\/a146a5a2550b94981a75131180e1bd9c"},"headline":"Tormentas Solares: Un Desaf\u00edo C\u00f3smico para la Tierra","datePublished":"2025-06-15T19:35:06+00:00","mainEntityOfPage":{"@id":"https:\/\/www.revistarambla.com\/tormentas-solares-un-desafio-cosmico-para-la-tierra\/"},"wordCount":1863,"publisher":{"@id":"https:\/\/www.revistarambla.com\/#organization"},"image":{"@id":"https:\/\/www.revistarambla.com\/tormentas-solares-un-desafio-cosmico-para-la-tierra\/#primaryimage"},"thumbnailUrl":"https:\/\/www.revistarambla.com\/wp-content\/uploads\/2025\/06\/Tormentas-Solares.jpg","articleSection":["Otras Miradas"],"inLanguage":"en-GB"},{"@type":"WebPage","@id":"https:\/\/www.revistarambla.com\/tormentas-solares-un-desafio-cosmico-para-la-tierra\/","url":"https:\/\/www.revistarambla.com\/tormentas-solares-un-desafio-cosmico-para-la-tierra\/","name":"Tormentas Solares: Un Desaf\u00edo C\u00f3smico para la Tierra - Revista Rambla","isPartOf":{"@id":"https:\/\/www.revistarambla.com\/#website"},"primaryImageOfPage":{"@id":"https:\/\/www.revistarambla.com\/tormentas-solares-un-desafio-cosmico-para-la-tierra\/#primaryimage"},"image":{"@id":"https:\/\/www.revistarambla.com\/tormentas-solares-un-desafio-cosmico-para-la-tierra\/#primaryimage"},"thumbnailUrl":"https:\/\/www.revistarambla.com\/wp-content\/uploads\/2025\/06\/Tormentas-Solares.jpg","datePublished":"2025-06-15T19:35:06+00:00","breadcrumb":{"@id":"https:\/\/www.revistarambla.com\/tormentas-solares-un-desafio-cosmico-para-la-tierra\/#breadcrumb"},"inLanguage":"en-GB","potentialAction":[{"@type":"ReadAction","target":["https:\/\/www.revistarambla.com\/tormentas-solares-un-desafio-cosmico-para-la-tierra\/"]}]},{"@type":"ImageObject","inLanguage":"en-GB","@id":"https:\/\/www.revistarambla.com\/tormentas-solares-un-desafio-cosmico-para-la-tierra\/#primaryimage","url":"https:\/\/www.revistarambla.com\/wp-content\/uploads\/2025\/06\/Tormentas-Solares.jpg","contentUrl":"https:\/\/www.revistarambla.com\/wp-content\/uploads\/2025\/06\/Tormentas-Solares.jpg","width":1920,"height":1080,"caption":"Tormentas Solares"},{"@type":"BreadcrumbList","@id":"https:\/\/www.revistarambla.com\/tormentas-solares-un-desafio-cosmico-para-la-tierra\/#breadcrumb","itemListElement":[{"@type":"ListItem","position":1,"name":"Portada","item":"https:\/\/www.revistarambla.com\/"},{"@type":"ListItem","position":2,"name":"Tormentas Solares: Un Desaf\u00edo C\u00f3smico para la Tierra"}]},{"@type":"WebSite","@id":"https:\/\/www.revistarambla.com\/#website","url":"https:\/\/www.revistarambla.com\/","name":"Revista Rambla Barcelona","description":"Periodismo independiente","publisher":{"@id":"https:\/\/www.revistarambla.com\/#organization"},"potentialAction":[{"@type":"SearchAction","target":{"@type":"EntryPoint","urlTemplate":"https:\/\/www.revistarambla.com\/?s={search_term_string}"},"query-input":{"@type":"PropertyValueSpecification","valueRequired":true,"valueName":"search_term_string"}}],"inLanguage":"en-GB"},{"@type":"Organization","@id":"https:\/\/www.revistarambla.com\/#organization","name":"Revista Rambla","url":"https:\/\/www.revistarambla.com\/","logo":{"@type":"ImageObject","inLanguage":"en-GB","@id":"https:\/\/www.revistarambla.com\/#\/schema\/logo\/image\/","url":"https:\/\/www.revistarambla.com\/wp-content\/uploads\/2020\/09\/banner_rambla_1900x600_BB.png","contentUrl":"https:\/\/www.revistarambla.com\/wp-content\/uploads\/2020\/09\/banner_rambla_1900x600_BB.png","width":1900,"height":600,"caption":"Revista Rambla"},"image":{"@id":"https:\/\/www.revistarambla.com\/#\/schema\/logo\/image\/"},"sameAs":["https:\/\/www.facebook.com\/revistarambla\/","https:\/\/x.com\/revistarambla","https:\/\/www.instagram.com\/revista_rambla","https:\/\/es.linkedin.com\/company\/revista-rambla"]},{"@type":"Person","@id":"https:\/\/www.revistarambla.com\/#\/schema\/person\/a146a5a2550b94981a75131180e1bd9c","name":"R@mbla","description":"Este art\u00edculo ha sido redactado y\/o validado por el equipo de redacci\u00f3n de Revista Rambla.","sameAs":["https:\/\/www.revistarambla.com\/","https:\/\/www.facebook.com\/revistarambla","https:\/\/x.com\/revistarambla"]}]}},"_links":{"self":[{"href":"https:\/\/www.revistarambla.com\/en\/wp-json\/wp\/v2\/posts\/65491","targetHints":{"allow":["GET"]}}],"collection":[{"href":"https:\/\/www.revistarambla.com\/en\/wp-json\/wp\/v2\/posts"}],"about":[{"href":"https:\/\/www.revistarambla.com\/en\/wp-json\/wp\/v2\/types\/post"}],"author":[{"embeddable":true,"href":"https:\/\/www.revistarambla.com\/en\/wp-json\/wp\/v2\/users\/3"}],"replies":[{"embeddable":true,"href":"https:\/\/www.revistarambla.com\/en\/wp-json\/wp\/v2\/comments?post=65491"}],"version-history":[{"count":1,"href":"https:\/\/www.revistarambla.com\/en\/wp-json\/wp\/v2\/posts\/65491\/revisions"}],"predecessor-version":[{"id":65493,"href":"https:\/\/www.revistarambla.com\/en\/wp-json\/wp\/v2\/posts\/65491\/revisions\/65493"}],"wp:featuredmedia":[{"embeddable":true,"href":"https:\/\/www.revistarambla.com\/en\/wp-json\/wp\/v2\/media\/65492"}],"wp:attachment":[{"href":"https:\/\/www.revistarambla.com\/en\/wp-json\/wp\/v2\/media?parent=65491"}],"wp:term":[{"taxonomy":"category","embeddable":true,"href":"https:\/\/www.revistarambla.com\/en\/wp-json\/wp\/v2\/categories?post=65491"},{"taxonomy":"post_tag","embeddable":true,"href":"https:\/\/www.revistarambla.com\/en\/wp-json\/wp\/v2\/tags?post=65491"}],"curies":[{"name":"wp","href":"https:\/\/api.w.org\/{rel}","templated":true}]}}