{"id":65476,"date":"2025-06-14T23:03:09","date_gmt":"2025-06-14T21:03:09","guid":{"rendered":"https:\/\/www.revistarambla.com\/?p=65476"},"modified":"2025-06-16T14:12:19","modified_gmt":"2025-06-16T12:12:19","slug":"barcelona-dice-basta-al-genocidio-palestino-en-gaza","status":"publish","type":"post","link":"https:\/\/www.revistarambla.com\/en\/barcelona-dice-basta-al-genocidio-palestino-en-gaza\/","title":{"rendered":"Barcelona dice basta al genocidio palestino en Gaza"},"content":{"rendered":"<p>Bajo un cielo despejado y con el eco de consignas resonando en el coraz\u00f3n de la ciudad, miles de personas se congregaron este s\u00e1bado en la Plaza de la Catedral de Barcelona para participar en una movilizaci\u00f3n hist\u00f3rica contra el genocidio en Gaza. La jornada, convocada por la plataforma PararLaGuerra.es y respaldada por m\u00e1s de 100 organizaciones y personalidades del mundo de la cultura, se enmarc\u00f3 en una Jornada Estatal por el Fin del Genocidio en Palestina, que tuvo lugar simult\u00e1neamente en 125 ciudades de Espa\u00f1a. En un ambiente cargado de indignaci\u00f3n contenida pero pac\u00edfica, los manifestantes exigieron un alto el fuego definitivo, el cese del comercio de armas con Israel y el fin de lo que califican como una \u201climpieza \u00e9tnica\u201d contra el pueblo palestino.<\/p>\n<h2>Un grito unificado por la paz<\/h2>\n<p>La Plaza de la Catedral se convirti\u00f3 en el epicentro de la movilizaci\u00f3n en Barcelona. Miles de personas \u201319.000 seg\u00fan la Guardia Urbana, aunque los organizadores elevaron la cifra a 70.000\u2013 se reunieron para alzar la voz bajo el lema \u201cPor una Paz Justa. Palestina Libre. Alto el Fuego Definitivo. Ni terrorismo, ni genocidio\u201d. La manifestaci\u00f3n, que se replic\u00f3 en plazas de toda Espa\u00f1a, buscaba transformar la indignaci\u00f3n colectiva en una acci\u00f3n contundente y solidaria, como rezaba el manifiesto de PararLaGuerra.<\/p>\n<p>El acto comenz\u00f3 con la presentaci\u00f3n de un cartel creado por el reconocido artista Javier Mariscal, un s\u00edmbolo visual que captur\u00f3 la esencia de la protesta: una denuncia al horror humanitario en Gaza y una llamada a la acci\u00f3n global. Los directores de cine Susana Guardiola y Joaqu\u00edn Oristrell, presentes en el acto, leyeron la \u201cDeclaraci\u00f3n por el Fin del Genocidio\u201d, un texto firmado por figuras como Pedro Almod\u00f3var, Miguel Poveda, Ariadna Gil, Elvira Lindo y Silvia P\u00e9rez Cruz, entre otros. El manifiesto denunciaba que \u201clo que est\u00e1 ocurriendo en Gaza es un genocidio que tiene como objetivo final el exterminio y la limpieza \u00e9tnica de m\u00e1s de dos millones de gazat\u00edes, la mitad de los cuales son menores\u201d.<\/p>\n<p>La plaza se llen\u00f3 de banderas palestinas ondeando al viento, pancartas con mensajes como \u201cIsrael asesina, Europa patrocina\u201d y \u201cNo es una guerra, es un genocidio\u201d, y kufiyas \u2013el tradicional pa\u00f1uelo palestino\u2013 al cuello de los asistentes. Entre la multitud, se pod\u00edan ver familias \u00e1rabes residentes en Barcelona, activistas de movimientos sociales, estudiantes, representantes de partidos pol\u00edticos como la CUP y Comuns-Sumar, y ciudadanos de a pie, unidos por un sentimiento com\u00fan de rechazo a la violencia desmedida en Gaza.<\/p>\n<h2>El contexto: una tragedia que no cesa<\/h2>\n<p>La movilizaci\u00f3n de este 14 de junio se produce en un momento cr\u00edtico del conflicto en Gaza, donde la ofensiva israel\u00ed, iniciada tras los ataques de Ham\u00e1s el 7 de octubre de 2023, ha dejado un saldo devastador. Seg\u00fan datos de la ONU, m\u00e1s de 50.000 personas han perdido la vida, y millones han sido desplazadas de sus hogares. Los bombardeos israel\u00edes han destruido hospitales, escuelas, refugios y campos de cultivo, mientras el asedio ha condenado a la poblaci\u00f3n a una hambruna generalizada. La plataforma PararLaGuerra denunci\u00f3 en su manifiesto que \u201ctodos los d\u00edas, las tropas de Israel perpetran un sinf\u00edn de cr\u00edmenes de guerra\u201d y que el bloqueo humanitario pone en riesgo la vida de 14.000 beb\u00e9s si la ayuda no llega a tiempo.<\/p>\n<p>En este contexto, la manifestaci\u00f3n en Barcelona no solo buscaba visibilizar la tragedia palestina, sino tambi\u00e9n se\u00f1alar la complicidad de gobiernos occidentales, incluida la Uni\u00f3n Europea y Espa\u00f1a, en el conflicto. Los organizadores criticaron duramente la continuidad del comercio de armas con Israel, citando que Espa\u00f1a ha autorizado exportaciones por valor de 137 millones de euros desde el a\u00f1o 2000. Tambi\u00e9n se cuestion\u00f3 la oficina de ACCI\u00d3, organismo de la Generalitat para la internacionalizaci\u00f3n de empresas catalanas, en Tel Aviv, exigiendo su cierre inmediato como s\u00edmbolo de ruptura con las relaciones econ\u00f3micas con Israel.<\/p>\n<h2>El recorrido: de la Catedral a la Plaza Sant Jaume<\/h2>\n<p>Tras la lectura del manifiesto, la marcha comenz\u00f3 a moverse desde la Plaza de la Catedral hacia la Plaza Sant Jaume, coraz\u00f3n pol\u00edtico de Barcelona. Los manifestantes, liderados por una gran pancarta con el lema \u201cContra los genocidios y el colonialismo, par\u00e9moslo todo\u201d, avanzaron por las calles del Barrio G\u00f3tico coreando consignas como \u201cBoicot a Israel\u201d, \u201cFree, free Palestine\u201d y \u201cGeneralitat, prou complicitat\u201d. La presencia de c\u00e1nticos en \u00e1rabe y pancartas en varios idiomas reflejaba la diversidad de los asistentes, desde comunidades palestinas y libanesas hasta activistas internacionales.<\/p>\n<p>A lo largo del recorrido, la manifestaci\u00f3n pas\u00f3 frente a la sede de la Comisi\u00f3n Europea en Barcelona, donde los asistentes detuvieron la marcha para se\u00f1alar la \u201ccomplicidad\u201d de las instituciones europeas en el conflicto. \u201cEuropa patrocina\u201d fue uno de los gritos m\u00e1s repetidos, en referencia al apoyo pol\u00edtico y econ\u00f3mico que la UE sigue brindando a Israel, a pesar de las denuncias de violaciones al derecho internacional. La marcha tambi\u00e9n se detuvo frente al edificio del Departamento de Interior de la Generalitat, donde se escucharon cr\u00edticas directas al gobierno catal\u00e1n por no tomar medidas m\u00e1s contundentes contra Israel.<\/p>\n<p>La movilizaci\u00f3n transcurri\u00f3 sin incidentes, custodiada por un discreto dispositivo de los Mossos d\u2019Esquadra. A diferencia de protestas anteriores, como la ocupaci\u00f3n de un hotel propiedad de un empresario israel\u00ed en 2023, que gener\u00f3 controversia y acusaciones de antisemitismo por parte de la embajada israel\u00ed, la jornada de este s\u00e1bado se mantuvo estrictamente pac\u00edfica, centrada en la denuncia humanitaria y la exigencia de justicia.<\/p>\n<h2>Voces desde la calle<\/h2>\n<p>Entre los manifestantes, las historias personales a\u00f1ad\u00edan peso emocional a la protesta. Salah Jamal, representante de la Comunitat Palestina de Catalunya, comparti\u00f3 su testimonio: \u201cLlevo 53 a\u00f1os en Espa\u00f1a, pero mi coraz\u00f3n est\u00e1 con mi pueblo en Gaza. No podemos seguir siendo c\u00f3mplices de un estado que comete genocidio. Espa\u00f1a dice ser amiga de Palestina, pero mantiene negocios con Israel. Esto debe acabar\u201d. Su mensaje reson\u00f3 entre los asistentes, muchos de los cuales portaban carteles con frases como \u201cQui\u00e9n iba a decir que los descendientes del holocausto provocar\u00edan un genocidio\u201d.<\/p>\n<p>Aya, una joven estudiante, explic\u00f3 su participaci\u00f3n: \u201cEstoy aqu\u00ed porque el patrimonio intelectual de Gaza est\u00e1 siendo destruido. No hay escuelas, no hay universidades, no hay futuro para los ni\u00f1os. Occidente se ha quitado la m\u00e1scara al permitir esto\u201d. Por su parte, Fernando, un jubilado de 63 a\u00f1os, expres\u00f3 su frustraci\u00f3n: \u201cNuestros gobiernos nos hacen c\u00f3mplices al no actuar. No podemos normalizar este horror\u201d.<\/p>\n<h2>Un movimiento global<\/h2>\n<p>La manifestaci\u00f3n en Barcelona no fue un evento aislado. Form\u00f3 parte de una ola de movilizaciones globales que han surgido desde el inicio de la ofensiva israel\u00ed en Gaza. En ciudades como Londres, Dubl\u00edn, Kuala Lumpur y Dakar, miles de personas han salido a las calles en los \u00faltimos meses para exigir el fin del conflicto y sanciones a Israel. En Espa\u00f1a, las protestas se han intensificado desde octubre de 2023, con marchas masivas en Madrid, Valencia y otras ciudades, muchas de ellas convocadas por la Red Solidaria contra la Ocupaci\u00f3n de Palestina (RESCOP).<\/p>\n<p>El 14 de junio tambi\u00e9n coincidi\u00f3 con otras acciones en el pa\u00eds, como concentraciones en Madrid, Valencia y Granada, todas bajo el mismo lema de \u201cPor una Paz Justa\u201d. La plataforma PararLaGuerra ha creado un listado interactivo con los puntos de partida de las 125 convocatorias, facilitando la participaci\u00f3n masiva. Adem\u00e1s, el movimiento ha ganado el respaldo de figuras p\u00fablicas, desde artistas hasta sindicatos como USO, que llam\u00f3 a llenar las plazas de Espa\u00f1a en esta jornada de solidaridad.<\/p>\n<h2>Reacciones y controversias<\/h2>\n<p>La protesta no estuvo exenta de cr\u00edticas. La embajada de Israel en Espa\u00f1a ha calificado en el pasado manifestaciones similares como \u201capolog\u00eda del terrorismo\u201d o \u201cincitaci\u00f3n al odio\u201d. En esta ocasi\u00f3n, no se reportaron reacciones oficiales inmediatas, pero el precedente de 2023, cuando la ocupaci\u00f3n de un hotel en Barcelona fue se\u00f1alada como un \u201cacto antisemita\u201d por la embajadora israel\u00ed, sugiere que la narrativa oficial de Israel podr\u00eda volver a chocar con las demandas de los manifestantes. Por su parte, el alcalde de Barcelona, Jaume Collboni, ha defendido en el pasado el di\u00e1logo entre las comunidades musulmana y jud\u00eda de la ciudad, condenando cualquier acto de violencia o se\u00f1alamiento.<\/p>\n<p>La manifestaci\u00f3n concluy\u00f3 en la Plaza Sant Jaume con la lectura de poemas y un minuto de silencio en homenaje a las v\u00edctimas de Gaza, incluyendo a los periodistas que han perdido la vida documentando el conflicto. Los organizadores insistieron en que esta no ser\u00e1 la \u00faltima movilizaci\u00f3n. Con otras protestas previstas para los pr\u00f3ximos d\u00edas, como la Marcha Global a Gaza el 15 de junio y una manifestaci\u00f3n en Madrid el 20 de junio, el movimiento por Palestina en Espa\u00f1a promete mantener la presi\u00f3n.<\/p>\n<p>En un mundo donde la indiferencia y el silencio pueden ser c\u00f3mplices, la jornada del 14 de junio en Barcelona fue un recordatorio de que la solidaridad sigue siendo una fuerza poderosa. Miles de voces se unieron para decir \u201cbasta\u201d a la violencia, al colonialismo y a la complicidad internacional. Mientras las banderas palestinas ondeaban frente a la Catedral, el mensaje fue claro: la lucha por la justicia en Palestina no se detendr\u00e1 hasta que se haga realidad una paz justa y duradera.<\/p>","protected":false},"excerpt":{"rendered":"<p>Bajo un cielo despejado y con el eco de consignas resonando en el coraz\u00f3n de la ciudad, miles de personas se congregaron este s\u00e1bado en la Plaza de la Catedral de Barcelona para participar en una movilizaci\u00f3n hist\u00f3rica contra el genocidio en Gaza. La jornada, convocada por la plataforma PararLaGuerra.es [&hellip;]<\/p>\n","protected":false},"author":3,"featured_media":65477,"comment_status":"closed","ping_status":"closed","sticky":false,"template":"","format":"standard","meta":{"footnotes":""},"categories":[76],"tags":[],"class_list":["post-65476","post","type-post","status-publish","format-standard","has-post-thumbnail","hentry","category-barcelona"],"yoast_head":"<!-- This site is optimized with the Yoast SEO plugin v27.5 - https:\/\/yoast.com\/product\/yoast-seo-wordpress\/ -->\n<title>Barcelona dice basta al genocidio palestino en Gaza - Revista Rambla<\/title>\n<meta name=\"robots\" content=\"index, follow, max-snippet:-1, max-image-preview:large, max-video-preview:-1\" \/>\n<link rel=\"canonical\" href=\"https:\/\/www.revistarambla.com\/en\/barcelona-dice-basta-al-genocidio-palestino-en-gaza\/\" \/>\n<meta property=\"og:locale\" content=\"en_GB\" \/>\n<meta property=\"og:type\" content=\"article\" \/>\n<meta property=\"og:title\" content=\"Barcelona dice basta al genocidio palestino en Gaza - Revista Rambla\" \/>\n<meta property=\"og:description\" content=\"Bajo un cielo despejado y con el eco de consignas resonando en el coraz\u00f3n de la ciudad, miles de personas se congregaron este s\u00e1bado en la Plaza de la Catedral de Barcelona para participar en una movilizaci\u00f3n hist\u00f3rica contra el genocidio en Gaza. La jornada, convocada por la plataforma PararLaGuerra.es [&hellip;]\" \/>\n<meta property=\"og:url\" content=\"https:\/\/www.revistarambla.com\/en\/barcelona-dice-basta-al-genocidio-palestino-en-gaza\/\" \/>\n<meta property=\"og:site_name\" content=\"Revista Rambla\" \/>\n<meta property=\"article:publisher\" content=\"https:\/\/www.facebook.com\/revistarambla\/\" \/>\n<meta property=\"article:author\" content=\"https:\/\/www.facebook.com\/revistarambla\" \/>\n<meta property=\"article:published_time\" content=\"2025-06-14T21:03:09+00:00\" \/>\n<meta property=\"article:modified_time\" content=\"2025-06-16T12:12:19+00:00\" \/>\n<meta property=\"og:image\" content=\"https:\/\/www.revistarambla.com\/wp-content\/uploads\/2025\/06\/BARCELONA-PALESTINA-GAZA.jpg\" \/>\n\t<meta property=\"og:image:width\" content=\"1200\" \/>\n\t<meta property=\"og:image:height\" content=\"801\" \/>\n\t<meta property=\"og:image:type\" content=\"image\/jpeg\" \/>\n<meta name=\"author\" content=\"R@mbla\" \/>\n<meta name=\"twitter:card\" content=\"summary_large_image\" \/>\n<meta name=\"twitter:creator\" content=\"@revistarambla\" \/>\n<meta name=\"twitter:site\" content=\"@revistarambla\" \/>\n<meta name=\"twitter:label1\" content=\"Written by\" \/>\n\t<meta name=\"twitter:data1\" content=\"R@mbla\" \/>\n\t<meta name=\"twitter:label2\" content=\"Estimated reading time\" \/>\n\t<meta name=\"twitter:data2\" content=\"8 minutes\" \/>\n<script type=\"application\/ld+json\" class=\"yoast-schema-graph\">{\"@context\":\"https:\\\/\\\/schema.org\",\"@graph\":[{\"@type\":\"Article\",\"@id\":\"https:\\\/\\\/www.revistarambla.com\\\/barcelona-dice-basta-al-genocidio-palestino-en-gaza\\\/#article\",\"isPartOf\":{\"@id\":\"https:\\\/\\\/www.revistarambla.com\\\/barcelona-dice-basta-al-genocidio-palestino-en-gaza\\\/\"},\"author\":{\"name\":\"R@mbla\",\"@id\":\"https:\\\/\\\/www.revistarambla.com\\\/#\\\/schema\\\/person\\\/a146a5a2550b94981a75131180e1bd9c\"},\"headline\":\"Barcelona dice basta al genocidio palestino en Gaza\",\"datePublished\":\"2025-06-14T21:03:09+00:00\",\"dateModified\":\"2025-06-16T12:12:19+00:00\",\"mainEntityOfPage\":{\"@id\":\"https:\\\/\\\/www.revistarambla.com\\\/barcelona-dice-basta-al-genocidio-palestino-en-gaza\\\/\"},\"wordCount\":1616,\"publisher\":{\"@id\":\"https:\\\/\\\/www.revistarambla.com\\\/#organization\"},\"image\":{\"@id\":\"https:\\\/\\\/www.revistarambla.com\\\/barcelona-dice-basta-al-genocidio-palestino-en-gaza\\\/#primaryimage\"},\"thumbnailUrl\":\"https:\\\/\\\/www.revistarambla.com\\\/wp-content\\\/uploads\\\/2025\\\/06\\\/BARCELONA-PALESTINA-GAZA.jpg\",\"articleSection\":[\"Barcelona\"],\"inLanguage\":\"en-GB\"},{\"@type\":\"WebPage\",\"@id\":\"https:\\\/\\\/www.revistarambla.com\\\/barcelona-dice-basta-al-genocidio-palestino-en-gaza\\\/\",\"url\":\"https:\\\/\\\/www.revistarambla.com\\\/barcelona-dice-basta-al-genocidio-palestino-en-gaza\\\/\",\"name\":\"Barcelona dice basta al genocidio palestino en Gaza - Revista Rambla\",\"isPartOf\":{\"@id\":\"https:\\\/\\\/www.revistarambla.com\\\/#website\"},\"primaryImageOfPage\":{\"@id\":\"https:\\\/\\\/www.revistarambla.com\\\/barcelona-dice-basta-al-genocidio-palestino-en-gaza\\\/#primaryimage\"},\"image\":{\"@id\":\"https:\\\/\\\/www.revistarambla.com\\\/barcelona-dice-basta-al-genocidio-palestino-en-gaza\\\/#primaryimage\"},\"thumbnailUrl\":\"https:\\\/\\\/www.revistarambla.com\\\/wp-content\\\/uploads\\\/2025\\\/06\\\/BARCELONA-PALESTINA-GAZA.jpg\",\"datePublished\":\"2025-06-14T21:03:09+00:00\",\"dateModified\":\"2025-06-16T12:12:19+00:00\",\"breadcrumb\":{\"@id\":\"https:\\\/\\\/www.revistarambla.com\\\/barcelona-dice-basta-al-genocidio-palestino-en-gaza\\\/#breadcrumb\"},\"inLanguage\":\"en-GB\",\"potentialAction\":[{\"@type\":\"ReadAction\",\"target\":[\"https:\\\/\\\/www.revistarambla.com\\\/barcelona-dice-basta-al-genocidio-palestino-en-gaza\\\/\"]}]},{\"@type\":\"ImageObject\",\"inLanguage\":\"en-GB\",\"@id\":\"https:\\\/\\\/www.revistarambla.com\\\/barcelona-dice-basta-al-genocidio-palestino-en-gaza\\\/#primaryimage\",\"url\":\"https:\\\/\\\/www.revistarambla.com\\\/wp-content\\\/uploads\\\/2025\\\/06\\\/BARCELONA-PALESTINA-GAZA.jpg\",\"contentUrl\":\"https:\\\/\\\/www.revistarambla.com\\\/wp-content\\\/uploads\\\/2025\\\/06\\\/BARCELONA-PALESTINA-GAZA.jpg\",\"width\":1200,\"height\":801,\"caption\":\"BARCELONA PALESTINA GAZA\"},{\"@type\":\"BreadcrumbList\",\"@id\":\"https:\\\/\\\/www.revistarambla.com\\\/barcelona-dice-basta-al-genocidio-palestino-en-gaza\\\/#breadcrumb\",\"itemListElement\":[{\"@type\":\"ListItem\",\"position\":1,\"name\":\"Portada\",\"item\":\"https:\\\/\\\/www.revistarambla.com\\\/\"},{\"@type\":\"ListItem\",\"position\":2,\"name\":\"Barcelona dice basta al genocidio palestino en Gaza\"}]},{\"@type\":\"WebSite\",\"@id\":\"https:\\\/\\\/www.revistarambla.com\\\/#website\",\"url\":\"https:\\\/\\\/www.revistarambla.com\\\/\",\"name\":\"Revista Rambla Barcelona\",\"description\":\"Periodismo independiente\",\"publisher\":{\"@id\":\"https:\\\/\\\/www.revistarambla.com\\\/#organization\"},\"potentialAction\":[{\"@type\":\"SearchAction\",\"target\":{\"@type\":\"EntryPoint\",\"urlTemplate\":\"https:\\\/\\\/www.revistarambla.com\\\/?s={search_term_string}\"},\"query-input\":{\"@type\":\"PropertyValueSpecification\",\"valueRequired\":true,\"valueName\":\"search_term_string\"}}],\"inLanguage\":\"en-GB\"},{\"@type\":\"Organization\",\"@id\":\"https:\\\/\\\/www.revistarambla.com\\\/#organization\",\"name\":\"Revista Rambla\",\"url\":\"https:\\\/\\\/www.revistarambla.com\\\/\",\"logo\":{\"@type\":\"ImageObject\",\"inLanguage\":\"en-GB\",\"@id\":\"https:\\\/\\\/www.revistarambla.com\\\/#\\\/schema\\\/logo\\\/image\\\/\",\"url\":\"https:\\\/\\\/www.revistarambla.com\\\/wp-content\\\/uploads\\\/2020\\\/09\\\/banner_rambla_1900x600_BB.png\",\"contentUrl\":\"https:\\\/\\\/www.revistarambla.com\\\/wp-content\\\/uploads\\\/2020\\\/09\\\/banner_rambla_1900x600_BB.png\",\"width\":1900,\"height\":600,\"caption\":\"Revista Rambla\"},\"image\":{\"@id\":\"https:\\\/\\\/www.revistarambla.com\\\/#\\\/schema\\\/logo\\\/image\\\/\"},\"sameAs\":[\"https:\\\/\\\/www.facebook.com\\\/revistarambla\\\/\",\"https:\\\/\\\/x.com\\\/revistarambla\",\"https:\\\/\\\/www.instagram.com\\\/revista_rambla\",\"https:\\\/\\\/es.linkedin.com\\\/company\\\/revista-rambla\"]},{\"@type\":\"Person\",\"@id\":\"https:\\\/\\\/www.revistarambla.com\\\/#\\\/schema\\\/person\\\/a146a5a2550b94981a75131180e1bd9c\",\"name\":\"R@mbla\",\"description\":\"Este art\u00edculo ha sido redactado y\\\/o validado por el equipo de redacci\u00f3n de Revista Rambla.\",\"sameAs\":[\"https:\\\/\\\/www.revistarambla.com\\\/\",\"https:\\\/\\\/www.facebook.com\\\/revistarambla\",\"https:\\\/\\\/x.com\\\/revistarambla\"]}]}<\/script>\n<!-- \/ Yoast SEO plugin. -->","yoast_head_json":{"title":"Barcelona dice basta al genocidio palestino en Gaza - Revista Rambla","robots":{"index":"index","follow":"follow","max-snippet":"max-snippet:-1","max-image-preview":"max-image-preview:large","max-video-preview":"max-video-preview:-1"},"canonical":"https:\/\/www.revistarambla.com\/en\/barcelona-dice-basta-al-genocidio-palestino-en-gaza\/","og_locale":"en_GB","og_type":"article","og_title":"Barcelona dice basta al genocidio palestino en Gaza - Revista Rambla","og_description":"Bajo un cielo despejado y con el eco de consignas resonando en el coraz\u00f3n de la ciudad, miles de personas se congregaron este s\u00e1bado en la Plaza de la Catedral de Barcelona para participar en una movilizaci\u00f3n hist\u00f3rica contra el genocidio en Gaza. La jornada, convocada por la plataforma PararLaGuerra.es [&hellip;]","og_url":"https:\/\/www.revistarambla.com\/en\/barcelona-dice-basta-al-genocidio-palestino-en-gaza\/","og_site_name":"Revista Rambla","article_publisher":"https:\/\/www.facebook.com\/revistarambla\/","article_author":"https:\/\/www.facebook.com\/revistarambla","article_published_time":"2025-06-14T21:03:09+00:00","article_modified_time":"2025-06-16T12:12:19+00:00","og_image":[{"width":1200,"height":801,"url":"https:\/\/www.revistarambla.com\/wp-content\/uploads\/2025\/06\/BARCELONA-PALESTINA-GAZA.jpg","type":"image\/jpeg"}],"author":"R@mbla","twitter_card":"summary_large_image","twitter_creator":"@revistarambla","twitter_site":"@revistarambla","twitter_misc":{"Written by":"R@mbla","Estimated reading time":"8 minutes"},"schema":{"@context":"https:\/\/schema.org","@graph":[{"@type":"Article","@id":"https:\/\/www.revistarambla.com\/barcelona-dice-basta-al-genocidio-palestino-en-gaza\/#article","isPartOf":{"@id":"https:\/\/www.revistarambla.com\/barcelona-dice-basta-al-genocidio-palestino-en-gaza\/"},"author":{"name":"R@mbla","@id":"https:\/\/www.revistarambla.com\/#\/schema\/person\/a146a5a2550b94981a75131180e1bd9c"},"headline":"Barcelona dice basta al genocidio palestino en Gaza","datePublished":"2025-06-14T21:03:09+00:00","dateModified":"2025-06-16T12:12:19+00:00","mainEntityOfPage":{"@id":"https:\/\/www.revistarambla.com\/barcelona-dice-basta-al-genocidio-palestino-en-gaza\/"},"wordCount":1616,"publisher":{"@id":"https:\/\/www.revistarambla.com\/#organization"},"image":{"@id":"https:\/\/www.revistarambla.com\/barcelona-dice-basta-al-genocidio-palestino-en-gaza\/#primaryimage"},"thumbnailUrl":"https:\/\/www.revistarambla.com\/wp-content\/uploads\/2025\/06\/BARCELONA-PALESTINA-GAZA.jpg","articleSection":["Barcelona"],"inLanguage":"en-GB"},{"@type":"WebPage","@id":"https:\/\/www.revistarambla.com\/barcelona-dice-basta-al-genocidio-palestino-en-gaza\/","url":"https:\/\/www.revistarambla.com\/barcelona-dice-basta-al-genocidio-palestino-en-gaza\/","name":"Barcelona dice basta al genocidio palestino en Gaza - Revista Rambla","isPartOf":{"@id":"https:\/\/www.revistarambla.com\/#website"},"primaryImageOfPage":{"@id":"https:\/\/www.revistarambla.com\/barcelona-dice-basta-al-genocidio-palestino-en-gaza\/#primaryimage"},"image":{"@id":"https:\/\/www.revistarambla.com\/barcelona-dice-basta-al-genocidio-palestino-en-gaza\/#primaryimage"},"thumbnailUrl":"https:\/\/www.revistarambla.com\/wp-content\/uploads\/2025\/06\/BARCELONA-PALESTINA-GAZA.jpg","datePublished":"2025-06-14T21:03:09+00:00","dateModified":"2025-06-16T12:12:19+00:00","breadcrumb":{"@id":"https:\/\/www.revistarambla.com\/barcelona-dice-basta-al-genocidio-palestino-en-gaza\/#breadcrumb"},"inLanguage":"en-GB","potentialAction":[{"@type":"ReadAction","target":["https:\/\/www.revistarambla.com\/barcelona-dice-basta-al-genocidio-palestino-en-gaza\/"]}]},{"@type":"ImageObject","inLanguage":"en-GB","@id":"https:\/\/www.revistarambla.com\/barcelona-dice-basta-al-genocidio-palestino-en-gaza\/#primaryimage","url":"https:\/\/www.revistarambla.com\/wp-content\/uploads\/2025\/06\/BARCELONA-PALESTINA-GAZA.jpg","contentUrl":"https:\/\/www.revistarambla.com\/wp-content\/uploads\/2025\/06\/BARCELONA-PALESTINA-GAZA.jpg","width":1200,"height":801,"caption":"BARCELONA PALESTINA GAZA"},{"@type":"BreadcrumbList","@id":"https:\/\/www.revistarambla.com\/barcelona-dice-basta-al-genocidio-palestino-en-gaza\/#breadcrumb","itemListElement":[{"@type":"ListItem","position":1,"name":"Portada","item":"https:\/\/www.revistarambla.com\/"},{"@type":"ListItem","position":2,"name":"Barcelona dice basta al genocidio palestino en Gaza"}]},{"@type":"WebSite","@id":"https:\/\/www.revistarambla.com\/#website","url":"https:\/\/www.revistarambla.com\/","name":"Revista Rambla Barcelona","description":"Periodismo independiente","publisher":{"@id":"https:\/\/www.revistarambla.com\/#organization"},"potentialAction":[{"@type":"SearchAction","target":{"@type":"EntryPoint","urlTemplate":"https:\/\/www.revistarambla.com\/?s={search_term_string}"},"query-input":{"@type":"PropertyValueSpecification","valueRequired":true,"valueName":"search_term_string"}}],"inLanguage":"en-GB"},{"@type":"Organization","@id":"https:\/\/www.revistarambla.com\/#organization","name":"Revista Rambla","url":"https:\/\/www.revistarambla.com\/","logo":{"@type":"ImageObject","inLanguage":"en-GB","@id":"https:\/\/www.revistarambla.com\/#\/schema\/logo\/image\/","url":"https:\/\/www.revistarambla.com\/wp-content\/uploads\/2020\/09\/banner_rambla_1900x600_BB.png","contentUrl":"https:\/\/www.revistarambla.com\/wp-content\/uploads\/2020\/09\/banner_rambla_1900x600_BB.png","width":1900,"height":600,"caption":"Revista Rambla"},"image":{"@id":"https:\/\/www.revistarambla.com\/#\/schema\/logo\/image\/"},"sameAs":["https:\/\/www.facebook.com\/revistarambla\/","https:\/\/x.com\/revistarambla","https:\/\/www.instagram.com\/revista_rambla","https:\/\/es.linkedin.com\/company\/revista-rambla"]},{"@type":"Person","@id":"https:\/\/www.revistarambla.com\/#\/schema\/person\/a146a5a2550b94981a75131180e1bd9c","name":"R@mbla","description":"Este art\u00edculo ha sido redactado y\/o validado por el equipo de redacci\u00f3n de Revista Rambla.","sameAs":["https:\/\/www.revistarambla.com\/","https:\/\/www.facebook.com\/revistarambla","https:\/\/x.com\/revistarambla"]}]}},"_links":{"self":[{"href":"https:\/\/www.revistarambla.com\/en\/wp-json\/wp\/v2\/posts\/65476","targetHints":{"allow":["GET"]}}],"collection":[{"href":"https:\/\/www.revistarambla.com\/en\/wp-json\/wp\/v2\/posts"}],"about":[{"href":"https:\/\/www.revistarambla.com\/en\/wp-json\/wp\/v2\/types\/post"}],"author":[{"embeddable":true,"href":"https:\/\/www.revistarambla.com\/en\/wp-json\/wp\/v2\/users\/3"}],"replies":[{"embeddable":true,"href":"https:\/\/www.revistarambla.com\/en\/wp-json\/wp\/v2\/comments?post=65476"}],"version-history":[{"count":1,"href":"https:\/\/www.revistarambla.com\/en\/wp-json\/wp\/v2\/posts\/65476\/revisions"}],"predecessor-version":[{"id":65478,"href":"https:\/\/www.revistarambla.com\/en\/wp-json\/wp\/v2\/posts\/65476\/revisions\/65478"}],"wp:featuredmedia":[{"embeddable":true,"href":"https:\/\/www.revistarambla.com\/en\/wp-json\/wp\/v2\/media\/65477"}],"wp:attachment":[{"href":"https:\/\/www.revistarambla.com\/en\/wp-json\/wp\/v2\/media?parent=65476"}],"wp:term":[{"taxonomy":"category","embeddable":true,"href":"https:\/\/www.revistarambla.com\/en\/wp-json\/wp\/v2\/categories?post=65476"},{"taxonomy":"post_tag","embeddable":true,"href":"https:\/\/www.revistarambla.com\/en\/wp-json\/wp\/v2\/tags?post=65476"}],"curies":[{"name":"wp","href":"https:\/\/api.w.org\/{rel}","templated":true}]}}