{"id":65452,"date":"2025-06-14T10:59:35","date_gmt":"2025-06-14T08:59:35","guid":{"rendered":"https:\/\/www.revistarambla.com\/?p=65452"},"modified":"2025-06-14T10:59:35","modified_gmt":"2025-06-14T08:59:35","slug":"detectados-en-barcelona-722-casos-de-malos-tratos-a-personas-mayores-en-2024","status":"publish","type":"post","link":"https:\/\/www.revistarambla.com\/en\/detectados-en-barcelona-722-casos-de-malos-tratos-a-personas-mayores-en-2024\/","title":{"rendered":"Detectados en Barcelona 722 casos de malos tratos a personas mayores en 2024"},"content":{"rendered":"<p>La demarcaci\u00f3n de Barcelona se encuentra frente a una realidad inquietante que pone en jaque la dignidad de sus personas mayores. Seg\u00fan datos revelados por la Diputaci\u00f3n de Barcelona y difundidos por la agencia ACN el 13 de junio de 2025, se detectaron 722 casos de malos tratos a personas mayores durante el a\u00f1o 2024. Esta cifra, que refleja un aumento significativo respecto a a\u00f1os anteriores, pone de manifiesto una problem\u00e1tica que, a menudo, permanece oculta tras las puertas de los hogares y las instituciones. Las formas de maltrato m\u00e1s prevalentes son de naturaleza psicol\u00f3gica, representando el 70,4% de los casos, seguidas por el maltrato econ\u00f3mico, que afecta al 50,1%. Adem\u00e1s, un dato alarmante indica que una de cada cuatro v\u00edctimas tiene entre 80 y 84 a\u00f1os, un grupo de edad particularmente vulnerable.<\/p>\n<h2>Un panorama alarmante<\/h2>\n<p>Los 722 casos registrados en 2024 marcan un punto de inflexi\u00f3n en la percepci\u00f3n del maltrato a personas mayores en la provincia. Comparados con a\u00f1os previos, como los 440 casos de 2017 o los 392 de 2019, el incremento sugiere que la detecci\u00f3n est\u00e1 mejorando, pero tambi\u00e9n que la incidencia podr\u00eda estar creciendo. La Diputaci\u00f3n, a trav\u00e9s de su grupo de trabajo contra el maltrato a las personas mayores \u2014impulsado desde 2011\u2014, ha identificado que el entorno familiar es el principal escenario de estos abusos, un hecho que complica su visibilizaci\u00f3n y denuncia.<\/p>\n<p>El maltrato psicol\u00f3gico, que domina con un 70,4%, incluye comportamientos como humillaciones, amenazas o aislamiento emocional, dejando cicatrices invisibles pero profundas. El maltrato econ\u00f3mico, presente en el 50,1% de los casos, abarca desde el control indebido de pensiones hasta el desv\u00edo de recursos para fines personales por parte de cuidadores o familiares. Otras formas, como la negligencia (25,2%) y el maltrato f\u00edsico (22,3%), aunque menos frecuentes, agravan el cuadro de una poblaci\u00f3n que merece protecci\u00f3n y respeto.<\/p>\n<h2>El perfil de las v\u00edctimas<\/h2>\n<p>La franja de edad de 80 a 84 a\u00f1os destaca como especialmente vulnerable, representando el 22,4% de los casos. Este grupo, que a menudo enfrenta limitaciones f\u00edsicas y dependencia, se encuentra en una posici\u00f3n de riesgo agravada por el deterioro cognitivo, presente en un 34,2% de las v\u00edctimas. La mayor\u00eda de estas personas viven acompa\u00f1adas \u2014el 89,6% seg\u00fan los datos\u2014, y cerca de la mitad convive con sus hijos, lo que sugiere que los maltratadores suelen ser miembros del n\u00facleo familiar m\u00e1s cercano.<\/p>\n<p>Las mujeres constituyen una proporci\u00f3n significativa de las v\u00edctimas, un patr\u00f3n que se repite en estudios anteriores y que refleja la intersecci\u00f3n entre edadismo y desigualdades de g\u00e9nero. La dependencia econ\u00f3mica y la soledad no deseada emergen como factores de riesgo clave, mientras que el aislamiento social, com\u00fan en esta etapa de la vida, dificulta que las v\u00edctimas busquen ayuda. La Diputaci\u00f3n subraya que el 94% de las personas maltratadas tienen ingresos, lo que indica que el problema trasciende las barreras econ\u00f3micas y afecta a diversos estratos sociales.<\/p>\n<h2>Factores subyacentes<\/h2>\n<p>La ra\u00edz de esta crisis es multifac\u00e9tica. El envejecimiento de la poblaci\u00f3n, un fen\u00f3meno global que en Barcelona se acelera con el aumento de la esperanza de vida, plantea desaf\u00edos estructurales. Se estima que para 2030, las personas mayores de 65 a\u00f1os representar\u00e1n una cuarta parte de la poblaci\u00f3n catalana, un cambio demogr\u00e1fico que exige recursos y pol\u00edticas adaptadas. Sin embargo, la falta de formaci\u00f3n y apoyo para cuidadores familiares, combinada con la presi\u00f3n econ\u00f3mica, crea un caldo de cultivo para el maltrato.<\/p>\n<p>El estr\u00e9s de cuidar a una persona dependiente, especialmente en hogares con recursos limitados, puede derivar en conductas abusivas, incluso sin intenci\u00f3n maliciosa. A esto se suma el edadismo, un prejuicio arraigado que desvaloriza a los mayores, normalizando actitudes de desprecio o negligencia. La pandemia de COVID-19, con su impacto en el aislamiento y la salud mental, pudo haber exacerbado estas din\u00e1micas, dejando secuelas que persisten en 2024.<\/p>\n<h2>El rol de los servicios de teleasistencia<\/h2>\n<p>Un pilar clave en la detecci\u00f3n ha sido el Servicio Local de Teleasistencia (SLT), que en 2024 identific\u00f3 290 casos de alto riesgo, equivalentes al 40% del total. Este servicio, que gestion\u00f3 480 llamadas de emergencia relacionadas con violencia o conflictos \u2014el 90% de las cuales derivaron en aceptaci\u00f3n de apoyo\u2014, demuestra su eficacia como herramienta preventiva. Desde su implementaci\u00f3n en 2016, el SLT ha evaluado 3.640 situaciones con indicios de maltrato, consolid\u00e1ndose como un recurso esencial para romper el silencio que rodea esta problem\u00e1tica.<\/p>\n<p>Sin embargo, la detecci\u00f3n no siempre equivale a resoluci\u00f3n. La falta de coordinaci\u00f3n entre servicios sociales, sanitarios y judiciales sigue siendo un obst\u00e1culo. Muchas v\u00edctimas rechazan la intervenci\u00f3n por verg\u00fcenza o miedo a represalias, mientras que los procedimientos legales para protegerlas pueden ser lentos, dejando a los mayores en situaciones de vulnerabilidad prolongada.<\/p>\n<h2>Respuestas institucionales y comunitarias<\/h2>\n<p>La Diputaci\u00f3n de Barcelona ha intensificado sus esfuerzos con el grupo de trabajo contra el maltrato, que integra a 278 municipios \u2014el 89% de la provincia\u2014. Este organismo promueve protocolos de intervenci\u00f3n, formaci\u00f3n para profesionales y campa\u00f1as de sensibilizaci\u00f3n, aline\u00e1ndose con el D\u00eda Mundial de Toma de Conciencia del Abuso y Maltrato en la Vejez, que se celebra el 15 de junio. La iniciativa busca no solo detectar casos, sino prevenirlos mediante la educaci\u00f3n y el fortalecimiento de redes comunitarias.<\/p>\n<p>A nivel municipal, el Ayuntamiento de Barcelona ha reforzado su Estrategia de Cambio Demogr\u00e1fico y Envejecimiento, que incluye el buen trato como objetivo central. Programas como el Servicio de Atenci\u00f3n Domiciliaria (SAD), con m\u00e1s de 20.000 usuarios, y convenios con el Consorcio Sanitario de Barcelona buscan mejorar la coordinaci\u00f3n entre sectores. Sin embargo, las asociaciones locales advierten que estos esfuerzos son insuficientes sin una inversi\u00f3n sostenida y una reforma legislativa que priorice los derechos de los mayores.<\/p>\n<h2>La voz de la sociedad civil<\/h2>\n<p>Organizaciones como el Sindicat de Llogaters y asociaciones de derechos humanos han elevado la voz, vinculando el maltrato a las personas mayores con la crisis habitacional y la precariedad econ\u00f3mica. Casos como el reciente suicidio de un hombre de 73 a\u00f1os en el Raval, desahuciado y aislado, ilustran c\u00f3mo la vulnerabilidad habitacional puede agravar otros tipos de abuso. Estas entidades exigen alojamientos espec\u00edficos para aislar a las v\u00edctimas de sus agresores y un tel\u00e9fono de atenci\u00f3n especializado, demandas que resuenan en un contexto de creciente conciencia social.<\/p>\n<p>La comunidad tambi\u00e9n juega un papel crucial. Vecinos y voluntarios han impulsado iniciativas de acompa\u00f1amiento, rompiendo el aislamiento que facilita el maltrato. Sin embargo, la estigmatizaci\u00f3n y el silencio cultural siguen siendo barreras. Como se\u00f1ala la OMS, el maltrato a los mayores es la tercera forma de discriminaci\u00f3n m\u00e1s com\u00fan tras el racismo y el sexismo, un hecho que requiere una transformaci\u00f3n profunda en las actitudes sociales.<\/p>\n<h2>Desaf\u00edos futuros<\/h2>\n<p>El aumento de casos detectados en 2024 plantea retos inmediatos. La formaci\u00f3n de jueces y fiscales en maltrato geri\u00e1trico, la creaci\u00f3n de equipos multidisciplinares y la agilizaci\u00f3n de procesos judiciales son prioridades urgentes. Adem\u00e1s, la prevenci\u00f3n debe empezar desde edades tempranas, empoderando a las personas para establecer l\u00edmites y planificar su cuidado futuro, como sugiere el movimiento \u201cEl Buen Trato nos hace Grandes\u201d.<\/p>\n<p>La Diputaci\u00f3n estima que, con una poblaci\u00f3n envejecida en crecimiento, los casos podr\u00edan duplicarse en la pr\u00f3xima d\u00e9cada si no se act\u00faa. Esto exige no solo m\u00e1s recursos, sino un cambio cultural que valore la experiencia y la autonom\u00eda de los mayores. La tecnolog\u00eda, como la teleasistencia avanzada, y la educaci\u00f3n intergeneracional podr\u00edan ser aliadas clave, siempre que se acompa\u00f1en de pol\u00edticas inclusivas.<\/p>\n<h2>Una llamada a la acci\u00f3n<\/h2>\n<p>Barcelona, conocida por su dinamismo y solidaridad, enfrenta un espejo inc\u00f3modo con estos 722 casos. La cifra no es solo un n\u00famero, sino el reflejo de historias de sufrimiento silenciado. La sociedad debe responder con empat\u00eda y compromiso, asegurando que los mayores no sean relegados a las sombras. Desde las instituciones hasta los hogares, el desaf\u00edo es claro: transformar el maltrato en buen trato, reconociendo que la dignidad no tiene edad.<\/p>\n<p>A medida que se acerca el D\u00eda Mundial de Toma de Conciencia, el 15 de junio, la ciudad tiene la oportunidad de reafirmar su compromiso. La prevenci\u00f3n, la detecci\u00f3n y la protecci\u00f3n deben ser pilares de una Barcelona que cuida, donde los 722 casos de 2024 no sean un recordatorio de fracaso, sino un punto de partida para un futuro m\u00e1s justo. La pregunta que queda en el aire es si la voluntad pol\u00edtica y social estar\u00e1 a la altura de esta tarea.<\/p>","protected":false},"excerpt":{"rendered":"<p>La demarcaci\u00f3n de Barcelona se encuentra frente a una realidad inquietante que pone en jaque la dignidad de sus personas mayores. Seg\u00fan datos revelados por la Diputaci\u00f3n de Barcelona y difundidos por la agencia ACN el 13 de junio de 2025, se detectaron 722 casos de malos tratos a personas [&hellip;]<\/p>\n","protected":false},"author":3,"featured_media":65453,"comment_status":"closed","ping_status":"closed","sticky":false,"template":"","format":"standard","meta":{"footnotes":""},"categories":[76],"tags":[],"class_list":["post-65452","post","type-post","status-publish","format-standard","has-post-thumbnail","hentry","category-barcelona"],"yoast_head":"<!-- This site is optimized with the Yoast SEO plugin v27.5 - https:\/\/yoast.com\/product\/yoast-seo-wordpress\/ -->\n<title>Detectados en Barcelona 722 casos de malos tratos a personas mayores en 2024 - Revista Rambla<\/title>\n<meta name=\"robots\" content=\"index, follow, max-snippet:-1, max-image-preview:large, max-video-preview:-1\" \/>\n<link rel=\"canonical\" href=\"https:\/\/www.revistarambla.com\/en\/detectados-en-barcelona-722-casos-de-malos-tratos-a-personas-mayores-en-2024\/\" \/>\n<meta property=\"og:locale\" content=\"en_GB\" \/>\n<meta property=\"og:type\" content=\"article\" \/>\n<meta property=\"og:title\" content=\"Detectados en Barcelona 722 casos de malos tratos a personas mayores en 2024 - Revista Rambla\" \/>\n<meta property=\"og:description\" content=\"La demarcaci\u00f3n de Barcelona se encuentra frente a una realidad inquietante que pone en jaque la dignidad de sus personas mayores. Seg\u00fan datos revelados por la Diputaci\u00f3n de Barcelona y difundidos por la agencia ACN el 13 de junio de 2025, se detectaron 722 casos de malos tratos a personas [&hellip;]\" \/>\n<meta property=\"og:url\" content=\"https:\/\/www.revistarambla.com\/en\/detectados-en-barcelona-722-casos-de-malos-tratos-a-personas-mayores-en-2024\/\" \/>\n<meta property=\"og:site_name\" content=\"Revista Rambla\" \/>\n<meta property=\"article:publisher\" content=\"https:\/\/www.facebook.com\/revistarambla\/\" \/>\n<meta property=\"article:author\" content=\"https:\/\/www.facebook.com\/revistarambla\" \/>\n<meta property=\"article:published_time\" content=\"2025-06-14T08:59:35+00:00\" \/>\n<meta property=\"og:image\" content=\"https:\/\/www.revistarambla.com\/wp-content\/uploads\/2025\/06\/malos-tratos-a-personas-mayores.jpeg\" \/>\n\t<meta property=\"og:image:width\" content=\"760\" \/>\n\t<meta property=\"og:image:height\" content=\"428\" \/>\n\t<meta property=\"og:image:type\" content=\"image\/jpeg\" \/>\n<meta name=\"author\" content=\"R@mbla\" \/>\n<meta name=\"twitter:card\" content=\"summary_large_image\" \/>\n<meta name=\"twitter:creator\" content=\"@revistarambla\" \/>\n<meta name=\"twitter:site\" content=\"@revistarambla\" \/>\n<meta name=\"twitter:label1\" content=\"Written by\" \/>\n\t<meta name=\"twitter:data1\" content=\"R@mbla\" \/>\n\t<meta name=\"twitter:label2\" content=\"Estimated reading time\" \/>\n\t<meta name=\"twitter:data2\" content=\"7 minutes\" \/>\n<script type=\"application\/ld+json\" class=\"yoast-schema-graph\">{\"@context\":\"https:\\\/\\\/schema.org\",\"@graph\":[{\"@type\":\"Article\",\"@id\":\"https:\\\/\\\/www.revistarambla.com\\\/detectados-en-barcelona-722-casos-de-malos-tratos-a-personas-mayores-en-2024\\\/#article\",\"isPartOf\":{\"@id\":\"https:\\\/\\\/www.revistarambla.com\\\/detectados-en-barcelona-722-casos-de-malos-tratos-a-personas-mayores-en-2024\\\/\"},\"author\":{\"name\":\"R@mbla\",\"@id\":\"https:\\\/\\\/www.revistarambla.com\\\/#\\\/schema\\\/person\\\/a146a5a2550b94981a75131180e1bd9c\"},\"headline\":\"Detectados en Barcelona 722 casos de malos tratos a personas mayores en 2024\",\"datePublished\":\"2025-06-14T08:59:35+00:00\",\"mainEntityOfPage\":{\"@id\":\"https:\\\/\\\/www.revistarambla.com\\\/detectados-en-barcelona-722-casos-de-malos-tratos-a-personas-mayores-en-2024\\\/\"},\"wordCount\":1489,\"publisher\":{\"@id\":\"https:\\\/\\\/www.revistarambla.com\\\/#organization\"},\"image\":{\"@id\":\"https:\\\/\\\/www.revistarambla.com\\\/detectados-en-barcelona-722-casos-de-malos-tratos-a-personas-mayores-en-2024\\\/#primaryimage\"},\"thumbnailUrl\":\"https:\\\/\\\/www.revistarambla.com\\\/wp-content\\\/uploads\\\/2025\\\/06\\\/malos-tratos-a-personas-mayores.jpeg\",\"articleSection\":[\"Barcelona\"],\"inLanguage\":\"en-GB\"},{\"@type\":\"WebPage\",\"@id\":\"https:\\\/\\\/www.revistarambla.com\\\/detectados-en-barcelona-722-casos-de-malos-tratos-a-personas-mayores-en-2024\\\/\",\"url\":\"https:\\\/\\\/www.revistarambla.com\\\/detectados-en-barcelona-722-casos-de-malos-tratos-a-personas-mayores-en-2024\\\/\",\"name\":\"Detectados en Barcelona 722 casos de malos tratos a personas mayores en 2024 - Revista Rambla\",\"isPartOf\":{\"@id\":\"https:\\\/\\\/www.revistarambla.com\\\/#website\"},\"primaryImageOfPage\":{\"@id\":\"https:\\\/\\\/www.revistarambla.com\\\/detectados-en-barcelona-722-casos-de-malos-tratos-a-personas-mayores-en-2024\\\/#primaryimage\"},\"image\":{\"@id\":\"https:\\\/\\\/www.revistarambla.com\\\/detectados-en-barcelona-722-casos-de-malos-tratos-a-personas-mayores-en-2024\\\/#primaryimage\"},\"thumbnailUrl\":\"https:\\\/\\\/www.revistarambla.com\\\/wp-content\\\/uploads\\\/2025\\\/06\\\/malos-tratos-a-personas-mayores.jpeg\",\"datePublished\":\"2025-06-14T08:59:35+00:00\",\"breadcrumb\":{\"@id\":\"https:\\\/\\\/www.revistarambla.com\\\/detectados-en-barcelona-722-casos-de-malos-tratos-a-personas-mayores-en-2024\\\/#breadcrumb\"},\"inLanguage\":\"en-GB\",\"potentialAction\":[{\"@type\":\"ReadAction\",\"target\":[\"https:\\\/\\\/www.revistarambla.com\\\/detectados-en-barcelona-722-casos-de-malos-tratos-a-personas-mayores-en-2024\\\/\"]}]},{\"@type\":\"ImageObject\",\"inLanguage\":\"en-GB\",\"@id\":\"https:\\\/\\\/www.revistarambla.com\\\/detectados-en-barcelona-722-casos-de-malos-tratos-a-personas-mayores-en-2024\\\/#primaryimage\",\"url\":\"https:\\\/\\\/www.revistarambla.com\\\/wp-content\\\/uploads\\\/2025\\\/06\\\/malos-tratos-a-personas-mayores.jpeg\",\"contentUrl\":\"https:\\\/\\\/www.revistarambla.com\\\/wp-content\\\/uploads\\\/2025\\\/06\\\/malos-tratos-a-personas-mayores.jpeg\",\"width\":760,\"height\":428,\"caption\":\"malos tratos a personas mayores\"},{\"@type\":\"BreadcrumbList\",\"@id\":\"https:\\\/\\\/www.revistarambla.com\\\/detectados-en-barcelona-722-casos-de-malos-tratos-a-personas-mayores-en-2024\\\/#breadcrumb\",\"itemListElement\":[{\"@type\":\"ListItem\",\"position\":1,\"name\":\"Portada\",\"item\":\"https:\\\/\\\/www.revistarambla.com\\\/\"},{\"@type\":\"ListItem\",\"position\":2,\"name\":\"Detectados en Barcelona 722 casos de malos tratos a personas mayores en 2024\"}]},{\"@type\":\"WebSite\",\"@id\":\"https:\\\/\\\/www.revistarambla.com\\\/#website\",\"url\":\"https:\\\/\\\/www.revistarambla.com\\\/\",\"name\":\"Revista Rambla Barcelona\",\"description\":\"Periodismo independiente\",\"publisher\":{\"@id\":\"https:\\\/\\\/www.revistarambla.com\\\/#organization\"},\"potentialAction\":[{\"@type\":\"SearchAction\",\"target\":{\"@type\":\"EntryPoint\",\"urlTemplate\":\"https:\\\/\\\/www.revistarambla.com\\\/?s={search_term_string}\"},\"query-input\":{\"@type\":\"PropertyValueSpecification\",\"valueRequired\":true,\"valueName\":\"search_term_string\"}}],\"inLanguage\":\"en-GB\"},{\"@type\":\"Organization\",\"@id\":\"https:\\\/\\\/www.revistarambla.com\\\/#organization\",\"name\":\"Revista Rambla\",\"url\":\"https:\\\/\\\/www.revistarambla.com\\\/\",\"logo\":{\"@type\":\"ImageObject\",\"inLanguage\":\"en-GB\",\"@id\":\"https:\\\/\\\/www.revistarambla.com\\\/#\\\/schema\\\/logo\\\/image\\\/\",\"url\":\"https:\\\/\\\/www.revistarambla.com\\\/wp-content\\\/uploads\\\/2020\\\/09\\\/banner_rambla_1900x600_BB.png\",\"contentUrl\":\"https:\\\/\\\/www.revistarambla.com\\\/wp-content\\\/uploads\\\/2020\\\/09\\\/banner_rambla_1900x600_BB.png\",\"width\":1900,\"height\":600,\"caption\":\"Revista Rambla\"},\"image\":{\"@id\":\"https:\\\/\\\/www.revistarambla.com\\\/#\\\/schema\\\/logo\\\/image\\\/\"},\"sameAs\":[\"https:\\\/\\\/www.facebook.com\\\/revistarambla\\\/\",\"https:\\\/\\\/x.com\\\/revistarambla\",\"https:\\\/\\\/www.instagram.com\\\/revista_rambla\",\"https:\\\/\\\/es.linkedin.com\\\/company\\\/revista-rambla\"]},{\"@type\":\"Person\",\"@id\":\"https:\\\/\\\/www.revistarambla.com\\\/#\\\/schema\\\/person\\\/a146a5a2550b94981a75131180e1bd9c\",\"name\":\"R@mbla\",\"description\":\"Este art\u00edculo ha sido redactado y\\\/o validado por el equipo de redacci\u00f3n de Revista Rambla.\",\"sameAs\":[\"https:\\\/\\\/www.revistarambla.com\\\/\",\"https:\\\/\\\/www.facebook.com\\\/revistarambla\",\"https:\\\/\\\/x.com\\\/revistarambla\"]}]}<\/script>\n<!-- \/ Yoast SEO plugin. -->","yoast_head_json":{"title":"Detectados en Barcelona 722 casos de malos tratos a personas mayores en 2024 - Revista Rambla","robots":{"index":"index","follow":"follow","max-snippet":"max-snippet:-1","max-image-preview":"max-image-preview:large","max-video-preview":"max-video-preview:-1"},"canonical":"https:\/\/www.revistarambla.com\/en\/detectados-en-barcelona-722-casos-de-malos-tratos-a-personas-mayores-en-2024\/","og_locale":"en_GB","og_type":"article","og_title":"Detectados en Barcelona 722 casos de malos tratos a personas mayores en 2024 - Revista Rambla","og_description":"La demarcaci\u00f3n de Barcelona se encuentra frente a una realidad inquietante que pone en jaque la dignidad de sus personas mayores. Seg\u00fan datos revelados por la Diputaci\u00f3n de Barcelona y difundidos por la agencia ACN el 13 de junio de 2025, se detectaron 722 casos de malos tratos a personas [&hellip;]","og_url":"https:\/\/www.revistarambla.com\/en\/detectados-en-barcelona-722-casos-de-malos-tratos-a-personas-mayores-en-2024\/","og_site_name":"Revista Rambla","article_publisher":"https:\/\/www.facebook.com\/revistarambla\/","article_author":"https:\/\/www.facebook.com\/revistarambla","article_published_time":"2025-06-14T08:59:35+00:00","og_image":[{"width":760,"height":428,"url":"https:\/\/www.revistarambla.com\/wp-content\/uploads\/2025\/06\/malos-tratos-a-personas-mayores.jpeg","type":"image\/jpeg"}],"author":"R@mbla","twitter_card":"summary_large_image","twitter_creator":"@revistarambla","twitter_site":"@revistarambla","twitter_misc":{"Written by":"R@mbla","Estimated reading time":"7 minutes"},"schema":{"@context":"https:\/\/schema.org","@graph":[{"@type":"Article","@id":"https:\/\/www.revistarambla.com\/detectados-en-barcelona-722-casos-de-malos-tratos-a-personas-mayores-en-2024\/#article","isPartOf":{"@id":"https:\/\/www.revistarambla.com\/detectados-en-barcelona-722-casos-de-malos-tratos-a-personas-mayores-en-2024\/"},"author":{"name":"R@mbla","@id":"https:\/\/www.revistarambla.com\/#\/schema\/person\/a146a5a2550b94981a75131180e1bd9c"},"headline":"Detectados en Barcelona 722 casos de malos tratos a personas mayores en 2024","datePublished":"2025-06-14T08:59:35+00:00","mainEntityOfPage":{"@id":"https:\/\/www.revistarambla.com\/detectados-en-barcelona-722-casos-de-malos-tratos-a-personas-mayores-en-2024\/"},"wordCount":1489,"publisher":{"@id":"https:\/\/www.revistarambla.com\/#organization"},"image":{"@id":"https:\/\/www.revistarambla.com\/detectados-en-barcelona-722-casos-de-malos-tratos-a-personas-mayores-en-2024\/#primaryimage"},"thumbnailUrl":"https:\/\/www.revistarambla.com\/wp-content\/uploads\/2025\/06\/malos-tratos-a-personas-mayores.jpeg","articleSection":["Barcelona"],"inLanguage":"en-GB"},{"@type":"WebPage","@id":"https:\/\/www.revistarambla.com\/detectados-en-barcelona-722-casos-de-malos-tratos-a-personas-mayores-en-2024\/","url":"https:\/\/www.revistarambla.com\/detectados-en-barcelona-722-casos-de-malos-tratos-a-personas-mayores-en-2024\/","name":"Detectados en Barcelona 722 casos de malos tratos a personas mayores en 2024 - Revista Rambla","isPartOf":{"@id":"https:\/\/www.revistarambla.com\/#website"},"primaryImageOfPage":{"@id":"https:\/\/www.revistarambla.com\/detectados-en-barcelona-722-casos-de-malos-tratos-a-personas-mayores-en-2024\/#primaryimage"},"image":{"@id":"https:\/\/www.revistarambla.com\/detectados-en-barcelona-722-casos-de-malos-tratos-a-personas-mayores-en-2024\/#primaryimage"},"thumbnailUrl":"https:\/\/www.revistarambla.com\/wp-content\/uploads\/2025\/06\/malos-tratos-a-personas-mayores.jpeg","datePublished":"2025-06-14T08:59:35+00:00","breadcrumb":{"@id":"https:\/\/www.revistarambla.com\/detectados-en-barcelona-722-casos-de-malos-tratos-a-personas-mayores-en-2024\/#breadcrumb"},"inLanguage":"en-GB","potentialAction":[{"@type":"ReadAction","target":["https:\/\/www.revistarambla.com\/detectados-en-barcelona-722-casos-de-malos-tratos-a-personas-mayores-en-2024\/"]}]},{"@type":"ImageObject","inLanguage":"en-GB","@id":"https:\/\/www.revistarambla.com\/detectados-en-barcelona-722-casos-de-malos-tratos-a-personas-mayores-en-2024\/#primaryimage","url":"https:\/\/www.revistarambla.com\/wp-content\/uploads\/2025\/06\/malos-tratos-a-personas-mayores.jpeg","contentUrl":"https:\/\/www.revistarambla.com\/wp-content\/uploads\/2025\/06\/malos-tratos-a-personas-mayores.jpeg","width":760,"height":428,"caption":"malos tratos a personas mayores"},{"@type":"BreadcrumbList","@id":"https:\/\/www.revistarambla.com\/detectados-en-barcelona-722-casos-de-malos-tratos-a-personas-mayores-en-2024\/#breadcrumb","itemListElement":[{"@type":"ListItem","position":1,"name":"Portada","item":"https:\/\/www.revistarambla.com\/"},{"@type":"ListItem","position":2,"name":"Detectados en Barcelona 722 casos de malos tratos a personas mayores en 2024"}]},{"@type":"WebSite","@id":"https:\/\/www.revistarambla.com\/#website","url":"https:\/\/www.revistarambla.com\/","name":"Revista Rambla Barcelona","description":"Periodismo independiente","publisher":{"@id":"https:\/\/www.revistarambla.com\/#organization"},"potentialAction":[{"@type":"SearchAction","target":{"@type":"EntryPoint","urlTemplate":"https:\/\/www.revistarambla.com\/?s={search_term_string}"},"query-input":{"@type":"PropertyValueSpecification","valueRequired":true,"valueName":"search_term_string"}}],"inLanguage":"en-GB"},{"@type":"Organization","@id":"https:\/\/www.revistarambla.com\/#organization","name":"Revista Rambla","url":"https:\/\/www.revistarambla.com\/","logo":{"@type":"ImageObject","inLanguage":"en-GB","@id":"https:\/\/www.revistarambla.com\/#\/schema\/logo\/image\/","url":"https:\/\/www.revistarambla.com\/wp-content\/uploads\/2020\/09\/banner_rambla_1900x600_BB.png","contentUrl":"https:\/\/www.revistarambla.com\/wp-content\/uploads\/2020\/09\/banner_rambla_1900x600_BB.png","width":1900,"height":600,"caption":"Revista Rambla"},"image":{"@id":"https:\/\/www.revistarambla.com\/#\/schema\/logo\/image\/"},"sameAs":["https:\/\/www.facebook.com\/revistarambla\/","https:\/\/x.com\/revistarambla","https:\/\/www.instagram.com\/revista_rambla","https:\/\/es.linkedin.com\/company\/revista-rambla"]},{"@type":"Person","@id":"https:\/\/www.revistarambla.com\/#\/schema\/person\/a146a5a2550b94981a75131180e1bd9c","name":"R@mbla","description":"Este art\u00edculo ha sido redactado y\/o validado por el equipo de redacci\u00f3n de Revista Rambla.","sameAs":["https:\/\/www.revistarambla.com\/","https:\/\/www.facebook.com\/revistarambla","https:\/\/x.com\/revistarambla"]}]}},"_links":{"self":[{"href":"https:\/\/www.revistarambla.com\/en\/wp-json\/wp\/v2\/posts\/65452","targetHints":{"allow":["GET"]}}],"collection":[{"href":"https:\/\/www.revistarambla.com\/en\/wp-json\/wp\/v2\/posts"}],"about":[{"href":"https:\/\/www.revistarambla.com\/en\/wp-json\/wp\/v2\/types\/post"}],"author":[{"embeddable":true,"href":"https:\/\/www.revistarambla.com\/en\/wp-json\/wp\/v2\/users\/3"}],"replies":[{"embeddable":true,"href":"https:\/\/www.revistarambla.com\/en\/wp-json\/wp\/v2\/comments?post=65452"}],"version-history":[{"count":1,"href":"https:\/\/www.revistarambla.com\/en\/wp-json\/wp\/v2\/posts\/65452\/revisions"}],"predecessor-version":[{"id":65454,"href":"https:\/\/www.revistarambla.com\/en\/wp-json\/wp\/v2\/posts\/65452\/revisions\/65454"}],"wp:featuredmedia":[{"embeddable":true,"href":"https:\/\/www.revistarambla.com\/en\/wp-json\/wp\/v2\/media\/65453"}],"wp:attachment":[{"href":"https:\/\/www.revistarambla.com\/en\/wp-json\/wp\/v2\/media?parent=65452"}],"wp:term":[{"taxonomy":"category","embeddable":true,"href":"https:\/\/www.revistarambla.com\/en\/wp-json\/wp\/v2\/categories?post=65452"},{"taxonomy":"post_tag","embeddable":true,"href":"https:\/\/www.revistarambla.com\/en\/wp-json\/wp\/v2\/tags?post=65452"}],"curies":[{"name":"wp","href":"https:\/\/api.w.org\/{rel}","templated":true}]}}