{"id":65427,"date":"2025-06-11T14:33:53","date_gmt":"2025-06-11T12:33:53","guid":{"rendered":"https:\/\/www.revistarambla.com\/?p=65427"},"modified":"2025-06-11T14:33:53","modified_gmt":"2025-06-11T12:33:53","slug":"treballadores-daesa-sant-andreu-en-vaga-indefinida-a-lescola-flor-de-maig-de-barcelona","status":"publish","type":"post","link":"https:\/\/www.revistarambla.com\/en\/treballadores-daesa-sant-andreu-en-vaga-indefinida-a-lescola-flor-de-maig-de-barcelona\/","title":{"rendered":"Treballadores d&#8217;AESA Sant Andreu en vaga indefinida a l&#8217;Escola Flor de Maig de Barcelona"},"content":{"rendered":"<p>Aquest mat\u00ed, la secci\u00f3 sindical de la CGT de l\u2019empresa AESA Serveis Educatius ha oferit una roda de premsa davant de l\u2019Escola Flor de Maig, al Poblenou. En aquest centre, fa setmanes que es va informar a les treballadores de menjador que el curs vinent hi hauria una reducci\u00f3 de la jornada laboral, que implicaria una baixada del 20% del salari mensual. Davant la negativa de l\u2019empresa a negociar, avui les treballadores inicien una vaga indefinida. La Blanca, treballadora de la Flor de Maig des de fa quatre anys i portaveu de la secci\u00f3 sindical, ha explicat com \u2018fa mesos que intentem negociar amb la nostra empresa, per\u00f2 ha estat impossible arribar a cap acord. Han estat mesos marcats per l&#8217;abs\u00e8ncia de voluntat negociadora i la repressi\u00f3 sindical\u2019.<\/p>\n<p>La vaga indefinida que s\u2019inicia avui representa un precedent hist\u00f2ric: \u00e9s la primera vaga en un menjador escolar a la ciutat de Barcelona. En aquest sentit, les treballadores en lluita han dotat d\u2019un marc m\u00e9s ampli la seva acci\u00f3 concreta. L\u2019Aina Campo, treballadora d\u2019AESA Serveis Educatius i membre de la secci\u00f3 sindical, ha assenyalat el servei essencial que realitzen les monitores de menjador, mentre es dediquen a educar en valors i fan possibilitat la conciliaci\u00f3 familiar. \u2018Jornades fragmentades, hores extres no pagades, sous baixos, favors, s\u00f3n el nostre pa de cada dia\u2019, ha indicat. A banda d\u2019aix\u00f2, tamb\u00e9 ha assenyalat la situaci\u00f3 amb el conveni de lleure, el qual fa anys que est\u00e0 congelat \u2018amb uns sindicats majoritaris que no mouen fitxa\u2019.<\/p>\n<p>Les treballadores, a m\u00e9s, han volgut allargar la m\u00e0 en solidaritat amb altres sectors i lluites: \u2018les condicions laborals al sector del lleure no s\u00f3n una excepci\u00f3. No som l&#8217;\u00fanic col\u00b7lectiu que est\u00e0 empobrint-se, al contrari: compartim aquesta realitat amb educadores, sanit\u00e0ries, treballadores socials, repartidors, treballadors del metall, professors, cambrers, personal de la neteja o del comer\u00e7.\u2019 Amb aquesta idea s\u2019ha donat per conclosa la roda de premsa, en la qual la secci\u00f3 sindical ha volgut remarcar com la vaga de la Flor de Maig no \u00e9s una vaga qualsevol, sin\u00f3 que, a banda de voler mantenir el salari de les treballadores el curs vinent, tamb\u00e9 busca assenyalar la precarietat del lleure i conscienciar a la resta de centres escolars de la necessitat de donar \u2018una resposta com a treballadores\u2019.<\/p>","protected":false},"excerpt":{"rendered":"<p>Aquest mat\u00ed, la secci\u00f3 sindical de la CGT de l\u2019empresa AESA Serveis Educatius ha oferit una roda de premsa davant de l\u2019Escola Flor de Maig, al Poblenou. En aquest centre, fa setmanes que es va informar a les treballadores de menjador que el curs vinent hi hauria una reducci\u00f3 de [&hellip;]<\/p>\n","protected":false},"author":327,"featured_media":65428,"comment_status":"closed","ping_status":"closed","sticky":false,"template":"","format":"standard","meta":{"footnotes":""},"categories":[4079],"tags":[],"class_list":["post-65427","post","type-post","status-publish","format-standard","has-post-thumbnail","hentry","category-tribuna-libre"],"yoast_head":"<!-- This site is optimized with the Yoast SEO plugin v27.5 - https:\/\/yoast.com\/product\/yoast-seo-wordpress\/ -->\n<title>Treballadores d&#039;AESA Sant Andreu en vaga indefinida a l&#039;Escola Flor de Maig de Barcelona - Revista Rambla<\/title>\n<meta name=\"robots\" content=\"index, follow, max-snippet:-1, max-image-preview:large, max-video-preview:-1\" \/>\n<link rel=\"canonical\" href=\"https:\/\/www.revistarambla.com\/en\/treballadores-daesa-sant-andreu-en-vaga-indefinida-a-lescola-flor-de-maig-de-barcelona\/\" \/>\n<meta property=\"og:locale\" content=\"en_GB\" \/>\n<meta property=\"og:type\" content=\"article\" \/>\n<meta property=\"og:title\" content=\"Treballadores d&#039;AESA Sant Andreu en vaga indefinida a l&#039;Escola Flor de Maig de Barcelona - Revista Rambla\" \/>\n<meta property=\"og:description\" content=\"Aquest mat\u00ed, la secci\u00f3 sindical de la CGT de l\u2019empresa AESA Serveis Educatius ha oferit una roda de premsa davant de l\u2019Escola Flor de Maig, al Poblenou. En aquest centre, fa setmanes que es va informar a les treballadores de menjador que el curs vinent hi hauria una reducci\u00f3 de [&hellip;]\" \/>\n<meta property=\"og:url\" content=\"https:\/\/www.revistarambla.com\/en\/treballadores-daesa-sant-andreu-en-vaga-indefinida-a-lescola-flor-de-maig-de-barcelona\/\" \/>\n<meta property=\"og:site_name\" content=\"Revista Rambla\" \/>\n<meta property=\"article:publisher\" content=\"https:\/\/www.facebook.com\/revistarambla\/\" \/>\n<meta property=\"article:author\" content=\"https:\/\/www.facebook.com\/barcelona.cgt\" \/>\n<meta property=\"article:published_time\" content=\"2025-06-11T12:33:53+00:00\" \/>\n<meta property=\"og:image\" content=\"https:\/\/www.revistarambla.com\/wp-content\/uploads\/2025\/06\/unnamed.jpg\" \/>\n\t<meta property=\"og:image:width\" content=\"1920\" \/>\n\t<meta property=\"og:image:height\" content=\"1440\" \/>\n\t<meta property=\"og:image:type\" content=\"image\/jpeg\" \/>\n<meta name=\"author\" content=\"CGT Barcelona\" \/>\n<meta name=\"twitter:card\" content=\"summary_large_image\" \/>\n<meta name=\"twitter:creator\" content=\"@CGTBarcelona\" \/>\n<meta name=\"twitter:site\" content=\"@revistarambla\" \/>\n<meta name=\"twitter:label1\" content=\"Written by\" \/>\n\t<meta name=\"twitter:data1\" content=\"CGT Barcelona\" \/>\n\t<meta name=\"twitter:label2\" content=\"Estimated reading time\" \/>\n\t<meta name=\"twitter:data2\" content=\"2 minutes\" \/>\n<script type=\"application\/ld+json\" class=\"yoast-schema-graph\">{\"@context\":\"https:\\\/\\\/schema.org\",\"@graph\":[{\"@type\":\"Article\",\"@id\":\"https:\\\/\\\/www.revistarambla.com\\\/treballadores-daesa-sant-andreu-en-vaga-indefinida-a-lescola-flor-de-maig-de-barcelona\\\/#article\",\"isPartOf\":{\"@id\":\"https:\\\/\\\/www.revistarambla.com\\\/treballadores-daesa-sant-andreu-en-vaga-indefinida-a-lescola-flor-de-maig-de-barcelona\\\/\"},\"author\":{\"name\":\"CGT Barcelona\",\"@id\":\"https:\\\/\\\/www.revistarambla.com\\\/#\\\/schema\\\/person\\\/50127bec5551cbc1206e826637f48e65\"},\"headline\":\"Treballadores d&#8217;AESA Sant Andreu en vaga indefinida a l&#8217;Escola Flor de Maig de Barcelona\",\"datePublished\":\"2025-06-11T12:33:53+00:00\",\"mainEntityOfPage\":{\"@id\":\"https:\\\/\\\/www.revistarambla.com\\\/treballadores-daesa-sant-andreu-en-vaga-indefinida-a-lescola-flor-de-maig-de-barcelona\\\/\"},\"wordCount\":414,\"publisher\":{\"@id\":\"https:\\\/\\\/www.revistarambla.com\\\/#organization\"},\"image\":{\"@id\":\"https:\\\/\\\/www.revistarambla.com\\\/treballadores-daesa-sant-andreu-en-vaga-indefinida-a-lescola-flor-de-maig-de-barcelona\\\/#primaryimage\"},\"thumbnailUrl\":\"https:\\\/\\\/www.revistarambla.com\\\/wp-content\\\/uploads\\\/2025\\\/06\\\/unnamed.jpg\",\"articleSection\":[\"Tribuna Libre\"],\"inLanguage\":\"en-GB\"},{\"@type\":\"WebPage\",\"@id\":\"https:\\\/\\\/www.revistarambla.com\\\/treballadores-daesa-sant-andreu-en-vaga-indefinida-a-lescola-flor-de-maig-de-barcelona\\\/\",\"url\":\"https:\\\/\\\/www.revistarambla.com\\\/treballadores-daesa-sant-andreu-en-vaga-indefinida-a-lescola-flor-de-maig-de-barcelona\\\/\",\"name\":\"Treballadores d'AESA Sant Andreu en vaga indefinida a l'Escola Flor de Maig de Barcelona - Revista Rambla\",\"isPartOf\":{\"@id\":\"https:\\\/\\\/www.revistarambla.com\\\/#website\"},\"primaryImageOfPage\":{\"@id\":\"https:\\\/\\\/www.revistarambla.com\\\/treballadores-daesa-sant-andreu-en-vaga-indefinida-a-lescola-flor-de-maig-de-barcelona\\\/#primaryimage\"},\"image\":{\"@id\":\"https:\\\/\\\/www.revistarambla.com\\\/treballadores-daesa-sant-andreu-en-vaga-indefinida-a-lescola-flor-de-maig-de-barcelona\\\/#primaryimage\"},\"thumbnailUrl\":\"https:\\\/\\\/www.revistarambla.com\\\/wp-content\\\/uploads\\\/2025\\\/06\\\/unnamed.jpg\",\"datePublished\":\"2025-06-11T12:33:53+00:00\",\"breadcrumb\":{\"@id\":\"https:\\\/\\\/www.revistarambla.com\\\/treballadores-daesa-sant-andreu-en-vaga-indefinida-a-lescola-flor-de-maig-de-barcelona\\\/#breadcrumb\"},\"inLanguage\":\"en-GB\",\"potentialAction\":[{\"@type\":\"ReadAction\",\"target\":[\"https:\\\/\\\/www.revistarambla.com\\\/treballadores-daesa-sant-andreu-en-vaga-indefinida-a-lescola-flor-de-maig-de-barcelona\\\/\"]}]},{\"@type\":\"ImageObject\",\"inLanguage\":\"en-GB\",\"@id\":\"https:\\\/\\\/www.revistarambla.com\\\/treballadores-daesa-sant-andreu-en-vaga-indefinida-a-lescola-flor-de-maig-de-barcelona\\\/#primaryimage\",\"url\":\"https:\\\/\\\/www.revistarambla.com\\\/wp-content\\\/uploads\\\/2025\\\/06\\\/unnamed.jpg\",\"contentUrl\":\"https:\\\/\\\/www.revistarambla.com\\\/wp-content\\\/uploads\\\/2025\\\/06\\\/unnamed.jpg\",\"width\":1920,\"height\":1440,\"caption\":\"AESA Sant Andreu\"},{\"@type\":\"BreadcrumbList\",\"@id\":\"https:\\\/\\\/www.revistarambla.com\\\/treballadores-daesa-sant-andreu-en-vaga-indefinida-a-lescola-flor-de-maig-de-barcelona\\\/#breadcrumb\",\"itemListElement\":[{\"@type\":\"ListItem\",\"position\":1,\"name\":\"Portada\",\"item\":\"https:\\\/\\\/www.revistarambla.com\\\/\"},{\"@type\":\"ListItem\",\"position\":2,\"name\":\"Treballadores d&#8217;AESA Sant Andreu en vaga indefinida a l&#8217;Escola Flor de Maig de Barcelona\"}]},{\"@type\":\"WebSite\",\"@id\":\"https:\\\/\\\/www.revistarambla.com\\\/#website\",\"url\":\"https:\\\/\\\/www.revistarambla.com\\\/\",\"name\":\"Revista Rambla Barcelona\",\"description\":\"Periodismo independiente\",\"publisher\":{\"@id\":\"https:\\\/\\\/www.revistarambla.com\\\/#organization\"},\"potentialAction\":[{\"@type\":\"SearchAction\",\"target\":{\"@type\":\"EntryPoint\",\"urlTemplate\":\"https:\\\/\\\/www.revistarambla.com\\\/?s={search_term_string}\"},\"query-input\":{\"@type\":\"PropertyValueSpecification\",\"valueRequired\":true,\"valueName\":\"search_term_string\"}}],\"inLanguage\":\"en-GB\"},{\"@type\":\"Organization\",\"@id\":\"https:\\\/\\\/www.revistarambla.com\\\/#organization\",\"name\":\"Revista Rambla\",\"url\":\"https:\\\/\\\/www.revistarambla.com\\\/\",\"logo\":{\"@type\":\"ImageObject\",\"inLanguage\":\"en-GB\",\"@id\":\"https:\\\/\\\/www.revistarambla.com\\\/#\\\/schema\\\/logo\\\/image\\\/\",\"url\":\"https:\\\/\\\/www.revistarambla.com\\\/wp-content\\\/uploads\\\/2020\\\/09\\\/banner_rambla_1900x600_BB.png\",\"contentUrl\":\"https:\\\/\\\/www.revistarambla.com\\\/wp-content\\\/uploads\\\/2020\\\/09\\\/banner_rambla_1900x600_BB.png\",\"width\":1900,\"height\":600,\"caption\":\"Revista Rambla\"},\"image\":{\"@id\":\"https:\\\/\\\/www.revistarambla.com\\\/#\\\/schema\\\/logo\\\/image\\\/\"},\"sameAs\":[\"https:\\\/\\\/www.facebook.com\\\/revistarambla\\\/\",\"https:\\\/\\\/x.com\\\/revistarambla\",\"https:\\\/\\\/www.instagram.com\\\/revista_rambla\",\"https:\\\/\\\/es.linkedin.com\\\/company\\\/revista-rambla\"]},{\"@type\":\"Person\",\"@id\":\"https:\\\/\\\/www.revistarambla.com\\\/#\\\/schema\\\/person\\\/50127bec5551cbc1206e826637f48e65\",\"name\":\"CGT Barcelona\",\"description\":\"Federaci\u00f3n Local de Sindicatos de Barcelona. Organizaci\u00f3n anarcosindicalista: de clase, aut\u00f3noma, autogestionaria, federalista, internacionalista y libertaria.\",\"sameAs\":[\"https:\\\/\\\/www.cgtbarcelona.org\\\/\",\"https:\\\/\\\/www.facebook.com\\\/barcelona.cgt\",\"https:\\\/\\\/www.instagram.com\\\/cgtbarcelona\\\/\",\"https:\\\/\\\/x.com\\\/CGTBarcelona\"]}]}<\/script>\n<!-- \/ Yoast SEO plugin. -->","yoast_head_json":{"title":"Treballadores d'AESA Sant Andreu en vaga indefinida a l'Escola Flor de Maig de Barcelona - Revista Rambla","robots":{"index":"index","follow":"follow","max-snippet":"max-snippet:-1","max-image-preview":"max-image-preview:large","max-video-preview":"max-video-preview:-1"},"canonical":"https:\/\/www.revistarambla.com\/en\/treballadores-daesa-sant-andreu-en-vaga-indefinida-a-lescola-flor-de-maig-de-barcelona\/","og_locale":"en_GB","og_type":"article","og_title":"Treballadores d'AESA Sant Andreu en vaga indefinida a l'Escola Flor de Maig de Barcelona - Revista Rambla","og_description":"Aquest mat\u00ed, la secci\u00f3 sindical de la CGT de l\u2019empresa AESA Serveis Educatius ha oferit una roda de premsa davant de l\u2019Escola Flor de Maig, al Poblenou. En aquest centre, fa setmanes que es va informar a les treballadores de menjador que el curs vinent hi hauria una reducci\u00f3 de [&hellip;]","og_url":"https:\/\/www.revistarambla.com\/en\/treballadores-daesa-sant-andreu-en-vaga-indefinida-a-lescola-flor-de-maig-de-barcelona\/","og_site_name":"Revista Rambla","article_publisher":"https:\/\/www.facebook.com\/revistarambla\/","article_author":"https:\/\/www.facebook.com\/barcelona.cgt","article_published_time":"2025-06-11T12:33:53+00:00","og_image":[{"width":1920,"height":1440,"url":"https:\/\/www.revistarambla.com\/wp-content\/uploads\/2025\/06\/unnamed.jpg","type":"image\/jpeg"}],"author":"CGT Barcelona","twitter_card":"summary_large_image","twitter_creator":"@CGTBarcelona","twitter_site":"@revistarambla","twitter_misc":{"Written by":"CGT Barcelona","Estimated reading time":"2 minutes"},"schema":{"@context":"https:\/\/schema.org","@graph":[{"@type":"Article","@id":"https:\/\/www.revistarambla.com\/treballadores-daesa-sant-andreu-en-vaga-indefinida-a-lescola-flor-de-maig-de-barcelona\/#article","isPartOf":{"@id":"https:\/\/www.revistarambla.com\/treballadores-daesa-sant-andreu-en-vaga-indefinida-a-lescola-flor-de-maig-de-barcelona\/"},"author":{"name":"CGT Barcelona","@id":"https:\/\/www.revistarambla.com\/#\/schema\/person\/50127bec5551cbc1206e826637f48e65"},"headline":"Treballadores d&#8217;AESA Sant Andreu en vaga indefinida a l&#8217;Escola Flor de Maig de Barcelona","datePublished":"2025-06-11T12:33:53+00:00","mainEntityOfPage":{"@id":"https:\/\/www.revistarambla.com\/treballadores-daesa-sant-andreu-en-vaga-indefinida-a-lescola-flor-de-maig-de-barcelona\/"},"wordCount":414,"publisher":{"@id":"https:\/\/www.revistarambla.com\/#organization"},"image":{"@id":"https:\/\/www.revistarambla.com\/treballadores-daesa-sant-andreu-en-vaga-indefinida-a-lescola-flor-de-maig-de-barcelona\/#primaryimage"},"thumbnailUrl":"https:\/\/www.revistarambla.com\/wp-content\/uploads\/2025\/06\/unnamed.jpg","articleSection":["Tribuna Libre"],"inLanguage":"en-GB"},{"@type":"WebPage","@id":"https:\/\/www.revistarambla.com\/treballadores-daesa-sant-andreu-en-vaga-indefinida-a-lescola-flor-de-maig-de-barcelona\/","url":"https:\/\/www.revistarambla.com\/treballadores-daesa-sant-andreu-en-vaga-indefinida-a-lescola-flor-de-maig-de-barcelona\/","name":"Treballadores d'AESA Sant Andreu en vaga indefinida a l'Escola Flor de Maig de Barcelona - Revista Rambla","isPartOf":{"@id":"https:\/\/www.revistarambla.com\/#website"},"primaryImageOfPage":{"@id":"https:\/\/www.revistarambla.com\/treballadores-daesa-sant-andreu-en-vaga-indefinida-a-lescola-flor-de-maig-de-barcelona\/#primaryimage"},"image":{"@id":"https:\/\/www.revistarambla.com\/treballadores-daesa-sant-andreu-en-vaga-indefinida-a-lescola-flor-de-maig-de-barcelona\/#primaryimage"},"thumbnailUrl":"https:\/\/www.revistarambla.com\/wp-content\/uploads\/2025\/06\/unnamed.jpg","datePublished":"2025-06-11T12:33:53+00:00","breadcrumb":{"@id":"https:\/\/www.revistarambla.com\/treballadores-daesa-sant-andreu-en-vaga-indefinida-a-lescola-flor-de-maig-de-barcelona\/#breadcrumb"},"inLanguage":"en-GB","potentialAction":[{"@type":"ReadAction","target":["https:\/\/www.revistarambla.com\/treballadores-daesa-sant-andreu-en-vaga-indefinida-a-lescola-flor-de-maig-de-barcelona\/"]}]},{"@type":"ImageObject","inLanguage":"en-GB","@id":"https:\/\/www.revistarambla.com\/treballadores-daesa-sant-andreu-en-vaga-indefinida-a-lescola-flor-de-maig-de-barcelona\/#primaryimage","url":"https:\/\/www.revistarambla.com\/wp-content\/uploads\/2025\/06\/unnamed.jpg","contentUrl":"https:\/\/www.revistarambla.com\/wp-content\/uploads\/2025\/06\/unnamed.jpg","width":1920,"height":1440,"caption":"AESA Sant Andreu"},{"@type":"BreadcrumbList","@id":"https:\/\/www.revistarambla.com\/treballadores-daesa-sant-andreu-en-vaga-indefinida-a-lescola-flor-de-maig-de-barcelona\/#breadcrumb","itemListElement":[{"@type":"ListItem","position":1,"name":"Portada","item":"https:\/\/www.revistarambla.com\/"},{"@type":"ListItem","position":2,"name":"Treballadores d&#8217;AESA Sant Andreu en vaga indefinida a l&#8217;Escola Flor de Maig de Barcelona"}]},{"@type":"WebSite","@id":"https:\/\/www.revistarambla.com\/#website","url":"https:\/\/www.revistarambla.com\/","name":"Revista Rambla Barcelona","description":"Periodismo independiente","publisher":{"@id":"https:\/\/www.revistarambla.com\/#organization"},"potentialAction":[{"@type":"SearchAction","target":{"@type":"EntryPoint","urlTemplate":"https:\/\/www.revistarambla.com\/?s={search_term_string}"},"query-input":{"@type":"PropertyValueSpecification","valueRequired":true,"valueName":"search_term_string"}}],"inLanguage":"en-GB"},{"@type":"Organization","@id":"https:\/\/www.revistarambla.com\/#organization","name":"Revista Rambla","url":"https:\/\/www.revistarambla.com\/","logo":{"@type":"ImageObject","inLanguage":"en-GB","@id":"https:\/\/www.revistarambla.com\/#\/schema\/logo\/image\/","url":"https:\/\/www.revistarambla.com\/wp-content\/uploads\/2020\/09\/banner_rambla_1900x600_BB.png","contentUrl":"https:\/\/www.revistarambla.com\/wp-content\/uploads\/2020\/09\/banner_rambla_1900x600_BB.png","width":1900,"height":600,"caption":"Revista Rambla"},"image":{"@id":"https:\/\/www.revistarambla.com\/#\/schema\/logo\/image\/"},"sameAs":["https:\/\/www.facebook.com\/revistarambla\/","https:\/\/x.com\/revistarambla","https:\/\/www.instagram.com\/revista_rambla","https:\/\/es.linkedin.com\/company\/revista-rambla"]},{"@type":"Person","@id":"https:\/\/www.revistarambla.com\/#\/schema\/person\/50127bec5551cbc1206e826637f48e65","name":"CGT Barcelona","description":"Federaci\u00f3n Local de Sindicatos de Barcelona. Organizaci\u00f3n anarcosindicalista: de clase, aut\u00f3noma, autogestionaria, federalista, internacionalista y libertaria.","sameAs":["https:\/\/www.cgtbarcelona.org\/","https:\/\/www.facebook.com\/barcelona.cgt","https:\/\/www.instagram.com\/cgtbarcelona\/","https:\/\/x.com\/CGTBarcelona"]}]}},"_links":{"self":[{"href":"https:\/\/www.revistarambla.com\/en\/wp-json\/wp\/v2\/posts\/65427","targetHints":{"allow":["GET"]}}],"collection":[{"href":"https:\/\/www.revistarambla.com\/en\/wp-json\/wp\/v2\/posts"}],"about":[{"href":"https:\/\/www.revistarambla.com\/en\/wp-json\/wp\/v2\/types\/post"}],"author":[{"embeddable":true,"href":"https:\/\/www.revistarambla.com\/en\/wp-json\/wp\/v2\/users\/327"}],"replies":[{"embeddable":true,"href":"https:\/\/www.revistarambla.com\/en\/wp-json\/wp\/v2\/comments?post=65427"}],"version-history":[{"count":1,"href":"https:\/\/www.revistarambla.com\/en\/wp-json\/wp\/v2\/posts\/65427\/revisions"}],"predecessor-version":[{"id":65429,"href":"https:\/\/www.revistarambla.com\/en\/wp-json\/wp\/v2\/posts\/65427\/revisions\/65429"}],"wp:featuredmedia":[{"embeddable":true,"href":"https:\/\/www.revistarambla.com\/en\/wp-json\/wp\/v2\/media\/65428"}],"wp:attachment":[{"href":"https:\/\/www.revistarambla.com\/en\/wp-json\/wp\/v2\/media?parent=65427"}],"wp:term":[{"taxonomy":"category","embeddable":true,"href":"https:\/\/www.revistarambla.com\/en\/wp-json\/wp\/v2\/categories?post=65427"},{"taxonomy":"post_tag","embeddable":true,"href":"https:\/\/www.revistarambla.com\/en\/wp-json\/wp\/v2\/tags?post=65427"}],"curies":[{"name":"wp","href":"https:\/\/api.w.org\/{rel}","templated":true}]}}