{"id":65417,"date":"2025-06-11T13:50:12","date_gmt":"2025-06-11T11:50:12","guid":{"rendered":"https:\/\/www.revistarambla.com\/?p=65417"},"modified":"2025-06-14T10:51:20","modified_gmt":"2025-06-14T08:51:20","slug":"estoque-a-la-ricarda","status":"publish","type":"post","link":"https:\/\/www.revistarambla.com\/en\/estoque-a-la-ricarda\/","title":{"rendered":"Estoque a La Ricarda"},"content":{"rendered":"<p>El anuncio de ayer del presidente de la Generalitat, Salvador Illa, sobre la ampliaci\u00f3n del Aeropuerto Josep Tarradellas Barcelona-El Prat ha reavivado un debate que lleva a\u00f1os polarizando a la sociedad catalana. La propuesta, que incluye la prolongaci\u00f3n de 500 metros de la tercera pista, la m\u00e1s cercana al mar, y una inversi\u00f3n de 3.200 millones de euros, ha sido presentada como una soluci\u00f3n para convertir el aeropuerto en un hub internacional sostenible. Sin embargo, las voces cr\u00edticas, desde ecologistas hasta partidos pol\u00edticos y ayuntamientos locales, han alzado la voz contra un proyecto que consideran un atentado ambiental, econ\u00f3mico y social, con un impacto directo en el espacio natural protegido de La Ricarda.<\/p>\n<h2>La Ricarda: un ecosistema en la cuerda floja<\/h2>\n<p>La Ricarda, una finca privada de 135 hect\u00e1reas situada en el t\u00e9rmino municipal de El Prat de Llobregat, es un humedal de alto valor ecol\u00f3gico que forma parte de la Red Natura 2000, una red europea de protecci\u00f3n ambiental. Este espacio, rodeado de marismas y pinares, alberga una laguna esencial para prevenir la salinizaci\u00f3n del Delta del Llobregat y conservar especies protegidas, incluyendo aves, peces y vegetaci\u00f3n \u00fanica. Seg\u00fan el bi\u00f3logo Joan Pino, director del CREAF, La Ricarda act\u00faa como un \u00abtornillo\u00bb clave en el fr\u00e1gil ecosistema del Delta: \u00abCada pieza que quitas es una especie que extingues, un fragmento de h\u00e1bitat que pierdes. Llega un momento en que el avi\u00f3n deja de funcionar\u00bb.<\/p>\n<p>La propuesta de ampliaci\u00f3n, aunque reduce en 87 metros la afectaci\u00f3n inicial planteada por Aena, implica alargar la pista en 500 metros, afectando parcialmente tanto La Ricarda como El Remolar, otro espacio protegido al otro extremo de la pista. Aunque se promete una zona de seguridad (RESA) parcialmente vegetal y compensaciones ambientales, como la renaturalizaci\u00f3n de 270 hect\u00e1reas de terrenos agr\u00edcolas, los cr\u00edticos argumentan que estas medidas son insuficientes para mitigar el da\u00f1o. La ocupaci\u00f3n de dos tercios de la laguna de La Ricarda, seg\u00fan algunos c\u00e1lculos, y la intervenci\u00f3n en El Remolar comprometen la biodiversidad y el equilibrio h\u00eddrico de la zona.<\/p>\n<p>Organizaciones ecologistas como Greenpeace y Ecologistas en Acci\u00f3n han denunciado que cualquier intervenci\u00f3n en La Ricarda, por m\u00ednima que sea, es incompatible con los compromisos europeos de conservaci\u00f3n. En 2021, Bruselas ya advirti\u00f3 a las administraciones espa\u00f1olas por el deterioro del Delta del Llobregat debido a expansiones previas del aeropuerto y el puerto de Barcelona. La Comisi\u00f3n Europea, que debe dar el visto bueno a cualquier proyecto que afecte a la Red Natura 2000, exige demostrar que no existen alternativas viables y que la obra responde a \u00abrazones imperiosas de inter\u00e9s p\u00fablico de primer orden\u00bb. Los opositores sostienen que la ampliaci\u00f3n no cumple estos criterios, ya que otras soluciones, como optimizar la gesti\u00f3n de aeropuertos cercanos como Girona o Reus, podr\u00edan aliviar la saturaci\u00f3n sin da\u00f1ar espacios protegidos.<\/p>\n<h2>Impacto ambiental: m\u00e1s all\u00e1 de La Ricarda<\/h2>\n<p>La afectaci\u00f3n a La Ricarda no es el \u00fanico argumento ambiental contra la ampliaci\u00f3n. El aumento de la capacidad del aeropuerto, que busca alcanzar las 90 operaciones por hora y consolidar rutas intercontinentales, implicar\u00e1 un incremento significativo de las emisiones de CO\u2082. En un contexto de emergencia clim\u00e1tica, donde Catalu\u00f1a y Espa\u00f1a est\u00e1n comprometidas con la descarbonizaci\u00f3n, los cr\u00edticos consideran contradictorio apostar por un modelo de crecimiento basado en la aviaci\u00f3n, uno de los sectores m\u00e1s contaminantes. Adri\u00e1n Fern\u00e1ndez, de Greenpeace, ha se\u00f1alado que \u00abla aviaci\u00f3n no solo tiene un grave impacto sobre el clima, tambi\u00e9n perjudica a la poblaci\u00f3n local con m\u00e1s ruido y contaminaci\u00f3n atmosf\u00e9rica\u00bb.<\/p>\n<p>El aumento del tr\u00e1fico a\u00e9reo tambi\u00e9n generar\u00e1 molestias ac\u00fasticas en municipios cercanos como Gav\u00e0, Castelldefels y El Prat. Aunque el Govern asegura que no habr\u00e1 un impacto considerable en el ruido, los vecinos y ayuntamientos locales temen que la prolongaci\u00f3n de la pista intensifique las molestias, especialmente en \u00e1reas ya afectadas por el sobrevuelo constante de aviones. La propuesta de Aena de compensar las emisiones con medidas como combustibles m\u00e1s sostenibles o mejoras en la movilidad alrededor del aeropuerto ha sido calificada de \u00abgreenwashing\u00bb por ecologistas, quienes argumentan que estas soluciones no abordan el impacto estructural de la aviaci\u00f3n.<\/p>\n<h2>Oposici\u00f3n pol\u00edtica y social<\/h2>\n<p>La ampliaci\u00f3n ha generado una fuerte oposici\u00f3n pol\u00edtica, especialmente entre los socios de investidura del PSC, Esquerra Republicana (ERC) y Comuns. Los Comuns, liderados por David Cid, han calificado el proyecto como \u00abuna operaci\u00f3n de maquillaje\u00bb que afecta directamente a La Ricarda y El Remolar, y han anunciado una \u00abestrategia de confrontaci\u00f3n\u00bb para frenarlo. Por su parte, ERC ha mostrado reticencias, exigiendo que cualquier ampliaci\u00f3n respete los compromisos ambientales y que la Generalitat tenga un mayor peso en la gesti\u00f3n del aeropuerto.<\/p>\n<p>El Ayuntamiento de El Prat, liderado por Alba Bou (El Prat en Com\u00fa), ha sido uno de los m\u00e1s cr\u00edticos. Bou ha se\u00f1alado que el proyecto actual no solo afecta a La Ricarda, sino tambi\u00e9n a El Remolar, duplicando el impacto ambiental: \u00abHan estado dos a\u00f1os haciendo estudios para proponernos el mismo proyecto, con la diferencia de que ahora no solo afecta a un espacio natural, sino a dos\u00bb. En 2020, el pleno municipal aprob\u00f3 por unanimidad una declaraci\u00f3n institucional contra la ampliaci\u00f3n, calific\u00e1ndola como un \u00abdesastre natural, agr\u00edcola y patrimonial sin paliativos\u00bb.<\/p>\n<p>La sociedad civil tambi\u00e9n se ha movilizado. Plataformas ecologistas, agricultores y residentes del Delta del Llobregat han organizado protestas y campa\u00f1as para proteger La Ricarda. En 2021, tras el anuncio de un proyecto similar, la zona experiment\u00f3 un aumento de visitantes interesados en conocer el humedal, lo que refleja el creciente inter\u00e9s por preservar este espacio.<\/p>\n<h2>Cuestionando el modelo econ\u00f3mico<\/h2>\n<p>Otro argumento central de los opositores es que la ampliaci\u00f3n prioriza un modelo de desarrollo basado en el turismo masivo y los vuelos low-cost, en detrimento de la sostenibilidad y la calidad de vida. Aunque Aena y el Govern defienden que la ampliaci\u00f3n consolidar\u00e1 El Prat como un hub internacional, atrayendo vuelos de largo radio y un turismo de mayor poder adquisitivo, los cr\u00edticos argumentan que el aumento del tr\u00e1fico a\u00e9reo perpetuar\u00e1 la dependencia de un modelo econ\u00f3mico vulnerable. En 2024, el aeropuerto bati\u00f3 su r\u00e9cord con 55 millones de pasajeros, pero los opositores advierten que la saturaci\u00f3n prevista para 2026 podr\u00eda abordarse con una mejor redistribuci\u00f3n de vuelos a aeropuertos cercanos, como propone Pimec.<\/p>\n<p>Adem\u00e1s, el impacto econ\u00f3mico no est\u00e1 exento de cr\u00edticas. La inversi\u00f3n de 3.200 millones de euros, financiada por Aena, ha sido cuestionada por su elevado coste y la falta de garant\u00edas sobre los beneficios reales para la regi\u00f3n. Ecologistas en Acci\u00f3n sostiene que el proyecto responde m\u00e1s a los intereses privados de Aena y grandes capitales que a las necesidades colectivas. La propuesta de crear un sistema aeroportuario catal\u00e1n, conectando El Prat con Girona y Reus, ha sido planteada como una alternativa m\u00e1s sostenible que evitar\u00eda la necesidad de ampliar la pista.<\/p>\n<h2>La sombra de Bruselas<\/h2>\n<p>La autorizaci\u00f3n de la Comisi\u00f3n Europea es un obst\u00e1culo crucial. La Ricarda y El Remolar, protegidos por la Red Natura 2000, requieren un proceso riguroso para cualquier intervenci\u00f3n. Los cr\u00edticos advierten que el proyecto podr\u00eda ser bloqueado por Bruselas, como ocurri\u00f3 en 2021, cuando el Gobierno central suspendi\u00f3 una propuesta similar por la falta de apoyo del Govern y las dudas ambientales. La promesa de compensaciones, como la renaturalizaci\u00f3n de terrenos agr\u00edcolas, no convence a los opositores, que recuerdan que buena parte de estas medidas ya estaban previstas en planes previos de ampliaci\u00f3n del Delta, lo que reduce su impacto real.<\/p>\n<p>La ampliaci\u00f3n del Aeropuerto de El Prat, anunciada el 10 de junio de 2025, ha reabierto una herida en el debate sobre el modelo de desarrollo de Catalu\u00f1a. Los argumentos en contra, centrados en la amenaza a La Ricarda y El Remolar, el impacto ambiental, el cuestionamiento del modelo econ\u00f3mico y la oposici\u00f3n pol\u00edtica y social, reflejan la complejidad de un proyecto que enfrenta intereses econ\u00f3micos con la urgencia de proteger un ecosistema fr\u00e1gil. Mientras el Govern y Aena defienden la ampliaci\u00f3n como una oportunidad para consolidar Barcelona como hub internacional, los cr\u00edticos insisten en que el precio ambiental y social es demasiado alto. Con la decisi\u00f3n final en manos de la Comisi\u00f3n Europea, el futuro de La Ricarda y del Delta del Llobregat pende de un hilo, record\u00e1ndonos que no todo vale en nombre del progreso.<\/p>","protected":false},"excerpt":{"rendered":"<p>El anuncio de ayer del presidente de la Generalitat, Salvador Illa, sobre la ampliaci\u00f3n del Aeropuerto Josep Tarradellas Barcelona-El Prat ha reavivado un debate que lleva a\u00f1os polarizando a la sociedad catalana. La propuesta, que incluye la prolongaci\u00f3n de 500 metros de la tercera pista, la m\u00e1s cercana al mar, [&hellip;]<\/p>\n","protected":false},"author":3,"featured_media":65420,"comment_status":"closed","ping_status":"closed","sticky":false,"template":"","format":"standard","meta":{"footnotes":""},"categories":[76],"tags":[],"class_list":["post-65417","post","type-post","status-publish","format-standard","has-post-thumbnail","hentry","category-barcelona"],"yoast_head":"<!-- This site is optimized with the Yoast SEO plugin v27.5 - https:\/\/yoast.com\/product\/yoast-seo-wordpress\/ -->\n<title>Estoque a La Ricarda - Revista Rambla<\/title>\n<meta name=\"robots\" content=\"index, follow, max-snippet:-1, max-image-preview:large, max-video-preview:-1\" \/>\n<link rel=\"canonical\" href=\"https:\/\/www.revistarambla.com\/en\/estoque-a-la-ricarda\/\" \/>\n<meta property=\"og:locale\" content=\"en_GB\" \/>\n<meta property=\"og:type\" content=\"article\" \/>\n<meta property=\"og:title\" content=\"Estoque a La Ricarda - Revista Rambla\" \/>\n<meta property=\"og:description\" content=\"El anuncio de ayer del presidente de la Generalitat, Salvador Illa, sobre la ampliaci\u00f3n del Aeropuerto Josep Tarradellas Barcelona-El Prat ha reavivado un debate que lleva a\u00f1os polarizando a la sociedad catalana. La propuesta, que incluye la prolongaci\u00f3n de 500 metros de la tercera pista, la m\u00e1s cercana al mar, [&hellip;]\" \/>\n<meta property=\"og:url\" content=\"https:\/\/www.revistarambla.com\/en\/estoque-a-la-ricarda\/\" \/>\n<meta property=\"og:site_name\" content=\"Revista Rambla\" \/>\n<meta property=\"article:publisher\" content=\"https:\/\/www.facebook.com\/revistarambla\/\" \/>\n<meta property=\"article:author\" content=\"https:\/\/www.facebook.com\/revistarambla\" \/>\n<meta property=\"article:published_time\" content=\"2025-06-11T11:50:12+00:00\" \/>\n<meta property=\"article:modified_time\" content=\"2025-06-14T08:51:20+00:00\" \/>\n<meta property=\"og:image\" content=\"https:\/\/www.revistarambla.com\/wp-content\/uploads\/2025\/06\/La-Ricarda.jpg\" \/>\n\t<meta property=\"og:image:width\" content=\"999\" \/>\n\t<meta property=\"og:image:height\" content=\"533\" \/>\n\t<meta property=\"og:image:type\" content=\"image\/jpeg\" \/>\n<meta name=\"author\" content=\"R@mbla\" \/>\n<meta name=\"twitter:card\" content=\"summary_large_image\" \/>\n<meta name=\"twitter:creator\" content=\"@revistarambla\" \/>\n<meta name=\"twitter:site\" content=\"@revistarambla\" \/>\n<meta name=\"twitter:label1\" content=\"Written by\" \/>\n\t<meta name=\"twitter:data1\" content=\"R@mbla\" \/>\n\t<meta name=\"twitter:label2\" content=\"Estimated reading time\" \/>\n\t<meta name=\"twitter:data2\" content=\"7 minutes\" \/>\n<script type=\"application\/ld+json\" class=\"yoast-schema-graph\">{\"@context\":\"https:\\\/\\\/schema.org\",\"@graph\":[{\"@type\":\"Article\",\"@id\":\"https:\\\/\\\/www.revistarambla.com\\\/estoque-a-la-ricarda\\\/#article\",\"isPartOf\":{\"@id\":\"https:\\\/\\\/www.revistarambla.com\\\/estoque-a-la-ricarda\\\/\"},\"author\":{\"name\":\"R@mbla\",\"@id\":\"https:\\\/\\\/www.revistarambla.com\\\/#\\\/schema\\\/person\\\/a146a5a2550b94981a75131180e1bd9c\"},\"headline\":\"Estoque a La Ricarda\",\"datePublished\":\"2025-06-11T11:50:12+00:00\",\"dateModified\":\"2025-06-14T08:51:20+00:00\",\"mainEntityOfPage\":{\"@id\":\"https:\\\/\\\/www.revistarambla.com\\\/estoque-a-la-ricarda\\\/\"},\"wordCount\":1488,\"publisher\":{\"@id\":\"https:\\\/\\\/www.revistarambla.com\\\/#organization\"},\"image\":{\"@id\":\"https:\\\/\\\/www.revistarambla.com\\\/estoque-a-la-ricarda\\\/#primaryimage\"},\"thumbnailUrl\":\"https:\\\/\\\/www.revistarambla.com\\\/wp-content\\\/uploads\\\/2025\\\/06\\\/La-Ricarda.jpg\",\"articleSection\":[\"Barcelona\"],\"inLanguage\":\"en-GB\"},{\"@type\":\"WebPage\",\"@id\":\"https:\\\/\\\/www.revistarambla.com\\\/estoque-a-la-ricarda\\\/\",\"url\":\"https:\\\/\\\/www.revistarambla.com\\\/estoque-a-la-ricarda\\\/\",\"name\":\"Estoque a La Ricarda - Revista Rambla\",\"isPartOf\":{\"@id\":\"https:\\\/\\\/www.revistarambla.com\\\/#website\"},\"primaryImageOfPage\":{\"@id\":\"https:\\\/\\\/www.revistarambla.com\\\/estoque-a-la-ricarda\\\/#primaryimage\"},\"image\":{\"@id\":\"https:\\\/\\\/www.revistarambla.com\\\/estoque-a-la-ricarda\\\/#primaryimage\"},\"thumbnailUrl\":\"https:\\\/\\\/www.revistarambla.com\\\/wp-content\\\/uploads\\\/2025\\\/06\\\/La-Ricarda.jpg\",\"datePublished\":\"2025-06-11T11:50:12+00:00\",\"dateModified\":\"2025-06-14T08:51:20+00:00\",\"breadcrumb\":{\"@id\":\"https:\\\/\\\/www.revistarambla.com\\\/estoque-a-la-ricarda\\\/#breadcrumb\"},\"inLanguage\":\"en-GB\",\"potentialAction\":[{\"@type\":\"ReadAction\",\"target\":[\"https:\\\/\\\/www.revistarambla.com\\\/estoque-a-la-ricarda\\\/\"]}]},{\"@type\":\"ImageObject\",\"inLanguage\":\"en-GB\",\"@id\":\"https:\\\/\\\/www.revistarambla.com\\\/estoque-a-la-ricarda\\\/#primaryimage\",\"url\":\"https:\\\/\\\/www.revistarambla.com\\\/wp-content\\\/uploads\\\/2025\\\/06\\\/La-Ricarda.jpg\",\"contentUrl\":\"https:\\\/\\\/www.revistarambla.com\\\/wp-content\\\/uploads\\\/2025\\\/06\\\/La-Ricarda.jpg\",\"width\":999,\"height\":533,\"caption\":\"La Ricarda\"},{\"@type\":\"BreadcrumbList\",\"@id\":\"https:\\\/\\\/www.revistarambla.com\\\/estoque-a-la-ricarda\\\/#breadcrumb\",\"itemListElement\":[{\"@type\":\"ListItem\",\"position\":1,\"name\":\"Portada\",\"item\":\"https:\\\/\\\/www.revistarambla.com\\\/\"},{\"@type\":\"ListItem\",\"position\":2,\"name\":\"Estoque a La Ricarda\"}]},{\"@type\":\"WebSite\",\"@id\":\"https:\\\/\\\/www.revistarambla.com\\\/#website\",\"url\":\"https:\\\/\\\/www.revistarambla.com\\\/\",\"name\":\"Revista Rambla Barcelona\",\"description\":\"Periodismo independiente\",\"publisher\":{\"@id\":\"https:\\\/\\\/www.revistarambla.com\\\/#organization\"},\"potentialAction\":[{\"@type\":\"SearchAction\",\"target\":{\"@type\":\"EntryPoint\",\"urlTemplate\":\"https:\\\/\\\/www.revistarambla.com\\\/?s={search_term_string}\"},\"query-input\":{\"@type\":\"PropertyValueSpecification\",\"valueRequired\":true,\"valueName\":\"search_term_string\"}}],\"inLanguage\":\"en-GB\"},{\"@type\":\"Organization\",\"@id\":\"https:\\\/\\\/www.revistarambla.com\\\/#organization\",\"name\":\"Revista Rambla\",\"url\":\"https:\\\/\\\/www.revistarambla.com\\\/\",\"logo\":{\"@type\":\"ImageObject\",\"inLanguage\":\"en-GB\",\"@id\":\"https:\\\/\\\/www.revistarambla.com\\\/#\\\/schema\\\/logo\\\/image\\\/\",\"url\":\"https:\\\/\\\/www.revistarambla.com\\\/wp-content\\\/uploads\\\/2020\\\/09\\\/banner_rambla_1900x600_BB.png\",\"contentUrl\":\"https:\\\/\\\/www.revistarambla.com\\\/wp-content\\\/uploads\\\/2020\\\/09\\\/banner_rambla_1900x600_BB.png\",\"width\":1900,\"height\":600,\"caption\":\"Revista Rambla\"},\"image\":{\"@id\":\"https:\\\/\\\/www.revistarambla.com\\\/#\\\/schema\\\/logo\\\/image\\\/\"},\"sameAs\":[\"https:\\\/\\\/www.facebook.com\\\/revistarambla\\\/\",\"https:\\\/\\\/x.com\\\/revistarambla\",\"https:\\\/\\\/www.instagram.com\\\/revista_rambla\",\"https:\\\/\\\/es.linkedin.com\\\/company\\\/revista-rambla\"]},{\"@type\":\"Person\",\"@id\":\"https:\\\/\\\/www.revistarambla.com\\\/#\\\/schema\\\/person\\\/a146a5a2550b94981a75131180e1bd9c\",\"name\":\"R@mbla\",\"description\":\"Este art\u00edculo ha sido redactado y\\\/o validado por el equipo de redacci\u00f3n de Revista Rambla.\",\"sameAs\":[\"https:\\\/\\\/www.revistarambla.com\\\/\",\"https:\\\/\\\/www.facebook.com\\\/revistarambla\",\"https:\\\/\\\/x.com\\\/revistarambla\"]}]}<\/script>\n<!-- \/ Yoast SEO plugin. -->","yoast_head_json":{"title":"Estoque a La Ricarda - Revista Rambla","robots":{"index":"index","follow":"follow","max-snippet":"max-snippet:-1","max-image-preview":"max-image-preview:large","max-video-preview":"max-video-preview:-1"},"canonical":"https:\/\/www.revistarambla.com\/en\/estoque-a-la-ricarda\/","og_locale":"en_GB","og_type":"article","og_title":"Estoque a La Ricarda - Revista Rambla","og_description":"El anuncio de ayer del presidente de la Generalitat, Salvador Illa, sobre la ampliaci\u00f3n del Aeropuerto Josep Tarradellas Barcelona-El Prat ha reavivado un debate que lleva a\u00f1os polarizando a la sociedad catalana. La propuesta, que incluye la prolongaci\u00f3n de 500 metros de la tercera pista, la m\u00e1s cercana al mar, [&hellip;]","og_url":"https:\/\/www.revistarambla.com\/en\/estoque-a-la-ricarda\/","og_site_name":"Revista Rambla","article_publisher":"https:\/\/www.facebook.com\/revistarambla\/","article_author":"https:\/\/www.facebook.com\/revistarambla","article_published_time":"2025-06-11T11:50:12+00:00","article_modified_time":"2025-06-14T08:51:20+00:00","og_image":[{"width":999,"height":533,"url":"https:\/\/www.revistarambla.com\/wp-content\/uploads\/2025\/06\/La-Ricarda.jpg","type":"image\/jpeg"}],"author":"R@mbla","twitter_card":"summary_large_image","twitter_creator":"@revistarambla","twitter_site":"@revistarambla","twitter_misc":{"Written by":"R@mbla","Estimated reading time":"7 minutes"},"schema":{"@context":"https:\/\/schema.org","@graph":[{"@type":"Article","@id":"https:\/\/www.revistarambla.com\/estoque-a-la-ricarda\/#article","isPartOf":{"@id":"https:\/\/www.revistarambla.com\/estoque-a-la-ricarda\/"},"author":{"name":"R@mbla","@id":"https:\/\/www.revistarambla.com\/#\/schema\/person\/a146a5a2550b94981a75131180e1bd9c"},"headline":"Estoque a La Ricarda","datePublished":"2025-06-11T11:50:12+00:00","dateModified":"2025-06-14T08:51:20+00:00","mainEntityOfPage":{"@id":"https:\/\/www.revistarambla.com\/estoque-a-la-ricarda\/"},"wordCount":1488,"publisher":{"@id":"https:\/\/www.revistarambla.com\/#organization"},"image":{"@id":"https:\/\/www.revistarambla.com\/estoque-a-la-ricarda\/#primaryimage"},"thumbnailUrl":"https:\/\/www.revistarambla.com\/wp-content\/uploads\/2025\/06\/La-Ricarda.jpg","articleSection":["Barcelona"],"inLanguage":"en-GB"},{"@type":"WebPage","@id":"https:\/\/www.revistarambla.com\/estoque-a-la-ricarda\/","url":"https:\/\/www.revistarambla.com\/estoque-a-la-ricarda\/","name":"Estoque a La Ricarda - Revista Rambla","isPartOf":{"@id":"https:\/\/www.revistarambla.com\/#website"},"primaryImageOfPage":{"@id":"https:\/\/www.revistarambla.com\/estoque-a-la-ricarda\/#primaryimage"},"image":{"@id":"https:\/\/www.revistarambla.com\/estoque-a-la-ricarda\/#primaryimage"},"thumbnailUrl":"https:\/\/www.revistarambla.com\/wp-content\/uploads\/2025\/06\/La-Ricarda.jpg","datePublished":"2025-06-11T11:50:12+00:00","dateModified":"2025-06-14T08:51:20+00:00","breadcrumb":{"@id":"https:\/\/www.revistarambla.com\/estoque-a-la-ricarda\/#breadcrumb"},"inLanguage":"en-GB","potentialAction":[{"@type":"ReadAction","target":["https:\/\/www.revistarambla.com\/estoque-a-la-ricarda\/"]}]},{"@type":"ImageObject","inLanguage":"en-GB","@id":"https:\/\/www.revistarambla.com\/estoque-a-la-ricarda\/#primaryimage","url":"https:\/\/www.revistarambla.com\/wp-content\/uploads\/2025\/06\/La-Ricarda.jpg","contentUrl":"https:\/\/www.revistarambla.com\/wp-content\/uploads\/2025\/06\/La-Ricarda.jpg","width":999,"height":533,"caption":"La Ricarda"},{"@type":"BreadcrumbList","@id":"https:\/\/www.revistarambla.com\/estoque-a-la-ricarda\/#breadcrumb","itemListElement":[{"@type":"ListItem","position":1,"name":"Portada","item":"https:\/\/www.revistarambla.com\/"},{"@type":"ListItem","position":2,"name":"Estoque a La Ricarda"}]},{"@type":"WebSite","@id":"https:\/\/www.revistarambla.com\/#website","url":"https:\/\/www.revistarambla.com\/","name":"Revista Rambla Barcelona","description":"Periodismo independiente","publisher":{"@id":"https:\/\/www.revistarambla.com\/#organization"},"potentialAction":[{"@type":"SearchAction","target":{"@type":"EntryPoint","urlTemplate":"https:\/\/www.revistarambla.com\/?s={search_term_string}"},"query-input":{"@type":"PropertyValueSpecification","valueRequired":true,"valueName":"search_term_string"}}],"inLanguage":"en-GB"},{"@type":"Organization","@id":"https:\/\/www.revistarambla.com\/#organization","name":"Revista Rambla","url":"https:\/\/www.revistarambla.com\/","logo":{"@type":"ImageObject","inLanguage":"en-GB","@id":"https:\/\/www.revistarambla.com\/#\/schema\/logo\/image\/","url":"https:\/\/www.revistarambla.com\/wp-content\/uploads\/2020\/09\/banner_rambla_1900x600_BB.png","contentUrl":"https:\/\/www.revistarambla.com\/wp-content\/uploads\/2020\/09\/banner_rambla_1900x600_BB.png","width":1900,"height":600,"caption":"Revista Rambla"},"image":{"@id":"https:\/\/www.revistarambla.com\/#\/schema\/logo\/image\/"},"sameAs":["https:\/\/www.facebook.com\/revistarambla\/","https:\/\/x.com\/revistarambla","https:\/\/www.instagram.com\/revista_rambla","https:\/\/es.linkedin.com\/company\/revista-rambla"]},{"@type":"Person","@id":"https:\/\/www.revistarambla.com\/#\/schema\/person\/a146a5a2550b94981a75131180e1bd9c","name":"R@mbla","description":"Este art\u00edculo ha sido redactado y\/o validado por el equipo de redacci\u00f3n de Revista Rambla.","sameAs":["https:\/\/www.revistarambla.com\/","https:\/\/www.facebook.com\/revistarambla","https:\/\/x.com\/revistarambla"]}]}},"_links":{"self":[{"href":"https:\/\/www.revistarambla.com\/en\/wp-json\/wp\/v2\/posts\/65417","targetHints":{"allow":["GET"]}}],"collection":[{"href":"https:\/\/www.revistarambla.com\/en\/wp-json\/wp\/v2\/posts"}],"about":[{"href":"https:\/\/www.revistarambla.com\/en\/wp-json\/wp\/v2\/types\/post"}],"author":[{"embeddable":true,"href":"https:\/\/www.revistarambla.com\/en\/wp-json\/wp\/v2\/users\/3"}],"replies":[{"embeddable":true,"href":"https:\/\/www.revistarambla.com\/en\/wp-json\/wp\/v2\/comments?post=65417"}],"version-history":[{"count":3,"href":"https:\/\/www.revistarambla.com\/en\/wp-json\/wp\/v2\/posts\/65417\/revisions"}],"predecessor-version":[{"id":65421,"href":"https:\/\/www.revistarambla.com\/en\/wp-json\/wp\/v2\/posts\/65417\/revisions\/65421"}],"wp:featuredmedia":[{"embeddable":true,"href":"https:\/\/www.revistarambla.com\/en\/wp-json\/wp\/v2\/media\/65420"}],"wp:attachment":[{"href":"https:\/\/www.revistarambla.com\/en\/wp-json\/wp\/v2\/media?parent=65417"}],"wp:term":[{"taxonomy":"category","embeddable":true,"href":"https:\/\/www.revistarambla.com\/en\/wp-json\/wp\/v2\/categories?post=65417"},{"taxonomy":"post_tag","embeddable":true,"href":"https:\/\/www.revistarambla.com\/en\/wp-json\/wp\/v2\/tags?post=65417"}],"curies":[{"name":"wp","href":"https:\/\/api.w.org\/{rel}","templated":true}]}}