{"id":65309,"date":"2025-05-26T12:51:13","date_gmt":"2025-05-26T10:51:13","guid":{"rendered":"https:\/\/www.revistarambla.com\/?p=65309"},"modified":"2025-05-26T12:51:13","modified_gmt":"2025-05-26T10:51:13","slug":"huelga-estatal-correos-y-concentracion-en-barcelona","status":"publish","type":"post","link":"https:\/\/www.revistarambla.com\/en\/huelga-estatal-correos-y-concentracion-en-barcelona\/","title":{"rendered":"Huelga estatal Correos y concentraci\u00f3n en Barcelona"},"content":{"rendered":"<p>A partir del mi\u00e9rcoles 28 de mayo, los trabajadores de la S.E. Correos y Tel\u00e9grafos S.A est\u00e1n llamados a secundar una serie de huelgas convocadas por CGT y que concluir\u00e1n a finales de junio con una nueva jornada de huelga estatal y manifestaci\u00f3n centralizada en Madrid el viernes 27. Tras muchos a\u00f1os de empeoramiento del servicio p\u00fablico y de las condiciones laborales que han ocasionado un gran malestar, se esperaba que la negociaci\u00f3n del IV Convenio abriera una ventana a las mejoras laborales y al servicio p\u00fablico prestado por Correos.<\/p>\n<p>Sin embargo, la Directiva de Correos \u2013encabezada por el presidente Pedro Saura y el Director de Recursos Humanos Fernando Ram\u00edrez- ha puesto sobre la mesa una bater\u00eda de agresivas modificaciones que, de llevarse a cabo, supondr\u00eda un grav\u00edsimo rev\u00e9s para la prestaci\u00f3n del servicio postal p\u00fablico. Uno de los principales objetivos del documento, es reducir la masa salarial a un 70% de sus gastos en dos a\u00f1os (actualmente oscila en un 90%) lo que conllevar\u00eda \u201cuna reducci\u00f3n de la plantilla de entre 8.000 y 10.000 puestos de trabajo\u201d seg\u00fan c\u00e1lculos del sindicato CGT, convocante de la huelga. Esto, \u201csupondr\u00eda una mayor carga de trabajo para el personal restante, con zonas de reparto m\u00e1s amplias e imposibles de repartir y una estocada de muerte a la adecuada prestaci\u00f3n del servicio postal p\u00fablico en las condiciones que recoge la ley postal\u201d.<\/p>\n<p>Durante el mes de diciembre del pasado a\u00f1o se produjeron varias reuniones para la negociaci\u00f3n de dicho convenio. De forma precipitada, el d\u00eda 30 Correos remiti\u00f3 un documento denominado \u201cAcuerdo Marco Correos y Sindicatos\u201d donde situaba los ejes estrat\u00e9gicos a seguir por la direcci\u00f3n los pr\u00f3ximos a\u00f1os: Reducci\u00f3n de la plantilla (actualmente ronda los 46.000 trabajadores cuando en 2008 eran 66.000), flexibilidad horaria con turnos de martes a s\u00e1bado y calendario estacional con bolsa de horas al servicio de la empresa, retribuciones variables vinculadas al cumplimiento de objetivos.<\/p>\n<p>Las movilizaciones de la plantilla durante los meses de febrero y marzo para evitar una desregulaci\u00f3n sin precedentes, provocaron que Correos y los sindicatos firmantes acordasen una pr\u00f3rroga de la negociaci\u00f3n hasta el 30 de junio. CGT denuncia que \u201cno puede ser que la negociaci\u00f3n expire dentro de un mes escaso y no hayamos tenido reuniones ni documentaci\u00f3n en los \u00faltimos dos meses.\u201d<\/p>\n<p>\u201cLa plantilla no es la culpable de la nefasta gesti\u00f3n llevada a cabo en Correos en los \u00faltimos 20 a\u00f1os y no puede ser responsabilizada por ello\u201d, reivindican. Por eso se han negado a firmarlo y exigen una consulta general mediante un refer\u00e9ndum a toda la plantilla previa a la firma de cualquier acuerdo que afecte al conjunto del colectivo postal.<\/p>\n<p>CGT ha convocado Huelga estatal para el d\u00eda 28 de mayo con concentraciones y manifestaciones en la mayor\u00eda de las capitales de provincia de Espa\u00f1a, con una doble intenci\u00f3n: Defender los derechos de los trabajadores y garantizar un servicio postal p\u00fablico de calidad para toda la ciudadan\u00eda y en todo el territorio, sin estar sujeto a criterios de rentabilidad econ\u00f3mica.<\/p>","protected":false},"excerpt":{"rendered":"<p>A partir del mi\u00e9rcoles 28 de mayo, los trabajadores de la S.E. Correos y Tel\u00e9grafos S.A est\u00e1n llamados a secundar una serie de huelgas convocadas por CGT y que concluir\u00e1n a finales de junio con una nueva jornada de huelga estatal y manifestaci\u00f3n centralizada en Madrid el viernes 27. Tras [&hellip;]<\/p>\n","protected":false},"author":327,"featured_media":51511,"comment_status":"closed","ping_status":"closed","sticky":false,"template":"","format":"standard","meta":{"footnotes":""},"categories":[4079],"tags":[],"class_list":["post-65309","post","type-post","status-publish","format-standard","has-post-thumbnail","hentry","category-tribuna-libre"],"yoast_head":"<!-- This site is optimized with the Yoast SEO plugin v27.5 - https:\/\/yoast.com\/product\/yoast-seo-wordpress\/ -->\n<title>Huelga estatal Correos y concentraci\u00f3n en Barcelona - Revista Rambla<\/title>\n<meta name=\"robots\" content=\"index, follow, max-snippet:-1, max-image-preview:large, max-video-preview:-1\" \/>\n<link rel=\"canonical\" href=\"https:\/\/www.revistarambla.com\/en\/huelga-estatal-correos-y-concentracion-en-barcelona\/\" \/>\n<meta property=\"og:locale\" content=\"en_GB\" \/>\n<meta property=\"og:type\" content=\"article\" \/>\n<meta property=\"og:title\" content=\"Huelga estatal Correos y concentraci\u00f3n en Barcelona - Revista Rambla\" \/>\n<meta property=\"og:description\" content=\"A partir del mi\u00e9rcoles 28 de mayo, los trabajadores de la S.E. Correos y Tel\u00e9grafos S.A est\u00e1n llamados a secundar una serie de huelgas convocadas por CGT y que concluir\u00e1n a finales de junio con una nueva jornada de huelga estatal y manifestaci\u00f3n centralizada en Madrid el viernes 27. Tras [&hellip;]\" \/>\n<meta property=\"og:url\" content=\"https:\/\/www.revistarambla.com\/en\/huelga-estatal-correos-y-concentracion-en-barcelona\/\" \/>\n<meta property=\"og:site_name\" content=\"Revista Rambla\" \/>\n<meta property=\"article:publisher\" content=\"https:\/\/www.facebook.com\/revistarambla\/\" \/>\n<meta property=\"article:author\" content=\"https:\/\/www.facebook.com\/barcelona.cgt\" \/>\n<meta property=\"article:published_time\" content=\"2025-05-26T10:51:13+00:00\" \/>\n<meta property=\"og:image\" content=\"https:\/\/www.revistarambla.com\/wp-content\/uploads\/2022\/12\/huelga-correos-cgt-madrid.jpg\" \/>\n\t<meta property=\"og:image:width\" content=\"2048\" \/>\n\t<meta property=\"og:image:height\" content=\"1024\" \/>\n\t<meta property=\"og:image:type\" content=\"image\/jpeg\" \/>\n<meta name=\"author\" content=\"CGT Barcelona\" \/>\n<meta name=\"twitter:card\" content=\"summary_large_image\" \/>\n<meta name=\"twitter:creator\" content=\"@CGTBarcelona\" \/>\n<meta name=\"twitter:site\" content=\"@revistarambla\" \/>\n<meta name=\"twitter:label1\" content=\"Written by\" \/>\n\t<meta name=\"twitter:data1\" content=\"CGT Barcelona\" \/>\n\t<meta name=\"twitter:label2\" content=\"Estimated reading time\" \/>\n\t<meta name=\"twitter:data2\" content=\"3 minutes\" \/>\n<script type=\"application\/ld+json\" class=\"yoast-schema-graph\">{\"@context\":\"https:\\\/\\\/schema.org\",\"@graph\":[{\"@type\":\"Article\",\"@id\":\"https:\\\/\\\/www.revistarambla.com\\\/huelga-estatal-correos-y-concentracion-en-barcelona\\\/#article\",\"isPartOf\":{\"@id\":\"https:\\\/\\\/www.revistarambla.com\\\/huelga-estatal-correos-y-concentracion-en-barcelona\\\/\"},\"author\":{\"name\":\"CGT Barcelona\",\"@id\":\"https:\\\/\\\/www.revistarambla.com\\\/#\\\/schema\\\/person\\\/50127bec5551cbc1206e826637f48e65\"},\"headline\":\"Huelga estatal Correos y concentraci\u00f3n en Barcelona\",\"datePublished\":\"2025-05-26T10:51:13+00:00\",\"mainEntityOfPage\":{\"@id\":\"https:\\\/\\\/www.revistarambla.com\\\/huelga-estatal-correos-y-concentracion-en-barcelona\\\/\"},\"wordCount\":547,\"publisher\":{\"@id\":\"https:\\\/\\\/www.revistarambla.com\\\/#organization\"},\"image\":{\"@id\":\"https:\\\/\\\/www.revistarambla.com\\\/huelga-estatal-correos-y-concentracion-en-barcelona\\\/#primaryimage\"},\"thumbnailUrl\":\"https:\\\/\\\/www.revistarambla.com\\\/wp-content\\\/uploads\\\/2022\\\/12\\\/huelga-correos-cgt-madrid.jpg\",\"articleSection\":[\"Tribuna Libre\"],\"inLanguage\":\"en-GB\"},{\"@type\":\"WebPage\",\"@id\":\"https:\\\/\\\/www.revistarambla.com\\\/huelga-estatal-correos-y-concentracion-en-barcelona\\\/\",\"url\":\"https:\\\/\\\/www.revistarambla.com\\\/huelga-estatal-correos-y-concentracion-en-barcelona\\\/\",\"name\":\"Huelga estatal Correos y concentraci\u00f3n en Barcelona - Revista Rambla\",\"isPartOf\":{\"@id\":\"https:\\\/\\\/www.revistarambla.com\\\/#website\"},\"primaryImageOfPage\":{\"@id\":\"https:\\\/\\\/www.revistarambla.com\\\/huelga-estatal-correos-y-concentracion-en-barcelona\\\/#primaryimage\"},\"image\":{\"@id\":\"https:\\\/\\\/www.revistarambla.com\\\/huelga-estatal-correos-y-concentracion-en-barcelona\\\/#primaryimage\"},\"thumbnailUrl\":\"https:\\\/\\\/www.revistarambla.com\\\/wp-content\\\/uploads\\\/2022\\\/12\\\/huelga-correos-cgt-madrid.jpg\",\"datePublished\":\"2025-05-26T10:51:13+00:00\",\"breadcrumb\":{\"@id\":\"https:\\\/\\\/www.revistarambla.com\\\/huelga-estatal-correos-y-concentracion-en-barcelona\\\/#breadcrumb\"},\"inLanguage\":\"en-GB\",\"potentialAction\":[{\"@type\":\"ReadAction\",\"target\":[\"https:\\\/\\\/www.revistarambla.com\\\/huelga-estatal-correos-y-concentracion-en-barcelona\\\/\"]}]},{\"@type\":\"ImageObject\",\"inLanguage\":\"en-GB\",\"@id\":\"https:\\\/\\\/www.revistarambla.com\\\/huelga-estatal-correos-y-concentracion-en-barcelona\\\/#primaryimage\",\"url\":\"https:\\\/\\\/www.revistarambla.com\\\/wp-content\\\/uploads\\\/2022\\\/12\\\/huelga-correos-cgt-madrid.jpg\",\"contentUrl\":\"https:\\\/\\\/www.revistarambla.com\\\/wp-content\\\/uploads\\\/2022\\\/12\\\/huelga-correos-cgt-madrid.jpg\",\"width\":2048,\"height\":1024,\"caption\":\"Huelga Correos\"},{\"@type\":\"BreadcrumbList\",\"@id\":\"https:\\\/\\\/www.revistarambla.com\\\/huelga-estatal-correos-y-concentracion-en-barcelona\\\/#breadcrumb\",\"itemListElement\":[{\"@type\":\"ListItem\",\"position\":1,\"name\":\"Portada\",\"item\":\"https:\\\/\\\/www.revistarambla.com\\\/\"},{\"@type\":\"ListItem\",\"position\":2,\"name\":\"Huelga estatal Correos y concentraci\u00f3n en Barcelona\"}]},{\"@type\":\"WebSite\",\"@id\":\"https:\\\/\\\/www.revistarambla.com\\\/#website\",\"url\":\"https:\\\/\\\/www.revistarambla.com\\\/\",\"name\":\"Revista Rambla Barcelona\",\"description\":\"Periodismo independiente\",\"publisher\":{\"@id\":\"https:\\\/\\\/www.revistarambla.com\\\/#organization\"},\"potentialAction\":[{\"@type\":\"SearchAction\",\"target\":{\"@type\":\"EntryPoint\",\"urlTemplate\":\"https:\\\/\\\/www.revistarambla.com\\\/?s={search_term_string}\"},\"query-input\":{\"@type\":\"PropertyValueSpecification\",\"valueRequired\":true,\"valueName\":\"search_term_string\"}}],\"inLanguage\":\"en-GB\"},{\"@type\":\"Organization\",\"@id\":\"https:\\\/\\\/www.revistarambla.com\\\/#organization\",\"name\":\"Revista Rambla\",\"url\":\"https:\\\/\\\/www.revistarambla.com\\\/\",\"logo\":{\"@type\":\"ImageObject\",\"inLanguage\":\"en-GB\",\"@id\":\"https:\\\/\\\/www.revistarambla.com\\\/#\\\/schema\\\/logo\\\/image\\\/\",\"url\":\"https:\\\/\\\/www.revistarambla.com\\\/wp-content\\\/uploads\\\/2020\\\/09\\\/banner_rambla_1900x600_BB.png\",\"contentUrl\":\"https:\\\/\\\/www.revistarambla.com\\\/wp-content\\\/uploads\\\/2020\\\/09\\\/banner_rambla_1900x600_BB.png\",\"width\":1900,\"height\":600,\"caption\":\"Revista Rambla\"},\"image\":{\"@id\":\"https:\\\/\\\/www.revistarambla.com\\\/#\\\/schema\\\/logo\\\/image\\\/\"},\"sameAs\":[\"https:\\\/\\\/www.facebook.com\\\/revistarambla\\\/\",\"https:\\\/\\\/x.com\\\/revistarambla\",\"https:\\\/\\\/www.instagram.com\\\/revista_rambla\",\"https:\\\/\\\/es.linkedin.com\\\/company\\\/revista-rambla\"]},{\"@type\":\"Person\",\"@id\":\"https:\\\/\\\/www.revistarambla.com\\\/#\\\/schema\\\/person\\\/50127bec5551cbc1206e826637f48e65\",\"name\":\"CGT Barcelona\",\"description\":\"Federaci\u00f3n Local de Sindicatos de Barcelona. Organizaci\u00f3n anarcosindicalista: de clase, aut\u00f3noma, autogestionaria, federalista, internacionalista y libertaria.\",\"sameAs\":[\"https:\\\/\\\/www.cgtbarcelona.org\\\/\",\"https:\\\/\\\/www.facebook.com\\\/barcelona.cgt\",\"https:\\\/\\\/www.instagram.com\\\/cgtbarcelona\\\/\",\"https:\\\/\\\/x.com\\\/CGTBarcelona\"]}]}<\/script>\n<!-- \/ Yoast SEO plugin. -->","yoast_head_json":{"title":"Huelga estatal Correos y concentraci\u00f3n en Barcelona - Revista Rambla","robots":{"index":"index","follow":"follow","max-snippet":"max-snippet:-1","max-image-preview":"max-image-preview:large","max-video-preview":"max-video-preview:-1"},"canonical":"https:\/\/www.revistarambla.com\/en\/huelga-estatal-correos-y-concentracion-en-barcelona\/","og_locale":"en_GB","og_type":"article","og_title":"Huelga estatal Correos y concentraci\u00f3n en Barcelona - Revista Rambla","og_description":"A partir del mi\u00e9rcoles 28 de mayo, los trabajadores de la S.E. Correos y Tel\u00e9grafos S.A est\u00e1n llamados a secundar una serie de huelgas convocadas por CGT y que concluir\u00e1n a finales de junio con una nueva jornada de huelga estatal y manifestaci\u00f3n centralizada en Madrid el viernes 27. Tras [&hellip;]","og_url":"https:\/\/www.revistarambla.com\/en\/huelga-estatal-correos-y-concentracion-en-barcelona\/","og_site_name":"Revista Rambla","article_publisher":"https:\/\/www.facebook.com\/revistarambla\/","article_author":"https:\/\/www.facebook.com\/barcelona.cgt","article_published_time":"2025-05-26T10:51:13+00:00","og_image":[{"width":2048,"height":1024,"url":"https:\/\/www.revistarambla.com\/wp-content\/uploads\/2022\/12\/huelga-correos-cgt-madrid.jpg","type":"image\/jpeg"}],"author":"CGT Barcelona","twitter_card":"summary_large_image","twitter_creator":"@CGTBarcelona","twitter_site":"@revistarambla","twitter_misc":{"Written by":"CGT Barcelona","Estimated reading time":"3 minutes"},"schema":{"@context":"https:\/\/schema.org","@graph":[{"@type":"Article","@id":"https:\/\/www.revistarambla.com\/huelga-estatal-correos-y-concentracion-en-barcelona\/#article","isPartOf":{"@id":"https:\/\/www.revistarambla.com\/huelga-estatal-correos-y-concentracion-en-barcelona\/"},"author":{"name":"CGT Barcelona","@id":"https:\/\/www.revistarambla.com\/#\/schema\/person\/50127bec5551cbc1206e826637f48e65"},"headline":"Huelga estatal Correos y concentraci\u00f3n en Barcelona","datePublished":"2025-05-26T10:51:13+00:00","mainEntityOfPage":{"@id":"https:\/\/www.revistarambla.com\/huelga-estatal-correos-y-concentracion-en-barcelona\/"},"wordCount":547,"publisher":{"@id":"https:\/\/www.revistarambla.com\/#organization"},"image":{"@id":"https:\/\/www.revistarambla.com\/huelga-estatal-correos-y-concentracion-en-barcelona\/#primaryimage"},"thumbnailUrl":"https:\/\/www.revistarambla.com\/wp-content\/uploads\/2022\/12\/huelga-correos-cgt-madrid.jpg","articleSection":["Tribuna Libre"],"inLanguage":"en-GB"},{"@type":"WebPage","@id":"https:\/\/www.revistarambla.com\/huelga-estatal-correos-y-concentracion-en-barcelona\/","url":"https:\/\/www.revistarambla.com\/huelga-estatal-correos-y-concentracion-en-barcelona\/","name":"Huelga estatal Correos y concentraci\u00f3n en Barcelona - Revista Rambla","isPartOf":{"@id":"https:\/\/www.revistarambla.com\/#website"},"primaryImageOfPage":{"@id":"https:\/\/www.revistarambla.com\/huelga-estatal-correos-y-concentracion-en-barcelona\/#primaryimage"},"image":{"@id":"https:\/\/www.revistarambla.com\/huelga-estatal-correos-y-concentracion-en-barcelona\/#primaryimage"},"thumbnailUrl":"https:\/\/www.revistarambla.com\/wp-content\/uploads\/2022\/12\/huelga-correos-cgt-madrid.jpg","datePublished":"2025-05-26T10:51:13+00:00","breadcrumb":{"@id":"https:\/\/www.revistarambla.com\/huelga-estatal-correos-y-concentracion-en-barcelona\/#breadcrumb"},"inLanguage":"en-GB","potentialAction":[{"@type":"ReadAction","target":["https:\/\/www.revistarambla.com\/huelga-estatal-correos-y-concentracion-en-barcelona\/"]}]},{"@type":"ImageObject","inLanguage":"en-GB","@id":"https:\/\/www.revistarambla.com\/huelga-estatal-correos-y-concentracion-en-barcelona\/#primaryimage","url":"https:\/\/www.revistarambla.com\/wp-content\/uploads\/2022\/12\/huelga-correos-cgt-madrid.jpg","contentUrl":"https:\/\/www.revistarambla.com\/wp-content\/uploads\/2022\/12\/huelga-correos-cgt-madrid.jpg","width":2048,"height":1024,"caption":"Huelga Correos"},{"@type":"BreadcrumbList","@id":"https:\/\/www.revistarambla.com\/huelga-estatal-correos-y-concentracion-en-barcelona\/#breadcrumb","itemListElement":[{"@type":"ListItem","position":1,"name":"Portada","item":"https:\/\/www.revistarambla.com\/"},{"@type":"ListItem","position":2,"name":"Huelga estatal Correos y concentraci\u00f3n en Barcelona"}]},{"@type":"WebSite","@id":"https:\/\/www.revistarambla.com\/#website","url":"https:\/\/www.revistarambla.com\/","name":"Revista Rambla Barcelona","description":"Periodismo independiente","publisher":{"@id":"https:\/\/www.revistarambla.com\/#organization"},"potentialAction":[{"@type":"SearchAction","target":{"@type":"EntryPoint","urlTemplate":"https:\/\/www.revistarambla.com\/?s={search_term_string}"},"query-input":{"@type":"PropertyValueSpecification","valueRequired":true,"valueName":"search_term_string"}}],"inLanguage":"en-GB"},{"@type":"Organization","@id":"https:\/\/www.revistarambla.com\/#organization","name":"Revista Rambla","url":"https:\/\/www.revistarambla.com\/","logo":{"@type":"ImageObject","inLanguage":"en-GB","@id":"https:\/\/www.revistarambla.com\/#\/schema\/logo\/image\/","url":"https:\/\/www.revistarambla.com\/wp-content\/uploads\/2020\/09\/banner_rambla_1900x600_BB.png","contentUrl":"https:\/\/www.revistarambla.com\/wp-content\/uploads\/2020\/09\/banner_rambla_1900x600_BB.png","width":1900,"height":600,"caption":"Revista Rambla"},"image":{"@id":"https:\/\/www.revistarambla.com\/#\/schema\/logo\/image\/"},"sameAs":["https:\/\/www.facebook.com\/revistarambla\/","https:\/\/x.com\/revistarambla","https:\/\/www.instagram.com\/revista_rambla","https:\/\/es.linkedin.com\/company\/revista-rambla"]},{"@type":"Person","@id":"https:\/\/www.revistarambla.com\/#\/schema\/person\/50127bec5551cbc1206e826637f48e65","name":"CGT Barcelona","description":"Federaci\u00f3n Local de Sindicatos de Barcelona. Organizaci\u00f3n anarcosindicalista: de clase, aut\u00f3noma, autogestionaria, federalista, internacionalista y libertaria.","sameAs":["https:\/\/www.cgtbarcelona.org\/","https:\/\/www.facebook.com\/barcelona.cgt","https:\/\/www.instagram.com\/cgtbarcelona\/","https:\/\/x.com\/CGTBarcelona"]}]}},"_links":{"self":[{"href":"https:\/\/www.revistarambla.com\/en\/wp-json\/wp\/v2\/posts\/65309","targetHints":{"allow":["GET"]}}],"collection":[{"href":"https:\/\/www.revistarambla.com\/en\/wp-json\/wp\/v2\/posts"}],"about":[{"href":"https:\/\/www.revistarambla.com\/en\/wp-json\/wp\/v2\/types\/post"}],"author":[{"embeddable":true,"href":"https:\/\/www.revistarambla.com\/en\/wp-json\/wp\/v2\/users\/327"}],"replies":[{"embeddable":true,"href":"https:\/\/www.revistarambla.com\/en\/wp-json\/wp\/v2\/comments?post=65309"}],"version-history":[{"count":1,"href":"https:\/\/www.revistarambla.com\/en\/wp-json\/wp\/v2\/posts\/65309\/revisions"}],"predecessor-version":[{"id":65310,"href":"https:\/\/www.revistarambla.com\/en\/wp-json\/wp\/v2\/posts\/65309\/revisions\/65310"}],"wp:featuredmedia":[{"embeddable":true,"href":"https:\/\/www.revistarambla.com\/en\/wp-json\/wp\/v2\/media\/51511"}],"wp:attachment":[{"href":"https:\/\/www.revistarambla.com\/en\/wp-json\/wp\/v2\/media?parent=65309"}],"wp:term":[{"taxonomy":"category","embeddable":true,"href":"https:\/\/www.revistarambla.com\/en\/wp-json\/wp\/v2\/categories?post=65309"},{"taxonomy":"post_tag","embeddable":true,"href":"https:\/\/www.revistarambla.com\/en\/wp-json\/wp\/v2\/tags?post=65309"}],"curies":[{"name":"wp","href":"https:\/\/api.w.org\/{rel}","templated":true}]}}