{"id":65142,"date":"2025-05-07T20:33:02","date_gmt":"2025-05-07T18:33:02","guid":{"rendered":"https:\/\/www.revistarambla.com\/?p=65142"},"modified":"2025-05-10T13:34:19","modified_gmt":"2025-05-10T11:34:19","slug":"intrigas-vaticanas-la-desaparicion-de-emmanuela-orlandi","status":"publish","type":"post","link":"https:\/\/www.revistarambla.com\/en\/intrigas-vaticanas-la-desaparicion-de-emmanuela-orlandi\/","title":{"rendered":"Intrigas vaticanas: la desaparici\u00f3n de Emmanuela Orlandi"},"content":{"rendered":"<p>El caso de Emmanuela Orlandi es uno de los misterios m\u00e1s profundos y persistentes de la historia reciente de Italia y el Vaticano. Emmanuela, una joven de 15 a\u00f1os y ciudadana vaticana, desapareci\u00f3 misteriosamente el 22 de junio de 1983 mientras regresaba a su hogar en la Ciudad del Vaticano despu\u00e9s de una lecci\u00f3n de flauta en Roma. Su caso ha generado decenas de teor\u00edas, desde conspiraciones internacionales hasta esc\u00e1ndalos internos del Vaticano, pasando por la posible implicaci\u00f3n de la mafia italiana. A pesar de dos investigaciones judiciales y una reciente reapertura del caso en 2023, la verdad sobre su desaparici\u00f3n sigue siendo un enigma. Este art\u00edculo busca reconstruir el d\u00eda de su desaparici\u00f3n, analizar las principales hip\u00f3tesis, examinar las l\u00edneas de investigaci\u00f3n y destacar el papel del Vaticano, todo ello respaldado por fuentes confiables y contrastadas. Adem\u00e1s, se incluir\u00e1n casos similares ocurridos en el Vaticano y se formular\u00e1 una hip\u00f3tesis plausible basada en la evidencia disponible.<\/p>\n<h2>Reconstrucci\u00f3n del D\u00eda de la Desaparici\u00f3n<\/h2>\n<p>El 22 de junio de 1983 fue un d\u00eda caluroso en Roma. Emmanuela Orlandi, de 15 a\u00f1os, era la cuarta de cinco hermanos y viv\u00eda con su familia en un apartamento dentro de la Ciudad del Vaticano. Su padre, Ercole Orlandi, trabajaba como empleado laico en la Prefectura de la Casa Pontificia, organizando audiencias papales. Ese d\u00eda, Emmanuela asisti\u00f3 a su habitual lecci\u00f3n de flauta en el complejo Sant&#8217;Apollinare, ubicado en el centro de Roma.<\/p>\n<p>Seg\u00fan los testimonios recopilados, antes de su lecci\u00f3n, Emmanuela tuvo un encuentro inquietante. Un hombre en un BMW verde la abord\u00f3 y le ofreci\u00f3 dinero para vender cosm\u00e9ticos Avon. Este incidente la perturb\u00f3 tanto que llam\u00f3 a su hermana para cont\u00e1rselo. Durante la lecci\u00f3n de flauta, Emmanuela parec\u00eda distra\u00edda y pidi\u00f3 salir antes de lo habitual, alrededor de las 18:50. Sus amigos la vieron subir a un autob\u00fas hacia su casa, donde inici\u00f3 una conversaci\u00f3n con una pasajera de cabello rojo. Sin embargo, nunca lleg\u00f3 a su destino.<\/p>\n<p>El \u00faltimo avistamiento confirmado de Emmanuela fue alrededor de las 19:30 en la parada de autob\u00fas de Corso Rinascimento, en compa\u00f1\u00eda de una chica desconocida. Desde entonces, no se ha vuelto a saber de ella. Su familia denunci\u00f3 su desaparici\u00f3n esa misma noche, iniciando as\u00ed una de las investigaciones m\u00e1s complejas de la historia italiana.<\/p>\n<h2>Hip\u00f3tesis sobre la Desaparici\u00f3n<\/h2>\n<p>A lo largo de los a\u00f1os, se han propuesto m\u00faltiples hip\u00f3tesis sobre el paradero de Emmanuela Orlandi. Algunas son m\u00e1s plausibles que otras, pero todas comparten un com\u00fan denominador: la falta de evidencia concluyente.<\/p>\n<ol>\n<li><strong>Terrorismo Internacional (Desacreditada)<\/strong>\n<ul>\n<li>Inicialmente, se recibi\u00f3 una llamada de un hombre que se identific\u00f3 como \u00abel americano\u00bb, afirmando que Emmanuela hab\u00eda sido secuestrada por una organizaci\u00f3n terrorista que exig\u00eda la liberaci\u00f3n de Mehmet Ali A\u011fca, el turco que intent\u00f3 asesinar al Papa Juan Pablo II en 1981. Sin embargo, esta pista fue descartada como una distracci\u00f3n deliberada, ya que no se encontr\u00f3 evidencia que respaldara la conexi\u00f3n con el terrorismo.<\/li>\n<\/ul>\n<\/li>\n<li><strong>Implicaci\u00f3n de la Mafia (Banda della Magliana)<\/strong>\n<ul>\n<li>Esta es una de las teor\u00edas m\u00e1s persistentes y respaldadas por testimonios. La Banda della Magliana, un grupo criminal de Roma, ha sido vinculada al caso a trav\u00e9s de varias fuentes. Enrico De Pedis, un jefe de la banda, fue enterrado en la Bas\u00edlica de Sant&#8217;Apollinare, un hecho inusual que sugiere conexiones con altos funcionarios vaticanos. Testigos como Antonio Mancini y Sabrina Minardi (amante de De Pedis) han afirmado que la banda secuestr\u00f3 a Emmanuela como parte de un acuerdo con el Vaticano, posiblemente relacionado con esc\u00e1ndalos financieros como el caso del Banco Ambrosiano y el Banco Vaticano.<\/li>\n<li>Se especula que el secuestro podr\u00eda haber sido una forma de presionar al Vaticano para que devolviera fondos desviados o para cubrir otros cr\u00edmenes.<\/li>\n<\/ul>\n<\/li>\n<li><strong>Esc\u00e1ndalo Sexual en el Vaticano<\/strong>\n<ul>\n<li>Otra teor\u00eda sugiere que Emmanuela fue v\u00edctima de un accidente durante una reuni\u00f3n con altos funcionarios vaticanos, posiblemente involucrando abusos sexuales. Esta hip\u00f3tesis ha sido respaldada por figuras como Pino Nicotri y Gabriele Amorth, quien mencion\u00f3 la existencia de \u00abped\u00f3filos eclesi\u00e1sticos\u00bb. Sin embargo, no hay pruebas directas que la corroboren.<\/li>\n<\/ul>\n<\/li>\n<li><strong>Asesinato en Serie<\/strong>\n<ul>\n<li>Algunos investigadores, como Otello Lupacchini y Max Parisi, han sugerido que Emmanuela podr\u00eda haber sido v\u00edctima de un asesino en serie, dado que otras j\u00f3venes desaparecieron en Roma entre 1982 y 1990. Sin embargo, esta teor\u00eda no ha ganado mucha tracci\u00f3n.<\/li>\n<\/ul>\n<\/li>\n<li><strong>La Pista de Londres<\/strong>\n<ul>\n<li>Documentos y testimonios sugieren que Emmanuela podr\u00eda haber sido llevada a Londres bajo protecci\u00f3n vaticana. Una carta de 1993 del Arzobispo George Carey al Cardenal Poletti, enviada a una direcci\u00f3n en Londres, ha sido citada como evidencia, aunque Carey neg\u00f3 su autenticidad en 2023.<\/li>\n<\/ul>\n<\/li>\n<li><strong>Marco Accetti y Nuevas Confesiones<\/strong>\n<ul>\n<li>En 2024, Marco Accetti afirm\u00f3 haber participado en el secuestro, presentando un an\u00e1lisis de voz que coincid\u00eda en un 86% con las llamadas iniciales. Sin embargo, no se encontr\u00f3 ADN en la flauta que present\u00f3 como prueba.<\/li>\n<\/ul>\n<\/li>\n<\/ol>\n<h2>L\u00edneas de Investigaci\u00f3n y el Papel del Vaticano<\/h2>\n<p>El caso de Emmanuela Orlandi ha sido objeto de dos investigaciones judiciales principales:<\/p>\n<ul>\n<li><strong>Primera Investigaci\u00f3n (1983-1997):<\/strong> Cerrada sin resolver.<\/li>\n<li><strong>Segunda Investigaci\u00f3n (2008-2015):<\/strong> Tambi\u00e9n cerrada sin resultados concretos.<\/li>\n<li><strong>Tercera Investigaci\u00f3n (2023-presente):<\/strong> Reabierta por los magistrados vaticanos, la Fiscal\u00eda de Roma y una comisi\u00f3n parlamentaria bicameral.<\/li>\n<\/ul>\n<p>El Vaticano ha sido criticado por su falta de transparencia. A pesar de las apelaciones p\u00fablicas del Papa Juan Pablo II y la reciente reapertura del caso por el Papa Francisco, el Vaticano ha sido acusado de ocultar informaci\u00f3n. En 2023, se confirm\u00f3 la existencia de un dossier secreto sobre el caso, pero su contenido sigue siendo confidencial. Adem\u00e1s, el entierro de Enrico De Pedis en una bas\u00edlica vaticana, organizado por el Cardenal Ugo Poletti, sugiere una conexi\u00f3n entre el Vaticano y la mafia.<\/p>\n<p>La familia Orlandi, especialmente el hermano Pietro, ha acusado al Vaticano de complicidad y de \u00abconstruir un muro de silencio\u00bb. Pietro ha presentado listas de cardenales para ser interrogados, pero el Vaticano ha resistido estas demandas.<\/p>\n<h2>Otros Casos Similares en el Vaticano<\/h2>\n<p>Aunque el caso de Emmanuela Orlandi es \u00fanico, hay otros incidentes que reflejan la complejidad y el misterio que rodean al Vaticano:<\/p>\n<ul>\n<li><strong>Mirella Gregori:<\/strong> Otra joven de 15 a\u00f1os que desapareci\u00f3 en Roma en 1983, poco despu\u00e9s de Emmanuela. Su caso tambi\u00e9n ha sido vinculado a la Banda della Magliana y al Vaticano.<\/li>\n<li><strong>Esc\u00e1ndalo de las Fugas Vaticanas (2012):<\/strong> El mayordomo del Papa Benedicto XVI, Paolo Gabriele, fue arrestado por filtrar documentos que revelaban corrupci\u00f3n y finanzas opacas dentro del Vaticano.<\/li>\n<li><strong>Descubrimiento de Restos en el Vaticano (2019):<\/strong> Durante la b\u00fasqueda de Emmanuela, se encontraron huesos en el cementerio del Colegio Teut\u00f3nico, aunque no se confirm\u00f3 su identidad.<\/li>\n<\/ul>\n<p>Estos casos subrayan la atm\u00f3sfera de secreto y corrupci\u00f3n que ha rodeado al Vaticano durante d\u00e9cadas.<\/p>\n<h2>Hip\u00f3tesis Plausible<\/h2>\n<p>Bas\u00e1ndonos en la evidencia disponible, la hip\u00f3tesis m\u00e1s plausible es que Emmanuela Orlandi fue secuestrada por la Banda della Magliana como parte de un acuerdo con el Vaticano. Este acuerdo podr\u00eda estar relacionado con los esc\u00e1ndalos financieros del Banco Vaticano y el Banco Ambrosiano, donde se desviaron millones de d\u00f3lares. La mafia podr\u00eda haber secuestrado a Emmanuela para presionar al Vaticano o como parte de un intercambio de favores. El entierro de Enrico De Pedis en una bas\u00edlica vaticana sugiere una conexi\u00f3n profunda entre la mafia y altos funcionarios vaticanos.<\/p>\n<p>Sin embargo, la falta de pruebas definitivas y la reticencia del Vaticano a revelar informaci\u00f3n completa dejan este caso sin resolver. Es posible que la verdad permanezca enterrada en los archivos secretos del Vaticano o en las tumbas de Roma.<\/p>\n<p>El caso de Emmanuela Orlandi es un s\u00edmbolo del misterio y la intriga que rodean al Vaticano. A pesar de d\u00e9cadas de investigaciones, la verdad sigue elusiva. Las hip\u00f3tesis de mafia, esc\u00e1ndalos sexuales y conspiraciones financieras persisten, pero ninguna ha sido probada conclusivamente. El Vaticano, con su historia de secretos y corrupci\u00f3n, sigue siendo un actor central en esta tragedia. Mientras tanto, la familia Orlandi contin\u00faa su b\u00fasqueda incansable de respuestas, esperando que alg\u00fan d\u00eda el velo de silencio sea levantado.<\/p>","protected":false},"excerpt":{"rendered":"<p>La joven de 15 a\u00f1os, ciudadana vaticana, desapareci\u00f3 el 22 de junio de 1983 tras una lecci\u00f3n de flauta en Roma, un caso que sigue sin resolverse. Las hip\u00f3tesis principales incluyen la implicaci\u00f3n de la mafia (Banda della Magliana), esc\u00e1ndalos sexuales en el Vaticano, terrorismo internacional (desacreditado), y teor\u00edas menos probables como un asesino en serie o su traslado a Londres. Aunque no hay pruebas definitivas, el Vaticano ha sido criticado por su falta de transparencia, con indicios de posibles conexiones con la mafia y encubrimiento de informaci\u00f3n. Foto: Sjaak Kempe \/ Wikimedia Commons<\/p>","protected":false},"author":3,"featured_media":65143,"comment_status":"closed","ping_status":"closed","sticky":false,"template":"","format":"standard","meta":{"footnotes":""},"categories":[4099],"tags":[],"class_list":["post-65142","post","type-post","status-publish","format-standard","has-post-thumbnail","hentry","category-otras-miradas"],"yoast_head":"<!-- This site is optimized with the Yoast SEO plugin v27.5 - https:\/\/yoast.com\/product\/yoast-seo-wordpress\/ -->\n<title>Intrigas vaticanas: la desaparici\u00f3n de Emmanuela Orlandi - Revista Rambla<\/title>\n<meta name=\"robots\" content=\"index, follow, max-snippet:-1, max-image-preview:large, max-video-preview:-1\" \/>\n<link rel=\"canonical\" href=\"https:\/\/www.revistarambla.com\/en\/intrigas-vaticanas-la-desaparicion-de-emmanuela-orlandi\/\" \/>\n<meta property=\"og:locale\" content=\"en_GB\" \/>\n<meta property=\"og:type\" content=\"article\" \/>\n<meta property=\"og:title\" content=\"Intrigas vaticanas: la desaparici\u00f3n de Emmanuela Orlandi - Revista Rambla\" \/>\n<meta property=\"og:description\" content=\"La joven de 15 a\u00f1os, ciudadana vaticana, desapareci\u00f3 el 22 de junio de 1983 tras una lecci\u00f3n de flauta en Roma, un caso que sigue sin resolverse. Las hip\u00f3tesis principales incluyen la implicaci\u00f3n de la mafia (Banda della Magliana), esc\u00e1ndalos sexuales en el Vaticano, terrorismo internacional (desacreditado), y teor\u00edas menos probables como un asesino en serie o su traslado a Londres. Aunque no hay pruebas definitivas, el Vaticano ha sido criticado por su falta de transparencia, con indicios de posibles conexiones con la mafia y encubrimiento de informaci\u00f3n. Foto: Sjaak Kempe \/ Wikimedia Commons\" \/>\n<meta property=\"og:url\" content=\"https:\/\/www.revistarambla.com\/en\/intrigas-vaticanas-la-desaparicion-de-emmanuela-orlandi\/\" \/>\n<meta property=\"og:site_name\" content=\"Revista Rambla\" \/>\n<meta property=\"article:publisher\" content=\"https:\/\/www.facebook.com\/revistarambla\/\" \/>\n<meta property=\"article:author\" content=\"https:\/\/www.facebook.com\/revistarambla\" \/>\n<meta property=\"article:published_time\" content=\"2025-05-07T18:33:02+00:00\" \/>\n<meta property=\"article:modified_time\" content=\"2025-05-10T11:34:19+00:00\" \/>\n<meta property=\"og:image\" content=\"https:\/\/www.revistarambla.com\/wp-content\/uploads\/2025\/05\/20160424_035_Roma_-_Citta_del_Vaticano_-_Piazza_San_Pietro_26436304050.jpg\" \/>\n\t<meta property=\"og:image:width\" content=\"1920\" \/>\n\t<meta property=\"og:image:height\" content=\"1536\" \/>\n\t<meta property=\"og:image:type\" content=\"image\/jpeg\" \/>\n<meta name=\"author\" content=\"R@mbla\" \/>\n<meta name=\"twitter:card\" content=\"summary_large_image\" \/>\n<meta name=\"twitter:creator\" content=\"@revistarambla\" \/>\n<meta name=\"twitter:site\" content=\"@revistarambla\" \/>\n<meta name=\"twitter:label1\" content=\"Written by\" \/>\n\t<meta name=\"twitter:data1\" content=\"R@mbla\" \/>\n\t<meta name=\"twitter:label2\" content=\"Estimated reading time\" \/>\n\t<meta name=\"twitter:data2\" content=\"7 minutes\" \/>\n<script type=\"application\/ld+json\" class=\"yoast-schema-graph\">{\"@context\":\"https:\\\/\\\/schema.org\",\"@graph\":[{\"@type\":\"Article\",\"@id\":\"https:\\\/\\\/www.revistarambla.com\\\/intrigas-vaticanas-la-desaparicion-de-emmanuela-orlandi\\\/#article\",\"isPartOf\":{\"@id\":\"https:\\\/\\\/www.revistarambla.com\\\/intrigas-vaticanas-la-desaparicion-de-emmanuela-orlandi\\\/\"},\"author\":{\"name\":\"R@mbla\",\"@id\":\"https:\\\/\\\/www.revistarambla.com\\\/#\\\/schema\\\/person\\\/a146a5a2550b94981a75131180e1bd9c\"},\"headline\":\"Intrigas vaticanas: la desaparici\u00f3n de Emmanuela Orlandi\",\"datePublished\":\"2025-05-07T18:33:02+00:00\",\"dateModified\":\"2025-05-10T11:34:19+00:00\",\"mainEntityOfPage\":{\"@id\":\"https:\\\/\\\/www.revistarambla.com\\\/intrigas-vaticanas-la-desaparicion-de-emmanuela-orlandi\\\/\"},\"wordCount\":1431,\"publisher\":{\"@id\":\"https:\\\/\\\/www.revistarambla.com\\\/#organization\"},\"image\":{\"@id\":\"https:\\\/\\\/www.revistarambla.com\\\/intrigas-vaticanas-la-desaparicion-de-emmanuela-orlandi\\\/#primaryimage\"},\"thumbnailUrl\":\"https:\\\/\\\/www.revistarambla.com\\\/wp-content\\\/uploads\\\/2025\\\/05\\\/20160424_035_Roma_-_Citta_del_Vaticano_-_Piazza_San_Pietro_26436304050.jpg\",\"articleSection\":[\"Otras Miradas\"],\"inLanguage\":\"en-GB\"},{\"@type\":\"WebPage\",\"@id\":\"https:\\\/\\\/www.revistarambla.com\\\/intrigas-vaticanas-la-desaparicion-de-emmanuela-orlandi\\\/\",\"url\":\"https:\\\/\\\/www.revistarambla.com\\\/intrigas-vaticanas-la-desaparicion-de-emmanuela-orlandi\\\/\",\"name\":\"Intrigas vaticanas: la desaparici\u00f3n de Emmanuela Orlandi - Revista Rambla\",\"isPartOf\":{\"@id\":\"https:\\\/\\\/www.revistarambla.com\\\/#website\"},\"primaryImageOfPage\":{\"@id\":\"https:\\\/\\\/www.revistarambla.com\\\/intrigas-vaticanas-la-desaparicion-de-emmanuela-orlandi\\\/#primaryimage\"},\"image\":{\"@id\":\"https:\\\/\\\/www.revistarambla.com\\\/intrigas-vaticanas-la-desaparicion-de-emmanuela-orlandi\\\/#primaryimage\"},\"thumbnailUrl\":\"https:\\\/\\\/www.revistarambla.com\\\/wp-content\\\/uploads\\\/2025\\\/05\\\/20160424_035_Roma_-_Citta_del_Vaticano_-_Piazza_San_Pietro_26436304050.jpg\",\"datePublished\":\"2025-05-07T18:33:02+00:00\",\"dateModified\":\"2025-05-10T11:34:19+00:00\",\"breadcrumb\":{\"@id\":\"https:\\\/\\\/www.revistarambla.com\\\/intrigas-vaticanas-la-desaparicion-de-emmanuela-orlandi\\\/#breadcrumb\"},\"inLanguage\":\"en-GB\",\"potentialAction\":[{\"@type\":\"ReadAction\",\"target\":[\"https:\\\/\\\/www.revistarambla.com\\\/intrigas-vaticanas-la-desaparicion-de-emmanuela-orlandi\\\/\"]}]},{\"@type\":\"ImageObject\",\"inLanguage\":\"en-GB\",\"@id\":\"https:\\\/\\\/www.revistarambla.com\\\/intrigas-vaticanas-la-desaparicion-de-emmanuela-orlandi\\\/#primaryimage\",\"url\":\"https:\\\/\\\/www.revistarambla.com\\\/wp-content\\\/uploads\\\/2025\\\/05\\\/20160424_035_Roma_-_Citta_del_Vaticano_-_Piazza_San_Pietro_26436304050.jpg\",\"contentUrl\":\"https:\\\/\\\/www.revistarambla.com\\\/wp-content\\\/uploads\\\/2025\\\/05\\\/20160424_035_Roma_-_Citta_del_Vaticano_-_Piazza_San_Pietro_26436304050.jpg\",\"width\":1920,\"height\":1536,\"caption\":\"vaticano Emmanuela Orlandi Iglesia cat\u00f3lica espionaje mundial\"},{\"@type\":\"BreadcrumbList\",\"@id\":\"https:\\\/\\\/www.revistarambla.com\\\/intrigas-vaticanas-la-desaparicion-de-emmanuela-orlandi\\\/#breadcrumb\",\"itemListElement\":[{\"@type\":\"ListItem\",\"position\":1,\"name\":\"Portada\",\"item\":\"https:\\\/\\\/www.revistarambla.com\\\/\"},{\"@type\":\"ListItem\",\"position\":2,\"name\":\"Intrigas vaticanas: la desaparici\u00f3n de Emmanuela Orlandi\"}]},{\"@type\":\"WebSite\",\"@id\":\"https:\\\/\\\/www.revistarambla.com\\\/#website\",\"url\":\"https:\\\/\\\/www.revistarambla.com\\\/\",\"name\":\"Revista Rambla Barcelona\",\"description\":\"Periodismo independiente\",\"publisher\":{\"@id\":\"https:\\\/\\\/www.revistarambla.com\\\/#organization\"},\"potentialAction\":[{\"@type\":\"SearchAction\",\"target\":{\"@type\":\"EntryPoint\",\"urlTemplate\":\"https:\\\/\\\/www.revistarambla.com\\\/?s={search_term_string}\"},\"query-input\":{\"@type\":\"PropertyValueSpecification\",\"valueRequired\":true,\"valueName\":\"search_term_string\"}}],\"inLanguage\":\"en-GB\"},{\"@type\":\"Organization\",\"@id\":\"https:\\\/\\\/www.revistarambla.com\\\/#organization\",\"name\":\"Revista Rambla\",\"url\":\"https:\\\/\\\/www.revistarambla.com\\\/\",\"logo\":{\"@type\":\"ImageObject\",\"inLanguage\":\"en-GB\",\"@id\":\"https:\\\/\\\/www.revistarambla.com\\\/#\\\/schema\\\/logo\\\/image\\\/\",\"url\":\"https:\\\/\\\/www.revistarambla.com\\\/wp-content\\\/uploads\\\/2020\\\/09\\\/banner_rambla_1900x600_BB.png\",\"contentUrl\":\"https:\\\/\\\/www.revistarambla.com\\\/wp-content\\\/uploads\\\/2020\\\/09\\\/banner_rambla_1900x600_BB.png\",\"width\":1900,\"height\":600,\"caption\":\"Revista Rambla\"},\"image\":{\"@id\":\"https:\\\/\\\/www.revistarambla.com\\\/#\\\/schema\\\/logo\\\/image\\\/\"},\"sameAs\":[\"https:\\\/\\\/www.facebook.com\\\/revistarambla\\\/\",\"https:\\\/\\\/x.com\\\/revistarambla\",\"https:\\\/\\\/www.instagram.com\\\/revista_rambla\",\"https:\\\/\\\/es.linkedin.com\\\/company\\\/revista-rambla\"]},{\"@type\":\"Person\",\"@id\":\"https:\\\/\\\/www.revistarambla.com\\\/#\\\/schema\\\/person\\\/a146a5a2550b94981a75131180e1bd9c\",\"name\":\"R@mbla\",\"description\":\"Este art\u00edculo ha sido redactado y\\\/o validado por el equipo de redacci\u00f3n de Revista Rambla.\",\"sameAs\":[\"https:\\\/\\\/www.revistarambla.com\\\/\",\"https:\\\/\\\/www.facebook.com\\\/revistarambla\",\"https:\\\/\\\/x.com\\\/revistarambla\"]}]}<\/script>\n<!-- \/ Yoast SEO plugin. -->","yoast_head_json":{"title":"Intrigas vaticanas: la desaparici\u00f3n de Emmanuela Orlandi - Revista Rambla","robots":{"index":"index","follow":"follow","max-snippet":"max-snippet:-1","max-image-preview":"max-image-preview:large","max-video-preview":"max-video-preview:-1"},"canonical":"https:\/\/www.revistarambla.com\/en\/intrigas-vaticanas-la-desaparicion-de-emmanuela-orlandi\/","og_locale":"en_GB","og_type":"article","og_title":"Intrigas vaticanas: la desaparici\u00f3n de Emmanuela Orlandi - Revista Rambla","og_description":"La joven de 15 a\u00f1os, ciudadana vaticana, desapareci\u00f3 el 22 de junio de 1983 tras una lecci\u00f3n de flauta en Roma, un caso que sigue sin resolverse. Las hip\u00f3tesis principales incluyen la implicaci\u00f3n de la mafia (Banda della Magliana), esc\u00e1ndalos sexuales en el Vaticano, terrorismo internacional (desacreditado), y teor\u00edas menos probables como un asesino en serie o su traslado a Londres. Aunque no hay pruebas definitivas, el Vaticano ha sido criticado por su falta de transparencia, con indicios de posibles conexiones con la mafia y encubrimiento de informaci\u00f3n. Foto: Sjaak Kempe \/ Wikimedia Commons","og_url":"https:\/\/www.revistarambla.com\/en\/intrigas-vaticanas-la-desaparicion-de-emmanuela-orlandi\/","og_site_name":"Revista Rambla","article_publisher":"https:\/\/www.facebook.com\/revistarambla\/","article_author":"https:\/\/www.facebook.com\/revistarambla","article_published_time":"2025-05-07T18:33:02+00:00","article_modified_time":"2025-05-10T11:34:19+00:00","og_image":[{"width":1920,"height":1536,"url":"https:\/\/www.revistarambla.com\/wp-content\/uploads\/2025\/05\/20160424_035_Roma_-_Citta_del_Vaticano_-_Piazza_San_Pietro_26436304050.jpg","type":"image\/jpeg"}],"author":"R@mbla","twitter_card":"summary_large_image","twitter_creator":"@revistarambla","twitter_site":"@revistarambla","twitter_misc":{"Written by":"R@mbla","Estimated reading time":"7 minutes"},"schema":{"@context":"https:\/\/schema.org","@graph":[{"@type":"Article","@id":"https:\/\/www.revistarambla.com\/intrigas-vaticanas-la-desaparicion-de-emmanuela-orlandi\/#article","isPartOf":{"@id":"https:\/\/www.revistarambla.com\/intrigas-vaticanas-la-desaparicion-de-emmanuela-orlandi\/"},"author":{"name":"R@mbla","@id":"https:\/\/www.revistarambla.com\/#\/schema\/person\/a146a5a2550b94981a75131180e1bd9c"},"headline":"Intrigas vaticanas: la desaparici\u00f3n de Emmanuela Orlandi","datePublished":"2025-05-07T18:33:02+00:00","dateModified":"2025-05-10T11:34:19+00:00","mainEntityOfPage":{"@id":"https:\/\/www.revistarambla.com\/intrigas-vaticanas-la-desaparicion-de-emmanuela-orlandi\/"},"wordCount":1431,"publisher":{"@id":"https:\/\/www.revistarambla.com\/#organization"},"image":{"@id":"https:\/\/www.revistarambla.com\/intrigas-vaticanas-la-desaparicion-de-emmanuela-orlandi\/#primaryimage"},"thumbnailUrl":"https:\/\/www.revistarambla.com\/wp-content\/uploads\/2025\/05\/20160424_035_Roma_-_Citta_del_Vaticano_-_Piazza_San_Pietro_26436304050.jpg","articleSection":["Otras Miradas"],"inLanguage":"en-GB"},{"@type":"WebPage","@id":"https:\/\/www.revistarambla.com\/intrigas-vaticanas-la-desaparicion-de-emmanuela-orlandi\/","url":"https:\/\/www.revistarambla.com\/intrigas-vaticanas-la-desaparicion-de-emmanuela-orlandi\/","name":"Intrigas vaticanas: la desaparici\u00f3n de Emmanuela Orlandi - Revista Rambla","isPartOf":{"@id":"https:\/\/www.revistarambla.com\/#website"},"primaryImageOfPage":{"@id":"https:\/\/www.revistarambla.com\/intrigas-vaticanas-la-desaparicion-de-emmanuela-orlandi\/#primaryimage"},"image":{"@id":"https:\/\/www.revistarambla.com\/intrigas-vaticanas-la-desaparicion-de-emmanuela-orlandi\/#primaryimage"},"thumbnailUrl":"https:\/\/www.revistarambla.com\/wp-content\/uploads\/2025\/05\/20160424_035_Roma_-_Citta_del_Vaticano_-_Piazza_San_Pietro_26436304050.jpg","datePublished":"2025-05-07T18:33:02+00:00","dateModified":"2025-05-10T11:34:19+00:00","breadcrumb":{"@id":"https:\/\/www.revistarambla.com\/intrigas-vaticanas-la-desaparicion-de-emmanuela-orlandi\/#breadcrumb"},"inLanguage":"en-GB","potentialAction":[{"@type":"ReadAction","target":["https:\/\/www.revistarambla.com\/intrigas-vaticanas-la-desaparicion-de-emmanuela-orlandi\/"]}]},{"@type":"ImageObject","inLanguage":"en-GB","@id":"https:\/\/www.revistarambla.com\/intrigas-vaticanas-la-desaparicion-de-emmanuela-orlandi\/#primaryimage","url":"https:\/\/www.revistarambla.com\/wp-content\/uploads\/2025\/05\/20160424_035_Roma_-_Citta_del_Vaticano_-_Piazza_San_Pietro_26436304050.jpg","contentUrl":"https:\/\/www.revistarambla.com\/wp-content\/uploads\/2025\/05\/20160424_035_Roma_-_Citta_del_Vaticano_-_Piazza_San_Pietro_26436304050.jpg","width":1920,"height":1536,"caption":"vaticano Emmanuela Orlandi Iglesia cat\u00f3lica espionaje mundial"},{"@type":"BreadcrumbList","@id":"https:\/\/www.revistarambla.com\/intrigas-vaticanas-la-desaparicion-de-emmanuela-orlandi\/#breadcrumb","itemListElement":[{"@type":"ListItem","position":1,"name":"Portada","item":"https:\/\/www.revistarambla.com\/"},{"@type":"ListItem","position":2,"name":"Intrigas vaticanas: la desaparici\u00f3n de Emmanuela Orlandi"}]},{"@type":"WebSite","@id":"https:\/\/www.revistarambla.com\/#website","url":"https:\/\/www.revistarambla.com\/","name":"Revista Rambla Barcelona","description":"Periodismo independiente","publisher":{"@id":"https:\/\/www.revistarambla.com\/#organization"},"potentialAction":[{"@type":"SearchAction","target":{"@type":"EntryPoint","urlTemplate":"https:\/\/www.revistarambla.com\/?s={search_term_string}"},"query-input":{"@type":"PropertyValueSpecification","valueRequired":true,"valueName":"search_term_string"}}],"inLanguage":"en-GB"},{"@type":"Organization","@id":"https:\/\/www.revistarambla.com\/#organization","name":"Revista Rambla","url":"https:\/\/www.revistarambla.com\/","logo":{"@type":"ImageObject","inLanguage":"en-GB","@id":"https:\/\/www.revistarambla.com\/#\/schema\/logo\/image\/","url":"https:\/\/www.revistarambla.com\/wp-content\/uploads\/2020\/09\/banner_rambla_1900x600_BB.png","contentUrl":"https:\/\/www.revistarambla.com\/wp-content\/uploads\/2020\/09\/banner_rambla_1900x600_BB.png","width":1900,"height":600,"caption":"Revista Rambla"},"image":{"@id":"https:\/\/www.revistarambla.com\/#\/schema\/logo\/image\/"},"sameAs":["https:\/\/www.facebook.com\/revistarambla\/","https:\/\/x.com\/revistarambla","https:\/\/www.instagram.com\/revista_rambla","https:\/\/es.linkedin.com\/company\/revista-rambla"]},{"@type":"Person","@id":"https:\/\/www.revistarambla.com\/#\/schema\/person\/a146a5a2550b94981a75131180e1bd9c","name":"R@mbla","description":"Este art\u00edculo ha sido redactado y\/o validado por el equipo de redacci\u00f3n de Revista Rambla.","sameAs":["https:\/\/www.revistarambla.com\/","https:\/\/www.facebook.com\/revistarambla","https:\/\/x.com\/revistarambla"]}]}},"_links":{"self":[{"href":"https:\/\/www.revistarambla.com\/en\/wp-json\/wp\/v2\/posts\/65142","targetHints":{"allow":["GET"]}}],"collection":[{"href":"https:\/\/www.revistarambla.com\/en\/wp-json\/wp\/v2\/posts"}],"about":[{"href":"https:\/\/www.revistarambla.com\/en\/wp-json\/wp\/v2\/types\/post"}],"author":[{"embeddable":true,"href":"https:\/\/www.revistarambla.com\/en\/wp-json\/wp\/v2\/users\/3"}],"replies":[{"embeddable":true,"href":"https:\/\/www.revistarambla.com\/en\/wp-json\/wp\/v2\/comments?post=65142"}],"version-history":[{"count":1,"href":"https:\/\/www.revistarambla.com\/en\/wp-json\/wp\/v2\/posts\/65142\/revisions"}],"predecessor-version":[{"id":65144,"href":"https:\/\/www.revistarambla.com\/en\/wp-json\/wp\/v2\/posts\/65142\/revisions\/65144"}],"wp:featuredmedia":[{"embeddable":true,"href":"https:\/\/www.revistarambla.com\/en\/wp-json\/wp\/v2\/media\/65143"}],"wp:attachment":[{"href":"https:\/\/www.revistarambla.com\/en\/wp-json\/wp\/v2\/media?parent=65142"}],"wp:term":[{"taxonomy":"category","embeddable":true,"href":"https:\/\/www.revistarambla.com\/en\/wp-json\/wp\/v2\/categories?post=65142"},{"taxonomy":"post_tag","embeddable":true,"href":"https:\/\/www.revistarambla.com\/en\/wp-json\/wp\/v2\/tags?post=65142"}],"curies":[{"name":"wp","href":"https:\/\/api.w.org\/{rel}","templated":true}]}}