{"id":651,"date":"2010-12-04T20:14:58","date_gmt":"2010-12-04T19:14:58","guid":{"rendered":"https:\/\/www.revistarambla.com\/caos-en-la-terminal\/"},"modified":"2022-10-22T16:59:36","modified_gmt":"2022-10-22T14:59:36","slug":"caos-en-la-terminal","status":"publish","type":"post","link":"https:\/\/www.revistarambla.com\/en\/caos-en-la-terminal\/","title":{"rendered":"Caos en la terminal del aeropuerto El Prat"},"content":{"rendered":"<p class=\"MsoNoSpacing\" style=\"text-align: left;\"><span lang=\"ES\">Miles de personas se agolpan desde primeras horas de la ma\u00f1ana delante de los mostradores de informaci\u00f3n de <a href=\"http:\/\/www.aena.es\/es\/pasajeros\/pasajeros.html\"><strong>Aena<\/strong><\/a>. Decenas de despistados turistas extranjeros hacen cola delante de los mostradores de facturaci\u00f3n, ignorando que el espacio a\u00e9reo nacional est\u00e1 completamente blindado. Caras de incredulidad copan las largas colas que comienzan en las sedes de las compa\u00f1\u00edas en la terminal 1 del <strong>aeropuerto El Prat<\/strong> de <a href=\"https:\/\/www.revistarambla.com\/en\/category\/actualidad\/barcelona\/\">Barcelona<\/a> y que envuelven todo el espacio. Se escuchan pitidos, silbidos y dem\u00e1s gestos de desesperaci\u00f3n e impotencia al ver c\u00f3mo, con el paso de las horas, el n\u00famero de viajeros en tierra aumenta sin cesar.<\/span><\/p>\n<p><img decoding=\"async\" class=\"aligncenter\" src=\"https:\/\/www.revistarambla.com\/wp-content\/uploads\/2010\/12\/abiones1.jpg\" alt=\"alt\" width=\"404\" height=\"251\" \/><\/p>\n<p class=\"MsoNoSpacing\" style=\"text-align: left;\"><span lang=\"ES\"> \u201c<i>Esta era la puntilla que le faltaba a Zapatero<\/i>\u201d escuchamos. El presidente est\u00e1 en boca de todos los all\u00ed recluidos. \u00c9l y los controladores que, como era de esperar, son maldecidos e insultados sin cesar. <i>\u201cHemos perdido mucho. No es s\u00f3lo el dinero, sino tambi\u00e9n las ilusiones, las vacaciones\u2026 son muchas cosas. Han jugado con la gente<\/i>\u201d, nos comenta Gloria Calvo que junto a su hermana, Eva, ten\u00eda previsto coger un vuelo hasta Nueva York a las 10:00 horas de esta ma\u00f1ana con la compa\u00f1\u00eda British Airways. \u00a0Gloria y Eva son unas de las muchas personas que hacen cola esperando una soluci\u00f3n. Hablamos con ellas a las 13:00 horas y nos aseguran que hasta el momento no hab\u00edan recibido m\u00e1s informaci\u00f3n que la emitida por la megafon\u00eda del aeropuerto El Prat. <i>\u201cNo nos han dicho nada. En esta cola llevamos una hora pero venimos de cola en cola desde hace cinco horas. S\u00f3lo sabemos que el vuelo est\u00e1 cancelado, no sabemos si nos van a recolocar o no, o si nos tenemos que volver a casa y perder todo el viaje\u201d<\/i>, confiesa indignada Eva Calvo. <\/span><\/p>\n<p class=\"MsoNoSpacing\" style=\"text-align: left;\"><span lang=\"ES\"><img decoding=\"async\" class=\"aligncenter\" src=\"https:\/\/www.revistarambla.com\/wp-content\/uploads\/2010\/12\/abiones2.jpg\" alt=\"alt\" width=\"2592\" height=\"3888\" \/><\/span><\/p>\n<p class=\"MsoNoSpacing\" style=\"text-align: left;\"><span lang=\"ES\">Continuamos por una de las largas colas que cubren la T1 del aeropuerto El Prat y nos encontramos con Bego\u00f1a, Marisa, Mar\u00eda y Cristina sentadas en el suelo de la terminal con un peque\u00f1o ordenador en las manos. \u201c<i>Estamos intentando ver si podemos salir ma\u00f1ana. Estamos buscando por Internet y llamando porque quedan pocas plazas. Lo que pasa es que llevamos un cuarto de hora llamando a un contestador en Lituania desde nuestro m\u00f3vil\u201d<\/i>, nos asegura Mar\u00eda. El destino de estas cuatro amigas es Laponia en donde, tal como ellas mismas aseguran, <i>\u201cya tenemos la caba\u00f1a, el coche\u2026 todo reservado. Por eso intentamos ver si podemos salir otro d\u00eda<\/i>\u201d. En su caso la compa\u00f1\u00eda de vuelo es extranjera, Air Baltic, por lo que no disponen de un mostrador al que acudir para informarse. <i>\u201cAir Baltic utiliza a gente de otras compa\u00f1\u00edas, entonces no sabemos exactamente si tenemos que ponernos en contacto con Spanair, que es el que coordina el equipaje, o con otra compa\u00f1\u00eda. Nos han dado un tel\u00e9fono al que intentamos llamar pero de momento no conseguimos que nos cojan\u201d<\/i>, confiesan con desesperaci\u00f3n. <\/span><\/p>\n<p class=\"MsoNoSpacing\" style=\"text-align: left;\"><span lang=\"ES\">El puente de la Constituci\u00f3n supone un buen motivo para escapar de la rutina y son muchos los espa\u00f1oles que han decidido pasar unos d\u00edas de vacaciones aprovechando los d\u00edas festivos. Este es el caso de Irantzu Tanco y Miren Begona que este mediod\u00eda aguardaban recibir m\u00e1s informaci\u00f3n en el stand de Spanair del aeropuerto El Prat tras ser cancelado su vuelo a Munich. \u201cEstoy <i>colgada desde hace 25 minutos al tel\u00e9fono con Spanair para ver si me cogen, pero nada, no hay manera. Y con toda la cola que hay aqu\u00ed tenemos hasta la 1 de la madrugada\u201d<\/i> confiesa cabreada Irantzu. La desesperaci\u00f3n y la falta de informaci\u00f3n hace mella en viajeros como Miren que lanza al aire preguntas sin respuesta: <i>\u201c\u00bfPor qu\u00e9 tiene que haber esta cola y los de Spanair no ponen m\u00e1s personal? \u00bfEs que quieren tomar el pelo a la gente? Est\u00e1s cabreada porque no te puedes ir, porque encima volv\u00edamos el lunes porque el martes tenemos que trabajar, y ahora tr\u00e1gate esta cola para que te den una hojita. Si los controladores trabajasen para una empresa normal estar\u00edan en la calle. Vamos, si nosotros no apareci\u00e9semos en nuestro puesto de trabajo estar\u00edamos en la calle<\/i>\u201d. <\/span><\/p>\n<p class=\"MsoNoSpacing\" style=\"text-align: left;\"><span lang=\"ES\">Esta no es la primera huelga enmascarada que llevan a cabo los controladores espa\u00f1oles pero, sin duda, se ha convertido en la m\u00e1s costosa para el Estado, para los espa\u00f1oles y para los dem\u00e1s sectores tur\u00edsticos que amenazan con tomar medidas legales por las p\u00e9rdidas millonarias provocadas por esta par\u00e1lisis a\u00e9rea. <i>\u201cLos gastos de la noche de hotel me los voy a tener que comer. Qu\u00e9 culpa tengo yo de que estos hijos de su madre no vengan a trabajar. Gente que est\u00e1 viviendo en Tenerife o en Baleares, c\u00f3mo co\u00f1o llegan a su destino<\/i>\u201d, comenta la \u2018no pasajera\u2019 de Spanair, Irantzu.<\/span><\/p>\n<p><span lang=\"ES\"><img decoding=\"async\" class=\"aligncenter\" src=\"https:\/\/www.revistarambla.com\/wp-content\/uploads\/2010\/12\/abiones4.jpg\" alt=\"alt\" width=\"404\" height=\"214\" \/><\/span><\/p>\n<p class=\"MsoNoSpacing\" style=\"text-align: left;\"><span lang=\"ES\">Alrededor de las tres de la tarde los controladores regresaban finalmente a sus puestos de trabajo en el aeropuerto El Prat tras haberse militarizado el servicio de control a\u00e9reo al decretar por primera vez el estado de Alarma en Espa\u00f1a desde la llegada de la democracia y despu\u00e9s recibir una carta donde se les explicaban las consecuencias de su ausencia laboral (en caso de no asistir al trabajo, los trabajadores estar\u00edan incurriendo en un delito de desobediencia tipificado en el C\u00f3digo Penal <a href=\"https:\/\/www.revistarambla.com\/en\/category\/actualidad\/tambores-de-guerra\/\">Militar<\/a>). Pero la \u2018soluci\u00f3n\u2019 llegaba tarde, el caos ya estaba instaurado en las terminales del pa\u00eds.<\/span><\/p>","protected":false},"excerpt":{"rendered":"<p>Miles de personas se agolpan desde primeras horas de la ma\u00f1ana delante de los mostradores de informaci\u00f3n de Aena. Decenas de despistados turistas extranjeros hacen cola delante de los mostradores de facturaci\u00f3n, ignorando que el espacio a\u00e9reo nacional est\u00e1 completamente blindado. Caras de incredulidad copan las largas colas que comienzan [&hellip;]<\/p>\n","protected":false},"author":53,"featured_media":0,"comment_status":"open","ping_status":"open","sticky":false,"template":"","format":"standard","meta":{"footnotes":""},"categories":[3,76],"tags":[],"class_list":["post-651","post","type-post","status-publish","format-standard","hentry","category-actualidad","category-barcelona"],"yoast_head":"<!-- This site is optimized with the Yoast SEO plugin v27.5 - https:\/\/yoast.com\/product\/yoast-seo-wordpress\/ -->\n<title>Caos en la terminal del aeropuerto El Prat - Revista Rambla<\/title>\n<meta name=\"description\" content=\"Caras de incredulidad copan las largas colas que comienzan en las sedes de las compa\u00f1\u00edas en la terminal 1 del aeropuerto El Prat y que envuelven todo...\" \/>\n<meta name=\"robots\" content=\"index, follow, max-snippet:-1, max-image-preview:large, max-video-preview:-1\" \/>\n<link rel=\"canonical\" href=\"https:\/\/www.revistarambla.com\/en\/caos-en-la-terminal\/\" \/>\n<meta property=\"og:locale\" content=\"en_GB\" \/>\n<meta property=\"og:type\" content=\"article\" \/>\n<meta property=\"og:title\" content=\"Caos en la terminal del aeropuerto El Prat - Revista Rambla\" \/>\n<meta property=\"og:description\" content=\"Caras de incredulidad copan las largas colas que comienzan en las sedes de las compa\u00f1\u00edas en la terminal 1 del aeropuerto El Prat y que envuelven todo...\" \/>\n<meta property=\"og:url\" content=\"https:\/\/www.revistarambla.com\/en\/caos-en-la-terminal\/\" \/>\n<meta property=\"og:site_name\" content=\"Revista Rambla\" \/>\n<meta property=\"article:publisher\" content=\"https:\/\/www.facebook.com\/revistarambla\/\" \/>\n<meta property=\"article:published_time\" content=\"2010-12-04T19:14:58+00:00\" \/>\n<meta property=\"article:modified_time\" content=\"2022-10-22T14:59:36+00:00\" \/>\n<meta property=\"og:image\" content=\"https:\/\/www.revistarambla.com\/wp-content\/uploads\/2010\/12\/abiones6.jpg\" \/>\n\t<meta property=\"og:image:width\" content=\"400\" \/>\n\t<meta property=\"og:image:height\" content=\"267\" \/>\n\t<meta property=\"og:image:type\" content=\"image\/jpeg\" \/>\n<meta name=\"author\" content=\"Estefan\u00eda P\u00e9rez\" \/>\n<meta name=\"twitter:card\" content=\"summary_large_image\" \/>\n<meta name=\"twitter:creator\" content=\"@revistarambla\" \/>\n<meta name=\"twitter:site\" content=\"@revistarambla\" \/>\n<meta name=\"twitter:label1\" content=\"Written by\" \/>\n\t<meta name=\"twitter:data1\" content=\"Estefan\u00eda P\u00e9rez\" \/>\n\t<meta name=\"twitter:label2\" content=\"Estimated reading time\" \/>\n\t<meta name=\"twitter:data2\" content=\"5 minutes\" \/>\n<script type=\"application\/ld+json\" class=\"yoast-schema-graph\">{\"@context\":\"https:\\\/\\\/schema.org\",\"@graph\":[{\"@type\":\"Article\",\"@id\":\"https:\\\/\\\/www.revistarambla.com\\\/caos-en-la-terminal\\\/#article\",\"isPartOf\":{\"@id\":\"https:\\\/\\\/www.revistarambla.com\\\/caos-en-la-terminal\\\/\"},\"author\":{\"name\":\"Estefan\u00eda P\u00e9rez\",\"@id\":\"https:\\\/\\\/www.revistarambla.com\\\/#\\\/schema\\\/person\\\/9cc1c0f5495c4a6fd189ddd5ba5c5ac5\"},\"headline\":\"Caos en la terminal del aeropuerto El Prat\",\"datePublished\":\"2010-12-04T19:14:58+00:00\",\"dateModified\":\"2022-10-22T14:59:36+00:00\",\"mainEntityOfPage\":{\"@id\":\"https:\\\/\\\/www.revistarambla.com\\\/caos-en-la-terminal\\\/\"},\"wordCount\":941,\"commentCount\":1,\"publisher\":{\"@id\":\"https:\\\/\\\/www.revistarambla.com\\\/#organization\"},\"image\":{\"@id\":\"https:\\\/\\\/www.revistarambla.com\\\/caos-en-la-terminal\\\/#primaryimage\"},\"thumbnailUrl\":\"https:\\\/\\\/www.revistarambla.com\\\/wp-content\\\/uploads\\\/2010\\\/12\\\/abiones1.jpg\",\"articleSection\":[\"Actualidad\",\"Barcelona\"],\"inLanguage\":\"en-GB\",\"potentialAction\":[{\"@type\":\"CommentAction\",\"name\":\"Comment\",\"target\":[\"https:\\\/\\\/www.revistarambla.com\\\/caos-en-la-terminal\\\/#respond\"]}]},{\"@type\":\"WebPage\",\"@id\":\"https:\\\/\\\/www.revistarambla.com\\\/caos-en-la-terminal\\\/\",\"url\":\"https:\\\/\\\/www.revistarambla.com\\\/caos-en-la-terminal\\\/\",\"name\":\"Caos en la terminal del aeropuerto El Prat - Revista Rambla\",\"isPartOf\":{\"@id\":\"https:\\\/\\\/www.revistarambla.com\\\/#website\"},\"primaryImageOfPage\":{\"@id\":\"https:\\\/\\\/www.revistarambla.com\\\/caos-en-la-terminal\\\/#primaryimage\"},\"image\":{\"@id\":\"https:\\\/\\\/www.revistarambla.com\\\/caos-en-la-terminal\\\/#primaryimage\"},\"thumbnailUrl\":\"https:\\\/\\\/www.revistarambla.com\\\/wp-content\\\/uploads\\\/2010\\\/12\\\/abiones1.jpg\",\"datePublished\":\"2010-12-04T19:14:58+00:00\",\"dateModified\":\"2022-10-22T14:59:36+00:00\",\"description\":\"Caras de incredulidad copan las largas colas que comienzan en las sedes de las compa\u00f1\u00edas en la terminal 1 del aeropuerto El Prat y que envuelven todo...\",\"breadcrumb\":{\"@id\":\"https:\\\/\\\/www.revistarambla.com\\\/caos-en-la-terminal\\\/#breadcrumb\"},\"inLanguage\":\"en-GB\",\"potentialAction\":[{\"@type\":\"ReadAction\",\"target\":[\"https:\\\/\\\/www.revistarambla.com\\\/caos-en-la-terminal\\\/\"]}]},{\"@type\":\"ImageObject\",\"inLanguage\":\"en-GB\",\"@id\":\"https:\\\/\\\/www.revistarambla.com\\\/caos-en-la-terminal\\\/#primaryimage\",\"url\":\"https:\\\/\\\/www.revistarambla.com\\\/wp-content\\\/uploads\\\/2010\\\/12\\\/abiones1.jpg\",\"contentUrl\":\"https:\\\/\\\/www.revistarambla.com\\\/wp-content\\\/uploads\\\/2010\\\/12\\\/abiones1.jpg\"},{\"@type\":\"BreadcrumbList\",\"@id\":\"https:\\\/\\\/www.revistarambla.com\\\/caos-en-la-terminal\\\/#breadcrumb\",\"itemListElement\":[{\"@type\":\"ListItem\",\"position\":1,\"name\":\"Portada\",\"item\":\"https:\\\/\\\/www.revistarambla.com\\\/\"},{\"@type\":\"ListItem\",\"position\":2,\"name\":\"Caos en la terminal del aeropuerto El Prat\"}]},{\"@type\":\"WebSite\",\"@id\":\"https:\\\/\\\/www.revistarambla.com\\\/#website\",\"url\":\"https:\\\/\\\/www.revistarambla.com\\\/\",\"name\":\"Revista Rambla Barcelona\",\"description\":\"Periodismo independiente\",\"publisher\":{\"@id\":\"https:\\\/\\\/www.revistarambla.com\\\/#organization\"},\"potentialAction\":[{\"@type\":\"SearchAction\",\"target\":{\"@type\":\"EntryPoint\",\"urlTemplate\":\"https:\\\/\\\/www.revistarambla.com\\\/?s={search_term_string}\"},\"query-input\":{\"@type\":\"PropertyValueSpecification\",\"valueRequired\":true,\"valueName\":\"search_term_string\"}}],\"inLanguage\":\"en-GB\"},{\"@type\":\"Organization\",\"@id\":\"https:\\\/\\\/www.revistarambla.com\\\/#organization\",\"name\":\"Revista Rambla\",\"url\":\"https:\\\/\\\/www.revistarambla.com\\\/\",\"logo\":{\"@type\":\"ImageObject\",\"inLanguage\":\"en-GB\",\"@id\":\"https:\\\/\\\/www.revistarambla.com\\\/#\\\/schema\\\/logo\\\/image\\\/\",\"url\":\"https:\\\/\\\/www.revistarambla.com\\\/wp-content\\\/uploads\\\/2020\\\/09\\\/banner_rambla_1900x600_BB.png\",\"contentUrl\":\"https:\\\/\\\/www.revistarambla.com\\\/wp-content\\\/uploads\\\/2020\\\/09\\\/banner_rambla_1900x600_BB.png\",\"width\":1900,\"height\":600,\"caption\":\"Revista Rambla\"},\"image\":{\"@id\":\"https:\\\/\\\/www.revistarambla.com\\\/#\\\/schema\\\/logo\\\/image\\\/\"},\"sameAs\":[\"https:\\\/\\\/www.facebook.com\\\/revistarambla\\\/\",\"https:\\\/\\\/x.com\\\/revistarambla\",\"https:\\\/\\\/www.instagram.com\\\/revista_rambla\",\"https:\\\/\\\/es.linkedin.com\\\/company\\\/revista-rambla\"]},{\"@type\":\"Person\",\"@id\":\"https:\\\/\\\/www.revistarambla.com\\\/#\\\/schema\\\/person\\\/9cc1c0f5495c4a6fd189ddd5ba5c5ac5\",\"name\":\"Estefan\u00eda P\u00e9rez\",\"description\":\"_\"}]}<\/script>\n<!-- \/ Yoast SEO plugin. -->","yoast_head_json":{"title":"Caos en la terminal del aeropuerto El Prat - Revista Rambla","description":"Caras de incredulidad copan las largas colas que comienzan en las sedes de las compa\u00f1\u00edas en la terminal 1 del aeropuerto El Prat y que envuelven todo...","robots":{"index":"index","follow":"follow","max-snippet":"max-snippet:-1","max-image-preview":"max-image-preview:large","max-video-preview":"max-video-preview:-1"},"canonical":"https:\/\/www.revistarambla.com\/en\/caos-en-la-terminal\/","og_locale":"en_GB","og_type":"article","og_title":"Caos en la terminal del aeropuerto El Prat - Revista Rambla","og_description":"Caras de incredulidad copan las largas colas que comienzan en las sedes de las compa\u00f1\u00edas en la terminal 1 del aeropuerto El Prat y que envuelven todo...","og_url":"https:\/\/www.revistarambla.com\/en\/caos-en-la-terminal\/","og_site_name":"Revista Rambla","article_publisher":"https:\/\/www.facebook.com\/revistarambla\/","article_published_time":"2010-12-04T19:14:58+00:00","article_modified_time":"2022-10-22T14:59:36+00:00","og_image":[{"width":400,"height":267,"url":"https:\/\/www.revistarambla.com\/wp-content\/uploads\/2010\/12\/abiones6.jpg","type":"image\/jpeg"}],"author":"Estefan\u00eda P\u00e9rez","twitter_card":"summary_large_image","twitter_creator":"@revistarambla","twitter_site":"@revistarambla","twitter_misc":{"Written by":"Estefan\u00eda P\u00e9rez","Estimated reading time":"5 minutes"},"schema":{"@context":"https:\/\/schema.org","@graph":[{"@type":"Article","@id":"https:\/\/www.revistarambla.com\/caos-en-la-terminal\/#article","isPartOf":{"@id":"https:\/\/www.revistarambla.com\/caos-en-la-terminal\/"},"author":{"name":"Estefan\u00eda P\u00e9rez","@id":"https:\/\/www.revistarambla.com\/#\/schema\/person\/9cc1c0f5495c4a6fd189ddd5ba5c5ac5"},"headline":"Caos en la terminal del aeropuerto El Prat","datePublished":"2010-12-04T19:14:58+00:00","dateModified":"2022-10-22T14:59:36+00:00","mainEntityOfPage":{"@id":"https:\/\/www.revistarambla.com\/caos-en-la-terminal\/"},"wordCount":941,"commentCount":1,"publisher":{"@id":"https:\/\/www.revistarambla.com\/#organization"},"image":{"@id":"https:\/\/www.revistarambla.com\/caos-en-la-terminal\/#primaryimage"},"thumbnailUrl":"https:\/\/www.revistarambla.com\/wp-content\/uploads\/2010\/12\/abiones1.jpg","articleSection":["Actualidad","Barcelona"],"inLanguage":"en-GB","potentialAction":[{"@type":"CommentAction","name":"Comment","target":["https:\/\/www.revistarambla.com\/caos-en-la-terminal\/#respond"]}]},{"@type":"WebPage","@id":"https:\/\/www.revistarambla.com\/caos-en-la-terminal\/","url":"https:\/\/www.revistarambla.com\/caos-en-la-terminal\/","name":"Caos en la terminal del aeropuerto El Prat - Revista Rambla","isPartOf":{"@id":"https:\/\/www.revistarambla.com\/#website"},"primaryImageOfPage":{"@id":"https:\/\/www.revistarambla.com\/caos-en-la-terminal\/#primaryimage"},"image":{"@id":"https:\/\/www.revistarambla.com\/caos-en-la-terminal\/#primaryimage"},"thumbnailUrl":"https:\/\/www.revistarambla.com\/wp-content\/uploads\/2010\/12\/abiones1.jpg","datePublished":"2010-12-04T19:14:58+00:00","dateModified":"2022-10-22T14:59:36+00:00","description":"Caras de incredulidad copan las largas colas que comienzan en las sedes de las compa\u00f1\u00edas en la terminal 1 del aeropuerto El Prat y que envuelven todo...","breadcrumb":{"@id":"https:\/\/www.revistarambla.com\/caos-en-la-terminal\/#breadcrumb"},"inLanguage":"en-GB","potentialAction":[{"@type":"ReadAction","target":["https:\/\/www.revistarambla.com\/caos-en-la-terminal\/"]}]},{"@type":"ImageObject","inLanguage":"en-GB","@id":"https:\/\/www.revistarambla.com\/caos-en-la-terminal\/#primaryimage","url":"https:\/\/www.revistarambla.com\/wp-content\/uploads\/2010\/12\/abiones1.jpg","contentUrl":"https:\/\/www.revistarambla.com\/wp-content\/uploads\/2010\/12\/abiones1.jpg"},{"@type":"BreadcrumbList","@id":"https:\/\/www.revistarambla.com\/caos-en-la-terminal\/#breadcrumb","itemListElement":[{"@type":"ListItem","position":1,"name":"Portada","item":"https:\/\/www.revistarambla.com\/"},{"@type":"ListItem","position":2,"name":"Caos en la terminal del aeropuerto El Prat"}]},{"@type":"WebSite","@id":"https:\/\/www.revistarambla.com\/#website","url":"https:\/\/www.revistarambla.com\/","name":"Revista Rambla Barcelona","description":"Periodismo independiente","publisher":{"@id":"https:\/\/www.revistarambla.com\/#organization"},"potentialAction":[{"@type":"SearchAction","target":{"@type":"EntryPoint","urlTemplate":"https:\/\/www.revistarambla.com\/?s={search_term_string}"},"query-input":{"@type":"PropertyValueSpecification","valueRequired":true,"valueName":"search_term_string"}}],"inLanguage":"en-GB"},{"@type":"Organization","@id":"https:\/\/www.revistarambla.com\/#organization","name":"Revista Rambla","url":"https:\/\/www.revistarambla.com\/","logo":{"@type":"ImageObject","inLanguage":"en-GB","@id":"https:\/\/www.revistarambla.com\/#\/schema\/logo\/image\/","url":"https:\/\/www.revistarambla.com\/wp-content\/uploads\/2020\/09\/banner_rambla_1900x600_BB.png","contentUrl":"https:\/\/www.revistarambla.com\/wp-content\/uploads\/2020\/09\/banner_rambla_1900x600_BB.png","width":1900,"height":600,"caption":"Revista Rambla"},"image":{"@id":"https:\/\/www.revistarambla.com\/#\/schema\/logo\/image\/"},"sameAs":["https:\/\/www.facebook.com\/revistarambla\/","https:\/\/x.com\/revistarambla","https:\/\/www.instagram.com\/revista_rambla","https:\/\/es.linkedin.com\/company\/revista-rambla"]},{"@type":"Person","@id":"https:\/\/www.revistarambla.com\/#\/schema\/person\/9cc1c0f5495c4a6fd189ddd5ba5c5ac5","name":"Estefan\u00eda P\u00e9rez","description":"_"}]}},"_links":{"self":[{"href":"https:\/\/www.revistarambla.com\/en\/wp-json\/wp\/v2\/posts\/651","targetHints":{"allow":["GET"]}}],"collection":[{"href":"https:\/\/www.revistarambla.com\/en\/wp-json\/wp\/v2\/posts"}],"about":[{"href":"https:\/\/www.revistarambla.com\/en\/wp-json\/wp\/v2\/types\/post"}],"author":[{"embeddable":true,"href":"https:\/\/www.revistarambla.com\/en\/wp-json\/wp\/v2\/users\/53"}],"replies":[{"embeddable":true,"href":"https:\/\/www.revistarambla.com\/en\/wp-json\/wp\/v2\/comments?post=651"}],"version-history":[{"count":2,"href":"https:\/\/www.revistarambla.com\/en\/wp-json\/wp\/v2\/posts\/651\/revisions"}],"predecessor-version":[{"id":48425,"href":"https:\/\/www.revistarambla.com\/en\/wp-json\/wp\/v2\/posts\/651\/revisions\/48425"}],"wp:attachment":[{"href":"https:\/\/www.revistarambla.com\/en\/wp-json\/wp\/v2\/media?parent=651"}],"wp:term":[{"taxonomy":"category","embeddable":true,"href":"https:\/\/www.revistarambla.com\/en\/wp-json\/wp\/v2\/categories?post=651"},{"taxonomy":"post_tag","embeddable":true,"href":"https:\/\/www.revistarambla.com\/en\/wp-json\/wp\/v2\/tags?post=651"}],"curies":[{"name":"wp","href":"https:\/\/api.w.org\/{rel}","templated":true}]}}