{"id":65084,"date":"2025-04-27T13:40:02","date_gmt":"2025-04-27T11:40:02","guid":{"rendered":"https:\/\/www.revistarambla.com\/?p=65084"},"modified":"2025-04-27T13:40:02","modified_gmt":"2025-04-27T11:40:02","slug":"los-oenegeros","status":"publish","type":"post","link":"https:\/\/www.revistarambla.com\/en\/los-oenegeros\/","title":{"rendered":"Los \u201coenegeros\u201d"},"content":{"rendered":"<p>La sigla ONG (Organizaci\u00f3n No Gubernamental) empez\u00f3 a ser utilizada por la ONU, tras la Segunda Guerra Mundial. Desde entonces, con esta sigla se designa a las entidades sin \u00e1nimo de lucro, que persiguen objetivos humanitarios y que pretenden ayudar a los desheredados de la tierra. Por eso, hoy se las asocia con la cooperaci\u00f3n, la solidaridad, el altruismo, la ayuda desinteresada, el voluntariado o la ayuda humanitaria. Esta funcionalidad altruista de las ONG se materializa en acciones asistenciales en situaciones de peligro o de vulnerabilidad o de cat\u00e1strofe, en la prestaci\u00f3n de servicios educativos, sanitarios, de empleabilidad, etc.; y tambi\u00e9n en la lucha contra la pobreza, la exclusi\u00f3n, la inequidad, la desigualdad, las emergencias humanitarias, la ayuda a los refugiados y migrantes, la degradaci\u00f3n del medio ambiente,&#8230; \u201c<i>Et que sais-je, encore?<\/i>\u201d.<\/p>\n<p>Las ONG, al no tener personalidad jur\u00eddica, pueden adoptar tambi\u00e9n la forma de \u201c<i>asociaciones<\/i>\u201d o de \u201c<i>fundaciones<\/i>\u201d, persiguiendo siempre objetivos de inter\u00e9s general y sin \u00e1nimo lucro. Constituyen lo que se suele denominar el \u201cTercer Sector\u201d. La tipolog\u00eda de las ONG es muy variada, seg\u00fan su tama\u00f1o y presupuesto, seg\u00fan el \u00e1mbito geogr\u00e1fico y el campo de actuaci\u00f3n, etc. El n\u00famero de ONG es muy grande: en Espa\u00f1a, se contabilizan unas 30.000 ONG; en Europa, unas 129.000.<\/p>\n<p>Para que las ONG puedan alcanzar sus objetivos, necesitan financiaci\u00f3n. Sus recursos proceden de cuatro fuentes: principalmente los Gobiernos o los Estados (62%, en 2022); otras ONG u organismos internacionales (la Open Society Foundations de Soros, la ONU, la UE, por ejemplo), empresas privadas y particulares (38%, en 2022). Y el volumen de recursos de los que disponen es tal que el denominado \u201cTercer Sector\u201d (ONG, asociaciones, fundaciones, entidades religiosas y otros chiringuitos) es un sector econ\u00f3mico m\u00e1s, como el sector privado y el p\u00fablico, donde hay mucho dinero en juego. En efecto, si las ONG fueran un pa\u00eds, ser\u00edan la 5\u00aa econom\u00eda m\u00e1s grande del mundo. En Espa\u00f1a, por ejemplo, en 2020, los ingresos del \u201cTercer Sector\u201d (unas 30.000 entidades) representaron un 1,41% de su PIB (unos 11.000 millones de euros). Para incentivar las aportaciones econ\u00f3micas a las mismas, las personas f\u00edsicas o jur\u00eddicas que lo hacen gozan de privilegios fiscales. En efecto, pueden desgravar dichas aportaciones en las declaraciones\u00a0 del IRPF (en el caso de las personas f\u00edsicas) y del \u201cimpuesto sobre\u00a0 sociedades\u201d (en el caso de las personas jur\u00eddicas).<\/p>\n<p>Pero, \u00bfc\u00f3mo gestionan las ONG tan voluminosos recursos econ\u00f3micos? \u00bfC\u00f3mo los gastan? En teor\u00eda y en principio, la mayor parte de los recursos deber\u00edan ser invertidos en llevar a cabo los programas espec\u00edficos de las ONG. Por otro lado y tambi\u00e9n en teor\u00eda, una parte menor se tendr\u00eda que dedicar tanto a la administraci\u00f3n de las mismas (pagar sueldos a los integrantes de las mismas) y a la captaci\u00f3n de fondos. Ahora bien, son cada vez m\u00e1s numerosas las denuncias y las cr\u00edticas a las ONG por el uso impropio (pagar sueldos desproporcionados a sus miembros\u00a0 o invertir el dinero en actividades que nada tienen que ver con los objetivos de las ONG) o por la sustracci\u00f3n de los recursos disponibles por parte del personal de las mismas, los \u201coenegeros\u201d, denuncias y cr\u00edticas de las que se han hecho y se hacen eco los medios de comunicaci\u00f3n.<\/p>\n<h2>Los \u201coenegeros\u201d<\/h2>\n<p>Este neologismo, no reconocido todav\u00eda por el DRAE, es de uso corriente en la Am\u00e9rica hispana. Con \u00e9l se designa a aquellos que colaboran con las ONG. En el mundo del \u201cTercer Sector\u201d, loable labor hablando te\u00f3ricamente, hay, sin duda, \u201coenegeros\u201d honestos y altruistas, entregados a la consecuci\u00f3n de los objetivos de las ONG. Pero, la realidad, seg\u00fan los medios de comunicaci\u00f3n, es muy diferente. En efecto, igual que un camionero vive del transporte que hace con su cami\u00f3n o un molinero vive de la molienda de cereales, demasiados \u201coenegeros\u201d no son altruistas y viven gracias a las ONG. Los \u201coenegeros\u201d y las ONG que les dan cobijo se comportan como los laboratorios farmac\u00e9uticos, a los que no les interesa curar las enfermedades sino en convertirlas en cr\u00f3nicas (en esto est\u00e1 el negocio). Del mismo modo, a demasiadas ONG y a demasiados \u201c0enegeros\u201d no les interesa que los problemas a los que hacen frente se acaben, ya que se quedar\u00edan sin su \u201cmodus vivendi\u201d. Por eso, no dudan en vivir gracias al sufrimiento, a la miseria y a las desgracias de los desheredados de la tierra. Como dice un refr\u00e1n tradicional, una cosa es predicar y otra dar trigo. Basta con citar algunos ejemplos para ilustrar lo aseverado sobre la degeneraci\u00f3n de demasiadas ONG y \u201coenegeros\u201d.<\/p>\n<p>Con la llegada de Trump a la presidencia de EE.UU, Elon Musk fue encargado de llevar a cabo una auditor\u00eda de los gastos de la Administraci\u00f3n y de acabar con los despilfarros de recursos. Entre los organismos fiscalizados y objeto de la motosierra \u201cmileica\u201d, hay que citar la USAID (Agencia de los Estados Unidos para el Desarrollo Internacional), que gestionaba m\u00e1s de 70.000 millones de d\u00f3lares anuales. A los pocos d\u00edas y ante la falta de transparencia en la gesti\u00f3n de la USAID, \u00e9sta fue eliminada y sus 10.000 empleados despedidos.<\/p>\n<p>En Espa\u00f1a, los medios se han hecho profusamente eco del desv\u00edo y\/o del uso impropio de los fondos de ayuda exterior al desarrollo y de financiaci\u00f3n a las ONG patrias. As\u00ed, por dar s\u00f3lo algunos ejemplos, el \u201cladrillazo\u201d de \u00c1balos en Chimbote (Per\u00fa), a trav\u00e9s de la ONG \u201cFiadelso\u201d; el caso de la ONG \u201cLINCECI\u201d (Liga Nacional Contra el C\u00e1ncer Infantil), que dedicaba las donaciones a mantener el alto tren de vida de los \u201coenegeros\u201d y muy poco a sus fines solidarios; o el caso la gesti\u00f3n de Mar\u00eda Blasco en el <i>Centro Nacional de Investigaciones Oncol\u00f3gicas<\/i> (CNIO); o la gesti\u00f3n de la inmigraci\u00f3n ilegal, de la que nos ocuparemos pr\u00f3ximamente, por parte de la Cruz Roja, C\u00e1ritas, Open Arms,\u2026; etc.<\/p>\n<p>Ante la sospecha y la certeza del desv\u00edo o mal uso de recurso, se ha creado la Fundaci\u00f3n Lealtad, que proporciona el \u201c<i>Sello Dona con Confianza<\/i>\u201d. Este certificado identifica a las ONG fiables y comprometidas con la transparencia y las buenas pr\u00e1cticas, lo que da certeza y confianza a los donantes. Por su parte, el Gobierno de Espa\u00f1a pide auditor\u00edas a empresas externas (por ejemplo, Deloitte) sobre el destino de los fondos de ayuda al desarrollo (unos miles de millones de euros). \u00bfQu\u00e9 ha tenido que estar pasando para que estos controles hayan sido\u00a0 necesarios?<\/p>\n<h2>Menos ONG y m\u00e1s ayudas reales<\/h2>\n<p>No es oro todo lo que reluce en el mundo del \u201cTercer Sector\u201d. La teor\u00eda est\u00e1 muy bien. Ahora bien, la realidad es harina de otro costal. En efecto, ante las cifras sobre el elevado n\u00famero de ONG y sobre los ingentes recursos econ\u00f3micos, la sospecha sobre la deficiente deontolog\u00eda profesional de las ONG es una realidad, desvelada por los medios de comunicaci\u00f3n.<\/p>\n<p>Seg\u00fan parece, las ONG son negocios muy lucrativos de los que viven millones de \u201c0enegeros\u201d en todo el mundo (y algunos muy bien), gracias a la generosidad de unos (los donantes) y a la pobreza-miseria de otros (los desheredados de la tierra). Algunos incluso apuntan que demasiadas ONG son, en realidad, lavaderos de dinero e instrumentos de robo, enga\u00f1o, desv\u00edo de recursos p\u00fablicos y privados, de evasi\u00f3n fiscal,&#8230; Por eso, parece necesaria, por un lado, una poda con la motosierra \u201cmileica\u201d en el Tercer Sector\u201d; y, por otro lado, un cambio en las relaciones comerciales, que acabe con la econom\u00eda extractiva, de rapi\u00f1a, por parte de los pa\u00edses desarrollados sobre los pa\u00edses pobres, como ilustra el mensaje ling\u00fc\u00edstico de la vi\u00f1eta \u201cut supra\u201d: \u201c<i>Pagadnos mejor el caf\u00e9\u2026 y dejaros de oeneg\u00e9s<\/i>\u201d<\/p>","protected":false},"excerpt":{"rendered":"<p>La sigla ONG (Organizaci\u00f3n No Gubernamental) empez\u00f3 a ser utilizada por la ONU, tras la Segunda Guerra Mundial. Desde entonces, con esta sigla se designa a las entidades sin \u00e1nimo de lucro, que persiguen objetivos humanitarios y que pretenden ayudar a los desheredados de la tierra. Por eso, hoy se [&hellip;]<\/p>\n","protected":false},"author":17,"featured_media":65085,"comment_status":"closed","ping_status":"closed","sticky":false,"template":"","format":"standard","meta":{"footnotes":""},"categories":[4114],"tags":[],"class_list":["post-65084","post","type-post","status-publish","format-standard","has-post-thumbnail","hentry","category-cantando-las-verdades"],"yoast_head":"<!-- This site is optimized with the Yoast SEO plugin v27.5 - https:\/\/yoast.com\/product\/yoast-seo-wordpress\/ -->\n<title>Los \u201coenegeros\u201d - Revista Rambla<\/title>\n<meta name=\"robots\" content=\"index, follow, max-snippet:-1, max-image-preview:large, max-video-preview:-1\" \/>\n<link rel=\"canonical\" href=\"https:\/\/www.revistarambla.com\/en\/los-oenegeros\/\" \/>\n<meta property=\"og:locale\" content=\"en_GB\" \/>\n<meta property=\"og:type\" content=\"article\" \/>\n<meta property=\"og:title\" content=\"Los \u201coenegeros\u201d - Revista Rambla\" \/>\n<meta property=\"og:description\" content=\"La sigla ONG (Organizaci\u00f3n No Gubernamental) empez\u00f3 a ser utilizada por la ONU, tras la Segunda Guerra Mundial. Desde entonces, con esta sigla se designa a las entidades sin \u00e1nimo de lucro, que persiguen objetivos humanitarios y que pretenden ayudar a los desheredados de la tierra. Por eso, hoy se [&hellip;]\" \/>\n<meta property=\"og:url\" content=\"https:\/\/www.revistarambla.com\/en\/los-oenegeros\/\" \/>\n<meta property=\"og:site_name\" content=\"Revista Rambla\" \/>\n<meta property=\"article:publisher\" content=\"https:\/\/www.facebook.com\/revistarambla\/\" \/>\n<meta property=\"article:author\" content=\"https:\/\/www.facebook.com\/manuelignacio.cabezasgonzalez\" \/>\n<meta property=\"article:published_time\" content=\"2025-04-27T11:40:02+00:00\" \/>\n<meta property=\"og:image\" content=\"https:\/\/www.revistarambla.com\/wp-content\/uploads\/2025\/04\/105340.jpg\" \/>\n\t<meta property=\"og:image:width\" content=\"1500\" \/>\n\t<meta property=\"og:image:height\" content=\"1500\" \/>\n\t<meta property=\"og:image:type\" content=\"image\/jpeg\" \/>\n<meta name=\"author\" content=\"Manuel Ignacio Cabezas Gonz\u00e1lez\" \/>\n<meta name=\"twitter:card\" content=\"summary_large_image\" \/>\n<meta name=\"twitter:creator\" content=\"@ManuelICabezas\" \/>\n<meta name=\"twitter:site\" content=\"@revistarambla\" \/>\n<meta name=\"twitter:label1\" content=\"Written by\" \/>\n\t<meta name=\"twitter:data1\" content=\"Manuel Ignacio Cabezas Gonz\u00e1lez\" \/>\n\t<meta name=\"twitter:label2\" content=\"Estimated reading time\" \/>\n\t<meta name=\"twitter:data2\" content=\"6 minutes\" \/>\n<script type=\"application\/ld+json\" class=\"yoast-schema-graph\">{\"@context\":\"https:\\\/\\\/schema.org\",\"@graph\":[{\"@type\":\"Article\",\"@id\":\"https:\\\/\\\/www.revistarambla.com\\\/los-oenegeros\\\/#article\",\"isPartOf\":{\"@id\":\"https:\\\/\\\/www.revistarambla.com\\\/los-oenegeros\\\/\"},\"author\":{\"name\":\"Manuel Ignacio Cabezas Gonz\u00e1lez\",\"@id\":\"https:\\\/\\\/www.revistarambla.com\\\/#\\\/schema\\\/person\\\/3d71c575842522757de7f4f9c9b40215\"},\"headline\":\"Los \u201coenegeros\u201d\",\"datePublished\":\"2025-04-27T11:40:02+00:00\",\"mainEntityOfPage\":{\"@id\":\"https:\\\/\\\/www.revistarambla.com\\\/los-oenegeros\\\/\"},\"wordCount\":1356,\"publisher\":{\"@id\":\"https:\\\/\\\/www.revistarambla.com\\\/#organization\"},\"image\":{\"@id\":\"https:\\\/\\\/www.revistarambla.com\\\/los-oenegeros\\\/#primaryimage\"},\"thumbnailUrl\":\"https:\\\/\\\/www.revistarambla.com\\\/wp-content\\\/uploads\\\/2025\\\/04\\\/105340.jpg\",\"articleSection\":[\"Cantando las verdades\"],\"inLanguage\":\"en-GB\"},{\"@type\":\"WebPage\",\"@id\":\"https:\\\/\\\/www.revistarambla.com\\\/los-oenegeros\\\/\",\"url\":\"https:\\\/\\\/www.revistarambla.com\\\/los-oenegeros\\\/\",\"name\":\"Los \u201coenegeros\u201d - Revista Rambla\",\"isPartOf\":{\"@id\":\"https:\\\/\\\/www.revistarambla.com\\\/#website\"},\"primaryImageOfPage\":{\"@id\":\"https:\\\/\\\/www.revistarambla.com\\\/los-oenegeros\\\/#primaryimage\"},\"image\":{\"@id\":\"https:\\\/\\\/www.revistarambla.com\\\/los-oenegeros\\\/#primaryimage\"},\"thumbnailUrl\":\"https:\\\/\\\/www.revistarambla.com\\\/wp-content\\\/uploads\\\/2025\\\/04\\\/105340.jpg\",\"datePublished\":\"2025-04-27T11:40:02+00:00\",\"breadcrumb\":{\"@id\":\"https:\\\/\\\/www.revistarambla.com\\\/los-oenegeros\\\/#breadcrumb\"},\"inLanguage\":\"en-GB\",\"potentialAction\":[{\"@type\":\"ReadAction\",\"target\":[\"https:\\\/\\\/www.revistarambla.com\\\/los-oenegeros\\\/\"]}]},{\"@type\":\"ImageObject\",\"inLanguage\":\"en-GB\",\"@id\":\"https:\\\/\\\/www.revistarambla.com\\\/los-oenegeros\\\/#primaryimage\",\"url\":\"https:\\\/\\\/www.revistarambla.com\\\/wp-content\\\/uploads\\\/2025\\\/04\\\/105340.jpg\",\"contentUrl\":\"https:\\\/\\\/www.revistarambla.com\\\/wp-content\\\/uploads\\\/2025\\\/04\\\/105340.jpg\",\"width\":1500,\"height\":1500,\"caption\":\"oenegeros\"},{\"@type\":\"BreadcrumbList\",\"@id\":\"https:\\\/\\\/www.revistarambla.com\\\/los-oenegeros\\\/#breadcrumb\",\"itemListElement\":[{\"@type\":\"ListItem\",\"position\":1,\"name\":\"Portada\",\"item\":\"https:\\\/\\\/www.revistarambla.com\\\/\"},{\"@type\":\"ListItem\",\"position\":2,\"name\":\"Los \u201coenegeros\u201d\"}]},{\"@type\":\"WebSite\",\"@id\":\"https:\\\/\\\/www.revistarambla.com\\\/#website\",\"url\":\"https:\\\/\\\/www.revistarambla.com\\\/\",\"name\":\"Revista Rambla Barcelona\",\"description\":\"Periodismo independiente\",\"publisher\":{\"@id\":\"https:\\\/\\\/www.revistarambla.com\\\/#organization\"},\"potentialAction\":[{\"@type\":\"SearchAction\",\"target\":{\"@type\":\"EntryPoint\",\"urlTemplate\":\"https:\\\/\\\/www.revistarambla.com\\\/?s={search_term_string}\"},\"query-input\":{\"@type\":\"PropertyValueSpecification\",\"valueRequired\":true,\"valueName\":\"search_term_string\"}}],\"inLanguage\":\"en-GB\"},{\"@type\":\"Organization\",\"@id\":\"https:\\\/\\\/www.revistarambla.com\\\/#organization\",\"name\":\"Revista Rambla\",\"url\":\"https:\\\/\\\/www.revistarambla.com\\\/\",\"logo\":{\"@type\":\"ImageObject\",\"inLanguage\":\"en-GB\",\"@id\":\"https:\\\/\\\/www.revistarambla.com\\\/#\\\/schema\\\/logo\\\/image\\\/\",\"url\":\"https:\\\/\\\/www.revistarambla.com\\\/wp-content\\\/uploads\\\/2020\\\/09\\\/banner_rambla_1900x600_BB.png\",\"contentUrl\":\"https:\\\/\\\/www.revistarambla.com\\\/wp-content\\\/uploads\\\/2020\\\/09\\\/banner_rambla_1900x600_BB.png\",\"width\":1900,\"height\":600,\"caption\":\"Revista Rambla\"},\"image\":{\"@id\":\"https:\\\/\\\/www.revistarambla.com\\\/#\\\/schema\\\/logo\\\/image\\\/\"},\"sameAs\":[\"https:\\\/\\\/www.facebook.com\\\/revistarambla\\\/\",\"https:\\\/\\\/x.com\\\/revistarambla\",\"https:\\\/\\\/www.instagram.com\\\/revista_rambla\",\"https:\\\/\\\/es.linkedin.com\\\/company\\\/revista-rambla\"]},{\"@type\":\"Person\",\"@id\":\"https:\\\/\\\/www.revistarambla.com\\\/#\\\/schema\\\/person\\\/3d71c575842522757de7f4f9c9b40215\",\"name\":\"Manuel Ignacio Cabezas Gonz\u00e1lez\",\"description\":\"Doctor en Didactolog\u00eda de las Lenguas y de las Culturas. Profesor Titular de Ling\u00fc\u00edstica y de Ling\u00fc\u00edstica Aplicada. Departamento de Filolog\u00eda Francesa y Rom\u00e1nica (UAB).\",\"sameAs\":[\"http:\\\/\\\/honrad.blogspot.com\\\/\",\"https:\\\/\\\/www.facebook.com\\\/manuelignacio.cabezasgonzalez\",\"https:\\\/\\\/x.com\\\/ManuelICabezas\"]}]}<\/script>\n<!-- \/ Yoast SEO plugin. -->","yoast_head_json":{"title":"Los \u201coenegeros\u201d - Revista Rambla","robots":{"index":"index","follow":"follow","max-snippet":"max-snippet:-1","max-image-preview":"max-image-preview:large","max-video-preview":"max-video-preview:-1"},"canonical":"https:\/\/www.revistarambla.com\/en\/los-oenegeros\/","og_locale":"en_GB","og_type":"article","og_title":"Los \u201coenegeros\u201d - Revista Rambla","og_description":"La sigla ONG (Organizaci\u00f3n No Gubernamental) empez\u00f3 a ser utilizada por la ONU, tras la Segunda Guerra Mundial. Desde entonces, con esta sigla se designa a las entidades sin \u00e1nimo de lucro, que persiguen objetivos humanitarios y que pretenden ayudar a los desheredados de la tierra. Por eso, hoy se [&hellip;]","og_url":"https:\/\/www.revistarambla.com\/en\/los-oenegeros\/","og_site_name":"Revista Rambla","article_publisher":"https:\/\/www.facebook.com\/revistarambla\/","article_author":"https:\/\/www.facebook.com\/manuelignacio.cabezasgonzalez","article_published_time":"2025-04-27T11:40:02+00:00","og_image":[{"width":1500,"height":1500,"url":"https:\/\/www.revistarambla.com\/wp-content\/uploads\/2025\/04\/105340.jpg","type":"image\/jpeg"}],"author":"Manuel Ignacio Cabezas Gonz\u00e1lez","twitter_card":"summary_large_image","twitter_creator":"@ManuelICabezas","twitter_site":"@revistarambla","twitter_misc":{"Written by":"Manuel Ignacio Cabezas Gonz\u00e1lez","Estimated reading time":"6 minutes"},"schema":{"@context":"https:\/\/schema.org","@graph":[{"@type":"Article","@id":"https:\/\/www.revistarambla.com\/los-oenegeros\/#article","isPartOf":{"@id":"https:\/\/www.revistarambla.com\/los-oenegeros\/"},"author":{"name":"Manuel Ignacio Cabezas Gonz\u00e1lez","@id":"https:\/\/www.revistarambla.com\/#\/schema\/person\/3d71c575842522757de7f4f9c9b40215"},"headline":"Los \u201coenegeros\u201d","datePublished":"2025-04-27T11:40:02+00:00","mainEntityOfPage":{"@id":"https:\/\/www.revistarambla.com\/los-oenegeros\/"},"wordCount":1356,"publisher":{"@id":"https:\/\/www.revistarambla.com\/#organization"},"image":{"@id":"https:\/\/www.revistarambla.com\/los-oenegeros\/#primaryimage"},"thumbnailUrl":"https:\/\/www.revistarambla.com\/wp-content\/uploads\/2025\/04\/105340.jpg","articleSection":["Cantando las verdades"],"inLanguage":"en-GB"},{"@type":"WebPage","@id":"https:\/\/www.revistarambla.com\/los-oenegeros\/","url":"https:\/\/www.revistarambla.com\/los-oenegeros\/","name":"Los \u201coenegeros\u201d - Revista Rambla","isPartOf":{"@id":"https:\/\/www.revistarambla.com\/#website"},"primaryImageOfPage":{"@id":"https:\/\/www.revistarambla.com\/los-oenegeros\/#primaryimage"},"image":{"@id":"https:\/\/www.revistarambla.com\/los-oenegeros\/#primaryimage"},"thumbnailUrl":"https:\/\/www.revistarambla.com\/wp-content\/uploads\/2025\/04\/105340.jpg","datePublished":"2025-04-27T11:40:02+00:00","breadcrumb":{"@id":"https:\/\/www.revistarambla.com\/los-oenegeros\/#breadcrumb"},"inLanguage":"en-GB","potentialAction":[{"@type":"ReadAction","target":["https:\/\/www.revistarambla.com\/los-oenegeros\/"]}]},{"@type":"ImageObject","inLanguage":"en-GB","@id":"https:\/\/www.revistarambla.com\/los-oenegeros\/#primaryimage","url":"https:\/\/www.revistarambla.com\/wp-content\/uploads\/2025\/04\/105340.jpg","contentUrl":"https:\/\/www.revistarambla.com\/wp-content\/uploads\/2025\/04\/105340.jpg","width":1500,"height":1500,"caption":"oenegeros"},{"@type":"BreadcrumbList","@id":"https:\/\/www.revistarambla.com\/los-oenegeros\/#breadcrumb","itemListElement":[{"@type":"ListItem","position":1,"name":"Portada","item":"https:\/\/www.revistarambla.com\/"},{"@type":"ListItem","position":2,"name":"Los \u201coenegeros\u201d"}]},{"@type":"WebSite","@id":"https:\/\/www.revistarambla.com\/#website","url":"https:\/\/www.revistarambla.com\/","name":"Revista Rambla Barcelona","description":"Periodismo independiente","publisher":{"@id":"https:\/\/www.revistarambla.com\/#organization"},"potentialAction":[{"@type":"SearchAction","target":{"@type":"EntryPoint","urlTemplate":"https:\/\/www.revistarambla.com\/?s={search_term_string}"},"query-input":{"@type":"PropertyValueSpecification","valueRequired":true,"valueName":"search_term_string"}}],"inLanguage":"en-GB"},{"@type":"Organization","@id":"https:\/\/www.revistarambla.com\/#organization","name":"Revista Rambla","url":"https:\/\/www.revistarambla.com\/","logo":{"@type":"ImageObject","inLanguage":"en-GB","@id":"https:\/\/www.revistarambla.com\/#\/schema\/logo\/image\/","url":"https:\/\/www.revistarambla.com\/wp-content\/uploads\/2020\/09\/banner_rambla_1900x600_BB.png","contentUrl":"https:\/\/www.revistarambla.com\/wp-content\/uploads\/2020\/09\/banner_rambla_1900x600_BB.png","width":1900,"height":600,"caption":"Revista Rambla"},"image":{"@id":"https:\/\/www.revistarambla.com\/#\/schema\/logo\/image\/"},"sameAs":["https:\/\/www.facebook.com\/revistarambla\/","https:\/\/x.com\/revistarambla","https:\/\/www.instagram.com\/revista_rambla","https:\/\/es.linkedin.com\/company\/revista-rambla"]},{"@type":"Person","@id":"https:\/\/www.revistarambla.com\/#\/schema\/person\/3d71c575842522757de7f4f9c9b40215","name":"Manuel Ignacio Cabezas Gonz\u00e1lez","description":"Doctor en Didactolog\u00eda de las Lenguas y de las Culturas. Profesor Titular de Ling\u00fc\u00edstica y de Ling\u00fc\u00edstica Aplicada. Departamento de Filolog\u00eda Francesa y Rom\u00e1nica (UAB).","sameAs":["http:\/\/honrad.blogspot.com\/","https:\/\/www.facebook.com\/manuelignacio.cabezasgonzalez","https:\/\/x.com\/ManuelICabezas"]}]}},"_links":{"self":[{"href":"https:\/\/www.revistarambla.com\/en\/wp-json\/wp\/v2\/posts\/65084","targetHints":{"allow":["GET"]}}],"collection":[{"href":"https:\/\/www.revistarambla.com\/en\/wp-json\/wp\/v2\/posts"}],"about":[{"href":"https:\/\/www.revistarambla.com\/en\/wp-json\/wp\/v2\/types\/post"}],"author":[{"embeddable":true,"href":"https:\/\/www.revistarambla.com\/en\/wp-json\/wp\/v2\/users\/17"}],"replies":[{"embeddable":true,"href":"https:\/\/www.revistarambla.com\/en\/wp-json\/wp\/v2\/comments?post=65084"}],"version-history":[{"count":1,"href":"https:\/\/www.revistarambla.com\/en\/wp-json\/wp\/v2\/posts\/65084\/revisions"}],"predecessor-version":[{"id":65086,"href":"https:\/\/www.revistarambla.com\/en\/wp-json\/wp\/v2\/posts\/65084\/revisions\/65086"}],"wp:featuredmedia":[{"embeddable":true,"href":"https:\/\/www.revistarambla.com\/en\/wp-json\/wp\/v2\/media\/65085"}],"wp:attachment":[{"href":"https:\/\/www.revistarambla.com\/en\/wp-json\/wp\/v2\/media?parent=65084"}],"wp:term":[{"taxonomy":"category","embeddable":true,"href":"https:\/\/www.revistarambla.com\/en\/wp-json\/wp\/v2\/categories?post=65084"},{"taxonomy":"post_tag","embeddable":true,"href":"https:\/\/www.revistarambla.com\/en\/wp-json\/wp\/v2\/tags?post=65084"}],"curies":[{"name":"wp","href":"https:\/\/api.w.org\/{rel}","templated":true}]}}