{"id":64895,"date":"2025-04-08T22:32:54","date_gmt":"2025-04-08T20:32:54","guid":{"rendered":"https:\/\/www.revistarambla.com\/?p=64895"},"modified":"2025-04-08T22:32:54","modified_gmt":"2025-04-08T20:32:54","slug":"agricultores-extremenos-y-puigdemont-en-waterloo-un-encuentro-que-sacude-el-tablero-politico-y-agricola","status":"publish","type":"post","link":"https:\/\/www.revistarambla.com\/en\/agricultores-extremenos-y-puigdemont-en-waterloo-un-encuentro-que-sacude-el-tablero-politico-y-agricola\/","title":{"rendered":"Agricultores extreme\u00f1os y Puigdemont en Waterloo: un encuentro que sacude el tablero pol\u00edtico y agr\u00edcola"},"content":{"rendered":"<p>El pasado lunes, 7 de abril de 2025, un grupo de agricultores extreme\u00f1os lleg\u00f3 a Bruselas tras un viaje \u00e9pico de m\u00e1s de 2.000 kil\u00f3metros en tractor desde M\u00e9rida. Su misi\u00f3n: alzar la voz en el Parlamento Europeo contra las crecientes dificultades que ahogan al sector agr\u00edcola espa\u00f1ol, especialmente en Extremadura. Pero antes de pisar la capital belga, hicieron una parada que nadie esperaba en Waterloo, a tan solo 20 kil\u00f3metros de Bruselas, para reunirse con Carles Puigdemont, el expresidente catal\u00e1n exiliado desde 2017 tras el proc\u00e8s independentista. Este encuentro, tan ins\u00f3lito como estrat\u00e9gico, ha desatado una tormenta de reacciones y ha puesto el foco en las demandas de un sector que clama por sobrevivir.<\/p>\n<h2>Una alianza inesperada con un objetivo claro<\/h2>\n<p>La reuni\u00f3n fue impulsada por la Asociaci\u00f3n de Agricultores y Ganaderos de Extremadura (APAG Extremadura Asaja), liderada por Juan Metidieri. \u00bfPor qu\u00e9 acudir a Puigdemont, una figura tan polarizante y alejada del mundo rural extreme\u00f1o? La respuesta est\u00e1 en la astucia medi\u00e1tica y pol\u00edtica. Seg\u00fan Metidieri, la visita fue una \u00abestrategia maestra\u00bb para amplificar su protesta en Europa. \u00abSabiendo de su influencia con el actual Gobierno de Espa\u00f1a, y tras conocer que el Grupo Parlamentario del PSOE no podr\u00e1 recibirnos en Bruselas por &#8216;falta de tiempo en su agenda&#8217;, le hemos pedido que sea altavoz de nuestro enfado, de nuestra preocupaci\u00f3n y, sobre todo, que insista en la necesidad de tomar soluciones urgentes que hagan viables nuestras explotaciones\u00bb, explic\u00f3 a los medios. En un gui\u00f1o cargado de iron\u00eda, los agricultores incluso le solicitaron una \u00abamnist\u00eda para el campo espa\u00f1ol\u00bb, evocando las negociaciones pol\u00edticas entre el gobierno y los independentistas catalanes.<\/p>\n<p>Puigdemont, desde su refugio en Waterloo, no dud\u00f3 en sumarse al relato. En un mensaje publicado en redes sociales tras el encuentro, escribi\u00f3: \u00abUn grupo de agricultores extreme\u00f1os se ha desplazado hasta B\u00e9lgica en tractor y han tenido la amabilidad de venir hasta Waterloo para expresarme su descontento ante la situaci\u00f3n en la que se encuentra el sector agrario, no solo el extreme\u00f1o\u00bb. El pol\u00edtico catal\u00e1n destac\u00f3 problemas clave como \u00abel exceso de controles burocr\u00e1ticos, la competencia desleal desde el exterior y las limitaciones para poder llevar a cabo su actividad agraria\u00bb, subrayando que estas trabas \u00abdificultan la viabilidad de los agricultores\u00bb. Con estas palabras, Puigdemont se posicion\u00f3 como un eco de las demandas del campo, un gesto que no pas\u00f3 desapercibido.<\/p>\n<h2>Una jugada que divide opiniones<\/h2>\n<p>El encuentro ha generado un torbellino de reacciones. Para algunos, la maniobra de los agricultores extreme\u00f1os es un golpe de genio. \u00abSiempre hay que ir a quien manda y dejarse de subalternos\u00bb, coment\u00f3 un usuario en X, reflejando la aprobaci\u00f3n de quienes ven en Puigdemont una v\u00eda directa para presionar al gobierno espa\u00f1ol. La tractorada, que parti\u00f3 de M\u00e9rida el 1 de abril y lleg\u00f3 a Bruselas tras siete d\u00edas de viaje, ya hab\u00eda captado atenci\u00f3n, pero este desv\u00edo a Waterloo dispar\u00f3 su visibilidad. Metidieri lo tiene claro: \u00abSabemos perfectamente que Puigdemont no est\u00e1 a favor de ninguna de nuestras reivindicaciones. Sus hechos y acciones siempre han sido contrarios al campo. Pero utilizarle medi\u00e1ticamente nos ha servido para hacernos ver m\u00e1s ante Europa y eso ha sido clave para amplificar nuestra voz en esta lucha\u00bb.<\/p>\n<p>Sin embargo, no todos aplauden esta decisi\u00f3n. Asaja C\u00e1ceres, otra organizaci\u00f3n agraria extreme\u00f1a, sali\u00f3 al paso con un comunicado contundente: \u00abLa visita es inapropiada, inaceptable y fuera de lugar\u00bb. Para ellos, Puigdemont \u00abnunca ha sentido la m\u00e1s m\u00ednima consideraci\u00f3n y respeto ni por el pueblo extreme\u00f1o ni, por supuesto, por los agricultores y ganaderos de nuestra comunidad aut\u00f3noma\u00bb. Acusaron a APAG Extremadura Asaja de \u00abblanquear a un pr\u00f3fugo de la justicia que debe entregarse y rendir cuentas en Espa\u00f1a\u00bb. Esta cr\u00edtica evidencia una fractura en el sector agr\u00edcola, donde la estrategia de unos choca con los principios de otros.<\/p>\n<h2>El grito del campo en Europa<\/h2>\n<p>M\u00e1s all\u00e1 de la pol\u00e9mica, la tractorada extreme\u00f1a es un grito desesperado por la supervivencia. En Bruselas, los agricultores fueron recibidos por eurodiputados del Partido Popular y Vox, aunque el grupo socialista declin\u00f3 el encuentro por \u00abproblemas de agenda\u00bb. All\u00ed, repartieron aceite de oliva y vino de Extremadura en un acto simb\u00f3lico para \u00abponer en valor la riqueza y calidad del trabajo agr\u00edcola\u00bb de la regi\u00f3n. Sus demandas son claras: una reforma de la Pol\u00edtica Agraria Com\u00fan (PAC) que entre en vigor en 2028, cl\u00e1usulas espejo en los acuerdos comerciales de la UE con terceros pa\u00edses y un rechazo frontal a medidas como la Ley de Restauraci\u00f3n de la Naturaleza, el Pacto Verde y la Agenda 2030. \u00abNos est\u00e1n metiendo letras bonitas que son solo eso, letras. La realidad es otra\u00bb, afirm\u00f3 Pedro Llanos, uno de los agricultores participantes, resumiendo la frustraci\u00f3n de un sector que siente que las pol\u00edticas actuales \u00abquitan campos de cultivos\u00bb y amenazan su forma de vida.<\/p>\n<h2>Un impacto que trasciende Waterloo<\/h2>\n<p>La reuni\u00f3n en Waterloo no es solo una an\u00e9cdota; es un s\u00edmbolo de la creatividad y la desesperaci\u00f3n de unos agricultores dispuestos a todo para ser escuchados. Ha dividido opiniones, s\u00ed, pero tambi\u00e9n ha logrado lo que buscaba: colocar las demandas del campo espa\u00f1ol en el centro del debate europeo. Queda por ver si esta audaz estrategia se traducir\u00e1 en cambios reales en las pol\u00edticas agr\u00edcolas de la UE. Por ahora, los tractores extreme\u00f1os han dejado una huella imborrable, demostrando que, en tiempos de crisis, hasta los encuentros m\u00e1s improbables pueden encender una chispa de esperanza. El campo espa\u00f1ol no se rinde, y Waterloo ha sido testigo de ello.<\/p>","protected":false},"excerpt":{"rendered":"<p>El pasado lunes, 7 de abril de 2025, un grupo de agricultores extreme\u00f1os lleg\u00f3 a Bruselas tras un viaje \u00e9pico de m\u00e1s de 2.000 kil\u00f3metros en tractor desde M\u00e9rida. Su misi\u00f3n: alzar la voz en el Parlamento Europeo contra las crecientes dificultades que ahogan al sector agr\u00edcola espa\u00f1ol, especialmente en [&hellip;]<\/p>\n","protected":false},"author":3,"featured_media":64897,"comment_status":"closed","ping_status":"closed","sticky":false,"template":"","format":"standard","meta":{"footnotes":""},"categories":[59],"tags":[],"class_list":["post-64895","post","type-post","status-publish","format-standard","has-post-thumbnail","hentry","category-catalunya"],"yoast_head":"<!-- This site is optimized with the Yoast SEO plugin v27.5 - https:\/\/yoast.com\/product\/yoast-seo-wordpress\/ -->\n<title>Agricultores extreme\u00f1os y Puigdemont en Waterloo: un encuentro que sacude el tablero pol\u00edtico y agr\u00edcola - Revista Rambla<\/title>\n<meta name=\"robots\" content=\"index, follow, max-snippet:-1, max-image-preview:large, max-video-preview:-1\" \/>\n<link rel=\"canonical\" href=\"https:\/\/www.revistarambla.com\/en\/agricultores-extremenos-y-puigdemont-en-waterloo-un-encuentro-que-sacude-el-tablero-politico-y-agricola\/\" \/>\n<meta property=\"og:locale\" content=\"en_GB\" \/>\n<meta property=\"og:type\" content=\"article\" \/>\n<meta property=\"og:title\" content=\"Agricultores extreme\u00f1os y Puigdemont en Waterloo: un encuentro que sacude el tablero pol\u00edtico y agr\u00edcola - Revista Rambla\" \/>\n<meta property=\"og:description\" content=\"El pasado lunes, 7 de abril de 2025, un grupo de agricultores extreme\u00f1os lleg\u00f3 a Bruselas tras un viaje \u00e9pico de m\u00e1s de 2.000 kil\u00f3metros en tractor desde M\u00e9rida. Su misi\u00f3n: alzar la voz en el Parlamento Europeo contra las crecientes dificultades que ahogan al sector agr\u00edcola espa\u00f1ol, especialmente en [&hellip;]\" \/>\n<meta property=\"og:url\" content=\"https:\/\/www.revistarambla.com\/en\/agricultores-extremenos-y-puigdemont-en-waterloo-un-encuentro-que-sacude-el-tablero-politico-y-agricola\/\" \/>\n<meta property=\"og:site_name\" content=\"Revista Rambla\" \/>\n<meta property=\"article:publisher\" content=\"https:\/\/www.facebook.com\/revistarambla\/\" \/>\n<meta property=\"article:author\" content=\"https:\/\/www.facebook.com\/revistarambla\" \/>\n<meta property=\"article:published_time\" content=\"2025-04-08T20:32:54+00:00\" \/>\n<meta property=\"og:image\" content=\"https:\/\/www.revistarambla.com\/wp-content\/uploads\/2025\/04\/Capturadepantalla2025-04-07152720-RhyKa3C39scwwjRBeBb57PO-1200x840@diario_abc.jpg\" \/>\n\t<meta property=\"og:image:width\" content=\"1200\" \/>\n\t<meta property=\"og:image:height\" content=\"840\" \/>\n\t<meta property=\"og:image:type\" content=\"image\/jpeg\" \/>\n<meta name=\"author\" content=\"R@mbla\" \/>\n<meta name=\"twitter:card\" content=\"summary_large_image\" \/>\n<meta name=\"twitter:creator\" content=\"@revistarambla\" \/>\n<meta name=\"twitter:site\" content=\"@revistarambla\" \/>\n<meta name=\"twitter:label1\" content=\"Written by\" \/>\n\t<meta name=\"twitter:data1\" content=\"R@mbla\" \/>\n\t<meta name=\"twitter:label2\" content=\"Estimated reading time\" \/>\n\t<meta name=\"twitter:data2\" content=\"5 minutes\" \/>\n<script type=\"application\/ld+json\" class=\"yoast-schema-graph\">{\"@context\":\"https:\\\/\\\/schema.org\",\"@graph\":[{\"@type\":\"Article\",\"@id\":\"https:\\\/\\\/www.revistarambla.com\\\/agricultores-extremenos-y-puigdemont-en-waterloo-un-encuentro-que-sacude-el-tablero-politico-y-agricola\\\/#article\",\"isPartOf\":{\"@id\":\"https:\\\/\\\/www.revistarambla.com\\\/agricultores-extremenos-y-puigdemont-en-waterloo-un-encuentro-que-sacude-el-tablero-politico-y-agricola\\\/\"},\"author\":{\"name\":\"R@mbla\",\"@id\":\"https:\\\/\\\/www.revistarambla.com\\\/#\\\/schema\\\/person\\\/a146a5a2550b94981a75131180e1bd9c\"},\"headline\":\"Agricultores extreme\u00f1os y Puigdemont en Waterloo: un encuentro que sacude el tablero pol\u00edtico y agr\u00edcola\",\"datePublished\":\"2025-04-08T20:32:54+00:00\",\"mainEntityOfPage\":{\"@id\":\"https:\\\/\\\/www.revistarambla.com\\\/agricultores-extremenos-y-puigdemont-en-waterloo-un-encuentro-que-sacude-el-tablero-politico-y-agricola\\\/\"},\"wordCount\":1005,\"publisher\":{\"@id\":\"https:\\\/\\\/www.revistarambla.com\\\/#organization\"},\"image\":{\"@id\":\"https:\\\/\\\/www.revistarambla.com\\\/agricultores-extremenos-y-puigdemont-en-waterloo-un-encuentro-que-sacude-el-tablero-politico-y-agricola\\\/#primaryimage\"},\"thumbnailUrl\":\"https:\\\/\\\/www.revistarambla.com\\\/wp-content\\\/uploads\\\/2025\\\/04\\\/Capturadepantalla2025-04-07152720-RhyKa3C39scwwjRBeBb57PO-1200x840@diario_abc.jpg\",\"articleSection\":[\"Catalunya\"],\"inLanguage\":\"en-GB\"},{\"@type\":\"WebPage\",\"@id\":\"https:\\\/\\\/www.revistarambla.com\\\/agricultores-extremenos-y-puigdemont-en-waterloo-un-encuentro-que-sacude-el-tablero-politico-y-agricola\\\/\",\"url\":\"https:\\\/\\\/www.revistarambla.com\\\/agricultores-extremenos-y-puigdemont-en-waterloo-un-encuentro-que-sacude-el-tablero-politico-y-agricola\\\/\",\"name\":\"Agricultores extreme\u00f1os y Puigdemont en Waterloo: un encuentro que sacude el tablero pol\u00edtico y agr\u00edcola - Revista Rambla\",\"isPartOf\":{\"@id\":\"https:\\\/\\\/www.revistarambla.com\\\/#website\"},\"primaryImageOfPage\":{\"@id\":\"https:\\\/\\\/www.revistarambla.com\\\/agricultores-extremenos-y-puigdemont-en-waterloo-un-encuentro-que-sacude-el-tablero-politico-y-agricola\\\/#primaryimage\"},\"image\":{\"@id\":\"https:\\\/\\\/www.revistarambla.com\\\/agricultores-extremenos-y-puigdemont-en-waterloo-un-encuentro-que-sacude-el-tablero-politico-y-agricola\\\/#primaryimage\"},\"thumbnailUrl\":\"https:\\\/\\\/www.revistarambla.com\\\/wp-content\\\/uploads\\\/2025\\\/04\\\/Capturadepantalla2025-04-07152720-RhyKa3C39scwwjRBeBb57PO-1200x840@diario_abc.jpg\",\"datePublished\":\"2025-04-08T20:32:54+00:00\",\"breadcrumb\":{\"@id\":\"https:\\\/\\\/www.revistarambla.com\\\/agricultores-extremenos-y-puigdemont-en-waterloo-un-encuentro-que-sacude-el-tablero-politico-y-agricola\\\/#breadcrumb\"},\"inLanguage\":\"en-GB\",\"potentialAction\":[{\"@type\":\"ReadAction\",\"target\":[\"https:\\\/\\\/www.revistarambla.com\\\/agricultores-extremenos-y-puigdemont-en-waterloo-un-encuentro-que-sacude-el-tablero-politico-y-agricola\\\/\"]}]},{\"@type\":\"ImageObject\",\"inLanguage\":\"en-GB\",\"@id\":\"https:\\\/\\\/www.revistarambla.com\\\/agricultores-extremenos-y-puigdemont-en-waterloo-un-encuentro-que-sacude-el-tablero-politico-y-agricola\\\/#primaryimage\",\"url\":\"https:\\\/\\\/www.revistarambla.com\\\/wp-content\\\/uploads\\\/2025\\\/04\\\/Capturadepantalla2025-04-07152720-RhyKa3C39scwwjRBeBb57PO-1200x840@diario_abc.jpg\",\"contentUrl\":\"https:\\\/\\\/www.revistarambla.com\\\/wp-content\\\/uploads\\\/2025\\\/04\\\/Capturadepantalla2025-04-07152720-RhyKa3C39scwwjRBeBb57PO-1200x840@diario_abc.jpg\",\"width\":1200,\"height\":840},{\"@type\":\"BreadcrumbList\",\"@id\":\"https:\\\/\\\/www.revistarambla.com\\\/agricultores-extremenos-y-puigdemont-en-waterloo-un-encuentro-que-sacude-el-tablero-politico-y-agricola\\\/#breadcrumb\",\"itemListElement\":[{\"@type\":\"ListItem\",\"position\":1,\"name\":\"Portada\",\"item\":\"https:\\\/\\\/www.revistarambla.com\\\/\"},{\"@type\":\"ListItem\",\"position\":2,\"name\":\"Agricultores extreme\u00f1os y Puigdemont en Waterloo: un encuentro que sacude el tablero pol\u00edtico y agr\u00edcola\"}]},{\"@type\":\"WebSite\",\"@id\":\"https:\\\/\\\/www.revistarambla.com\\\/#website\",\"url\":\"https:\\\/\\\/www.revistarambla.com\\\/\",\"name\":\"Revista Rambla Barcelona\",\"description\":\"Periodismo independiente\",\"publisher\":{\"@id\":\"https:\\\/\\\/www.revistarambla.com\\\/#organization\"},\"potentialAction\":[{\"@type\":\"SearchAction\",\"target\":{\"@type\":\"EntryPoint\",\"urlTemplate\":\"https:\\\/\\\/www.revistarambla.com\\\/?s={search_term_string}\"},\"query-input\":{\"@type\":\"PropertyValueSpecification\",\"valueRequired\":true,\"valueName\":\"search_term_string\"}}],\"inLanguage\":\"en-GB\"},{\"@type\":\"Organization\",\"@id\":\"https:\\\/\\\/www.revistarambla.com\\\/#organization\",\"name\":\"Revista Rambla\",\"url\":\"https:\\\/\\\/www.revistarambla.com\\\/\",\"logo\":{\"@type\":\"ImageObject\",\"inLanguage\":\"en-GB\",\"@id\":\"https:\\\/\\\/www.revistarambla.com\\\/#\\\/schema\\\/logo\\\/image\\\/\",\"url\":\"https:\\\/\\\/www.revistarambla.com\\\/wp-content\\\/uploads\\\/2020\\\/09\\\/banner_rambla_1900x600_BB.png\",\"contentUrl\":\"https:\\\/\\\/www.revistarambla.com\\\/wp-content\\\/uploads\\\/2020\\\/09\\\/banner_rambla_1900x600_BB.png\",\"width\":1900,\"height\":600,\"caption\":\"Revista Rambla\"},\"image\":{\"@id\":\"https:\\\/\\\/www.revistarambla.com\\\/#\\\/schema\\\/logo\\\/image\\\/\"},\"sameAs\":[\"https:\\\/\\\/www.facebook.com\\\/revistarambla\\\/\",\"https:\\\/\\\/x.com\\\/revistarambla\",\"https:\\\/\\\/www.instagram.com\\\/revista_rambla\",\"https:\\\/\\\/es.linkedin.com\\\/company\\\/revista-rambla\"]},{\"@type\":\"Person\",\"@id\":\"https:\\\/\\\/www.revistarambla.com\\\/#\\\/schema\\\/person\\\/a146a5a2550b94981a75131180e1bd9c\",\"name\":\"R@mbla\",\"description\":\"Este art\u00edculo ha sido redactado y\\\/o validado por el equipo de redacci\u00f3n de Revista Rambla.\",\"sameAs\":[\"https:\\\/\\\/www.revistarambla.com\\\/\",\"https:\\\/\\\/www.facebook.com\\\/revistarambla\",\"https:\\\/\\\/x.com\\\/revistarambla\"]}]}<\/script>\n<!-- \/ Yoast SEO plugin. -->","yoast_head_json":{"title":"Agricultores extreme\u00f1os y Puigdemont en Waterloo: un encuentro que sacude el tablero pol\u00edtico y agr\u00edcola - Revista Rambla","robots":{"index":"index","follow":"follow","max-snippet":"max-snippet:-1","max-image-preview":"max-image-preview:large","max-video-preview":"max-video-preview:-1"},"canonical":"https:\/\/www.revistarambla.com\/en\/agricultores-extremenos-y-puigdemont-en-waterloo-un-encuentro-que-sacude-el-tablero-politico-y-agricola\/","og_locale":"en_GB","og_type":"article","og_title":"Agricultores extreme\u00f1os y Puigdemont en Waterloo: un encuentro que sacude el tablero pol\u00edtico y agr\u00edcola - Revista Rambla","og_description":"El pasado lunes, 7 de abril de 2025, un grupo de agricultores extreme\u00f1os lleg\u00f3 a Bruselas tras un viaje \u00e9pico de m\u00e1s de 2.000 kil\u00f3metros en tractor desde M\u00e9rida. Su misi\u00f3n: alzar la voz en el Parlamento Europeo contra las crecientes dificultades que ahogan al sector agr\u00edcola espa\u00f1ol, especialmente en [&hellip;]","og_url":"https:\/\/www.revistarambla.com\/en\/agricultores-extremenos-y-puigdemont-en-waterloo-un-encuentro-que-sacude-el-tablero-politico-y-agricola\/","og_site_name":"Revista Rambla","article_publisher":"https:\/\/www.facebook.com\/revistarambla\/","article_author":"https:\/\/www.facebook.com\/revistarambla","article_published_time":"2025-04-08T20:32:54+00:00","og_image":[{"width":1200,"height":840,"url":"https:\/\/www.revistarambla.com\/wp-content\/uploads\/2025\/04\/Capturadepantalla2025-04-07152720-RhyKa3C39scwwjRBeBb57PO-1200x840@diario_abc.jpg","type":"image\/jpeg"}],"author":"R@mbla","twitter_card":"summary_large_image","twitter_creator":"@revistarambla","twitter_site":"@revistarambla","twitter_misc":{"Written by":"R@mbla","Estimated reading time":"5 minutes"},"schema":{"@context":"https:\/\/schema.org","@graph":[{"@type":"Article","@id":"https:\/\/www.revistarambla.com\/agricultores-extremenos-y-puigdemont-en-waterloo-un-encuentro-que-sacude-el-tablero-politico-y-agricola\/#article","isPartOf":{"@id":"https:\/\/www.revistarambla.com\/agricultores-extremenos-y-puigdemont-en-waterloo-un-encuentro-que-sacude-el-tablero-politico-y-agricola\/"},"author":{"name":"R@mbla","@id":"https:\/\/www.revistarambla.com\/#\/schema\/person\/a146a5a2550b94981a75131180e1bd9c"},"headline":"Agricultores extreme\u00f1os y Puigdemont en Waterloo: un encuentro que sacude el tablero pol\u00edtico y agr\u00edcola","datePublished":"2025-04-08T20:32:54+00:00","mainEntityOfPage":{"@id":"https:\/\/www.revistarambla.com\/agricultores-extremenos-y-puigdemont-en-waterloo-un-encuentro-que-sacude-el-tablero-politico-y-agricola\/"},"wordCount":1005,"publisher":{"@id":"https:\/\/www.revistarambla.com\/#organization"},"image":{"@id":"https:\/\/www.revistarambla.com\/agricultores-extremenos-y-puigdemont-en-waterloo-un-encuentro-que-sacude-el-tablero-politico-y-agricola\/#primaryimage"},"thumbnailUrl":"https:\/\/www.revistarambla.com\/wp-content\/uploads\/2025\/04\/Capturadepantalla2025-04-07152720-RhyKa3C39scwwjRBeBb57PO-1200x840@diario_abc.jpg","articleSection":["Catalunya"],"inLanguage":"en-GB"},{"@type":"WebPage","@id":"https:\/\/www.revistarambla.com\/agricultores-extremenos-y-puigdemont-en-waterloo-un-encuentro-que-sacude-el-tablero-politico-y-agricola\/","url":"https:\/\/www.revistarambla.com\/agricultores-extremenos-y-puigdemont-en-waterloo-un-encuentro-que-sacude-el-tablero-politico-y-agricola\/","name":"Agricultores extreme\u00f1os y Puigdemont en Waterloo: un encuentro que sacude el tablero pol\u00edtico y agr\u00edcola - Revista Rambla","isPartOf":{"@id":"https:\/\/www.revistarambla.com\/#website"},"primaryImageOfPage":{"@id":"https:\/\/www.revistarambla.com\/agricultores-extremenos-y-puigdemont-en-waterloo-un-encuentro-que-sacude-el-tablero-politico-y-agricola\/#primaryimage"},"image":{"@id":"https:\/\/www.revistarambla.com\/agricultores-extremenos-y-puigdemont-en-waterloo-un-encuentro-que-sacude-el-tablero-politico-y-agricola\/#primaryimage"},"thumbnailUrl":"https:\/\/www.revistarambla.com\/wp-content\/uploads\/2025\/04\/Capturadepantalla2025-04-07152720-RhyKa3C39scwwjRBeBb57PO-1200x840@diario_abc.jpg","datePublished":"2025-04-08T20:32:54+00:00","breadcrumb":{"@id":"https:\/\/www.revistarambla.com\/agricultores-extremenos-y-puigdemont-en-waterloo-un-encuentro-que-sacude-el-tablero-politico-y-agricola\/#breadcrumb"},"inLanguage":"en-GB","potentialAction":[{"@type":"ReadAction","target":["https:\/\/www.revistarambla.com\/agricultores-extremenos-y-puigdemont-en-waterloo-un-encuentro-que-sacude-el-tablero-politico-y-agricola\/"]}]},{"@type":"ImageObject","inLanguage":"en-GB","@id":"https:\/\/www.revistarambla.com\/agricultores-extremenos-y-puigdemont-en-waterloo-un-encuentro-que-sacude-el-tablero-politico-y-agricola\/#primaryimage","url":"https:\/\/www.revistarambla.com\/wp-content\/uploads\/2025\/04\/Capturadepantalla2025-04-07152720-RhyKa3C39scwwjRBeBb57PO-1200x840@diario_abc.jpg","contentUrl":"https:\/\/www.revistarambla.com\/wp-content\/uploads\/2025\/04\/Capturadepantalla2025-04-07152720-RhyKa3C39scwwjRBeBb57PO-1200x840@diario_abc.jpg","width":1200,"height":840},{"@type":"BreadcrumbList","@id":"https:\/\/www.revistarambla.com\/agricultores-extremenos-y-puigdemont-en-waterloo-un-encuentro-que-sacude-el-tablero-politico-y-agricola\/#breadcrumb","itemListElement":[{"@type":"ListItem","position":1,"name":"Portada","item":"https:\/\/www.revistarambla.com\/"},{"@type":"ListItem","position":2,"name":"Agricultores extreme\u00f1os y Puigdemont en Waterloo: un encuentro que sacude el tablero pol\u00edtico y agr\u00edcola"}]},{"@type":"WebSite","@id":"https:\/\/www.revistarambla.com\/#website","url":"https:\/\/www.revistarambla.com\/","name":"Revista Rambla Barcelona","description":"Periodismo independiente","publisher":{"@id":"https:\/\/www.revistarambla.com\/#organization"},"potentialAction":[{"@type":"SearchAction","target":{"@type":"EntryPoint","urlTemplate":"https:\/\/www.revistarambla.com\/?s={search_term_string}"},"query-input":{"@type":"PropertyValueSpecification","valueRequired":true,"valueName":"search_term_string"}}],"inLanguage":"en-GB"},{"@type":"Organization","@id":"https:\/\/www.revistarambla.com\/#organization","name":"Revista Rambla","url":"https:\/\/www.revistarambla.com\/","logo":{"@type":"ImageObject","inLanguage":"en-GB","@id":"https:\/\/www.revistarambla.com\/#\/schema\/logo\/image\/","url":"https:\/\/www.revistarambla.com\/wp-content\/uploads\/2020\/09\/banner_rambla_1900x600_BB.png","contentUrl":"https:\/\/www.revistarambla.com\/wp-content\/uploads\/2020\/09\/banner_rambla_1900x600_BB.png","width":1900,"height":600,"caption":"Revista Rambla"},"image":{"@id":"https:\/\/www.revistarambla.com\/#\/schema\/logo\/image\/"},"sameAs":["https:\/\/www.facebook.com\/revistarambla\/","https:\/\/x.com\/revistarambla","https:\/\/www.instagram.com\/revista_rambla","https:\/\/es.linkedin.com\/company\/revista-rambla"]},{"@type":"Person","@id":"https:\/\/www.revistarambla.com\/#\/schema\/person\/a146a5a2550b94981a75131180e1bd9c","name":"R@mbla","description":"Este art\u00edculo ha sido redactado y\/o validado por el equipo de redacci\u00f3n de Revista Rambla.","sameAs":["https:\/\/www.revistarambla.com\/","https:\/\/www.facebook.com\/revistarambla","https:\/\/x.com\/revistarambla"]}]}},"_links":{"self":[{"href":"https:\/\/www.revistarambla.com\/en\/wp-json\/wp\/v2\/posts\/64895","targetHints":{"allow":["GET"]}}],"collection":[{"href":"https:\/\/www.revistarambla.com\/en\/wp-json\/wp\/v2\/posts"}],"about":[{"href":"https:\/\/www.revistarambla.com\/en\/wp-json\/wp\/v2\/types\/post"}],"author":[{"embeddable":true,"href":"https:\/\/www.revistarambla.com\/en\/wp-json\/wp\/v2\/users\/3"}],"replies":[{"embeddable":true,"href":"https:\/\/www.revistarambla.com\/en\/wp-json\/wp\/v2\/comments?post=64895"}],"version-history":[{"count":1,"href":"https:\/\/www.revistarambla.com\/en\/wp-json\/wp\/v2\/posts\/64895\/revisions"}],"predecessor-version":[{"id":64896,"href":"https:\/\/www.revistarambla.com\/en\/wp-json\/wp\/v2\/posts\/64895\/revisions\/64896"}],"wp:featuredmedia":[{"embeddable":true,"href":"https:\/\/www.revistarambla.com\/en\/wp-json\/wp\/v2\/media\/64897"}],"wp:attachment":[{"href":"https:\/\/www.revistarambla.com\/en\/wp-json\/wp\/v2\/media?parent=64895"}],"wp:term":[{"taxonomy":"category","embeddable":true,"href":"https:\/\/www.revistarambla.com\/en\/wp-json\/wp\/v2\/categories?post=64895"},{"taxonomy":"post_tag","embeddable":true,"href":"https:\/\/www.revistarambla.com\/en\/wp-json\/wp\/v2\/tags?post=64895"}],"curies":[{"name":"wp","href":"https:\/\/api.w.org\/{rel}","templated":true}]}}