{"id":64726,"date":"2025-03-26T18:47:39","date_gmt":"2025-03-26T17:47:39","guid":{"rendered":"https:\/\/www.revistarambla.com\/?p=64726"},"modified":"2025-03-26T18:47:39","modified_gmt":"2025-03-26T17:47:39","slug":"una-delicia-de-tomate-la-tienta-celebra-el-exito-del-dr-angel-martin","status":"publish","type":"post","link":"https:\/\/www.revistarambla.com\/en\/una-delicia-de-tomate-la-tienta-celebra-el-exito-del-dr-angel-martin\/","title":{"rendered":"Una delicia de tomate: La Tienta Celebra el \u00e9xito del Dr. \u00c1ngel Mart\u00edn"},"content":{"rendered":"<p><img decoding=\"async\" class=\"aligncenter wp-image-64727 size-full\" src=\"https:\/\/www.revistarambla.com\/wp-content\/uploads\/2025\/03\/phpNDbmop67e3d809aaa1e.jpg\" alt=\"La Tienta\" width=\"1536\" height=\"1152\" srcset=\"https:\/\/www.revistarambla.com\/wp-content\/uploads\/2025\/03\/phpNDbmop67e3d809aaa1e.jpg 1536w, https:\/\/www.revistarambla.com\/wp-content\/uploads\/2025\/03\/phpNDbmop67e3d809aaa1e-487x365.jpg 487w, https:\/\/www.revistarambla.com\/wp-content\/uploads\/2025\/03\/phpNDbmop67e3d809aaa1e-840x630.jpg 840w, https:\/\/www.revistarambla.com\/wp-content\/uploads\/2025\/03\/phpNDbmop67e3d809aaa1e-768x576.jpg 768w, https:\/\/www.revistarambla.com\/wp-content\/uploads\/2025\/03\/phpNDbmop67e3d809aaa1e-16x12.jpg 16w\" sizes=\"(max-width: 1536px) 100vw, 1536px\" \/><\/p>\n<p>El d\u00eda de hoy vamos a conocer c\u00f3mo ocurri\u00f3 la reciente victoria que obtuvo el Dr. \u00c1ngel Mart\u00edn, fundador de la cl\u00ednica Menorca, en el Concurso de Tomates celebrado este fin de semana en las Rozas, municipio de la Comunidad de Madrid. Y esta victoria es la demostraci\u00f3n del amor y la dedicaci\u00f3n que pone tanto en su Huerta Emiliana como en los productos que lleva hasta el consumidor a trav\u00e9s de su <a href=\"https:\/\/tabernalatienta.com\/\" target=\"_blank\" rel=\"nofollow noopener\">taberna la Tienta<\/a>.<\/p>\n<h2><b>El concurso de tomates de Las Rozas<\/b><\/h2>\n<p>El concurso celebrado en \u00a0el Centro del Medioambiente La Talaverona en Las Rozas re\u00fane a agricultores y hortelanos de distintas partes de la Comunidad de Madrid que que quieran vender su cosecha a cuantos clientes acudan a conocer, degustar y comprar este valioso fruto. En este evento se celebra tanto la calidad del tomate, como la promoci\u00f3n del intercambio de conocimientos y la degustaci\u00f3n de diferentes variedades de cultivos. Aqu\u00ed tambi\u00e9n vienen<\/p>\n<p>La Huerta Emiliana, ubicada en Navarrevisca, \u00c1vila, es el hogar del exitoso tomate del Dr. Mart\u00edn. Este espacio no es solo lugar de cultivo, ya que tambi\u00e9n es el s\u00edmbolo de la dedicaci\u00f3n y pasi\u00f3n que el doctor dedica en la horticultura. Cada tomate es el resultado de un cultivo donde el enfoque en los detalles, el cuidado meticuloso y el deseo de proporcionar lo mejor a sus clientes.<\/p>\n<p>Por esto es que la taberna La Tienta es el orgulloso proveedor de estos tomates frescos, lo que le da a sus clientes la oportunidad de disfrutar de un producto de una calidad excepcional, y reconocido y galardonado en una categor\u00eda donde compite con otros productos destacados. Todo esto es obra del Dr. Mart\u00edn.<\/p>\n<h3><b>Un sabor que trasciende<\/b><\/h3>\n<p>La victoria del Dr. \u00c1ngel Mart\u00edn en el Concurso de Tomates es m\u00e1s que un reconocimiento personal: es un tributo que reconoce la calidad y la autenticidad de <b>un producto de producci\u00f3n local<\/b>. Los tomates que ganan en este concurso destacan por su jugosidad, su dulzura y el nivel de intensidad en su sabor, lo cual evoca la tradici\u00f3n agr\u00edcola que hay en la regi\u00f3n.<\/p>\n<p>Por su parte, la Taberna la Tienta tiene a estos mismos tomates como materia prima, lo que la convierte en el lugar ideal para disfrutar de platos en los que la alta cocina se hace deliciosa y accesible en partes iguales.<\/p>\n<p>Para el Dr. Mart\u00edn no solo el enfoque est\u00e1 en la calidad, sino tambi\u00e9n en la sostenibilidad. Una de las cosas que se destacan de este galard\u00f3n es la importancia de cuidar el medio ambiente al mismo tiempo que se producen alimentos frescos y deliciosos. Adem\u00e1s del saber que agrada tanto a los consumidores, tambi\u00e9n es un proceso que \u00a0contribuye con un ecosistema agr\u00edcola saludable.<\/p>\n<p>Como resultado, cada platillo adquirido permite a los comensales solo disfrutar de un producto de calidad, y mantener<b> un modelo de agricultura responsable.<\/b><\/p>\n<h2><b>\u00bfQu\u00e9 hizo ganador a los tomates de Huerta Emiliana?<\/b><\/h2>\n<p>Los tomates cultivados en la Huerta Emiliana destacaron por estas caracter\u00edsticas diferenciadoras:<\/p>\n<ol>\n<li aria-level=\"1\"><b>Frescura. <\/b>Los tomates son cosechados en su punto \u00f3ptimo para garantizar un sabor y textura excepcionales.<\/li>\n<li aria-level=\"1\"><b>Sostenibilidad. <\/b>El Dr. Mart\u00edn utiliza pr\u00e1cticas agr\u00edcolas sostenibles y responsables, lo que minimiza el impacto ambiental y fomenta la biodiversidad.<\/li>\n<li aria-level=\"1\"><b>Variedad. <\/b>La huerta ofrece distintos tipos de tomates, cada uno con su propia personalidad de sabor y textura.<\/li>\n<li aria-level=\"1\"><b>Nutrici\u00f3n. <\/b>Si algo caracteriza al tomate es que son ricos en vitaminas y antioxidantes, lo que los convierte en un complemento saludable para cualquier comida.<\/li>\n<\/ol>\n<p>Estos aspectos destacan el compromiso del Dr. Mart\u00edn con la calidad, la sostenibilidad y la salud p\u00fablica, adem\u00e1s de ser apreciados entre los amantes de la gastronom\u00eda y la buena cocina.<\/p>\n<h2><b>La Tienta: un destino para los amantes de la buena mesa<\/b><\/h2>\n<p>La taberna La Tienta es ahora un punto de encuentro para aquellos que buscan experiencias culinarias aut\u00e9nticas y deliciosas. El galard\u00f3n ha comenzado a llamar la atenci\u00f3n de los comensales, quienes pueden disfrutar de platillos diversos, entre los cuales se incorporan los tomates frescos de la Huerta Emiliana. No es de extra\u00f1ar que este haya sido el \u00faltimo empuj\u00f3n para posicionar a la taberna como referente de calidad y sabor, dado el trabajo que tiene por detr\u00e1s.<\/p>\n<p>Es por eso que la victoria del Dr. \u00c1ngel Mart\u00edn es un testimonio de las recompensas que trae el compromiso que tiene con su oficio y la calidad de sus productos, adem\u00e1s de su compromiso con un tipo de agricultura que se tiene que defender para darle vida a la producci\u00f3n local. Por su parte, la taberna La Tienta es un lugar para degustar delicias culinarias y tambi\u00e9n un sitio donde se celebra el trabajo de los agricultores y la importancia de consumir productos frescos y locales.<\/p>","protected":false},"excerpt":{"rendered":"<p>El d\u00eda de hoy vamos a conocer c\u00f3mo ocurri\u00f3 la reciente victoria que obtuvo el Dr. \u00c1ngel Mart\u00edn, fundador de la cl\u00ednica Menorca, en el Concurso de Tomates celebrado este fin de semana en las Rozas, municipio de la Comunidad de Madrid. Y esta victoria es la demostraci\u00f3n del amor [&hellip;]<\/p>\n","protected":false},"author":3,"featured_media":64727,"comment_status":"closed","ping_status":"closed","sticky":false,"template":"","format":"standard","meta":{"footnotes":""},"categories":[3790],"tags":[],"class_list":["post-64726","post","type-post","status-publish","format-standard","has-post-thumbnail","hentry","category-otras-noticias"],"yoast_head":"<!-- This site is optimized with the Yoast SEO plugin v27.5 - https:\/\/yoast.com\/product\/yoast-seo-wordpress\/ -->\n<title>Una delicia de tomate: La Tienta Celebra el \u00e9xito del Dr. \u00c1ngel Mart\u00edn - Revista Rambla<\/title>\n<meta name=\"robots\" content=\"index, follow, max-snippet:-1, max-image-preview:large, max-video-preview:-1\" \/>\n<link rel=\"canonical\" href=\"https:\/\/www.revistarambla.com\/en\/una-delicia-de-tomate-la-tienta-celebra-el-exito-del-dr-angel-martin\/\" \/>\n<meta property=\"og:locale\" content=\"en_GB\" \/>\n<meta property=\"og:type\" content=\"article\" \/>\n<meta property=\"og:title\" content=\"Una delicia de tomate: La Tienta Celebra el \u00e9xito del Dr. \u00c1ngel Mart\u00edn - Revista Rambla\" \/>\n<meta property=\"og:description\" content=\"El d\u00eda de hoy vamos a conocer c\u00f3mo ocurri\u00f3 la reciente victoria que obtuvo el Dr. \u00c1ngel Mart\u00edn, fundador de la cl\u00ednica Menorca, en el Concurso de Tomates celebrado este fin de semana en las Rozas, municipio de la Comunidad de Madrid. Y esta victoria es la demostraci\u00f3n del amor [&hellip;]\" \/>\n<meta property=\"og:url\" content=\"https:\/\/www.revistarambla.com\/en\/una-delicia-de-tomate-la-tienta-celebra-el-exito-del-dr-angel-martin\/\" \/>\n<meta property=\"og:site_name\" content=\"Revista Rambla\" \/>\n<meta property=\"article:publisher\" content=\"https:\/\/www.facebook.com\/revistarambla\/\" \/>\n<meta property=\"article:author\" content=\"https:\/\/www.facebook.com\/revistarambla\" \/>\n<meta property=\"article:published_time\" content=\"2025-03-26T17:47:39+00:00\" \/>\n<meta property=\"og:image\" content=\"https:\/\/www.revistarambla.com\/wp-content\/uploads\/2025\/03\/phpNDbmop67e3d809aaa1e.jpg\" \/>\n\t<meta property=\"og:image:width\" content=\"1536\" \/>\n\t<meta property=\"og:image:height\" content=\"1152\" \/>\n\t<meta property=\"og:image:type\" content=\"image\/jpeg\" \/>\n<meta name=\"author\" content=\"R@mbla\" \/>\n<meta name=\"twitter:card\" content=\"summary_large_image\" \/>\n<meta name=\"twitter:creator\" content=\"@revistarambla\" \/>\n<meta name=\"twitter:site\" content=\"@revistarambla\" \/>\n<meta name=\"twitter:label1\" content=\"Written by\" \/>\n\t<meta name=\"twitter:data1\" content=\"R@mbla\" \/>\n\t<meta name=\"twitter:label2\" content=\"Estimated reading time\" \/>\n\t<meta name=\"twitter:data2\" content=\"4 minutes\" \/>\n<script type=\"application\/ld+json\" class=\"yoast-schema-graph\">{\"@context\":\"https:\\\/\\\/schema.org\",\"@graph\":[{\"@type\":\"Article\",\"@id\":\"https:\\\/\\\/www.revistarambla.com\\\/una-delicia-de-tomate-la-tienta-celebra-el-exito-del-dr-angel-martin\\\/#article\",\"isPartOf\":{\"@id\":\"https:\\\/\\\/www.revistarambla.com\\\/una-delicia-de-tomate-la-tienta-celebra-el-exito-del-dr-angel-martin\\\/\"},\"author\":{\"name\":\"R@mbla\",\"@id\":\"https:\\\/\\\/www.revistarambla.com\\\/#\\\/schema\\\/person\\\/a146a5a2550b94981a75131180e1bd9c\"},\"headline\":\"Una delicia de tomate: La Tienta Celebra el \u00e9xito del Dr. \u00c1ngel Mart\u00edn\",\"datePublished\":\"2025-03-26T17:47:39+00:00\",\"mainEntityOfPage\":{\"@id\":\"https:\\\/\\\/www.revistarambla.com\\\/una-delicia-de-tomate-la-tienta-celebra-el-exito-del-dr-angel-martin\\\/\"},\"wordCount\":845,\"publisher\":{\"@id\":\"https:\\\/\\\/www.revistarambla.com\\\/#organization\"},\"image\":{\"@id\":\"https:\\\/\\\/www.revistarambla.com\\\/una-delicia-de-tomate-la-tienta-celebra-el-exito-del-dr-angel-martin\\\/#primaryimage\"},\"thumbnailUrl\":\"https:\\\/\\\/www.revistarambla.com\\\/wp-content\\\/uploads\\\/2025\\\/03\\\/phpNDbmop67e3d809aaa1e.jpg\",\"articleSection\":[\"Otras Noticias\"],\"inLanguage\":\"en-GB\"},{\"@type\":\"WebPage\",\"@id\":\"https:\\\/\\\/www.revistarambla.com\\\/una-delicia-de-tomate-la-tienta-celebra-el-exito-del-dr-angel-martin\\\/\",\"url\":\"https:\\\/\\\/www.revistarambla.com\\\/una-delicia-de-tomate-la-tienta-celebra-el-exito-del-dr-angel-martin\\\/\",\"name\":\"Una delicia de tomate: La Tienta Celebra el \u00e9xito del Dr. \u00c1ngel Mart\u00edn - Revista Rambla\",\"isPartOf\":{\"@id\":\"https:\\\/\\\/www.revistarambla.com\\\/#website\"},\"primaryImageOfPage\":{\"@id\":\"https:\\\/\\\/www.revistarambla.com\\\/una-delicia-de-tomate-la-tienta-celebra-el-exito-del-dr-angel-martin\\\/#primaryimage\"},\"image\":{\"@id\":\"https:\\\/\\\/www.revistarambla.com\\\/una-delicia-de-tomate-la-tienta-celebra-el-exito-del-dr-angel-martin\\\/#primaryimage\"},\"thumbnailUrl\":\"https:\\\/\\\/www.revistarambla.com\\\/wp-content\\\/uploads\\\/2025\\\/03\\\/phpNDbmop67e3d809aaa1e.jpg\",\"datePublished\":\"2025-03-26T17:47:39+00:00\",\"breadcrumb\":{\"@id\":\"https:\\\/\\\/www.revistarambla.com\\\/una-delicia-de-tomate-la-tienta-celebra-el-exito-del-dr-angel-martin\\\/#breadcrumb\"},\"inLanguage\":\"en-GB\",\"potentialAction\":[{\"@type\":\"ReadAction\",\"target\":[\"https:\\\/\\\/www.revistarambla.com\\\/una-delicia-de-tomate-la-tienta-celebra-el-exito-del-dr-angel-martin\\\/\"]}]},{\"@type\":\"ImageObject\",\"inLanguage\":\"en-GB\",\"@id\":\"https:\\\/\\\/www.revistarambla.com\\\/una-delicia-de-tomate-la-tienta-celebra-el-exito-del-dr-angel-martin\\\/#primaryimage\",\"url\":\"https:\\\/\\\/www.revistarambla.com\\\/wp-content\\\/uploads\\\/2025\\\/03\\\/phpNDbmop67e3d809aaa1e.jpg\",\"contentUrl\":\"https:\\\/\\\/www.revistarambla.com\\\/wp-content\\\/uploads\\\/2025\\\/03\\\/phpNDbmop67e3d809aaa1e.jpg\",\"width\":1536,\"height\":1152,\"caption\":\"La Tienta\"},{\"@type\":\"BreadcrumbList\",\"@id\":\"https:\\\/\\\/www.revistarambla.com\\\/una-delicia-de-tomate-la-tienta-celebra-el-exito-del-dr-angel-martin\\\/#breadcrumb\",\"itemListElement\":[{\"@type\":\"ListItem\",\"position\":1,\"name\":\"Portada\",\"item\":\"https:\\\/\\\/www.revistarambla.com\\\/\"},{\"@type\":\"ListItem\",\"position\":2,\"name\":\"Una delicia de tomate: La Tienta Celebra el \u00e9xito del Dr. \u00c1ngel Mart\u00edn\"}]},{\"@type\":\"WebSite\",\"@id\":\"https:\\\/\\\/www.revistarambla.com\\\/#website\",\"url\":\"https:\\\/\\\/www.revistarambla.com\\\/\",\"name\":\"Revista Rambla Barcelona\",\"description\":\"Periodismo independiente\",\"publisher\":{\"@id\":\"https:\\\/\\\/www.revistarambla.com\\\/#organization\"},\"potentialAction\":[{\"@type\":\"SearchAction\",\"target\":{\"@type\":\"EntryPoint\",\"urlTemplate\":\"https:\\\/\\\/www.revistarambla.com\\\/?s={search_term_string}\"},\"query-input\":{\"@type\":\"PropertyValueSpecification\",\"valueRequired\":true,\"valueName\":\"search_term_string\"}}],\"inLanguage\":\"en-GB\"},{\"@type\":\"Organization\",\"@id\":\"https:\\\/\\\/www.revistarambla.com\\\/#organization\",\"name\":\"Revista Rambla\",\"url\":\"https:\\\/\\\/www.revistarambla.com\\\/\",\"logo\":{\"@type\":\"ImageObject\",\"inLanguage\":\"en-GB\",\"@id\":\"https:\\\/\\\/www.revistarambla.com\\\/#\\\/schema\\\/logo\\\/image\\\/\",\"url\":\"https:\\\/\\\/www.revistarambla.com\\\/wp-content\\\/uploads\\\/2020\\\/09\\\/banner_rambla_1900x600_BB.png\",\"contentUrl\":\"https:\\\/\\\/www.revistarambla.com\\\/wp-content\\\/uploads\\\/2020\\\/09\\\/banner_rambla_1900x600_BB.png\",\"width\":1900,\"height\":600,\"caption\":\"Revista Rambla\"},\"image\":{\"@id\":\"https:\\\/\\\/www.revistarambla.com\\\/#\\\/schema\\\/logo\\\/image\\\/\"},\"sameAs\":[\"https:\\\/\\\/www.facebook.com\\\/revistarambla\\\/\",\"https:\\\/\\\/x.com\\\/revistarambla\",\"https:\\\/\\\/www.instagram.com\\\/revista_rambla\",\"https:\\\/\\\/es.linkedin.com\\\/company\\\/revista-rambla\"]},{\"@type\":\"Person\",\"@id\":\"https:\\\/\\\/www.revistarambla.com\\\/#\\\/schema\\\/person\\\/a146a5a2550b94981a75131180e1bd9c\",\"name\":\"R@mbla\",\"description\":\"Este art\u00edculo ha sido redactado y\\\/o validado por el equipo de redacci\u00f3n de Revista Rambla.\",\"sameAs\":[\"https:\\\/\\\/www.revistarambla.com\\\/\",\"https:\\\/\\\/www.facebook.com\\\/revistarambla\",\"https:\\\/\\\/x.com\\\/revistarambla\"]}]}<\/script>\n<!-- \/ Yoast SEO plugin. -->","yoast_head_json":{"title":"Una delicia de tomate: La Tienta Celebra el \u00e9xito del Dr. \u00c1ngel Mart\u00edn - Revista Rambla","robots":{"index":"index","follow":"follow","max-snippet":"max-snippet:-1","max-image-preview":"max-image-preview:large","max-video-preview":"max-video-preview:-1"},"canonical":"https:\/\/www.revistarambla.com\/en\/una-delicia-de-tomate-la-tienta-celebra-el-exito-del-dr-angel-martin\/","og_locale":"en_GB","og_type":"article","og_title":"Una delicia de tomate: La Tienta Celebra el \u00e9xito del Dr. \u00c1ngel Mart\u00edn - Revista Rambla","og_description":"El d\u00eda de hoy vamos a conocer c\u00f3mo ocurri\u00f3 la reciente victoria que obtuvo el Dr. \u00c1ngel Mart\u00edn, fundador de la cl\u00ednica Menorca, en el Concurso de Tomates celebrado este fin de semana en las Rozas, municipio de la Comunidad de Madrid. Y esta victoria es la demostraci\u00f3n del amor [&hellip;]","og_url":"https:\/\/www.revistarambla.com\/en\/una-delicia-de-tomate-la-tienta-celebra-el-exito-del-dr-angel-martin\/","og_site_name":"Revista Rambla","article_publisher":"https:\/\/www.facebook.com\/revistarambla\/","article_author":"https:\/\/www.facebook.com\/revistarambla","article_published_time":"2025-03-26T17:47:39+00:00","og_image":[{"width":1536,"height":1152,"url":"https:\/\/www.revistarambla.com\/wp-content\/uploads\/2025\/03\/phpNDbmop67e3d809aaa1e.jpg","type":"image\/jpeg"}],"author":"R@mbla","twitter_card":"summary_large_image","twitter_creator":"@revistarambla","twitter_site":"@revistarambla","twitter_misc":{"Written by":"R@mbla","Estimated reading time":"4 minutes"},"schema":{"@context":"https:\/\/schema.org","@graph":[{"@type":"Article","@id":"https:\/\/www.revistarambla.com\/una-delicia-de-tomate-la-tienta-celebra-el-exito-del-dr-angel-martin\/#article","isPartOf":{"@id":"https:\/\/www.revistarambla.com\/una-delicia-de-tomate-la-tienta-celebra-el-exito-del-dr-angel-martin\/"},"author":{"name":"R@mbla","@id":"https:\/\/www.revistarambla.com\/#\/schema\/person\/a146a5a2550b94981a75131180e1bd9c"},"headline":"Una delicia de tomate: La Tienta Celebra el \u00e9xito del Dr. \u00c1ngel Mart\u00edn","datePublished":"2025-03-26T17:47:39+00:00","mainEntityOfPage":{"@id":"https:\/\/www.revistarambla.com\/una-delicia-de-tomate-la-tienta-celebra-el-exito-del-dr-angel-martin\/"},"wordCount":845,"publisher":{"@id":"https:\/\/www.revistarambla.com\/#organization"},"image":{"@id":"https:\/\/www.revistarambla.com\/una-delicia-de-tomate-la-tienta-celebra-el-exito-del-dr-angel-martin\/#primaryimage"},"thumbnailUrl":"https:\/\/www.revistarambla.com\/wp-content\/uploads\/2025\/03\/phpNDbmop67e3d809aaa1e.jpg","articleSection":["Otras Noticias"],"inLanguage":"en-GB"},{"@type":"WebPage","@id":"https:\/\/www.revistarambla.com\/una-delicia-de-tomate-la-tienta-celebra-el-exito-del-dr-angel-martin\/","url":"https:\/\/www.revistarambla.com\/una-delicia-de-tomate-la-tienta-celebra-el-exito-del-dr-angel-martin\/","name":"Una delicia de tomate: La Tienta Celebra el \u00e9xito del Dr. \u00c1ngel Mart\u00edn - Revista Rambla","isPartOf":{"@id":"https:\/\/www.revistarambla.com\/#website"},"primaryImageOfPage":{"@id":"https:\/\/www.revistarambla.com\/una-delicia-de-tomate-la-tienta-celebra-el-exito-del-dr-angel-martin\/#primaryimage"},"image":{"@id":"https:\/\/www.revistarambla.com\/una-delicia-de-tomate-la-tienta-celebra-el-exito-del-dr-angel-martin\/#primaryimage"},"thumbnailUrl":"https:\/\/www.revistarambla.com\/wp-content\/uploads\/2025\/03\/phpNDbmop67e3d809aaa1e.jpg","datePublished":"2025-03-26T17:47:39+00:00","breadcrumb":{"@id":"https:\/\/www.revistarambla.com\/una-delicia-de-tomate-la-tienta-celebra-el-exito-del-dr-angel-martin\/#breadcrumb"},"inLanguage":"en-GB","potentialAction":[{"@type":"ReadAction","target":["https:\/\/www.revistarambla.com\/una-delicia-de-tomate-la-tienta-celebra-el-exito-del-dr-angel-martin\/"]}]},{"@type":"ImageObject","inLanguage":"en-GB","@id":"https:\/\/www.revistarambla.com\/una-delicia-de-tomate-la-tienta-celebra-el-exito-del-dr-angel-martin\/#primaryimage","url":"https:\/\/www.revistarambla.com\/wp-content\/uploads\/2025\/03\/phpNDbmop67e3d809aaa1e.jpg","contentUrl":"https:\/\/www.revistarambla.com\/wp-content\/uploads\/2025\/03\/phpNDbmop67e3d809aaa1e.jpg","width":1536,"height":1152,"caption":"La Tienta"},{"@type":"BreadcrumbList","@id":"https:\/\/www.revistarambla.com\/una-delicia-de-tomate-la-tienta-celebra-el-exito-del-dr-angel-martin\/#breadcrumb","itemListElement":[{"@type":"ListItem","position":1,"name":"Portada","item":"https:\/\/www.revistarambla.com\/"},{"@type":"ListItem","position":2,"name":"Una delicia de tomate: La Tienta Celebra el \u00e9xito del Dr. \u00c1ngel Mart\u00edn"}]},{"@type":"WebSite","@id":"https:\/\/www.revistarambla.com\/#website","url":"https:\/\/www.revistarambla.com\/","name":"Revista Rambla Barcelona","description":"Periodismo independiente","publisher":{"@id":"https:\/\/www.revistarambla.com\/#organization"},"potentialAction":[{"@type":"SearchAction","target":{"@type":"EntryPoint","urlTemplate":"https:\/\/www.revistarambla.com\/?s={search_term_string}"},"query-input":{"@type":"PropertyValueSpecification","valueRequired":true,"valueName":"search_term_string"}}],"inLanguage":"en-GB"},{"@type":"Organization","@id":"https:\/\/www.revistarambla.com\/#organization","name":"Revista Rambla","url":"https:\/\/www.revistarambla.com\/","logo":{"@type":"ImageObject","inLanguage":"en-GB","@id":"https:\/\/www.revistarambla.com\/#\/schema\/logo\/image\/","url":"https:\/\/www.revistarambla.com\/wp-content\/uploads\/2020\/09\/banner_rambla_1900x600_BB.png","contentUrl":"https:\/\/www.revistarambla.com\/wp-content\/uploads\/2020\/09\/banner_rambla_1900x600_BB.png","width":1900,"height":600,"caption":"Revista Rambla"},"image":{"@id":"https:\/\/www.revistarambla.com\/#\/schema\/logo\/image\/"},"sameAs":["https:\/\/www.facebook.com\/revistarambla\/","https:\/\/x.com\/revistarambla","https:\/\/www.instagram.com\/revista_rambla","https:\/\/es.linkedin.com\/company\/revista-rambla"]},{"@type":"Person","@id":"https:\/\/www.revistarambla.com\/#\/schema\/person\/a146a5a2550b94981a75131180e1bd9c","name":"R@mbla","description":"Este art\u00edculo ha sido redactado y\/o validado por el equipo de redacci\u00f3n de Revista Rambla.","sameAs":["https:\/\/www.revistarambla.com\/","https:\/\/www.facebook.com\/revistarambla","https:\/\/x.com\/revistarambla"]}]}},"_links":{"self":[{"href":"https:\/\/www.revistarambla.com\/en\/wp-json\/wp\/v2\/posts\/64726","targetHints":{"allow":["GET"]}}],"collection":[{"href":"https:\/\/www.revistarambla.com\/en\/wp-json\/wp\/v2\/posts"}],"about":[{"href":"https:\/\/www.revistarambla.com\/en\/wp-json\/wp\/v2\/types\/post"}],"author":[{"embeddable":true,"href":"https:\/\/www.revistarambla.com\/en\/wp-json\/wp\/v2\/users\/3"}],"replies":[{"embeddable":true,"href":"https:\/\/www.revistarambla.com\/en\/wp-json\/wp\/v2\/comments?post=64726"}],"version-history":[{"count":1,"href":"https:\/\/www.revistarambla.com\/en\/wp-json\/wp\/v2\/posts\/64726\/revisions"}],"predecessor-version":[{"id":64728,"href":"https:\/\/www.revistarambla.com\/en\/wp-json\/wp\/v2\/posts\/64726\/revisions\/64728"}],"wp:featuredmedia":[{"embeddable":true,"href":"https:\/\/www.revistarambla.com\/en\/wp-json\/wp\/v2\/media\/64727"}],"wp:attachment":[{"href":"https:\/\/www.revistarambla.com\/en\/wp-json\/wp\/v2\/media?parent=64726"}],"wp:term":[{"taxonomy":"category","embeddable":true,"href":"https:\/\/www.revistarambla.com\/en\/wp-json\/wp\/v2\/categories?post=64726"},{"taxonomy":"post_tag","embeddable":true,"href":"https:\/\/www.revistarambla.com\/en\/wp-json\/wp\/v2\/tags?post=64726"}],"curies":[{"name":"wp","href":"https:\/\/api.w.org\/{rel}","templated":true}]}}