{"id":645,"date":"2010-12-04T19:35:15","date_gmt":"2010-12-04T18:35:15","guid":{"rendered":"https:\/\/www.revistarambla.com\/barcelona-da-la-cara-por-el-sida\/"},"modified":"2021-12-10T16:57:15","modified_gmt":"2021-12-10T15:57:15","slug":"barcelona-da-la-cara-por-el-sida","status":"publish","type":"post","link":"https:\/\/www.revistarambla.com\/en\/barcelona-da-la-cara-por-el-sida\/","title":{"rendered":"Barcelona da la cara por el sida"},"content":{"rendered":"<p><img decoding=\"async\" class=\"alignright\" src=\"https:\/\/www.revistarambla.com\/wp-content\/uploads\/2010\/12\/bose3.jpg\" alt=\"alt\" width=\"403\" height=\"300\" \/><\/p>\n<p style=\"text-align: left;\">Los monumentos m\u00e1s emblem\u00e1ticos de la ciudad condal se te\u00f1\u00edan ayer noche de rojo para simbolizar la lucha de miles de personas contra el sida, una de las pandemias m\u00e1s mort\u00edferas del siglo XX. Con motivo del <strong>d\u00eda Mundial de la Lucha contra el Sida<\/strong> fueron muchos los actos organizados en Barcelona, entre ellos la primera Gala contra el Sida organizada por la Fundaci\u00f3n Lucha contra el Sida. Miguel Bos\u00e9 y Eugenia Silva ejercieron de anfitriones de esta fiesta solidaria celebrada en el hotel &#8216;W&#8217; de la ciudad.<\/p>\n<p style=\"text-align: left;\"><strong>Pol\u00edticos<\/strong><strong>, artistas y empresarios se dieron cita en Barcelona para apoyar la campa\u00f1a. <\/strong>El mundo de la pol\u00edtica estuvo representado por el alcalde de Barcelona, Joan Hereu, y por la Ministra de Ciencia e Innovaci\u00f3n, Cristina Garmendia. Del mismo modo muchos\u00a0<strong>rostros famosos del espect\u00e1culo, la moda o el deporte<\/strong>\u00a0se sumaban a esta iniciativa solidaria. Carolina Herrera, Andr\u00e9s Velencoso, Nacho Duato, Eugenia Mart\u00ednez de Irujo, Borja Thyssen, Blanca Cuesta, Boris Izaguirre, Vicky Mart\u00edn Berrocal, Carles Puyol, Malena Costa, David Delf\u00edn, Bimba Bos\u00e9, Ver\u00f3nica Blume, Ana de Armas, Rossi de Palma, Bibiana Fern\u00e1ndez, Loles Le\u00f3n, Alaska, Mario Vaquerizo, Elena Benarroch, Ana Torroja, Mala Rodr\u00edguez, Emilio S\u00e1nchez Vicario, Hugo Silva, Miguel Angel Silvestre o Santi Mill\u00e1n son s\u00f3lo algunos de los nombres de los <strong>m\u00e1s de 600 invitados<\/strong>\u00a0que apoyaron el acto central de la campa\u00f1a de concienciaci\u00f3n y captaci\u00f3n de fondos \u00abBarcelona da la cara por el Sida\u00bb.<\/p>\n<p style=\"text-align: left;\">La Fundaci\u00f3n Lucha contra el Sida es una entidad sin \u00e1nimo de lucro dedicada a la asistencia, la investigaci\u00f3n y la docencia en el campo del VIH y del sida. Integrada por profesionales de diversas disciplinas sanitarias, se cre\u00f3 a partir de la Unidad VIH del Hospital Universitario Germans Trias i Pujol (Can Ruti) en 1992, convirti\u00e9ndose en la primera fundaci\u00f3n del Estado en integrar asistencia m\u00e9dica, enfermer\u00eda, psicolog\u00eda, diet\u00e9tica y social para atender a los pacientes VIH positivos. Desde entonces, y bajo la direcci\u00f3n del <a href=\"https:\/\/es.wikipedia.org\/wiki\/Bonaventura_Clotet\">Dr. Bonaventura Clotet<\/a>, uno de los cient\u00edficos de nuestro pa\u00eds con mayor proyecci\u00f3n internacional y que, claro est\u00e1, tampoco falt\u00f3 a la Gala de anoche,\u00a0 ha colaborado en la asistencia a miles de enfermos de sida y ha dirigido las principales investigaciones sobre VIH. La finalidad de esta gala solidaria era reunir \u00a0fondos para financiar los proyectos de investigaci\u00f3n, un objetivo que se ha visto cumplido al recaudarse cerca de <strong>390.000 euros durante la noche de ayer.<\/strong><\/p>","protected":false},"excerpt":{"rendered":"<p>Los monumentos m\u00e1s emblem\u00e1ticos de la ciudad condal se te\u00f1\u00edan ayer noche de rojo para simbolizar la lucha de miles de personas contra el sida, una de las pandemias m\u00e1s mort\u00edferas del siglo XX. Con motivo del d\u00eda Mundial de la Lucha contra el Sida fueron muchos los actos organizados [&hellip;]<\/p>\n","protected":false},"author":53,"featured_media":0,"comment_status":"open","ping_status":"open","sticky":false,"template":"","format":"standard","meta":{"footnotes":""},"categories":[3,76],"tags":[],"class_list":["post-645","post","type-post","status-publish","format-standard","hentry","category-actualidad","category-barcelona"],"yoast_head":"<!-- This site is optimized with the Yoast SEO plugin v27.5 - https:\/\/yoast.com\/product\/yoast-seo-wordpress\/ -->\n<title>Barcelona da la cara por el sida - Revista Rambla (Art\u00edculos)<\/title>\n<meta name=\"description\" content=\"Los monumentos m\u00e1s emblem\u00e1ticos de la ciudad condal se te\u00f1\u00edan ayer noche de rojo para simbolizar la lucha de miles de personas contra el sida, una de las...\" \/>\n<meta name=\"robots\" content=\"index, follow, max-snippet:-1, max-image-preview:large, max-video-preview:-1\" \/>\n<link rel=\"canonical\" href=\"https:\/\/www.revistarambla.com\/en\/barcelona-da-la-cara-por-el-sida\/\" \/>\n<meta property=\"og:locale\" content=\"en_GB\" \/>\n<meta property=\"og:type\" content=\"article\" \/>\n<meta property=\"og:title\" content=\"Barcelona da la cara por el sida - Revista Rambla (Art\u00edculos)\" \/>\n<meta property=\"og:description\" content=\"Los monumentos m\u00e1s emblem\u00e1ticos de la ciudad condal se te\u00f1\u00edan ayer noche de rojo para simbolizar la lucha de miles de personas contra el sida, una de las...\" \/>\n<meta property=\"og:url\" content=\"https:\/\/www.revistarambla.com\/en\/barcelona-da-la-cara-por-el-sida\/\" \/>\n<meta property=\"og:site_name\" content=\"Revista Rambla\" \/>\n<meta property=\"article:publisher\" content=\"https:\/\/www.facebook.com\/revistarambla\/\" \/>\n<meta property=\"article:published_time\" content=\"2010-12-04T18:35:15+00:00\" \/>\n<meta property=\"article:modified_time\" content=\"2021-12-10T15:57:15+00:00\" \/>\n<meta property=\"og:image\" content=\"https:\/\/www.revistarambla.com\/wp-content\/uploads\/2010\/12\/bose2.jpg\" \/>\n\t<meta property=\"og:image:width\" content=\"250\" \/>\n\t<meta property=\"og:image:height\" content=\"171\" \/>\n\t<meta property=\"og:image:type\" content=\"image\/jpeg\" \/>\n<meta name=\"author\" content=\"Estefan\u00eda P\u00e9rez\" \/>\n<meta name=\"twitter:card\" content=\"summary_large_image\" \/>\n<meta name=\"twitter:creator\" content=\"@revistarambla\" \/>\n<meta name=\"twitter:site\" content=\"@revistarambla\" \/>\n<meta name=\"twitter:label1\" content=\"Written by\" \/>\n\t<meta name=\"twitter:data1\" content=\"Estefan\u00eda P\u00e9rez\" \/>\n\t<meta name=\"twitter:label2\" content=\"Estimated reading time\" \/>\n\t<meta name=\"twitter:data2\" content=\"2 minutes\" \/>\n<script type=\"application\/ld+json\" class=\"yoast-schema-graph\">{\"@context\":\"https:\\\/\\\/schema.org\",\"@graph\":[{\"@type\":\"Article\",\"@id\":\"https:\\\/\\\/www.revistarambla.com\\\/barcelona-da-la-cara-por-el-sida\\\/#article\",\"isPartOf\":{\"@id\":\"https:\\\/\\\/www.revistarambla.com\\\/barcelona-da-la-cara-por-el-sida\\\/\"},\"author\":{\"name\":\"Estefan\u00eda P\u00e9rez\",\"@id\":\"https:\\\/\\\/www.revistarambla.com\\\/#\\\/schema\\\/person\\\/9cc1c0f5495c4a6fd189ddd5ba5c5ac5\"},\"headline\":\"Barcelona da la cara por el sida\",\"datePublished\":\"2010-12-04T18:35:15+00:00\",\"dateModified\":\"2021-12-10T15:57:15+00:00\",\"mainEntityOfPage\":{\"@id\":\"https:\\\/\\\/www.revistarambla.com\\\/barcelona-da-la-cara-por-el-sida\\\/\"},\"wordCount\":443,\"commentCount\":0,\"publisher\":{\"@id\":\"https:\\\/\\\/www.revistarambla.com\\\/#organization\"},\"image\":{\"@id\":\"https:\\\/\\\/www.revistarambla.com\\\/barcelona-da-la-cara-por-el-sida\\\/#primaryimage\"},\"thumbnailUrl\":\"https:\\\/\\\/www.revistarambla.com\\\/wp-content\\\/uploads\\\/2010\\\/12\\\/bose3.jpg\",\"articleSection\":[\"Actualidad\",\"Barcelona\"],\"inLanguage\":\"en-GB\",\"potentialAction\":[{\"@type\":\"CommentAction\",\"name\":\"Comment\",\"target\":[\"https:\\\/\\\/www.revistarambla.com\\\/barcelona-da-la-cara-por-el-sida\\\/#respond\"]}]},{\"@type\":\"WebPage\",\"@id\":\"https:\\\/\\\/www.revistarambla.com\\\/barcelona-da-la-cara-por-el-sida\\\/\",\"url\":\"https:\\\/\\\/www.revistarambla.com\\\/barcelona-da-la-cara-por-el-sida\\\/\",\"name\":\"Barcelona da la cara por el sida - Revista Rambla (Art\u00edculos)\",\"isPartOf\":{\"@id\":\"https:\\\/\\\/www.revistarambla.com\\\/#website\"},\"primaryImageOfPage\":{\"@id\":\"https:\\\/\\\/www.revistarambla.com\\\/barcelona-da-la-cara-por-el-sida\\\/#primaryimage\"},\"image\":{\"@id\":\"https:\\\/\\\/www.revistarambla.com\\\/barcelona-da-la-cara-por-el-sida\\\/#primaryimage\"},\"thumbnailUrl\":\"https:\\\/\\\/www.revistarambla.com\\\/wp-content\\\/uploads\\\/2010\\\/12\\\/bose3.jpg\",\"datePublished\":\"2010-12-04T18:35:15+00:00\",\"dateModified\":\"2021-12-10T15:57:15+00:00\",\"description\":\"Los monumentos m\u00e1s emblem\u00e1ticos de la ciudad condal se te\u00f1\u00edan ayer noche de rojo para simbolizar la lucha de miles de personas contra el sida, una de las...\",\"breadcrumb\":{\"@id\":\"https:\\\/\\\/www.revistarambla.com\\\/barcelona-da-la-cara-por-el-sida\\\/#breadcrumb\"},\"inLanguage\":\"en-GB\",\"potentialAction\":[{\"@type\":\"ReadAction\",\"target\":[\"https:\\\/\\\/www.revistarambla.com\\\/barcelona-da-la-cara-por-el-sida\\\/\"]}]},{\"@type\":\"ImageObject\",\"inLanguage\":\"en-GB\",\"@id\":\"https:\\\/\\\/www.revistarambla.com\\\/barcelona-da-la-cara-por-el-sida\\\/#primaryimage\",\"url\":\"https:\\\/\\\/www.revistarambla.com\\\/wp-content\\\/uploads\\\/2010\\\/12\\\/bose3.jpg\",\"contentUrl\":\"https:\\\/\\\/www.revistarambla.com\\\/wp-content\\\/uploads\\\/2010\\\/12\\\/bose3.jpg\"},{\"@type\":\"BreadcrumbList\",\"@id\":\"https:\\\/\\\/www.revistarambla.com\\\/barcelona-da-la-cara-por-el-sida\\\/#breadcrumb\",\"itemListElement\":[{\"@type\":\"ListItem\",\"position\":1,\"name\":\"Portada\",\"item\":\"https:\\\/\\\/www.revistarambla.com\\\/\"},{\"@type\":\"ListItem\",\"position\":2,\"name\":\"Barcelona da la cara por el sida\"}]},{\"@type\":\"WebSite\",\"@id\":\"https:\\\/\\\/www.revistarambla.com\\\/#website\",\"url\":\"https:\\\/\\\/www.revistarambla.com\\\/\",\"name\":\"Revista Rambla Barcelona\",\"description\":\"Periodismo independiente\",\"publisher\":{\"@id\":\"https:\\\/\\\/www.revistarambla.com\\\/#organization\"},\"potentialAction\":[{\"@type\":\"SearchAction\",\"target\":{\"@type\":\"EntryPoint\",\"urlTemplate\":\"https:\\\/\\\/www.revistarambla.com\\\/?s={search_term_string}\"},\"query-input\":{\"@type\":\"PropertyValueSpecification\",\"valueRequired\":true,\"valueName\":\"search_term_string\"}}],\"inLanguage\":\"en-GB\"},{\"@type\":\"Organization\",\"@id\":\"https:\\\/\\\/www.revistarambla.com\\\/#organization\",\"name\":\"Revista Rambla\",\"url\":\"https:\\\/\\\/www.revistarambla.com\\\/\",\"logo\":{\"@type\":\"ImageObject\",\"inLanguage\":\"en-GB\",\"@id\":\"https:\\\/\\\/www.revistarambla.com\\\/#\\\/schema\\\/logo\\\/image\\\/\",\"url\":\"https:\\\/\\\/www.revistarambla.com\\\/wp-content\\\/uploads\\\/2020\\\/09\\\/banner_rambla_1900x600_BB.png\",\"contentUrl\":\"https:\\\/\\\/www.revistarambla.com\\\/wp-content\\\/uploads\\\/2020\\\/09\\\/banner_rambla_1900x600_BB.png\",\"width\":1900,\"height\":600,\"caption\":\"Revista Rambla\"},\"image\":{\"@id\":\"https:\\\/\\\/www.revistarambla.com\\\/#\\\/schema\\\/logo\\\/image\\\/\"},\"sameAs\":[\"https:\\\/\\\/www.facebook.com\\\/revistarambla\\\/\",\"https:\\\/\\\/x.com\\\/revistarambla\",\"https:\\\/\\\/www.instagram.com\\\/revista_rambla\",\"https:\\\/\\\/es.linkedin.com\\\/company\\\/revista-rambla\"]},{\"@type\":\"Person\",\"@id\":\"https:\\\/\\\/www.revistarambla.com\\\/#\\\/schema\\\/person\\\/9cc1c0f5495c4a6fd189ddd5ba5c5ac5\",\"name\":\"Estefan\u00eda P\u00e9rez\",\"description\":\"_\"}]}<\/script>\n<!-- \/ Yoast SEO plugin. -->","yoast_head_json":{"title":"Barcelona da la cara por el sida - Revista Rambla (Art\u00edculos)","description":"Los monumentos m\u00e1s emblem\u00e1ticos de la ciudad condal se te\u00f1\u00edan ayer noche de rojo para simbolizar la lucha de miles de personas contra el sida, una de las...","robots":{"index":"index","follow":"follow","max-snippet":"max-snippet:-1","max-image-preview":"max-image-preview:large","max-video-preview":"max-video-preview:-1"},"canonical":"https:\/\/www.revistarambla.com\/en\/barcelona-da-la-cara-por-el-sida\/","og_locale":"en_GB","og_type":"article","og_title":"Barcelona da la cara por el sida - Revista Rambla (Art\u00edculos)","og_description":"Los monumentos m\u00e1s emblem\u00e1ticos de la ciudad condal se te\u00f1\u00edan ayer noche de rojo para simbolizar la lucha de miles de personas contra el sida, una de las...","og_url":"https:\/\/www.revistarambla.com\/en\/barcelona-da-la-cara-por-el-sida\/","og_site_name":"Revista Rambla","article_publisher":"https:\/\/www.facebook.com\/revistarambla\/","article_published_time":"2010-12-04T18:35:15+00:00","article_modified_time":"2021-12-10T15:57:15+00:00","og_image":[{"width":250,"height":171,"url":"https:\/\/www.revistarambla.com\/wp-content\/uploads\/2010\/12\/bose2.jpg","type":"image\/jpeg"}],"author":"Estefan\u00eda P\u00e9rez","twitter_card":"summary_large_image","twitter_creator":"@revistarambla","twitter_site":"@revistarambla","twitter_misc":{"Written by":"Estefan\u00eda P\u00e9rez","Estimated reading time":"2 minutes"},"schema":{"@context":"https:\/\/schema.org","@graph":[{"@type":"Article","@id":"https:\/\/www.revistarambla.com\/barcelona-da-la-cara-por-el-sida\/#article","isPartOf":{"@id":"https:\/\/www.revistarambla.com\/barcelona-da-la-cara-por-el-sida\/"},"author":{"name":"Estefan\u00eda P\u00e9rez","@id":"https:\/\/www.revistarambla.com\/#\/schema\/person\/9cc1c0f5495c4a6fd189ddd5ba5c5ac5"},"headline":"Barcelona da la cara por el sida","datePublished":"2010-12-04T18:35:15+00:00","dateModified":"2021-12-10T15:57:15+00:00","mainEntityOfPage":{"@id":"https:\/\/www.revistarambla.com\/barcelona-da-la-cara-por-el-sida\/"},"wordCount":443,"commentCount":0,"publisher":{"@id":"https:\/\/www.revistarambla.com\/#organization"},"image":{"@id":"https:\/\/www.revistarambla.com\/barcelona-da-la-cara-por-el-sida\/#primaryimage"},"thumbnailUrl":"https:\/\/www.revistarambla.com\/wp-content\/uploads\/2010\/12\/bose3.jpg","articleSection":["Actualidad","Barcelona"],"inLanguage":"en-GB","potentialAction":[{"@type":"CommentAction","name":"Comment","target":["https:\/\/www.revistarambla.com\/barcelona-da-la-cara-por-el-sida\/#respond"]}]},{"@type":"WebPage","@id":"https:\/\/www.revistarambla.com\/barcelona-da-la-cara-por-el-sida\/","url":"https:\/\/www.revistarambla.com\/barcelona-da-la-cara-por-el-sida\/","name":"Barcelona da la cara por el sida - Revista Rambla (Art\u00edculos)","isPartOf":{"@id":"https:\/\/www.revistarambla.com\/#website"},"primaryImageOfPage":{"@id":"https:\/\/www.revistarambla.com\/barcelona-da-la-cara-por-el-sida\/#primaryimage"},"image":{"@id":"https:\/\/www.revistarambla.com\/barcelona-da-la-cara-por-el-sida\/#primaryimage"},"thumbnailUrl":"https:\/\/www.revistarambla.com\/wp-content\/uploads\/2010\/12\/bose3.jpg","datePublished":"2010-12-04T18:35:15+00:00","dateModified":"2021-12-10T15:57:15+00:00","description":"Los monumentos m\u00e1s emblem\u00e1ticos de la ciudad condal se te\u00f1\u00edan ayer noche de rojo para simbolizar la lucha de miles de personas contra el sida, una de las...","breadcrumb":{"@id":"https:\/\/www.revistarambla.com\/barcelona-da-la-cara-por-el-sida\/#breadcrumb"},"inLanguage":"en-GB","potentialAction":[{"@type":"ReadAction","target":["https:\/\/www.revistarambla.com\/barcelona-da-la-cara-por-el-sida\/"]}]},{"@type":"ImageObject","inLanguage":"en-GB","@id":"https:\/\/www.revistarambla.com\/barcelona-da-la-cara-por-el-sida\/#primaryimage","url":"https:\/\/www.revistarambla.com\/wp-content\/uploads\/2010\/12\/bose3.jpg","contentUrl":"https:\/\/www.revistarambla.com\/wp-content\/uploads\/2010\/12\/bose3.jpg"},{"@type":"BreadcrumbList","@id":"https:\/\/www.revistarambla.com\/barcelona-da-la-cara-por-el-sida\/#breadcrumb","itemListElement":[{"@type":"ListItem","position":1,"name":"Portada","item":"https:\/\/www.revistarambla.com\/"},{"@type":"ListItem","position":2,"name":"Barcelona da la cara por el sida"}]},{"@type":"WebSite","@id":"https:\/\/www.revistarambla.com\/#website","url":"https:\/\/www.revistarambla.com\/","name":"Revista Rambla Barcelona","description":"Periodismo independiente","publisher":{"@id":"https:\/\/www.revistarambla.com\/#organization"},"potentialAction":[{"@type":"SearchAction","target":{"@type":"EntryPoint","urlTemplate":"https:\/\/www.revistarambla.com\/?s={search_term_string}"},"query-input":{"@type":"PropertyValueSpecification","valueRequired":true,"valueName":"search_term_string"}}],"inLanguage":"en-GB"},{"@type":"Organization","@id":"https:\/\/www.revistarambla.com\/#organization","name":"Revista Rambla","url":"https:\/\/www.revistarambla.com\/","logo":{"@type":"ImageObject","inLanguage":"en-GB","@id":"https:\/\/www.revistarambla.com\/#\/schema\/logo\/image\/","url":"https:\/\/www.revistarambla.com\/wp-content\/uploads\/2020\/09\/banner_rambla_1900x600_BB.png","contentUrl":"https:\/\/www.revistarambla.com\/wp-content\/uploads\/2020\/09\/banner_rambla_1900x600_BB.png","width":1900,"height":600,"caption":"Revista Rambla"},"image":{"@id":"https:\/\/www.revistarambla.com\/#\/schema\/logo\/image\/"},"sameAs":["https:\/\/www.facebook.com\/revistarambla\/","https:\/\/x.com\/revistarambla","https:\/\/www.instagram.com\/revista_rambla","https:\/\/es.linkedin.com\/company\/revista-rambla"]},{"@type":"Person","@id":"https:\/\/www.revistarambla.com\/#\/schema\/person\/9cc1c0f5495c4a6fd189ddd5ba5c5ac5","name":"Estefan\u00eda P\u00e9rez","description":"_"}]}},"_links":{"self":[{"href":"https:\/\/www.revistarambla.com\/en\/wp-json\/wp\/v2\/posts\/645","targetHints":{"allow":["GET"]}}],"collection":[{"href":"https:\/\/www.revistarambla.com\/en\/wp-json\/wp\/v2\/posts"}],"about":[{"href":"https:\/\/www.revistarambla.com\/en\/wp-json\/wp\/v2\/types\/post"}],"author":[{"embeddable":true,"href":"https:\/\/www.revistarambla.com\/en\/wp-json\/wp\/v2\/users\/53"}],"replies":[{"embeddable":true,"href":"https:\/\/www.revistarambla.com\/en\/wp-json\/wp\/v2\/comments?post=645"}],"version-history":[{"count":0,"href":"https:\/\/www.revistarambla.com\/en\/wp-json\/wp\/v2\/posts\/645\/revisions"}],"wp:attachment":[{"href":"https:\/\/www.revistarambla.com\/en\/wp-json\/wp\/v2\/media?parent=645"}],"wp:term":[{"taxonomy":"category","embeddable":true,"href":"https:\/\/www.revistarambla.com\/en\/wp-json\/wp\/v2\/categories?post=645"},{"taxonomy":"post_tag","embeddable":true,"href":"https:\/\/www.revistarambla.com\/en\/wp-json\/wp\/v2\/tags?post=645"}],"curies":[{"name":"wp","href":"https:\/\/api.w.org\/{rel}","templated":true}]}}