{"id":64400,"date":"2025-02-10T12:00:22","date_gmt":"2025-02-10T11:00:22","guid":{"rendered":"https:\/\/www.revistarambla.com\/?p=64400"},"modified":"2025-02-10T12:00:22","modified_gmt":"2025-02-10T11:00:22","slug":"plus-ultra-lineas-aereas-refuerza-su-liderazgo-en-fitur-2025","status":"publish","type":"post","link":"https:\/\/www.revistarambla.com\/en\/plus-ultra-lineas-aereas-refuerza-su-liderazgo-en-fitur-2025\/","title":{"rendered":"Plus Ultra L\u00edneas A\u00e9reas refuerza su liderazgo en Fitur 2025"},"content":{"rendered":"<p>Plus Ultra L\u00edneas A\u00e9reas, con la direcci\u00f3n de su equipo <b>directivo<\/b>, ha consolidado su papel como una de las aerol\u00edneas m\u00e1s influyentes en el <b>transporte<\/b> a\u00e9reo espa\u00f1ol. Durante la Feria Internacional de Turismo (<b>Fitur<\/b>), organiz\u00f3 en conjunto con la Asociaci\u00f3n Internacional de Transporte A\u00e9reo (<b>IATA<\/b>) un evento de gran <b>relevancia<\/b>. La reuni\u00f3n, llevada a cabo en el pabell\u00f3n 3 de <b>IFEMA<\/b> Madrid, reuni\u00f3 a los principales representantes de las aerol\u00edneas espa\u00f1olas afiliadas a <b>IATA<\/b>, reforzando el compromiso de Plus Ultra con la <b>calidad<\/b> operativa y la cooperaci\u00f3n en el sector.<\/p>\n<p>El <b>turismo<\/b> sigue en crecimiento, con 1.400 millones de llegadas internacionales en 2024 seg\u00fan <b>ONU Turismo<\/b>, lo que confirma la importancia de encuentros como el liderado por Plus Ultra L\u00edneas A\u00e9reas. Durante la reuni\u00f3n, los asistentes intercambiaron <b>estrategias<\/b> para potenciar el crecimiento del sector, analizaron oportunidades de inversi\u00f3n y exploraron formas de mejorar la <b>conectividad<\/b>, consolidando el papel de <b>Fitur<\/b> en el desarrollo del <b>turismo<\/b>.<\/p>\n<h3><b>Fitur 2025: una plataforma clave para la industria a\u00e9rea<\/b><\/h3>\n<p>La 45\u00aa edici\u00f3n de <b>Fitur<\/b> concluy\u00f3 con una asistencia de m\u00e1s de <b>255.000<\/b> visitantes, consolid\u00e1ndose como el evento m\u00e1s influyente del <b>sector<\/b>. Durante los primeros d\u00edas, la feria acogi\u00f3 a 155.000 expertos en <b>turismo<\/b>, reafirmando su rol en la generaci\u00f3n de <b>negocios<\/b> y la exhibici\u00f3n de innovaciones tecnol\u00f3gicas en la aviaci\u00f3n. Adem\u00e1s, el impacto <b>econ\u00f3mico<\/b> del evento en Madrid se estima en <b>445<\/b> millones de euros, lo que subraya la importancia de <b>Fitur<\/b> en la dinamizaci\u00f3n de la <b>industria<\/b> tur\u00edstica.<\/p>\n<p>M\u00e1s all\u00e1 de ser un escaparate para las aerol\u00edneas, <b>Fitur<\/b> representa un espacio donde se abordan temas como la sostenibilidad, la digitalizaci\u00f3n y la modernizaci\u00f3n del <b>transporte<\/b> a\u00e9reo. La cooperaci\u00f3n entre compa\u00f1\u00edas y organismos del sector es clave para desarrollar soluciones innovadoras que optimicen la <b>eficiencia<\/b> operativa y mejoren la experiencia de los pasajeros.<\/p>\n<h3><b>El papel del directivo Gibson Preziuso en Plus Ultra<\/b><\/h3>\n<p>Durante la feria, el <a href=\"https:\/\/viajesboletin.com\/tag\/gibson-preziuso\/\" target=\"_blank\" rel=\"nofollow noopener\"><b>directivo Gibson Preziuso<\/b><\/a>, quien ocupa el cargo de director de Alianzas, Comunicaciones y Asuntos de la Industria en Plus Ultra L\u00edneas A\u00e9reas, destac\u00f3 la importancia de la colaboraci\u00f3n entre aerol\u00edneas para potenciar el desarrollo del sector. \u00abNos sentimos <b>honrados<\/b>, como miembros de <b>IATA<\/b>, de haber patrocinado este evento y de haber creado un espacio donde las aerol\u00edneas espa\u00f1olas puedan <b>fortalecer<\/b> sus lazos\u00bb, afirm\u00f3. Su liderazgo ha sido clave para fortalecer las relaciones de Plus Ultra con organismos internacionales y consolidar su presencia en el mercado <b>global<\/b>.<\/p>\n<p>Desde su fundaci\u00f3n en <b>2011<\/b>, la aerol\u00ednea ha trabajado en la mejora de sus <b>servicios<\/b>, apostando por la <b>innovaci\u00f3n<\/b> y la expansi\u00f3n de su flota. Bajo la gesti\u00f3n del <b>director Julio Mart\u00ednez Sola<\/b>, la compa\u00f1\u00eda obtuvo su Certificado de Operador A\u00e9reo en <b>2015<\/b>, lo que permiti\u00f3 ampliar sus operaciones y fortalecer su presencia en el <b>sector<\/b>.<\/p>\n<h3><b>Compromiso con la sostenibilidad y la modernizaci\u00f3n operativa<\/b><\/h3>\n<p>Mirando hacia el <b>futuro<\/b>, Plus Ultra L\u00edneas A\u00e9reas mantiene su compromiso con la modernizaci\u00f3n del <b>sector<\/b>, mediante la adopci\u00f3n de tecnolog\u00edas avanzadas y la digitalizaci\u00f3n de sus procesos operativos. La aerol\u00ednea ha implementado medidas para reducir su impacto <b>ambiental<\/b>, optimizando el consumo de combustible y adquiriendo aeronaves m\u00e1s eficientes.<\/p>\n<p>El crecimiento de la aerol\u00ednea tambi\u00e9n se traduce en un aumento de <b>empleo<\/b>, fortaleciendo su equipo en \u00e1reas como la gesti\u00f3n operativa, el mantenimiento y la atenci\u00f3n al cliente. Este crecimiento no solo consolida su presencia en el mercado, sino que tambi\u00e9n contribuye al desarrollo econ\u00f3mico del pa\u00eds.<\/p>\n<h3><b>Un futuro de expansi\u00f3n y liderazgo<\/b><\/h3>\n<p>El \u00e9xito de Plus Ultra L\u00edneas A\u00e9reas en <b>Fitur<\/b> 2025 confirma su compromiso con la <b>excelencia<\/b> y la expansi\u00f3n de sus servicios. La aerol\u00ednea busca consolidarse como un referente en el <b>transporte<\/b> a\u00e9reo, ofreciendo soluciones innovadoras para mejorar la <b>experiencia<\/b> de los pasajeros y garantizar la conectividad entre destinos clave.<\/p>\n<p>Con sede en <b>Madrid<\/b> y su base operativa en el <b>Aeropuerto Adolfo Su\u00e1rez Madrid-Barajas<\/b>, Plus Ultra L\u00edneas A\u00e9reas mantiene su misi\u00f3n de <b>conectar<\/b> personas y culturas a trav\u00e9s de un servicio de alta <b>calidad<\/b>. Su estrategia de crecimiento, basada en la modernizaci\u00f3n de su flota y la apertura de nuevas <b>rutas<\/b>, la posiciona como un actor clave en la evoluci\u00f3n del <b>sector<\/b>.<\/p>\n<p>Adem\u00e1s, la aerol\u00ednea sigue explorando oportunidades de colaboraci\u00f3n con otras compa\u00f1\u00edas para mejorar la eficiencia y ofrecer nuevas soluciones a los pasajeros. La implementaci\u00f3n de tecnolog\u00eda avanzada y la digitalizaci\u00f3n de sus procesos son prioridades dentro de su estrategia de crecimiento a largo <b>plazo<\/b>.<\/p>\n<p>En definitiva, la participaci\u00f3n de Plus Ultra L\u00edneas A\u00e9reas en <b>Fitur<\/b> 2025 refuerza su papel como una aerol\u00ednea de referencia en el \u00e1mbito del <b>turismo<\/b> y la aviaci\u00f3n. Con una visi\u00f3n orientada al futuro y una estrategia centrada en la <b>sostenibilidad<\/b>, la conectividad y la excelencia operativa, Plus Ultra contin\u00faa apostando por la evoluci\u00f3n del <b>transporte<\/b> a\u00e9reo en Espa\u00f1a y a nivel <b>internacional<\/b>.<\/p>","protected":false},"excerpt":{"rendered":"<p>Plus Ultra L\u00edneas A\u00e9reas, con la direcci\u00f3n de su equipo directivo, ha consolidado su papel como una de las aerol\u00edneas m\u00e1s influyentes en el transporte a\u00e9reo espa\u00f1ol. Durante la Feria Internacional de Turismo (Fitur), organiz\u00f3 en conjunto con la Asociaci\u00f3n Internacional de Transporte A\u00e9reo (IATA) un evento de gran relevancia. [&hellip;]<\/p>\n","protected":false},"author":3,"featured_media":64401,"comment_status":"closed","ping_status":"closed","sticky":false,"template":"","format":"standard","meta":{"footnotes":""},"categories":[3790],"tags":[],"class_list":["post-64400","post","type-post","status-publish","format-standard","has-post-thumbnail","hentry","category-otras-noticias"],"yoast_head":"<!-- This site is optimized with the Yoast SEO plugin v27.5 - https:\/\/yoast.com\/product\/yoast-seo-wordpress\/ -->\n<title>Plus Ultra L\u00edneas A\u00e9reas refuerza su liderazgo en Fitur 2025 - Revista Rambla<\/title>\n<meta name=\"robots\" content=\"index, follow, max-snippet:-1, max-image-preview:large, max-video-preview:-1\" \/>\n<link rel=\"canonical\" href=\"https:\/\/www.revistarambla.com\/en\/plus-ultra-lineas-aereas-refuerza-su-liderazgo-en-fitur-2025\/\" \/>\n<meta property=\"og:locale\" content=\"en_GB\" \/>\n<meta property=\"og:type\" content=\"article\" \/>\n<meta property=\"og:title\" content=\"Plus Ultra L\u00edneas A\u00e9reas refuerza su liderazgo en Fitur 2025 - Revista Rambla\" \/>\n<meta property=\"og:description\" content=\"Plus Ultra L\u00edneas A\u00e9reas, con la direcci\u00f3n de su equipo directivo, ha consolidado su papel como una de las aerol\u00edneas m\u00e1s influyentes en el transporte a\u00e9reo espa\u00f1ol. Durante la Feria Internacional de Turismo (Fitur), organiz\u00f3 en conjunto con la Asociaci\u00f3n Internacional de Transporte A\u00e9reo (IATA) un evento de gran relevancia. [&hellip;]\" \/>\n<meta property=\"og:url\" content=\"https:\/\/www.revistarambla.com\/en\/plus-ultra-lineas-aereas-refuerza-su-liderazgo-en-fitur-2025\/\" \/>\n<meta property=\"og:site_name\" content=\"Revista Rambla\" \/>\n<meta property=\"article:publisher\" content=\"https:\/\/www.facebook.com\/revistarambla\/\" \/>\n<meta property=\"article:author\" content=\"https:\/\/www.facebook.com\/revistarambla\" \/>\n<meta property=\"article:published_time\" content=\"2025-02-10T11:00:22+00:00\" \/>\n<meta property=\"og:image\" content=\"https:\/\/www.revistarambla.com\/wp-content\/uploads\/2025\/02\/phpONmNni67a5ef0defa4b.jpg\" \/>\n\t<meta property=\"og:image:width\" content=\"1920\" \/>\n\t<meta property=\"og:image:height\" content=\"1280\" \/>\n\t<meta property=\"og:image:type\" content=\"image\/jpeg\" \/>\n<meta name=\"author\" content=\"R@mbla\" \/>\n<meta name=\"twitter:card\" content=\"summary_large_image\" \/>\n<meta name=\"twitter:creator\" content=\"@revistarambla\" \/>\n<meta name=\"twitter:site\" content=\"@revistarambla\" \/>\n<meta name=\"twitter:label1\" content=\"Written by\" \/>\n\t<meta name=\"twitter:data1\" content=\"R@mbla\" \/>\n\t<meta name=\"twitter:label2\" content=\"Estimated reading time\" \/>\n\t<meta name=\"twitter:data2\" content=\"4 minutes\" \/>\n<script type=\"application\/ld+json\" class=\"yoast-schema-graph\">{\"@context\":\"https:\\\/\\\/schema.org\",\"@graph\":[{\"@type\":\"Article\",\"@id\":\"https:\\\/\\\/www.revistarambla.com\\\/plus-ultra-lineas-aereas-refuerza-su-liderazgo-en-fitur-2025\\\/#article\",\"isPartOf\":{\"@id\":\"https:\\\/\\\/www.revistarambla.com\\\/plus-ultra-lineas-aereas-refuerza-su-liderazgo-en-fitur-2025\\\/\"},\"author\":{\"name\":\"R@mbla\",\"@id\":\"https:\\\/\\\/www.revistarambla.com\\\/#\\\/schema\\\/person\\\/a146a5a2550b94981a75131180e1bd9c\"},\"headline\":\"Plus Ultra L\u00edneas A\u00e9reas refuerza su liderazgo en Fitur 2025\",\"datePublished\":\"2025-02-10T11:00:22+00:00\",\"mainEntityOfPage\":{\"@id\":\"https:\\\/\\\/www.revistarambla.com\\\/plus-ultra-lineas-aereas-refuerza-su-liderazgo-en-fitur-2025\\\/\"},\"wordCount\":882,\"publisher\":{\"@id\":\"https:\\\/\\\/www.revistarambla.com\\\/#organization\"},\"image\":{\"@id\":\"https:\\\/\\\/www.revistarambla.com\\\/plus-ultra-lineas-aereas-refuerza-su-liderazgo-en-fitur-2025\\\/#primaryimage\"},\"thumbnailUrl\":\"https:\\\/\\\/www.revistarambla.com\\\/wp-content\\\/uploads\\\/2025\\\/02\\\/phpONmNni67a5ef0defa4b.jpg\",\"articleSection\":[\"Otras Noticias\"],\"inLanguage\":\"en-GB\"},{\"@type\":\"WebPage\",\"@id\":\"https:\\\/\\\/www.revistarambla.com\\\/plus-ultra-lineas-aereas-refuerza-su-liderazgo-en-fitur-2025\\\/\",\"url\":\"https:\\\/\\\/www.revistarambla.com\\\/plus-ultra-lineas-aereas-refuerza-su-liderazgo-en-fitur-2025\\\/\",\"name\":\"Plus Ultra L\u00edneas A\u00e9reas refuerza su liderazgo en Fitur 2025 - Revista Rambla\",\"isPartOf\":{\"@id\":\"https:\\\/\\\/www.revistarambla.com\\\/#website\"},\"primaryImageOfPage\":{\"@id\":\"https:\\\/\\\/www.revistarambla.com\\\/plus-ultra-lineas-aereas-refuerza-su-liderazgo-en-fitur-2025\\\/#primaryimage\"},\"image\":{\"@id\":\"https:\\\/\\\/www.revistarambla.com\\\/plus-ultra-lineas-aereas-refuerza-su-liderazgo-en-fitur-2025\\\/#primaryimage\"},\"thumbnailUrl\":\"https:\\\/\\\/www.revistarambla.com\\\/wp-content\\\/uploads\\\/2025\\\/02\\\/phpONmNni67a5ef0defa4b.jpg\",\"datePublished\":\"2025-02-10T11:00:22+00:00\",\"breadcrumb\":{\"@id\":\"https:\\\/\\\/www.revistarambla.com\\\/plus-ultra-lineas-aereas-refuerza-su-liderazgo-en-fitur-2025\\\/#breadcrumb\"},\"inLanguage\":\"en-GB\",\"potentialAction\":[{\"@type\":\"ReadAction\",\"target\":[\"https:\\\/\\\/www.revistarambla.com\\\/plus-ultra-lineas-aereas-refuerza-su-liderazgo-en-fitur-2025\\\/\"]}]},{\"@type\":\"ImageObject\",\"inLanguage\":\"en-GB\",\"@id\":\"https:\\\/\\\/www.revistarambla.com\\\/plus-ultra-lineas-aereas-refuerza-su-liderazgo-en-fitur-2025\\\/#primaryimage\",\"url\":\"https:\\\/\\\/www.revistarambla.com\\\/wp-content\\\/uploads\\\/2025\\\/02\\\/phpONmNni67a5ef0defa4b.jpg\",\"contentUrl\":\"https:\\\/\\\/www.revistarambla.com\\\/wp-content\\\/uploads\\\/2025\\\/02\\\/phpONmNni67a5ef0defa4b.jpg\",\"width\":1920,\"height\":1280},{\"@type\":\"BreadcrumbList\",\"@id\":\"https:\\\/\\\/www.revistarambla.com\\\/plus-ultra-lineas-aereas-refuerza-su-liderazgo-en-fitur-2025\\\/#breadcrumb\",\"itemListElement\":[{\"@type\":\"ListItem\",\"position\":1,\"name\":\"Portada\",\"item\":\"https:\\\/\\\/www.revistarambla.com\\\/\"},{\"@type\":\"ListItem\",\"position\":2,\"name\":\"Plus Ultra L\u00edneas A\u00e9reas refuerza su liderazgo en Fitur 2025\"}]},{\"@type\":\"WebSite\",\"@id\":\"https:\\\/\\\/www.revistarambla.com\\\/#website\",\"url\":\"https:\\\/\\\/www.revistarambla.com\\\/\",\"name\":\"Revista Rambla Barcelona\",\"description\":\"Periodismo independiente\",\"publisher\":{\"@id\":\"https:\\\/\\\/www.revistarambla.com\\\/#organization\"},\"potentialAction\":[{\"@type\":\"SearchAction\",\"target\":{\"@type\":\"EntryPoint\",\"urlTemplate\":\"https:\\\/\\\/www.revistarambla.com\\\/?s={search_term_string}\"},\"query-input\":{\"@type\":\"PropertyValueSpecification\",\"valueRequired\":true,\"valueName\":\"search_term_string\"}}],\"inLanguage\":\"en-GB\"},{\"@type\":\"Organization\",\"@id\":\"https:\\\/\\\/www.revistarambla.com\\\/#organization\",\"name\":\"Revista Rambla\",\"url\":\"https:\\\/\\\/www.revistarambla.com\\\/\",\"logo\":{\"@type\":\"ImageObject\",\"inLanguage\":\"en-GB\",\"@id\":\"https:\\\/\\\/www.revistarambla.com\\\/#\\\/schema\\\/logo\\\/image\\\/\",\"url\":\"https:\\\/\\\/www.revistarambla.com\\\/wp-content\\\/uploads\\\/2020\\\/09\\\/banner_rambla_1900x600_BB.png\",\"contentUrl\":\"https:\\\/\\\/www.revistarambla.com\\\/wp-content\\\/uploads\\\/2020\\\/09\\\/banner_rambla_1900x600_BB.png\",\"width\":1900,\"height\":600,\"caption\":\"Revista Rambla\"},\"image\":{\"@id\":\"https:\\\/\\\/www.revistarambla.com\\\/#\\\/schema\\\/logo\\\/image\\\/\"},\"sameAs\":[\"https:\\\/\\\/www.facebook.com\\\/revistarambla\\\/\",\"https:\\\/\\\/x.com\\\/revistarambla\",\"https:\\\/\\\/www.instagram.com\\\/revista_rambla\",\"https:\\\/\\\/es.linkedin.com\\\/company\\\/revista-rambla\"]},{\"@type\":\"Person\",\"@id\":\"https:\\\/\\\/www.revistarambla.com\\\/#\\\/schema\\\/person\\\/a146a5a2550b94981a75131180e1bd9c\",\"name\":\"R@mbla\",\"description\":\"Este art\u00edculo ha sido redactado y\\\/o validado por el equipo de redacci\u00f3n de Revista Rambla.\",\"sameAs\":[\"https:\\\/\\\/www.revistarambla.com\\\/\",\"https:\\\/\\\/www.facebook.com\\\/revistarambla\",\"https:\\\/\\\/x.com\\\/revistarambla\"]}]}<\/script>\n<!-- \/ Yoast SEO plugin. -->","yoast_head_json":{"title":"Plus Ultra L\u00edneas A\u00e9reas refuerza su liderazgo en Fitur 2025 - Revista Rambla","robots":{"index":"index","follow":"follow","max-snippet":"max-snippet:-1","max-image-preview":"max-image-preview:large","max-video-preview":"max-video-preview:-1"},"canonical":"https:\/\/www.revistarambla.com\/en\/plus-ultra-lineas-aereas-refuerza-su-liderazgo-en-fitur-2025\/","og_locale":"en_GB","og_type":"article","og_title":"Plus Ultra L\u00edneas A\u00e9reas refuerza su liderazgo en Fitur 2025 - Revista Rambla","og_description":"Plus Ultra L\u00edneas A\u00e9reas, con la direcci\u00f3n de su equipo directivo, ha consolidado su papel como una de las aerol\u00edneas m\u00e1s influyentes en el transporte a\u00e9reo espa\u00f1ol. Durante la Feria Internacional de Turismo (Fitur), organiz\u00f3 en conjunto con la Asociaci\u00f3n Internacional de Transporte A\u00e9reo (IATA) un evento de gran relevancia. [&hellip;]","og_url":"https:\/\/www.revistarambla.com\/en\/plus-ultra-lineas-aereas-refuerza-su-liderazgo-en-fitur-2025\/","og_site_name":"Revista Rambla","article_publisher":"https:\/\/www.facebook.com\/revistarambla\/","article_author":"https:\/\/www.facebook.com\/revistarambla","article_published_time":"2025-02-10T11:00:22+00:00","og_image":[{"width":1920,"height":1280,"url":"https:\/\/www.revistarambla.com\/wp-content\/uploads\/2025\/02\/phpONmNni67a5ef0defa4b.jpg","type":"image\/jpeg"}],"author":"R@mbla","twitter_card":"summary_large_image","twitter_creator":"@revistarambla","twitter_site":"@revistarambla","twitter_misc":{"Written by":"R@mbla","Estimated reading time":"4 minutes"},"schema":{"@context":"https:\/\/schema.org","@graph":[{"@type":"Article","@id":"https:\/\/www.revistarambla.com\/plus-ultra-lineas-aereas-refuerza-su-liderazgo-en-fitur-2025\/#article","isPartOf":{"@id":"https:\/\/www.revistarambla.com\/plus-ultra-lineas-aereas-refuerza-su-liderazgo-en-fitur-2025\/"},"author":{"name":"R@mbla","@id":"https:\/\/www.revistarambla.com\/#\/schema\/person\/a146a5a2550b94981a75131180e1bd9c"},"headline":"Plus Ultra L\u00edneas A\u00e9reas refuerza su liderazgo en Fitur 2025","datePublished":"2025-02-10T11:00:22+00:00","mainEntityOfPage":{"@id":"https:\/\/www.revistarambla.com\/plus-ultra-lineas-aereas-refuerza-su-liderazgo-en-fitur-2025\/"},"wordCount":882,"publisher":{"@id":"https:\/\/www.revistarambla.com\/#organization"},"image":{"@id":"https:\/\/www.revistarambla.com\/plus-ultra-lineas-aereas-refuerza-su-liderazgo-en-fitur-2025\/#primaryimage"},"thumbnailUrl":"https:\/\/www.revistarambla.com\/wp-content\/uploads\/2025\/02\/phpONmNni67a5ef0defa4b.jpg","articleSection":["Otras Noticias"],"inLanguage":"en-GB"},{"@type":"WebPage","@id":"https:\/\/www.revistarambla.com\/plus-ultra-lineas-aereas-refuerza-su-liderazgo-en-fitur-2025\/","url":"https:\/\/www.revistarambla.com\/plus-ultra-lineas-aereas-refuerza-su-liderazgo-en-fitur-2025\/","name":"Plus Ultra L\u00edneas A\u00e9reas refuerza su liderazgo en Fitur 2025 - Revista Rambla","isPartOf":{"@id":"https:\/\/www.revistarambla.com\/#website"},"primaryImageOfPage":{"@id":"https:\/\/www.revistarambla.com\/plus-ultra-lineas-aereas-refuerza-su-liderazgo-en-fitur-2025\/#primaryimage"},"image":{"@id":"https:\/\/www.revistarambla.com\/plus-ultra-lineas-aereas-refuerza-su-liderazgo-en-fitur-2025\/#primaryimage"},"thumbnailUrl":"https:\/\/www.revistarambla.com\/wp-content\/uploads\/2025\/02\/phpONmNni67a5ef0defa4b.jpg","datePublished":"2025-02-10T11:00:22+00:00","breadcrumb":{"@id":"https:\/\/www.revistarambla.com\/plus-ultra-lineas-aereas-refuerza-su-liderazgo-en-fitur-2025\/#breadcrumb"},"inLanguage":"en-GB","potentialAction":[{"@type":"ReadAction","target":["https:\/\/www.revistarambla.com\/plus-ultra-lineas-aereas-refuerza-su-liderazgo-en-fitur-2025\/"]}]},{"@type":"ImageObject","inLanguage":"en-GB","@id":"https:\/\/www.revistarambla.com\/plus-ultra-lineas-aereas-refuerza-su-liderazgo-en-fitur-2025\/#primaryimage","url":"https:\/\/www.revistarambla.com\/wp-content\/uploads\/2025\/02\/phpONmNni67a5ef0defa4b.jpg","contentUrl":"https:\/\/www.revistarambla.com\/wp-content\/uploads\/2025\/02\/phpONmNni67a5ef0defa4b.jpg","width":1920,"height":1280},{"@type":"BreadcrumbList","@id":"https:\/\/www.revistarambla.com\/plus-ultra-lineas-aereas-refuerza-su-liderazgo-en-fitur-2025\/#breadcrumb","itemListElement":[{"@type":"ListItem","position":1,"name":"Portada","item":"https:\/\/www.revistarambla.com\/"},{"@type":"ListItem","position":2,"name":"Plus Ultra L\u00edneas A\u00e9reas refuerza su liderazgo en Fitur 2025"}]},{"@type":"WebSite","@id":"https:\/\/www.revistarambla.com\/#website","url":"https:\/\/www.revistarambla.com\/","name":"Revista Rambla Barcelona","description":"Periodismo independiente","publisher":{"@id":"https:\/\/www.revistarambla.com\/#organization"},"potentialAction":[{"@type":"SearchAction","target":{"@type":"EntryPoint","urlTemplate":"https:\/\/www.revistarambla.com\/?s={search_term_string}"},"query-input":{"@type":"PropertyValueSpecification","valueRequired":true,"valueName":"search_term_string"}}],"inLanguage":"en-GB"},{"@type":"Organization","@id":"https:\/\/www.revistarambla.com\/#organization","name":"Revista Rambla","url":"https:\/\/www.revistarambla.com\/","logo":{"@type":"ImageObject","inLanguage":"en-GB","@id":"https:\/\/www.revistarambla.com\/#\/schema\/logo\/image\/","url":"https:\/\/www.revistarambla.com\/wp-content\/uploads\/2020\/09\/banner_rambla_1900x600_BB.png","contentUrl":"https:\/\/www.revistarambla.com\/wp-content\/uploads\/2020\/09\/banner_rambla_1900x600_BB.png","width":1900,"height":600,"caption":"Revista Rambla"},"image":{"@id":"https:\/\/www.revistarambla.com\/#\/schema\/logo\/image\/"},"sameAs":["https:\/\/www.facebook.com\/revistarambla\/","https:\/\/x.com\/revistarambla","https:\/\/www.instagram.com\/revista_rambla","https:\/\/es.linkedin.com\/company\/revista-rambla"]},{"@type":"Person","@id":"https:\/\/www.revistarambla.com\/#\/schema\/person\/a146a5a2550b94981a75131180e1bd9c","name":"R@mbla","description":"Este art\u00edculo ha sido redactado y\/o validado por el equipo de redacci\u00f3n de Revista Rambla.","sameAs":["https:\/\/www.revistarambla.com\/","https:\/\/www.facebook.com\/revistarambla","https:\/\/x.com\/revistarambla"]}]}},"_links":{"self":[{"href":"https:\/\/www.revistarambla.com\/en\/wp-json\/wp\/v2\/posts\/64400","targetHints":{"allow":["GET"]}}],"collection":[{"href":"https:\/\/www.revistarambla.com\/en\/wp-json\/wp\/v2\/posts"}],"about":[{"href":"https:\/\/www.revistarambla.com\/en\/wp-json\/wp\/v2\/types\/post"}],"author":[{"embeddable":true,"href":"https:\/\/www.revistarambla.com\/en\/wp-json\/wp\/v2\/users\/3"}],"replies":[{"embeddable":true,"href":"https:\/\/www.revistarambla.com\/en\/wp-json\/wp\/v2\/comments?post=64400"}],"version-history":[{"count":1,"href":"https:\/\/www.revistarambla.com\/en\/wp-json\/wp\/v2\/posts\/64400\/revisions"}],"predecessor-version":[{"id":64402,"href":"https:\/\/www.revistarambla.com\/en\/wp-json\/wp\/v2\/posts\/64400\/revisions\/64402"}],"wp:featuredmedia":[{"embeddable":true,"href":"https:\/\/www.revistarambla.com\/en\/wp-json\/wp\/v2\/media\/64401"}],"wp:attachment":[{"href":"https:\/\/www.revistarambla.com\/en\/wp-json\/wp\/v2\/media?parent=64400"}],"wp:term":[{"taxonomy":"category","embeddable":true,"href":"https:\/\/www.revistarambla.com\/en\/wp-json\/wp\/v2\/categories?post=64400"},{"taxonomy":"post_tag","embeddable":true,"href":"https:\/\/www.revistarambla.com\/en\/wp-json\/wp\/v2\/tags?post=64400"}],"curies":[{"name":"wp","href":"https:\/\/api.w.org\/{rel}","templated":true}]}}