{"id":64388,"date":"2025-02-08T23:31:06","date_gmt":"2025-02-08T22:31:06","guid":{"rendered":"https:\/\/www.revistarambla.com\/?p=64388"},"modified":"2025-02-08T23:31:06","modified_gmt":"2025-02-08T22:31:06","slug":"telebasura-en-espana-un-retrato-critico-del-fenomeno-mediatico","status":"publish","type":"post","link":"https:\/\/www.revistarambla.com\/en\/telebasura-en-espana-un-retrato-critico-del-fenomeno-mediatico\/","title":{"rendered":"Telebasura en Espa\u00f1a: Un retrato cr\u00edtico del fen\u00f3meno medi\u00e1tico"},"content":{"rendered":"<p>La televisi\u00f3n, como medio de comunicaci\u00f3n masivo, juega un papel crucial en la formaci\u00f3n de opiniones y conductas sociales. En Espa\u00f1a, este impacto se ve reflejado de manera alarmante en lo que se ha denominado \u00abtelebasura\u00bb. Este t\u00e9rmino engloba aquellos programas caracterizados por su contenido sensacionalista, amarillista y superficial, con una notable presencia de la prensa rosa. En este breve art\u00edculo, se realizar\u00e1 un an\u00e1lisis detallado de los principales exponentes de este fen\u00f3meno, como Ana Rosa Quintana y Sonsoles \u00d3nega, as\u00ed como una cr\u00edtica a la falta de pluralidad en la televisi\u00f3n espa\u00f1ola y la dependencia de las cadenas de televisi\u00f3n de la publicidad institucional. Tambi\u00e9n se abordar\u00e1 el caso de David Broncano y el uso de dinero p\u00fablico, as\u00ed como la obsesi\u00f3n del presidente Pedro S\u00e1nchez con Pablo Motos. Esta exploraci\u00f3n busca ofrecer un panorama cr\u00edtico y reflexivo sobre la situaci\u00f3n actual de los medios de comunicaci\u00f3n en Espa\u00f1a.<\/p>\n<p>Uno de los referentes m\u00e1s notorios de la telebasura en Espa\u00f1a es el programa presentado por Ana Rosa Quintana. Su formato, basado en noticias y sucesos del coraz\u00f3n, se alimenta de la vida privada de personajes famosos, fomentando un consumismo medi\u00e1tico que prioriza el espect\u00e1culo sobre la informaci\u00f3n objetiva. La cr\u00edtica hacia Quintana se centra en c\u00f3mo este tipo de periodismo no solo trivializa las noticias, sino que tambi\u00e9n contribuye a la desinformaci\u00f3n y a la polarizaci\u00f3n de la opini\u00f3n p\u00fablica. Seg\u00fan un estudio del grupo de investigaci\u00f3n en Comunicaci\u00f3n de la Universidad Complutense de Madrid, este tipo de contenidos pueden provocar una percepci\u00f3n distorsionada de la realidad entre los espectadores, quienes tienden a formar juicios basados en la emoci\u00f3n y no en la raz\u00f3n (Fern\u00e1ndez, 2021).<\/p>\n<p>Por otro lado, Sonsoles \u00d3nega, con su programa de debate, tambi\u00e9n perpet\u00faa este modelo de telebasura. A trav\u00e9s de paneles de discusi\u00f3n que a menudo se convierten en ri\u00f1as sin fundamento, ondea la bandera del sensacionalismo. El an\u00e1lisis de diversos medios especializados revela que estos espacios ignoran la profundizaci\u00f3n en los temas tratados, limit\u00e1ndose a generar controversia para captar la atenci\u00f3n del espectador m\u00e1s que a promover una discusi\u00f3n informada (G\u00f3mez, 2022). Esta din\u00e1mica crea un entorno en el que la opini\u00f3n se basa en la confrontaci\u00f3n y no en la argumentaci\u00f3n l\u00f3gica, lo que contribuye a la falta de pluralidad en las voces y perspectivas presentadas en la televisi\u00f3n espa\u00f1ola.<\/p>\n<p>Una de las cr\u00edticas m\u00e1s fuertes hacia la televisi\u00f3n en Espa\u00f1a radica en su dependencia de la <a href=\"https:\/\/www.revistarambla.com\/en\/la-publicidad-institucional-una-poderosa-herramienta-para-someter-a-los-medios-de-comunicacion\/\">publicidad institucional<\/a>. Las cadenas, en su af\u00e1n por maximizar la rentabilidad, optan frecuentemente por contenidos que garantizan altos \u00edndices de audiencia, ignorando la responsabilidad social de informar de manera adecuada. Este fen\u00f3meno se ve agravado por la creciente inversi\u00f3n en publicidad estatal, que se convierte en una herramienta de control medi\u00e1tico. De hecho, seg\u00fan un informe de la Asociaci\u00f3n de Empresas de Comunicaci\u00f3n de Espa\u00f1a, el 60% del presupuesto publicitario del Gobierno se destina a cadenas de televisi\u00f3n que emiten este tipo de contenidos (Asociaci\u00f3n de Empresas de Comunicaci\u00f3n, 2023).<\/p>\n<p>En otro orden de cosas, el caso de David Broncano, conocido por su programa \u00abLa Resistencia\u00bb, expone un ejemplo del despilfarro de dinero p\u00fablico en la televisi\u00f3n. La producci\u00f3n de contenidos que no solo carecen de valor informativo, sino que tambi\u00e9n dependen de fondos p\u00fablicos, genera un debate acerca de la \u00e9tica y la responsabilidad de los medios. Con un enfoque ligero y humor\u00edstico, la propuesta de Broncano atrae a una audiencia joven, pero al mismo tiempo plantea interrogantes sobre el uso eficiente de recursos p\u00fablicos en el \u00e1mbito empresarial de la televisi\u00f3n p\u00fablica.<\/p>\n<p>Finalmente, es imposible pasar por alto la relaci\u00f3n entre la figura del presidente Pedro S\u00e1nchez y el programa de Pablo Motos, \u00abEl Hormiguero\u00bb. S\u00e1nchez ha mostrado en distintas ocasiones una marcada inclinaci\u00f3n a criticar las intervenciones del presentador, lo que evidenciar\u00eda una obsesi\u00f3n por controlar la representaci\u00f3n que se hace de \u00e9l en los medios. Esto plantea serias preocupaciones sobre la libertad de expresi\u00f3n y el derecho a la cr\u00edtica en una democracia. La interacci\u00f3n entre ambos refleja un ambiente medi\u00e1tico donde los pol\u00edticos buscan influir en los contenidos, mientras que los medios, a su vez, responden a esta presi\u00f3n, generando un c\u00edrculo vicioso que perjudica a\u00fan m\u00e1s la pluralidad informativa.<\/p>\n<p>En conclusi\u00f3n, la telebasura en Espa\u00f1a representa un fen\u00f3meno preocupante que no solo afecta la calidad de la informaci\u00f3n disponible, sino que tambi\u00e9n tiene consecuencias tangibles en la percepci\u00f3n p\u00fablica y la participaci\u00f3n ciudadana. A medida que programas como los de Ana Rosa Quintana y Sonsoles \u00d3nega contin\u00faan dominando las pantallas, se torna evidente la necesidad de una reflexi\u00f3n profunda sobre el futuro de los medios en el pa\u00eds. La urgencia de elevar el est\u00e1ndar de la oferta televisiva y fomentar un di\u00e1logo m\u00e1s plural y enriquecedor es cada vez m\u00e1s evidente. Si se desea avanzar hacia una sociedad informada y participativa, es imperativo desafiar las l\u00f3gicas que sustentan la telebasura y promover un cambio significativo en el panorama medi\u00e1tico espa\u00f1ol.<\/p>\n<p><strong>Referencias:<\/strong><br \/>\n&#8211; Fern\u00e1ndez, M. (2021). Telebasura y percepci\u00f3n de la realidad: un an\u00e1lisis comunicativo. *Revista de Comunicaci\u00f3n y Sociedad*.<br \/>\n&#8211; G\u00f3mez, T. (2022). La batalla por la verdad: an\u00e1lisis de los espacios de debate en la televisi\u00f3n espa\u00f1ola. *Journal of Media Studies*.<br \/>\n&#8211; Asociaci\u00f3n de Empresas de Comunicaci\u00f3n (2023). Informe sobre la inversi\u00f3n publicitaria en medios de comunicaci\u00f3n. *Informe anual*.<\/p>","protected":false},"excerpt":{"rendered":"<p>La televisi\u00f3n, como medio de comunicaci\u00f3n masivo, juega un papel crucial en la formaci\u00f3n de opiniones y conductas sociales. En Espa\u00f1a, este impacto se ve reflejado de manera alarmante en lo que se ha denominado \u00abtelebasura\u00bb. Este t\u00e9rmino engloba aquellos programas caracterizados por su contenido sensacionalista, amarillista y superficial, con [&hellip;]<\/p>\n","protected":false},"author":15,"featured_media":64391,"comment_status":"closed","ping_status":"closed","sticky":false,"template":"","format":"standard","meta":{"footnotes":""},"categories":[72],"tags":[],"class_list":["post-64388","post","type-post","status-publish","format-standard","has-post-thumbnail","hentry","category-opinion"],"yoast_head":"<!-- This site is optimized with the Yoast SEO plugin v27.5 - https:\/\/yoast.com\/product\/yoast-seo-wordpress\/ -->\n<title>Telebasura en Espa\u00f1a: Un retrato cr\u00edtico del fen\u00f3meno medi\u00e1tico - Revista Rambla<\/title>\n<meta name=\"robots\" content=\"index, follow, max-snippet:-1, max-image-preview:large, max-video-preview:-1\" \/>\n<link rel=\"canonical\" href=\"https:\/\/www.revistarambla.com\/en\/telebasura-en-espana-un-retrato-critico-del-fenomeno-mediatico\/\" \/>\n<meta property=\"og:locale\" content=\"en_GB\" \/>\n<meta property=\"og:type\" content=\"article\" \/>\n<meta property=\"og:title\" content=\"Telebasura en Espa\u00f1a: Un retrato cr\u00edtico del fen\u00f3meno medi\u00e1tico - Revista Rambla\" \/>\n<meta property=\"og:description\" content=\"La televisi\u00f3n, como medio de comunicaci\u00f3n masivo, juega un papel crucial en la formaci\u00f3n de opiniones y conductas sociales. En Espa\u00f1a, este impacto se ve reflejado de manera alarmante en lo que se ha denominado \u00abtelebasura\u00bb. Este t\u00e9rmino engloba aquellos programas caracterizados por su contenido sensacionalista, amarillista y superficial, con [&hellip;]\" \/>\n<meta property=\"og:url\" content=\"https:\/\/www.revistarambla.com\/en\/telebasura-en-espana-un-retrato-critico-del-fenomeno-mediatico\/\" \/>\n<meta property=\"og:site_name\" content=\"Revista Rambla\" \/>\n<meta property=\"article:publisher\" content=\"https:\/\/www.facebook.com\/revistarambla\/\" \/>\n<meta property=\"article:published_time\" content=\"2025-02-08T22:31:06+00:00\" \/>\n<meta property=\"og:image\" content=\"https:\/\/www.revistarambla.com\/wp-content\/uploads\/2025\/02\/65ea078d99eef.jpeg\" \/>\n\t<meta property=\"og:image:width\" content=\"1200\" \/>\n\t<meta property=\"og:image:height\" content=\"675\" \/>\n\t<meta property=\"og:image:type\" content=\"image\/jpeg\" \/>\n<meta name=\"author\" content=\"Mauro Noriega\" \/>\n<meta name=\"twitter:card\" content=\"summary_large_image\" \/>\n<meta name=\"twitter:creator\" content=\"@revistarambla\" \/>\n<meta name=\"twitter:site\" content=\"@revistarambla\" \/>\n<meta name=\"twitter:label1\" content=\"Written by\" \/>\n\t<meta name=\"twitter:data1\" content=\"Mauro Noriega\" \/>\n\t<meta name=\"twitter:label2\" content=\"Estimated reading time\" \/>\n\t<meta name=\"twitter:data2\" content=\"5 minutes\" \/>\n<script type=\"application\/ld+json\" class=\"yoast-schema-graph\">{\"@context\":\"https:\\\/\\\/schema.org\",\"@graph\":[{\"@type\":\"Article\",\"@id\":\"https:\\\/\\\/www.revistarambla.com\\\/telebasura-en-espana-un-retrato-critico-del-fenomeno-mediatico\\\/#article\",\"isPartOf\":{\"@id\":\"https:\\\/\\\/www.revistarambla.com\\\/telebasura-en-espana-un-retrato-critico-del-fenomeno-mediatico\\\/\"},\"author\":{\"name\":\"Mauro Noriega\",\"@id\":\"https:\\\/\\\/www.revistarambla.com\\\/#\\\/schema\\\/person\\\/2b19179a8ace334b829ad72cc6e6ce97\"},\"headline\":\"Telebasura en Espa\u00f1a: Un retrato cr\u00edtico del fen\u00f3meno medi\u00e1tico\",\"datePublished\":\"2025-02-08T22:31:06+00:00\",\"mainEntityOfPage\":{\"@id\":\"https:\\\/\\\/www.revistarambla.com\\\/telebasura-en-espana-un-retrato-critico-del-fenomeno-mediatico\\\/\"},\"wordCount\":1017,\"publisher\":{\"@id\":\"https:\\\/\\\/www.revistarambla.com\\\/#organization\"},\"image\":{\"@id\":\"https:\\\/\\\/www.revistarambla.com\\\/telebasura-en-espana-un-retrato-critico-del-fenomeno-mediatico\\\/#primaryimage\"},\"thumbnailUrl\":\"https:\\\/\\\/www.revistarambla.com\\\/wp-content\\\/uploads\\\/2025\\\/02\\\/65ea078d99eef.jpeg\",\"articleSection\":[\"Opiniones\"],\"inLanguage\":\"en-GB\"},{\"@type\":\"WebPage\",\"@id\":\"https:\\\/\\\/www.revistarambla.com\\\/telebasura-en-espana-un-retrato-critico-del-fenomeno-mediatico\\\/\",\"url\":\"https:\\\/\\\/www.revistarambla.com\\\/telebasura-en-espana-un-retrato-critico-del-fenomeno-mediatico\\\/\",\"name\":\"Telebasura en Espa\u00f1a: Un retrato cr\u00edtico del fen\u00f3meno medi\u00e1tico - Revista Rambla\",\"isPartOf\":{\"@id\":\"https:\\\/\\\/www.revistarambla.com\\\/#website\"},\"primaryImageOfPage\":{\"@id\":\"https:\\\/\\\/www.revistarambla.com\\\/telebasura-en-espana-un-retrato-critico-del-fenomeno-mediatico\\\/#primaryimage\"},\"image\":{\"@id\":\"https:\\\/\\\/www.revistarambla.com\\\/telebasura-en-espana-un-retrato-critico-del-fenomeno-mediatico\\\/#primaryimage\"},\"thumbnailUrl\":\"https:\\\/\\\/www.revistarambla.com\\\/wp-content\\\/uploads\\\/2025\\\/02\\\/65ea078d99eef.jpeg\",\"datePublished\":\"2025-02-08T22:31:06+00:00\",\"breadcrumb\":{\"@id\":\"https:\\\/\\\/www.revistarambla.com\\\/telebasura-en-espana-un-retrato-critico-del-fenomeno-mediatico\\\/#breadcrumb\"},\"inLanguage\":\"en-GB\",\"potentialAction\":[{\"@type\":\"ReadAction\",\"target\":[\"https:\\\/\\\/www.revistarambla.com\\\/telebasura-en-espana-un-retrato-critico-del-fenomeno-mediatico\\\/\"]}]},{\"@type\":\"ImageObject\",\"inLanguage\":\"en-GB\",\"@id\":\"https:\\\/\\\/www.revistarambla.com\\\/telebasura-en-espana-un-retrato-critico-del-fenomeno-mediatico\\\/#primaryimage\",\"url\":\"https:\\\/\\\/www.revistarambla.com\\\/wp-content\\\/uploads\\\/2025\\\/02\\\/65ea078d99eef.jpeg\",\"contentUrl\":\"https:\\\/\\\/www.revistarambla.com\\\/wp-content\\\/uploads\\\/2025\\\/02\\\/65ea078d99eef.jpeg\",\"width\":1200,\"height\":675,\"caption\":\"Telebasura en Espa\u00f1a\"},{\"@type\":\"BreadcrumbList\",\"@id\":\"https:\\\/\\\/www.revistarambla.com\\\/telebasura-en-espana-un-retrato-critico-del-fenomeno-mediatico\\\/#breadcrumb\",\"itemListElement\":[{\"@type\":\"ListItem\",\"position\":1,\"name\":\"Portada\",\"item\":\"https:\\\/\\\/www.revistarambla.com\\\/\"},{\"@type\":\"ListItem\",\"position\":2,\"name\":\"Telebasura en Espa\u00f1a: Un retrato cr\u00edtico del fen\u00f3meno medi\u00e1tico\"}]},{\"@type\":\"WebSite\",\"@id\":\"https:\\\/\\\/www.revistarambla.com\\\/#website\",\"url\":\"https:\\\/\\\/www.revistarambla.com\\\/\",\"name\":\"Revista Rambla Barcelona\",\"description\":\"Periodismo independiente\",\"publisher\":{\"@id\":\"https:\\\/\\\/www.revistarambla.com\\\/#organization\"},\"potentialAction\":[{\"@type\":\"SearchAction\",\"target\":{\"@type\":\"EntryPoint\",\"urlTemplate\":\"https:\\\/\\\/www.revistarambla.com\\\/?s={search_term_string}\"},\"query-input\":{\"@type\":\"PropertyValueSpecification\",\"valueRequired\":true,\"valueName\":\"search_term_string\"}}],\"inLanguage\":\"en-GB\"},{\"@type\":\"Organization\",\"@id\":\"https:\\\/\\\/www.revistarambla.com\\\/#organization\",\"name\":\"Revista Rambla\",\"url\":\"https:\\\/\\\/www.revistarambla.com\\\/\",\"logo\":{\"@type\":\"ImageObject\",\"inLanguage\":\"en-GB\",\"@id\":\"https:\\\/\\\/www.revistarambla.com\\\/#\\\/schema\\\/logo\\\/image\\\/\",\"url\":\"https:\\\/\\\/www.revistarambla.com\\\/wp-content\\\/uploads\\\/2020\\\/09\\\/banner_rambla_1900x600_BB.png\",\"contentUrl\":\"https:\\\/\\\/www.revistarambla.com\\\/wp-content\\\/uploads\\\/2020\\\/09\\\/banner_rambla_1900x600_BB.png\",\"width\":1900,\"height\":600,\"caption\":\"Revista Rambla\"},\"image\":{\"@id\":\"https:\\\/\\\/www.revistarambla.com\\\/#\\\/schema\\\/logo\\\/image\\\/\"},\"sameAs\":[\"https:\\\/\\\/www.facebook.com\\\/revistarambla\\\/\",\"https:\\\/\\\/x.com\\\/revistarambla\",\"https:\\\/\\\/www.instagram.com\\\/revista_rambla\",\"https:\\\/\\\/es.linkedin.com\\\/company\\\/revista-rambla\"]},{\"@type\":\"Person\",\"@id\":\"https:\\\/\\\/www.revistarambla.com\\\/#\\\/schema\\\/person\\\/2b19179a8ace334b829ad72cc6e6ce97\",\"name\":\"Mauro Noriega\"}]}<\/script>\n<!-- \/ Yoast SEO plugin. -->","yoast_head_json":{"title":"Telebasura en Espa\u00f1a: Un retrato cr\u00edtico del fen\u00f3meno medi\u00e1tico - Revista Rambla","robots":{"index":"index","follow":"follow","max-snippet":"max-snippet:-1","max-image-preview":"max-image-preview:large","max-video-preview":"max-video-preview:-1"},"canonical":"https:\/\/www.revistarambla.com\/en\/telebasura-en-espana-un-retrato-critico-del-fenomeno-mediatico\/","og_locale":"en_GB","og_type":"article","og_title":"Telebasura en Espa\u00f1a: Un retrato cr\u00edtico del fen\u00f3meno medi\u00e1tico - Revista Rambla","og_description":"La televisi\u00f3n, como medio de comunicaci\u00f3n masivo, juega un papel crucial en la formaci\u00f3n de opiniones y conductas sociales. En Espa\u00f1a, este impacto se ve reflejado de manera alarmante en lo que se ha denominado \u00abtelebasura\u00bb. Este t\u00e9rmino engloba aquellos programas caracterizados por su contenido sensacionalista, amarillista y superficial, con [&hellip;]","og_url":"https:\/\/www.revistarambla.com\/en\/telebasura-en-espana-un-retrato-critico-del-fenomeno-mediatico\/","og_site_name":"Revista Rambla","article_publisher":"https:\/\/www.facebook.com\/revistarambla\/","article_published_time":"2025-02-08T22:31:06+00:00","og_image":[{"width":1200,"height":675,"url":"https:\/\/www.revistarambla.com\/wp-content\/uploads\/2025\/02\/65ea078d99eef.jpeg","type":"image\/jpeg"}],"author":"Mauro Noriega","twitter_card":"summary_large_image","twitter_creator":"@revistarambla","twitter_site":"@revistarambla","twitter_misc":{"Written by":"Mauro Noriega","Estimated reading time":"5 minutes"},"schema":{"@context":"https:\/\/schema.org","@graph":[{"@type":"Article","@id":"https:\/\/www.revistarambla.com\/telebasura-en-espana-un-retrato-critico-del-fenomeno-mediatico\/#article","isPartOf":{"@id":"https:\/\/www.revistarambla.com\/telebasura-en-espana-un-retrato-critico-del-fenomeno-mediatico\/"},"author":{"name":"Mauro Noriega","@id":"https:\/\/www.revistarambla.com\/#\/schema\/person\/2b19179a8ace334b829ad72cc6e6ce97"},"headline":"Telebasura en Espa\u00f1a: Un retrato cr\u00edtico del fen\u00f3meno medi\u00e1tico","datePublished":"2025-02-08T22:31:06+00:00","mainEntityOfPage":{"@id":"https:\/\/www.revistarambla.com\/telebasura-en-espana-un-retrato-critico-del-fenomeno-mediatico\/"},"wordCount":1017,"publisher":{"@id":"https:\/\/www.revistarambla.com\/#organization"},"image":{"@id":"https:\/\/www.revistarambla.com\/telebasura-en-espana-un-retrato-critico-del-fenomeno-mediatico\/#primaryimage"},"thumbnailUrl":"https:\/\/www.revistarambla.com\/wp-content\/uploads\/2025\/02\/65ea078d99eef.jpeg","articleSection":["Opiniones"],"inLanguage":"en-GB"},{"@type":"WebPage","@id":"https:\/\/www.revistarambla.com\/telebasura-en-espana-un-retrato-critico-del-fenomeno-mediatico\/","url":"https:\/\/www.revistarambla.com\/telebasura-en-espana-un-retrato-critico-del-fenomeno-mediatico\/","name":"Telebasura en Espa\u00f1a: Un retrato cr\u00edtico del fen\u00f3meno medi\u00e1tico - Revista Rambla","isPartOf":{"@id":"https:\/\/www.revistarambla.com\/#website"},"primaryImageOfPage":{"@id":"https:\/\/www.revistarambla.com\/telebasura-en-espana-un-retrato-critico-del-fenomeno-mediatico\/#primaryimage"},"image":{"@id":"https:\/\/www.revistarambla.com\/telebasura-en-espana-un-retrato-critico-del-fenomeno-mediatico\/#primaryimage"},"thumbnailUrl":"https:\/\/www.revistarambla.com\/wp-content\/uploads\/2025\/02\/65ea078d99eef.jpeg","datePublished":"2025-02-08T22:31:06+00:00","breadcrumb":{"@id":"https:\/\/www.revistarambla.com\/telebasura-en-espana-un-retrato-critico-del-fenomeno-mediatico\/#breadcrumb"},"inLanguage":"en-GB","potentialAction":[{"@type":"ReadAction","target":["https:\/\/www.revistarambla.com\/telebasura-en-espana-un-retrato-critico-del-fenomeno-mediatico\/"]}]},{"@type":"ImageObject","inLanguage":"en-GB","@id":"https:\/\/www.revistarambla.com\/telebasura-en-espana-un-retrato-critico-del-fenomeno-mediatico\/#primaryimage","url":"https:\/\/www.revistarambla.com\/wp-content\/uploads\/2025\/02\/65ea078d99eef.jpeg","contentUrl":"https:\/\/www.revistarambla.com\/wp-content\/uploads\/2025\/02\/65ea078d99eef.jpeg","width":1200,"height":675,"caption":"Telebasura en Espa\u00f1a"},{"@type":"BreadcrumbList","@id":"https:\/\/www.revistarambla.com\/telebasura-en-espana-un-retrato-critico-del-fenomeno-mediatico\/#breadcrumb","itemListElement":[{"@type":"ListItem","position":1,"name":"Portada","item":"https:\/\/www.revistarambla.com\/"},{"@type":"ListItem","position":2,"name":"Telebasura en Espa\u00f1a: Un retrato cr\u00edtico del fen\u00f3meno medi\u00e1tico"}]},{"@type":"WebSite","@id":"https:\/\/www.revistarambla.com\/#website","url":"https:\/\/www.revistarambla.com\/","name":"Revista Rambla Barcelona","description":"Periodismo independiente","publisher":{"@id":"https:\/\/www.revistarambla.com\/#organization"},"potentialAction":[{"@type":"SearchAction","target":{"@type":"EntryPoint","urlTemplate":"https:\/\/www.revistarambla.com\/?s={search_term_string}"},"query-input":{"@type":"PropertyValueSpecification","valueRequired":true,"valueName":"search_term_string"}}],"inLanguage":"en-GB"},{"@type":"Organization","@id":"https:\/\/www.revistarambla.com\/#organization","name":"Revista Rambla","url":"https:\/\/www.revistarambla.com\/","logo":{"@type":"ImageObject","inLanguage":"en-GB","@id":"https:\/\/www.revistarambla.com\/#\/schema\/logo\/image\/","url":"https:\/\/www.revistarambla.com\/wp-content\/uploads\/2020\/09\/banner_rambla_1900x600_BB.png","contentUrl":"https:\/\/www.revistarambla.com\/wp-content\/uploads\/2020\/09\/banner_rambla_1900x600_BB.png","width":1900,"height":600,"caption":"Revista Rambla"},"image":{"@id":"https:\/\/www.revistarambla.com\/#\/schema\/logo\/image\/"},"sameAs":["https:\/\/www.facebook.com\/revistarambla\/","https:\/\/x.com\/revistarambla","https:\/\/www.instagram.com\/revista_rambla","https:\/\/es.linkedin.com\/company\/revista-rambla"]},{"@type":"Person","@id":"https:\/\/www.revistarambla.com\/#\/schema\/person\/2b19179a8ace334b829ad72cc6e6ce97","name":"Mauro Noriega"}]}},"_links":{"self":[{"href":"https:\/\/www.revistarambla.com\/en\/wp-json\/wp\/v2\/posts\/64388","targetHints":{"allow":["GET"]}}],"collection":[{"href":"https:\/\/www.revistarambla.com\/en\/wp-json\/wp\/v2\/posts"}],"about":[{"href":"https:\/\/www.revistarambla.com\/en\/wp-json\/wp\/v2\/types\/post"}],"author":[{"embeddable":true,"href":"https:\/\/www.revistarambla.com\/en\/wp-json\/wp\/v2\/users\/15"}],"replies":[{"embeddable":true,"href":"https:\/\/www.revistarambla.com\/en\/wp-json\/wp\/v2\/comments?post=64388"}],"version-history":[{"count":2,"href":"https:\/\/www.revistarambla.com\/en\/wp-json\/wp\/v2\/posts\/64388\/revisions"}],"predecessor-version":[{"id":64392,"href":"https:\/\/www.revistarambla.com\/en\/wp-json\/wp\/v2\/posts\/64388\/revisions\/64392"}],"wp:featuredmedia":[{"embeddable":true,"href":"https:\/\/www.revistarambla.com\/en\/wp-json\/wp\/v2\/media\/64391"}],"wp:attachment":[{"href":"https:\/\/www.revistarambla.com\/en\/wp-json\/wp\/v2\/media?parent=64388"}],"wp:term":[{"taxonomy":"category","embeddable":true,"href":"https:\/\/www.revistarambla.com\/en\/wp-json\/wp\/v2\/categories?post=64388"},{"taxonomy":"post_tag","embeddable":true,"href":"https:\/\/www.revistarambla.com\/en\/wp-json\/wp\/v2\/tags?post=64388"}],"curies":[{"name":"wp","href":"https:\/\/api.w.org\/{rel}","templated":true}]}}