{"id":64361,"date":"2025-02-06T19:51:36","date_gmt":"2025-02-06T18:51:36","guid":{"rendered":"https:\/\/www.revistarambla.com\/?p=64361"},"modified":"2025-02-06T19:51:36","modified_gmt":"2025-02-06T18:51:36","slug":"los-modelos-mas-caros-estan-a-un-precio-inferior-en-el-mercado-espanol-de-coches-de-segunda-mano","status":"publish","type":"post","link":"https:\/\/www.revistarambla.com\/en\/los-modelos-mas-caros-estan-a-un-precio-inferior-en-el-mercado-espanol-de-coches-de-segunda-mano\/","title":{"rendered":"Los modelos m\u00e1s caros est\u00e1n a un precio inferior en el mercado espa\u00f1ol de coches de segunda mano"},"content":{"rendered":"<p>El coche sigue siendo el <b>veh\u00edculo motorizado de uso privado<\/b> m\u00e1s utilizado en el mundo. Marcas como <i>Toyota, Volkswagen, Ford, Hyundai, Honda, Nissan <\/i>y <i>Kia <\/i>lideran, seg\u00fan <i>Statista, <\/i>el <i>ranking <\/i>de compa\u00f1\u00edas con m\u00e1s unidades vendidas tambi\u00e9n a nivel internacional. Sin embargo, tener alguno de sus modelos no resulta especialmente econ\u00f3mico. Aunque su coste var\u00eda seg\u00fan el pa\u00eds (Turqu\u00eda, Argentina, Colombia, Uruguay y Brasil son, por este orden, las naciones donde m\u00e1s dinero cuesta disponer de un autom\u00f3vil propio), en Espa\u00f1a y Catalu\u00f1a el coche no baja de un <b>precio medio de 26.000 euros<\/b>.<\/p>\n<p>Como alternativa a estas cifras tan elevadas, est\u00e1 el mercado de <a href=\"https:\/\/www.hrmotor.com\/coches-segunda-mano\/\">coches segunda mano<\/a> que empresas como <i>HR Motor <\/i>exponen en los concesionarios que tienen distribuidos por toda la pen\u00ednsula (Badalona, Valencia y M\u00e1laga incluidas). En las sedes f\u00edsicas y en el cat\u00e1logo online de estos <b>especialistas en la compraventa de veh\u00edculos ya utilizados<\/b>, es posible encontrar coches como el modelo <b>Ford Mustang Mach-E el\u00e9ctrico <\/b>de 5 puertas por 10.000 euros menos al valor que tiene en el mercado.<\/p>\n<p>Tambi\u00e9n es posible encontrar <b>coches de gasolina y di\u00e9sel<\/b>, as\u00ed como <b>veh\u00edculos h\u00edbridos<\/b> (que combinan el motor de combusti\u00f3n con un motor el\u00e9ctrico). Esta \u00faltima clase de modelos son necesarios, dada la normativa legal actualmente vigente en la Uni\u00f3n Europea, para <b>transitar por las Zonas de Bajas Emisiones <\/b>que determinados municipios (los de m\u00e1s de 50.000 habitantes) est\u00e1n obligados a establecer por ley.<\/p>\n<p>A continuaci\u00f3n, analizamos las opciones que el <b>mercado de segunda mano<\/b> ofrece a los conductores que quieren <b>un buen coche por menos dinero<\/b>.<\/p>\n<h2><b>Los modelos m\u00e1s demandados por los clientes<\/b><\/h2>\n<p>Seg\u00fan la periodista de datos Abigail Or\u00fas, el <b>Dacia Sandero<\/b> es el <b>coche m\u00e1s matriculado en nuestro pa\u00eds<\/b>. S\u00f3lo en 2023, Dacia vendi\u00f3 m\u00e1s de 27.900 veh\u00edculos de este modelo en concreto. El SEAT Arona y el Toyota Corolla le siguieron en la lista de los autom\u00f3viles preferidos por los ciudadanos. As\u00ed pues, el modelo<b> Dacia Sandero Trotamundos<\/b> del a\u00f1o 2017 se vende nuevo a 10.900 euros (pago al contado) y 10.300 euros (si se financia). Sin embargo, con HR Motor el precio baja, respectivamente, a 9.990 euros (casi 1.000 euros menos) y 9.290 euros (un poco m\u00e1s de 1.000 euros de ahorro). Con lo que no gasta, el conductor puede pagar la hipoteca\/el alquiler, la luz y el agua de un mes.En cuanto al segundo modelo m\u00e1s matriculado, el <b>SEAT Arona FR <\/b>es un veh\u00edculo de est\u00e9tica deportiva y urbana que ronda los 20.000 euros y, en ning\u00fan caso, baja de los 18.700 euros. El concesionario de <a href=\"https:\/\/www.hrmotor.com\/coches-segunda-mano\/valencia\/\">coches segunda mano valencia<\/a> que tiene <b>HR Motor <\/b>en esta zona del levante dispone de una unidad por 17.390 euros, si se paga al contado; una cifra que baja m\u00e1s gracias a una oferta disponible este mes de febrero, con la que <b>financiar el SEAT Arona FR Go 2 al 100%<\/b>. Con este descuento, el conductor se puede llevar por 15.690 euros un coche con:<\/p>\n<ol>\n<li aria-level=\"1\">4 a\u00f1os de antig\u00fcedad.<\/li>\n<li aria-level=\"1\">Espacio para cinco personas.<\/li>\n<li aria-level=\"1\">5 puertas.<\/li>\n<li aria-level=\"1\">Maletero grande (400 L de capacidad).<\/li>\n<li aria-level=\"1\">Dos posibilidades de financiaci\u00f3n: 262 euros\/mes (incluye <b>1 a\u00f1o de garant\u00eda premium<\/b>) y 274 euros\/mes (incluye un <b>descuento de 1.700 euros<\/b>).<\/li>\n<\/ol>\n<h3><b>Veh\u00edculos de segunda mano con garant\u00eda incluida en el precio<\/b><\/h3>\n<p>Cada uno de los m\u00e1s de 2.000 <a href=\"https:\/\/www.hrmotor.com\/coches-segunda-mano\/malaga\/\">coches segunda mano malaga<\/a> que ofrece HR Motor, tambi\u00e9n en su p\u00e1gina web, dispone de una garant\u00eda por valor de un a\u00f1o (prorrogable otro m\u00e1s) con las siguientes coberturas incluidas:<\/p>\n<ul>\n<li aria-level=\"1\">Caja de cambios.<\/li>\n<li aria-level=\"1\">Sistema de frenado.<\/li>\n<li aria-level=\"1\">Volante.<\/li>\n<li aria-level=\"1\">Motor de arranque.<\/li>\n<li aria-level=\"1\">Sistema GPS.<\/li>\n<li aria-level=\"1\">Climatizaci\u00f3n.<\/li>\n<li aria-level=\"1\">Control del airbag.<\/li>\n<li aria-level=\"1\">Etc.<\/li>\n<\/ul>\n<h2><b>Tesla tambi\u00e9n irrumpe en el mercado espa\u00f1ol<\/b><\/h2>\n<p>Otra de las marcas que tambi\u00e9n est\u00e1n disponibles en <b>concesionarios espa\u00f1oles de coches de segunda mano <\/b>es Tesla, la compa\u00f1\u00eda dirigida por su cofundador Elon Musk, quien <i>supervisa el dise\u00f1o, la ingenier\u00eda y la fabricaci\u00f3n a nivel mundial de todos los veh\u00edculos el\u00e9ctricos [&#8230;] de la empresa <\/i>(as\u00ed se indica en su p\u00e1gina web oficial). <i>Statista <\/i>apunta que los <b>coches de Tesla<\/b> han pasado de registrar ventas de poco m\u00e1s de 76.000 autom\u00f3viles a alcanzar pr\u00e1cticamente los dos millones de coches.Ahora mismo, HR Motor dispone de 6 <b>veh\u00edculos Tesla <\/b>en su cat\u00e1logo online. El conductor s\u00f3lo ha de seleccionar el que prefiere y esperar a recibirlo a domicilio o recogerlo en uno de los concesionarios que conforman la red de HR Motor. Los modelos disponibles ahora mismo son:<\/p>\n<ol>\n<li aria-level=\"1\"><b>Tesla Model 3 <\/b>Standard Plus RWD.<\/li>\n<li aria-level=\"1\">Tesla Model 3 Standard Range RWD.<\/li>\n<li aria-level=\"1\">Tesla Model 3 Performance AWD Long Range.<\/li>\n<li aria-level=\"1\"><b>Tesla Model S <\/b>75 kWh AWD.<\/li>\n<\/ol>\n<p>Para hacer una r\u00e1pida comparativa, tomamos como ejemplo el Tesla Model 3 (el\u00e9ctrico, con <b>283 CV<\/b> y con tracci\u00f3n trasera). En la web oficial de Tesla es posible encontrar <b>veh\u00edculos Tesla Model 3 con tracci\u00f3n trasera<\/b> como el de HR Motor por 36.470 euros (al contado). De segunda mano y con <b>IVA deducible<\/b>, es posible hallarlos por 30.890 euros (que bajan otros 2.000 euros m\u00e1s si se financia el coche). Adem\u00e1s, este concesionario espa\u00f1ol de segunda mano tambi\u00e9n permite al cliente <b>vender el veh\u00edculo <\/b>que hab\u00eda conducido hasta el momento en su secci\u00f3n web \u00ab<a href=\"https:\/\/www.hrmotor.com\/compramos-tu-coche\/\">compramos tu coche<\/a>\u00bb. Para ello, basta con seguir los pasos indicados en el formulario online de HR Motor.<\/p>\n","protected":false},"excerpt":{"rendered":"<p>El coche sigue siendo el veh\u00edculo motorizado de uso privado m\u00e1s utilizado en el mundo. Marcas como Toyota, Volkswagen, Ford, Hyundai, Honda, Nissan y Kia lideran, seg\u00fan Statista, el ranking de compa\u00f1\u00edas con m\u00e1s unidades vendidas tambi\u00e9n a nivel internacional. Sin embargo, tener alguno de sus modelos no resulta especialmente [&hellip;]<\/p>\n","protected":false},"author":3,"featured_media":64362,"comment_status":"closed","ping_status":"closed","sticky":false,"template":"","format":"standard","meta":{"footnotes":""},"categories":[3790],"tags":[],"class_list":["post-64361","post","type-post","status-publish","format-standard","has-post-thumbnail","hentry","category-otras-noticias"],"yoast_head":"<!-- This site is optimized with the Yoast SEO plugin v27.5 - https:\/\/yoast.com\/product\/yoast-seo-wordpress\/ -->\n<title>Los modelos m\u00e1s caros est\u00e1n a un precio inferior en el mercado espa\u00f1ol de coches de segunda mano - Revista Rambla<\/title>\n<meta name=\"robots\" content=\"index, follow, max-snippet:-1, max-image-preview:large, max-video-preview:-1\" \/>\n<link rel=\"canonical\" href=\"https:\/\/www.revistarambla.com\/en\/los-modelos-mas-caros-estan-a-un-precio-inferior-en-el-mercado-espanol-de-coches-de-segunda-mano\/\" \/>\n<meta property=\"og:locale\" content=\"en_GB\" \/>\n<meta property=\"og:type\" content=\"article\" \/>\n<meta property=\"og:title\" content=\"Los modelos m\u00e1s caros est\u00e1n a un precio inferior en el mercado espa\u00f1ol de coches de segunda mano - Revista Rambla\" \/>\n<meta property=\"og:description\" content=\"El coche sigue siendo el veh\u00edculo motorizado de uso privado m\u00e1s utilizado en el mundo. Marcas como Toyota, Volkswagen, Ford, Hyundai, Honda, Nissan y Kia lideran, seg\u00fan Statista, el ranking de compa\u00f1\u00edas con m\u00e1s unidades vendidas tambi\u00e9n a nivel internacional. Sin embargo, tener alguno de sus modelos no resulta especialmente [&hellip;]\" \/>\n<meta property=\"og:url\" content=\"https:\/\/www.revistarambla.com\/en\/los-modelos-mas-caros-estan-a-un-precio-inferior-en-el-mercado-espanol-de-coches-de-segunda-mano\/\" \/>\n<meta property=\"og:site_name\" content=\"Revista Rambla\" \/>\n<meta property=\"article:publisher\" content=\"https:\/\/www.facebook.com\/revistarambla\/\" \/>\n<meta property=\"article:author\" content=\"https:\/\/www.facebook.com\/revistarambla\" \/>\n<meta property=\"article:published_time\" content=\"2025-02-06T18:51:36+00:00\" \/>\n<meta property=\"og:image\" content=\"https:\/\/www.revistarambla.com\/wp-content\/uploads\/2025\/02\/phpfdeLjo67a47fcbe4613.jpg\" \/>\n\t<meta property=\"og:image:width\" content=\"1920\" \/>\n\t<meta property=\"og:image:height\" content=\"1080\" \/>\n\t<meta property=\"og:image:type\" content=\"image\/jpeg\" \/>\n<meta name=\"author\" content=\"R@mbla\" \/>\n<meta name=\"twitter:card\" content=\"summary_large_image\" \/>\n<meta name=\"twitter:creator\" content=\"@revistarambla\" \/>\n<meta name=\"twitter:site\" content=\"@revistarambla\" \/>\n<meta name=\"twitter:label1\" content=\"Written by\" \/>\n\t<meta name=\"twitter:data1\" content=\"R@mbla\" \/>\n\t<meta name=\"twitter:label2\" content=\"Estimated reading time\" \/>\n\t<meta name=\"twitter:data2\" content=\"5 minutes\" \/>\n<script type=\"application\/ld+json\" class=\"yoast-schema-graph\">{\"@context\":\"https:\\\/\\\/schema.org\",\"@graph\":[{\"@type\":\"Article\",\"@id\":\"https:\\\/\\\/www.revistarambla.com\\\/los-modelos-mas-caros-estan-a-un-precio-inferior-en-el-mercado-espanol-de-coches-de-segunda-mano\\\/#article\",\"isPartOf\":{\"@id\":\"https:\\\/\\\/www.revistarambla.com\\\/los-modelos-mas-caros-estan-a-un-precio-inferior-en-el-mercado-espanol-de-coches-de-segunda-mano\\\/\"},\"author\":{\"name\":\"R@mbla\",\"@id\":\"https:\\\/\\\/www.revistarambla.com\\\/#\\\/schema\\\/person\\\/a146a5a2550b94981a75131180e1bd9c\"},\"headline\":\"Los modelos m\u00e1s caros est\u00e1n a un precio inferior en el mercado espa\u00f1ol de coches de segunda mano\",\"datePublished\":\"2025-02-06T18:51:36+00:00\",\"mainEntityOfPage\":{\"@id\":\"https:\\\/\\\/www.revistarambla.com\\\/los-modelos-mas-caros-estan-a-un-precio-inferior-en-el-mercado-espanol-de-coches-de-segunda-mano\\\/\"},\"wordCount\":939,\"publisher\":{\"@id\":\"https:\\\/\\\/www.revistarambla.com\\\/#organization\"},\"image\":{\"@id\":\"https:\\\/\\\/www.revistarambla.com\\\/los-modelos-mas-caros-estan-a-un-precio-inferior-en-el-mercado-espanol-de-coches-de-segunda-mano\\\/#primaryimage\"},\"thumbnailUrl\":\"https:\\\/\\\/www.revistarambla.com\\\/wp-content\\\/uploads\\\/2025\\\/02\\\/phpfdeLjo67a47fcbe4613.jpg\",\"articleSection\":[\"Otras Noticias\"],\"inLanguage\":\"en-GB\"},{\"@type\":\"WebPage\",\"@id\":\"https:\\\/\\\/www.revistarambla.com\\\/los-modelos-mas-caros-estan-a-un-precio-inferior-en-el-mercado-espanol-de-coches-de-segunda-mano\\\/\",\"url\":\"https:\\\/\\\/www.revistarambla.com\\\/los-modelos-mas-caros-estan-a-un-precio-inferior-en-el-mercado-espanol-de-coches-de-segunda-mano\\\/\",\"name\":\"Los modelos m\u00e1s caros est\u00e1n a un precio inferior en el mercado espa\u00f1ol de coches de segunda mano - Revista Rambla\",\"isPartOf\":{\"@id\":\"https:\\\/\\\/www.revistarambla.com\\\/#website\"},\"primaryImageOfPage\":{\"@id\":\"https:\\\/\\\/www.revistarambla.com\\\/los-modelos-mas-caros-estan-a-un-precio-inferior-en-el-mercado-espanol-de-coches-de-segunda-mano\\\/#primaryimage\"},\"image\":{\"@id\":\"https:\\\/\\\/www.revistarambla.com\\\/los-modelos-mas-caros-estan-a-un-precio-inferior-en-el-mercado-espanol-de-coches-de-segunda-mano\\\/#primaryimage\"},\"thumbnailUrl\":\"https:\\\/\\\/www.revistarambla.com\\\/wp-content\\\/uploads\\\/2025\\\/02\\\/phpfdeLjo67a47fcbe4613.jpg\",\"datePublished\":\"2025-02-06T18:51:36+00:00\",\"breadcrumb\":{\"@id\":\"https:\\\/\\\/www.revistarambla.com\\\/los-modelos-mas-caros-estan-a-un-precio-inferior-en-el-mercado-espanol-de-coches-de-segunda-mano\\\/#breadcrumb\"},\"inLanguage\":\"en-GB\",\"potentialAction\":[{\"@type\":\"ReadAction\",\"target\":[\"https:\\\/\\\/www.revistarambla.com\\\/los-modelos-mas-caros-estan-a-un-precio-inferior-en-el-mercado-espanol-de-coches-de-segunda-mano\\\/\"]}]},{\"@type\":\"ImageObject\",\"inLanguage\":\"en-GB\",\"@id\":\"https:\\\/\\\/www.revistarambla.com\\\/los-modelos-mas-caros-estan-a-un-precio-inferior-en-el-mercado-espanol-de-coches-de-segunda-mano\\\/#primaryimage\",\"url\":\"https:\\\/\\\/www.revistarambla.com\\\/wp-content\\\/uploads\\\/2025\\\/02\\\/phpfdeLjo67a47fcbe4613.jpg\",\"contentUrl\":\"https:\\\/\\\/www.revistarambla.com\\\/wp-content\\\/uploads\\\/2025\\\/02\\\/phpfdeLjo67a47fcbe4613.jpg\",\"width\":1920,\"height\":1080,\"caption\":\"coches de segunda mano\"},{\"@type\":\"BreadcrumbList\",\"@id\":\"https:\\\/\\\/www.revistarambla.com\\\/los-modelos-mas-caros-estan-a-un-precio-inferior-en-el-mercado-espanol-de-coches-de-segunda-mano\\\/#breadcrumb\",\"itemListElement\":[{\"@type\":\"ListItem\",\"position\":1,\"name\":\"Portada\",\"item\":\"https:\\\/\\\/www.revistarambla.com\\\/\"},{\"@type\":\"ListItem\",\"position\":2,\"name\":\"Los modelos m\u00e1s caros est\u00e1n a un precio inferior en el mercado espa\u00f1ol de coches de segunda mano\"}]},{\"@type\":\"WebSite\",\"@id\":\"https:\\\/\\\/www.revistarambla.com\\\/#website\",\"url\":\"https:\\\/\\\/www.revistarambla.com\\\/\",\"name\":\"Revista Rambla Barcelona\",\"description\":\"Periodismo independiente\",\"publisher\":{\"@id\":\"https:\\\/\\\/www.revistarambla.com\\\/#organization\"},\"potentialAction\":[{\"@type\":\"SearchAction\",\"target\":{\"@type\":\"EntryPoint\",\"urlTemplate\":\"https:\\\/\\\/www.revistarambla.com\\\/?s={search_term_string}\"},\"query-input\":{\"@type\":\"PropertyValueSpecification\",\"valueRequired\":true,\"valueName\":\"search_term_string\"}}],\"inLanguage\":\"en-GB\"},{\"@type\":\"Organization\",\"@id\":\"https:\\\/\\\/www.revistarambla.com\\\/#organization\",\"name\":\"Revista Rambla\",\"url\":\"https:\\\/\\\/www.revistarambla.com\\\/\",\"logo\":{\"@type\":\"ImageObject\",\"inLanguage\":\"en-GB\",\"@id\":\"https:\\\/\\\/www.revistarambla.com\\\/#\\\/schema\\\/logo\\\/image\\\/\",\"url\":\"https:\\\/\\\/www.revistarambla.com\\\/wp-content\\\/uploads\\\/2020\\\/09\\\/banner_rambla_1900x600_BB.png\",\"contentUrl\":\"https:\\\/\\\/www.revistarambla.com\\\/wp-content\\\/uploads\\\/2020\\\/09\\\/banner_rambla_1900x600_BB.png\",\"width\":1900,\"height\":600,\"caption\":\"Revista Rambla\"},\"image\":{\"@id\":\"https:\\\/\\\/www.revistarambla.com\\\/#\\\/schema\\\/logo\\\/image\\\/\"},\"sameAs\":[\"https:\\\/\\\/www.facebook.com\\\/revistarambla\\\/\",\"https:\\\/\\\/x.com\\\/revistarambla\",\"https:\\\/\\\/www.instagram.com\\\/revista_rambla\",\"https:\\\/\\\/es.linkedin.com\\\/company\\\/revista-rambla\"]},{\"@type\":\"Person\",\"@id\":\"https:\\\/\\\/www.revistarambla.com\\\/#\\\/schema\\\/person\\\/a146a5a2550b94981a75131180e1bd9c\",\"name\":\"R@mbla\",\"description\":\"Este art\u00edculo ha sido redactado y\\\/o validado por el equipo de redacci\u00f3n de Revista Rambla.\",\"sameAs\":[\"https:\\\/\\\/www.revistarambla.com\\\/\",\"https:\\\/\\\/www.facebook.com\\\/revistarambla\",\"https:\\\/\\\/x.com\\\/revistarambla\"]}]}<\/script>\n<!-- \/ Yoast SEO plugin. -->","yoast_head_json":{"title":"Los modelos m\u00e1s caros est\u00e1n a un precio inferior en el mercado espa\u00f1ol de coches de segunda mano - Revista Rambla","robots":{"index":"index","follow":"follow","max-snippet":"max-snippet:-1","max-image-preview":"max-image-preview:large","max-video-preview":"max-video-preview:-1"},"canonical":"https:\/\/www.revistarambla.com\/en\/los-modelos-mas-caros-estan-a-un-precio-inferior-en-el-mercado-espanol-de-coches-de-segunda-mano\/","og_locale":"en_GB","og_type":"article","og_title":"Los modelos m\u00e1s caros est\u00e1n a un precio inferior en el mercado espa\u00f1ol de coches de segunda mano - Revista Rambla","og_description":"El coche sigue siendo el veh\u00edculo motorizado de uso privado m\u00e1s utilizado en el mundo. Marcas como Toyota, Volkswagen, Ford, Hyundai, Honda, Nissan y Kia lideran, seg\u00fan Statista, el ranking de compa\u00f1\u00edas con m\u00e1s unidades vendidas tambi\u00e9n a nivel internacional. Sin embargo, tener alguno de sus modelos no resulta especialmente [&hellip;]","og_url":"https:\/\/www.revistarambla.com\/en\/los-modelos-mas-caros-estan-a-un-precio-inferior-en-el-mercado-espanol-de-coches-de-segunda-mano\/","og_site_name":"Revista Rambla","article_publisher":"https:\/\/www.facebook.com\/revistarambla\/","article_author":"https:\/\/www.facebook.com\/revistarambla","article_published_time":"2025-02-06T18:51:36+00:00","og_image":[{"width":1920,"height":1080,"url":"https:\/\/www.revistarambla.com\/wp-content\/uploads\/2025\/02\/phpfdeLjo67a47fcbe4613.jpg","type":"image\/jpeg"}],"author":"R@mbla","twitter_card":"summary_large_image","twitter_creator":"@revistarambla","twitter_site":"@revistarambla","twitter_misc":{"Written by":"R@mbla","Estimated reading time":"5 minutes"},"schema":{"@context":"https:\/\/schema.org","@graph":[{"@type":"Article","@id":"https:\/\/www.revistarambla.com\/los-modelos-mas-caros-estan-a-un-precio-inferior-en-el-mercado-espanol-de-coches-de-segunda-mano\/#article","isPartOf":{"@id":"https:\/\/www.revistarambla.com\/los-modelos-mas-caros-estan-a-un-precio-inferior-en-el-mercado-espanol-de-coches-de-segunda-mano\/"},"author":{"name":"R@mbla","@id":"https:\/\/www.revistarambla.com\/#\/schema\/person\/a146a5a2550b94981a75131180e1bd9c"},"headline":"Los modelos m\u00e1s caros est\u00e1n a un precio inferior en el mercado espa\u00f1ol de coches de segunda mano","datePublished":"2025-02-06T18:51:36+00:00","mainEntityOfPage":{"@id":"https:\/\/www.revistarambla.com\/los-modelos-mas-caros-estan-a-un-precio-inferior-en-el-mercado-espanol-de-coches-de-segunda-mano\/"},"wordCount":939,"publisher":{"@id":"https:\/\/www.revistarambla.com\/#organization"},"image":{"@id":"https:\/\/www.revistarambla.com\/los-modelos-mas-caros-estan-a-un-precio-inferior-en-el-mercado-espanol-de-coches-de-segunda-mano\/#primaryimage"},"thumbnailUrl":"https:\/\/www.revistarambla.com\/wp-content\/uploads\/2025\/02\/phpfdeLjo67a47fcbe4613.jpg","articleSection":["Otras Noticias"],"inLanguage":"en-GB"},{"@type":"WebPage","@id":"https:\/\/www.revistarambla.com\/los-modelos-mas-caros-estan-a-un-precio-inferior-en-el-mercado-espanol-de-coches-de-segunda-mano\/","url":"https:\/\/www.revistarambla.com\/los-modelos-mas-caros-estan-a-un-precio-inferior-en-el-mercado-espanol-de-coches-de-segunda-mano\/","name":"Los modelos m\u00e1s caros est\u00e1n a un precio inferior en el mercado espa\u00f1ol de coches de segunda mano - Revista Rambla","isPartOf":{"@id":"https:\/\/www.revistarambla.com\/#website"},"primaryImageOfPage":{"@id":"https:\/\/www.revistarambla.com\/los-modelos-mas-caros-estan-a-un-precio-inferior-en-el-mercado-espanol-de-coches-de-segunda-mano\/#primaryimage"},"image":{"@id":"https:\/\/www.revistarambla.com\/los-modelos-mas-caros-estan-a-un-precio-inferior-en-el-mercado-espanol-de-coches-de-segunda-mano\/#primaryimage"},"thumbnailUrl":"https:\/\/www.revistarambla.com\/wp-content\/uploads\/2025\/02\/phpfdeLjo67a47fcbe4613.jpg","datePublished":"2025-02-06T18:51:36+00:00","breadcrumb":{"@id":"https:\/\/www.revistarambla.com\/los-modelos-mas-caros-estan-a-un-precio-inferior-en-el-mercado-espanol-de-coches-de-segunda-mano\/#breadcrumb"},"inLanguage":"en-GB","potentialAction":[{"@type":"ReadAction","target":["https:\/\/www.revistarambla.com\/los-modelos-mas-caros-estan-a-un-precio-inferior-en-el-mercado-espanol-de-coches-de-segunda-mano\/"]}]},{"@type":"ImageObject","inLanguage":"en-GB","@id":"https:\/\/www.revistarambla.com\/los-modelos-mas-caros-estan-a-un-precio-inferior-en-el-mercado-espanol-de-coches-de-segunda-mano\/#primaryimage","url":"https:\/\/www.revistarambla.com\/wp-content\/uploads\/2025\/02\/phpfdeLjo67a47fcbe4613.jpg","contentUrl":"https:\/\/www.revistarambla.com\/wp-content\/uploads\/2025\/02\/phpfdeLjo67a47fcbe4613.jpg","width":1920,"height":1080,"caption":"coches de segunda mano"},{"@type":"BreadcrumbList","@id":"https:\/\/www.revistarambla.com\/los-modelos-mas-caros-estan-a-un-precio-inferior-en-el-mercado-espanol-de-coches-de-segunda-mano\/#breadcrumb","itemListElement":[{"@type":"ListItem","position":1,"name":"Portada","item":"https:\/\/www.revistarambla.com\/"},{"@type":"ListItem","position":2,"name":"Los modelos m\u00e1s caros est\u00e1n a un precio inferior en el mercado espa\u00f1ol de coches de segunda mano"}]},{"@type":"WebSite","@id":"https:\/\/www.revistarambla.com\/#website","url":"https:\/\/www.revistarambla.com\/","name":"Revista Rambla Barcelona","description":"Periodismo independiente","publisher":{"@id":"https:\/\/www.revistarambla.com\/#organization"},"potentialAction":[{"@type":"SearchAction","target":{"@type":"EntryPoint","urlTemplate":"https:\/\/www.revistarambla.com\/?s={search_term_string}"},"query-input":{"@type":"PropertyValueSpecification","valueRequired":true,"valueName":"search_term_string"}}],"inLanguage":"en-GB"},{"@type":"Organization","@id":"https:\/\/www.revistarambla.com\/#organization","name":"Revista Rambla","url":"https:\/\/www.revistarambla.com\/","logo":{"@type":"ImageObject","inLanguage":"en-GB","@id":"https:\/\/www.revistarambla.com\/#\/schema\/logo\/image\/","url":"https:\/\/www.revistarambla.com\/wp-content\/uploads\/2020\/09\/banner_rambla_1900x600_BB.png","contentUrl":"https:\/\/www.revistarambla.com\/wp-content\/uploads\/2020\/09\/banner_rambla_1900x600_BB.png","width":1900,"height":600,"caption":"Revista Rambla"},"image":{"@id":"https:\/\/www.revistarambla.com\/#\/schema\/logo\/image\/"},"sameAs":["https:\/\/www.facebook.com\/revistarambla\/","https:\/\/x.com\/revistarambla","https:\/\/www.instagram.com\/revista_rambla","https:\/\/es.linkedin.com\/company\/revista-rambla"]},{"@type":"Person","@id":"https:\/\/www.revistarambla.com\/#\/schema\/person\/a146a5a2550b94981a75131180e1bd9c","name":"R@mbla","description":"Este art\u00edculo ha sido redactado y\/o validado por el equipo de redacci\u00f3n de Revista Rambla.","sameAs":["https:\/\/www.revistarambla.com\/","https:\/\/www.facebook.com\/revistarambla","https:\/\/x.com\/revistarambla"]}]}},"_links":{"self":[{"href":"https:\/\/www.revistarambla.com\/en\/wp-json\/wp\/v2\/posts\/64361","targetHints":{"allow":["GET"]}}],"collection":[{"href":"https:\/\/www.revistarambla.com\/en\/wp-json\/wp\/v2\/posts"}],"about":[{"href":"https:\/\/www.revistarambla.com\/en\/wp-json\/wp\/v2\/types\/post"}],"author":[{"embeddable":true,"href":"https:\/\/www.revistarambla.com\/en\/wp-json\/wp\/v2\/users\/3"}],"replies":[{"embeddable":true,"href":"https:\/\/www.revistarambla.com\/en\/wp-json\/wp\/v2\/comments?post=64361"}],"version-history":[{"count":1,"href":"https:\/\/www.revistarambla.com\/en\/wp-json\/wp\/v2\/posts\/64361\/revisions"}],"predecessor-version":[{"id":64363,"href":"https:\/\/www.revistarambla.com\/en\/wp-json\/wp\/v2\/posts\/64361\/revisions\/64363"}],"wp:featuredmedia":[{"embeddable":true,"href":"https:\/\/www.revistarambla.com\/en\/wp-json\/wp\/v2\/media\/64362"}],"wp:attachment":[{"href":"https:\/\/www.revistarambla.com\/en\/wp-json\/wp\/v2\/media?parent=64361"}],"wp:term":[{"taxonomy":"category","embeddable":true,"href":"https:\/\/www.revistarambla.com\/en\/wp-json\/wp\/v2\/categories?post=64361"},{"taxonomy":"post_tag","embeddable":true,"href":"https:\/\/www.revistarambla.com\/en\/wp-json\/wp\/v2\/tags?post=64361"}],"curies":[{"name":"wp","href":"https:\/\/api.w.org\/{rel}","templated":true}]}}