{"id":64302,"date":"2025-02-03T21:00:39","date_gmt":"2025-02-03T20:00:39","guid":{"rendered":"https:\/\/www.revistarambla.com\/?p=64302"},"modified":"2025-02-03T21:01:33","modified_gmt":"2025-02-03T20:01:33","slug":"silvia-orriols-fascismo-con-sabor-a-fuet","status":"publish","type":"post","link":"https:\/\/www.revistarambla.com\/en\/silvia-orriols-fascismo-con-sabor-a-fuet\/","title":{"rendered":"Silvia Orriols: fascismo con sabor a fuet"},"content":{"rendered":"<p>En el convulso escenario pol\u00edtico catal\u00e1n, pocas figuras han polarizado tanto la opini\u00f3n p\u00fablica como Silvia Orriols. <!--more-->Nacida en Vic, una ciudad con una profunda herencia cultural catalana, Orriols ha emergido como una l\u00edder indiscutible de la formaci\u00f3n Alian\u00e7a Catalana (AC). Su ascenso mete\u00f3rico en la pol\u00edtica regional ha sido impulsado tanto por sus carism\u00e1ticos discursos como por su aguda habilidad para capitalizar los sentimientos independentistas y de derechas que residen en ciertos sectores de la sociedad catalana.<\/p>\n<h2>Breve biograf\u00eda de Silvia Orriols<\/h2>\n<p>Silvia Orriols, graduada en Ciencias Pol\u00edticas por la Universidad Aut\u00f3noma de Barcelona, comenz\u00f3 su carrera como activista social antes de sumergirse de lleno en la pol\u00edtica. Durante sus primeros a\u00f1os, fue una destacada defensora de causas nacionalistas, pero su enfoque se torn\u00f3 m\u00e1s radical con el tiempo. A mediados de la d\u00e9cada del 2010, Orriols se uni\u00f3 a Junts per Catalunya, donde estuvo activa hasta fundar su propia plataforma pol\u00edtica, Alian\u00e7a Catalana, en 2019. Esta decisi\u00f3n fue motivada, seg\u00fan sus propias declaraciones, por lo que ella percib\u00eda como una falta de firmeza en las pol\u00edticas independentistas de su antiguo partido. Su liderazgo ha sido, desde entonces, un elemento central en la configuraci\u00f3n de AC.<\/p>\n<h2>Alian\u00e7a catalana: independentista y de extrema derecha<\/h2>\n<p>Alian\u00e7a Catalana se ha posicionado claramente como una formaci\u00f3n de extrema derecha dentro del espectro pol\u00edtico catal\u00e1n. Su ideolog\u00eda combina un ferviente independentismo con posturas controvertidas en temas sociales y econ\u00f3micos, incluyendo una ret\u00f3rica antiinmigraci\u00f3n y un fuerte \u00e9nfasis en la identidad cultural catalana. El partido ha ganado notoriedad por su oposici\u00f3n a la inmigraci\u00f3n y la defensa de valores tradicionales, lo que le ha permitido captar un segmento espec\u00edfico del electorado que siente que otras formaciones independentistas han mermado en su compromiso con la causa secesionista y la preservaci\u00f3n de la cultura catalana.<\/p>\n<h2>Financiadores de Alian\u00e7a Catalana<\/h2>\n<p>La financiaci\u00f3n de Alian\u00e7a Catalana ha estado bajo un escrutinio considerable. Seg\u00fan diversas investigaciones period\u00edsticas, el partido ha recibido apoyo econ\u00f3mico significativo de empresarios locales que comparten su visi\u00f3n ideol\u00f3gica. Figuran nombres como Antoni Vila Casas, conocido por sus aportes al fomento cultural catal\u00e1n y Joan Font, due\u00f1o de la cadena Bon Preu, quienes han sido se\u00f1alados como principales financiadores. Adem\u00e1s, hay indicios de que alguna parte de su financiaci\u00f3n podr\u00eda proceder de donaciones internacionales de grupos afines a sus postulados pol\u00edticos, aunque estos v\u00ednculos no han sido confirmados oficialmente.<\/p>\n<h2>Lazos pol\u00edticos entre Junts y Alian\u00e7a Catalana<\/h2>\n<p>A pesar de su origen com\u00fan en la defensa de la independencia catalana, la relaci\u00f3n entre Junts per Catalunya y Alian\u00e7a Catalana ha estado marcada por tensiones y distanciamientos. Junts, una coalici\u00f3n que oscila entre el centro-derecha y el centro-izquierda, ha acusado a Alian\u00e7a Catalana de extremismo, mientras que Orriols ha criticado a Junts por su supuesta moderaci\u00f3n y concesiones al gobierno central espa\u00f1ol. No obstante, algunos analistas sugieren que, tras bambalinas, existen ciertos lazos debido a la necesidad de alianzas estrat\u00e9gicas en municipios donde ambas formaciones pueden unir fuerzas para superar a partidos unionistas.<\/p>\n<h2>Cr\u00edticas a Alian\u00e7a Catalana<\/h2>\n<p>Alian\u00e7a Catalana ha sido fuertemente criticada tanto por partidos de izquierda como de derecha, as\u00ed como por organizaciones no gubernamentales y movimientos ciudadanos. Las cr\u00edticas se centran en su discurso polarizador y xen\u00f3fobo, se\u00f1alado como divisivo y da\u00f1ino para la cohesi\u00f3n social. Adem\u00e1s, las propuestas econ\u00f3micas de AC, que incluyen planes proteccionistas y una fuerte reducci\u00f3n de impuestos para empresas catalanas, han sido tachadas de insostenibles por diversos economistas. En el \u00e1mbito internacional, entidades de derechos humanos han expresado preocupaci\u00f3n por los efectos que las pol\u00edticas de AC podr\u00edan tener sobre comunidades migrantes en Catalu\u00f1a.<\/p>\n<h2>Entrada en el Parlament de Catalunya<\/h2>\n<p>La mayor prueba del creciente apoyo a Alian\u00e7a Catalana se materializ\u00f3 en las elecciones auton\u00f3micas de 2023, cuando el partido logr\u00f3 entrar en el Parlament de Catalunya por primera vez. Con un 7% de los votos, obtuvieron ocho esca\u00f1os, una haza\u00f1a destacable para una formaci\u00f3n tan joven. Este logro puso de manifiesto no solo el respaldo de un sector significativo de la poblaci\u00f3n hacia sus pol\u00edticas, sino tambi\u00e9n la fragmentaci\u00f3n dentro del movimiento independentista catal\u00e1n, que ahora cuenta con una voz mucho m\u00e1s radical en su seno legislativo.<\/p>\n<h2>Declaraciones pol\u00e9micas de Silvia Orriols<\/h2>\n<p>Silvia Orriols no es ajena a la controversia. Una de sus declaraciones m\u00e1s impactantes ocurri\u00f3 en un mitin en 2022, cuando afirm\u00f3 que \u00abla inmigraci\u00f3n masiva es una amenaza para la supervivencia de nuestra identidad catalana\u00bb. Estas palabras fueron inmediatamente condenadas por diversos sectores de la sociedad y por pol\u00edticos de otras formaciones. Orriols tambi\u00e9n ha criticado duramente la globalizaci\u00f3n, calific\u00e1ndola como \u00abuna herramienta del imperialismo extranjero para destruir nuestras costumbres y nuestra econom\u00eda\u00bb.<\/p>\n<h2>Proyecci\u00f3n de resultados<\/h2>\n<p>Mirando hacia el futuro, las proyecciones para Alian\u00e7a Catalana en las pr\u00f3ximas elecciones auton\u00f3micas son prometedoras pero inciertas. Las encuestas indican que podr\u00edan mantener o incluso aumentar su representaci\u00f3n, dependiendo de la evoluci\u00f3n del panorama pol\u00edtico y de la capacidad del partido para extender su base de apoyo sin perder su esencia ideol\u00f3gica. La situaci\u00f3n econ\u00f3mica y social en Catalu\u00f1a, junto con la din\u00e1mica del conflicto independentista, ser\u00e1n factores determinantes en el rendimiento electoral de AC.<\/p>\n<p>En conclusi\u00f3n, Silvia Orriols y Alian\u00e7a Catalana representan una corriente insoslayable en la pol\u00edtica catalana contempor\u00e1nea. La figura de Orriols, con su discurso vehemente y sus posturas intransigentes, ha sabido canalizar los anhelos y frustraciones de una parte significativa de la poblaci\u00f3n. Sin embargo, su ascenso tambi\u00e9n plantea serias preguntas sobre el futuro de la convivencia y la cohesi\u00f3n social en Catalu\u00f1a, un territorio que sigue buscando su identidad en medio de profundas divisiones.<\/p>","protected":false},"excerpt":{"rendered":"<p>En el convulso escenario pol\u00edtico catal\u00e1n, pocas figuras han polarizado tanto la opini\u00f3n p\u00fablica como Silvia Orriols.<\/p>","protected":false},"author":3,"featured_media":64305,"comment_status":"closed","ping_status":"closed","sticky":false,"template":"","format":"standard","meta":{"footnotes":""},"categories":[59],"tags":[],"class_list":["post-64302","post","type-post","status-publish","format-standard","has-post-thumbnail","hentry","category-catalunya"],"yoast_head":"<!-- This site is optimized with the Yoast SEO plugin v27.5 - https:\/\/yoast.com\/product\/yoast-seo-wordpress\/ -->\n<title>Silvia Orriols: fascismo con sabor a fuet - Revista Rambla<\/title>\n<meta name=\"robots\" content=\"index, follow, max-snippet:-1, max-image-preview:large, max-video-preview:-1\" \/>\n<link rel=\"canonical\" href=\"https:\/\/www.revistarambla.com\/en\/silvia-orriols-fascismo-con-sabor-a-fuet\/\" \/>\n<meta property=\"og:locale\" content=\"en_GB\" \/>\n<meta property=\"og:type\" content=\"article\" \/>\n<meta property=\"og:title\" content=\"Silvia Orriols: fascismo con sabor a fuet - Revista Rambla\" \/>\n<meta property=\"og:description\" content=\"En el convulso escenario pol\u00edtico catal\u00e1n, pocas figuras han polarizado tanto la opini\u00f3n p\u00fablica como Silvia Orriols.\" \/>\n<meta property=\"og:url\" content=\"https:\/\/www.revistarambla.com\/en\/silvia-orriols-fascismo-con-sabor-a-fuet\/\" \/>\n<meta property=\"og:site_name\" content=\"Revista Rambla\" \/>\n<meta property=\"article:publisher\" content=\"https:\/\/www.facebook.com\/revistarambla\/\" \/>\n<meta property=\"article:author\" content=\"https:\/\/www.facebook.com\/revistarambla\" \/>\n<meta property=\"article:published_time\" content=\"2025-02-03T20:00:39+00:00\" \/>\n<meta property=\"article:modified_time\" content=\"2025-02-03T20:01:33+00:00\" \/>\n<meta property=\"og:image\" content=\"https:\/\/www.revistarambla.com\/wp-content\/uploads\/2025\/02\/orriolsrtve2.jpg\" \/>\n\t<meta property=\"og:image:width\" content=\"750\" \/>\n\t<meta property=\"og:image:height\" content=\"446\" \/>\n\t<meta property=\"og:image:type\" content=\"image\/jpeg\" \/>\n<meta name=\"author\" content=\"R@mbla\" \/>\n<meta name=\"twitter:card\" content=\"summary_large_image\" \/>\n<meta name=\"twitter:creator\" content=\"@revistarambla\" \/>\n<meta name=\"twitter:site\" content=\"@revistarambla\" \/>\n<meta name=\"twitter:label1\" content=\"Written by\" \/>\n\t<meta name=\"twitter:data1\" content=\"R@mbla\" \/>\n\t<meta name=\"twitter:label2\" content=\"Estimated reading time\" \/>\n\t<meta name=\"twitter:data2\" content=\"5 minutes\" \/>\n<script type=\"application\/ld+json\" class=\"yoast-schema-graph\">{\"@context\":\"https:\\\/\\\/schema.org\",\"@graph\":[{\"@type\":\"Article\",\"@id\":\"https:\\\/\\\/www.revistarambla.com\\\/silvia-orriols-fascismo-con-sabor-a-fuet\\\/#article\",\"isPartOf\":{\"@id\":\"https:\\\/\\\/www.revistarambla.com\\\/silvia-orriols-fascismo-con-sabor-a-fuet\\\/\"},\"author\":{\"name\":\"R@mbla\",\"@id\":\"https:\\\/\\\/www.revistarambla.com\\\/#\\\/schema\\\/person\\\/a146a5a2550b94981a75131180e1bd9c\"},\"headline\":\"Silvia Orriols: fascismo con sabor a fuet\",\"datePublished\":\"2025-02-03T20:00:39+00:00\",\"dateModified\":\"2025-02-03T20:01:33+00:00\",\"mainEntityOfPage\":{\"@id\":\"https:\\\/\\\/www.revistarambla.com\\\/silvia-orriols-fascismo-con-sabor-a-fuet\\\/\"},\"wordCount\":1040,\"publisher\":{\"@id\":\"https:\\\/\\\/www.revistarambla.com\\\/#organization\"},\"image\":{\"@id\":\"https:\\\/\\\/www.revistarambla.com\\\/silvia-orriols-fascismo-con-sabor-a-fuet\\\/#primaryimage\"},\"thumbnailUrl\":\"https:\\\/\\\/www.revistarambla.com\\\/wp-content\\\/uploads\\\/2025\\\/02\\\/orriolsrtve2.jpg\",\"articleSection\":[\"Catalunya\"],\"inLanguage\":\"en-GB\"},{\"@type\":\"WebPage\",\"@id\":\"https:\\\/\\\/www.revistarambla.com\\\/silvia-orriols-fascismo-con-sabor-a-fuet\\\/\",\"url\":\"https:\\\/\\\/www.revistarambla.com\\\/silvia-orriols-fascismo-con-sabor-a-fuet\\\/\",\"name\":\"Silvia Orriols: fascismo con sabor a fuet - Revista Rambla\",\"isPartOf\":{\"@id\":\"https:\\\/\\\/www.revistarambla.com\\\/#website\"},\"primaryImageOfPage\":{\"@id\":\"https:\\\/\\\/www.revistarambla.com\\\/silvia-orriols-fascismo-con-sabor-a-fuet\\\/#primaryimage\"},\"image\":{\"@id\":\"https:\\\/\\\/www.revistarambla.com\\\/silvia-orriols-fascismo-con-sabor-a-fuet\\\/#primaryimage\"},\"thumbnailUrl\":\"https:\\\/\\\/www.revistarambla.com\\\/wp-content\\\/uploads\\\/2025\\\/02\\\/orriolsrtve2.jpg\",\"datePublished\":\"2025-02-03T20:00:39+00:00\",\"dateModified\":\"2025-02-03T20:01:33+00:00\",\"breadcrumb\":{\"@id\":\"https:\\\/\\\/www.revistarambla.com\\\/silvia-orriols-fascismo-con-sabor-a-fuet\\\/#breadcrumb\"},\"inLanguage\":\"en-GB\",\"potentialAction\":[{\"@type\":\"ReadAction\",\"target\":[\"https:\\\/\\\/www.revistarambla.com\\\/silvia-orriols-fascismo-con-sabor-a-fuet\\\/\"]}]},{\"@type\":\"ImageObject\",\"inLanguage\":\"en-GB\",\"@id\":\"https:\\\/\\\/www.revistarambla.com\\\/silvia-orriols-fascismo-con-sabor-a-fuet\\\/#primaryimage\",\"url\":\"https:\\\/\\\/www.revistarambla.com\\\/wp-content\\\/uploads\\\/2025\\\/02\\\/orriolsrtve2.jpg\",\"contentUrl\":\"https:\\\/\\\/www.revistarambla.com\\\/wp-content\\\/uploads\\\/2025\\\/02\\\/orriolsrtve2.jpg\",\"width\":750,\"height\":446,\"caption\":\"silvia orriols CATALANIDAD ORRIOLS\"},{\"@type\":\"BreadcrumbList\",\"@id\":\"https:\\\/\\\/www.revistarambla.com\\\/silvia-orriols-fascismo-con-sabor-a-fuet\\\/#breadcrumb\",\"itemListElement\":[{\"@type\":\"ListItem\",\"position\":1,\"name\":\"Portada\",\"item\":\"https:\\\/\\\/www.revistarambla.com\\\/\"},{\"@type\":\"ListItem\",\"position\":2,\"name\":\"Silvia Orriols: fascismo con sabor a fuet\"}]},{\"@type\":\"WebSite\",\"@id\":\"https:\\\/\\\/www.revistarambla.com\\\/#website\",\"url\":\"https:\\\/\\\/www.revistarambla.com\\\/\",\"name\":\"Revista Rambla Barcelona\",\"description\":\"Periodismo independiente\",\"publisher\":{\"@id\":\"https:\\\/\\\/www.revistarambla.com\\\/#organization\"},\"potentialAction\":[{\"@type\":\"SearchAction\",\"target\":{\"@type\":\"EntryPoint\",\"urlTemplate\":\"https:\\\/\\\/www.revistarambla.com\\\/?s={search_term_string}\"},\"query-input\":{\"@type\":\"PropertyValueSpecification\",\"valueRequired\":true,\"valueName\":\"search_term_string\"}}],\"inLanguage\":\"en-GB\"},{\"@type\":\"Organization\",\"@id\":\"https:\\\/\\\/www.revistarambla.com\\\/#organization\",\"name\":\"Revista Rambla\",\"url\":\"https:\\\/\\\/www.revistarambla.com\\\/\",\"logo\":{\"@type\":\"ImageObject\",\"inLanguage\":\"en-GB\",\"@id\":\"https:\\\/\\\/www.revistarambla.com\\\/#\\\/schema\\\/logo\\\/image\\\/\",\"url\":\"https:\\\/\\\/www.revistarambla.com\\\/wp-content\\\/uploads\\\/2020\\\/09\\\/banner_rambla_1900x600_BB.png\",\"contentUrl\":\"https:\\\/\\\/www.revistarambla.com\\\/wp-content\\\/uploads\\\/2020\\\/09\\\/banner_rambla_1900x600_BB.png\",\"width\":1900,\"height\":600,\"caption\":\"Revista Rambla\"},\"image\":{\"@id\":\"https:\\\/\\\/www.revistarambla.com\\\/#\\\/schema\\\/logo\\\/image\\\/\"},\"sameAs\":[\"https:\\\/\\\/www.facebook.com\\\/revistarambla\\\/\",\"https:\\\/\\\/x.com\\\/revistarambla\",\"https:\\\/\\\/www.instagram.com\\\/revista_rambla\",\"https:\\\/\\\/es.linkedin.com\\\/company\\\/revista-rambla\"]},{\"@type\":\"Person\",\"@id\":\"https:\\\/\\\/www.revistarambla.com\\\/#\\\/schema\\\/person\\\/a146a5a2550b94981a75131180e1bd9c\",\"name\":\"R@mbla\",\"description\":\"Este art\u00edculo ha sido redactado y\\\/o validado por el equipo de redacci\u00f3n de Revista Rambla.\",\"sameAs\":[\"https:\\\/\\\/www.revistarambla.com\\\/\",\"https:\\\/\\\/www.facebook.com\\\/revistarambla\",\"https:\\\/\\\/x.com\\\/revistarambla\"]}]}<\/script>\n<!-- \/ Yoast SEO plugin. -->","yoast_head_json":{"title":"Silvia Orriols: fascismo con sabor a fuet - Revista Rambla","robots":{"index":"index","follow":"follow","max-snippet":"max-snippet:-1","max-image-preview":"max-image-preview:large","max-video-preview":"max-video-preview:-1"},"canonical":"https:\/\/www.revistarambla.com\/en\/silvia-orriols-fascismo-con-sabor-a-fuet\/","og_locale":"en_GB","og_type":"article","og_title":"Silvia Orriols: fascismo con sabor a fuet - Revista Rambla","og_description":"En el convulso escenario pol\u00edtico catal\u00e1n, pocas figuras han polarizado tanto la opini\u00f3n p\u00fablica como Silvia Orriols.","og_url":"https:\/\/www.revistarambla.com\/en\/silvia-orriols-fascismo-con-sabor-a-fuet\/","og_site_name":"Revista Rambla","article_publisher":"https:\/\/www.facebook.com\/revistarambla\/","article_author":"https:\/\/www.facebook.com\/revistarambla","article_published_time":"2025-02-03T20:00:39+00:00","article_modified_time":"2025-02-03T20:01:33+00:00","og_image":[{"width":750,"height":446,"url":"https:\/\/www.revistarambla.com\/wp-content\/uploads\/2025\/02\/orriolsrtve2.jpg","type":"image\/jpeg"}],"author":"R@mbla","twitter_card":"summary_large_image","twitter_creator":"@revistarambla","twitter_site":"@revistarambla","twitter_misc":{"Written by":"R@mbla","Estimated reading time":"5 minutes"},"schema":{"@context":"https:\/\/schema.org","@graph":[{"@type":"Article","@id":"https:\/\/www.revistarambla.com\/silvia-orriols-fascismo-con-sabor-a-fuet\/#article","isPartOf":{"@id":"https:\/\/www.revistarambla.com\/silvia-orriols-fascismo-con-sabor-a-fuet\/"},"author":{"name":"R@mbla","@id":"https:\/\/www.revistarambla.com\/#\/schema\/person\/a146a5a2550b94981a75131180e1bd9c"},"headline":"Silvia Orriols: fascismo con sabor a fuet","datePublished":"2025-02-03T20:00:39+00:00","dateModified":"2025-02-03T20:01:33+00:00","mainEntityOfPage":{"@id":"https:\/\/www.revistarambla.com\/silvia-orriols-fascismo-con-sabor-a-fuet\/"},"wordCount":1040,"publisher":{"@id":"https:\/\/www.revistarambla.com\/#organization"},"image":{"@id":"https:\/\/www.revistarambla.com\/silvia-orriols-fascismo-con-sabor-a-fuet\/#primaryimage"},"thumbnailUrl":"https:\/\/www.revistarambla.com\/wp-content\/uploads\/2025\/02\/orriolsrtve2.jpg","articleSection":["Catalunya"],"inLanguage":"en-GB"},{"@type":"WebPage","@id":"https:\/\/www.revistarambla.com\/silvia-orriols-fascismo-con-sabor-a-fuet\/","url":"https:\/\/www.revistarambla.com\/silvia-orriols-fascismo-con-sabor-a-fuet\/","name":"Silvia Orriols: fascismo con sabor a fuet - Revista Rambla","isPartOf":{"@id":"https:\/\/www.revistarambla.com\/#website"},"primaryImageOfPage":{"@id":"https:\/\/www.revistarambla.com\/silvia-orriols-fascismo-con-sabor-a-fuet\/#primaryimage"},"image":{"@id":"https:\/\/www.revistarambla.com\/silvia-orriols-fascismo-con-sabor-a-fuet\/#primaryimage"},"thumbnailUrl":"https:\/\/www.revistarambla.com\/wp-content\/uploads\/2025\/02\/orriolsrtve2.jpg","datePublished":"2025-02-03T20:00:39+00:00","dateModified":"2025-02-03T20:01:33+00:00","breadcrumb":{"@id":"https:\/\/www.revistarambla.com\/silvia-orriols-fascismo-con-sabor-a-fuet\/#breadcrumb"},"inLanguage":"en-GB","potentialAction":[{"@type":"ReadAction","target":["https:\/\/www.revistarambla.com\/silvia-orriols-fascismo-con-sabor-a-fuet\/"]}]},{"@type":"ImageObject","inLanguage":"en-GB","@id":"https:\/\/www.revistarambla.com\/silvia-orriols-fascismo-con-sabor-a-fuet\/#primaryimage","url":"https:\/\/www.revistarambla.com\/wp-content\/uploads\/2025\/02\/orriolsrtve2.jpg","contentUrl":"https:\/\/www.revistarambla.com\/wp-content\/uploads\/2025\/02\/orriolsrtve2.jpg","width":750,"height":446,"caption":"silvia orriols CATALANIDAD ORRIOLS"},{"@type":"BreadcrumbList","@id":"https:\/\/www.revistarambla.com\/silvia-orriols-fascismo-con-sabor-a-fuet\/#breadcrumb","itemListElement":[{"@type":"ListItem","position":1,"name":"Portada","item":"https:\/\/www.revistarambla.com\/"},{"@type":"ListItem","position":2,"name":"Silvia Orriols: fascismo con sabor a fuet"}]},{"@type":"WebSite","@id":"https:\/\/www.revistarambla.com\/#website","url":"https:\/\/www.revistarambla.com\/","name":"Revista Rambla Barcelona","description":"Periodismo independiente","publisher":{"@id":"https:\/\/www.revistarambla.com\/#organization"},"potentialAction":[{"@type":"SearchAction","target":{"@type":"EntryPoint","urlTemplate":"https:\/\/www.revistarambla.com\/?s={search_term_string}"},"query-input":{"@type":"PropertyValueSpecification","valueRequired":true,"valueName":"search_term_string"}}],"inLanguage":"en-GB"},{"@type":"Organization","@id":"https:\/\/www.revistarambla.com\/#organization","name":"Revista Rambla","url":"https:\/\/www.revistarambla.com\/","logo":{"@type":"ImageObject","inLanguage":"en-GB","@id":"https:\/\/www.revistarambla.com\/#\/schema\/logo\/image\/","url":"https:\/\/www.revistarambla.com\/wp-content\/uploads\/2020\/09\/banner_rambla_1900x600_BB.png","contentUrl":"https:\/\/www.revistarambla.com\/wp-content\/uploads\/2020\/09\/banner_rambla_1900x600_BB.png","width":1900,"height":600,"caption":"Revista Rambla"},"image":{"@id":"https:\/\/www.revistarambla.com\/#\/schema\/logo\/image\/"},"sameAs":["https:\/\/www.facebook.com\/revistarambla\/","https:\/\/x.com\/revistarambla","https:\/\/www.instagram.com\/revista_rambla","https:\/\/es.linkedin.com\/company\/revista-rambla"]},{"@type":"Person","@id":"https:\/\/www.revistarambla.com\/#\/schema\/person\/a146a5a2550b94981a75131180e1bd9c","name":"R@mbla","description":"Este art\u00edculo ha sido redactado y\/o validado por el equipo de redacci\u00f3n de Revista Rambla.","sameAs":["https:\/\/www.revistarambla.com\/","https:\/\/www.facebook.com\/revistarambla","https:\/\/x.com\/revistarambla"]}]}},"_links":{"self":[{"href":"https:\/\/www.revistarambla.com\/en\/wp-json\/wp\/v2\/posts\/64302","targetHints":{"allow":["GET"]}}],"collection":[{"href":"https:\/\/www.revistarambla.com\/en\/wp-json\/wp\/v2\/posts"}],"about":[{"href":"https:\/\/www.revistarambla.com\/en\/wp-json\/wp\/v2\/types\/post"}],"author":[{"embeddable":true,"href":"https:\/\/www.revistarambla.com\/en\/wp-json\/wp\/v2\/users\/3"}],"replies":[{"embeddable":true,"href":"https:\/\/www.revistarambla.com\/en\/wp-json\/wp\/v2\/comments?post=64302"}],"version-history":[{"count":4,"href":"https:\/\/www.revistarambla.com\/en\/wp-json\/wp\/v2\/posts\/64302\/revisions"}],"predecessor-version":[{"id":64307,"href":"https:\/\/www.revistarambla.com\/en\/wp-json\/wp\/v2\/posts\/64302\/revisions\/64307"}],"wp:featuredmedia":[{"embeddable":true,"href":"https:\/\/www.revistarambla.com\/en\/wp-json\/wp\/v2\/media\/64305"}],"wp:attachment":[{"href":"https:\/\/www.revistarambla.com\/en\/wp-json\/wp\/v2\/media?parent=64302"}],"wp:term":[{"taxonomy":"category","embeddable":true,"href":"https:\/\/www.revistarambla.com\/en\/wp-json\/wp\/v2\/categories?post=64302"},{"taxonomy":"post_tag","embeddable":true,"href":"https:\/\/www.revistarambla.com\/en\/wp-json\/wp\/v2\/tags?post=64302"}],"curies":[{"name":"wp","href":"https:\/\/api.w.org\/{rel}","templated":true}]}}