{"id":641,"date":"2010-12-02T11:12:49","date_gmt":"2010-12-02T10:12:49","guid":{"rendered":"https:\/\/www.revistarambla.com\/viaje-al-pasado-con-las-divas-del-mambo\/"},"modified":"2021-12-16T21:17:21","modified_gmt":"2021-12-16T20:17:21","slug":"viaje-al-pasado-con-las-divas-del-mambo","status":"publish","type":"post","link":"https:\/\/www.revistarambla.com\/en\/viaje-al-pasado-con-las-divas-del-mambo\/","title":{"rendered":"Viaje al pasado con las Divas del Mambo"},"content":{"rendered":"<p><img decoding=\"async\" class=\"alignright\" src=\"https:\/\/www.revistarambla.com\/wp-content\/uploads\/2010\/12\/divas%20mambo008.jpg\" alt=\"alt\" width=\"404\" height=\"219\" \/><\/p>\n<p style=\"text-align: left;\">La sala Marula Caf\u00e9 de Barcelona acogi\u00f3 la noche del 26 de noviembre a las <strong>Divas del Mambo<\/strong>, un grupo que ha optado por un estilo musical diferente y desconocido, a caballo entre la opera, el jazz y el cabaret, pero que sin embargo atrae a un importante n\u00famero de seguidores.<\/p>\n<p style=\"text-align: left;\">Cuando se re\u00fanen una cantante alemana, otra mejicana, una pianista catalana y un saxofonista navarro, el resultado es, como m\u00ednimo, un tanto peculiar. Sophie Kingele, Daniela Sarmiento, Montse Pujol-Dahme y Miguel Villar son las Divas del Mambo, un grupo formado en Barcelona hace un a\u00f1o y que poco a poco inicia sus andaduras en el mundo del espect\u00e1culo. Los or\u00edgenes de este cuarteto provienen de la m\u00fasica cl\u00e1sica: todos y cada uno de ellos se dedicaban a interpretar piezas del repertorio cl\u00e1sico antes de conocerse y han comenzado sus carreras profesionales en los mejores conservatorios. En cambio, encima del escenario la imagen es totalmente distinta: pamelas, boas de plumas, largos vestidos y una performance que nos devuelve a la d\u00e9cada de los a\u00f1os 30. Una vez se aten\u00faan\u00a0 las luces de la sala, da la sensaci\u00f3n de que perfectamente nos podr\u00edamos encontrar en un cabaret del Berl\u00edn de esa misma \u00e9poca.\u00a0 Sobre las tablas Sophie (soprano) y Daniela (mezzo-soprano) intercambian miradas c\u00f3mplices e hipnotizan al p\u00fablico con sus voces poderosas y sensuales que conforman el epicentro de su particular \u201cshow\u201d.<\/p>\n<p style=\"text-align: left;\">El pasado viernes las Divas del Mambo ofrecieron un concierto con mucho glamour en la Sala Marula Caf\u00e9, en el que interpretaron diversos temas de autores como Poulenc, Satie, Weill, Gershwin, Porter, entre otros, y nos dedicaron posteriormente unos momentos para hablarnos de su m\u00fasica.<\/p>\n<p style=\"text-align: left;\"><strong>\u00bfC\u00f3mo se form\u00f3 el grupo?<\/strong><\/p>\n<p style=\"text-align: left;\"><strong>Divas del Mambo-. <\/strong>Todo surgi\u00f3 porque ten\u00edamos que hacer una actuaci\u00f3n en la peluquer\u00eda de una amiga que se llamaba \u201cPeluquer\u00eda Mambo\u201d, de ah\u00ed el origen del nombre de nuestro grupo. Precisamente fue ella la que nos anim\u00f3 a caracterizarnos con los peinados y maquillajes de los a\u00f1os 30; nosotros entonces buscamos un repertorio af\u00edn y result\u00f3 que el primer concierto le gust\u00f3 mucho al p\u00fablico y tuvo una gran acogida. A partir de ese momento ampliamos el repertorio y empezamos a trabajar en \u00e9l. Anteriormente ya hab\u00edamos trabajado durante unos tres o cuatro a\u00f1os juntas (Miguel se incorpor\u00f3 m\u00e1s tarde) pero \u00fanicamente con temas m\u00e1s cl\u00e1sicos. Fue en una fiesta en la que coincidimos y\u00a0 Miguel hizo unas improvisaciones con el saxo cuando pensamos que ser\u00eda buena idea trabajar los cuatro juntos.<\/p>\n<p style=\"text-align: left;\"><strong>\u00bfHab\u00e9is editado alg\u00fan disco con estos temas?<\/strong><\/p>\n<p style=\"text-align: left;\"><strong>Divas del Mambo-. <\/strong>De momento solo disponemos de una maqueta. Adem\u00e1s vamos evolucionando en nuestro estilo. Llevamos casi un a\u00f1o con el mismo espect\u00e1culo y progresivamente hemos incorporado otros temas y estamos pensando en cambiar un poco el estilo pero sin desviarnos mucho de la l\u00ednea que hemos seguido hasta ahora.<\/p>\n<p style=\"text-align: left;\"><strong>\u00bfC\u00f3mo veis el panorama musical en Barcelona?<\/strong><\/p>\n<p style=\"text-align: left;\"><strong>Divas del Mambo-. <\/strong>Es dif\u00edcil para un grupo como nosotros que presenta algo fuera de lo normal encontrar foros y sitios donde poder hacer conciertos y que la gente lo vaya descubriendo. La ventaja que tenemos es que podemos hacer conciertos ac\u00fasticos, lo que nos permite actuar en todo tipo de locales aunque sean m\u00e1s peque\u00f1os. Aun as\u00ed la cosa pinta dif\u00edcil, ya se sabe que en Barcelona se le exige mucho a la m\u00fasica en directo y si no lo llevas todo muy bien preparado cada vez es m\u00e1s complicado hacer m\u00fasica en vivo.<\/p>\n<p style=\"text-align: left;\"><strong>\u00bfHab\u00e9is pensado en proyectaros en otras ciudades?<\/strong><\/p>\n<p style=\"text-align: left;\"><strong>Divas del Mambo-. <\/strong>Estamos en ello. De momento llevamos un a\u00f1o con este espect\u00e1culo y estamos planificando cosas nuevas tambi\u00e9n para presentarnos a alg\u00fan festival tanto aqu\u00ed en Barcelona como en otras ciudades o incluso Alemania.<\/p>\n<p style=\"text-align: left;\">Para todos aquellos que est\u00e9n interesados en descubrir a las Divas del Mambo y adem\u00e1s pasar un buen rato disfrutando de buena m\u00fasica con clase les ofrecemos las fechas de sus pr\u00f3ximos conciertos en Barcelona:<\/p>\n<p style=\"text-align: left;\">-El jueves 16 de diciembre a las 20:45 en la Librer\u00eda General de Arte Mart\u00ednez P\u00e9rez.<\/p>\n<p style=\"text-align: left;\">C\/ Valencia, 246 (entre Rambla Catalu\u00f1a y Balmes). 08007 Bcn.<\/p>\n<p style=\"text-align: left;\"><a href=\"http:\/\/libreriamartinezperez.blogspot.es\/\">http:\/\/libreriamartinezperez.blogspot.es\/<\/a><\/p>\n<p style=\"text-align: left;\">-El viernes 11 de febrero en Robadors 23.<\/p>\n<p style=\"text-align: left;\">C\/ d\u2019En Robador, 23. CP: 08001 Bcn.<\/p>","protected":false},"excerpt":{"rendered":"<p>La sala Marula Caf\u00e9 de Barcelona acogi\u00f3 la noche del 26 de noviembre a las Divas del Mambo, un grupo que ha optado por un estilo musical diferente y desconocido, a caballo entre la opera, el jazz y el cabaret, pero que sin embargo atrae a un importante n\u00famero de [&hellip;]<\/p>\n","protected":false},"author":66,"featured_media":0,"comment_status":"open","ping_status":"open","sticky":false,"template":"","format":"standard","meta":{"footnotes":""},"categories":[4,65],"tags":[],"class_list":["post-641","post","type-post","status-publish","format-standard","hentry","category-cultura","category-musica"],"yoast_head":"<!-- This site is optimized with the Yoast SEO plugin v27.5 - https:\/\/yoast.com\/product\/yoast-seo-wordpress\/ -->\n<title>Viaje al pasado con las Divas del Mambo - Revista Rambla<\/title>\n<meta name=\"description\" content=\"La sala Marula Caf\u00e9 de Barcelona acogi\u00f3 la noche del 26 de noviembre a las Divas del Mambo, un grupo que ha optado por un estilo musical diferente y desc...\" \/>\n<meta name=\"robots\" content=\"index, follow, max-snippet:-1, max-image-preview:large, max-video-preview:-1\" \/>\n<link rel=\"canonical\" href=\"https:\/\/www.revistarambla.com\/en\/viaje-al-pasado-con-las-divas-del-mambo\/\" \/>\n<meta property=\"og:locale\" content=\"en_GB\" \/>\n<meta property=\"og:type\" content=\"article\" \/>\n<meta property=\"og:title\" content=\"Viaje al pasado con las Divas del Mambo - Revista Rambla\" \/>\n<meta property=\"og:description\" content=\"La sala Marula Caf\u00e9 de Barcelona acogi\u00f3 la noche del 26 de noviembre a las Divas del Mambo, un grupo que ha optado por un estilo musical diferente y desc...\" \/>\n<meta property=\"og:url\" content=\"https:\/\/www.revistarambla.com\/en\/viaje-al-pasado-con-las-divas-del-mambo\/\" \/>\n<meta property=\"og:site_name\" content=\"Revista Rambla\" \/>\n<meta property=\"article:publisher\" content=\"https:\/\/www.facebook.com\/revistarambla\/\" \/>\n<meta property=\"article:published_time\" content=\"2010-12-02T10:12:49+00:00\" \/>\n<meta property=\"article:modified_time\" content=\"2021-12-16T20:17:21+00:00\" \/>\n<meta property=\"og:image\" content=\"https:\/\/www.revistarambla.com\/wp-content\/uploads\/2010\/12\/divas%20mambo009.jpg\" \/>\n\t<meta property=\"og:image:width\" content=\"250\" \/>\n\t<meta property=\"og:image:height\" content=\"172\" \/>\n\t<meta property=\"og:image:type\" content=\"image\/jpeg\" \/>\n<meta name=\"author\" content=\"Ver\u00f3nica Encinas Salgado\" \/>\n<meta name=\"twitter:card\" content=\"summary_large_image\" \/>\n<meta name=\"twitter:creator\" content=\"@revistarambla\" \/>\n<meta name=\"twitter:site\" content=\"@revistarambla\" \/>\n<meta name=\"twitter:label1\" content=\"Written by\" \/>\n\t<meta name=\"twitter:data1\" content=\"Ver\u00f3nica Encinas Salgado\" \/>\n\t<meta name=\"twitter:label2\" content=\"Estimated reading time\" \/>\n\t<meta name=\"twitter:data2\" content=\"4 minutes\" \/>\n<script type=\"application\/ld+json\" class=\"yoast-schema-graph\">{\"@context\":\"https:\\\/\\\/schema.org\",\"@graph\":[{\"@type\":\"Article\",\"@id\":\"https:\\\/\\\/www.revistarambla.com\\\/viaje-al-pasado-con-las-divas-del-mambo\\\/#article\",\"isPartOf\":{\"@id\":\"https:\\\/\\\/www.revistarambla.com\\\/viaje-al-pasado-con-las-divas-del-mambo\\\/\"},\"author\":{\"name\":\"Ver\u00f3nica Encinas Salgado\",\"@id\":\"https:\\\/\\\/www.revistarambla.com\\\/#\\\/schema\\\/person\\\/d5b8d7715dcc8b0e3eeac113266d2af6\"},\"headline\":\"Viaje al pasado con las Divas del Mambo\",\"datePublished\":\"2010-12-02T10:12:49+00:00\",\"dateModified\":\"2021-12-16T20:17:21+00:00\",\"mainEntityOfPage\":{\"@id\":\"https:\\\/\\\/www.revistarambla.com\\\/viaje-al-pasado-con-las-divas-del-mambo\\\/\"},\"wordCount\":755,\"commentCount\":0,\"publisher\":{\"@id\":\"https:\\\/\\\/www.revistarambla.com\\\/#organization\"},\"image\":{\"@id\":\"https:\\\/\\\/www.revistarambla.com\\\/viaje-al-pasado-con-las-divas-del-mambo\\\/#primaryimage\"},\"thumbnailUrl\":\"https:\\\/\\\/www.revistarambla.com\\\/wp-content\\\/uploads\\\/2010\\\/12\\\/divas%20mambo008.jpg\",\"articleSection\":[\"Cultura\",\"M\u00fasica\"],\"inLanguage\":\"en-GB\",\"potentialAction\":[{\"@type\":\"CommentAction\",\"name\":\"Comment\",\"target\":[\"https:\\\/\\\/www.revistarambla.com\\\/viaje-al-pasado-con-las-divas-del-mambo\\\/#respond\"]}]},{\"@type\":\"WebPage\",\"@id\":\"https:\\\/\\\/www.revistarambla.com\\\/viaje-al-pasado-con-las-divas-del-mambo\\\/\",\"url\":\"https:\\\/\\\/www.revistarambla.com\\\/viaje-al-pasado-con-las-divas-del-mambo\\\/\",\"name\":\"Viaje al pasado con las Divas del Mambo - Revista Rambla\",\"isPartOf\":{\"@id\":\"https:\\\/\\\/www.revistarambla.com\\\/#website\"},\"primaryImageOfPage\":{\"@id\":\"https:\\\/\\\/www.revistarambla.com\\\/viaje-al-pasado-con-las-divas-del-mambo\\\/#primaryimage\"},\"image\":{\"@id\":\"https:\\\/\\\/www.revistarambla.com\\\/viaje-al-pasado-con-las-divas-del-mambo\\\/#primaryimage\"},\"thumbnailUrl\":\"https:\\\/\\\/www.revistarambla.com\\\/wp-content\\\/uploads\\\/2010\\\/12\\\/divas%20mambo008.jpg\",\"datePublished\":\"2010-12-02T10:12:49+00:00\",\"dateModified\":\"2021-12-16T20:17:21+00:00\",\"description\":\"La sala Marula Caf\u00e9 de Barcelona acogi\u00f3 la noche del 26 de noviembre a las Divas del Mambo, un grupo que ha optado por un estilo musical diferente y desc...\",\"breadcrumb\":{\"@id\":\"https:\\\/\\\/www.revistarambla.com\\\/viaje-al-pasado-con-las-divas-del-mambo\\\/#breadcrumb\"},\"inLanguage\":\"en-GB\",\"potentialAction\":[{\"@type\":\"ReadAction\",\"target\":[\"https:\\\/\\\/www.revistarambla.com\\\/viaje-al-pasado-con-las-divas-del-mambo\\\/\"]}]},{\"@type\":\"ImageObject\",\"inLanguage\":\"en-GB\",\"@id\":\"https:\\\/\\\/www.revistarambla.com\\\/viaje-al-pasado-con-las-divas-del-mambo\\\/#primaryimage\",\"url\":\"https:\\\/\\\/www.revistarambla.com\\\/wp-content\\\/uploads\\\/2010\\\/12\\\/divas%20mambo008.jpg\",\"contentUrl\":\"https:\\\/\\\/www.revistarambla.com\\\/wp-content\\\/uploads\\\/2010\\\/12\\\/divas%20mambo008.jpg\"},{\"@type\":\"BreadcrumbList\",\"@id\":\"https:\\\/\\\/www.revistarambla.com\\\/viaje-al-pasado-con-las-divas-del-mambo\\\/#breadcrumb\",\"itemListElement\":[{\"@type\":\"ListItem\",\"position\":1,\"name\":\"Portada\",\"item\":\"https:\\\/\\\/www.revistarambla.com\\\/\"},{\"@type\":\"ListItem\",\"position\":2,\"name\":\"Viaje al pasado con las Divas del Mambo\"}]},{\"@type\":\"WebSite\",\"@id\":\"https:\\\/\\\/www.revistarambla.com\\\/#website\",\"url\":\"https:\\\/\\\/www.revistarambla.com\\\/\",\"name\":\"Revista Rambla Barcelona\",\"description\":\"Periodismo independiente\",\"publisher\":{\"@id\":\"https:\\\/\\\/www.revistarambla.com\\\/#organization\"},\"potentialAction\":[{\"@type\":\"SearchAction\",\"target\":{\"@type\":\"EntryPoint\",\"urlTemplate\":\"https:\\\/\\\/www.revistarambla.com\\\/?s={search_term_string}\"},\"query-input\":{\"@type\":\"PropertyValueSpecification\",\"valueRequired\":true,\"valueName\":\"search_term_string\"}}],\"inLanguage\":\"en-GB\"},{\"@type\":\"Organization\",\"@id\":\"https:\\\/\\\/www.revistarambla.com\\\/#organization\",\"name\":\"Revista Rambla\",\"url\":\"https:\\\/\\\/www.revistarambla.com\\\/\",\"logo\":{\"@type\":\"ImageObject\",\"inLanguage\":\"en-GB\",\"@id\":\"https:\\\/\\\/www.revistarambla.com\\\/#\\\/schema\\\/logo\\\/image\\\/\",\"url\":\"https:\\\/\\\/www.revistarambla.com\\\/wp-content\\\/uploads\\\/2020\\\/09\\\/banner_rambla_1900x600_BB.png\",\"contentUrl\":\"https:\\\/\\\/www.revistarambla.com\\\/wp-content\\\/uploads\\\/2020\\\/09\\\/banner_rambla_1900x600_BB.png\",\"width\":1900,\"height\":600,\"caption\":\"Revista Rambla\"},\"image\":{\"@id\":\"https:\\\/\\\/www.revistarambla.com\\\/#\\\/schema\\\/logo\\\/image\\\/\"},\"sameAs\":[\"https:\\\/\\\/www.facebook.com\\\/revistarambla\\\/\",\"https:\\\/\\\/x.com\\\/revistarambla\",\"https:\\\/\\\/www.instagram.com\\\/revista_rambla\",\"https:\\\/\\\/es.linkedin.com\\\/company\\\/revista-rambla\"]},{\"@type\":\"Person\",\"@id\":\"https:\\\/\\\/www.revistarambla.com\\\/#\\\/schema\\\/person\\\/d5b8d7715dcc8b0e3eeac113266d2af6\",\"name\":\"Ver\u00f3nica Encinas Salgado\",\"description\":\"Licenciada en Ciencias Pol\u00edticas por la Universidad Aut\u00f3noma de Barcelona y especializada en periodismo y comunicaci\u00f3n digital.\",\"sameAs\":[\"https:\\\/\\\/www.instagram.com\\\/veronica.encinas.salgado\\\/\",\"https:\\\/\\\/es.linkedin.com\\\/in\\\/veronicaencinassalgado\"]}]}<\/script>\n<!-- \/ Yoast SEO plugin. -->","yoast_head_json":{"title":"Viaje al pasado con las Divas del Mambo - Revista Rambla","description":"La sala Marula Caf\u00e9 de Barcelona acogi\u00f3 la noche del 26 de noviembre a las Divas del Mambo, un grupo que ha optado por un estilo musical diferente y desc...","robots":{"index":"index","follow":"follow","max-snippet":"max-snippet:-1","max-image-preview":"max-image-preview:large","max-video-preview":"max-video-preview:-1"},"canonical":"https:\/\/www.revistarambla.com\/en\/viaje-al-pasado-con-las-divas-del-mambo\/","og_locale":"en_GB","og_type":"article","og_title":"Viaje al pasado con las Divas del Mambo - Revista Rambla","og_description":"La sala Marula Caf\u00e9 de Barcelona acogi\u00f3 la noche del 26 de noviembre a las Divas del Mambo, un grupo que ha optado por un estilo musical diferente y desc...","og_url":"https:\/\/www.revistarambla.com\/en\/viaje-al-pasado-con-las-divas-del-mambo\/","og_site_name":"Revista Rambla","article_publisher":"https:\/\/www.facebook.com\/revistarambla\/","article_published_time":"2010-12-02T10:12:49+00:00","article_modified_time":"2021-12-16T20:17:21+00:00","og_image":[{"width":250,"height":172,"url":"https:\/\/www.revistarambla.com\/wp-content\/uploads\/2010\/12\/divas mambo009.jpg","type":"image\/jpeg"}],"author":"Ver\u00f3nica Encinas Salgado","twitter_card":"summary_large_image","twitter_creator":"@revistarambla","twitter_site":"@revistarambla","twitter_misc":{"Written by":"Ver\u00f3nica Encinas Salgado","Estimated reading time":"4 minutes"},"schema":{"@context":"https:\/\/schema.org","@graph":[{"@type":"Article","@id":"https:\/\/www.revistarambla.com\/viaje-al-pasado-con-las-divas-del-mambo\/#article","isPartOf":{"@id":"https:\/\/www.revistarambla.com\/viaje-al-pasado-con-las-divas-del-mambo\/"},"author":{"name":"Ver\u00f3nica Encinas Salgado","@id":"https:\/\/www.revistarambla.com\/#\/schema\/person\/d5b8d7715dcc8b0e3eeac113266d2af6"},"headline":"Viaje al pasado con las Divas del Mambo","datePublished":"2010-12-02T10:12:49+00:00","dateModified":"2021-12-16T20:17:21+00:00","mainEntityOfPage":{"@id":"https:\/\/www.revistarambla.com\/viaje-al-pasado-con-las-divas-del-mambo\/"},"wordCount":755,"commentCount":0,"publisher":{"@id":"https:\/\/www.revistarambla.com\/#organization"},"image":{"@id":"https:\/\/www.revistarambla.com\/viaje-al-pasado-con-las-divas-del-mambo\/#primaryimage"},"thumbnailUrl":"https:\/\/www.revistarambla.com\/wp-content\/uploads\/2010\/12\/divas%20mambo008.jpg","articleSection":["Cultura","M\u00fasica"],"inLanguage":"en-GB","potentialAction":[{"@type":"CommentAction","name":"Comment","target":["https:\/\/www.revistarambla.com\/viaje-al-pasado-con-las-divas-del-mambo\/#respond"]}]},{"@type":"WebPage","@id":"https:\/\/www.revistarambla.com\/viaje-al-pasado-con-las-divas-del-mambo\/","url":"https:\/\/www.revistarambla.com\/viaje-al-pasado-con-las-divas-del-mambo\/","name":"Viaje al pasado con las Divas del Mambo - Revista Rambla","isPartOf":{"@id":"https:\/\/www.revistarambla.com\/#website"},"primaryImageOfPage":{"@id":"https:\/\/www.revistarambla.com\/viaje-al-pasado-con-las-divas-del-mambo\/#primaryimage"},"image":{"@id":"https:\/\/www.revistarambla.com\/viaje-al-pasado-con-las-divas-del-mambo\/#primaryimage"},"thumbnailUrl":"https:\/\/www.revistarambla.com\/wp-content\/uploads\/2010\/12\/divas%20mambo008.jpg","datePublished":"2010-12-02T10:12:49+00:00","dateModified":"2021-12-16T20:17:21+00:00","description":"La sala Marula Caf\u00e9 de Barcelona acogi\u00f3 la noche del 26 de noviembre a las Divas del Mambo, un grupo que ha optado por un estilo musical diferente y desc...","breadcrumb":{"@id":"https:\/\/www.revistarambla.com\/viaje-al-pasado-con-las-divas-del-mambo\/#breadcrumb"},"inLanguage":"en-GB","potentialAction":[{"@type":"ReadAction","target":["https:\/\/www.revistarambla.com\/viaje-al-pasado-con-las-divas-del-mambo\/"]}]},{"@type":"ImageObject","inLanguage":"en-GB","@id":"https:\/\/www.revistarambla.com\/viaje-al-pasado-con-las-divas-del-mambo\/#primaryimage","url":"https:\/\/www.revistarambla.com\/wp-content\/uploads\/2010\/12\/divas%20mambo008.jpg","contentUrl":"https:\/\/www.revistarambla.com\/wp-content\/uploads\/2010\/12\/divas%20mambo008.jpg"},{"@type":"BreadcrumbList","@id":"https:\/\/www.revistarambla.com\/viaje-al-pasado-con-las-divas-del-mambo\/#breadcrumb","itemListElement":[{"@type":"ListItem","position":1,"name":"Portada","item":"https:\/\/www.revistarambla.com\/"},{"@type":"ListItem","position":2,"name":"Viaje al pasado con las Divas del Mambo"}]},{"@type":"WebSite","@id":"https:\/\/www.revistarambla.com\/#website","url":"https:\/\/www.revistarambla.com\/","name":"Revista Rambla Barcelona","description":"Periodismo independiente","publisher":{"@id":"https:\/\/www.revistarambla.com\/#organization"},"potentialAction":[{"@type":"SearchAction","target":{"@type":"EntryPoint","urlTemplate":"https:\/\/www.revistarambla.com\/?s={search_term_string}"},"query-input":{"@type":"PropertyValueSpecification","valueRequired":true,"valueName":"search_term_string"}}],"inLanguage":"en-GB"},{"@type":"Organization","@id":"https:\/\/www.revistarambla.com\/#organization","name":"Revista Rambla","url":"https:\/\/www.revistarambla.com\/","logo":{"@type":"ImageObject","inLanguage":"en-GB","@id":"https:\/\/www.revistarambla.com\/#\/schema\/logo\/image\/","url":"https:\/\/www.revistarambla.com\/wp-content\/uploads\/2020\/09\/banner_rambla_1900x600_BB.png","contentUrl":"https:\/\/www.revistarambla.com\/wp-content\/uploads\/2020\/09\/banner_rambla_1900x600_BB.png","width":1900,"height":600,"caption":"Revista Rambla"},"image":{"@id":"https:\/\/www.revistarambla.com\/#\/schema\/logo\/image\/"},"sameAs":["https:\/\/www.facebook.com\/revistarambla\/","https:\/\/x.com\/revistarambla","https:\/\/www.instagram.com\/revista_rambla","https:\/\/es.linkedin.com\/company\/revista-rambla"]},{"@type":"Person","@id":"https:\/\/www.revistarambla.com\/#\/schema\/person\/d5b8d7715dcc8b0e3eeac113266d2af6","name":"Ver\u00f3nica Encinas Salgado","description":"Licenciada en Ciencias Pol\u00edticas por la Universidad Aut\u00f3noma de Barcelona y especializada en periodismo y comunicaci\u00f3n digital.","sameAs":["https:\/\/www.instagram.com\/veronica.encinas.salgado\/","https:\/\/es.linkedin.com\/in\/veronicaencinassalgado"]}]}},"_links":{"self":[{"href":"https:\/\/www.revistarambla.com\/en\/wp-json\/wp\/v2\/posts\/641","targetHints":{"allow":["GET"]}}],"collection":[{"href":"https:\/\/www.revistarambla.com\/en\/wp-json\/wp\/v2\/posts"}],"about":[{"href":"https:\/\/www.revistarambla.com\/en\/wp-json\/wp\/v2\/types\/post"}],"author":[{"embeddable":true,"href":"https:\/\/www.revistarambla.com\/en\/wp-json\/wp\/v2\/users\/66"}],"replies":[{"embeddable":true,"href":"https:\/\/www.revistarambla.com\/en\/wp-json\/wp\/v2\/comments?post=641"}],"version-history":[{"count":0,"href":"https:\/\/www.revistarambla.com\/en\/wp-json\/wp\/v2\/posts\/641\/revisions"}],"wp:attachment":[{"href":"https:\/\/www.revistarambla.com\/en\/wp-json\/wp\/v2\/media?parent=641"}],"wp:term":[{"taxonomy":"category","embeddable":true,"href":"https:\/\/www.revistarambla.com\/en\/wp-json\/wp\/v2\/categories?post=641"},{"taxonomy":"post_tag","embeddable":true,"href":"https:\/\/www.revistarambla.com\/en\/wp-json\/wp\/v2\/tags?post=641"}],"curies":[{"name":"wp","href":"https:\/\/api.w.org\/{rel}","templated":true}]}}