{"id":64024,"date":"2025-01-21T14:06:33","date_gmt":"2025-01-21T13:06:33","guid":{"rendered":"https:\/\/www.revistarambla.com\/?p=64024"},"modified":"2025-01-21T14:06:33","modified_gmt":"2025-01-21T13:06:33","slug":"recurso-natural-ideal-para-fortalecer-la-salud","status":"publish","type":"post","link":"https:\/\/www.revistarambla.com\/en\/recurso-natural-ideal-para-fortalecer-la-salud\/","title":{"rendered":"Recurso natural ideal para fortalecer la salud"},"content":{"rendered":"<p>Uno de los cannabinoides m\u00e1s nombrados hoy en d\u00eda es el cannabidiol (CBD), se trata de un compuesto no psicoactivo extra\u00eddo de la planta de cannabis que ha atra\u00eddo tanto a cient\u00edficos como a consumidores por su posible uso terap\u00e9utico. Con un campo de estudios en aumento que apoya su aplicaci\u00f3n en diversas condiciones de salud, el CBD se presenta como una opci\u00f3n natural con gran potencial para el control del bienestar f\u00edsico y mental. <a href=\"https:\/\/berriozar.info\/berriozar\/305500\/revolucion-del-cbd-que-opina-la-gente\/\"><span style=\"text-decoration: underline;\"><strong>Haz clic aqu\u00ed<\/strong><\/span><\/a> para explorar c\u00f3mo este compuesto puede influir de manera positiva en tu calidad de vida.<\/p>\n<h2>\u00bfC\u00f3mo funciona el CBD en el organismo?<\/h2>\n<p>El CBD es uno de los m\u00e1s de 100 cannabinoides que se encuentran en el cultivo de cannabis, sin embargo, en contraste con el tetrahidrocannabinol (THC), no posee efectos psicoactivos. Su funcionamiento se enfoca en el sistema endocannabinoide (SEC), un mecanismo biol\u00f3gico que controla funciones esenciales como el sue\u00f1o, el dolor, el apetito y la reacci\u00f3n del sistema inmunol\u00f3gico. El CBD, al interactuar con los receptores CB1 y CB2 del SEC, contribuye a regular los procesos corporales, fomentando un estado de homeostasis o armon\u00eda interna. Una de las caracter\u00edsticas m\u00e1s cautivadoras del CBD es su perfil seguro; y es que la Organizaci\u00f3n Mundial de la Salud (OMS) ha afirmado que el CBD es adecuado para la salud, ya que no ofrece riesgo a la adicci\u00f3n. No obstante, al igual que cualquier suplemento, su eficacia se basa en elementos como la calidad del producto, la dosis y el uso adecuado.<\/p>\n<h2>Usos del CBD en el \u00e1mbito de la salud<\/h2>\n<p>Las aplicaciones del CBD en la salud y el bienestar son cada vez m\u00e1s admiradas; aqu\u00ed algunos usos en los que es posible aprovechar los beneficios del compuesto:<\/p>\n<h3>Control de los picos de dolor<\/h3>\n<p>El CBD ha probado su efectividad para disminuir el dolor cr\u00f3nico, particularmente en situaciones como la artritis y el dolor neurop\u00e1tico. Su habilidad para reducir la inflamaci\u00f3n lo hace una elecci\u00f3n atractiva para aquellos que buscan opciones naturales frente a los analg\u00e9sicos de venta libre o recetada, y que frecuentemente conllevan efectos secundarios negativos.<\/p>\n<h3>Estr\u00e9s y ansiedad<\/h3>\n<p>En un mundo en aceleraci\u00f3n constante, el CBD brinda un alivio a aquellos que batallan con el <a href=\"https:\/\/www.elmundo.es\/ciencia-y-salud\/salud\/2024\/04\/08\/66135f9be4d4d89f548b4590.html\"><span style=\"text-decoration: underline;\"><strong>estr\u00e9s y la ansiedad<\/strong><\/span><\/a>. Las investigaciones indican que este compuesto influye en los receptores de serotonina en el cerebro, fomentando una percepci\u00f3n de tranquilidad sin provocar sedaci\u00f3n. Esto lo hace una opci\u00f3n atractiva en comparaci\u00f3n con f\u00e1rmacos como los ansiol\u00edticos, que pueden provocar adicci\u00f3n a largo plazo.<\/p>\n<h3>A nivel neurol\u00f3gico<\/h3>\n<p>En diversos pa\u00edses, el CBD ha obtenido aprobaci\u00f3n como terapia para tipos graves de epilepsia, tales como el s\u00edndrome de Dravet y el s\u00edndrome de Lennox-Gastaut. Adem\u00e1s, los estudios iniciales indican que podr\u00eda poseer caracter\u00edsticas neuroprotectoras, lo que resulta significativo para enfermedades como el Parkinson, el Alzheimer y la esclerosis m\u00faltiple.<\/p>\n<h3>Des\u00f3rdenes del sue\u00f1o<\/h3>\n<p>La calidad del sue\u00f1o es crucial para la salud integral, y se ha comprobado que el CBD es beneficioso para potenciar el descanso en individuos que padecen de insomnio. Este compuesto, al disminuir la ansiedad y el estr\u00e9s, y al regular los ciclos de sue\u00f1o, contribuye a que los usuarios obtengan un descanso m\u00e1s eficaz.<\/p>\n<h2>\u00bfEl CBD es apto para todos?<\/h2>\n<p>A pesar de que el CBD suele ser seguro, no es apropiado para todos los individuos. Por ejemplo, las mujeres en gestaci\u00f3n o lactancia deben abstenerse de su uso debido a la ausencia de investigaciones definitivas sobre su seguridad en estas fases. Adem\u00e1s, aquellos que consumen f\u00e1rmacos prescritos deben consultar con un m\u00e9dico antes de incluir el CBD en su alimentaci\u00f3n, dado que puede interactuar con algunos medicamentos. Los efectos adversos del CBD son escasos y generalmente abarcan somnolencia, sequedad en la boca y alteraciones en el apetito. Estos efectos generalmente son leves y se eliminan al modificar la dosis.<\/p>\n<h2>Visi\u00f3n del CBD<\/h2>\n<p>El inter\u00e9s en el CBD contin\u00faa en aumento, y junto a \u00e9l, las investigaciones para ampliar su espectro de usos. Durante los a\u00f1os venideros, es posible que observemos progresos notables en su aplicaci\u00f3n en campos como la salud mental, la oncolog\u00eda y la medicina preventiva. Adem\u00e1s, se anticipa que la normativa se normalizar\u00e1 en Europa, favoreciendo el acceso a productos seguros y eficientes. Adem\u00e1s, plataformas como Justbob est\u00e1n en la vanguardia del mercado al proporcionar productos de excelente calidad y ense\u00f1ar a los consumidores a utilizar de manera responsable el CBD, favoreciendo su reconocimiento como un recurso legal para la salud.<\/p>","protected":false},"excerpt":{"rendered":"<p>Uno de los cannabinoides m\u00e1s nombrados hoy en d\u00eda es el cannabidiol (CBD), se trata de un compuesto no psicoactivo extra\u00eddo de la planta de cannabis que ha atra\u00eddo tanto a cient\u00edficos como a consumidores por su posible uso terap\u00e9utico. Con un campo de estudios en aumento que apoya su [&hellip;]<\/p>\n","protected":false},"author":3,"featured_media":64025,"comment_status":"closed","ping_status":"closed","sticky":false,"template":"","format":"standard","meta":{"footnotes":""},"categories":[350],"tags":[],"class_list":["post-64024","post","type-post","status-publish","format-standard","has-post-thumbnail","hentry","category-miscelanea"],"yoast_head":"<!-- This site is optimized with the Yoast SEO plugin v27.5 - https:\/\/yoast.com\/product\/yoast-seo-wordpress\/ -->\n<title>Recurso natural ideal para fortalecer la salud - Revista Rambla<\/title>\n<meta name=\"robots\" content=\"index, follow, max-snippet:-1, max-image-preview:large, max-video-preview:-1\" \/>\n<link rel=\"canonical\" href=\"https:\/\/www.revistarambla.com\/en\/recurso-natural-ideal-para-fortalecer-la-salud\/\" \/>\n<meta property=\"og:locale\" content=\"en_GB\" \/>\n<meta property=\"og:type\" content=\"article\" \/>\n<meta property=\"og:title\" content=\"Recurso natural ideal para fortalecer la salud - Revista Rambla\" \/>\n<meta property=\"og:description\" content=\"Uno de los cannabinoides m\u00e1s nombrados hoy en d\u00eda es el cannabidiol (CBD), se trata de un compuesto no psicoactivo extra\u00eddo de la planta de cannabis que ha atra\u00eddo tanto a cient\u00edficos como a consumidores por su posible uso terap\u00e9utico. Con un campo de estudios en aumento que apoya su [&hellip;]\" \/>\n<meta property=\"og:url\" content=\"https:\/\/www.revistarambla.com\/en\/recurso-natural-ideal-para-fortalecer-la-salud\/\" \/>\n<meta property=\"og:site_name\" content=\"Revista Rambla\" \/>\n<meta property=\"article:publisher\" content=\"https:\/\/www.facebook.com\/revistarambla\/\" \/>\n<meta property=\"article:author\" content=\"https:\/\/www.facebook.com\/revistarambla\" \/>\n<meta property=\"article:published_time\" content=\"2025-01-21T13:06:33+00:00\" \/>\n<meta property=\"og:image\" content=\"https:\/\/www.revistarambla.com\/wp-content\/uploads\/2025\/01\/P22520.jpg\" \/>\n\t<meta property=\"og:image:width\" content=\"1200\" \/>\n\t<meta property=\"og:image:height\" content=\"750\" \/>\n\t<meta property=\"og:image:type\" content=\"image\/jpeg\" \/>\n<meta name=\"author\" content=\"R@mbla\" \/>\n<meta name=\"twitter:card\" content=\"summary_large_image\" \/>\n<meta name=\"twitter:creator\" content=\"@revistarambla\" \/>\n<meta name=\"twitter:site\" content=\"@revistarambla\" \/>\n<meta name=\"twitter:label1\" content=\"Written by\" \/>\n\t<meta name=\"twitter:data1\" content=\"R@mbla\" \/>\n\t<meta name=\"twitter:label2\" content=\"Estimated reading time\" \/>\n\t<meta name=\"twitter:data2\" content=\"4 minutes\" \/>\n<script type=\"application\/ld+json\" class=\"yoast-schema-graph\">{\"@context\":\"https:\\\/\\\/schema.org\",\"@graph\":[{\"@type\":\"Article\",\"@id\":\"https:\\\/\\\/www.revistarambla.com\\\/recurso-natural-ideal-para-fortalecer-la-salud\\\/#article\",\"isPartOf\":{\"@id\":\"https:\\\/\\\/www.revistarambla.com\\\/recurso-natural-ideal-para-fortalecer-la-salud\\\/\"},\"author\":{\"name\":\"R@mbla\",\"@id\":\"https:\\\/\\\/www.revistarambla.com\\\/#\\\/schema\\\/person\\\/a146a5a2550b94981a75131180e1bd9c\"},\"headline\":\"Recurso natural ideal para fortalecer la salud\",\"datePublished\":\"2025-01-21T13:06:33+00:00\",\"mainEntityOfPage\":{\"@id\":\"https:\\\/\\\/www.revistarambla.com\\\/recurso-natural-ideal-para-fortalecer-la-salud\\\/\"},\"wordCount\":808,\"publisher\":{\"@id\":\"https:\\\/\\\/www.revistarambla.com\\\/#organization\"},\"image\":{\"@id\":\"https:\\\/\\\/www.revistarambla.com\\\/recurso-natural-ideal-para-fortalecer-la-salud\\\/#primaryimage\"},\"thumbnailUrl\":\"https:\\\/\\\/www.revistarambla.com\\\/wp-content\\\/uploads\\\/2025\\\/01\\\/P22520.jpg\",\"articleSection\":[\"Noticias de la vida\"],\"inLanguage\":\"en-GB\"},{\"@type\":\"WebPage\",\"@id\":\"https:\\\/\\\/www.revistarambla.com\\\/recurso-natural-ideal-para-fortalecer-la-salud\\\/\",\"url\":\"https:\\\/\\\/www.revistarambla.com\\\/recurso-natural-ideal-para-fortalecer-la-salud\\\/\",\"name\":\"Recurso natural ideal para fortalecer la salud - Revista Rambla\",\"isPartOf\":{\"@id\":\"https:\\\/\\\/www.revistarambla.com\\\/#website\"},\"primaryImageOfPage\":{\"@id\":\"https:\\\/\\\/www.revistarambla.com\\\/recurso-natural-ideal-para-fortalecer-la-salud\\\/#primaryimage\"},\"image\":{\"@id\":\"https:\\\/\\\/www.revistarambla.com\\\/recurso-natural-ideal-para-fortalecer-la-salud\\\/#primaryimage\"},\"thumbnailUrl\":\"https:\\\/\\\/www.revistarambla.com\\\/wp-content\\\/uploads\\\/2025\\\/01\\\/P22520.jpg\",\"datePublished\":\"2025-01-21T13:06:33+00:00\",\"breadcrumb\":{\"@id\":\"https:\\\/\\\/www.revistarambla.com\\\/recurso-natural-ideal-para-fortalecer-la-salud\\\/#breadcrumb\"},\"inLanguage\":\"en-GB\",\"potentialAction\":[{\"@type\":\"ReadAction\",\"target\":[\"https:\\\/\\\/www.revistarambla.com\\\/recurso-natural-ideal-para-fortalecer-la-salud\\\/\"]}]},{\"@type\":\"ImageObject\",\"inLanguage\":\"en-GB\",\"@id\":\"https:\\\/\\\/www.revistarambla.com\\\/recurso-natural-ideal-para-fortalecer-la-salud\\\/#primaryimage\",\"url\":\"https:\\\/\\\/www.revistarambla.com\\\/wp-content\\\/uploads\\\/2025\\\/01\\\/P22520.jpg\",\"contentUrl\":\"https:\\\/\\\/www.revistarambla.com\\\/wp-content\\\/uploads\\\/2025\\\/01\\\/P22520.jpg\",\"width\":1200,\"height\":750,\"caption\":\"Recurso natural\"},{\"@type\":\"BreadcrumbList\",\"@id\":\"https:\\\/\\\/www.revistarambla.com\\\/recurso-natural-ideal-para-fortalecer-la-salud\\\/#breadcrumb\",\"itemListElement\":[{\"@type\":\"ListItem\",\"position\":1,\"name\":\"Portada\",\"item\":\"https:\\\/\\\/www.revistarambla.com\\\/\"},{\"@type\":\"ListItem\",\"position\":2,\"name\":\"Recurso natural ideal para fortalecer la salud\"}]},{\"@type\":\"WebSite\",\"@id\":\"https:\\\/\\\/www.revistarambla.com\\\/#website\",\"url\":\"https:\\\/\\\/www.revistarambla.com\\\/\",\"name\":\"Revista Rambla Barcelona\",\"description\":\"Periodismo independiente\",\"publisher\":{\"@id\":\"https:\\\/\\\/www.revistarambla.com\\\/#organization\"},\"potentialAction\":[{\"@type\":\"SearchAction\",\"target\":{\"@type\":\"EntryPoint\",\"urlTemplate\":\"https:\\\/\\\/www.revistarambla.com\\\/?s={search_term_string}\"},\"query-input\":{\"@type\":\"PropertyValueSpecification\",\"valueRequired\":true,\"valueName\":\"search_term_string\"}}],\"inLanguage\":\"en-GB\"},{\"@type\":\"Organization\",\"@id\":\"https:\\\/\\\/www.revistarambla.com\\\/#organization\",\"name\":\"Revista Rambla\",\"url\":\"https:\\\/\\\/www.revistarambla.com\\\/\",\"logo\":{\"@type\":\"ImageObject\",\"inLanguage\":\"en-GB\",\"@id\":\"https:\\\/\\\/www.revistarambla.com\\\/#\\\/schema\\\/logo\\\/image\\\/\",\"url\":\"https:\\\/\\\/www.revistarambla.com\\\/wp-content\\\/uploads\\\/2020\\\/09\\\/banner_rambla_1900x600_BB.png\",\"contentUrl\":\"https:\\\/\\\/www.revistarambla.com\\\/wp-content\\\/uploads\\\/2020\\\/09\\\/banner_rambla_1900x600_BB.png\",\"width\":1900,\"height\":600,\"caption\":\"Revista Rambla\"},\"image\":{\"@id\":\"https:\\\/\\\/www.revistarambla.com\\\/#\\\/schema\\\/logo\\\/image\\\/\"},\"sameAs\":[\"https:\\\/\\\/www.facebook.com\\\/revistarambla\\\/\",\"https:\\\/\\\/x.com\\\/revistarambla\",\"https:\\\/\\\/www.instagram.com\\\/revista_rambla\",\"https:\\\/\\\/es.linkedin.com\\\/company\\\/revista-rambla\"]},{\"@type\":\"Person\",\"@id\":\"https:\\\/\\\/www.revistarambla.com\\\/#\\\/schema\\\/person\\\/a146a5a2550b94981a75131180e1bd9c\",\"name\":\"R@mbla\",\"description\":\"Este art\u00edculo ha sido redactado y\\\/o validado por el equipo de redacci\u00f3n de Revista Rambla.\",\"sameAs\":[\"https:\\\/\\\/www.revistarambla.com\\\/\",\"https:\\\/\\\/www.facebook.com\\\/revistarambla\",\"https:\\\/\\\/x.com\\\/revistarambla\"]}]}<\/script>\n<!-- \/ Yoast SEO plugin. -->","yoast_head_json":{"title":"Recurso natural ideal para fortalecer la salud - Revista Rambla","robots":{"index":"index","follow":"follow","max-snippet":"max-snippet:-1","max-image-preview":"max-image-preview:large","max-video-preview":"max-video-preview:-1"},"canonical":"https:\/\/www.revistarambla.com\/en\/recurso-natural-ideal-para-fortalecer-la-salud\/","og_locale":"en_GB","og_type":"article","og_title":"Recurso natural ideal para fortalecer la salud - Revista Rambla","og_description":"Uno de los cannabinoides m\u00e1s nombrados hoy en d\u00eda es el cannabidiol (CBD), se trata de un compuesto no psicoactivo extra\u00eddo de la planta de cannabis que ha atra\u00eddo tanto a cient\u00edficos como a consumidores por su posible uso terap\u00e9utico. Con un campo de estudios en aumento que apoya su [&hellip;]","og_url":"https:\/\/www.revistarambla.com\/en\/recurso-natural-ideal-para-fortalecer-la-salud\/","og_site_name":"Revista Rambla","article_publisher":"https:\/\/www.facebook.com\/revistarambla\/","article_author":"https:\/\/www.facebook.com\/revistarambla","article_published_time":"2025-01-21T13:06:33+00:00","og_image":[{"width":1200,"height":750,"url":"https:\/\/www.revistarambla.com\/wp-content\/uploads\/2025\/01\/P22520.jpg","type":"image\/jpeg"}],"author":"R@mbla","twitter_card":"summary_large_image","twitter_creator":"@revistarambla","twitter_site":"@revistarambla","twitter_misc":{"Written by":"R@mbla","Estimated reading time":"4 minutes"},"schema":{"@context":"https:\/\/schema.org","@graph":[{"@type":"Article","@id":"https:\/\/www.revistarambla.com\/recurso-natural-ideal-para-fortalecer-la-salud\/#article","isPartOf":{"@id":"https:\/\/www.revistarambla.com\/recurso-natural-ideal-para-fortalecer-la-salud\/"},"author":{"name":"R@mbla","@id":"https:\/\/www.revistarambla.com\/#\/schema\/person\/a146a5a2550b94981a75131180e1bd9c"},"headline":"Recurso natural ideal para fortalecer la salud","datePublished":"2025-01-21T13:06:33+00:00","mainEntityOfPage":{"@id":"https:\/\/www.revistarambla.com\/recurso-natural-ideal-para-fortalecer-la-salud\/"},"wordCount":808,"publisher":{"@id":"https:\/\/www.revistarambla.com\/#organization"},"image":{"@id":"https:\/\/www.revistarambla.com\/recurso-natural-ideal-para-fortalecer-la-salud\/#primaryimage"},"thumbnailUrl":"https:\/\/www.revistarambla.com\/wp-content\/uploads\/2025\/01\/P22520.jpg","articleSection":["Noticias de la vida"],"inLanguage":"en-GB"},{"@type":"WebPage","@id":"https:\/\/www.revistarambla.com\/recurso-natural-ideal-para-fortalecer-la-salud\/","url":"https:\/\/www.revistarambla.com\/recurso-natural-ideal-para-fortalecer-la-salud\/","name":"Recurso natural ideal para fortalecer la salud - Revista Rambla","isPartOf":{"@id":"https:\/\/www.revistarambla.com\/#website"},"primaryImageOfPage":{"@id":"https:\/\/www.revistarambla.com\/recurso-natural-ideal-para-fortalecer-la-salud\/#primaryimage"},"image":{"@id":"https:\/\/www.revistarambla.com\/recurso-natural-ideal-para-fortalecer-la-salud\/#primaryimage"},"thumbnailUrl":"https:\/\/www.revistarambla.com\/wp-content\/uploads\/2025\/01\/P22520.jpg","datePublished":"2025-01-21T13:06:33+00:00","breadcrumb":{"@id":"https:\/\/www.revistarambla.com\/recurso-natural-ideal-para-fortalecer-la-salud\/#breadcrumb"},"inLanguage":"en-GB","potentialAction":[{"@type":"ReadAction","target":["https:\/\/www.revistarambla.com\/recurso-natural-ideal-para-fortalecer-la-salud\/"]}]},{"@type":"ImageObject","inLanguage":"en-GB","@id":"https:\/\/www.revistarambla.com\/recurso-natural-ideal-para-fortalecer-la-salud\/#primaryimage","url":"https:\/\/www.revistarambla.com\/wp-content\/uploads\/2025\/01\/P22520.jpg","contentUrl":"https:\/\/www.revistarambla.com\/wp-content\/uploads\/2025\/01\/P22520.jpg","width":1200,"height":750,"caption":"Recurso natural"},{"@type":"BreadcrumbList","@id":"https:\/\/www.revistarambla.com\/recurso-natural-ideal-para-fortalecer-la-salud\/#breadcrumb","itemListElement":[{"@type":"ListItem","position":1,"name":"Portada","item":"https:\/\/www.revistarambla.com\/"},{"@type":"ListItem","position":2,"name":"Recurso natural ideal para fortalecer la salud"}]},{"@type":"WebSite","@id":"https:\/\/www.revistarambla.com\/#website","url":"https:\/\/www.revistarambla.com\/","name":"Revista Rambla Barcelona","description":"Periodismo independiente","publisher":{"@id":"https:\/\/www.revistarambla.com\/#organization"},"potentialAction":[{"@type":"SearchAction","target":{"@type":"EntryPoint","urlTemplate":"https:\/\/www.revistarambla.com\/?s={search_term_string}"},"query-input":{"@type":"PropertyValueSpecification","valueRequired":true,"valueName":"search_term_string"}}],"inLanguage":"en-GB"},{"@type":"Organization","@id":"https:\/\/www.revistarambla.com\/#organization","name":"Revista Rambla","url":"https:\/\/www.revistarambla.com\/","logo":{"@type":"ImageObject","inLanguage":"en-GB","@id":"https:\/\/www.revistarambla.com\/#\/schema\/logo\/image\/","url":"https:\/\/www.revistarambla.com\/wp-content\/uploads\/2020\/09\/banner_rambla_1900x600_BB.png","contentUrl":"https:\/\/www.revistarambla.com\/wp-content\/uploads\/2020\/09\/banner_rambla_1900x600_BB.png","width":1900,"height":600,"caption":"Revista Rambla"},"image":{"@id":"https:\/\/www.revistarambla.com\/#\/schema\/logo\/image\/"},"sameAs":["https:\/\/www.facebook.com\/revistarambla\/","https:\/\/x.com\/revistarambla","https:\/\/www.instagram.com\/revista_rambla","https:\/\/es.linkedin.com\/company\/revista-rambla"]},{"@type":"Person","@id":"https:\/\/www.revistarambla.com\/#\/schema\/person\/a146a5a2550b94981a75131180e1bd9c","name":"R@mbla","description":"Este art\u00edculo ha sido redactado y\/o validado por el equipo de redacci\u00f3n de Revista Rambla.","sameAs":["https:\/\/www.revistarambla.com\/","https:\/\/www.facebook.com\/revistarambla","https:\/\/x.com\/revistarambla"]}]}},"_links":{"self":[{"href":"https:\/\/www.revistarambla.com\/en\/wp-json\/wp\/v2\/posts\/64024","targetHints":{"allow":["GET"]}}],"collection":[{"href":"https:\/\/www.revistarambla.com\/en\/wp-json\/wp\/v2\/posts"}],"about":[{"href":"https:\/\/www.revistarambla.com\/en\/wp-json\/wp\/v2\/types\/post"}],"author":[{"embeddable":true,"href":"https:\/\/www.revistarambla.com\/en\/wp-json\/wp\/v2\/users\/3"}],"replies":[{"embeddable":true,"href":"https:\/\/www.revistarambla.com\/en\/wp-json\/wp\/v2\/comments?post=64024"}],"version-history":[{"count":1,"href":"https:\/\/www.revistarambla.com\/en\/wp-json\/wp\/v2\/posts\/64024\/revisions"}],"predecessor-version":[{"id":64026,"href":"https:\/\/www.revistarambla.com\/en\/wp-json\/wp\/v2\/posts\/64024\/revisions\/64026"}],"wp:featuredmedia":[{"embeddable":true,"href":"https:\/\/www.revistarambla.com\/en\/wp-json\/wp\/v2\/media\/64025"}],"wp:attachment":[{"href":"https:\/\/www.revistarambla.com\/en\/wp-json\/wp\/v2\/media?parent=64024"}],"wp:term":[{"taxonomy":"category","embeddable":true,"href":"https:\/\/www.revistarambla.com\/en\/wp-json\/wp\/v2\/categories?post=64024"},{"taxonomy":"post_tag","embeddable":true,"href":"https:\/\/www.revistarambla.com\/en\/wp-json\/wp\/v2\/tags?post=64024"}],"curies":[{"name":"wp","href":"https:\/\/api.w.org\/{rel}","templated":true}]}}