{"id":64021,"date":"2025-01-19T20:21:46","date_gmt":"2025-01-19T19:21:46","guid":{"rendered":"https:\/\/www.revistarambla.com\/?p=64021"},"modified":"2025-01-23T21:40:26","modified_gmt":"2025-01-23T20:40:26","slug":"los-medios-y-los-periodistas-ensobrados-apesebrados-y-los-librepensadores","status":"publish","type":"post","link":"https:\/\/www.revistarambla.com\/en\/los-medios-y-los-periodistas-ensobrados-apesebrados-y-los-librepensadores\/","title":{"rendered":"Los medios y los periodistas \u201censobrados-apesebrados\u201d y los librepensadores"},"content":{"rendered":"<p>En las democracias consolidadas, en las que es preceptivo \u2014seg\u00fan Ch. de Montesquieu\u2014 la separaci\u00f3n de poderes, los medios y los periodistas constituyen<!--more--> lo que se ha dado en llamar el \u201cCuarto Poder\u201d. \u00c9ste est\u00e1 encargado de controlar y criticar la labor de los tres poderes tradicionales de toda democracia: el ejecutivo, el legislativo y el judicial. Este Cuarto Poder, cuando existe y lo ejercen periodistas sometidos a la deontolog\u00eda profesional, es tan fuerte y funcional que puede provocar, por dar s\u00f3lo un ejemplo, la dimisi\u00f3n de todo un Presidente de los EE.UU., R. Nixon, por el esc\u00e1ndalo del \u201cWatergate\u201d.<\/p>\n<p>Ahora bien, en Espa\u00f1a, desde hace demasiado tiempo, el Cuarto Poder est\u00e1 degradado, prostituido y ha olvidado el papel que debe representar y ejercer en una sociedad democr\u00e1tica: vigilar y denunciar el uso torticero o los abusos de los tres poderes. En efecto, hoy, entre los medios y los periodistas espa\u00f1oles, podemos distinguir dos tipos: los \u201censobrados-apesebrados\u201d y los \u201clibrepensadores\u201d.<\/p>\n<h2>Los medios y los periodistas ensobrados-apesebrados<\/h2>\n<p>Los \u201censobrados-apesebrados\u201d son aquellos medios y periodistas que se prostituyen y se venden al mejor postor o corruptor para hablar bien o mal o no hablar de ciertas figuras de la casta pol\u00edtica o del mundo empresarial. Y todo esto se produce a cambio de pre\u00f1ados sobres cremat\u00edsticos y de pesebres bien provistos. Aunque cualquiera puede ser un \u201censobrado-apesebrado\u201d (pol\u00edticos, polic\u00edas, jueces, etc.), este calificativo peyorativo se consolid\u00f3 para describir a ciertos medios y a ciertos periodistas, que reciben ingresos-mordidas bajo cuerda. Tanto unos como otros est\u00e1n comparados con fondos p\u00fablicos (por los pol\u00edticos de turno que detentan poder) o privados (por empresarios desaprensivos).<\/p>\n<p>El pago de estos sobornos se efect\u00faa \u201cen negro\u201d, i.e. con fondos reservados o dinero B, sin dejar rastro. O, \u201cen blanco\u201d, con partidas presupuestarias para remunerar al ej\u00e9rcito de asesores y jefes de prensa de la casta pol\u00edtica, con subvenciones millonarias a los medios vendidos y con la bicoca de la onerosa, para el erario p\u00fablico, publicidad institucional. As\u00ed, estos pseudomedios y pseudoperiodistas, olvidando la deontolog\u00eda profesional, se prestan a construir el relato que le interesa al Gobierno o al pol\u00edtico o al partido o al empresario de turno. \u00c9stos s\u00ed son aut\u00e9nticos falsos medios y periodistas.<\/p>\n<p>Esta corrupci\u00f3n-prostituci\u00f3n en el gremio de los medios y de los periodistas \u201censobrados-apesebrados\u201d es la consecuencia \u2014seg\u00fan algunos analistas\u2014 de la competitividad de la comunicaci\u00f3n v\u00eda Internet, de los bajos salarios, de las condiciones laborales, de la cercan\u00eda al poder corruptor y, sobre todo, de la falta de \u00e9tica y de la codicia de estos pseudoperiodistas y pseudomedios. Ahora bien, esto no justifica el venderse por un plato de lentejas, poniendo en peligro la calidad de la informaci\u00f3n p\u00fablica, la libertad de los ciudadanos para elegir con criterio y uno de los cimientos de la democracia, el \u201cCuarto Poder\u201d.<\/p>\n<p>Entre estos medios y periodistas \u201censobrados-apesebrados\u201d est\u00e1n pr\u00e1cticamente todos los potentes grupos medi\u00e1ticos: el Grupo Prisa (SER, El Pa\u00eds), RTVE, el Grupo Mediaset (Telecinco, Cuatro, etc.), el Grupo Atresmedia (la Sexta, Antena3, Onda Cero, etc.) y, sin \u00e1nimo de ser exhaustivos, una serie de digitales como El Diario.es, El Plural, InfoLibre, P\u00fablico, etc. as\u00ed como los periodistas que en ellos ofician. Aqu\u00ed est\u00e1n las guaridas de estos ensobrados-apesebrados, que son la verg\u00fcenza del vital y vivificante \u201cCuarto Poder\u201d. La penitencia ante tama\u00f1o pecado es la p\u00e9rdida de credibilidad y el creciente desprecio social, la desconfianza y la indiferencia hacia estos medios y estos periodistas ensobrados-apesebrados. Como le gusta decir a Alfonso Rojo, \u201cnunca se han vendido tan pocos peri\u00f3dicos y nunca se han vendido tantos periodistas\u201d.<\/p>\n<h2>Los medios y periodistas librepensadores<\/h2>\n<p>El grupo de los librepensadores est\u00e1 formado por los medios y periodistas que han abandonado o que han sido expulsados de las 6 cabeceras de referencia de la prensa espa\u00f1ola (El Pa\u00eds, El Mundo, ABC, La Raz\u00f3n, La Vanguardia y el Peri\u00f3dico). Estos ap\u00f3stoles del pensamiento libre se han agrupado en nuevos medios digitales, (The Objectif, El Debate, Voz Populi, Okdiario, Periodista Digital, El Confidencial Digital, La Tribuna del Pa\u00eds Vasco, La Paseata, Libertad Digital, etc., por citar s\u00f3lo algunos, desde donde difunden su \u201cbuena nueva\u201d, sin trampa ni cart\u00f3n. Adem\u00e1s, hay que referirse a las plataformas, a los canales de TV y a los \u201cpodcasts\u201d digitales, donde ofician periodistas, \u201cyoutubers\u201d e \u201cinfluencers\u201d, que ejercen una constante y efectiva labor de control, cr\u00edtica y denuncia \u2014propia de un aut\u00e9ntico \u201cCuarto Poder\u201d\u2014 del degradado y desprestigiado hacer de la casta pol\u00edtica gobernante, as\u00ed como de los periodistas(?) y medios de comunicaci\u00f3n(?) ensobrados-apesebrados.<\/p>\n<p>Estos librepensadores son tildados malintencionada y torticeramente de \u201cfachosfera\u201d, de \u201cpseudo-periodistas\u201d, de \u201cconspiranoicos\u201d, de \u201cterraplanistas\u201d y otras lindezas tanto por parte de Pedro S\u00e1nchez y del PSOE, como por sus apoyos contra natura para instalarse en La Moncloa y por la legi\u00f3n de periodistas y medios ensobrados-apesebrados.<\/p>\n<p>Los librepensadores son aquellos medios y periodistas que no se dejan arrastrar por los cantos de sirena y que resisten a las tentaciones de vender la deontolog\u00eda y la virginidad profesionales por un plato de lentejas. Van con la verdad por delante y no tienen pelos en la lengua aunque, como dice Esperanza Aguirre, \u201cel que expone se expone\u201d. Por eso, proporcionan informaci\u00f3n certera y an\u00e1lisis argumentados, producto del contraste y del chequeo de fuentes y datos. Y se exponen porque controlan y critican al poder, ejerciendo las funciones del aut\u00e9ntico Cuarto Poder. Ahora bien, contra estos incontrolados e incontrolables librepensadores, el Gobierno de Pedro S\u00e1nchez prepara ya una normativa para transponer, en beneficio propio, el Reglamento Europeo sobre la Libertad de los Medios de Comunicaci\u00f3n (la llamada \u201cLey Bego\u00f1a\u201d). Y as\u00ed meterlos en cintura.<\/p>\n<h2>El show y la desinformaci\u00f3n de los medios ensobrados-apesebrados<\/h2>\n<p>Ante esta realidad dicot\u00f3mica del mercado informativo espa\u00f1ol, traigo a colaci\u00f3n La Clave, aquel programa m\u00edtico de J.L. Balb\u00edn, ejemplo y modelo del buen hacer para informar y formar a los televidentes. Este programa est\u00e1 a a\u00f1os luz de los shows televisivos de las tertulias\/debates de hoga\u00f1o, colonizados por esos personajes que podemos tildar de \u201ctod\u00f3logos\u201d, que s\u00f3lo pretenden distraer o enga\u00f1ar o desinformar a las incautas audiencias. La \u201cpalabra\u201d de estos personajes es pura \u201cpalabrer\u00eda\u201d y su \u201cverbo\u201d, pura \u201cverborrea\u201d.<\/p>\n<p>La informaci\u00f3n es poder, pero la desinformaci\u00f3n (fake news), tambi\u00e9n. Ahora bien, la verdad nos hace libres, mientras que la desinformaci\u00f3n nos transforma en marionetas y en esclavos. Y a esto contribuyen poderosamente los medios y periodistas ensobrados-apesebrados, que repiten el argumentario del Gobierno de turno o del partido que lo sustenta, al tiempo que a los librepensadores se les niega el agua y la sal, y se les amenaza con cuantiosas sanciones cremat\u00edsticas. Si esto es transparencia y buen hacer, \u00a1que venga Dios y lo vea!<\/p>","protected":false},"excerpt":{"rendered":"<p>En las democracias consolidadas, en las que es preceptivo \u2014seg\u00fan Ch. de Montesquieu\u2014 la separaci\u00f3n de poderes, los medios y los periodistas constituyen<\/p>","protected":false},"author":17,"featured_media":40968,"comment_status":"closed","ping_status":"closed","sticky":false,"template":"","format":"standard","meta":{"footnotes":""},"categories":[4114],"tags":[],"class_list":["post-64021","post","type-post","status-publish","format-standard","has-post-thumbnail","hentry","category-cantando-las-verdades"],"yoast_head":"<!-- This site is optimized with the Yoast SEO plugin v27.5 - https:\/\/yoast.com\/product\/yoast-seo-wordpress\/ -->\n<title>Los medios y los periodistas \u201censobrados-apesebrados\u201d y los librepensadores - Revista Rambla<\/title>\n<meta name=\"robots\" content=\"index, follow, max-snippet:-1, max-image-preview:large, max-video-preview:-1\" \/>\n<link rel=\"canonical\" href=\"https:\/\/www.revistarambla.com\/en\/los-medios-y-los-periodistas-ensobrados-apesebrados-y-los-librepensadores\/\" \/>\n<meta property=\"og:locale\" content=\"en_GB\" \/>\n<meta property=\"og:type\" content=\"article\" \/>\n<meta property=\"og:title\" content=\"Los medios y los periodistas \u201censobrados-apesebrados\u201d y los librepensadores - Revista Rambla\" \/>\n<meta property=\"og:description\" content=\"En las democracias consolidadas, en las que es preceptivo \u2014seg\u00fan Ch. de Montesquieu\u2014 la separaci\u00f3n de poderes, los medios y los periodistas constituyen\" \/>\n<meta property=\"og:url\" content=\"https:\/\/www.revistarambla.com\/en\/los-medios-y-los-periodistas-ensobrados-apesebrados-y-los-librepensadores\/\" \/>\n<meta property=\"og:site_name\" content=\"Revista Rambla\" \/>\n<meta property=\"article:publisher\" content=\"https:\/\/www.facebook.com\/revistarambla\/\" \/>\n<meta property=\"article:author\" content=\"https:\/\/www.facebook.com\/manuelignacio.cabezasgonzalez\" \/>\n<meta property=\"article:published_time\" content=\"2025-01-19T19:21:46+00:00\" \/>\n<meta property=\"article:modified_time\" content=\"2025-01-23T20:40:26+00:00\" \/>\n<meta property=\"og:image\" content=\"https:\/\/www.revistarambla.com\/wp-content\/uploads\/2022\/04\/Periodismo-y-Memoria_Foto-Pxhere.jpg\" \/>\n\t<meta property=\"og:image:width\" content=\"998\" \/>\n\t<meta property=\"og:image:height\" content=\"680\" \/>\n\t<meta property=\"og:image:type\" content=\"image\/jpeg\" \/>\n<meta name=\"author\" content=\"Manuel Ignacio Cabezas Gonz\u00e1lez\" \/>\n<meta name=\"twitter:card\" content=\"summary_large_image\" \/>\n<meta name=\"twitter:creator\" content=\"@ManuelICabezas\" \/>\n<meta name=\"twitter:site\" content=\"@revistarambla\" \/>\n<meta name=\"twitter:label1\" content=\"Written by\" \/>\n\t<meta name=\"twitter:data1\" content=\"Manuel Ignacio Cabezas Gonz\u00e1lez\" \/>\n\t<meta name=\"twitter:label2\" content=\"Estimated reading time\" \/>\n\t<meta name=\"twitter:data2\" content=\"6 minutes\" \/>\n<script type=\"application\/ld+json\" class=\"yoast-schema-graph\">{\"@context\":\"https:\\\/\\\/schema.org\",\"@graph\":[{\"@type\":\"Article\",\"@id\":\"https:\\\/\\\/www.revistarambla.com\\\/los-medios-y-los-periodistas-ensobrados-apesebrados-y-los-librepensadores\\\/#article\",\"isPartOf\":{\"@id\":\"https:\\\/\\\/www.revistarambla.com\\\/los-medios-y-los-periodistas-ensobrados-apesebrados-y-los-librepensadores\\\/\"},\"author\":{\"name\":\"Manuel Ignacio Cabezas Gonz\u00e1lez\",\"@id\":\"https:\\\/\\\/www.revistarambla.com\\\/#\\\/schema\\\/person\\\/3d71c575842522757de7f4f9c9b40215\"},\"headline\":\"Los medios y los periodistas \u201censobrados-apesebrados\u201d y los librepensadores\",\"datePublished\":\"2025-01-19T19:21:46+00:00\",\"dateModified\":\"2025-01-23T20:40:26+00:00\",\"mainEntityOfPage\":{\"@id\":\"https:\\\/\\\/www.revistarambla.com\\\/los-medios-y-los-periodistas-ensobrados-apesebrados-y-los-librepensadores\\\/\"},\"wordCount\":1202,\"publisher\":{\"@id\":\"https:\\\/\\\/www.revistarambla.com\\\/#organization\"},\"image\":{\"@id\":\"https:\\\/\\\/www.revistarambla.com\\\/los-medios-y-los-periodistas-ensobrados-apesebrados-y-los-librepensadores\\\/#primaryimage\"},\"thumbnailUrl\":\"https:\\\/\\\/www.revistarambla.com\\\/wp-content\\\/uploads\\\/2022\\\/04\\\/Periodismo-y-Memoria_Foto-Pxhere.jpg\",\"articleSection\":[\"Cantando las verdades\"],\"inLanguage\":\"en-GB\"},{\"@type\":\"WebPage\",\"@id\":\"https:\\\/\\\/www.revistarambla.com\\\/los-medios-y-los-periodistas-ensobrados-apesebrados-y-los-librepensadores\\\/\",\"url\":\"https:\\\/\\\/www.revistarambla.com\\\/los-medios-y-los-periodistas-ensobrados-apesebrados-y-los-librepensadores\\\/\",\"name\":\"Los medios y los periodistas \u201censobrados-apesebrados\u201d y los librepensadores - Revista Rambla\",\"isPartOf\":{\"@id\":\"https:\\\/\\\/www.revistarambla.com\\\/#website\"},\"primaryImageOfPage\":{\"@id\":\"https:\\\/\\\/www.revistarambla.com\\\/los-medios-y-los-periodistas-ensobrados-apesebrados-y-los-librepensadores\\\/#primaryimage\"},\"image\":{\"@id\":\"https:\\\/\\\/www.revistarambla.com\\\/los-medios-y-los-periodistas-ensobrados-apesebrados-y-los-librepensadores\\\/#primaryimage\"},\"thumbnailUrl\":\"https:\\\/\\\/www.revistarambla.com\\\/wp-content\\\/uploads\\\/2022\\\/04\\\/Periodismo-y-Memoria_Foto-Pxhere.jpg\",\"datePublished\":\"2025-01-19T19:21:46+00:00\",\"dateModified\":\"2025-01-23T20:40:26+00:00\",\"breadcrumb\":{\"@id\":\"https:\\\/\\\/www.revistarambla.com\\\/los-medios-y-los-periodistas-ensobrados-apesebrados-y-los-librepensadores\\\/#breadcrumb\"},\"inLanguage\":\"en-GB\",\"potentialAction\":[{\"@type\":\"ReadAction\",\"target\":[\"https:\\\/\\\/www.revistarambla.com\\\/los-medios-y-los-periodistas-ensobrados-apesebrados-y-los-librepensadores\\\/\"]}]},{\"@type\":\"ImageObject\",\"inLanguage\":\"en-GB\",\"@id\":\"https:\\\/\\\/www.revistarambla.com\\\/los-medios-y-los-periodistas-ensobrados-apesebrados-y-los-librepensadores\\\/#primaryimage\",\"url\":\"https:\\\/\\\/www.revistarambla.com\\\/wp-content\\\/uploads\\\/2022\\\/04\\\/Periodismo-y-Memoria_Foto-Pxhere.jpg\",\"contentUrl\":\"https:\\\/\\\/www.revistarambla.com\\\/wp-content\\\/uploads\\\/2022\\\/04\\\/Periodismo-y-Memoria_Foto-Pxhere.jpg\",\"width\":998,\"height\":680,\"caption\":\"periodismo inmersivo librepensadores\"},{\"@type\":\"BreadcrumbList\",\"@id\":\"https:\\\/\\\/www.revistarambla.com\\\/los-medios-y-los-periodistas-ensobrados-apesebrados-y-los-librepensadores\\\/#breadcrumb\",\"itemListElement\":[{\"@type\":\"ListItem\",\"position\":1,\"name\":\"Portada\",\"item\":\"https:\\\/\\\/www.revistarambla.com\\\/\"},{\"@type\":\"ListItem\",\"position\":2,\"name\":\"Los medios y los periodistas \u201censobrados-apesebrados\u201d y los librepensadores\"}]},{\"@type\":\"WebSite\",\"@id\":\"https:\\\/\\\/www.revistarambla.com\\\/#website\",\"url\":\"https:\\\/\\\/www.revistarambla.com\\\/\",\"name\":\"Revista Rambla Barcelona\",\"description\":\"Periodismo independiente\",\"publisher\":{\"@id\":\"https:\\\/\\\/www.revistarambla.com\\\/#organization\"},\"potentialAction\":[{\"@type\":\"SearchAction\",\"target\":{\"@type\":\"EntryPoint\",\"urlTemplate\":\"https:\\\/\\\/www.revistarambla.com\\\/?s={search_term_string}\"},\"query-input\":{\"@type\":\"PropertyValueSpecification\",\"valueRequired\":true,\"valueName\":\"search_term_string\"}}],\"inLanguage\":\"en-GB\"},{\"@type\":\"Organization\",\"@id\":\"https:\\\/\\\/www.revistarambla.com\\\/#organization\",\"name\":\"Revista Rambla\",\"url\":\"https:\\\/\\\/www.revistarambla.com\\\/\",\"logo\":{\"@type\":\"ImageObject\",\"inLanguage\":\"en-GB\",\"@id\":\"https:\\\/\\\/www.revistarambla.com\\\/#\\\/schema\\\/logo\\\/image\\\/\",\"url\":\"https:\\\/\\\/www.revistarambla.com\\\/wp-content\\\/uploads\\\/2020\\\/09\\\/banner_rambla_1900x600_BB.png\",\"contentUrl\":\"https:\\\/\\\/www.revistarambla.com\\\/wp-content\\\/uploads\\\/2020\\\/09\\\/banner_rambla_1900x600_BB.png\",\"width\":1900,\"height\":600,\"caption\":\"Revista Rambla\"},\"image\":{\"@id\":\"https:\\\/\\\/www.revistarambla.com\\\/#\\\/schema\\\/logo\\\/image\\\/\"},\"sameAs\":[\"https:\\\/\\\/www.facebook.com\\\/revistarambla\\\/\",\"https:\\\/\\\/x.com\\\/revistarambla\",\"https:\\\/\\\/www.instagram.com\\\/revista_rambla\",\"https:\\\/\\\/es.linkedin.com\\\/company\\\/revista-rambla\"]},{\"@type\":\"Person\",\"@id\":\"https:\\\/\\\/www.revistarambla.com\\\/#\\\/schema\\\/person\\\/3d71c575842522757de7f4f9c9b40215\",\"name\":\"Manuel Ignacio Cabezas Gonz\u00e1lez\",\"description\":\"Doctor en Didactolog\u00eda de las Lenguas y de las Culturas. Profesor Titular de Ling\u00fc\u00edstica y de Ling\u00fc\u00edstica Aplicada. Departamento de Filolog\u00eda Francesa y Rom\u00e1nica (UAB).\",\"sameAs\":[\"http:\\\/\\\/honrad.blogspot.com\\\/\",\"https:\\\/\\\/www.facebook.com\\\/manuelignacio.cabezasgonzalez\",\"https:\\\/\\\/x.com\\\/ManuelICabezas\"]}]}<\/script>\n<!-- \/ Yoast SEO plugin. -->","yoast_head_json":{"title":"Los medios y los periodistas \u201censobrados-apesebrados\u201d y los librepensadores - Revista Rambla","robots":{"index":"index","follow":"follow","max-snippet":"max-snippet:-1","max-image-preview":"max-image-preview:large","max-video-preview":"max-video-preview:-1"},"canonical":"https:\/\/www.revistarambla.com\/en\/los-medios-y-los-periodistas-ensobrados-apesebrados-y-los-librepensadores\/","og_locale":"en_GB","og_type":"article","og_title":"Los medios y los periodistas \u201censobrados-apesebrados\u201d y los librepensadores - Revista Rambla","og_description":"En las democracias consolidadas, en las que es preceptivo \u2014seg\u00fan Ch. de Montesquieu\u2014 la separaci\u00f3n de poderes, los medios y los periodistas constituyen","og_url":"https:\/\/www.revistarambla.com\/en\/los-medios-y-los-periodistas-ensobrados-apesebrados-y-los-librepensadores\/","og_site_name":"Revista Rambla","article_publisher":"https:\/\/www.facebook.com\/revistarambla\/","article_author":"https:\/\/www.facebook.com\/manuelignacio.cabezasgonzalez","article_published_time":"2025-01-19T19:21:46+00:00","article_modified_time":"2025-01-23T20:40:26+00:00","og_image":[{"width":998,"height":680,"url":"https:\/\/www.revistarambla.com\/wp-content\/uploads\/2022\/04\/Periodismo-y-Memoria_Foto-Pxhere.jpg","type":"image\/jpeg"}],"author":"Manuel Ignacio Cabezas Gonz\u00e1lez","twitter_card":"summary_large_image","twitter_creator":"@ManuelICabezas","twitter_site":"@revistarambla","twitter_misc":{"Written by":"Manuel Ignacio Cabezas Gonz\u00e1lez","Estimated reading time":"6 minutes"},"schema":{"@context":"https:\/\/schema.org","@graph":[{"@type":"Article","@id":"https:\/\/www.revistarambla.com\/los-medios-y-los-periodistas-ensobrados-apesebrados-y-los-librepensadores\/#article","isPartOf":{"@id":"https:\/\/www.revistarambla.com\/los-medios-y-los-periodistas-ensobrados-apesebrados-y-los-librepensadores\/"},"author":{"name":"Manuel Ignacio Cabezas Gonz\u00e1lez","@id":"https:\/\/www.revistarambla.com\/#\/schema\/person\/3d71c575842522757de7f4f9c9b40215"},"headline":"Los medios y los periodistas \u201censobrados-apesebrados\u201d y los librepensadores","datePublished":"2025-01-19T19:21:46+00:00","dateModified":"2025-01-23T20:40:26+00:00","mainEntityOfPage":{"@id":"https:\/\/www.revistarambla.com\/los-medios-y-los-periodistas-ensobrados-apesebrados-y-los-librepensadores\/"},"wordCount":1202,"publisher":{"@id":"https:\/\/www.revistarambla.com\/#organization"},"image":{"@id":"https:\/\/www.revistarambla.com\/los-medios-y-los-periodistas-ensobrados-apesebrados-y-los-librepensadores\/#primaryimage"},"thumbnailUrl":"https:\/\/www.revistarambla.com\/wp-content\/uploads\/2022\/04\/Periodismo-y-Memoria_Foto-Pxhere.jpg","articleSection":["Cantando las verdades"],"inLanguage":"en-GB"},{"@type":"WebPage","@id":"https:\/\/www.revistarambla.com\/los-medios-y-los-periodistas-ensobrados-apesebrados-y-los-librepensadores\/","url":"https:\/\/www.revistarambla.com\/los-medios-y-los-periodistas-ensobrados-apesebrados-y-los-librepensadores\/","name":"Los medios y los periodistas \u201censobrados-apesebrados\u201d y los librepensadores - Revista Rambla","isPartOf":{"@id":"https:\/\/www.revistarambla.com\/#website"},"primaryImageOfPage":{"@id":"https:\/\/www.revistarambla.com\/los-medios-y-los-periodistas-ensobrados-apesebrados-y-los-librepensadores\/#primaryimage"},"image":{"@id":"https:\/\/www.revistarambla.com\/los-medios-y-los-periodistas-ensobrados-apesebrados-y-los-librepensadores\/#primaryimage"},"thumbnailUrl":"https:\/\/www.revistarambla.com\/wp-content\/uploads\/2022\/04\/Periodismo-y-Memoria_Foto-Pxhere.jpg","datePublished":"2025-01-19T19:21:46+00:00","dateModified":"2025-01-23T20:40:26+00:00","breadcrumb":{"@id":"https:\/\/www.revistarambla.com\/los-medios-y-los-periodistas-ensobrados-apesebrados-y-los-librepensadores\/#breadcrumb"},"inLanguage":"en-GB","potentialAction":[{"@type":"ReadAction","target":["https:\/\/www.revistarambla.com\/los-medios-y-los-periodistas-ensobrados-apesebrados-y-los-librepensadores\/"]}]},{"@type":"ImageObject","inLanguage":"en-GB","@id":"https:\/\/www.revistarambla.com\/los-medios-y-los-periodistas-ensobrados-apesebrados-y-los-librepensadores\/#primaryimage","url":"https:\/\/www.revistarambla.com\/wp-content\/uploads\/2022\/04\/Periodismo-y-Memoria_Foto-Pxhere.jpg","contentUrl":"https:\/\/www.revistarambla.com\/wp-content\/uploads\/2022\/04\/Periodismo-y-Memoria_Foto-Pxhere.jpg","width":998,"height":680,"caption":"periodismo inmersivo librepensadores"},{"@type":"BreadcrumbList","@id":"https:\/\/www.revistarambla.com\/los-medios-y-los-periodistas-ensobrados-apesebrados-y-los-librepensadores\/#breadcrumb","itemListElement":[{"@type":"ListItem","position":1,"name":"Portada","item":"https:\/\/www.revistarambla.com\/"},{"@type":"ListItem","position":2,"name":"Los medios y los periodistas \u201censobrados-apesebrados\u201d y los librepensadores"}]},{"@type":"WebSite","@id":"https:\/\/www.revistarambla.com\/#website","url":"https:\/\/www.revistarambla.com\/","name":"Revista Rambla Barcelona","description":"Periodismo independiente","publisher":{"@id":"https:\/\/www.revistarambla.com\/#organization"},"potentialAction":[{"@type":"SearchAction","target":{"@type":"EntryPoint","urlTemplate":"https:\/\/www.revistarambla.com\/?s={search_term_string}"},"query-input":{"@type":"PropertyValueSpecification","valueRequired":true,"valueName":"search_term_string"}}],"inLanguage":"en-GB"},{"@type":"Organization","@id":"https:\/\/www.revistarambla.com\/#organization","name":"Revista Rambla","url":"https:\/\/www.revistarambla.com\/","logo":{"@type":"ImageObject","inLanguage":"en-GB","@id":"https:\/\/www.revistarambla.com\/#\/schema\/logo\/image\/","url":"https:\/\/www.revistarambla.com\/wp-content\/uploads\/2020\/09\/banner_rambla_1900x600_BB.png","contentUrl":"https:\/\/www.revistarambla.com\/wp-content\/uploads\/2020\/09\/banner_rambla_1900x600_BB.png","width":1900,"height":600,"caption":"Revista Rambla"},"image":{"@id":"https:\/\/www.revistarambla.com\/#\/schema\/logo\/image\/"},"sameAs":["https:\/\/www.facebook.com\/revistarambla\/","https:\/\/x.com\/revistarambla","https:\/\/www.instagram.com\/revista_rambla","https:\/\/es.linkedin.com\/company\/revista-rambla"]},{"@type":"Person","@id":"https:\/\/www.revistarambla.com\/#\/schema\/person\/3d71c575842522757de7f4f9c9b40215","name":"Manuel Ignacio Cabezas Gonz\u00e1lez","description":"Doctor en Didactolog\u00eda de las Lenguas y de las Culturas. Profesor Titular de Ling\u00fc\u00edstica y de Ling\u00fc\u00edstica Aplicada. Departamento de Filolog\u00eda Francesa y Rom\u00e1nica (UAB).","sameAs":["http:\/\/honrad.blogspot.com\/","https:\/\/www.facebook.com\/manuelignacio.cabezasgonzalez","https:\/\/x.com\/ManuelICabezas"]}]}},"_links":{"self":[{"href":"https:\/\/www.revistarambla.com\/en\/wp-json\/wp\/v2\/posts\/64021","targetHints":{"allow":["GET"]}}],"collection":[{"href":"https:\/\/www.revistarambla.com\/en\/wp-json\/wp\/v2\/posts"}],"about":[{"href":"https:\/\/www.revistarambla.com\/en\/wp-json\/wp\/v2\/types\/post"}],"author":[{"embeddable":true,"href":"https:\/\/www.revistarambla.com\/en\/wp-json\/wp\/v2\/users\/17"}],"replies":[{"embeddable":true,"href":"https:\/\/www.revistarambla.com\/en\/wp-json\/wp\/v2\/comments?post=64021"}],"version-history":[{"count":1,"href":"https:\/\/www.revistarambla.com\/en\/wp-json\/wp\/v2\/posts\/64021\/revisions"}],"predecessor-version":[{"id":64022,"href":"https:\/\/www.revistarambla.com\/en\/wp-json\/wp\/v2\/posts\/64021\/revisions\/64022"}],"wp:featuredmedia":[{"embeddable":true,"href":"https:\/\/www.revistarambla.com\/en\/wp-json\/wp\/v2\/media\/40968"}],"wp:attachment":[{"href":"https:\/\/www.revistarambla.com\/en\/wp-json\/wp\/v2\/media?parent=64021"}],"wp:term":[{"taxonomy":"category","embeddable":true,"href":"https:\/\/www.revistarambla.com\/en\/wp-json\/wp\/v2\/categories?post=64021"},{"taxonomy":"post_tag","embeddable":true,"href":"https:\/\/www.revistarambla.com\/en\/wp-json\/wp\/v2\/tags?post=64021"}],"curies":[{"name":"wp","href":"https:\/\/api.w.org\/{rel}","templated":true}]}}