{"id":6392,"date":"2014-11-18T14:02:43","date_gmt":"2014-11-18T14:02:43","guid":{"rendered":"https:\/\/www.revistarambla.com\/la-memoria-antifranquista-en-la-universidad-de-barcelona\/"},"modified":"2014-11-18T14:02:43","modified_gmt":"2014-11-18T14:02:43","slug":"la-memoria-antifranquista-en-la-universidad-de-barcelona","status":"publish","type":"post","link":"https:\/\/www.revistarambla.com\/en\/la-memoria-antifranquista-en-la-universidad-de-barcelona\/","title":{"rendered":"La memoria antifranquista en la Universidad de Barcelona"},"content":{"rendered":"<p class=\"p1\"> \t<img decoding=\"async\" class=\"alignleft size-full wp-image-6387\" alt=\"alt\" src=\"https:\/\/www.revistarambla.com\/wp-content\/uploads\/2014\/11\/Francos_revRambla01.jpg\" style=\"width: 682px; height: 412px; margin-left: 12px; margin-right: 12px; float: left;\" width=\"682\" height=\"412\" srcset=\"https:\/\/www.revistarambla.com\/wp-content\/uploads\/2014\/11\/Francos_revRambla01.jpg 682w, https:\/\/www.revistarambla.com\/wp-content\/uploads\/2014\/11\/Francos_revRambla01-300x181.jpg 300w, https:\/\/www.revistarambla.com\/wp-content\/uploads\/2014\/11\/Francos_revRambla01-500x302.jpg 500w\" sizes=\"(max-width: 682px) 100vw, 682px\" \/>La <span data-scayt_word=\"Fundaci\u00f3n\" data-scaytid=\"1\">Fundaci\u00f3n<\/span> <span data-scayt_word=\"Solidaridad\" data-scaytid=\"2\">Solidaridad<\/span> de la Universidad de Barcelona ha <span data-scayt_word=\"organizado\" data-scaytid=\"3\">organizado<\/span> un <span data-scayt_word=\"ciclo\" data-scaytid=\"4\">ciclo<\/span> de cine, <span data-scayt_word=\"conferencias\" data-scaytid=\"5\">conferencias<\/span> y mesas <span data-scayt_word=\"redondas\" data-scaytid=\"6\">redondas<\/span> <span data-scayt_word=\"sobre\" data-scaytid=\"7\">sobre<\/span> la <span data-scayt_word=\"represi\u00f3n\" data-scaytid=\"9\">represi\u00f3n<\/span> <span data-scayt_word=\"franquista\" data-scaytid=\"10\">franquista<\/span>. El <span data-scayt_word=\"cicl\u00f3\" data-scaytid=\"11\">cicl\u00f3<\/span>, <span data-scayt_word=\"que\" data-scaytid=\"12\">que<\/span> <span data-scayt_word=\"arranc\u00f3\" data-scaytid=\"13\">arranc\u00f3<\/span> el 17 <span data-scayt_word=\"noviembre\" data-scaytid=\"14\">noviembre<\/span>, <span data-scayt_word=\"seguir\u00e1\" data-scaytid=\"16\">seguir\u00e1<\/span> el <span data-scayt_word=\"pr\u00f3ximo\" data-scaytid=\"17\">pr\u00f3ximo<\/span> <span data-scayt_word=\"mi\u00e9rcoles\" data-scaytid=\"18\">mi\u00e9rcoles<\/span>, 19 y <span data-scayt_word=\"terminar\u00e1\" data-scaytid=\"19\">terminar\u00e1<\/span> el <span data-scayt_word=\"jueves\" data-scaytid=\"20\">jueves<\/span> en <span data-scayt_word=\"una\" data-scaytid=\"21\">una<\/span> <span data-scayt_word=\"fecha\" data-scaytid=\"22\">fecha<\/span> <span data-scayt_word=\"se\u00f1alada\" data-scaytid=\"23\">se\u00f1alada<\/span>, el 20 de <span data-scayt_word=\"noviembre\" data-scaytid=\"15\">noviembre<\/span>. El <span data-scayt_word=\"tema\" data-scaytid=\"24\">tema<\/span> a <span data-scayt_word=\"tratar\" data-scaytid=\"25\">tratar<\/span> el 20-N <span data-scayt_word=\"ser\u00e1\" data-scaytid=\"26\">ser\u00e1<\/span> <span data-scayt_word=\"sobre\" data-scaytid=\"8\">sobre<\/span> los <span data-scayt_word=\"trabajos\" data-scaytid=\"27\">trabajos<\/span> <span data-scayt_word=\"forzosos\" data-scaytid=\"28\">forzosos<\/span> y la <span data-scayt_word=\"construcci\u00f3n\" data-scaytid=\"29\">construcci\u00f3n<\/span> del Valle de los <span data-scayt_word=\"Ca\u00eddos\" data-scaytid=\"30\">Ca\u00eddos<\/span>, y <span data-scayt_word=\"contar\u00e1\" data-scaytid=\"31\">contar\u00e1<\/span> con la <span data-scayt_word=\"presencia\" data-scaytid=\"32\">presencia<\/span> del <span data-scayt_word=\"historiador\" data-scaytid=\"33\">historiador<\/span>\u00a0<span data-scayt_word=\"Nicol\u00e1s\" data-scaytid=\"34\">Nicol\u00e1s<\/span>\u00a0<span data-scayt_word=\"S\u00e1nchez\" data-scaytid=\"35\">S\u00e1nchez<\/span> <span data-scayt_word=\"Albornoz\" data-scaytid=\"36\">Albornoz<\/span>.<\/p>\n<p class=\"p1\"> \t\u00a0<\/p>\n<p class=\"p1\"> \t\u00a0<\/p>\n<p>  <!--more-->  <\/p>\n<p> \t\u00a0<\/p>\n<p class=\"p1\"> \t<img decoding=\"async\" class=\"size-full wp-image-6388\" alt=\"alt\" src=\"https:\/\/www.revistarambla.com\/wp-content\/uploads\/2014\/11\/Francos_revRambla02.jpg\" style=\"width: 700px; height: 282px;\" width=\"700\" height=\"282\" srcset=\"https:\/\/www.revistarambla.com\/wp-content\/uploads\/2014\/11\/Francos_revRambla02.jpg 700w, https:\/\/www.revistarambla.com\/wp-content\/uploads\/2014\/11\/Francos_revRambla02-300x121.jpg 300w, https:\/\/www.revistarambla.com\/wp-content\/uploads\/2014\/11\/Francos_revRambla02-500x201.jpg 500w\" sizes=\"(max-width: 700px) 100vw, 700px\" \/><\/p>\n<p class=\"p1\"> \t\u00a0<\/p>\n<p class=\"p1\"> \tLa <span data-scayt_word=\"Fundaci\u00f3n\" data-scaytid=\"37\">Fundaci\u00f3n<\/span> <span data-scayt_word=\"Solidaridad\" data-scaytid=\"38\">Solidaridad<\/span> de la Universidad de Barcelona ha <span data-scayt_word=\"organizado\" data-scaytid=\"39\">organizado<\/span> un <span data-scayt_word=\"ciclo\" data-scaytid=\"40\">ciclo<\/span> de cine, <span data-scayt_word=\"conferencias\" data-scaytid=\"41\">conferencias<\/span> y mesas <span data-scayt_word=\"redondas\" data-scaytid=\"42\">redondas<\/span> <span data-scayt_word=\"sobre\" data-scaytid=\"43\">sobre<\/span> la <span data-scayt_word=\"represi\u00f3n\" data-scaytid=\"45\">represi\u00f3n<\/span> <span data-scayt_word=\"franquista\" data-scaytid=\"46\">franquista<\/span>. El <span data-scayt_word=\"cicl\u00f3\" data-scaytid=\"47\">cicl\u00f3<\/span>, <span data-scayt_word=\"que\" data-scaytid=\"48\">que<\/span> <span data-scayt_word=\"arranc\u00f3\" data-scaytid=\"49\">arranc\u00f3<\/span> el 17 <span data-scayt_word=\"noviembre\" data-scaytid=\"50\">noviembre<\/span>, <span data-scayt_word=\"seguir\u00e1\" data-scaytid=\"52\">seguir\u00e1<\/span> el <span data-scayt_word=\"pr\u00f3ximo\" data-scaytid=\"53\">pr\u00f3ximo<\/span> <span data-scayt_word=\"mi\u00e9rcoles\" data-scaytid=\"54\">mi\u00e9rcoles<\/span>, 19 y <span data-scayt_word=\"terminar\u00e1\" data-scaytid=\"55\">terminar\u00e1<\/span> el <span data-scayt_word=\"jueves\" data-scaytid=\"56\">jueves<\/span> en <span data-scayt_word=\"una\" data-scaytid=\"57\">una<\/span> <span data-scayt_word=\"fecha\" data-scaytid=\"58\">fecha<\/span> <span data-scayt_word=\"se\u00f1alada\" data-scaytid=\"59\">se\u00f1alada<\/span>, el 20 de <span data-scayt_word=\"noviembre\" data-scaytid=\"51\">noviembre<\/span>. El <span data-scayt_word=\"tema\" data-scaytid=\"60\">tema<\/span> a <span data-scayt_word=\"tratar\" data-scaytid=\"61\">tratar<\/span> el 20-N <span data-scayt_word=\"ser\u00e1\" data-scaytid=\"62\">ser\u00e1<\/span> <span data-scayt_word=\"sobre\" data-scaytid=\"44\">sobre<\/span> los <span data-scayt_word=\"trabajos\" data-scaytid=\"63\">trabajos<\/span> <span data-scayt_word=\"forzosos\" data-scaytid=\"64\">forzosos<\/span> y la <span data-scayt_word=\"construcci\u00f3n\" data-scaytid=\"65\">construcci\u00f3n<\/span> del Valle de los <span data-scayt_word=\"Ca\u00eddos\" data-scaytid=\"66\">Ca\u00eddos<\/span>, y <span data-scayt_word=\"contar\u00e1\" data-scaytid=\"67\">contar\u00e1<\/span> con la <span data-scayt_word=\"presencia\" data-scaytid=\"68\">presencia<\/span> del <span data-scayt_word=\"historiador\" data-scaytid=\"69\">historiador<\/span>\u00a0Nicol\u00e1s\u00a0<span data-scayt_word=\"S\u00e1nchez\" data-scaytid=\"70\">S\u00e1nchez<\/span> <span data-scayt_word=\"Albornoz\" data-scaytid=\"71\">Albornoz<\/span>.<\/p>\n<p class=\"p2\"> \t\u00a0<\/p>\n<p class=\"p1\"> \t<b>Los <span data-scayt_word=\"colonos\" data-scaytid=\"143\">colonos<\/span> del <span data-scayt_word=\"Caudillo\" data-scaytid=\"144\">Caudillo<\/span><\/b><\/p>\n<p class=\"p1\"> \t\u00a0<\/p>\n<p class=\"p1\"> \tEl <span data-scayt_word=\"pasado\" data-scaytid=\"225\">pasado<\/span> <span data-scayt_word=\"lunes\" data-scaytid=\"226\">lunes<\/span> 17 se <span data-scayt_word=\"proyect\u00f3\" data-scaytid=\"227\">proyect\u00f3<\/span> Los <span data-scayt_word=\"colonos\" data-scaytid=\"145\">colonos<\/span> del <span data-scayt_word=\"Caudillo\" data-scaytid=\"146\">Caudillo<\/span>, el documental de <span data-scayt_word=\"Luc\u00eda\" data-scaytid=\"231\">Luc\u00eda<\/span> <span data-scayt_word=\"Palacios\" data-scaytid=\"232\">Palacios<\/span> y <span data-scayt_word=\"Dietmar\" data-scaytid=\"233\">Dietmar<\/span> Post <span data-scayt_word=\"realizado\" data-scaytid=\"234\">realizado<\/span> en 2013, y <span data-scayt_word=\"que\" data-scaytid=\"148\">que<\/span> <span data-scayt_word=\"ya\" data-scaytid=\"237\">ya<\/span> ha <span data-scayt_word=\"recorrido\" data-scaytid=\"238\">recorrido<\/span> <span data-scayt_word=\"varias\" data-scaytid=\"239\">varias<\/span> <span data-scayt_word=\"ciudades\" data-scaytid=\"240\">ciudades<\/span> de <span data-scayt_word=\"Espa\u00f1a\" data-scaytid=\"241\">Espa\u00f1a<\/span>, <span data-scayt_word=\"Alemania\" data-scaytid=\"242\">Alemania<\/span> y Cuba. El <span data-scayt_word=\"Instituto\" data-scaytid=\"243\">Instituto<\/span> <span data-scayt_word=\"Nacional\" data-scaytid=\"244\">Nacional<\/span> de <span data-scayt_word=\"Colonizaci\u00f3n\" data-scaytid=\"245\">Colonizaci\u00f3n<\/span>, <span data-scayt_word=\"durante\" data-scaytid=\"246\">durante<\/span> el <span data-scayt_word=\"r\u00e9gimen\" data-scaytid=\"247\">r\u00e9gimen<\/span> de Franco, <span data-scayt_word=\"creo\" data-scaytid=\"248\">creo<\/span> <span data-scayt_word=\"m\u00e1s\" data-scaytid=\"249\">m\u00e1s<\/span> de 300 <span data-scayt_word=\"nuevos\" data-scaytid=\"252\">nuevos<\/span> pueblos o <span data-scayt_word=\"colonias\" data-scaytid=\"253\">colonias<\/span>, 14 de <span data-scayt_word=\"ellos\" data-scaytid=\"254\">ellos<\/span> <span data-scayt_word=\"llevaban\" data-scaytid=\"256\">llevaban<\/span> en <span data-scayt_word=\"su\" data-scaytid=\"257\">su<\/span> <span data-scayt_word=\"top\u00f3nimo\" data-scaytid=\"258\">top\u00f3nimo<\/span> el <span data-scayt_word=\"nombre\" data-scaytid=\"259\">nombre<\/span> de <span data-scayt_word=\"\u201cCaudillo\u201d\" data-scaytid=\"260\">&ldquo;Caudillo&rdquo;<\/span>. La <span data-scayt_word=\"galardonada\" data-scaytid=\"261\">galardonada<\/span> <span data-scayt_word=\"pareja\" data-scaytid=\"262\">pareja<\/span> de <span data-scayt_word=\"documentalista\" data-scaytid=\"263\">documentalista<\/span> <span data-scayt_word=\"cogi\u00f3\" data-scaytid=\"264\">cogi\u00f3<\/span> <span data-scayt_word=\"como\" data-scaytid=\"265\">como<\/span> <span data-scayt_word=\"punto\" data-scaytid=\"267\">punto<\/span> de <span data-scayt_word=\"partida\" data-scaytid=\"268\">partida<\/span> la <span data-scayt_word=\"creaci\u00f3n\" data-scaytid=\"269\">creaci\u00f3n<\/span> de <span data-scayt_word=\"uno\" data-scaytid=\"270\">uno<\/span> de <span data-scayt_word=\"ellos\" data-scaytid=\"255\">ellos<\/span>, <span data-scayt_word=\"Llanos\" data-scaytid=\"271\">Llanos<\/span> del <span data-scayt_word=\"Caudillo\" data-scaytid=\"147\">Caudillo<\/span>, <span data-scayt_word=\"para\" data-scaytid=\"272\">para<\/span> <span data-scayt_word=\"recoger\" data-scaytid=\"273\">recoger<\/span> los <span data-scayt_word=\"testimonios\" data-scaytid=\"274\">testimonios<\/span> de los <span data-scayt_word=\"participaron\" data-scaytid=\"275\">participaron<\/span> en el <span data-scayt_word=\"ej\u00e9rcito\" data-scaytid=\"276\">ej\u00e9rcito<\/span> <span data-scayt_word=\"franquista\" data-scaytid=\"150\">franquista<\/span> y en el <span data-scayt_word=\"republicano\" data-scaytid=\"278\">republicano<\/span>. La <span data-scayt_word=\"pel\u00edcula\" data-scaytid=\"279\">pel\u00edcula<\/span>, <span data-scayt_word=\"que\" data-scaytid=\"149\">que<\/span> se <span data-scayt_word=\"aleja\" data-scaytid=\"280\">aleja<\/span> del <span data-scayt_word=\"estilo\" data-scaytid=\"281\">estilo<\/span> <span data-scayt_word=\"propio\" data-scaytid=\"282\">propio<\/span> del documental <span data-scayt_word=\"efectista\" data-scaytid=\"283\">efectista<\/span> y con <span data-scayt_word=\"vocaci\u00f3n\" data-scaytid=\"284\">vocaci\u00f3n<\/span> <span data-scayt_word=\"did\u00e1ctica\" data-scaytid=\"285\">did\u00e1ctica<\/span> y se <span data-scayt_word=\"adentra\" data-scaytid=\"286\">adentra<\/span> <span data-scayt_word=\"m\u00e1s\" data-scaytid=\"250\">m\u00e1s<\/span> en el cine <span data-scayt_word=\"reflexivo\" data-scaytid=\"287\">reflexivo<\/span>, nos <span data-scayt_word=\"cuenta\" data-scaytid=\"288\">cuenta<\/span> <span data-scayt_word=\"como\" data-scaytid=\"266\">como<\/span> se <span data-scayt_word=\"viv\u00eda\" data-scaytid=\"289\">viv\u00eda<\/span> en <span data-scayt_word=\"estos\" data-scaytid=\"290\">estos<\/span> pueblos <span data-scayt_word=\"bajo\" data-scaytid=\"291\">bajo<\/span> <span data-scayt_word=\"una\" data-scaytid=\"151\">una<\/span> de <span data-scayt_word=\"las\" data-scaytid=\"293\">las<\/span> <span data-scayt_word=\"dictaduras\" data-scaytid=\"294\">dictaduras<\/span> <span data-scayt_word=\"m\u00e1s\" data-scaytid=\"251\">m\u00e1s<\/span> <span data-scayt_word=\"sanguinarias\" data-scaytid=\"295\">sanguinarias<\/span> y <span data-scayt_word=\"duraderas\" data-scaytid=\"296\">duraderas<\/span> de <span data-scayt_word=\"Europa\" data-scaytid=\"297\">Europa<\/span>. Material de <span data-scayt_word=\"archivo\" data-scaytid=\"298\">archivo<\/span> <span data-scayt_word=\"in\u00e9dito\" data-scaytid=\"299\">in\u00e9dito<\/span>, y la <span data-scayt_word=\"voz\" data-scaytid=\"300\">voz<\/span> del actor Juan Diego <span data-scayt_word=\"Botto\" data-scaytid=\"301\">Botto<\/span>, nos <span data-scayt_word=\"ponen\" data-scaytid=\"302\">ponen<\/span> ante el <span data-scayt_word=\"espejo\" data-scaytid=\"303\">espejo<\/span> de <span data-scayt_word=\"nuestra\" data-scaytid=\"304\">nuestra<\/span> <span data-scayt_word=\"propia\" data-scaytid=\"305\">propia<\/span> <span data-scayt_word=\"historia\" data-scaytid=\"306\">historia<\/span>.<\/p>\n<p class=\"p2\"> \t\u00a0<\/p>\n<p class=\"p1\"> \tLa mesa redonda corri\u00f3 a cargo de Dietmar Post, Josep Sancho Beltr\u00ed, en nombre de la alcald\u00eda de Poblenou del Delta (antigua Villafranco del Delta), y Jordi Guix\u00e9, director del Observatorio Europeo de Memorias de la Fundaci\u00f3n UB.<\/p>\n<p class=\"p2\"> \t<img decoding=\"async\" class=\"size-full wp-image-6389\" alt=\"alt\" src=\"https:\/\/www.revistarambla.com\/wp-content\/uploads\/2014\/11\/Francos_revRambla02b.jpg\" style=\"width: 700px; height: 450px;\" width=\"700\" height=\"450\" srcset=\"https:\/\/www.revistarambla.com\/wp-content\/uploads\/2014\/11\/Francos_revRambla02b.jpg 700w, https:\/\/www.revistarambla.com\/wp-content\/uploads\/2014\/11\/Francos_revRambla02b-300x193.jpg 300w, https:\/\/www.revistarambla.com\/wp-content\/uploads\/2014\/11\/Francos_revRambla02b-500x321.jpg 500w\" sizes=\"(max-width: 700px) 100vw, 700px\" \/><\/p>\n<p class=\"p1\"> \t\u00a0<\/p>\n<p class=\"p1\"> \t<b>Las maestras de la Rep\u00fablica<\/b><\/p>\n<p class=\"p1\"> \t\u00a0<\/p>\n<p class=\"p1\"> \tEl mi\u00e9rcoles, 19 de noviembre, y a las 18,30 h, en el Aula Magna del Edificio Hist\u00f3rico de la UB, en la Gran Via de les Corts Catalanes, 585, se proyectar\u00e1 el documental Las maestras de la Rep\u00fablica, de Pilar P\u00e9rez Solano, y que consigui\u00f3 un premio Goya al mejor documental. El film, promovido por la FETE-UGT, recupera la memoria de las heroicas maestras republicanas que, poniendo en muchos casos en peligro su libertad y la vida, lucharon por la cultura como arma de liberaci\u00f3n e igualdad. La lucha por los derechos de las mujeres, y la modernizaci\u00f3n de la educaci\u00f3n basada en la escuela p\u00fablica y democr\u00e1tica, se reflejan en esta pel\u00edcula. Para ello se recrea con una actriz, Laura de Pedro, a una maestra de la \u00e9poca; todo ello trufado de testimonios de investigadores y familiares, y con im\u00e1genes de archivo, muchas de ellas in\u00e9ditas. La voz en off de Marta Barriuso lee los textos de la escritora y pedagoga Josefina Aldecoa (Josefa Rodr\u00edguez \u00c1lvarez).<\/p>\n<p class=\"p2\"> \t\u00a0<\/p>\n<p class=\"p1\"> \tEl debate estar\u00e1 dirigido por la Vicerrectora de Administraci\u00f3n y Organizaci\u00f3n de la UB, Carme Pach\u00f3n. Contara con Hilda Farfante, hija de maestros republicanos fusilados en 1936; Salvador Dom\u00e8nech, doctor en Pedagog\u00eda y autor de Maestros y alumnos de la Rep\u00fablica, y Josep M. \u00c1lvarez, secretario general de la UGT de Catalunya.<\/p>\n<p class=\"p2\"> \t\u00a0<\/p>\n<p class=\"p1\"> \t<b><img decoding=\"async\" class=\"alignleft size-full wp-image-6390\" alt=\"alt\" src=\"https:\/\/www.revistarambla.com\/wp-content\/uploads\/2014\/11\/Francos_revRambla03.jpg\" style=\"width: 350px; height: 450px; margin: 10px 12px; float: left;\" width=\"350\" height=\"450\" srcset=\"https:\/\/www.revistarambla.com\/wp-content\/uploads\/2014\/11\/Francos_revRambla03.jpg 350w, https:\/\/www.revistarambla.com\/wp-content\/uploads\/2014\/11\/Francos_revRambla03-233x300.jpg 233w\" sizes=\"(max-width: 350px) 100vw, 350px\" \/>A la sombra de la cruz<\/b><\/p>\n<p class=\"p1\"> \t\u00a0<\/p>\n<p class=\"p1\"> \tEl acto del 20 de noviembre, 39 aniversario de la muerte del dictador Francisco Franco, se celebrar\u00e1 a las 19 h, y esta vez ser\u00e1 en el Aula Capilla de la UB. Antes de la proyecci\u00f3n del documental A la sombra de la cruz, que nos habla de los trabajos forzados &ndash;trabajo esclavo-, habr\u00e1 una conferencia ofrecida por el historiador Nicol\u00e1s S\u00e1nchez Albornoz, profesor em\u00e9rito de la Universidad de Nueva York e hijo del presidente de la Rep\u00fablica en el exilio, Claudio S\u00e1nchez Albornoz. Nicol\u00e1s S\u00e1nchez nos hablar\u00e1, no s\u00f3lo como historiador, sino como testigo directo, ya que estuvo condenado a trabajos forzados en el Valle de los Ca\u00eddos en 1947, hasta que un a\u00f1o despu\u00e9s pudo huir.<\/p>\n<p class=\"p2\"> \t\u00a0<\/p>\n<p class=\"p1\"> \tA la sombra de la cruz est\u00e1 dirigida por Alessandro Pugno, y consigui\u00f3 la Biznaga de Plata en el Festival al de Cine de M\u00e1laga de 2013. El film se adentra primero en la comunidad Benedictina del Valle de los Ca\u00eddos, m\u00e1s exactamente en su escuela (la abad\u00eda de la Santa Cruz), donde unos 50 ni\u00f1os estudian en el internado con los par\u00e1metros de &ldquo;aislamiento&rdquo; de la secularizaci\u00f3n, cientificismo y lo que los educadores doctrinales llaman &ldquo;el relativismo de la vida actual&rdquo;; lo que contrasta con la sociedad global en general y la espa\u00f1ola en particular. El Valle de los Ca\u00eddos se convierte en el s\u00edmbolo de los conflictos no resueltos de una sociedad que pretende ser moderna y democr\u00e1tica; como lo son los 150.000 desparecidos o enterrados en las cunetas que la guerra, y la posterior represi\u00f3n, causaron.<\/p>\n<p class=\"p2\"> \t\u00a0<\/p>\n<p class=\"p1\"> \tEn el debate participara, por videoconferencia, el director Alessandro Pugno, el citado Nicol\u00e1s S\u00e1nchez Albornoz, T\u00e0rio Rubio, condenado tambi\u00e9n en el Valle de los Ca\u00eddos, Manel Risques, profesor de Historia Contempor\u00e1nea en la UB y Xavier L\u00f3pez, director de la Fundaci\u00f3n Solidaridad UB.<\/p>\n<p class=\"p3\"> \t\u00a0<\/p>\n<p class=\"p4\"> \tPara consultar programa completo<\/p>\n<p class=\"p4\"> \t<a href=\"https:\/\/www.revistarambla.com\/wp-content\/uploads\/2014\/11\/programa_cicle_20N.pdf\">www.ub.edu\/web\/ub\/galeries\/documents\/noticies\/programa_cicle_20N.pdf<\/a><\/p>\n<p> \t\u00a0<\/p>\n<p> \t<strong>NOTA:<\/strong><\/p>\n<p> \t\u00a0<\/p>\n<p> \tLa fotograf\u00eda del principio corresponde a un grupo de presos durante la construcci\u00f3n del canal del bajo Guadalquivir en la zona de Los Merinales (Sevilla\/Dos Hermanas), conocido popularmente por \u00abCanal de los Presos\u00bb,\u00a0una obra fara\u00f3nica para beneficio de los financiadores del golpe. Imagen recuperada en 2002 por el grupo de trabajo \u00abRMHSA&rdquo; de la CGT Andaluc\u00eda.<\/p>","protected":false},"excerpt":{"rendered":"<p>La Fundaci\u00f3n Solidaridad de la Universidad de Barcelona ha organizado un ciclo de cine, conferencias y mesas redondas sobre la represi\u00f3n franquista. El cicl\u00f3, que arranc\u00f3 el 17 noviembre, seguir\u00e1 el pr\u00f3ximo mi\u00e9rcoles, 19 y terminar\u00e1 el jueves en una fecha se\u00f1alada, el 20 de noviembre. El tema a tratar [&hellip;]<\/p>\n","protected":false},"author":1,"featured_media":0,"comment_status":"open","ping_status":"open","sticky":false,"template":"","format":"standard","meta":{"footnotes":""},"categories":[57],"tags":[],"class_list":["post-6392","post","type-post","status-publish","format-standard","hentry","category-global"],"yoast_head":"<!-- This site is optimized with the Yoast SEO plugin v27.5 - https:\/\/yoast.com\/product\/yoast-seo-wordpress\/ -->\n<title>La memoria antifranquista en la Universidad de Barcelona - Revista Rambla<\/title>\n<meta name=\"robots\" content=\"index, follow, max-snippet:-1, max-image-preview:large, max-video-preview:-1\" \/>\n<link rel=\"canonical\" href=\"https:\/\/www.revistarambla.com\/en\/la-memoria-antifranquista-en-la-universidad-de-barcelona\/\" \/>\n<meta property=\"og:locale\" content=\"en_GB\" \/>\n<meta property=\"og:type\" content=\"article\" \/>\n<meta property=\"og:title\" content=\"La memoria antifranquista en la Universidad de Barcelona - Revista Rambla\" \/>\n<meta property=\"og:description\" content=\"La Fundaci\u00f3n Solidaridad de la Universidad de Barcelona ha organizado un ciclo de cine, conferencias y mesas redondas sobre la represi\u00f3n franquista. El cicl\u00f3, que arranc\u00f3 el 17 noviembre, seguir\u00e1 el pr\u00f3ximo mi\u00e9rcoles, 19 y terminar\u00e1 el jueves en una fecha se\u00f1alada, el 20 de noviembre. El tema a tratar [&hellip;]\" \/>\n<meta property=\"og:url\" content=\"https:\/\/www.revistarambla.com\/en\/la-memoria-antifranquista-en-la-universidad-de-barcelona\/\" \/>\n<meta property=\"og:site_name\" content=\"Revista Rambla\" \/>\n<meta property=\"article:publisher\" content=\"https:\/\/www.facebook.com\/revistarambla\/\" \/>\n<meta property=\"article:published_time\" content=\"2014-11-18T14:02:43+00:00\" \/>\n<meta property=\"og:image\" content=\"https:\/\/i2.wp.com\/www.revistarambla.com\/wp-content\/uploads\/2014\/11\/Francos_revRambla01.jpg?fit=682%2C412&ssl=1\" \/>\n\t<meta property=\"og:image:width\" content=\"682\" \/>\n\t<meta property=\"og:image:height\" content=\"412\" \/>\n\t<meta property=\"og:image:type\" content=\"image\/jpeg\" \/>\n<meta name=\"author\" content=\"admin\" \/>\n<meta name=\"twitter:card\" content=\"summary_large_image\" \/>\n<meta name=\"twitter:creator\" content=\"@revistarambla\" \/>\n<meta name=\"twitter:site\" content=\"@revistarambla\" \/>\n<meta name=\"twitter:label1\" content=\"Written by\" \/>\n\t<meta name=\"twitter:data1\" content=\"admin\" \/>\n\t<meta name=\"twitter:label2\" content=\"Estimated reading time\" \/>\n\t<meta name=\"twitter:data2\" content=\"5 minutes\" \/>\n<script type=\"application\/ld+json\" class=\"yoast-schema-graph\">{\"@context\":\"https:\\\/\\\/schema.org\",\"@graph\":[{\"@type\":\"Article\",\"@id\":\"https:\\\/\\\/www.revistarambla.com\\\/la-memoria-antifranquista-en-la-universidad-de-barcelona\\\/#article\",\"isPartOf\":{\"@id\":\"https:\\\/\\\/www.revistarambla.com\\\/la-memoria-antifranquista-en-la-universidad-de-barcelona\\\/\"},\"author\":{\"name\":\"admin\",\"@id\":\"https:\\\/\\\/www.revistarambla.com\\\/#\\\/schema\\\/person\\\/4a5652fc8c82df1f8593002d038cd79e\"},\"headline\":\"La memoria antifranquista en la Universidad de Barcelona\",\"datePublished\":\"2014-11-18T14:02:43+00:00\",\"mainEntityOfPage\":{\"@id\":\"https:\\\/\\\/www.revistarambla.com\\\/la-memoria-antifranquista-en-la-universidad-de-barcelona\\\/\"},\"wordCount\":1041,\"commentCount\":0,\"publisher\":{\"@id\":\"https:\\\/\\\/www.revistarambla.com\\\/#organization\"},\"image\":{\"@id\":\"https:\\\/\\\/www.revistarambla.com\\\/la-memoria-antifranquista-en-la-universidad-de-barcelona\\\/#primaryimage\"},\"thumbnailUrl\":\"https:\\\/\\\/www.revistarambla.com\\\/wp-content\\\/uploads\\\/2014\\\/11\\\/Francos_revRambla01.jpg\",\"articleSection\":[\"Global\"],\"inLanguage\":\"en-GB\",\"potentialAction\":[{\"@type\":\"CommentAction\",\"name\":\"Comment\",\"target\":[\"https:\\\/\\\/www.revistarambla.com\\\/la-memoria-antifranquista-en-la-universidad-de-barcelona\\\/#respond\"]}]},{\"@type\":\"WebPage\",\"@id\":\"https:\\\/\\\/www.revistarambla.com\\\/la-memoria-antifranquista-en-la-universidad-de-barcelona\\\/\",\"url\":\"https:\\\/\\\/www.revistarambla.com\\\/la-memoria-antifranquista-en-la-universidad-de-barcelona\\\/\",\"name\":\"La memoria antifranquista en la Universidad de Barcelona - Revista Rambla\",\"isPartOf\":{\"@id\":\"https:\\\/\\\/www.revistarambla.com\\\/#website\"},\"primaryImageOfPage\":{\"@id\":\"https:\\\/\\\/www.revistarambla.com\\\/la-memoria-antifranquista-en-la-universidad-de-barcelona\\\/#primaryimage\"},\"image\":{\"@id\":\"https:\\\/\\\/www.revistarambla.com\\\/la-memoria-antifranquista-en-la-universidad-de-barcelona\\\/#primaryimage\"},\"thumbnailUrl\":\"https:\\\/\\\/www.revistarambla.com\\\/wp-content\\\/uploads\\\/2014\\\/11\\\/Francos_revRambla01.jpg\",\"datePublished\":\"2014-11-18T14:02:43+00:00\",\"breadcrumb\":{\"@id\":\"https:\\\/\\\/www.revistarambla.com\\\/la-memoria-antifranquista-en-la-universidad-de-barcelona\\\/#breadcrumb\"},\"inLanguage\":\"en-GB\",\"potentialAction\":[{\"@type\":\"ReadAction\",\"target\":[\"https:\\\/\\\/www.revistarambla.com\\\/la-memoria-antifranquista-en-la-universidad-de-barcelona\\\/\"]}]},{\"@type\":\"ImageObject\",\"inLanguage\":\"en-GB\",\"@id\":\"https:\\\/\\\/www.revistarambla.com\\\/la-memoria-antifranquista-en-la-universidad-de-barcelona\\\/#primaryimage\",\"url\":\"https:\\\/\\\/www.revistarambla.com\\\/wp-content\\\/uploads\\\/2014\\\/11\\\/Francos_revRambla01.jpg\",\"contentUrl\":\"https:\\\/\\\/www.revistarambla.com\\\/wp-content\\\/uploads\\\/2014\\\/11\\\/Francos_revRambla01.jpg\"},{\"@type\":\"BreadcrumbList\",\"@id\":\"https:\\\/\\\/www.revistarambla.com\\\/la-memoria-antifranquista-en-la-universidad-de-barcelona\\\/#breadcrumb\",\"itemListElement\":[{\"@type\":\"ListItem\",\"position\":1,\"name\":\"Portada\",\"item\":\"https:\\\/\\\/www.revistarambla.com\\\/\"},{\"@type\":\"ListItem\",\"position\":2,\"name\":\"La memoria antifranquista en la Universidad de Barcelona\"}]},{\"@type\":\"WebSite\",\"@id\":\"https:\\\/\\\/www.revistarambla.com\\\/#website\",\"url\":\"https:\\\/\\\/www.revistarambla.com\\\/\",\"name\":\"Revista Rambla Barcelona\",\"description\":\"Periodismo independiente\",\"publisher\":{\"@id\":\"https:\\\/\\\/www.revistarambla.com\\\/#organization\"},\"potentialAction\":[{\"@type\":\"SearchAction\",\"target\":{\"@type\":\"EntryPoint\",\"urlTemplate\":\"https:\\\/\\\/www.revistarambla.com\\\/?s={search_term_string}\"},\"query-input\":{\"@type\":\"PropertyValueSpecification\",\"valueRequired\":true,\"valueName\":\"search_term_string\"}}],\"inLanguage\":\"en-GB\"},{\"@type\":\"Organization\",\"@id\":\"https:\\\/\\\/www.revistarambla.com\\\/#organization\",\"name\":\"Revista Rambla\",\"url\":\"https:\\\/\\\/www.revistarambla.com\\\/\",\"logo\":{\"@type\":\"ImageObject\",\"inLanguage\":\"en-GB\",\"@id\":\"https:\\\/\\\/www.revistarambla.com\\\/#\\\/schema\\\/logo\\\/image\\\/\",\"url\":\"https:\\\/\\\/www.revistarambla.com\\\/wp-content\\\/uploads\\\/2020\\\/09\\\/banner_rambla_1900x600_BB.png\",\"contentUrl\":\"https:\\\/\\\/www.revistarambla.com\\\/wp-content\\\/uploads\\\/2020\\\/09\\\/banner_rambla_1900x600_BB.png\",\"width\":1900,\"height\":600,\"caption\":\"Revista Rambla\"},\"image\":{\"@id\":\"https:\\\/\\\/www.revistarambla.com\\\/#\\\/schema\\\/logo\\\/image\\\/\"},\"sameAs\":[\"https:\\\/\\\/www.facebook.com\\\/revistarambla\\\/\",\"https:\\\/\\\/x.com\\\/revistarambla\",\"https:\\\/\\\/www.instagram.com\\\/revista_rambla\",\"https:\\\/\\\/es.linkedin.com\\\/company\\\/revista-rambla\"]},{\"@type\":\"Person\",\"@id\":\"https:\\\/\\\/www.revistarambla.com\\\/#\\\/schema\\\/person\\\/4a5652fc8c82df1f8593002d038cd79e\",\"name\":\"admin\"}]}<\/script>\n<!-- \/ Yoast SEO plugin. -->","yoast_head_json":{"title":"La memoria antifranquista en la Universidad de Barcelona - Revista Rambla","robots":{"index":"index","follow":"follow","max-snippet":"max-snippet:-1","max-image-preview":"max-image-preview:large","max-video-preview":"max-video-preview:-1"},"canonical":"https:\/\/www.revistarambla.com\/en\/la-memoria-antifranquista-en-la-universidad-de-barcelona\/","og_locale":"en_GB","og_type":"article","og_title":"La memoria antifranquista en la Universidad de Barcelona - Revista Rambla","og_description":"La Fundaci\u00f3n Solidaridad de la Universidad de Barcelona ha organizado un ciclo de cine, conferencias y mesas redondas sobre la represi\u00f3n franquista. El cicl\u00f3, que arranc\u00f3 el 17 noviembre, seguir\u00e1 el pr\u00f3ximo mi\u00e9rcoles, 19 y terminar\u00e1 el jueves en una fecha se\u00f1alada, el 20 de noviembre. El tema a tratar [&hellip;]","og_url":"https:\/\/www.revistarambla.com\/en\/la-memoria-antifranquista-en-la-universidad-de-barcelona\/","og_site_name":"Revista Rambla","article_publisher":"https:\/\/www.facebook.com\/revistarambla\/","article_published_time":"2014-11-18T14:02:43+00:00","og_image":[{"width":682,"height":412,"url":"https:\/\/i2.wp.com\/www.revistarambla.com\/wp-content\/uploads\/2014\/11\/Francos_revRambla01.jpg?fit=682%2C412&ssl=1","type":"image\/jpeg"}],"author":"admin","twitter_card":"summary_large_image","twitter_creator":"@revistarambla","twitter_site":"@revistarambla","twitter_misc":{"Written by":"admin","Estimated reading time":"5 minutes"},"schema":{"@context":"https:\/\/schema.org","@graph":[{"@type":"Article","@id":"https:\/\/www.revistarambla.com\/la-memoria-antifranquista-en-la-universidad-de-barcelona\/#article","isPartOf":{"@id":"https:\/\/www.revistarambla.com\/la-memoria-antifranquista-en-la-universidad-de-barcelona\/"},"author":{"name":"admin","@id":"https:\/\/www.revistarambla.com\/#\/schema\/person\/4a5652fc8c82df1f8593002d038cd79e"},"headline":"La memoria antifranquista en la Universidad de Barcelona","datePublished":"2014-11-18T14:02:43+00:00","mainEntityOfPage":{"@id":"https:\/\/www.revistarambla.com\/la-memoria-antifranquista-en-la-universidad-de-barcelona\/"},"wordCount":1041,"commentCount":0,"publisher":{"@id":"https:\/\/www.revistarambla.com\/#organization"},"image":{"@id":"https:\/\/www.revistarambla.com\/la-memoria-antifranquista-en-la-universidad-de-barcelona\/#primaryimage"},"thumbnailUrl":"https:\/\/www.revistarambla.com\/wp-content\/uploads\/2014\/11\/Francos_revRambla01.jpg","articleSection":["Global"],"inLanguage":"en-GB","potentialAction":[{"@type":"CommentAction","name":"Comment","target":["https:\/\/www.revistarambla.com\/la-memoria-antifranquista-en-la-universidad-de-barcelona\/#respond"]}]},{"@type":"WebPage","@id":"https:\/\/www.revistarambla.com\/la-memoria-antifranquista-en-la-universidad-de-barcelona\/","url":"https:\/\/www.revistarambla.com\/la-memoria-antifranquista-en-la-universidad-de-barcelona\/","name":"La memoria antifranquista en la Universidad de Barcelona - Revista Rambla","isPartOf":{"@id":"https:\/\/www.revistarambla.com\/#website"},"primaryImageOfPage":{"@id":"https:\/\/www.revistarambla.com\/la-memoria-antifranquista-en-la-universidad-de-barcelona\/#primaryimage"},"image":{"@id":"https:\/\/www.revistarambla.com\/la-memoria-antifranquista-en-la-universidad-de-barcelona\/#primaryimage"},"thumbnailUrl":"https:\/\/www.revistarambla.com\/wp-content\/uploads\/2014\/11\/Francos_revRambla01.jpg","datePublished":"2014-11-18T14:02:43+00:00","breadcrumb":{"@id":"https:\/\/www.revistarambla.com\/la-memoria-antifranquista-en-la-universidad-de-barcelona\/#breadcrumb"},"inLanguage":"en-GB","potentialAction":[{"@type":"ReadAction","target":["https:\/\/www.revistarambla.com\/la-memoria-antifranquista-en-la-universidad-de-barcelona\/"]}]},{"@type":"ImageObject","inLanguage":"en-GB","@id":"https:\/\/www.revistarambla.com\/la-memoria-antifranquista-en-la-universidad-de-barcelona\/#primaryimage","url":"https:\/\/www.revistarambla.com\/wp-content\/uploads\/2014\/11\/Francos_revRambla01.jpg","contentUrl":"https:\/\/www.revistarambla.com\/wp-content\/uploads\/2014\/11\/Francos_revRambla01.jpg"},{"@type":"BreadcrumbList","@id":"https:\/\/www.revistarambla.com\/la-memoria-antifranquista-en-la-universidad-de-barcelona\/#breadcrumb","itemListElement":[{"@type":"ListItem","position":1,"name":"Portada","item":"https:\/\/www.revistarambla.com\/"},{"@type":"ListItem","position":2,"name":"La memoria antifranquista en la Universidad de Barcelona"}]},{"@type":"WebSite","@id":"https:\/\/www.revistarambla.com\/#website","url":"https:\/\/www.revistarambla.com\/","name":"Revista Rambla Barcelona","description":"Periodismo independiente","publisher":{"@id":"https:\/\/www.revistarambla.com\/#organization"},"potentialAction":[{"@type":"SearchAction","target":{"@type":"EntryPoint","urlTemplate":"https:\/\/www.revistarambla.com\/?s={search_term_string}"},"query-input":{"@type":"PropertyValueSpecification","valueRequired":true,"valueName":"search_term_string"}}],"inLanguage":"en-GB"},{"@type":"Organization","@id":"https:\/\/www.revistarambla.com\/#organization","name":"Revista Rambla","url":"https:\/\/www.revistarambla.com\/","logo":{"@type":"ImageObject","inLanguage":"en-GB","@id":"https:\/\/www.revistarambla.com\/#\/schema\/logo\/image\/","url":"https:\/\/www.revistarambla.com\/wp-content\/uploads\/2020\/09\/banner_rambla_1900x600_BB.png","contentUrl":"https:\/\/www.revistarambla.com\/wp-content\/uploads\/2020\/09\/banner_rambla_1900x600_BB.png","width":1900,"height":600,"caption":"Revista Rambla"},"image":{"@id":"https:\/\/www.revistarambla.com\/#\/schema\/logo\/image\/"},"sameAs":["https:\/\/www.facebook.com\/revistarambla\/","https:\/\/x.com\/revistarambla","https:\/\/www.instagram.com\/revista_rambla","https:\/\/es.linkedin.com\/company\/revista-rambla"]},{"@type":"Person","@id":"https:\/\/www.revistarambla.com\/#\/schema\/person\/4a5652fc8c82df1f8593002d038cd79e","name":"admin"}]}},"_links":{"self":[{"href":"https:\/\/www.revistarambla.com\/en\/wp-json\/wp\/v2\/posts\/6392","targetHints":{"allow":["GET"]}}],"collection":[{"href":"https:\/\/www.revistarambla.com\/en\/wp-json\/wp\/v2\/posts"}],"about":[{"href":"https:\/\/www.revistarambla.com\/en\/wp-json\/wp\/v2\/types\/post"}],"author":[{"embeddable":true,"href":"https:\/\/www.revistarambla.com\/en\/wp-json\/wp\/v2\/users\/1"}],"replies":[{"embeddable":true,"href":"https:\/\/www.revistarambla.com\/en\/wp-json\/wp\/v2\/comments?post=6392"}],"version-history":[{"count":0,"href":"https:\/\/www.revistarambla.com\/en\/wp-json\/wp\/v2\/posts\/6392\/revisions"}],"wp:attachment":[{"href":"https:\/\/www.revistarambla.com\/en\/wp-json\/wp\/v2\/media?parent=6392"}],"wp:term":[{"taxonomy":"category","embeddable":true,"href":"https:\/\/www.revistarambla.com\/en\/wp-json\/wp\/v2\/categories?post=6392"},{"taxonomy":"post_tag","embeddable":true,"href":"https:\/\/www.revistarambla.com\/en\/wp-json\/wp\/v2\/tags?post=6392"}],"curies":[{"name":"wp","href":"https:\/\/api.w.org\/{rel}","templated":true}]}}