{"id":63916,"date":"2025-01-09T20:27:07","date_gmt":"2025-01-09T19:27:07","guid":{"rendered":"https:\/\/www.revistarambla.com\/?p=63916"},"modified":"2025-01-09T20:27:07","modified_gmt":"2025-01-09T19:27:07","slug":"la-iii-edicion-de-los-premios-alma-mater-premia-la-calidad-y-la-innovacion-en-la-educacion-digital","status":"publish","type":"post","link":"https:\/\/www.revistarambla.com\/en\/la-iii-edicion-de-los-premios-alma-mater-premia-la-calidad-y-la-innovacion-en-la-educacion-digital\/","title":{"rendered":"La III Edici\u00f3n de los Premios Alma Mater premia la calidad y la innovaci\u00f3n en la educaci\u00f3n digital"},"content":{"rendered":"<p>La III Edici\u00f3n de los Premios Educativos Alma Mater ha finalizado reconociendo a las mejores plataformas e instituciones privadas de formaci\u00f3n online, destacando la excelencia pedag\u00f3gica, la accesibilidad y la innovaci\u00f3n tecnol\u00f3gica en el aprendizaje digital. Este certamen internacional, ya consolidado como un referente del sector, premia cada a\u00f1o las iniciativas m\u00e1s destacadas en la ense\u00f1anza a distancia.<\/p>\n<p>Desde su creaci\u00f3n, los Premios Alma Mater han promovido la mejora continua en la educaci\u00f3n online, destacando aquellas instituciones y proyectos que no solo cumplen con altos est\u00e1ndares de calidad, sino que tambi\u00e9n contribuyen a la evoluci\u00f3n de la formaci\u00f3n digital.<\/p>\n<h2><b>Tres categor\u00edas para premiar la excelencia educativa digital<\/b><\/h2>\n<p>Para asegurar una evaluaci\u00f3n integral, el certamen est\u00e1 dividido en tres categor\u00edas principales que reflejan distintos enfoques de la formaci\u00f3n online:<\/p>\n<ul>\n<li aria-level=\"1\"><b>Great e-learning platform (<\/b><a href=\"https:\/\/academikast.com\/\" target=\"_blank\" rel=\"nofollow noopener\"><b>Mejor Plataforma de Aprendizaje Online<\/b><\/a><b>):<\/b> Premia a las plataformas tecnol\u00f3gicas que destacan por su experiencia de usuario, dise\u00f1o accesible e interfaces intuitivas.<\/li>\n<li aria-level=\"1\"><b>Great Educational Content (Mejor Contenido Educativo):<\/b> Distingue los recursos pedag\u00f3gicos que aportan un valor educativo significativo, con contenidos estructurados y de alta calidad.<\/li>\n<li aria-level=\"1\"><b>Great Didactic Content (Mejor Contenido Did\u00e1ctico):<\/b> Reconoce los recursos dise\u00f1ados para facilitar la comprensi\u00f3n de conceptos complejos mediante estrategias did\u00e1cticas innovadoras.<\/li>\n<\/ul>\n<h2><b>Ganadores de la III Edici\u00f3n de los Premios Alma Mater<\/b><\/h2>\n<p>El jurado, compuesto por especialistas en tecnolog\u00eda educativa y pedagog\u00eda, evalu\u00f3 todas las candidaturas antes de anunciar a los siguientes ganadores:<\/p>\n<ul>\n<li aria-level=\"1\"><b>Great e-learning platform:<\/b> <b>Academikast<\/b> (Espa\u00f1a) se alz\u00f3 con este galard\u00f3n por su plataforma visualmente atractiva, accesible y adaptable a diversos estilos de aprendizaje. Netzum (Per\u00fa) y Aprendum (Chile) tambi\u00e9n destacaron como finalistas con soluciones innovadoras.<\/li>\n<li aria-level=\"1\"><b>Great Educational Content:<\/b> <b>Edutop\u00eda<\/b> (Estados Unidos) fue premiada por sus recursos educativos accesibles e inspiradores, dise\u00f1ados para motivar tanto a estudiantes como a docentes. Khan Academy (Estados Unidos) y Papora (Reino Unido) completaron el podio con propuestas de alta calidad.<\/li>\n<li aria-level=\"1\"><b>Great Didactic Content:<\/b> <b>ComoCitarenApa<\/b> (Estados Unidos) obtuvo el reconocimiento por su contenido especializado en normativas de citaci\u00f3n acad\u00e9mica, presentado de forma clara y efectiva. Los finalistas TusOpos (Espa\u00f1a) y Primary Quiz (Estados Unidos) tambi\u00e9n presentaron recursos formativos sobresalientes.<\/li>\n<\/ul>\n<h2><b>Un compromiso con la calidad y la mejora continua en la educaci\u00f3n online<\/b><\/h2>\n<p>El prop\u00f3sito de los Premios Alma Mater no es \u00fanicamente reconocer a los ganadores, sino incentivar una mejora continua en la calidad de la formaci\u00f3n online. En un contexto educativo donde la ense\u00f1anza digital se ha convertido en una herramienta esencial, garantizar recursos de alta calidad es clave para la efectividad del proceso formativo.<\/p>\n<p>El certamen act\u00faa como un est\u00edmulo para que las plataformas e instituciones sigan explorando nuevas metodolog\u00edas y tecnolog\u00edas que contribuyan a un aprendizaje m\u00e1s accesible y efectivo.<\/p>\n<h2><b>Un evento que impulsa la colaboraci\u00f3n y el intercambio global<\/b><\/h2>\n<p>Durante la ceremonia de premiaci\u00f3n, un portavoz del comit\u00e9 organizador destac\u00f3 la importancia del esfuerzo colaborativo:<\/p>\n<p><i>\u00abEstos premios no solo celebran la excelencia de los ganadores, sino que reflejan el trabajo conjunto de todas las instituciones que buscan mejorar la educaci\u00f3n digital a nivel mundial.\u00bb<\/i><\/p>\n<p>El evento tambi\u00e9n sirvi\u00f3 como un espacio para la creaci\u00f3n de sinergias entre instituciones, facilitando la colaboraci\u00f3n y el intercambio de experiencias entre los participantes del sector educativo y tecnol\u00f3gico.<\/p>\n<h2><b>El futuro de los Premios Alma Mater: nuevos retos y expansi\u00f3n global<\/b><\/h2>\n<p>Con la tercera edici\u00f3n concluida con \u00e9xito, la organizaci\u00f3n de los Premios Alma Mater ya trabaja en la planificaci\u00f3n de la cuarta convocatoria. Entre los nuevos retos, se destaca la inclusi\u00f3n de criterios centrados en la accesibilidad y la diversidad cultural, con el fin de ampliar el impacto de las iniciativas educativas premiadas.<\/p>\n<p>Los Premios Alma Mater siguen siendo un referente global de excelencia, impulsando a las instituciones a continuar innovando y garantizando un aprendizaje de calidad, accesible y enriquecedor para estudiantes de todo el mundo.<\/p>","protected":false},"excerpt":{"rendered":"<p>La III Edici\u00f3n de los Premios Educativos Alma Mater ha finalizado reconociendo a las mejores plataformas e instituciones privadas de formaci\u00f3n online, destacando la excelencia pedag\u00f3gica, la accesibilidad y la innovaci\u00f3n tecnol\u00f3gica en el aprendizaje digital. Este certamen internacional, ya consolidado como un referente del sector, premia cada a\u00f1o las [&hellip;]<\/p>\n","protected":false},"author":3,"featured_media":63917,"comment_status":"closed","ping_status":"closed","sticky":false,"template":"","format":"standard","meta":{"footnotes":""},"categories":[3790],"tags":[],"class_list":["post-63916","post","type-post","status-publish","format-standard","has-post-thumbnail","hentry","category-otras-noticias"],"yoast_head":"<!-- This site is optimized with the Yoast SEO plugin v27.5 - https:\/\/yoast.com\/product\/yoast-seo-wordpress\/ -->\n<title>La III Edici\u00f3n de los Premios Alma Mater premia la calidad y la innovaci\u00f3n en la educaci\u00f3n digital - Revista Rambla<\/title>\n<meta name=\"robots\" content=\"index, follow, max-snippet:-1, max-image-preview:large, max-video-preview:-1\" \/>\n<link rel=\"canonical\" href=\"https:\/\/www.revistarambla.com\/en\/la-iii-edicion-de-los-premios-alma-mater-premia-la-calidad-y-la-innovacion-en-la-educacion-digital\/\" \/>\n<meta property=\"og:locale\" content=\"en_GB\" \/>\n<meta property=\"og:type\" content=\"article\" \/>\n<meta property=\"og:title\" content=\"La III Edici\u00f3n de los Premios Alma Mater premia la calidad y la innovaci\u00f3n en la educaci\u00f3n digital - Revista Rambla\" \/>\n<meta property=\"og:description\" content=\"La III Edici\u00f3n de los Premios Educativos Alma Mater ha finalizado reconociendo a las mejores plataformas e instituciones privadas de formaci\u00f3n online, destacando la excelencia pedag\u00f3gica, la accesibilidad y la innovaci\u00f3n tecnol\u00f3gica en el aprendizaje digital. Este certamen internacional, ya consolidado como un referente del sector, premia cada a\u00f1o las [&hellip;]\" \/>\n<meta property=\"og:url\" content=\"https:\/\/www.revistarambla.com\/en\/la-iii-edicion-de-los-premios-alma-mater-premia-la-calidad-y-la-innovacion-en-la-educacion-digital\/\" \/>\n<meta property=\"og:site_name\" content=\"Revista Rambla\" \/>\n<meta property=\"article:publisher\" content=\"https:\/\/www.facebook.com\/revistarambla\/\" \/>\n<meta property=\"article:author\" content=\"https:\/\/www.facebook.com\/revistarambla\" \/>\n<meta property=\"article:published_time\" content=\"2025-01-09T19:27:07+00:00\" \/>\n<meta property=\"og:image\" content=\"https:\/\/www.revistarambla.com\/wp-content\/uploads\/2025\/01\/phppjLBAG677fa0744f5ee.jpg\" \/>\n\t<meta property=\"og:image:width\" content=\"640\" \/>\n\t<meta property=\"og:image:height\" content=\"452\" \/>\n\t<meta property=\"og:image:type\" content=\"image\/jpeg\" \/>\n<meta name=\"author\" content=\"R@mbla\" \/>\n<meta name=\"twitter:card\" content=\"summary_large_image\" \/>\n<meta name=\"twitter:creator\" content=\"@revistarambla\" \/>\n<meta name=\"twitter:site\" content=\"@revistarambla\" \/>\n<meta name=\"twitter:label1\" content=\"Written by\" \/>\n\t<meta name=\"twitter:data1\" content=\"R@mbla\" \/>\n\t<meta name=\"twitter:label2\" content=\"Estimated reading time\" \/>\n\t<meta name=\"twitter:data2\" content=\"4 minutes\" \/>\n<script type=\"application\/ld+json\" class=\"yoast-schema-graph\">{\"@context\":\"https:\\\/\\\/schema.org\",\"@graph\":[{\"@type\":\"Article\",\"@id\":\"https:\\\/\\\/www.revistarambla.com\\\/la-iii-edicion-de-los-premios-alma-mater-premia-la-calidad-y-la-innovacion-en-la-educacion-digital\\\/#article\",\"isPartOf\":{\"@id\":\"https:\\\/\\\/www.revistarambla.com\\\/la-iii-edicion-de-los-premios-alma-mater-premia-la-calidad-y-la-innovacion-en-la-educacion-digital\\\/\"},\"author\":{\"name\":\"R@mbla\",\"@id\":\"https:\\\/\\\/www.revistarambla.com\\\/#\\\/schema\\\/person\\\/a146a5a2550b94981a75131180e1bd9c\"},\"headline\":\"La III Edici\u00f3n de los Premios Alma Mater premia la calidad y la innovaci\u00f3n en la educaci\u00f3n digital\",\"datePublished\":\"2025-01-09T19:27:07+00:00\",\"mainEntityOfPage\":{\"@id\":\"https:\\\/\\\/www.revistarambla.com\\\/la-iii-edicion-de-los-premios-alma-mater-premia-la-calidad-y-la-innovacion-en-la-educacion-digital\\\/\"},\"wordCount\":697,\"publisher\":{\"@id\":\"https:\\\/\\\/www.revistarambla.com\\\/#organization\"},\"image\":{\"@id\":\"https:\\\/\\\/www.revistarambla.com\\\/la-iii-edicion-de-los-premios-alma-mater-premia-la-calidad-y-la-innovacion-en-la-educacion-digital\\\/#primaryimage\"},\"thumbnailUrl\":\"https:\\\/\\\/www.revistarambla.com\\\/wp-content\\\/uploads\\\/2025\\\/01\\\/phppjLBAG677fa0744f5ee.jpg\",\"articleSection\":[\"Otras Noticias\"],\"inLanguage\":\"en-GB\"},{\"@type\":\"WebPage\",\"@id\":\"https:\\\/\\\/www.revistarambla.com\\\/la-iii-edicion-de-los-premios-alma-mater-premia-la-calidad-y-la-innovacion-en-la-educacion-digital\\\/\",\"url\":\"https:\\\/\\\/www.revistarambla.com\\\/la-iii-edicion-de-los-premios-alma-mater-premia-la-calidad-y-la-innovacion-en-la-educacion-digital\\\/\",\"name\":\"La III Edici\u00f3n de los Premios Alma Mater premia la calidad y la innovaci\u00f3n en la educaci\u00f3n digital - Revista Rambla\",\"isPartOf\":{\"@id\":\"https:\\\/\\\/www.revistarambla.com\\\/#website\"},\"primaryImageOfPage\":{\"@id\":\"https:\\\/\\\/www.revistarambla.com\\\/la-iii-edicion-de-los-premios-alma-mater-premia-la-calidad-y-la-innovacion-en-la-educacion-digital\\\/#primaryimage\"},\"image\":{\"@id\":\"https:\\\/\\\/www.revistarambla.com\\\/la-iii-edicion-de-los-premios-alma-mater-premia-la-calidad-y-la-innovacion-en-la-educacion-digital\\\/#primaryimage\"},\"thumbnailUrl\":\"https:\\\/\\\/www.revistarambla.com\\\/wp-content\\\/uploads\\\/2025\\\/01\\\/phppjLBAG677fa0744f5ee.jpg\",\"datePublished\":\"2025-01-09T19:27:07+00:00\",\"breadcrumb\":{\"@id\":\"https:\\\/\\\/www.revistarambla.com\\\/la-iii-edicion-de-los-premios-alma-mater-premia-la-calidad-y-la-innovacion-en-la-educacion-digital\\\/#breadcrumb\"},\"inLanguage\":\"en-GB\",\"potentialAction\":[{\"@type\":\"ReadAction\",\"target\":[\"https:\\\/\\\/www.revistarambla.com\\\/la-iii-edicion-de-los-premios-alma-mater-premia-la-calidad-y-la-innovacion-en-la-educacion-digital\\\/\"]}]},{\"@type\":\"ImageObject\",\"inLanguage\":\"en-GB\",\"@id\":\"https:\\\/\\\/www.revistarambla.com\\\/la-iii-edicion-de-los-premios-alma-mater-premia-la-calidad-y-la-innovacion-en-la-educacion-digital\\\/#primaryimage\",\"url\":\"https:\\\/\\\/www.revistarambla.com\\\/wp-content\\\/uploads\\\/2025\\\/01\\\/phppjLBAG677fa0744f5ee.jpg\",\"contentUrl\":\"https:\\\/\\\/www.revistarambla.com\\\/wp-content\\\/uploads\\\/2025\\\/01\\\/phppjLBAG677fa0744f5ee.jpg\",\"width\":640,\"height\":452,\"caption\":\"Premios Alma Mater\"},{\"@type\":\"BreadcrumbList\",\"@id\":\"https:\\\/\\\/www.revistarambla.com\\\/la-iii-edicion-de-los-premios-alma-mater-premia-la-calidad-y-la-innovacion-en-la-educacion-digital\\\/#breadcrumb\",\"itemListElement\":[{\"@type\":\"ListItem\",\"position\":1,\"name\":\"Portada\",\"item\":\"https:\\\/\\\/www.revistarambla.com\\\/\"},{\"@type\":\"ListItem\",\"position\":2,\"name\":\"La III Edici\u00f3n de los Premios Alma Mater premia la calidad y la innovaci\u00f3n en la educaci\u00f3n digital\"}]},{\"@type\":\"WebSite\",\"@id\":\"https:\\\/\\\/www.revistarambla.com\\\/#website\",\"url\":\"https:\\\/\\\/www.revistarambla.com\\\/\",\"name\":\"Revista Rambla Barcelona\",\"description\":\"Periodismo independiente\",\"publisher\":{\"@id\":\"https:\\\/\\\/www.revistarambla.com\\\/#organization\"},\"potentialAction\":[{\"@type\":\"SearchAction\",\"target\":{\"@type\":\"EntryPoint\",\"urlTemplate\":\"https:\\\/\\\/www.revistarambla.com\\\/?s={search_term_string}\"},\"query-input\":{\"@type\":\"PropertyValueSpecification\",\"valueRequired\":true,\"valueName\":\"search_term_string\"}}],\"inLanguage\":\"en-GB\"},{\"@type\":\"Organization\",\"@id\":\"https:\\\/\\\/www.revistarambla.com\\\/#organization\",\"name\":\"Revista Rambla\",\"url\":\"https:\\\/\\\/www.revistarambla.com\\\/\",\"logo\":{\"@type\":\"ImageObject\",\"inLanguage\":\"en-GB\",\"@id\":\"https:\\\/\\\/www.revistarambla.com\\\/#\\\/schema\\\/logo\\\/image\\\/\",\"url\":\"https:\\\/\\\/www.revistarambla.com\\\/wp-content\\\/uploads\\\/2020\\\/09\\\/banner_rambla_1900x600_BB.png\",\"contentUrl\":\"https:\\\/\\\/www.revistarambla.com\\\/wp-content\\\/uploads\\\/2020\\\/09\\\/banner_rambla_1900x600_BB.png\",\"width\":1900,\"height\":600,\"caption\":\"Revista Rambla\"},\"image\":{\"@id\":\"https:\\\/\\\/www.revistarambla.com\\\/#\\\/schema\\\/logo\\\/image\\\/\"},\"sameAs\":[\"https:\\\/\\\/www.facebook.com\\\/revistarambla\\\/\",\"https:\\\/\\\/x.com\\\/revistarambla\",\"https:\\\/\\\/www.instagram.com\\\/revista_rambla\",\"https:\\\/\\\/es.linkedin.com\\\/company\\\/revista-rambla\"]},{\"@type\":\"Person\",\"@id\":\"https:\\\/\\\/www.revistarambla.com\\\/#\\\/schema\\\/person\\\/a146a5a2550b94981a75131180e1bd9c\",\"name\":\"R@mbla\",\"description\":\"Este art\u00edculo ha sido redactado y\\\/o validado por el equipo de redacci\u00f3n de Revista Rambla.\",\"sameAs\":[\"https:\\\/\\\/www.revistarambla.com\\\/\",\"https:\\\/\\\/www.facebook.com\\\/revistarambla\",\"https:\\\/\\\/x.com\\\/revistarambla\"]}]}<\/script>\n<!-- \/ Yoast SEO plugin. -->","yoast_head_json":{"title":"La III Edici\u00f3n de los Premios Alma Mater premia la calidad y la innovaci\u00f3n en la educaci\u00f3n digital - Revista Rambla","robots":{"index":"index","follow":"follow","max-snippet":"max-snippet:-1","max-image-preview":"max-image-preview:large","max-video-preview":"max-video-preview:-1"},"canonical":"https:\/\/www.revistarambla.com\/en\/la-iii-edicion-de-los-premios-alma-mater-premia-la-calidad-y-la-innovacion-en-la-educacion-digital\/","og_locale":"en_GB","og_type":"article","og_title":"La III Edici\u00f3n de los Premios Alma Mater premia la calidad y la innovaci\u00f3n en la educaci\u00f3n digital - Revista Rambla","og_description":"La III Edici\u00f3n de los Premios Educativos Alma Mater ha finalizado reconociendo a las mejores plataformas e instituciones privadas de formaci\u00f3n online, destacando la excelencia pedag\u00f3gica, la accesibilidad y la innovaci\u00f3n tecnol\u00f3gica en el aprendizaje digital. Este certamen internacional, ya consolidado como un referente del sector, premia cada a\u00f1o las [&hellip;]","og_url":"https:\/\/www.revistarambla.com\/en\/la-iii-edicion-de-los-premios-alma-mater-premia-la-calidad-y-la-innovacion-en-la-educacion-digital\/","og_site_name":"Revista Rambla","article_publisher":"https:\/\/www.facebook.com\/revistarambla\/","article_author":"https:\/\/www.facebook.com\/revistarambla","article_published_time":"2025-01-09T19:27:07+00:00","og_image":[{"width":640,"height":452,"url":"https:\/\/www.revistarambla.com\/wp-content\/uploads\/2025\/01\/phppjLBAG677fa0744f5ee.jpg","type":"image\/jpeg"}],"author":"R@mbla","twitter_card":"summary_large_image","twitter_creator":"@revistarambla","twitter_site":"@revistarambla","twitter_misc":{"Written by":"R@mbla","Estimated reading time":"4 minutes"},"schema":{"@context":"https:\/\/schema.org","@graph":[{"@type":"Article","@id":"https:\/\/www.revistarambla.com\/la-iii-edicion-de-los-premios-alma-mater-premia-la-calidad-y-la-innovacion-en-la-educacion-digital\/#article","isPartOf":{"@id":"https:\/\/www.revistarambla.com\/la-iii-edicion-de-los-premios-alma-mater-premia-la-calidad-y-la-innovacion-en-la-educacion-digital\/"},"author":{"name":"R@mbla","@id":"https:\/\/www.revistarambla.com\/#\/schema\/person\/a146a5a2550b94981a75131180e1bd9c"},"headline":"La III Edici\u00f3n de los Premios Alma Mater premia la calidad y la innovaci\u00f3n en la educaci\u00f3n digital","datePublished":"2025-01-09T19:27:07+00:00","mainEntityOfPage":{"@id":"https:\/\/www.revistarambla.com\/la-iii-edicion-de-los-premios-alma-mater-premia-la-calidad-y-la-innovacion-en-la-educacion-digital\/"},"wordCount":697,"publisher":{"@id":"https:\/\/www.revistarambla.com\/#organization"},"image":{"@id":"https:\/\/www.revistarambla.com\/la-iii-edicion-de-los-premios-alma-mater-premia-la-calidad-y-la-innovacion-en-la-educacion-digital\/#primaryimage"},"thumbnailUrl":"https:\/\/www.revistarambla.com\/wp-content\/uploads\/2025\/01\/phppjLBAG677fa0744f5ee.jpg","articleSection":["Otras Noticias"],"inLanguage":"en-GB"},{"@type":"WebPage","@id":"https:\/\/www.revistarambla.com\/la-iii-edicion-de-los-premios-alma-mater-premia-la-calidad-y-la-innovacion-en-la-educacion-digital\/","url":"https:\/\/www.revistarambla.com\/la-iii-edicion-de-los-premios-alma-mater-premia-la-calidad-y-la-innovacion-en-la-educacion-digital\/","name":"La III Edici\u00f3n de los Premios Alma Mater premia la calidad y la innovaci\u00f3n en la educaci\u00f3n digital - Revista Rambla","isPartOf":{"@id":"https:\/\/www.revistarambla.com\/#website"},"primaryImageOfPage":{"@id":"https:\/\/www.revistarambla.com\/la-iii-edicion-de-los-premios-alma-mater-premia-la-calidad-y-la-innovacion-en-la-educacion-digital\/#primaryimage"},"image":{"@id":"https:\/\/www.revistarambla.com\/la-iii-edicion-de-los-premios-alma-mater-premia-la-calidad-y-la-innovacion-en-la-educacion-digital\/#primaryimage"},"thumbnailUrl":"https:\/\/www.revistarambla.com\/wp-content\/uploads\/2025\/01\/phppjLBAG677fa0744f5ee.jpg","datePublished":"2025-01-09T19:27:07+00:00","breadcrumb":{"@id":"https:\/\/www.revistarambla.com\/la-iii-edicion-de-los-premios-alma-mater-premia-la-calidad-y-la-innovacion-en-la-educacion-digital\/#breadcrumb"},"inLanguage":"en-GB","potentialAction":[{"@type":"ReadAction","target":["https:\/\/www.revistarambla.com\/la-iii-edicion-de-los-premios-alma-mater-premia-la-calidad-y-la-innovacion-en-la-educacion-digital\/"]}]},{"@type":"ImageObject","inLanguage":"en-GB","@id":"https:\/\/www.revistarambla.com\/la-iii-edicion-de-los-premios-alma-mater-premia-la-calidad-y-la-innovacion-en-la-educacion-digital\/#primaryimage","url":"https:\/\/www.revistarambla.com\/wp-content\/uploads\/2025\/01\/phppjLBAG677fa0744f5ee.jpg","contentUrl":"https:\/\/www.revistarambla.com\/wp-content\/uploads\/2025\/01\/phppjLBAG677fa0744f5ee.jpg","width":640,"height":452,"caption":"Premios Alma Mater"},{"@type":"BreadcrumbList","@id":"https:\/\/www.revistarambla.com\/la-iii-edicion-de-los-premios-alma-mater-premia-la-calidad-y-la-innovacion-en-la-educacion-digital\/#breadcrumb","itemListElement":[{"@type":"ListItem","position":1,"name":"Portada","item":"https:\/\/www.revistarambla.com\/"},{"@type":"ListItem","position":2,"name":"La III Edici\u00f3n de los Premios Alma Mater premia la calidad y la innovaci\u00f3n en la educaci\u00f3n digital"}]},{"@type":"WebSite","@id":"https:\/\/www.revistarambla.com\/#website","url":"https:\/\/www.revistarambla.com\/","name":"Revista Rambla Barcelona","description":"Periodismo independiente","publisher":{"@id":"https:\/\/www.revistarambla.com\/#organization"},"potentialAction":[{"@type":"SearchAction","target":{"@type":"EntryPoint","urlTemplate":"https:\/\/www.revistarambla.com\/?s={search_term_string}"},"query-input":{"@type":"PropertyValueSpecification","valueRequired":true,"valueName":"search_term_string"}}],"inLanguage":"en-GB"},{"@type":"Organization","@id":"https:\/\/www.revistarambla.com\/#organization","name":"Revista Rambla","url":"https:\/\/www.revistarambla.com\/","logo":{"@type":"ImageObject","inLanguage":"en-GB","@id":"https:\/\/www.revistarambla.com\/#\/schema\/logo\/image\/","url":"https:\/\/www.revistarambla.com\/wp-content\/uploads\/2020\/09\/banner_rambla_1900x600_BB.png","contentUrl":"https:\/\/www.revistarambla.com\/wp-content\/uploads\/2020\/09\/banner_rambla_1900x600_BB.png","width":1900,"height":600,"caption":"Revista Rambla"},"image":{"@id":"https:\/\/www.revistarambla.com\/#\/schema\/logo\/image\/"},"sameAs":["https:\/\/www.facebook.com\/revistarambla\/","https:\/\/x.com\/revistarambla","https:\/\/www.instagram.com\/revista_rambla","https:\/\/es.linkedin.com\/company\/revista-rambla"]},{"@type":"Person","@id":"https:\/\/www.revistarambla.com\/#\/schema\/person\/a146a5a2550b94981a75131180e1bd9c","name":"R@mbla","description":"Este art\u00edculo ha sido redactado y\/o validado por el equipo de redacci\u00f3n de Revista Rambla.","sameAs":["https:\/\/www.revistarambla.com\/","https:\/\/www.facebook.com\/revistarambla","https:\/\/x.com\/revistarambla"]}]}},"_links":{"self":[{"href":"https:\/\/www.revistarambla.com\/en\/wp-json\/wp\/v2\/posts\/63916","targetHints":{"allow":["GET"]}}],"collection":[{"href":"https:\/\/www.revistarambla.com\/en\/wp-json\/wp\/v2\/posts"}],"about":[{"href":"https:\/\/www.revistarambla.com\/en\/wp-json\/wp\/v2\/types\/post"}],"author":[{"embeddable":true,"href":"https:\/\/www.revistarambla.com\/en\/wp-json\/wp\/v2\/users\/3"}],"replies":[{"embeddable":true,"href":"https:\/\/www.revistarambla.com\/en\/wp-json\/wp\/v2\/comments?post=63916"}],"version-history":[{"count":1,"href":"https:\/\/www.revistarambla.com\/en\/wp-json\/wp\/v2\/posts\/63916\/revisions"}],"predecessor-version":[{"id":63918,"href":"https:\/\/www.revistarambla.com\/en\/wp-json\/wp\/v2\/posts\/63916\/revisions\/63918"}],"wp:featuredmedia":[{"embeddable":true,"href":"https:\/\/www.revistarambla.com\/en\/wp-json\/wp\/v2\/media\/63917"}],"wp:attachment":[{"href":"https:\/\/www.revistarambla.com\/en\/wp-json\/wp\/v2\/media?parent=63916"}],"wp:term":[{"taxonomy":"category","embeddable":true,"href":"https:\/\/www.revistarambla.com\/en\/wp-json\/wp\/v2\/categories?post=63916"},{"taxonomy":"post_tag","embeddable":true,"href":"https:\/\/www.revistarambla.com\/en\/wp-json\/wp\/v2\/tags?post=63916"}],"curies":[{"name":"wp","href":"https:\/\/api.w.org\/{rel}","templated":true}]}}