{"id":63858,"date":"2025-01-02T12:18:47","date_gmt":"2025-01-02T11:18:47","guid":{"rendered":"https:\/\/www.revistarambla.com\/?p=63858"},"modified":"2025-01-02T12:18:47","modified_gmt":"2025-01-02T11:18:47","slug":"los-mejores-libros-en-espanol-del-siglo-xxi","status":"publish","type":"post","link":"https:\/\/www.revistarambla.com\/en\/los-mejores-libros-en-espanol-del-siglo-xxi\/","title":{"rendered":"Los mejores libros en espa\u00f1ol del siglo XXI"},"content":{"rendered":"<p>Cuando el pasado mes de julio el diario The New York Times present\u00f3 su lista de los mejores libros publicados en lo que llevamos del siglo XXI<!--more-->, muchas voces se alzaron para reclamar lo que parec\u00edan ausencias sonadas. Sin embargo, donde algunos vieron un problema, The Conversation vio una oportunidad.<\/p>\n<p>Y cuando nuestros compa\u00f1eros de Australia y Nueva Zelanda presentaron las listas de sus respectivos pa\u00edses, nos reafirmamos en esa idea de oportunidad.<\/p>\n<p>La lista del peri\u00f3dico estadounidense solo inclu\u00eda seis menciones a escritores latinoamericanos, y dos de esos libros (\u201cLa maravillosa vida breve de Oscar Wao\u201d, de Junot D\u00edaz, y \u201cFortuna\u201d, de Hern\u00e1n D\u00edaz) hab\u00edan sido escritos originalmente en ingl\u00e9s. Pero nosotros siempre hemos defendido la potencia, la pluralidad y la riqueza de nuestro idioma como transmisor de conocimiento.<\/p>\n<p>As\u00ed que, para que la representaci\u00f3n de la literatura en espa\u00f1ol no quedase solo a cargo de quienes hab\u00edan logrado hacerse un hueco en aquella selecci\u00f3n, contactamos con 38 expertos de diversas universidades espa\u00f1olas y latinoamericanas para elegir los 20 mejores libros escritos originalmente en espa\u00f1ol desde el 1 de enero de 2000.<\/p>\n<p>Les pedimos a nuestros voluntarios que eligiesen un primer libro y dos menciones. En base a eso elaboramos la lista de veinte, que hemos preferido no numerar por los diversos empates que se han dado en ella. Algunos de los autores que votaron los libros elegidos han escrito unas l\u00edneas para explicar qu\u00e9 tiene de especial esa obra. Y al final del art\u00edculo se incluyen todos aquellos n\u00fameros 1 de los seleccionadores que no entraron en la lista de ning\u00fan otro compa\u00f1ero pero que merecieron un primer puesto en su coraz\u00f3n.<\/p>\n<p>Las listas, al final, m\u00e1s que para establecer un orden de preferencia o de calidad, sirven para recuperar t\u00edtulos que algunos no record\u00e1bamos, o que no sab\u00edamos que hab\u00edan gustado tanto. Nadie duda de la calidad de los tres primeros seleccionados, que est\u00e1n en boca de todos desde su publicaci\u00f3n, pero algunos de los otros libros seleccionados pueden suponer un descubrimiento para muchos lectores.<\/p>\n<p>Como siempre sucede con los r\u00e1nquines, aunque son todos los que est\u00e1n, por supuesto no est\u00e1n todos los que son. As\u00ed que animamos a los lectores a dejar en comentarios sus libros favoritos (originalmente en espa\u00f1ol) de este siglo.<\/p>\n<h2>2666, de Roberto Bola\u00f1o<\/h2>\n<p>\u201cDurante bastante tiempo so\u00f1\u00e9 con Hans Reiter, personaje de 2666. Hans Reiter volv\u00eda a m\u00ed como cada tarde de domingo. Del mismo modo, la frialdad policial de las fichas sobre esas mujeres muertas, violadas, desaparecidas, torturadas se convert\u00eda en un fuego de rabia y dolor.<\/p>\n<p>Roberto Bola\u00f1o parece anunciar en 2666 el final de Occidente, un apocalipsis ca\u00f3tico en el que los personajes se mueven en espacios de dif\u00edcil definici\u00f3n, de contornos marcados por fronteras difusas e irreales; espacios habitados, en gran medida, por seres conocedores del horror. Los murmullos fantasmales de Juan Rulfo ya no se pueden escuchar debido a los gritos no menos fantasmales que salen del violento horror de la frontera mexicana, de la Santa Teresa de Bola\u00f1o, aunque ah\u00ed, junto a las putas y los ejecutivos vemos tambi\u00e9n a las \u2018indias con bultos a la espalda\u2019, las mismas indias fotografiadas por Rulfo que han llegado a un destino en el que solo se las permite seguir cargando eternamente con sus bultos\u201d.<\/p>\n<p><em>Isabel Gim\u00e9nez Caro, profesora titular de Literatura espa\u00f1ola, Universidad de Almer\u00eda<\/em><\/p>\n<h2>El infinito en un junco, de Irene Vallejo<\/h2>\n<p>\u201cEl infinito en un junco de Irene Vallejo ofrece un asombroso viaje por la historia de los libros, piezas de tiempos entrelazados a trav\u00e9s del papiro, el pergamino y el papel.<\/p>\n<p>As\u00ed, este ensayo nos invita a un recorrido que va desde los cl\u00e1sicos griegos hasta los manuscritos medievales, pasando por la Biblioteca de Alejandr\u00eda, los talleres de copistas y las pantallas digitales. Todo ello entretejiendo con maestr\u00eda una gran cantidad de fuentes historiogr\u00e1ficas, literarias y culturales junto a experiencias \u00edntimas acerca del di\u00e1logo infinito que implica la preservaci\u00f3n del conocimiento, la cultura y la identidad en el coraz\u00f3n de la palabra escrita\u201d.<\/p>\n<p><em>Mar\u00eda Di Muro Pellegrino, profesora e investigadora del Centro de Investigaci\u00f3n y Formaci\u00f3n Human\u00edstica, Universidad Cat\u00f3lica Andr\u00e9s Bello<\/em><\/p>\n<h2>La Fiesta del Chivo, de Mario Vargas Llosa<\/h2>\n<p>\u201cPublicada en el a\u00f1o 2000, La Fiesta del Chivo puede que sea la \u00faltima de las grandes novelas del escritor hispano peruano Mario Vargas Llosa, tras t\u00edtulos de la relevancia de La ciudad y los perros, La casa verde, La guerra del fin del mundo y, sobre todo, Conversaci\u00f3n en la Catedral.<\/p>\n<p>Supone, adem\u00e1s, la culminaci\u00f3n de toda una serie de excepcionales relatos de diferentes autores \u2013El se\u00f1or Presidente, Yo, el supremo, El oto\u00f1o del patriarca, etc.- que tienen como principal objetivo llevar a cabo una profunda reflexi\u00f3n sobre las dictaduras en Am\u00e9rica Latina. La obra de Vargas Llosa destaca, adem\u00e1s, por su estilo y fuerza narrativa\u201d.<\/p>\n<p><em>Jos\u00e9 Belmonte Serrano, profesor de Literatura Espa\u00f1ola, Universidad de Murcia<\/em><\/p>\n<h2>Tu rostro ma\u00f1ana, de Javier Mar\u00edas<\/h2>\n<p>\u201cTu rostro ma\u00f1ana, de Javier Mar\u00edas, es una trilog\u00eda compuesta por Fiebre y lanza (2002), Baile y sue\u00f1o (2004) y Veneno y sombra y adi\u00f3s (2007). En ella, el autor explora a trav\u00e9s de sus personajes diversos episodios de la historia reciente, personas y acontecimientos que han quedado marginados u olvidados, con los que se entremezcla la experiencia de su protagonista, Jaime Deza.<\/p>\n<p>A trav\u00e9s de una prosa que evoca la narrativa del grand style, Mar\u00edas va construyendo un mundo en el que se funden las tramas de la novela de esp\u00edas, la novela de campus y los acontecimientos hist\u00f3ricos m\u00e1s relevantes del siglo XX, en una narraci\u00f3n envolvente que arrastra al lector mientras reflexiona sobre el propio proceso de escritura y la constituci\u00f3n de un mundo en que ficci\u00f3n y realidad tienen l\u00edmites muy difusos\u201d.<\/p>\n<p><em>Juan Jos\u00e9 Lanz Rivera, catedr\u00e1tico de Literatura Espa\u00f1ola, Universidad del Pa\u00eds Vasco \/ Euskal Herriko Unibertsitatea<\/em><\/p>\n<h2>El hombre que amaba a los perros, de Leonardo Padura<\/h2>\n<p>\u201cEsta novela se asemeja a las grandes del boom latinoamericano por su vocaci\u00f3n totalizadora y su ambici\u00f3n hist\u00f3rica e identitaria, y se coloca al margen del marasmo de dudas, pensamiento d\u00e9bil y rendiciones dist\u00f3picas de una gran parte de las novelas de nuestro siglo.<\/p>\n<p>Leonardo Padura sigue los c\u00e1nones de la novela hist\u00f3rica moderna y ofrece un fresco monumental, como muy pocos se atreven a intentarlo, de una \u00e9poca en la que los reg\u00edmenes totalitarios y el terror asolaron el mundo occidental, con un estilo muy ameno, sin dar lecciones de historia, por el que los lectores quedan subyugados, y tratan de establecer conexiones entre las diferentes historias que se combinan en el relato\u201d.<\/p>\n<p><em>Yannelys Aparicio, catedr\u00e1tica de Literatura, Universidad Internacional de La Rioja<\/em><\/p>\n<h2>Crematorio, de Rafael Chirbes<\/h2>\n<p>\u201cLa obra de Rafael Chirbes era apreciada por los cr\u00edticos, pero desconocida en buena medida por los lectores hasta la aparici\u00f3n de Crematorio, una novela que anticip\u00f3 el desastre econ\u00f3mico que sufrir\u00eda el mundo occidental a inicios del siglo XXI.<\/p>\n<p>En un pueblo inventado de la costa levantina tiene su emporio comercial el arquitecto Rub\u00e9n Bertomeu. Su riqueza se sustenta no solo en el hormig\u00f3n, sino en inmoralidades p\u00fablicas y privadas. Realiza actividades que todos los personajes de su entorno familiar parecen cuestionar, pero de las que no dudan en aprovecharse al m\u00e1ximo. En el escaso tiempo que dura el traslado, desde el tanatorio hasta el crematorio, del cad\u00e1ver del hermano de Rub\u00e9n, Mat\u00edas, todos los personajes, en largos e intensos mon\u00f3logos interiores, reflexionan sobre la mezquindad que domina sus vidas.<\/p>\n<p>Chirbes dibuja el declive de una \u00e9poca y un pa\u00eds a trav\u00e9s de una familia en concreto, porque la destrucci\u00f3n del paisaje mediterr\u00e1neo corre en paralelo a la destrucci\u00f3n moral de los Bertomeu\u201d.<\/p>\n<p><em>Jos\u00e9 Mar\u00eda Fern\u00e1ndez V\u00e1zquez, profesor de Literatura Espa\u00f1ola, Universidad Pablo de Olavide<\/em><\/p>\n<h2>peque\u00f1as mujeres rojas, de Marta Sanz<\/h2>\n<p>\u201cEsta novela policiaca cuenta la historia de la saga familiar constituida por Jes\u00fas Beato a partir del enriquecimiento que experiment\u00f3 con las interesadas delaciones ofrecidas a los falangistas en el verano de 1936. El estigma de esta familia es la codicia y el crimen codicioso y las muertes causadas por los Beato alimentan esta trama negra.<\/p>\n<p>La novela edifica un monumento \u2013no de piedra y no vandalizable\u2013 a la memoria y a la \u00e9pica de los vencidos y las vencidas (peque\u00f1as mujeres rojas) en la guerra civil espa\u00f1ola. Constituye un alarde estil\u00edstico, de estructura y de t\u00e9cnica literaria, que explora los modos de representaci\u00f3n de la violencia y del dolor. Con este fin proyecta la trama sobre el relato fant\u00e1stico y de terror, en particular sobre las producciones de la factor\u00eda Disney desde los tiempos cl\u00e1sicos del \u2018t\u00edo Walt\u2019 a los m\u00e1s recientes de Tim Burton\u201d.<\/p>\n<p><em>Mar\u00eda \u00c1ngeles Naval, catedr\u00e1tica de Literatura espa\u00f1ola, Universidad de Zaragoza<\/em><\/p>\n<h2>Lectura f\u00e1cil, de Cristina Morales<\/h2>\n<p>\u201cLa obra de Cristina Morales puede definirse como una apuesta decidida por la implosi\u00f3n del texto literario convencional. Pocas novelas hisp\u00e1nicas del siglo XXI llevan m\u00e1s lejos esa demolici\u00f3n que Lectura f\u00e1cil, de la mano de sus cuatro voces narrativas y del lenguaje empleado, as\u00ed como de los mecanismos y materiales que nutren la trama.<\/p>\n<p>Pero, adem\u00e1s, muy pocas de esas ficciones est\u00e1n insufladas por un prop\u00f3sito tan radical como ser\u00eda el cuestionamiento de la noci\u00f3n de \u00abdiscapacidad intelectual\u201d. Su calado es de orden est\u00e9tico y \u00e9tico; su creaci\u00f3n, un logro ante el que palidece la cultura m\u00e1s adocenada\u00bb.<\/p>\n<p><em>Rafael Manuel M\u00e9rida Jim\u00e9nez, catedr\u00e1tico de Literatura espa\u00f1ola y de estudios de g\u00e9nero, Universitat de Lleida<\/em><\/p>\n<h2>Las aventuras de la China Iron, de Gabriela Cabez\u00f3n C\u00e1mara<\/h2>\n<p>\u201cLas aventuras de la China Iron, de Gabriela Cabez\u00f3n C\u00e1mara, es la primera novela del siglo XXII.<\/p>\n<p>Lo mejor no es su reescritura neobarroca, carnavalizada y par\u00f3dica de la obra fundacional argentina, El gaucho Mart\u00edn Fierro, a trav\u00e9s de una prosa l\u00edrica salpicada de spanglish, guaran\u00ed y una mezcla procaz de g\u00e9neros gramaticales, identidades, temporalidades y espacios, sino el genial hallazgo de que para subvertir el canon \u2013patriarcal, mesocr\u00e1tico y colonial\u2013 no basta con hacer visibles a las autoras y textos olvidados, sino que hay que travestir la propia ficci\u00f3n y su cr\u00edtica.<\/p>\n<p>S\u00f3lo as\u00ed el futuro literario ser\u00e1 un poco m\u00e1s transfeminista. Y feliz\u201d.<\/p>\n<p><em>Ana Gallego Cui\u00f1as, catedr\u00e1tica de literatura latinoamericana en la Universidad de Granada, Universidad de Granada<\/em><\/p>\n<h2>Patria, de Fernando Aramburu<\/h2>\n<p>\u201cPatria destaca por el excelente dise\u00f1o de los personajes novelescos, la coherencia de su discurso interior y dial\u00f3gico con los hechos narrados y por la trabaz\u00f3n de causas y efectos que permea su evoluci\u00f3n. La polifon\u00eda del relato se conjuga magistralmente con la tem\u00e1tica, pues aborda de una manera novedosa el tema de la violencia de ETA, transmitiendo el pensamiento de cada protagonista, sus creencias, ideas y sentimientos, a la vez que las causas subyacentes y explica desde su \u00f3ptica su comportamiento.<\/p>\n<p>Aporta desde la literatura una verdadera investigaci\u00f3n hist\u00f3rica y social al tiempo que consigue emocionar y logra un disfrute est\u00e9tico e intelectual\u201d.<\/p>\n<p><em>Mar\u00eda Luzdivina Cuesta Torre, profesora de Literatura espa\u00f1ola, Universidad de Le\u00f3n<\/em><\/p>\n<h2>Nuestra parte de noche, de Mariana Enriquez<\/h2>\n<p>\u201cNuestra parte de noche de Mariana Enriquez re\u00fane el horror sobrenatural caracter\u00edstico del g\u00e9nero g\u00f3tico y los cr\u00edmenes cometidos en la dictadura militar. El v\u00ednculo entre ambos componentes es una familia privilegiada, iniciada en una secta que adora a un dios sanguinario al que llaman La Oscuridad. Para asegurarse la protecci\u00f3n de tal divinidad, los l\u00edderes de la familia secuestran a j\u00f3venes a los que sacrifican en ceremonias tan violentas como lo fueron las torturas y desapariciones que la Junta Militar ejerc\u00eda contra sus disidentes.<\/p>\n<p>Al recurrir al g\u00f3tico, Mariana Enriquez reflexiona sobre la realidad pol\u00edtica de su pa\u00eds a la vez que se afirma en una tradici\u00f3n presente en Argentina desde principios del siglo XX\u201d.<\/p>\n<p><em>Teresa Georgina Gonz\u00e1lez Arce, profesora investigadora del Departamento de Estudios Literarios, Universidad de Guadalajara<\/em><\/p>\n<h2>Distancia de rescate, de Samanta Schweblin<\/h2>\n<p>\u201cDistancia de rescate fue premiada con el Tigre Juan y el Ojo Cr\u00edtico, nominada en 2017 al Booker International Prize, galardonada en 2018 con el Shirley Jackson, elegida por el Tournament of Books como mejor libro publicado en Estados Unidos y llevada al cine en 2021 por Claudia Llosa.<\/p>\n<p>Se trata de una novela corta con los mejores rasgos del g\u00e9nero: tensa, apabullante y terror\u00edfica, introduce al lector en una espiral asfixiante desde su primera frase gracias al ritmo trepidante y el crescendo que le insufla la autora, especialista, adem\u00e1s, en trazar perfiles psicol\u00f3gicos de gran profundidad. Marcada a partes iguales por el lirismo y la potencia del di\u00e1logo, combina la denuncia ecosocial \u2013mostrando los peligros del cultivo de glifosato en las comunidades campesinas m\u00e1s pobres\u2013 con la expresi\u00f3n del miedo a que aboca la experiencia de la maternidad. Asimismo, transforma con maestr\u00eda el caracter\u00edstico locus amoenus en un espacio macabro, signado por la amenaza de la enfermedad a cada paso\u201d.<\/p>\n<p><em>Francisca Noguerol Jim\u00e9nez, catedr\u00e1tica de Literatura Hispanoamericana, Universidad de Salamanca<\/em><\/p>\n<h2>Temporada de huracanes, de Fernanda Melchor<\/h2>\n<p>\u201cTemporada de huracanes da voz a una sociedad profundamente afectada tanto por la degradaci\u00f3n medioambiental como por la violencia social. La narrativa se articula a trav\u00e9s de una polifon\u00eda de voces fragmentadas, cada una aportando una perspectiva particular sobre el brutal asesinato de la Bruja. Mediante una prosa visceral y po\u00e9tica, que adopta caracter\u00edsticas del flujo de conciencia y carece de divisiones en p\u00e1rrafos, Melchor ofrece un retrato descarnado de la condici\u00f3n humana en un entorno definido por la desesperanza.<\/p>\n<p>Con resonancias del M\u00e9xico de Juan Rulfo y el inframundo de La Celestina, la obra de Melchor examina desigualdades estructurales arraigadas, como la misoginia, la pobreza y la corrupci\u00f3n sist\u00e9mica en un pueblo mexicano devastado por huracanes\u201d.<\/p>\n<p><em>Goretti Teresa Gonz\u00e1lez, profesora de Literatura, IE University<\/em><\/p>\n<h2>Soldados de Salamina, de Javier Cercas<\/h2>\n<p>\u201cLa literatura ha de ser necesariamente un espejo donde se mire la imaginaci\u00f3n. Es una huida que nos acerca a la realidad de la que se finge escapar.<\/p>\n<p>De ese juego de sombras y de luces nacen siempre las grandes obras, desde El Quijote a Soldados de Salamina, la novela con la que Javier Cercas dio un salto acrob\u00e1tico hacia un n\u00famero infinito de lectores, renov\u00f3 la novela de testimonio, convirti\u00f3 la Guerra Civil y sus secuelas en materia literaria y record\u00f3 al mundo que el escritor \u2013libre de g\u00e9neros y leyes\u2013 es due\u00f1o y se\u00f1or de sus historias, ya sean propias o de todos\u201d.<\/p>\n<p><em>Jos\u00e9 Luis Vicente Ferris, profesor de Literatura Espa\u00f1ola, Universidad Miguel Hern\u00e1ndez<\/em><\/p>\n<h2>Los pacientes del doctor Garc\u00eda, de Almudena Grandes<\/h2>\n<p>\u201cLos pacientes del doctor Garc\u00eda es una novela de ritmo \u00e1gil, impetuoso incluso, y prosa limpia, mimada, sin concesiones. Las historias entrecruzadas que crea la autora se narran desde diferentes puntos de vista y tejen un tapiz humano denso y reconocible, en la estela de la novela realista del siglo XIX, con Gald\u00f3s al fondo. El resultado es una lectura estimulante, que nos reconcilia con los textos atractivos, poli\u00e9dricos y formalmente bien armados.<\/p>\n<p>Este episodio de una guerra interminable, una de las mejores versiones de la mejor Almudena Grandes, ha sido capaz de seducir tanto a cr\u00edticos como a acad\u00e9micos, as\u00ed como a un amplio espectro lector que, desde hace m\u00e1s de un lustro, ratifica su relevancia\u201d.<\/p>\n<p><em>Montserrat Ribao Pereira, catedr\u00e1tica de Literatura Espa\u00f1ola, Universidade de Vigo<\/em><\/p>\n<h2>El invencible verano de Liliana, de Cristina Rivera Garza<\/h2>\n<p>\u201c\u2018El tiempo lo cura todo, excepto las heridas\u2019. Esta es la historia novelada de la vida de Liliana, hermana de la autora, quien fue asesinada en julio 1990 por un exnovio en Ciudad de M\u00e9xico. La novela trata del feminicidio en M\u00e9xico como trasfondo, pero en realidad habla sobre las mujeres y la violencia en sus vidas, la impunidad de los delitos, y sobretodo del duelo y c\u00f3mo lo procesa cada quien a su manera.<\/p>\n<p>Un trabajo de reconstrucci\u00f3n familiar doloroso que es a la vez la reconstrucci\u00f3n memoriosa de nuestra sociedad. Liliana es m\u00e1s que su muerte. Liliana podemos ser (somos) todas\u201d.<\/p>\n<p><em>Mar\u00eda Teresa Orozco L\u00f3pez, profesora de Escritura Creativa y Literatura Infantil, Universidad de Guadalajara<\/em><\/p>\n<h2>Ordesa, de Manuel Vilas<\/h2>\n<p>\u201cOrdesa, de Manuel Vilas, nos ofrece una versi\u00f3n sumamente original de un viejo tema literario como es el duelo por la p\u00e9rdida de los padres. En la novela asistimos a un emocionante y desgarrador desnudo del propio autor, donde deja aflorar de manera muy convincente, apenas sin encubrimientos ni trucos literarios, sus miedos, fobias y temores ante la p\u00e9rdida, la soledad, la muerte y el fracaso, con los que lograron empatizar much\u00edsimos lectores.<\/p>\n<p>Pero, sobre todo, Ordesa nos deslumbra por esa inconfundible marca \u00abVilas\u201d, un estilo \u00fanico y especialmente reconocible, que a\u00fana lucidez, valent\u00eda y elegancia con un inteligente sentido del humor\u00bb.<\/p>\n<p><em>Teresa G\u00f3mez Trueba, catedr\u00e1tica de Literatura Espa\u00f1ola, Universidad de Valladolid<\/em><\/p>\n<h2>Los aires dif\u00edciles, de Almudena Grandes<\/h2>\n<p>\u201cLos aires dif\u00edciles son los vientos que se cruzan en la costa gaditana \u2013el levante y el poniente\u2013, pero tambi\u00e9n son met\u00e1foras de las vidas de Juan Olmedo y Sara G\u00f3mez. Ambos personajes escapan de un pasado en Madrid que les atormenta y en el entorno de una urbanizaci\u00f3n tur\u00edstica se encontrar\u00e1n gracias a la asistenta de ambos, Maribel.<\/p>\n<p>Los aires dif\u00edciles es una extra\u00f1a historia de amistad entre desconocidos que nunca se hubieran encontrado en la que sin tapujos abren sus corazones para que los vientos del sur arrastren las propias pesadumbres que lastran sus vidas en busca de un futuro posible\u201d.<\/p>\n<p><em>Jos\u00e9 Mar\u00eda Fern\u00e1ndez V\u00e1zquez, profesor de Literatura Espa\u00f1ola, Universidad Pablo de Olavide<\/em><\/p>\n<h2>L\u00ednea de fuego, de Arturo P\u00e9rez Reverte<\/h2>\n<p>\u201cL\u00ednea de fuego recrea la batalla del Ebro de la guerra civil espa\u00f1ola con un relato m\u00e1s atento a la intrahistoria unamuniana que a la dimensi\u00f3n hist\u00f3rica de la contienda.<\/p>\n<p>Y este es, creo, su principal atractivo: saber mirar en profundidad a los hombres y mujeres que protagonizaron los hechos (sus sentimientos, sus miedos, sus expectativas, sus esperanzas, sus valores, sus miserias) y justipreciar, en un logrado y nada f\u00e1cil equilibrio, cu\u00e1nto de admirable y cu\u00e1nto de reprobable hubo en ambos bandos, con un estilo caracterizado por la intensidad narrativa, la precisi\u00f3n en los detalles y la viveza en los di\u00e1logos\u201d.<\/p>\n<p><em>Santiago Alfonso L\u00f3pez Navia, catedr\u00e1tico de Filolog\u00eda, Universidad Internacional de La Rioja<\/em><\/p>\n<h2>Hecho en Saturno, de Rita Indiana<\/h2>\n<p>\u201cEl viaje de desintoxicaci\u00f3n de Argenis Luna a La Habana, desde su natal Santo Domingo, nos lleva a enfrentarnos con el desencanto de una revoluci\u00f3n fallida y la desilusi\u00f3n ante unos ideales art\u00edsticos consumidos por el capitalismo.<\/p>\n<p>En esta magistral novela de la escritora dominicana Rita Indiana, una de las figuras m\u00e1s importantes de la literatura latinoamericana del siglo XXI, Argenis encarna las contradicciones de una generaci\u00f3n que ha quedado a la deriva ante el derrumbe de los relatos redentores de unas ideolog\u00edas que, como Saturno, han devorado a sus hijos\u201d.<\/p>\n<p><em>Mar\u00eda Teresa Vera Rojas, profesora e investigadora de literatura hispanoamericana y espa\u00f1ola, Universitat de les Illes Balears<\/em><\/p>\n<p>Menciones a\u2026<\/p>\n<ul>\n<li>Agosto, octubre, de Andr\u00e9s Barba<\/li>\n<li>Los sordos, de Rodrigo Rey Rosa<\/li>\n<li>Revoluci\u00f3n, de Arturo P\u00e9rez-Reverte<\/li>\n<li>Las cosas que perdimos en el fuego, de Mariana Enr\u00edquez<\/li>\n<li>Poes\u00eda completa de Mariluz Escribano<\/li>\n<li>La noche de los tiempos, de Antonio Mu\u00f1oz Molina<\/li>\n<li>Himmelweg, de Juan Mayorga<\/li>\n<li>La madre de Frankestein, de Almudena Grandes<\/li>\n<li>Lo que hay, de Sara Torres<\/li>\n<li>En la orilla, de Rafael Chirbes<\/li>\n<li>El padre de Blancanieves, de Bel\u00e9n Gopegui<\/li>\n<li>Dublinesca, de Enrique Vila-Matas<\/li>\n<li>Ant\u00edgona Gonz\u00e1lez, de Sara Uribe<\/li>\n<li>Mentira, de Enrique de H\u00e9riz<\/li>\n<li>Ventanas de Manhattan, de Antonio Mu\u00f1oz Molina<\/li>\n<li>Bartleby y compa\u00f1\u00eda, de Enrique Vila-Matas<\/li>\n<li>Ensayo general, de Francisca Aguirre<\/li>\n<li>Cuatro por cuatro, de Sara Mesa<\/li>\n<li>Dentro de la tierra, de Paco Bezerra<\/li>\n<li>La habitaci\u00f3n de Nona, de Cristina Fern\u00e1ndez Cubas<\/li>\n<\/ul>\n<p><em>Fuente original: https:\/\/theconversation.com\/los-mejores-libros-en-espanol-del-siglo-xxi-241943<\/em><\/p>","protected":false},"excerpt":{"rendered":"<p>Cuando el pasado mes de julio el diario The New York Times present\u00f3 su lista de los mejores libros publicados en lo que llevamos del siglo XXI<\/p>","protected":false},"author":156,"featured_media":63859,"comment_status":"closed","ping_status":"closed","sticky":false,"template":"","format":"standard","meta":{"footnotes":""},"categories":[60],"tags":[],"class_list":["post-63858","post","type-post","status-publish","format-standard","has-post-thumbnail","hentry","category-libros"],"yoast_head":"<!-- This site is optimized with the Yoast SEO plugin v27.5 - https:\/\/yoast.com\/product\/yoast-seo-wordpress\/ -->\n<title>Los mejores libros en espa\u00f1ol del siglo XXI - Revista Rambla<\/title>\n<meta name=\"robots\" content=\"index, follow, max-snippet:-1, max-image-preview:large, max-video-preview:-1\" \/>\n<link rel=\"canonical\" href=\"https:\/\/www.revistarambla.com\/en\/los-mejores-libros-en-espanol-del-siglo-xxi\/\" \/>\n<meta property=\"og:locale\" content=\"en_GB\" \/>\n<meta property=\"og:type\" content=\"article\" \/>\n<meta property=\"og:title\" content=\"Los mejores libros en espa\u00f1ol del siglo XXI - Revista Rambla\" \/>\n<meta property=\"og:description\" content=\"Cuando el pasado mes de julio el diario The New York Times present\u00f3 su lista de los mejores libros publicados en lo que llevamos del siglo XXI\" \/>\n<meta property=\"og:url\" content=\"https:\/\/www.revistarambla.com\/en\/los-mejores-libros-en-espanol-del-siglo-xxi\/\" \/>\n<meta property=\"og:site_name\" content=\"Revista Rambla\" \/>\n<meta property=\"article:publisher\" content=\"https:\/\/www.facebook.com\/revistarambla\/\" \/>\n<meta property=\"article:author\" content=\"https:\/\/www.facebook.com\/TheConversationEspana\/\" \/>\n<meta property=\"article:published_time\" content=\"2025-01-02T11:18:47+00:00\" \/>\n<meta property=\"og:image\" content=\"https:\/\/www.revistarambla.com\/wp-content\/uploads\/2025\/01\/Screenshot-2025-01-02-at-12-17-36-file-20241216-15-snrm2t.png-Imagen-PNG-1356-\u00d7-668-pixeles.jpg\" \/>\n\t<meta property=\"og:image:width\" content=\"1695\" \/>\n\t<meta property=\"og:image:height\" content=\"835\" \/>\n\t<meta property=\"og:image:type\" content=\"image\/jpeg\" \/>\n<meta name=\"author\" content=\"The Conversation\" \/>\n<meta name=\"twitter:card\" content=\"summary_large_image\" \/>\n<meta name=\"twitter:creator\" content=\"@Conversation_E\" \/>\n<meta name=\"twitter:site\" content=\"@revistarambla\" \/>\n<meta name=\"twitter:label1\" content=\"Written by\" \/>\n\t<meta name=\"twitter:data1\" content=\"The Conversation\" \/>\n\t<meta name=\"twitter:label2\" content=\"Estimated reading time\" \/>\n\t<meta name=\"twitter:data2\" content=\"16 minutes\" \/>\n<script type=\"application\/ld+json\" class=\"yoast-schema-graph\">{\"@context\":\"https:\\\/\\\/schema.org\",\"@graph\":[{\"@type\":\"Article\",\"@id\":\"https:\\\/\\\/www.revistarambla.com\\\/los-mejores-libros-en-espanol-del-siglo-xxi\\\/#article\",\"isPartOf\":{\"@id\":\"https:\\\/\\\/www.revistarambla.com\\\/los-mejores-libros-en-espanol-del-siglo-xxi\\\/\"},\"author\":{\"name\":\"The Conversation\",\"@id\":\"https:\\\/\\\/www.revistarambla.com\\\/#\\\/schema\\\/person\\\/59f9b9ecf0c81cb3ed2ba81eac064af0\"},\"headline\":\"Los mejores libros en espa\u00f1ol del siglo XXI\",\"datePublished\":\"2025-01-02T11:18:47+00:00\",\"mainEntityOfPage\":{\"@id\":\"https:\\\/\\\/www.revistarambla.com\\\/los-mejores-libros-en-espanol-del-siglo-xxi\\\/\"},\"wordCount\":3541,\"publisher\":{\"@id\":\"https:\\\/\\\/www.revistarambla.com\\\/#organization\"},\"image\":{\"@id\":\"https:\\\/\\\/www.revistarambla.com\\\/los-mejores-libros-en-espanol-del-siglo-xxi\\\/#primaryimage\"},\"thumbnailUrl\":\"https:\\\/\\\/www.revistarambla.com\\\/wp-content\\\/uploads\\\/2025\\\/01\\\/Screenshot-2025-01-02-at-12-17-36-file-20241216-15-snrm2t.png-Imagen-PNG-1356-\u00d7-668-pixeles.jpg\",\"articleSection\":[\"Libros\"],\"inLanguage\":\"en-GB\"},{\"@type\":\"WebPage\",\"@id\":\"https:\\\/\\\/www.revistarambla.com\\\/los-mejores-libros-en-espanol-del-siglo-xxi\\\/\",\"url\":\"https:\\\/\\\/www.revistarambla.com\\\/los-mejores-libros-en-espanol-del-siglo-xxi\\\/\",\"name\":\"Los mejores libros en espa\u00f1ol del siglo XXI - Revista Rambla\",\"isPartOf\":{\"@id\":\"https:\\\/\\\/www.revistarambla.com\\\/#website\"},\"primaryImageOfPage\":{\"@id\":\"https:\\\/\\\/www.revistarambla.com\\\/los-mejores-libros-en-espanol-del-siglo-xxi\\\/#primaryimage\"},\"image\":{\"@id\":\"https:\\\/\\\/www.revistarambla.com\\\/los-mejores-libros-en-espanol-del-siglo-xxi\\\/#primaryimage\"},\"thumbnailUrl\":\"https:\\\/\\\/www.revistarambla.com\\\/wp-content\\\/uploads\\\/2025\\\/01\\\/Screenshot-2025-01-02-at-12-17-36-file-20241216-15-snrm2t.png-Imagen-PNG-1356-\u00d7-668-pixeles.jpg\",\"datePublished\":\"2025-01-02T11:18:47+00:00\",\"breadcrumb\":{\"@id\":\"https:\\\/\\\/www.revistarambla.com\\\/los-mejores-libros-en-espanol-del-siglo-xxi\\\/#breadcrumb\"},\"inLanguage\":\"en-GB\",\"potentialAction\":[{\"@type\":\"ReadAction\",\"target\":[\"https:\\\/\\\/www.revistarambla.com\\\/los-mejores-libros-en-espanol-del-siglo-xxi\\\/\"]}]},{\"@type\":\"ImageObject\",\"inLanguage\":\"en-GB\",\"@id\":\"https:\\\/\\\/www.revistarambla.com\\\/los-mejores-libros-en-espanol-del-siglo-xxi\\\/#primaryimage\",\"url\":\"https:\\\/\\\/www.revistarambla.com\\\/wp-content\\\/uploads\\\/2025\\\/01\\\/Screenshot-2025-01-02-at-12-17-36-file-20241216-15-snrm2t.png-Imagen-PNG-1356-\u00d7-668-pixeles.jpg\",\"contentUrl\":\"https:\\\/\\\/www.revistarambla.com\\\/wp-content\\\/uploads\\\/2025\\\/01\\\/Screenshot-2025-01-02-at-12-17-36-file-20241216-15-snrm2t.png-Imagen-PNG-1356-\u00d7-668-pixeles.jpg\",\"width\":1695,\"height\":835,\"caption\":\"Los mejores libros en espa\u00f1ol del siglo XXI\"},{\"@type\":\"BreadcrumbList\",\"@id\":\"https:\\\/\\\/www.revistarambla.com\\\/los-mejores-libros-en-espanol-del-siglo-xxi\\\/#breadcrumb\",\"itemListElement\":[{\"@type\":\"ListItem\",\"position\":1,\"name\":\"Portada\",\"item\":\"https:\\\/\\\/www.revistarambla.com\\\/\"},{\"@type\":\"ListItem\",\"position\":2,\"name\":\"Los mejores libros en espa\u00f1ol del siglo XXI\"}]},{\"@type\":\"WebSite\",\"@id\":\"https:\\\/\\\/www.revistarambla.com\\\/#website\",\"url\":\"https:\\\/\\\/www.revistarambla.com\\\/\",\"name\":\"Revista Rambla Barcelona\",\"description\":\"Periodismo independiente\",\"publisher\":{\"@id\":\"https:\\\/\\\/www.revistarambla.com\\\/#organization\"},\"potentialAction\":[{\"@type\":\"SearchAction\",\"target\":{\"@type\":\"EntryPoint\",\"urlTemplate\":\"https:\\\/\\\/www.revistarambla.com\\\/?s={search_term_string}\"},\"query-input\":{\"@type\":\"PropertyValueSpecification\",\"valueRequired\":true,\"valueName\":\"search_term_string\"}}],\"inLanguage\":\"en-GB\"},{\"@type\":\"Organization\",\"@id\":\"https:\\\/\\\/www.revistarambla.com\\\/#organization\",\"name\":\"Revista Rambla\",\"url\":\"https:\\\/\\\/www.revistarambla.com\\\/\",\"logo\":{\"@type\":\"ImageObject\",\"inLanguage\":\"en-GB\",\"@id\":\"https:\\\/\\\/www.revistarambla.com\\\/#\\\/schema\\\/logo\\\/image\\\/\",\"url\":\"https:\\\/\\\/www.revistarambla.com\\\/wp-content\\\/uploads\\\/2020\\\/09\\\/banner_rambla_1900x600_BB.png\",\"contentUrl\":\"https:\\\/\\\/www.revistarambla.com\\\/wp-content\\\/uploads\\\/2020\\\/09\\\/banner_rambla_1900x600_BB.png\",\"width\":1900,\"height\":600,\"caption\":\"Revista Rambla\"},\"image\":{\"@id\":\"https:\\\/\\\/www.revistarambla.com\\\/#\\\/schema\\\/logo\\\/image\\\/\"},\"sameAs\":[\"https:\\\/\\\/www.facebook.com\\\/revistarambla\\\/\",\"https:\\\/\\\/x.com\\\/revistarambla\",\"https:\\\/\\\/www.instagram.com\\\/revista_rambla\",\"https:\\\/\\\/es.linkedin.com\\\/company\\\/revista-rambla\"]},{\"@type\":\"Person\",\"@id\":\"https:\\\/\\\/www.revistarambla.com\\\/#\\\/schema\\\/person\\\/59f9b9ecf0c81cb3ed2ba81eac064af0\",\"name\":\"The Conversation\",\"description\":\"The Conversation es una fuente de noticias y an\u00e1lisis escritos por la comunidad acad\u00e9mica e investigadora y dirigida directamente a la sociedad.\",\"sameAs\":[\"https:\\\/\\\/theconversation.com\\\/es\",\"https:\\\/\\\/www.facebook.com\\\/TheConversationEspana\\\/\",\"https:\\\/\\\/www.instagram.com\\\/theconversationes\\\/\",\"https:\\\/\\\/www.linkedin.com\\\/company\\\/the-conversation-espana\\\/\",\"https:\\\/\\\/x.com\\\/Conversation_E\"]}]}<\/script>\n<!-- \/ Yoast SEO plugin. -->","yoast_head_json":{"title":"Los mejores libros en espa\u00f1ol del siglo XXI - Revista Rambla","robots":{"index":"index","follow":"follow","max-snippet":"max-snippet:-1","max-image-preview":"max-image-preview:large","max-video-preview":"max-video-preview:-1"},"canonical":"https:\/\/www.revistarambla.com\/en\/los-mejores-libros-en-espanol-del-siglo-xxi\/","og_locale":"en_GB","og_type":"article","og_title":"Los mejores libros en espa\u00f1ol del siglo XXI - Revista Rambla","og_description":"Cuando el pasado mes de julio el diario The New York Times present\u00f3 su lista de los mejores libros publicados en lo que llevamos del siglo XXI","og_url":"https:\/\/www.revistarambla.com\/en\/los-mejores-libros-en-espanol-del-siglo-xxi\/","og_site_name":"Revista Rambla","article_publisher":"https:\/\/www.facebook.com\/revistarambla\/","article_author":"https:\/\/www.facebook.com\/TheConversationEspana\/","article_published_time":"2025-01-02T11:18:47+00:00","og_image":[{"width":1695,"height":835,"url":"https:\/\/www.revistarambla.com\/wp-content\/uploads\/2025\/01\/Screenshot-2025-01-02-at-12-17-36-file-20241216-15-snrm2t.png-Imagen-PNG-1356-\u00d7-668-pixeles.jpg","type":"image\/jpeg"}],"author":"The Conversation","twitter_card":"summary_large_image","twitter_creator":"@Conversation_E","twitter_site":"@revistarambla","twitter_misc":{"Written by":"The Conversation","Estimated reading time":"16 minutes"},"schema":{"@context":"https:\/\/schema.org","@graph":[{"@type":"Article","@id":"https:\/\/www.revistarambla.com\/los-mejores-libros-en-espanol-del-siglo-xxi\/#article","isPartOf":{"@id":"https:\/\/www.revistarambla.com\/los-mejores-libros-en-espanol-del-siglo-xxi\/"},"author":{"name":"The Conversation","@id":"https:\/\/www.revistarambla.com\/#\/schema\/person\/59f9b9ecf0c81cb3ed2ba81eac064af0"},"headline":"Los mejores libros en espa\u00f1ol del siglo XXI","datePublished":"2025-01-02T11:18:47+00:00","mainEntityOfPage":{"@id":"https:\/\/www.revistarambla.com\/los-mejores-libros-en-espanol-del-siglo-xxi\/"},"wordCount":3541,"publisher":{"@id":"https:\/\/www.revistarambla.com\/#organization"},"image":{"@id":"https:\/\/www.revistarambla.com\/los-mejores-libros-en-espanol-del-siglo-xxi\/#primaryimage"},"thumbnailUrl":"https:\/\/www.revistarambla.com\/wp-content\/uploads\/2025\/01\/Screenshot-2025-01-02-at-12-17-36-file-20241216-15-snrm2t.png-Imagen-PNG-1356-\u00d7-668-pixeles.jpg","articleSection":["Libros"],"inLanguage":"en-GB"},{"@type":"WebPage","@id":"https:\/\/www.revistarambla.com\/los-mejores-libros-en-espanol-del-siglo-xxi\/","url":"https:\/\/www.revistarambla.com\/los-mejores-libros-en-espanol-del-siglo-xxi\/","name":"Los mejores libros en espa\u00f1ol del siglo XXI - Revista Rambla","isPartOf":{"@id":"https:\/\/www.revistarambla.com\/#website"},"primaryImageOfPage":{"@id":"https:\/\/www.revistarambla.com\/los-mejores-libros-en-espanol-del-siglo-xxi\/#primaryimage"},"image":{"@id":"https:\/\/www.revistarambla.com\/los-mejores-libros-en-espanol-del-siglo-xxi\/#primaryimage"},"thumbnailUrl":"https:\/\/www.revistarambla.com\/wp-content\/uploads\/2025\/01\/Screenshot-2025-01-02-at-12-17-36-file-20241216-15-snrm2t.png-Imagen-PNG-1356-\u00d7-668-pixeles.jpg","datePublished":"2025-01-02T11:18:47+00:00","breadcrumb":{"@id":"https:\/\/www.revistarambla.com\/los-mejores-libros-en-espanol-del-siglo-xxi\/#breadcrumb"},"inLanguage":"en-GB","potentialAction":[{"@type":"ReadAction","target":["https:\/\/www.revistarambla.com\/los-mejores-libros-en-espanol-del-siglo-xxi\/"]}]},{"@type":"ImageObject","inLanguage":"en-GB","@id":"https:\/\/www.revistarambla.com\/los-mejores-libros-en-espanol-del-siglo-xxi\/#primaryimage","url":"https:\/\/www.revistarambla.com\/wp-content\/uploads\/2025\/01\/Screenshot-2025-01-02-at-12-17-36-file-20241216-15-snrm2t.png-Imagen-PNG-1356-\u00d7-668-pixeles.jpg","contentUrl":"https:\/\/www.revistarambla.com\/wp-content\/uploads\/2025\/01\/Screenshot-2025-01-02-at-12-17-36-file-20241216-15-snrm2t.png-Imagen-PNG-1356-\u00d7-668-pixeles.jpg","width":1695,"height":835,"caption":"Los mejores libros en espa\u00f1ol del siglo XXI"},{"@type":"BreadcrumbList","@id":"https:\/\/www.revistarambla.com\/los-mejores-libros-en-espanol-del-siglo-xxi\/#breadcrumb","itemListElement":[{"@type":"ListItem","position":1,"name":"Portada","item":"https:\/\/www.revistarambla.com\/"},{"@type":"ListItem","position":2,"name":"Los mejores libros en espa\u00f1ol del siglo XXI"}]},{"@type":"WebSite","@id":"https:\/\/www.revistarambla.com\/#website","url":"https:\/\/www.revistarambla.com\/","name":"Revista Rambla Barcelona","description":"Periodismo independiente","publisher":{"@id":"https:\/\/www.revistarambla.com\/#organization"},"potentialAction":[{"@type":"SearchAction","target":{"@type":"EntryPoint","urlTemplate":"https:\/\/www.revistarambla.com\/?s={search_term_string}"},"query-input":{"@type":"PropertyValueSpecification","valueRequired":true,"valueName":"search_term_string"}}],"inLanguage":"en-GB"},{"@type":"Organization","@id":"https:\/\/www.revistarambla.com\/#organization","name":"Revista Rambla","url":"https:\/\/www.revistarambla.com\/","logo":{"@type":"ImageObject","inLanguage":"en-GB","@id":"https:\/\/www.revistarambla.com\/#\/schema\/logo\/image\/","url":"https:\/\/www.revistarambla.com\/wp-content\/uploads\/2020\/09\/banner_rambla_1900x600_BB.png","contentUrl":"https:\/\/www.revistarambla.com\/wp-content\/uploads\/2020\/09\/banner_rambla_1900x600_BB.png","width":1900,"height":600,"caption":"Revista Rambla"},"image":{"@id":"https:\/\/www.revistarambla.com\/#\/schema\/logo\/image\/"},"sameAs":["https:\/\/www.facebook.com\/revistarambla\/","https:\/\/x.com\/revistarambla","https:\/\/www.instagram.com\/revista_rambla","https:\/\/es.linkedin.com\/company\/revista-rambla"]},{"@type":"Person","@id":"https:\/\/www.revistarambla.com\/#\/schema\/person\/59f9b9ecf0c81cb3ed2ba81eac064af0","name":"The Conversation","description":"The Conversation es una fuente de noticias y an\u00e1lisis escritos por la comunidad acad\u00e9mica e investigadora y dirigida directamente a la sociedad.","sameAs":["https:\/\/theconversation.com\/es","https:\/\/www.facebook.com\/TheConversationEspana\/","https:\/\/www.instagram.com\/theconversationes\/","https:\/\/www.linkedin.com\/company\/the-conversation-espana\/","https:\/\/x.com\/Conversation_E"]}]}},"_links":{"self":[{"href":"https:\/\/www.revistarambla.com\/en\/wp-json\/wp\/v2\/posts\/63858","targetHints":{"allow":["GET"]}}],"collection":[{"href":"https:\/\/www.revistarambla.com\/en\/wp-json\/wp\/v2\/posts"}],"about":[{"href":"https:\/\/www.revistarambla.com\/en\/wp-json\/wp\/v2\/types\/post"}],"author":[{"embeddable":true,"href":"https:\/\/www.revistarambla.com\/en\/wp-json\/wp\/v2\/users\/156"}],"replies":[{"embeddable":true,"href":"https:\/\/www.revistarambla.com\/en\/wp-json\/wp\/v2\/comments?post=63858"}],"version-history":[{"count":1,"href":"https:\/\/www.revistarambla.com\/en\/wp-json\/wp\/v2\/posts\/63858\/revisions"}],"predecessor-version":[{"id":63860,"href":"https:\/\/www.revistarambla.com\/en\/wp-json\/wp\/v2\/posts\/63858\/revisions\/63860"}],"wp:featuredmedia":[{"embeddable":true,"href":"https:\/\/www.revistarambla.com\/en\/wp-json\/wp\/v2\/media\/63859"}],"wp:attachment":[{"href":"https:\/\/www.revistarambla.com\/en\/wp-json\/wp\/v2\/media?parent=63858"}],"wp:term":[{"taxonomy":"category","embeddable":true,"href":"https:\/\/www.revistarambla.com\/en\/wp-json\/wp\/v2\/categories?post=63858"},{"taxonomy":"post_tag","embeddable":true,"href":"https:\/\/www.revistarambla.com\/en\/wp-json\/wp\/v2\/tags?post=63858"}],"curies":[{"name":"wp","href":"https:\/\/api.w.org\/{rel}","templated":true}]}}