{"id":63830,"date":"2024-12-31T14:01:24","date_gmt":"2024-12-31T13:01:24","guid":{"rendered":"https:\/\/www.revistarambla.com\/?p=63830"},"modified":"2025-01-04T19:54:40","modified_gmt":"2025-01-04T18:54:40","slug":"un-tercio-de-los-asesinatos-de-periodistas-en-2024-se-ha-producido-en-la-franja-de-gaza-a-manos-de-israel","status":"publish","type":"post","link":"https:\/\/www.revistarambla.com\/en\/un-tercio-de-los-asesinatos-de-periodistas-en-2024-se-ha-producido-en-la-franja-de-gaza-a-manos-de-israel\/","title":{"rendered":"Un tercio de los asesinatos de periodistas en 2024 se ha producido en la Franja de Gaza a manos de Israel"},"content":{"rendered":"<p>Un total de 54 periodistas y dos colaboradores de medios han sido asesinados, 550 encarcelados y 55 secuestrados en 2024<!--more-->, seg\u00fan el balance anual de Reporteros Sin Fronteras (RSF), que denuncia \u00abcifras r\u00e9cord\u00bb y que \u00abel periodismo paga un precio humano desorbitado en los conflictos y los reg\u00edmenes opresores\u00bb.<\/p>\n<p>Reporteros Sin Fronteras revela en su \u00faltimo balance un \u00abrecrudecimiento alarmante\u00bb de los ataques contra periodistas, especialmente en las zonas de conflicto, donde se concentra la mitad de los asesinatos de profesionales de la informaci\u00f3n registrados este a\u00f1o.<\/p>\n<p>\u00abLos periodistas no mueren, los matan; no est\u00e1n en la c\u00e1rcel, los reg\u00edmenes los han encerrado; no han desaparecido, los han secuestrado. Estos cr\u00edmenes, a menudo orquestados por gobiernos o grupos armados, son un agravio al derecho internacional y, con demasiada frecuencia, quedan impunes. Debemos cambiar lo establecido y recordarnos a nosotros mismos, como ciudadanos, que es por nosotros, para informarnos, por lo que mueren los periodistas. Debemos seguir contando, denunciando, investigando y velando porque se haga justicia. La fatalidad nunca debe triunfar. Proteger a quienes nos informan es proteger la verdad\u00bb, afirma Thibaut Bruttin, director general de RSF.<\/p>\n<p>En relaci\u00f3n con los 54 periodistas asesinados, RSF ha detallado que 31 lo fueron en zonas de conflicto (Oriente Medio, Irak, Sud\u00e1n, Birmania y Ucrania), alcanzando su nivel m\u00e1s alto en cinco a\u00f1os (57,4%). Adem\u00e1s, Gaza es la regi\u00f3n m\u00e1s peligrosa del mundo para los periodistas, al concentrar un tercio de los asesinados, \u00abtodos muertos a manos del Ej\u00e9rcito israel\u00ed en el ejercicio de su profesi\u00f3n\u00bb, seg\u00fan los datos de los que dispone RSF hasta la fecha.<\/p>\n<p>\u00abPalestina es el pa\u00eds m\u00e1s peligroso para informar y registra el mayor n\u00famero de asesinatos de reporteros en todo el mundo, en los \u00faltimos cinco a\u00f1os\u00bb, ha alertado la organizaci\u00f3n, que ha detallado que m\u00e1s de 145 periodistas han sido asesinados por Israel desde octubre de 2023, entre ellos al menos 35 durante o debido a su trabajo. RSF ha presentado cuatro denuncias ante la Corte Penal Internacional (CPI) por cr\u00edmenes de guerra cometidos contra reporteros por Israel.<\/p>\n<p>Como consecuencia del elevado n\u00famero de periodistas asesinados en Pakist\u00e1n (7) y durante las manifestaciones en Banglad\u00e9s (5), Asia se mantiene, en 2024, como la segunda regi\u00f3n con mayor n\u00famero de asesinatos a profesionales de los medios. M\u00e1s de 1.700 profesionales de la informaci\u00f3n han sido asesinados en todo el mundo en los \u00faltimos 20 a\u00f1os.<\/p>\n<p>Por otra parte, RSF ha constatado un aumento del n\u00famero de periodistas encarcelados en 2024 (+7,2%), que se debe, en particular, a las nuevas detenciones en Rusia (+8) e Israel (+17). En este caso, Israel es el pa\u00eds que m\u00e1s periodistas ha encarcelado desde el comienzo de la guerra de Gaza, en octubre de 2023, convirti\u00e9ndose en la tercera mayor prisi\u00f3n del mundo para la prensa.<\/p>\n<h2>Penas que suman m\u00e1s de 250 a\u00f1os<\/h2>\n<p>Las cuatro mayores c\u00e1rceles del mundo son China (124 periodistas presos, 11 de ellos en Hong Kong), Birmania (61), Israel (41) y Bielorrusia (40), y tienen entre rejas a cerca de la mitad de los periodistas encarcelados en todo el planeta (550). \u00abEl encarcelamiento es una herramienta de represi\u00f3n, especialmente al servicio de la agresi\u00f3n rusa en Ucrania y de la ofensiva israel\u00ed en Gaza\u00bb, ha manifestado, para despu\u00e9s a\u00f1adir que \u00abRusia (38) utiliza sus prisiones para reprimir tanto las voces independientes rusas, como las ucranianas (19)\u00bb, y que 72 periodistas han sido condenados en 2024 a penas que suman m\u00e1s de 250 a\u00f1os.<\/p>\n<p>Respecto a los 55 periodistas secuestrados, el 70% se encuentran en Siria. \u00abLa mayor\u00eda de ellos fueron secuestrados por el Estado Isl\u00e1mico durante la guerra, y diez a\u00f1os m\u00e1s tarde, sigue siendo extremadamente dif\u00edcil, por no decir pr\u00e1cticamente imposible, obtener informaci\u00f3n sobre su paradero\u00bb, ha manifestado la ONG, que considera que la ca\u00edda del r\u00e9gimen de Bachir al Asad \u00ababre una ventana de esperanza para el periodismo\u00bb. De los 55 profesionales de los medios actualmente cautivos en el mundo, dos fueron secuestrados en 2024 por los hut\u00edes en Yemen.<\/p>\n<p>Un total de 95 periodistas permanecen desaparecidos en 34 pa\u00edses del mundo, m\u00e1s del 25% ha desaparecido en los \u00faltimos diez a\u00f1os. Asimismo, 28 desaparecieron en la \u00faltima d\u00e9cada: M\u00e9xico (5), Siria (3), Mal\u00ed (3), Rep\u00fablica Democr\u00e1tica del Congo (2), Palestina (2) e Irak (2). \u00abEstas desapariciones son a menudo atribuibles a gobiernos autoritarios o negligentes y subrayan la urgente necesidad de reforzar la protecci\u00f3n de los periodistas y luchar contra la impunidad\u00bb, ha remarcado.<\/p>\n<p>En este escenario, RSF pide a los Estados que ratifiquen la Convenci\u00f3n Internacional para la Protecci\u00f3n de Todas las Personas contra las Desapariciones Forzadas. Adoptada por la Asamblea General de Naciones Unidas en 2006, esta Convenci\u00f3n s\u00f3lo ha sido suscrita por 75 pa\u00edses hasta la fecha. M\u00e9xico concentra m\u00e1s del 30% de los casos de periodistas desaparecidos y, en 2024, se produjeron cuatro nuevas desapariciones forzadas en Burkina Faso, Nicaragua, Rusia y Siria.<\/p>","protected":false},"excerpt":{"rendered":"<p>Un total de 54 periodistas y dos colaboradores de medios han sido asesinados, 550 encarcelados y 55 secuestrados en 2024, seg\u00fan el balance anual de Reporteros Sin Fronteras <\/p>","protected":false},"author":3,"featured_media":42117,"comment_status":"closed","ping_status":"closed","sticky":false,"template":"","format":"standard","meta":{"footnotes":""},"categories":[57],"tags":[],"class_list":["post-63830","post","type-post","status-publish","format-standard","has-post-thumbnail","hentry","category-global"],"yoast_head":"<!-- This site is optimized with the Yoast SEO plugin v27.5 - https:\/\/yoast.com\/product\/yoast-seo-wordpress\/ -->\n<title>Un tercio de los asesinatos de periodistas en 2024 se ha producido en la Franja de Gaza a manos de Israel - Revista Rambla<\/title>\n<meta name=\"robots\" content=\"index, follow, max-snippet:-1, max-image-preview:large, max-video-preview:-1\" \/>\n<link rel=\"canonical\" href=\"https:\/\/www.revistarambla.com\/en\/un-tercio-de-los-asesinatos-de-periodistas-en-2024-se-ha-producido-en-la-franja-de-gaza-a-manos-de-israel\/\" \/>\n<meta property=\"og:locale\" content=\"en_GB\" \/>\n<meta property=\"og:type\" content=\"article\" \/>\n<meta property=\"og:title\" content=\"Un tercio de los asesinatos de periodistas en 2024 se ha producido en la Franja de Gaza a manos de Israel - Revista Rambla\" \/>\n<meta property=\"og:description\" content=\"Un total de 54 periodistas y dos colaboradores de medios han sido asesinados, 550 encarcelados y 55 secuestrados en 2024, seg\u00fan el balance anual de Reporteros Sin Fronteras\" \/>\n<meta property=\"og:url\" content=\"https:\/\/www.revistarambla.com\/en\/un-tercio-de-los-asesinatos-de-periodistas-en-2024-se-ha-producido-en-la-franja-de-gaza-a-manos-de-israel\/\" \/>\n<meta property=\"og:site_name\" content=\"Revista Rambla\" \/>\n<meta property=\"article:publisher\" content=\"https:\/\/www.facebook.com\/revistarambla\/\" \/>\n<meta property=\"article:author\" content=\"https:\/\/www.facebook.com\/revistarambla\" \/>\n<meta property=\"article:published_time\" content=\"2024-12-31T13:01:24+00:00\" \/>\n<meta property=\"article:modified_time\" content=\"2025-01-04T18:54:40+00:00\" \/>\n<meta property=\"og:image\" content=\"https:\/\/www.revistarambla.com\/wp-content\/uploads\/2022\/05\/funeral-al-jazeera-israel-palestina.webp\" \/>\n\t<meta property=\"og:image:width\" content=\"670\" \/>\n\t<meta property=\"og:image:height\" content=\"378\" \/>\n\t<meta property=\"og:image:type\" content=\"image\/webp\" \/>\n<meta name=\"author\" content=\"R@mbla\" \/>\n<meta name=\"twitter:card\" content=\"summary_large_image\" \/>\n<meta name=\"twitter:creator\" content=\"@revistarambla\" \/>\n<meta name=\"twitter:site\" content=\"@revistarambla\" \/>\n<meta name=\"twitter:label1\" content=\"Written by\" \/>\n\t<meta name=\"twitter:data1\" content=\"R@mbla\" \/>\n\t<meta name=\"twitter:label2\" content=\"Estimated reading time\" \/>\n\t<meta name=\"twitter:data2\" content=\"4 minutes\" \/>\n<script type=\"application\/ld+json\" class=\"yoast-schema-graph\">{\"@context\":\"https:\\\/\\\/schema.org\",\"@graph\":[{\"@type\":\"Article\",\"@id\":\"https:\\\/\\\/www.revistarambla.com\\\/un-tercio-de-los-asesinatos-de-periodistas-en-2024-se-ha-producido-en-la-franja-de-gaza-a-manos-de-israel\\\/#article\",\"isPartOf\":{\"@id\":\"https:\\\/\\\/www.revistarambla.com\\\/un-tercio-de-los-asesinatos-de-periodistas-en-2024-se-ha-producido-en-la-franja-de-gaza-a-manos-de-israel\\\/\"},\"author\":{\"name\":\"R@mbla\",\"@id\":\"https:\\\/\\\/www.revistarambla.com\\\/#\\\/schema\\\/person\\\/a146a5a2550b94981a75131180e1bd9c\"},\"headline\":\"Un tercio de los asesinatos de periodistas en 2024 se ha producido en la Franja de Gaza a manos de Israel\",\"datePublished\":\"2024-12-31T13:01:24+00:00\",\"dateModified\":\"2025-01-04T18:54:40+00:00\",\"mainEntityOfPage\":{\"@id\":\"https:\\\/\\\/www.revistarambla.com\\\/un-tercio-de-los-asesinatos-de-periodistas-en-2024-se-ha-producido-en-la-franja-de-gaza-a-manos-de-israel\\\/\"},\"wordCount\":854,\"publisher\":{\"@id\":\"https:\\\/\\\/www.revistarambla.com\\\/#organization\"},\"image\":{\"@id\":\"https:\\\/\\\/www.revistarambla.com\\\/un-tercio-de-los-asesinatos-de-periodistas-en-2024-se-ha-producido-en-la-franja-de-gaza-a-manos-de-israel\\\/#primaryimage\"},\"thumbnailUrl\":\"https:\\\/\\\/www.revistarambla.com\\\/wp-content\\\/uploads\\\/2022\\\/05\\\/funeral-al-jazeera-israel-palestina.webp\",\"articleSection\":[\"Global\"],\"inLanguage\":\"en-GB\"},{\"@type\":\"WebPage\",\"@id\":\"https:\\\/\\\/www.revistarambla.com\\\/un-tercio-de-los-asesinatos-de-periodistas-en-2024-se-ha-producido-en-la-franja-de-gaza-a-manos-de-israel\\\/\",\"url\":\"https:\\\/\\\/www.revistarambla.com\\\/un-tercio-de-los-asesinatos-de-periodistas-en-2024-se-ha-producido-en-la-franja-de-gaza-a-manos-de-israel\\\/\",\"name\":\"Un tercio de los asesinatos de periodistas en 2024 se ha producido en la Franja de Gaza a manos de Israel - Revista Rambla\",\"isPartOf\":{\"@id\":\"https:\\\/\\\/www.revistarambla.com\\\/#website\"},\"primaryImageOfPage\":{\"@id\":\"https:\\\/\\\/www.revistarambla.com\\\/un-tercio-de-los-asesinatos-de-periodistas-en-2024-se-ha-producido-en-la-franja-de-gaza-a-manos-de-israel\\\/#primaryimage\"},\"image\":{\"@id\":\"https:\\\/\\\/www.revistarambla.com\\\/un-tercio-de-los-asesinatos-de-periodistas-en-2024-se-ha-producido-en-la-franja-de-gaza-a-manos-de-israel\\\/#primaryimage\"},\"thumbnailUrl\":\"https:\\\/\\\/www.revistarambla.com\\\/wp-content\\\/uploads\\\/2022\\\/05\\\/funeral-al-jazeera-israel-palestina.webp\",\"datePublished\":\"2024-12-31T13:01:24+00:00\",\"dateModified\":\"2025-01-04T18:54:40+00:00\",\"breadcrumb\":{\"@id\":\"https:\\\/\\\/www.revistarambla.com\\\/un-tercio-de-los-asesinatos-de-periodistas-en-2024-se-ha-producido-en-la-franja-de-gaza-a-manos-de-israel\\\/#breadcrumb\"},\"inLanguage\":\"en-GB\",\"potentialAction\":[{\"@type\":\"ReadAction\",\"target\":[\"https:\\\/\\\/www.revistarambla.com\\\/un-tercio-de-los-asesinatos-de-periodistas-en-2024-se-ha-producido-en-la-franja-de-gaza-a-manos-de-israel\\\/\"]}]},{\"@type\":\"ImageObject\",\"inLanguage\":\"en-GB\",\"@id\":\"https:\\\/\\\/www.revistarambla.com\\\/un-tercio-de-los-asesinatos-de-periodistas-en-2024-se-ha-producido-en-la-franja-de-gaza-a-manos-de-israel\\\/#primaryimage\",\"url\":\"https:\\\/\\\/www.revistarambla.com\\\/wp-content\\\/uploads\\\/2022\\\/05\\\/funeral-al-jazeera-israel-palestina.webp\",\"contentUrl\":\"https:\\\/\\\/www.revistarambla.com\\\/wp-content\\\/uploads\\\/2022\\\/05\\\/funeral-al-jazeera-israel-palestina.webp\",\"width\":670,\"height\":378,\"caption\":\"asesinatos de periodistas GAZA PERIODISMO\"},{\"@type\":\"BreadcrumbList\",\"@id\":\"https:\\\/\\\/www.revistarambla.com\\\/un-tercio-de-los-asesinatos-de-periodistas-en-2024-se-ha-producido-en-la-franja-de-gaza-a-manos-de-israel\\\/#breadcrumb\",\"itemListElement\":[{\"@type\":\"ListItem\",\"position\":1,\"name\":\"Portada\",\"item\":\"https:\\\/\\\/www.revistarambla.com\\\/\"},{\"@type\":\"ListItem\",\"position\":2,\"name\":\"Un tercio de los asesinatos de periodistas en 2024 se ha producido en la Franja de Gaza a manos de Israel\"}]},{\"@type\":\"WebSite\",\"@id\":\"https:\\\/\\\/www.revistarambla.com\\\/#website\",\"url\":\"https:\\\/\\\/www.revistarambla.com\\\/\",\"name\":\"Revista Rambla Barcelona\",\"description\":\"Periodismo independiente\",\"publisher\":{\"@id\":\"https:\\\/\\\/www.revistarambla.com\\\/#organization\"},\"potentialAction\":[{\"@type\":\"SearchAction\",\"target\":{\"@type\":\"EntryPoint\",\"urlTemplate\":\"https:\\\/\\\/www.revistarambla.com\\\/?s={search_term_string}\"},\"query-input\":{\"@type\":\"PropertyValueSpecification\",\"valueRequired\":true,\"valueName\":\"search_term_string\"}}],\"inLanguage\":\"en-GB\"},{\"@type\":\"Organization\",\"@id\":\"https:\\\/\\\/www.revistarambla.com\\\/#organization\",\"name\":\"Revista Rambla\",\"url\":\"https:\\\/\\\/www.revistarambla.com\\\/\",\"logo\":{\"@type\":\"ImageObject\",\"inLanguage\":\"en-GB\",\"@id\":\"https:\\\/\\\/www.revistarambla.com\\\/#\\\/schema\\\/logo\\\/image\\\/\",\"url\":\"https:\\\/\\\/www.revistarambla.com\\\/wp-content\\\/uploads\\\/2020\\\/09\\\/banner_rambla_1900x600_BB.png\",\"contentUrl\":\"https:\\\/\\\/www.revistarambla.com\\\/wp-content\\\/uploads\\\/2020\\\/09\\\/banner_rambla_1900x600_BB.png\",\"width\":1900,\"height\":600,\"caption\":\"Revista Rambla\"},\"image\":{\"@id\":\"https:\\\/\\\/www.revistarambla.com\\\/#\\\/schema\\\/logo\\\/image\\\/\"},\"sameAs\":[\"https:\\\/\\\/www.facebook.com\\\/revistarambla\\\/\",\"https:\\\/\\\/x.com\\\/revistarambla\",\"https:\\\/\\\/www.instagram.com\\\/revista_rambla\",\"https:\\\/\\\/es.linkedin.com\\\/company\\\/revista-rambla\"]},{\"@type\":\"Person\",\"@id\":\"https:\\\/\\\/www.revistarambla.com\\\/#\\\/schema\\\/person\\\/a146a5a2550b94981a75131180e1bd9c\",\"name\":\"R@mbla\",\"description\":\"Este art\u00edculo ha sido redactado y\\\/o validado por el equipo de redacci\u00f3n de Revista Rambla.\",\"sameAs\":[\"https:\\\/\\\/www.revistarambla.com\\\/\",\"https:\\\/\\\/www.facebook.com\\\/revistarambla\",\"https:\\\/\\\/x.com\\\/revistarambla\"]}]}<\/script>\n<!-- \/ Yoast SEO plugin. -->","yoast_head_json":{"title":"Un tercio de los asesinatos de periodistas en 2024 se ha producido en la Franja de Gaza a manos de Israel - Revista Rambla","robots":{"index":"index","follow":"follow","max-snippet":"max-snippet:-1","max-image-preview":"max-image-preview:large","max-video-preview":"max-video-preview:-1"},"canonical":"https:\/\/www.revistarambla.com\/en\/un-tercio-de-los-asesinatos-de-periodistas-en-2024-se-ha-producido-en-la-franja-de-gaza-a-manos-de-israel\/","og_locale":"en_GB","og_type":"article","og_title":"Un tercio de los asesinatos de periodistas en 2024 se ha producido en la Franja de Gaza a manos de Israel - Revista Rambla","og_description":"Un total de 54 periodistas y dos colaboradores de medios han sido asesinados, 550 encarcelados y 55 secuestrados en 2024, seg\u00fan el balance anual de Reporteros Sin Fronteras","og_url":"https:\/\/www.revistarambla.com\/en\/un-tercio-de-los-asesinatos-de-periodistas-en-2024-se-ha-producido-en-la-franja-de-gaza-a-manos-de-israel\/","og_site_name":"Revista Rambla","article_publisher":"https:\/\/www.facebook.com\/revistarambla\/","article_author":"https:\/\/www.facebook.com\/revistarambla","article_published_time":"2024-12-31T13:01:24+00:00","article_modified_time":"2025-01-04T18:54:40+00:00","og_image":[{"width":670,"height":378,"url":"https:\/\/www.revistarambla.com\/wp-content\/uploads\/2022\/05\/funeral-al-jazeera-israel-palestina.webp","type":"image\/webp"}],"author":"R@mbla","twitter_card":"summary_large_image","twitter_creator":"@revistarambla","twitter_site":"@revistarambla","twitter_misc":{"Written by":"R@mbla","Estimated reading time":"4 minutes"},"schema":{"@context":"https:\/\/schema.org","@graph":[{"@type":"Article","@id":"https:\/\/www.revistarambla.com\/un-tercio-de-los-asesinatos-de-periodistas-en-2024-se-ha-producido-en-la-franja-de-gaza-a-manos-de-israel\/#article","isPartOf":{"@id":"https:\/\/www.revistarambla.com\/un-tercio-de-los-asesinatos-de-periodistas-en-2024-se-ha-producido-en-la-franja-de-gaza-a-manos-de-israel\/"},"author":{"name":"R@mbla","@id":"https:\/\/www.revistarambla.com\/#\/schema\/person\/a146a5a2550b94981a75131180e1bd9c"},"headline":"Un tercio de los asesinatos de periodistas en 2024 se ha producido en la Franja de Gaza a manos de Israel","datePublished":"2024-12-31T13:01:24+00:00","dateModified":"2025-01-04T18:54:40+00:00","mainEntityOfPage":{"@id":"https:\/\/www.revistarambla.com\/un-tercio-de-los-asesinatos-de-periodistas-en-2024-se-ha-producido-en-la-franja-de-gaza-a-manos-de-israel\/"},"wordCount":854,"publisher":{"@id":"https:\/\/www.revistarambla.com\/#organization"},"image":{"@id":"https:\/\/www.revistarambla.com\/un-tercio-de-los-asesinatos-de-periodistas-en-2024-se-ha-producido-en-la-franja-de-gaza-a-manos-de-israel\/#primaryimage"},"thumbnailUrl":"https:\/\/www.revistarambla.com\/wp-content\/uploads\/2022\/05\/funeral-al-jazeera-israel-palestina.webp","articleSection":["Global"],"inLanguage":"en-GB"},{"@type":"WebPage","@id":"https:\/\/www.revistarambla.com\/un-tercio-de-los-asesinatos-de-periodistas-en-2024-se-ha-producido-en-la-franja-de-gaza-a-manos-de-israel\/","url":"https:\/\/www.revistarambla.com\/un-tercio-de-los-asesinatos-de-periodistas-en-2024-se-ha-producido-en-la-franja-de-gaza-a-manos-de-israel\/","name":"Un tercio de los asesinatos de periodistas en 2024 se ha producido en la Franja de Gaza a manos de Israel - Revista Rambla","isPartOf":{"@id":"https:\/\/www.revistarambla.com\/#website"},"primaryImageOfPage":{"@id":"https:\/\/www.revistarambla.com\/un-tercio-de-los-asesinatos-de-periodistas-en-2024-se-ha-producido-en-la-franja-de-gaza-a-manos-de-israel\/#primaryimage"},"image":{"@id":"https:\/\/www.revistarambla.com\/un-tercio-de-los-asesinatos-de-periodistas-en-2024-se-ha-producido-en-la-franja-de-gaza-a-manos-de-israel\/#primaryimage"},"thumbnailUrl":"https:\/\/www.revistarambla.com\/wp-content\/uploads\/2022\/05\/funeral-al-jazeera-israel-palestina.webp","datePublished":"2024-12-31T13:01:24+00:00","dateModified":"2025-01-04T18:54:40+00:00","breadcrumb":{"@id":"https:\/\/www.revistarambla.com\/un-tercio-de-los-asesinatos-de-periodistas-en-2024-se-ha-producido-en-la-franja-de-gaza-a-manos-de-israel\/#breadcrumb"},"inLanguage":"en-GB","potentialAction":[{"@type":"ReadAction","target":["https:\/\/www.revistarambla.com\/un-tercio-de-los-asesinatos-de-periodistas-en-2024-se-ha-producido-en-la-franja-de-gaza-a-manos-de-israel\/"]}]},{"@type":"ImageObject","inLanguage":"en-GB","@id":"https:\/\/www.revistarambla.com\/un-tercio-de-los-asesinatos-de-periodistas-en-2024-se-ha-producido-en-la-franja-de-gaza-a-manos-de-israel\/#primaryimage","url":"https:\/\/www.revistarambla.com\/wp-content\/uploads\/2022\/05\/funeral-al-jazeera-israel-palestina.webp","contentUrl":"https:\/\/www.revistarambla.com\/wp-content\/uploads\/2022\/05\/funeral-al-jazeera-israel-palestina.webp","width":670,"height":378,"caption":"asesinatos de periodistas GAZA PERIODISMO"},{"@type":"BreadcrumbList","@id":"https:\/\/www.revistarambla.com\/un-tercio-de-los-asesinatos-de-periodistas-en-2024-se-ha-producido-en-la-franja-de-gaza-a-manos-de-israel\/#breadcrumb","itemListElement":[{"@type":"ListItem","position":1,"name":"Portada","item":"https:\/\/www.revistarambla.com\/"},{"@type":"ListItem","position":2,"name":"Un tercio de los asesinatos de periodistas en 2024 se ha producido en la Franja de Gaza a manos de Israel"}]},{"@type":"WebSite","@id":"https:\/\/www.revistarambla.com\/#website","url":"https:\/\/www.revistarambla.com\/","name":"Revista Rambla Barcelona","description":"Periodismo independiente","publisher":{"@id":"https:\/\/www.revistarambla.com\/#organization"},"potentialAction":[{"@type":"SearchAction","target":{"@type":"EntryPoint","urlTemplate":"https:\/\/www.revistarambla.com\/?s={search_term_string}"},"query-input":{"@type":"PropertyValueSpecification","valueRequired":true,"valueName":"search_term_string"}}],"inLanguage":"en-GB"},{"@type":"Organization","@id":"https:\/\/www.revistarambla.com\/#organization","name":"Revista Rambla","url":"https:\/\/www.revistarambla.com\/","logo":{"@type":"ImageObject","inLanguage":"en-GB","@id":"https:\/\/www.revistarambla.com\/#\/schema\/logo\/image\/","url":"https:\/\/www.revistarambla.com\/wp-content\/uploads\/2020\/09\/banner_rambla_1900x600_BB.png","contentUrl":"https:\/\/www.revistarambla.com\/wp-content\/uploads\/2020\/09\/banner_rambla_1900x600_BB.png","width":1900,"height":600,"caption":"Revista Rambla"},"image":{"@id":"https:\/\/www.revistarambla.com\/#\/schema\/logo\/image\/"},"sameAs":["https:\/\/www.facebook.com\/revistarambla\/","https:\/\/x.com\/revistarambla","https:\/\/www.instagram.com\/revista_rambla","https:\/\/es.linkedin.com\/company\/revista-rambla"]},{"@type":"Person","@id":"https:\/\/www.revistarambla.com\/#\/schema\/person\/a146a5a2550b94981a75131180e1bd9c","name":"R@mbla","description":"Este art\u00edculo ha sido redactado y\/o validado por el equipo de redacci\u00f3n de Revista Rambla.","sameAs":["https:\/\/www.revistarambla.com\/","https:\/\/www.facebook.com\/revistarambla","https:\/\/x.com\/revistarambla"]}]}},"_links":{"self":[{"href":"https:\/\/www.revistarambla.com\/en\/wp-json\/wp\/v2\/posts\/63830","targetHints":{"allow":["GET"]}}],"collection":[{"href":"https:\/\/www.revistarambla.com\/en\/wp-json\/wp\/v2\/posts"}],"about":[{"href":"https:\/\/www.revistarambla.com\/en\/wp-json\/wp\/v2\/types\/post"}],"author":[{"embeddable":true,"href":"https:\/\/www.revistarambla.com\/en\/wp-json\/wp\/v2\/users\/3"}],"replies":[{"embeddable":true,"href":"https:\/\/www.revistarambla.com\/en\/wp-json\/wp\/v2\/comments?post=63830"}],"version-history":[{"count":1,"href":"https:\/\/www.revistarambla.com\/en\/wp-json\/wp\/v2\/posts\/63830\/revisions"}],"predecessor-version":[{"id":63831,"href":"https:\/\/www.revistarambla.com\/en\/wp-json\/wp\/v2\/posts\/63830\/revisions\/63831"}],"wp:featuredmedia":[{"embeddable":true,"href":"https:\/\/www.revistarambla.com\/en\/wp-json\/wp\/v2\/media\/42117"}],"wp:attachment":[{"href":"https:\/\/www.revistarambla.com\/en\/wp-json\/wp\/v2\/media?parent=63830"}],"wp:term":[{"taxonomy":"category","embeddable":true,"href":"https:\/\/www.revistarambla.com\/en\/wp-json\/wp\/v2\/categories?post=63830"},{"taxonomy":"post_tag","embeddable":true,"href":"https:\/\/www.revistarambla.com\/en\/wp-json\/wp\/v2\/tags?post=63830"}],"curies":[{"name":"wp","href":"https:\/\/api.w.org\/{rel}","templated":true}]}}