{"id":63816,"date":"2024-12-30T00:01:47","date_gmt":"2024-12-29T23:01:47","guid":{"rendered":"https:\/\/www.revistarambla.com\/?p=63816"},"modified":"2024-12-27T11:56:14","modified_gmt":"2024-12-27T10:56:14","slug":"la-repercusion-de-la-violencia-de-genero-en-ninos-ninas-y-adolescentes-un-analisis-social-y-psicologico","status":"publish","type":"post","link":"https:\/\/www.revistarambla.com\/en\/la-repercusion-de-la-violencia-de-genero-en-ninos-ninas-y-adolescentes-un-analisis-social-y-psicologico\/","title":{"rendered":"La repercusi\u00f3n de la violencia de g\u00e9nero en ni\u00f1os, ni\u00f1as y adolescentes: un an\u00e1lisis social y psicol\u00f3gico"},"content":{"rendered":"<p>La violencia de g\u00e9nero es un fen\u00f3meno que afecta a millones de personas en todo el mundo, y sus repercusiones son especialmente devastadoras <!--more-->en las v\u00edctimas m\u00e1s j\u00f3venes. <b>Los ni\u00f1os, ni\u00f1as y adolescentes que son testigos o v\u00edctimas de esta violencia no solo sufren en el momento, sino que las secuelas pueden perdurar a lo largo de sus vidas, afectando su desarrollo social y psicol\u00f3gico.<\/b><\/p>\n<p>Los ni\u00f1os, ni\u00f1as y adolescentes que crecen en entornos donde la violencia de g\u00e9nero es prevalente pueden experimentar una serie de efectos negativos. A nivel social, pueden desarrollar dificultades en sus relaciones interpersonales, problemas de confianza y una percepci\u00f3n distorsionada de las relaciones amorosas. Seg\u00fan un estudio de la <b>Organizaci\u00f3n Mundial de la Salud (OMS)<\/b>, los\/as ni\u00f1os\/as que son testigos de violencia en el hogar tienen un 50% m\u00e1s de probabilidades de convertirse en agresores o v\u00edctimas en el futuro.<\/p>\n<p>Psicol\u00f3gicamente, estos menores pueden sufrir trastornos de ansiedad, depresi\u00f3n y estr\u00e9s postraum\u00e1tico. La <b>Asociaci\u00f3n Internacional de Psicolog\u00eda<\/b> se\u00f1ala que el 70% de los ni\u00f1os que han sido expuestos a la violencia de g\u00e9nero presentan s\u00edntomas de angustia emocional. Esto puede manifestarse en problemas de comportamiento, bajo rendimiento escolar y dificultades para establecer v\u00ednculos afectivos saludables.<\/p>\n<p>Existen diversos recursos a disposici\u00f3n para estas situaciones, sin embargo, a\u00fan parecen ser muy desconocidos. Es crucial que estos recursos sean accesibles y conocidos por los menores y sus familias.<\/p>\n<p>La comunicaci\u00f3n efectiva es clave para reducir el n\u00famero de v\u00edctimas de violencia de g\u00e9nero, especialmente entre las personas menores. Es fundamental que se fomente un ambiente donde los ni\u00f1os, ni\u00f1as y adolescentes se sientan seguros para hablar sobre sus experiencias y preocupaciones. Esto implica:<\/p>\n<ol>\n<li><b>Educaci\u00f3n en las escuelas<\/b>: Implementar programas educativos que aborden la violencia de g\u00e9nero, ense\u00f1ando a los y las j\u00f3venes sobre relaciones saludables, respeto y consentimiento. La educaci\u00f3n temprana puede ayudar a prevenir la normalizaci\u00f3n de la violencia.<\/li>\n<li><b>Sensibilizaci\u00f3n de la comunidad<\/b>: Involucrar a padres\/madres, educadores\/as y miembros de la comunidad en campa\u00f1as de sensibilizaci\u00f3n que promuevan la igualdad de g\u00e9nero y el respeto mutuo. La comunidad debe ser un espacio seguro donde se escuchen y validen las voces de las personas menores de edad.<\/li>\n<li><b>Acceso a recursos<\/b>: Asegurar que los ni\u00f1os, ni\u00f1as y adolescentes conozcan los recursos disponibles para ellos\/as, como l\u00edneas de ayuda, servicios de apoyo psicol\u00f3gico y grupos de j\u00f3venes. La informaci\u00f3n debe ser accesible y presentada, de manera que los y las j\u00f3venes se sientan c\u00f3modos\/as al buscar ayuda.<\/li>\n<li><b>Fomentar la empat\u00eda y el apoyo<\/b>: Crear espacios donde los\/as j\u00f3venes puedan compartir sus experiencias y recibir apoyo emocional de sus iguales. Esto puede ayudar a romper el ciclo de silencio y aislamiento que a menudo enfrentan las v\u00edctimas.<\/li>\n<\/ol>\n<p>En definitiva, la violencia de g\u00e9nero tiene un impacto profundo y duradero en los ni\u00f1os, ni\u00f1as y adolescentes, afectando a su bienestar social y psicol\u00f3gico. Es esencial que la sociedad en su conjunto trabaje para crear un entorno donde los\/as j\u00f3venes se sientan seguros y apoyados. <b>A trav\u00e9s de la educaci\u00f3n, la sensibilizaci\u00f3n y el acceso a recursos, podemos contribuir a la reducci\u00f3n de la violencia de g\u00e9nero y, en \u00faltima instancia, salvar vidas<\/b>. La comunicaci\u00f3n abierta y efectiva es una herramienta poderosa en esta lucha, y todos tenemos un papel que desempe\u00f1ar en la creaci\u00f3n de un futuro m\u00e1s seguro para nuestros ni\u00f1os, ni\u00f1as y adolescentes.<\/p>\n<p><em>Sara del Peso Ram\u00edrez es trabajadora social.<\/em><\/p>","protected":false},"excerpt":{"rendered":"<p>La violencia de g\u00e9nero es un fen\u00f3meno que afecta a millones de personas en todo el mundo, y sus repercusiones son especialmente devastadoras<\/p>","protected":false},"author":15,"featured_media":62782,"comment_status":"closed","ping_status":"closed","sticky":false,"template":"","format":"standard","meta":{"footnotes":""},"categories":[72],"tags":[],"class_list":["post-63816","post","type-post","status-publish","format-standard","has-post-thumbnail","hentry","category-opinion"],"yoast_head":"<!-- This site is optimized with the Yoast SEO plugin v27.5 - https:\/\/yoast.com\/product\/yoast-seo-wordpress\/ -->\n<title>La repercusi\u00f3n de la violencia de g\u00e9nero en ni\u00f1os, ni\u00f1as y adolescentes: un an\u00e1lisis social y psicol\u00f3gico - Revista Rambla<\/title>\n<meta name=\"robots\" content=\"index, follow, max-snippet:-1, max-image-preview:large, max-video-preview:-1\" \/>\n<link rel=\"canonical\" href=\"https:\/\/www.revistarambla.com\/en\/la-repercusion-de-la-violencia-de-genero-en-ninos-ninas-y-adolescentes-un-analisis-social-y-psicologico\/\" \/>\n<meta property=\"og:locale\" content=\"en_GB\" \/>\n<meta property=\"og:type\" content=\"article\" \/>\n<meta property=\"og:title\" content=\"La repercusi\u00f3n de la violencia de g\u00e9nero en ni\u00f1os, ni\u00f1as y adolescentes: un an\u00e1lisis social y psicol\u00f3gico - Revista Rambla\" \/>\n<meta property=\"og:description\" content=\"La violencia de g\u00e9nero es un fen\u00f3meno que afecta a millones de personas en todo el mundo, y sus repercusiones son especialmente devastadoras\" \/>\n<meta property=\"og:url\" content=\"https:\/\/www.revistarambla.com\/en\/la-repercusion-de-la-violencia-de-genero-en-ninos-ninas-y-adolescentes-un-analisis-social-y-psicologico\/\" \/>\n<meta property=\"og:site_name\" content=\"Revista Rambla\" \/>\n<meta property=\"article:publisher\" content=\"https:\/\/www.facebook.com\/revistarambla\/\" \/>\n<meta property=\"article:published_time\" content=\"2024-12-29T23:01:47+00:00\" \/>\n<meta property=\"og:image\" content=\"https:\/\/www.revistarambla.com\/wp-content\/uploads\/2024\/09\/Violencia-domestica-Foto-FASIC.jpg\" \/>\n\t<meta property=\"og:image:width\" content=\"958\" \/>\n\t<meta property=\"og:image:height\" content=\"596\" \/>\n\t<meta property=\"og:image:type\" content=\"image\/jpeg\" \/>\n<meta name=\"author\" content=\"Sara del Peso Ram\u00edrez\" \/>\n<meta name=\"twitter:card\" content=\"summary_large_image\" \/>\n<meta name=\"twitter:creator\" content=\"@revistarambla\" \/>\n<meta name=\"twitter:site\" content=\"@revistarambla\" \/>\n<meta name=\"twitter:label1\" content=\"Written by\" \/>\n\t<meta name=\"twitter:data1\" content=\"Sara del Peso Ram\u00edrez\" \/>\n\t<meta name=\"twitter:label2\" content=\"Estimated reading time\" \/>\n\t<meta name=\"twitter:data2\" content=\"3 minutes\" \/>\n<script type=\"application\/ld+json\" class=\"yoast-schema-graph\">{\"@context\":\"https:\\\/\\\/schema.org\",\"@graph\":[{\"@type\":\"Article\",\"@id\":\"https:\\\/\\\/www.revistarambla.com\\\/la-repercusion-de-la-violencia-de-genero-en-ninos-ninas-y-adolescentes-un-analisis-social-y-psicologico\\\/#article\",\"isPartOf\":{\"@id\":\"https:\\\/\\\/www.revistarambla.com\\\/la-repercusion-de-la-violencia-de-genero-en-ninos-ninas-y-adolescentes-un-analisis-social-y-psicologico\\\/\"},\"author\":{\"name\":\"Sara del Peso Ram\u00edrez\",\"@id\":\"https:\\\/\\\/www.revistarambla.com\\\/#\\\/schema\\\/person\\\/2b19179a8ace334b829ad72cc6e6ce97\"},\"headline\":\"La repercusi\u00f3n de la violencia de g\u00e9nero en ni\u00f1os, ni\u00f1as y adolescentes: un an\u00e1lisis social y psicol\u00f3gico\",\"datePublished\":\"2024-12-29T23:01:47+00:00\",\"mainEntityOfPage\":{\"@id\":\"https:\\\/\\\/www.revistarambla.com\\\/la-repercusion-de-la-violencia-de-genero-en-ninos-ninas-y-adolescentes-un-analisis-social-y-psicologico\\\/\"},\"wordCount\":664,\"publisher\":{\"@id\":\"https:\\\/\\\/www.revistarambla.com\\\/#organization\"},\"image\":{\"@id\":\"https:\\\/\\\/www.revistarambla.com\\\/la-repercusion-de-la-violencia-de-genero-en-ninos-ninas-y-adolescentes-un-analisis-social-y-psicologico\\\/#primaryimage\"},\"thumbnailUrl\":\"https:\\\/\\\/www.revistarambla.com\\\/wp-content\\\/uploads\\\/2024\\\/09\\\/Violencia-domestica-Foto-FASIC.jpg\",\"articleSection\":[\"Opiniones\"],\"inLanguage\":\"en-GB\"},{\"@type\":\"WebPage\",\"@id\":\"https:\\\/\\\/www.revistarambla.com\\\/la-repercusion-de-la-violencia-de-genero-en-ninos-ninas-y-adolescentes-un-analisis-social-y-psicologico\\\/\",\"url\":\"https:\\\/\\\/www.revistarambla.com\\\/la-repercusion-de-la-violencia-de-genero-en-ninos-ninas-y-adolescentes-un-analisis-social-y-psicologico\\\/\",\"name\":\"La repercusi\u00f3n de la violencia de g\u00e9nero en ni\u00f1os, ni\u00f1as y adolescentes: un an\u00e1lisis social y psicol\u00f3gico - Revista Rambla\",\"isPartOf\":{\"@id\":\"https:\\\/\\\/www.revistarambla.com\\\/#website\"},\"primaryImageOfPage\":{\"@id\":\"https:\\\/\\\/www.revistarambla.com\\\/la-repercusion-de-la-violencia-de-genero-en-ninos-ninas-y-adolescentes-un-analisis-social-y-psicologico\\\/#primaryimage\"},\"image\":{\"@id\":\"https:\\\/\\\/www.revistarambla.com\\\/la-repercusion-de-la-violencia-de-genero-en-ninos-ninas-y-adolescentes-un-analisis-social-y-psicologico\\\/#primaryimage\"},\"thumbnailUrl\":\"https:\\\/\\\/www.revistarambla.com\\\/wp-content\\\/uploads\\\/2024\\\/09\\\/Violencia-domestica-Foto-FASIC.jpg\",\"datePublished\":\"2024-12-29T23:01:47+00:00\",\"breadcrumb\":{\"@id\":\"https:\\\/\\\/www.revistarambla.com\\\/la-repercusion-de-la-violencia-de-genero-en-ninos-ninas-y-adolescentes-un-analisis-social-y-psicologico\\\/#breadcrumb\"},\"inLanguage\":\"en-GB\",\"potentialAction\":[{\"@type\":\"ReadAction\",\"target\":[\"https:\\\/\\\/www.revistarambla.com\\\/la-repercusion-de-la-violencia-de-genero-en-ninos-ninas-y-adolescentes-un-analisis-social-y-psicologico\\\/\"]}]},{\"@type\":\"ImageObject\",\"inLanguage\":\"en-GB\",\"@id\":\"https:\\\/\\\/www.revistarambla.com\\\/la-repercusion-de-la-violencia-de-genero-en-ninos-ninas-y-adolescentes-un-analisis-social-y-psicologico\\\/#primaryimage\",\"url\":\"https:\\\/\\\/www.revistarambla.com\\\/wp-content\\\/uploads\\\/2024\\\/09\\\/Violencia-domestica-Foto-FASIC.jpg\",\"contentUrl\":\"https:\\\/\\\/www.revistarambla.com\\\/wp-content\\\/uploads\\\/2024\\\/09\\\/Violencia-domestica-Foto-FASIC.jpg\",\"width\":958,\"height\":596,\"caption\":\"Violencia dom\u00e9stica Foto FASIC\"},{\"@type\":\"BreadcrumbList\",\"@id\":\"https:\\\/\\\/www.revistarambla.com\\\/la-repercusion-de-la-violencia-de-genero-en-ninos-ninas-y-adolescentes-un-analisis-social-y-psicologico\\\/#breadcrumb\",\"itemListElement\":[{\"@type\":\"ListItem\",\"position\":1,\"name\":\"Portada\",\"item\":\"https:\\\/\\\/www.revistarambla.com\\\/\"},{\"@type\":\"ListItem\",\"position\":2,\"name\":\"La repercusi\u00f3n de la violencia de g\u00e9nero en ni\u00f1os, ni\u00f1as y adolescentes: un an\u00e1lisis social y psicol\u00f3gico\"}]},{\"@type\":\"WebSite\",\"@id\":\"https:\\\/\\\/www.revistarambla.com\\\/#website\",\"url\":\"https:\\\/\\\/www.revistarambla.com\\\/\",\"name\":\"Revista Rambla Barcelona\",\"description\":\"Periodismo independiente\",\"publisher\":{\"@id\":\"https:\\\/\\\/www.revistarambla.com\\\/#organization\"},\"potentialAction\":[{\"@type\":\"SearchAction\",\"target\":{\"@type\":\"EntryPoint\",\"urlTemplate\":\"https:\\\/\\\/www.revistarambla.com\\\/?s={search_term_string}\"},\"query-input\":{\"@type\":\"PropertyValueSpecification\",\"valueRequired\":true,\"valueName\":\"search_term_string\"}}],\"inLanguage\":\"en-GB\"},{\"@type\":\"Organization\",\"@id\":\"https:\\\/\\\/www.revistarambla.com\\\/#organization\",\"name\":\"Revista Rambla\",\"url\":\"https:\\\/\\\/www.revistarambla.com\\\/\",\"logo\":{\"@type\":\"ImageObject\",\"inLanguage\":\"en-GB\",\"@id\":\"https:\\\/\\\/www.revistarambla.com\\\/#\\\/schema\\\/logo\\\/image\\\/\",\"url\":\"https:\\\/\\\/www.revistarambla.com\\\/wp-content\\\/uploads\\\/2020\\\/09\\\/banner_rambla_1900x600_BB.png\",\"contentUrl\":\"https:\\\/\\\/www.revistarambla.com\\\/wp-content\\\/uploads\\\/2020\\\/09\\\/banner_rambla_1900x600_BB.png\",\"width\":1900,\"height\":600,\"caption\":\"Revista Rambla\"},\"image\":{\"@id\":\"https:\\\/\\\/www.revistarambla.com\\\/#\\\/schema\\\/logo\\\/image\\\/\"},\"sameAs\":[\"https:\\\/\\\/www.facebook.com\\\/revistarambla\\\/\",\"https:\\\/\\\/x.com\\\/revistarambla\",\"https:\\\/\\\/www.instagram.com\\\/revista_rambla\",\"https:\\\/\\\/es.linkedin.com\\\/company\\\/revista-rambla\"]},{\"@type\":\"Person\",\"@id\":\"https:\\\/\\\/www.revistarambla.com\\\/#\\\/schema\\\/person\\\/2b19179a8ace334b829ad72cc6e6ce97\",\"name\":\"Sara del Peso Ram\u00edrez\"}]}<\/script>\n<!-- \/ Yoast SEO plugin. -->","yoast_head_json":{"title":"La repercusi\u00f3n de la violencia de g\u00e9nero en ni\u00f1os, ni\u00f1as y adolescentes: un an\u00e1lisis social y psicol\u00f3gico - Revista Rambla","robots":{"index":"index","follow":"follow","max-snippet":"max-snippet:-1","max-image-preview":"max-image-preview:large","max-video-preview":"max-video-preview:-1"},"canonical":"https:\/\/www.revistarambla.com\/en\/la-repercusion-de-la-violencia-de-genero-en-ninos-ninas-y-adolescentes-un-analisis-social-y-psicologico\/","og_locale":"en_GB","og_type":"article","og_title":"La repercusi\u00f3n de la violencia de g\u00e9nero en ni\u00f1os, ni\u00f1as y adolescentes: un an\u00e1lisis social y psicol\u00f3gico - Revista Rambla","og_description":"La violencia de g\u00e9nero es un fen\u00f3meno que afecta a millones de personas en todo el mundo, y sus repercusiones son especialmente devastadoras","og_url":"https:\/\/www.revistarambla.com\/en\/la-repercusion-de-la-violencia-de-genero-en-ninos-ninas-y-adolescentes-un-analisis-social-y-psicologico\/","og_site_name":"Revista Rambla","article_publisher":"https:\/\/www.facebook.com\/revistarambla\/","article_published_time":"2024-12-29T23:01:47+00:00","og_image":[{"width":958,"height":596,"url":"https:\/\/www.revistarambla.com\/wp-content\/uploads\/2024\/09\/Violencia-domestica-Foto-FASIC.jpg","type":"image\/jpeg"}],"author":"Sara del Peso Ram\u00edrez","twitter_card":"summary_large_image","twitter_creator":"@revistarambla","twitter_site":"@revistarambla","twitter_misc":{"Written by":"Sara del Peso Ram\u00edrez","Estimated reading time":"3 minutes"},"schema":{"@context":"https:\/\/schema.org","@graph":[{"@type":"Article","@id":"https:\/\/www.revistarambla.com\/la-repercusion-de-la-violencia-de-genero-en-ninos-ninas-y-adolescentes-un-analisis-social-y-psicologico\/#article","isPartOf":{"@id":"https:\/\/www.revistarambla.com\/la-repercusion-de-la-violencia-de-genero-en-ninos-ninas-y-adolescentes-un-analisis-social-y-psicologico\/"},"author":{"name":"Sara del Peso Ram\u00edrez","@id":"https:\/\/www.revistarambla.com\/#\/schema\/person\/2b19179a8ace334b829ad72cc6e6ce97"},"headline":"La repercusi\u00f3n de la violencia de g\u00e9nero en ni\u00f1os, ni\u00f1as y adolescentes: un an\u00e1lisis social y psicol\u00f3gico","datePublished":"2024-12-29T23:01:47+00:00","mainEntityOfPage":{"@id":"https:\/\/www.revistarambla.com\/la-repercusion-de-la-violencia-de-genero-en-ninos-ninas-y-adolescentes-un-analisis-social-y-psicologico\/"},"wordCount":664,"publisher":{"@id":"https:\/\/www.revistarambla.com\/#organization"},"image":{"@id":"https:\/\/www.revistarambla.com\/la-repercusion-de-la-violencia-de-genero-en-ninos-ninas-y-adolescentes-un-analisis-social-y-psicologico\/#primaryimage"},"thumbnailUrl":"https:\/\/www.revistarambla.com\/wp-content\/uploads\/2024\/09\/Violencia-domestica-Foto-FASIC.jpg","articleSection":["Opiniones"],"inLanguage":"en-GB"},{"@type":"WebPage","@id":"https:\/\/www.revistarambla.com\/la-repercusion-de-la-violencia-de-genero-en-ninos-ninas-y-adolescentes-un-analisis-social-y-psicologico\/","url":"https:\/\/www.revistarambla.com\/la-repercusion-de-la-violencia-de-genero-en-ninos-ninas-y-adolescentes-un-analisis-social-y-psicologico\/","name":"La repercusi\u00f3n de la violencia de g\u00e9nero en ni\u00f1os, ni\u00f1as y adolescentes: un an\u00e1lisis social y psicol\u00f3gico - Revista Rambla","isPartOf":{"@id":"https:\/\/www.revistarambla.com\/#website"},"primaryImageOfPage":{"@id":"https:\/\/www.revistarambla.com\/la-repercusion-de-la-violencia-de-genero-en-ninos-ninas-y-adolescentes-un-analisis-social-y-psicologico\/#primaryimage"},"image":{"@id":"https:\/\/www.revistarambla.com\/la-repercusion-de-la-violencia-de-genero-en-ninos-ninas-y-adolescentes-un-analisis-social-y-psicologico\/#primaryimage"},"thumbnailUrl":"https:\/\/www.revistarambla.com\/wp-content\/uploads\/2024\/09\/Violencia-domestica-Foto-FASIC.jpg","datePublished":"2024-12-29T23:01:47+00:00","breadcrumb":{"@id":"https:\/\/www.revistarambla.com\/la-repercusion-de-la-violencia-de-genero-en-ninos-ninas-y-adolescentes-un-analisis-social-y-psicologico\/#breadcrumb"},"inLanguage":"en-GB","potentialAction":[{"@type":"ReadAction","target":["https:\/\/www.revistarambla.com\/la-repercusion-de-la-violencia-de-genero-en-ninos-ninas-y-adolescentes-un-analisis-social-y-psicologico\/"]}]},{"@type":"ImageObject","inLanguage":"en-GB","@id":"https:\/\/www.revistarambla.com\/la-repercusion-de-la-violencia-de-genero-en-ninos-ninas-y-adolescentes-un-analisis-social-y-psicologico\/#primaryimage","url":"https:\/\/www.revistarambla.com\/wp-content\/uploads\/2024\/09\/Violencia-domestica-Foto-FASIC.jpg","contentUrl":"https:\/\/www.revistarambla.com\/wp-content\/uploads\/2024\/09\/Violencia-domestica-Foto-FASIC.jpg","width":958,"height":596,"caption":"Violencia dom\u00e9stica Foto FASIC"},{"@type":"BreadcrumbList","@id":"https:\/\/www.revistarambla.com\/la-repercusion-de-la-violencia-de-genero-en-ninos-ninas-y-adolescentes-un-analisis-social-y-psicologico\/#breadcrumb","itemListElement":[{"@type":"ListItem","position":1,"name":"Portada","item":"https:\/\/www.revistarambla.com\/"},{"@type":"ListItem","position":2,"name":"La repercusi\u00f3n de la violencia de g\u00e9nero en ni\u00f1os, ni\u00f1as y adolescentes: un an\u00e1lisis social y psicol\u00f3gico"}]},{"@type":"WebSite","@id":"https:\/\/www.revistarambla.com\/#website","url":"https:\/\/www.revistarambla.com\/","name":"Revista Rambla Barcelona","description":"Periodismo independiente","publisher":{"@id":"https:\/\/www.revistarambla.com\/#organization"},"potentialAction":[{"@type":"SearchAction","target":{"@type":"EntryPoint","urlTemplate":"https:\/\/www.revistarambla.com\/?s={search_term_string}"},"query-input":{"@type":"PropertyValueSpecification","valueRequired":true,"valueName":"search_term_string"}}],"inLanguage":"en-GB"},{"@type":"Organization","@id":"https:\/\/www.revistarambla.com\/#organization","name":"Revista Rambla","url":"https:\/\/www.revistarambla.com\/","logo":{"@type":"ImageObject","inLanguage":"en-GB","@id":"https:\/\/www.revistarambla.com\/#\/schema\/logo\/image\/","url":"https:\/\/www.revistarambla.com\/wp-content\/uploads\/2020\/09\/banner_rambla_1900x600_BB.png","contentUrl":"https:\/\/www.revistarambla.com\/wp-content\/uploads\/2020\/09\/banner_rambla_1900x600_BB.png","width":1900,"height":600,"caption":"Revista Rambla"},"image":{"@id":"https:\/\/www.revistarambla.com\/#\/schema\/logo\/image\/"},"sameAs":["https:\/\/www.facebook.com\/revistarambla\/","https:\/\/x.com\/revistarambla","https:\/\/www.instagram.com\/revista_rambla","https:\/\/es.linkedin.com\/company\/revista-rambla"]},{"@type":"Person","@id":"https:\/\/www.revistarambla.com\/#\/schema\/person\/2b19179a8ace334b829ad72cc6e6ce97","name":"Sara del Peso Ram\u00edrez"}]}},"_links":{"self":[{"href":"https:\/\/www.revistarambla.com\/en\/wp-json\/wp\/v2\/posts\/63816","targetHints":{"allow":["GET"]}}],"collection":[{"href":"https:\/\/www.revistarambla.com\/en\/wp-json\/wp\/v2\/posts"}],"about":[{"href":"https:\/\/www.revistarambla.com\/en\/wp-json\/wp\/v2\/types\/post"}],"author":[{"embeddable":true,"href":"https:\/\/www.revistarambla.com\/en\/wp-json\/wp\/v2\/users\/15"}],"replies":[{"embeddable":true,"href":"https:\/\/www.revistarambla.com\/en\/wp-json\/wp\/v2\/comments?post=63816"}],"version-history":[{"count":2,"href":"https:\/\/www.revistarambla.com\/en\/wp-json\/wp\/v2\/posts\/63816\/revisions"}],"predecessor-version":[{"id":63819,"href":"https:\/\/www.revistarambla.com\/en\/wp-json\/wp\/v2\/posts\/63816\/revisions\/63819"}],"wp:featuredmedia":[{"embeddable":true,"href":"https:\/\/www.revistarambla.com\/en\/wp-json\/wp\/v2\/media\/62782"}],"wp:attachment":[{"href":"https:\/\/www.revistarambla.com\/en\/wp-json\/wp\/v2\/media?parent=63816"}],"wp:term":[{"taxonomy":"category","embeddable":true,"href":"https:\/\/www.revistarambla.com\/en\/wp-json\/wp\/v2\/categories?post=63816"},{"taxonomy":"post_tag","embeddable":true,"href":"https:\/\/www.revistarambla.com\/en\/wp-json\/wp\/v2\/tags?post=63816"}],"curies":[{"name":"wp","href":"https:\/\/api.w.org\/{rel}","templated":true}]}}