{"id":6381,"date":"2014-11-15T13:22:02","date_gmt":"2014-11-15T13:22:02","guid":{"rendered":"https:\/\/www.revistarambla.com\/guanyem-barcelona-abre-un-nuevo-espacio-para-el-dialogo-directo-con-sus-portavocesn\/"},"modified":"2014-11-15T13:22:02","modified_gmt":"2014-11-15T13:22:02","slug":"guanyem-barcelona-abre-un-nuevo-espacio-para-el-dialogo-directo-con-sus-portavocesn","status":"publish","type":"post","link":"https:\/\/www.revistarambla.com\/en\/guanyem-barcelona-abre-un-nuevo-espacio-para-el-dialogo-directo-con-sus-portavocesn\/","title":{"rendered":"Guanyem Barcelona abre un nuevo espacio para el di\u00e1logo directo con sus portavoces\u00a0"},"content":{"rendered":"<p class=\"p1\"> \t<img decoding=\"async\" class=\"alignleft size-full wp-image-6379\" alt=\"alt\" src=\"https:\/\/www.revistarambla.com\/wp-content\/uploads\/2014\/11\/Guanyem_revRambla01.jpg\" style=\"width: 682px; height: 450px; margin-left: 12px; margin-right: 12px; float: left;\" width=\"682\" height=\"450\" srcset=\"https:\/\/www.revistarambla.com\/wp-content\/uploads\/2014\/11\/Guanyem_revRambla01.jpg 682w, https:\/\/www.revistarambla.com\/wp-content\/uploads\/2014\/11\/Guanyem_revRambla01-300x198.jpg 300w, https:\/\/www.revistarambla.com\/wp-content\/uploads\/2014\/11\/Guanyem_revRambla01-500x330.jpg 500w\" sizes=\"(max-width: 682px) 100vw, 682px\" \/>El\u00a0 16 de <span data-scayt_word=\"noviembre\" data-scaytid=\"365\">noviembre<\/span> Ada <span data-scayt_word=\"Colau\" data-scaytid=\"366\">Colau<\/span>, <span data-scayt_word=\"portavoz\" data-scaytid=\"367\">portavoz<\/span> de <span data-scayt_word=\"Guanyem\" data-scaytid=\"368\">Guanyem<\/span> Barcelona, <span data-scayt_word=\"conversar\u00e1\" data-scaytid=\"380\">conversar\u00e1<\/span> y\u00a0 <span data-scayt_word=\"responder\u00e1\" data-scaytid=\"381\">responder\u00e1<\/span> a <span data-scayt_word=\"las\" data-scaytid=\"370\">las<\/span> <span data-scayt_word=\"preguntas\" data-scaytid=\"371\">preguntas<\/span> de la <span data-scayt_word=\"ciudadan\u00eda\" data-scaytid=\"372\">ciudadan\u00eda<\/span> a <span data-scayt_word=\"trav\u00e9s\" data-scaytid=\"373\">trav\u00e9s<\/span> del canal de\u00a0 <span data-scayt_word=\"AppGree\" data-scaytid=\"374\">AppGree<\/span> de <span data-scayt_word=\"Guanyem\" data-scaytid=\"369\">Guanyem<\/span><\/p>\n<p class=\"p1\"> \t\u00a0<\/p>\n<p class=\"p1\"> \t\u00a0<\/p>\n<p>  <!--more-->  <\/p>\n<p> \t\u00a0<\/p>\n<p class=\"p1\"> \t<img decoding=\"async\" class=\"size-full wp-image-6380\" alt=\"alt\" src=\"https:\/\/www.revistarambla.com\/wp-content\/uploads\/2014\/11\/Guanyem_revRambla02.jpg\" style=\"width: 700px; height: 450px;\" width=\"700\" height=\"450\" srcset=\"https:\/\/www.revistarambla.com\/wp-content\/uploads\/2014\/11\/Guanyem_revRambla02.jpg 700w, https:\/\/www.revistarambla.com\/wp-content\/uploads\/2014\/11\/Guanyem_revRambla02-300x193.jpg 300w, https:\/\/www.revistarambla.com\/wp-content\/uploads\/2014\/11\/Guanyem_revRambla02-500x321.jpg 500w\" sizes=\"(max-width: 700px) 100vw, 700px\" \/><\/p>\n<p class=\"p1\"> \t\u00a0<\/p>\n<p class=\"p1\"> \tEl <span data-scayt_word=\"pr\u00f3ximo\" data-scaytid=\"1\">pr\u00f3ximo<\/span><b> <span data-scayt_word=\"domingo\" data-scaytid=\"2\">domingo<\/span> 16 de <span data-scayt_word=\"noviembre\" data-scaytid=\"3\">noviembre<\/span><\/b>, <b>a <span data-scayt_word=\"las\" data-scaytid=\"4\">las<\/span> 20.00 <span data-scayt_word=\"horas\" data-scaytid=\"5\">horas<\/span><\/b>, <span data-scayt_word=\"Guanyem\" data-scaytid=\"6\">Guanyem<\/span> Barcelona <span data-scayt_word=\"estrena\" data-scaytid=\"8\">estrena<\/span> <span data-scayt_word=\"una\" data-scaytid=\"9\">una<\/span> <span data-scayt_word=\"nueva\" data-scaytid=\"10\">nueva<\/span> <span data-scayt_word=\"modalidad\" data-scaytid=\"11\">modalidad<\/span> de <span data-scayt_word=\"comunicaci\u00f3n\" data-scaytid=\"12\">comunicaci\u00f3n<\/span>, de <span data-scayt_word=\"proximidad\" data-scaytid=\"13\">proximidad<\/span> y de <span data-scayt_word=\"di\u00e1logo\" data-scaytid=\"14\">di\u00e1logo<\/span> <span data-scayt_word=\"entre\" data-scaytid=\"15\">entre<\/span> <span data-scayt_word=\"distintas\" data-scaytid=\"16\">distintas<\/span> personas y <span data-scayt_word=\"grupos\" data-scaytid=\"17\">grupos<\/span> de <span data-scayt_word=\"Guanyem\" data-scaytid=\"7\">Guanyem<\/span> Barcelona y la <span data-scayt_word=\"ciudadan\u00eda\" data-scaytid=\"18\">ciudadan\u00eda<\/span>.\u00a0<\/p>\n<p class=\"p2\"> \t\u00a0<\/p>\n<p class=\"p1\"> \tA <span data-scayt_word=\"trav\u00e9s\" data-scaytid=\"21\">trav\u00e9s<\/span> del canal de <span data-scayt_word=\"AppGree\" data-scaytid=\"22\">AppGree<\/span> <span data-scayt_word=\"que\" data-scaytid=\"23\">que<\/span> <span data-scayt_word=\"Guanyem\" data-scaytid=\"19\">Guanyem<\/span> <span data-scayt_word=\"dispone\" data-scaytid=\"25\">dispone<\/span>, la <span data-scayt_word=\"ciudadan\u00eda\" data-scaytid=\"20\">ciudadan\u00eda<\/span> <span data-scayt_word=\"podr\u00e1\" data-scaytid=\"27\">podr\u00e1<\/span><b> <span data-scayt_word=\"dialogar\" data-scaytid=\"28\">dialogar<\/span> de forma <span data-scayt_word=\"directa\" data-scaytid=\"29\">directa<\/span> con Ada <span data-scayt_word=\"Colau\" data-scaytid=\"30\">Colau<\/span><\/b>, <span data-scayt_word=\"portavoz\" data-scaytid=\"33\">portavoz<\/span> de de la <span data-scayt_word=\"plataforma\" data-scaytid=\"34\">plataforma<\/span>. El <span data-scayt_word=\"objetivo\" data-scaytid=\"35\">objetivo<\/span> de <span data-scayt_word=\"esta\" data-scaytid=\"36\">esta<\/span> <span data-scayt_word=\"nueva\" data-scaytid=\"31\">nueva<\/span> <span data-scayt_word=\"iniciativa\" data-scaytid=\"38\">iniciativa<\/span> <span data-scayt_word=\"es\" data-scaytid=\"39\">es<\/span> <span data-scayt_word=\"crear\" data-scaytid=\"40\">crear<\/span> <span data-scayt_word=\"di\u00e1logos\" data-scaytid=\"41\">di\u00e1logos<\/span>, con <span data-scayt_word=\"preguntas\" data-scaytid=\"42\">preguntas<\/span> y <span data-scayt_word=\"respuestas\" data-scaytid=\"43\">respuestas<\/span> a <span data-scayt_word=\"las\" data-scaytid=\"32\">las<\/span> personas <span data-scayt_word=\"invitadas\" data-scaytid=\"45\">invitadas<\/span> en <span data-scayt_word=\"cada\" data-scaytid=\"46\">cada<\/span> <span data-scayt_word=\"sesi\u00f3n\" data-scaytid=\"47\">sesi\u00f3n<\/span>.<\/p>\n<p class=\"p2\"> \t\u00a0<\/p>\n<p class=\"p1\"> \t#<span data-scayt_word=\"GuanyemDialogant\" data-scaytid=\"57\">GuanyemDialogant<\/span>, <span data-scayt_word=\"que\" data-scaytid=\"48\">que<\/span> <span data-scayt_word=\"es\" data-scaytid=\"49\">es<\/span> <span data-scayt_word=\"como\" data-scaytid=\"61\">como<\/span> se ha <span data-scayt_word=\"denominado\" data-scaytid=\"63\">denominado<\/span> a <span data-scayt_word=\"este\" data-scaytid=\"64\">este<\/span> <span data-scayt_word=\"nuevo\" data-scaytid=\"65\">nuevo<\/span> <span data-scayt_word=\"formato\" data-scaytid=\"66\">formato<\/span>, <span data-scayt_word=\"ser\u00e1\" data-scaytid=\"67\">ser\u00e1<\/span> un <span data-scayt_word=\"espacio\" data-scaytid=\"68\">espacio<\/span> de <span data-scayt_word=\"di\u00e1logo\" data-scaytid=\"51\">di\u00e1logo<\/span> en <span data-scayt_word=\"abierto\" data-scaytid=\"71\">abierto<\/span>, <span data-scayt_word=\"entre\" data-scaytid=\"52\">entre<\/span> <span data-scayt_word=\"ciudadan\u00eda\" data-scaytid=\"53\">ciudadan\u00eda<\/span> y <span data-scayt_word=\"distintas\" data-scaytid=\"54\">distintas<\/span> <span data-scayt_word=\"partes\" data-scaytid=\"75\">partes<\/span> de <span data-scayt_word=\"Guanyem\" data-scaytid=\"55\">Guanyem<\/span>, <span data-scayt_word=\"desde\" data-scaytid=\"77\">desde<\/span> <span data-scayt_word=\"sus\" data-scaytid=\"78\">sus<\/span> <span data-scayt_word=\"portavoces\" data-scaytid=\"80\">portavoces<\/span> a <span data-scayt_word=\"quienes\" data-scaytid=\"81\">quienes<\/span> <span data-scayt_word=\"participan\" data-scaytid=\"82\">participan<\/span> en\u00a0 <span data-scayt_word=\"sus\" data-scaytid=\"79\">sus<\/span> <span data-scayt_word=\"ejes\" data-scaytid=\"83\">ejes<\/span> <span data-scayt_word=\"tem\u00e1ticos\" data-scaytid=\"84\">tem\u00e1ticos<\/span> y <span data-scayt_word=\"comisiones\" data-scaytid=\"85\">comisiones<\/span>. <span data-scayt_word=\"Es\" data-scaytid=\"86\">Es<\/span> un <span data-scayt_word=\"espacio\" data-scaytid=\"69\">espacio<\/span> <span data-scayt_word=\"donde\" data-scaytid=\"87\">donde<\/span> la <span data-scayt_word=\"comunicaci\u00f3n\" data-scaytid=\"56\">comunicaci\u00f3n<\/span> <span data-scayt_word=\"es\" data-scaytid=\"50\">es<\/span> <span data-scayt_word=\"bidireccional\" data-scaytid=\"89\">bidireccional<\/span>, de <span data-scayt_word=\"uno\" data-scaytid=\"90\">uno<\/span> a <span data-scayt_word=\"muchos\" data-scaytid=\"92\">muchos<\/span> <span data-scayt_word=\"como\" data-scaytid=\"62\">como<\/span> de <span data-scayt_word=\"muchos\" data-scaytid=\"93\">muchos<\/span> a <span data-scayt_word=\"uno\" data-scaytid=\"91\">uno<\/span>.\u00a0<\/p>\n<p class=\"p1\"> \t\u00a0<\/p>\n<p class=\"p1\"> \tCon <span data-scayt_word=\"esta\" data-scaytid=\"131\">esta<\/span> <span data-scayt_word=\"nueva\" data-scaytid=\"133\">nueva<\/span> <span data-scayt_word=\"propuesta\" data-scaytid=\"199\">propuesta<\/span> de <span data-scayt_word=\"participaci\u00f3n\" data-scaytid=\"200\">participaci\u00f3n<\/span> <span data-scayt_word=\"Guanyem\" data-scaytid=\"135\">Guanyem<\/span> <span data-scayt_word=\"quiere\" data-scaytid=\"204\">quiere<\/span> <span data-scayt_word=\"ir\" data-scaytid=\"206\">ir<\/span> <span data-scayt_word=\"m\u00e1s\" data-scaytid=\"207\">m\u00e1s<\/span> <span data-scayt_word=\"all\u00e1\" data-scaytid=\"209\">all\u00e1<\/span> de un <span data-scayt_word=\"formato\" data-scaytid=\"137\">formato<\/span> de \u00ab<span data-scayt_word=\"ciudadan\u00eda\" data-scaytid=\"138\">ciudadan\u00eda<\/span> <span data-scayt_word=\"pregunta\" data-scaytid=\"214\">pregunta<\/span> y <span data-scayt_word=\"portavoz\" data-scaytid=\"141\">portavoz<\/span> <span data-scayt_word=\"responde\" data-scaytid=\"216\">responde<\/span>\u00ab. <span data-scayt_word=\"Estamos\" data-scaytid=\"218\">Estamos<\/span> <span data-scayt_word=\"convencidos\" data-scaytid=\"219\">convencidos<\/span> de <span data-scayt_word=\"que\" data-scaytid=\"142\">que<\/span> la <span data-scayt_word=\"ciudadan\u00eda\" data-scaytid=\"139\">ciudadan\u00eda<\/span> <span data-scayt_word=\"quiere\" data-scaytid=\"205\">quiere<\/span> <span data-scayt_word=\"m\u00e1s\" data-scaytid=\"208\">m\u00e1s<\/span> y <span data-scayt_word=\"mejor\" data-scaytid=\"225\">mejor<\/span> <span data-scayt_word=\"democracia\" data-scaytid=\"226\">democracia<\/span>, <span data-scayt_word=\"que\" data-scaytid=\"143\">que<\/span> la <span data-scayt_word=\"democracia\" data-scaytid=\"227\">democracia<\/span> real en el <span data-scayt_word=\"siglo\" data-scaytid=\"228\">siglo<\/span> <span data-scayt_word=\"XXI\" data-scaytid=\"229\">XXI<\/span> <span data-scayt_word=\"pasa\" data-scaytid=\"230\">pasa<\/span> <span data-scayt_word=\"por\" data-scaytid=\"231\">por<\/span> <span data-scayt_word=\"ampliar\" data-scaytid=\"232\">ampliar<\/span> el <span data-scayt_word=\"protagonismo\" data-scaytid=\"233\">protagonismo<\/span>\u00a0 <span data-scayt_word=\"ciudadano\" data-scaytid=\"234\">ciudadano<\/span>, <span data-scayt_word=\"vinculado\" data-scaytid=\"235\">vinculado<\/span> a <span data-scayt_word=\"diversos\" data-scaytid=\"236\">diversos<\/span> y <span data-scayt_word=\"amplios\" data-scaytid=\"237\">amplios<\/span> <span data-scayt_word=\"canales\" data-scaytid=\"238\">canales<\/span> y <span data-scayt_word=\"herramientas\" data-scaytid=\"239\">herramientas<\/span> de <span data-scayt_word=\"participaci\u00f3n\" data-scaytid=\"201\">participaci\u00f3n<\/span>, <span data-scayt_word=\"colaboraci\u00f3n\" data-scaytid=\"240\">colaboraci\u00f3n<\/span>, <span data-scayt_word=\"consulta\" data-scaytid=\"241\">consulta<\/span> y <span data-scayt_word=\"di\u00e1logo\" data-scaytid=\"147\">di\u00e1logo<\/span> <span data-scayt_word=\"entre\" data-scaytid=\"148\">entre<\/span> la <span data-scayt_word=\"ciudadan\u00eda\" data-scaytid=\"140\">ciudadan\u00eda<\/span>, y\u00a0 <span data-scayt_word=\"entre\" data-scaytid=\"149\">entre<\/span> <span data-scayt_word=\"esta\" data-scaytid=\"132\">esta<\/span> y <span data-scayt_word=\"las\" data-scaytid=\"150\">las<\/span> <span data-scayt_word=\"instituciones\" data-scaytid=\"247\">instituciones<\/span>. El <span data-scayt_word=\"uso\" data-scaytid=\"248\">uso<\/span> de <span data-scayt_word=\"AppGree\" data-scaytid=\"152\">AppGree<\/span> en <span data-scayt_word=\"Guanyem\" data-scaytid=\"136\">Guanyem<\/span> Barcelona <span data-scayt_word=\"responde\" data-scaytid=\"217\">responde<\/span> a <span data-scayt_word=\"esa\" data-scaytid=\"250\">esa<\/span> <span data-scayt_word=\"necesidad\" data-scaytid=\"251\">necesidad<\/span>, <span data-scayt_word=\"es\" data-scaytid=\"153\">es<\/span> un <span data-scayt_word=\"paso\" data-scaytid=\"255\">paso<\/span> en <span data-scayt_word=\"ese\" data-scaytid=\"256\">ese<\/span> <span data-scayt_word=\"camino\" data-scaytid=\"257\">camino<\/span>. <span data-scayt_word=\"Aunque\" data-scaytid=\"258\">Aunque<\/span> no <span data-scayt_word=\"ser\u00e1\" data-scaytid=\"156\">ser\u00e1<\/span> la <span data-scayt_word=\"\u00fanica\" data-scaytid=\"260\">\u00fanica<\/span> <span data-scayt_word=\"herramienta\" data-scaytid=\"261\">herramienta<\/span> o canal <span data-scayt_word=\"que\" data-scaytid=\"144\">que<\/span> se <span data-scayt_word=\"abrir\u00e1\" data-scaytid=\"262\">abrir\u00e1<\/span> <span data-scayt_word=\"para\" data-scaytid=\"263\">para<\/span> <span data-scayt_word=\"mostrar\" data-scaytid=\"264\">mostrar<\/span> <span data-scayt_word=\"que\" data-scaytid=\"145\">que<\/span> <span data-scayt_word=\"una\" data-scaytid=\"157\">una<\/span> <span data-scayt_word=\"nueva\" data-scaytid=\"134\">nueva<\/span> <span data-scayt_word=\"pol\u00edtica\" data-scaytid=\"266\">pol\u00edtica<\/span> <span data-scayt_word=\"es\" data-scaytid=\"154\">es<\/span> <span data-scayt_word=\"posible\" data-scaytid=\"267\">posible<\/span> y <span data-scayt_word=\"que\" data-scaytid=\"146\">que<\/span> <span data-scayt_word=\"es\" data-scaytid=\"155\">es<\/span> <span data-scayt_word=\"posible\" data-scaytid=\"268\">posible<\/span> <span data-scayt_word=\"hacer\" data-scaytid=\"269\">hacer<\/span> <span data-scayt_word=\"las\" data-scaytid=\"151\">las<\/span> <span data-scayt_word=\"cosas\" data-scaytid=\"270\">cosas<\/span> de <span data-scayt_word=\"otra\" data-scaytid=\"271\">otra<\/span> <span data-scayt_word=\"manera\" data-scaytid=\"272\">manera<\/span>.<\/p>\n<p class=\"p2\"> \t\u00a0<\/p>\n<p class=\"p1\"> \t<span data-scayt_word=\"AppGree\" data-scaytid=\"547\">AppGree<\/span> <span data-scayt_word=\"es\" data-scaytid=\"537\">es<\/span> <span data-scayt_word=\"una\" data-scaytid=\"548\">una<\/span> <span data-scayt_word=\"herramienta\" data-scaytid=\"549\">herramienta<\/span> de <span data-scayt_word=\"participaci\u00f3n\" data-scaytid=\"550\">participaci\u00f3n<\/span> digital <span data-scayt_word=\"que\" data-scaytid=\"541\">que<\/span> <span data-scayt_word=\"permite\" data-scaytid=\"574\">permite<\/span> <span data-scayt_word=\"crear\" data-scaytid=\"552\">crear<\/span> <span data-scayt_word=\"canales\" data-scaytid=\"553\">canales<\/span> de <span data-scayt_word=\"comunicaci\u00f3n\" data-scaytid=\"554\">comunicaci\u00f3n<\/span>, <span data-scayt_word=\"participaci\u00f3n\" data-scaytid=\"551\">participaci\u00f3n<\/span> y <span data-scayt_word=\"sondeo\" data-scaytid=\"578\">sondeo<\/span> <span data-scayt_word=\"para\" data-scaytid=\"555\">para<\/span> la <span data-scayt_word=\"comunidad\" data-scaytid=\"580\">comunidad<\/span> de personas <span data-scayt_word=\"interesadas\" data-scaytid=\"581\">interesadas<\/span> en <span data-scayt_word=\"Guanyem\" data-scaytid=\"556\">Guanyem<\/span> Barcelona.<\/p>\n<p class=\"p2\"> \t\u00a0<\/p>\n<p class=\"p1\"> \t<span data-scayt_word=\"Esta\" data-scaytid=\"593\">Esta<\/span> <span data-scayt_word=\"herramienta\" data-scaytid=\"583\">herramienta<\/span> (y <span data-scayt_word=\"otras\" data-scaytid=\"595\">otras<\/span> <span data-scayt_word=\"que\" data-scaytid=\"584\">que<\/span> se <span data-scayt_word=\"presentar\u00e1n\" data-scaytid=\"598\">presentar\u00e1n<\/span> <span data-scayt_word=\"m\u00e1s\" data-scaytid=\"586\">m\u00e1s<\/span> <span data-scayt_word=\"adelante\" data-scaytid=\"600\">adelante<\/span>) <span data-scayt_word=\"complementar\u00e1\" data-scaytid=\"601\">complementar\u00e1<\/span> el <span data-scayt_word=\"trabajo\" data-scaytid=\"602\">trabajo<\/span> <span data-scayt_word=\"que\" data-scaytid=\"585\">que<\/span> se <span data-scayt_word=\"est\u00e1\" data-scaytid=\"604\">est\u00e1<\/span> <span data-scayt_word=\"haciendo\" data-scaytid=\"605\">haciendo<\/span> en <span data-scayt_word=\"otros\" data-scaytid=\"606\">otros<\/span> <span data-scayt_word=\"espacios\" data-scaytid=\"607\">espacios<\/span> de <span data-scayt_word=\"participaci\u00f3n\" data-scaytid=\"587\">participaci\u00f3n<\/span>, en los barrios y <span data-scayt_word=\"desde\" data-scaytid=\"588\">desde<\/span> <span data-scayt_word=\"las\" data-scaytid=\"589\">las<\/span>\u00a0 <span data-scayt_word=\"comisiones\" data-scaytid=\"590\">comisiones<\/span> de <span data-scayt_word=\"trabajo\" data-scaytid=\"603\">trabajo<\/span>. El <span data-scayt_word=\"estreno\" data-scaytid=\"612\">estreno<\/span> del canal\u00a0 de\u00a0 <span data-scayt_word=\"Guanyem\" data-scaytid=\"591\">Guanyem<\/span> Barcelona en <span data-scayt_word=\"AppGree\" data-scaytid=\"592\">AppGree<\/span> se <span data-scayt_word=\"realiz\u00f3\" data-scaytid=\"615\">realiz\u00f3<\/span> el <span data-scayt_word=\"pasado\" data-scaytid=\"616\">pasado<\/span> 16 de <span data-scayt_word=\"septiembre\" data-scaytid=\"617\">septiembre<\/span> con <span data-scayt_word=\"motivo\" data-scaytid=\"618\">motivo<\/span> del <span data-scayt_word=\"acto\" data-scaytid=\"619\">acto<\/span> <i><span data-scayt_word=\"Ara\" data-scaytid=\"620\">Ara<\/span> <span data-scayt_word=\"toca\" data-scaytid=\"621\">toca<\/span> <span data-scayt_word=\"Guanya\" data-scaytid=\"622\">Guanya<\/span><\/i>r. A <span data-scayt_word=\"d\u00eda\" data-scaytid=\"626\">d\u00eda<\/span> de <span data-scayt_word=\"hoy\" data-scaytid=\"627\">hoy<\/span> <b><span data-scayt_word=\"m\u00e1s\" data-scaytid=\"623\">m\u00e1s<\/span> de 2.500 <span data-scayt_word=\"peronas\" data-scaytid=\"629\">peronas<\/span><\/b> se <span data-scayt_word=\"han\" data-scaytid=\"630\">han<\/span> dado de <span data-scayt_word=\"alta\" data-scaytid=\"631\">alta<\/span> en el canal de <span data-scayt_word=\"AppGree\" data-scaytid=\"624\">AppGree<\/span> de <span data-scayt_word=\"Guanyem\" data-scaytid=\"625\">Guanyem<\/span> Barcelona.<\/p>","protected":false},"excerpt":{"rendered":"<p>El\u00a0 16 de noviembre Ada Colau, portavoz de Guanyem Barcelona, conversar\u00e1 y\u00a0 responder\u00e1 a las preguntas de la ciudadan\u00eda a trav\u00e9s del canal de\u00a0 AppGree de Guanyem \u00a0 \u00a0<\/p>","protected":false},"author":1,"featured_media":0,"comment_status":"open","ping_status":"open","sticky":false,"template":"","format":"standard","meta":{"footnotes":""},"categories":[76],"tags":[],"class_list":["post-6381","post","type-post","status-publish","format-standard","hentry","category-barcelona"],"yoast_head":"<!-- This site is optimized with the Yoast SEO plugin v27.5 - https:\/\/yoast.com\/product\/yoast-seo-wordpress\/ -->\n<title>Guanyem Barcelona abre un nuevo espacio para el di\u00e1logo directo con sus portavoces\u00a0 - Revista Rambla<\/title>\n<meta name=\"robots\" content=\"index, follow, max-snippet:-1, max-image-preview:large, max-video-preview:-1\" \/>\n<link rel=\"canonical\" href=\"https:\/\/www.revistarambla.com\/en\/guanyem-barcelona-abre-un-nuevo-espacio-para-el-dialogo-directo-con-sus-portavocesn\/\" \/>\n<meta property=\"og:locale\" content=\"en_GB\" \/>\n<meta property=\"og:type\" content=\"article\" \/>\n<meta property=\"og:title\" content=\"Guanyem Barcelona abre un nuevo espacio para el di\u00e1logo directo con sus portavoces\u00a0 - Revista Rambla\" \/>\n<meta property=\"og:description\" content=\"El\u00a0 16 de noviembre Ada Colau, portavoz de Guanyem Barcelona, conversar\u00e1 y\u00a0 responder\u00e1 a las preguntas de la ciudadan\u00eda a trav\u00e9s del canal de\u00a0 AppGree de Guanyem \u00a0 \u00a0\" \/>\n<meta property=\"og:url\" content=\"https:\/\/www.revistarambla.com\/en\/guanyem-barcelona-abre-un-nuevo-espacio-para-el-dialogo-directo-con-sus-portavocesn\/\" \/>\n<meta property=\"og:site_name\" content=\"Revista Rambla\" \/>\n<meta property=\"article:publisher\" content=\"https:\/\/www.facebook.com\/revistarambla\/\" \/>\n<meta property=\"article:published_time\" content=\"2014-11-15T13:22:02+00:00\" \/>\n<meta property=\"og:image\" content=\"https:\/\/i1.wp.com\/www.revistarambla.com\/wp-content\/uploads\/2014\/11\/Guanyem_revRambla01.jpg?fit=682%2C450&ssl=1\" \/>\n\t<meta property=\"og:image:width\" content=\"682\" \/>\n\t<meta property=\"og:image:height\" content=\"450\" \/>\n\t<meta property=\"og:image:type\" content=\"image\/jpeg\" \/>\n<meta name=\"author\" content=\"admin\" \/>\n<meta name=\"twitter:card\" content=\"summary_large_image\" \/>\n<meta name=\"twitter:creator\" content=\"@revistarambla\" \/>\n<meta name=\"twitter:site\" content=\"@revistarambla\" \/>\n<meta name=\"twitter:label1\" content=\"Written by\" \/>\n\t<meta name=\"twitter:data1\" content=\"admin\" \/>\n\t<meta name=\"twitter:label2\" content=\"Estimated reading time\" \/>\n\t<meta name=\"twitter:data2\" content=\"2 minutes\" \/>\n<script type=\"application\/ld+json\" class=\"yoast-schema-graph\">{\"@context\":\"https:\\\/\\\/schema.org\",\"@graph\":[{\"@type\":\"Article\",\"@id\":\"https:\\\/\\\/www.revistarambla.com\\\/guanyem-barcelona-abre-un-nuevo-espacio-para-el-dialogo-directo-con-sus-portavocesn\\\/#article\",\"isPartOf\":{\"@id\":\"https:\\\/\\\/www.revistarambla.com\\\/guanyem-barcelona-abre-un-nuevo-espacio-para-el-dialogo-directo-con-sus-portavocesn\\\/\"},\"author\":{\"name\":\"admin\",\"@id\":\"https:\\\/\\\/www.revistarambla.com\\\/#\\\/schema\\\/person\\\/4a5652fc8c82df1f8593002d038cd79e\"},\"headline\":\"Guanyem Barcelona abre un nuevo espacio para el di\u00e1logo directo con sus portavoces\u00a0\",\"datePublished\":\"2014-11-15T13:22:02+00:00\",\"mainEntityOfPage\":{\"@id\":\"https:\\\/\\\/www.revistarambla.com\\\/guanyem-barcelona-abre-un-nuevo-espacio-para-el-dialogo-directo-con-sus-portavocesn\\\/\"},\"wordCount\":414,\"commentCount\":0,\"publisher\":{\"@id\":\"https:\\\/\\\/www.revistarambla.com\\\/#organization\"},\"image\":{\"@id\":\"https:\\\/\\\/www.revistarambla.com\\\/guanyem-barcelona-abre-un-nuevo-espacio-para-el-dialogo-directo-con-sus-portavocesn\\\/#primaryimage\"},\"thumbnailUrl\":\"https:\\\/\\\/www.revistarambla.com\\\/wp-content\\\/uploads\\\/2014\\\/11\\\/Guanyem_revRambla01.jpg\",\"articleSection\":[\"Barcelona\"],\"inLanguage\":\"en-GB\",\"potentialAction\":[{\"@type\":\"CommentAction\",\"name\":\"Comment\",\"target\":[\"https:\\\/\\\/www.revistarambla.com\\\/guanyem-barcelona-abre-un-nuevo-espacio-para-el-dialogo-directo-con-sus-portavocesn\\\/#respond\"]}]},{\"@type\":\"WebPage\",\"@id\":\"https:\\\/\\\/www.revistarambla.com\\\/guanyem-barcelona-abre-un-nuevo-espacio-para-el-dialogo-directo-con-sus-portavocesn\\\/\",\"url\":\"https:\\\/\\\/www.revistarambla.com\\\/guanyem-barcelona-abre-un-nuevo-espacio-para-el-dialogo-directo-con-sus-portavocesn\\\/\",\"name\":\"Guanyem Barcelona abre un nuevo espacio para el di\u00e1logo directo con sus portavoces\u00a0 - Revista Rambla\",\"isPartOf\":{\"@id\":\"https:\\\/\\\/www.revistarambla.com\\\/#website\"},\"primaryImageOfPage\":{\"@id\":\"https:\\\/\\\/www.revistarambla.com\\\/guanyem-barcelona-abre-un-nuevo-espacio-para-el-dialogo-directo-con-sus-portavocesn\\\/#primaryimage\"},\"image\":{\"@id\":\"https:\\\/\\\/www.revistarambla.com\\\/guanyem-barcelona-abre-un-nuevo-espacio-para-el-dialogo-directo-con-sus-portavocesn\\\/#primaryimage\"},\"thumbnailUrl\":\"https:\\\/\\\/www.revistarambla.com\\\/wp-content\\\/uploads\\\/2014\\\/11\\\/Guanyem_revRambla01.jpg\",\"datePublished\":\"2014-11-15T13:22:02+00:00\",\"breadcrumb\":{\"@id\":\"https:\\\/\\\/www.revistarambla.com\\\/guanyem-barcelona-abre-un-nuevo-espacio-para-el-dialogo-directo-con-sus-portavocesn\\\/#breadcrumb\"},\"inLanguage\":\"en-GB\",\"potentialAction\":[{\"@type\":\"ReadAction\",\"target\":[\"https:\\\/\\\/www.revistarambla.com\\\/guanyem-barcelona-abre-un-nuevo-espacio-para-el-dialogo-directo-con-sus-portavocesn\\\/\"]}]},{\"@type\":\"ImageObject\",\"inLanguage\":\"en-GB\",\"@id\":\"https:\\\/\\\/www.revistarambla.com\\\/guanyem-barcelona-abre-un-nuevo-espacio-para-el-dialogo-directo-con-sus-portavocesn\\\/#primaryimage\",\"url\":\"https:\\\/\\\/www.revistarambla.com\\\/wp-content\\\/uploads\\\/2014\\\/11\\\/Guanyem_revRambla01.jpg\",\"contentUrl\":\"https:\\\/\\\/www.revistarambla.com\\\/wp-content\\\/uploads\\\/2014\\\/11\\\/Guanyem_revRambla01.jpg\"},{\"@type\":\"BreadcrumbList\",\"@id\":\"https:\\\/\\\/www.revistarambla.com\\\/guanyem-barcelona-abre-un-nuevo-espacio-para-el-dialogo-directo-con-sus-portavocesn\\\/#breadcrumb\",\"itemListElement\":[{\"@type\":\"ListItem\",\"position\":1,\"name\":\"Portada\",\"item\":\"https:\\\/\\\/www.revistarambla.com\\\/\"},{\"@type\":\"ListItem\",\"position\":2,\"name\":\"Guanyem Barcelona abre un nuevo espacio para el di\u00e1logo directo con sus portavoces\u00a0\"}]},{\"@type\":\"WebSite\",\"@id\":\"https:\\\/\\\/www.revistarambla.com\\\/#website\",\"url\":\"https:\\\/\\\/www.revistarambla.com\\\/\",\"name\":\"Revista Rambla Barcelona\",\"description\":\"Periodismo independiente\",\"publisher\":{\"@id\":\"https:\\\/\\\/www.revistarambla.com\\\/#organization\"},\"potentialAction\":[{\"@type\":\"SearchAction\",\"target\":{\"@type\":\"EntryPoint\",\"urlTemplate\":\"https:\\\/\\\/www.revistarambla.com\\\/?s={search_term_string}\"},\"query-input\":{\"@type\":\"PropertyValueSpecification\",\"valueRequired\":true,\"valueName\":\"search_term_string\"}}],\"inLanguage\":\"en-GB\"},{\"@type\":\"Organization\",\"@id\":\"https:\\\/\\\/www.revistarambla.com\\\/#organization\",\"name\":\"Revista Rambla\",\"url\":\"https:\\\/\\\/www.revistarambla.com\\\/\",\"logo\":{\"@type\":\"ImageObject\",\"inLanguage\":\"en-GB\",\"@id\":\"https:\\\/\\\/www.revistarambla.com\\\/#\\\/schema\\\/logo\\\/image\\\/\",\"url\":\"https:\\\/\\\/www.revistarambla.com\\\/wp-content\\\/uploads\\\/2020\\\/09\\\/banner_rambla_1900x600_BB.png\",\"contentUrl\":\"https:\\\/\\\/www.revistarambla.com\\\/wp-content\\\/uploads\\\/2020\\\/09\\\/banner_rambla_1900x600_BB.png\",\"width\":1900,\"height\":600,\"caption\":\"Revista Rambla\"},\"image\":{\"@id\":\"https:\\\/\\\/www.revistarambla.com\\\/#\\\/schema\\\/logo\\\/image\\\/\"},\"sameAs\":[\"https:\\\/\\\/www.facebook.com\\\/revistarambla\\\/\",\"https:\\\/\\\/x.com\\\/revistarambla\",\"https:\\\/\\\/www.instagram.com\\\/revista_rambla\",\"https:\\\/\\\/es.linkedin.com\\\/company\\\/revista-rambla\"]},{\"@type\":\"Person\",\"@id\":\"https:\\\/\\\/www.revistarambla.com\\\/#\\\/schema\\\/person\\\/4a5652fc8c82df1f8593002d038cd79e\",\"name\":\"admin\"}]}<\/script>\n<!-- \/ Yoast SEO plugin. -->","yoast_head_json":{"title":"Guanyem Barcelona abre un nuevo espacio para el di\u00e1logo directo con sus portavoces\u00a0 - Revista Rambla","robots":{"index":"index","follow":"follow","max-snippet":"max-snippet:-1","max-image-preview":"max-image-preview:large","max-video-preview":"max-video-preview:-1"},"canonical":"https:\/\/www.revistarambla.com\/en\/guanyem-barcelona-abre-un-nuevo-espacio-para-el-dialogo-directo-con-sus-portavocesn\/","og_locale":"en_GB","og_type":"article","og_title":"Guanyem Barcelona abre un nuevo espacio para el di\u00e1logo directo con sus portavoces\u00a0 - Revista Rambla","og_description":"El\u00a0 16 de noviembre Ada Colau, portavoz de Guanyem Barcelona, conversar\u00e1 y\u00a0 responder\u00e1 a las preguntas de la ciudadan\u00eda a trav\u00e9s del canal de\u00a0 AppGree de Guanyem \u00a0 \u00a0","og_url":"https:\/\/www.revistarambla.com\/en\/guanyem-barcelona-abre-un-nuevo-espacio-para-el-dialogo-directo-con-sus-portavocesn\/","og_site_name":"Revista Rambla","article_publisher":"https:\/\/www.facebook.com\/revistarambla\/","article_published_time":"2014-11-15T13:22:02+00:00","og_image":[{"width":682,"height":450,"url":"https:\/\/i1.wp.com\/www.revistarambla.com\/wp-content\/uploads\/2014\/11\/Guanyem_revRambla01.jpg?fit=682%2C450&ssl=1","type":"image\/jpeg"}],"author":"admin","twitter_card":"summary_large_image","twitter_creator":"@revistarambla","twitter_site":"@revistarambla","twitter_misc":{"Written by":"admin","Estimated reading time":"2 minutes"},"schema":{"@context":"https:\/\/schema.org","@graph":[{"@type":"Article","@id":"https:\/\/www.revistarambla.com\/guanyem-barcelona-abre-un-nuevo-espacio-para-el-dialogo-directo-con-sus-portavocesn\/#article","isPartOf":{"@id":"https:\/\/www.revistarambla.com\/guanyem-barcelona-abre-un-nuevo-espacio-para-el-dialogo-directo-con-sus-portavocesn\/"},"author":{"name":"admin","@id":"https:\/\/www.revistarambla.com\/#\/schema\/person\/4a5652fc8c82df1f8593002d038cd79e"},"headline":"Guanyem Barcelona abre un nuevo espacio para el di\u00e1logo directo con sus portavoces\u00a0","datePublished":"2014-11-15T13:22:02+00:00","mainEntityOfPage":{"@id":"https:\/\/www.revistarambla.com\/guanyem-barcelona-abre-un-nuevo-espacio-para-el-dialogo-directo-con-sus-portavocesn\/"},"wordCount":414,"commentCount":0,"publisher":{"@id":"https:\/\/www.revistarambla.com\/#organization"},"image":{"@id":"https:\/\/www.revistarambla.com\/guanyem-barcelona-abre-un-nuevo-espacio-para-el-dialogo-directo-con-sus-portavocesn\/#primaryimage"},"thumbnailUrl":"https:\/\/www.revistarambla.com\/wp-content\/uploads\/2014\/11\/Guanyem_revRambla01.jpg","articleSection":["Barcelona"],"inLanguage":"en-GB","potentialAction":[{"@type":"CommentAction","name":"Comment","target":["https:\/\/www.revistarambla.com\/guanyem-barcelona-abre-un-nuevo-espacio-para-el-dialogo-directo-con-sus-portavocesn\/#respond"]}]},{"@type":"WebPage","@id":"https:\/\/www.revistarambla.com\/guanyem-barcelona-abre-un-nuevo-espacio-para-el-dialogo-directo-con-sus-portavocesn\/","url":"https:\/\/www.revistarambla.com\/guanyem-barcelona-abre-un-nuevo-espacio-para-el-dialogo-directo-con-sus-portavocesn\/","name":"Guanyem Barcelona abre un nuevo espacio para el di\u00e1logo directo con sus portavoces\u00a0 - Revista Rambla","isPartOf":{"@id":"https:\/\/www.revistarambla.com\/#website"},"primaryImageOfPage":{"@id":"https:\/\/www.revistarambla.com\/guanyem-barcelona-abre-un-nuevo-espacio-para-el-dialogo-directo-con-sus-portavocesn\/#primaryimage"},"image":{"@id":"https:\/\/www.revistarambla.com\/guanyem-barcelona-abre-un-nuevo-espacio-para-el-dialogo-directo-con-sus-portavocesn\/#primaryimage"},"thumbnailUrl":"https:\/\/www.revistarambla.com\/wp-content\/uploads\/2014\/11\/Guanyem_revRambla01.jpg","datePublished":"2014-11-15T13:22:02+00:00","breadcrumb":{"@id":"https:\/\/www.revistarambla.com\/guanyem-barcelona-abre-un-nuevo-espacio-para-el-dialogo-directo-con-sus-portavocesn\/#breadcrumb"},"inLanguage":"en-GB","potentialAction":[{"@type":"ReadAction","target":["https:\/\/www.revistarambla.com\/guanyem-barcelona-abre-un-nuevo-espacio-para-el-dialogo-directo-con-sus-portavocesn\/"]}]},{"@type":"ImageObject","inLanguage":"en-GB","@id":"https:\/\/www.revistarambla.com\/guanyem-barcelona-abre-un-nuevo-espacio-para-el-dialogo-directo-con-sus-portavocesn\/#primaryimage","url":"https:\/\/www.revistarambla.com\/wp-content\/uploads\/2014\/11\/Guanyem_revRambla01.jpg","contentUrl":"https:\/\/www.revistarambla.com\/wp-content\/uploads\/2014\/11\/Guanyem_revRambla01.jpg"},{"@type":"BreadcrumbList","@id":"https:\/\/www.revistarambla.com\/guanyem-barcelona-abre-un-nuevo-espacio-para-el-dialogo-directo-con-sus-portavocesn\/#breadcrumb","itemListElement":[{"@type":"ListItem","position":1,"name":"Portada","item":"https:\/\/www.revistarambla.com\/"},{"@type":"ListItem","position":2,"name":"Guanyem Barcelona abre un nuevo espacio para el di\u00e1logo directo con sus portavoces\u00a0"}]},{"@type":"WebSite","@id":"https:\/\/www.revistarambla.com\/#website","url":"https:\/\/www.revistarambla.com\/","name":"Revista Rambla Barcelona","description":"Periodismo independiente","publisher":{"@id":"https:\/\/www.revistarambla.com\/#organization"},"potentialAction":[{"@type":"SearchAction","target":{"@type":"EntryPoint","urlTemplate":"https:\/\/www.revistarambla.com\/?s={search_term_string}"},"query-input":{"@type":"PropertyValueSpecification","valueRequired":true,"valueName":"search_term_string"}}],"inLanguage":"en-GB"},{"@type":"Organization","@id":"https:\/\/www.revistarambla.com\/#organization","name":"Revista Rambla","url":"https:\/\/www.revistarambla.com\/","logo":{"@type":"ImageObject","inLanguage":"en-GB","@id":"https:\/\/www.revistarambla.com\/#\/schema\/logo\/image\/","url":"https:\/\/www.revistarambla.com\/wp-content\/uploads\/2020\/09\/banner_rambla_1900x600_BB.png","contentUrl":"https:\/\/www.revistarambla.com\/wp-content\/uploads\/2020\/09\/banner_rambla_1900x600_BB.png","width":1900,"height":600,"caption":"Revista Rambla"},"image":{"@id":"https:\/\/www.revistarambla.com\/#\/schema\/logo\/image\/"},"sameAs":["https:\/\/www.facebook.com\/revistarambla\/","https:\/\/x.com\/revistarambla","https:\/\/www.instagram.com\/revista_rambla","https:\/\/es.linkedin.com\/company\/revista-rambla"]},{"@type":"Person","@id":"https:\/\/www.revistarambla.com\/#\/schema\/person\/4a5652fc8c82df1f8593002d038cd79e","name":"admin"}]}},"_links":{"self":[{"href":"https:\/\/www.revistarambla.com\/en\/wp-json\/wp\/v2\/posts\/6381","targetHints":{"allow":["GET"]}}],"collection":[{"href":"https:\/\/www.revistarambla.com\/en\/wp-json\/wp\/v2\/posts"}],"about":[{"href":"https:\/\/www.revistarambla.com\/en\/wp-json\/wp\/v2\/types\/post"}],"author":[{"embeddable":true,"href":"https:\/\/www.revistarambla.com\/en\/wp-json\/wp\/v2\/users\/1"}],"replies":[{"embeddable":true,"href":"https:\/\/www.revistarambla.com\/en\/wp-json\/wp\/v2\/comments?post=6381"}],"version-history":[{"count":0,"href":"https:\/\/www.revistarambla.com\/en\/wp-json\/wp\/v2\/posts\/6381\/revisions"}],"wp:attachment":[{"href":"https:\/\/www.revistarambla.com\/en\/wp-json\/wp\/v2\/media?parent=6381"}],"wp:term":[{"taxonomy":"category","embeddable":true,"href":"https:\/\/www.revistarambla.com\/en\/wp-json\/wp\/v2\/categories?post=6381"},{"taxonomy":"post_tag","embeddable":true,"href":"https:\/\/www.revistarambla.com\/en\/wp-json\/wp\/v2\/tags?post=6381"}],"curies":[{"name":"wp","href":"https:\/\/api.w.org\/{rel}","templated":true}]}}