{"id":6377,"date":"2014-11-15T09:12:13","date_gmt":"2014-11-15T09:12:13","guid":{"rendered":"https:\/\/www.revistarambla.com\/gerardo-pisarello-el-desafio-es-doble-conseguir-un-referendum-y-sacar-del-poder-a-los-conservadores-de-catalunya-y-espana\/"},"modified":"2014-11-15T09:12:13","modified_gmt":"2014-11-15T09:12:13","slug":"gerardo-pisarello-el-desafio-es-doble-conseguir-un-referendum-y-sacar-del-poder-a-los-conservadores-de-catalunya-y-espana","status":"publish","type":"post","link":"https:\/\/www.revistarambla.com\/en\/gerardo-pisarello-el-desafio-es-doble-conseguir-un-referendum-y-sacar-del-poder-a-los-conservadores-de-catalunya-y-espana\/","title":{"rendered":"Gerardo Pisarello: \u201cEl desaf\u00edo es doble: conseguir un refer\u00e9ndum y sacar del poder a los conservadores de Catalunya y Espa\u00f1a\u201d"},"content":{"rendered":"<p class=\"p1\"> \t<img decoding=\"async\" class=\"alignleft size-full wp-image-6376\" alt=\"alt\" src=\"https:\/\/www.revistarambla.com\/wp-content\/uploads\/2014\/11\/Pisarello_revRambla_01.jpg\" style=\"width: 682px; height: 450px; margin-left: 12px; margin-right: 12px; float: left;\" width=\"682\" height=\"450\" srcset=\"https:\/\/www.revistarambla.com\/wp-content\/uploads\/2014\/11\/Pisarello_revRambla_01.jpg 682w, https:\/\/www.revistarambla.com\/wp-content\/uploads\/2014\/11\/Pisarello_revRambla_01-300x198.jpg 300w, https:\/\/www.revistarambla.com\/wp-content\/uploads\/2014\/11\/Pisarello_revRambla_01-500x330.jpg 500w\" sizes=\"(max-width: 682px) 100vw, 682px\" \/>El <span data-scayt_word=\"profesor\" data-scaytid=\"1\">profesor<\/span> y <span data-scayt_word=\"portavoz\" data-scaytid=\"2\">portavoz<\/span> de la <span data-scayt_word=\"Plataforma\" data-scaytid=\"3\">Plataforma<\/span> <span data-scayt_word=\"Guanyem\" data-scaytid=\"4\">Guanyem<\/span> <span data-scayt_word=\"analiza\" data-scaytid=\"5\">analiza<\/span> los <span data-scayt_word=\"pasos\" data-scaytid=\"6\">pasos<\/span> a <span data-scayt_word=\"seguir\" data-scaytid=\"7\">seguir<\/span> en el <span data-scayt_word=\"proceso\" data-scaytid=\"8\">proceso<\/span> <span data-scayt_word=\"soberanista\" data-scaytid=\"9\">soberanista<\/span>, <span data-scayt_word=\"tras\" data-scaytid=\"10\">tras<\/span> la <span data-scayt_word=\"consulta\" data-scaytid=\"11\">consulta<\/span> del <span data-scayt_word=\"domingo\" data-scaytid=\"12\">domingo<\/span> y el interminable &ldquo;ping pong&rdquo; <span data-scayt_word=\"pol\u00edtico\" data-scaytid=\"13\">pol\u00edtico<\/span> <span data-scayt_word=\"entre\" data-scaytid=\"14\">entre<\/span> <span data-scayt_word=\"Rajoy\" data-scaytid=\"15\">Rajoy<\/span> y <span data-scayt_word=\"Mas\" data-scaytid=\"16\">Mas<\/span>.<\/p>\n<p class=\"p1\"> \t\u00a0<\/p>\n<p class=\"p1\"> \t\u00a0<\/p>\n<p>  <!--more-->  <\/p>\n<p> \t\u00a0<\/p>\n<p class=\"p1\"> \t<span data-scayt_word=\"Profesor\" data-scaytid=\"31\">Profesor<\/span> de <span data-scayt_word=\"Derecho\" data-scaytid=\"32\">Derecho<\/span> <span data-scayt_word=\"Constitucional\" data-scaytid=\"33\">Constitucional<\/span> en la Universidad de Barcelona, <span data-scayt_word=\"analista\" data-scaytid=\"34\">analista<\/span> en <span data-scayt_word=\"diferentes\" data-scaytid=\"35\">diferentes<\/span> <span data-scayt_word=\"medios\" data-scaytid=\"36\">medios<\/span> y <span data-scayt_word=\"portavoz\" data-scaytid=\"17\">portavoz<\/span> de la <span data-scayt_word=\"Plataforma\" data-scaytid=\"18\">Plataforma<\/span> <span data-scayt_word=\"Guanyem\" data-scaytid=\"19\">Guanyem<\/span>&#8211; <span data-scayt_word=\"partido\" data-scaytid=\"42\">partido<\/span> <span data-scayt_word=\"que\" data-scaytid=\"43\">que<\/span> <span data-scayt_word=\"busca\" data-scaytid=\"46\">busca<\/span> <span data-scayt_word=\"una\" data-scaytid=\"47\">una<\/span> <span data-scayt_word=\"profunda\" data-scaytid=\"52\">profunda<\/span> <span data-scayt_word=\"renovaci\u00f3n\" data-scaytid=\"53\">renovaci\u00f3n<\/span> <span data-scayt_word=\"democr\u00e1tica\" data-scaytid=\"54\">democr\u00e1tica<\/span> en Barcelona-, Gerardo <span data-scayt_word=\"Pisarello\" data-scaytid=\"55\">Pisarello<\/span> <span data-scayt_word=\"analiza\" data-scaytid=\"22\">analiza<\/span> <span data-scayt_word=\"las\" data-scaytid=\"59\">las<\/span> <span data-scayt_word=\"claves\" data-scaytid=\"62\">claves<\/span> del <span data-scayt_word=\"proceso\" data-scaytid=\"23\">proceso<\/span> <span data-scayt_word=\"soberanista\" data-scaytid=\"25\">soberanista<\/span> <span data-scayt_word=\"tras\" data-scaytid=\"26\">tras<\/span> la <span data-scayt_word=\"consulta\" data-scaytid=\"27\">consulta<\/span> del 9-N. Su <span data-scayt_word=\"agrupaci\u00f3n\" data-scaytid=\"69\">agrupaci\u00f3n<\/span>&#8211; <span data-scayt_word=\"si\" data-scaytid=\"70\">si<\/span> <span data-scayt_word=\"bien\" data-scaytid=\"71\">bien<\/span> no se <span data-scayt_word=\"posiciona\" data-scaytid=\"72\">posiciona<\/span> con <span data-scayt_word=\"respecto\" data-scaytid=\"73\">respecto<\/span> a la <span data-scayt_word=\"independencia\" data-scaytid=\"74\">independencia<\/span> <span data-scayt_word=\"porque\" data-scaytid=\"75\">porque<\/span> <span data-scayt_word=\"es\" data-scaytid=\"77\">es<\/span> <span data-scayt_word=\"una\" data-scaytid=\"48\">una<\/span> <span data-scayt_word=\"candidatura\" data-scaytid=\"80\">candidatura<\/span> <span data-scayt_word=\"municipalista\" data-scaytid=\"81\">municipalista<\/span> <span data-scayt_word=\"cuyos\" data-scaytid=\"82\">cuyos<\/span> <span data-scayt_word=\"integrantes\" data-scaytid=\"83\">integrantes<\/span>, <span data-scayt_word=\"adem\u00e1s\" data-scaytid=\"84\">adem\u00e1s<\/span>, <span data-scayt_word=\"provienen\" data-scaytid=\"86\">provienen<\/span> de <span data-scayt_word=\"muy\" data-scaytid=\"87\">muy<\/span> <span data-scayt_word=\"diversas\" data-scaytid=\"89\">diversas<\/span> <span data-scayt_word=\"tradiciones\" data-scaytid=\"90\">tradiciones<\/span>&#8211; <span data-scayt_word=\"tampoco\" data-scaytid=\"91\">tampoco<\/span> se <span data-scayt_word=\"mantiene\" data-scaytid=\"92\">mantiene<\/span> <span data-scayt_word=\"ajena\" data-scaytid=\"93\">ajena<\/span> a la <span data-scayt_word=\"movilizaci\u00f3n\" data-scaytid=\"94\">movilizaci\u00f3n<\/span> <span data-scayt_word=\"ciudadana\" data-scaytid=\"95\">ciudadana<\/span> <span data-scayt_word=\"que\" data-scaytid=\"44\">que<\/span> vive en <span data-scayt_word=\"estos\" data-scaytid=\"96\">estos<\/span> <span data-scayt_word=\"momentos\" data-scaytid=\"97\">momentos<\/span> <span data-scayt_word=\"Catalunya\" data-scaytid=\"98\">Catalunya<\/span>. &ldquo;En el <span data-scayt_word=\"coraz\u00f3n\" data-scaytid=\"99\">coraz\u00f3n<\/span> de <span data-scayt_word=\"Guanyem\" data-scaytid=\"20\">Guanyem<\/span> <span data-scayt_word=\"est\u00e1\" data-scaytid=\"100\">est\u00e1<\/span> la <span data-scayt_word=\"defensa\" data-scaytid=\"102\">defensa<\/span> de los <span data-scayt_word=\"principios\" data-scaytid=\"103\">principios<\/span> <span data-scayt_word=\"democr\u00e1ticos\" data-scaytid=\"104\">democr\u00e1ticos<\/span>, <span data-scayt_word=\"por\" data-scaytid=\"105\">por<\/span> <span data-scayt_word=\"tanto\" data-scaytid=\"106\">tanto<\/span> el <span data-scayt_word=\"derecho\" data-scaytid=\"107\">derecho<\/span> a <span data-scayt_word=\"decidir\" data-scaytid=\"109\">decidir<\/span> <span data-scayt_word=\"sobre\" data-scaytid=\"111\">sobre<\/span> <span data-scayt_word=\"econom\u00eda\" data-scaytid=\"112\">econom\u00eda<\/span>, <span data-scayt_word=\"salud\" data-scaytid=\"113\">salud<\/span>, <span data-scayt_word=\"educaci\u00f3n\" data-scaytid=\"114\">educaci\u00f3n<\/span> <span data-scayt_word=\"es\" data-scaytid=\"78\">es<\/span> <span data-scayt_word=\"su\" data-scaytid=\"115\">su<\/span> <span data-scayt_word=\"eje\" data-scaytid=\"116\">eje<\/span>, y <span data-scayt_word=\"eso\" data-scaytid=\"117\">eso<\/span> <span data-scayt_word=\"incluye\" data-scaytid=\"118\">incluye<\/span> <span data-scayt_word=\"tambi\u00e9n\" data-scaytid=\"119\">tambi\u00e9n<\/span> el <span data-scayt_word=\"derecho\" data-scaytid=\"108\">derecho<\/span> a <span data-scayt_word=\"decidir\" data-scaytid=\"110\">decidir<\/span> <span data-scayt_word=\"c\u00f3mo\" data-scaytid=\"120\">c\u00f3mo<\/span> <span data-scayt_word=\"una\" data-scaytid=\"49\">una<\/span> <span data-scayt_word=\"comunidad\" data-scaytid=\"121\">comunidad<\/span> <span data-scayt_word=\"pol\u00edtica\" data-scaytid=\"122\">pol\u00edtica<\/span> <span data-scayt_word=\"quiere\" data-scaytid=\"123\">quiere<\/span> <span data-scayt_word=\"relacionarse\" data-scaytid=\"124\">relacionarse<\/span> con el <span data-scayt_word=\"Estado\u201d\" data-scaytid=\"125\">Estado&rdquo;<\/span>, <span data-scayt_word=\"explica\" data-scaytid=\"126\">explica<\/span> <span data-scayt_word=\"Pisarello\" data-scaytid=\"56\">Pisarello<\/span>. &ldquo;La <span data-scayt_word=\"demanda\" data-scaytid=\"127\">demanda<\/span> de\u00a0 un <span data-scayt_word=\"refer\u00e9ndum\" data-scaytid=\"128\">refer\u00e9ndum<\/span> <span data-scayt_word=\"es\" data-scaytid=\"79\">es<\/span> <span data-scayt_word=\"algo\" data-scaytid=\"129\">algo<\/span> <span data-scayt_word=\"muy\" data-scaytid=\"88\">muy<\/span> <span data-scayt_word=\"razonable\" data-scaytid=\"130\">razonable<\/span> en <span data-scayt_word=\"ese\" data-scaytid=\"131\">ese<\/span> <span data-scayt_word=\"sentido\" data-scaytid=\"132\">sentido<\/span> y <span data-scayt_word=\"Guanyem\" data-scaytid=\"21\">Guanyem<\/span> <span data-scayt_word=\"est\u00e1\" data-scaytid=\"101\">est\u00e1<\/span> a favor de <span data-scayt_word=\"que\" data-scaytid=\"45\">que<\/span> se <span data-scayt_word=\"celebre\" data-scaytid=\"133\">celebre<\/span> <span data-scayt_word=\"porque\" data-scaytid=\"76\">porque<\/span> <span data-scayt_word=\"ve\" data-scaytid=\"134\">ve<\/span> el <span data-scayt_word=\"proceso\" data-scaytid=\"24\">proceso<\/span>, <span data-scayt_word=\"adem\u00e1s\" data-scaytid=\"85\">adem\u00e1s<\/span>, <span data-scayt_word=\"como\" data-scaytid=\"135\">como<\/span> <span data-scayt_word=\"una\" data-scaytid=\"50\">una<\/span> <span data-scayt_word=\"oportunidad\" data-scaytid=\"138\">oportunidad<\/span> de <span data-scayt_word=\"poner\" data-scaytid=\"139\">poner<\/span> en <span data-scayt_word=\"evidencia\" data-scaytid=\"140\">evidencia<\/span> la crisis del <span data-scayt_word=\"r\u00e9gimen\" data-scaytid=\"141\">r\u00e9gimen<\/span> <span data-scayt_word=\"espa\u00f1ol\u201d\" data-scaytid=\"142\">espa\u00f1ol&rdquo;<\/span>, <span data-scayt_word=\"a\u00f1ade\" data-scaytid=\"143\">a\u00f1ade<\/span>. <span data-scayt_word=\"\u201cFrente\" data-scaytid=\"144\">&ldquo;Frente<\/span> a un <span data-scayt_word=\"gobierno\" data-scaytid=\"145\">gobierno<\/span> tan <span data-scayt_word=\"autoritario\" data-scaytid=\"146\">autoritario<\/span> <span data-scayt_word=\"como\" data-scaytid=\"136\">como<\/span> el del PP <span data-scayt_word=\"mucha\" data-scaytid=\"147\">mucha<\/span> <span data-scayt_word=\"gente\" data-scaytid=\"148\">gente<\/span> se <span data-scayt_word=\"plantea\" data-scaytid=\"149\">plantea<\/span> <span data-scayt_word=\"votar\" data-scaytid=\"150\">votar<\/span> <span data-scayt_word=\"como\" data-scaytid=\"137\">como<\/span> <span data-scayt_word=\"una\" data-scaytid=\"51\">una<\/span> <span data-scayt_word=\"postura\" data-scaytid=\"151\">postura<\/span> <span data-scayt_word=\"rupturista\" data-scaytid=\"152\">rupturista<\/span> <span data-scayt_word=\"para\" data-scaytid=\"153\">para<\/span> <span data-scayt_word=\"poder\" data-scaytid=\"154\">poder<\/span> <span data-scayt_word=\"redefinirlo\" data-scaytid=\"155\">redefinirlo<\/span> <span data-scayt_word=\"todo\" data-scaytid=\"156\">todo<\/span>, <span data-scayt_word=\"las\" data-scaytid=\"60\">las<\/span> bases <span data-scayt_word=\"constitucionales\" data-scaytid=\"157\">constitucionales<\/span>, <span data-scayt_word=\"sociales\" data-scaytid=\"158\">sociales<\/span> y\u00a0 <span data-scayt_word=\"pol\u00edticas\" data-scaytid=\"159\">pol\u00edticas<\/span> de la <span data-scayt_word=\"vida\" data-scaytid=\"160\">vida<\/span> <span data-scayt_word=\"com\u00fan\u201d\" data-scaytid=\"161\">com\u00fan&rdquo;<\/span>, <span data-scayt_word=\"concluye\" data-scaytid=\"162\">concluye<\/span> <span data-scayt_word=\"Pisarello\" data-scaytid=\"57\">Pisarello<\/span>. <span data-scayt_word=\"Mejor\" data-scaytid=\"163\">Mejor<\/span> <span data-scayt_word=\"dicho\" data-scaytid=\"164\">dicho<\/span>, <span data-scayt_word=\"comienza\" data-scaytid=\"165\">comienza<\/span>.\u00a0<\/p>\n<p class=\"p2\"> \t\u00a0<\/p>\n<p class=\"p1\"> \t<b>En <span data-scayt_word=\"opini\u00f3n\" data-scaytid=\"166\">opini\u00f3n<\/span> de <span data-scayt_word=\"buena\" data-scaytid=\"167\">buena<\/span> <span data-scayt_word=\"parte\" data-scaytid=\"168\">parte<\/span> de la <span data-scayt_word=\"prensa\" data-scaytid=\"169\">prensa<\/span> y en la del <span data-scayt_word=\"propio\" data-scaytid=\"170\">propio<\/span> <span data-scayt_word=\"Artur\" data-scaytid=\"171\">Artur<\/span> <span data-scayt_word=\"Mas\" data-scaytid=\"29\">Mas<\/span>, la <span data-scayt_word=\"consulta\" data-scaytid=\"28\">consulta<\/span> <span data-scayt_word=\"fue\" data-scaytid=\"173\">fue<\/span> <span data-scayt_word=\"\u201ctodo\" data-scaytid=\"174\">&ldquo;todo<\/span> un <span data-scayt_word=\"\u00e9xito\u201d\" data-scaytid=\"175\">\u00e9xito&rdquo;<\/span> \u00bf<span data-scayt_word=\"C\u00f3mo\" data-scaytid=\"176\">C\u00f3mo<\/span> <span data-scayt_word=\"valora\" data-scaytid=\"177\">valora<\/span> <span data-scayt_word=\"usted\" data-scaytid=\"178\">usted<\/span> <span data-scayt_word=\"las\" data-scaytid=\"61\">las<\/span> <span data-scayt_word=\"cifras\" data-scaytid=\"179\">cifras<\/span> de <span data-scayt_word=\"participaci\u00f3n\" data-scaytid=\"180\">participaci\u00f3n<\/span> del <span data-scayt_word=\"domingo\" data-scaytid=\"30\">domingo<\/span>?\u00a0<\/b><\/p>\n<p class=\"p1\"> \t\u00a0<\/p>\n<p class=\"p1\"> \tSe desbordaron <span data-scayt_word=\"las\" data-scaytid=\"333\">las<\/span> previsiones del Partido Popular e, incluso, la de la mayor\u00eda de formaciones en <span data-scayt_word=\"Catalunya\" data-scaytid=\"335\">Catalunya<\/span>, la <span data-scayt_word=\"movilizaci\u00f3n\" data-scaytid=\"336\">movilizaci\u00f3n<\/span> <span data-scayt_word=\"ciudadana\" data-scaytid=\"337\">ciudadana<\/span> <span data-scayt_word=\"fue\" data-scaytid=\"338\">fue<\/span> mucho m\u00e1s lejos de los <span data-scayt_word=\"que\" data-scaytid=\"340\">que<\/span> se esperaba. La cantidad de <span data-scayt_word=\"gente\" data-scaytid=\"345\">gente<\/span> <span data-scayt_word=\"que\" data-scaytid=\"341\">que<\/span> particip\u00f3 <span data-scayt_word=\"fue\" data-scaytid=\"339\">fue<\/span> ligeramente superior a la suma de quienes votaron a todos los partidos soberanistas de <span data-scayt_word=\"las\" data-scaytid=\"334\">las<\/span> \u00faltimas elecciones. 2.300.000 personas <span data-scayt_word=\"es\" data-scaytid=\"346\">es<\/span> <span data-scayt_word=\"una\" data-scaytid=\"347\">una<\/span> clara muestra de <span data-scayt_word=\"que\" data-scaytid=\"342\">que<\/span> hab\u00eda un fuerte deseo <span data-scayt_word=\"entre\" data-scaytid=\"349\">entre<\/span> la poblaci\u00f3n de no ser derrotada <span data-scayt_word=\"por\" data-scaytid=\"350\">por<\/span> un <span data-scayt_word=\"gobierno\" data-scaytid=\"351\">gobierno<\/span> <span data-scayt_word=\"que\" data-scaytid=\"343\">que<\/span> se empe\u00f1a en coaccionar con amenazas, prohibiciones y descalificaciones. Fue <span data-scayt_word=\"una\" data-scaytid=\"348\">una<\/span> aut\u00e9ntica <span data-scayt_word=\"demanda\" data-scaytid=\"352\">demanda<\/span> <span data-scayt_word=\"democr\u00e1tica\" data-scaytid=\"353\">democr\u00e1tica<\/span>.<\/p>\n<p class=\"p2\"> \t\u00a0<\/p>\n<p class=\"p1\"> \t<b>Sin embargo vot\u00f3 el 36 % del censo electoral. \u00bfPor qu\u00e9 cree <span data-scayt_word=\"que\" data-scaytid=\"344\">que<\/span> el 64 % restante no particip\u00f3?<\/b><\/p>\n<p class=\"p1\"> \t\u00a0<\/p>\n<p class=\"p1\"> \tYo creo que muchos no votaron porque entend\u00edan que la propuesta de Mas no respond\u00eda ni al refer\u00e9ndum con garant\u00edas que, seg\u00fan las encuestas, pide el 70 % de la poblaci\u00f3n, ni a la Ley de consultas que se aprob\u00f3 recientemente en el Parlamento de Catalunya.<\/p>\n<p class=\"p2\"> \t\u00a0<\/p>\n<p class=\"p1\"> \tTambi\u00e9n hay gente que no vot\u00f3 porque considera que lo que peor le hace al proceso soberanista es estar encabezado por un partido como Converg\u00e8ncia i Uni\u00f3 (CIU), que est\u00e1 atravesado por procesos de corrupci\u00f3n y que aplica una pol\u00edtica de recortes sociales tan o m\u00e1s dura que la de Rajoy.\u00a0<\/p>\n<p class=\"p2\"> \t\u00a0<\/p>\n<p class=\"p1\"> \t<b>M\u00e1s del 80 % vot\u00f3 &ldquo;s\u00ed-s\u00ed&rdquo;, \u00bfsignifica esto una clara mayor\u00eda en favor de la independencia?<\/b><\/p>\n<p class=\"p1\"> \t\u00a0<\/p>\n<p class=\"p1\"> \tYo creo que era un &ldquo;s\u00ed-s\u00ed&rdquo;<b> <\/b>con mucho significado porque inclu\u00eda a gente que genuinamente cre\u00eda en la independencia y tambi\u00e9n a gente que consideraba esta opci\u00f3n como una forma de ruptura para abrir un proceso constituyente y redefinir las reglas del juego pol\u00edticas y econ\u00f3micas.<\/p>\n<p class=\"p1\"> \tAnte la segunda pregunta &ldquo;\u00bfquiere que ese Estado sea independiente?&rdquo; hubo gente que respondi\u00f3 que s\u00ed para que Catalunya sea un Estado aut\u00f3nomo como cualquier otro, pero tambi\u00e9n hubo gente que lo escogi\u00f3 porque solo desde la igualdad es posible negociar un posterior acuerdo federal con el resto de Espa\u00f1a.\u00a0<\/p>\n<p class=\"p2\"> \t\u00a0<\/p>\n<p class=\"p1\"> \t<b>\u00bfCree que fue una decisi\u00f3n acertada la de Artur Mas de convocar esta consulta alternativa tras la prohibici\u00f3n del refer\u00e9ndum por el Tribunal Constitucional?<\/b><\/p>\n<p class=\"p1\"> \t\u00a0<\/p>\n<p class=\"p1\"> \tEn realidad, el Gobierno pidi\u00f3 la suspensi\u00f3n cautelar del procedimiento del d\u00eda 9 al Tribunal Constitucional, pero este no se pronunci\u00f3 todav\u00eda sobre su inconstitucionalidad, ni siquiera lo hizo con respecto a la Ley de consultas aprobada en septiembre por el Parlament.<\/p>\n<p class=\"p2\"> \t\u00a0<\/p>\n<p class=\"p1\"> \tAs\u00ed que la Generalitat se mueve en un terreno fronterizo con la desobediencia institucional pero dentro de un terreno que, de momento, se podr\u00eda decir que es alegal.<\/p>\n<p class=\"p2\"> \t\u00a0<\/p>\n<p class=\"p1\"> \t<b>Y ahora, tras el 9-N, el PP ha instado a la fiscal\u00eda a presentar una querella contra el Gobierno catal\u00e1n&#8230;<\/b><\/p>\n<p class=\"p1\"> \t\u00a0<\/p>\n<p class=\"p1\"> \tEs un desprop\u00f3sito total, no hay ning\u00fan elemento que permita hablar de desobediencia ni de prevaricaci\u00f3n. Por lo tanto, lo veo como una hu\u00edda hacia adelante del PP que intenta utilizar a los tribunales para resolver un tema que, en realidad, es pol\u00edtico.\u00a0<\/p>\n<p class=\"p2\"> \t\u00a0<\/p>\n<p class=\"p1\"> \tAdem\u00e1s un refer\u00e9ndum como el que se est\u00e1 pidiendo podr\u00eda caber perfectamente en la Constituci\u00f3n espa\u00f1ola. El Gobierno de Rajoy podr\u00eda haber hecho muchas cosas para facilitarlo: transferir a las comunidades las competencias en materia de convocatorias de refer\u00e9ndum, impulsar una reforma constitucional&#8230; Pero no tuvo voluntad pol\u00edtica, cuando la propia Constituci\u00f3n espa\u00f1ola reconoce el derecho a la ciudadan\u00eda de participar a trav\u00e9s de sus representantes o de manera directa.<\/p>\n<p class=\"p2\"> \t\u00a0<\/p>\n<p class=\"p1\"> \t<b>Lo parad\u00f3jico es que Rajoy le ha respondido a Mas, despu\u00e9s de la consulta, que la \u00fanica manera de seguir adelante con el proceso ser\u00eda, precisamente, que \u00e9l le solicitase una reforma constitucional<\/b><\/p>\n<p class=\"p1\"> \t\u00a0<\/p>\n<p class=\"p1\"> \tClaro, \u00e9l dice &ldquo;que el Parlamento de <span data-scayt_word=\"Catalunya\" data-scaytid=\"656\">Catalunya<\/span> pida <span data-scayt_word=\"una\" data-scaytid=\"657\">una<\/span> reforma constitucional&rdquo;, pero la otra <span data-scayt_word=\"parte\" data-scaytid=\"659\">parte<\/span> de la frase <span data-scayt_word=\"es\" data-scaytid=\"660\">es<\/span> &ldquo;a la <span data-scayt_word=\"que\" data-scaytid=\"661\">que<\/span> nosotros nos opondremos&rdquo;. La reforma constitucional en Espa\u00f1a depende del acuerdo <span data-scayt_word=\"entre\" data-scaytid=\"663\">entre<\/span> los dos grandes <span data-scayt_word=\"partidos\" data-scaytid=\"664\">partidos<\/span> en el \u00e1mbito estatal, o sea <span data-scayt_word=\"que\" data-scaytid=\"662\">que<\/span> <span data-scayt_word=\"Rajoy\" data-scaytid=\"665\">Rajoy<\/span> <span data-scayt_word=\"est\u00e1\" data-scaytid=\"666\">est\u00e1<\/span> ofreciendo <span data-scayt_word=\"una\" data-scaytid=\"658\">una<\/span> v\u00eda cerrada.<\/p>\n<p class=\"p2\"> \t\u00a0<\/p>\n<p class=\"p1\"> \tLa verdad es que hay dos gobiernos que est\u00e1n usando el tema de la consulta como arma arrojadiza y el\u00a0 peligro es que con ello se desoiga la voz de una parte importante de Catalunya que, de manera genuina, quiere ejercer el derecho a decidir. As\u00ed como al Gobierno conservador de CIU la causa soberanista le sirve para ocultar su corrupci\u00f3n y las medidas antisociales que aprueban, al Gobierno de Rajoy tambi\u00e9n le conviene mucho m\u00e1s agitar el problema de Catalunya que dar explicaciones.<\/p>\n<p class=\"p2\"> \t\u00a0<\/p>\n<p class=\"p1\"> \tLo importante es tener presente que el proceso se ha llevado adelante gracias a una movilizaci\u00f3n ciudadana muy transversal y no olvidarse de que CIU hasta hace dos o tres a\u00f1os estaba a favor de un pacto fiscal, pero la consulta no le interesaba. Asumieron esta petici\u00f3n porque la demanda de una parte importante de la ciudadan\u00eda los oblig\u00f3 y porque vieron que pod\u00edan sacar partido de ello.<\/p>\n<p class=\"p2\"> \t\u00a0<\/p>\n<p class=\"p1\"> \t<b>Esquerra Republicana y el resto de formaciones soberanistas insisten en que no quieren seguir negociando con Rajoy y piden unas elecciones anticipadas. \u00bfPodr\u00eda ser esta una salida al problema de la independencia?<\/b><\/p>\n<p class=\"p1\"> \t\u00a0<\/p>\n<p class=\"p1\"> \tLo importante es mantenerse en la coherencia democr\u00e1tica y seguir pidiendo un refer\u00e9ndum con garant\u00edas legales. Unas elecciones anticipadas no pueden reemplazarlo porque en unos comicios se vota por partidos. Ahora bien, para que haya un refer\u00e9ndum necesariamente tiene que haber unas elecciones donde salga una mayor\u00eda mucho m\u00e1s clara de la que existe hoy a favor de esa consulta.<\/p>\n<p class=\"p2\"> \t\u00a0<\/p>\n<p class=\"p1\"> \t<b>\u00bfEst\u00e1 de acuerdo con la candidatura conjunta que propone Mas entre todos los partidos soberanistas?<\/b><\/p>\n<p class=\"p1\"> \t\u00a0<\/p>\n<p class=\"p1\"> \tEsas elecciones no pueden resolverse en clave de una lista de unidad patri\u00f3tica, que es lo que querr\u00eda Mas, porque eso supondr\u00eda subordinar a la cuesti\u00f3n de la independencia todas las medidas en materia social, econ\u00f3mica, etc, y eso no es aceptable.\u00a0<\/p>\n<p class=\"p2\"> \t\u00a0<\/p>\n<p class=\"p1\"> \tAhora la prioridad es intentar que en Catalunya no gane un partido conservador como el que est\u00e1 ahora y, a la vez, que en Espa\u00f1a el interlocutor no sea un partido autoritario como el PP. Es un triple desaf\u00edo, conseguir el refer\u00e9ndum y no tener en el gobierno dos partidos conservadores.<\/p>\n<p class=\"p2\"> \t\u00a0<\/p>\n<p class=\"p1\"> \t<b>\u00bfLa independencia en s\u00ed garantizar\u00eda un cambio pol\u00edtico dentro de Catalunya?<\/b><\/p>\n<p class=\"p1\"> \t\u00a0<\/p>\n<p class=\"p1\"> \tCualquier proceso que permita que las decisiones se tomen en escalas m\u00e1s cercanas al ciudadano podr\u00eda permitir una mayor democratizaci\u00f3n. Pero est\u00e1 claro que con eso no basta. Si esa descentralizaci\u00f3n no viene acompa\u00f1ada de pol\u00edticas de redistribuci\u00f3n de riquezas no tiene sentido. Adem\u00e1s hay que tener en cuenta que tambi\u00e9n dependemos de la Uni\u00f3n Europea, que se est\u00e1 convirtiendo en un elemento de agresi\u00f3n hacia los pueblos de todo el continente. Por lo tanto es una batalla que se est\u00e1 librando en muchos campos simult\u00e1neamente.\u00a0<\/p>\n<p class=\"p2\"> \t\u00a0<\/p>\n<p class=\"p1\"> \t<b>\u00bfCree que Rajoy en alg\u00fan momento acceder\u00e1 al refer\u00e9ndum?<\/b><\/p>\n<p class=\"p1\"> \t\u00a0<\/p>\n<p class=\"p1\"> \tPienso que har\u00eda falta una movilizaci\u00f3n social todav\u00eda m\u00e1s fuerte en Catalunya y un cambio m\u00e1s intenso en Espa\u00f1a, una Espa\u00f1a m\u00e1s cercana a la de Machado, Lorca o Hern\u00e1ndez, que no esta con tantos tics protofranquistas como los del PP.<\/p>\n<p class=\"p2\"> \t\u00a0<\/p>\n<p class=\"p1\"> \t<b>Habr\u00e1 que esperar a las presidenciales del 2015, entonces&#8230;<\/b><\/p>\n<p class=\"p1\"> \t\u00a0<\/p>\n<p class=\"p1\"> \tNo se sabe qu\u00e9 va a pasar, podr\u00eda haber elecciones anticipadas incluso a nivel estatal. El r\u00e9gimen est\u00e1 m\u00e1s deslegitimado que nunca y esto est\u00e1 abriendo la posibilidad a procesos de cambio que antes eran impensables. Hace unos a\u00f1os la aparici\u00f3n de fuerzas renovadoras como Guanyem o Podemos y la lucha por un refer\u00e9ndum como una forma de profundizaci\u00f3n democr\u00e1tica parec\u00edan algo totalmente ut\u00f3pico pero la irrupci\u00f3n de estas nuevos partidos hace que eso sea hoy un horizonte mucho m\u00e1s factible.<\/p>\n<p class=\"p2\"> \t\u00a0<\/p>\n<p class=\"p1\"> \tPor tanto si el movimiento democr\u00e1tico que hay detr\u00e1s de la lucha por el derecho a decidir coincide con el impulso democr\u00e1tico de mucha gente que quiere una alternativa al bipartidismo en toda Espa\u00f1a, puede haber una esperanza.<\/p>","protected":false},"excerpt":{"rendered":"<p>El profesor y portavoz de la Plataforma Guanyem analiza los pasos a seguir en el proceso soberanista, tras la consulta del domingo y el interminable &ldquo;ping pong&rdquo; pol\u00edtico entre Rajoy y Mas. \u00a0 \u00a0<\/p>","protected":false},"author":1,"featured_media":0,"comment_status":"open","ping_status":"open","sticky":false,"template":"","format":"standard","meta":{"footnotes":""},"categories":[58],"tags":[],"class_list":["post-6377","post","type-post","status-publish","format-standard","hentry","category-estado-espanol"],"yoast_head":"<!-- This site is optimized with the Yoast SEO plugin v27.5 - https:\/\/yoast.com\/product\/yoast-seo-wordpress\/ -->\n<title>Gerardo Pisarello: \u201cEl desaf\u00edo es doble: conseguir un refer\u00e9ndum y sacar del poder a los conservadores de Catalunya y Espa\u00f1a\u201d - Revista Rambla<\/title>\n<meta name=\"robots\" content=\"index, follow, max-snippet:-1, max-image-preview:large, max-video-preview:-1\" \/>\n<link rel=\"canonical\" href=\"https:\/\/www.revistarambla.com\/en\/gerardo-pisarello-el-desafio-es-doble-conseguir-un-referendum-y-sacar-del-poder-a-los-conservadores-de-catalunya-y-espana\/\" \/>\n<meta property=\"og:locale\" content=\"en_GB\" \/>\n<meta property=\"og:type\" content=\"article\" \/>\n<meta property=\"og:title\" content=\"Gerardo Pisarello: \u201cEl desaf\u00edo es doble: conseguir un refer\u00e9ndum y sacar del poder a los conservadores de Catalunya y Espa\u00f1a\u201d - Revista Rambla\" \/>\n<meta property=\"og:description\" content=\"El profesor y portavoz de la Plataforma Guanyem analiza los pasos a seguir en el proceso soberanista, tras la consulta del domingo y el interminable &ldquo;ping pong&rdquo; pol\u00edtico entre Rajoy y Mas. \u00a0 \u00a0\" \/>\n<meta property=\"og:url\" content=\"https:\/\/www.revistarambla.com\/en\/gerardo-pisarello-el-desafio-es-doble-conseguir-un-referendum-y-sacar-del-poder-a-los-conservadores-de-catalunya-y-espana\/\" \/>\n<meta property=\"og:site_name\" content=\"Revista Rambla\" \/>\n<meta property=\"article:publisher\" content=\"https:\/\/www.facebook.com\/revistarambla\/\" \/>\n<meta property=\"article:published_time\" content=\"2014-11-15T09:12:13+00:00\" \/>\n<meta property=\"og:image\" content=\"https:\/\/i2.wp.com\/www.revistarambla.com\/wp-content\/uploads\/2014\/11\/Pisarello_revRambla_01.jpg?fit=682%2C450&ssl=1\" \/>\n\t<meta property=\"og:image:width\" content=\"682\" \/>\n\t<meta property=\"og:image:height\" content=\"450\" \/>\n\t<meta property=\"og:image:type\" content=\"image\/jpeg\" \/>\n<meta name=\"author\" content=\"admin\" \/>\n<meta name=\"twitter:card\" content=\"summary_large_image\" \/>\n<meta name=\"twitter:creator\" content=\"@revistarambla\" \/>\n<meta name=\"twitter:site\" content=\"@revistarambla\" \/>\n<meta name=\"twitter:label1\" content=\"Written by\" \/>\n\t<meta name=\"twitter:data1\" content=\"admin\" \/>\n\t<meta name=\"twitter:label2\" content=\"Estimated reading time\" \/>\n\t<meta name=\"twitter:data2\" content=\"8 minutes\" \/>\n<script type=\"application\/ld+json\" class=\"yoast-schema-graph\">{\"@context\":\"https:\\\/\\\/schema.org\",\"@graph\":[{\"@type\":\"Article\",\"@id\":\"https:\\\/\\\/www.revistarambla.com\\\/gerardo-pisarello-el-desafio-es-doble-conseguir-un-referendum-y-sacar-del-poder-a-los-conservadores-de-catalunya-y-espana\\\/#article\",\"isPartOf\":{\"@id\":\"https:\\\/\\\/www.revistarambla.com\\\/gerardo-pisarello-el-desafio-es-doble-conseguir-un-referendum-y-sacar-del-poder-a-los-conservadores-de-catalunya-y-espana\\\/\"},\"author\":{\"name\":\"admin\",\"@id\":\"https:\\\/\\\/www.revistarambla.com\\\/#\\\/schema\\\/person\\\/4a5652fc8c82df1f8593002d038cd79e\"},\"headline\":\"Gerardo Pisarello: \u201cEl desaf\u00edo es doble: conseguir un refer\u00e9ndum y sacar del poder a los conservadores de Catalunya y Espa\u00f1a\u201d\",\"datePublished\":\"2014-11-15T09:12:13+00:00\",\"mainEntityOfPage\":{\"@id\":\"https:\\\/\\\/www.revistarambla.com\\\/gerardo-pisarello-el-desafio-es-doble-conseguir-un-referendum-y-sacar-del-poder-a-los-conservadores-de-catalunya-y-espana\\\/\"},\"wordCount\":1703,\"commentCount\":0,\"publisher\":{\"@id\":\"https:\\\/\\\/www.revistarambla.com\\\/#organization\"},\"image\":{\"@id\":\"https:\\\/\\\/www.revistarambla.com\\\/gerardo-pisarello-el-desafio-es-doble-conseguir-un-referendum-y-sacar-del-poder-a-los-conservadores-de-catalunya-y-espana\\\/#primaryimage\"},\"thumbnailUrl\":\"https:\\\/\\\/www.revistarambla.com\\\/wp-content\\\/uploads\\\/2014\\\/11\\\/Pisarello_revRambla_01.jpg\",\"articleSection\":[\"Estado Espa\u00f1ol\"],\"inLanguage\":\"en-GB\",\"potentialAction\":[{\"@type\":\"CommentAction\",\"name\":\"Comment\",\"target\":[\"https:\\\/\\\/www.revistarambla.com\\\/gerardo-pisarello-el-desafio-es-doble-conseguir-un-referendum-y-sacar-del-poder-a-los-conservadores-de-catalunya-y-espana\\\/#respond\"]}]},{\"@type\":\"WebPage\",\"@id\":\"https:\\\/\\\/www.revistarambla.com\\\/gerardo-pisarello-el-desafio-es-doble-conseguir-un-referendum-y-sacar-del-poder-a-los-conservadores-de-catalunya-y-espana\\\/\",\"url\":\"https:\\\/\\\/www.revistarambla.com\\\/gerardo-pisarello-el-desafio-es-doble-conseguir-un-referendum-y-sacar-del-poder-a-los-conservadores-de-catalunya-y-espana\\\/\",\"name\":\"Gerardo Pisarello: \u201cEl desaf\u00edo es doble: conseguir un refer\u00e9ndum y sacar del poder a los conservadores de Catalunya y Espa\u00f1a\u201d - Revista Rambla\",\"isPartOf\":{\"@id\":\"https:\\\/\\\/www.revistarambla.com\\\/#website\"},\"primaryImageOfPage\":{\"@id\":\"https:\\\/\\\/www.revistarambla.com\\\/gerardo-pisarello-el-desafio-es-doble-conseguir-un-referendum-y-sacar-del-poder-a-los-conservadores-de-catalunya-y-espana\\\/#primaryimage\"},\"image\":{\"@id\":\"https:\\\/\\\/www.revistarambla.com\\\/gerardo-pisarello-el-desafio-es-doble-conseguir-un-referendum-y-sacar-del-poder-a-los-conservadores-de-catalunya-y-espana\\\/#primaryimage\"},\"thumbnailUrl\":\"https:\\\/\\\/www.revistarambla.com\\\/wp-content\\\/uploads\\\/2014\\\/11\\\/Pisarello_revRambla_01.jpg\",\"datePublished\":\"2014-11-15T09:12:13+00:00\",\"breadcrumb\":{\"@id\":\"https:\\\/\\\/www.revistarambla.com\\\/gerardo-pisarello-el-desafio-es-doble-conseguir-un-referendum-y-sacar-del-poder-a-los-conservadores-de-catalunya-y-espana\\\/#breadcrumb\"},\"inLanguage\":\"en-GB\",\"potentialAction\":[{\"@type\":\"ReadAction\",\"target\":[\"https:\\\/\\\/www.revistarambla.com\\\/gerardo-pisarello-el-desafio-es-doble-conseguir-un-referendum-y-sacar-del-poder-a-los-conservadores-de-catalunya-y-espana\\\/\"]}]},{\"@type\":\"ImageObject\",\"inLanguage\":\"en-GB\",\"@id\":\"https:\\\/\\\/www.revistarambla.com\\\/gerardo-pisarello-el-desafio-es-doble-conseguir-un-referendum-y-sacar-del-poder-a-los-conservadores-de-catalunya-y-espana\\\/#primaryimage\",\"url\":\"https:\\\/\\\/www.revistarambla.com\\\/wp-content\\\/uploads\\\/2014\\\/11\\\/Pisarello_revRambla_01.jpg\",\"contentUrl\":\"https:\\\/\\\/www.revistarambla.com\\\/wp-content\\\/uploads\\\/2014\\\/11\\\/Pisarello_revRambla_01.jpg\"},{\"@type\":\"BreadcrumbList\",\"@id\":\"https:\\\/\\\/www.revistarambla.com\\\/gerardo-pisarello-el-desafio-es-doble-conseguir-un-referendum-y-sacar-del-poder-a-los-conservadores-de-catalunya-y-espana\\\/#breadcrumb\",\"itemListElement\":[{\"@type\":\"ListItem\",\"position\":1,\"name\":\"Portada\",\"item\":\"https:\\\/\\\/www.revistarambla.com\\\/\"},{\"@type\":\"ListItem\",\"position\":2,\"name\":\"Gerardo Pisarello: \u201cEl desaf\u00edo es doble: conseguir un refer\u00e9ndum y sacar del poder a los conservadores de Catalunya y Espa\u00f1a\u201d\"}]},{\"@type\":\"WebSite\",\"@id\":\"https:\\\/\\\/www.revistarambla.com\\\/#website\",\"url\":\"https:\\\/\\\/www.revistarambla.com\\\/\",\"name\":\"Revista Rambla Barcelona\",\"description\":\"Periodismo independiente\",\"publisher\":{\"@id\":\"https:\\\/\\\/www.revistarambla.com\\\/#organization\"},\"potentialAction\":[{\"@type\":\"SearchAction\",\"target\":{\"@type\":\"EntryPoint\",\"urlTemplate\":\"https:\\\/\\\/www.revistarambla.com\\\/?s={search_term_string}\"},\"query-input\":{\"@type\":\"PropertyValueSpecification\",\"valueRequired\":true,\"valueName\":\"search_term_string\"}}],\"inLanguage\":\"en-GB\"},{\"@type\":\"Organization\",\"@id\":\"https:\\\/\\\/www.revistarambla.com\\\/#organization\",\"name\":\"Revista Rambla\",\"url\":\"https:\\\/\\\/www.revistarambla.com\\\/\",\"logo\":{\"@type\":\"ImageObject\",\"inLanguage\":\"en-GB\",\"@id\":\"https:\\\/\\\/www.revistarambla.com\\\/#\\\/schema\\\/logo\\\/image\\\/\",\"url\":\"https:\\\/\\\/www.revistarambla.com\\\/wp-content\\\/uploads\\\/2020\\\/09\\\/banner_rambla_1900x600_BB.png\",\"contentUrl\":\"https:\\\/\\\/www.revistarambla.com\\\/wp-content\\\/uploads\\\/2020\\\/09\\\/banner_rambla_1900x600_BB.png\",\"width\":1900,\"height\":600,\"caption\":\"Revista Rambla\"},\"image\":{\"@id\":\"https:\\\/\\\/www.revistarambla.com\\\/#\\\/schema\\\/logo\\\/image\\\/\"},\"sameAs\":[\"https:\\\/\\\/www.facebook.com\\\/revistarambla\\\/\",\"https:\\\/\\\/x.com\\\/revistarambla\",\"https:\\\/\\\/www.instagram.com\\\/revista_rambla\",\"https:\\\/\\\/es.linkedin.com\\\/company\\\/revista-rambla\"]},{\"@type\":\"Person\",\"@id\":\"https:\\\/\\\/www.revistarambla.com\\\/#\\\/schema\\\/person\\\/4a5652fc8c82df1f8593002d038cd79e\",\"name\":\"admin\"}]}<\/script>\n<!-- \/ Yoast SEO plugin. -->","yoast_head_json":{"title":"Gerardo Pisarello: \u201cEl desaf\u00edo es doble: conseguir un refer\u00e9ndum y sacar del poder a los conservadores de Catalunya y Espa\u00f1a\u201d - Revista Rambla","robots":{"index":"index","follow":"follow","max-snippet":"max-snippet:-1","max-image-preview":"max-image-preview:large","max-video-preview":"max-video-preview:-1"},"canonical":"https:\/\/www.revistarambla.com\/en\/gerardo-pisarello-el-desafio-es-doble-conseguir-un-referendum-y-sacar-del-poder-a-los-conservadores-de-catalunya-y-espana\/","og_locale":"en_GB","og_type":"article","og_title":"Gerardo Pisarello: \u201cEl desaf\u00edo es doble: conseguir un refer\u00e9ndum y sacar del poder a los conservadores de Catalunya y Espa\u00f1a\u201d - Revista Rambla","og_description":"El profesor y portavoz de la Plataforma Guanyem analiza los pasos a seguir en el proceso soberanista, tras la consulta del domingo y el interminable &ldquo;ping pong&rdquo; pol\u00edtico entre Rajoy y Mas. \u00a0 \u00a0","og_url":"https:\/\/www.revistarambla.com\/en\/gerardo-pisarello-el-desafio-es-doble-conseguir-un-referendum-y-sacar-del-poder-a-los-conservadores-de-catalunya-y-espana\/","og_site_name":"Revista Rambla","article_publisher":"https:\/\/www.facebook.com\/revistarambla\/","article_published_time":"2014-11-15T09:12:13+00:00","og_image":[{"width":682,"height":450,"url":"https:\/\/i2.wp.com\/www.revistarambla.com\/wp-content\/uploads\/2014\/11\/Pisarello_revRambla_01.jpg?fit=682%2C450&ssl=1","type":"image\/jpeg"}],"author":"admin","twitter_card":"summary_large_image","twitter_creator":"@revistarambla","twitter_site":"@revistarambla","twitter_misc":{"Written by":"admin","Estimated reading time":"8 minutes"},"schema":{"@context":"https:\/\/schema.org","@graph":[{"@type":"Article","@id":"https:\/\/www.revistarambla.com\/gerardo-pisarello-el-desafio-es-doble-conseguir-un-referendum-y-sacar-del-poder-a-los-conservadores-de-catalunya-y-espana\/#article","isPartOf":{"@id":"https:\/\/www.revistarambla.com\/gerardo-pisarello-el-desafio-es-doble-conseguir-un-referendum-y-sacar-del-poder-a-los-conservadores-de-catalunya-y-espana\/"},"author":{"name":"admin","@id":"https:\/\/www.revistarambla.com\/#\/schema\/person\/4a5652fc8c82df1f8593002d038cd79e"},"headline":"Gerardo Pisarello: \u201cEl desaf\u00edo es doble: conseguir un refer\u00e9ndum y sacar del poder a los conservadores de Catalunya y Espa\u00f1a\u201d","datePublished":"2014-11-15T09:12:13+00:00","mainEntityOfPage":{"@id":"https:\/\/www.revistarambla.com\/gerardo-pisarello-el-desafio-es-doble-conseguir-un-referendum-y-sacar-del-poder-a-los-conservadores-de-catalunya-y-espana\/"},"wordCount":1703,"commentCount":0,"publisher":{"@id":"https:\/\/www.revistarambla.com\/#organization"},"image":{"@id":"https:\/\/www.revistarambla.com\/gerardo-pisarello-el-desafio-es-doble-conseguir-un-referendum-y-sacar-del-poder-a-los-conservadores-de-catalunya-y-espana\/#primaryimage"},"thumbnailUrl":"https:\/\/www.revistarambla.com\/wp-content\/uploads\/2014\/11\/Pisarello_revRambla_01.jpg","articleSection":["Estado Espa\u00f1ol"],"inLanguage":"en-GB","potentialAction":[{"@type":"CommentAction","name":"Comment","target":["https:\/\/www.revistarambla.com\/gerardo-pisarello-el-desafio-es-doble-conseguir-un-referendum-y-sacar-del-poder-a-los-conservadores-de-catalunya-y-espana\/#respond"]}]},{"@type":"WebPage","@id":"https:\/\/www.revistarambla.com\/gerardo-pisarello-el-desafio-es-doble-conseguir-un-referendum-y-sacar-del-poder-a-los-conservadores-de-catalunya-y-espana\/","url":"https:\/\/www.revistarambla.com\/gerardo-pisarello-el-desafio-es-doble-conseguir-un-referendum-y-sacar-del-poder-a-los-conservadores-de-catalunya-y-espana\/","name":"Gerardo Pisarello: \u201cEl desaf\u00edo es doble: conseguir un refer\u00e9ndum y sacar del poder a los conservadores de Catalunya y Espa\u00f1a\u201d - Revista Rambla","isPartOf":{"@id":"https:\/\/www.revistarambla.com\/#website"},"primaryImageOfPage":{"@id":"https:\/\/www.revistarambla.com\/gerardo-pisarello-el-desafio-es-doble-conseguir-un-referendum-y-sacar-del-poder-a-los-conservadores-de-catalunya-y-espana\/#primaryimage"},"image":{"@id":"https:\/\/www.revistarambla.com\/gerardo-pisarello-el-desafio-es-doble-conseguir-un-referendum-y-sacar-del-poder-a-los-conservadores-de-catalunya-y-espana\/#primaryimage"},"thumbnailUrl":"https:\/\/www.revistarambla.com\/wp-content\/uploads\/2014\/11\/Pisarello_revRambla_01.jpg","datePublished":"2014-11-15T09:12:13+00:00","breadcrumb":{"@id":"https:\/\/www.revistarambla.com\/gerardo-pisarello-el-desafio-es-doble-conseguir-un-referendum-y-sacar-del-poder-a-los-conservadores-de-catalunya-y-espana\/#breadcrumb"},"inLanguage":"en-GB","potentialAction":[{"@type":"ReadAction","target":["https:\/\/www.revistarambla.com\/gerardo-pisarello-el-desafio-es-doble-conseguir-un-referendum-y-sacar-del-poder-a-los-conservadores-de-catalunya-y-espana\/"]}]},{"@type":"ImageObject","inLanguage":"en-GB","@id":"https:\/\/www.revistarambla.com\/gerardo-pisarello-el-desafio-es-doble-conseguir-un-referendum-y-sacar-del-poder-a-los-conservadores-de-catalunya-y-espana\/#primaryimage","url":"https:\/\/www.revistarambla.com\/wp-content\/uploads\/2014\/11\/Pisarello_revRambla_01.jpg","contentUrl":"https:\/\/www.revistarambla.com\/wp-content\/uploads\/2014\/11\/Pisarello_revRambla_01.jpg"},{"@type":"BreadcrumbList","@id":"https:\/\/www.revistarambla.com\/gerardo-pisarello-el-desafio-es-doble-conseguir-un-referendum-y-sacar-del-poder-a-los-conservadores-de-catalunya-y-espana\/#breadcrumb","itemListElement":[{"@type":"ListItem","position":1,"name":"Portada","item":"https:\/\/www.revistarambla.com\/"},{"@type":"ListItem","position":2,"name":"Gerardo Pisarello: \u201cEl desaf\u00edo es doble: conseguir un refer\u00e9ndum y sacar del poder a los conservadores de Catalunya y Espa\u00f1a\u201d"}]},{"@type":"WebSite","@id":"https:\/\/www.revistarambla.com\/#website","url":"https:\/\/www.revistarambla.com\/","name":"Revista Rambla Barcelona","description":"Periodismo independiente","publisher":{"@id":"https:\/\/www.revistarambla.com\/#organization"},"potentialAction":[{"@type":"SearchAction","target":{"@type":"EntryPoint","urlTemplate":"https:\/\/www.revistarambla.com\/?s={search_term_string}"},"query-input":{"@type":"PropertyValueSpecification","valueRequired":true,"valueName":"search_term_string"}}],"inLanguage":"en-GB"},{"@type":"Organization","@id":"https:\/\/www.revistarambla.com\/#organization","name":"Revista Rambla","url":"https:\/\/www.revistarambla.com\/","logo":{"@type":"ImageObject","inLanguage":"en-GB","@id":"https:\/\/www.revistarambla.com\/#\/schema\/logo\/image\/","url":"https:\/\/www.revistarambla.com\/wp-content\/uploads\/2020\/09\/banner_rambla_1900x600_BB.png","contentUrl":"https:\/\/www.revistarambla.com\/wp-content\/uploads\/2020\/09\/banner_rambla_1900x600_BB.png","width":1900,"height":600,"caption":"Revista Rambla"},"image":{"@id":"https:\/\/www.revistarambla.com\/#\/schema\/logo\/image\/"},"sameAs":["https:\/\/www.facebook.com\/revistarambla\/","https:\/\/x.com\/revistarambla","https:\/\/www.instagram.com\/revista_rambla","https:\/\/es.linkedin.com\/company\/revista-rambla"]},{"@type":"Person","@id":"https:\/\/www.revistarambla.com\/#\/schema\/person\/4a5652fc8c82df1f8593002d038cd79e","name":"admin"}]}},"_links":{"self":[{"href":"https:\/\/www.revistarambla.com\/en\/wp-json\/wp\/v2\/posts\/6377","targetHints":{"allow":["GET"]}}],"collection":[{"href":"https:\/\/www.revistarambla.com\/en\/wp-json\/wp\/v2\/posts"}],"about":[{"href":"https:\/\/www.revistarambla.com\/en\/wp-json\/wp\/v2\/types\/post"}],"author":[{"embeddable":true,"href":"https:\/\/www.revistarambla.com\/en\/wp-json\/wp\/v2\/users\/1"}],"replies":[{"embeddable":true,"href":"https:\/\/www.revistarambla.com\/en\/wp-json\/wp\/v2\/comments?post=6377"}],"version-history":[{"count":0,"href":"https:\/\/www.revistarambla.com\/en\/wp-json\/wp\/v2\/posts\/6377\/revisions"}],"wp:attachment":[{"href":"https:\/\/www.revistarambla.com\/en\/wp-json\/wp\/v2\/media?parent=6377"}],"wp:term":[{"taxonomy":"category","embeddable":true,"href":"https:\/\/www.revistarambla.com\/en\/wp-json\/wp\/v2\/categories?post=6377"},{"taxonomy":"post_tag","embeddable":true,"href":"https:\/\/www.revistarambla.com\/en\/wp-json\/wp\/v2\/tags?post=6377"}],"curies":[{"name":"wp","href":"https:\/\/api.w.org\/{rel}","templated":true}]}}