{"id":63438,"date":"2024-11-18T20:24:47","date_gmt":"2024-11-18T19:24:47","guid":{"rendered":"https:\/\/www.revistarambla.com\/?p=63438"},"modified":"2024-11-21T19:49:27","modified_gmt":"2024-11-21T18:49:27","slug":"el-hambre-como-arma-letal-en-gaza","status":"publish","type":"post","link":"https:\/\/www.revistarambla.com\/en\/el-hambre-como-arma-letal-en-gaza\/","title":{"rendered":"El hambre como arma letal en Gaza"},"content":{"rendered":"<p class=\"x_377866725ydpa6e55191yiv2343191306ydp87e0b9c2yiv3526388170ydpdf858MsoNormal\"><span lang=\"ES\">El hambre se ha convertido en un arma de guerra contra la poblaci\u00f3n de Gaza. Se suma, as\u00ed, a la destrucci\u00f3n de infraestructura vital y a las casi 47.700 muertes gaz\u00edes desde que comenz\u00f3 la ofensiva militar israel\u00ed en octubre de 2023.<\/span><!--more--><\/p>\n<p class=\"x_377866725ydpa6e55191yiv2343191306ydp87e0b9c2yiv3526388170ydpdf858MsoNormal\"><span lang=\"ES\">Una reciente Declaraci\u00f3n conjunta de una quincena de organizaciones de Naciones Unidas (ONU) alerta sobre esta dram\u00e1tica situaci\u00f3n: \u201cToda la poblaci\u00f3n palestina en el norte de Gaza podr\u00eda morir a causa de enfermedades, hambre y violencia\u201d.<\/span><b> <\/b><\/p>\n<h2 class=\"x_377866725ydpa6e55191yiv2343191306ydp87e0b9c2yiv3526388170ydpdf858MsoNormal\"><span lang=\"ES\">Palos en las ruedas humanitarias<\/span><\/h2>\n<p class=\"x_377866725ydpa6e55191yiv2343191306ydp87e0b9c2yiv3526388170ydpdf858MsoNormal\"><span lang=\"ES\">Los datos oficiales de las Naciones Unidas son aterrorizantes. En octubre pasado, el 85% de las 98 misiones humanitarias autorizadas para transportar ayuda al norte de la Franja de Gaza fueron obstaculizadas o simplemente denegadas por las autoridades israel\u00edes. Un informe de ONU de la segunda semana de noviembre se\u00f1ala que en octubre s\u00f3lo el 37% de los movimientos humanitarios coordinados con las autoridades israel\u00edes se implement\u00f3 sin problemas.<\/span><\/p>\n<p class=\"x_377866725ydpa6e55191yiv2343191306ydp87e0b9c2yiv3526388170ydpdf858MsoNormal\"><span lang=\"ES\">Est\u00e1 muy lejos, ya, el objetivo &#8211;exigido incluso por Estados Unidos y muchas naciones de la comunidad internacional&#8211; de que cada d\u00eda entre en Gaza asistencia humanitaria equivalente a la carga de 350 camiones. En los siete d\u00edas de la primera semana de noviembre, la ayuda total se limit\u00f3 a lo que pudieron transportar 480 camiones a trav\u00e9s de <\/span><span lang=\"ES\">los pasos fronterizos <\/span><span lang=\"ES\">de <\/span><span lang=\"ES\">Erez Oeste, Kerem Shalom y el llamado Puerta 96. <\/span><span lang=\"ES\">De haberse cumplido el mandato de Naciones Unidas, la ayuda imprescindible para abastecer esa semana a los 2 millones de gaz\u00edes hubiera tenido que ser de al menos 2.450 camiones.<\/span><\/p>\n<p class=\"x_377866725ydpa6e55191yiv2343191306ydp87e0b9c2yiv3526388170ydpdf858MsoNormal\"><span lang=\"ES\">Por tal raz\u00f3n, siempre seg\u00fan fuentes onusianas, un grupo de expertos <\/span><span lang=\"ES\">en crisis alimentarias\u00a0<\/span><a href=\"https:\/\/news.un.org\/es\/story\/2024\/11\/1534161\" target=\"_blank\" rel=\"nofollow noopener\"><span lang=\"ES\">alert\u00f3<\/span><\/a><span lang=\"ES\">\u00a0que es probable que ya se est\u00e9 experimentando\u00a0un estado de hambruna generalizada en el norte de Gaza.<\/span><span lang=\"ES\"> Evaluando la situaci\u00f3n humanitaria, <\/span><span lang=\"ES\">Philippe Lazzarini, <\/span><span lang=\"ES\">coordinador de la Agencia de Naciones Unidas para la Poblaci\u00f3n Refugiada de Palestina en Oriente Pr\u00f3ximo (UNRWA, sus iniciales en ingl\u00e9s), esta semana afirm\u00f3 a trav\u00e9s de las redes sociales que <\/span><span lang=\"ES\">\u201cel Estado de Israel ha convertido el hambre en un arma\u201d y que lo<\/span><span lang=\"ES\"> que se <\/span><span lang=\"ES\">permite entrar en Gaza es <\/span><span lang=\"ES\">\u201c<\/span><span lang=\"ES\">una media de poco m\u00e1s de 30 camiones al d\u00eda\u201d. Esta cantidad representa solo <\/span><span lang=\"ES\">el <\/span><span lang=\"ES\">6% de las necesidades esenciales <\/span><span lang=\"ES\">de la poblaci\u00f3n (<\/span><i><span lang=\"ES\"><a href=\"https:\/\/news.un.org\/es\/story\/2024\/11\/1534191\" target=\"_blank\" rel=\"nofollow noopener\">https:\/\/news.un.org\/es\/story\/2024\/11\/1534191<\/a><\/span><\/i><span lang=\"ES\">)<\/span><span lang=\"ES\">.<\/span><\/p>\n<p class=\"x_377866725ydpa6e55191yiv2343191306ydp87e0b9c2yiv3526388170ydpdf858MsoNormal\"><span lang=\"ES\">La UNRWA, que desde su fundaci\u00f3n en 1950 ha sido la principal organizaci\u00f3n internacional de apoyo a la poblaci\u00f3n palestina, sigue estando en el ojo del hurac\u00e1n debido a las sistem\u00e1ticas cr\u00edticas de Israel. El pasado 28 de octubre el Parlamento israel\u00ed aprob\u00f3 dos leyes que proh\u00edben actividades de esta agencia tanto en Israel como en Palestina. En su momento, Israel acus\u00f3 a una docena de los 13 mil empleados de la UNRWA en la Franja de haberse involucrado en los ataques del 7 de octubre de 2023. La UNRWA neg\u00f3 cualquier complicidad institucional con Ham\u00e1s y rescindi\u00f3 los contratos de esos empleados. Simult\u00e1neamente, ONU abri\u00f3 una investigaci\u00f3n sobre dichas acusaciones. La ofensiva pol\u00edtico-diplom\u00e1tica de Israel contra la agencia tuvo su impacto: muchos Estados redujeron en parte o cortaron totalmente su apoyo financiero a la UNRWA. Si bien algunos de ellos lo reestablecieron, la capacidad operativa de la agencia y aun su propia existencia se ven amenazadas por los m\u00faltiples obst\u00e1culos que debe enfrentar en el terreno para asegurar su cada d\u00eda m\u00e1s dif\u00edcil misi\u00f3n.<\/span><\/p>\n<h2 class=\"x_377866725ydpa6e55191yiv2343191306ydp87e0b9c2yiv3526388170ydpdf858MsoNormal\"><span lang=\"ES\">Seg\u00fan la ONU: Gaza \u201capocal\u00edptica\u201d<\/span><\/h2>\n<p class=\"x_377866725ydpa6e55191yiv2343191306ydp87e0b9c2yiv3526388170ydpdf858MsoNormal\"><span lang=\"ES\">Ante el aumento de los ataques contra los territorios palestinos, el 1 de noviembre los responsables de quince organizaciones de las Naciones Unidas publicaron una Declaraci\u00f3n exigiendo el cese de los ataques contra el pueblo palestino en Gaza y contra todos los agentes humanitarios que est\u00e1n tratando de ayudar. <\/span><\/p>\n<p class=\"x_377866725ydpa6e55191yiv2343191306ydp87e0b9c2yiv3526388170ydpdf858MsoNormal\"><span lang=\"ES\">Entre los firmantes se encuentran los directores generales de la Organizaci\u00f3n Mundial de la Salud (OMS); del\u00a0Alto Comisionado de las Naciones Unidas para los Refugiados (ACNUR); del Fondo de las Naciones Unidas para la Infancia (UNICEF); del Programa Mundial de Alimentos (WFP); del Alto Comisionado de las Naciones Unidas para los Derechos Humanos (ACNUDH), del Programa de las Naciones Unidas para el Desarrollo\u00a0(PNUD) y de la Organizaci\u00f3n Internacional de Migraciones (OIM). La suscriben tambi\u00e9n los responsables de ONU\/Mujeres; del Consejo Internacional de Agencia de Voluntarios; la\u00a0relatora especial de la Organizaci\u00f3n de las Naciones Unidas sobre los Derechos Humanos de los Desplazados Internos y la directora del Programa de Naciones Unidas para los Asentamientos\u00a0(UN-Habitat). La presidenta de la ONG internacional Oxfam se suma a la lista de signatarios (<\/span><i><span lang=\"ES\"><a href=\"https:\/\/www.who.int\/es\/news\/item\/01-11-2024-statement-by-principals-of-the-inter-agency-standing-committee---stop-the-assault-on-palestinians-in-gaza-and-on-those-trying-to-help-them\" target=\"_blank\" rel=\"nofollow noopener\">https:\/\/www.who.int\/es\/news\/item\/01-11-2024-statement-by-principals-of-the-inter-agency-standing-committee&#8212;stop-the-assault-on-palestinians-in-gaza-and-on-those-trying-to-help-them<\/a><\/span><\/i><span lang=\"ES\">).<\/span><\/p>\n<p class=\"x_377866725ydpa6e55191yiv2343191306ydp87e0b9c2yiv3526388170ydpdf858MsoNormal\"><span lang=\"ES\">Esta toma de posici\u00f3n conjunta insta \u201cnuevamente a que todas las partes involucradas en el conflicto en Gaza protejan a la poblaci\u00f3n civil\u201d y adem\u00e1s exigen que \u201cel Estado de Israel detenga sus ataques contra Gaza y contra el personal humanitario que trata de brindar asistencia\u201d. El documento considera como \u201capocal\u00edptica\u201d la situaci\u00f3n en el norte de la Franja, donde la poblaci\u00f3n no tiene acceso a asistencia b\u00e1sica ni a suministros vitales. La situaci\u00f3n m\u00e9dica es desastrosa debido a que \u201clos hospitales apenas reciben suministros; de hecho, se han convertido en blanco de ataque, de manera que han muerto pacientes, se han perdido equipos esenciales y se han interrumpido servicios vitales\u201d.<\/span><\/p>\n<p>Los promotores de la Declaraci\u00f3n sostienen que \u201cdecenas de escuelas que funcionaban como albergues han sido bombardeadas o evacuadas por la fuerza; tambi\u00e9n lo han sido las tiendas en las que se guarec\u00edan las familias desplazadas. De hecho, algunas personas han sido quemadas vivas. Los equipos de rescate sufrieron ataques deliberados; adem\u00e1s se han obstaculizado sus esfuerzos por rescatar a las personas que est\u00e1n bajo los escombros\u201d.<\/p>\n<p class=\"x_377866725ydpa6e55191yiv2343191306ydp87e0b9c2yiv3526388170ydpdf858MsoNormal\"><span lang=\"ES\">La vida y la infraestructura productiva de la Franja padecen, seg\u00fan la Declaraci\u00f3n, una situaci\u00f3n catastr\u00f3fica: \u201cLa poblaci\u00f3n civil, que hace lo posible por ponerse a salvo, tambi\u00e9n se ha convertido en un blanco; adem\u00e1s, hombres y ni\u00f1os est\u00e1n siendo detenidos y llevados a lugares cuya ubicaci\u00f3n se desconoce\u2026 El ganado est\u00e1 pereciendo, los cultivos est\u00e1n siendo destruidos, los \u00e1rboles est\u00e1n siendo arrasados por el fuego y la infraestructura agr\u00edcola ha sufrido graves da\u00f1os\u201d.<\/span><\/p>\n<p class=\"x_377866725ydpa6e55191yiv2343191306ydp87e0b9c2yiv3526388170ydpdf858MsoNormal\"><span lang=\"ES\">Realidad a\u00fan m\u00e1s complicada debido a que \u201clas restricciones impiden que la asistencia humanitaria satisfaga las enormes necesidades que existen. Los bienes b\u00e1sicos escasean. El personal humanitario corre peligro al cumplir con su labor; adem\u00e1s, la inseguridad y el ej\u00e9rcito israel\u00ed le impiden llegar a las personas que necesitan ayuda\u201d.<\/span><\/p>\n<h2 class=\"x_377866725ydpa6e55191yiv2343191306ydp87e0b9c2yiv3526388170ydpdf858MsoNormal\"><span lang=\"ES\">Israel viola el derecho internacional humanitario<\/span><\/h2>\n<p class=\"x_377866725ydpa6e55191yiv2343191306ydp87e0b9c2yiv3526388170ydpdf858MsoNormal\"><span lang=\"ES\">El pasado octubre, y en respuesta a la adopci\u00f3n de las nuevas leyes por parte del parlamento israel\u00ed que obstaculizan la labor de UNRWA y revocan la inmunidad y los privilegios de esta organizaci\u00f3n, la Declaraci\u00f3n de la ONU advierte que, de llevarse a la pr\u00e1ctica, \u201cestas medidas podr\u00edan traducirse en una cat\u00e1strofe para la respuesta humanitaria en Gaza, lo cual no solo contraviene el Estatuto de las Naciones Unidas; tambi\u00e9n podr\u00edan ser devastadoras las repercusiones para los derechos humanos de los millones de palestinos que dependen de la asistencia de UNRWA\u201d.<\/span><\/p>\n<p class=\"x_377866725ydpa6e55191yiv2343191306ydp87e0b9c2yiv3526388170ydpdf858MsoNormal\"><span lang=\"ES\">Adicionalmente, las diversas agencias que firman la Declaraci\u00f3n conjunta denuncian que estas leyes \u201cconstituyen un incumplimiento de las obligaciones de Israel conforme el derecho internacional\u201d. De all\u00ed que se pronuncien en\u00e9rgicamente: \u201cLo diremos claramente: nada puede sustituir a UNRWA. El flagrante desprecio por la humanidad y por las leyes de la guerra debe terminar\u201d. Debido a que \u201cla regi\u00f3n entera est\u00e1 al borde de un precipicio pol\u00edtico\u201d, concluye la Declaraci\u00f3n, es fundamental que cesen las hostilidades y se logre un alto el fuego sostenido.<\/span><\/p>\n<h2 class=\"x_377866725ydpa6e55191yiv2343191306ydp87e0b9c2yiv3526388170ydpdf858MsoNormal\"><span lang=\"ES\">Pasos para aliviar el sufrimiento<\/span><\/h2>\n<p class=\"x_377866725ydpa6e55191yiv2343191306ydp87e0b9c2yiv3526388170ydpdf858MsoNormal\"><span lang=\"ES\">Las agencias de la ONU anticipan una media docena de medidas inmediatas para reducir el impacto mort\u00edfero del conflicto: es necesario que cesen los ataques contra la poblaci\u00f3n y la infraestructura civil y que se garantice el acceso irrestricto a la ayuda humanitaria. Tan urgente como ello es que los bienes comerciales ingresen a Gaza. Adem\u00e1s, las personas heridas y enfermas deben recibir la atenci\u00f3n que necesitan; el personal m\u00e9dico y los hospitales no deben ser blanco de ning\u00fan ataque; no hay motivo para que los hospitales se conviertan en campos de batalla.<\/span><\/p>\n<p class=\"x_377866725ydpa6e55191yiv2343191306ydp87e0b9c2yiv3526388170ydpdf858MsoNormal\"><span lang=\"ES\">Las agencias de la ONU insisten en que se libere a la poblaci\u00f3n palestina detenida arbitrariamente e instan a Israel a cumplir con los fallos y las \u00f3rdenes provisionales de la Corte Internacional de Justicia. Al mismo tiempo, instan a Ham\u00e1s y a otros grupos palestinos armados a que liberen a los rehenes inmediatamente y a que observen el derecho humanitario internacional.<\/span><\/p>\n<p class=\"x_377866725ydpa6e55191yiv2343191306ydp87e0b9c2yiv3526388170ydpdf858MsoNormal\"><span lang=\"ES\">La reflexi\u00f3n final de la Declaraci\u00f3n de la ONU va dirigida a la comunidad internacional y a los pa\u00edses directamente involucrados en el suministro de los medios b\u00e9licos que atizan el conflicto en Medio Oriente: \u201cLos Estados miembro deben garantizar la observancia del derecho internacional, lo que incluye suspender el env\u00edo de armas cuando existe un riesgo claro de que \u00e9stas se utilicen en contravenci\u00f3n del derecho internacional\u201d.<\/span><\/p>\n<h2 class=\"x_377866725ydpa6e55191yiv2343191306ydp87e0b9c2yiv3526388170ydpdf858yiv6005285306ydp511e034emsonormal\"><span lang=\"ES\">Perspectiva deshumanizada<\/span><\/h2>\n<p class=\"x_377866725ydpa6e55191yiv2343191306ydp87e0b9c2yiv3526388170ydpdf858yiv6005285306ydp511e034emsonormal\"><span lang=\"ES\">A fines de octubre, una evaluaci\u00f3n del Programa de Naciones Unidas para el Desarrollo (PNUD) y la Comisi\u00f3n Econ\u00f3mica y Social de Naciones Unidas para Asia Occidental (CESPAO) estim\u00f3 que la pobreza en el Estado de Palestina en 2024 llegar\u00e1 al 74,3%, afectando a m\u00e1s de 4 millones de personas, incluidos 2.600.000 de nuevos pobres.\u00a0<\/span><\/p>\n<p class=\"x_377866725ydpa6e55191yiv2343191306ydp87e0b9c2yiv3526388170ydpdf858yiv6005285306ydp511e034emsonormal\"><span lang=\"ES\">Dicha evaluaci\u00f3n, titulada\u00a0<i>Gaza War: Expected socioeconomic impacts on the State of Palestine\u00a0(La guerra en Gaza: efectos socioecon\u00f3micos previstos en el Estado de Palestina<\/i>), tambi\u00e9n calcula que el producto interno bruto (PIB) este mismo a\u00f1o se contraer\u00e1 un 35,1% con respecto a un hipot\u00e9tico escenario sin guerra, y que el desempleo podr\u00eda alcanzar un 49,9%.\u00a0En el Estado de Palestina, proyecta el documento, el \u00cdndice de Desarrollo Humano retroceder\u00e1 24 a\u00f1os, y en la Franja de Gaza el retroceso igualar\u00e1 los niveles de 1955, es decir, hace 69 a\u00f1os.\u00a0<\/span><\/p>\n<p class=\"x_377866725ydpa6e55191yiv2343191306ydp87e0b9c2yiv3526388170ydpdf858yiv6005285306ydp511e034emsonormal\"><span lang=\"ES\">La situaci\u00f3n actual de Gaza, Palestina y el Medio Oriente escapa a toda l\u00f3gica y supera ampliamente los diagn\u00f3sticos m\u00e1s sombr\u00edos imaginables. Un conflicto en el que se est\u00e1 jugando mucho m\u00e1s que la propia sobrevivencia de millones de palestinos debido a que, como si se tratara de un Apocalipsis cotidiano, ya est\u00e1 dividiendo las aguas de la propia conciencia de la civilizaci\u00f3n humana.<\/span><\/p>","protected":false},"excerpt":{"rendered":"<p>El hambre se ha convertido en un arma de guerra contra la poblaci\u00f3n de Gaza. Se suma, as\u00ed, a la destrucci\u00f3n de infraestructura vital y a las casi 47.700 muertes gaz\u00edes desde que comenz\u00f3 la ofensiva militar israel\u00ed en octubre de 2023.<\/p>","protected":false},"author":24,"featured_media":63440,"comment_status":"closed","ping_status":"closed","sticky":false,"template":"","format":"standard","meta":{"footnotes":""},"categories":[4108],"tags":[],"class_list":["post-63438","post","type-post","status-publish","format-standard","has-post-thumbnail","hentry","category-el-apunte-de-sergio-ferrari"],"yoast_head":"<!-- This site is optimized with the Yoast SEO plugin v27.5 - https:\/\/yoast.com\/product\/yoast-seo-wordpress\/ -->\n<title>El hambre como arma letal en Gaza - Revista Rambla<\/title>\n<meta name=\"robots\" content=\"index, follow, max-snippet:-1, max-image-preview:large, max-video-preview:-1\" \/>\n<link rel=\"canonical\" href=\"https:\/\/www.revistarambla.com\/en\/el-hambre-como-arma-letal-en-gaza\/\" \/>\n<meta property=\"og:locale\" content=\"en_GB\" \/>\n<meta property=\"og:type\" content=\"article\" \/>\n<meta property=\"og:title\" content=\"El hambre como arma letal en Gaza - Revista Rambla\" \/>\n<meta property=\"og:description\" content=\"El hambre se ha convertido en un arma de guerra contra la poblaci\u00f3n de Gaza. Se suma, as\u00ed, a la destrucci\u00f3n de infraestructura vital y a las casi 47.700 muertes gaz\u00edes desde que comenz\u00f3 la ofensiva militar israel\u00ed en octubre de 2023.\" \/>\n<meta property=\"og:url\" content=\"https:\/\/www.revistarambla.com\/en\/el-hambre-como-arma-letal-en-gaza\/\" \/>\n<meta property=\"og:site_name\" content=\"Revista Rambla\" \/>\n<meta property=\"article:publisher\" content=\"https:\/\/www.facebook.com\/revistarambla\/\" \/>\n<meta property=\"article:author\" content=\"https:\/\/www.facebook.com\/sergio.ferrari.9655\" \/>\n<meta property=\"article:published_time\" content=\"2024-11-18T19:24:47+00:00\" \/>\n<meta property=\"article:modified_time\" content=\"2024-11-21T18:49:27+00:00\" \/>\n<meta property=\"og:image\" content=\"https:\/\/www.revistarambla.com\/wp-content\/uploads\/2024\/11\/Reparto-de-pan-a-los-gazaties-en-Deir-Al-Balah-en-la-parte-central-de-la-Franja-de-Gaza.-Foto-UNRWA.jpg\" \/>\n\t<meta property=\"og:image:width\" content=\"1170\" \/>\n\t<meta property=\"og:image:height\" content=\"530\" \/>\n\t<meta property=\"og:image:type\" content=\"image\/jpeg\" \/>\n<meta name=\"author\" content=\"Sergio Ferrari\" \/>\n<meta name=\"twitter:card\" content=\"summary_large_image\" \/>\n<meta name=\"twitter:creator\" content=\"@SergiooFerrari\" \/>\n<meta name=\"twitter:site\" content=\"@revistarambla\" \/>\n<meta name=\"twitter:label1\" content=\"Written by\" \/>\n\t<meta name=\"twitter:data1\" content=\"Sergio Ferrari\" \/>\n\t<meta name=\"twitter:label2\" content=\"Estimated reading time\" \/>\n\t<meta name=\"twitter:data2\" content=\"8 minutes\" \/>\n<script type=\"application\/ld+json\" class=\"yoast-schema-graph\">{\"@context\":\"https:\\\/\\\/schema.org\",\"@graph\":[{\"@type\":\"Article\",\"@id\":\"https:\\\/\\\/www.revistarambla.com\\\/el-hambre-como-arma-letal-en-gaza\\\/#article\",\"isPartOf\":{\"@id\":\"https:\\\/\\\/www.revistarambla.com\\\/el-hambre-como-arma-letal-en-gaza\\\/\"},\"author\":{\"name\":\"Sergio Ferrari\",\"@id\":\"https:\\\/\\\/www.revistarambla.com\\\/#\\\/schema\\\/person\\\/339e2410a25811f9912d8a8551fa5d96\"},\"headline\":\"El hambre como arma letal en Gaza\",\"datePublished\":\"2024-11-18T19:24:47+00:00\",\"dateModified\":\"2024-11-21T18:49:27+00:00\",\"mainEntityOfPage\":{\"@id\":\"https:\\\/\\\/www.revistarambla.com\\\/el-hambre-como-arma-letal-en-gaza\\\/\"},\"wordCount\":1779,\"publisher\":{\"@id\":\"https:\\\/\\\/www.revistarambla.com\\\/#organization\"},\"image\":{\"@id\":\"https:\\\/\\\/www.revistarambla.com\\\/el-hambre-como-arma-letal-en-gaza\\\/#primaryimage\"},\"thumbnailUrl\":\"https:\\\/\\\/www.revistarambla.com\\\/wp-content\\\/uploads\\\/2024\\\/11\\\/Reparto-de-pan-a-los-gazaties-en-Deir-Al-Balah-en-la-parte-central-de-la-Franja-de-Gaza.-Foto-UNRWA.jpg\",\"articleSection\":[\"El Apunte\"],\"inLanguage\":\"en-GB\"},{\"@type\":\"WebPage\",\"@id\":\"https:\\\/\\\/www.revistarambla.com\\\/el-hambre-como-arma-letal-en-gaza\\\/\",\"url\":\"https:\\\/\\\/www.revistarambla.com\\\/el-hambre-como-arma-letal-en-gaza\\\/\",\"name\":\"El hambre como arma letal en Gaza - Revista Rambla\",\"isPartOf\":{\"@id\":\"https:\\\/\\\/www.revistarambla.com\\\/#website\"},\"primaryImageOfPage\":{\"@id\":\"https:\\\/\\\/www.revistarambla.com\\\/el-hambre-como-arma-letal-en-gaza\\\/#primaryimage\"},\"image\":{\"@id\":\"https:\\\/\\\/www.revistarambla.com\\\/el-hambre-como-arma-letal-en-gaza\\\/#primaryimage\"},\"thumbnailUrl\":\"https:\\\/\\\/www.revistarambla.com\\\/wp-content\\\/uploads\\\/2024\\\/11\\\/Reparto-de-pan-a-los-gazaties-en-Deir-Al-Balah-en-la-parte-central-de-la-Franja-de-Gaza.-Foto-UNRWA.jpg\",\"datePublished\":\"2024-11-18T19:24:47+00:00\",\"dateModified\":\"2024-11-21T18:49:27+00:00\",\"breadcrumb\":{\"@id\":\"https:\\\/\\\/www.revistarambla.com\\\/el-hambre-como-arma-letal-en-gaza\\\/#breadcrumb\"},\"inLanguage\":\"en-GB\",\"potentialAction\":[{\"@type\":\"ReadAction\",\"target\":[\"https:\\\/\\\/www.revistarambla.com\\\/el-hambre-como-arma-letal-en-gaza\\\/\"]}]},{\"@type\":\"ImageObject\",\"inLanguage\":\"en-GB\",\"@id\":\"https:\\\/\\\/www.revistarambla.com\\\/el-hambre-como-arma-letal-en-gaza\\\/#primaryimage\",\"url\":\"https:\\\/\\\/www.revistarambla.com\\\/wp-content\\\/uploads\\\/2024\\\/11\\\/Reparto-de-pan-a-los-gazaties-en-Deir-Al-Balah-en-la-parte-central-de-la-Franja-de-Gaza.-Foto-UNRWA.jpg\",\"contentUrl\":\"https:\\\/\\\/www.revistarambla.com\\\/wp-content\\\/uploads\\\/2024\\\/11\\\/Reparto-de-pan-a-los-gazaties-en-Deir-Al-Balah-en-la-parte-central-de-la-Franja-de-Gaza.-Foto-UNRWA.jpg\",\"width\":1170,\"height\":530,\"caption\":\"hambre gaza\"},{\"@type\":\"BreadcrumbList\",\"@id\":\"https:\\\/\\\/www.revistarambla.com\\\/el-hambre-como-arma-letal-en-gaza\\\/#breadcrumb\",\"itemListElement\":[{\"@type\":\"ListItem\",\"position\":1,\"name\":\"Portada\",\"item\":\"https:\\\/\\\/www.revistarambla.com\\\/\"},{\"@type\":\"ListItem\",\"position\":2,\"name\":\"El hambre como arma letal en Gaza\"}]},{\"@type\":\"WebSite\",\"@id\":\"https:\\\/\\\/www.revistarambla.com\\\/#website\",\"url\":\"https:\\\/\\\/www.revistarambla.com\\\/\",\"name\":\"Revista Rambla Barcelona\",\"description\":\"Periodismo independiente\",\"publisher\":{\"@id\":\"https:\\\/\\\/www.revistarambla.com\\\/#organization\"},\"potentialAction\":[{\"@type\":\"SearchAction\",\"target\":{\"@type\":\"EntryPoint\",\"urlTemplate\":\"https:\\\/\\\/www.revistarambla.com\\\/?s={search_term_string}\"},\"query-input\":{\"@type\":\"PropertyValueSpecification\",\"valueRequired\":true,\"valueName\":\"search_term_string\"}}],\"inLanguage\":\"en-GB\"},{\"@type\":\"Organization\",\"@id\":\"https:\\\/\\\/www.revistarambla.com\\\/#organization\",\"name\":\"Revista Rambla\",\"url\":\"https:\\\/\\\/www.revistarambla.com\\\/\",\"logo\":{\"@type\":\"ImageObject\",\"inLanguage\":\"en-GB\",\"@id\":\"https:\\\/\\\/www.revistarambla.com\\\/#\\\/schema\\\/logo\\\/image\\\/\",\"url\":\"https:\\\/\\\/www.revistarambla.com\\\/wp-content\\\/uploads\\\/2020\\\/09\\\/banner_rambla_1900x600_BB.png\",\"contentUrl\":\"https:\\\/\\\/www.revistarambla.com\\\/wp-content\\\/uploads\\\/2020\\\/09\\\/banner_rambla_1900x600_BB.png\",\"width\":1900,\"height\":600,\"caption\":\"Revista Rambla\"},\"image\":{\"@id\":\"https:\\\/\\\/www.revistarambla.com\\\/#\\\/schema\\\/logo\\\/image\\\/\"},\"sameAs\":[\"https:\\\/\\\/www.facebook.com\\\/revistarambla\\\/\",\"https:\\\/\\\/x.com\\\/revistarambla\",\"https:\\\/\\\/www.instagram.com\\\/revista_rambla\",\"https:\\\/\\\/es.linkedin.com\\\/company\\\/revista-rambla\"]},{\"@type\":\"Person\",\"@id\":\"https:\\\/\\\/www.revistarambla.com\\\/#\\\/schema\\\/person\\\/339e2410a25811f9912d8a8551fa5d96\",\"name\":\"Sergio Ferrari\",\"description\":\"Periodista argentino radicado en Berna, Suiza. Acreditado ante el Gobierno suizo. Colaborador regular de numerosos medios latinoamericanos y europeos.\",\"sameAs\":[\"https:\\\/\\\/www.voltairenet.org\\\/auteur120173.html?lang=es\",\"https:\\\/\\\/www.facebook.com\\\/sergio.ferrari.9655\",\"https:\\\/\\\/x.com\\\/SergiooFerrari\"]}]}<\/script>\n<!-- \/ Yoast SEO plugin. -->","yoast_head_json":{"title":"El hambre como arma letal en Gaza - Revista Rambla","robots":{"index":"index","follow":"follow","max-snippet":"max-snippet:-1","max-image-preview":"max-image-preview:large","max-video-preview":"max-video-preview:-1"},"canonical":"https:\/\/www.revistarambla.com\/en\/el-hambre-como-arma-letal-en-gaza\/","og_locale":"en_GB","og_type":"article","og_title":"El hambre como arma letal en Gaza - Revista Rambla","og_description":"El hambre se ha convertido en un arma de guerra contra la poblaci\u00f3n de Gaza. Se suma, as\u00ed, a la destrucci\u00f3n de infraestructura vital y a las casi 47.700 muertes gaz\u00edes desde que comenz\u00f3 la ofensiva militar israel\u00ed en octubre de 2023.","og_url":"https:\/\/www.revistarambla.com\/en\/el-hambre-como-arma-letal-en-gaza\/","og_site_name":"Revista Rambla","article_publisher":"https:\/\/www.facebook.com\/revistarambla\/","article_author":"https:\/\/www.facebook.com\/sergio.ferrari.9655","article_published_time":"2024-11-18T19:24:47+00:00","article_modified_time":"2024-11-21T18:49:27+00:00","og_image":[{"width":1170,"height":530,"url":"https:\/\/www.revistarambla.com\/wp-content\/uploads\/2024\/11\/Reparto-de-pan-a-los-gazaties-en-Deir-Al-Balah-en-la-parte-central-de-la-Franja-de-Gaza.-Foto-UNRWA.jpg","type":"image\/jpeg"}],"author":"Sergio Ferrari","twitter_card":"summary_large_image","twitter_creator":"@SergiooFerrari","twitter_site":"@revistarambla","twitter_misc":{"Written by":"Sergio Ferrari","Estimated reading time":"8 minutes"},"schema":{"@context":"https:\/\/schema.org","@graph":[{"@type":"Article","@id":"https:\/\/www.revistarambla.com\/el-hambre-como-arma-letal-en-gaza\/#article","isPartOf":{"@id":"https:\/\/www.revistarambla.com\/el-hambre-como-arma-letal-en-gaza\/"},"author":{"name":"Sergio Ferrari","@id":"https:\/\/www.revistarambla.com\/#\/schema\/person\/339e2410a25811f9912d8a8551fa5d96"},"headline":"El hambre como arma letal en Gaza","datePublished":"2024-11-18T19:24:47+00:00","dateModified":"2024-11-21T18:49:27+00:00","mainEntityOfPage":{"@id":"https:\/\/www.revistarambla.com\/el-hambre-como-arma-letal-en-gaza\/"},"wordCount":1779,"publisher":{"@id":"https:\/\/www.revistarambla.com\/#organization"},"image":{"@id":"https:\/\/www.revistarambla.com\/el-hambre-como-arma-letal-en-gaza\/#primaryimage"},"thumbnailUrl":"https:\/\/www.revistarambla.com\/wp-content\/uploads\/2024\/11\/Reparto-de-pan-a-los-gazaties-en-Deir-Al-Balah-en-la-parte-central-de-la-Franja-de-Gaza.-Foto-UNRWA.jpg","articleSection":["El Apunte"],"inLanguage":"en-GB"},{"@type":"WebPage","@id":"https:\/\/www.revistarambla.com\/el-hambre-como-arma-letal-en-gaza\/","url":"https:\/\/www.revistarambla.com\/el-hambre-como-arma-letal-en-gaza\/","name":"El hambre como arma letal en Gaza - Revista Rambla","isPartOf":{"@id":"https:\/\/www.revistarambla.com\/#website"},"primaryImageOfPage":{"@id":"https:\/\/www.revistarambla.com\/el-hambre-como-arma-letal-en-gaza\/#primaryimage"},"image":{"@id":"https:\/\/www.revistarambla.com\/el-hambre-como-arma-letal-en-gaza\/#primaryimage"},"thumbnailUrl":"https:\/\/www.revistarambla.com\/wp-content\/uploads\/2024\/11\/Reparto-de-pan-a-los-gazaties-en-Deir-Al-Balah-en-la-parte-central-de-la-Franja-de-Gaza.-Foto-UNRWA.jpg","datePublished":"2024-11-18T19:24:47+00:00","dateModified":"2024-11-21T18:49:27+00:00","breadcrumb":{"@id":"https:\/\/www.revistarambla.com\/el-hambre-como-arma-letal-en-gaza\/#breadcrumb"},"inLanguage":"en-GB","potentialAction":[{"@type":"ReadAction","target":["https:\/\/www.revistarambla.com\/el-hambre-como-arma-letal-en-gaza\/"]}]},{"@type":"ImageObject","inLanguage":"en-GB","@id":"https:\/\/www.revistarambla.com\/el-hambre-como-arma-letal-en-gaza\/#primaryimage","url":"https:\/\/www.revistarambla.com\/wp-content\/uploads\/2024\/11\/Reparto-de-pan-a-los-gazaties-en-Deir-Al-Balah-en-la-parte-central-de-la-Franja-de-Gaza.-Foto-UNRWA.jpg","contentUrl":"https:\/\/www.revistarambla.com\/wp-content\/uploads\/2024\/11\/Reparto-de-pan-a-los-gazaties-en-Deir-Al-Balah-en-la-parte-central-de-la-Franja-de-Gaza.-Foto-UNRWA.jpg","width":1170,"height":530,"caption":"hambre gaza"},{"@type":"BreadcrumbList","@id":"https:\/\/www.revistarambla.com\/el-hambre-como-arma-letal-en-gaza\/#breadcrumb","itemListElement":[{"@type":"ListItem","position":1,"name":"Portada","item":"https:\/\/www.revistarambla.com\/"},{"@type":"ListItem","position":2,"name":"El hambre como arma letal en Gaza"}]},{"@type":"WebSite","@id":"https:\/\/www.revistarambla.com\/#website","url":"https:\/\/www.revistarambla.com\/","name":"Revista Rambla Barcelona","description":"Periodismo independiente","publisher":{"@id":"https:\/\/www.revistarambla.com\/#organization"},"potentialAction":[{"@type":"SearchAction","target":{"@type":"EntryPoint","urlTemplate":"https:\/\/www.revistarambla.com\/?s={search_term_string}"},"query-input":{"@type":"PropertyValueSpecification","valueRequired":true,"valueName":"search_term_string"}}],"inLanguage":"en-GB"},{"@type":"Organization","@id":"https:\/\/www.revistarambla.com\/#organization","name":"Revista Rambla","url":"https:\/\/www.revistarambla.com\/","logo":{"@type":"ImageObject","inLanguage":"en-GB","@id":"https:\/\/www.revistarambla.com\/#\/schema\/logo\/image\/","url":"https:\/\/www.revistarambla.com\/wp-content\/uploads\/2020\/09\/banner_rambla_1900x600_BB.png","contentUrl":"https:\/\/www.revistarambla.com\/wp-content\/uploads\/2020\/09\/banner_rambla_1900x600_BB.png","width":1900,"height":600,"caption":"Revista Rambla"},"image":{"@id":"https:\/\/www.revistarambla.com\/#\/schema\/logo\/image\/"},"sameAs":["https:\/\/www.facebook.com\/revistarambla\/","https:\/\/x.com\/revistarambla","https:\/\/www.instagram.com\/revista_rambla","https:\/\/es.linkedin.com\/company\/revista-rambla"]},{"@type":"Person","@id":"https:\/\/www.revistarambla.com\/#\/schema\/person\/339e2410a25811f9912d8a8551fa5d96","name":"Sergio Ferrari","description":"Periodista argentino radicado en Berna, Suiza. Acreditado ante el Gobierno suizo. Colaborador regular de numerosos medios latinoamericanos y europeos.","sameAs":["https:\/\/www.voltairenet.org\/auteur120173.html?lang=es","https:\/\/www.facebook.com\/sergio.ferrari.9655","https:\/\/x.com\/SergiooFerrari"]}]}},"_links":{"self":[{"href":"https:\/\/www.revistarambla.com\/en\/wp-json\/wp\/v2\/posts\/63438","targetHints":{"allow":["GET"]}}],"collection":[{"href":"https:\/\/www.revistarambla.com\/en\/wp-json\/wp\/v2\/posts"}],"about":[{"href":"https:\/\/www.revistarambla.com\/en\/wp-json\/wp\/v2\/types\/post"}],"author":[{"embeddable":true,"href":"https:\/\/www.revistarambla.com\/en\/wp-json\/wp\/v2\/users\/24"}],"replies":[{"embeddable":true,"href":"https:\/\/www.revistarambla.com\/en\/wp-json\/wp\/v2\/comments?post=63438"}],"version-history":[{"count":2,"href":"https:\/\/www.revistarambla.com\/en\/wp-json\/wp\/v2\/posts\/63438\/revisions"}],"predecessor-version":[{"id":63487,"href":"https:\/\/www.revistarambla.com\/en\/wp-json\/wp\/v2\/posts\/63438\/revisions\/63487"}],"wp:featuredmedia":[{"embeddable":true,"href":"https:\/\/www.revistarambla.com\/en\/wp-json\/wp\/v2\/media\/63440"}],"wp:attachment":[{"href":"https:\/\/www.revistarambla.com\/en\/wp-json\/wp\/v2\/media?parent=63438"}],"wp:term":[{"taxonomy":"category","embeddable":true,"href":"https:\/\/www.revistarambla.com\/en\/wp-json\/wp\/v2\/categories?post=63438"},{"taxonomy":"post_tag","embeddable":true,"href":"https:\/\/www.revistarambla.com\/en\/wp-json\/wp\/v2\/tags?post=63438"}],"curies":[{"name":"wp","href":"https:\/\/api.w.org\/{rel}","templated":true}]}}